{"id":202205,"date":"2020-08-31T18:12:10","date_gmt":"2020-08-31T18:12:10","guid":{"rendered":"https:\/\/www.meydan.tv\/article\/deyir-nergiz-pasayevanin-komekcisiyem-istediyin-yere-sikayet-ele\/"},"modified":"2020-08-31T18:12:10","modified_gmt":"2020-08-31T18:12:10","slug":"deyir-nergiz-pasayevanin-komekcisiyem-istediyin-yere-sikayet-ele","status":"publish","type":"post","link":"https:\/\/www.meydan.tv\/az\/article\/deyir-nergiz-pasayevanin-komekcisiyem-istediyin-yere-sikayet-ele\/","title":{"rendered":"\u201cDeyir, N\u0259rgiz Pa\u015fayevan\u0131n k\u00f6m\u0259k\u00e7isiy\u0259m, ist\u0259diyin yer\u0259 \u015fikay\u0259t el\u0259&#8230;\u201d"},"content":{"rendered":"<p>\n  <i><br \/>\n    G\u00f6zd\u0259n \u0259lil olan \u015f\u0259xs qar\u015f\u0131 t\u0259r\u0259fin m\u0259suliyy\u0259td\u0259n yay\u0131nd\u0131\u011f\u0131n\u0131 deyir<br \/>\n  <\/i>\n<\/p>\n<p>\n  \u201cQohumun 14 ya\u015fl\u0131 o\u011flu g\u00f6z\u00fcm\u00fcn i\u00e7in\u0259 \u201cz\u0131rpaket\u201d at\u0131b, m\u0259ni kor edib. G\u00f6z\u00fcmd\u0259 iki d\u0259f\u0259 \u0259m\u0259liyyat apar\u0131l\u0131b, daha iki \u0259m\u0259liyyat laz\u0131md\u0131r. Tezlikl\u0259 \u0259m\u0259liyyat olunmasam, ikinci g\u00f6z\u00fcm d\u0259 kor olacaq. U\u015fa\u011f\u0131n atas\u0131 \u00dcNS Teatr\u0131n\u0131n i\u015f\u00e7isidir. Deyir, N\u0259rgiz Pa\u015fayevan\u0131n k\u00f6m\u0259k\u00e7isiy\u0259m, \u0259lin \u00e7atan yer\u0259 \u015fikay\u0259t et, prinsip\u0259 durub s\u0259n\u0259 qara q\u0259pik d\u0259 \u00f6d\u0259m\u0259y\u0259c\u0259m\u201d.\n<\/p>\n<p>\n  Bak\u0131n\u0131n Suraxan\u0131 rayonunda ya\u015fayan Elxan Babayev Meydan TV-y\u0259 ba\u015f\u0131na g\u0259l\u0259nl\u0259rd\u0259n dan\u0131\u015f\u0131r. Dem\u0259sin\u0259 g\u00f6r\u0259, \u00f6t\u0259n ilin ilk g\u00fcn\u00fcnd\u0259 yax\u0131n qohumunun evin\u0259 qonaq getm\u0259si onu d\u00fcnya i\u015f\u0131\u011f\u0131na h\u0259sr\u0259t qoyub.1 il 8 ayd\u0131r ki, polisin, m\u0259hk\u0259m\u0259nin qap\u0131s\u0131nda qal\u0131b. Ancaq yax\u0131n qohumu \u0259m\u0259liyyata g\u00f6r\u0259 ona maddi yard\u0131m etmir. N\u0259tic\u0259d\u0259 Elxan Babayev dig\u0259r g\u00f6z\u00fcn\u00fc d\u0259 itirm\u0259k t\u0259hl\u00fck\u0259siyl\u0259 \u00fcz-\u00fcz\u0259 qal\u0131b.\n<\/p>\n<p>\n  <b><br \/>\n    \u201cG\u00f6z\u00fcm\u00fcn i\u00e7in\u0259 \u201cz\u0131rpaket\u201d atd\u0131\u201d<br \/>\n  <\/b>\n<\/p>\n<p>\n  \u201cHadis\u0259 2019-cu ilin 1 yanvar\u0131nda ba\u015f verib. Yax\u0131n qohumum B\u0259hram \u0130smay\u0131lov z\u0259ng vuraraq h\u0259min g\u00fcn m\u0259ni evin\u0259 qonaq \u00e7a\u011f\u0131rd\u0131. M\u0259n d\u0259 ail\u0259mi y\u0131\u011f\u0131b Masaz\u0131ra \u2013 B\u0259hram\u0131n evin\u0259 getdim. Oraya qonaq qismind\u0259 g\u0259l\u0259n ba\u015fqa qohumlar da vard\u0131. Ev sahibinin o\u011flu Mira\u011fa h\u0259y\u0259td\u0259 \u201cz\u0131rpaket\u201d partlad\u0131rd\u0131. M\u0259n bunu bil\u0259nd\u0259 \u00e7\u0131xd\u0131m ki, \u00f6z u\u015faqlar\u0131m\u0131 ev\u0259 \u00e7a\u011f\u0131r\u0131m. Mira\u011fa m\u0259n\u0259 t\u0259r\u0259f iki d\u0259f\u0259 \u201cz\u0131rpaket\u201d yand\u0131r\u0131b atd\u0131. Birincisi aya\u011f\u0131m\u0131n alt\u0131na d\u00fc\u015fd\u00fc, ikincisi g\u00f6z\u00fcm\u00fcn i\u00e7ind\u0259 partlad\u0131\u201d, &#8211; \u015fikay\u0259t\u00e7i deyir.\n<\/p>\n<p>\n  Elxan Babayevin s\u00f6zl\u0259rin\u0259 g\u00f6r\u0259, B\u0259hram \u0130smay\u0131lov v\u0259 orada olan ba\u015fqa bir qohumu onu Z\u0259rif\u0259 \u018fliyeva ad\u0131na g\u00f6z x\u0259st\u0259xanas\u0131na g\u00f6t\u00fcr\u00fcbl\u0259r. Bir ne\u00e7\u0259 g\u00fcnd\u0259n sonra is\u0259 z\u0259d\u0259l\u0259nmi\u015f g\u00f6z \u0259m\u0259liyyat olunub.\n<\/p>\n<p>\n  <b><br \/>\n    \u201cBir g\u00f6z\u00fcm kordur, dig\u0259r g\u00f6z\u00fcm d\u0259 tutulur\u201d<br \/>\n  <\/b>\n<\/p>\n<p>\n  \u201cM\u00fct\u0259x\u0259ssisl\u0259r m\u00fcayin\u0259 edib bildirdil\u0259r ki, g\u00f6z tamamil\u0259 z\u0259d\u0259l\u0259nib, h\u0259min g\u00f6z\u00fcm\u0259 aparat yerl\u0259\u015fdirdil\u0259r. \u018fm\u0259liyyat\u0131n x\u0259rcini \u00f6z\u00fcm \u00e7\u0259kdim. U\u015fa\u011f\u0131n atas\u0131 c\u0259mi 150 manat verdi. O pul d\u0259rmanlar\u0131m\u0131n he\u00e7 c\u00fczi hiss\u0259sini d\u0259 \u00f6d\u0259m\u0259di. G\u00f6z\u00fcmd\u0259 iki d\u0259f\u0259 \u0259m\u0259liyyat apar\u0131l\u0131b, he\u00e7 birin\u0259 maddi d\u0259st\u0259k olmay\u0131b. Aylard\u0131r ki, ikinci g\u00f6z\u00fcm d\u0259 s\u0131radan \u00e7\u0131x\u0131r. D\u0259f\u0259l\u0259rl\u0259 xahi\u015f el\u0259dim ki, he\u00e7 olmasa \u0259m\u0259liyyat\u0131m\u0131n x\u0259rcinin bir hiss\u0259sin\u0259 yard\u0131m\u00e7\u0131 olsun, olmad\u0131. Dedi, \u00fcmumiyy\u0259tl\u0259, s\u0259nin g\u00f6z\u00fcn\u00fcn bu v\u0259ziyy\u0259t\u0259 d\u00fc\u015fm\u0259sinin biziml\u0259 \u0259laq\u0259si yoxdur, get, \u0259vv\u0259l s\u00fcbut el\u0259 ki, g\u00f6z\u00fcn\u00fc o\u011flum kor edib. \u018flind\u0259 s\u00fcbutun yoxdur\u201d, &#8211; Elxan Babayev dan\u0131\u015f\u0131r.\n<\/p>\n<p>\n  V\u0259ziyy\u0259ti bel\u0259 g\u00f6r\u0259n Elxan Babayev d\u0259 qohumlu\u011fu, haqq-salam\u0131 k\u0259nara ataraq N\u0259simi Rayon Polis \u0130dar\u0259sinin 19-cu polis b\u00f6lm\u0259sin\u0259 \u0259riz\u0259yl\u0259 m\u00fcraci\u0259t edib. \u018friz\u0259 ara\u015fd\u0131r\u0131l\u0131b, t\u0259r\u0259fl\u0259rin izahat\u0131 al\u0131n\u0131b v\u0259 q\u0259rar \u00e7\u0131xar\u0131l\u0131b ki, hadis\u0259ni Mira\u011fa \u0130smay\u0131lov t\u00f6r\u0259dib, ancaq 14 ya\u015f\u0131nda olmas\u0131 onu cinay\u0259t m\u0259suliyy\u0259tind\u0259n azad edir.\n<\/p>\n<p>\n  <b><br \/>\n    \u201c\u0130mkan\u0131 ola-ola g\u00f6z \u0259m\u0259liyyat\u0131ma k\u00f6m\u0259k el\u0259mir\u201d<br \/>\n  <\/b>\n<\/p>\n<p>\n  \u015eikay\u0259t\u00e7i dan\u0131\u015f\u0131r:\n<\/p>\n<p>\n  \u201cB\u0259hram \u0130smay\u0131lov q\u0259rarla raz\u0131la\u015fmay\u0131b, q\u0259rardan \u015fikay\u0259t etdi. Q\u0259rar l\u0259\u011fv edildi, i\u015f yenid\u0259n ara\u015fd\u0131r\u0131lmas\u0131 \u00fc\u00e7\u00fcn N\u0259simi Rayon Polis \u0130dar\u0259sin\u0259 g\u00f6nd\u0259rildi. Bir m\u00fcdd\u0259td\u0259n sonra yen\u0259 d\u0259 eyni m\u0259zmunlu q\u0259rar \u00e7\u0131xar\u0131ld\u0131. B\u0259hram \u0130smay\u0131lov yen\u0259 q\u0259rardan \u015fikay\u0259t etdi. Bel\u0259c\u0259, N\u0259simi polisind\u0259 d\u00f6rd d\u0259f\u0259 q\u0259rar \u00e7\u0131xar\u0131ld\u0131, ham\u0131s\u0131nda da g\u00f6z\u00fcm\u00fcn kor olmas\u0131n\u0131n s\u0259b\u0259bkar\u0131n\u0131n B\u0259hram\u0131n o\u011flu olmas\u0131 t\u0259sdiql\u0259ndi. N\u0259hay\u0259t, m\u0259n N\u0259simi Rayon M\u0259hk\u0259m\u0259sin\u0259 m\u00fcraci\u0259t etdim. U\u015fa\u011fa cinay\u0259t i\u015fi d\u00fc\u015fm\u00fcr, anlad\u0131q, ancaq bu hadis\u0259ni u\u015fa\u011f\u0131n t\u00f6r\u0259tdiyini polis d\u0259 t\u0259sdiql\u0259yib ax\u0131&#8230; M\u0259hk\u0259m\u0259d\u0259 iddia qald\u0131rd\u0131m ki, u\u015fa\u011f\u0131n valideyni m\u0259nim \u0259m\u0259liyyat x\u0259rcimi \u00f6d\u0259sin\u201d.\n<\/p>\n<p>\n  <b><br \/>\n    \u201cN\u0259rgiz Pa\u015fayevan\u0131n ad\u0131ndan istifad\u0259 edir\u201d<br \/>\n  <\/b>\n<\/p>\n<p>\n  \u00d6t\u0259n ilin oktyabr\u0131nda Elxan Babayev Bin\u0259q\u0259di Rayon M\u0259hk\u0259m\u0259sind\u0259 B\u0259hram \u0130smay\u0131lova qar\u015f\u0131 pul t\u0259l\u0259bin\u0259 dair iddia qald\u0131r\u0131b. O, B\u0259hram \u0130smay\u0131lovdan g\u00f6z\u00fcn\u00fcn \u0259m\u0259liyyat\u0131na v\u0259 x\u0259st\u0259xana x\u0259rcl\u0259rin\u0259 g\u00f6r\u0259 1050, t\u0259krar \u0259m\u0259liyyat \u00fc\u00e7\u00fcn 7500, i\u015fl\u0259m\u0259diyi aylar \u00fc\u00e7\u00fcn 3600 manat t\u0259l\u0259b edib. Cavabdehin n\u00fcmay\u0259nd\u0259l\u0259ri iddia t\u0259l\u0259bini \u0259sass\u0131z sayaraq, hakimd\u0259n iddian\u0131n r\u0259dd edilm\u0259sini ist\u0259yibl\u0259r. M\u0259hk\u0259m\u0259 iddia\u00e7\u0131n\u0131n t\u0259l\u0259bini qism\u0259n t\u0259min edib. Cavabdeh t\u0259r\u0259find\u0259n iddia\u00e7\u0131ya d\u0259ymi\u015f z\u0259r\u0259r kimi 7500 manat \u00f6d\u0259nilm\u0259si, 30 manat m\u0259hk\u0259m\u0259 r\u00fcsumu tutulmas\u0131 il\u0259 ba\u011fl\u0131 Q\u0259tnam\u0259 \u00e7\u0131xar\u0131b. H\u0259r iki t\u0259r\u0259f Q\u0259tnam\u0259 il\u0259 raz\u0131la\u015fmayaraq apelyasiya \u015fikay\u0259ti verib. Elxan Babayev iddias\u0131n\u0131n tam t\u0259min olunmas\u0131n\u0131, B\u0259hram \u0130smay\u0131lov is\u0259 birinci instansiya m\u0259hk\u0259m\u0259sinin Q\u0259tnam\u0259sinin l\u0259\u011fv edilm\u0259sini ist\u0259yib. Bak\u0131 Apelyasiya M\u0259hk\u0259m\u0259si t\u0259r\u0259fl\u0259rin \u015fikay\u0259tl\u0259rini birl\u0259\u015fdir\u0259r\u0259k i\u015f\u0259 eyni icraatda bax\u0131b. Elxan Babayevin apelyasiya \u015fikay\u0259ti t\u0259min olunmay\u0131b. B\u0259hram \u0130smay\u0131lovun apelyasiya \u015fikay\u0259ti is\u0259 t\u0259min olunub, birinci instansiya m\u0259hk\u0259m\u0259sind\u0259ki Q\u0259tnam\u0259nin iddia\u00e7\u0131ya 7500 manat \u00f6d\u0259nilm\u0259si v\u0259 30 manat r\u00fcs\u00fcmla ba\u011fl\u0131 hiss\u0259si l\u0259\u011fv olunub.\n<\/p>\n<p>\n  Elxan Babayev deyir, B\u0259hram \u0130smay\u0131lov i\u015fl\u0259diyi Teatr\u0131n r\u0259hb\u0259rliyinin ad\u0131ndan sui-istifad\u0259 edir:\n<\/p>\n<p>\n  \u201cDeyir, N\u0259rgiz Pa\u015fayevan\u0131n k\u00f6m\u0259k\u00e7isiy\u0259m, hara \u015fikay\u0259t ets\u0259n, N\u0259rgiz xan\u0131m\u0131n bir z\u0259ngi il\u0259 m\u0259nim xeyrim\u0259 h\u0259ll olunacaq. S\u0259s yaz\u0131lar\u0131 da var, N\u0259rgiz xan\u0131m m\u0259ni q\u0259bul el\u0259sin, i\u015f\u00e7isinin onun ad\u0131ndan istifad\u0259 etm\u0259si il\u0259 ba\u011fl\u0131 dedikl\u0259rini telefonun yadda\u015f\u0131na yazm\u0131\u015fam, dinl\u0259sin\u201d.\n<\/p>\n<p>\n  <b><br \/>\n    \u015eikay\u0259t\u0259 bax\u0131lmas\u0131 1 ay 20 g\u00fcn ert\u0259l\u0259nib<br \/>\n  <\/b>\n<\/p>\n<p>\n  Avqustun 19-da Ali M\u0259hk\u0259m\u0259d\u0259 Elxan Babayevin kassasiya \u015fikay\u0259ti il\u0259 ba\u011fl\u0131 iclasda hakim G\u00fcnd\u00fcz Quliyev kassasiya \u015fikay\u0259tin\u0259 bax\u0131lmas\u0131n\u0131 oktyabr\u0131n 7-d\u0259k ert\u0259l\u0259yib. Bu, \u015fikay\u0259t\u00e7inin naraz\u0131l\u0131\u011f\u0131na s\u0259b\u0259b olub. Elxan Babayev:\n<\/p>\n<p>\n  \u201c\u018fvv\u0259lc\u0259 dedi, bar\u0131\u015f\u0131n, dedim, bizimki bar\u0131\u015f\u0131qdan ke\u00e7ib, qar\u015f\u0131 t\u0259r\u0259f i\u015fi o q\u0259d\u0259r uzatd\u0131 ki, birinci g\u00f6z\u00fcm m\u0259hv oldu, art\u0131q ikinci g\u00f6z\u00fcm\u00fcn d\u0259 \u0259m\u0259liyyat\u0131 gecikir. Bu adam g\u00f6z\u00fcm\u00fc \u0259m\u0259liyyat etdirsin, m\u0259nim ondan ba\u015fqa ist\u0259y\u0259c\u0259yim bir \u015fey yoxdur. Hakim he\u00e7 bir s\u0259b\u0259b olmadan kasassiya \u015fikay\u0259tin\u0259 bax\u0131lmas\u0131n\u0131 1 ay 20 g\u00fcnd\u0259n sonraya saxlad\u0131. Halbuki, m\u0259n bu kassasiya \u015fikay\u0259tini 6 ay \u0259vv\u0259l vermi\u015f\u0259m, \u00e7oxdan bax\u0131l\u0131b q\u0259rar verilm\u0259li idi. \u0130ndi d\u0259 1 ay 20 g\u00fcnd\u0259n sonraya saxlamas\u0131nda m\u0259qs\u0259d d\u0259 qar\u015f\u0131 t\u0259r\u0259f\u0259 vaxt qazandirmaqd\u0131r ki, qar\u015f\u0131 t\u0259r\u0259f gedib polisin q\u0259rar\u0131n\u0131 l\u0259\u011fv el\u0259tdirsin. Hakim\u0259 sual verir\u0259m ki, b\u00fct\u00fcn r\u0259smi s\u00fcbutlar\u0131m \u0259limd\u0259 ola-ola niy\u0259 i\u015fi bu q\u0259d\u0259r uzad\u0131rs\u0131z? Deyir, i\u015fim\u0259 qar\u0131\u015fma&#8230;\u201d\n<\/p>\n<p>\n  B\u0259hram \u0130smay\u0131lov is\u0259 deyil\u0259nl\u0259ri yalanlay\u0131r. Deyir ki, Elxan Babayev onun bacana\u011f\u0131d\u0131r. Hadis\u0259 zaman\u0131 qay\u0131n\u0131 da orada olub:\n<\/p>\n<p>\n  \u201cM\u0259n hadis\u0259 yerind\u0259 olmam\u0131\u015fam. O\u011flumun day\u0131s\u0131 da orda olub, partlay\u0131c\u0131 Elxan\u0131n \u00f6z \u0259lind\u0259 partlay\u0131b. Qay\u0131n\u0131m da t\u0259sdiql\u0259yib ki, bu adam yalan dan\u0131\u015f\u0131r. H\u0259tta \u00f6z\u00fc d\u0259 x\u0259st\u0259xanaya apar\u0131landa deyib ki, kimin \u201cz\u0131rpaket\u201d atd\u0131\u011f\u0131n\u0131 g\u00f6rm\u0259yib. Bak\u0131 Apelyasiya M\u0259hk\u0259m\u0259si q\u0259rar \u00e7\u0131xar\u0131b ki, bizim t\u0259qsirimiz yoxdur, gedib polisi aldad\u0131b, saxta q\u0259rar al\u0131b. Q\u0259rar\u0131 Ali M\u0259hk\u0259m\u0259y\u0259 t\u0259qdim edib, Ali M\u0259hk\u0259m\u0259 d\u0259 h\u0259min q\u0259rar\u0131n do\u011fru-d\u00fcr\u00fcstl\u00fcy\u00fcn\u00fcn yoxlan\u0131lmas\u0131 \u00fc\u00e7\u00fcn iclas\u0131 t\u0259xir\u0259 sal\u0131b\u201d.\n<\/p>\n<p>\n  B\u0259hram \u0130smay\u0131lov deyib ki, N\u0259rgiz Pa\u015fayevan\u0131n sahib oldu\u011fu \u201c\u00dcNS\u201d Yarad\u0131c\u0131l\u0131q S\u0259hn\u0259sind\u0259 \u00e7al\u0131\u015fsa da, he\u00e7 vaxt xan\u0131m\u0131n ad\u0131ndan istifad\u0259 etm\u0259yib:\n<\/p>\n<p>\n  \u201cGedib mediaya dan\u0131\u015f\u0131r ki, guya m\u0259n N\u0259rgiz xan\u0131m\u0131n ad\u0131ndan istifad\u0259 etmi\u015f\u0259m. N\u0259rgiz xan\u0131m\u0131n \u00f6z\u00fc d\u0259 tap\u015f\u0131r\u0131q verib ki, bu m\u0259s\u0259l\u0259 ayd\u0131nla\u015fd\u0131r\u0131ls\u0131n. Demir ki, s\u0259sim var onda? O s\u0259si \u00e7\u0131xarts\u0131n \u00fcz\u0259, istintaq ara\u015fd\u0131rs\u0131n. M\u0259n \u00f6z\u00fcm d\u0259 bununla ba\u011fl\u0131 \u015fikay\u0259t vermi\u015f\u0259m. T\u0259l\u0259b etmi\u015f\u0259m ki, o s\u0259syaz\u0131s\u0131 ortaya \u00e7\u0131xar\u0131ls\u0131n. \u018fg\u0259r xan\u0131m\u0131n ad\u0131ndan istifad\u0259 etmi\u015f\u0259ms\u0259, m\u0259niml\u0259 ba\u011fl\u0131 t\u0259dbir g\u00f6r\u00fcls\u00fcn, etm\u0259mi\u015f\u0259ms\u0259, qoy onunla ba\u011fl\u0131 t\u0259dbir g\u00f6r\u00fcls\u00fcn. Bu adam ham\u0131dan \u015fikay\u0259t edir. \u00d6z bac\u0131s\u0131, qarda\u015f\u0131 il\u0259 ev \u00fcst\u00fcnd\u0259 davadad\u0131r. \u0130nsanlar\u0131 \u015f\u0259rl\u0259m\u0259kl\u0259 m\u0259\u015f\u011fuldur. M\u0259nim o\u011flumu da \u015f\u0259rl\u0259yir. Adama dey\u0259rl\u0259r, \u0259g\u0259r hadis\u0259ni o\u011flum t\u00f6r\u0259tmi\u015fdis\u0259, niy\u0259 x\u0259st\u0259xanada kimin etdiyini bilm\u0259diyini deyirdi?\u201d\n<\/p>\n<p>\n  Elxan Babayev is\u0259 deyib ki, x\u0259st\u0259xanada bel\u0259 bir fikir i\u015fl\u0259tm\u0259yib.\n<\/p>\n<figure class=\"wp-block-image size-large\">\n  <img decoding=\"async\" src=\"https:\/\/www.meydan.tv\/az\/image-from-ios-10-jpg\/\" alt=\"Image from iOS (10).jpg\" class=\"wp-image-147170\"\/><figcaption>\n    S\u0259n\u0259d<br \/>\n  <\/figcaption><\/figure>\n","protected":false},"excerpt":{"rendered":"<p>G\u00f6zd\u0259n \u0259lil olan \u015f\u0259xs qar\u015f\u0131 t\u0259r\u0259fin m\u0259suliyy\u0259td\u0259n yay\u0131nd\u0131\u011f\u0131n\u0131 deyir<\/p>\n","protected":false},"author":11,"featured_media":147161,"comment_status":"closed","ping_status":"open","sticky":false,"template":"","format":"standard","meta":{"_acf_changed":false,"_sitemap_exclude":false,"_sitemap_priority":"","_sitemap_frequency":"","footnotes":""},"categories":[56],"tags":[],"class_list":["post-202205","post","type-post","status-publish","format-standard","has-post-thumbnail","hentry","category-xeberler","infinite-scroll-item","generate-columns","tablet-grid-50","mobile-grid-100","grid-parent","grid-33","no-featured-image-padding"],"acf":[],"yoast_head":"<!-- This site is optimized with the Yoast SEO plugin v27.5 - https:\/\/yoast.com\/product\/yoast-seo-wordpress\/ -->\n<title>\u201cDeyir, N\u0259rgiz Pa\u015fayevan\u0131n k\u00f6m\u0259k\u00e7isiy\u0259m, ist\u0259diyin yer\u0259 \u015fikay\u0259t el\u0259...\u201d - MEYDAN.TV<\/title>\n<meta name=\"robots\" content=\"index, follow, max-snippet:-1, max-image-preview:large, max-video-preview:-1\" \/>\n<link rel=\"canonical\" href=\"https:\/\/www.meydan.tv\/az\/article\/deyir-nergiz-pasayevanin-komekcisiyem-istediyin-yere-sikayet-ele\/\" \/>\n<meta property=\"og:locale\" content=\"az_AZ\" \/>\n<meta property=\"og:type\" content=\"article\" \/>\n<meta property=\"og:title\" content=\"\u201cDeyir, N\u0259rgiz Pa\u015fayevan\u0131n k\u00f6m\u0259k\u00e7isiy\u0259m, ist\u0259diyin yer\u0259 \u015fikay\u0259t el\u0259...\u201d - MEYDAN.TV\" \/>\n<meta property=\"og:description\" content=\"G\u00f6zd\u0259n \u0259lil olan \u015f\u0259xs qar\u015f\u0131 t\u0259r\u0259fin m\u0259suliyy\u0259td\u0259n yay\u0131nd\u0131\u011f\u0131n\u0131 deyir\" \/>\n<meta property=\"og:url\" content=\"https:\/\/www.meydan.tv\/az\/article\/deyir-nergiz-pasayevanin-komekcisiyem-istediyin-yere-sikayet-ele\/\" \/>\n<meta property=\"og:site_name\" content=\"MEYDAN.TV\" \/>\n<meta property=\"article:published_time\" content=\"2020-08-31T18:12:10+00:00\" \/>\n<meta property=\"og:image\" content=\"https:\/\/www.meydan.tv\/wp-content\/uploads\/image_from_ios_9_expthxl.jpg\" \/>\n\t<meta property=\"og:image:width\" content=\"1280\" \/>\n\t<meta property=\"og:image:height\" content=\"720\" \/>\n\t<meta property=\"og:image:type\" content=\"image\/jpeg\" \/>\n<meta name=\"author\" content=\"user-manager\" \/>\n<meta name=\"twitter:card\" content=\"summary_large_image\" \/>\n<script type=\"application\/ld+json\" class=\"yoast-schema-graph\">{\"@context\":\"https:\\\/\\\/schema.org\",\"@graph\":[{\"@type\":\"Article\",\"@id\":\"https:\\\/\\\/www.meydan.tv\\\/az\\\/article\\\/deyir-nergiz-pasayevanin-komekcisiyem-istediyin-yere-sikayet-ele\\\/#article\",\"isPartOf\":{\"@id\":\"https:\\\/\\\/www.meydan.tv\\\/az\\\/article\\\/deyir-nergiz-pasayevanin-komekcisiyem-istediyin-yere-sikayet-ele\\\/\"},\"author\":{\"name\":\"user-manager\",\"@id\":\"https:\\\/\\\/www.meydan.tv\\\/az\\\/#\\\/schema\\\/person\\\/10d11eccf6da3662cf5fdab9806ea91a\"},\"headline\":\"\u201cDeyir, N\u0259rgiz Pa\u015fayevan\u0131n k\u00f6m\u0259k\u00e7isiy\u0259m, ist\u0259diyin yer\u0259 \u015fikay\u0259t el\u0259&#8230;\u201d\",\"datePublished\":\"2020-08-31T18:12:10+00:00\",\"mainEntityOfPage\":{\"@id\":\"https:\\\/\\\/www.meydan.tv\\\/az\\\/article\\\/deyir-nergiz-pasayevanin-komekcisiyem-istediyin-yere-sikayet-ele\\\/\"},\"wordCount\":1749,\"publisher\":{\"@id\":\"https:\\\/\\\/www.meydan.tv\\\/az\\\/#organization\"},\"image\":{\"@id\":\"https:\\\/\\\/www.meydan.tv\\\/az\\\/article\\\/deyir-nergiz-pasayevanin-komekcisiyem-istediyin-yere-sikayet-ele\\\/#primaryimage\"},\"thumbnailUrl\":\"https:\\\/\\\/www.meydan.tv\\\/wp-content\\\/uploads\\\/image_from_ios_9_expthxl.jpg\",\"articleSection\":[\"X\u0259b\u0259rl\u0259r\"],\"inLanguage\":\"az\"},{\"@type\":\"WebPage\",\"@id\":\"https:\\\/\\\/www.meydan.tv\\\/az\\\/article\\\/deyir-nergiz-pasayevanin-komekcisiyem-istediyin-yere-sikayet-ele\\\/\",\"url\":\"https:\\\/\\\/www.meydan.tv\\\/az\\\/article\\\/deyir-nergiz-pasayevanin-komekcisiyem-istediyin-yere-sikayet-ele\\\/\",\"name\":\"\u201cDeyir, N\u0259rgiz Pa\u015fayevan\u0131n k\u00f6m\u0259k\u00e7isiy\u0259m, ist\u0259diyin yer\u0259 \u015fikay\u0259t el\u0259...\u201d - MEYDAN.TV\",\"isPartOf\":{\"@id\":\"https:\\\/\\\/www.meydan.tv\\\/az\\\/#website\"},\"primaryImageOfPage\":{\"@id\":\"https:\\\/\\\/www.meydan.tv\\\/az\\\/article\\\/deyir-nergiz-pasayevanin-komekcisiyem-istediyin-yere-sikayet-ele\\\/#primaryimage\"},\"image\":{\"@id\":\"https:\\\/\\\/www.meydan.tv\\\/az\\\/article\\\/deyir-nergiz-pasayevanin-komekcisiyem-istediyin-yere-sikayet-ele\\\/#primaryimage\"},\"thumbnailUrl\":\"https:\\\/\\\/www.meydan.tv\\\/wp-content\\\/uploads\\\/image_from_ios_9_expthxl.jpg\",\"datePublished\":\"2020-08-31T18:12:10+00:00\",\"breadcrumb\":{\"@id\":\"https:\\\/\\\/www.meydan.tv\\\/az\\\/article\\\/deyir-nergiz-pasayevanin-komekcisiyem-istediyin-yere-sikayet-ele\\\/#breadcrumb\"},\"inLanguage\":\"az\",\"potentialAction\":[{\"@type\":\"ReadAction\",\"target\":[\"https:\\\/\\\/www.meydan.tv\\\/az\\\/article\\\/deyir-nergiz-pasayevanin-komekcisiyem-istediyin-yere-sikayet-ele\\\/\"]}]},{\"@type\":\"ImageObject\",\"inLanguage\":\"az\",\"@id\":\"https:\\\/\\\/www.meydan.tv\\\/az\\\/article\\\/deyir-nergiz-pasayevanin-komekcisiyem-istediyin-yere-sikayet-ele\\\/#primaryimage\",\"url\":\"https:\\\/\\\/www.meydan.tv\\\/wp-content\\\/uploads\\\/image_from_ios_9_expthxl.jpg\",\"contentUrl\":\"https:\\\/\\\/www.meydan.tv\\\/wp-content\\\/uploads\\\/image_from_ios_9_expthxl.jpg\",\"width\":1280,\"height\":720,\"caption\":\"Source: Meydan Tv\"},{\"@type\":\"BreadcrumbList\",\"@id\":\"https:\\\/\\\/www.meydan.tv\\\/az\\\/article\\\/deyir-nergiz-pasayevanin-komekcisiyem-istediyin-yere-sikayet-ele\\\/#breadcrumb\",\"itemListElement\":[{\"@type\":\"ListItem\",\"position\":1,\"name\":\"Ana s\u0259hif\u0259\",\"item\":\"https:\\\/\\\/www.meydan.tv\\\/az\\\/\"},{\"@type\":\"ListItem\",\"position\":2,\"name\":\"X\u0259b\u0259rl\u0259r\",\"item\":\"https:\\\/\\\/www.meydan.tv\\\/az\\\/section\\\/xeberler\\\/\"},{\"@type\":\"ListItem\",\"position\":3,\"name\":\"\u201cDeyir, N\u0259rgiz Pa\u015fayevan\u0131n k\u00f6m\u0259k\u00e7isiy\u0259m, ist\u0259diyin yer\u0259 \u015fikay\u0259t el\u0259&#8230;\u201d\"}]},{\"@type\":\"WebSite\",\"@id\":\"https:\\\/\\\/www.meydan.tv\\\/az\\\/#website\",\"url\":\"https:\\\/\\\/www.meydan.tv\\\/az\\\/\",\"name\":\"MEYDAN.TV\",\"description\":\"Meydan TV Az\u0259rbaycan\u0131n media m\u0259kan\u0131ndak\u0131 alternativ s\u0259sidir\",\"publisher\":{\"@id\":\"https:\\\/\\\/www.meydan.tv\\\/az\\\/#organization\"},\"potentialAction\":[{\"@type\":\"SearchAction\",\"target\":{\"@type\":\"EntryPoint\",\"urlTemplate\":\"https:\\\/\\\/www.meydan.tv\\\/az\\\/?s={search_term_string}\"},\"query-input\":{\"@type\":\"PropertyValueSpecification\",\"valueRequired\":true,\"valueName\":\"search_term_string\"}}],\"inLanguage\":\"az\"},{\"@type\":\"Organization\",\"@id\":\"https:\\\/\\\/www.meydan.tv\\\/az\\\/#organization\",\"name\":\"Meydan TV\",\"url\":\"https:\\\/\\\/www.meydan.tv\\\/az\\\/\",\"logo\":{\"@type\":\"ImageObject\",\"inLanguage\":\"az\",\"@id\":\"https:\\\/\\\/www.meydan.tv\\\/az\\\/#\\\/schema\\\/logo\\\/image\\\/\",\"url\":\"https:\\\/\\\/www.meydan.tv\\\/wp-content\\\/uploads\\\/2021\\\/07\\\/meydan-logo.svg\",\"contentUrl\":\"https:\\\/\\\/www.meydan.tv\\\/wp-content\\\/uploads\\\/2021\\\/07\\\/meydan-logo.svg\",\"width\":195,\"height\":46,\"caption\":\"Meydan TV\"},\"image\":{\"@id\":\"https:\\\/\\\/www.meydan.tv\\\/az\\\/#\\\/schema\\\/logo\\\/image\\\/\"}},{\"@type\":\"Person\",\"@id\":\"https:\\\/\\\/www.meydan.tv\\\/az\\\/#\\\/schema\\\/person\\\/10d11eccf6da3662cf5fdab9806ea91a\",\"name\":\"user-manager\"}]}<\/script>\n<!-- \/ Yoast SEO plugin. -->","yoast_head_json":{"title":"\u201cDeyir, N\u0259rgiz Pa\u015fayevan\u0131n k\u00f6m\u0259k\u00e7isiy\u0259m, ist\u0259diyin yer\u0259 \u015fikay\u0259t el\u0259...\u201d - MEYDAN.TV","robots":{"index":"index","follow":"follow","max-snippet":"max-snippet:-1","max-image-preview":"max-image-preview:large","max-video-preview":"max-video-preview:-1"},"canonical":"https:\/\/www.meydan.tv\/az\/article\/deyir-nergiz-pasayevanin-komekcisiyem-istediyin-yere-sikayet-ele\/","og_locale":"az_AZ","og_type":"article","og_title":"\u201cDeyir, N\u0259rgiz Pa\u015fayevan\u0131n k\u00f6m\u0259k\u00e7isiy\u0259m, ist\u0259diyin yer\u0259 \u015fikay\u0259t el\u0259...\u201d - MEYDAN.TV","og_description":"G\u00f6zd\u0259n \u0259lil olan \u015f\u0259xs qar\u015f\u0131 t\u0259r\u0259fin m\u0259suliyy\u0259td\u0259n yay\u0131nd\u0131\u011f\u0131n\u0131 deyir","og_url":"https:\/\/www.meydan.tv\/az\/article\/deyir-nergiz-pasayevanin-komekcisiyem-istediyin-yere-sikayet-ele\/","og_site_name":"MEYDAN.TV","article_published_time":"2020-08-31T18:12:10+00:00","og_image":[{"width":1280,"height":720,"url":"https:\/\/www.meydan.tv\/wp-content\/uploads\/image_from_ios_9_expthxl.jpg","type":"image\/jpeg"}],"author":"user-manager","twitter_card":"summary_large_image","schema":{"@context":"https:\/\/schema.org","@graph":[{"@type":"Article","@id":"https:\/\/www.meydan.tv\/az\/article\/deyir-nergiz-pasayevanin-komekcisiyem-istediyin-yere-sikayet-ele\/#article","isPartOf":{"@id":"https:\/\/www.meydan.tv\/az\/article\/deyir-nergiz-pasayevanin-komekcisiyem-istediyin-yere-sikayet-ele\/"},"author":{"name":"user-manager","@id":"https:\/\/www.meydan.tv\/az\/#\/schema\/person\/10d11eccf6da3662cf5fdab9806ea91a"},"headline":"\u201cDeyir, N\u0259rgiz Pa\u015fayevan\u0131n k\u00f6m\u0259k\u00e7isiy\u0259m, ist\u0259diyin yer\u0259 \u015fikay\u0259t el\u0259&#8230;\u201d","datePublished":"2020-08-31T18:12:10+00:00","mainEntityOfPage":{"@id":"https:\/\/www.meydan.tv\/az\/article\/deyir-nergiz-pasayevanin-komekcisiyem-istediyin-yere-sikayet-ele\/"},"wordCount":1749,"publisher":{"@id":"https:\/\/www.meydan.tv\/az\/#organization"},"image":{"@id":"https:\/\/www.meydan.tv\/az\/article\/deyir-nergiz-pasayevanin-komekcisiyem-istediyin-yere-sikayet-ele\/#primaryimage"},"thumbnailUrl":"https:\/\/www.meydan.tv\/wp-content\/uploads\/image_from_ios_9_expthxl.jpg","articleSection":["X\u0259b\u0259rl\u0259r"],"inLanguage":"az"},{"@type":"WebPage","@id":"https:\/\/www.meydan.tv\/az\/article\/deyir-nergiz-pasayevanin-komekcisiyem-istediyin-yere-sikayet-ele\/","url":"https:\/\/www.meydan.tv\/az\/article\/deyir-nergiz-pasayevanin-komekcisiyem-istediyin-yere-sikayet-ele\/","name":"\u201cDeyir, N\u0259rgiz Pa\u015fayevan\u0131n k\u00f6m\u0259k\u00e7isiy\u0259m, ist\u0259diyin yer\u0259 \u015fikay\u0259t el\u0259...\u201d - MEYDAN.TV","isPartOf":{"@id":"https:\/\/www.meydan.tv\/az\/#website"},"primaryImageOfPage":{"@id":"https:\/\/www.meydan.tv\/az\/article\/deyir-nergiz-pasayevanin-komekcisiyem-istediyin-yere-sikayet-ele\/#primaryimage"},"image":{"@id":"https:\/\/www.meydan.tv\/az\/article\/deyir-nergiz-pasayevanin-komekcisiyem-istediyin-yere-sikayet-ele\/#primaryimage"},"thumbnailUrl":"https:\/\/www.meydan.tv\/wp-content\/uploads\/image_from_ios_9_expthxl.jpg","datePublished":"2020-08-31T18:12:10+00:00","breadcrumb":{"@id":"https:\/\/www.meydan.tv\/az\/article\/deyir-nergiz-pasayevanin-komekcisiyem-istediyin-yere-sikayet-ele\/#breadcrumb"},"inLanguage":"az","potentialAction":[{"@type":"ReadAction","target":["https:\/\/www.meydan.tv\/az\/article\/deyir-nergiz-pasayevanin-komekcisiyem-istediyin-yere-sikayet-ele\/"]}]},{"@type":"ImageObject","inLanguage":"az","@id":"https:\/\/www.meydan.tv\/az\/article\/deyir-nergiz-pasayevanin-komekcisiyem-istediyin-yere-sikayet-ele\/#primaryimage","url":"https:\/\/www.meydan.tv\/wp-content\/uploads\/image_from_ios_9_expthxl.jpg","contentUrl":"https:\/\/www.meydan.tv\/wp-content\/uploads\/image_from_ios_9_expthxl.jpg","width":1280,"height":720,"caption":"Source: Meydan Tv"},{"@type":"BreadcrumbList","@id":"https:\/\/www.meydan.tv\/az\/article\/deyir-nergiz-pasayevanin-komekcisiyem-istediyin-yere-sikayet-ele\/#breadcrumb","itemListElement":[{"@type":"ListItem","position":1,"name":"Ana s\u0259hif\u0259","item":"https:\/\/www.meydan.tv\/az\/"},{"@type":"ListItem","position":2,"name":"X\u0259b\u0259rl\u0259r","item":"https:\/\/www.meydan.tv\/az\/section\/xeberler\/"},{"@type":"ListItem","position":3,"name":"\u201cDeyir, N\u0259rgiz Pa\u015fayevan\u0131n k\u00f6m\u0259k\u00e7isiy\u0259m, ist\u0259diyin yer\u0259 \u015fikay\u0259t el\u0259&#8230;\u201d"}]},{"@type":"WebSite","@id":"https:\/\/www.meydan.tv\/az\/#website","url":"https:\/\/www.meydan.tv\/az\/","name":"MEYDAN.TV","description":"Meydan TV Az\u0259rbaycan\u0131n media m\u0259kan\u0131ndak\u0131 alternativ s\u0259sidir","publisher":{"@id":"https:\/\/www.meydan.tv\/az\/#organization"},"potentialAction":[{"@type":"SearchAction","target":{"@type":"EntryPoint","urlTemplate":"https:\/\/www.meydan.tv\/az\/?s={search_term_string}"},"query-input":{"@type":"PropertyValueSpecification","valueRequired":true,"valueName":"search_term_string"}}],"inLanguage":"az"},{"@type":"Organization","@id":"https:\/\/www.meydan.tv\/az\/#organization","name":"Meydan TV","url":"https:\/\/www.meydan.tv\/az\/","logo":{"@type":"ImageObject","inLanguage":"az","@id":"https:\/\/www.meydan.tv\/az\/#\/schema\/logo\/image\/","url":"https:\/\/www.meydan.tv\/wp-content\/uploads\/2021\/07\/meydan-logo.svg","contentUrl":"https:\/\/www.meydan.tv\/wp-content\/uploads\/2021\/07\/meydan-logo.svg","width":195,"height":46,"caption":"Meydan TV"},"image":{"@id":"https:\/\/www.meydan.tv\/az\/#\/schema\/logo\/image\/"}},{"@type":"Person","@id":"https:\/\/www.meydan.tv\/az\/#\/schema\/person\/10d11eccf6da3662cf5fdab9806ea91a","name":"user-manager"}]}},"_links":{"self":[{"href":"https:\/\/www.meydan.tv\/az\/wp-json\/wp\/v2\/posts\/202205","targetHints":{"allow":["GET"]}}],"collection":[{"href":"https:\/\/www.meydan.tv\/az\/wp-json\/wp\/v2\/posts"}],"about":[{"href":"https:\/\/www.meydan.tv\/az\/wp-json\/wp\/v2\/types\/post"}],"author":[{"embeddable":true,"href":"https:\/\/www.meydan.tv\/az\/wp-json\/wp\/v2\/users\/11"}],"replies":[{"embeddable":true,"href":"https:\/\/www.meydan.tv\/az\/wp-json\/wp\/v2\/comments?post=202205"}],"version-history":[{"count":0,"href":"https:\/\/www.meydan.tv\/az\/wp-json\/wp\/v2\/posts\/202205\/revisions"}],"wp:featuredmedia":[{"embeddable":true,"href":"https:\/\/www.meydan.tv\/az\/wp-json\/wp\/v2\/media\/147161"}],"wp:attachment":[{"href":"https:\/\/www.meydan.tv\/az\/wp-json\/wp\/v2\/media?parent=202205"}],"wp:term":[{"taxonomy":"category","embeddable":true,"href":"https:\/\/www.meydan.tv\/az\/wp-json\/wp\/v2\/categories?post=202205"},{"taxonomy":"post_tag","embeddable":true,"href":"https:\/\/www.meydan.tv\/az\/wp-json\/wp\/v2\/tags?post=202205"}],"curies":[{"name":"wp","href":"https:\/\/api.w.org\/{rel}","templated":true}]}}