{"id":202188,"date":"2020-08-30T15:41:42","date_gmt":"2020-08-30T15:41:42","guid":{"rendered":"https:\/\/www.meydan.tv\/article\/quba-sakini-evde-bir-cimdik-un-yoxdu-ki-nese-bisirib-usaqlara-verim\/"},"modified":"2020-08-30T15:41:42","modified_gmt":"2020-08-30T15:41:42","slug":"quba-sakini-evde-bir-cimdik-un-yoxdu-ki-nese-bisirib-usaqlara-verim","status":"publish","type":"post","link":"https:\/\/www.meydan.tv\/az\/article\/quba-sakini-evde-bir-cimdik-un-yoxdu-ki-nese-bisirib-usaqlara-verim\/","title":{"rendered":"Quba sakini: Evd\u0259 bir \u00e7imdik un yoxdu ki, n\u0259s\u0259 bi\u015firib u\u015faqlara verim"},"content":{"rendered":"<p>\n  <i><br \/>\n    \u201cSosial \u015f\u0259b\u0259k\u0259l\u0259rd\u0259 ne\u00e7\u0259 d\u0259f\u0259 yard\u0131m ist\u0259mi\u015f\u0259m\u201d<br \/>\n  <\/i>\n<\/p>\n<p>\n  Quban\u0131n ki\u00e7ik k\u0259ndl\u0259rind\u0259n olan Qamqamda lap uzaqdan g\u00f6z\u0259 nimda\u015f bir ev d\u0259yir. Nem\u0259tullayevl\u0259r ail\u0259si burada \u0259ziyy\u0259tl\u0259 ya\u015fay\u0131r.\n<\/p>\n<p>\n  <b><br \/>\n    \u201cX\u0259st\u0259xanada Hepatit C-y\u0259 yoluxdurdular\u201d<br \/>\n  <\/b>\n<\/p>\n<p>\n  \u0130ki u\u015faq anas\u0131 Turac Nem\u0259tullayeva ikinci \u00f6vlad\u0131 do\u011fulandan sonra Hepatit C-y\u0259 yoluxub. 36 ya\u015fl\u0131 qad\u0131n buna g\u00f6r\u0259 Quba Rayon M\u0259rk\u0259zi X\u0259st\u0259xanas\u0131n\u0131n tibbi hey\u0259tini g\u00fcnahland\u0131r\u0131r.\n<\/p>\n<p>\n  \u201cD\u00f6rd il \u0259vv\u0259l yoluxmu\u015fam. U\u015faq ya\u015fyar\u0131m olanda x\u0259b\u0259r tutdum. Do\u011fu\u015fdan sonra t\u0259xmin\u0259n bir h\u0259ft\u0259 qald\u0131m. Hamil\u0259lik vaxt\u0131 x\u0259st\u0259xanada analizl\u0259r vermi\u015fdim, he\u00e7 bir problem \u00e7\u0131xmam\u0131\u015fd\u0131. \u00c7\u0131xandan sonra he\u00e7 vaxt iyn\u0259 vurdurmam\u0131\u015fam, di\u015f \u00e7\u0259kdirm\u0259mi\u015f\u0259m, ba\u015fqas\u0131ndan m\u0259n\u0259 virus ke\u00e7ir\u0259 bil\u0259c\u0259k he\u00e7 n\u0259 el\u0259m\u0259mi\u015f\u0259m. N\u0259 olubsa, x\u0259st\u0259xanada ba\u015f verib\u201d.\n<\/p>\n<p>\n  X\u0259st\u0259likd\u0259n \u0259ziyy\u0259t \u00e7\u0259k\u0259n qad\u0131n deyir ki, bundan x\u0259b\u0259r tutan kimi x\u0259st\u0259xanan\u0131n ba\u015f h\u0259kimi il\u0259 g\u00f6r\u00fc\u015f\u00fcb, ona s\u0259n\u0259dl\u0259rl\u0259 haql\u0131 oldu\u011funu s\u00fcbut edib: \u201cKa\u011f\u0131zlara baxanda \u0259min oldu ki, m\u0259nd\u0259 \u0259vv\u0259ll\u0259r Hepatit C olmay\u0131b. Qorxurdu ki, polis\u0259 ver\u0259rik. M\u0259n\u0259 birc\u0259 x\u0259st\u0259xanada pulsuz analizl\u0259r qald\u0131. Ba\u015fqa he\u00e7 n\u0259&#8230;\u201d\n<\/p>\n<p>\n  <b><br \/>\n    \u201cEvin h\u0259r yerin\u0259 qab-qacaq d\u00fcz\u00fcr\u00fck ki, ya\u011f\u0131\u015f i\u00e7in\u0259 t\u00f6k\u00fcls\u00fcn\u201d<br \/>\n  <\/b>\n<\/p>\n<p>\n  Ail\u0259nin ya\u015fad\u0131\u011f\u0131 ev \u00e7ox k\u00f6hn\u0259dir. D\u00fcz-\u0259m\u0259lli d\u00f6\u015f\u0259m\u0259, tavan yoxdur, p\u0259nc\u0259r\u0259l\u0259r \u015f\u00fc\u015f\u0259siz qal\u0131b. Bir ne\u00e7\u0259 yerd\u0259 \u015f\u00fc\u015f\u0259ni m\u00fc\u015f\u0259mb\u0259nin \u0259v\u0259z etdiyi n\u0259z\u0259r\u0259 \u00e7arp\u0131r:\n<\/p>\n<p>\n  \u201cYa\u011f\u0131\u015f ya\u011fanda evin i\u00e7i su olur. Evin ne\u00e7\u0259 yerind\u0259 de\u015fik var. U\u015faqlar tez-tez x\u0259st\u0259l\u0259nir. N\u0259mi\u015flik olur. Yayda ev\u0259 k\u0259rt\u0259nk\u0259l\u0259 dara\u015f\u0131r. Evin h\u0259r yerin\u0259 qab-qacaq d\u00fcz\u00fcr\u00fck ki, ya\u011f\u0131\u015f i\u00e7in\u0259 t\u00f6k\u00fcls\u00fcn. Q\u0131\u015fda buralarda d\u0259h\u015f\u0259t soyuq olur. Diz\u0259 q\u0259d\u0259r qar ya\u011f\u0131r. Bel\u0259 evl\u0259 q\u0131\u015f\u0131n qar\u015f\u0131s\u0131na \u00e7\u0131xmaq olmur\u201d.\n<\/p>\n<figure class=\"wp-block-image size-large\">\n  <img decoding=\"async\" src=\"https:\/\/www.meydan.tv\/az\/image_from_ios-jpg-190\/\" alt=\"image_from_ios.jpg\" class=\"wp-image-147116\"\/><figcaption>\n    &#8220;Q\u0131\u015fda buralarda d\u0259h\u015f\u0259t soyuq olur&#8221;<br \/>\n  <\/figcaption><\/figure>\n<p>\n  Evd\u0259 \u00e7ox \u0259\u015fya yoxdur. Turac xan\u0131m dan\u0131\u015f\u0131r ki, h\u0259yat yolda\u015f\u0131 M\u0259tl\u0259b Nem\u0259tullayev u\u015faq evind\u0259 b\u00f6y\u00fcy\u00fcb, kims\u0259siz olub. Buna g\u00f6r\u0259 d\u0259 h\u0259mi\u015f\u0259 \u00e7\u0259tinlik i\u00e7ind\u0259 ya\u015fay\u0131b:\n<\/p>\n<p>\n  \u201cOnu ya\u015fl\u0131 adamlar g\u00f6t\u00fcr\u00fcb saxlay\u0131b. M\u0259n 2013-c\u00fc ild\u0259 g\u0259lin g\u0259l\u0259nd\u0259 atas\u0131 sa\u011f idi. O vaxt qohumlar\u0131 deyirdi ki, M\u0259tl\u0259bl\u0259 evl\u0259n\u0259nd\u0259n sonra siz\u0259 dayaq olaca\u011f\u0131q. Amma sonradan evimizd\u0259 n\u0259 d\u0259y\u0259rli \u0259\u015fya vard\u0131sa, da\u015f\u0131y\u0131b apard\u0131lar\u201d.\n<\/p>\n<p>\n  Qad\u0131n t\u0259\u0259ss\u00fcfl\u0259 deyir ki, h\u0259yat yolda\u015f\u0131 da x\u0259st\u0259dir, b\u00f6yr\u0259yind\u0259 da\u015f var&#8230;\n<\/p>\n<p>\n  <b><br \/>\n    \u201cB\u00f6yr\u0259yind\u0259 da\u015f \u0259m\u0259l\u0259 g\u0259ldi, i\u015fd\u0259n \u00e7\u0131xard\u0131lar\u201d<br \/>\n  <\/b>\n<\/p>\n<p>\n  Turac Nem\u0259tullayevan\u0131n s\u00f6zl\u0259rin\u0259 g\u00f6r\u0259, \u0259rini m\u0259hz b\u00f6yr\u0259yind\u0259 da\u015f \u0259m\u0259l\u0259 g\u0259l\u0259nd\u0259n sonra i\u015fl\u0259diyi qaz idar\u0259sind\u0259n k\u0259narla\u015fd\u0131r\u0131blar. M\u0259tl\u0259b Nem\u0259tullayev \u015fidd\u0259tli a\u011fr\u0131lara g\u00f6r\u0259 b\u0259z\u0259n i\u015f\u0259 ged\u0259 bilmirmi\u015f. G\u00fcnl\u0259rin birind\u0259 tamamil\u0259 i\u015fsiz qal\u0131b: \u201cD\u0259h\u015f\u0259t sanc\u0131lar\u0131 olurdu. \u0130\u015fd\u0259n \u00e7\u0131xard\u0131lar. Onda h\u0259l\u0259 karantin elan olunmam\u0131\u015fd\u0131. Qoy yad\u0131ma sal\u0131m&#8230; Ke\u00e7\u0259n ilin pay\u0131z\u0131nda. Deyirdil\u0259r ki, \u0259m\u0259liyyat laz\u0131md\u0131. T\u00fcrk\u0259\u00e7ar\u0259 el\u0259dik n\u0259 q\u0259d\u0259r. Ot d\u0259ml\u0259yib verirdim ona\u201d.\n<\/p>\n<figure class=\"wp-block-image size-large\">\n  <img decoding=\"async\" src=\"https:\/\/www.meydan.tv\/az\/image_from_ios-2-jpg-171\/\" alt=\"image_from_ios (2).jpg\" class=\"wp-image-147119\"\/><figcaption>\n    &#8220;Bel\u0259 evl\u0259 q\u0131\u015f\u0131n qar\u015f\u0131s\u0131na \u00e7\u0131xmaq olmur\u201d<br \/>\n  <\/figcaption><\/figure>\n<p>\n  Bir ne\u00e7\u0259 g\u00fcn \u0259vv\u0259l h\u0259kim ona deyib ki, b\u00f6yr\u0259yind\u0259ki da\u015f balacala\u015f\u0131b, daha \u0259m\u0259liyyata ehtiyac yoxdur. Ail\u0259 bununla bir az t\u0259skinlik tap\u0131r. \u0130ndi da\u015f\u0131n d\u00fc\u015f\u0259c\u0259yi g\u00fcn\u00fc g\u00f6zl\u0259yirl\u0259r.\n<\/p>\n<p>\n  Turac Nem\u0259tullayeva deyir ki, probleml\u0259r i\u00e7ind\u0259 el\u0259 qovrulur, \u00f6z m\u00fcalic\u0259sini tamam unudub. \u00c7\u00fcnki ail\u0259nin buna he\u00e7 imkan\u0131 yoxdur. Ev\u0259 daimi pul g\u0259lmir. T\u0259kc\u0259 analizl\u0259r\u0259 is\u0259 700 manat t\u0259l\u0259b olunur.\n<\/p>\n<p>\n  \u201cM\u00fcalic\u0259 \u00fc\u00e7\u00fcn t\u0259kc\u0259 \u00f6z haz\u0131rlad\u0131\u011f\u0131m do\u015fabdan istifad\u0259 el\u0259yir\u0259m, ba\u015fqa he\u00e7 n\u0259\u201d, &#8211; qad\u0131n \u00e7ox \u00e7ar\u0259siz g\u00f6r\u00fcn\u00fcr&#8230;\n<\/p>\n<p>\n  <b><br \/>\n    \u201c\u00d6lm\u0259m\u0259y\u0259 \u00e7al\u0131\u015f\u0131r\u0131q\u201d<br \/>\n  <\/b>\n<\/p>\n<p>\n  Turac Nem\u0259tullayeva h\u0259y\u0259td\u0259ki tut a\u011fac\u0131n\u0131 g\u00f6st\u0259rir. Deyir ki, do\u015fab haz\u0131rlama\u011fa i\u015f\u0259 yaray\u0131r:\n<\/p>\n<p>\n  \u201cQ\u0131\u015fda d\u0259y\u0259r-d\u0259ym\u0259z\u0259 sat\u0131ram. Al\u00e7a qurudub sat\u0131ram. Bel\u0259c\u0259 ac\u0131ndan \u00f6lm\u0259m\u0259y\u0259 \u00e7al\u0131\u015f\u0131r\u0131q. Anam pensiyas\u0131ndan k\u00f6m\u0259k el\u0259yir. Sosial \u015f\u0259b\u0259k\u0259l\u0259rd\u0259 ne\u00e7\u0259 d\u0259f\u0259 yard\u0131m ist\u0259mi\u015f\u0259m. Apreld\u0259 Qubadan bir n\u0259f\u0259r t\u0259xmin\u0259n 100 manatl\u0131q \u0259rzaq yard\u0131m\u0131 el\u0259mi\u015fdi. D\u00fcn\u0259n\u0259 q\u0259d\u0259r h\u0259min \u0259rza\u011f\u0131n qal\u0131\u011f\u0131ndan bir \u015fey haz\u0131rlay\u0131rd\u0131m. \u0130ndi evd\u0259 bir \u00e7imdik un yoxdu ki, n\u0259s\u0259 bi\u015firib u\u015faqlara verim\u201d.\n<\/p>\n<p>\n  M\u0259tl\u0259b Nem\u0259tullayev qaz idar\u0259sind\u0259 i\u015fini itir\u0259nd\u0259n sonra f\u0259hl\u0259lik etm\u0259y\u0259 ba\u015flay\u0131b. Qamqamda, Qubada n\u0259 i\u015f tap\u0131rsa, arxas\u0131nca gedir.\n<\/p>\n<p>\n  \u201cDa\u015f da\u015f\u0131y\u0131r, torpaq y\u00fckl\u0259yir. Neyl\u0259sin?! Onun da arxas\u0131, daya\u011f\u0131 yoxdu. \u0130ndi \u0259r-arvad h\u0259r ikimiz i\u015f axtar\u0131r\u0131q. \u00c7ox a\u011f\u0131r v\u0259ziyy\u0259td\u0259yik\u201d, &#8211; h\u0259yat yolda\u015f\u0131 k\u0259d\u0259rli-k\u0259d\u0259rli dan\u0131\u015f\u0131r.\n<\/p>\n<p>\n  Ail\u0259 sosial yard\u0131m alma\u011fa da c\u0259hd g\u00f6st\u0259rib. Amma k\u0259nd adamlar\u0131n \u0259ks\u0259ri kimi pay torpaq b\u0259han\u0259si il\u0259 r\u0259dd cavab\u0131 al\u0131n\u0131b.\n<\/p>\n<figure class=\"wp-block-image size-large\">\n  <img decoding=\"async\" src=\"https:\/\/www.meydan.tv\/az\/image_from_ios-1-jpg-146\/\" alt=\"image_from_ios (1).jpg\" class=\"wp-image-147122\"\/><figcaption>\n    Nem\u0259tullayevl\u0259r ail\u0259si burada \u0259ziyy\u0259tl\u0259 ya\u015fay\u0131r<br \/>\n  <\/figcaption><\/figure>\n<p>\n  <b><br \/>\n    \u201c\u00c7\u00f6r-\u00e7\u00f6pl\u0259 h\u0259y\u0259td\u0259 ocaq qalay\u0131r\u0131q\u201d<br \/>\n  <\/b>\n<\/p>\n<p>\n  Ail\u0259ni kommunal x\u0259rcl\u0259r d\u0259 \u00e7ox s\u0131x\u0131r. Xeyli borc y\u0131\u011f\u0131l\u0131b: \u201c\u0130\u015f\u0131\u011fa 100, qaza 300 manatdan \u00e7ox borcumuz var. 2018-d\u0259n sonra qazpulu \u00f6d\u0259y\u0259 bilm\u0259mi\u015fik. Qaz\u0131 k\u0259sm\u0259k ist\u0259y\u0259nd\u0259 yolda\u015f\u0131m qar\u015f\u0131lar\u0131na \u00e7\u0131xd\u0131. Orada i\u015fl\u0259yib dey\u0259, a\u011f\u0131z a\u00e7d\u0131 ki, k\u0259sm\u0259sinl\u0259r. Qulaq asmad\u0131lar. \u0130ndi ba\u011fdan y\u0131\u011fd\u0131\u011f\u0131m\u0131z \u00e7\u00f6r-\u00e7\u00f6pl\u0259 h\u0259y\u0259td\u0259 ocaq qalay\u0131r\u0131q\u201d.\n<\/p>\n<p>\n  \u201cAz\u0259riqaz\u201d \u0130stehsalat Birliyind\u0259n Meydan TV-y\u0259 m\u0259s\u0259l\u0259 il\u0259 maraqlanacaqlar\u0131n\u0131 deyibl\u0259r.\n<\/p>\n<p>\n  Ail\u0259nin i\u015f\u0131\u011f\u0131n\u0131 da k\u0259sm\u0259k ist\u0259yibl\u0259r. Turac xan\u0131m\u0131n anas\u0131 t\u0259qa\u00fcd\u00fcnd\u0259n k\u00f6m\u0259k ed\u0259nd\u0259n sonra v\u0259ziyy\u0259td\u0259n \u00e7\u0131x\u0131blar: \u201c\u0130\u015f\u0131qs\u0131z he\u00e7 qala bilm\u0259rik. U\u015faqlar balacad\u0131, \u00e7ox \u00e7\u0259tindi. Suyumuz da olmur. \u0130mkan\u0131 olanlar bulaqdan, artezian quyudan x\u0259tt \u00e7\u0259kib. Bizim kimi imkans\u0131zlar susuz qal\u0131b. H\u0259yat yolda\u015f\u0131m suyu bulaqdan qabla da\u015f\u0131y\u0131r\u201d.\n<\/p>\n<p>\n  Qad\u0131n onu da dedi ki, qon\u015funun cam\u0131\u015f\u0131 qaz say\u011faclar\u0131n\u0131 s\u0131radan \u00e7\u0131xar\u0131b, idar\u0259d\u0259n g\u0259lib 150 manat c\u0259rim\u0259 yaz\u0131blar. Ail\u0259 n\u0259 q\u0259d\u0259r and-aman ets\u0259 d\u0259, inanan olmay\u0131b. Bel\u0259c\u0259, h\u0259yatda qalmaq m\u00fcbariz\u0259si ver\u0259n ail\u0259nin \u00e7iyinl\u0259rin\u0259 daha bir y\u00fck d\u00fc\u015f\u00fcb&#8230;\n<\/p>\n<p>\n  <b><br \/>\n    P.S.<br \/>\n  <\/b><br \/>\n  Turac Nem\u0259tullayeva fotolar\u0131n\u0131n d\u0259rc olunmas\u0131n\u0131 ist\u0259m\u0259di, yaln\u0131z evinin g\u00f6r\u00fcnt\u00fcl\u0259rinin yay\u0131mlanmas\u0131 il\u0259 kifay\u0259tl\u0259ndi.\n<\/p>\n<figure class=\"wp-block-image size-large\">\n  <img decoding=\"async\" src=\"https:\/\/www.meydan.tv\/az\/image_from_ios-3-jpg-136\/\" alt=\"image_from_ios (3).jpg\" class=\"wp-image-147128\"\/><figcaption>\n    Ail\u0259nin i\u015f\u0131\u011f\u0131n\u0131 da k\u0259sm\u0259k ist\u0259yibl\u0259r.<br \/>\n  <\/figcaption><\/figure>\n","protected":false},"excerpt":{"rendered":"<p>&#8220;D\u00fcz-\u0259m\u0259lli d\u00f6\u015f\u0259m\u0259, tavan yoxdur, p\u0259nc\u0259r\u0259l\u0259r \u015f\u00fc\u015f\u0259siz qal\u0131b&#8221;<\/p>\n","protected":false},"author":11,"featured_media":147131,"comment_status":"closed","ping_status":"open","sticky":false,"template":"","format":"standard","meta":{"_acf_changed":false,"_sitemap_exclude":false,"_sitemap_priority":"","_sitemap_frequency":"","footnotes":""},"categories":[60],"tags":[],"class_list":["post-202188","post","type-post","status-publish","format-standard","has-post-thumbnail","hentry","category-bolge","infinite-scroll-item","generate-columns","tablet-grid-50","mobile-grid-100","grid-parent","grid-33","no-featured-image-padding"],"acf":[],"yoast_head":"<!-- This site is optimized with the Yoast SEO plugin v27.5 - https:\/\/yoast.com\/product\/yoast-seo-wordpress\/ -->\n<title>Quba sakini: Evd\u0259 bir \u00e7imdik un yoxdu ki, n\u0259s\u0259 bi\u015firib u\u015faqlara verim - MEYDAN.TV<\/title>\n<meta name=\"robots\" content=\"index, follow, max-snippet:-1, max-image-preview:large, max-video-preview:-1\" \/>\n<link rel=\"canonical\" href=\"https:\/\/www.meydan.tv\/az\/article\/quba-sakini-evde-bir-cimdik-un-yoxdu-ki-nese-bisirib-usaqlara-verim\/\" \/>\n<meta property=\"og:locale\" content=\"az_AZ\" \/>\n<meta property=\"og:type\" content=\"article\" \/>\n<meta property=\"og:title\" content=\"Quba sakini: Evd\u0259 bir \u00e7imdik un yoxdu ki, n\u0259s\u0259 bi\u015firib u\u015faqlara verim - MEYDAN.TV\" \/>\n<meta property=\"og:description\" content=\"&quot;D\u00fcz-\u0259m\u0259lli d\u00f6\u015f\u0259m\u0259, tavan yoxdur, p\u0259nc\u0259r\u0259l\u0259r \u015f\u00fc\u015f\u0259siz qal\u0131b&quot;\" \/>\n<meta property=\"og:url\" content=\"https:\/\/www.meydan.tv\/az\/article\/quba-sakini-evde-bir-cimdik-un-yoxdu-ki-nese-bisirib-usaqlara-verim\/\" \/>\n<meta property=\"og:site_name\" content=\"MEYDAN.TV\" \/>\n<meta property=\"article:published_time\" content=\"2020-08-30T15:41:42+00:00\" \/>\n<meta property=\"og:image\" content=\"https:\/\/www.meydan.tv\/wp-content\/uploads\/copy_of_untitled9_2lfimsv.png\" \/>\n\t<meta property=\"og:image:width\" content=\"1000\" \/>\n\t<meta property=\"og:image:height\" content=\"555\" \/>\n\t<meta property=\"og:image:type\" content=\"image\/png\" \/>\n<meta name=\"author\" content=\"user-manager\" \/>\n<meta name=\"twitter:card\" content=\"summary_large_image\" \/>\n<script type=\"application\/ld+json\" class=\"yoast-schema-graph\">{\"@context\":\"https:\\\/\\\/schema.org\",\"@graph\":[{\"@type\":\"Article\",\"@id\":\"https:\\\/\\\/www.meydan.tv\\\/az\\\/article\\\/quba-sakini-evde-bir-cimdik-un-yoxdu-ki-nese-bisirib-usaqlara-verim\\\/#article\",\"isPartOf\":{\"@id\":\"https:\\\/\\\/www.meydan.tv\\\/az\\\/article\\\/quba-sakini-evde-bir-cimdik-un-yoxdu-ki-nese-bisirib-usaqlara-verim\\\/\"},\"author\":{\"name\":\"user-manager\",\"@id\":\"https:\\\/\\\/www.meydan.tv\\\/az\\\/#\\\/schema\\\/person\\\/10d11eccf6da3662cf5fdab9806ea91a\"},\"headline\":\"Quba sakini: Evd\u0259 bir \u00e7imdik un yoxdu ki, n\u0259s\u0259 bi\u015firib u\u015faqlara verim\",\"datePublished\":\"2020-08-30T15:41:42+00:00\",\"mainEntityOfPage\":{\"@id\":\"https:\\\/\\\/www.meydan.tv\\\/az\\\/article\\\/quba-sakini-evde-bir-cimdik-un-yoxdu-ki-nese-bisirib-usaqlara-verim\\\/\"},\"wordCount\":1265,\"publisher\":{\"@id\":\"https:\\\/\\\/www.meydan.tv\\\/az\\\/#organization\"},\"image\":{\"@id\":\"https:\\\/\\\/www.meydan.tv\\\/az\\\/article\\\/quba-sakini-evde-bir-cimdik-un-yoxdu-ki-nese-bisirib-usaqlara-verim\\\/#primaryimage\"},\"thumbnailUrl\":\"https:\\\/\\\/www.meydan.tv\\\/wp-content\\\/uploads\\\/copy_of_untitled9_2lfimsv.png\",\"articleSection\":[\"B\u00f6lg\u0259\"],\"inLanguage\":\"az\"},{\"@type\":\"WebPage\",\"@id\":\"https:\\\/\\\/www.meydan.tv\\\/az\\\/article\\\/quba-sakini-evde-bir-cimdik-un-yoxdu-ki-nese-bisirib-usaqlara-verim\\\/\",\"url\":\"https:\\\/\\\/www.meydan.tv\\\/az\\\/article\\\/quba-sakini-evde-bir-cimdik-un-yoxdu-ki-nese-bisirib-usaqlara-verim\\\/\",\"name\":\"Quba sakini: Evd\u0259 bir \u00e7imdik un yoxdu ki, n\u0259s\u0259 bi\u015firib u\u015faqlara verim - MEYDAN.TV\",\"isPartOf\":{\"@id\":\"https:\\\/\\\/www.meydan.tv\\\/az\\\/#website\"},\"primaryImageOfPage\":{\"@id\":\"https:\\\/\\\/www.meydan.tv\\\/az\\\/article\\\/quba-sakini-evde-bir-cimdik-un-yoxdu-ki-nese-bisirib-usaqlara-verim\\\/#primaryimage\"},\"image\":{\"@id\":\"https:\\\/\\\/www.meydan.tv\\\/az\\\/article\\\/quba-sakini-evde-bir-cimdik-un-yoxdu-ki-nese-bisirib-usaqlara-verim\\\/#primaryimage\"},\"thumbnailUrl\":\"https:\\\/\\\/www.meydan.tv\\\/wp-content\\\/uploads\\\/copy_of_untitled9_2lfimsv.png\",\"datePublished\":\"2020-08-30T15:41:42+00:00\",\"breadcrumb\":{\"@id\":\"https:\\\/\\\/www.meydan.tv\\\/az\\\/article\\\/quba-sakini-evde-bir-cimdik-un-yoxdu-ki-nese-bisirib-usaqlara-verim\\\/#breadcrumb\"},\"inLanguage\":\"az\",\"potentialAction\":[{\"@type\":\"ReadAction\",\"target\":[\"https:\\\/\\\/www.meydan.tv\\\/az\\\/article\\\/quba-sakini-evde-bir-cimdik-un-yoxdu-ki-nese-bisirib-usaqlara-verim\\\/\"]}]},{\"@type\":\"ImageObject\",\"inLanguage\":\"az\",\"@id\":\"https:\\\/\\\/www.meydan.tv\\\/az\\\/article\\\/quba-sakini-evde-bir-cimdik-un-yoxdu-ki-nese-bisirib-usaqlara-verim\\\/#primaryimage\",\"url\":\"https:\\\/\\\/www.meydan.tv\\\/wp-content\\\/uploads\\\/copy_of_untitled9_2lfimsv.png\",\"contentUrl\":\"https:\\\/\\\/www.meydan.tv\\\/wp-content\\\/uploads\\\/copy_of_untitled9_2lfimsv.png\",\"width\":1000,\"height\":555,\"caption\":\"Source: Meydan.TV\"},{\"@type\":\"BreadcrumbList\",\"@id\":\"https:\\\/\\\/www.meydan.tv\\\/az\\\/article\\\/quba-sakini-evde-bir-cimdik-un-yoxdu-ki-nese-bisirib-usaqlara-verim\\\/#breadcrumb\",\"itemListElement\":[{\"@type\":\"ListItem\",\"position\":1,\"name\":\"Ana s\u0259hif\u0259\",\"item\":\"https:\\\/\\\/www.meydan.tv\\\/az\\\/\"},{\"@type\":\"ListItem\",\"position\":2,\"name\":\"B\u00f6lg\u0259\",\"item\":\"https:\\\/\\\/www.meydan.tv\\\/az\\\/section\\\/bolge\\\/\"},{\"@type\":\"ListItem\",\"position\":3,\"name\":\"Quba sakini: Evd\u0259 bir \u00e7imdik un yoxdu ki, n\u0259s\u0259 bi\u015firib u\u015faqlara verim\"}]},{\"@type\":\"WebSite\",\"@id\":\"https:\\\/\\\/www.meydan.tv\\\/az\\\/#website\",\"url\":\"https:\\\/\\\/www.meydan.tv\\\/az\\\/\",\"name\":\"MEYDAN.TV\",\"description\":\"Meydan TV Az\u0259rbaycan\u0131n media m\u0259kan\u0131ndak\u0131 alternativ s\u0259sidir\",\"publisher\":{\"@id\":\"https:\\\/\\\/www.meydan.tv\\\/az\\\/#organization\"},\"potentialAction\":[{\"@type\":\"SearchAction\",\"target\":{\"@type\":\"EntryPoint\",\"urlTemplate\":\"https:\\\/\\\/www.meydan.tv\\\/az\\\/?s={search_term_string}\"},\"query-input\":{\"@type\":\"PropertyValueSpecification\",\"valueRequired\":true,\"valueName\":\"search_term_string\"}}],\"inLanguage\":\"az\"},{\"@type\":\"Organization\",\"@id\":\"https:\\\/\\\/www.meydan.tv\\\/az\\\/#organization\",\"name\":\"Meydan TV\",\"url\":\"https:\\\/\\\/www.meydan.tv\\\/az\\\/\",\"logo\":{\"@type\":\"ImageObject\",\"inLanguage\":\"az\",\"@id\":\"https:\\\/\\\/www.meydan.tv\\\/az\\\/#\\\/schema\\\/logo\\\/image\\\/\",\"url\":\"https:\\\/\\\/www.meydan.tv\\\/wp-content\\\/uploads\\\/2021\\\/07\\\/meydan-logo.svg\",\"contentUrl\":\"https:\\\/\\\/www.meydan.tv\\\/wp-content\\\/uploads\\\/2021\\\/07\\\/meydan-logo.svg\",\"width\":195,\"height\":46,\"caption\":\"Meydan TV\"},\"image\":{\"@id\":\"https:\\\/\\\/www.meydan.tv\\\/az\\\/#\\\/schema\\\/logo\\\/image\\\/\"}},{\"@type\":\"Person\",\"@id\":\"https:\\\/\\\/www.meydan.tv\\\/az\\\/#\\\/schema\\\/person\\\/10d11eccf6da3662cf5fdab9806ea91a\",\"name\":\"user-manager\"}]}<\/script>\n<!-- \/ Yoast SEO plugin. -->","yoast_head_json":{"title":"Quba sakini: Evd\u0259 bir \u00e7imdik un yoxdu ki, n\u0259s\u0259 bi\u015firib u\u015faqlara verim - MEYDAN.TV","robots":{"index":"index","follow":"follow","max-snippet":"max-snippet:-1","max-image-preview":"max-image-preview:large","max-video-preview":"max-video-preview:-1"},"canonical":"https:\/\/www.meydan.tv\/az\/article\/quba-sakini-evde-bir-cimdik-un-yoxdu-ki-nese-bisirib-usaqlara-verim\/","og_locale":"az_AZ","og_type":"article","og_title":"Quba sakini: Evd\u0259 bir \u00e7imdik un yoxdu ki, n\u0259s\u0259 bi\u015firib u\u015faqlara verim - MEYDAN.TV","og_description":"\"D\u00fcz-\u0259m\u0259lli d\u00f6\u015f\u0259m\u0259, tavan yoxdur, p\u0259nc\u0259r\u0259l\u0259r \u015f\u00fc\u015f\u0259siz qal\u0131b\"","og_url":"https:\/\/www.meydan.tv\/az\/article\/quba-sakini-evde-bir-cimdik-un-yoxdu-ki-nese-bisirib-usaqlara-verim\/","og_site_name":"MEYDAN.TV","article_published_time":"2020-08-30T15:41:42+00:00","og_image":[{"width":1000,"height":555,"url":"https:\/\/www.meydan.tv\/wp-content\/uploads\/copy_of_untitled9_2lfimsv.png","type":"image\/png"}],"author":"user-manager","twitter_card":"summary_large_image","schema":{"@context":"https:\/\/schema.org","@graph":[{"@type":"Article","@id":"https:\/\/www.meydan.tv\/az\/article\/quba-sakini-evde-bir-cimdik-un-yoxdu-ki-nese-bisirib-usaqlara-verim\/#article","isPartOf":{"@id":"https:\/\/www.meydan.tv\/az\/article\/quba-sakini-evde-bir-cimdik-un-yoxdu-ki-nese-bisirib-usaqlara-verim\/"},"author":{"name":"user-manager","@id":"https:\/\/www.meydan.tv\/az\/#\/schema\/person\/10d11eccf6da3662cf5fdab9806ea91a"},"headline":"Quba sakini: Evd\u0259 bir \u00e7imdik un yoxdu ki, n\u0259s\u0259 bi\u015firib u\u015faqlara verim","datePublished":"2020-08-30T15:41:42+00:00","mainEntityOfPage":{"@id":"https:\/\/www.meydan.tv\/az\/article\/quba-sakini-evde-bir-cimdik-un-yoxdu-ki-nese-bisirib-usaqlara-verim\/"},"wordCount":1265,"publisher":{"@id":"https:\/\/www.meydan.tv\/az\/#organization"},"image":{"@id":"https:\/\/www.meydan.tv\/az\/article\/quba-sakini-evde-bir-cimdik-un-yoxdu-ki-nese-bisirib-usaqlara-verim\/#primaryimage"},"thumbnailUrl":"https:\/\/www.meydan.tv\/wp-content\/uploads\/copy_of_untitled9_2lfimsv.png","articleSection":["B\u00f6lg\u0259"],"inLanguage":"az"},{"@type":"WebPage","@id":"https:\/\/www.meydan.tv\/az\/article\/quba-sakini-evde-bir-cimdik-un-yoxdu-ki-nese-bisirib-usaqlara-verim\/","url":"https:\/\/www.meydan.tv\/az\/article\/quba-sakini-evde-bir-cimdik-un-yoxdu-ki-nese-bisirib-usaqlara-verim\/","name":"Quba sakini: Evd\u0259 bir \u00e7imdik un yoxdu ki, n\u0259s\u0259 bi\u015firib u\u015faqlara verim - MEYDAN.TV","isPartOf":{"@id":"https:\/\/www.meydan.tv\/az\/#website"},"primaryImageOfPage":{"@id":"https:\/\/www.meydan.tv\/az\/article\/quba-sakini-evde-bir-cimdik-un-yoxdu-ki-nese-bisirib-usaqlara-verim\/#primaryimage"},"image":{"@id":"https:\/\/www.meydan.tv\/az\/article\/quba-sakini-evde-bir-cimdik-un-yoxdu-ki-nese-bisirib-usaqlara-verim\/#primaryimage"},"thumbnailUrl":"https:\/\/www.meydan.tv\/wp-content\/uploads\/copy_of_untitled9_2lfimsv.png","datePublished":"2020-08-30T15:41:42+00:00","breadcrumb":{"@id":"https:\/\/www.meydan.tv\/az\/article\/quba-sakini-evde-bir-cimdik-un-yoxdu-ki-nese-bisirib-usaqlara-verim\/#breadcrumb"},"inLanguage":"az","potentialAction":[{"@type":"ReadAction","target":["https:\/\/www.meydan.tv\/az\/article\/quba-sakini-evde-bir-cimdik-un-yoxdu-ki-nese-bisirib-usaqlara-verim\/"]}]},{"@type":"ImageObject","inLanguage":"az","@id":"https:\/\/www.meydan.tv\/az\/article\/quba-sakini-evde-bir-cimdik-un-yoxdu-ki-nese-bisirib-usaqlara-verim\/#primaryimage","url":"https:\/\/www.meydan.tv\/wp-content\/uploads\/copy_of_untitled9_2lfimsv.png","contentUrl":"https:\/\/www.meydan.tv\/wp-content\/uploads\/copy_of_untitled9_2lfimsv.png","width":1000,"height":555,"caption":"Source: Meydan.TV"},{"@type":"BreadcrumbList","@id":"https:\/\/www.meydan.tv\/az\/article\/quba-sakini-evde-bir-cimdik-un-yoxdu-ki-nese-bisirib-usaqlara-verim\/#breadcrumb","itemListElement":[{"@type":"ListItem","position":1,"name":"Ana s\u0259hif\u0259","item":"https:\/\/www.meydan.tv\/az\/"},{"@type":"ListItem","position":2,"name":"B\u00f6lg\u0259","item":"https:\/\/www.meydan.tv\/az\/section\/bolge\/"},{"@type":"ListItem","position":3,"name":"Quba sakini: Evd\u0259 bir \u00e7imdik un yoxdu ki, n\u0259s\u0259 bi\u015firib u\u015faqlara verim"}]},{"@type":"WebSite","@id":"https:\/\/www.meydan.tv\/az\/#website","url":"https:\/\/www.meydan.tv\/az\/","name":"MEYDAN.TV","description":"Meydan TV Az\u0259rbaycan\u0131n media m\u0259kan\u0131ndak\u0131 alternativ s\u0259sidir","publisher":{"@id":"https:\/\/www.meydan.tv\/az\/#organization"},"potentialAction":[{"@type":"SearchAction","target":{"@type":"EntryPoint","urlTemplate":"https:\/\/www.meydan.tv\/az\/?s={search_term_string}"},"query-input":{"@type":"PropertyValueSpecification","valueRequired":true,"valueName":"search_term_string"}}],"inLanguage":"az"},{"@type":"Organization","@id":"https:\/\/www.meydan.tv\/az\/#organization","name":"Meydan TV","url":"https:\/\/www.meydan.tv\/az\/","logo":{"@type":"ImageObject","inLanguage":"az","@id":"https:\/\/www.meydan.tv\/az\/#\/schema\/logo\/image\/","url":"https:\/\/www.meydan.tv\/wp-content\/uploads\/2021\/07\/meydan-logo.svg","contentUrl":"https:\/\/www.meydan.tv\/wp-content\/uploads\/2021\/07\/meydan-logo.svg","width":195,"height":46,"caption":"Meydan TV"},"image":{"@id":"https:\/\/www.meydan.tv\/az\/#\/schema\/logo\/image\/"}},{"@type":"Person","@id":"https:\/\/www.meydan.tv\/az\/#\/schema\/person\/10d11eccf6da3662cf5fdab9806ea91a","name":"user-manager"}]}},"_links":{"self":[{"href":"https:\/\/www.meydan.tv\/az\/wp-json\/wp\/v2\/posts\/202188","targetHints":{"allow":["GET"]}}],"collection":[{"href":"https:\/\/www.meydan.tv\/az\/wp-json\/wp\/v2\/posts"}],"about":[{"href":"https:\/\/www.meydan.tv\/az\/wp-json\/wp\/v2\/types\/post"}],"author":[{"embeddable":true,"href":"https:\/\/www.meydan.tv\/az\/wp-json\/wp\/v2\/users\/11"}],"replies":[{"embeddable":true,"href":"https:\/\/www.meydan.tv\/az\/wp-json\/wp\/v2\/comments?post=202188"}],"version-history":[{"count":0,"href":"https:\/\/www.meydan.tv\/az\/wp-json\/wp\/v2\/posts\/202188\/revisions"}],"wp:featuredmedia":[{"embeddable":true,"href":"https:\/\/www.meydan.tv\/az\/wp-json\/wp\/v2\/media\/147131"}],"wp:attachment":[{"href":"https:\/\/www.meydan.tv\/az\/wp-json\/wp\/v2\/media?parent=202188"}],"wp:term":[{"taxonomy":"category","embeddable":true,"href":"https:\/\/www.meydan.tv\/az\/wp-json\/wp\/v2\/categories?post=202188"},{"taxonomy":"post_tag","embeddable":true,"href":"https:\/\/www.meydan.tv\/az\/wp-json\/wp\/v2\/tags?post=202188"}],"curies":[{"name":"wp","href":"https:\/\/api.w.org\/{rel}","templated":true}]}}