{"id":202173,"date":"2020-08-28T13:47:10","date_gmt":"2020-08-28T13:47:10","guid":{"rendered":"https:\/\/www.meydan.tv\/article\/memurlar-tedbir-gorse-vetendaslar-her-problemden-otru-prezidenti-narahat-etmez\/"},"modified":"2020-08-28T13:47:10","modified_gmt":"2020-08-28T13:47:10","slug":"memurlar-tedbir-gorse-vetendaslar-her-problemden-otru-prezidenti-narahat-etmez","status":"publish","type":"post","link":"https:\/\/www.meydan.tv\/az\/article\/memurlar-tedbir-gorse-vetendaslar-her-problemden-otru-prezidenti-narahat-etmez\/","title":{"rendered":"\u201cM\u0259murlar t\u0259dbir g\u00f6rs\u0259, v\u0259t\u0259nda\u015flar h\u0259r problemd\u0259n \u00f6tr\u00fc prezidenti narahat etm\u0259z\u201d"},"content":{"rendered":"<p>\n  <i><br \/>\n    Sumqay\u0131t sakinl\u0259ri: \u201cEvimiz ba\u015f\u0131m\u0131za u\u00e7ur, \u00f6n\u0259ms\u0259y\u0259n yoxdur\u201d<br \/>\n  <\/i>\n<\/p>\n<p>\n  \u201cEvimiz ba\u015f\u0131m\u0131za u\u00e7ur. \u00d6lk\u0259d\u0259 m\u00fcraci\u0259t etm\u0259diyimiz qurum qalmay\u0131b. Ham\u0131s\u0131 bir-birinin \u00fcst\u00fcn\u0259 at\u0131r, baxm\u0131r. Sabah bina u\u00e7sa, 12 ail\u0259 50-d\u0259n \u00e7ox adam qalacaq alt\u0131nda. Onda bu faci\u0259d\u0259n kim cavabdeh olacaq? Kim ver\u0259c\u0259k bunun cavab\u0131n\u0131?\u201d\n<\/p>\n<p>\n  Sumqay\u0131t\u0131n 19-cu m\u0259h\u0259ll\u0259 adlanan \u0259razisind\u0259ki 15-ci binan\u0131n sakini N\u0259rmin Abdullayeva bel\u0259 deyir. Bildirir ki, bina istismar m\u00fcdd\u0259tini \u00e7oxdan ba\u015fa vurub, d\u00fczd\u00fcr, ancaq tam q\u0259zal\u0131 duruma d\u00fc\u015fm\u0259sin\u0259 s\u0259b\u0259b qon\u015fuluqdak\u0131 yeni tikili binad\u0131r.\n<\/p>\n<figure class=\"wp-block-image size-large\">\n  <img decoding=\"async\" src=\"https:\/\/www.meydan.tv\/az\/image_from_ios-2-jpg-170\/\" alt=\"image_from_ios (2).jpg\" class=\"wp-image-147031\"\/><figcaption>\n    19-cu m\u0259h\u0259ll\u0259<br \/>\n  <\/figcaption><\/figure>\n<p>\n  \u201cH\u0259min bina tikil\u0259n zaman buradan a\u011f\u0131rtonnajl\u0131 avtomobill\u0259r ke\u00e7irdi. Biz buna naraz\u0131l\u0131q etdik, dedik, bina silk\u0259l\u0259nir, ba\u015fqa yerd\u0259n ke\u00e7sin. Bina r\u0259hb\u0259rliyi biz\u0259 s\u00f6z verdi ki, buradan siz\u0259 d\u0259 m\u0259nzil veril\u0259c\u0259k. \u201c\u0130mkan verin, i\u015fimizi g\u00f6r\u0259k\u201d. Dedil\u0259r ki, bilirik, binan\u0131z onsuz da q\u0259zal\u0131d\u0131r:\n<\/p>\n<p>\n  \u201cSiz\u0259 ev laz\u0131md\u0131r, biz\u0259 d\u0259 i\u015fimizi g\u00f6rm\u0259k\u201d. Biz d\u0259 inand\u0131q, izin verdik. Bina tikilib ba\u015fa \u00e7atanda bizi tan\u0131mad\u0131lar\u201d.\n<\/p>\n<p>\n  <b><br \/>\n    \u201cN\u0259 ev verdil\u0259r, n\u0259 d\u0259 \u00fcz\u00fcm\u00fcz\u0259 baxd\u0131lar\u201d<br \/>\n  <\/b>\n<\/p>\n<p>\n  Sakinl\u0259rd\u0259n 76 ya\u015fl\u0131 H\u0259mid\u0259 M\u0259mm\u0259dova is\u0259 1962-ci ild\u0259n burada ya\u015fay\u0131r. Deyir, k\u00f6hn\u0259 bina idi. Qon\u015fuluqda h\u00fcnd\u00fcrm\u0259rt\u0259b\u0259li bina tikil\u0259nd\u0259n sonra ya\u015fad\u0131\u011f\u0131 bina daha da q\u0259zal\u0131 duruma d\u00fc\u015f\u00fcb:\n<\/p>\n<figure class=\"wp-block-image size-large\">\n  <img decoding=\"async\" src=\"https:\/\/www.meydan.tv\/az\/image_from_ios-6-jpg-95\/\" alt=\"image_from_ios (6).jpg\" class=\"wp-image-147034\"\/><figcaption>\n    &#8220;Bina silk\u0259l\u0259nir&#8221;<br \/>\n  <\/figcaption><\/figure>\n<p>\n  \u201cCamaat \u0259vv\u0259lc\u0259 qoymurdu buradan a\u011f\u0131rtonnajl\u0131 avtomobill\u0259r ke\u00e7sin. Dedil\u0259r, \u201cev veril\u0259c\u0259k\u201d. M\u0259n d\u0259 diz \u00e7\u00f6kd\u00fcm qon\u015fular\u0131m\u0131n qar\u015f\u0131s\u0131nda, yalvard\u0131m ki, imkan verin, i\u015fl\u0259rini g\u00f6rs\u00fcnl\u0259r. \u0130\u015fl\u0259rini g\u00f6rd\u00fcl\u0259r, binalar\u0131m\u0131z q\u0259zal\u0131 duruma d\u00fc\u015fd\u00fc, sonra aradan \u00e7\u0131xd\u0131lar. N\u0259 ev verdil\u0259r, n\u0259 d\u0259 \u00fcz\u00fcm\u00fcz\u0259 baxd\u0131lar. D\u0259f\u0259l\u0259rl\u0259 y\u00fck ma\u015f\u0131n\u0131n\u0131 evin k\u0259nar\u0131ndak\u0131 dir\u0259kl\u0259r\u0259 \u00e7\u0131rpd\u0131lar v\u0259 binan\u0131 daha da q\u0259zal\u0131 duruma sald\u0131lar. \u0130ndi u\u00e7ub ba\u015f\u0131m\u0131za t\u00f6k\u00fcl\u00fcr\u201d.\n<\/p>\n<p>\n  <b><br \/>\n    \u201cU\u00e7an evin dam\u0131n\u0131 d\u00fcz\u0259ltdil\u0259r, dedil\u0259r, \u201cq\u0259zal\u0131 deyil, oturun\u201d\u201d<br \/>\n  <\/b>\n<\/p>\n<p>\n  H\u0259mid\u0259 M\u0259mm\u0259dova deyir ki, evl\u0259rinin bu durumu il\u0259 ba\u011fl\u0131 d\u00f6vl\u0259t orqanlar\u0131na \u00e7ox gedib-g\u0259lib, \u0259riz\u0259l\u0259r yaz\u0131blar. H\u0259r d\u0259f\u0259sind\u0259 d\u0259 onlara \u201cg\u00f6zl\u0259yin, s\u00f6k\u00fcl\u0259c\u0259k\u201d, cavab\u0131 veribl\u0259r:\n<\/p>\n<figure class=\"wp-block-image size-large\">\n  <img decoding=\"async\" src=\"https:\/\/www.meydan.tv\/az\/image_from_ios-5-jpg-118\/\" alt=\"image_from_ios (5).jpg\" class=\"wp-image-147028\"\/><figcaption>\n    \u201cAx\u0131rda u\u00e7an evin dam\u0131n\u0131 d\u00fcz\u0259ltdil\u0259r, dedil\u0259r, \u201cq\u0259zal\u0131 deyil, oturun\u201d<br \/>\n  <\/figcaption><\/figure>\n<p>\n  \u201cAx\u0131rda u\u00e7an evin dam\u0131n\u0131 d\u00fcz\u0259ltdil\u0259r, dedil\u0259r, \u201cq\u0259zal\u0131 deyil, oturun\u201d. \u0130stiliyi d\u0259 yoxdur. M\u0259s\u0259l\u0259 budur, q\u0131\u015fda donuruq\u201d.\n<\/p>\n<p>\n  <b><br \/>\n    \u201cEvimiz g\u00fcn\u00fc-g\u00fcnd\u0259n k\u00f6hn\u0259lir, da\u011f\u0131l\u0131r, ax\u0131rda ba\u015f\u0131m\u0131za u\u00e7acaq\u201d<br \/>\n  <\/b>\n<\/p>\n<p>\n  H\u0259mid\u0259 M\u0259mm\u0259dovan\u0131n 3 otaql\u0131 m\u0259nzilinin 9 sakini var. Ancaq deyir, \u015f\u0259raitsizlikd\u0259n v\u0259 q\u0259zal\u0131 durumda oldu\u011fundan kims\u0259 burada qalm\u0131r:\n<\/p>\n<figure class=\"wp-block-image size-large\">\n  <img decoding=\"async\" src=\"https:\/\/www.meydan.tv\/az\/image_from_ios-12-jpg-15\/\" alt=\"image_from_ios (12).jpg\" class=\"wp-image-147049\"\/><figcaption>\n    &#8220;Evimiz g\u00fcn\u00fc-g\u00fcnd\u0259n k\u00f6hn\u0259lir, da\u011f\u0131l\u0131r&#8221;<br \/>\n  <\/figcaption><\/figure>\n<p>\n  \u201cHam\u0131s\u0131 kiray\u0259d\u0259 ya\u015fay\u0131r. T\u0259kc\u0259 o\u011flumdan ba\u015fqa. \u0130\u015f\u00e7\u0131x\u0131\u015f\u0131, gec\u0259l\u0259r g\u0259lib m\u0259niml\u0259 qal\u0131r. Yen\u0259 az da olsa ya\u015fanas\u0131 durumda idi. FHN g\u0259tirib dam\u0131n\u0131 d\u00fcz\u0259ltdir\u0259n\u0259d\u0259k. Yuxar\u0131 m\u0259rt\u0259b\u0259l\u0259rin evinin i\u00e7in\u0259 su dam\u0131rd\u0131. FHN bir-iki ay \u00f6nc\u0259 dam \u00f6rt\u00fcy\u00fcn\u00fc yenil\u0259di. Yenil\u0259nm\u0259 s\u0131ras\u0131nda evi daha da q\u0259zal\u0131 duruma sald\u0131lar. \u0130ndi h\u0259r t\u0259r\u0259find\u0259n i\u00e7\u0259ri n\u0259m verir. Bilmirik d\u0259rdimizi hara, kim\u0259 dey\u0259k. \u00c7\u00fcnki art\u0131q bel\u0259 bir qurum qalmay\u0131b. FHN-\u0259, Sumqay\u0131t \u015e\u0259h\u0259r \u0130cra Hakimiyy\u0259tin\u0259, Birinci Vitse-prezident Mehriban \u018fliyevaya, Prezident \u0130lham \u018fliyev\u0259 &#8211; h\u0259r yer\u0259 yazm\u0131\u015f\u0131q. \u018fslind\u0259 m\u0259murlar vaxt\u0131nda bir t\u0259dbir g\u00f6rs\u0259l\u0259r, v\u0259t\u0259nda\u015flar h\u0259r x\u0131rda problemd\u0259n \u00f6tr\u00fc prezidenti narahat etm\u0259z. Bir s\u00f6zl\u0259, m\u00fcraci\u0259tl\u0259rimizin he\u00e7 birinin n\u0259tic\u0259si olmay\u0131b. Evimiz g\u00fcn\u00fc-g\u00fcnd\u0259n k\u00f6hn\u0259lir, da\u011f\u0131l\u0131r, ax\u0131rda ba\u015f\u0131m\u0131za u\u00e7acaq\u201d.\n<\/p>\n<p>\n  <b><br \/>\n    \u201cQorxa-qorxa yat\u0131r\u0131q ki, bird\u0259n ev u\u00e7ar, qalar\u0131q alt\u0131nda\u201d<br \/>\n  <\/b>\n<\/p>\n<p>\n  N\u0259rmin Abdullayevan\u0131n 2 \u00f6vlad\u0131 var. H\u0259r ikisi azya\u015fl\u0131d\u0131r. Ya\u015fad\u0131\u011f\u0131 evd\u0259 is\u0259 4 azya\u015fl\u0131 b\u00f6y\u00fcy\u00fcr. Deyir, onlar \u00fc\u00e7\u00fcn bu evd\u0259 ya\u015fama\u011f\u0131n h\u0259r g\u00fcn\u00fc t\u0259hl\u00fck\u0259dir. H\u0259tta sonuncu d\u0259f\u0259 m\u0259tb\u0259xin tavan\u0131 \u00e7\u00f6k\u0259nd\u0259 az qal\u0131b 2 ya\u015fl\u0131 k\u00f6rp\u0259 alt\u0131nda qals\u0131n:\n<\/p>\n<figure class=\"wp-block-image size-large\">\n  <img decoding=\"async\" src=\"https:\/\/www.meydan.tv\/az\/image_from_ios-11-jpg-21\/\" alt=\"image_from_ios (11).jpg\" class=\"wp-image-147040\"\/><figcaption>\n    N\u0259rmin Abdullayeva<br \/>\n  <\/figcaption><\/figure>\n<p>\n  \u201cH\u0259r g\u00fcn qorxa-qorxa yat\u0131r\u0131q ki, bird\u0259n ev u\u00e7ar, qalar\u0131q alt\u0131nda. H\u0259qiq\u0259t\u0259n v\u0259ziyy\u0259t ac\u0131nacaql\u0131d\u0131r. Qayn\u0131mgill\u0259 bir evd\u0259 ya\u015fay\u0131r\u0131q. H\u0259r\u0259mizd\u0259 2 u\u015faqd\u0131r. Onlar \u00fc\u00e7\u00fcn \u00e7ox narahat\u0131q. Ev \u00e7\u00fcr\u00fcy\u00fcb, deyir, \u201cm\u0259nd\u0259n \u0259l \u00e7\u0259kin\u201d. Nec\u0259 \u00e7\u0259k\u0259k? N\u0259yimiz var ki, ged\u0259k \u00f6z\u00fcm\u00fcz\u0259 ev alaq? \u015eikay\u0259t ed\u0259nd\u0259 d\u0259 deyirl\u0259r ki, m\u0259rk\u0259zd\u0259 qal\u0131rs\u0131z, d\u0259rdiniz n\u0259dir? Anlam\u0131rlar ki, ev ba\u015f\u0131m\u0131za u\u00e7ur, n\u0259 ed\u0259k m\u0259rk\u0259zi? M\u0259rk\u0259zd\u0259 ya\u015fay\u0131r\u0131q, amma vanna ota\u011f\u0131m\u0131z yoxdur. Yolda\u015f\u0131m 320 manat maa\u015f al\u0131r. 2 u\u015faqla yem\u0259yimizi g\u00fccl\u0259 \u00f6d\u0259yirik. Qald\u0131, \u00f6z\u00fcm\u00fcz\u0259 ev alaq, yaxud kiray\u0259 m\u0259nzil\u0259 \u00e7\u0131xaq. Buna imkan\u0131m\u0131za yoxdur\u201d.\n<\/p>\n<p>\n  <b><br \/>\n    \u0130cra Hakimiyy\u0259ti: \u201cR\u0259y verildikd\u0259n sonra m\u0259s\u0259l\u0259y\u0259 aidiyyat\u0131<br \/>\n  <\/b><br \/>\n  <b><br \/>\n    \u00fczr\u0259 bax\u0131lacaq\u201d<br \/>\n  <\/b>\n<\/p>\n<p>\n  Meydan TV m\u0259s\u0259l\u0259y\u0259 m\u00fcnasib\u0259t \u00f6yr\u0259nm\u0259k \u00fc\u00e7\u00fcn Sumqay\u0131t \u015e\u0259h\u0259r \u0130cra Hakimiyy\u0259tin\u0259 m\u00fcraci\u0259t edib. \u0130cra hakimiyy\u0259tind\u0259n bildirilib ki, qeyd olunan \u015fikay\u0259tl\u0259 ba\u011fl\u0131 Sumqay\u0131t \u015e\u0259h\u0259r \u0130cra Hakimiyy\u0259ti t\u0259r\u0259find\u0259n binaya bax\u0131\u015f ke\u00e7irilib. Binan\u0131n q\u0259zal\u0131 v\u0259ziyy\u0259td\u0259 olub-olmamas\u0131 il\u0259 ba\u011fl\u0131 r\u0259yin verilm\u0259si \u00fc\u00e7\u00fcn aidiyyat\u0131 qurumlara m\u00fcraci\u0259t \u00fcnvanlan\u0131b:\n<\/p>\n<figure class=\"wp-block-image size-large\">\n  <img decoding=\"async\" src=\"https:\/\/www.meydan.tv\/az\/sumqayit_seher_icra_hakimiyyeti-jpg\/\" alt=\"Sumqay\u0131t_\u015f\u0259h\u0259r_\u0130cra_Hakimiyy\u0259ti.jpg\" class=\"wp-image-147016\"\/><figcaption>\n    Sumqay\u0131t \u0130cra Hakimiyy\u0259ti<br \/>\n  <\/figcaption><\/figure>\n<p>\n  \u201cBinan\u0131n q\u0259zal\u0131 v\u0259ziyy\u0259td\u0259 olub-olmamas\u0131 il\u0259 ba\u011fl\u0131 r\u0259y verildikd\u0259n sonra m\u0259s\u0259l\u0259y\u0259 aidiyyat\u0131 \u00fczr\u0259 bax\u0131lacaq\u201d.\n<\/p>\n<p>\n  F\u00f6vq\u0259lad\u0259 Hallar Nazirliyind\u0259n is\u0259 m\u0259lumat\u0131 ara\u015fd\u0131racaqlar\u0131n\u0131 s\u00f6yl\u0259yibl\u0259r.<\/p>\n","protected":false},"excerpt":{"rendered":"<p>&#8220;Bina tikilib ba\u015fa \u00e7atanda bizi tan\u0131mad\u0131lar\u201d.<\/p>\n","protected":false},"author":11,"featured_media":147037,"comment_status":"closed","ping_status":"open","sticky":false,"template":"","format":"standard","meta":{"_acf_changed":false,"_sitemap_exclude":false,"_sitemap_priority":"","_sitemap_frequency":"","footnotes":""},"categories":[60],"tags":[],"class_list":["post-202173","post","type-post","status-publish","format-standard","has-post-thumbnail","hentry","category-bolge","infinite-scroll-item","generate-columns","tablet-grid-50","mobile-grid-100","grid-parent","grid-33","no-featured-image-padding"],"acf":[],"yoast_head":"<!-- This site is optimized with the Yoast SEO plugin v27.5 - https:\/\/yoast.com\/product\/yoast-seo-wordpress\/ -->\n<title>\u201cM\u0259murlar t\u0259dbir g\u00f6rs\u0259, v\u0259t\u0259nda\u015flar h\u0259r problemd\u0259n \u00f6tr\u00fc prezidenti narahat etm\u0259z\u201d - MEYDAN.TV<\/title>\n<meta name=\"robots\" content=\"index, follow, max-snippet:-1, max-image-preview:large, max-video-preview:-1\" \/>\n<link rel=\"canonical\" href=\"https:\/\/www.meydan.tv\/az\/article\/memurlar-tedbir-gorse-vetendaslar-her-problemden-otru-prezidenti-narahat-etmez\/\" \/>\n<meta property=\"og:locale\" content=\"az_AZ\" \/>\n<meta property=\"og:type\" content=\"article\" \/>\n<meta property=\"og:title\" content=\"\u201cM\u0259murlar t\u0259dbir g\u00f6rs\u0259, v\u0259t\u0259nda\u015flar h\u0259r problemd\u0259n \u00f6tr\u00fc prezidenti narahat etm\u0259z\u201d - MEYDAN.TV\" \/>\n<meta property=\"og:description\" content=\"&quot;Bina tikilib ba\u015fa \u00e7atanda bizi tan\u0131mad\u0131lar\u201d.\" \/>\n<meta property=\"og:url\" content=\"https:\/\/www.meydan.tv\/az\/article\/memurlar-tedbir-gorse-vetendaslar-her-problemden-otru-prezidenti-narahat-etmez\/\" \/>\n<meta property=\"og:site_name\" content=\"MEYDAN.TV\" \/>\n<meta property=\"article:published_time\" content=\"2020-08-28T13:47:10+00:00\" \/>\n<meta property=\"og:image\" content=\"https:\/\/www.meydan.tv\/wp-content\/uploads\/image_from_ios_7_26ulbsn-scaled.jpg\" \/>\n\t<meta property=\"og:image:width\" content=\"2560\" \/>\n\t<meta property=\"og:image:height\" content=\"1920\" \/>\n\t<meta property=\"og:image:type\" content=\"image\/jpeg\" \/>\n<meta name=\"author\" content=\"user-manager\" \/>\n<meta name=\"twitter:card\" content=\"summary_large_image\" \/>\n<script type=\"application\/ld+json\" class=\"yoast-schema-graph\">{\"@context\":\"https:\\\/\\\/schema.org\",\"@graph\":[{\"@type\":\"Article\",\"@id\":\"https:\\\/\\\/www.meydan.tv\\\/az\\\/article\\\/memurlar-tedbir-gorse-vetendaslar-her-problemden-otru-prezidenti-narahat-etmez\\\/#article\",\"isPartOf\":{\"@id\":\"https:\\\/\\\/www.meydan.tv\\\/az\\\/article\\\/memurlar-tedbir-gorse-vetendaslar-her-problemden-otru-prezidenti-narahat-etmez\\\/\"},\"author\":{\"name\":\"user-manager\",\"@id\":\"https:\\\/\\\/www.meydan.tv\\\/az\\\/#\\\/schema\\\/person\\\/10d11eccf6da3662cf5fdab9806ea91a\"},\"headline\":\"\u201cM\u0259murlar t\u0259dbir g\u00f6rs\u0259, v\u0259t\u0259nda\u015flar h\u0259r problemd\u0259n \u00f6tr\u00fc prezidenti narahat etm\u0259z\u201d\",\"datePublished\":\"2020-08-28T13:47:10+00:00\",\"mainEntityOfPage\":{\"@id\":\"https:\\\/\\\/www.meydan.tv\\\/az\\\/article\\\/memurlar-tedbir-gorse-vetendaslar-her-problemden-otru-prezidenti-narahat-etmez\\\/\"},\"wordCount\":1109,\"publisher\":{\"@id\":\"https:\\\/\\\/www.meydan.tv\\\/az\\\/#organization\"},\"image\":{\"@id\":\"https:\\\/\\\/www.meydan.tv\\\/az\\\/article\\\/memurlar-tedbir-gorse-vetendaslar-her-problemden-otru-prezidenti-narahat-etmez\\\/#primaryimage\"},\"thumbnailUrl\":\"https:\\\/\\\/www.meydan.tv\\\/wp-content\\\/uploads\\\/image_from_ios_7_26ulbsn-scaled.jpg\",\"articleSection\":[\"B\u00f6lg\u0259\"],\"inLanguage\":\"az\"},{\"@type\":\"WebPage\",\"@id\":\"https:\\\/\\\/www.meydan.tv\\\/az\\\/article\\\/memurlar-tedbir-gorse-vetendaslar-her-problemden-otru-prezidenti-narahat-etmez\\\/\",\"url\":\"https:\\\/\\\/www.meydan.tv\\\/az\\\/article\\\/memurlar-tedbir-gorse-vetendaslar-her-problemden-otru-prezidenti-narahat-etmez\\\/\",\"name\":\"\u201cM\u0259murlar t\u0259dbir g\u00f6rs\u0259, v\u0259t\u0259nda\u015flar h\u0259r problemd\u0259n \u00f6tr\u00fc prezidenti narahat etm\u0259z\u201d - MEYDAN.TV\",\"isPartOf\":{\"@id\":\"https:\\\/\\\/www.meydan.tv\\\/az\\\/#website\"},\"primaryImageOfPage\":{\"@id\":\"https:\\\/\\\/www.meydan.tv\\\/az\\\/article\\\/memurlar-tedbir-gorse-vetendaslar-her-problemden-otru-prezidenti-narahat-etmez\\\/#primaryimage\"},\"image\":{\"@id\":\"https:\\\/\\\/www.meydan.tv\\\/az\\\/article\\\/memurlar-tedbir-gorse-vetendaslar-her-problemden-otru-prezidenti-narahat-etmez\\\/#primaryimage\"},\"thumbnailUrl\":\"https:\\\/\\\/www.meydan.tv\\\/wp-content\\\/uploads\\\/image_from_ios_7_26ulbsn-scaled.jpg\",\"datePublished\":\"2020-08-28T13:47:10+00:00\",\"breadcrumb\":{\"@id\":\"https:\\\/\\\/www.meydan.tv\\\/az\\\/article\\\/memurlar-tedbir-gorse-vetendaslar-her-problemden-otru-prezidenti-narahat-etmez\\\/#breadcrumb\"},\"inLanguage\":\"az\",\"potentialAction\":[{\"@type\":\"ReadAction\",\"target\":[\"https:\\\/\\\/www.meydan.tv\\\/az\\\/article\\\/memurlar-tedbir-gorse-vetendaslar-her-problemden-otru-prezidenti-narahat-etmez\\\/\"]}]},{\"@type\":\"ImageObject\",\"inLanguage\":\"az\",\"@id\":\"https:\\\/\\\/www.meydan.tv\\\/az\\\/article\\\/memurlar-tedbir-gorse-vetendaslar-her-problemden-otru-prezidenti-narahat-etmez\\\/#primaryimage\",\"url\":\"https:\\\/\\\/www.meydan.tv\\\/wp-content\\\/uploads\\\/image_from_ios_7_26ulbsn-scaled.jpg\",\"contentUrl\":\"https:\\\/\\\/www.meydan.tv\\\/wp-content\\\/uploads\\\/image_from_ios_7_26ulbsn-scaled.jpg\",\"width\":2560,\"height\":1920,\"caption\":\"Source: Specify Source\"},{\"@type\":\"BreadcrumbList\",\"@id\":\"https:\\\/\\\/www.meydan.tv\\\/az\\\/article\\\/memurlar-tedbir-gorse-vetendaslar-her-problemden-otru-prezidenti-narahat-etmez\\\/#breadcrumb\",\"itemListElement\":[{\"@type\":\"ListItem\",\"position\":1,\"name\":\"Ana s\u0259hif\u0259\",\"item\":\"https:\\\/\\\/www.meydan.tv\\\/az\\\/\"},{\"@type\":\"ListItem\",\"position\":2,\"name\":\"B\u00f6lg\u0259\",\"item\":\"https:\\\/\\\/www.meydan.tv\\\/az\\\/section\\\/bolge\\\/\"},{\"@type\":\"ListItem\",\"position\":3,\"name\":\"\u201cM\u0259murlar t\u0259dbir g\u00f6rs\u0259, v\u0259t\u0259nda\u015flar h\u0259r problemd\u0259n \u00f6tr\u00fc prezidenti narahat etm\u0259z\u201d\"}]},{\"@type\":\"WebSite\",\"@id\":\"https:\\\/\\\/www.meydan.tv\\\/az\\\/#website\",\"url\":\"https:\\\/\\\/www.meydan.tv\\\/az\\\/\",\"name\":\"MEYDAN.TV\",\"description\":\"Meydan TV Az\u0259rbaycan\u0131n media m\u0259kan\u0131ndak\u0131 alternativ s\u0259sidir\",\"publisher\":{\"@id\":\"https:\\\/\\\/www.meydan.tv\\\/az\\\/#organization\"},\"potentialAction\":[{\"@type\":\"SearchAction\",\"target\":{\"@type\":\"EntryPoint\",\"urlTemplate\":\"https:\\\/\\\/www.meydan.tv\\\/az\\\/?s={search_term_string}\"},\"query-input\":{\"@type\":\"PropertyValueSpecification\",\"valueRequired\":true,\"valueName\":\"search_term_string\"}}],\"inLanguage\":\"az\"},{\"@type\":\"Organization\",\"@id\":\"https:\\\/\\\/www.meydan.tv\\\/az\\\/#organization\",\"name\":\"Meydan TV\",\"url\":\"https:\\\/\\\/www.meydan.tv\\\/az\\\/\",\"logo\":{\"@type\":\"ImageObject\",\"inLanguage\":\"az\",\"@id\":\"https:\\\/\\\/www.meydan.tv\\\/az\\\/#\\\/schema\\\/logo\\\/image\\\/\",\"url\":\"https:\\\/\\\/www.meydan.tv\\\/wp-content\\\/uploads\\\/2021\\\/07\\\/meydan-logo.svg\",\"contentUrl\":\"https:\\\/\\\/www.meydan.tv\\\/wp-content\\\/uploads\\\/2021\\\/07\\\/meydan-logo.svg\",\"width\":195,\"height\":46,\"caption\":\"Meydan TV\"},\"image\":{\"@id\":\"https:\\\/\\\/www.meydan.tv\\\/az\\\/#\\\/schema\\\/logo\\\/image\\\/\"}},{\"@type\":\"Person\",\"@id\":\"https:\\\/\\\/www.meydan.tv\\\/az\\\/#\\\/schema\\\/person\\\/10d11eccf6da3662cf5fdab9806ea91a\",\"name\":\"user-manager\"}]}<\/script>\n<!-- \/ Yoast SEO plugin. -->","yoast_head_json":{"title":"\u201cM\u0259murlar t\u0259dbir g\u00f6rs\u0259, v\u0259t\u0259nda\u015flar h\u0259r problemd\u0259n \u00f6tr\u00fc prezidenti narahat etm\u0259z\u201d - MEYDAN.TV","robots":{"index":"index","follow":"follow","max-snippet":"max-snippet:-1","max-image-preview":"max-image-preview:large","max-video-preview":"max-video-preview:-1"},"canonical":"https:\/\/www.meydan.tv\/az\/article\/memurlar-tedbir-gorse-vetendaslar-her-problemden-otru-prezidenti-narahat-etmez\/","og_locale":"az_AZ","og_type":"article","og_title":"\u201cM\u0259murlar t\u0259dbir g\u00f6rs\u0259, v\u0259t\u0259nda\u015flar h\u0259r problemd\u0259n \u00f6tr\u00fc prezidenti narahat etm\u0259z\u201d - MEYDAN.TV","og_description":"\"Bina tikilib ba\u015fa \u00e7atanda bizi tan\u0131mad\u0131lar\u201d.","og_url":"https:\/\/www.meydan.tv\/az\/article\/memurlar-tedbir-gorse-vetendaslar-her-problemden-otru-prezidenti-narahat-etmez\/","og_site_name":"MEYDAN.TV","article_published_time":"2020-08-28T13:47:10+00:00","og_image":[{"width":2560,"height":1920,"url":"https:\/\/www.meydan.tv\/wp-content\/uploads\/image_from_ios_7_26ulbsn-scaled.jpg","type":"image\/jpeg"}],"author":"user-manager","twitter_card":"summary_large_image","schema":{"@context":"https:\/\/schema.org","@graph":[{"@type":"Article","@id":"https:\/\/www.meydan.tv\/az\/article\/memurlar-tedbir-gorse-vetendaslar-her-problemden-otru-prezidenti-narahat-etmez\/#article","isPartOf":{"@id":"https:\/\/www.meydan.tv\/az\/article\/memurlar-tedbir-gorse-vetendaslar-her-problemden-otru-prezidenti-narahat-etmez\/"},"author":{"name":"user-manager","@id":"https:\/\/www.meydan.tv\/az\/#\/schema\/person\/10d11eccf6da3662cf5fdab9806ea91a"},"headline":"\u201cM\u0259murlar t\u0259dbir g\u00f6rs\u0259, v\u0259t\u0259nda\u015flar h\u0259r problemd\u0259n \u00f6tr\u00fc prezidenti narahat etm\u0259z\u201d","datePublished":"2020-08-28T13:47:10+00:00","mainEntityOfPage":{"@id":"https:\/\/www.meydan.tv\/az\/article\/memurlar-tedbir-gorse-vetendaslar-her-problemden-otru-prezidenti-narahat-etmez\/"},"wordCount":1109,"publisher":{"@id":"https:\/\/www.meydan.tv\/az\/#organization"},"image":{"@id":"https:\/\/www.meydan.tv\/az\/article\/memurlar-tedbir-gorse-vetendaslar-her-problemden-otru-prezidenti-narahat-etmez\/#primaryimage"},"thumbnailUrl":"https:\/\/www.meydan.tv\/wp-content\/uploads\/image_from_ios_7_26ulbsn-scaled.jpg","articleSection":["B\u00f6lg\u0259"],"inLanguage":"az"},{"@type":"WebPage","@id":"https:\/\/www.meydan.tv\/az\/article\/memurlar-tedbir-gorse-vetendaslar-her-problemden-otru-prezidenti-narahat-etmez\/","url":"https:\/\/www.meydan.tv\/az\/article\/memurlar-tedbir-gorse-vetendaslar-her-problemden-otru-prezidenti-narahat-etmez\/","name":"\u201cM\u0259murlar t\u0259dbir g\u00f6rs\u0259, v\u0259t\u0259nda\u015flar h\u0259r problemd\u0259n \u00f6tr\u00fc prezidenti narahat etm\u0259z\u201d - MEYDAN.TV","isPartOf":{"@id":"https:\/\/www.meydan.tv\/az\/#website"},"primaryImageOfPage":{"@id":"https:\/\/www.meydan.tv\/az\/article\/memurlar-tedbir-gorse-vetendaslar-her-problemden-otru-prezidenti-narahat-etmez\/#primaryimage"},"image":{"@id":"https:\/\/www.meydan.tv\/az\/article\/memurlar-tedbir-gorse-vetendaslar-her-problemden-otru-prezidenti-narahat-etmez\/#primaryimage"},"thumbnailUrl":"https:\/\/www.meydan.tv\/wp-content\/uploads\/image_from_ios_7_26ulbsn-scaled.jpg","datePublished":"2020-08-28T13:47:10+00:00","breadcrumb":{"@id":"https:\/\/www.meydan.tv\/az\/article\/memurlar-tedbir-gorse-vetendaslar-her-problemden-otru-prezidenti-narahat-etmez\/#breadcrumb"},"inLanguage":"az","potentialAction":[{"@type":"ReadAction","target":["https:\/\/www.meydan.tv\/az\/article\/memurlar-tedbir-gorse-vetendaslar-her-problemden-otru-prezidenti-narahat-etmez\/"]}]},{"@type":"ImageObject","inLanguage":"az","@id":"https:\/\/www.meydan.tv\/az\/article\/memurlar-tedbir-gorse-vetendaslar-her-problemden-otru-prezidenti-narahat-etmez\/#primaryimage","url":"https:\/\/www.meydan.tv\/wp-content\/uploads\/image_from_ios_7_26ulbsn-scaled.jpg","contentUrl":"https:\/\/www.meydan.tv\/wp-content\/uploads\/image_from_ios_7_26ulbsn-scaled.jpg","width":2560,"height":1920,"caption":"Source: Specify Source"},{"@type":"BreadcrumbList","@id":"https:\/\/www.meydan.tv\/az\/article\/memurlar-tedbir-gorse-vetendaslar-her-problemden-otru-prezidenti-narahat-etmez\/#breadcrumb","itemListElement":[{"@type":"ListItem","position":1,"name":"Ana s\u0259hif\u0259","item":"https:\/\/www.meydan.tv\/az\/"},{"@type":"ListItem","position":2,"name":"B\u00f6lg\u0259","item":"https:\/\/www.meydan.tv\/az\/section\/bolge\/"},{"@type":"ListItem","position":3,"name":"\u201cM\u0259murlar t\u0259dbir g\u00f6rs\u0259, v\u0259t\u0259nda\u015flar h\u0259r problemd\u0259n \u00f6tr\u00fc prezidenti narahat etm\u0259z\u201d"}]},{"@type":"WebSite","@id":"https:\/\/www.meydan.tv\/az\/#website","url":"https:\/\/www.meydan.tv\/az\/","name":"MEYDAN.TV","description":"Meydan TV Az\u0259rbaycan\u0131n media m\u0259kan\u0131ndak\u0131 alternativ s\u0259sidir","publisher":{"@id":"https:\/\/www.meydan.tv\/az\/#organization"},"potentialAction":[{"@type":"SearchAction","target":{"@type":"EntryPoint","urlTemplate":"https:\/\/www.meydan.tv\/az\/?s={search_term_string}"},"query-input":{"@type":"PropertyValueSpecification","valueRequired":true,"valueName":"search_term_string"}}],"inLanguage":"az"},{"@type":"Organization","@id":"https:\/\/www.meydan.tv\/az\/#organization","name":"Meydan TV","url":"https:\/\/www.meydan.tv\/az\/","logo":{"@type":"ImageObject","inLanguage":"az","@id":"https:\/\/www.meydan.tv\/az\/#\/schema\/logo\/image\/","url":"https:\/\/www.meydan.tv\/wp-content\/uploads\/2021\/07\/meydan-logo.svg","contentUrl":"https:\/\/www.meydan.tv\/wp-content\/uploads\/2021\/07\/meydan-logo.svg","width":195,"height":46,"caption":"Meydan TV"},"image":{"@id":"https:\/\/www.meydan.tv\/az\/#\/schema\/logo\/image\/"}},{"@type":"Person","@id":"https:\/\/www.meydan.tv\/az\/#\/schema\/person\/10d11eccf6da3662cf5fdab9806ea91a","name":"user-manager"}]}},"_links":{"self":[{"href":"https:\/\/www.meydan.tv\/az\/wp-json\/wp\/v2\/posts\/202173","targetHints":{"allow":["GET"]}}],"collection":[{"href":"https:\/\/www.meydan.tv\/az\/wp-json\/wp\/v2\/posts"}],"about":[{"href":"https:\/\/www.meydan.tv\/az\/wp-json\/wp\/v2\/types\/post"}],"author":[{"embeddable":true,"href":"https:\/\/www.meydan.tv\/az\/wp-json\/wp\/v2\/users\/11"}],"replies":[{"embeddable":true,"href":"https:\/\/www.meydan.tv\/az\/wp-json\/wp\/v2\/comments?post=202173"}],"version-history":[{"count":0,"href":"https:\/\/www.meydan.tv\/az\/wp-json\/wp\/v2\/posts\/202173\/revisions"}],"wp:featuredmedia":[{"embeddable":true,"href":"https:\/\/www.meydan.tv\/az\/wp-json\/wp\/v2\/media\/147037"}],"wp:attachment":[{"href":"https:\/\/www.meydan.tv\/az\/wp-json\/wp\/v2\/media?parent=202173"}],"wp:term":[{"taxonomy":"category","embeddable":true,"href":"https:\/\/www.meydan.tv\/az\/wp-json\/wp\/v2\/categories?post=202173"},{"taxonomy":"post_tag","embeddable":true,"href":"https:\/\/www.meydan.tv\/az\/wp-json\/wp\/v2\/tags?post=202173"}],"curies":[{"name":"wp","href":"https:\/\/api.w.org\/{rel}","templated":true}]}}