{"id":202171,"date":"2020-08-28T14:33:37","date_gmt":"2020-08-28T14:33:37","guid":{"rendered":"https:\/\/www.meydan.tv\/article\/hebsde-olan-cebhecinin-durumu-ile-bagli-subheler-var\/"},"modified":"2020-08-28T14:33:37","modified_gmt":"2020-08-28T14:33:37","slug":"hebsde-olan-cebhecinin-durumu-ile-bagli-subheler-var","status":"publish","type":"post","link":"https:\/\/www.meydan.tv\/az\/article\/hebsde-olan-cebhecinin-durumu-ile-bagli-subheler-var\/","title":{"rendered":"H\u0259bsd\u0259 olan c\u0259bh\u0259\u00e7inin durumu il\u0259 ba\u011fl\u0131 \u015f\u00fcbh\u0259l\u0259r var"},"content":{"rendered":"<p>\n  <i><br \/>\n    Ail\u0259 \u00fczvl\u0259ri v\u0259 v\u0259kili il\u0259 g\u00f6r\u00fc\u015f\u0259 bilm\u0259y\u0259n Ramid Na\u011f\u0131yevi \u00f6z m\u0259hk\u0259m\u0259sin\u0259 d\u0259 g\u0259tirm\u0259yibl\u0259r<br \/>\n  <\/i>\n<\/p>\n<p>\n  Az\u0259rbaycan Xalq C\u0259bh\u0259si Partiyas\u0131n\u0131n (AXCP) T\u0259\u015fkilat Komit\u0259sinin \u00fczv\u00fc Ramid Na\u011f\u0131yevin h\u0259bsind\u0259n bir aydan \u00e7ox vaxt ke\u00e7ir. Amma o, h\u0259l\u0259 d\u0259 n\u0259 v\u0259kili il\u0259 g\u00f6r\u00fc\u015f\u0259 bilib, n\u0259 d\u0259 ail\u0259 \u00fczvl\u0259ril\u0259. Partiyan\u0131n m\u0259tbuat xidm\u0259tind\u0259n Meydan TV-y\u0259 veril\u0259n m\u0259lumatda bildirilir ki, R.Na\u011f\u0131yevin ail\u0259 \u00fczvl\u0259ril\u0259 h\u0259ft\u0259d\u0259 iki d\u0259f\u0259 telefonla dan\u0131\u015fmaq h\u00fcququ da t\u0259min olunmur.\n<\/p>\n<p>\n  Avqustun 27-d\u0259 N\u0259simi Rayon M\u0259hk\u0259m\u0259sind\u0259 R.Na\u011f\u0131yevin ev dustaql\u0131\u011f\u0131na burax\u0131lmas\u0131 bar\u0259d\u0259 onun v\u0259kilinin v\u0259sat\u0259tin\u0259 bax\u0131lmal\u0131yd\u0131. V\u0259kil Aqil Lay\u0131c m\u0259hk\u0259m\u0259 bax\u0131\u015f\u0131nda h\u00fcquqlar\u0131n\u0131 m\u00fcdafi\u0259 etdiyi \u015f\u0259xsin \u00f6z\u00fcn\u00fcn d\u0259 i\u015ftirak\u0131n\u0131 ist\u0259yib. Lakin c\u0259bh\u0259\u00e7i g\u0259nci m\u0259hk\u0259m\u0259y\u0259 g\u0259tirm\u0259yibl\u0259r. Bu \u00fczd\u0259n v\u0259kil m\u0259hk\u0259m\u0259 prosesinin t\u0259xir\u0259 sal\u0131nmas\u0131n\u0131 ist\u0259yib, v\u0259sat\u0259t\u0259 m\u00fcv\u0259kkilinin i\u015ftirak\u0131 olmadan bax\u0131lmas\u0131na etiraz edib. M\u0259hk\u0259m\u0259 t\u0259xir\u0259 sal\u0131n\u0131b.\n<\/p>\n<p>\n  R.Na\u011f\u0131yev iyulun 18-d\u0259n h\u0259bsd\u0259dir. O, Qaraba\u011fa d\u0259st\u0259k y\u00fcr\u00fc\u015f\u00fc il\u0259 ba\u011fl\u0131 cinay\u0259t i\u015fi \u00fczr\u0259 t\u0259qsirl\u0259ndirilir. Bar\u0259sind\u0259 N\u0259simi Rayon M\u0259hk\u0259m\u0259sinin q\u0259rar\u0131yla ilkin istintaq d\u00f6vr\u00fc \u00fc\u00e7\u00fcn 3 ayl\u0131q h\u0259bs-q\u0259timkan t\u0259dbiri se\u00e7ilib.\n<\/p>\n<p>\n  \u201cM\u0259hk\u0259m\u0259nin q\u0259rar\u0131nda onun istintaq d\u00f6vr\u00fcnd\u0259 saxlanma yeri kimi Bak\u0131 \u0130stintaq T\u0259cridxanas\u0131 g\u00f6st\u0259rils\u0259 d\u0259, Ramid Na\u011f\u0131yev o vaxtdan Penitensiar Xidm\u0259tin \u0130xtisasla\u015fd\u0131r\u0131lm\u0131\u015f M\u00fcalic\u0259 M\u00fc\u0259ssis\u0259sind\u0259 saxlan\u0131l\u0131r. Orada \u0259sas\u0259n v\u0259r\u0259mli m\u0259hbuslar saxlan\u0131l\u0131rd\u0131. Pandemiya d\u00f6vr\u00fcnd\u0259 d\u0259 koronavirusa yoluxanlar ora k\u00f6\u00e7\u00fcr\u00fcl\u00fcrd\u00fc. Ramid Na\u011f\u0131yevin h\u0259bsinin ilk g\u00fcnl\u0259rind\u0259 m\u0259lumat g\u0259ldi ki, ona a\u011f\u0131r i\u015fg\u0259nc\u0259l\u0259r verilib. El\u0259 v\u0259ziyy\u0259td\u0259 olub ki, onu Bak\u0131 \u0130stintaq T\u0259cridxanas\u0131nda q\u0259bul etm\u0259yibl\u0259r. Bu s\u0259b\u0259bd\u0259n \u0130xtisasla\u015fd\u0131r\u0131lm\u0131\u015f M\u00fcalic\u0259 M\u00fc\u0259ssis\u0259sin\u0259 k\u00f6\u00e7\u00fcr\u00fcl\u00fcb. Bizd\u0259 m\u0259lumat var ki, iyulun 30-da, avqustun 12-d\u0259 ondan COV\u0130D-19 testl\u0259ri g\u00f6t\u00fcr\u00fcl\u00fcb, neqativ \u00e7\u0131x\u0131b. Bel\u0259 olan halda, onu niy\u0259 orada saxlay\u0131rlar? Ramid Na\u011f\u0131yevin \u00f6z m\u0259hk\u0259m\u0259sin\u0259 g\u0259tirilm\u0259m\u0259si onunla ba\u011fl\u0131 \u015f\u00fcbh\u0259l\u0259ri d\u0259 art\u0131r\u0131r\u201d, &#8211; dey\u0259 partiyadan bildirilb.\n<\/p>\n<p>\n  R.Na\u011f\u0131yevin atas\u0131 Z\u0259kirulla Na\u011f\u0131yev d\u0259 o\u011flunun ail\u0259si v\u0259 v\u0259kili il\u0259 g\u00f6r\u00fc\u015fm\u0259k, telefonla dan\u0131\u015fmaq h\u00fcququnun pozuldu\u011funu bildirib: \u201cN\u0259 telefonla dan\u0131\u015fa, n\u0259 d\u0259 g\u00f6r\u0259 bilirik&#8230;\u201d\n<\/p>\n<p>\n  Penitensiar Xidm\u0259tin ictimaiyy\u0259tl\u0259 \u0259laq\u0259l\u0259r \u015f\u00f6b\u0259sind\u0259n is\u0259 bildirilib ki, h\u0259bs yerl\u0259rind\u0259ki \u015f\u0259xsl\u0259rin saxlanma yeri, hara k\u00f6\u00e7\u00fcr\u00fclm\u0259si haqda yaln\u0131z ail\u0259 \u00fczvl\u0259rin\u0259 m\u0259lumat veril\u0259 bil\u0259r.\n<\/p>\n<p>\n  \u0130yulun 14-d\u0259 ke\u00e7iril\u0259n Qaraba\u011fa d\u0259st\u0259k y\u00fcr\u00fc\u015f\u00fcn\u0259 g\u00f6r\u0259 AXCP-nin 17 f\u0259al\u0131 h\u0259bs olunub. Onlar\u0131n aras\u0131nda partiyan\u0131n R\u0259yas\u0259t Hey\u0259tinin \u00fczvl\u0259ri Fuad Q\u0259hr\u0259manl\u0131, M\u0259mm\u0259d \u0130brahim, Asif Yusifli, B\u0259xtiyar \u0130manov v\u0259 Ayaz M\u0259h\u0259rr\u0259mli d\u0259 var. F.Q\u0259hr\u0259manl\u0131 v\u0259 M.\u0130brahim\u0259 h\u0259m d\u0259 d\u00f6vl\u0259t \u00e7evrili\u015fin\u0259 c\u0259hd ittiham\u0131 verilib.\n<\/p>\n<p>\n  AXCP bu ittihamlar\u0131n yalan oldu\u011funu, partiya \u00fczvl\u0259rin\u0259 qar\u015f\u0131 repressiyalar\u0131n Prezident \u0130lham \u018fliyevin iyulun 15-d\u0259 Nazirl\u0259r Kabinetinin iclas\u0131nda Xalq C\u0259bh\u0259si bar\u0259d\u0259 s\u0259sl\u0259ndirdiyi nifr\u0259t nitqind\u0259n qaynaqland\u0131\u011f\u0131n\u0131 b\u0259yan edib. \u0130.\u018fliyev s\u00f6z\u00fcged\u0259n \u00e7\u0131x\u0131\u015f\u0131nda AXCP \u00fczvl\u0259rini \u201cerm\u0259nid\u0259n bet\u0259r d\u00fc\u015fm\u0259n\u201d adland\u0131rm\u0131\u015fd\u0131.<\/p>\n","protected":false},"excerpt":{"rendered":"<p>O, Qaraba\u011fa d\u0259st\u0259k y\u00fcr\u00fc\u015f\u00fc il\u0259 ba\u011fl\u0131 cinay\u0259t i\u015fi \u00fczr\u0259 t\u0259qsirl\u0259ndirilir.<\/p>\n","protected":false},"author":11,"featured_media":141476,"comment_status":"closed","ping_status":"open","sticky":false,"template":"","format":"standard","meta":{"_acf_changed":false,"_sitemap_exclude":false,"_sitemap_priority":"","_sitemap_frequency":"","footnotes":""},"categories":[59],"tags":[],"class_list":["post-202171","post","type-post","status-publish","format-standard","has-post-thumbnail","hentry","category-siyaset","infinite-scroll-item","generate-columns","tablet-grid-50","mobile-grid-100","grid-parent","grid-33","no-featured-image-padding"],"acf":[],"yoast_head":"<!-- This site is optimized with the Yoast SEO plugin v28.3 - https:\/\/yoast.com\/product\/yoast-seo-wordpress\/ -->\n<title>H\u0259bsd\u0259 olan c\u0259bh\u0259\u00e7inin durumu il\u0259 ba\u011fl\u0131 \u015f\u00fcbh\u0259l\u0259r var - MEYDAN.TV<\/title>\n<meta name=\"robots\" content=\"index, follow, max-snippet:-1, max-image-preview:large, max-video-preview:-1\" \/>\n<link rel=\"canonical\" href=\"https:\/\/www.meydan.tv\/az\/article\/hebsde-olan-cebhecinin-durumu-ile-bagli-subheler-var\/\" \/>\n<meta property=\"og:locale\" content=\"az_AZ\" \/>\n<meta property=\"og:type\" content=\"article\" \/>\n<meta property=\"og:title\" content=\"H\u0259bsd\u0259 olan c\u0259bh\u0259\u00e7inin durumu il\u0259 ba\u011fl\u0131 \u015f\u00fcbh\u0259l\u0259r var - MEYDAN.TV\" \/>\n<meta property=\"og:description\" content=\"O, Qaraba\u011fa d\u0259st\u0259k y\u00fcr\u00fc\u015f\u00fc il\u0259 ba\u011fl\u0131 cinay\u0259t i\u015fi \u00fczr\u0259 t\u0259qsirl\u0259ndirilir.\" \/>\n<meta property=\"og:url\" content=\"https:\/\/www.meydan.tv\/az\/article\/hebsde-olan-cebhecinin-durumu-ile-bagli-subheler-var\/\" \/>\n<meta property=\"og:site_name\" content=\"MEYDAN.TV\" \/>\n<meta property=\"article:published_time\" content=\"2020-08-28T14:33:37+00:00\" \/>\n<meta property=\"og:image\" content=\"https:\/\/www.meydan.tv\/wp-content\/uploads\/untitled_design_zz4lqmb.png\" \/>\n\t<meta property=\"og:image:width\" content=\"1200\" \/>\n\t<meta property=\"og:image:height\" content=\"700\" \/>\n\t<meta property=\"og:image:type\" content=\"image\/png\" \/>\n<meta name=\"twitter:card\" content=\"summary_large_image\" \/>\n<!-- \/ Yoast SEO plugin. -->","yoast_head_json":{"title":"H\u0259bsd\u0259 olan c\u0259bh\u0259\u00e7inin durumu il\u0259 ba\u011fl\u0131 \u015f\u00fcbh\u0259l\u0259r var - MEYDAN.TV","robots":{"index":"index","follow":"follow","max-snippet":"max-snippet:-1","max-image-preview":"max-image-preview:large","max-video-preview":"max-video-preview:-1"},"canonical":"https:\/\/www.meydan.tv\/az\/article\/hebsde-olan-cebhecinin-durumu-ile-bagli-subheler-var\/","og_locale":"az_AZ","og_type":"article","og_title":"H\u0259bsd\u0259 olan c\u0259bh\u0259\u00e7inin durumu il\u0259 ba\u011fl\u0131 \u015f\u00fcbh\u0259l\u0259r var - MEYDAN.TV","og_description":"O, Qaraba\u011fa d\u0259st\u0259k y\u00fcr\u00fc\u015f\u00fc il\u0259 ba\u011fl\u0131 cinay\u0259t i\u015fi \u00fczr\u0259 t\u0259qsirl\u0259ndirilir.","og_url":"https:\/\/www.meydan.tv\/az\/article\/hebsde-olan-cebhecinin-durumu-ile-bagli-subheler-var\/","og_site_name":"MEYDAN.TV","article_published_time":"2020-08-28T14:33:37+00:00","og_image":[{"width":1200,"height":700,"url":"https:\/\/www.meydan.tv\/wp-content\/uploads\/untitled_design_zz4lqmb.png","type":"image\/png"}],"twitter_card":"summary_large_image","schema":{"@context":"https:\/\/schema.org","@graph":[{"@type":"Article","@id":"https:\/\/www.meydan.tv\/az\/article\/hebsde-olan-cebhecinin-durumu-ile-bagli-subheler-var\/#article","isPartOf":{"@id":"https:\/\/www.meydan.tv\/az\/article\/hebsde-olan-cebhecinin-durumu-ile-bagli-subheler-var\/"},"author":{"name":"user-manager","@id":"https:\/\/www.meydan.tv\/az\/#\/schema\/person\/10d11eccf6da3662cf5fdab9806ea91a"},"headline":"H\u0259bsd\u0259 olan c\u0259bh\u0259\u00e7inin durumu il\u0259 ba\u011fl\u0131 \u015f\u00fcbh\u0259l\u0259r var","datePublished":"2020-08-28T14:33:37+00:00","mainEntityOfPage":{"@id":"https:\/\/www.meydan.tv\/az\/article\/hebsde-olan-cebhecinin-durumu-ile-bagli-subheler-var\/"},"wordCount":672,"publisher":{"@id":"https:\/\/www.meydan.tv\/az\/#organization"},"image":{"@id":"https:\/\/www.meydan.tv\/az\/article\/hebsde-olan-cebhecinin-durumu-ile-bagli-subheler-var\/#primaryimage"},"thumbnailUrl":"https:\/\/www.meydan.tv\/wp-content\/uploads\/untitled_design_zz4lqmb.png","articleSection":["Siyas\u0259t"],"inLanguage":"az"},{"@type":"WebPage","@id":"https:\/\/www.meydan.tv\/az\/article\/hebsde-olan-cebhecinin-durumu-ile-bagli-subheler-var\/","url":"https:\/\/www.meydan.tv\/az\/article\/hebsde-olan-cebhecinin-durumu-ile-bagli-subheler-var\/","name":"H\u0259bsd\u0259 olan c\u0259bh\u0259\u00e7inin durumu il\u0259 ba\u011fl\u0131 \u015f\u00fcbh\u0259l\u0259r var - MEYDAN.TV","isPartOf":{"@id":"https:\/\/www.meydan.tv\/az\/#website"},"primaryImageOfPage":{"@id":"https:\/\/www.meydan.tv\/az\/article\/hebsde-olan-cebhecinin-durumu-ile-bagli-subheler-var\/#primaryimage"},"image":{"@id":"https:\/\/www.meydan.tv\/az\/article\/hebsde-olan-cebhecinin-durumu-ile-bagli-subheler-var\/#primaryimage"},"thumbnailUrl":"https:\/\/www.meydan.tv\/wp-content\/uploads\/untitled_design_zz4lqmb.png","datePublished":"2020-08-28T14:33:37+00:00","breadcrumb":{"@id":"https:\/\/www.meydan.tv\/az\/article\/hebsde-olan-cebhecinin-durumu-ile-bagli-subheler-var\/#breadcrumb"},"inLanguage":"az","potentialAction":[{"@type":"ReadAction","target":["https:\/\/www.meydan.tv\/az\/article\/hebsde-olan-cebhecinin-durumu-ile-bagli-subheler-var\/"]}]},{"@type":"ImageObject","inLanguage":"az","@id":"https:\/\/www.meydan.tv\/az\/article\/hebsde-olan-cebhecinin-durumu-ile-bagli-subheler-var\/#primaryimage","url":"https:\/\/www.meydan.tv\/wp-content\/uploads\/untitled_design_zz4lqmb.png","contentUrl":"https:\/\/www.meydan.tv\/wp-content\/uploads\/untitled_design_zz4lqmb.png","width":1200,"height":700,"caption":"Source: Facebook"},{"@type":"BreadcrumbList","@id":"https:\/\/www.meydan.tv\/az\/article\/hebsde-olan-cebhecinin-durumu-ile-bagli-subheler-var\/#breadcrumb","itemListElement":[{"@type":"ListItem","position":1,"name":"Ana s\u0259hif\u0259","item":"https:\/\/www.meydan.tv\/az\/"},{"@type":"ListItem","position":2,"name":"Siyas\u0259t","item":"https:\/\/www.meydan.tv\/az\/section\/siyaset\/"},{"@type":"ListItem","position":3,"name":"H\u0259bsd\u0259 olan c\u0259bh\u0259\u00e7inin durumu il\u0259 ba\u011fl\u0131 \u015f\u00fcbh\u0259l\u0259r var"}]},{"@type":"WebSite","@id":"https:\/\/www.meydan.tv\/az\/#website","url":"https:\/\/www.meydan.tv\/az\/","name":"MEYDAN.TV","description":"Meydan TV Az\u0259rbaycan\u0131n media m\u0259kan\u0131ndak\u0131 alternativ s\u0259sidir","publisher":{"@id":"https:\/\/www.meydan.tv\/az\/#organization"},"potentialAction":[{"@type":"SearchAction","target":{"@type":"EntryPoint","urlTemplate":"https:\/\/www.meydan.tv\/az\/?s={search_term_string}"},"query-input":{"@type":"PropertyValueSpecification","valueRequired":true,"valueName":"search_term_string"}}],"inLanguage":"az"},{"@type":"Organization","@id":"https:\/\/www.meydan.tv\/az\/#organization","name":"Meydan TV","url":"https:\/\/www.meydan.tv\/az\/","logo":{"@type":"ImageObject","inLanguage":"az","@id":"https:\/\/www.meydan.tv\/az\/#\/schema\/logo\/image\/","url":"https:\/\/www.meydan.tv\/wp-content\/uploads\/2021\/07\/meydan-logo.svg","contentUrl":"https:\/\/www.meydan.tv\/wp-content\/uploads\/2021\/07\/meydan-logo.svg","width":195,"height":46,"caption":"Meydan TV"},"image":{"@id":"https:\/\/www.meydan.tv\/az\/#\/schema\/logo\/image\/"}},{"@type":"Person","@id":"https:\/\/www.meydan.tv\/az\/#\/schema\/person\/10d11eccf6da3662cf5fdab9806ea91a","name":"user-manager"}]}},"_links":{"self":[{"href":"https:\/\/www.meydan.tv\/az\/wp-json\/wp\/v2\/posts\/202171","targetHints":{"allow":["GET"]}}],"collection":[{"href":"https:\/\/www.meydan.tv\/az\/wp-json\/wp\/v2\/posts"}],"about":[{"href":"https:\/\/www.meydan.tv\/az\/wp-json\/wp\/v2\/types\/post"}],"author":[{"embeddable":true,"href":"https:\/\/www.meydan.tv\/az\/wp-json\/wp\/v2\/users\/11"}],"replies":[{"embeddable":true,"href":"https:\/\/www.meydan.tv\/az\/wp-json\/wp\/v2\/comments?post=202171"}],"version-history":[{"count":0,"href":"https:\/\/www.meydan.tv\/az\/wp-json\/wp\/v2\/posts\/202171\/revisions"}],"wp:featuredmedia":[{"embeddable":true,"href":"https:\/\/www.meydan.tv\/az\/wp-json\/wp\/v2\/media\/141476"}],"wp:attachment":[{"href":"https:\/\/www.meydan.tv\/az\/wp-json\/wp\/v2\/media?parent=202171"}],"wp:term":[{"taxonomy":"category","embeddable":true,"href":"https:\/\/www.meydan.tv\/az\/wp-json\/wp\/v2\/categories?post=202171"},{"taxonomy":"post_tag","embeddable":true,"href":"https:\/\/www.meydan.tv\/az\/wp-json\/wp\/v2\/tags?post=202171"}],"curies":[{"name":"wp","href":"https:\/\/api.w.org\/{rel}","templated":true}]}}