{"id":202157,"date":"2020-08-27T13:00:18","date_gmt":"2020-08-27T13:00:18","guid":{"rendered":"https:\/\/www.meydan.tv\/article\/zelzeleden-zerercekenler-mesul-sexsler-basimiza-oyun-acir\/"},"modified":"2020-08-27T13:00:18","modified_gmt":"2020-08-27T13:00:18","slug":"zelzeleden-zerercekenler-mesul-sexsler-basimiza-oyun-acir","status":"publish","type":"post","link":"https:\/\/www.meydan.tv\/az\/article\/zelzeleden-zerercekenler-mesul-sexsler-basimiza-oyun-acir\/","title":{"rendered":"Z\u0259lz\u0259l\u0259d\u0259n z\u0259r\u0259r\u00e7\u0259k\u0259nl\u0259r: M\u0259sul \u015f\u0259xsl\u0259r ba\u015f\u0131m\u0131za oyun a\u00e7\u0131r"},"content":{"rendered":"<p>\n  \u015eikay\u0259t\u00e7il\u0259r A\u011fsu Rayon \u0130cra Hakimiyy\u0259tinin onlara laqeyd m\u00fcnasib\u0259tind\u0259n naraz\u0131d\u0131r\n<\/p>\n<p>\n  Prezident \u0130lham \u018fliyev bu il avqustun 20-d\u0259 \u201cAz\u0259rbaycan Respublikas\u0131n\u0131n A\u011fsu v\u0259 \u015eamax\u0131 rayonlar\u0131nda ba\u015f vermi\u015f t\u0259bii f\u0259lak\u0259tin n\u0259tic\u0259l\u0259rinin aradan qald\u0131r\u0131lmas\u0131 i\u015fl\u0259rinin davam etdirilm\u0259si il\u0259 ba\u011fl\u0131 \u0259lav\u0259 t\u0259dbirl\u0259r haqq\u0131nda\u201d s\u0259r\u0259ncam imzalay\u0131b.\n<\/p>\n<p>\n  S\u0259r\u0259ncama \u0259sas\u0259n, z\u0259lz\u0259l\u0259 n\u0259tic\u0259sind\u0259 A\u011fsu v\u0259 \u015eamax\u0131 rayonlar\u0131nda ya\u015fay\u0131\u015f evl\u0259rin\u0259 d\u0259ymi\u015f ziyan\u0131n aradan qald\u0131r\u0131lmas\u0131 i\u015fl\u0259rinin davam etdirilm\u0259si m\u0259qs\u0259dil\u0259 h\u0259min evl\u0259rin t\u0259miri \u00fc\u00e7\u00fcn 2020-ci il d\u00f6vl\u0259t b\u00fcdc\u0259sind\u0259n A\u011fsu v\u0259 \u015eamax\u0131 rayon icra hakimiyy\u0259tl\u0259rinin h\u0259r birin\u0259 3 milyon manat ayr\u0131l\u0131b.\n<\/p>\n<p>\n  Bundan \u00f6nc\u0259 d\u0259 q\u0259zal\u0131 evl\u0259rin t\u0259miri il\u0259 ba\u011fl\u0131 d\u00f6vl\u0259t b\u00fcdc\u0259sind\u0259n 7 milyon manat pul ayr\u0131lm\u0131\u015fd\u0131. Haz\u0131rda t\u0259mir v\u0259 tikinti i\u015fl\u0259rinin apar\u0131ld\u0131\u011f\u0131 A\u011fsu rayonundan b\u0259zi sakinl\u0259r naraz\u0131l\u0131q edir.\n<\/p>\n<p>\n  Meydan TV-y\u0259 m\u00fcraci\u0259t ed\u0259n bir ne\u00e7\u0259 sakinin dediyin\u0259 g\u00f6r\u0259, h\u0259l\u0259 \u00f6t\u0259n ilin \u0259vv\u0259lind\u0259 ba\u015f ver\u0259n t\u0259bii f\u0259lak\u0259td\u0259n sonra evl\u0259rin\u0259 d\u0259y\u0259n ziyanla ba\u011fl\u0131 aidiyy\u0259ti \u00fczr\u0259 d\u0259f\u0259l\u0259rl\u0259 m\u00fcraci\u0259t ets\u0259l\u0259r d\u0259, he\u00e7 bir n\u0259tic\u0259si olmay\u0131b.\n<\/p>\n<figure class=\"wp-block-image size-large\">\n  <img decoding=\"async\" src=\"https:\/\/www.meydan.tv\/az\/118372671_2688628241457552_6457548398920237816_n-jpg-2\/\" alt=\"118372671_2688628241457552_6457548398920237816_n.jpg\" class=\"wp-image-146920\"\/><figcaption>\n    &#8220;D\u0259f\u0259l\u0259rl\u0259 bax\u0131\u015f ke\u00e7irilib&#8221;<br \/>\n  <\/figcaption><\/figure>\n<p>\n  A\u011fsu \u015f\u0259h\u0259ri, Bab\u0259k k\u00fc\u00e7\u0259si 7 \u00fcnvan\u0131nda ya\u015fayan Qaraba\u011f \u0259lili El\u015f\u0259n Na\u011f\u0131yev Abdulla o\u011flu s\u00f6yl\u0259yir ki, z\u0259lz\u0259l\u0259d\u0259n sonra A\u011fsu Rayon \u0130cra Hakimiyy\u0259ti v\u0259 F\u00f6vq\u0259lad\u0259 Hallar Nazirliyi Z\u0259lz\u0259l\u0259 b\u00f6lg\u0259si \u00fczr\u0259 Q\u0259rargah\u0131na m\u00fcraci\u0259t edib. M\u00fcraci\u0259tind\u0259n sonra evin\u0259 bax\u0131\u015f ke\u00e7irilib v\u0259 t\u0259mir yaz\u0131l\u0131b. \u015eikay\u0259t\u00e7i is\u0259 t\u0259mirl\u0259 raz\u0131la\u015fmay\u0131b. \u00dcz\u0259rind\u0259n uzun m\u00fcdd\u0259t ke\u00e7\u0259nd\u0259n sonra podrat\u00e7\u0131 \u015firk\u0259tin \u0259m\u0259kda\u015flar\u0131 El\u015f\u0259n Na\u011f\u0131yevin evind\u0259 t\u0259mir i\u015fl\u0259rin\u0259 ba\u015flay\u0131blar. Lakin sonradan i\u015fi yar\u0131m\u00e7\u0131q qoyaraq gedibl\u0259r:\n<\/p>\n<p>\n  \u201cH\u0259rbi xidm\u0259tim Qaraba\u011f b\u00f6lg\u0259sind\u0259 ke\u00e7ib. \u0130ki d\u0259f\u0259 yaralanm\u0131\u015fam. Bir d\u0259f\u0259 g\u00fcll\u0259, bir d\u0259f\u0259 is\u0259 q\u0259lp\u0259 yaras\u0131 alm\u0131\u015fam. \u018flillik d\u0259r\u0259c\u0259si ala bilm\u0259mi\u015f\u0259m. M\u00fcharib\u0259d\u0259 i\u015ftirak ed\u0259nl\u0259, yaralanan adam aras\u0131nda f\u0259rq qoymurlar. S\u0259ks\u0259n manat pulla ail\u0259 doland\u0131r\u0131ram. Bunlar\u0131 bir k\u0259nara qoyaq. B\u0259s yax\u015f\u0131, prezident pul ay\u0131r\u0131b ki, evi ba\u015f\u0131na u\u00e7anlar\u0131n evini tikin. Bunu niy\u0259 etmirsiniz? \u00d6z\u00fcm\u00fcn \u015f\u0259xsi evim yoxdur. Anamla bir evd\u0259 qal\u0131ram. F\u00f6vq\u0259lad\u0259 Hallar Nazirliyi z\u0259lz\u0259l\u0259d\u0259n ziyan g\u00f6rm\u00fc\u015f evl\u0259r\u0259 bax\u0131\u015f ke\u00e7ir\u0259n zaman ev\u0259 t\u0259mir yazd\u0131lar. Amma bu ev t\u0259mir\u0259 yararl\u0131 deyil. Altm\u0131\u015f ild\u0259n qalan k\u0259rpic ev\u0259 n\u0259 t\u0259mir? D\u0259f\u0259l\u0259rl\u0259 bax\u0131\u015f ke\u00e7irilib. Sonra g\u0259ldil\u0259r ki, b\u0259s t\u0259mir ed\u0259c\u0259yik. Bir ne\u00e7\u0259 kis\u0259 sement, bir-iki qutu emulsiya g\u0259tirmi\u015fdil\u0259r. Divarlara bay\u0131r hiss\u0259d\u0259n tor qoyub, suvaq \u00e7\u0259kdil\u0259r. He\u00e7 \u00fcz\u0259rind\u0259n be\u015f g\u00fcn ke\u00e7m\u0259mi\u015f divarlar yen\u0259 partlad\u0131. Sonra da i\u015fi yar\u0131m\u00e7\u0131q qoyub getdil\u0259r. A\u011fsu Rayon \u0130cra Hakimiyy\u0259tinin ba\u015f\u00e7\u0131s\u0131 Vahid Ta\u011f\u0131yevin q\u0259bulunda oldum. Dedi ki, ev i\u015fin\u0259 m\u0259n baxm\u0131ram. \u0130cra ba\u015f\u00e7\u0131s\u0131n\u0131n birinci m\u00fcavini F\u00fczuli K\u0259rimlinin q\u0259bulunda oldum. F\u00f6vq\u0259lad\u0259 hallar nazirinin m\u00fcavini Etibar Mirz\u0259yev A\u011fsuya g\u0259l\u0259nd\u0259 onun q\u0259bulunda oldum. O, m\u0259nim s\u0259n\u0259dl\u0259rim\u0259 baxd\u0131, dedi ki, biz s\u0259n\u0259 borcluyuq. S\u0259nin evin, ya\u015fay\u0131\u015f\u0131n yax\u015f\u0131 olmal\u0131d\u0131r. Ancaq bu da he\u00e7 bir n\u0259tic\u0259 verm\u0259di. Prezident Adminstrasiyas\u0131na getdim, Zeynal Na\u011fdal\u0131yevin q\u0259buluna d\u00fc\u015fm\u0259k ist\u0259yirdim. \u00d6z\u00fcn\u00fc g\u00f6rm\u0259s\u0259m d\u0259, m\u0259ni q\u0259bul etdil\u0259r. S\u0259n\u0259dl\u0259rim\u0259 baxd\u0131lar, bu da bir n\u0259tic\u0259 verm\u0259di. Bu, n\u0259 i\u015fdir, n\u0259 m\u0259s\u0259l\u0259dir? Niy\u0259 Qaraba\u011fda can qoyan o\u011fullar\u0131n evl\u0259ri d\u00fcz\u0259lmir? Biz ax\u0131 torpa\u011f\u0131m\u0131z yolunda can qoymu\u015fuq\u201d.\n<\/p>\n<figure class=\"wp-block-image size-large\">\n  <img decoding=\"async\" src=\"https:\/\/www.meydan.tv\/az\/118574706_2688623221458054_5710361310178050203_n-jpg\/\" alt=\"118574706_2688623221458054_5710361310178050203_n.jpg\" class=\"wp-image-146911\"\/><figcaption>\n    &#8220;He\u00e7 \u00fcz\u0259rind\u0259n be\u015f g\u00fcn ke\u00e7m\u0259mi\u015f divarlar yen\u0259 partlad\u0131&#8221;<br \/>\n  <\/figcaption><\/figure>\n<p>\n  A\u011fsu \u015f\u0259h\u0259ri, S\u00f6hb\u0259t Quliyev k\u00fc\u00e7\u0259si 5, ev 10 \u00fcnvan\u0131nda ya\u015fayan Dilar\u0259 Nem\u0259tova z\u0259lz\u0259l\u0259d\u0259n sonra f\u0259rdi ya\u015fay\u0131\u015f m\u0259nzill\u0259rinin b\u0259rpas\u0131 \u00fc\u00e7\u00fcn aidiyy\u0259tli qurumlara m\u00fcraci\u0259t edib. Evin\u0259 bax\u0131\u015f ke\u00e7irilib, t\u0259mir-b\u0259rpa yaz\u0131l\u0131b. \u015eikay\u0259t\u00e7i deyir ki iki il\u0259 yax\u0131nd\u0131r, evl\u0259rini t\u0259mir ed\u0259n yoxdur:\n<\/p>\n<p>\n  \u201cBir ne\u00e7\u0259 g\u00fcn \u00f6nc\u0259 A\u011fsu Rayon \u0130cra Hakimiyy\u0259tinin Memarl\u0131q v\u0259 tikinti \u015f\u00f6b\u0259sinin m\u00fcdiri Mir\u0259li Qurbanovla dan\u0131\u015fm\u0131\u015f\u0131q. Dedi ki, sizin evin faktiki tikintisinin hesablanmas\u0131 apar\u0131l\u0131r. On be\u015f g\u00fcnd\u0259n sonra i\u015f\u0259 ba\u015flayaca\u011f\u0131q. A\u00e7\u0131\u011f\u0131, m\u0259n bu s\u00f6zl\u0259r\u0259 inanm\u0131ram. \u00c7\u00fcnki h\u0259l\u0259 iki ay \u00f6nc\u0259 bu adam biz\u0259 eyni v\u0259dl\u0259ri vermi\u015fdi. H\u0259l\u0259 d\u0259 g\u00f6zl\u0259yirik. Z\u0259lz\u0259l\u0259d\u0259n sonra evimiz q\u0259zal\u0131 v\u0259ziyy\u0259td\u0259 d\u00fc\u015fd\u00fcy\u00fc \u00fc\u00e7\u00fcn, o\u011flum, g\u0259linim, azya\u015fl\u0131 n\u0259v\u0259m v\u0259 h\u0259yat yolda\u015f\u0131mla Bak\u0131ya k\u00f6\u00e7\u00fcb, kiray\u0259 ev tutduq. H\u0259yat yolda\u015f\u0131mla o\u011flum kafe icar\u0259 g\u00f6t\u00fcr\u00fcb i\u015fl\u0259dirdil\u0259r. Pandemiya d\u00f6vr\u00fcnd\u0259 kafel\u0259r ba\u011fland\u0131. \u00c7ox ac\u0131nacaql\u0131 v\u0259ziyy\u0259td\u0259 ya\u015fay\u0131r\u0131q. Kiray\u0259 pulunu ver\u0259 bilmirik. D\u00f6vl\u0259td\u0259n yaln\u0131z bir d\u0259f\u0259 &#8211; aprel ay\u0131 \u00fc\u00e7\u00fcn bird\u0259f\u0259lik 190 manat \u00f6d\u0259m\u0259 alm\u0131\u015f\u0131q. Bu ne\u00e7\u0259 ayda h\u0259min pulla nec\u0259 dolanmaq olar? Art\u0131q bir ild\u0259n \u00e7oxdur ki, A\u011fsu Rayon \u0130cra Hakimiyy\u0259tind\u0259 oturan m\u0259sul \u015f\u0259xsl\u0259r ba\u015f\u0131m\u0131za oyun a\u00e7\u0131r. Bizim evi tikmir ki, y\u0131\u011f\u0131\u015f\u0131b i\u00e7ind\u0259 ya\u015fayaq. \u00d6lk\u0259 ba\u015f\u00e7\u0131s\u0131 d\u0259f\u0259l\u0259rl\u0259 pul ay\u0131r\u0131b ki, q\u0259zal\u0131 evl\u0259r tikilsin, amma n\u0259d\u0259ns\u0259 kas\u0131blar\u0131n deyil, varl\u0131lar\u0131n evi tikilir. Biz\u0259 h\u0259r d\u0259f\u0259 m\u00fcxt\u0259lif b\u0259han\u0259l\u0259r g\u0259tirirl\u0259r. \u018fvv\u0259ll\u0259r deyirdil\u0259r ki, ad\u0131n\u0131z sistemd\u0259 yoxdur. Sonra dedil\u0259r ki, ad\u0131n\u0131z sistemd\u0259 var, bir aya smeta d\u0259y\u0259ri m\u00fc\u0259yy\u0259n olunsun, tikintiy\u0259 ba\u015flayaca\u011f\u0131q. Sonra karantini b\u0259han\u0259 g\u0259tirdil\u0259r. \u0130ndi d\u0259 deyirl\u0259r ki, 15 g\u00fcn g\u00f6zl\u0259yin. Ba\u015f\u0131m\u0131z\u0131n alt\u0131na yast\u0131q qoyub bizi aldatmaq ist\u0259yirl\u0259r. \u00d6lk\u0259 ba\u015f\u00e7\u0131s\u0131na s\u0259sl\u0259nir\u0259m, bu \u00f6zba\u015f\u0131nal\u0131\u011f\u0131 g\u00f6rs\u00fcn v\u0259 v\u0259ziyy\u0259t\u0259 \u0259ncam \u00e7\u0259ksin. Ev siyah\u0131s\u0131nda 197-ci adam\u0131q. N\u0259 oldu, bu iki ild\u0131 biz\u0259 n\u00f6vb\u0259 g\u0259lib \u00e7atmad\u0131?\u201d\n<\/p>\n<figure class=\"wp-block-image size-large\">\n  <img decoding=\"async\" src=\"https:\/\/www.meydan.tv\/az\/118521622_2688633281457048_2042754355235662579_n-jpg\/\" alt=\"118521622_2688633281457048_2042754355235662579_n.jpg\" class=\"wp-image-146914\"\/><figcaption>\n    Dilar\u0259 Nem\u0259tova<br \/>\n  <\/figcaption><\/figure>\n<p>\n  A\u011fsu rayonu, G\u00fcrsulu k\u0259nd sakini Samir Mirz\u0259xanov Osman o\u011flu is\u0259 deyir ki, z\u0259lz\u0259l\u0259d\u0259n 15 g\u00fcn sonra F\u00f6vq\u0259lad\u0259 Hallar Nazirliyi Z\u0259lz\u0259l\u0259 b\u00f6lg\u0259si \u00fczr\u0259 Q\u0259rargah\u0131n\u0131n n\u00fcmay\u0259nd\u0259dl\u0259rin\u0259 durumla ba\u011fl\u0131 m\u0259lumat verib. Dediyin\u0259 g\u00f6r\u0259, ona qeydiyyat apar\u0131ld\u0131\u011f\u0131n\u0131 deyibl\u0259r. Lakin sonradan \u00f6yr\u0259nib ki, onun evi siyah\u0131ya al\u0131nmay\u0131b:\n<\/p>\n<p>\n  \u201cBir ild\u0259n \u00e7oxdur ki, q\u0259zal\u0131 v\u0259ziyy\u0259td\u0259 olan evd\u0259 ya\u015fay\u0131r\u0131q. Z\u0259lz\u0259l\u0259 vaxt\u0131 m\u00fcraci\u0259t etm\u0259yim\u0259 baxmayaraq, siyah\u0131ya al\u0131nmam\u0131\u015fam. Prezident\u0259 kimi m\u0259ktub yazd\u0131m, amma he\u00e7 bir yerd\u0259n x\u0259b\u0259r-\u0259t\u0259r \u00e7\u0131xmad\u0131. Sistem\u0259 ad\u0131m\u0131 qeyd etm\u0259yibl\u0259r. H\u0259r d\u0259f\u0259 aldad\u0131blar ki, get yax\u015f\u0131 olacaq. Qar\u015f\u0131dan soyuq q\u0131\u015f g\u0259lir. Yeni icra ba\u015f\u00e7\u0131s\u0131 t\u0259yin olunandan sonra karantini b\u0259han\u0259 edib q\u0259bula buraxm\u0131rlar. \u0130ki g\u00fcnd\u00fcr ya\u011f\u0131\u015f ya\u011f\u0131r, suyun ham\u0131s\u0131 evin i\u00e7\u0259risind\u0259dir. Yazd\u0131\u011f\u0131m \u015fikay\u0259t m\u0259ktublar\u0131 da A\u011fsu Rayon \u0130cra Hakimiyy\u0259tin\u0259 y\u00f6nl\u0259ndirilir v\u0259 cavab da g\u0259lmir. Ev h\u0259r an u\u00e7a bil\u0259r. \u00d6z\u00fcmd\u0259n daha \u00e7ox iki azya\u015fl\u0131 u\u015fa\u011f\u0131ma v\u0259 birinci qrup \u0259lil atama g\u00f6r\u0259 narahatam. M\u0259ktub yaz\u0131b, m\u00fcraci\u0259t etm\u0259diyim yer qalmay\u0131b. M\u0259nd\u0259n sonra m\u00fcraci\u0259t ed\u0259n adamlara quru torpaq \u00fcz\u0259rind\u0259 ev tikibl\u0259r. Art\u0131q \u0259lim h\u0259r yerd\u0259n \u00fcz\u00fcl\u00fcb. Kim\u0259 m\u00fcraci\u0259t ed\u0259k, d\u0259rdimizi kim\u0259 dey\u0259k bilmirik\u201d.\n<\/p>\n<p>\n  F\u00f6vq\u0259lad\u0259 Hallar Nazirliyi Z\u0259lz\u0259l\u0259 b\u00f6lg\u0259si \u00fczr\u0259 Q\u0259rargah\u0131ndan \u015fikay\u0259tl\u0259rl\u0259 ba\u011fl\u0131 m\u00fcnasib\u0259t \u00f6yr\u0259nm\u0259k m\u00fcmk\u00fcn olmay\u0131b.\n<\/p>\n<p>\n  A\u011fsu Rayon \u0130cra Hakimiyy\u0259tinin S\u0259n\u0259dl\u0259rl\u0259 v\u0259 v\u0259t\u0259nda\u015flar\u0131n m\u00fcraci\u0259tl\u0259ri il\u0259 i\u015f \u015f\u00f6b\u0259sinin m\u00fcdiri Ceyhun H\u00fcseynov Meydan TV-nin sor\u011fusunu cavabland\u0131r\u0131b:\n<\/p>\n<figure class=\"wp-block-image size-large\">\n  <img decoding=\"async\" src=\"https:\/\/www.meydan.tv\/az\/118517764_2688633394790370_8682981873310794385_n-jpg\/\" alt=\"118517764_2688633394790370_8682981873310794385_n.jpg\" class=\"wp-image-146917\"\/><figcaption>\n    &#8220;Z\u0259lz\u0259l\u0259 vaxt\u0131 m\u00fcraci\u0259t etm\u0259yim\u0259 baxmayaraq, siyah\u0131ya al\u0131nmam\u0131\u015fam&#8221;.<br \/>\n  <\/figcaption><\/figure>\n<p>\n  \u201cT\u0259mir v\u0259 tikinti zaman\u0131 smetada olan i\u015fl\u0259r g\u00f6r\u00fcl\u00fcr, amma v\u0259t\u0259nda\u015f yen\u0259 naraz\u0131 qal\u0131r. \u0130st\u0259yir ki, smetadan k\u0259nar n\u0259s\u0259 etsin, bu da qanun pozuntusudur. Smeta t\u0259rtib olunark\u0259n icra hakimiyy\u0259ti prosesd\u0259 i\u015ftirak etmir. R\u0259yl\u0259r verilir, smeta da qanuni olaraq, t\u0259rtib olunur. Bizd\u0259 d\u0259 daxili imkanlar hesab\u0131na n\u0259s\u0259 i\u015f g\u00f6rm\u0259y\u0259 fondumuz yoxdur.\n<\/p>\n<p>\n  V\u0259t\u0259nda\u015f El\u015f\u0259n Na\u011f\u0131yevin m\u00fcraci\u0259tind\u0259n sonra evin\u0131 bax\u0131\u015f ke\u00e7irilib. T\u0259mir r\u0259yi veril\u0259nd\u0259n sonra smeta haz\u0131rlan\u0131b. Smetaya uy\u011fun i\u015fl\u0259r tam icra olunaraq ba\u015fa \u00e7atd\u0131r\u0131l\u0131b. R\u0259smi smetada n\u0259 yaz\u0131l\u0131bsa, b\u00fct\u00fcn i\u015fl\u0259r g\u00f6r\u00fcl\u00fcb. V\u0259t\u0259nda\u015f\u0131 qane etm\u0259y\u0259n m\u0259s\u0259l\u0259 istiqam\u0259tind\u0259 ara\u015fd\u0131rma apar\u0131l\u0131b, \u015fikay\u0259tin\u0259 bax\u0131lacaq.\n<\/p>\n<p>\n  Dig\u0259r v\u0259t\u0259nda\u015f Dilar\u0259 Nem\u0259tovan\u0131n m\u00fcraci\u0259tind\u0259n sonra evin\u0259 bax\u0131\u015f ke\u00e7iril\u0259r\u0259k, qiym\u0259tl\u0259ndirilib, t\u0259mir r\u0259yi verilib. T\u0259mir s\u0259n\u0259dl\u0259ri smeta tutulmas\u0131 \u00fc\u00e7\u00fcn yuxar\u0131 t\u0259\u015fkilatlara g\u00f6nd\u0259rilib. Memarl\u0131q v\u0259 Tikinti \u015f\u00f6b\u0259sind\u0259n m\u0259n\u0259 veril\u0259n m\u0259lumata g\u00f6r\u0259 smeta haz\u0131rlan\u0131r. Yax\u0131n g\u00fcnl\u0259rd\u0259 podrat\u00e7\u0131 t\u0259\u015fkilat t\u0259r\u0259find\u0259n i\u015fl\u0259rin icras\u0131na ba\u015flan\u0131lacaq.\n<\/p>\n<p>\n  V\u0259t\u0259nda\u015f Samir Mirz\u0259xanova g\u0259linc\u0259, F\u00f6vq\u0259lad\u0259 Hallar Nazirliyi t\u0259r\u0259fdind\u0259n evl\u0259rin qeyd\u0259 al\u0131nmas\u0131 v\u0259 r\u0259y verilm\u0259si prosesi 2019-cu ilin iyunun 1-d\u0259k apar\u0131l\u0131b. Samir Mirz\u0259xanovun m\u00fcraci\u0259tl\u0259ri is\u0259 bu t\u0259qvimd\u0259n sonra oldu\u011fu \u00fc\u00e7\u00fcn evi qeydiyyata al\u0131nmay\u0131b. V\u0259t\u0259nda\u015f bununla ba\u011fl\u0131 F\u00f6vq\u0259lad\u0259 Hallar Nazirliyin\u0259 m\u00fcraci\u0259t etsin\u201d.\n<\/p>\n<figure class=\"wp-block-image size-large\">\n  <img decoding=\"async\" src=\"https:\/\/www.meydan.tv\/az\/118476086_2688630034790706_8333814413582586731_n-1-jpg\/\" alt=\"118476086_2688630034790706_8333814413582586731_n (1).jpg\" class=\"wp-image-146932\"\/><figcaption>\n    &#8220;Ev h\u0259r an u\u00e7a bil\u0259r&#8221;<br \/>\n  <\/figcaption><\/figure>\n<p>\n  2019-cu il fevral\u0131n 5-d\u0259 Pirqulu stansiyas\u0131ndan 7 km c\u0259nubda, A\u011fsu \u0259razisind\u0259 4,4 bal g\u00fcc\u00fcnd\u0259 z\u0259lz\u0259l\u0259 qeyd\u0259 al\u0131n\u0131b. H\u0259min z\u0259lz\u0259l\u0259 episentrd\u0259 5 bala yax\u0131n, \u0259traf rayonlarda 4,3 bala q\u0259d\u0259r hiss olunub. H\u0259min g\u00fcn Pirqulu stansiyas\u0131ndan 9 km c\u0259nub-q\u0259rbd\u0259 \u0130smay\u0131ll\u0131 \u0259razisind\u0259 z\u0259lz\u0259l\u0259 qeyd\u0259 al\u0131n\u0131b. Fevral\u0131n 9-da v\u0259 11-d\u0259 d\u0259 Pirqulu stansiyas\u0131ndan 8 v\u0259 9 km c\u0259nub-q\u0259rbd\u0259 v\u0259 q\u0259rbd\u0259 yeralt\u0131 t\u0259kanlar ba\u015f verib.\n<\/p>\n<p>\n  Z\u0259lz\u0259l\u0259 n\u0259tic\u0259sind\u0259 \u015eamax\u0131, \u0130smay\u0131ll\u0131 v\u0259 A\u011fsu rayonlar\u0131nda bir \u00e7ox f\u0259rdi v\u0259 \u00e7oxm\u0259nzilli ya\u015fay\u0131\u015f evl\u0259rin\u0259 ziyan d\u0259yib.\n<\/p>\n<p>\n  Prezident \u0130lham \u018fliyevin s\u0259r\u0259ncam\u0131na \u0259sas\u0259n, indiy\u0259d\u0259k d\u00f6vl\u0259t b\u00fcdc\u0259sind\u0259n t\u0259bii f\u0259lak\u0259td\u0259n z\u0259r\u0259r g\u00f6rm\u00fc\u015f h\u0259r \u00fc\u00e7 rayona \u00fcmumilikd\u0259 10 milyon milyon manat ay\u0131r\u0131b.\n<\/p>\n<figure class=\"wp-block-image size-large\">\n  <img decoding=\"async\" src=\"https:\/\/www.meydan.tv\/az\/118535386_2688630058124037_2508568857175432498_n-jpg\/\" alt=\"118535386_2688630058124037_2508568857175432498_n.jpg\" class=\"wp-image-146926\"\/><figcaption>\n    &#8220;Kim\u0259 m\u00fcraci\u0259t ed\u0259k, d\u0259rdimizi kim\u0259 dey\u0259k bilmirik\u201d.<br \/>\n  <\/figcaption><\/figure>\n","protected":false},"excerpt":{"rendered":"<p>&#8220;Kim\u0259 m\u00fcraci\u0259t ed\u0259k, d\u0259rdimizi kim\u0259 dey\u0259k bilmirik&#8221;<\/p>\n","protected":false},"author":11,"featured_media":146923,"comment_status":"closed","ping_status":"open","sticky":false,"template":"","format":"standard","meta":{"_acf_changed":false,"_sitemap_exclude":false,"_sitemap_priority":"","_sitemap_frequency":"","footnotes":""},"categories":[60],"tags":[],"class_list":["post-202157","post","type-post","status-publish","format-standard","has-post-thumbnail","hentry","category-bolge","infinite-scroll-item","generate-columns","tablet-grid-50","mobile-grid-100","grid-parent","grid-33","no-featured-image-padding"],"acf":[],"yoast_head":"<!-- This site is optimized with the Yoast SEO plugin v27.5 - https:\/\/yoast.com\/product\/yoast-seo-wordpress\/ -->\n<title>Z\u0259lz\u0259l\u0259d\u0259n z\u0259r\u0259r\u00e7\u0259k\u0259nl\u0259r: M\u0259sul \u015f\u0259xsl\u0259r ba\u015f\u0131m\u0131za oyun a\u00e7\u0131r - MEYDAN.TV<\/title>\n<meta name=\"robots\" content=\"index, follow, max-snippet:-1, max-image-preview:large, max-video-preview:-1\" \/>\n<link rel=\"canonical\" href=\"https:\/\/www.meydan.tv\/az\/article\/zelzeleden-zerercekenler-mesul-sexsler-basimiza-oyun-acir\/\" \/>\n<meta property=\"og:locale\" content=\"az_AZ\" \/>\n<meta property=\"og:type\" content=\"article\" \/>\n<meta property=\"og:title\" content=\"Z\u0259lz\u0259l\u0259d\u0259n z\u0259r\u0259r\u00e7\u0259k\u0259nl\u0259r: M\u0259sul \u015f\u0259xsl\u0259r ba\u015f\u0131m\u0131za oyun a\u00e7\u0131r - MEYDAN.TV\" \/>\n<meta property=\"og:description\" content=\"&quot;Kim\u0259 m\u00fcraci\u0259t ed\u0259k, d\u0259rdimizi kim\u0259 dey\u0259k bilmirik&quot;\" \/>\n<meta property=\"og:url\" content=\"https:\/\/www.meydan.tv\/az\/article\/zelzeleden-zerercekenler-mesul-sexsler-basimiza-oyun-acir\/\" \/>\n<meta property=\"og:site_name\" content=\"MEYDAN.TV\" \/>\n<meta property=\"article:published_time\" content=\"2020-08-27T13:00:18+00:00\" \/>\n<meta property=\"og:image\" content=\"https:\/\/www.meydan.tv\/wp-content\/uploads\/118598334_2688636874790022_6454038808519070452_n_1.jpg\" \/>\n\t<meta property=\"og:image:width\" content=\"815\" \/>\n\t<meta property=\"og:image:height\" content=\"486\" \/>\n\t<meta property=\"og:image:type\" content=\"image\/jpeg\" \/>\n<meta name=\"author\" content=\"user-manager\" \/>\n<meta name=\"twitter:card\" content=\"summary_large_image\" \/>\n<script type=\"application\/ld+json\" class=\"yoast-schema-graph\">{\"@context\":\"https:\\\/\\\/schema.org\",\"@graph\":[{\"@type\":\"Article\",\"@id\":\"https:\\\/\\\/www.meydan.tv\\\/az\\\/article\\\/zelzeleden-zerercekenler-mesul-sexsler-basimiza-oyun-acir\\\/#article\",\"isPartOf\":{\"@id\":\"https:\\\/\\\/www.meydan.tv\\\/az\\\/article\\\/zelzeleden-zerercekenler-mesul-sexsler-basimiza-oyun-acir\\\/\"},\"author\":{\"name\":\"user-manager\",\"@id\":\"https:\\\/\\\/www.meydan.tv\\\/az\\\/#\\\/schema\\\/person\\\/10d11eccf6da3662cf5fdab9806ea91a\"},\"headline\":\"Z\u0259lz\u0259l\u0259d\u0259n z\u0259r\u0259r\u00e7\u0259k\u0259nl\u0259r: M\u0259sul \u015f\u0259xsl\u0259r ba\u015f\u0131m\u0131za oyun a\u00e7\u0131r\",\"datePublished\":\"2020-08-27T13:00:18+00:00\",\"mainEntityOfPage\":{\"@id\":\"https:\\\/\\\/www.meydan.tv\\\/az\\\/article\\\/zelzeleden-zerercekenler-mesul-sexsler-basimiza-oyun-acir\\\/\"},\"wordCount\":2047,\"publisher\":{\"@id\":\"https:\\\/\\\/www.meydan.tv\\\/az\\\/#organization\"},\"image\":{\"@id\":\"https:\\\/\\\/www.meydan.tv\\\/az\\\/article\\\/zelzeleden-zerercekenler-mesul-sexsler-basimiza-oyun-acir\\\/#primaryimage\"},\"thumbnailUrl\":\"https:\\\/\\\/www.meydan.tv\\\/wp-content\\\/uploads\\\/118598334_2688636874790022_6454038808519070452_n_1.jpg\",\"articleSection\":[\"B\u00f6lg\u0259\"],\"inLanguage\":\"az\"},{\"@type\":\"WebPage\",\"@id\":\"https:\\\/\\\/www.meydan.tv\\\/az\\\/article\\\/zelzeleden-zerercekenler-mesul-sexsler-basimiza-oyun-acir\\\/\",\"url\":\"https:\\\/\\\/www.meydan.tv\\\/az\\\/article\\\/zelzeleden-zerercekenler-mesul-sexsler-basimiza-oyun-acir\\\/\",\"name\":\"Z\u0259lz\u0259l\u0259d\u0259n z\u0259r\u0259r\u00e7\u0259k\u0259nl\u0259r: M\u0259sul \u015f\u0259xsl\u0259r ba\u015f\u0131m\u0131za oyun a\u00e7\u0131r - MEYDAN.TV\",\"isPartOf\":{\"@id\":\"https:\\\/\\\/www.meydan.tv\\\/az\\\/#website\"},\"primaryImageOfPage\":{\"@id\":\"https:\\\/\\\/www.meydan.tv\\\/az\\\/article\\\/zelzeleden-zerercekenler-mesul-sexsler-basimiza-oyun-acir\\\/#primaryimage\"},\"image\":{\"@id\":\"https:\\\/\\\/www.meydan.tv\\\/az\\\/article\\\/zelzeleden-zerercekenler-mesul-sexsler-basimiza-oyun-acir\\\/#primaryimage\"},\"thumbnailUrl\":\"https:\\\/\\\/www.meydan.tv\\\/wp-content\\\/uploads\\\/118598334_2688636874790022_6454038808519070452_n_1.jpg\",\"datePublished\":\"2020-08-27T13:00:18+00:00\",\"breadcrumb\":{\"@id\":\"https:\\\/\\\/www.meydan.tv\\\/az\\\/article\\\/zelzeleden-zerercekenler-mesul-sexsler-basimiza-oyun-acir\\\/#breadcrumb\"},\"inLanguage\":\"az\",\"potentialAction\":[{\"@type\":\"ReadAction\",\"target\":[\"https:\\\/\\\/www.meydan.tv\\\/az\\\/article\\\/zelzeleden-zerercekenler-mesul-sexsler-basimiza-oyun-acir\\\/\"]}]},{\"@type\":\"ImageObject\",\"inLanguage\":\"az\",\"@id\":\"https:\\\/\\\/www.meydan.tv\\\/az\\\/article\\\/zelzeleden-zerercekenler-mesul-sexsler-basimiza-oyun-acir\\\/#primaryimage\",\"url\":\"https:\\\/\\\/www.meydan.tv\\\/wp-content\\\/uploads\\\/118598334_2688636874790022_6454038808519070452_n_1.jpg\",\"contentUrl\":\"https:\\\/\\\/www.meydan.tv\\\/wp-content\\\/uploads\\\/118598334_2688636874790022_6454038808519070452_n_1.jpg\",\"width\":815,\"height\":486,\"caption\":\"Source: Specify Source\"},{\"@type\":\"BreadcrumbList\",\"@id\":\"https:\\\/\\\/www.meydan.tv\\\/az\\\/article\\\/zelzeleden-zerercekenler-mesul-sexsler-basimiza-oyun-acir\\\/#breadcrumb\",\"itemListElement\":[{\"@type\":\"ListItem\",\"position\":1,\"name\":\"Ana s\u0259hif\u0259\",\"item\":\"https:\\\/\\\/www.meydan.tv\\\/az\\\/\"},{\"@type\":\"ListItem\",\"position\":2,\"name\":\"B\u00f6lg\u0259\",\"item\":\"https:\\\/\\\/www.meydan.tv\\\/az\\\/section\\\/bolge\\\/\"},{\"@type\":\"ListItem\",\"position\":3,\"name\":\"Z\u0259lz\u0259l\u0259d\u0259n z\u0259r\u0259r\u00e7\u0259k\u0259nl\u0259r: M\u0259sul \u015f\u0259xsl\u0259r ba\u015f\u0131m\u0131za oyun a\u00e7\u0131r\"}]},{\"@type\":\"WebSite\",\"@id\":\"https:\\\/\\\/www.meydan.tv\\\/az\\\/#website\",\"url\":\"https:\\\/\\\/www.meydan.tv\\\/az\\\/\",\"name\":\"MEYDAN.TV\",\"description\":\"Meydan TV Az\u0259rbaycan\u0131n media m\u0259kan\u0131ndak\u0131 alternativ s\u0259sidir\",\"publisher\":{\"@id\":\"https:\\\/\\\/www.meydan.tv\\\/az\\\/#organization\"},\"potentialAction\":[{\"@type\":\"SearchAction\",\"target\":{\"@type\":\"EntryPoint\",\"urlTemplate\":\"https:\\\/\\\/www.meydan.tv\\\/az\\\/?s={search_term_string}\"},\"query-input\":{\"@type\":\"PropertyValueSpecification\",\"valueRequired\":true,\"valueName\":\"search_term_string\"}}],\"inLanguage\":\"az\"},{\"@type\":\"Organization\",\"@id\":\"https:\\\/\\\/www.meydan.tv\\\/az\\\/#organization\",\"name\":\"Meydan TV\",\"url\":\"https:\\\/\\\/www.meydan.tv\\\/az\\\/\",\"logo\":{\"@type\":\"ImageObject\",\"inLanguage\":\"az\",\"@id\":\"https:\\\/\\\/www.meydan.tv\\\/az\\\/#\\\/schema\\\/logo\\\/image\\\/\",\"url\":\"https:\\\/\\\/www.meydan.tv\\\/wp-content\\\/uploads\\\/2021\\\/07\\\/meydan-logo.svg\",\"contentUrl\":\"https:\\\/\\\/www.meydan.tv\\\/wp-content\\\/uploads\\\/2021\\\/07\\\/meydan-logo.svg\",\"width\":195,\"height\":46,\"caption\":\"Meydan TV\"},\"image\":{\"@id\":\"https:\\\/\\\/www.meydan.tv\\\/az\\\/#\\\/schema\\\/logo\\\/image\\\/\"}},{\"@type\":\"Person\",\"@id\":\"https:\\\/\\\/www.meydan.tv\\\/az\\\/#\\\/schema\\\/person\\\/10d11eccf6da3662cf5fdab9806ea91a\",\"name\":\"user-manager\"}]}<\/script>\n<!-- \/ Yoast SEO plugin. -->","yoast_head_json":{"title":"Z\u0259lz\u0259l\u0259d\u0259n z\u0259r\u0259r\u00e7\u0259k\u0259nl\u0259r: M\u0259sul \u015f\u0259xsl\u0259r ba\u015f\u0131m\u0131za oyun a\u00e7\u0131r - MEYDAN.TV","robots":{"index":"index","follow":"follow","max-snippet":"max-snippet:-1","max-image-preview":"max-image-preview:large","max-video-preview":"max-video-preview:-1"},"canonical":"https:\/\/www.meydan.tv\/az\/article\/zelzeleden-zerercekenler-mesul-sexsler-basimiza-oyun-acir\/","og_locale":"az_AZ","og_type":"article","og_title":"Z\u0259lz\u0259l\u0259d\u0259n z\u0259r\u0259r\u00e7\u0259k\u0259nl\u0259r: M\u0259sul \u015f\u0259xsl\u0259r ba\u015f\u0131m\u0131za oyun a\u00e7\u0131r - MEYDAN.TV","og_description":"\"Kim\u0259 m\u00fcraci\u0259t ed\u0259k, d\u0259rdimizi kim\u0259 dey\u0259k bilmirik\"","og_url":"https:\/\/www.meydan.tv\/az\/article\/zelzeleden-zerercekenler-mesul-sexsler-basimiza-oyun-acir\/","og_site_name":"MEYDAN.TV","article_published_time":"2020-08-27T13:00:18+00:00","og_image":[{"width":815,"height":486,"url":"https:\/\/www.meydan.tv\/wp-content\/uploads\/118598334_2688636874790022_6454038808519070452_n_1.jpg","type":"image\/jpeg"}],"author":"user-manager","twitter_card":"summary_large_image","schema":{"@context":"https:\/\/schema.org","@graph":[{"@type":"Article","@id":"https:\/\/www.meydan.tv\/az\/article\/zelzeleden-zerercekenler-mesul-sexsler-basimiza-oyun-acir\/#article","isPartOf":{"@id":"https:\/\/www.meydan.tv\/az\/article\/zelzeleden-zerercekenler-mesul-sexsler-basimiza-oyun-acir\/"},"author":{"name":"user-manager","@id":"https:\/\/www.meydan.tv\/az\/#\/schema\/person\/10d11eccf6da3662cf5fdab9806ea91a"},"headline":"Z\u0259lz\u0259l\u0259d\u0259n z\u0259r\u0259r\u00e7\u0259k\u0259nl\u0259r: M\u0259sul \u015f\u0259xsl\u0259r ba\u015f\u0131m\u0131za oyun a\u00e7\u0131r","datePublished":"2020-08-27T13:00:18+00:00","mainEntityOfPage":{"@id":"https:\/\/www.meydan.tv\/az\/article\/zelzeleden-zerercekenler-mesul-sexsler-basimiza-oyun-acir\/"},"wordCount":2047,"publisher":{"@id":"https:\/\/www.meydan.tv\/az\/#organization"},"image":{"@id":"https:\/\/www.meydan.tv\/az\/article\/zelzeleden-zerercekenler-mesul-sexsler-basimiza-oyun-acir\/#primaryimage"},"thumbnailUrl":"https:\/\/www.meydan.tv\/wp-content\/uploads\/118598334_2688636874790022_6454038808519070452_n_1.jpg","articleSection":["B\u00f6lg\u0259"],"inLanguage":"az"},{"@type":"WebPage","@id":"https:\/\/www.meydan.tv\/az\/article\/zelzeleden-zerercekenler-mesul-sexsler-basimiza-oyun-acir\/","url":"https:\/\/www.meydan.tv\/az\/article\/zelzeleden-zerercekenler-mesul-sexsler-basimiza-oyun-acir\/","name":"Z\u0259lz\u0259l\u0259d\u0259n z\u0259r\u0259r\u00e7\u0259k\u0259nl\u0259r: M\u0259sul \u015f\u0259xsl\u0259r ba\u015f\u0131m\u0131za oyun a\u00e7\u0131r - MEYDAN.TV","isPartOf":{"@id":"https:\/\/www.meydan.tv\/az\/#website"},"primaryImageOfPage":{"@id":"https:\/\/www.meydan.tv\/az\/article\/zelzeleden-zerercekenler-mesul-sexsler-basimiza-oyun-acir\/#primaryimage"},"image":{"@id":"https:\/\/www.meydan.tv\/az\/article\/zelzeleden-zerercekenler-mesul-sexsler-basimiza-oyun-acir\/#primaryimage"},"thumbnailUrl":"https:\/\/www.meydan.tv\/wp-content\/uploads\/118598334_2688636874790022_6454038808519070452_n_1.jpg","datePublished":"2020-08-27T13:00:18+00:00","breadcrumb":{"@id":"https:\/\/www.meydan.tv\/az\/article\/zelzeleden-zerercekenler-mesul-sexsler-basimiza-oyun-acir\/#breadcrumb"},"inLanguage":"az","potentialAction":[{"@type":"ReadAction","target":["https:\/\/www.meydan.tv\/az\/article\/zelzeleden-zerercekenler-mesul-sexsler-basimiza-oyun-acir\/"]}]},{"@type":"ImageObject","inLanguage":"az","@id":"https:\/\/www.meydan.tv\/az\/article\/zelzeleden-zerercekenler-mesul-sexsler-basimiza-oyun-acir\/#primaryimage","url":"https:\/\/www.meydan.tv\/wp-content\/uploads\/118598334_2688636874790022_6454038808519070452_n_1.jpg","contentUrl":"https:\/\/www.meydan.tv\/wp-content\/uploads\/118598334_2688636874790022_6454038808519070452_n_1.jpg","width":815,"height":486,"caption":"Source: Specify Source"},{"@type":"BreadcrumbList","@id":"https:\/\/www.meydan.tv\/az\/article\/zelzeleden-zerercekenler-mesul-sexsler-basimiza-oyun-acir\/#breadcrumb","itemListElement":[{"@type":"ListItem","position":1,"name":"Ana s\u0259hif\u0259","item":"https:\/\/www.meydan.tv\/az\/"},{"@type":"ListItem","position":2,"name":"B\u00f6lg\u0259","item":"https:\/\/www.meydan.tv\/az\/section\/bolge\/"},{"@type":"ListItem","position":3,"name":"Z\u0259lz\u0259l\u0259d\u0259n z\u0259r\u0259r\u00e7\u0259k\u0259nl\u0259r: M\u0259sul \u015f\u0259xsl\u0259r ba\u015f\u0131m\u0131za oyun a\u00e7\u0131r"}]},{"@type":"WebSite","@id":"https:\/\/www.meydan.tv\/az\/#website","url":"https:\/\/www.meydan.tv\/az\/","name":"MEYDAN.TV","description":"Meydan TV Az\u0259rbaycan\u0131n media m\u0259kan\u0131ndak\u0131 alternativ s\u0259sidir","publisher":{"@id":"https:\/\/www.meydan.tv\/az\/#organization"},"potentialAction":[{"@type":"SearchAction","target":{"@type":"EntryPoint","urlTemplate":"https:\/\/www.meydan.tv\/az\/?s={search_term_string}"},"query-input":{"@type":"PropertyValueSpecification","valueRequired":true,"valueName":"search_term_string"}}],"inLanguage":"az"},{"@type":"Organization","@id":"https:\/\/www.meydan.tv\/az\/#organization","name":"Meydan TV","url":"https:\/\/www.meydan.tv\/az\/","logo":{"@type":"ImageObject","inLanguage":"az","@id":"https:\/\/www.meydan.tv\/az\/#\/schema\/logo\/image\/","url":"https:\/\/www.meydan.tv\/wp-content\/uploads\/2021\/07\/meydan-logo.svg","contentUrl":"https:\/\/www.meydan.tv\/wp-content\/uploads\/2021\/07\/meydan-logo.svg","width":195,"height":46,"caption":"Meydan TV"},"image":{"@id":"https:\/\/www.meydan.tv\/az\/#\/schema\/logo\/image\/"}},{"@type":"Person","@id":"https:\/\/www.meydan.tv\/az\/#\/schema\/person\/10d11eccf6da3662cf5fdab9806ea91a","name":"user-manager"}]}},"_links":{"self":[{"href":"https:\/\/www.meydan.tv\/az\/wp-json\/wp\/v2\/posts\/202157","targetHints":{"allow":["GET"]}}],"collection":[{"href":"https:\/\/www.meydan.tv\/az\/wp-json\/wp\/v2\/posts"}],"about":[{"href":"https:\/\/www.meydan.tv\/az\/wp-json\/wp\/v2\/types\/post"}],"author":[{"embeddable":true,"href":"https:\/\/www.meydan.tv\/az\/wp-json\/wp\/v2\/users\/11"}],"replies":[{"embeddable":true,"href":"https:\/\/www.meydan.tv\/az\/wp-json\/wp\/v2\/comments?post=202157"}],"version-history":[{"count":0,"href":"https:\/\/www.meydan.tv\/az\/wp-json\/wp\/v2\/posts\/202157\/revisions"}],"wp:featuredmedia":[{"embeddable":true,"href":"https:\/\/www.meydan.tv\/az\/wp-json\/wp\/v2\/media\/146923"}],"wp:attachment":[{"href":"https:\/\/www.meydan.tv\/az\/wp-json\/wp\/v2\/media?parent=202157"}],"wp:term":[{"taxonomy":"category","embeddable":true,"href":"https:\/\/www.meydan.tv\/az\/wp-json\/wp\/v2\/categories?post=202157"},{"taxonomy":"post_tag","embeddable":true,"href":"https:\/\/www.meydan.tv\/az\/wp-json\/wp\/v2\/tags?post=202157"}],"curies":[{"name":"wp","href":"https:\/\/api.w.org\/{rel}","templated":true}]}}