{"id":202155,"date":"2020-08-27T13:38:17","date_gmt":"2020-08-27T13:38:17","guid":{"rendered":"https:\/\/www.meydan.tv\/article\/polisde-meni-telefonla-cekerek-soyunmagimi-teleb-etdiler\/"},"modified":"2020-08-27T13:38:17","modified_gmt":"2020-08-27T13:38:17","slug":"polisde-meni-telefonla-cekerek-soyunmagimi-teleb-etdiler","status":"publish","type":"post","link":"https:\/\/www.meydan.tv\/az\/article\/polisde-meni-telefonla-cekerek-soyunmagimi-teleb-etdiler\/","title":{"rendered":"\u201cPolisd\u0259 m\u0259ni telefonla \u00e7\u0259k\u0259r\u0259k, soyunma\u011f\u0131m\u0131 t\u0259l\u0259b etdil\u0259r\u201d"},"content":{"rendered":"<p>\n  <i><br \/>\n    G\u00f6y\u00e7ay sakini: \u201cPrezidentd\u0259n v\u0259 nazir Vilay\u0259t Eyvazovdan m\u0259s\u0259l\u0259y\u0259 m\u00fcdaxil\u0259 etm\u0259l\u0259rini xahi\u015f edir\u0259m\u201d<br \/>\n  <\/i>\n<\/p>\n<p>\n  \u201cB\u00f6lm\u0259d\u0259 ba\u015f\u00e7\u0131ya qar\u015f\u0131 h\u00f6rm\u0259tsiz davrand\u0131\u011f\u0131m\u0131, s\u00f6z\u00fcn\u00fc yer\u0259 sald\u0131\u011f\u0131m\u0131 deyib, m\u0259ni iki d\u0259f\u0259 m\u00f6hk\u0259m d\u00f6yd\u00fcl\u0259r, di\u015fimi q\u0131rd\u0131lar. M\u0259ni telefonun kameras\u0131 il\u0259 \u00e7\u0259k\u0259r\u0259k soyunma\u011f\u0131m\u0131 t\u0259l\u0259b etdil\u0259r. Orda bir polis i\u015f\u00e7isi var, dart\u0131b k\u00f6yn\u0259yimi \u0259ynimd\u0259n \u00e7\u0131xartd\u0131. A\u015fa\u011f\u0131lay\u0131c\u0131 h\u0259r\u0259k\u0259tl\u0259r etdil\u0259r. \u0130ndi d\u0259 \u00e7\u0259kdikl\u0259ri video il\u0259 m\u0259ni \u015fantaj edirl\u0259r\u201d.\n<\/p>\n<p>\n  Bunu Meydan TV-y\u0259 G\u00f6y\u00e7ay\u0131n Qaram\u0259ry\u0259m k\u0259nd sakini S\u0259buhi Quliyev dan\u0131\u015f\u0131r.\n<\/p>\n<p>\n  Bir ne\u00e7\u0259 ay \u0259vv\u0259l S\u0259buhi Quliyev sosial \u015f\u0259b\u0259k\u0259l\u0259rd\u0259 ya\u015fad\u0131\u011f\u0131 k\u0259ndd\u0259ki d\u00f6n\u0259rxanada kustar \u00fcsulla d\u00fcz\u0259ldilmi\u015f qaz balonundan istifad\u0259 olundu\u011funu, bunun da faci\u0259y\u0259 s\u0259b\u0259b ola bil\u0259c\u0259yini yaz\u0131b. D\u00f6n\u0259rxanan\u0131n sahibi d\u0259 ondan el\u0259 h\u0259min k\u0259ndd\u0259 ya\u015fayan bir ail\u0259y\u0259 \u015fikay\u0259t edib. Dediyin\u0259 g\u00f6r\u0259, h\u0259min ail\u0259nin \u00fczvl\u0259ri bu il, aprelin \u0259vv\u0259lind\u0259 S\u0259buhi Quliyevi d\u00f6y\u00fcb, idar\u0259 etdikl\u0259ri ma\u015f\u0131n\u0131 \u00fcst\u00fcn\u0259 s\u00fcr\u0259r\u0259k b\u0259d\u0259n x\u0259sar\u0259tl\u0259ri yetirib. H\u0259min vaxt S\u0259buhi Quliyev Meydan TV-y\u0259<br \/>\n  <a href=\"https:\/\/www.meydan.tv\/az\/article\/masinla-xesaret-yetiribler-doyub-qolumu-sindiriblar-cezasiz-qaliblar\/?ref=search\"><br \/>\n    m\u00fcraci\u0259t<br \/>\n  <\/a><br \/>\n  ed\u0259r\u0259k ba\u015f\u0131na g\u0259l\u0259nl\u0259rin i\u015f\u0131qland\u0131r\u0131lmas\u0131n\u0131 ist\u0259mi\u015fdi. Bildirmi\u015fdi ki, hadis\u0259 DYP-nin Qaram\u0259ry\u0259m k\u0259ndi \u0259razisind\u0259ki kameras\u0131na d\u00fc d\u00fc\u015f\u00fcb. Buna baxmayaraq G\u00f6y\u00e7ay polisi qar\u015f\u0131 t\u0259r\u0259fin c\u0259zaland\u0131r\u0131lmas\u0131 \u00fc\u00e7\u00fcn he\u00e7 t\u0259dbir g\u00f6rm\u00fcr, az qala z\u0259r\u0259r\u00e7\u0259kmi\u015fin \u00f6z\u00fcn\u00fc g\u00fcnahkar \u00e7\u0131xar\u0131r. Meydan TV d\u0259 v\u0259t\u0259nda\u015f\u0131n problemini i\u015f\u0131qland\u0131rm\u0131\u015fd\u0131. S\u0259buhi Quliyev haz\u0131rda redaksiyam\u0131za t\u0259krar m\u00fcraci\u0259t edib. Bildirib ki, ba\u015f\u0131na g\u0259l\u0259nl\u0259r Meydan TV t\u0259r\u0259find\u0259n i\u015f\u0131qland\u0131r\u0131landan bir m\u00fcdd\u0259t sonra rayonun icra hakimiyy\u0259tinin ba\u015f\u00e7\u0131s\u0131 Mehdi S\u0259limzad\u0259 v\u0259 qar\u015f\u0131 t\u0259r\u0259fin bir n\u00fcmay\u0259nd\u0259sini yan\u0131na \u00e7a\u011f\u0131raraq ondan qar\u015f\u0131 t\u0259r\u0259fl\u0259 bar\u0131\u015fmas\u0131n\u0131 t\u0259l\u0259b edib.\n<\/p>\n<p>\n  <b><br \/>\n    \u201cR\u0259is\u0259 dedi, g\u00f6nd\u0259rir\u0259m yan\u0131na, bar\u0131\u015f\u0131q \u0259riz\u0259si yazs\u0131nlar\u201d<br \/>\n  <\/b>\n<\/p>\n<p>\n  \u201cT\u0259xmin\u0259n iyun ay\u0131n\u0131n \u0259vv\u0259li idi, icra n\u00fcmay\u0259nd\u0259si g\u0259lib dedi ki, ba\u015f\u00e7\u0131 s\u0259ni \u00e7a\u011f\u0131r\u0131r. Getdim, g\u00f6rd\u00fcm ki, qar\u015f\u0131 t\u0259r\u0259fd\u0259n Fuad Qas\u0131mov da ba\u015f\u00e7\u0131n\u0131n yan\u0131ndad\u0131r. H\u0259min adam m\u0259ni d\u00f6y\u0259n 5 n\u0259f\u0259rd\u0259n biridir, h\u0259m d\u0259 ma\u015f\u0131n\u0131 \u00fcst\u00fcm\u0259 s\u00fcr\u0259n \u015f\u0259xsdir. Ba\u015f\u00e7\u0131 dedi, indiy\u0259d\u0259k aran\u0131zda n\u0259 ba\u015f verib, qald\u0131 ke\u00e7mi\u015fd\u0259. Fuada dedi, S\u0259buhid\u0259n \u00fczr ist\u0259, Fuad m\u0259nd\u0259n \u00fczr ist\u0259di, sonra da dedi, \u00fcz\u00fcnd\u0259n \u00f6p, Fuad yax\u0131nla\u015f\u0131b \u00fcz\u00fcmd\u0259n \u00f6pd\u00fc. Sonra ba\u015f\u00e7\u0131 d\u0259st\u0259yi g\u00f6t\u00fcr\u00fcb G\u00f6y\u00e7ay\u0131n polis r\u0259isin\u0259 z\u0259ng vurdu, dedi, o i\u015fi ba\u011fla getsin, bunlar\u0131 bar\u0131\u015fd\u0131rd\u0131m, indi g\u00f6nd\u0259rir\u0259m, g\u0259lib bar\u0131\u015f\u0131q \u0259riz\u0259si yazacaqlar, S\u0259buhi Quliyev d\u0259 \u015fikay\u0259t \u0259riz\u0259sini geri g\u00f6t\u00fcr\u0259c\u0259k. M\u0259n d\u0259 s\u0259simi \u00e7\u0131xarmad\u0131m ki, ba\u015f\u00e7\u0131n\u0131n dediyin\u0259 qar\u015f\u0131 \u00e7\u0131xsam, el\u0259 ota\u011f\u0131ndaca m\u0259ni \u015f\u0259rl\u0259y\u0259rl\u0259r. Binadan \u00e7\u0131xd\u0131m v\u0259 polis \u015f\u00f6b\u0259sin\u0259 yox, evim\u0259 getdim\u201d, &#8211; \u015fikay\u0259t\u00e7i deyir.\n<\/p>\n<p>\n  <b><br \/>\n    \u201cBa\u015f\u00e7\u0131n\u0131n ota\u011f\u0131ndan \u00e7\u0131xandan bir ne\u00e7\u0259 g\u00fcn sonra \u015f\u0259rl\u0259ndim\u201d<br \/>\n  <\/b>\n<\/p>\n<p>\n  S\u0259buhi Quliyevin s\u00f6zl\u0259rin\u0259 g\u00f6r\u0259, t\u0259xmin\u0259n 20 g\u00fcn sonra rayonun k\u0259nd t\u0259s\u0259rr\u00fcfat\u0131n\u0131n r\u0259isi z\u0259ng vuraraq onunla nahar etm\u0259k ist\u0259diyini bildirib. El\u0259 nahar zaman\u0131 polis \u0259m\u0259kda\u015flar\u0131 kafey\u0259 t\u00f6k\u00fcl\u00fc\u015f\u0259r\u0259k onu h\u0259bs edib:\n<\/p>\n<figure class=\"wp-block-image size-large\">\n  <img decoding=\"async\" src=\"https:\/\/www.meydan.tv\/az\/copy_of_untitled9__1_-png-2\/\" alt=\"copy_of_untitled9__1_.png\" class=\"wp-image-146938\"\/><figcaption>\n    &#8220;Anlad\u0131m ki, masam\u0131za yax\u0131nla\u015fan adam \u201cindi stolu ba\u015f\u0131na \u00e7evir\u0259c\u0259m\u201d kimi s\u00f6zl\u0259r dem\u0259kl\u0259&#8230;&#8221;<br \/>\n  <\/figcaption><\/figure>\n<p>\n  \u0130yunun 17-d\u0259 z\u0259ng vurdu, dedi, ax\u015fam g\u00f6r\u00fc\u015f\u0259k, bir tik\u0259 \u00e7\u00f6r\u0259k k\u0259s\u0259k, s\u0259ninl\u0259 s\u00f6hb\u0259tim var. D\u00fc\u015f\u00fcnd\u00fcm ki, y\u0259qin k\u0259nd t\u0259s\u0259rr\u00fcfat\u0131 il\u0259 ba\u011fl\u0131 n\u0259s\u0259 t\u0259klifl\u0259ri var, dedim, \u0130smay\u0131ll\u0131da yax\u015f\u0131 bir kafed\u0259 yem\u0259k yey\u0259k, dedi yox, el\u0259 G\u00f6y\u00e7ay\u0131n i\u00e7ind\u0259 g\u00f6r\u00fc\u015f\u0259k. Ax\u015fam getdim, el\u0259 bizim k\u0259ndd\u0259 bir kafed\u0259 g\u00f6r\u00fc\u015fd\u00fck, g\u00f6rd\u00fcm ki, yan\u0131nda G\u00f6y\u00e7ay\u0131n polis \u015f\u00f6b\u0259sind\u0259 i\u015fl\u0259y\u0259n iki polis \u0259m\u0259kda\u015f\u0131 da var, dedi, dostlar\u0131md\u0131r. El\u0259 bir az oturmu\u015fduq ki, bir d\u0259 g\u00f6rd\u00fcm m\u0259ni d\u00f6y\u0259n adamlar\u0131n bir yax\u0131n\u0131 m\u0259n\u0259 yax\u0131nla\u015fd\u0131, dedi, s\u0259n m\u0259nim 90 ya\u015fl\u0131 anam\u0131n \u015f\u0259klini \u201cFacebook\u201d-da payla\u015fm\u0131san. Dedim, m\u0259n s\u0259nin anan\u0131 he\u00e7 h\u0259yatda birc\u0259 d\u0259f\u0259 d\u0259 g\u00f6rm\u0259mi\u015f\u0259m, o ki qala \u015f\u0259klini \u00e7\u0259kib payla\u015fam. Bir d\u0259 baxd\u0131m ki, m\u0259ni d\u00f6y\u0259n v\u0259 \u015fikay\u0259t\u00e7i oldu\u011fum be\u015f n\u0259f\u0259r d\u0259 k\u0259narda dayan\u0131b, m\u0259ni telefonun kameras\u0131 il\u0259 \u00e7\u0259kirl\u0259r. Anlad\u0131m ki, masam\u0131za yax\u0131nla\u015fan adam \u201cindi stolu ba\u015f\u0131na \u00e7evir\u0259c\u0259m\u201d kimi s\u00f6zl\u0259r dem\u0259kl\u0259, q\u0131\u015fq\u0131rmaqla m\u0259ni t\u0259xribata \u00e7\u0259kir ki, ona \u0259l-qol at\u0131m. \u018flimi telefonuma atd\u0131m ki, 102-y\u0259 y\u0131\u011f\u0131m, \u015fikay\u0259timi bildirim. El\u00e7in dedi, laz\u0131m deyil, \u00f6z\u00fcm burdayam, g\u00f6r\u00fcr\u0259m ki, s\u0259ni \u015f\u0259rl\u0259m\u0259k ist\u0259yirl\u0259r, \u00f6z\u00fcm polis r\u0259isin\u0259 d\u0259, rayonun r\u0259hb\u0259rliyin\u0259 d\u0259 bildir\u0259c\u0259m. Be\u015f d\u0259qiq\u0259d\u0259n sonra kafenin qar\u015f\u0131s\u0131nda post-patrul ma\u015f\u0131n\u0131 dayand\u0131, o adam\u0131 da, m\u0259ni d\u0259 ma\u015f\u0131na bas\u0131b polis \u015f\u00f6b\u0259sin\u0259 apard\u0131lar\u201d.\n<\/p>\n<p>\n  <b><br \/>\n    \u201cPolis \u015f\u00f6b\u0259sind\u0259 iki d\u0259f\u0259 d\u00f6yd\u00fcl\u0259r, di\u015fimi q\u0131rd\u0131lar\u201d<br \/>\n  <\/b>\n<\/p>\n<p>\n  S\u0259buhi Quliyev deyir, h\u0259min adam c\u0259rim\u0259l\u0259n\u0259r\u0259k \u015f\u00f6b\u0259d\u0259n burax\u0131l\u0131b. Onu is\u0259 m\u0259hk\u0259m\u0259 qar\u015f\u0131s\u0131na \u00e7\u0131xar\u0131blar:\n<\/p>\n<p>\n  \u201cB\u00f6lm\u0259d\u0259 ba\u015f\u00e7\u0131ya qar\u015f\u0131 h\u00f6rm\u0259tsiz davrand\u0131\u011f\u0131m\u0131, s\u00f6z\u00fcn\u00fc yer\u0259 sald\u0131\u011f\u0131m\u0131 deyib, m\u0259ni iki d\u0259f\u0259 m\u00f6hk\u0259m d\u00f6yd\u00fcl\u0259r, di\u015fimi q\u0131rd\u0131lar. A\u015fa\u011f\u0131lay\u0131c\u0131 h\u0259r\u0259k\u0259tl\u0259r etdil\u0259r. \u0130ndi d\u0259 \u00e7\u0259kdikl\u0259ri video il\u0259 m\u0259ni \u015fantaj edirl\u0259r. N\u0259 is\u0259, bu biab\u0131r\u00e7\u0131l\u0131qlardan sonra \u0130nzibati X\u0259talar M\u0259c\u0259ll\u0259sinin 510 (X\u0131rda xuliqanl\u0131q) v\u0259 535-ci (Polis i\u015f\u00e7isinin qanuni t\u0259l\u0259bin\u0259 q\u0259sd\u0259n tabe olmama) madd\u0259l\u0259rini y\u00fckl\u0259dil\u0259r boynuma, protokol t\u0259rtib edib apard\u0131lar m\u0259hk\u0259m\u0259y\u0259. Hakim\u0259 n\u0259 q\u0259rar ver\u0259c\u0259yini h\u0259l\u0259 bilmirdi, g\u00f6z\u00fcm\u00fcn qar\u015f\u0131s\u0131nda hakim\u0259 z\u0259ng g\u0259ldi, h\u0259min z\u0259ngd\u0259n sonra 8 sutka h\u0259bs k\u0259sdi\u201d.\n<\/p>\n<figure class=\"wp-block-image size-large\">\n  <img decoding=\"async\" src=\"https:\/\/www.meydan.tv\/az\/copy_of_untitled9__2_-png\/\" alt=\"copy_of_untitled9__2_.png\" class=\"wp-image-146941\"\/><figcaption>\n    &#8220;M\u0259n\u0259 d\u0259 aradabir x\u0259b\u0259r g\u00f6nd\u0259rirl\u0259r ki, icra ba\u015f\u00e7\u0131s\u0131na, polis\u0259 puldan verib, s\u0259n\u0259 ya\u015fama\u011fa imkan verm\u0259y\u0259c\u0259yik&#8221;<br \/>\n  <\/figcaption><\/figure>\n<p>\n  <b><br \/>\n    \u201cR\u0259is m\u00fcavini dedi, \u201cbir da\u015f altdan, bir da\u015f \u00fcstd\u0259n&#8230;\u201d<br \/>\n  <\/b>\n<\/p>\n<p>\n  S\u0259buhi Quliyev deyir, h\u0259bsd\u0259n burax\u0131lark\u0259n polis r\u0259isinin m\u00fcavini F\u0259xri Aslanov ona \u201cbir da\u015f altdan, bir da\u015f \u00fcstd\u0259n, he\u00e7 yer\u0259 \u015fikay\u0259t yazma, biz\u0259 vaxt ver, s\u0259nin ba\u015f\u0131na bu oyunu g\u0259tir\u0259nl\u0259ri tezlikl\u0259 c\u0259zaland\u0131r\u0131b i\u00e7\u0259ri atacam\u201d, &#8211; dedi. M\u0259n d\u0259 h\u0259bsd\u0259n \u00e7\u0131x\u0131b sakitc\u0259 i\u015fin sonunu g\u00f6zl\u0259dim. Baxd\u0131m ki, n\u0259 qar\u015f\u0131 t\u0259r\u0259fin \u00fcst\u00fcn\u0259 ged\u0259n var, n\u0259 d\u0259 cazaland\u0131r\u0131lan&#8230; H\u0259yat\u0131m\u0131 qara \u0259skiy\u0259 b\u00fckm\u00fc\u015f adamlar da \u00f6z kefli h\u0259yatlar\u0131n\u0131 s\u00fcrm\u0259kd\u0259dir. M\u0259n\u0259 d\u0259 aradabir x\u0259b\u0259r g\u00f6nd\u0259rirl\u0259r ki, icra ba\u015f\u00e7\u0131s\u0131na, polis\u0259 puldan verib, s\u0259n\u0259 ya\u015fama\u011fa imkan verm\u0259y\u0259c\u0259yik, polisd\u0259 \u00e7\u0259kil\u0259n videonu sosial \u015f\u0259b\u0259k\u0259l\u0259rd\u0259 yayaca\u011f\u0131q, el\u0259 ed\u0259c\u0259yik ki, k\u0259ndd\u0259n \u00f6z xo\u015funla ba\u015f g\u00f6t\u00fcr\u00fcb qa\u00e7acaqsan\u201d.\n<\/p>\n<p>\n  <b><br \/>\n    Polis t\u0259kzib edir&#8230;<br \/>\n  <\/b>\n<\/p>\n<p>\n  G\u00f6y\u00e7ay Rayon Polis \u015e\u00f6b\u0259sind\u0259n S\u0259buhi Quliyevin dedikl\u0259ri t\u0259kzib olunub. Meydan TV-y\u0259 bildirilib ki, v\u0259t\u0259nda\u015f x\u0131rda xuliqanl\u0131\u011fa v\u0259 polisin qanuni t\u0259l\u0259bin\u0259 tabe olmad\u0131\u011f\u0131na g\u00f6r\u0259 bar\u0259sind\u0259 protokol t\u0259rtib olunaraq m\u0259hk\u0259m\u0259y\u0259 g\u00f6nd\u0259rilib, inzibati qaydada 8 sutkal\u0131q h\u0259bs olunub. Polis \u015f\u00f6b\u0259sin\u0259 g\u0259tirildiyi v\u0259 \u015f\u00f6b\u0259d\u0259 saxlan\u0131ld\u0131\u011f\u0131 m\u00fcdd\u0259td\u0259 ona qar\u015f\u0131 h\u0259r hans\u0131 qanunsuz h\u0259r\u0259k\u0259t v\u0259 fiziki zor g\u00f6st\u0259rilm\u0259yib, h\u0259r hans\u0131 video \u00e7\u0259kili\u015f apar\u0131lmay\u0131b. S\u0259buhi Quliyevin \u015fikay\u0259t\u00e7i oldu\u011fu Fuad Qas\u0131mov bar\u0259sind\u0259 Cinay\u0259t M\u0259c\u0259ll\u0259sinin 127.2.3 (\u00fcmumi t\u0259hl\u00fck\u0259li \u00fcsulla v\u0259 ya xuliqanl\u0131q niyy\u0259til\u0259 q\u0259sd\u0259n b\u0259d\u0259n\u0259 az a\u011f\u0131r z\u0259r\u0259r vurma) madd\u0259si il\u0259 cinay\u0259t i\u015fi ba\u015flan\u0131b, istintaq davam edir.\n<\/p>\n<p>\n  S\u0259buhi Quliyev is\u0259 \u00f6lk\u0259 ba\u015f\u00e7\u0131s\u0131ndan v\u0259 nazir Vilay\u0259t Eyvazovdan m\u0259s\u0259l\u0259y\u0259 m\u00fcdaxil\u0259 etm\u0259l\u0259rini xahi\u015f edir:\n<\/p>\n<p>\n  \u201cBilir\u0259m ki, nazir polisin, prezident is\u0259 icra ba\u015f\u00e7\u0131s\u0131n\u0131n \u00f6zba\u015f\u0131nal\u0131\u011f\u0131n\u0131n qar\u015f\u0131s\u0131n\u0131 alacaq. Sad\u0259c\u0259, yazd\u0131qlar\u0131m gedib \u00fcnvana \u00e7atm\u0131r. Ona g\u00f6r\u0259 d\u0259 ist\u0259yir\u0259m ki, s\u0259simi buradan \u00e7atd\u0131r\u0131m. Bilsinl\u0259r ki, bir ail\u0259nin \u00fczvl\u0259ri rayonun polis r\u0259isind\u0259n tutmu\u015f icra hakimiyy\u0259tinin ba\u015f\u00e7\u0131s\u0131nad\u0259k sat\u0131n al\u0131b, ist\u0259diyi \u00f6zba\u015f\u0131nal\u0131\u011f\u0131 edir\u201d.<\/p>\n","protected":false},"excerpt":{"rendered":"<p>\u201cR\u0259is m\u00fcavini dedi, \u201cbir da\u015f altdan, bir da\u015f \u00fcstd\u0259n&#8230;\u201d<\/p>\n","protected":false},"author":11,"featured_media":146943,"comment_status":"closed","ping_status":"open","sticky":false,"template":"","format":"standard","meta":{"_acf_changed":false,"_sitemap_exclude":false,"_sitemap_priority":"","_sitemap_frequency":"","footnotes":""},"categories":[60],"tags":[],"class_list":["post-202155","post","type-post","status-publish","format-standard","has-post-thumbnail","hentry","category-bolge","infinite-scroll-item","generate-columns","tablet-grid-50","mobile-grid-100","grid-parent","grid-33","no-featured-image-padding"],"acf":[],"yoast_head":"<!-- This site is optimized with the Yoast SEO plugin v27.5 - https:\/\/yoast.com\/product\/yoast-seo-wordpress\/ -->\n<title>\u201cPolisd\u0259 m\u0259ni telefonla \u00e7\u0259k\u0259r\u0259k, soyunma\u011f\u0131m\u0131 t\u0259l\u0259b etdil\u0259r\u201d - MEYDAN.TV<\/title>\n<meta name=\"robots\" content=\"index, follow, max-snippet:-1, max-image-preview:large, max-video-preview:-1\" \/>\n<link rel=\"canonical\" href=\"https:\/\/www.meydan.tv\/az\/article\/polisde-meni-telefonla-cekerek-soyunmagimi-teleb-etdiler\/\" \/>\n<meta property=\"og:locale\" content=\"az_AZ\" \/>\n<meta property=\"og:type\" content=\"article\" \/>\n<meta property=\"og:title\" content=\"\u201cPolisd\u0259 m\u0259ni telefonla \u00e7\u0259k\u0259r\u0259k, soyunma\u011f\u0131m\u0131 t\u0259l\u0259b etdil\u0259r\u201d - MEYDAN.TV\" \/>\n<meta property=\"og:description\" content=\"\u201cR\u0259is m\u00fcavini dedi, \u201cbir da\u015f altdan, bir da\u015f \u00fcstd\u0259n...\u201d\" \/>\n<meta property=\"og:url\" content=\"https:\/\/www.meydan.tv\/az\/article\/polisde-meni-telefonla-cekerek-soyunmagimi-teleb-etdiler\/\" \/>\n<meta property=\"og:site_name\" content=\"MEYDAN.TV\" \/>\n<meta property=\"article:published_time\" content=\"2020-08-27T13:38:17+00:00\" \/>\n<meta property=\"og:image\" content=\"https:\/\/www.meydan.tv\/wp-content\/uploads\/untitled9__2_.original.png\" \/>\n\t<meta property=\"og:image:width\" content=\"1000\" \/>\n\t<meta property=\"og:image:height\" content=\"555\" \/>\n\t<meta property=\"og:image:type\" content=\"image\/png\" \/>\n<meta name=\"author\" content=\"user-manager\" \/>\n<meta name=\"twitter:card\" content=\"summary_large_image\" \/>\n<script type=\"application\/ld+json\" class=\"yoast-schema-graph\">{\"@context\":\"https:\\\/\\\/schema.org\",\"@graph\":[{\"@type\":\"Article\",\"@id\":\"https:\\\/\\\/www.meydan.tv\\\/az\\\/article\\\/polisde-meni-telefonla-cekerek-soyunmagimi-teleb-etdiler\\\/#article\",\"isPartOf\":{\"@id\":\"https:\\\/\\\/www.meydan.tv\\\/az\\\/article\\\/polisde-meni-telefonla-cekerek-soyunmagimi-teleb-etdiler\\\/\"},\"author\":{\"name\":\"user-manager\",\"@id\":\"https:\\\/\\\/www.meydan.tv\\\/az\\\/#\\\/schema\\\/person\\\/10d11eccf6da3662cf5fdab9806ea91a\"},\"headline\":\"\u201cPolisd\u0259 m\u0259ni telefonla \u00e7\u0259k\u0259r\u0259k, soyunma\u011f\u0131m\u0131 t\u0259l\u0259b etdil\u0259r\u201d\",\"datePublished\":\"2020-08-27T13:38:17+00:00\",\"mainEntityOfPage\":{\"@id\":\"https:\\\/\\\/www.meydan.tv\\\/az\\\/article\\\/polisde-meni-telefonla-cekerek-soyunmagimi-teleb-etdiler\\\/\"},\"wordCount\":1674,\"publisher\":{\"@id\":\"https:\\\/\\\/www.meydan.tv\\\/az\\\/#organization\"},\"image\":{\"@id\":\"https:\\\/\\\/www.meydan.tv\\\/az\\\/article\\\/polisde-meni-telefonla-cekerek-soyunmagimi-teleb-etdiler\\\/#primaryimage\"},\"thumbnailUrl\":\"https:\\\/\\\/www.meydan.tv\\\/wp-content\\\/uploads\\\/untitled9__2_.original.png\",\"articleSection\":[\"B\u00f6lg\u0259\"],\"inLanguage\":\"az\"},{\"@type\":\"WebPage\",\"@id\":\"https:\\\/\\\/www.meydan.tv\\\/az\\\/article\\\/polisde-meni-telefonla-cekerek-soyunmagimi-teleb-etdiler\\\/\",\"url\":\"https:\\\/\\\/www.meydan.tv\\\/az\\\/article\\\/polisde-meni-telefonla-cekerek-soyunmagimi-teleb-etdiler\\\/\",\"name\":\"\u201cPolisd\u0259 m\u0259ni telefonla \u00e7\u0259k\u0259r\u0259k, soyunma\u011f\u0131m\u0131 t\u0259l\u0259b etdil\u0259r\u201d - MEYDAN.TV\",\"isPartOf\":{\"@id\":\"https:\\\/\\\/www.meydan.tv\\\/az\\\/#website\"},\"primaryImageOfPage\":{\"@id\":\"https:\\\/\\\/www.meydan.tv\\\/az\\\/article\\\/polisde-meni-telefonla-cekerek-soyunmagimi-teleb-etdiler\\\/#primaryimage\"},\"image\":{\"@id\":\"https:\\\/\\\/www.meydan.tv\\\/az\\\/article\\\/polisde-meni-telefonla-cekerek-soyunmagimi-teleb-etdiler\\\/#primaryimage\"},\"thumbnailUrl\":\"https:\\\/\\\/www.meydan.tv\\\/wp-content\\\/uploads\\\/untitled9__2_.original.png\",\"datePublished\":\"2020-08-27T13:38:17+00:00\",\"breadcrumb\":{\"@id\":\"https:\\\/\\\/www.meydan.tv\\\/az\\\/article\\\/polisde-meni-telefonla-cekerek-soyunmagimi-teleb-etdiler\\\/#breadcrumb\"},\"inLanguage\":\"az\",\"potentialAction\":[{\"@type\":\"ReadAction\",\"target\":[\"https:\\\/\\\/www.meydan.tv\\\/az\\\/article\\\/polisde-meni-telefonla-cekerek-soyunmagimi-teleb-etdiler\\\/\"]}]},{\"@type\":\"ImageObject\",\"inLanguage\":\"az\",\"@id\":\"https:\\\/\\\/www.meydan.tv\\\/az\\\/article\\\/polisde-meni-telefonla-cekerek-soyunmagimi-teleb-etdiler\\\/#primaryimage\",\"url\":\"https:\\\/\\\/www.meydan.tv\\\/wp-content\\\/uploads\\\/untitled9__2_.original.png\",\"contentUrl\":\"https:\\\/\\\/www.meydan.tv\\\/wp-content\\\/uploads\\\/untitled9__2_.original.png\",\"width\":1000,\"height\":555,\"caption\":\"Source: Specify Source\"},{\"@type\":\"BreadcrumbList\",\"@id\":\"https:\\\/\\\/www.meydan.tv\\\/az\\\/article\\\/polisde-meni-telefonla-cekerek-soyunmagimi-teleb-etdiler\\\/#breadcrumb\",\"itemListElement\":[{\"@type\":\"ListItem\",\"position\":1,\"name\":\"Ana s\u0259hif\u0259\",\"item\":\"https:\\\/\\\/www.meydan.tv\\\/az\\\/\"},{\"@type\":\"ListItem\",\"position\":2,\"name\":\"B\u00f6lg\u0259\",\"item\":\"https:\\\/\\\/www.meydan.tv\\\/az\\\/section\\\/bolge\\\/\"},{\"@type\":\"ListItem\",\"position\":3,\"name\":\"\u201cPolisd\u0259 m\u0259ni telefonla \u00e7\u0259k\u0259r\u0259k, soyunma\u011f\u0131m\u0131 t\u0259l\u0259b etdil\u0259r\u201d\"}]},{\"@type\":\"WebSite\",\"@id\":\"https:\\\/\\\/www.meydan.tv\\\/az\\\/#website\",\"url\":\"https:\\\/\\\/www.meydan.tv\\\/az\\\/\",\"name\":\"MEYDAN.TV\",\"description\":\"Meydan TV Az\u0259rbaycan\u0131n media m\u0259kan\u0131ndak\u0131 alternativ s\u0259sidir\",\"publisher\":{\"@id\":\"https:\\\/\\\/www.meydan.tv\\\/az\\\/#organization\"},\"potentialAction\":[{\"@type\":\"SearchAction\",\"target\":{\"@type\":\"EntryPoint\",\"urlTemplate\":\"https:\\\/\\\/www.meydan.tv\\\/az\\\/?s={search_term_string}\"},\"query-input\":{\"@type\":\"PropertyValueSpecification\",\"valueRequired\":true,\"valueName\":\"search_term_string\"}}],\"inLanguage\":\"az\"},{\"@type\":\"Organization\",\"@id\":\"https:\\\/\\\/www.meydan.tv\\\/az\\\/#organization\",\"name\":\"Meydan TV\",\"url\":\"https:\\\/\\\/www.meydan.tv\\\/az\\\/\",\"logo\":{\"@type\":\"ImageObject\",\"inLanguage\":\"az\",\"@id\":\"https:\\\/\\\/www.meydan.tv\\\/az\\\/#\\\/schema\\\/logo\\\/image\\\/\",\"url\":\"https:\\\/\\\/www.meydan.tv\\\/wp-content\\\/uploads\\\/2021\\\/07\\\/meydan-logo.svg\",\"contentUrl\":\"https:\\\/\\\/www.meydan.tv\\\/wp-content\\\/uploads\\\/2021\\\/07\\\/meydan-logo.svg\",\"width\":195,\"height\":46,\"caption\":\"Meydan TV\"},\"image\":{\"@id\":\"https:\\\/\\\/www.meydan.tv\\\/az\\\/#\\\/schema\\\/logo\\\/image\\\/\"}},{\"@type\":\"Person\",\"@id\":\"https:\\\/\\\/www.meydan.tv\\\/az\\\/#\\\/schema\\\/person\\\/10d11eccf6da3662cf5fdab9806ea91a\",\"name\":\"user-manager\"}]}<\/script>\n<!-- \/ Yoast SEO plugin. -->","yoast_head_json":{"title":"\u201cPolisd\u0259 m\u0259ni telefonla \u00e7\u0259k\u0259r\u0259k, soyunma\u011f\u0131m\u0131 t\u0259l\u0259b etdil\u0259r\u201d - MEYDAN.TV","robots":{"index":"index","follow":"follow","max-snippet":"max-snippet:-1","max-image-preview":"max-image-preview:large","max-video-preview":"max-video-preview:-1"},"canonical":"https:\/\/www.meydan.tv\/az\/article\/polisde-meni-telefonla-cekerek-soyunmagimi-teleb-etdiler\/","og_locale":"az_AZ","og_type":"article","og_title":"\u201cPolisd\u0259 m\u0259ni telefonla \u00e7\u0259k\u0259r\u0259k, soyunma\u011f\u0131m\u0131 t\u0259l\u0259b etdil\u0259r\u201d - MEYDAN.TV","og_description":"\u201cR\u0259is m\u00fcavini dedi, \u201cbir da\u015f altdan, bir da\u015f \u00fcstd\u0259n...\u201d","og_url":"https:\/\/www.meydan.tv\/az\/article\/polisde-meni-telefonla-cekerek-soyunmagimi-teleb-etdiler\/","og_site_name":"MEYDAN.TV","article_published_time":"2020-08-27T13:38:17+00:00","og_image":[{"width":1000,"height":555,"url":"https:\/\/www.meydan.tv\/wp-content\/uploads\/untitled9__2_.original.png","type":"image\/png"}],"author":"user-manager","twitter_card":"summary_large_image","schema":{"@context":"https:\/\/schema.org","@graph":[{"@type":"Article","@id":"https:\/\/www.meydan.tv\/az\/article\/polisde-meni-telefonla-cekerek-soyunmagimi-teleb-etdiler\/#article","isPartOf":{"@id":"https:\/\/www.meydan.tv\/az\/article\/polisde-meni-telefonla-cekerek-soyunmagimi-teleb-etdiler\/"},"author":{"name":"user-manager","@id":"https:\/\/www.meydan.tv\/az\/#\/schema\/person\/10d11eccf6da3662cf5fdab9806ea91a"},"headline":"\u201cPolisd\u0259 m\u0259ni telefonla \u00e7\u0259k\u0259r\u0259k, soyunma\u011f\u0131m\u0131 t\u0259l\u0259b etdil\u0259r\u201d","datePublished":"2020-08-27T13:38:17+00:00","mainEntityOfPage":{"@id":"https:\/\/www.meydan.tv\/az\/article\/polisde-meni-telefonla-cekerek-soyunmagimi-teleb-etdiler\/"},"wordCount":1674,"publisher":{"@id":"https:\/\/www.meydan.tv\/az\/#organization"},"image":{"@id":"https:\/\/www.meydan.tv\/az\/article\/polisde-meni-telefonla-cekerek-soyunmagimi-teleb-etdiler\/#primaryimage"},"thumbnailUrl":"https:\/\/www.meydan.tv\/wp-content\/uploads\/untitled9__2_.original.png","articleSection":["B\u00f6lg\u0259"],"inLanguage":"az"},{"@type":"WebPage","@id":"https:\/\/www.meydan.tv\/az\/article\/polisde-meni-telefonla-cekerek-soyunmagimi-teleb-etdiler\/","url":"https:\/\/www.meydan.tv\/az\/article\/polisde-meni-telefonla-cekerek-soyunmagimi-teleb-etdiler\/","name":"\u201cPolisd\u0259 m\u0259ni telefonla \u00e7\u0259k\u0259r\u0259k, soyunma\u011f\u0131m\u0131 t\u0259l\u0259b etdil\u0259r\u201d - MEYDAN.TV","isPartOf":{"@id":"https:\/\/www.meydan.tv\/az\/#website"},"primaryImageOfPage":{"@id":"https:\/\/www.meydan.tv\/az\/article\/polisde-meni-telefonla-cekerek-soyunmagimi-teleb-etdiler\/#primaryimage"},"image":{"@id":"https:\/\/www.meydan.tv\/az\/article\/polisde-meni-telefonla-cekerek-soyunmagimi-teleb-etdiler\/#primaryimage"},"thumbnailUrl":"https:\/\/www.meydan.tv\/wp-content\/uploads\/untitled9__2_.original.png","datePublished":"2020-08-27T13:38:17+00:00","breadcrumb":{"@id":"https:\/\/www.meydan.tv\/az\/article\/polisde-meni-telefonla-cekerek-soyunmagimi-teleb-etdiler\/#breadcrumb"},"inLanguage":"az","potentialAction":[{"@type":"ReadAction","target":["https:\/\/www.meydan.tv\/az\/article\/polisde-meni-telefonla-cekerek-soyunmagimi-teleb-etdiler\/"]}]},{"@type":"ImageObject","inLanguage":"az","@id":"https:\/\/www.meydan.tv\/az\/article\/polisde-meni-telefonla-cekerek-soyunmagimi-teleb-etdiler\/#primaryimage","url":"https:\/\/www.meydan.tv\/wp-content\/uploads\/untitled9__2_.original.png","contentUrl":"https:\/\/www.meydan.tv\/wp-content\/uploads\/untitled9__2_.original.png","width":1000,"height":555,"caption":"Source: Specify Source"},{"@type":"BreadcrumbList","@id":"https:\/\/www.meydan.tv\/az\/article\/polisde-meni-telefonla-cekerek-soyunmagimi-teleb-etdiler\/#breadcrumb","itemListElement":[{"@type":"ListItem","position":1,"name":"Ana s\u0259hif\u0259","item":"https:\/\/www.meydan.tv\/az\/"},{"@type":"ListItem","position":2,"name":"B\u00f6lg\u0259","item":"https:\/\/www.meydan.tv\/az\/section\/bolge\/"},{"@type":"ListItem","position":3,"name":"\u201cPolisd\u0259 m\u0259ni telefonla \u00e7\u0259k\u0259r\u0259k, soyunma\u011f\u0131m\u0131 t\u0259l\u0259b etdil\u0259r\u201d"}]},{"@type":"WebSite","@id":"https:\/\/www.meydan.tv\/az\/#website","url":"https:\/\/www.meydan.tv\/az\/","name":"MEYDAN.TV","description":"Meydan TV Az\u0259rbaycan\u0131n media m\u0259kan\u0131ndak\u0131 alternativ s\u0259sidir","publisher":{"@id":"https:\/\/www.meydan.tv\/az\/#organization"},"potentialAction":[{"@type":"SearchAction","target":{"@type":"EntryPoint","urlTemplate":"https:\/\/www.meydan.tv\/az\/?s={search_term_string}"},"query-input":{"@type":"PropertyValueSpecification","valueRequired":true,"valueName":"search_term_string"}}],"inLanguage":"az"},{"@type":"Organization","@id":"https:\/\/www.meydan.tv\/az\/#organization","name":"Meydan TV","url":"https:\/\/www.meydan.tv\/az\/","logo":{"@type":"ImageObject","inLanguage":"az","@id":"https:\/\/www.meydan.tv\/az\/#\/schema\/logo\/image\/","url":"https:\/\/www.meydan.tv\/wp-content\/uploads\/2021\/07\/meydan-logo.svg","contentUrl":"https:\/\/www.meydan.tv\/wp-content\/uploads\/2021\/07\/meydan-logo.svg","width":195,"height":46,"caption":"Meydan TV"},"image":{"@id":"https:\/\/www.meydan.tv\/az\/#\/schema\/logo\/image\/"}},{"@type":"Person","@id":"https:\/\/www.meydan.tv\/az\/#\/schema\/person\/10d11eccf6da3662cf5fdab9806ea91a","name":"user-manager"}]}},"_links":{"self":[{"href":"https:\/\/www.meydan.tv\/az\/wp-json\/wp\/v2\/posts\/202155","targetHints":{"allow":["GET"]}}],"collection":[{"href":"https:\/\/www.meydan.tv\/az\/wp-json\/wp\/v2\/posts"}],"about":[{"href":"https:\/\/www.meydan.tv\/az\/wp-json\/wp\/v2\/types\/post"}],"author":[{"embeddable":true,"href":"https:\/\/www.meydan.tv\/az\/wp-json\/wp\/v2\/users\/11"}],"replies":[{"embeddable":true,"href":"https:\/\/www.meydan.tv\/az\/wp-json\/wp\/v2\/comments?post=202155"}],"version-history":[{"count":0,"href":"https:\/\/www.meydan.tv\/az\/wp-json\/wp\/v2\/posts\/202155\/revisions"}],"wp:featuredmedia":[{"embeddable":true,"href":"https:\/\/www.meydan.tv\/az\/wp-json\/wp\/v2\/media\/146943"}],"wp:attachment":[{"href":"https:\/\/www.meydan.tv\/az\/wp-json\/wp\/v2\/media?parent=202155"}],"wp:term":[{"taxonomy":"category","embeddable":true,"href":"https:\/\/www.meydan.tv\/az\/wp-json\/wp\/v2\/categories?post=202155"},{"taxonomy":"post_tag","embeddable":true,"href":"https:\/\/www.meydan.tv\/az\/wp-json\/wp\/v2\/tags?post=202155"}],"curies":[{"name":"wp","href":"https:\/\/api.w.org\/{rel}","templated":true}]}}