{"id":202141,"date":"2020-08-26T15:38:12","date_gmt":"2020-08-26T15:38:12","guid":{"rendered":"https:\/\/www.meydan.tv\/article\/nazirlerin-gorusunun-ciddi-neticesi-yoxdur\/"},"modified":"2020-08-26T15:38:12","modified_gmt":"2020-08-26T15:38:12","slug":"nazirlerin-gorusunun-ciddi-neticesi-yoxdur","status":"publish","type":"post","link":"https:\/\/www.meydan.tv\/az\/article\/nazirlerin-gorusunun-ciddi-neticesi-yoxdur\/","title":{"rendered":"\u201cNazirl\u0259rin g\u00f6r\u00fc\u015f\u00fcn\u00fcn ciddi n\u0259tic\u0259si yoxdur\u201d"},"content":{"rendered":"<p>\n  <i><br \/>\n    Rauf Mirq\u0259dirov: \u201cAz\u0259rbaycan Rusiyayla a\u00e7\u0131q qar\u015f\u0131durmaya getm\u0259k iqtidar\u0131nda deyil\u201d<br \/>\n  <\/i>\n<\/p>\n<p>\n  Son iki g\u00fcn Rusiya M\u00fcdafi\u0259 naziri Sergey \u015eoyqunun Bak\u0131, Az\u0259rbaycan Xarici i\u015fl\u0259r naziri Ceyhun Bayramovun is\u0259 Moskva s\u0259f\u0259rl\u0259riyl\u0259 yadda qal\u0131b.\n<\/p>\n<p>\n  Az\u0259rbaycan M\u00fcdafi\u0259 Nazirliyinin nazirl\u0259rin g\u00f6r\u00fc\u015f\u00fc bar\u0259d\u0259 yayd\u0131\u011f\u0131 m\u0259lumatda Sergey \u015eoyqunun Rusiyadan Erm\u0259nistana t\u0259yyar\u0259l\u0259r vasit\u0259sil\u0259 silahlar\u0131n da\u015f\u0131nmas\u0131 m\u0259s\u0259l\u0259sin\u0259 toxundu\u011fu bildirilib. Rusiyal\u0131 nazir qeyd edib ki, bu da\u015f\u0131nmalar Erm\u0259nistana silah v\u0259 h\u0259rbi texnikan\u0131n, h\u0259m\u00e7inin dig\u0259r h\u0259rbi \u0259mlak\u0131n t\u0259dar\u00fck\u00fc \u00fc\u00e7\u00fcn deyil. Rusiyan\u0131n bu \u00f6lk\u0259d\u0259ki 102-ci h\u0259rbi bazas\u0131nda geni\u015fmiqyasl\u0131 tikinti i\u015fl\u0259rinin apar\u0131lmas\u0131 \u00fc\u00e7\u00fcn n\u0259z\u0259rd\u0259 tutulan tikinti materiallar\u0131n\u0131n \u00e7atd\u0131r\u0131lmas\u0131 v\u0259 h\u0259min bazada xidm\u0259t ed\u0259n \u00e7a\u011f\u0131r\u0131\u015f\u00e7\u0131lar\u0131n rotasiyas\u0131 m\u0259qs\u0259dil\u0259 h\u0259yata ke\u00e7irilib.\n<\/p>\n<p>\n  Moskvada xarici i\u015fl\u0259r nazirl\u0259rinin g\u00f6r\u00fc\u015f\u00fcnd\u0259 is\u0259 Sergey Lavrov deyib ki, o, h\u0259mkar\u0131yla Erm\u0259nistan-Az\u0259rbaycan m\u00fcnaqi\u015f\u0259si v\u0259 dinc nizamlanma \u00fczr\u0259 n\u0259tic\u0259l\u0259r\u0259 nail olmaq \u00fc\u00e7\u00fcn atmosfer yarad\u0131lmas\u0131n\u0131n vacibliyi bar\u0259d\u0259 \u0259trafl\u0131 dan\u0131\u015f\u0131blar.\n<\/p>\n<p>\n  Cavab s\u00f6z\u00fcnd\u0259 Ceyhun Bayramov deyib ki, Bak\u0131 AT\u018fT-in Minsk Qrupunun h\u0259ms\u0259drl\u0259rind\u0259n biri kimi Rusiyaya ayr\u0131ca \u00fcmid b\u0259sl\u0259yir:\n<\/p>\n<p>\n  \u201cErm\u0259nistan Az\u0259rbaycan \u0259razil\u0259rinin 20 faizini i\u015f\u011falda saxlayaraq dinc \u0259halini oradan qovmaqla beyn\u0259lxalq h\u00fcququ pozmaqda davam edir. \u0130yulun 12-16-da Erm\u0259nistanla s\u0259rh\u0259dd\u0259 ged\u0259n d\u00f6y\u00fc\u015fl\u0259r Az\u0259rbaycan\u0131n n\u0259qliyyat infrastrukturunu t\u0259hl\u00fck\u0259 alt\u0131na salmaq m\u0259qs\u0259dil\u0259 t\u0259xribat idi\u201d.\n<\/p>\n<p>\n  Az\u0259rbaycanl\u0131 nazir deyib ki, beyn\u0259lxalq birlik nizamlanmaya dair m\u0259zmunlu dan\u0131\u015f\u0131qlar\u0131n davam etdirilm\u0259si v\u0259 BMT T\u0259hl\u00fck\u0259sizlik \u015euras\u0131n\u0131n m\u0259lum q\u0259tnam\u0259l\u0259rinin h\u0259yata ke\u00e7irilm\u0259si, Az\u0259rbaycan\u0131n \u0259razi b\u00fct\u00f6vl\u00fcy\u00fcn\u00fcn b\u0259rpa edilm\u0259si \u00fc\u00e7\u00fcn Erm\u0259nistana t\u0259sir g\u00f6st\u0259rm\u0259lidir.\n<\/p>\n<p>\n  \u201cNizamlanma il\u0259 ba\u011fl\u0131 hans\u0131 add\u0131mlar at\u0131l\u0131r v\u0259 g\u00f6zl\u0259nilir\u201d sual\u0131n\u0131n cavab\u0131nda C.Bayramov qeyd edib ki, dan\u0131\u015f\u0131qlar \u201cimitasiya\u201d olmal\u0131 deyil, konkret m\u0259qs\u0259dl\u0259r\u0259 nail olma\u011fa xidm\u0259t etm\u0259lidir.\n<\/p>\n<p>\n  S.Lavrov is\u0259 deyib ki, t\u0259r\u0259fl\u0259r dan\u0131\u015f\u0131qlar ill\u0259ri \u0259rzind\u0259 nizamlanmaya bir s\u0131ra s\u0259n\u0259dl\u0259r i\u015fl\u0259yib haz\u0131rlay\u0131blar ki, bunlarda kompleks yana\u015fma t\u0259sbit edilib:\n<\/p>\n<p>\n  \u201cB\u00fct\u00fcn b\u0259ndl\u0259rl\u0259 ba\u011fl\u0131 raz\u0131l\u0131q yoxdur. Dan\u0131\u015f\u0131qlar\u0131 aparanlar\u0131n t\u0259rkibini d\u0259yi\u015fm\u0259k c\u0259hdl\u0259ri olub ki, bu da q\u0259buledilm\u0259zdir\u201d.\n<\/p>\n<p>\n  Amma S.Lavrov \u201cBMT T\u0259hl\u00fck\u0259sizlik \u015euras\u0131n\u0131n q\u0259tnam\u0259l\u0259ri d\u0259 daxil olmaqla, beyn\u0259lxalq birliyin i\u015fl\u0259yib haz\u0131rlad\u0131\u011f\u0131 q\u0259rarlar\u0131n \u0259ld\u0259 r\u0259hb\u0259r tutulmas\u0131 il\u0259 raz\u0131yam\u201d,-dey\u0259 s\u00f6yl\u0259yib.\n<\/p>\n<p>\n  H\u0259r iki \u00f6lk\u0259nin m\u00fcdafi\u0259 v\u0259 xarici i\u015fl\u0259r nazirl\u0259rin g\u00f6r\u00fc\u015fl\u0259rini Meydan TV-y\u0259 \u015f\u0259rh ed\u0259n siyasi icmal\u00e7\u0131 Rauf Mirq\u0259dirovun dan\u0131\u015f\u0131qlardan ciddi g\u00f6zl\u0259ntisi yoxdur. Rauf Mirq\u0259dirov \u201cAz\u0259rtac\u201d\u0131n Vladimir Putinl\u0259 \u0130lham \u018fliyevin telefon dan\u0131\u015f\u0131qlar\u0131 haqda m\u0259lumat\u0131n\u0131 xat\u0131rladaraq bildirib ki, iki d\u00f6vl\u0259t m\u00fcnasib\u0259tl\u0259rind\u0259 bir q\u0259d\u0259r g\u0259rginlik olmu\u015fdu:\n<\/p>\n<figure class=\"wp-block-image size-large\">\n  <img decoding=\"async\" src=\"https:\/\/www.meydan.tv\/az\/01__4_-jpg\/\" alt=\"01__4_.jpg\" class=\"wp-image-146797\"\/><figcaption>\n    S.\u015eoyqu \u0130.\u018fliyevl\u0259 g\u00f6r\u00fc\u015fd\u0259<br \/>\n  <\/figcaption><\/figure>\n<p>\n  \u201cH\u0259min dan\u0131\u015f\u0131qlarda Rusiyan\u0131n Erm\u0259nistana silah da\u015f\u0131nmas\u0131 \u0259sas m\u00fczakir\u0259 m\u00f6vzusu idi v\u0259 Az\u0259rbaycan t\u0259r\u0259find\u0259n ilk a\u00e7\u0131q naraz\u0131l\u0131q idi. Amma g\u0259rginlik yaln\u0131z silah yox, ba\u015fqa m\u0259s\u0259l\u0259l\u0259rl\u0259 ba\u011fl\u0131yd\u0131. G\u0259rginliyin aradan qald\u0131r\u0131lmas\u0131 istiqam\u0259tind\u0259 m\u00fc\u0259yy\u0259n add\u0131mlar\u0131n at\u0131lmas\u0131 kifay\u0259t q\u0259d\u0259r m\u0259ntiqliydi. Y\u0259ni Az\u0259rbaycan Rusiyayla a\u00e7\u0131q qar\u015f\u0131durmaya getm\u0259k iqtidar\u0131nda deyil, amma m\u00fcnasib\u0259tl\u0259rin normal m\u0259craya y\u00f6n\u0259lm\u0259si \u00fc\u00e7\u00fcn add\u0131mlar\u0131n at\u0131lmas\u0131n\u0131 g\u00f6zl\u0259m\u0259k olard\u0131. V\u0259 yeni Xarici i\u015fl\u0259r nazirinin t\u0259yini v\u0259 onun ikinci s\u0259f\u0259rinin Rusiyaya olmas\u0131 vacib say\u0131l\u0131b. Xarici i\u015fl\u0259r nazirl\u0259rinin g\u00f6r\u00fc\u015f\u00fcnd\u0259 Lavrovun m\u00fcnaqi\u015f\u0259nin BMT T\u0259hl\u00fck\u0259sizlik \u015euras\u0131n\u0131n q\u0259tnam\u0259si \u0259sas\u0131nda h\u0259llin\u0259 t\u0259r\u0259fdar olmas\u0131 v\u0259 h\u0259m d\u0259 AT\u018fT-in Minsk qrupu h\u0259ms\u0259drl\u0259rinin haz\u0131rlad\u0131\u011f\u0131 plan\u0131 da \u0259lav\u0259 etm\u0259si diqq\u0259td\u0259n yay\u0131nmamal\u0131d\u0131r. X\u00fcsusil\u0259 AT\u018fN-nin Minsk Qrupunu xat\u0131rlatmas\u0131 Kremlin m\u00f6vqeyidir. Ceyhun Bayramov is\u0259 Moskvaya m\u00fc\u0259yy\u0259n \u00fcmidl\u0259r b\u0259sl\u0259diyini b\u0259yan edib\u201d.\n<\/p>\n<p>\n  Ancaq Rauf Mirq\u0259dirov Sergey \u015eoyqunun Bak\u0131da s\u0259sl\u0259ndirdiyi b\u0259yanat\u0131 g\u00fclm\u0259li adland\u0131r\u0131b:\n<\/p>\n<figure class=\"wp-block-image size-large\">\n  <img decoding=\"async\" src=\"https:\/\/www.meydan.tv\/az\/jurnalist-muhacir-rauf-mirqedirov\/\" alt=\"Jurnalist m\u00fchacir Rauf Mirq\u0259dirov\" class=\"wp-image-123541\"\/><figcaption>\n    Rauf Mirq\u0259dirov<br \/>\n  <\/figcaption><\/figure>\n<p>\n  \u201c\u018fn az\u0131 nazirin dedikl\u0259ri ciddi q\u0259bul oluna bilm\u0259z. M\u0259s\u0259l\u0259n, t\u0259yyar\u0259l\u0259rl\u0259 h\u0259rbi avadanl\u0131q, texnika yox, tikinti materiallar\u0131n\u0131n da\u015f\u0131nmas\u0131 haqq\u0131nda dedikl\u0259ri g\u00fclm\u0259lidir. Rusiyan\u0131n hava m\u0259kan\u0131yla Erm\u0259nistana tikinti materiallar\u0131 aparmas\u0131 ciddi q\u0259bul edil\u0259 bilm\u0259z. \u00c7\u00fcnki Erm\u0259nistan qon\u015fu \u00f6lk\u0259l\u0259rd\u0259n, konkret olaraq, \u0130randan v\u0259 G\u00fcrc\u00fcstandan tikinti materiallar\u0131 g\u0259tir\u0259 bil\u0259r. G\u00f6r\u00fcn\u00fcr, \u015eoyqu Az\u0259rbaycan t\u0259r\u0259finin q\u0259bul ed\u0259c\u0259yi s\u0259b\u0259bi s\u0259sl\u0259ndirib. Eyni zamanda, nazir \u015eoyqunun \u201cRusiya he\u00e7 zaman Az\u0259rbaycan\u0131n \u0259leyhin\u0259 f\u0259aliyy\u0259t g\u00f6st\u0259rmir\u201d b\u0259yanat\u0131 he\u00e7 bir \u00e7\u0259r\u00e7iv\u0259y\u0259 s\u0131\u011fm\u0131r. Adi bir misal, Rusiya il\u0259 Erm\u0259nistan\u0131n ikit\u0259r\u0259fli h\u0259rbi yard\u0131m, xarici t\u0259hl\u00fck\u0259l\u0259rd\u0259n qorunmaq \u00f6hd\u0259likl\u0259ri var, bunun \u00f6z\u00fc Az\u0259rbaycan\u0131n \u0259leyhin\u0259dir. \u0130kinci, Rusiya Erm\u0259nistana h\u0259rt\u0259r\u0259fli h\u0259rbi yard\u0131m\u0131 t\u0259min ed\u0259n yegan\u0259 xarici d\u00f6vl\u0259tdir. H\u0259m d\u0259 bu t\u0259minat\u0131 ya \u0259v\u0259z edilm\u0259d\u0259n, yaxud uzunm\u00fcdd\u0259tli kreditl\u0259r ay\u0131rmaqla \u00f6d\u0259yir. Kreditl\u0259rin \u00e7oxu da sonradan qaytar\u0131lm\u0131r. Bel\u0259 olanda, Az\u0259rbaycan \u0259razisini i\u015f\u011fal ed\u0259n bir d\u00f6vl\u0259ti silahland\u0131ran \u00f6lk\u0259nin M\u00fcdafi\u0259 nazirinin b\u0259yan etm\u0259si ki, onlar Az\u0259rbaycan\u0131n maraqlar\u0131na qar\u015f\u0131 he\u00e7 bir add\u0131m atm\u0131rlar, \u0259n az\u0131 yalan v\u0259 g\u00fcl\u00fcncd\u00fcr. Moskva bu c\u00fcr b\u0259yanatlar\u0131yla Bak\u0131n\u0131 axmaq yerin\u0259 qoymaq ist\u0259yir\u201d.\n<\/p>\n<p>\n  Da\u011fl\u0131q Qaraba\u011f m\u00fcnaqi\u015f\u0259sinin m\u00fcasir m\u0259rh\u0259l\u0259si 1988-ci ild\u0259 Erm\u0259nistan SSR-in Az\u0259rbaycan SSR-\u0259 qar\u015f\u0131 \u0259razi iddialar\u0131 \u0259sas\u0131nda ba\u015flay\u0131b. 1991-1994-c\u00fc ill\u0259rd\u0259 Az\u0259rbaycan\u0131n Da\u011fl\u0131q Qaraba\u011f \u0259razisi u\u011frunda Erm\u0259nistanla Az\u0259rbaycan aras\u0131nda m\u00fcharib\u0259 ba\u015f verib. N\u0259tic\u0259d\u0259 Az\u0259rbaycan \u0259razil\u0259rinin 20 faizi &#8211; Da\u011fl\u0131q Qaraba\u011f v\u0259 \u0259traf 7 inzibati rayon (La\u00e7\u0131n, K\u0259lb\u0259c\u0259r, A\u011fdam, F\u00fczuli, C\u0259bray\u0131l, Qubadl\u0131, Z\u0259ngilan) Erm\u0259nistan Silahl\u0131 Q\u00fcvv\u0259l\u0259ri t\u0259r\u0259find\u0259n i\u015f\u011fal olunub, 1 milyondan art\u0131q insan qa\u00e7q\u0131n v\u0259 m\u0259cburi k\u00f6\u00e7k\u00fcn v\u0259ziyy\u0259tin\u0259 d\u00fc\u015f\u00fcb. H\u0259rbi \u0259m\u0259liyyatlar 1994-c\u00fc ilin may ay\u0131nda Bi\u015fkekd\u0259 Az\u0259rbaycan v\u0259 Erm\u0259nistan aras\u0131nda imzalanm\u0131\u015f at\u0259\u015fk\u0259s sazi\u015fi il\u0259 ba\u015fa \u00e7at\u0131b.\n<\/p>\n<p>\n  Da\u011fl\u0131q Qaraba\u011f m\u00fcnaqi\u015f\u0259sinin h\u0259lli il\u0259 AT\u018fT-in Minsk Qrupu v\u0259 Rusiya, AB\u015e, Fransadan ibar\u0259t h\u0259ms\u0259drl\u0259ri m\u0259\u015f\u011ful olur. Dan\u0131\u015f\u0131qlar Az\u0259rbaycan v\u0259 Erm\u0259nistan aras\u0131nda apar\u0131l\u0131r.<\/p>\n","protected":false},"excerpt":{"rendered":"<p>\u201c\u018fn az\u0131 nazirin dedikl\u0259ri ciddi q\u0259bul oluna bilm\u0259z&#8221;.<\/p>\n","protected":false},"author":11,"featured_media":146800,"comment_status":"closed","ping_status":"open","sticky":false,"template":"","format":"standard","meta":{"_acf_changed":false,"_sitemap_exclude":false,"_sitemap_priority":"","_sitemap_frequency":"","footnotes":""},"categories":[59],"tags":[],"class_list":["post-202141","post","type-post","status-publish","format-standard","has-post-thumbnail","hentry","category-siyaset","infinite-scroll-item","generate-columns","tablet-grid-50","mobile-grid-100","grid-parent","grid-33","no-featured-image-padding"],"acf":[],"yoast_head":"<!-- This site is optimized with the Yoast SEO plugin v28.3 - https:\/\/yoast.com\/product\/yoast-seo-wordpress\/ -->\n<title>\u201cNazirl\u0259rin g\u00f6r\u00fc\u015f\u00fcn\u00fcn ciddi n\u0259tic\u0259si yoxdur\u201d - MEYDAN.TV<\/title>\n<meta name=\"robots\" content=\"index, follow, max-snippet:-1, max-image-preview:large, max-video-preview:-1\" \/>\n<link rel=\"canonical\" href=\"https:\/\/www.meydan.tv\/az\/article\/nazirlerin-gorusunun-ciddi-neticesi-yoxdur\/\" \/>\n<meta property=\"og:locale\" content=\"az_AZ\" \/>\n<meta property=\"og:type\" content=\"article\" \/>\n<meta property=\"og:title\" content=\"\u201cNazirl\u0259rin g\u00f6r\u00fc\u015f\u00fcn\u00fcn ciddi n\u0259tic\u0259si yoxdur\u201d - MEYDAN.TV\" \/>\n<meta property=\"og:description\" content=\"\u201c\u018fn az\u0131 nazirin dedikl\u0259ri ciddi q\u0259bul oluna bilm\u0259z&quot;.\" \/>\n<meta property=\"og:url\" content=\"https:\/\/www.meydan.tv\/az\/article\/nazirlerin-gorusunun-ciddi-neticesi-yoxdur\/\" \/>\n<meta property=\"og:site_name\" content=\"MEYDAN.TV\" \/>\n<meta property=\"article:published_time\" content=\"2020-08-26T15:38:12+00:00\" \/>\n<meta property=\"og:image\" content=\"https:\/\/www.meydan.tv\/wp-content\/uploads\/1598447352img__0.jpeg\" \/>\n\t<meta property=\"og:image:width\" content=\"1280\" \/>\n\t<meta property=\"og:image:height\" content=\"853\" \/>\n\t<meta property=\"og:image:type\" content=\"image\/jpeg\" \/>\n<meta name=\"twitter:card\" content=\"summary_large_image\" \/>\n<!-- \/ Yoast SEO plugin. -->","yoast_head_json":{"title":"\u201cNazirl\u0259rin g\u00f6r\u00fc\u015f\u00fcn\u00fcn ciddi n\u0259tic\u0259si yoxdur\u201d - MEYDAN.TV","robots":{"index":"index","follow":"follow","max-snippet":"max-snippet:-1","max-image-preview":"max-image-preview:large","max-video-preview":"max-video-preview:-1"},"canonical":"https:\/\/www.meydan.tv\/az\/article\/nazirlerin-gorusunun-ciddi-neticesi-yoxdur\/","og_locale":"az_AZ","og_type":"article","og_title":"\u201cNazirl\u0259rin g\u00f6r\u00fc\u015f\u00fcn\u00fcn ciddi n\u0259tic\u0259si yoxdur\u201d - MEYDAN.TV","og_description":"\u201c\u018fn az\u0131 nazirin dedikl\u0259ri ciddi q\u0259bul oluna bilm\u0259z\".","og_url":"https:\/\/www.meydan.tv\/az\/article\/nazirlerin-gorusunun-ciddi-neticesi-yoxdur\/","og_site_name":"MEYDAN.TV","article_published_time":"2020-08-26T15:38:12+00:00","og_image":[{"width":1280,"height":853,"url":"https:\/\/www.meydan.tv\/wp-content\/uploads\/1598447352img__0.jpeg","type":"image\/jpeg"}],"twitter_card":"summary_large_image","schema":{"@context":"https:\/\/schema.org","@graph":[{"@type":"Article","@id":"https:\/\/www.meydan.tv\/az\/article\/nazirlerin-gorusunun-ciddi-neticesi-yoxdur\/#article","isPartOf":{"@id":"https:\/\/www.meydan.tv\/az\/article\/nazirlerin-gorusunun-ciddi-neticesi-yoxdur\/"},"author":{"name":"user-manager","@id":"https:\/\/www.meydan.tv\/az\/#\/schema\/person\/10d11eccf6da3662cf5fdab9806ea91a"},"headline":"\u201cNazirl\u0259rin g\u00f6r\u00fc\u015f\u00fcn\u00fcn ciddi n\u0259tic\u0259si yoxdur\u201d","datePublished":"2020-08-26T15:38:12+00:00","mainEntityOfPage":{"@id":"https:\/\/www.meydan.tv\/az\/article\/nazirlerin-gorusunun-ciddi-neticesi-yoxdur\/"},"wordCount":1280,"publisher":{"@id":"https:\/\/www.meydan.tv\/az\/#organization"},"image":{"@id":"https:\/\/www.meydan.tv\/az\/article\/nazirlerin-gorusunun-ciddi-neticesi-yoxdur\/#primaryimage"},"thumbnailUrl":"https:\/\/www.meydan.tv\/wp-content\/uploads\/1598447352img__0.jpeg","articleSection":["Siyas\u0259t"],"inLanguage":"az"},{"@type":"WebPage","@id":"https:\/\/www.meydan.tv\/az\/article\/nazirlerin-gorusunun-ciddi-neticesi-yoxdur\/","url":"https:\/\/www.meydan.tv\/az\/article\/nazirlerin-gorusunun-ciddi-neticesi-yoxdur\/","name":"\u201cNazirl\u0259rin g\u00f6r\u00fc\u015f\u00fcn\u00fcn ciddi n\u0259tic\u0259si yoxdur\u201d - MEYDAN.TV","isPartOf":{"@id":"https:\/\/www.meydan.tv\/az\/#website"},"primaryImageOfPage":{"@id":"https:\/\/www.meydan.tv\/az\/article\/nazirlerin-gorusunun-ciddi-neticesi-yoxdur\/#primaryimage"},"image":{"@id":"https:\/\/www.meydan.tv\/az\/article\/nazirlerin-gorusunun-ciddi-neticesi-yoxdur\/#primaryimage"},"thumbnailUrl":"https:\/\/www.meydan.tv\/wp-content\/uploads\/1598447352img__0.jpeg","datePublished":"2020-08-26T15:38:12+00:00","breadcrumb":{"@id":"https:\/\/www.meydan.tv\/az\/article\/nazirlerin-gorusunun-ciddi-neticesi-yoxdur\/#breadcrumb"},"inLanguage":"az","potentialAction":[{"@type":"ReadAction","target":["https:\/\/www.meydan.tv\/az\/article\/nazirlerin-gorusunun-ciddi-neticesi-yoxdur\/"]}]},{"@type":"ImageObject","inLanguage":"az","@id":"https:\/\/www.meydan.tv\/az\/article\/nazirlerin-gorusunun-ciddi-neticesi-yoxdur\/#primaryimage","url":"https:\/\/www.meydan.tv\/wp-content\/uploads\/1598447352img__0.jpeg","contentUrl":"https:\/\/www.meydan.tv\/wp-content\/uploads\/1598447352img__0.jpeg","width":1280,"height":853,"caption":"Source: Specify Source"},{"@type":"BreadcrumbList","@id":"https:\/\/www.meydan.tv\/az\/article\/nazirlerin-gorusunun-ciddi-neticesi-yoxdur\/#breadcrumb","itemListElement":[{"@type":"ListItem","position":1,"name":"Ana s\u0259hif\u0259","item":"https:\/\/www.meydan.tv\/az\/"},{"@type":"ListItem","position":2,"name":"Siyas\u0259t","item":"https:\/\/www.meydan.tv\/az\/section\/siyaset\/"},{"@type":"ListItem","position":3,"name":"\u201cNazirl\u0259rin g\u00f6r\u00fc\u015f\u00fcn\u00fcn ciddi n\u0259tic\u0259si yoxdur\u201d"}]},{"@type":"WebSite","@id":"https:\/\/www.meydan.tv\/az\/#website","url":"https:\/\/www.meydan.tv\/az\/","name":"MEYDAN.TV","description":"Meydan TV Az\u0259rbaycan\u0131n media m\u0259kan\u0131ndak\u0131 alternativ s\u0259sidir","publisher":{"@id":"https:\/\/www.meydan.tv\/az\/#organization"},"potentialAction":[{"@type":"SearchAction","target":{"@type":"EntryPoint","urlTemplate":"https:\/\/www.meydan.tv\/az\/?s={search_term_string}"},"query-input":{"@type":"PropertyValueSpecification","valueRequired":true,"valueName":"search_term_string"}}],"inLanguage":"az"},{"@type":"Organization","@id":"https:\/\/www.meydan.tv\/az\/#organization","name":"Meydan TV","url":"https:\/\/www.meydan.tv\/az\/","logo":{"@type":"ImageObject","inLanguage":"az","@id":"https:\/\/www.meydan.tv\/az\/#\/schema\/logo\/image\/","url":"https:\/\/www.meydan.tv\/wp-content\/uploads\/2021\/07\/meydan-logo.svg","contentUrl":"https:\/\/www.meydan.tv\/wp-content\/uploads\/2021\/07\/meydan-logo.svg","width":195,"height":46,"caption":"Meydan TV"},"image":{"@id":"https:\/\/www.meydan.tv\/az\/#\/schema\/logo\/image\/"}},{"@type":"Person","@id":"https:\/\/www.meydan.tv\/az\/#\/schema\/person\/10d11eccf6da3662cf5fdab9806ea91a","name":"user-manager"}]}},"_links":{"self":[{"href":"https:\/\/www.meydan.tv\/az\/wp-json\/wp\/v2\/posts\/202141","targetHints":{"allow":["GET"]}}],"collection":[{"href":"https:\/\/www.meydan.tv\/az\/wp-json\/wp\/v2\/posts"}],"about":[{"href":"https:\/\/www.meydan.tv\/az\/wp-json\/wp\/v2\/types\/post"}],"author":[{"embeddable":true,"href":"https:\/\/www.meydan.tv\/az\/wp-json\/wp\/v2\/users\/11"}],"replies":[{"embeddable":true,"href":"https:\/\/www.meydan.tv\/az\/wp-json\/wp\/v2\/comments?post=202141"}],"version-history":[{"count":0,"href":"https:\/\/www.meydan.tv\/az\/wp-json\/wp\/v2\/posts\/202141\/revisions"}],"wp:featuredmedia":[{"embeddable":true,"href":"https:\/\/www.meydan.tv\/az\/wp-json\/wp\/v2\/media\/146800"}],"wp:attachment":[{"href":"https:\/\/www.meydan.tv\/az\/wp-json\/wp\/v2\/media?parent=202141"}],"wp:term":[{"taxonomy":"category","embeddable":true,"href":"https:\/\/www.meydan.tv\/az\/wp-json\/wp\/v2\/categories?post=202141"},{"taxonomy":"post_tag","embeddable":true,"href":"https:\/\/www.meydan.tv\/az\/wp-json\/wp\/v2\/tags?post=202141"}],"curies":[{"name":"wp","href":"https:\/\/api.w.org\/{rel}","templated":true}]}}