{"id":202140,"date":"2020-08-26T15:48:26","date_gmt":"2020-08-26T15:48:26","guid":{"rendered":"https:\/\/www.meydan.tv\/article\/mehkeme-qerari-olmadan-vefa-naginin-selahiyyetlerine-xitam-verile-bilmez\/"},"modified":"2020-08-26T15:48:26","modified_gmt":"2020-08-26T15:48:26","slug":"mehkeme-qerari-olmadan-vefa-naginin-selahiyyetlerine-xitam-verile-bilmez","status":"publish","type":"post","link":"https:\/\/www.meydan.tv\/az\/article\/mehkeme-qerari-olmadan-vefa-naginin-selahiyyetlerine-xitam-verile-bilmez\/","title":{"rendered":"\u201cM\u0259hk\u0259m\u0259 q\u0259rar\u0131 olmadan V\u0259fa Na\u011f\u0131n\u0131n s\u0259lahiyy\u0259tl\u0259rin\u0259 xitam veril\u0259 bilm\u0259z\u201d"},"content":{"rendered":"<p>\n  <i><br \/>\n    MSK katibi deyir ki, iclas\u0131n q\u0259rar\u0131 l\u0259\u011fv edilm\u0259lidir<br \/>\n  <\/i>\n<\/p>\n<p>\n  \u201cM\u0259hk\u0259m\u0259 q\u0259rar\u0131 olmadan b\u0259l\u0259diyy\u0259 \u00fczv\u00fcn\u00fcn s\u0259lahiyy\u0259tl\u0259rin\u0259 xitam veril\u0259 bilm\u0259z\u201d.\n<\/p>\n<p>\n  M\u0259rk\u0259zi Se\u00e7ki Komissiyas\u0131n\u0131n katibi Mikay\u0131l R\u0259himov ictimai f\u0259al V\u0259fa Na\u011f\u0131n\u0131n Neft\u00e7ala rayon Xolqaraqa\u015fl\u0131 b\u0259l\u0259diyy\u0259 \u00fczvl\u00fcy\u00fcnd\u0259n k\u0259narla\u015fd\u0131r\u0131lmas\u0131 il\u0259 ba\u011fl\u0131 sual\u0131 \u015f\u0259rh ed\u0259rk\u0259n \u201cTuran\u201da bel\u0259 deyib.\n<\/p>\n<p>\n  \u201c\u018fhalinin s\u0259sverm\u0259si il\u0259 se\u00e7ilmi\u015f se\u00e7kili orqan\u0131n \u00fczv\u00fc m\u0259hk\u0259m\u0259 q\u0259rar\u0131 olmadan h\u0259r hans\u0131 iclas\u0131n q\u0259rar\u0131 il\u0259 uzaqla\u015fd\u0131r\u0131la bilm\u0259z. V\u0259fa xan\u0131m m\u0259hk\u0259m\u0259y\u0259 m\u00fcraci\u0259t etsin. B\u0259l\u0259diyy\u0259 \u00fczvl\u0259rinin iclas\u0131n\u0131n q\u0259rar\u0131 l\u0259\u011fv edilm\u0259lidir\u201d, -Mikay\u0131l R\u0259himov \u0259lav\u0259 edib.\n<\/p>\n<p>\n  K\u0259nd b\u0259l\u0259diyy\u0259sinin s\u0259dri \u018flibala S\u0259limov avqustun 20-d\u0259 bununla ba\u011fl\u0131 q\u0259rar verib. Buna s\u0259b\u0259b kimi V\u0259fa Na\u011f\u0131n\u0131n 4 d\u0259f\u0259 b\u0259l\u0259diyy\u0259 iclaslar\u0131nda i\u015ftirak etm\u0259diyi g\u00f6st\u0259rilib. V\u0259fa Na\u011f\u0131 is\u0259<br \/>\n  <a href=\"https:\/\/www.meydan.tv\/az\/article\/vefa-nagi-belediyye-uzvluyunden-uzaqlasdirilib\/?ref=homepage-news\"><br \/>\n    Meydan TV<br \/>\n  <\/a><br \/>\n  -y\u0259 deyib ki, \u0130stanbulda oldu\u011fundan iclaslara qat\u0131la bilm\u0259yib v\u0259 bu haqda po\u00e7t vasit\u0259sil\u0259 b\u0259l\u0259diyy\u0259y\u0259 m\u0259ktub g\u00f6nd\u0259rib. O, m\u0259ktubun q\u0259bzinin sur\u0259tini d\u0259 Meydan TV-y\u0259 t\u0259qdim edib:\n<\/p>\n<p>\n  \u201c\u0130stanbuldan, Kad\u0131k\u00f6y po\u00e7tundan m\u0259ktub g\u00f6nd\u0259rmi\u015f\u0259m. \u0130clasa \u00e7a\u011f\u0131r\u0131\u015f g\u0259l\u0259nd\u0259 valideynl\u0259rim z\u0259ng vurub x\u0259b\u0259r verib v\u0259 m\u0259n m\u0259ktub g\u00f6nd\u0259rmi\u015f\u0259m. \u018flimd\u0259 fakt\u0131m var v\u0259 art\u0131q m\u0259ktub \u00e7atm\u0131\u015fd\u0131. Bunu bilm\u0259k ist\u0259yirdil\u0259rs\u0259, niy\u0259 m\u0259ni k\u0259narla\u015fd\u0131r\u0131rd\u0131lar? M\u0259n iclaslara ged\u0259nd\u0259 he\u00e7 vaxt b\u0259l\u0259diyy\u0259 \u00fczvl\u0259rinin ham\u0131s\u0131n\u0131 bir yerd\u0259 g\u00f6rm\u00fcr\u0259m. B\u0259z\u0259n 5, b\u0259z\u0259n 7 n\u0259f\u0259r g\u0259lirdi. Dem\u0259k ki, bu, planla\u015fd\u0131r\u0131lm\u0131\u015f bir i\u015fdir v\u0259 ist\u0259yibl\u0259r ki, m\u0259ni uzaqla\u015fd\u0131rs\u0131nlar. Ancaq bu planlar\u0131n\u0131 h\u0259yata ke\u00e7irm\u0259y\u0259 \u00e7ox t\u0259l\u0259sibl\u0259r\u201d.\n<\/p>\n<figure class=\"wp-block-image size-large\">\n  <img decoding=\"async\" src=\"https:\/\/www.meydan.tv\/az\/nagi-png\/\" alt=\"nagi.png\" class=\"wp-image-146794\"\/><figcaption>\n    \u018flibala S\u0259limov v\u0259 V\u0259fa Na\u011f\u0131<br \/>\n  <\/figcaption><\/figure>\n<p>\n  B\u0259l\u0259diyy\u0259 s\u0259dri h\u0259m\u00e7inin V\u0259fa Na\u011f\u0131n\u0131n Cinay\u0259t M\u0259c\u0259ll\u0259sinin 147 (b\u00f6htan) v\u0259 148-ci (t\u0259hqir) madd\u0259l\u0259ri il\u0259 c\u0259zaland\u0131r\u0131lmas\u0131n\u0131 t\u0259l\u0259b edir. O, iddia \u0259riz\u0259sind\u0259 yaz\u0131b ki, V\u0259fa Na\u011f\u0131 mediaya m\u00fcsahib\u0259l\u0259rind\u0259, sosial \u015f\u0259b\u0259k\u0259 hesablar\u0131ndan payla\u015fd\u0131\u011f\u0131 yaz\u0131lar\u0131nda onu t\u0259hqir edib, b\u00f6htan at\u0131b. V\u0259fa Na\u011f\u0131 is\u0259 he\u00e7 kimi t\u0259hqir etm\u0259diyini deyir.\n<\/p>\n<p>\n  \u201cM\u0259nim korrupsiya haqda dedikl\u0259rim, yazd\u0131qlar\u0131m is\u0259 \u0259sass\u0131z deyil. K\u0259nd sakinl\u0259rinin \u015fikay\u0259tl\u0259ri var. Bu bar\u0259d\u0259 h\u00fcquq-m\u00fchafiz\u0259 orqanlar\u0131na da \u015fikay\u0259tl\u0259r g\u00f6nd\u0259rilib. T\u0259\u0259ss\u00fcf ki, onlar ara\u015fd\u0131r\u0131lmay\u0131b, n\u0259tic\u0259siz qal\u0131b\u201d, &#8211; dey\u0259 V\u0259fa Na\u011f\u0131 bildirib.\n<\/p>\n<p>\n  B\u0259l\u0259diyy\u0259 \u00fczv\u00fc hesab edir ki, m\u0259qs\u0259d bu yolla onu susdurmaqd\u0131r: \u201cG\u00f6rd\u00fcl\u0259r ki, dig\u0259r t\u0259zyiq formalar\u0131 &#8211; \u015f\u0259kill\u0259rimi yaymaqla biab\u0131r el\u0259yib k\u0259ndd\u0259n \u00e7\u0131xarmaq c\u0259hdi n\u0259tic\u0259 verm\u0259di, indi bu \u00fcsula \u0259l at\u0131blar. \u0130st\u0259yirl\u0259r ki, m\u0259ni susdursunlar, yol verdikl\u0259ri qanunsuzluqlar, korrupsiya \u0259m\u0259ll\u0259ri haqda dan\u0131\u015fmay\u0131m. Amma al\u0131nmayacaq\u201d.<\/p>\n","protected":false},"excerpt":{"rendered":"<p>&#8220;V\u0259fa xan\u0131m m\u0259hk\u0259m\u0259y\u0259 m\u00fcraci\u0259t etsin&#8221;<\/p>\n","protected":false},"author":11,"featured_media":146806,"comment_status":"closed","ping_status":"open","sticky":false,"template":"","format":"standard","meta":{"_acf_changed":false,"_sitemap_exclude":false,"_sitemap_priority":"","_sitemap_frequency":"","footnotes":""},"categories":[59],"tags":[],"class_list":["post-202140","post","type-post","status-publish","format-standard","has-post-thumbnail","hentry","category-siyaset","infinite-scroll-item","generate-columns","tablet-grid-50","mobile-grid-100","grid-parent","grid-33","no-featured-image-padding"],"acf":[],"yoast_head":"<!-- This site is optimized with the Yoast SEO plugin v28.3 - https:\/\/yoast.com\/product\/yoast-seo-wordpress\/ -->\n<title>\u201cM\u0259hk\u0259m\u0259 q\u0259rar\u0131 olmadan V\u0259fa Na\u011f\u0131n\u0131n s\u0259lahiyy\u0259tl\u0259rin\u0259 xitam veril\u0259 bilm\u0259z\u201d - MEYDAN.TV<\/title>\n<meta name=\"robots\" content=\"index, follow, max-snippet:-1, max-image-preview:large, max-video-preview:-1\" \/>\n<link rel=\"canonical\" href=\"https:\/\/www.meydan.tv\/az\/article\/mehkeme-qerari-olmadan-vefa-naginin-selahiyyetlerine-xitam-verile-bilmez\/\" \/>\n<meta property=\"og:locale\" content=\"az_AZ\" \/>\n<meta property=\"og:type\" content=\"article\" \/>\n<meta property=\"og:title\" content=\"\u201cM\u0259hk\u0259m\u0259 q\u0259rar\u0131 olmadan V\u0259fa Na\u011f\u0131n\u0131n s\u0259lahiyy\u0259tl\u0259rin\u0259 xitam veril\u0259 bilm\u0259z\u201d - MEYDAN.TV\" \/>\n<meta property=\"og:description\" content=\"&quot;V\u0259fa xan\u0131m m\u0259hk\u0259m\u0259y\u0259 m\u00fcraci\u0259t etsin&quot;\" \/>\n<meta property=\"og:url\" content=\"https:\/\/www.meydan.tv\/az\/article\/mehkeme-qerari-olmadan-vefa-naginin-selahiyyetlerine-xitam-verile-bilmez\/\" \/>\n<meta property=\"og:site_name\" content=\"MEYDAN.TV\" \/>\n<meta property=\"article:published_time\" content=\"2020-08-26T15:48:26+00:00\" \/>\n<meta property=\"og:image\" content=\"https:\/\/www.meydan.tv\/wp-content\/uploads\/erwerrer.jpg\" \/>\n\t<meta property=\"og:image:width\" content=\"885\" \/>\n\t<meta property=\"og:image:height\" content=\"679\" \/>\n\t<meta property=\"og:image:type\" content=\"image\/jpeg\" \/>\n<meta name=\"twitter:card\" content=\"summary_large_image\" \/>\n<!-- \/ Yoast SEO plugin. -->","yoast_head_json":{"title":"\u201cM\u0259hk\u0259m\u0259 q\u0259rar\u0131 olmadan V\u0259fa Na\u011f\u0131n\u0131n s\u0259lahiyy\u0259tl\u0259rin\u0259 xitam veril\u0259 bilm\u0259z\u201d - MEYDAN.TV","robots":{"index":"index","follow":"follow","max-snippet":"max-snippet:-1","max-image-preview":"max-image-preview:large","max-video-preview":"max-video-preview:-1"},"canonical":"https:\/\/www.meydan.tv\/az\/article\/mehkeme-qerari-olmadan-vefa-naginin-selahiyyetlerine-xitam-verile-bilmez\/","og_locale":"az_AZ","og_type":"article","og_title":"\u201cM\u0259hk\u0259m\u0259 q\u0259rar\u0131 olmadan V\u0259fa Na\u011f\u0131n\u0131n s\u0259lahiyy\u0259tl\u0259rin\u0259 xitam veril\u0259 bilm\u0259z\u201d - MEYDAN.TV","og_description":"\"V\u0259fa xan\u0131m m\u0259hk\u0259m\u0259y\u0259 m\u00fcraci\u0259t etsin\"","og_url":"https:\/\/www.meydan.tv\/az\/article\/mehkeme-qerari-olmadan-vefa-naginin-selahiyyetlerine-xitam-verile-bilmez\/","og_site_name":"MEYDAN.TV","article_published_time":"2020-08-26T15:48:26+00:00","og_image":[{"width":885,"height":679,"url":"https:\/\/www.meydan.tv\/wp-content\/uploads\/erwerrer.jpg","type":"image\/jpeg"}],"twitter_card":"summary_large_image","schema":{"@context":"https:\/\/schema.org","@graph":[{"@type":"Article","@id":"https:\/\/www.meydan.tv\/az\/article\/mehkeme-qerari-olmadan-vefa-naginin-selahiyyetlerine-xitam-verile-bilmez\/#article","isPartOf":{"@id":"https:\/\/www.meydan.tv\/az\/article\/mehkeme-qerari-olmadan-vefa-naginin-selahiyyetlerine-xitam-verile-bilmez\/"},"author":{"name":"user-manager","@id":"https:\/\/www.meydan.tv\/az\/#\/schema\/person\/10d11eccf6da3662cf5fdab9806ea91a"},"headline":"\u201cM\u0259hk\u0259m\u0259 q\u0259rar\u0131 olmadan V\u0259fa Na\u011f\u0131n\u0131n s\u0259lahiyy\u0259tl\u0259rin\u0259 xitam veril\u0259 bilm\u0259z\u201d","datePublished":"2020-08-26T15:48:26+00:00","mainEntityOfPage":{"@id":"https:\/\/www.meydan.tv\/az\/article\/mehkeme-qerari-olmadan-vefa-naginin-selahiyyetlerine-xitam-verile-bilmez\/"},"wordCount":601,"publisher":{"@id":"https:\/\/www.meydan.tv\/az\/#organization"},"image":{"@id":"https:\/\/www.meydan.tv\/az\/article\/mehkeme-qerari-olmadan-vefa-naginin-selahiyyetlerine-xitam-verile-bilmez\/#primaryimage"},"thumbnailUrl":"https:\/\/www.meydan.tv\/wp-content\/uploads\/erwerrer.jpg","articleSection":["Siyas\u0259t"],"inLanguage":"az"},{"@type":"WebPage","@id":"https:\/\/www.meydan.tv\/az\/article\/mehkeme-qerari-olmadan-vefa-naginin-selahiyyetlerine-xitam-verile-bilmez\/","url":"https:\/\/www.meydan.tv\/az\/article\/mehkeme-qerari-olmadan-vefa-naginin-selahiyyetlerine-xitam-verile-bilmez\/","name":"\u201cM\u0259hk\u0259m\u0259 q\u0259rar\u0131 olmadan V\u0259fa Na\u011f\u0131n\u0131n s\u0259lahiyy\u0259tl\u0259rin\u0259 xitam veril\u0259 bilm\u0259z\u201d - MEYDAN.TV","isPartOf":{"@id":"https:\/\/www.meydan.tv\/az\/#website"},"primaryImageOfPage":{"@id":"https:\/\/www.meydan.tv\/az\/article\/mehkeme-qerari-olmadan-vefa-naginin-selahiyyetlerine-xitam-verile-bilmez\/#primaryimage"},"image":{"@id":"https:\/\/www.meydan.tv\/az\/article\/mehkeme-qerari-olmadan-vefa-naginin-selahiyyetlerine-xitam-verile-bilmez\/#primaryimage"},"thumbnailUrl":"https:\/\/www.meydan.tv\/wp-content\/uploads\/erwerrer.jpg","datePublished":"2020-08-26T15:48:26+00:00","breadcrumb":{"@id":"https:\/\/www.meydan.tv\/az\/article\/mehkeme-qerari-olmadan-vefa-naginin-selahiyyetlerine-xitam-verile-bilmez\/#breadcrumb"},"inLanguage":"az","potentialAction":[{"@type":"ReadAction","target":["https:\/\/www.meydan.tv\/az\/article\/mehkeme-qerari-olmadan-vefa-naginin-selahiyyetlerine-xitam-verile-bilmez\/"]}]},{"@type":"ImageObject","inLanguage":"az","@id":"https:\/\/www.meydan.tv\/az\/article\/mehkeme-qerari-olmadan-vefa-naginin-selahiyyetlerine-xitam-verile-bilmez\/#primaryimage","url":"https:\/\/www.meydan.tv\/wp-content\/uploads\/erwerrer.jpg","contentUrl":"https:\/\/www.meydan.tv\/wp-content\/uploads\/erwerrer.jpg","width":885,"height":679,"caption":"Source: Specify Source"},{"@type":"BreadcrumbList","@id":"https:\/\/www.meydan.tv\/az\/article\/mehkeme-qerari-olmadan-vefa-naginin-selahiyyetlerine-xitam-verile-bilmez\/#breadcrumb","itemListElement":[{"@type":"ListItem","position":1,"name":"Ana s\u0259hif\u0259","item":"https:\/\/www.meydan.tv\/az\/"},{"@type":"ListItem","position":2,"name":"Siyas\u0259t","item":"https:\/\/www.meydan.tv\/az\/section\/siyaset\/"},{"@type":"ListItem","position":3,"name":"\u201cM\u0259hk\u0259m\u0259 q\u0259rar\u0131 olmadan V\u0259fa Na\u011f\u0131n\u0131n s\u0259lahiyy\u0259tl\u0259rin\u0259 xitam veril\u0259 bilm\u0259z\u201d"}]},{"@type":"WebSite","@id":"https:\/\/www.meydan.tv\/az\/#website","url":"https:\/\/www.meydan.tv\/az\/","name":"MEYDAN.TV","description":"Meydan TV Az\u0259rbaycan\u0131n media m\u0259kan\u0131ndak\u0131 alternativ s\u0259sidir","publisher":{"@id":"https:\/\/www.meydan.tv\/az\/#organization"},"potentialAction":[{"@type":"SearchAction","target":{"@type":"EntryPoint","urlTemplate":"https:\/\/www.meydan.tv\/az\/?s={search_term_string}"},"query-input":{"@type":"PropertyValueSpecification","valueRequired":true,"valueName":"search_term_string"}}],"inLanguage":"az"},{"@type":"Organization","@id":"https:\/\/www.meydan.tv\/az\/#organization","name":"Meydan TV","url":"https:\/\/www.meydan.tv\/az\/","logo":{"@type":"ImageObject","inLanguage":"az","@id":"https:\/\/www.meydan.tv\/az\/#\/schema\/logo\/image\/","url":"https:\/\/www.meydan.tv\/wp-content\/uploads\/2021\/07\/meydan-logo.svg","contentUrl":"https:\/\/www.meydan.tv\/wp-content\/uploads\/2021\/07\/meydan-logo.svg","width":195,"height":46,"caption":"Meydan TV"},"image":{"@id":"https:\/\/www.meydan.tv\/az\/#\/schema\/logo\/image\/"}},{"@type":"Person","@id":"https:\/\/www.meydan.tv\/az\/#\/schema\/person\/10d11eccf6da3662cf5fdab9806ea91a","name":"user-manager"}]}},"_links":{"self":[{"href":"https:\/\/www.meydan.tv\/az\/wp-json\/wp\/v2\/posts\/202140","targetHints":{"allow":["GET"]}}],"collection":[{"href":"https:\/\/www.meydan.tv\/az\/wp-json\/wp\/v2\/posts"}],"about":[{"href":"https:\/\/www.meydan.tv\/az\/wp-json\/wp\/v2\/types\/post"}],"author":[{"embeddable":true,"href":"https:\/\/www.meydan.tv\/az\/wp-json\/wp\/v2\/users\/11"}],"replies":[{"embeddable":true,"href":"https:\/\/www.meydan.tv\/az\/wp-json\/wp\/v2\/comments?post=202140"}],"version-history":[{"count":0,"href":"https:\/\/www.meydan.tv\/az\/wp-json\/wp\/v2\/posts\/202140\/revisions"}],"wp:featuredmedia":[{"embeddable":true,"href":"https:\/\/www.meydan.tv\/az\/wp-json\/wp\/v2\/media\/146806"}],"wp:attachment":[{"href":"https:\/\/www.meydan.tv\/az\/wp-json\/wp\/v2\/media?parent=202140"}],"wp:term":[{"taxonomy":"category","embeddable":true,"href":"https:\/\/www.meydan.tv\/az\/wp-json\/wp\/v2\/categories?post=202140"},{"taxonomy":"post_tag","embeddable":true,"href":"https:\/\/www.meydan.tv\/az\/wp-json\/wp\/v2\/tags?post=202140"}],"curies":[{"name":"wp","href":"https:\/\/api.w.org\/{rel}","templated":true}]}}