{"id":202138,"date":"2020-08-26T15:57:08","date_gmt":"2020-08-26T15:57:08","guid":{"rendered":"https:\/\/www.meydan.tv\/article\/yeni-komanda-ile-kohne-sistem\/"},"modified":"2020-08-26T15:57:08","modified_gmt":"2020-08-26T15:57:08","slug":"yeni-komanda-ile-kohne-sistem","status":"publish","type":"post","link":"https:\/\/www.meydan.tv\/az\/article\/yeni-komanda-ile-kohne-sistem\/","title":{"rendered":"\u201cYeni komanda\u201d il\u0259 k\u00f6hn\u0259 sistem"},"content":{"rendered":"<p>\n  <i><br \/>\n    D\u0259yi\u015fiklik sad\u0259c\u0259 dekorativ a\u011fac effekti ver\u0259c\u0259k<br \/>\n  <\/i>\n<\/p>\n<p>\n  Xeyli vaxtd\u0131r Az\u0259rbaycan siyasi g\u00fcnd\u0259mind\u0259 \u201cK\u00f6hn\u0259-yeni komanda\u201d fikirl\u0259rin\u0259 tez-tez rast g\u0259lirik. Guya Ramiz Mehdiyevin Prezident Administrasiyas\u0131na r\u0259hb\u0259rlik etdiyi d\u00f6vrd\u0259 m\u00fch\u00fcm d\u00f6vl\u0259t postlar\u0131n\u0131n \u0259ks\u0259riyy\u0259ti, eyni zamanda Milli M\u0259clisin deputatlar\u0131 k\u00f6hn\u0259 komandan\u0131n \u00fczvl\u0259ri idi. Y\u0259ni Ramiz Mehdiyevin patrionajl\u0131\u011f\u0131 alt\u0131nda f\u0259aliyy\u0259t g\u00f6st\u0259rirdil\u0259r. D\u00f6vl\u0259t siyas\u0259tini v\u0259 m\u00fch\u00fcm q\u0259rarlar\u0131 daha \u00e7ox bu \u015f\u0259xs verirdi.\n<\/p>\n<p>\n  Son iki ild\u0259 is\u0259 v\u0259ziyy\u0259t guya ki d\u0259yi\u015fib. Yeni komanda g\u0259lib, yeni idar\u0259etm\u0259 t\u0259tbiq olunur. V\u0259 k\u00f6hn\u0259 komandan\u0131n \u00fczvl\u0259ri getdikc\u0259 d\u00f6vl\u0259t postlar\u0131ndan, siyasi s\u0259hn\u0259d\u0259n uzaqla\u015fd\u0131r\u0131l\u0131rlar. Bir s\u00f6zl\u0259, guya k\u00f6hn\u0259 fikirli insanlar yola sal\u0131n\u0131r v\u0259 onlar\u0131 yeni fikirli insanlar \u0259v\u0259zl\u0259yir. Bu t\u0259bli\u011fat, dediyim kimi, siyasi came\u0259d\u0259 bir \u00e7ox \u015f\u0259xs t\u0259r\u0259find\u0259n m\u0259qs\u0259dli \u015f\u0259kild\u0259 d\u00f6vriyy\u0259y\u0259 burax\u0131l\u0131r v\u0259 g\u00f6r\u00fcn\u0259n odur ki, bir \u00e7ox insan da art\u0131q bu t\u0259bli\u011fat ma\u015f\u0131n\u0131n\u0131n qurban\u0131na \u00e7evrilib.\n<\/p>\n<p>\n  <b><br \/>\n    Amma \u0259slind\u0259 olan n\u0259dir?<br \/>\n  <\/b>\n<\/p>\n<p>\n  M\u0259n\u0259 g\u00f6r\u0259 he\u00e7 n\u0259 d\u0259yi\u015fm\u0259yib \u00f6lk\u0259d\u0259. N\u0259 idar\u0259etm\u0259d\u0259, n\u0259 d\u00fc\u015f\u00fcnc\u0259d\u0259, n\u0259 d\u0259 kadrlarda d\u0259yi\u015fiklik var. El\u0259 k\u00f6hn\u0259 adamlarla, k\u00f6hn\u0259 fikirli adamlarla, b\u0259zil\u0259ri yeni olsa da k\u00f6hn\u0259 d\u00fc\u015f\u00fcnc\u0259, k\u00f6hn\u0259 idar\u0259etm\u0259 v\u0259 \u0259vv\u0259ld\u0259n qurulmu\u015f sistem \u00fczr\u0259 \u00f6lk\u0259 h\u0259yat\u0131na davam edir.\n<\/p>\n<p>\n  <b><br \/>\n    \u0130ndi dedikl\u0259rimi faktlarla yaz\u0131m.<br \/>\n  <\/b>\n<\/p>\n<p>\n  Misal \u00fc\u00e7\u00fcn, bu ilin fevral\u0131n 9-da ke\u00e7irilmi\u015f N\u00f6vb\u0259d\u0259nk\u0259nar Parlament Se\u00e7kil\u0259rin\u0259 bir \u00e7oxunun b\u00f6y\u00fck \u00fcmidl\u0259ri vard\u0131 ki, n\u0259hay\u0259t, yeni adlar, yeni \u00fczl\u0259r, yeni d\u00fc\u015f\u00fcnc\u0259li insanlar g\u00f6r\u0259c\u0259yik. N\u0259tic\u0259 n\u0259 oldu? Parlament\u0259 se\u00e7ilmi\u015f, daha do\u011frusu, t\u0259yin olunmu\u015f deputatlar\u0131n 77 n\u0259f\u0259ri el\u0259 k\u00f6hn\u0259 deputatlar idil\u0259r. N\u0259 d\u0259yi\u015fdi ki? El\u0259 bu boyda h\u0259ngam\u0259 44 n\u0259f\u0259r\u0259 g\u00f6r\u0259 idi? Guya indi bu k\u00f6hn\u0259 deputatlar yeni komandad\u0131r? Yoxsa bel\u0259 rahatl\u0131qla komanda, qrup, klan d\u0259yi\u015f\u0259 bilirl\u0259r?\n<\/p>\n<p>\n  Dey\u0259 bil\u0259rsiniz ki, g\u00f6rm\u0259diz, h\u0259min k\u00f6hn\u0259 deputatlar son g\u00fcnl\u0259r s\u0259daq\u0259tl\u0259rini g\u00f6st\u0259rm\u0259k \u00fc\u00e7\u00fcn k\u00f6hn\u0259 patronajlar\u0131 olan Ramiz Mehdiyevi \u201ca\u011f yuyub, qara s\u0259rm\u0259k\u201d \u00fc\u00e7\u00fcn s\u0131raya d\u00fcz\u00fclm\u00fc\u015fd\u00fcl\u0259r? El\u0259 m\u0259s\u0259l\u0259 d\u0259 burdad\u0131r. Onlar \u0259vv\u0259ll\u0259r d\u0259 Prezident Administrasiyas\u0131ndan tap\u015f\u0131r\u0131q al\u0131b, kiml\u0259ris\u0259 y\u0131x\u0131b s\u00fcr\u00fcy\u00fcrd\u00fcl\u0259r, indi d\u0259 yen\u0259 Prezident Administrasiyas\u0131ndan sifari\u015f al\u0131b, Ramiz Mehdiyevi y\u0131x\u0131b s\u00fcr\u00fcy\u00fcrl\u0259r. Y\u0259ni, d\u00fc\u015f\u00fcnc\u0259 t\u0259rzi v\u0259 sifari\u015f ver\u0259n \u00fcnvan d\u0259yi\u015fm\u0259yib. V\u0259 burada s\u0259daq\u0259t m\u0259s\u0259l\u0259si d\u0259 ortaya \u00e7\u0131x\u0131r. Dem\u0259k ki, bu sah\u0259d\u0259 s\u0259daq\u0259t m\u0259s\u0259l\u0259si \u00f6n planda deyil. Y\u0259ni, sabah hakimiyy\u0259td\u0259 kiml\u0259rs\u0259 d\u0259yi\u015fs\u0259, bu adamlar onlar\u0131n sifari\u015fi il\u0259 indikil\u0259r haqda da rahatl\u0131qla qara piarda i\u015ftirak ed\u0259 bil\u0259c\u0259kl\u0259r.\n<\/p>\n<p>\n  Prezident Administrasiyas\u0131ndan s\u00f6z d\u00fc\u015fm\u00fc\u015fk\u0259n. \u00c7ox da uzaq olmayan ke\u00e7mi\u015fd\u0259 Prezident Administrasiyas\u0131n\u0131n strukturunda da d\u0259yi\u015fiklikl\u0259r edildi. Bir \u00e7ox \u015f\u00f6b\u0259 l\u0259\u011fv edildi, bir ne\u00e7\u0259si birl\u0259\u015fdirildi, bir ne\u00e7\u0259si bir-birind\u0259n ayr\u0131ld\u0131. Prezidentin k\u00f6m\u0259k\u00e7il\u0259ri d\u0259yi\u015fdi. \u00d6lk\u0259 medias\u0131n\u0131 v\u0259 eyni zamanda v\u0259t\u0259nda\u015f c\u0259miyy\u0259tini pis g\u00fcn\u0259 qoyan \u018fli H\u0259s\u0259nov i\u015fd\u0259n \u00e7\u0131xar\u0131ld\u0131 v\u0259 onun r\u0259hb\u0259rlik etdiyi \u015f\u00f6b\u0259 l\u0259\u011fv edildi. Amma bu sah\u0259l\u0259rd\u0259 m\u00fcsb\u0259t\u0259 do\u011fru hans\u0131sa d\u0259yi\u015fiklikl\u0259r ba\u015f verdimi? Yaz\u0131n\u0131 uzatmamaq \u00fc\u00e7\u00fcn QHT sektoru, v\u0259t\u0259nda\u015f c\u0259miyy\u0259ti haqda yazmayacam. M\u0259nsub oldu\u011fum media sah\u0259sind\u0259 is\u0259 hans\u0131sa m\u00fcsb\u0259t\u0259 do\u011fru d\u0259yi\u015fikliyin \u015fahidi olmad\u0131m. Yen\u0259 hakimiyy\u0259tin yanda\u015f medias\u0131 Prezident Administrasiyas\u0131ndan g\u0259l\u0259n tap\u015f\u0131r\u0131qlara bax\u0131r, media h\u0259min qurumdan idar\u0259 olunur. \u018fli H\u0259s\u0259nov yola sal\u0131nsa da, ill\u0259rdir onun \u0259linin alt\u0131nda \u00e7al\u0131\u015fan kadrlar yen\u0259 onun qurdu\u011fu, y\u00fcr\u00fctd\u00fcy\u00fc siyas\u0259tl\u0259 median\u0131 idar\u0259 edirl\u0259r. N\u0259 d\u0259yi\u015fdi ki?\n<\/p>\n<p>\n  <b><br \/>\n    Yen\u0259 ke\u00e7im faktlara&#8230;<br \/>\n  <\/b>\n<\/p>\n<p>\n  Az\u0259rbaycan Prezidenti Administrasiyas\u0131n\u0131n \u0130ctimai-siyasi m\u0259s\u0259l\u0259l\u0259r \u015f\u00f6b\u0259sind\u0259 m\u00fcavin, m\u0259tbuat v\u0259 informasiya orqanlar\u0131 il i\u015f \u00fczr\u0259 cavabdehlik da\u015f\u0131yan V\u00fcqar \u018fliyev h\u0259l\u0259 d\u0259 Prezident Adminsitrasiyas\u0131ndad\u0131r v\u0259 h\u0259l\u0259 d\u0259 mediaya n\u0259zar\u0259t edir. V\u00fcqar \u018fliyevin t\u0259qdimat\u0131 v\u0259 tap\u015f\u0131r\u0131\u011f\u0131 il\u0259 hakimiyy\u0259tin yanda\u015f medias\u0131nda kiml\u0259rs\u0259 i\u015f\u0259 t\u0259yin olunur, onun qaralamas\u0131 il\u0259 kiml\u0259rs\u0259 i\u015fd\u0259n \u00e7\u0131xar\u0131l\u0131r. Mediada kiml\u0259rs\u0259 haqq\u0131nda sifari\u015fli yaz\u0131lar verilir v\u0259 ya onun tap\u015f\u0131r\u0131\u011f\u0131 il\u0259 hans\u0131sa yaz\u0131lar saytlardan \u00e7\u0131xar\u0131l\u0131r. V\u00fcqar \u018fliyev v\u0259 onun komandas\u0131 h\u0259l\u0259 d\u0259 sosial \u015f\u0259b\u0259k\u0259l\u0259rd\u0259 hakimiyy\u0259tin yanda\u015f medias\u0131nda \u00e7al\u0131\u015fan \u0259m\u0259kda\u015flar\u0131n, el\u0259c\u0259 d\u0259 dig\u0259r jurnalistl\u0259rin sosial \u015f\u0259b\u0259k\u0259l\u0259rd\u0259 yazd\u0131qlar\u0131n\u0131n monitorinqini apar\u0131r. Yeri g\u0259l\u0259nd\u0259 onlar\u0131 c\u0259zaland\u0131r\u0131r, yeri g\u0259l\u0259nd\u0259 m\u00fckafatland\u0131r\u0131r. El\u0259 m\u00fckafat demi\u015fk\u0259n, bu yax\u0131nlarda Milli M\u0259tbuat g\u00fcn\u00fcnd\u0259 Prezidentin F\u0259rman\u0131 il\u0259 ad v\u0259 dig\u0259r m\u00fckafatlar alan jurnalistl\u0259rin siyah\u0131s\u0131n\u0131 da deyil\u0259nl\u0259r\u0259 g\u00f6r\u0259 bu \u015f\u0259xs haz\u0131rlay\u0131bm\u0131\u015f. Bir s\u00f6zl\u0259, \u00f6lk\u0259nin media siyas\u0259ti h\u0259l\u0259 d\u0259 \u018fli H\u0259s\u0259novun v\u0259 onun siyas\u0259tinin sadiq kadr\u0131 olan V\u00fcqar \u018fliyevin \u0259lind\u0259dir. Budur d\u0259yi\u015fiklik? \u018fli H\u0259s\u0259nov ged\u0259 bil\u0259r, onun qoydu\u011fu kurs, siyas\u0259t ki d\u0259yi\u015fm\u0259di?!\n<\/p>\n<p>\n  G\u0259l\u0259k median\u0131n \u00f6z\u00fcn\u0259. G\u00f6t\u00fcr\u0259k d\u00f6vl\u0259tin boynuna b\u00f6y\u00fck bir y\u00fck kimi oturaraq b\u00fcdc\u0259d\u0259n maliyy\u0259l\u0259\u015f\u0259n v\u0259 hakimiyy\u0259tin t\u0259bli\u011fat\u00e7\u0131s\u0131 rolunda \u00e7\u0131x\u0131\u015f ed\u0259n, qocaman media orqan\u0131 olan \u201cAz\u0259rtac\u201d\u0131. R\u0259smi olaraq Az\u0259rbaycan D\u00f6vl\u0259t \u0130nformasiya Agentliyini. Siz bu informasiya agentliyinin f\u0259aliyy\u0259tind\u0259 son vaxtlar hans\u0131sa d\u0259yi\u015fiklik g\u00f6r\u00fcrs\u00fczm\u00fc v\u0259 ya bu D\u00f6vl\u0259t \u0130nformasiya Agentliyin\u0259 r\u0259hb\u0259rlik ed\u0259n \u015f\u0259xsl\u0259r d\u0259yi\u015fdirildimi? \u015e\u0259xsl\u0259r d\u0259yi\u015fdirilmirs\u0259, eyni d\u00fc\u015f\u00fcnc\u0259 il\u0259 idar\u0259 olunursa, d\u0259yi\u015fiklik hardan olsun ki?\n<\/p>\n<p>\n  2002-ci ild\u0259n Az\u0259rbaycan D\u00f6vl\u0259t \u0130nformasiya Agentliyinin \u0130dar\u0259 hey\u0259tinin s\u0259dri Aslan Aslanovdur. Vaxt\u0131 il\u0259 Ramiz Mehdiyevin kadr\u0131 hesab olunurdu. Onu tan\u0131yan adamlar deyir ki, Ramiz Mehdiyev\u0259 o q\u0259d\u0259r ba\u011fl\u0131 idi ki, onun icaz\u0259si olmadan \u201cbir qurtum su da i\u00e7m\u0259zdi\u201d. Prezident Administrasiyas\u0131ndan g\u0259l\u0259n b\u00fct\u00fcn tap\u015f\u0131r\u0131qlar\u0131 canla-ba\u015fla yerin\u0259 yetir\u0259rdi. \u0130ndi d\u0259 he\u00e7 n\u0259 d\u0259yi\u015fm\u0259yib. Bu g\u00fcn n\u0259 Ramiz Mehdiyev yerind\u0259dir, n\u0259 d\u0259 \u018fli H\u0259s\u0259nov. Amma dediyim kimi, onlardan qalan k\u00f6hn\u0259 kadrlar h\u0259l\u0259 d\u0259 bu informasiya agentliyinin f\u0259aliyy\u0259tini rahat \u015f\u0259kild\u0259 t\u0259fti\u015f ed\u0259, h\u0259tta idar\u0259 ed\u0259 bilirl\u0259r. Ramiz Mehdiyev \u0259vv\u0259lki v\u0259zif\u0259sind\u0259 olmasa da, Aslan Aslanovun ona ba\u011fl\u0131l\u0131\u011f\u0131 qalmaqdad\u0131r. Buna \u201cv\u0259fa borcu\u201d da dem\u0259k olar. Bel\u0259 ki, Prezident Administrasiyas\u0131n\u0131n ke\u00e7mi\u015f r\u0259hb\u0259rinin yaz\u0131lar\u0131 bir \u00e7ox halda ekskl\u00fcziv olaraq ilk d\u0259f\u0259 m\u0259hz h\u0259min informasiya agentliyind\u0259 d\u0259rc olunur. H\u0259tta b\u0259z\u0259n Aslan m\u00fc\u0259llim h\u0259r iki komandaya sadiqlik n\u00fcmayi\u015f etdirm\u0259k \u00fc\u00e7\u00fcn ikili oyun oynay\u0131r. Nec\u0259? Ki\u00e7ik bir eksperiment il\u0259 deyim.\n<\/p>\n<p>\n  \u00d6t\u0259n ay\u0131n 28-d\u0259 Ramiz Mehdiyevin \u201cAz\u0259rtac\u201d-da \u201cAkademik Ramiz Mehdiyev: D\u00fcnya erm\u0259niliyinin aqressiv h\u00fccumlar\u0131 il\u0259 \u00fczl\u0259\u015fdiyimiz bir vaxtda ictimai r\u0259yi \u00e7a\u015fd\u0131rmaq q\u0259tiyy\u0259n yolverilm\u0259zdir\u201d ba\u015fl\u0131ql\u0131 m\u0259qal\u0259si d\u0259rc olunur. B\u00fct\u00fcn media orqanlar\u0131 \u201cAz\u0259rtac\u201da istinad\u0259n h\u0259min m\u0259qal\u0259ni d\u0259rc edirl\u0259r v\u0259 h\u0259min m\u0259qal\u0259 geni\u015f m\u00fczakir\u0259l\u0259r\u0259 s\u0259b\u0259b olur. M\u0259lum qumar da\u015f\u0131 s\u00f6hb\u0259tin\u0259 g\u00f6r\u0259. Bir g\u00fcn sonra is\u0259 h\u0259min yaz\u0131 hakimiyy\u0259tin s\u00f6z\u00fcn\u0259 baxan b\u00fct\u00fcn media orqanlar\u0131ndan \u00e7\u0131xar\u0131l\u0131r. \u00c7ox g\u00fcman yen\u0259 Prezident Administrasiyas\u0131ndan g\u0259l\u0259n tap\u015f\u0131r\u0131qla. Amma indi \u201cAz\u0259rtac\u201d\u0131n sayt\u0131nda h\u0259min m\u0259qal\u0259ni axtar\u0131\u015fa ver\u0259nd\u0259 tapmaq olmur. Amma GOOGLE axtar\u0131\u015f sistemind\u0259 axtaranda, el\u0259c\u0259 d\u0259 \u0259rinm\u0259yib \u201cAz\u0259rtac\u201d\u0131n \u00f6z<br \/>\n  <a href=\"https:\/\/azertag.az\/xeber\/Akademik_Ramiz_Mehdiyev_Dunya_ermeniliyinin_aqressiv_hucumlari_ile_uzlesdiyimiz_bir_vaxtda_ictimai_reyi_chasdirmaq_qetiyyen_yolverilmezdir-1548713\"><br \/>\n    sayt\u0131<br \/>\n  <\/a><br \/>\n  nda m\u0259qal\u0259nin d\u0259rc olundu\u011fu tarixd\u0259 d\u0259rc olunmu\u015f yaz\u0131lara baxanda onu yenid\u0259n tap\u0131b oxumaq m\u00fcmk\u00fcnd\u00fcr. Bir s\u00f6zl\u0259, Aslan m\u00fc\u0259llim Prezident Administrasiyas\u0131ndak\u0131 tap\u015f\u0131r\u0131\u011f\u0131 ver\u0259n \u015f\u0259xsin s\u00f6z\u00fcn\u0259 qulaq asaraq yaz\u0131n\u0131 saytdan silmi\u015f kimi g\u00f6st\u0259rir, h\u0259m d\u0259 h\u0259l\u0259 ayaqda olan ke\u00e7mi\u015f patronaj\u0131na sadiqlik g\u00f6st\u0259r\u0259r\u0259k m\u0259qal\u0259ni saytdan silmir, sad\u0259c\u0259 gizl\u0259dir. Y\u0259ni Aslan m\u00fc\u0259llim \u00fczd\u0259 yeni komandaya, \u0259slind\u0259 is\u0259 k\u00f6hn\u0259 patronaj\u0131na bel\u0259 xidm\u0259t g\u00f6st\u0259rir.\n<\/p>\n<p>\n  Yeri g\u0259lmi\u015fk\u0259n, Ramiz Mehdiyevin v\u0259 \u018fli H\u0259s\u0259novun tap\u015f\u0131r\u0131\u011f\u0131 il\u0259 \u201cAz\u0259rtac\u201da yerl\u0259\u015fdiril\u0259n dig\u0259r kadrlar da h\u0259l\u0259 d\u0259 yerind\u0259dir. B\u0259zil\u0259ri xarici m\u00fcxbir kimi bu g\u00fcn d\u0259 xaricd\u0259 oturub, he\u00e7 bir i\u015f g\u00f6rm\u0259d\u0259n, bir c\u00fcml\u0259 bel\u0259 yazmadan sad\u0259c\u0259 d\u00f6vl\u0259tin onlar \u00fc\u00e7\u00fcn yaratd\u0131\u011f\u0131 v\u0259saitd\u0259n v\u0259 \u015f\u0259raitd\u0259n yararlan\u0131b, \u201cb\u0259y balas\u0131\u201d kimi \u00f6m\u00fcrl\u0259rini s\u00fcr\u00fcrl\u0259r. \u018f\u015f\u015fi, d\u00f6vl\u0259tin puludur da. Niy\u0259 ba\u015fqalar\u0131 yesin ki? El\u0259 Ramiz Mehdiyevin, \u018fli H\u0259s\u0259novun yax\u0131n \u0259traf\u0131ndak\u0131 olan insanlar\u0131n \u00f6vladlar\u0131, qohumlar\u0131, tan\u0131\u015flar\u0131 yesinl\u0259r. Maraql\u0131s\u0131 budur ki, Ramiz Mehdiyev v\u0259 \u018fli H\u0259s\u0259nov bu g\u00fcn \u0259vv\u0259lki postlar\u0131nda olmasalar da, onlar\u0131n vaxt\u0131 il\u0259 t\u0259yin etdirdikl\u0259ri kadrlar h\u0259l\u0259 d\u0259 \u00f6z \u201ci\u015fl\u0259rinin\u201d ba\u015f\u0131ndad\u0131rlar. Aslan m\u00fc\u0259llim d\u0259 onlara bu vaxta q\u0259d\u0259r \u201cg\u00f6z\u00fcn \u00fcst\u0259 qa\u015f\u0131n var\u201d dem\u0259yib. Sonra da deyirik Az\u0259rbaycan\u0131n xaricd\u0259ki t\u0259bli\u011fat\u0131 niy\u0259 bel\u0259 z\u0259ifdir?\n<\/p>\n<p>\n  \u0130ndi ke\u00e7\u0259k v\u0259zif\u0259sind\u0259n \u00e7\u0131xar\u0131lm\u0131\u015f, bir \u00e7oxunun dili il\u0259 des\u0259k, \u201ck\u00f6hn\u0259 komandan\u0131n vurulmu\u015f\u201d kadrlar\u0131na. Guya h\u0259min \u015f\u0259xsl\u0259r v\u0259zif\u0259d\u0259n uzaqla\u015fd\u0131r\u0131ld\u0131qdan sonra g\u00fccl\u0259rini tamam itirdil\u0259r? El\u0259 g\u00f6t\u00fcr\u0259k Abel M\u0259h\u0259rr\u0259movu.\n<\/p>\n<p>\n  Abel M\u0259h\u0259rr\u0259movun bu g\u00fcnl\u0259rd\u0259 bir \u00e7ox media orqanlar\u0131nda biznesl\u0259rinin v\u0259 m\u00fclkl\u0259rinin siyah\u0131s\u0131 d\u0259rc olundu. Daha t\u0259krar\u00e7\u0131l\u0131q edib burda da yazmaq ist\u0259mir\u0259m. Bu q\u0259d\u0259r var-d\u00f6vl\u0259ti olan adam g\u00fccd\u0259n d\u00fc\u015fm\u00fc\u015f hesab oluna bil\u0259rmi? Onun itirdiyi sad\u0259c\u0259 v\u0259zif\u0259si olub. Amma bu g\u00fcn evind\u0259 oturub hakimiyy\u0259t pill\u0259l\u0259rind\u0259 t\u0259msil olunan yax\u0131n qohumlar\u0131n\u0131n d\u0259st\u0259yi il\u0259 \u00f6z biznesini v\u0259 h\u0259yat\u0131n\u0131 s\u00fcr\u00fcr. Bu g\u00fcn h\u00f6kum\u0259tin \u00e7\u0131xard\u0131\u011f\u0131 q\u0259rarlar\u0131 \u00e7eyn\u0259y\u0259r\u0259k toylara gedir, ispaniyadan g\u0259tizdirdiyi \u015f\u0259rabla k\u00f6hn\u0259 patronaj\u0131n\u0131n \u015f\u0259r\u0259fin\u0259 tostlar deyir. Yeri g\u0259lmi\u015fk\u0259n, nahaqdan qohumlar\u0131n\u0131n d\u0259st\u0259yi dem\u0259dim. \u00c7\u00fcnki Abel M\u0259h\u0259rr\u0259movun yax\u0131n qohumlar\u0131 h\u0259l\u0259 d\u0259 v\u0259zif\u0259d\u0259dirl\u0259r. M\u0259s\u0259l\u0259n, \u0130spaniyada \u015f\u0259rab biznesind\u0259 ad\u0131 halland\u0131r\u0131lan Abel M\u0259h\u0259rr\u0259movun o\u011flu Anar M\u0259h\u0259rr\u0259mov h\u0259l\u0259 d\u0259 h\u0259min \u00f6lk\u0259d\u0259 Az\u0259rbaycan\u0131n F\u00f6vq\u0259lad\u0259 v\u0259 s\u0259lahiyy\u0259tli s\u0259firidir. Xarici i\u015fl\u0259r nazirinin d\u0259 d\u0259yi\u015fm\u0259sin\u0259 baxmayaraq Anar M\u0259h\u0259rr\u0259mov h\u0259l\u0259 d\u0259 \u00f6z biznesinin v\u0259 i\u015finin ba\u015f\u0131ndad\u0131r. Abel M\u0259h\u0259rr\u0259movun bir qarda\u015f\u0131 Rauf M\u0259h\u0259rr\u0259mov h\u0259l\u0259 d\u0259 \u018fdliyy\u0259 Nazirliyinin Kadrlar Ba\u015f \u0130dar\u0259sinin r\u0259isidir. Dig\u0259r qarda\u015f\u0131 Adil M\u0259h\u0259rr\u0259mov haz\u0131rda Az\u0259rbaycan Respublikas\u0131 Hesablama Palatas\u0131 s\u0259drinin m\u00fcavini v\u0259zif\u0259sind\u0259 \u00e7al\u0131\u015f\u0131r. Budur \u201cvurulmu\u015f kadr\u201d?\n<\/p>\n<p>\n  Bu kimi adamlar sarma\u015f\u0131q kimi ill\u0259rdir hakimiyy\u0259tin i\u00e7in\u0259 do\u011fru sar\u0131l\u0131blar. Sarma\u015f\u0131\u011f\u0131n is\u0259 bir buda\u011f\u0131n\u0131 k\u0259s\u0259nd\u0259 yerin\u0259 daha \u00e7ox p\u00f6hr\u0259l\u0259yir. Sarma\u015f\u0131qdan qurtulmaq \u00fc\u00e7\u00fcn is\u0259 onu k\u00f6kl\u0259rind\u0259n \u00e7\u0131xar\u0131b atmaq laz\u0131md\u0131r. \u0130ndi idar\u0259etm\u0259d\u0259 yenilik, sistemd\u0259 d\u0259yi\u015fiklik ist\u0259y\u0259nl\u0259r \u00f6z ist\u0259kl\u0259rind\u0259 s\u0259mimidirl\u0259rs\u0259, h\u0259min sarma\u015f\u0131qlar\u0131n yerin\u0259 b\u0259hr\u0259 ver\u0259n a\u011faclar \u0259km\u0259lidirl\u0259r. \u018fks halda, k\u00f6hn\u0259 idar\u0259etm\u0259, el\u0259 k\u00f6hn\u0259 sistem olacaq. Yeni kadrlar, amma k\u00f6hn\u0259 idar\u0259etm\u0259 \u00fcsullar\u0131 il\u0259 he\u00e7 bir d\u0259yi\u015fiklik olmayacaq. D\u0259yi\u015fiklik sad\u0259c\u0259 dekorativ a\u011fac effekti ver\u0259c\u0259k.\n<\/p>\n<p>\n  N\u0259ys\u0259, dey\u0259s\u0259n \u00e7ox uzun yazd\u0131m. \u018fsas n\u0259tic\u0259dir. G\u00f6r\u0259k n\u0259tic\u0259 \u00e7\u0131xaran olacaqm\u0131?<\/p>\n","protected":false},"excerpt":{"rendered":"<p>Guya h\u0259min \u015f\u0259xsl\u0259r v\u0259zif\u0259d\u0259n uzaqla\u015fd\u0131r\u0131ld\u0131qdan sonra g\u00fccl\u0259rini tamam itirdil\u0259r?<\/p>\n","protected":false},"author":11,"featured_media":131531,"comment_status":"closed","ping_status":"open","sticky":false,"template":"","format":"standard","meta":{"_acf_changed":false,"_sitemap_exclude":false,"_sitemap_priority":"","_sitemap_frequency":"","footnotes":""},"categories":[51],"tags":[],"class_list":["post-202138","post","type-post","status-publish","format-standard","has-post-thumbnail","hentry","category-analitika","infinite-scroll-item","generate-columns","tablet-grid-50","mobile-grid-100","grid-parent","grid-33","no-featured-image-padding"],"acf":[],"yoast_head":"<!-- This site is optimized with the Yoast SEO plugin v27.4 - https:\/\/yoast.com\/product\/yoast-seo-wordpress\/ -->\n<title>\u201cYeni komanda\u201d il\u0259 k\u00f6hn\u0259 sistem - MEYDAN.TV<\/title>\n<meta name=\"robots\" content=\"index, follow, max-snippet:-1, max-image-preview:large, max-video-preview:-1\" \/>\n<link rel=\"canonical\" href=\"https:\/\/www.meydan.tv\/az\/article\/yeni-komanda-ile-kohne-sistem\/\" \/>\n<meta property=\"og:locale\" content=\"az_AZ\" \/>\n<meta property=\"og:type\" content=\"article\" \/>\n<meta property=\"og:title\" content=\"\u201cYeni komanda\u201d il\u0259 k\u00f6hn\u0259 sistem - MEYDAN.TV\" \/>\n<meta property=\"og:description\" content=\"Guya h\u0259min \u015f\u0259xsl\u0259r v\u0259zif\u0259d\u0259n uzaqla\u015fd\u0131r\u0131ld\u0131qdan sonra g\u00fccl\u0259rini tamam itirdil\u0259r?\" \/>\n<meta property=\"og:url\" content=\"https:\/\/www.meydan.tv\/az\/article\/yeni-komanda-ile-kohne-sistem\/\" \/>\n<meta property=\"og:site_name\" content=\"MEYDAN.TV\" \/>\n<meta property=\"article:published_time\" content=\"2020-08-26T15:57:08+00:00\" \/>\n<meta property=\"og:image\" content=\"https:\/\/www.meydan.tv\/wp-content\/uploads\/72548349_2491024204324403_7044362740491616256_n.jpg\" \/>\n\t<meta property=\"og:image:width\" content=\"1911\" \/>\n\t<meta property=\"og:image:height\" content=\"1292\" \/>\n\t<meta property=\"og:image:type\" content=\"image\/jpeg\" \/>\n<meta name=\"author\" content=\"user-manager\" \/>\n<meta name=\"twitter:card\" content=\"summary_large_image\" \/>\n<script type=\"application\/ld+json\" class=\"yoast-schema-graph\">{\"@context\":\"https:\\\/\\\/schema.org\",\"@graph\":[{\"@type\":\"Article\",\"@id\":\"https:\\\/\\\/www.meydan.tv\\\/az\\\/article\\\/yeni-komanda-ile-kohne-sistem\\\/#article\",\"isPartOf\":{\"@id\":\"https:\\\/\\\/www.meydan.tv\\\/az\\\/article\\\/yeni-komanda-ile-kohne-sistem\\\/\"},\"author\":{\"name\":\"user-manager\",\"@id\":\"https:\\\/\\\/www.meydan.tv\\\/az\\\/#\\\/schema\\\/person\\\/10d11eccf6da3662cf5fdab9806ea91a\"},\"headline\":\"\u201cYeni komanda\u201d il\u0259 k\u00f6hn\u0259 sistem\",\"datePublished\":\"2020-08-26T15:57:08+00:00\",\"mainEntityOfPage\":{\"@id\":\"https:\\\/\\\/www.meydan.tv\\\/az\\\/article\\\/yeni-komanda-ile-kohne-sistem\\\/\"},\"wordCount\":2246,\"publisher\":{\"@id\":\"https:\\\/\\\/www.meydan.tv\\\/az\\\/#organization\"},\"image\":{\"@id\":\"https:\\\/\\\/www.meydan.tv\\\/az\\\/article\\\/yeni-komanda-ile-kohne-sistem\\\/#primaryimage\"},\"thumbnailUrl\":\"https:\\\/\\\/www.meydan.tv\\\/wp-content\\\/uploads\\\/72548349_2491024204324403_7044362740491616256_n.jpg\",\"articleSection\":[\"Analitika\"],\"inLanguage\":\"az\"},{\"@type\":\"WebPage\",\"@id\":\"https:\\\/\\\/www.meydan.tv\\\/az\\\/article\\\/yeni-komanda-ile-kohne-sistem\\\/\",\"url\":\"https:\\\/\\\/www.meydan.tv\\\/az\\\/article\\\/yeni-komanda-ile-kohne-sistem\\\/\",\"name\":\"\u201cYeni komanda\u201d il\u0259 k\u00f6hn\u0259 sistem - MEYDAN.TV\",\"isPartOf\":{\"@id\":\"https:\\\/\\\/www.meydan.tv\\\/az\\\/#website\"},\"primaryImageOfPage\":{\"@id\":\"https:\\\/\\\/www.meydan.tv\\\/az\\\/article\\\/yeni-komanda-ile-kohne-sistem\\\/#primaryimage\"},\"image\":{\"@id\":\"https:\\\/\\\/www.meydan.tv\\\/az\\\/article\\\/yeni-komanda-ile-kohne-sistem\\\/#primaryimage\"},\"thumbnailUrl\":\"https:\\\/\\\/www.meydan.tv\\\/wp-content\\\/uploads\\\/72548349_2491024204324403_7044362740491616256_n.jpg\",\"datePublished\":\"2020-08-26T15:57:08+00:00\",\"breadcrumb\":{\"@id\":\"https:\\\/\\\/www.meydan.tv\\\/az\\\/article\\\/yeni-komanda-ile-kohne-sistem\\\/#breadcrumb\"},\"inLanguage\":\"az\",\"potentialAction\":[{\"@type\":\"ReadAction\",\"target\":[\"https:\\\/\\\/www.meydan.tv\\\/az\\\/article\\\/yeni-komanda-ile-kohne-sistem\\\/\"]}]},{\"@type\":\"ImageObject\",\"inLanguage\":\"az\",\"@id\":\"https:\\\/\\\/www.meydan.tv\\\/az\\\/article\\\/yeni-komanda-ile-kohne-sistem\\\/#primaryimage\",\"url\":\"https:\\\/\\\/www.meydan.tv\\\/wp-content\\\/uploads\\\/72548349_2491024204324403_7044362740491616256_n.jpg\",\"contentUrl\":\"https:\\\/\\\/www.meydan.tv\\\/wp-content\\\/uploads\\\/72548349_2491024204324403_7044362740491616256_n.jpg\",\"width\":1911,\"height\":1292,\"caption\":\"Source: Prezident.az\"},{\"@type\":\"BreadcrumbList\",\"@id\":\"https:\\\/\\\/www.meydan.tv\\\/az\\\/article\\\/yeni-komanda-ile-kohne-sistem\\\/#breadcrumb\",\"itemListElement\":[{\"@type\":\"ListItem\",\"position\":1,\"name\":\"Ana s\u0259hif\u0259\",\"item\":\"https:\\\/\\\/www.meydan.tv\\\/az\\\/\"},{\"@type\":\"ListItem\",\"position\":2,\"name\":\"Analitika\",\"item\":\"https:\\\/\\\/www.meydan.tv\\\/az\\\/section\\\/analitika\\\/\"},{\"@type\":\"ListItem\",\"position\":3,\"name\":\"\u201cYeni komanda\u201d il\u0259 k\u00f6hn\u0259 sistem\"}]},{\"@type\":\"WebSite\",\"@id\":\"https:\\\/\\\/www.meydan.tv\\\/az\\\/#website\",\"url\":\"https:\\\/\\\/www.meydan.tv\\\/az\\\/\",\"name\":\"MEYDAN.TV\",\"description\":\"Meydan TV Az\u0259rbaycan\u0131n media m\u0259kan\u0131ndak\u0131 alternativ s\u0259sidir\",\"publisher\":{\"@id\":\"https:\\\/\\\/www.meydan.tv\\\/az\\\/#organization\"},\"potentialAction\":[{\"@type\":\"SearchAction\",\"target\":{\"@type\":\"EntryPoint\",\"urlTemplate\":\"https:\\\/\\\/www.meydan.tv\\\/az\\\/?s={search_term_string}\"},\"query-input\":{\"@type\":\"PropertyValueSpecification\",\"valueRequired\":true,\"valueName\":\"search_term_string\"}}],\"inLanguage\":\"az\"},{\"@type\":\"Organization\",\"@id\":\"https:\\\/\\\/www.meydan.tv\\\/az\\\/#organization\",\"name\":\"Meydan TV\",\"url\":\"https:\\\/\\\/www.meydan.tv\\\/az\\\/\",\"logo\":{\"@type\":\"ImageObject\",\"inLanguage\":\"az\",\"@id\":\"https:\\\/\\\/www.meydan.tv\\\/az\\\/#\\\/schema\\\/logo\\\/image\\\/\",\"url\":\"https:\\\/\\\/www.meydan.tv\\\/wp-content\\\/uploads\\\/2021\\\/07\\\/meydan-logo.svg\",\"contentUrl\":\"https:\\\/\\\/www.meydan.tv\\\/wp-content\\\/uploads\\\/2021\\\/07\\\/meydan-logo.svg\",\"width\":195,\"height\":46,\"caption\":\"Meydan TV\"},\"image\":{\"@id\":\"https:\\\/\\\/www.meydan.tv\\\/az\\\/#\\\/schema\\\/logo\\\/image\\\/\"}},{\"@type\":\"Person\",\"@id\":\"https:\\\/\\\/www.meydan.tv\\\/az\\\/#\\\/schema\\\/person\\\/10d11eccf6da3662cf5fdab9806ea91a\",\"name\":\"user-manager\"}]}<\/script>\n<!-- \/ Yoast SEO plugin. -->","yoast_head_json":{"title":"\u201cYeni komanda\u201d il\u0259 k\u00f6hn\u0259 sistem - MEYDAN.TV","robots":{"index":"index","follow":"follow","max-snippet":"max-snippet:-1","max-image-preview":"max-image-preview:large","max-video-preview":"max-video-preview:-1"},"canonical":"https:\/\/www.meydan.tv\/az\/article\/yeni-komanda-ile-kohne-sistem\/","og_locale":"az_AZ","og_type":"article","og_title":"\u201cYeni komanda\u201d il\u0259 k\u00f6hn\u0259 sistem - MEYDAN.TV","og_description":"Guya h\u0259min \u015f\u0259xsl\u0259r v\u0259zif\u0259d\u0259n uzaqla\u015fd\u0131r\u0131ld\u0131qdan sonra g\u00fccl\u0259rini tamam itirdil\u0259r?","og_url":"https:\/\/www.meydan.tv\/az\/article\/yeni-komanda-ile-kohne-sistem\/","og_site_name":"MEYDAN.TV","article_published_time":"2020-08-26T15:57:08+00:00","og_image":[{"width":1911,"height":1292,"url":"https:\/\/www.meydan.tv\/wp-content\/uploads\/72548349_2491024204324403_7044362740491616256_n.jpg","type":"image\/jpeg"}],"author":"user-manager","twitter_card":"summary_large_image","schema":{"@context":"https:\/\/schema.org","@graph":[{"@type":"Article","@id":"https:\/\/www.meydan.tv\/az\/article\/yeni-komanda-ile-kohne-sistem\/#article","isPartOf":{"@id":"https:\/\/www.meydan.tv\/az\/article\/yeni-komanda-ile-kohne-sistem\/"},"author":{"name":"user-manager","@id":"https:\/\/www.meydan.tv\/az\/#\/schema\/person\/10d11eccf6da3662cf5fdab9806ea91a"},"headline":"\u201cYeni komanda\u201d il\u0259 k\u00f6hn\u0259 sistem","datePublished":"2020-08-26T15:57:08+00:00","mainEntityOfPage":{"@id":"https:\/\/www.meydan.tv\/az\/article\/yeni-komanda-ile-kohne-sistem\/"},"wordCount":2246,"publisher":{"@id":"https:\/\/www.meydan.tv\/az\/#organization"},"image":{"@id":"https:\/\/www.meydan.tv\/az\/article\/yeni-komanda-ile-kohne-sistem\/#primaryimage"},"thumbnailUrl":"https:\/\/www.meydan.tv\/wp-content\/uploads\/72548349_2491024204324403_7044362740491616256_n.jpg","articleSection":["Analitika"],"inLanguage":"az"},{"@type":"WebPage","@id":"https:\/\/www.meydan.tv\/az\/article\/yeni-komanda-ile-kohne-sistem\/","url":"https:\/\/www.meydan.tv\/az\/article\/yeni-komanda-ile-kohne-sistem\/","name":"\u201cYeni komanda\u201d il\u0259 k\u00f6hn\u0259 sistem - MEYDAN.TV","isPartOf":{"@id":"https:\/\/www.meydan.tv\/az\/#website"},"primaryImageOfPage":{"@id":"https:\/\/www.meydan.tv\/az\/article\/yeni-komanda-ile-kohne-sistem\/#primaryimage"},"image":{"@id":"https:\/\/www.meydan.tv\/az\/article\/yeni-komanda-ile-kohne-sistem\/#primaryimage"},"thumbnailUrl":"https:\/\/www.meydan.tv\/wp-content\/uploads\/72548349_2491024204324403_7044362740491616256_n.jpg","datePublished":"2020-08-26T15:57:08+00:00","breadcrumb":{"@id":"https:\/\/www.meydan.tv\/az\/article\/yeni-komanda-ile-kohne-sistem\/#breadcrumb"},"inLanguage":"az","potentialAction":[{"@type":"ReadAction","target":["https:\/\/www.meydan.tv\/az\/article\/yeni-komanda-ile-kohne-sistem\/"]}]},{"@type":"ImageObject","inLanguage":"az","@id":"https:\/\/www.meydan.tv\/az\/article\/yeni-komanda-ile-kohne-sistem\/#primaryimage","url":"https:\/\/www.meydan.tv\/wp-content\/uploads\/72548349_2491024204324403_7044362740491616256_n.jpg","contentUrl":"https:\/\/www.meydan.tv\/wp-content\/uploads\/72548349_2491024204324403_7044362740491616256_n.jpg","width":1911,"height":1292,"caption":"Source: Prezident.az"},{"@type":"BreadcrumbList","@id":"https:\/\/www.meydan.tv\/az\/article\/yeni-komanda-ile-kohne-sistem\/#breadcrumb","itemListElement":[{"@type":"ListItem","position":1,"name":"Ana s\u0259hif\u0259","item":"https:\/\/www.meydan.tv\/az\/"},{"@type":"ListItem","position":2,"name":"Analitika","item":"https:\/\/www.meydan.tv\/az\/section\/analitika\/"},{"@type":"ListItem","position":3,"name":"\u201cYeni komanda\u201d il\u0259 k\u00f6hn\u0259 sistem"}]},{"@type":"WebSite","@id":"https:\/\/www.meydan.tv\/az\/#website","url":"https:\/\/www.meydan.tv\/az\/","name":"MEYDAN.TV","description":"Meydan TV Az\u0259rbaycan\u0131n media m\u0259kan\u0131ndak\u0131 alternativ s\u0259sidir","publisher":{"@id":"https:\/\/www.meydan.tv\/az\/#organization"},"potentialAction":[{"@type":"SearchAction","target":{"@type":"EntryPoint","urlTemplate":"https:\/\/www.meydan.tv\/az\/?s={search_term_string}"},"query-input":{"@type":"PropertyValueSpecification","valueRequired":true,"valueName":"search_term_string"}}],"inLanguage":"az"},{"@type":"Organization","@id":"https:\/\/www.meydan.tv\/az\/#organization","name":"Meydan TV","url":"https:\/\/www.meydan.tv\/az\/","logo":{"@type":"ImageObject","inLanguage":"az","@id":"https:\/\/www.meydan.tv\/az\/#\/schema\/logo\/image\/","url":"https:\/\/www.meydan.tv\/wp-content\/uploads\/2021\/07\/meydan-logo.svg","contentUrl":"https:\/\/www.meydan.tv\/wp-content\/uploads\/2021\/07\/meydan-logo.svg","width":195,"height":46,"caption":"Meydan TV"},"image":{"@id":"https:\/\/www.meydan.tv\/az\/#\/schema\/logo\/image\/"}},{"@type":"Person","@id":"https:\/\/www.meydan.tv\/az\/#\/schema\/person\/10d11eccf6da3662cf5fdab9806ea91a","name":"user-manager"}]}},"_links":{"self":[{"href":"https:\/\/www.meydan.tv\/az\/wp-json\/wp\/v2\/posts\/202138","targetHints":{"allow":["GET"]}}],"collection":[{"href":"https:\/\/www.meydan.tv\/az\/wp-json\/wp\/v2\/posts"}],"about":[{"href":"https:\/\/www.meydan.tv\/az\/wp-json\/wp\/v2\/types\/post"}],"author":[{"embeddable":true,"href":"https:\/\/www.meydan.tv\/az\/wp-json\/wp\/v2\/users\/11"}],"replies":[{"embeddable":true,"href":"https:\/\/www.meydan.tv\/az\/wp-json\/wp\/v2\/comments?post=202138"}],"version-history":[{"count":0,"href":"https:\/\/www.meydan.tv\/az\/wp-json\/wp\/v2\/posts\/202138\/revisions"}],"wp:featuredmedia":[{"embeddable":true,"href":"https:\/\/www.meydan.tv\/az\/wp-json\/wp\/v2\/media\/131531"}],"wp:attachment":[{"href":"https:\/\/www.meydan.tv\/az\/wp-json\/wp\/v2\/media?parent=202138"}],"wp:term":[{"taxonomy":"category","embeddable":true,"href":"https:\/\/www.meydan.tv\/az\/wp-json\/wp\/v2\/categories?post=202138"},{"taxonomy":"post_tag","embeddable":true,"href":"https:\/\/www.meydan.tv\/az\/wp-json\/wp\/v2\/tags?post=202138"}],"curies":[{"name":"wp","href":"https:\/\/api.w.org\/{rel}","templated":true}]}}