{"id":202137,"date":"2020-08-26T14:51:09","date_gmt":"2020-08-26T14:51:09","guid":{"rendered":"https:\/\/www.meydan.tv\/article\/icra-numayendesi-yoldasima-deyib-ki-dilenci-kimi-yardim-isteyirsiz\/"},"modified":"2020-08-26T14:51:09","modified_gmt":"2020-08-26T14:51:09","slug":"icra-numayendesi-yoldasima-deyib-ki-dilenci-kimi-yardim-isteyirsiz","status":"publish","type":"post","link":"https:\/\/www.meydan.tv\/az\/article\/icra-numayendesi-yoldasima-deyib-ki-dilenci-kimi-yardim-isteyirsiz\/","title":{"rendered":"\u201c\u0130cra n\u00fcmay\u0259nd\u0259si yolda\u015f\u0131ma deyib ki, dil\u0259n\u00e7i kimi yard\u0131m ist\u0259yirsiz\u201d"},"content":{"rendered":"<p>\n  <i><br \/>\n    G\u00f6y\u00e7ay sakini: \u201cB\u0259l\u0259diyy\u0259 deyir, get icraya yalvar, icra deyir, b\u0259l\u0259diyy\u0259y\u0259\u201d<br \/>\n  <\/i>\n<\/p>\n<p>\n  \u201cYa\u011f\u0131\u015f ya\u011fan kimi atam, anam bir qon\u015funun, u\u015faqlar ikinci qon\u015funun, yolda\u015f\u0131mla m\u0259n d\u0259 \u00fc\u00e7\u00fcnc\u00fc qon\u015funun evin\u0259 s\u0131\u011f\u0131n\u0131r\u0131q. Yen\u0259 soyuqlar g\u0259lir, ya\u011f\u0131\u015flar ba\u015flay\u0131r, bu, o dem\u0259kdir ki, bizim d\u0259 qara g\u00fcnl\u0259rimiz ba\u015flay\u0131r\u201d.\n<\/p>\n<p>\n  G\u00f6y\u00e7ay\u0131n \u00c7\u0259r\u0259k\u0259 k\u0259nd sakini \u018fli \u018fhm\u0259dov 4 u\u015faq atas\u0131d\u0131r. Meydan TV-y\u0259 dan\u0131\u015f\u0131r ki, 1958-ci ild\u0259 \u00e7iy k\u0259rpicd\u0259n tikilmi\u015f ev haz\u0131rda ba\u015flar\u0131na u\u00e7ur. Ancaq t\u0259mir-b\u0259rpa etm\u0259k imkan\u0131 yoxdur. \u018fvv\u0259ll\u0259r zibilda\u015f\u0131yan ma\u015f\u0131nda i\u015fl\u0259y\u0259n \u018fli \u018fhm\u0259dov indi m\u00fczdl\u00fc f\u0259hl\u0259likl\u0259 m\u0259\u015f\u011fuldur. Deyir, 1 g\u00fcn i\u015f olanda, 10 g\u00fcn olmur.\n<\/p>\n<p>\n  <b><br \/>\n    \u201cQalm\u0131\u015f\u0131q \u00e7\u00f6r\u0259ksiz, susuz&#8230;\u201d<br \/>\n  <\/b>\n<\/p>\n<p>\n  \u201cOnun-bunun qap\u0131s\u0131nda f\u0259hl\u0259lik edir\u0259m. \u018fvv\u0259ll\u0259r zibily\u0131\u011fan idim, maa\u015f\u0131m \u00e7ox az idi, gec\u0259l\u0259ri s\u0259h\u0259r\u0259d\u0259k zibil ma\u015f\u0131n\u0131 il\u0259 G\u00f6y\u00e7ay\u0131n i\u00e7ind\u0259 zibil y\u0131\u011fmaqla m\u0259\u015f\u011ful olurdum, ancaq maa\u015f\u0131m \u00e7ox az idi. Ona g\u00f6r\u0259 d\u0259 i\u015fd\u0259n \u00e7\u0131xmal\u0131, qap\u0131larda f\u0259hl\u0259lik etm\u0259li oldum. \u0130ndi qap\u0131s\u0131nda f\u0259hl\u0259 i\u015fl\u0259d\u0259n d\u0259 yoxdur. Ham\u0131 \u00f6z i\u015fini \u00f6z\u00fc g\u00f6rm\u0259y\u0259 \u00e7al\u0131\u015f\u0131r. \u00c7\u00fcnki vaxtil\u0259 maddi imkan\u0131 normal olan insanlar da karantin ba\u015flayandan m\u00fcflisl\u0259\u015fib. D\u00f6vl\u0259t idar\u0259l\u0259rin\u0259 gedir\u0259m, x\u0259st\u0259liyimi b\u0259han\u0259 edib qap\u0131dan geri qaytar\u0131rlar, deyir\u0259m, b\u0259s bu d\u00f6rd u\u015fa\u011f\u0131 nec\u0259 b\u00f6y\u00fcd\u00fcm? Qalm\u0131\u015f\u0131q \u00e7\u00f6r\u0259ksiz, susuz&#8230; 4 u\u015fa\u011f\u0131n qarn\u0131n\u0131 nec\u0259 doydurum, \u0259ynini nec\u0259 geyindirim, bilmir\u0259m. 3 o\u011flan, 1 q\u0131z a\u011fz\u0131n\u0131 a\u00e7\u0131b, \u00fcz\u00fcm\u0259 bax\u0131r, \u00e7\u00f6r\u0259k, su ist\u0259yir\u201d, &#8211; \u018fli \u018fhm\u0259dov deyir.\n<\/p>\n<p>\n  <b><br \/>\n    \u201cM\u00fcavin dedi, yaz\u0131qd\u0131 bu u\u015faqlar, k\u00fc\u00e7\u0259l\u0259r\u0259 salma&#8230;\u201d<br \/>\n  <\/b>\n<\/p>\n<p>\n  Ya\u015fad\u0131qlar\u0131 evin u\u00e7maq t\u0259hl\u00fck\u0259si var. \u018fli \u018fhm\u0259dov deyir, ev da\u011f\u0131lsa, d\u00f6rd u\u015faq, iki ah\u0131l ya\u015fl\u0131 valideyni da\u011f\u0131nt\u0131 alt\u0131nda qalacaq:\n<\/p>\n<p>\n  \u201cBir-iki d\u0259f\u0259 m\u00f6hk\u0259m ya\u011f\u0131\u015f t\u00f6ks\u0259, evin dam\u0131 yatacaq yer\u0259&#8230; Qon\u015fulara \u201cg\u0259l\u0259k sizd\u0259 gec\u0259l\u0259y\u0259k\u201d dem\u0259kd\u0259n d\u0259 \u00fcz\u00fcm\u00fcz\u00fcn suyu gedib. \u0130cra hakimiyy\u0259ti deyir, biz ev tikmirik. U\u015faqlar\u0131 da y\u0131\u011f\u0131b aparm\u0131\u015fd\u0131m, ba\u015f\u00e7\u0131n\u0131n m\u00fcavini dedi, yaz\u0131qd\u0131 bu u\u015faqlar, niy\u0259 salm\u0131san k\u00fc\u00e7\u0259l\u0259r\u0259. Dedim, onsuz da k\u00fc\u00e7\u0259l\u0259rd\u0259 qal\u0131r bu u\u015faqlar, ev\u0259 girs\u0259l\u0259r, dam ba\u015flar\u0131na yatsa, tik\u0259l\u0259ri d\u0259 \u0259l\u0259 g\u0259lm\u0259y\u0259c\u0259k. M\u00fcavin dedi, m\u0259ni d\u0259 ba\u015fa d\u00fc\u015f, m\u0259n cibimd\u0259n ev tik\u0259n deyil\u0259m ax\u0131. Get b\u0259l\u0259diyy\u0259y\u0259, yalvar, b\u0259lk\u0259 onlar k\u00f6m\u0259k ed\u0259r. B\u0259l\u0259diyy\u0259y\u0259 d\u0259 getdim, b\u0259l\u0259diyy\u0259 s\u0259dri dedi, bizd\u0259 in\u015faat material\u0131 yoxdur ki, s\u0259n\u0259 k\u00f6m\u0259k ed\u0259k, evini t\u0259mir, b\u0259rpa ed\u0259s\u0259n. Get, icra hakimiyy\u0259tin\u0259 yalvar, b\u0259lk\u0259 ordan k\u00f6m\u0259k ed\u0259rl\u0259r. Bel\u0259c\u0259, qalm\u0131\u015fam b\u0259l\u0259diyy\u0259yl\u0259 icra hakimiyy\u0259tinin aras\u0131nda&#8230; D\u00f6vl\u0259t v\u0259t\u0259nda\u015f\u0131n m\u0259nzil \u015f\u0259raitini yax\u015f\u0131la\u015fd\u0131rm\u0131r, \u00e7ad\u0131r qurub ya\u015famas\u0131na imkan vermir ki, inki\u015faf etmi\u015f \u00f6lk\u0259yik, bizd\u0259 \u00e7ad\u0131rda ya\u015famaq olmaz. B\u0259s bu d\u00f6vl\u0259t m\u0259nim v\u0259ziyy\u0259timd\u0259 olan v\u0259t\u0259nda\u015f\u0131 haqq\u0131nda n\u0259 d\u00fc\u015f\u00fcn\u00fcr?\u201d\n<\/p>\n<figure class=\"wp-block-image size-large\">\n  <img decoding=\"async\" src=\"https:\/\/www.meydan.tv\/az\/evin-veziyyeti-19\/\" alt=\"Evin v\u0259ziyy\u0259ti\" class=\"wp-image-146788\"\/><figcaption>\n    Evin v\u0259ziyy\u0259ti<br \/>\n  <\/figcaption><\/figure>\n<p>\n  <b><br \/>\n    \u201cDedi, n\u0259 var ba\u015f\u00e7\u0131dan dil\u0259n\u00e7i kimi \u0259rzaq ist\u0259yirsiz?\u201d<br \/>\n  <\/b>\n<\/p>\n<p>\n  \u018fli \u018fhm\u0259dov deyir, G\u00f6y\u00e7aydak\u0131 ehtiyacl\u0131 ail\u0259l\u0259r \u00fc\u00e7\u00fcn karantin g\u00fcnl\u0259rind\u0259 yard\u0131mlar ayr\u0131lsa da, yerli icra hakimiyy\u0259tin\u0259 etdiyi m\u00fcraci\u0259tl\u0259r\u0259 baxmayaraq, onun ail\u0259sin\u0259 \u0259rzaq yard\u0131m\u0131 edilm\u0259yib. Bir d\u0259f\u0259 icra n\u00fcmay\u0259nd\u0259si yard\u0131m g\u0259tirib, o, yard\u0131m\u0131 geri qaytar\u0131b. S\u0259b\u0259bind\u0259n dan\u0131\u015f\u0131r:\n<\/p>\n<p>\n  \u201cKarantin vaxt\u0131 biz\u0259 birc\u0259 d\u0259f\u0259 yard\u0131m g\u0259tirildi, onu da \u0259trafl\u0131 dan\u0131\u015f\u0131m siz\u0259, g\u00f6r\u00fcn, siz o yard\u0131m\u0131 q\u0259bul ed\u0259rdizmi? Dem\u0259li, ne\u00e7\u0259 g\u00fcn idi ki, u\u015faqlar\u0131n dilin\u0259 yavan \u00e7\u00f6r\u0259k d\u0259 d\u0259ymirdi. M\u0259n d\u0259 icra hakimiyy\u0259tin\u0259 m\u00fcraci\u0259t edirdim ki, karantinl\u0259 \u0259laq\u0259dar ehtiyacl\u0131 ail\u0259l\u0259r\u0259 ayr\u0131lan yard\u0131mlardan biz\u0259 d\u0259 verilsin. N\u0259hay\u0259t ki, d\u0259f\u0259l\u0259rl\u0259 m\u00fcraci\u0259tl\u0259rimd\u0259n sonra bir g\u00fcn icra n\u00fcmay\u0259nd\u0259miz biz\u0259 yard\u0131m g\u0259tirirmi\u015f, yolda h\u0259yat yolda\u015f\u0131mla rastla\u015f\u0131b. Ma\u015f\u0131n\u0131 saxlay\u0131b, yolda\u015f\u0131m\u0131n \u00fcst\u00fcn\u0259 ac\u0131qlan\u0131b ki, \u201cn\u0259 var dil\u0259n\u00e7i kimi ba\u015f\u00e7\u0131dan yard\u0131m ist\u0259yirsiz? O da m\u0259ni y\u00fckl\u0259yir, deyir, apar ail\u0259nin a\u011fz\u0131na bir az \u00e7\u00f6r\u0259k at, \u015fikay\u0259tl\u0259nm\u0259sin. M\u0259n d\u0259 m\u0259cburam ki, \u00f6z cibimd\u0259n al\u0131b g\u0259tirim. M\u0259n sizin qarn\u0131n\u0131z\u0131 doyduranam?\u201d H\u0259yat yolda\u015f\u0131m qa\u00e7a-qa\u00e7a ev\u0259 g\u0259ldi, a\u011flad\u0131, dedi, icra n\u00fcmay\u0259nd\u0259si m\u0259ni ham\u0131n\u0131n i\u00e7ind\u0259 a\u015fa\u011f\u0131lad\u0131, a\u011fz\u0131ndan \u00e7\u0131xan\u0131 dedi, onun g\u0259tir\u0259c\u0259yi \u0259rzaq biz\u0259 laz\u0131m deyil. Bir azdan icra n\u00fcmay\u0259nd\u0259si g\u0259ldi, ma\u015f\u0131n\u0131 qap\u0131m\u0131zda saxlad\u0131, ma\u015f\u0131n\u0131n arxas\u0131ndak\u0131 baqaj\u0131 a\u00e7d\u0131, baqajdak\u0131 \u0259rzaqlar\u0131 \u00e7\u0259k\u0259-\u00e7\u0259k\u0259 ba\u015flad\u0131 kameraya dan\u0131\u015fma\u011fa ki, b\u0259s, sa\u011f olsun prezidentimiz, sa\u011f olsun icra ba\u015f\u00e7\u0131m\u0131z, ehtiyacl\u0131 ail\u0259l\u0259ri karantin g\u00fcn\u00fcnd\u0259 \u0259rzaqs\u0131z, yard\u0131ms\u0131z qoymur. M\u0259n d\u0259 dedim, m\u0259n\u0259 bel\u0259 yard\u0131m laz\u0131m deyil, min ma\u015f\u0131na, s\u00fcr get. \u0130cra n\u00fcmay\u0259nd\u0259si gedib ba\u015f\u00e7\u0131ya deyib ki, o ail\u0259 qudurub, yard\u0131m\u0131 q\u0259bul el\u0259m\u0259di\u201d.\n<\/p>\n<p>\n  <b><br \/>\n    \u201c\u00dcmidim prezident\u0259dir\u201d<br \/>\n  <\/b>\n<\/p>\n<p>\n  \u018fli \u018fhm\u0259dov deyir, rayondak\u0131 m\u0259murlara m\u00fcraci\u0259t etm\u0259kd\u0259n ke\u00e7ib, \u00fcmidi yaln\u0131z \u00f6lk\u0259nin ba\u015f\u00e7\u0131s\u0131na qal\u0131b. O, Prezidentd\u0259n m\u0259nzil \u015f\u0259raitinin yax\u015f\u0131la\u015fd\u0131r\u0131lmas\u0131, i\u015fl\u0259 t\u0259min olunmas\u0131 \u00fc\u00e7\u00fcn aidiyy\u0259ti qurumlara g\u00f6st\u0259ri\u015f verm\u0259sini ist\u0259yir.\n<\/p>\n<p>\n  G\u00f6y\u00e7ay Rayon \u0130cra Hakimiyy\u0259tind\u0259n Meydan TV-y\u0259 bildirilib ki, \u018fli \u018fhm\u0259dovun m\u0259nzil \u015f\u0259raitinin yax\u015f\u0131la\u015fd\u0131r\u0131lmas\u0131na k\u00f6m\u0259k etm\u0259k qurumun imkanlar\u0131 xaricind\u0259dir. Buna g\u00f6r\u0259 b\u00fcdc\u0259 n\u0259z\u0259rd\u0259 tutulmay\u0131b. Ev q\u0259zal\u0131 v\u0259ziyy\u0259t\u0259 d\u00fc\u015f\u00fcbs\u0259, v\u0259t\u0259nda\u015f rayonun F\u00f6vq\u0259lad\u0259 Hallar Komissiyas\u0131na \u0259riz\u0259yl\u0259 m\u00fcracid\u0259t etm\u0259lidir. Komissiya m\u0259nzil\u0259 bax\u0131\u015f ke\u00e7irm\u0259li, m\u00fcvafiq q\u0259rar q\u0259bul etm\u0259lidir. \u0130\u015fl\u0259 ba\u011fl\u0131 v\u0259t\u0259nda\u015f rayonun M\u0259\u015f\u011fulluq M\u0259rk\u0259zin\u0259, sosial durumuyla ba\u011fl\u0131 is\u0259 \u018fm\u0259k v\u0259 \u018fhalinin Sosial M\u00fcdafi\u0259si Nazirliyin\u0259 r\u0259smi m\u00fcraci\u0259t etm\u0259lidir. O da bildirilib ki, karantinin ilk vaxtlar\u0131nda v\u0259t\u0259nda\u015fa d\u0259f\u0259l\u0259rl\u0259 \u0259rzaq yard\u0131m\u0131 olunub.\n<\/p>\n<p>\n  \u00c7\u0259r\u0259k\u0259 k\u0259ndinin icra n\u00fcmay\u0259nd\u0259sind\u0259n deyil\u0259nl\u0259r\u0259 m\u00fcnasib\u0259t \u00f6yr\u0259nm\u0259k m\u00fcmk\u00fcn olmay\u0131b.\n<\/p>\n<figure class=\"wp-block-image size-large\">\n  <img decoding=\"async\" src=\"https:\/\/www.meydan.tv\/az\/evin-veziyyeti-20\/\" alt=\"Evin v\u0259ziyy\u0259ti\" class=\"wp-image-146791\"\/><figcaption>\n    Evin v\u0259ziyy\u0259ti<br \/>\n  <\/figcaption><\/figure>\n","protected":false},"excerpt":{"rendered":"<p>G\u00f6y\u00e7ay sakini: \u201cB\u0259l\u0259diyy\u0259 deyir, get icraya yalvar, icra deyir, b\u0259l\u0259diyy\u0259y\u0259\u201d<\/p>\n","protected":false},"author":11,"featured_media":146791,"comment_status":"closed","ping_status":"open","sticky":false,"template":"","format":"standard","meta":{"_acf_changed":false,"_sitemap_exclude":false,"_sitemap_priority":"","_sitemap_frequency":"","footnotes":""},"categories":[60],"tags":[],"class_list":["post-202137","post","type-post","status-publish","format-standard","has-post-thumbnail","hentry","category-bolge","infinite-scroll-item","generate-columns","tablet-grid-50","mobile-grid-100","grid-parent","grid-33","no-featured-image-padding"],"acf":[],"yoast_head":"<!-- This site is optimized with the Yoast SEO plugin v27.5 - https:\/\/yoast.com\/product\/yoast-seo-wordpress\/ -->\n<title>\u201c\u0130cra n\u00fcmay\u0259nd\u0259si yolda\u015f\u0131ma deyib ki, dil\u0259n\u00e7i kimi yard\u0131m ist\u0259yirsiz\u201d - MEYDAN.TV<\/title>\n<meta name=\"robots\" content=\"index, follow, max-snippet:-1, max-image-preview:large, max-video-preview:-1\" \/>\n<link rel=\"canonical\" href=\"https:\/\/www.meydan.tv\/az\/article\/icra-numayendesi-yoldasima-deyib-ki-dilenci-kimi-yardim-isteyirsiz\/\" \/>\n<meta property=\"og:locale\" content=\"az_AZ\" \/>\n<meta property=\"og:type\" content=\"article\" \/>\n<meta property=\"og:title\" content=\"\u201c\u0130cra n\u00fcmay\u0259nd\u0259si yolda\u015f\u0131ma deyib ki, dil\u0259n\u00e7i kimi yard\u0131m ist\u0259yirsiz\u201d - MEYDAN.TV\" \/>\n<meta property=\"og:description\" content=\"G\u00f6y\u00e7ay sakini: \u201cB\u0259l\u0259diyy\u0259 deyir, get icraya yalvar, icra deyir, b\u0259l\u0259diyy\u0259y\u0259\u201d\" \/>\n<meta property=\"og:url\" content=\"https:\/\/www.meydan.tv\/az\/article\/icra-numayendesi-yoldasima-deyib-ki-dilenci-kimi-yardim-isteyirsiz\/\" \/>\n<meta property=\"og:site_name\" content=\"MEYDAN.TV\" \/>\n<meta property=\"article:published_time\" content=\"2020-08-26T14:51:09+00:00\" \/>\n<meta property=\"og:image\" content=\"https:\/\/www.meydan.tv\/wp-content\/uploads\/image_from_ios_150.jpg\" \/>\n\t<meta property=\"og:image:width\" content=\"1280\" \/>\n\t<meta property=\"og:image:height\" content=\"960\" \/>\n\t<meta property=\"og:image:type\" content=\"image\/jpeg\" \/>\n<meta name=\"author\" content=\"user-manager\" \/>\n<meta name=\"twitter:card\" content=\"summary_large_image\" \/>\n<script type=\"application\/ld+json\" class=\"yoast-schema-graph\">{\"@context\":\"https:\\\/\\\/schema.org\",\"@graph\":[{\"@type\":\"Article\",\"@id\":\"https:\\\/\\\/www.meydan.tv\\\/az\\\/article\\\/icra-numayendesi-yoldasima-deyib-ki-dilenci-kimi-yardim-isteyirsiz\\\/#article\",\"isPartOf\":{\"@id\":\"https:\\\/\\\/www.meydan.tv\\\/az\\\/article\\\/icra-numayendesi-yoldasima-deyib-ki-dilenci-kimi-yardim-isteyirsiz\\\/\"},\"author\":{\"name\":\"user-manager\",\"@id\":\"https:\\\/\\\/www.meydan.tv\\\/az\\\/#\\\/schema\\\/person\\\/10d11eccf6da3662cf5fdab9806ea91a\"},\"headline\":\"\u201c\u0130cra n\u00fcmay\u0259nd\u0259si yolda\u015f\u0131ma deyib ki, dil\u0259n\u00e7i kimi yard\u0131m ist\u0259yirsiz\u201d\",\"datePublished\":\"2020-08-26T14:51:09+00:00\",\"mainEntityOfPage\":{\"@id\":\"https:\\\/\\\/www.meydan.tv\\\/az\\\/article\\\/icra-numayendesi-yoldasima-deyib-ki-dilenci-kimi-yardim-isteyirsiz\\\/\"},\"wordCount\":1238,\"publisher\":{\"@id\":\"https:\\\/\\\/www.meydan.tv\\\/az\\\/#organization\"},\"image\":{\"@id\":\"https:\\\/\\\/www.meydan.tv\\\/az\\\/article\\\/icra-numayendesi-yoldasima-deyib-ki-dilenci-kimi-yardim-isteyirsiz\\\/#primaryimage\"},\"thumbnailUrl\":\"https:\\\/\\\/www.meydan.tv\\\/wp-content\\\/uploads\\\/image_from_ios_150.jpg\",\"articleSection\":[\"B\u00f6lg\u0259\"],\"inLanguage\":\"az\"},{\"@type\":\"WebPage\",\"@id\":\"https:\\\/\\\/www.meydan.tv\\\/az\\\/article\\\/icra-numayendesi-yoldasima-deyib-ki-dilenci-kimi-yardim-isteyirsiz\\\/\",\"url\":\"https:\\\/\\\/www.meydan.tv\\\/az\\\/article\\\/icra-numayendesi-yoldasima-deyib-ki-dilenci-kimi-yardim-isteyirsiz\\\/\",\"name\":\"\u201c\u0130cra n\u00fcmay\u0259nd\u0259si yolda\u015f\u0131ma deyib ki, dil\u0259n\u00e7i kimi yard\u0131m ist\u0259yirsiz\u201d - MEYDAN.TV\",\"isPartOf\":{\"@id\":\"https:\\\/\\\/www.meydan.tv\\\/az\\\/#website\"},\"primaryImageOfPage\":{\"@id\":\"https:\\\/\\\/www.meydan.tv\\\/az\\\/article\\\/icra-numayendesi-yoldasima-deyib-ki-dilenci-kimi-yardim-isteyirsiz\\\/#primaryimage\"},\"image\":{\"@id\":\"https:\\\/\\\/www.meydan.tv\\\/az\\\/article\\\/icra-numayendesi-yoldasima-deyib-ki-dilenci-kimi-yardim-isteyirsiz\\\/#primaryimage\"},\"thumbnailUrl\":\"https:\\\/\\\/www.meydan.tv\\\/wp-content\\\/uploads\\\/image_from_ios_150.jpg\",\"datePublished\":\"2020-08-26T14:51:09+00:00\",\"breadcrumb\":{\"@id\":\"https:\\\/\\\/www.meydan.tv\\\/az\\\/article\\\/icra-numayendesi-yoldasima-deyib-ki-dilenci-kimi-yardim-isteyirsiz\\\/#breadcrumb\"},\"inLanguage\":\"az\",\"potentialAction\":[{\"@type\":\"ReadAction\",\"target\":[\"https:\\\/\\\/www.meydan.tv\\\/az\\\/article\\\/icra-numayendesi-yoldasima-deyib-ki-dilenci-kimi-yardim-isteyirsiz\\\/\"]}]},{\"@type\":\"ImageObject\",\"inLanguage\":\"az\",\"@id\":\"https:\\\/\\\/www.meydan.tv\\\/az\\\/article\\\/icra-numayendesi-yoldasima-deyib-ki-dilenci-kimi-yardim-isteyirsiz\\\/#primaryimage\",\"url\":\"https:\\\/\\\/www.meydan.tv\\\/wp-content\\\/uploads\\\/image_from_ios_150.jpg\",\"contentUrl\":\"https:\\\/\\\/www.meydan.tv\\\/wp-content\\\/uploads\\\/image_from_ios_150.jpg\",\"width\":1280,\"height\":960,\"caption\":\"Source: Meydan tv\"},{\"@type\":\"BreadcrumbList\",\"@id\":\"https:\\\/\\\/www.meydan.tv\\\/az\\\/article\\\/icra-numayendesi-yoldasima-deyib-ki-dilenci-kimi-yardim-isteyirsiz\\\/#breadcrumb\",\"itemListElement\":[{\"@type\":\"ListItem\",\"position\":1,\"name\":\"Ana s\u0259hif\u0259\",\"item\":\"https:\\\/\\\/www.meydan.tv\\\/az\\\/\"},{\"@type\":\"ListItem\",\"position\":2,\"name\":\"B\u00f6lg\u0259\",\"item\":\"https:\\\/\\\/www.meydan.tv\\\/az\\\/section\\\/bolge\\\/\"},{\"@type\":\"ListItem\",\"position\":3,\"name\":\"\u201c\u0130cra n\u00fcmay\u0259nd\u0259si yolda\u015f\u0131ma deyib ki, dil\u0259n\u00e7i kimi yard\u0131m ist\u0259yirsiz\u201d\"}]},{\"@type\":\"WebSite\",\"@id\":\"https:\\\/\\\/www.meydan.tv\\\/az\\\/#website\",\"url\":\"https:\\\/\\\/www.meydan.tv\\\/az\\\/\",\"name\":\"MEYDAN.TV\",\"description\":\"Meydan TV Az\u0259rbaycan\u0131n media m\u0259kan\u0131ndak\u0131 alternativ s\u0259sidir\",\"publisher\":{\"@id\":\"https:\\\/\\\/www.meydan.tv\\\/az\\\/#organization\"},\"potentialAction\":[{\"@type\":\"SearchAction\",\"target\":{\"@type\":\"EntryPoint\",\"urlTemplate\":\"https:\\\/\\\/www.meydan.tv\\\/az\\\/?s={search_term_string}\"},\"query-input\":{\"@type\":\"PropertyValueSpecification\",\"valueRequired\":true,\"valueName\":\"search_term_string\"}}],\"inLanguage\":\"az\"},{\"@type\":\"Organization\",\"@id\":\"https:\\\/\\\/www.meydan.tv\\\/az\\\/#organization\",\"name\":\"Meydan TV\",\"url\":\"https:\\\/\\\/www.meydan.tv\\\/az\\\/\",\"logo\":{\"@type\":\"ImageObject\",\"inLanguage\":\"az\",\"@id\":\"https:\\\/\\\/www.meydan.tv\\\/az\\\/#\\\/schema\\\/logo\\\/image\\\/\",\"url\":\"https:\\\/\\\/www.meydan.tv\\\/wp-content\\\/uploads\\\/2021\\\/07\\\/meydan-logo.svg\",\"contentUrl\":\"https:\\\/\\\/www.meydan.tv\\\/wp-content\\\/uploads\\\/2021\\\/07\\\/meydan-logo.svg\",\"width\":195,\"height\":46,\"caption\":\"Meydan TV\"},\"image\":{\"@id\":\"https:\\\/\\\/www.meydan.tv\\\/az\\\/#\\\/schema\\\/logo\\\/image\\\/\"}},{\"@type\":\"Person\",\"@id\":\"https:\\\/\\\/www.meydan.tv\\\/az\\\/#\\\/schema\\\/person\\\/10d11eccf6da3662cf5fdab9806ea91a\",\"name\":\"user-manager\"}]}<\/script>\n<!-- \/ Yoast SEO plugin. -->","yoast_head_json":{"title":"\u201c\u0130cra n\u00fcmay\u0259nd\u0259si yolda\u015f\u0131ma deyib ki, dil\u0259n\u00e7i kimi yard\u0131m ist\u0259yirsiz\u201d - MEYDAN.TV","robots":{"index":"index","follow":"follow","max-snippet":"max-snippet:-1","max-image-preview":"max-image-preview:large","max-video-preview":"max-video-preview:-1"},"canonical":"https:\/\/www.meydan.tv\/az\/article\/icra-numayendesi-yoldasima-deyib-ki-dilenci-kimi-yardim-isteyirsiz\/","og_locale":"az_AZ","og_type":"article","og_title":"\u201c\u0130cra n\u00fcmay\u0259nd\u0259si yolda\u015f\u0131ma deyib ki, dil\u0259n\u00e7i kimi yard\u0131m ist\u0259yirsiz\u201d - MEYDAN.TV","og_description":"G\u00f6y\u00e7ay sakini: \u201cB\u0259l\u0259diyy\u0259 deyir, get icraya yalvar, icra deyir, b\u0259l\u0259diyy\u0259y\u0259\u201d","og_url":"https:\/\/www.meydan.tv\/az\/article\/icra-numayendesi-yoldasima-deyib-ki-dilenci-kimi-yardim-isteyirsiz\/","og_site_name":"MEYDAN.TV","article_published_time":"2020-08-26T14:51:09+00:00","og_image":[{"width":1280,"height":960,"url":"https:\/\/www.meydan.tv\/wp-content\/uploads\/image_from_ios_150.jpg","type":"image\/jpeg"}],"author":"user-manager","twitter_card":"summary_large_image","schema":{"@context":"https:\/\/schema.org","@graph":[{"@type":"Article","@id":"https:\/\/www.meydan.tv\/az\/article\/icra-numayendesi-yoldasima-deyib-ki-dilenci-kimi-yardim-isteyirsiz\/#article","isPartOf":{"@id":"https:\/\/www.meydan.tv\/az\/article\/icra-numayendesi-yoldasima-deyib-ki-dilenci-kimi-yardim-isteyirsiz\/"},"author":{"name":"user-manager","@id":"https:\/\/www.meydan.tv\/az\/#\/schema\/person\/10d11eccf6da3662cf5fdab9806ea91a"},"headline":"\u201c\u0130cra n\u00fcmay\u0259nd\u0259si yolda\u015f\u0131ma deyib ki, dil\u0259n\u00e7i kimi yard\u0131m ist\u0259yirsiz\u201d","datePublished":"2020-08-26T14:51:09+00:00","mainEntityOfPage":{"@id":"https:\/\/www.meydan.tv\/az\/article\/icra-numayendesi-yoldasima-deyib-ki-dilenci-kimi-yardim-isteyirsiz\/"},"wordCount":1238,"publisher":{"@id":"https:\/\/www.meydan.tv\/az\/#organization"},"image":{"@id":"https:\/\/www.meydan.tv\/az\/article\/icra-numayendesi-yoldasima-deyib-ki-dilenci-kimi-yardim-isteyirsiz\/#primaryimage"},"thumbnailUrl":"https:\/\/www.meydan.tv\/wp-content\/uploads\/image_from_ios_150.jpg","articleSection":["B\u00f6lg\u0259"],"inLanguage":"az"},{"@type":"WebPage","@id":"https:\/\/www.meydan.tv\/az\/article\/icra-numayendesi-yoldasima-deyib-ki-dilenci-kimi-yardim-isteyirsiz\/","url":"https:\/\/www.meydan.tv\/az\/article\/icra-numayendesi-yoldasima-deyib-ki-dilenci-kimi-yardim-isteyirsiz\/","name":"\u201c\u0130cra n\u00fcmay\u0259nd\u0259si yolda\u015f\u0131ma deyib ki, dil\u0259n\u00e7i kimi yard\u0131m ist\u0259yirsiz\u201d - MEYDAN.TV","isPartOf":{"@id":"https:\/\/www.meydan.tv\/az\/#website"},"primaryImageOfPage":{"@id":"https:\/\/www.meydan.tv\/az\/article\/icra-numayendesi-yoldasima-deyib-ki-dilenci-kimi-yardim-isteyirsiz\/#primaryimage"},"image":{"@id":"https:\/\/www.meydan.tv\/az\/article\/icra-numayendesi-yoldasima-deyib-ki-dilenci-kimi-yardim-isteyirsiz\/#primaryimage"},"thumbnailUrl":"https:\/\/www.meydan.tv\/wp-content\/uploads\/image_from_ios_150.jpg","datePublished":"2020-08-26T14:51:09+00:00","breadcrumb":{"@id":"https:\/\/www.meydan.tv\/az\/article\/icra-numayendesi-yoldasima-deyib-ki-dilenci-kimi-yardim-isteyirsiz\/#breadcrumb"},"inLanguage":"az","potentialAction":[{"@type":"ReadAction","target":["https:\/\/www.meydan.tv\/az\/article\/icra-numayendesi-yoldasima-deyib-ki-dilenci-kimi-yardim-isteyirsiz\/"]}]},{"@type":"ImageObject","inLanguage":"az","@id":"https:\/\/www.meydan.tv\/az\/article\/icra-numayendesi-yoldasima-deyib-ki-dilenci-kimi-yardim-isteyirsiz\/#primaryimage","url":"https:\/\/www.meydan.tv\/wp-content\/uploads\/image_from_ios_150.jpg","contentUrl":"https:\/\/www.meydan.tv\/wp-content\/uploads\/image_from_ios_150.jpg","width":1280,"height":960,"caption":"Source: Meydan tv"},{"@type":"BreadcrumbList","@id":"https:\/\/www.meydan.tv\/az\/article\/icra-numayendesi-yoldasima-deyib-ki-dilenci-kimi-yardim-isteyirsiz\/#breadcrumb","itemListElement":[{"@type":"ListItem","position":1,"name":"Ana s\u0259hif\u0259","item":"https:\/\/www.meydan.tv\/az\/"},{"@type":"ListItem","position":2,"name":"B\u00f6lg\u0259","item":"https:\/\/www.meydan.tv\/az\/section\/bolge\/"},{"@type":"ListItem","position":3,"name":"\u201c\u0130cra n\u00fcmay\u0259nd\u0259si yolda\u015f\u0131ma deyib ki, dil\u0259n\u00e7i kimi yard\u0131m ist\u0259yirsiz\u201d"}]},{"@type":"WebSite","@id":"https:\/\/www.meydan.tv\/az\/#website","url":"https:\/\/www.meydan.tv\/az\/","name":"MEYDAN.TV","description":"Meydan TV Az\u0259rbaycan\u0131n media m\u0259kan\u0131ndak\u0131 alternativ s\u0259sidir","publisher":{"@id":"https:\/\/www.meydan.tv\/az\/#organization"},"potentialAction":[{"@type":"SearchAction","target":{"@type":"EntryPoint","urlTemplate":"https:\/\/www.meydan.tv\/az\/?s={search_term_string}"},"query-input":{"@type":"PropertyValueSpecification","valueRequired":true,"valueName":"search_term_string"}}],"inLanguage":"az"},{"@type":"Organization","@id":"https:\/\/www.meydan.tv\/az\/#organization","name":"Meydan TV","url":"https:\/\/www.meydan.tv\/az\/","logo":{"@type":"ImageObject","inLanguage":"az","@id":"https:\/\/www.meydan.tv\/az\/#\/schema\/logo\/image\/","url":"https:\/\/www.meydan.tv\/wp-content\/uploads\/2021\/07\/meydan-logo.svg","contentUrl":"https:\/\/www.meydan.tv\/wp-content\/uploads\/2021\/07\/meydan-logo.svg","width":195,"height":46,"caption":"Meydan TV"},"image":{"@id":"https:\/\/www.meydan.tv\/az\/#\/schema\/logo\/image\/"}},{"@type":"Person","@id":"https:\/\/www.meydan.tv\/az\/#\/schema\/person\/10d11eccf6da3662cf5fdab9806ea91a","name":"user-manager"}]}},"_links":{"self":[{"href":"https:\/\/www.meydan.tv\/az\/wp-json\/wp\/v2\/posts\/202137","targetHints":{"allow":["GET"]}}],"collection":[{"href":"https:\/\/www.meydan.tv\/az\/wp-json\/wp\/v2\/posts"}],"about":[{"href":"https:\/\/www.meydan.tv\/az\/wp-json\/wp\/v2\/types\/post"}],"author":[{"embeddable":true,"href":"https:\/\/www.meydan.tv\/az\/wp-json\/wp\/v2\/users\/11"}],"replies":[{"embeddable":true,"href":"https:\/\/www.meydan.tv\/az\/wp-json\/wp\/v2\/comments?post=202137"}],"version-history":[{"count":0,"href":"https:\/\/www.meydan.tv\/az\/wp-json\/wp\/v2\/posts\/202137\/revisions"}],"wp:featuredmedia":[{"embeddable":true,"href":"https:\/\/www.meydan.tv\/az\/wp-json\/wp\/v2\/media\/146791"}],"wp:attachment":[{"href":"https:\/\/www.meydan.tv\/az\/wp-json\/wp\/v2\/media?parent=202137"}],"wp:term":[{"taxonomy":"category","embeddable":true,"href":"https:\/\/www.meydan.tv\/az\/wp-json\/wp\/v2\/categories?post=202137"},{"taxonomy":"post_tag","embeddable":true,"href":"https:\/\/www.meydan.tv\/az\/wp-json\/wp\/v2\/tags?post=202137"}],"curies":[{"name":"wp","href":"https:\/\/api.w.org\/{rel}","templated":true}]}}