{"id":202131,"date":"2020-08-26T12:17:02","date_gmt":"2020-08-26T12:17:02","guid":{"rendered":"https:\/\/www.meydan.tv\/article\/elilliyine-gore-qizimi-mektebin-siyahisina-salmirlar\/"},"modified":"2020-08-26T12:17:02","modified_gmt":"2020-08-26T12:17:02","slug":"elilliyine-gore-qizimi-mektebin-siyahisina-salmirlar","status":"publish","type":"post","link":"https:\/\/www.meydan.tv\/az\/article\/elilliyine-gore-qizimi-mektebin-siyahisina-salmirlar\/","title":{"rendered":"\u201c\u018flilliyin\u0259 g\u00f6r\u0259 q\u0131z\u0131m\u0131 m\u0259kt\u0259bin siyah\u0131s\u0131na salm\u0131rlar\u201d"},"content":{"rendered":"<p>\n  <i><br \/>\n    \u015e\u0259mkir sakini: \u201cM\u0259kt\u0259b\u0259 getdiyi halda evd\u0259 t\u0259hsil al\u0131rm\u0131\u015f kimi r\u0259smil\u0259\u015fdiribl\u0259r\u201d<br \/>\n  <\/i>\n<\/p>\n<p>\n  \u015e\u0259mkirin Q\u0259dimqala k\u0259ndinin sakini Namiq M\u0259h\u0259rr\u0259movun \u015fikay\u0259ti var. Deyir, t\u0259hsil ald\u0131\u011f\u0131 m\u0259kt\u0259bd\u0259 q\u0131z\u0131n\u0131n ad\u0131 d\u0259rs jurnal\u0131na sal\u0131nm\u0131r. S\u0259b\u0259b is\u0259 onun 2-ci qrup \u0259lilliyinin olmas\u0131d\u0131r. 8-ci sinfi bitir\u0259n q\u0131z\u0131 Fatim\u0259nin sol \u0259linin barmaqlar\u0131 yoxdur. Ancaq m\u0259kt\u0259b bunu sa\u011f \u0259l kimi qeyd edib v\u0259 u\u015faq m\u0259kt\u0259b\u0259 getdiyi halda o, evd\u0259 t\u0259hsil al\u0131rm\u0131\u015f kimi r\u0259smil\u0259\u015fdirilib.\n<\/p>\n<p>\n  Namiq M\u0259h\u0259rr\u0259mov deyir ki, g\u00f6r\u00fcn\u00fcr, bu, direktora s\u0259rf edir. Evd\u0259 t\u0259hsil ad\u0131 il\u0259 kiml\u0259r\u0259s\u0259 pul yaz\u0131r, silir:\n<\/p>\n<p>\n  \u201cQ\u0131z\u0131m\u0131n sol \u0259linin barmaqlar\u0131 anadang\u0259lm\u0259 yoxdur. Amma \u00e7ox yax\u015f\u0131 oxuyur, sinif birincisidir, \u0259la\u00e7\u0131d\u0131r. Dem\u0259li, 1-ci sinf\u0259 getm\u0259k vaxt\u0131 \u00e7atanda \u0259lilliyin\u0259 g\u00f6r\u0259 onu \u0259vv\u0259lc\u0259 g\u00f6nd\u0259rm\u0259k ist\u0259m\u0259dim m\u0259kt\u0259b\u0259. Evd\u0259 t\u0259hsil yazd\u0131lar. Sonra q\u0259rar\u0131m\u0131 d\u0259yi\u015fdim, dedim, getsin, b\u0259lk\u0259 yax\u015f\u0131 oxuyacaq. H\u0259m d\u0259 ham\u0131 il\u0259 birg\u0259 t\u0259hsil als\u0131n, qaynay\u0131b-qar\u0131\u015fs\u0131n. Q\u0131z\u0131m o q\u0259d\u0259r yax\u015f\u0131 oxudu ki, el\u0259 m\u0259kt\u0259b\u0259 g\u00f6nd\u0259rm\u0259y\u0259 davam etdik. Ancaq ad\u0131 evd\u0259 t\u0259hsil alanlar\u0131n siyah\u0131s\u0131nda bir m\u00fcdd\u0259t qald\u0131\u201d.\n<\/p>\n<p>\n  Ata deyir ki, bu hal q\u0131z\u0131 4-c\u00fc sinfi bitir\u0259n\u0259c\u0259n davam edib. Sonra o, yerli t\u0259hsil idar\u0259sin\u0259 ged\u0259r\u0259k, q\u0131z\u0131n\u0131n m\u0259kt\u0259b\u0259 getdiyini v\u0259 ad\u0131n\u0131n evd\u0259 t\u0259hsil alan u\u015faqlar\u0131n siyah\u0131s\u0131ndan \u00e7\u0131xar\u0131lmas\u0131n\u0131 xahi\u015f edib. Deyir, onun bu xahi\u015fini canla-ba\u015fla q\u0259bul edibl\u0259r. Ancaq bir m\u00fcdd\u0259t sonra q\u0131z\u0131 Fatim\u0259 M\u0259h\u0259rr\u0259mova ona ad\u0131n\u0131n jurnala daxil edilm\u0259diyini s\u00f6yl\u0259yib:\n<\/p>\n<p>\n  \u201cM\u0259kt\u0259b\u0259 getdim, direktorla g\u00f6r\u00fc\u015fd\u00fcm v\u0259 s\u0259b\u0259bini soru\u015fdum. Dedi, problemi h\u0259ll ed\u0259c\u0259k. Yen\u0259 bir m\u00fcdd\u0259t ke\u00e7di, h\u0259tta n\u00f6vb\u0259ti ill\u0259rd\u0259 d\u0259 eyni probleml\u0259 \u00fczl\u0259\u015fdik. Ax\u0131rda yenid\u0259n t\u0259hsil idar\u0259sin\u0259 getm\u0259li oldum. Orda sistemd\u0259 baxd\u0131lar, dedil\u0259r ki, b\u0259li, q\u0131z\u0131n ad\u0131 sistemd\u0259 yoxdur. Ad\u0131n jurnala sal\u0131nmas\u0131 \u00fc\u00e7\u00fcn m\u0259kt\u0259b r\u0259hb\u0259rliyi m\u00fcraci\u0259t etm\u0259lidir. Yen\u0259 g\u0259ldim m\u0259kt\u0259b\u0259 v\u0259 direktor u\u015fa\u011f\u0131n ad\u0131n\u0131 sinif jurnal\u0131na daxil etdi\u201d.\n<\/p>\n<p>\n  Ata deyir ki, bir m\u00fcdd\u0259td\u0259n sonra o, yenid\u0259n t\u0259hsil idar\u0259sin\u0259 gedib: \u201cDedim, bir d\u0259 yoxlatd\u0131r\u0131m, g\u00f6r\u00fcm problem h\u0259ll edilibmi. U\u015fa\u011f\u0131n ad\u0131 sinif jurnal\u0131nda oldu\u011fu halda, sistemd\u0259 yen\u0259 g\u00f6r\u00fcnm\u00fcrd\u00fc. \u00c7\u00fcnki direktor onun evd\u0259 t\u0259hsil ald\u0131\u011f\u0131n\u0131 l\u0259\u011fv edib, idar\u0259y\u0259 bildirm\u0259mi\u015fdi. \u00dcst\u0259lik, t\u0259sad\u00fcf n\u0259tic\u0259sind\u0259 \u00f6yr\u0259ndim ki, q\u0131z\u0131m\u0131n \u0259lilliyini d\u0259 s\u0259hv s\u0259n\u0259dl\u0259\u015fdiribl\u0259r. \u0130lk g\u00fcnd\u0259n onun sa\u011f \u0259linin barmaqlar\u0131n\u0131n olmad\u0131\u011f\u0131n\u0131 yaz\u0131blar. M\u0259nc\u0259, \u015fi\u015firtm\u0259k is\u0259yibl\u0259r. Ax\u0131 yaz\u0131 sa\u011f \u0259ll\u0259 yaz\u0131l\u0131r. Y\u0259qin g\u00f6st\u0259rm\u0259k ist\u0259yibl\u0259r ki, m\u0259kt\u0259b\u0259 g\u0259lm\u0259y\u0259 yararl\u0131 deyil. Bilmir\u0259m, niy\u0259 bel\u0259 etdikl\u0259rini anlam\u0131ram. A\u011fl\u0131ma bu g\u0259lir sad\u0259c\u0259. M\u0259nim q\u0131z\u0131m yaz\u0131lar\u0131n\u0131 rahat, sa\u011f \u0259li il\u0259 yaza bilir. H\u0259tta \u00f6z\u00fc geyinir, yem\u0259yini yeyir, y\u0259ni g\u00fcnd\u0259lik h\u0259yat\u0131nda \u0259ziyy\u0259t \u00e7\u0259kmir. \u00d6z\u00fc d\u0259 g\u0259l\u0259c\u0259kd\u0259 m\u00fc\u0259llim\u0259 olmaq ist\u0259yir. Y\u0259ni ona bu haqs\u0131zl\u0131\u011f\u0131 ed\u0259nl\u0259rl\u0259 h\u0259mkar olacaq, \u00fcz-\u00fcz\u0259 baxacaqlar. N\u0259 deyim, bilmir\u0259m\u201d.\n<\/p>\n<p>\n  Namiq M\u0259h\u0259rr\u0259mov deyir ki, art\u0131q onun m\u0259kt\u0259b r\u0259hb\u0259rliyin\u0259 m\u00fcraci\u0259tl\u0259ri i\u015f\u0259 yaram\u0131r. Odur ki, problemi m\u0259s\u0259l\u0259ni ictimail\u0259\u015fdirm\u0259kl\u0259 h\u0259ll etm\u0259k ist\u0259yir. Xahi\u015f edir ki, q\u0131z\u0131n\u0131n \u0259lilliyi do\u011fru qeyd edilsin. Onun sol \u0259linin barmaqlar\u0131 yoxdur, sa\u011f \u0259lind\u0259 h\u0259r \u015fey qaydas\u0131ndad\u0131r:\n<\/p>\n<p>\n  \u201cD\u00fczd\u00fcr, \u00f6z\u00fcm\u00fcn d\u0259 g\u00fcnah\u0131m var bu m\u0259s\u0259l\u0259d\u0259. M\u0259s\u0259l\u0259n, 4-c\u00fc sinf\u0259 q\u0259d\u0259r ad\u0131 evd\u0259 t\u0259hsil alan u\u015faqlar\u0131n siyah\u0131s\u0131nda gedib, ancaq m\u0259kt\u0259b yollam\u0131\u015fam. Bir g\u00fcn d\u0259 evd\u0259 t\u0259hsil almay\u0131b. G\u0259r\u0259k ilk g\u00fcnd\u0259n bu m\u0259s\u0259l\u0259ni h\u0259ll ed\u0259ydim. M\u0259n bu i\u015fi l\u0259ngitmi\u015f\u0259m. Amma 5-ci sinifd\u0259 oxuyanda ad\u0131n\u0131 evd\u0259 t\u0259hsil alanlar\u0131n siyah\u0131s\u0131ndan \u00e7\u0131xartd\u0131rm\u0131\u015fam. Bunun da \u00fcst\u00fcnd\u0259n 4 il ke\u00e7ib. B\u0259s bu problem niy\u0259 bu g\u00fcn\u0259d\u0259k h\u0259ll edilmir?\u201d\n<\/p>\n<p>\n  Fatim\u0259 M\u0259h\u0259rr\u0259mlinin t\u0259hsil ald\u0131\u011f\u0131 Elb\u0259yi Qas\u0131mov ad\u0131na Q\u0259dimqala k\u0259nd orta m\u0259kt\u0259binin direktoru Qo\u015fqar \u018fliyev Meydan TV-y\u0259 Namiq M\u0259h\u0259rr\u0259mlinin dedikl\u0259rinin do\u011fru olmad\u0131\u011f\u0131n\u0131 s\u00f6yl\u0259yib:\n<\/p>\n<p>\n  \u201c\u018fvv\u0259la, m\u0259n yeni direktoram. Hadis\u0259 \u0259vv\u0259lki, m\u0259rhum direktorun zaman\u0131nda olub. B\u0259li, u\u015faq 4-c\u00fc sinf\u0259 q\u0259d\u0259r evd\u0259 t\u0259hsil al\u0131b. \u018fn az\u0131ndan s\u0259n\u0259dl\u0259rd\u0259n bel\u0259 g\u00f6r\u00fcn\u00fcr. Ancaq sonradan valideynin ist\u0259yi il\u0259 m\u0259kt\u0259b\u0259 g\u0259lm\u0259y\u0259 ba\u015flay\u0131b v\u0259 ad\u0131 evd\u0259 t\u0259hsil alan u\u015faqlar\u0131n siyah\u0131s\u0131ndan \u00e7\u0131xar\u0131l\u0131b. Haz\u0131rda jurnalda ad\u0131 var v\u0259 biz bunu h\u0259min valideyn\u0259 izah ed\u0259 bilmirik. D\u0259f\u0259l\u0259rl\u0259 g\u00f6st\u0259rm\u0259yimiz\u0259, izah etm\u0259miz\u0259 baxmayaraq, inand\u0131ra bilmirik. Deyir, hardasa baxd\u0131r\u0131b, ad yoxdur v\u0259 s. Bunu deyib, durur. Faktiki s\u0259n\u0259d g\u00f6st\u0259ririk, inanm\u0131r. Biz daha n\u0259 ed\u0259 bil\u0259rik, bilmir\u0259m\u201d.\n<\/p>\n<p>\n  Qo\u015fqar \u018fliyev bildirib ki, valideyn bir d\u0259 g\u0259lsin, bir d\u0259 g\u00f6st\u0259r\u0259r. Y\u0259ni q\u0131z\u0131n\u0131n ad\u0131 b\u00fct\u00fcn jurnallarda gedir, he\u00e7 bir problem yoxdur:\n<\/p>\n<p>\n  \u201c\u00d6z\u00fc d\u0259 \u00e7ox yax\u015f\u0131 u\u015faqd\u0131r, d\u0259rsl\u0259rini d\u0259 yax\u015f\u0131 oxuyur\u201d.\n<\/p>\n<p>\n  \u015e\u0259mkir \u015e\u0259h\u0259r T\u0259hsil \u015e\u00f6b\u0259sind\u0259n Meydan TV-y\u0259 m\u0259s\u0259l\u0259ni ara\u015fd\u0131racaqlar\u0131n\u0131 deyibl\u0259r.\n<\/p>\n<p>\n  Namiq M\u0259h\u0259rr\u0259mov is\u0259 deyir ki, \u00e7ox \u00e7\u0259tinlikl\u0259, f\u0259hl\u0259likl\u0259 3 u\u015faq b\u00f6y\u00fcd\u00fcr, onlar\u0131n yax\u015f\u0131 t\u0259hsil almalar\u0131 \u00fc\u00e7\u00fcn \u0259ll\u0259\u015fib-vuru\u015fur. Odur ki, narahatd\u0131r, ist\u0259yir \u00f6vlad\u0131n\u0131n ad\u0131 jurnalda getsin, o, ya\u015f\u0131dlar\u0131ndan geri qalmas\u0131n:\n<\/p>\n<p>\n  \u201cBu z\u0259man\u0259d\u0259 kas\u0131ba qiym\u0259t ver\u0259n yoxdur. M\u0259nim \u00f6vlad\u0131m\u0131n 2-ci qrup \u0259lilliyi var. Pensiyas\u0131n\u0131 da el\u0259 haz\u0131rl\u0131qlar\u0131na, t\u0259hsilin\u0259 x\u0259rcl\u0259yirik. \u0130nan\u0131n, h\u0259l\u0259 ordan bir q\u0259pik d\u0259 g\u00f6t\u00fcrm\u0259mi\u015fik. El\u0259 m\u0259ni yand\u0131ran da budur. Biz \u0259limizd\u0259n g\u0259l\u0259ni edirik, amma yen\u0259 d\u0259 n\u0259l\u0259rs\u0259 \u00e7atm\u0131r. \u0130st\u0259yir\u0259m u\u015fa\u011f\u0131m dig\u0259rl\u0259rind\u0259n geri qalmas\u0131n. V\u0259 bilir\u0259m, sistemd\u0259 d\u0259 baxd\u0131rm\u0131\u015fam. U\u015fa\u011f\u0131m\u0131n ad\u0131n\u0131 jurnala yaz\u0131b, g\u00f6st\u0259rm\u0259kl\u0259 deyil. Onun ad\u0131 evd\u0259 t\u0259hsil alan u\u015faqlar\u0131n siyah\u0131s\u0131ndan \u00e7\u0131xar\u0131lmay\u0131b. M\u0259nim ba\u015f\u0131m\u0131 aldad\u0131rlar\u201d.<\/p>\n","protected":false},"excerpt":{"rendered":"<p>&#8220;Amma 5-ci sinifd\u0259 oxuyanda ad\u0131n\u0131 evd\u0259 t\u0259hsil alanlar\u0131n siyah\u0131s\u0131ndan \u00e7\u0131xartd\u0131rm\u0131\u015fam&#8221;.<\/p>\n","protected":false},"author":11,"featured_media":146776,"comment_status":"closed","ping_status":"open","sticky":false,"template":"","format":"standard","meta":{"_acf_changed":false,"_sitemap_exclude":false,"_sitemap_priority":"","_sitemap_frequency":"","footnotes":""},"categories":[60],"tags":[],"class_list":["post-202131","post","type-post","status-publish","format-standard","has-post-thumbnail","hentry","category-bolge","infinite-scroll-item","generate-columns","tablet-grid-50","mobile-grid-100","grid-parent","grid-33","no-featured-image-padding"],"acf":[],"yoast_head":"<!-- This site is optimized with the Yoast SEO plugin v27.5 - https:\/\/yoast.com\/product\/yoast-seo-wordpress\/ -->\n<title>\u201c\u018flilliyin\u0259 g\u00f6r\u0259 q\u0131z\u0131m\u0131 m\u0259kt\u0259bin siyah\u0131s\u0131na salm\u0131rlar\u201d - MEYDAN.TV<\/title>\n<meta name=\"robots\" content=\"index, follow, max-snippet:-1, max-image-preview:large, max-video-preview:-1\" \/>\n<link rel=\"canonical\" href=\"https:\/\/www.meydan.tv\/az\/article\/elilliyine-gore-qizimi-mektebin-siyahisina-salmirlar\/\" \/>\n<meta property=\"og:locale\" content=\"az_AZ\" \/>\n<meta property=\"og:type\" content=\"article\" \/>\n<meta property=\"og:title\" content=\"\u201c\u018flilliyin\u0259 g\u00f6r\u0259 q\u0131z\u0131m\u0131 m\u0259kt\u0259bin siyah\u0131s\u0131na salm\u0131rlar\u201d - MEYDAN.TV\" \/>\n<meta property=\"og:description\" content=\"&quot;Amma 5-ci sinifd\u0259 oxuyanda ad\u0131n\u0131 evd\u0259 t\u0259hsil alanlar\u0131n siyah\u0131s\u0131ndan \u00e7\u0131xartd\u0131rm\u0131\u015fam&quot;.\" \/>\n<meta property=\"og:url\" content=\"https:\/\/www.meydan.tv\/az\/article\/elilliyine-gore-qizimi-mektebin-siyahisina-salmirlar\/\" \/>\n<meta property=\"og:site_name\" content=\"MEYDAN.TV\" \/>\n<meta property=\"article:published_time\" content=\"2020-08-26T12:17:02+00:00\" \/>\n<meta property=\"og:image\" content=\"https:\/\/www.meydan.tv\/wp-content\/uploads\/image_from_ios__3__cuexaca-scaled.jpg\" \/>\n\t<meta property=\"og:image:width\" content=\"2560\" \/>\n\t<meta property=\"og:image:height\" content=\"1920\" \/>\n\t<meta property=\"og:image:type\" content=\"image\/jpeg\" \/>\n<meta name=\"author\" content=\"user-manager\" \/>\n<meta name=\"twitter:card\" content=\"summary_large_image\" \/>\n<script type=\"application\/ld+json\" class=\"yoast-schema-graph\">{\"@context\":\"https:\\\/\\\/schema.org\",\"@graph\":[{\"@type\":\"Article\",\"@id\":\"https:\\\/\\\/www.meydan.tv\\\/az\\\/article\\\/elilliyine-gore-qizimi-mektebin-siyahisina-salmirlar\\\/#article\",\"isPartOf\":{\"@id\":\"https:\\\/\\\/www.meydan.tv\\\/az\\\/article\\\/elilliyine-gore-qizimi-mektebin-siyahisina-salmirlar\\\/\"},\"author\":{\"name\":\"user-manager\",\"@id\":\"https:\\\/\\\/www.meydan.tv\\\/az\\\/#\\\/schema\\\/person\\\/10d11eccf6da3662cf5fdab9806ea91a\"},\"headline\":\"\u201c\u018flilliyin\u0259 g\u00f6r\u0259 q\u0131z\u0131m\u0131 m\u0259kt\u0259bin siyah\u0131s\u0131na salm\u0131rlar\u201d\",\"datePublished\":\"2020-08-26T12:17:02+00:00\",\"mainEntityOfPage\":{\"@id\":\"https:\\\/\\\/www.meydan.tv\\\/az\\\/article\\\/elilliyine-gore-qizimi-mektebin-siyahisina-salmirlar\\\/\"},\"wordCount\":1241,\"publisher\":{\"@id\":\"https:\\\/\\\/www.meydan.tv\\\/az\\\/#organization\"},\"image\":{\"@id\":\"https:\\\/\\\/www.meydan.tv\\\/az\\\/article\\\/elilliyine-gore-qizimi-mektebin-siyahisina-salmirlar\\\/#primaryimage\"},\"thumbnailUrl\":\"https:\\\/\\\/www.meydan.tv\\\/wp-content\\\/uploads\\\/image_from_ios__3__cuexaca-scaled.jpg\",\"articleSection\":[\"B\u00f6lg\u0259\"],\"inLanguage\":\"az\"},{\"@type\":\"WebPage\",\"@id\":\"https:\\\/\\\/www.meydan.tv\\\/az\\\/article\\\/elilliyine-gore-qizimi-mektebin-siyahisina-salmirlar\\\/\",\"url\":\"https:\\\/\\\/www.meydan.tv\\\/az\\\/article\\\/elilliyine-gore-qizimi-mektebin-siyahisina-salmirlar\\\/\",\"name\":\"\u201c\u018flilliyin\u0259 g\u00f6r\u0259 q\u0131z\u0131m\u0131 m\u0259kt\u0259bin siyah\u0131s\u0131na salm\u0131rlar\u201d - MEYDAN.TV\",\"isPartOf\":{\"@id\":\"https:\\\/\\\/www.meydan.tv\\\/az\\\/#website\"},\"primaryImageOfPage\":{\"@id\":\"https:\\\/\\\/www.meydan.tv\\\/az\\\/article\\\/elilliyine-gore-qizimi-mektebin-siyahisina-salmirlar\\\/#primaryimage\"},\"image\":{\"@id\":\"https:\\\/\\\/www.meydan.tv\\\/az\\\/article\\\/elilliyine-gore-qizimi-mektebin-siyahisina-salmirlar\\\/#primaryimage\"},\"thumbnailUrl\":\"https:\\\/\\\/www.meydan.tv\\\/wp-content\\\/uploads\\\/image_from_ios__3__cuexaca-scaled.jpg\",\"datePublished\":\"2020-08-26T12:17:02+00:00\",\"breadcrumb\":{\"@id\":\"https:\\\/\\\/www.meydan.tv\\\/az\\\/article\\\/elilliyine-gore-qizimi-mektebin-siyahisina-salmirlar\\\/#breadcrumb\"},\"inLanguage\":\"az\",\"potentialAction\":[{\"@type\":\"ReadAction\",\"target\":[\"https:\\\/\\\/www.meydan.tv\\\/az\\\/article\\\/elilliyine-gore-qizimi-mektebin-siyahisina-salmirlar\\\/\"]}]},{\"@type\":\"ImageObject\",\"inLanguage\":\"az\",\"@id\":\"https:\\\/\\\/www.meydan.tv\\\/az\\\/article\\\/elilliyine-gore-qizimi-mektebin-siyahisina-salmirlar\\\/#primaryimage\",\"url\":\"https:\\\/\\\/www.meydan.tv\\\/wp-content\\\/uploads\\\/image_from_ios__3__cuexaca-scaled.jpg\",\"contentUrl\":\"https:\\\/\\\/www.meydan.tv\\\/wp-content\\\/uploads\\\/image_from_ios__3__cuexaca-scaled.jpg\",\"width\":2560,\"height\":1920,\"caption\":\"Source: Specify Source\"},{\"@type\":\"BreadcrumbList\",\"@id\":\"https:\\\/\\\/www.meydan.tv\\\/az\\\/article\\\/elilliyine-gore-qizimi-mektebin-siyahisina-salmirlar\\\/#breadcrumb\",\"itemListElement\":[{\"@type\":\"ListItem\",\"position\":1,\"name\":\"Ana s\u0259hif\u0259\",\"item\":\"https:\\\/\\\/www.meydan.tv\\\/az\\\/\"},{\"@type\":\"ListItem\",\"position\":2,\"name\":\"B\u00f6lg\u0259\",\"item\":\"https:\\\/\\\/www.meydan.tv\\\/az\\\/section\\\/bolge\\\/\"},{\"@type\":\"ListItem\",\"position\":3,\"name\":\"\u201c\u018flilliyin\u0259 g\u00f6r\u0259 q\u0131z\u0131m\u0131 m\u0259kt\u0259bin siyah\u0131s\u0131na salm\u0131rlar\u201d\"}]},{\"@type\":\"WebSite\",\"@id\":\"https:\\\/\\\/www.meydan.tv\\\/az\\\/#website\",\"url\":\"https:\\\/\\\/www.meydan.tv\\\/az\\\/\",\"name\":\"MEYDAN.TV\",\"description\":\"Meydan TV Az\u0259rbaycan\u0131n media m\u0259kan\u0131ndak\u0131 alternativ s\u0259sidir\",\"publisher\":{\"@id\":\"https:\\\/\\\/www.meydan.tv\\\/az\\\/#organization\"},\"potentialAction\":[{\"@type\":\"SearchAction\",\"target\":{\"@type\":\"EntryPoint\",\"urlTemplate\":\"https:\\\/\\\/www.meydan.tv\\\/az\\\/?s={search_term_string}\"},\"query-input\":{\"@type\":\"PropertyValueSpecification\",\"valueRequired\":true,\"valueName\":\"search_term_string\"}}],\"inLanguage\":\"az\"},{\"@type\":\"Organization\",\"@id\":\"https:\\\/\\\/www.meydan.tv\\\/az\\\/#organization\",\"name\":\"Meydan TV\",\"url\":\"https:\\\/\\\/www.meydan.tv\\\/az\\\/\",\"logo\":{\"@type\":\"ImageObject\",\"inLanguage\":\"az\",\"@id\":\"https:\\\/\\\/www.meydan.tv\\\/az\\\/#\\\/schema\\\/logo\\\/image\\\/\",\"url\":\"https:\\\/\\\/www.meydan.tv\\\/wp-content\\\/uploads\\\/2021\\\/07\\\/meydan-logo.svg\",\"contentUrl\":\"https:\\\/\\\/www.meydan.tv\\\/wp-content\\\/uploads\\\/2021\\\/07\\\/meydan-logo.svg\",\"width\":195,\"height\":46,\"caption\":\"Meydan TV\"},\"image\":{\"@id\":\"https:\\\/\\\/www.meydan.tv\\\/az\\\/#\\\/schema\\\/logo\\\/image\\\/\"}},{\"@type\":\"Person\",\"@id\":\"https:\\\/\\\/www.meydan.tv\\\/az\\\/#\\\/schema\\\/person\\\/10d11eccf6da3662cf5fdab9806ea91a\",\"name\":\"user-manager\"}]}<\/script>\n<!-- \/ Yoast SEO plugin. -->","yoast_head_json":{"title":"\u201c\u018flilliyin\u0259 g\u00f6r\u0259 q\u0131z\u0131m\u0131 m\u0259kt\u0259bin siyah\u0131s\u0131na salm\u0131rlar\u201d - MEYDAN.TV","robots":{"index":"index","follow":"follow","max-snippet":"max-snippet:-1","max-image-preview":"max-image-preview:large","max-video-preview":"max-video-preview:-1"},"canonical":"https:\/\/www.meydan.tv\/az\/article\/elilliyine-gore-qizimi-mektebin-siyahisina-salmirlar\/","og_locale":"az_AZ","og_type":"article","og_title":"\u201c\u018flilliyin\u0259 g\u00f6r\u0259 q\u0131z\u0131m\u0131 m\u0259kt\u0259bin siyah\u0131s\u0131na salm\u0131rlar\u201d - MEYDAN.TV","og_description":"\"Amma 5-ci sinifd\u0259 oxuyanda ad\u0131n\u0131 evd\u0259 t\u0259hsil alanlar\u0131n siyah\u0131s\u0131ndan \u00e7\u0131xartd\u0131rm\u0131\u015fam\".","og_url":"https:\/\/www.meydan.tv\/az\/article\/elilliyine-gore-qizimi-mektebin-siyahisina-salmirlar\/","og_site_name":"MEYDAN.TV","article_published_time":"2020-08-26T12:17:02+00:00","og_image":[{"width":2560,"height":1920,"url":"https:\/\/www.meydan.tv\/wp-content\/uploads\/image_from_ios__3__cuexaca-scaled.jpg","type":"image\/jpeg"}],"author":"user-manager","twitter_card":"summary_large_image","schema":{"@context":"https:\/\/schema.org","@graph":[{"@type":"Article","@id":"https:\/\/www.meydan.tv\/az\/article\/elilliyine-gore-qizimi-mektebin-siyahisina-salmirlar\/#article","isPartOf":{"@id":"https:\/\/www.meydan.tv\/az\/article\/elilliyine-gore-qizimi-mektebin-siyahisina-salmirlar\/"},"author":{"name":"user-manager","@id":"https:\/\/www.meydan.tv\/az\/#\/schema\/person\/10d11eccf6da3662cf5fdab9806ea91a"},"headline":"\u201c\u018flilliyin\u0259 g\u00f6r\u0259 q\u0131z\u0131m\u0131 m\u0259kt\u0259bin siyah\u0131s\u0131na salm\u0131rlar\u201d","datePublished":"2020-08-26T12:17:02+00:00","mainEntityOfPage":{"@id":"https:\/\/www.meydan.tv\/az\/article\/elilliyine-gore-qizimi-mektebin-siyahisina-salmirlar\/"},"wordCount":1241,"publisher":{"@id":"https:\/\/www.meydan.tv\/az\/#organization"},"image":{"@id":"https:\/\/www.meydan.tv\/az\/article\/elilliyine-gore-qizimi-mektebin-siyahisina-salmirlar\/#primaryimage"},"thumbnailUrl":"https:\/\/www.meydan.tv\/wp-content\/uploads\/image_from_ios__3__cuexaca-scaled.jpg","articleSection":["B\u00f6lg\u0259"],"inLanguage":"az"},{"@type":"WebPage","@id":"https:\/\/www.meydan.tv\/az\/article\/elilliyine-gore-qizimi-mektebin-siyahisina-salmirlar\/","url":"https:\/\/www.meydan.tv\/az\/article\/elilliyine-gore-qizimi-mektebin-siyahisina-salmirlar\/","name":"\u201c\u018flilliyin\u0259 g\u00f6r\u0259 q\u0131z\u0131m\u0131 m\u0259kt\u0259bin siyah\u0131s\u0131na salm\u0131rlar\u201d - MEYDAN.TV","isPartOf":{"@id":"https:\/\/www.meydan.tv\/az\/#website"},"primaryImageOfPage":{"@id":"https:\/\/www.meydan.tv\/az\/article\/elilliyine-gore-qizimi-mektebin-siyahisina-salmirlar\/#primaryimage"},"image":{"@id":"https:\/\/www.meydan.tv\/az\/article\/elilliyine-gore-qizimi-mektebin-siyahisina-salmirlar\/#primaryimage"},"thumbnailUrl":"https:\/\/www.meydan.tv\/wp-content\/uploads\/image_from_ios__3__cuexaca-scaled.jpg","datePublished":"2020-08-26T12:17:02+00:00","breadcrumb":{"@id":"https:\/\/www.meydan.tv\/az\/article\/elilliyine-gore-qizimi-mektebin-siyahisina-salmirlar\/#breadcrumb"},"inLanguage":"az","potentialAction":[{"@type":"ReadAction","target":["https:\/\/www.meydan.tv\/az\/article\/elilliyine-gore-qizimi-mektebin-siyahisina-salmirlar\/"]}]},{"@type":"ImageObject","inLanguage":"az","@id":"https:\/\/www.meydan.tv\/az\/article\/elilliyine-gore-qizimi-mektebin-siyahisina-salmirlar\/#primaryimage","url":"https:\/\/www.meydan.tv\/wp-content\/uploads\/image_from_ios__3__cuexaca-scaled.jpg","contentUrl":"https:\/\/www.meydan.tv\/wp-content\/uploads\/image_from_ios__3__cuexaca-scaled.jpg","width":2560,"height":1920,"caption":"Source: Specify Source"},{"@type":"BreadcrumbList","@id":"https:\/\/www.meydan.tv\/az\/article\/elilliyine-gore-qizimi-mektebin-siyahisina-salmirlar\/#breadcrumb","itemListElement":[{"@type":"ListItem","position":1,"name":"Ana s\u0259hif\u0259","item":"https:\/\/www.meydan.tv\/az\/"},{"@type":"ListItem","position":2,"name":"B\u00f6lg\u0259","item":"https:\/\/www.meydan.tv\/az\/section\/bolge\/"},{"@type":"ListItem","position":3,"name":"\u201c\u018flilliyin\u0259 g\u00f6r\u0259 q\u0131z\u0131m\u0131 m\u0259kt\u0259bin siyah\u0131s\u0131na salm\u0131rlar\u201d"}]},{"@type":"WebSite","@id":"https:\/\/www.meydan.tv\/az\/#website","url":"https:\/\/www.meydan.tv\/az\/","name":"MEYDAN.TV","description":"Meydan TV Az\u0259rbaycan\u0131n media m\u0259kan\u0131ndak\u0131 alternativ s\u0259sidir","publisher":{"@id":"https:\/\/www.meydan.tv\/az\/#organization"},"potentialAction":[{"@type":"SearchAction","target":{"@type":"EntryPoint","urlTemplate":"https:\/\/www.meydan.tv\/az\/?s={search_term_string}"},"query-input":{"@type":"PropertyValueSpecification","valueRequired":true,"valueName":"search_term_string"}}],"inLanguage":"az"},{"@type":"Organization","@id":"https:\/\/www.meydan.tv\/az\/#organization","name":"Meydan TV","url":"https:\/\/www.meydan.tv\/az\/","logo":{"@type":"ImageObject","inLanguage":"az","@id":"https:\/\/www.meydan.tv\/az\/#\/schema\/logo\/image\/","url":"https:\/\/www.meydan.tv\/wp-content\/uploads\/2021\/07\/meydan-logo.svg","contentUrl":"https:\/\/www.meydan.tv\/wp-content\/uploads\/2021\/07\/meydan-logo.svg","width":195,"height":46,"caption":"Meydan TV"},"image":{"@id":"https:\/\/www.meydan.tv\/az\/#\/schema\/logo\/image\/"}},{"@type":"Person","@id":"https:\/\/www.meydan.tv\/az\/#\/schema\/person\/10d11eccf6da3662cf5fdab9806ea91a","name":"user-manager"}]}},"_links":{"self":[{"href":"https:\/\/www.meydan.tv\/az\/wp-json\/wp\/v2\/posts\/202131","targetHints":{"allow":["GET"]}}],"collection":[{"href":"https:\/\/www.meydan.tv\/az\/wp-json\/wp\/v2\/posts"}],"about":[{"href":"https:\/\/www.meydan.tv\/az\/wp-json\/wp\/v2\/types\/post"}],"author":[{"embeddable":true,"href":"https:\/\/www.meydan.tv\/az\/wp-json\/wp\/v2\/users\/11"}],"replies":[{"embeddable":true,"href":"https:\/\/www.meydan.tv\/az\/wp-json\/wp\/v2\/comments?post=202131"}],"version-history":[{"count":0,"href":"https:\/\/www.meydan.tv\/az\/wp-json\/wp\/v2\/posts\/202131\/revisions"}],"wp:featuredmedia":[{"embeddable":true,"href":"https:\/\/www.meydan.tv\/az\/wp-json\/wp\/v2\/media\/146776"}],"wp:attachment":[{"href":"https:\/\/www.meydan.tv\/az\/wp-json\/wp\/v2\/media?parent=202131"}],"wp:term":[{"taxonomy":"category","embeddable":true,"href":"https:\/\/www.meydan.tv\/az\/wp-json\/wp\/v2\/categories?post=202131"},{"taxonomy":"post_tag","embeddable":true,"href":"https:\/\/www.meydan.tv\/az\/wp-json\/wp\/v2\/tags?post=202131"}],"curies":[{"name":"wp","href":"https:\/\/api.w.org\/{rel}","templated":true}]}}