{"id":202122,"date":"2020-08-25T15:17:33","date_gmt":"2020-08-25T15:17:33","guid":{"rendered":"https:\/\/www.meydan.tv\/article\/samaxi-bazarinin-zibili-cirkab-sulari-evimizin-icindedir\/"},"modified":"2020-08-25T15:17:33","modified_gmt":"2020-08-25T15:17:33","slug":"samaxi-bazarinin-zibili-cirkab-sulari-evimizin-icindedir","status":"publish","type":"post","link":"https:\/\/www.meydan.tv\/az\/article\/samaxi-bazarinin-zibili-cirkab-sulari-evimizin-icindedir\/","title":{"rendered":"\u201c\u015eamax\u0131 bazar\u0131n\u0131n zibili, \u00e7irkab sular\u0131 evimizin i\u00e7ind\u0259dir\u201d"},"content":{"rendered":"<p>\n  <i><br \/>\n    G\u00fclnaz Babayeva deyir, \u0259razid\u0259n k\u00f6\u00e7\u00fcr\u00fclm\u0259s\u0259l\u0259r, ail\u0259likc\u0259 infeksiyaya yoluxa bil\u0259rl\u0259r<br \/>\n  <\/i>\n<\/p>\n<p>\n  \u201cYol s\u00fcp\u00fcr\u00fcr\u0259m, 255 manat maa\u015f al\u0131ram, onun yar\u0131s\u0131 kredit\u0259 gedir, yar\u0131s\u0131 kommunal x\u0259rcl\u0259r\u0259, qalan hiss\u0259si d\u0259 d\u0259rmanlar\u0131m\u0131za&#8230; H\u0259yat yolda\u015f\u0131m astmadan, \u00f6z\u00fcm epilepsiyadan \u0259ziyy\u0259t \u00e7\u0259kirik. G\u00fcnd\u0259lik d\u0259rmanlarla ya\u015fay\u0131r\u0131q. Ev \u015f\u0259raitimiz b\u0259rbadd\u0131r. U\u015faqlar n\u0259 g\u00f6z\u00fcdolusu qidalan\u0131r, n\u0259 d\u0259 s\u0259liq\u0259li ev-e\u015fik g\u00f6r\u00fcr. Bu \u015f\u0259raitsizlikd\u0259 g\u0259l\u0259c\u0259y\u0259 iki \u0259sg\u0259r b\u00f6y\u00fcd\u00fcr\u0259m\u201d.\n<\/p>\n<p>\n  Bunu Meydan TV-y\u0259 \u015eamax\u0131n\u0131n A\u015f\u0131q M\u0259mm\u0259da\u011fa k\u00fc\u00e7\u0259sind\u0259 ya\u015fayan G\u00fclnaz Babayeva deyir.\n<\/p>\n<p>\n  <b><br \/>\n    \u201c\u00d6mr\u00fcm\u00fcz qoxunun i\u00e7\u0259risind\u0259 ke\u00e7ir\u201d<br \/>\n  <\/b>\n<\/p>\n<p>\n  G\u00fclnaz xan\u0131m\u0131n s\u00f6zl\u0259rin\u0259 g\u00f6r\u0259, ya\u015fama\u011fa yerl\u0259ri olmad\u0131\u011f\u0131ndan 3 il \u0259vv\u0259l \u015eamax\u0131n\u0131n m\u0259rk\u0259zind\u0259n 30-40 metr aral\u0131da, \u0259hali aras\u0131nda \u201cyolkal\u0131q\u201d kimi tan\u0131nan \u0259razid\u0259 yer alaraq \u00fcmumi sah\u0259si 20 kvadratmetr olan 1 otaql\u0131 ev tikib. Ancaq el\u0259 buraya k\u00f6\u00e7\u00fcb ya\u015fad\u0131\u011f\u0131 g\u00fcnd\u0259n sanki \u00e7irkab\u0131n i\u00e7in\u0259 d\u00fc\u015f\u00fcb. Ya\u015fad\u0131qlar\u0131 \u0259razinin yuxar\u0131 hiss\u0259sind\u0259 yerl\u0259\u015f\u0259n m\u0259rk\u0259zd\u0259ki bazar\u0131n b\u00fct\u00fcn \u00e7irkab ax\u0131nt\u0131lar\u0131 v\u0259 zibill\u0259r g\u0259lib evin \u0259traf\u0131nda topla\u015f\u0131r. Bel\u0259c\u0259, burada ya\u015fayanlar \u00f6m\u00fcrl\u0259rini \u00fcfun\u0259tin, qoxunun i\u00e7ind\u0259 ke\u00e7irir:\n<\/p>\n<p>\n  \u201cQon\u015fuluqda ya\u015fayanlar\u0131n he\u00e7 olmasa az-\u00e7ox \u015f\u0259raiti var. M\u0259nim durumum \u00e7ox a\u011f\u0131rd\u0131r. Qap\u0131m birba\u015fa pal\u00e7\u0131\u011f\u0131n, zibilin i\u00e7\u0259risin\u0259 a\u00e7\u0131l\u0131r. Yay-q\u0131\u015f evin \u0259traf\u0131 \u00e7irkab sular\u0131n yaratd\u0131\u011f\u0131, \u00fcfun\u0259td\u0259n beyin \u00e7atlayan pal\u00e7\u0131\u011f\u0131n i\u00e7ind\u0259n gedib-g\u0259lirik. Yuxar\u0131n\u0131n n\u0259 zir-zibili var, ax\u0131d\u0131rlar bu t\u0259r\u0259f\u0259&#8230; Bizd\u0259n o t\u0259r\u0259f\u0259 \u201clyuk\u201d var, ke\u00e7ib o \u201clyuka\u201d t\u00f6k\u00fcl\u00fcr. Sanki burda ya\u015fayan insan deyil. Ev \u015f\u0259raitimin yax\u015f\u0131la\u015fd\u0131r\u0131lmas\u0131 \u00fc\u00e7\u00fcn d\u0259f\u0259l\u0259rl\u0259 icra hakimiyy\u0259tin\u0259, \u00f6lk\u0259 r\u0259hb\u0259rliyin\u0259 m\u00fcraci\u0259t etmi\u015f\u0259m, bildirmi\u015f\u0259m ki, yolda\u015f\u0131m da, \u00f6z\u00fcm d\u0259 x\u0259st\u0259lik tapm\u0131\u015f\u0131q, he\u00e7 olmasa iki u\u015fa\u011fa yaz\u0131qlar\u0131n\u0131 g\u0259lsin, bu gedi\u015fl\u0259 bu u\u015faqlar da yoluxucu x\u0259st\u0259liy\u0259 tutulacaq\u201d.\n<\/p>\n<p>\n  <b><br \/>\n    \u201cQaz x\u0259ttinin alt\u0131ndan gedib-g\u0259lirik\u201d<br \/>\n  <\/b>\n<\/p>\n<p>\n  G\u00fclnaz xan\u0131m\u0131 h\u0259m d\u0259 evin qar\u015f\u0131s\u0131ndan ke\u00e7\u0259n qaz x\u0259tti narahat edir:\n<\/p>\n<p>\n  \u201cX\u0259tti a\u015fa\u011f\u0131dan \u00e7\u0259kibl\u0259r, alt\u0131ndan gedib-g\u0259lirik. D\u0259f\u0259l\u0259rl\u0259 rayonun qaz idar\u0259sin\u0259 m\u00fcraci\u0259t etmi\u015fik ki, g\u0259lib qaz x\u0259ttini qald\u0131rs\u0131nlar, deyibl\u0259r, 440 manat verin, g\u0259l\u0259k, h\u0259ll ed\u0259k. Ancaq bu \u0259razinin problemi t\u0259kc\u0259 bununla bitmir, bura ya\u015fan\u0131las\u0131 yer deyil, imkans\u0131zl\u0131qdan, m\u0259cburiyy\u0259td\u0259n g\u0259lib burda bir otaq tikib i\u00e7\u0259risin\u0259 girmi\u015fik ki, \u00e7\u00f6ld\u0259 yatmayaq&#8230; \u0130ndi gedir\u0259m icra hakimiyy\u0259tin\u0259, ba\u015f\u00e7\u0131n\u0131n m\u00fcavini deyir, cibimd\u0259n s\u0259n\u0259 ev al\u0131b ver\u0259si deyil\u0259m ki&#8230; Deyir\u0259m, cibinizd\u0259n almay\u0131n, d\u00f6vl\u0259t t\u0259min etsin. D\u00f6vl\u0259t bu u\u015faqlar\u0131 \u00e7irkab\u0131n i\u00e7ind\u0259 ya\u015fama\u011fa layiq g\u00f6r\u00fcrs\u0259, sabah bu u\u015faqlar bu d\u00f6vl\u0259ti qorumal\u0131d\u0131lar? Niy\u0259 zibilin, \u00fcfun\u0259tin i\u00e7ind\u0259n \u00e7\u0131x\u0131b gedib silaha sar\u0131lmal\u0131d\u0131lar? Bu v\u0259t\u0259nd\u0259n n\u0259 g\u00f6r\u00fcrl\u0259r ki, sabah gedib ona g\u00f6r\u0259 can\u0131ndan da ke\u00e7sinl\u0259r?\u201d\n<\/p>\n<figure class=\"wp-block-image size-large\">\n  <img decoding=\"async\" src=\"https:\/\/www.meydan.tv\/az\/untitled_design__8_-png-2\/\" alt=\"untitled_design__8_.png\" class=\"wp-image-146755\"\/><figcaption>\n    \u201c\u00d6mr\u00fcm\u00fcz qoxunun i\u00e7\u0259risind\u0259 ke\u00e7ir\u201d<br \/>\n  <\/figcaption><\/figure>\n<p>\n  <b><br \/>\n    \u0130cra hakimiyy\u0259ti: \u201cK\u00f6m\u0259k etm\u0259k imkan\u0131m\u0131z yoxdur\u201d<br \/>\n  <\/b>\n<\/p>\n<p>\n  G\u00fclnaz xan\u0131m d\u00f6vl\u0259td\u0259n m\u0259nzil \u015f\u0259raitinin yax\u015f\u0131la\u015fd\u0131r\u0131lmas\u0131n\u0131 ist\u0259yir. O, d\u0259f\u0259l\u0259rl\u0259 \u00f6lk\u0259 ba\u015f\u00e7\u0131s\u0131na yazaraq \u015eamax\u0131da in\u015fa olunan \u00e7oxm\u0259rt\u0259b\u0259li binalardan ail\u0259y\u0259 m\u0259nzil verilm\u0259sini xahi\u015f edib. Ancaq \u015eamax\u0131 Rayon \u0130cra Hakimiyy\u0259ti bunu m\u00fcmk\u00fcns\u00fcz hesab edir. Qurumdan Meydan TV-y\u0259 bildirilib ki, rayonda in\u015fa olunan \u00e7oxm\u0259nzilli ya\u015fay\u0131\u015f binas\u0131 \u00f6t\u0259n il ba\u015f vermi\u015f z\u0259lz\u0259l\u0259d\u0259n evl\u0259ri da\u011f\u0131lm\u0131\u015f v\u0259t\u0259nda\u015flar \u00fc\u00e7\u00fcn n\u0259z\u0259rd\u0259 tutulub. Bu ail\u0259y\u0259 m\u0259nzil \u015f\u0259raitinin yax\u015f\u0131la\u015fd\u0131r\u0131lmas\u0131na yard\u0131m\u00e7\u0131 olmaq is\u0259 qurumun imkanlar\u0131 xaricind\u0259dir. \u018fraziy\u0259 \u00e7irkab sular\u0131n ax\u0131d\u0131lmas\u0131 il\u0259 ba\u011fl\u0131 is\u0259 bildirilib ki, \u015eamax\u0131n\u0131n i\u00e7m\u0259li su v\u0259 kanalizasiya xidm\u0259tl\u0259rinin yax\u015f\u0131la\u015fd\u0131r\u0131lmas\u0131 il\u0259 ba\u011fl\u0131 2010-cu ild\u0259n rayonda layih\u0259 h\u0259yata ke\u00e7irilir. Rayonun kanalizasiya sistemi yenil\u0259nir, ancaq bu i\u015fl\u0259r m\u0259rh\u0259l\u0259-m\u0259rh\u0259l\u0259 h\u0259yata ke\u00e7irilir. Qeyd olunan problemin \u0259n tezi 3 il \u0259rzind\u0259 h\u0259ll edil\u0259c\u0259yi g\u00f6zl\u0259nilir.\n<\/p>\n<p>\n  <b><br \/>\n    \u201cCavab m\u0259ktublar\u0131n\u0131 toplay\u0131b prezident\u0259 g\u00f6nd\u0259rdim\u201d<br \/>\n  <\/b>\n<\/p>\n<p>\n  G\u00fclnaz xan\u0131m is\u0259 icra hakimiyy\u0259tinin cavab\u0131 il\u0259 raz\u0131la\u015fm\u0131r:\n<\/p>\n<p>\n  \u201cPrezident icra hakimiyy\u0259tin\u0259 tap\u015f\u0131r\u0131r ki, v\u0259t\u0259nda\u015f\u0131n problemini h\u0259ll el\u0259, icra hakimiyy\u0259ti is\u0259 v\u0259t\u0259nda\u015fa \u0259l boyda ka\u011f\u0131z par\u00e7as\u0131 g\u00f6nd\u0259rir ki, m\u00fcmk\u00fcn deyil. V\u0259t\u0259nda\u015f\u0131na h\u00f6rm\u0259t ed\u0259n he\u00e7 bir d\u00f6vl\u0259t, m\u0259mur onu donuz bataql\u0131\u011f\u0131nda saxlamaz. Sabah bu bataql\u0131qdan iki o\u011fulu hans\u0131 \u00fczl\u0259 ist\u0259y\u0259c\u0259kl\u0259r m\u0259nd\u0259n?\u201d\n<\/p>\n<p>\n  G\u00fclnaz Babayeva bu d\u0259f\u0259 prezident\u0259 \u015eamax\u0131 Rayon \u0130cra Hakimiyy\u0259tind\u0259n ail\u0259y\u0259 g\u00f6nd\u0259ril\u0259n cavab m\u0259ktublar\u0131n\u0131 toplay\u0131b g\u00f6nd\u0259rib. \u201cPrezident g\u00f6rs\u00fcn ki, verdiyi tap\u015f\u0131r\u0131qlar t\u0259yin etdiyi m\u0259murlar t\u0259r\u0259find\u0259n qulaqard\u0131na vurulur\u201d, &#8211; deyir G\u00fclnaz xan\u0131m.\n<\/p>\n<figure class=\"wp-block-image size-large\">\n  <img decoding=\"async\" src=\"https:\/\/www.meydan.tv\/az\/untitled_design__7_-png-3\/\" alt=\"untitled_design__7_.png\" class=\"wp-image-146748\"\/><figcaption>\n    \u201cX\u0259tti a\u015fa\u011f\u0131dan \u00e7\u0259kibl\u0259r, alt\u0131ndan gedib-g\u0259lirik&#8221;.<br \/>\n  <\/figcaption><\/figure>\n","protected":false},"excerpt":{"rendered":"<p>&#8220;V\u0259t\u0259nda\u015f\u0131na h\u00f6rm\u0259t ed\u0259n he\u00e7 bir d\u00f6vl\u0259t, m\u0259mur onu donuz bataql\u0131\u011f\u0131nda saxlamaz&#8221;<\/p>\n","protected":false},"author":11,"featured_media":146746,"comment_status":"closed","ping_status":"open","sticky":false,"template":"","format":"standard","meta":{"_acf_changed":false,"_sitemap_exclude":false,"_sitemap_priority":"","_sitemap_frequency":"","footnotes":""},"categories":[60],"tags":[],"class_list":["post-202122","post","type-post","status-publish","format-standard","has-post-thumbnail","hentry","category-bolge","infinite-scroll-item","generate-columns","tablet-grid-50","mobile-grid-100","grid-parent","grid-33","no-featured-image-padding"],"acf":[],"yoast_head":"<!-- This site is optimized with the Yoast SEO plugin v27.5 - https:\/\/yoast.com\/product\/yoast-seo-wordpress\/ -->\n<title>\u201c\u015eamax\u0131 bazar\u0131n\u0131n zibili, \u00e7irkab sular\u0131 evimizin i\u00e7ind\u0259dir\u201d - MEYDAN.TV<\/title>\n<meta name=\"robots\" content=\"index, follow, max-snippet:-1, max-image-preview:large, max-video-preview:-1\" \/>\n<link rel=\"canonical\" href=\"https:\/\/www.meydan.tv\/az\/article\/samaxi-bazarinin-zibili-cirkab-sulari-evimizin-icindedir\/\" \/>\n<meta property=\"og:locale\" content=\"az_AZ\" \/>\n<meta property=\"og:type\" content=\"article\" \/>\n<meta property=\"og:title\" content=\"\u201c\u015eamax\u0131 bazar\u0131n\u0131n zibili, \u00e7irkab sular\u0131 evimizin i\u00e7ind\u0259dir\u201d - MEYDAN.TV\" \/>\n<meta property=\"og:description\" content=\"&quot;V\u0259t\u0259nda\u015f\u0131na h\u00f6rm\u0259t ed\u0259n he\u00e7 bir d\u00f6vl\u0259t, m\u0259mur onu donuz bataql\u0131\u011f\u0131nda saxlamaz&quot;\" \/>\n<meta property=\"og:url\" content=\"https:\/\/www.meydan.tv\/az\/article\/samaxi-bazarinin-zibili-cirkab-sulari-evimizin-icindedir\/\" \/>\n<meta property=\"og:site_name\" content=\"MEYDAN.TV\" \/>\n<meta property=\"article:published_time\" content=\"2020-08-25T15:17:33+00:00\" \/>\n<meta property=\"og:image\" content=\"https:\/\/www.meydan.tv\/wp-content\/uploads\/untitled_design__6_.png\" \/>\n\t<meta property=\"og:image:width\" content=\"1280\" \/>\n\t<meta property=\"og:image:height\" content=\"720\" \/>\n\t<meta property=\"og:image:type\" content=\"image\/png\" \/>\n<meta name=\"author\" content=\"user-manager\" \/>\n<meta name=\"twitter:card\" content=\"summary_large_image\" \/>\n<script type=\"application\/ld+json\" class=\"yoast-schema-graph\">{\"@context\":\"https:\\\/\\\/schema.org\",\"@graph\":[{\"@type\":\"Article\",\"@id\":\"https:\\\/\\\/www.meydan.tv\\\/az\\\/article\\\/samaxi-bazarinin-zibili-cirkab-sulari-evimizin-icindedir\\\/#article\",\"isPartOf\":{\"@id\":\"https:\\\/\\\/www.meydan.tv\\\/az\\\/article\\\/samaxi-bazarinin-zibili-cirkab-sulari-evimizin-icindedir\\\/\"},\"author\":{\"name\":\"user-manager\",\"@id\":\"https:\\\/\\\/www.meydan.tv\\\/az\\\/#\\\/schema\\\/person\\\/10d11eccf6da3662cf5fdab9806ea91a\"},\"headline\":\"\u201c\u015eamax\u0131 bazar\u0131n\u0131n zibili, \u00e7irkab sular\u0131 evimizin i\u00e7ind\u0259dir\u201d\",\"datePublished\":\"2020-08-25T15:17:33+00:00\",\"mainEntityOfPage\":{\"@id\":\"https:\\\/\\\/www.meydan.tv\\\/az\\\/article\\\/samaxi-bazarinin-zibili-cirkab-sulari-evimizin-icindedir\\\/\"},\"wordCount\":987,\"publisher\":{\"@id\":\"https:\\\/\\\/www.meydan.tv\\\/az\\\/#organization\"},\"image\":{\"@id\":\"https:\\\/\\\/www.meydan.tv\\\/az\\\/article\\\/samaxi-bazarinin-zibili-cirkab-sulari-evimizin-icindedir\\\/#primaryimage\"},\"thumbnailUrl\":\"https:\\\/\\\/www.meydan.tv\\\/wp-content\\\/uploads\\\/untitled_design__6_.png\",\"articleSection\":[\"B\u00f6lg\u0259\"],\"inLanguage\":\"az\"},{\"@type\":\"WebPage\",\"@id\":\"https:\\\/\\\/www.meydan.tv\\\/az\\\/article\\\/samaxi-bazarinin-zibili-cirkab-sulari-evimizin-icindedir\\\/\",\"url\":\"https:\\\/\\\/www.meydan.tv\\\/az\\\/article\\\/samaxi-bazarinin-zibili-cirkab-sulari-evimizin-icindedir\\\/\",\"name\":\"\u201c\u015eamax\u0131 bazar\u0131n\u0131n zibili, \u00e7irkab sular\u0131 evimizin i\u00e7ind\u0259dir\u201d - MEYDAN.TV\",\"isPartOf\":{\"@id\":\"https:\\\/\\\/www.meydan.tv\\\/az\\\/#website\"},\"primaryImageOfPage\":{\"@id\":\"https:\\\/\\\/www.meydan.tv\\\/az\\\/article\\\/samaxi-bazarinin-zibili-cirkab-sulari-evimizin-icindedir\\\/#primaryimage\"},\"image\":{\"@id\":\"https:\\\/\\\/www.meydan.tv\\\/az\\\/article\\\/samaxi-bazarinin-zibili-cirkab-sulari-evimizin-icindedir\\\/#primaryimage\"},\"thumbnailUrl\":\"https:\\\/\\\/www.meydan.tv\\\/wp-content\\\/uploads\\\/untitled_design__6_.png\",\"datePublished\":\"2020-08-25T15:17:33+00:00\",\"breadcrumb\":{\"@id\":\"https:\\\/\\\/www.meydan.tv\\\/az\\\/article\\\/samaxi-bazarinin-zibili-cirkab-sulari-evimizin-icindedir\\\/#breadcrumb\"},\"inLanguage\":\"az\",\"potentialAction\":[{\"@type\":\"ReadAction\",\"target\":[\"https:\\\/\\\/www.meydan.tv\\\/az\\\/article\\\/samaxi-bazarinin-zibili-cirkab-sulari-evimizin-icindedir\\\/\"]}]},{\"@type\":\"ImageObject\",\"inLanguage\":\"az\",\"@id\":\"https:\\\/\\\/www.meydan.tv\\\/az\\\/article\\\/samaxi-bazarinin-zibili-cirkab-sulari-evimizin-icindedir\\\/#primaryimage\",\"url\":\"https:\\\/\\\/www.meydan.tv\\\/wp-content\\\/uploads\\\/untitled_design__6_.png\",\"contentUrl\":\"https:\\\/\\\/www.meydan.tv\\\/wp-content\\\/uploads\\\/untitled_design__6_.png\",\"width\":1280,\"height\":720,\"caption\":\"Source: Specify Source\"},{\"@type\":\"BreadcrumbList\",\"@id\":\"https:\\\/\\\/www.meydan.tv\\\/az\\\/article\\\/samaxi-bazarinin-zibili-cirkab-sulari-evimizin-icindedir\\\/#breadcrumb\",\"itemListElement\":[{\"@type\":\"ListItem\",\"position\":1,\"name\":\"Ana s\u0259hif\u0259\",\"item\":\"https:\\\/\\\/www.meydan.tv\\\/az\\\/\"},{\"@type\":\"ListItem\",\"position\":2,\"name\":\"B\u00f6lg\u0259\",\"item\":\"https:\\\/\\\/www.meydan.tv\\\/az\\\/section\\\/bolge\\\/\"},{\"@type\":\"ListItem\",\"position\":3,\"name\":\"\u201c\u015eamax\u0131 bazar\u0131n\u0131n zibili, \u00e7irkab sular\u0131 evimizin i\u00e7ind\u0259dir\u201d\"}]},{\"@type\":\"WebSite\",\"@id\":\"https:\\\/\\\/www.meydan.tv\\\/az\\\/#website\",\"url\":\"https:\\\/\\\/www.meydan.tv\\\/az\\\/\",\"name\":\"MEYDAN.TV\",\"description\":\"Meydan TV Az\u0259rbaycan\u0131n media m\u0259kan\u0131ndak\u0131 alternativ s\u0259sidir\",\"publisher\":{\"@id\":\"https:\\\/\\\/www.meydan.tv\\\/az\\\/#organization\"},\"potentialAction\":[{\"@type\":\"SearchAction\",\"target\":{\"@type\":\"EntryPoint\",\"urlTemplate\":\"https:\\\/\\\/www.meydan.tv\\\/az\\\/?s={search_term_string}\"},\"query-input\":{\"@type\":\"PropertyValueSpecification\",\"valueRequired\":true,\"valueName\":\"search_term_string\"}}],\"inLanguage\":\"az\"},{\"@type\":\"Organization\",\"@id\":\"https:\\\/\\\/www.meydan.tv\\\/az\\\/#organization\",\"name\":\"Meydan TV\",\"url\":\"https:\\\/\\\/www.meydan.tv\\\/az\\\/\",\"logo\":{\"@type\":\"ImageObject\",\"inLanguage\":\"az\",\"@id\":\"https:\\\/\\\/www.meydan.tv\\\/az\\\/#\\\/schema\\\/logo\\\/image\\\/\",\"url\":\"https:\\\/\\\/www.meydan.tv\\\/wp-content\\\/uploads\\\/2021\\\/07\\\/meydan-logo.svg\",\"contentUrl\":\"https:\\\/\\\/www.meydan.tv\\\/wp-content\\\/uploads\\\/2021\\\/07\\\/meydan-logo.svg\",\"width\":195,\"height\":46,\"caption\":\"Meydan TV\"},\"image\":{\"@id\":\"https:\\\/\\\/www.meydan.tv\\\/az\\\/#\\\/schema\\\/logo\\\/image\\\/\"}},{\"@type\":\"Person\",\"@id\":\"https:\\\/\\\/www.meydan.tv\\\/az\\\/#\\\/schema\\\/person\\\/10d11eccf6da3662cf5fdab9806ea91a\",\"name\":\"user-manager\"}]}<\/script>\n<!-- \/ Yoast SEO plugin. -->","yoast_head_json":{"title":"\u201c\u015eamax\u0131 bazar\u0131n\u0131n zibili, \u00e7irkab sular\u0131 evimizin i\u00e7ind\u0259dir\u201d - MEYDAN.TV","robots":{"index":"index","follow":"follow","max-snippet":"max-snippet:-1","max-image-preview":"max-image-preview:large","max-video-preview":"max-video-preview:-1"},"canonical":"https:\/\/www.meydan.tv\/az\/article\/samaxi-bazarinin-zibili-cirkab-sulari-evimizin-icindedir\/","og_locale":"az_AZ","og_type":"article","og_title":"\u201c\u015eamax\u0131 bazar\u0131n\u0131n zibili, \u00e7irkab sular\u0131 evimizin i\u00e7ind\u0259dir\u201d - MEYDAN.TV","og_description":"\"V\u0259t\u0259nda\u015f\u0131na h\u00f6rm\u0259t ed\u0259n he\u00e7 bir d\u00f6vl\u0259t, m\u0259mur onu donuz bataql\u0131\u011f\u0131nda saxlamaz\"","og_url":"https:\/\/www.meydan.tv\/az\/article\/samaxi-bazarinin-zibili-cirkab-sulari-evimizin-icindedir\/","og_site_name":"MEYDAN.TV","article_published_time":"2020-08-25T15:17:33+00:00","og_image":[{"width":1280,"height":720,"url":"https:\/\/www.meydan.tv\/wp-content\/uploads\/untitled_design__6_.png","type":"image\/png"}],"author":"user-manager","twitter_card":"summary_large_image","schema":{"@context":"https:\/\/schema.org","@graph":[{"@type":"Article","@id":"https:\/\/www.meydan.tv\/az\/article\/samaxi-bazarinin-zibili-cirkab-sulari-evimizin-icindedir\/#article","isPartOf":{"@id":"https:\/\/www.meydan.tv\/az\/article\/samaxi-bazarinin-zibili-cirkab-sulari-evimizin-icindedir\/"},"author":{"name":"user-manager","@id":"https:\/\/www.meydan.tv\/az\/#\/schema\/person\/10d11eccf6da3662cf5fdab9806ea91a"},"headline":"\u201c\u015eamax\u0131 bazar\u0131n\u0131n zibili, \u00e7irkab sular\u0131 evimizin i\u00e7ind\u0259dir\u201d","datePublished":"2020-08-25T15:17:33+00:00","mainEntityOfPage":{"@id":"https:\/\/www.meydan.tv\/az\/article\/samaxi-bazarinin-zibili-cirkab-sulari-evimizin-icindedir\/"},"wordCount":987,"publisher":{"@id":"https:\/\/www.meydan.tv\/az\/#organization"},"image":{"@id":"https:\/\/www.meydan.tv\/az\/article\/samaxi-bazarinin-zibili-cirkab-sulari-evimizin-icindedir\/#primaryimage"},"thumbnailUrl":"https:\/\/www.meydan.tv\/wp-content\/uploads\/untitled_design__6_.png","articleSection":["B\u00f6lg\u0259"],"inLanguage":"az"},{"@type":"WebPage","@id":"https:\/\/www.meydan.tv\/az\/article\/samaxi-bazarinin-zibili-cirkab-sulari-evimizin-icindedir\/","url":"https:\/\/www.meydan.tv\/az\/article\/samaxi-bazarinin-zibili-cirkab-sulari-evimizin-icindedir\/","name":"\u201c\u015eamax\u0131 bazar\u0131n\u0131n zibili, \u00e7irkab sular\u0131 evimizin i\u00e7ind\u0259dir\u201d - MEYDAN.TV","isPartOf":{"@id":"https:\/\/www.meydan.tv\/az\/#website"},"primaryImageOfPage":{"@id":"https:\/\/www.meydan.tv\/az\/article\/samaxi-bazarinin-zibili-cirkab-sulari-evimizin-icindedir\/#primaryimage"},"image":{"@id":"https:\/\/www.meydan.tv\/az\/article\/samaxi-bazarinin-zibili-cirkab-sulari-evimizin-icindedir\/#primaryimage"},"thumbnailUrl":"https:\/\/www.meydan.tv\/wp-content\/uploads\/untitled_design__6_.png","datePublished":"2020-08-25T15:17:33+00:00","breadcrumb":{"@id":"https:\/\/www.meydan.tv\/az\/article\/samaxi-bazarinin-zibili-cirkab-sulari-evimizin-icindedir\/#breadcrumb"},"inLanguage":"az","potentialAction":[{"@type":"ReadAction","target":["https:\/\/www.meydan.tv\/az\/article\/samaxi-bazarinin-zibili-cirkab-sulari-evimizin-icindedir\/"]}]},{"@type":"ImageObject","inLanguage":"az","@id":"https:\/\/www.meydan.tv\/az\/article\/samaxi-bazarinin-zibili-cirkab-sulari-evimizin-icindedir\/#primaryimage","url":"https:\/\/www.meydan.tv\/wp-content\/uploads\/untitled_design__6_.png","contentUrl":"https:\/\/www.meydan.tv\/wp-content\/uploads\/untitled_design__6_.png","width":1280,"height":720,"caption":"Source: Specify Source"},{"@type":"BreadcrumbList","@id":"https:\/\/www.meydan.tv\/az\/article\/samaxi-bazarinin-zibili-cirkab-sulari-evimizin-icindedir\/#breadcrumb","itemListElement":[{"@type":"ListItem","position":1,"name":"Ana s\u0259hif\u0259","item":"https:\/\/www.meydan.tv\/az\/"},{"@type":"ListItem","position":2,"name":"B\u00f6lg\u0259","item":"https:\/\/www.meydan.tv\/az\/section\/bolge\/"},{"@type":"ListItem","position":3,"name":"\u201c\u015eamax\u0131 bazar\u0131n\u0131n zibili, \u00e7irkab sular\u0131 evimizin i\u00e7ind\u0259dir\u201d"}]},{"@type":"WebSite","@id":"https:\/\/www.meydan.tv\/az\/#website","url":"https:\/\/www.meydan.tv\/az\/","name":"MEYDAN.TV","description":"Meydan TV Az\u0259rbaycan\u0131n media m\u0259kan\u0131ndak\u0131 alternativ s\u0259sidir","publisher":{"@id":"https:\/\/www.meydan.tv\/az\/#organization"},"potentialAction":[{"@type":"SearchAction","target":{"@type":"EntryPoint","urlTemplate":"https:\/\/www.meydan.tv\/az\/?s={search_term_string}"},"query-input":{"@type":"PropertyValueSpecification","valueRequired":true,"valueName":"search_term_string"}}],"inLanguage":"az"},{"@type":"Organization","@id":"https:\/\/www.meydan.tv\/az\/#organization","name":"Meydan TV","url":"https:\/\/www.meydan.tv\/az\/","logo":{"@type":"ImageObject","inLanguage":"az","@id":"https:\/\/www.meydan.tv\/az\/#\/schema\/logo\/image\/","url":"https:\/\/www.meydan.tv\/wp-content\/uploads\/2021\/07\/meydan-logo.svg","contentUrl":"https:\/\/www.meydan.tv\/wp-content\/uploads\/2021\/07\/meydan-logo.svg","width":195,"height":46,"caption":"Meydan TV"},"image":{"@id":"https:\/\/www.meydan.tv\/az\/#\/schema\/logo\/image\/"}},{"@type":"Person","@id":"https:\/\/www.meydan.tv\/az\/#\/schema\/person\/10d11eccf6da3662cf5fdab9806ea91a","name":"user-manager"}]}},"_links":{"self":[{"href":"https:\/\/www.meydan.tv\/az\/wp-json\/wp\/v2\/posts\/202122","targetHints":{"allow":["GET"]}}],"collection":[{"href":"https:\/\/www.meydan.tv\/az\/wp-json\/wp\/v2\/posts"}],"about":[{"href":"https:\/\/www.meydan.tv\/az\/wp-json\/wp\/v2\/types\/post"}],"author":[{"embeddable":true,"href":"https:\/\/www.meydan.tv\/az\/wp-json\/wp\/v2\/users\/11"}],"replies":[{"embeddable":true,"href":"https:\/\/www.meydan.tv\/az\/wp-json\/wp\/v2\/comments?post=202122"}],"version-history":[{"count":0,"href":"https:\/\/www.meydan.tv\/az\/wp-json\/wp\/v2\/posts\/202122\/revisions"}],"wp:featuredmedia":[{"embeddable":true,"href":"https:\/\/www.meydan.tv\/az\/wp-json\/wp\/v2\/media\/146746"}],"wp:attachment":[{"href":"https:\/\/www.meydan.tv\/az\/wp-json\/wp\/v2\/media?parent=202122"}],"wp:term":[{"taxonomy":"category","embeddable":true,"href":"https:\/\/www.meydan.tv\/az\/wp-json\/wp\/v2\/categories?post=202122"},{"taxonomy":"post_tag","embeddable":true,"href":"https:\/\/www.meydan.tv\/az\/wp-json\/wp\/v2\/tags?post=202122"}],"curies":[{"name":"wp","href":"https:\/\/api.w.org\/{rel}","templated":true}]}}