{"id":202121,"date":"2020-08-25T16:45:06","date_gmt":"2020-08-25T16:45:06","guid":{"rendered":"https:\/\/www.meydan.tv\/article\/vefa-nagi-belediyye-uzvluyunden-uzaqlasdirilib\/"},"modified":"2020-08-25T16:45:06","modified_gmt":"2020-08-25T16:45:06","slug":"vefa-nagi-belediyye-uzvluyunden-uzaqlasdirilib","status":"publish","type":"post","link":"https:\/\/www.meydan.tv\/az\/article\/vefa-nagi-belediyye-uzvluyunden-uzaqlasdirilib\/","title":{"rendered":"V\u0259fa Na\u011f\u0131 b\u0259l\u0259diyy\u0259 \u00fczvl\u00fcy\u00fcnd\u0259n uzaqla\u015fd\u0131r\u0131l\u0131b"},"content":{"rendered":"<p>\n  <i><br \/>\n    B\u0259l\u0259diyy\u0259 \u00fczv\u00fc m\u0259hk\u0259m\u0259y\u0259 m\u00fcraci\u0259t ed\u0259c\u0259k<br \/>\n  <\/i>\n<\/p>\n<p>\n  \u0130ctimai f\u0259al V\u0259fa Na\u011f\u0131 Neft\u00e7ala rayon Xolqaraqa\u015fl\u0131 b\u0259l\u0259diyy\u0259 \u00fczvl\u00fcy\u00fcnd\u0259n k\u0259narla\u015fd\u0131r\u0131l\u0131b. Bu bar\u0259d\u0259 m\u0259lumat\u0131 V\u0259fa Na\u011f\u0131n\u0131n \u00f6z\u00fc yaz\u0131b. Onun s\u00f6zl\u0259rin\u0259 g\u00f6r\u0259, k\u0259nd b\u0259l\u0259diyy\u0259sinin s\u0259dri \u018flibala S\u0259limov avqustun 20-d\u0259 bununla ba\u011fl\u0131 q\u0259rar verib.\n<\/p>\n<p>\n  \u201cM\u0259s\u0259l\u0259 buras\u0131ndad\u0131r ki, S\u0259limov 17 ild\u0259 saxta yolla se\u00e7diyi \u00fczvl\u0259ri il\u0259 he\u00e7 vaxt iclas \u00e7a\u011f\u0131rmay\u0131b. M\u0259n g\u0259l\u0259nd\u0259n sonra bel\u0259 bir \u0259n\u0259n\u0259y\u0259 s\u0259b\u0259b olma\u011f\u0131ma \u015fadam, di g\u0259l ki, ke\u00e7iril\u0259n iclaslar\u0131n protokollar\u0131 n\u0259 d\u0259 h\u0259r hans\u0131 bir s\u0259n\u0259di olub. \u201cSiz\u0259 protokol veril\u0259c\u0259k\u201d deyib aylar\u0131 aylara calay\u0131b, sonunda m\u0259ni uzaqla\u015fd\u0131r\u0131blar. Xat\u0131rlad\u0131m ki, \u00f6lk\u0259 xaricind\u0259 oldu\u011fum \u00fc\u00e7\u00fcn iclaslara qat\u0131la bilm\u0259mi\u015f\u0259m, bununla ba\u011fl\u0131 po\u00e7tdan m\u0259ktub g\u00f6nd\u0259rmi\u015f\u0259m. Amma yolda\u015f \u018flibala m\u00fc\u0259llim t\u0259l\u0259m- t\u0259l\u0259sik m\u0259ni uzaqla\u015fd\u0131r\u0131b ki, onun r\u00fc\u015fv\u0259txorlu\u011funa v\u0259 qeyri-qanuni \u0259m\u0259ll\u0259r t\u00f6r\u0259tm\u0259sin\u0259 mane olmay\u0131m\u201d.\n<\/p>\n<p>\n  V\u0259fa Na\u011f\u0131 deyib ki, se\u00e7icil\u0259rinin v\u0259 \u00f6z h\u00fcquqlar\u0131n\u0131 sona q\u0259d\u0259r qorumaq \u00fc\u00e7\u00fcn m\u0259hk\u0259m\u0259y\u0259 m\u00fcraci\u0259t ed\u0259c\u0259k.\n<\/p>\n<p>\n  B\u0259l\u0259diyy\u0259 s\u0259dri \u018flibala S\u0259limov is\u0259 Meydan TV-y\u0259 deyib ki, q\u0259rar qanunvericiliy\u0259 uy\u011fun verilib:\n<\/p>\n<p>\n  \u201cV\u0259fa xan\u0131m b\u0259l\u0259diyy\u0259nin iclaslar\u0131na qat\u0131lm\u0131rd\u0131. \u201cB\u0259l\u0259diyy\u0259 haqq\u0131nda\u201d Qanunun 22-ci madd\u0259sinin 6-c\u0131 b\u0259ndin\u0259 \u0259sas\u0259n, ard\u0131c\u0131l olaraq \u00fc\u00e7 d\u0259f\u0259 b\u0259l\u0259diyy\u0259 iclaslar\u0131n\u0131 \u00fczrs\u00fcz s\u0259b\u0259bd\u0259n buraxd\u0131qda v\u0259 ya il \u0259rzind\u0259 ke\u00e7iril\u0259n iclaslar\u0131n yar\u0131s\u0131ndan \u00e7oxunda \u00fczrs\u00fcz s\u0259b\u0259bd\u0259n i\u015ftirak etm\u0259dikd\u0259 \u00fczvl\u00fckd\u0259n xaric edirl\u0259r. Bizd\u0259 d\u0259 b\u0259l\u0259diyy\u0259nin H\u00fcquq Komissiyas\u0131 var. V\u0259fa Na\u011f\u0131 3 d\u0259f\u0259 iclasa qat\u0131lmad\u0131\u011f\u0131na g\u00f6r\u0259 h\u0259min komissiya g\u00fcnd\u0259liy\u0259 onun qurumdan xaric edilm\u0259si m\u0259s\u0259l\u0259sini sald\u0131. Ancaq biz yen\u0259 d\u0259 bu m\u0259s\u0259l\u0259ni bax\u0131lmam\u0131\u015f saxlad\u0131q. Novb\u0259ti iclasda biz bunu g\u00fcnd\u0259liy\u0259 sald\u0131q\u201d.\n<\/p>\n<p>\n  \u018flibala S\u0259limov deyir ki, h\u0259r iclasdan bir ne\u00e7\u0259 g\u00fcn \u0259vv\u0259l b\u00fct\u00fcn b\u0259l\u0259diyy\u0259 \u00fczvl\u0259rin\u0259 po\u00e7t vasit\u0259sil\u0259 m\u0259ktub g\u00f6nd\u0259rilir v\u0259 onlar toplant\u0131ya d\u0259v\u0259t olunur:\n<\/p>\n<p>\n  \u201cB\u00fct\u00fcn b\u0259l\u0259diyy\u0259 \u00fczvl\u0259ri kimi V\u0259fa xan\u0131m\u0131 da m\u0259lumatland\u0131rm\u0131\u015f\u0131q. V\u0259fa xan\u0131m deyir ki, guya toplant\u0131lara g\u0259l\u0259 bilm\u0259y\u0259c\u0259yi il\u0259 ba\u011fl\u0131 m\u0259ktub g\u00f6nd\u0259rib. Han\u0131 o m\u0259ktub? Sur\u0259ti, g\u00f6nd\u0259rdiyi po\u00e7tun q\u0259bzi varm\u0131? Biz\u0259 bel\u0259 bir m\u0259ktub g\u0259lm\u0259yib. Ona g\u00f6r\u0259 d\u0259 d\u00f6rd\u00fcnc\u00fc d\u0259f\u0259 iclasa qat\u0131lmayanda 7 n\u0259f\u0259rlik b\u0259l\u0259diyy\u0259 \u00fczvl\u0259rinin 6-n\u0131n s\u0259si il\u0259 onu uzaqla\u015fd\u0131rm\u0131\u015f\u0131q\u201d.\n<\/p>\n<p>\n  V\u0259fa Na\u011f\u0131 deyir ki, m\u0259ktubu g\u00f6nd\u0259rdiyin\u0259 dair q\u0259bz var v\u0259 m\u0259ktubu izl\u0259m\u0259y\u0259 al\u0131b:\n<\/p>\n<p>\n  \u201c\u0130stanbuldan, Kad\u0131k\u00f6y po\u00e7tundan m\u0259ktub g\u00f6nd\u0259rmi\u015f\u0259m. \u0130clasa \u00e7a\u011f\u0131r\u0131\u015f g\u0259l\u0259nd\u0259 valideynl\u0259rim z\u0259ng vurub x\u0259b\u0259r verib v\u0259 m\u0259n m\u0259ktub g\u00f6nd\u0259rmi\u015f\u0259m. \u018flimd\u0259 fakt\u0131m var v\u0259 art\u0131q m\u0259ktub \u00e7atm\u0131\u015fd\u0131. Bunu bilm\u0259k ist\u0259yirdil\u0259rs\u0259, niy\u0259 m\u0259ni k\u0259narla\u015fd\u0131r\u0131rd\u0131lar? M\u0259n iclaslara ged\u0259nd\u0259 he\u00e7 vaxt b\u0259l\u0259diyy\u0259 \u00fczvl\u0259rinin ham\u0131s\u0131n\u0131 bir yerd\u0259 g\u00f6rm\u00fcr\u0259m. B\u0259z\u0259n 5, b\u0259z\u0259n 7 n\u0259f\u0259r g\u0259lirdi. Dem\u0259k ki, bu, planla\u015fd\u0131r\u0131lm\u0131\u015f bir i\u015fdir v\u0259 ist\u0259yibl\u0259r ki, m\u0259ni uzaqla\u015fd\u0131rs\u0131nlar. Ancaq bu planlar\u0131n\u0131 h\u0259yata ke\u00e7irm\u0259y\u0259 \u00e7ox t\u0259l\u0259sibl\u0259r\u201d.\n<\/p>\n<figure class=\"wp-block-image size-large\">\n  <img decoding=\"async\" src=\"https:\/\/www.meydan.tv\/az\/image_from_ios-2-jpg-168\/\" alt=\"image_from_ios (2).jpg\" class=\"wp-image-146758\"\/><figcaption>\n    V\u0259fa Na\u011f\u0131n\u0131n b\u0259l\u0259diyy\u0259y\u0259 g\u00f6nd\u0259rdiyi m\u0259ktubun q\u0259bzi<br \/>\n  <\/figcaption><\/figure>\n<p>\n  V\u0259fa Na\u011f\u0131 g\u00f6nd\u0259rdiyi m\u0259ktubun q\u0259bzini d\u0259 Meydan TV-y\u0259 t\u0259qdim edib. Haz\u0131rda Neft\u00e7ala Rayon M\u0259hk\u0259m\u0259sind\u0259 b\u0259l\u0259diyy\u0259 s\u0259drinin x\u00fcsusi ittiham qaydas\u0131nda qald\u0131rd\u0131\u011f\u0131 iddia \u0259sas\u0131nda V\u0259fa Na\u011f\u0131ya qar\u015f\u0131 m\u0259hk\u0259m\u0259 prosesi gedir.\n<\/p>\n<p>\n  B\u0259l\u0259diyy\u0259 s\u0259dri V\u0259fa Na\u011f\u0131n\u0131n Cinay\u0259t M\u0259c\u0259ll\u0259sinin 147 (b\u00f6htan) v\u0259 148-ci (t\u0259hqir) madd\u0259l\u0259ri il\u0259 c\u0259zaland\u0131r\u0131lmas\u0131n\u0131 t\u0259l\u0259b edir.\n<\/p>\n<p>\n  B\u0259l\u0259diyy\u0259 s\u0259dri iddia \u0259riz\u0259sind\u0259 yaz\u0131b ki, V\u0259fa Na\u011f\u0131 mediaya m\u00fcsahib\u0259l\u0259rind\u0259, sosial \u015f\u0259b\u0259k\u0259 hesablar\u0131ndan payla\u015fd\u0131\u011f\u0131 yaz\u0131lar\u0131nda onu t\u0259hqir edib, b\u00f6htan at\u0131b.\n<\/p>\n<p>\n  V\u0259fa Na\u011f\u0131 is\u0259 he\u00e7 kimi t\u0259hqir etm\u0259diyini deyir.\n<\/p>\n<p>\n  \u201cM\u0259nim korrupsiya haqda dedikl\u0259rim, yazd\u0131qlar\u0131m is\u0259 \u0259sass\u0131z deyil. K\u0259nd sakinl\u0259rinin \u015fikay\u0259tl\u0259ri var. Bu bar\u0259d\u0259 h\u00fcquq-m\u00fchafiz\u0259 orqanlar\u0131na da \u015fikay\u0259tl\u0259r g\u00f6nd\u0259rilib. T\u0259\u0259ss\u00fcf ki, onlar ara\u015fd\u0131r\u0131lmay\u0131b, n\u0259tic\u0259siz qal\u0131b\u201d, &#8211; dey\u0259 V\u0259fa Na\u011f\u0131 bildirib.\n<\/p>\n<p>\n  B\u0259l\u0259diyy\u0259 \u00fczv\u00fc hesab edir ki, m\u0259qs\u0259d bu yolla onu susdurmaqd\u0131r: \u201cG\u00f6rd\u00fcl\u0259r ki, dig\u0259r t\u0259zyiq formalar\u0131 &#8211; \u015f\u0259kill\u0259rimi yaymaqla biab\u0131r el\u0259yib k\u0259ndd\u0259n \u00e7\u0131xarmaq c\u0259hdi n\u0259tic\u0259 verm\u0259di, indi bu \u00fcsula \u0259l at\u0131blar. \u0130st\u0259yirl\u0259r ki, m\u0259ni susdursunlar, yol verdikl\u0259ri qanunsuzluqlar, korrupsiya \u0259m\u0259ll\u0259ri haqda dan\u0131\u015fmay\u0131m. Amma al\u0131nmayacaq\u201d.<\/p>\n","protected":false},"excerpt":{"rendered":"<p>\u201cM\u0259nim korrupsiya haqda dedikl\u0259rim, yazd\u0131qlar\u0131m is\u0259 \u0259sass\u0131z deyil&#8221;.<\/p>\n","protected":false},"author":11,"featured_media":146593,"comment_status":"closed","ping_status":"open","sticky":false,"template":"","format":"standard","meta":{"_acf_changed":false,"_sitemap_exclude":false,"_sitemap_priority":"","_sitemap_frequency":"","footnotes":""},"categories":[60],"tags":[],"class_list":["post-202121","post","type-post","status-publish","format-standard","has-post-thumbnail","hentry","category-bolge","infinite-scroll-item","generate-columns","tablet-grid-50","mobile-grid-100","grid-parent","grid-33","no-featured-image-padding"],"acf":[],"yoast_head":"<!-- This site is optimized with the Yoast SEO plugin v27.5 - https:\/\/yoast.com\/product\/yoast-seo-wordpress\/ -->\n<title>V\u0259fa Na\u011f\u0131 b\u0259l\u0259diyy\u0259 \u00fczvl\u00fcy\u00fcnd\u0259n uzaqla\u015fd\u0131r\u0131l\u0131b - MEYDAN.TV<\/title>\n<meta name=\"robots\" content=\"index, follow, max-snippet:-1, max-image-preview:large, max-video-preview:-1\" \/>\n<link rel=\"canonical\" href=\"https:\/\/www.meydan.tv\/az\/article\/vefa-nagi-belediyye-uzvluyunden-uzaqlasdirilib\/\" \/>\n<meta property=\"og:locale\" content=\"az_AZ\" \/>\n<meta property=\"og:type\" content=\"article\" \/>\n<meta property=\"og:title\" content=\"V\u0259fa Na\u011f\u0131 b\u0259l\u0259diyy\u0259 \u00fczvl\u00fcy\u00fcnd\u0259n uzaqla\u015fd\u0131r\u0131l\u0131b - MEYDAN.TV\" \/>\n<meta property=\"og:description\" content=\"\u201cM\u0259nim korrupsiya haqda dedikl\u0259rim, yazd\u0131qlar\u0131m is\u0259 \u0259sass\u0131z deyil&quot;.\" \/>\n<meta property=\"og:url\" content=\"https:\/\/www.meydan.tv\/az\/article\/vefa-nagi-belediyye-uzvluyunden-uzaqlasdirilib\/\" \/>\n<meta property=\"og:site_name\" content=\"MEYDAN.TV\" \/>\n<meta property=\"article:published_time\" content=\"2020-08-25T16:45:06+00:00\" \/>\n<meta property=\"og:image\" content=\"https:\/\/www.meydan.tv\/wp-content\/uploads\/copy_of_untitled9_k6ijtdn.png\" \/>\n\t<meta property=\"og:image:width\" content=\"1000\" \/>\n\t<meta property=\"og:image:height\" content=\"555\" \/>\n\t<meta property=\"og:image:type\" content=\"image\/png\" \/>\n<meta name=\"author\" content=\"user-manager\" \/>\n<meta name=\"twitter:card\" content=\"summary_large_image\" \/>\n<script type=\"application\/ld+json\" class=\"yoast-schema-graph\">{\"@context\":\"https:\\\/\\\/schema.org\",\"@graph\":[{\"@type\":\"Article\",\"@id\":\"https:\\\/\\\/www.meydan.tv\\\/az\\\/article\\\/vefa-nagi-belediyye-uzvluyunden-uzaqlasdirilib\\\/#article\",\"isPartOf\":{\"@id\":\"https:\\\/\\\/www.meydan.tv\\\/az\\\/article\\\/vefa-nagi-belediyye-uzvluyunden-uzaqlasdirilib\\\/\"},\"author\":{\"name\":\"user-manager\",\"@id\":\"https:\\\/\\\/www.meydan.tv\\\/az\\\/#\\\/schema\\\/person\\\/10d11eccf6da3662cf5fdab9806ea91a\"},\"headline\":\"V\u0259fa Na\u011f\u0131 b\u0259l\u0259diyy\u0259 \u00fczvl\u00fcy\u00fcnd\u0259n uzaqla\u015fd\u0131r\u0131l\u0131b\",\"datePublished\":\"2020-08-25T16:45:06+00:00\",\"mainEntityOfPage\":{\"@id\":\"https:\\\/\\\/www.meydan.tv\\\/az\\\/article\\\/vefa-nagi-belediyye-uzvluyunden-uzaqlasdirilib\\\/\"},\"wordCount\":974,\"publisher\":{\"@id\":\"https:\\\/\\\/www.meydan.tv\\\/az\\\/#organization\"},\"image\":{\"@id\":\"https:\\\/\\\/www.meydan.tv\\\/az\\\/article\\\/vefa-nagi-belediyye-uzvluyunden-uzaqlasdirilib\\\/#primaryimage\"},\"thumbnailUrl\":\"https:\\\/\\\/www.meydan.tv\\\/wp-content\\\/uploads\\\/copy_of_untitled9_k6ijtdn.png\",\"articleSection\":[\"B\u00f6lg\u0259\"],\"inLanguage\":\"az\"},{\"@type\":\"WebPage\",\"@id\":\"https:\\\/\\\/www.meydan.tv\\\/az\\\/article\\\/vefa-nagi-belediyye-uzvluyunden-uzaqlasdirilib\\\/\",\"url\":\"https:\\\/\\\/www.meydan.tv\\\/az\\\/article\\\/vefa-nagi-belediyye-uzvluyunden-uzaqlasdirilib\\\/\",\"name\":\"V\u0259fa Na\u011f\u0131 b\u0259l\u0259diyy\u0259 \u00fczvl\u00fcy\u00fcnd\u0259n uzaqla\u015fd\u0131r\u0131l\u0131b - MEYDAN.TV\",\"isPartOf\":{\"@id\":\"https:\\\/\\\/www.meydan.tv\\\/az\\\/#website\"},\"primaryImageOfPage\":{\"@id\":\"https:\\\/\\\/www.meydan.tv\\\/az\\\/article\\\/vefa-nagi-belediyye-uzvluyunden-uzaqlasdirilib\\\/#primaryimage\"},\"image\":{\"@id\":\"https:\\\/\\\/www.meydan.tv\\\/az\\\/article\\\/vefa-nagi-belediyye-uzvluyunden-uzaqlasdirilib\\\/#primaryimage\"},\"thumbnailUrl\":\"https:\\\/\\\/www.meydan.tv\\\/wp-content\\\/uploads\\\/copy_of_untitled9_k6ijtdn.png\",\"datePublished\":\"2020-08-25T16:45:06+00:00\",\"breadcrumb\":{\"@id\":\"https:\\\/\\\/www.meydan.tv\\\/az\\\/article\\\/vefa-nagi-belediyye-uzvluyunden-uzaqlasdirilib\\\/#breadcrumb\"},\"inLanguage\":\"az\",\"potentialAction\":[{\"@type\":\"ReadAction\",\"target\":[\"https:\\\/\\\/www.meydan.tv\\\/az\\\/article\\\/vefa-nagi-belediyye-uzvluyunden-uzaqlasdirilib\\\/\"]}]},{\"@type\":\"ImageObject\",\"inLanguage\":\"az\",\"@id\":\"https:\\\/\\\/www.meydan.tv\\\/az\\\/article\\\/vefa-nagi-belediyye-uzvluyunden-uzaqlasdirilib\\\/#primaryimage\",\"url\":\"https:\\\/\\\/www.meydan.tv\\\/wp-content\\\/uploads\\\/copy_of_untitled9_k6ijtdn.png\",\"contentUrl\":\"https:\\\/\\\/www.meydan.tv\\\/wp-content\\\/uploads\\\/copy_of_untitled9_k6ijtdn.png\",\"width\":1000,\"height\":555,\"caption\":\"Source: VOA\"},{\"@type\":\"BreadcrumbList\",\"@id\":\"https:\\\/\\\/www.meydan.tv\\\/az\\\/article\\\/vefa-nagi-belediyye-uzvluyunden-uzaqlasdirilib\\\/#breadcrumb\",\"itemListElement\":[{\"@type\":\"ListItem\",\"position\":1,\"name\":\"Ana s\u0259hif\u0259\",\"item\":\"https:\\\/\\\/www.meydan.tv\\\/az\\\/\"},{\"@type\":\"ListItem\",\"position\":2,\"name\":\"B\u00f6lg\u0259\",\"item\":\"https:\\\/\\\/www.meydan.tv\\\/az\\\/section\\\/bolge\\\/\"},{\"@type\":\"ListItem\",\"position\":3,\"name\":\"V\u0259fa Na\u011f\u0131 b\u0259l\u0259diyy\u0259 \u00fczvl\u00fcy\u00fcnd\u0259n uzaqla\u015fd\u0131r\u0131l\u0131b\"}]},{\"@type\":\"WebSite\",\"@id\":\"https:\\\/\\\/www.meydan.tv\\\/az\\\/#website\",\"url\":\"https:\\\/\\\/www.meydan.tv\\\/az\\\/\",\"name\":\"MEYDAN.TV\",\"description\":\"Meydan TV Az\u0259rbaycan\u0131n media m\u0259kan\u0131ndak\u0131 alternativ s\u0259sidir\",\"publisher\":{\"@id\":\"https:\\\/\\\/www.meydan.tv\\\/az\\\/#organization\"},\"potentialAction\":[{\"@type\":\"SearchAction\",\"target\":{\"@type\":\"EntryPoint\",\"urlTemplate\":\"https:\\\/\\\/www.meydan.tv\\\/az\\\/?s={search_term_string}\"},\"query-input\":{\"@type\":\"PropertyValueSpecification\",\"valueRequired\":true,\"valueName\":\"search_term_string\"}}],\"inLanguage\":\"az\"},{\"@type\":\"Organization\",\"@id\":\"https:\\\/\\\/www.meydan.tv\\\/az\\\/#organization\",\"name\":\"Meydan TV\",\"url\":\"https:\\\/\\\/www.meydan.tv\\\/az\\\/\",\"logo\":{\"@type\":\"ImageObject\",\"inLanguage\":\"az\",\"@id\":\"https:\\\/\\\/www.meydan.tv\\\/az\\\/#\\\/schema\\\/logo\\\/image\\\/\",\"url\":\"https:\\\/\\\/www.meydan.tv\\\/wp-content\\\/uploads\\\/2021\\\/07\\\/meydan-logo.svg\",\"contentUrl\":\"https:\\\/\\\/www.meydan.tv\\\/wp-content\\\/uploads\\\/2021\\\/07\\\/meydan-logo.svg\",\"width\":195,\"height\":46,\"caption\":\"Meydan TV\"},\"image\":{\"@id\":\"https:\\\/\\\/www.meydan.tv\\\/az\\\/#\\\/schema\\\/logo\\\/image\\\/\"}},{\"@type\":\"Person\",\"@id\":\"https:\\\/\\\/www.meydan.tv\\\/az\\\/#\\\/schema\\\/person\\\/10d11eccf6da3662cf5fdab9806ea91a\",\"name\":\"user-manager\"}]}<\/script>\n<!-- \/ Yoast SEO plugin. -->","yoast_head_json":{"title":"V\u0259fa Na\u011f\u0131 b\u0259l\u0259diyy\u0259 \u00fczvl\u00fcy\u00fcnd\u0259n uzaqla\u015fd\u0131r\u0131l\u0131b - MEYDAN.TV","robots":{"index":"index","follow":"follow","max-snippet":"max-snippet:-1","max-image-preview":"max-image-preview:large","max-video-preview":"max-video-preview:-1"},"canonical":"https:\/\/www.meydan.tv\/az\/article\/vefa-nagi-belediyye-uzvluyunden-uzaqlasdirilib\/","og_locale":"az_AZ","og_type":"article","og_title":"V\u0259fa Na\u011f\u0131 b\u0259l\u0259diyy\u0259 \u00fczvl\u00fcy\u00fcnd\u0259n uzaqla\u015fd\u0131r\u0131l\u0131b - MEYDAN.TV","og_description":"\u201cM\u0259nim korrupsiya haqda dedikl\u0259rim, yazd\u0131qlar\u0131m is\u0259 \u0259sass\u0131z deyil\".","og_url":"https:\/\/www.meydan.tv\/az\/article\/vefa-nagi-belediyye-uzvluyunden-uzaqlasdirilib\/","og_site_name":"MEYDAN.TV","article_published_time":"2020-08-25T16:45:06+00:00","og_image":[{"width":1000,"height":555,"url":"https:\/\/www.meydan.tv\/wp-content\/uploads\/copy_of_untitled9_k6ijtdn.png","type":"image\/png"}],"author":"user-manager","twitter_card":"summary_large_image","schema":{"@context":"https:\/\/schema.org","@graph":[{"@type":"Article","@id":"https:\/\/www.meydan.tv\/az\/article\/vefa-nagi-belediyye-uzvluyunden-uzaqlasdirilib\/#article","isPartOf":{"@id":"https:\/\/www.meydan.tv\/az\/article\/vefa-nagi-belediyye-uzvluyunden-uzaqlasdirilib\/"},"author":{"name":"user-manager","@id":"https:\/\/www.meydan.tv\/az\/#\/schema\/person\/10d11eccf6da3662cf5fdab9806ea91a"},"headline":"V\u0259fa Na\u011f\u0131 b\u0259l\u0259diyy\u0259 \u00fczvl\u00fcy\u00fcnd\u0259n uzaqla\u015fd\u0131r\u0131l\u0131b","datePublished":"2020-08-25T16:45:06+00:00","mainEntityOfPage":{"@id":"https:\/\/www.meydan.tv\/az\/article\/vefa-nagi-belediyye-uzvluyunden-uzaqlasdirilib\/"},"wordCount":974,"publisher":{"@id":"https:\/\/www.meydan.tv\/az\/#organization"},"image":{"@id":"https:\/\/www.meydan.tv\/az\/article\/vefa-nagi-belediyye-uzvluyunden-uzaqlasdirilib\/#primaryimage"},"thumbnailUrl":"https:\/\/www.meydan.tv\/wp-content\/uploads\/copy_of_untitled9_k6ijtdn.png","articleSection":["B\u00f6lg\u0259"],"inLanguage":"az"},{"@type":"WebPage","@id":"https:\/\/www.meydan.tv\/az\/article\/vefa-nagi-belediyye-uzvluyunden-uzaqlasdirilib\/","url":"https:\/\/www.meydan.tv\/az\/article\/vefa-nagi-belediyye-uzvluyunden-uzaqlasdirilib\/","name":"V\u0259fa Na\u011f\u0131 b\u0259l\u0259diyy\u0259 \u00fczvl\u00fcy\u00fcnd\u0259n uzaqla\u015fd\u0131r\u0131l\u0131b - MEYDAN.TV","isPartOf":{"@id":"https:\/\/www.meydan.tv\/az\/#website"},"primaryImageOfPage":{"@id":"https:\/\/www.meydan.tv\/az\/article\/vefa-nagi-belediyye-uzvluyunden-uzaqlasdirilib\/#primaryimage"},"image":{"@id":"https:\/\/www.meydan.tv\/az\/article\/vefa-nagi-belediyye-uzvluyunden-uzaqlasdirilib\/#primaryimage"},"thumbnailUrl":"https:\/\/www.meydan.tv\/wp-content\/uploads\/copy_of_untitled9_k6ijtdn.png","datePublished":"2020-08-25T16:45:06+00:00","breadcrumb":{"@id":"https:\/\/www.meydan.tv\/az\/article\/vefa-nagi-belediyye-uzvluyunden-uzaqlasdirilib\/#breadcrumb"},"inLanguage":"az","potentialAction":[{"@type":"ReadAction","target":["https:\/\/www.meydan.tv\/az\/article\/vefa-nagi-belediyye-uzvluyunden-uzaqlasdirilib\/"]}]},{"@type":"ImageObject","inLanguage":"az","@id":"https:\/\/www.meydan.tv\/az\/article\/vefa-nagi-belediyye-uzvluyunden-uzaqlasdirilib\/#primaryimage","url":"https:\/\/www.meydan.tv\/wp-content\/uploads\/copy_of_untitled9_k6ijtdn.png","contentUrl":"https:\/\/www.meydan.tv\/wp-content\/uploads\/copy_of_untitled9_k6ijtdn.png","width":1000,"height":555,"caption":"Source: VOA"},{"@type":"BreadcrumbList","@id":"https:\/\/www.meydan.tv\/az\/article\/vefa-nagi-belediyye-uzvluyunden-uzaqlasdirilib\/#breadcrumb","itemListElement":[{"@type":"ListItem","position":1,"name":"Ana s\u0259hif\u0259","item":"https:\/\/www.meydan.tv\/az\/"},{"@type":"ListItem","position":2,"name":"B\u00f6lg\u0259","item":"https:\/\/www.meydan.tv\/az\/section\/bolge\/"},{"@type":"ListItem","position":3,"name":"V\u0259fa Na\u011f\u0131 b\u0259l\u0259diyy\u0259 \u00fczvl\u00fcy\u00fcnd\u0259n uzaqla\u015fd\u0131r\u0131l\u0131b"}]},{"@type":"WebSite","@id":"https:\/\/www.meydan.tv\/az\/#website","url":"https:\/\/www.meydan.tv\/az\/","name":"MEYDAN.TV","description":"Meydan TV Az\u0259rbaycan\u0131n media m\u0259kan\u0131ndak\u0131 alternativ s\u0259sidir","publisher":{"@id":"https:\/\/www.meydan.tv\/az\/#organization"},"potentialAction":[{"@type":"SearchAction","target":{"@type":"EntryPoint","urlTemplate":"https:\/\/www.meydan.tv\/az\/?s={search_term_string}"},"query-input":{"@type":"PropertyValueSpecification","valueRequired":true,"valueName":"search_term_string"}}],"inLanguage":"az"},{"@type":"Organization","@id":"https:\/\/www.meydan.tv\/az\/#organization","name":"Meydan TV","url":"https:\/\/www.meydan.tv\/az\/","logo":{"@type":"ImageObject","inLanguage":"az","@id":"https:\/\/www.meydan.tv\/az\/#\/schema\/logo\/image\/","url":"https:\/\/www.meydan.tv\/wp-content\/uploads\/2021\/07\/meydan-logo.svg","contentUrl":"https:\/\/www.meydan.tv\/wp-content\/uploads\/2021\/07\/meydan-logo.svg","width":195,"height":46,"caption":"Meydan TV"},"image":{"@id":"https:\/\/www.meydan.tv\/az\/#\/schema\/logo\/image\/"}},{"@type":"Person","@id":"https:\/\/www.meydan.tv\/az\/#\/schema\/person\/10d11eccf6da3662cf5fdab9806ea91a","name":"user-manager"}]}},"_links":{"self":[{"href":"https:\/\/www.meydan.tv\/az\/wp-json\/wp\/v2\/posts\/202121","targetHints":{"allow":["GET"]}}],"collection":[{"href":"https:\/\/www.meydan.tv\/az\/wp-json\/wp\/v2\/posts"}],"about":[{"href":"https:\/\/www.meydan.tv\/az\/wp-json\/wp\/v2\/types\/post"}],"author":[{"embeddable":true,"href":"https:\/\/www.meydan.tv\/az\/wp-json\/wp\/v2\/users\/11"}],"replies":[{"embeddable":true,"href":"https:\/\/www.meydan.tv\/az\/wp-json\/wp\/v2\/comments?post=202121"}],"version-history":[{"count":0,"href":"https:\/\/www.meydan.tv\/az\/wp-json\/wp\/v2\/posts\/202121\/revisions"}],"wp:featuredmedia":[{"embeddable":true,"href":"https:\/\/www.meydan.tv\/az\/wp-json\/wp\/v2\/media\/146593"}],"wp:attachment":[{"href":"https:\/\/www.meydan.tv\/az\/wp-json\/wp\/v2\/media?parent=202121"}],"wp:term":[{"taxonomy":"category","embeddable":true,"href":"https:\/\/www.meydan.tv\/az\/wp-json\/wp\/v2\/categories?post=202121"},{"taxonomy":"post_tag","embeddable":true,"href":"https:\/\/www.meydan.tv\/az\/wp-json\/wp\/v2\/tags?post=202121"}],"curies":[{"name":"wp","href":"https:\/\/api.w.org\/{rel}","templated":true}]}}