{"id":202117,"date":"2020-08-25T14:14:25","date_gmt":"2020-08-25T14:14:25","guid":{"rendered":"https:\/\/www.meydan.tv\/article\/ucar-sakini-bir-boyuk-aile-kimi-acindan-olmeye-mehkumuq\/"},"modified":"2020-08-25T14:14:25","modified_gmt":"2020-08-25T14:14:25","slug":"ucar-sakini-bir-boyuk-aile-kimi-acindan-olmeye-mehkumuq","status":"publish","type":"post","link":"https:\/\/www.meydan.tv\/az\/article\/ucar-sakini-bir-boyuk-aile-kimi-acindan-olmeye-mehkumuq\/","title":{"rendered":"Ucar sakini: Bir b\u00f6y\u00fck ail\u0259 kimi ac\u0131ndan \u00f6lm\u0259y\u0259 m\u0259hkumuq"},"content":{"rendered":"<p>\n  <i><br \/>\n    \u201cM\u0259n i\u015fd\u0259n m\u0259cburiyy\u0259td\u0259n ayr\u0131lm\u0131\u015fam\u201d<br \/>\n  <\/i>\n<\/p>\n<p>\n  Ucar\u0131n M\u0259likball\u0131 k\u0259ndinin sakini, 57 ya\u015fl\u0131 \u0130kram H\u0259s\u0259novun \u015fikay\u0259ti var. Deyir ki, 25 il d\u00f6vl\u0259t qullu\u011funda \u00e7al\u0131\u015f\u0131b, probleml\u0259rin\u0259 v\u0259 s\u0259hh\u0259tin\u0259 g\u00f6r\u0259 i\u015fd\u0259n k\u0259narla\u015fmal\u0131 olub. Amma indi t\u0259qa\u00fcd ala bilmir. Bunun \u00fc\u00e7\u00fcn d\u0259f\u0259l\u0259rl\u0259 aidiyy\u0259ti qurumlara m\u00fcraci\u0259t edib, ancaq bir n\u0259tic\u0259si olmay\u0131b.\n<\/p>\n<p>\n  \u201c25 il d\u0259nizd\u0259, \u00e7\u0259tin \u015f\u0259raitd\u0259 i\u015fl\u0259mi\u015f\u0259m. Vaxt var idi m\u00fct\u0259x\u0259ssis kimi bax\u0131r, ba\u015f\u0131ma and i\u00e7irdil\u0259r. \u0130ndi saya salan yoxdur. Yolda\u015f\u0131m vaxts\u0131z v\u0259fat etdi, u\u015faqlar\u0131m t\u0259k qald\u0131. \u00d6z\u00fcm\u00fcn d\u0259 ciy\u0259rl\u0259rimd\u0259 problem yarand\u0131. Bir m\u00fcdd\u0259t \u00e7\u0259tinlikl\u0259 olsa da, i\u015fl\u0259dim. Sonra ged\u0259 bilm\u0259dim, i\u015fd\u0259n \u00e7\u0131xard\u0131lar. El\u0259 ondan sonra da v\u0259ziyy\u0259tim getdikc\u0259 pisl\u0259\u015fdi. \u0130ndi he\u00e7 yerd\u0259 i\u015fl\u0259mir\u0259m, \u00fcst\u0259lik, x\u0259st\u0259y\u0259m, iyn\u0259-d\u0259rman\u0131m\u0131 ala bilmir\u0259m. H\u0259r d\u0259f\u0259 h\u0259kim deyir, \u201cyax\u015f\u0131 qidalanmal\u0131san\u201d. Han\u0131, m\u0259n he\u00e7 pis d\u0259 qidalana bilmir\u0259m\u201d.\n<\/p>\n<p>\n  \u0130kram H\u0259s\u0259novun ilk evliliyind\u0259n 5, ikinci evliliyind\u0259n 1 \u00f6vlad\u0131 var. Deyir, sonuncu \u00f6vlad\u0131 m\u0259kt\u0259blidir, t\u0259hsilin\u0259 x\u0259rcl\u0259m\u0259y\u0259 pullar\u0131 olmur. B\u0259z\u0259n g\u00fcnl\u0259rl\u0259 ayaqqab\u0131s\u0131, \u00e7antas\u0131, geyimi olmad\u0131\u011f\u0131 \u00fc\u00e7\u00fcn d\u0259rsd\u0259n qal\u0131r:\n<\/p>\n<p>\n  \u201c\u00c7atd\u0131ra bilmir\u0259m. B\u00f6y\u00fck o\u011flanlar\u0131m bir ara Bak\u0131da f\u0259hl\u0259lik edirdil\u0259r, birt\u0259h\u0259r dolan\u0131rd\u0131q. Koronavirus s\u00f6hb\u0259ti \u00e7\u0131xandan Bak\u0131n\u0131n yollar\u0131 ba\u011fland\u0131. Onlar da i\u015fsizdir, ham\u0131m\u0131z oturmu\u015fuq evd\u0259. Bir b\u00f6y\u00fck ail\u0259 kimi ac\u0131ndan \u00f6lm\u0259y\u0259 m\u0259hkumuq\u201d.\n<\/p>\n<p>\n  \u0130kram H\u0259s\u0259nov t\u0259qa\u00fcd almaq ist\u0259yir. Deyir, \u00fcnvanl\u0131 sosial yard\u0131mdan \u0259lini \u00fcz\u00fcb. \u00c7\u00fcnki o q\u0259d\u0259r s\u0259n\u0259d ist\u0259yibl\u0259r ki, onlar\u0131 toplamas\u0131 m\u00fcmk\u00fcn deyil:\n<\/p>\n<p>\n  \u201cEynil\u0259 bird\u0259f\u0259lik yard\u0131m kimi&#8230; Almaq \u00fc\u00e7\u00fcn \u00e7ox a\u011f\u0131r \u015f\u0259rtl\u0259r qoymu\u015fdular. Odur ki, pensiya ist\u0259yir\u0259m. Ona da deyirl\u0259r ki, ya\u015f\u0131n \u00e7atm\u0131r. Dedim, 25 il can qoymu\u015fam, dedil\u0259r, i\u015fd\u0259n erk\u0259n, \u00f6z ist\u0259yinl\u0259 ayr\u0131lm\u0131san. Niy\u0259 ayr\u0131lm\u0131\u015fam? Onu soru\u015fmurlar he\u00e7. Yolda\u015f\u0131m vaxts\u0131z v\u0259fat etdi. U\u015faqlar\u0131m qald\u0131 ba\u015fs\u0131z. Yan\u0131nda qoyma\u011fa he\u00e7 kimim olmad\u0131. Normal d\u00f6vl\u0259tl\u0259rd\u0259 bax\u0131c\u0131 m\u00fc\u0259yy\u0259n edilir v\u0259 bunun \u00fc\u00e7\u00fcn valideynin \u0259m\u0259k haqq\u0131na \u0259lav\u0259l\u0259r olur. Bizd\u0259 he\u00e7 birini etm\u0259dil\u0259r. \u00c7\u00fcnki i\u015f\u00e7inin qiym\u0259ti yoxdur. Fikirl\u0259\u015firl\u0259r ki, n\u0259 \u00e7ox i\u015fsiz, birini tap\u0131b i\u015fl\u0259d\u0259c\u0259yik. M\u0259n i\u015fd\u0259n m\u0259cburiyy\u0259td\u0259n ayr\u0131lm\u0131\u015fam. Sonra u\u015faqlar b\u00f6y\u00fcd\u00fckc\u0259 x\u0259st\u0259lik tapd\u0131m, i\u015f qabiliyy\u0259timi itirdim. Yen\u0259 d\u0259 c\u0259h\u0259nn\u0259m, deyir\u0259m, n\u0259s\u0259 i\u015f olsa, i\u015fl\u0259y\u0259r\u0259m, amma yoxdur\u201d.\n<\/p>\n<figure class=\"wp-block-image size-large\">\n  <img decoding=\"async\" src=\"https:\/\/www.meydan.tv\/az\/image_from_ios__1_-jpg-13\/\" alt=\"image_from_ios__1_.jpg\" class=\"wp-image-146740\"\/><figcaption>\n    \u201c25 il d\u0259nizd\u0259, \u00e7\u0259tin \u015f\u0259raitd\u0259 i\u015fl\u0259mi\u015f\u0259m&#8221;.<br \/>\n  <\/figcaption><\/figure>\n<p>\n  \u015eikay\u0259t\u00e7i deyir ki, bu gedi\u015fl\u0259 o t\u0259qa\u00fcd ya\u015f\u0131na \u00e7ata bilm\u0259y\u0259c\u0259k. He\u00e7 olmasa, x\u0259st\u0259liyin\u0259 g\u00f6r\u0259 g\u00fcz\u0259\u015ft\u0259 gedib onu t\u0259qa\u00fcd\u0259 tez \u00e7\u0131xars\u0131nlar:\n<\/p>\n<p>\n  \u201c8 n\u0259f\u0259rlik ail\u0259yik. 6 u\u015faq, \u00f6z\u00fcm, bir d\u0259 h\u0259yat yolda\u015f\u0131m. Evimiz\u0259 bu g\u00fcn bir q\u0259pik d\u0259 girmir. O\u011flum arada f\u0259hl\u0259lik edir. O da olanda. Bilirsiniz d\u0259, rayonda i\u015f tapmaq asan deyil. Qon\u015fular, qohumlar k\u00f6m\u0259k edir, birt\u0259h\u0259r dolan\u0131r\u0131q. Bu, n\u0259 q\u0259d\u0259r bel\u0259 davam ed\u0259 bil\u0259r, bilmir\u0259m\u201d.\n<\/p>\n<p>\n  \u0130kram H\u0259s\u0259nov deyir ki, d\u00fczd\u00fcr, k\u0259ndd\u0259 ya\u015fay\u0131r, ancaq heyvandarl\u0131qla da m\u0259\u015f\u011ful ola bilmir. \u00c7\u00fcnki bunun \u00fc\u00e7\u00fcn s\u0259rmay\u0259si yoxdur:\n<\/p>\n<p>\n  \u201cPensiya, sosial yard\u0131m vermirl\u0259r, y\u0259qin \u00f6lm\u0259yimizi ist\u0259yirl\u0259r. T\u0259s\u0259rr\u00fcfatla da m\u0259\u015f\u011ful ola bilmirik. Su yox, \u015f\u0259rait yox. Heyvan saxlamaq \u00fc\u00e7\u00fcn d\u0259 g\u0259r\u0259k bir az pulun olsun ki, heyvan alasan. \u018flimizd\u0259 bir evdir. Ba\u015fqa he\u00e7 n\u0259yimiz yoxdur\u201d.\n<\/p>\n<p>\n  D\u00f6vl\u0259t Sosial M\u00fcdafi\u0259 Fondunun Ucar Rayon \u015e\u00f6b\u0259sind\u0259n bildirilib ki, yard\u0131m \u00fc\u00e7\u00fcn o q\u0259d\u0259r b\u00f6y\u00fck s\u0259n\u0259d t\u0259l\u0259b edilmir. Sad\u0259c\u0259 elektron qaydada qeydiyyatdan ke\u00e7m\u0259k laz\u0131md\u0131r:\n<\/p>\n<p>\n  \u201cD\u00fczd\u00fcr, bir ne\u00e7\u0259 s\u0259n\u0259d t\u0259l\u0259b edilir. Onlar da \u0259ld\u0259 edilm\u0259si m\u00fcmk\u00fcn s\u0259n\u0259dl\u0259rdir. H\u0259m sosial yard\u0131m ist\u0259yirl\u0259r, h\u0259m d\u0259 s\u0259n\u0259d toplamaq ist\u0259mirl\u0259r, ax\u0131 bu, m\u00fcmk\u00fcn olan bir \u015fey deyil. Y\u0259ni d\u00f6vl\u0259tin m\u00fc\u0259yy\u0259n etdiyi b\u0259zi qaydalar var, b\u0259zi s\u0259n\u0259dl\u0259r t\u0259l\u0259b olunur v\u0259 bunlar t\u0259qdim edilm\u0259lidir. T\u0259bii, yard\u0131ma uy\u011fun v\u0259ziyy\u0259tdirs\u0259, m\u00fctl\u0259q veril\u0259c\u0259k\u201d.\n<\/p>\n<p>\n  Ucar Rayon M\u0259\u015f\u011fulluq Xidm\u0259tind\u0259n is\u0259 deyilib ki, haz\u0131rda m\u00f6vz\u00fcmi i\u015fl\u0259r \u00e7oxdur. Ail\u0259 m\u00fcraci\u0259t ets\u0259, onlar\u0131 i\u015fl\u0259 t\u0259min ed\u0259rl\u0259r.<\/p>\n","protected":false},"excerpt":{"rendered":"<p>\u015eikay\u0259t\u00e7i deyir ki, bu gedi\u015fl\u0259 o t\u0259qa\u00fcd ya\u015f\u0131na \u00e7ata bilm\u0259y\u0259c\u0259k.<\/p>\n","protected":false},"author":11,"featured_media":146737,"comment_status":"closed","ping_status":"open","sticky":false,"template":"","format":"standard","meta":{"_acf_changed":false,"_sitemap_exclude":false,"_sitemap_priority":"","_sitemap_frequency":"","footnotes":""},"categories":[60],"tags":[],"class_list":["post-202117","post","type-post","status-publish","format-standard","has-post-thumbnail","hentry","category-bolge","infinite-scroll-item","generate-columns","tablet-grid-50","mobile-grid-100","grid-parent","grid-33","no-featured-image-padding"],"acf":[],"yoast_head":"<!-- This site is optimized with the Yoast SEO plugin v27.5 - https:\/\/yoast.com\/product\/yoast-seo-wordpress\/ -->\n<title>Ucar sakini: Bir b\u00f6y\u00fck ail\u0259 kimi ac\u0131ndan \u00f6lm\u0259y\u0259 m\u0259hkumuq - MEYDAN.TV<\/title>\n<meta name=\"robots\" content=\"index, follow, max-snippet:-1, max-image-preview:large, max-video-preview:-1\" \/>\n<link rel=\"canonical\" href=\"https:\/\/www.meydan.tv\/az\/article\/ucar-sakini-bir-boyuk-aile-kimi-acindan-olmeye-mehkumuq\/\" \/>\n<meta property=\"og:locale\" content=\"az_AZ\" \/>\n<meta property=\"og:type\" content=\"article\" \/>\n<meta property=\"og:title\" content=\"Ucar sakini: Bir b\u00f6y\u00fck ail\u0259 kimi ac\u0131ndan \u00f6lm\u0259y\u0259 m\u0259hkumuq - MEYDAN.TV\" \/>\n<meta property=\"og:description\" content=\"\u015eikay\u0259t\u00e7i deyir ki, bu gedi\u015fl\u0259 o t\u0259qa\u00fcd ya\u015f\u0131na \u00e7ata bilm\u0259y\u0259c\u0259k.\" \/>\n<meta property=\"og:url\" content=\"https:\/\/www.meydan.tv\/az\/article\/ucar-sakini-bir-boyuk-aile-kimi-acindan-olmeye-mehkumuq\/\" \/>\n<meta property=\"og:site_name\" content=\"MEYDAN.TV\" \/>\n<meta property=\"article:published_time\" content=\"2020-08-25T14:14:25+00:00\" \/>\n<meta property=\"og:image\" content=\"https:\/\/www.meydan.tv\/wp-content\/uploads\/image_from_ios__2__zhitbfk-scaled.jpg\" \/>\n\t<meta property=\"og:image:width\" content=\"2560\" \/>\n\t<meta property=\"og:image:height\" content=\"1920\" \/>\n\t<meta property=\"og:image:type\" content=\"image\/jpeg\" \/>\n<meta name=\"author\" content=\"user-manager\" \/>\n<meta name=\"twitter:card\" content=\"summary_large_image\" \/>\n<script type=\"application\/ld+json\" class=\"yoast-schema-graph\">{\"@context\":\"https:\\\/\\\/schema.org\",\"@graph\":[{\"@type\":\"Article\",\"@id\":\"https:\\\/\\\/www.meydan.tv\\\/az\\\/article\\\/ucar-sakini-bir-boyuk-aile-kimi-acindan-olmeye-mehkumuq\\\/#article\",\"isPartOf\":{\"@id\":\"https:\\\/\\\/www.meydan.tv\\\/az\\\/article\\\/ucar-sakini-bir-boyuk-aile-kimi-acindan-olmeye-mehkumuq\\\/\"},\"author\":{\"name\":\"user-manager\",\"@id\":\"https:\\\/\\\/www.meydan.tv\\\/az\\\/#\\\/schema\\\/person\\\/10d11eccf6da3662cf5fdab9806ea91a\"},\"headline\":\"Ucar sakini: Bir b\u00f6y\u00fck ail\u0259 kimi ac\u0131ndan \u00f6lm\u0259y\u0259 m\u0259hkumuq\",\"datePublished\":\"2020-08-25T14:14:25+00:00\",\"mainEntityOfPage\":{\"@id\":\"https:\\\/\\\/www.meydan.tv\\\/az\\\/article\\\/ucar-sakini-bir-boyuk-aile-kimi-acindan-olmeye-mehkumuq\\\/\"},\"wordCount\":885,\"publisher\":{\"@id\":\"https:\\\/\\\/www.meydan.tv\\\/az\\\/#organization\"},\"image\":{\"@id\":\"https:\\\/\\\/www.meydan.tv\\\/az\\\/article\\\/ucar-sakini-bir-boyuk-aile-kimi-acindan-olmeye-mehkumuq\\\/#primaryimage\"},\"thumbnailUrl\":\"https:\\\/\\\/www.meydan.tv\\\/wp-content\\\/uploads\\\/image_from_ios__2__zhitbfk-scaled.jpg\",\"articleSection\":[\"B\u00f6lg\u0259\"],\"inLanguage\":\"az\"},{\"@type\":\"WebPage\",\"@id\":\"https:\\\/\\\/www.meydan.tv\\\/az\\\/article\\\/ucar-sakini-bir-boyuk-aile-kimi-acindan-olmeye-mehkumuq\\\/\",\"url\":\"https:\\\/\\\/www.meydan.tv\\\/az\\\/article\\\/ucar-sakini-bir-boyuk-aile-kimi-acindan-olmeye-mehkumuq\\\/\",\"name\":\"Ucar sakini: Bir b\u00f6y\u00fck ail\u0259 kimi ac\u0131ndan \u00f6lm\u0259y\u0259 m\u0259hkumuq - MEYDAN.TV\",\"isPartOf\":{\"@id\":\"https:\\\/\\\/www.meydan.tv\\\/az\\\/#website\"},\"primaryImageOfPage\":{\"@id\":\"https:\\\/\\\/www.meydan.tv\\\/az\\\/article\\\/ucar-sakini-bir-boyuk-aile-kimi-acindan-olmeye-mehkumuq\\\/#primaryimage\"},\"image\":{\"@id\":\"https:\\\/\\\/www.meydan.tv\\\/az\\\/article\\\/ucar-sakini-bir-boyuk-aile-kimi-acindan-olmeye-mehkumuq\\\/#primaryimage\"},\"thumbnailUrl\":\"https:\\\/\\\/www.meydan.tv\\\/wp-content\\\/uploads\\\/image_from_ios__2__zhitbfk-scaled.jpg\",\"datePublished\":\"2020-08-25T14:14:25+00:00\",\"breadcrumb\":{\"@id\":\"https:\\\/\\\/www.meydan.tv\\\/az\\\/article\\\/ucar-sakini-bir-boyuk-aile-kimi-acindan-olmeye-mehkumuq\\\/#breadcrumb\"},\"inLanguage\":\"az\",\"potentialAction\":[{\"@type\":\"ReadAction\",\"target\":[\"https:\\\/\\\/www.meydan.tv\\\/az\\\/article\\\/ucar-sakini-bir-boyuk-aile-kimi-acindan-olmeye-mehkumuq\\\/\"]}]},{\"@type\":\"ImageObject\",\"inLanguage\":\"az\",\"@id\":\"https:\\\/\\\/www.meydan.tv\\\/az\\\/article\\\/ucar-sakini-bir-boyuk-aile-kimi-acindan-olmeye-mehkumuq\\\/#primaryimage\",\"url\":\"https:\\\/\\\/www.meydan.tv\\\/wp-content\\\/uploads\\\/image_from_ios__2__zhitbfk-scaled.jpg\",\"contentUrl\":\"https:\\\/\\\/www.meydan.tv\\\/wp-content\\\/uploads\\\/image_from_ios__2__zhitbfk-scaled.jpg\",\"width\":2560,\"height\":1920,\"caption\":\"Source: Specify Source\"},{\"@type\":\"BreadcrumbList\",\"@id\":\"https:\\\/\\\/www.meydan.tv\\\/az\\\/article\\\/ucar-sakini-bir-boyuk-aile-kimi-acindan-olmeye-mehkumuq\\\/#breadcrumb\",\"itemListElement\":[{\"@type\":\"ListItem\",\"position\":1,\"name\":\"Ana s\u0259hif\u0259\",\"item\":\"https:\\\/\\\/www.meydan.tv\\\/az\\\/\"},{\"@type\":\"ListItem\",\"position\":2,\"name\":\"B\u00f6lg\u0259\",\"item\":\"https:\\\/\\\/www.meydan.tv\\\/az\\\/section\\\/bolge\\\/\"},{\"@type\":\"ListItem\",\"position\":3,\"name\":\"Ucar sakini: Bir b\u00f6y\u00fck ail\u0259 kimi ac\u0131ndan \u00f6lm\u0259y\u0259 m\u0259hkumuq\"}]},{\"@type\":\"WebSite\",\"@id\":\"https:\\\/\\\/www.meydan.tv\\\/az\\\/#website\",\"url\":\"https:\\\/\\\/www.meydan.tv\\\/az\\\/\",\"name\":\"MEYDAN.TV\",\"description\":\"Meydan TV Az\u0259rbaycan\u0131n media m\u0259kan\u0131ndak\u0131 alternativ s\u0259sidir\",\"publisher\":{\"@id\":\"https:\\\/\\\/www.meydan.tv\\\/az\\\/#organization\"},\"potentialAction\":[{\"@type\":\"SearchAction\",\"target\":{\"@type\":\"EntryPoint\",\"urlTemplate\":\"https:\\\/\\\/www.meydan.tv\\\/az\\\/?s={search_term_string}\"},\"query-input\":{\"@type\":\"PropertyValueSpecification\",\"valueRequired\":true,\"valueName\":\"search_term_string\"}}],\"inLanguage\":\"az\"},{\"@type\":\"Organization\",\"@id\":\"https:\\\/\\\/www.meydan.tv\\\/az\\\/#organization\",\"name\":\"Meydan TV\",\"url\":\"https:\\\/\\\/www.meydan.tv\\\/az\\\/\",\"logo\":{\"@type\":\"ImageObject\",\"inLanguage\":\"az\",\"@id\":\"https:\\\/\\\/www.meydan.tv\\\/az\\\/#\\\/schema\\\/logo\\\/image\\\/\",\"url\":\"https:\\\/\\\/www.meydan.tv\\\/wp-content\\\/uploads\\\/2021\\\/07\\\/meydan-logo.svg\",\"contentUrl\":\"https:\\\/\\\/www.meydan.tv\\\/wp-content\\\/uploads\\\/2021\\\/07\\\/meydan-logo.svg\",\"width\":195,\"height\":46,\"caption\":\"Meydan TV\"},\"image\":{\"@id\":\"https:\\\/\\\/www.meydan.tv\\\/az\\\/#\\\/schema\\\/logo\\\/image\\\/\"}},{\"@type\":\"Person\",\"@id\":\"https:\\\/\\\/www.meydan.tv\\\/az\\\/#\\\/schema\\\/person\\\/10d11eccf6da3662cf5fdab9806ea91a\",\"name\":\"user-manager\"}]}<\/script>\n<!-- \/ Yoast SEO plugin. -->","yoast_head_json":{"title":"Ucar sakini: Bir b\u00f6y\u00fck ail\u0259 kimi ac\u0131ndan \u00f6lm\u0259y\u0259 m\u0259hkumuq - MEYDAN.TV","robots":{"index":"index","follow":"follow","max-snippet":"max-snippet:-1","max-image-preview":"max-image-preview:large","max-video-preview":"max-video-preview:-1"},"canonical":"https:\/\/www.meydan.tv\/az\/article\/ucar-sakini-bir-boyuk-aile-kimi-acindan-olmeye-mehkumuq\/","og_locale":"az_AZ","og_type":"article","og_title":"Ucar sakini: Bir b\u00f6y\u00fck ail\u0259 kimi ac\u0131ndan \u00f6lm\u0259y\u0259 m\u0259hkumuq - MEYDAN.TV","og_description":"\u015eikay\u0259t\u00e7i deyir ki, bu gedi\u015fl\u0259 o t\u0259qa\u00fcd ya\u015f\u0131na \u00e7ata bilm\u0259y\u0259c\u0259k.","og_url":"https:\/\/www.meydan.tv\/az\/article\/ucar-sakini-bir-boyuk-aile-kimi-acindan-olmeye-mehkumuq\/","og_site_name":"MEYDAN.TV","article_published_time":"2020-08-25T14:14:25+00:00","og_image":[{"width":2560,"height":1920,"url":"https:\/\/www.meydan.tv\/wp-content\/uploads\/image_from_ios__2__zhitbfk-scaled.jpg","type":"image\/jpeg"}],"author":"user-manager","twitter_card":"summary_large_image","schema":{"@context":"https:\/\/schema.org","@graph":[{"@type":"Article","@id":"https:\/\/www.meydan.tv\/az\/article\/ucar-sakini-bir-boyuk-aile-kimi-acindan-olmeye-mehkumuq\/#article","isPartOf":{"@id":"https:\/\/www.meydan.tv\/az\/article\/ucar-sakini-bir-boyuk-aile-kimi-acindan-olmeye-mehkumuq\/"},"author":{"name":"user-manager","@id":"https:\/\/www.meydan.tv\/az\/#\/schema\/person\/10d11eccf6da3662cf5fdab9806ea91a"},"headline":"Ucar sakini: Bir b\u00f6y\u00fck ail\u0259 kimi ac\u0131ndan \u00f6lm\u0259y\u0259 m\u0259hkumuq","datePublished":"2020-08-25T14:14:25+00:00","mainEntityOfPage":{"@id":"https:\/\/www.meydan.tv\/az\/article\/ucar-sakini-bir-boyuk-aile-kimi-acindan-olmeye-mehkumuq\/"},"wordCount":885,"publisher":{"@id":"https:\/\/www.meydan.tv\/az\/#organization"},"image":{"@id":"https:\/\/www.meydan.tv\/az\/article\/ucar-sakini-bir-boyuk-aile-kimi-acindan-olmeye-mehkumuq\/#primaryimage"},"thumbnailUrl":"https:\/\/www.meydan.tv\/wp-content\/uploads\/image_from_ios__2__zhitbfk-scaled.jpg","articleSection":["B\u00f6lg\u0259"],"inLanguage":"az"},{"@type":"WebPage","@id":"https:\/\/www.meydan.tv\/az\/article\/ucar-sakini-bir-boyuk-aile-kimi-acindan-olmeye-mehkumuq\/","url":"https:\/\/www.meydan.tv\/az\/article\/ucar-sakini-bir-boyuk-aile-kimi-acindan-olmeye-mehkumuq\/","name":"Ucar sakini: Bir b\u00f6y\u00fck ail\u0259 kimi ac\u0131ndan \u00f6lm\u0259y\u0259 m\u0259hkumuq - MEYDAN.TV","isPartOf":{"@id":"https:\/\/www.meydan.tv\/az\/#website"},"primaryImageOfPage":{"@id":"https:\/\/www.meydan.tv\/az\/article\/ucar-sakini-bir-boyuk-aile-kimi-acindan-olmeye-mehkumuq\/#primaryimage"},"image":{"@id":"https:\/\/www.meydan.tv\/az\/article\/ucar-sakini-bir-boyuk-aile-kimi-acindan-olmeye-mehkumuq\/#primaryimage"},"thumbnailUrl":"https:\/\/www.meydan.tv\/wp-content\/uploads\/image_from_ios__2__zhitbfk-scaled.jpg","datePublished":"2020-08-25T14:14:25+00:00","breadcrumb":{"@id":"https:\/\/www.meydan.tv\/az\/article\/ucar-sakini-bir-boyuk-aile-kimi-acindan-olmeye-mehkumuq\/#breadcrumb"},"inLanguage":"az","potentialAction":[{"@type":"ReadAction","target":["https:\/\/www.meydan.tv\/az\/article\/ucar-sakini-bir-boyuk-aile-kimi-acindan-olmeye-mehkumuq\/"]}]},{"@type":"ImageObject","inLanguage":"az","@id":"https:\/\/www.meydan.tv\/az\/article\/ucar-sakini-bir-boyuk-aile-kimi-acindan-olmeye-mehkumuq\/#primaryimage","url":"https:\/\/www.meydan.tv\/wp-content\/uploads\/image_from_ios__2__zhitbfk-scaled.jpg","contentUrl":"https:\/\/www.meydan.tv\/wp-content\/uploads\/image_from_ios__2__zhitbfk-scaled.jpg","width":2560,"height":1920,"caption":"Source: Specify Source"},{"@type":"BreadcrumbList","@id":"https:\/\/www.meydan.tv\/az\/article\/ucar-sakini-bir-boyuk-aile-kimi-acindan-olmeye-mehkumuq\/#breadcrumb","itemListElement":[{"@type":"ListItem","position":1,"name":"Ana s\u0259hif\u0259","item":"https:\/\/www.meydan.tv\/az\/"},{"@type":"ListItem","position":2,"name":"B\u00f6lg\u0259","item":"https:\/\/www.meydan.tv\/az\/section\/bolge\/"},{"@type":"ListItem","position":3,"name":"Ucar sakini: Bir b\u00f6y\u00fck ail\u0259 kimi ac\u0131ndan \u00f6lm\u0259y\u0259 m\u0259hkumuq"}]},{"@type":"WebSite","@id":"https:\/\/www.meydan.tv\/az\/#website","url":"https:\/\/www.meydan.tv\/az\/","name":"MEYDAN.TV","description":"Meydan TV Az\u0259rbaycan\u0131n media m\u0259kan\u0131ndak\u0131 alternativ s\u0259sidir","publisher":{"@id":"https:\/\/www.meydan.tv\/az\/#organization"},"potentialAction":[{"@type":"SearchAction","target":{"@type":"EntryPoint","urlTemplate":"https:\/\/www.meydan.tv\/az\/?s={search_term_string}"},"query-input":{"@type":"PropertyValueSpecification","valueRequired":true,"valueName":"search_term_string"}}],"inLanguage":"az"},{"@type":"Organization","@id":"https:\/\/www.meydan.tv\/az\/#organization","name":"Meydan TV","url":"https:\/\/www.meydan.tv\/az\/","logo":{"@type":"ImageObject","inLanguage":"az","@id":"https:\/\/www.meydan.tv\/az\/#\/schema\/logo\/image\/","url":"https:\/\/www.meydan.tv\/wp-content\/uploads\/2021\/07\/meydan-logo.svg","contentUrl":"https:\/\/www.meydan.tv\/wp-content\/uploads\/2021\/07\/meydan-logo.svg","width":195,"height":46,"caption":"Meydan TV"},"image":{"@id":"https:\/\/www.meydan.tv\/az\/#\/schema\/logo\/image\/"}},{"@type":"Person","@id":"https:\/\/www.meydan.tv\/az\/#\/schema\/person\/10d11eccf6da3662cf5fdab9806ea91a","name":"user-manager"}]}},"_links":{"self":[{"href":"https:\/\/www.meydan.tv\/az\/wp-json\/wp\/v2\/posts\/202117","targetHints":{"allow":["GET"]}}],"collection":[{"href":"https:\/\/www.meydan.tv\/az\/wp-json\/wp\/v2\/posts"}],"about":[{"href":"https:\/\/www.meydan.tv\/az\/wp-json\/wp\/v2\/types\/post"}],"author":[{"embeddable":true,"href":"https:\/\/www.meydan.tv\/az\/wp-json\/wp\/v2\/users\/11"}],"replies":[{"embeddable":true,"href":"https:\/\/www.meydan.tv\/az\/wp-json\/wp\/v2\/comments?post=202117"}],"version-history":[{"count":0,"href":"https:\/\/www.meydan.tv\/az\/wp-json\/wp\/v2\/posts\/202117\/revisions"}],"wp:featuredmedia":[{"embeddable":true,"href":"https:\/\/www.meydan.tv\/az\/wp-json\/wp\/v2\/media\/146737"}],"wp:attachment":[{"href":"https:\/\/www.meydan.tv\/az\/wp-json\/wp\/v2\/media?parent=202117"}],"wp:term":[{"taxonomy":"category","embeddable":true,"href":"https:\/\/www.meydan.tv\/az\/wp-json\/wp\/v2\/categories?post=202117"},{"taxonomy":"post_tag","embeddable":true,"href":"https:\/\/www.meydan.tv\/az\/wp-json\/wp\/v2\/tags?post=202117"}],"curies":[{"name":"wp","href":"https:\/\/api.w.org\/{rel}","templated":true}]}}