{"id":202115,"date":"2020-08-25T13:46:12","date_gmt":"2020-08-25T13:46:12","guid":{"rendered":"https:\/\/www.meydan.tv\/article\/hekim-mircelal-kazimi-soz-verdi-ki-sagalacaq-amma\/"},"modified":"2020-08-25T13:46:12","modified_gmt":"2020-08-25T13:46:12","slug":"hekim-mircelal-kazimi-soz-verdi-ki-sagalacaq-amma","status":"publish","type":"post","link":"https:\/\/www.meydan.tv\/az\/article\/hekim-mircelal-kazimi-soz-verdi-ki-sagalacaq-amma\/","title":{"rendered":"\u201cH\u0259kim Mirc\u0259lal Kaz\u0131mi s\u00f6z verdi ki, sa\u011falacaq, amma \u2026&#8221;"},"content":{"rendered":"<p>\n  <i><br \/>\n    Orqan k\u00f6\u00e7\u00fcr\u00fclm\u00fc\u015f 35 ya\u015fl\u0131 qad\u0131n\u0131n yax\u0131nlar\u0131 \u00f6lk\u0259 r\u0259hb\u0259rliyin\u0259 m\u00fcraci\u0259t edib<br \/>\n  <\/i>\n<\/p>\n<p>\n  \u201c2014-c\u00fc ild\u0259 xeyirxah insanlar\u0131n k\u00f6m\u0259yil\u0259 bac\u0131ma qarciy\u0259r k\u00f6\u00e7\u00fcr\u00fcl\u00fcb. El\u0259 donor da \u00f6z\u00fcm olmu\u015fam. \u018fm\u0259liyyatdan 5 ay sonra hal\u0131 pisl\u0259\u015fib v\u0259 daim m\u00fcalic\u0259d\u0259 olub. Son bir ildir ki, durumu daha da a\u011f\u0131rd\u0131r, ancaq orqan k\u00f6\u00e7\u00fcr\u0259n h\u0259kim onu boynuna g\u00f6t\u00fcrm\u00fcr. N\u0259 d\u0259 ba\u015fqa, ixtisasl\u0131 x\u0259st\u0259xanalar q\u0259bul edirl\u0259r ki, orqan\u0131 k\u00f6\u00e7\u00fcr\u0259n h\u0259kim\u0259 m\u00fcraci\u0259t edin. Qalm\u0131\u015f\u0131q pis v\u0259ziyy\u0259td\u0259\u201d.\n<\/p>\n<p>\n  Yevlax sakini Telman Sad\u0131qov Meydan TV-y\u0259 a\u00e7\u0131qlamas\u0131nda bel\u0259 deyib. Bildirib ki, daim m\u00fcalic\u0259 il\u0259 ya\u015fayan bac\u0131s\u0131 2019-cu ild\u0259n daha da a\u011f\u0131rla\u015f\u0131b. Bu m\u00fcdd\u0259t \u0259rzind\u0259 \u00f6z h\u0259kimi onu q\u0259bul etm\u0259yib. Ba\u015fqa h\u0259kiml\u0259r \u201corqan\u0131 kim k\u00f6\u00e7\u00fcr\u00fcb, onun yan\u0131na apar\u0131n\u201d, &#8211; deyibl\u0259r.\n<\/p>\n<p>\n  Telman Sad\u0131qov deyir ki, bac\u0131s\u0131 \u00dclviyy\u0259nin durumu \u00f6t\u0259n ay daha a\u011f\u0131rla\u015f\u0131b, \u00f6z\u00fcnd\u0259n gedib, hu\u015funu itirib. Bu zaman T\u0259cili Tibbi Yard\u0131m \u00e7a\u011f\u0131r\u0131blar v\u0259 onu Yevlax \u015e\u0259h\u0259r M\u0259rk\u0259zi X\u0259st\u0259xanas\u0131na yerl\u0259\u015fdiribl\u0259r:\n<\/p>\n<p>\n  \u201cT\u0259bii orqan k\u00f6\u00e7\u00fcr\u00fclm\u00fc\u015f birin\u0259 bu x\u0259st\u0259xanada n\u0259 ed\u0259 bil\u0259rdil\u0259r ki? He\u00e7 bir m\u00fcalic\u0259 ed\u0259 bilm\u0259dil\u0259r. Yevlax x\u0259st\u0259xanas\u0131 orqan k\u00f6\u00e7\u00fcr\u00fclm\u00fc\u015f, qaraciy\u0259r x\u0259st\u0259si \u00fc\u00e7\u00fcn ixtisasl\u0131 yer d\u0259 say\u0131lm\u0131rd\u0131. \u00c7oxsayl\u0131 m\u00fcraci\u0259tl\u0259rd\u0259n sonra onu Akademik Mirqas\u0131mov ad\u0131na Respublika Klinik X\u0259st\u0259xanas\u0131na k\u00f6\u00e7\u00fcrd\u00fcl\u0259r. \u0130ndi orada da d\u00fczg\u00fcn m\u00fcalic\u0259 ala bilmir. V\u0259ziyy\u0259ti a\u011f\u0131rd\u0131r, reanimasiyadad\u0131r\u201d.\n<\/p>\n<p>\n  Telman Sad\u0131qov deyir ki, bac\u0131s\u0131n\u0131n c\u0259mi 35 ya\u015f\u0131 var. 2014-c\u00fc ild\u0259 onda qaraciy\u0259r problemi \u00e7\u0131xanda M\u0259rk\u0259zi Neft\u00e7il\u0259r X\u0259st\u0259xanas\u0131na m\u00fcraci\u0259t edibl\u0259r. H\u0259min x\u0259st\u0259xanan\u0131n h\u0259kimi Mirc\u0259lal Kaz\u0131mi ona orqan k\u00f6\u00e7\u00fcr\u00fclm\u0259sinin laz\u0131m oldu\u011funu deyib. Bildirib ki, k\u00f6\u00e7\u00fcr\u00fclm\u0259d\u0259n sonra h\u0259yat\u0131na normal insanlar kimi davam ed\u0259 bil\u0259c\u0259k:\n<\/p>\n<p>\n  \u201cHam\u0131m\u0131z analiz verdik. Qohumlar, ail\u0259 \u00fczvl\u0259rimiz. Birc\u0259 m\u0259nim n\u0259tic\u0259l\u0259rim uy\u011fun g\u0259ldi. \u018fm\u0259liyyatla m\u0259nd\u0259n al\u0131nan qaraciy\u0259r bac\u0131ma k\u00f6\u00e7\u00fcr\u00fcld\u00fc. \u018fm\u0259liyyatdan sonra 5 ay h\u0259kim n\u0259zar\u0259tind\u0259 qald\u0131. Normal idi. 5 aydan sonra ev\u0259 g\u0259tirdik. H\u0259min g\u00fcnd\u0259n d\u0259 v\u0259ziyy\u0259ti pis\u0259 do\u011fru getdi\u201d.\n<\/p>\n<p>\n  Qarda\u015f\u0131 deyir ki, \u00dclviyy\u0259ni daim borc-x\u0259rc edib Bak\u0131ya m\u00fcalic\u0259y\u0259 apar\u0131blar. \u018fm\u0259liyyat ed\u0259n h\u0259kim h\u0259r d\u0259f\u0259sind\u0259 bahal\u0131 d\u0259rmanlar, m\u00fcalic\u0259l\u0259rl\u0259 onun durumunu qism\u0259n yax\u015f\u0131la\u015fd\u0131r\u0131b. Ancaq tam a\u011f\u0131rla\u015fandan sonra onlardan \u00fcz d\u00f6nd\u0259rib:\n<\/p>\n<p>\n  \u201cDeyir, v\u0259ziyy\u0259ti pisdir, apar\u0131n x\u0259st\u0259xanaya. M\u0259n \u0259limd\u0259n g\u0259l\u0259ni etmi\u015f\u0259m, \u0259m\u0259liyyat u\u011furlu ke\u00e7ib v\u0259 s. B\u0259s biz n\u0259 ed\u0259k? Yevlax x\u0259st\u0259xanas\u0131na apara bilm\u0259rik. Ordak\u0131lar\u0131n ba\u015f\u0131 \u00e7\u0131xm\u0131r. \u0130ndi yatd\u0131\u011f\u0131 x\u0259st\u0259xana da onun m\u00fcalic\u0259sini d\u00fczg\u00fcn h\u0259yata ke\u00e7ir\u0259 bilmir. Reanimasiyadad\u0131r, pis g\u00fcn\u0259 qal\u0131b, ar\u0131qlay\u0131b, biz n\u0259 ed\u0259k? Bu q\u0259d\u0259r pul t\u00f6kd\u00fck, h\u0259kim Mirc\u0259lal Kaz\u0131mi s\u00f6z verdi, dedi, normal insanlar kimi ya\u015fayacaq. Han\u0131? He\u00e7 kim d\u0259rdin\u0259 d\u0259rman tapa bilmir\u201d.\n<\/p>\n<p>\n  Telman Sad\u0131qov deyir ki, \u00fcst\u0259lik, Yevlax sakinl\u0259ri ill\u0259rdir ki, s\u0131\u011fortal\u0131d\u0131r. Orada h\u0259kiml\u0259r, x\u0259st\u0259xanalar icbari tibbi s\u0131\u011forta il\u0259 i\u015fl\u0259yirl\u0259r. Odur ki, bac\u0131s\u0131n\u0131n da s\u0131\u011fortas\u0131 var. Ancaq he\u00e7 bir i\u015f\u0259 yaram\u0131r:\n<\/p>\n<figure class=\"wp-block-image size-large\">\n  <img decoding=\"async\" src=\"https:\/\/www.meydan.tv\/az\/__4__-jpg\/\" alt=\"__4__.jpg\" class=\"wp-image-146698\"\/><figcaption>\n    R\u0259\u015fid V\u0259zirovun Telman Sad\u0131qova cavab m\u0259ktubu<br \/>\n  <\/figcaption><\/figure>\n<p>\n  \u201c2019-cu ild\u0259n s\u0131\u011fortan\u0131n g\u00f6nd\u0259ri\u015fi il\u0259 bac\u0131ma m\u00fcxt\u0259lif diaqnozlar qoyulub, m\u00fcxt\u0259lif m\u00fcayin\u0259 n\u0259tic\u0259l\u0259ri \u00e7\u0131xar\u0131l\u0131b. Hal-haz\u0131rda da onunla ba\u011fl\u0131 m\u0259hk\u0259m\u0259 ara\u015fd\u0131rmas\u0131 gedir. Ancaq bac\u0131m konkret tibbi yard\u0131mdan tam m\u0259hrum edilmi\u015f \u015f\u0259kild\u0259 ortal\u0131qda qal\u0131b. M\u00fct\u0259madi r\u0259smi m\u00fcraci\u0259tl\u0259r edirik. 2019-cu ilin sentyabr\u0131nda icbari tibbi s\u0131\u011fortan\u0131n g\u00f6nd\u0259ri\u015fi il\u0259 g\u0259ldik RDM x\u0259st\u0259xanas\u0131na. Orda 5-6 g\u00fcn yatd\u0131. Sonra biz\u0259 s\u0259n\u0259d verdil\u0259r ki, x\u0259st\u0259nin durumu a\u011f\u0131rd\u0131r, apar\u0131n ev\u0259. H\u0259min vaxtdan x\u0259st\u0259 69 ya\u015fl\u0131 anas\u0131 v\u0259 m\u0259niml\u0259 qal\u0131b. He\u00e7 bir tibbi yard\u0131m g\u00f6st\u0259rilm\u0259yib ona. \u0130ndi d\u0259 yen\u0259 x\u0259st\u0259xanadad\u0131r v\u0259 m\u00fcalic\u0259l\u0259rin t\u0259siri yoxdur\u201d.\n<\/p>\n<p>\n  Telman Sad\u0131qov deyir ki, ill\u0259rdir x\u0259st\u0259xanalara pul t\u00f6k\u00fcrl\u0259r:\n<\/p>\n<p>\n  \u201cBilirsiniz n\u0259 q\u0259d\u0259r borcumuz var? M\u0259n h\u0259l\u0259 \u00f6mr\u00fcm\u00fcn 20-30 ilini i\u015fl\u0259y\u0259m, yeyib-i\u00e7m\u0259y\u0259m ki, o borcu \u00f6d\u0259yib qurtaram. H\u0259rt\u0259r\u0259fli pis v\u0259ziyy\u0259td\u0259yik\u201d.\n<\/p>\n<p>\n  Telman Sad\u0131qov v\u0259 69 ya\u015fl\u0131 anas\u0131 Prezident \u0130lham \u018fliyev\u0259, S\u0259hiyy\u0259 nazirin\u0259, \u00f6lk\u0259 r\u0259hb\u0259rliyin\u0259 m\u00fcraci\u0259t edir. Xahi\u015f edirl\u0259r ki, 35 ya\u015fl\u0131 \u00dclviyy\u0259 Sad\u0131qovan\u0131n m\u00fcalic\u0259sinin ona uy\u011fun, ixtisasl\u0131 x\u0259st\u0259xanada davam etm\u0259si \u00fc\u00e7\u00fcn g\u00f6st\u0259ri\u015f verilsin:\n<\/p>\n<p>\n  \u201cXahi\u015f edirik, bizi ixtisasl\u0131 x\u0259st\u0259xanaya, bu sah\u0259d\u0259 bilikli, bacar\u0131ql\u0131 h\u0259kiml\u0259rin oldu\u011fu bir yer\u0259 k\u00f6\u00e7\u00fcrs\u00fcnl\u0259r. Bac\u0131m \u00e7ox a\u011f\u0131r durumdad\u0131r, biz \u00e7ox \u00fcz\u00fcl\u00fcr\u00fck, sa\u011falmas\u0131n\u0131 ist\u0259yirik, ancaq indi ald\u0131\u011f\u0131 m\u00fcalic\u0259 v\u0259ziyy\u0259tini g\u00fcn\u00fc-g\u00fcnd\u0259n a\u011f\u0131rla\u015fd\u0131r\u0131r. Nolar, biz\u0259 k\u00f6m\u0259k edin. Ay\u0131n 15-d\u0259n v\u0259ziyy\u0259ti daha da a\u011f\u0131rla\u015f\u0131b. Qan\u0131 yar\u0131ya d\u00fc\u015f\u00fcb. Qan da vurulmur. Normal m\u00fcalic\u0259 edilmir. Hans\u0131 h\u0259kim\u0259, x\u0259st\u0259xanaya m\u00fcraci\u0259t edirik, yaz\u0131l\u0131 cavab verirl\u0259r ki, bizlik deyil, orqan k\u00f6\u00e7\u00fcr\u0259n h\u0259kim\u0259 m\u00fcraci\u0259t edin\u201d.\n<\/p>\n<p>\n  Sonda Telman Sad\u0131qov deyir ki, S\u0259hiyy\u0259 Nazirliyi, T\u018fB\u0130B ola-ola bu g\u00fcn o Prezident\u0259, xeyirxah insanlara m\u00fcraci\u0259t etm\u0259k m\u0259cburiyy\u0259tind\u0259 qal\u0131b:\n<\/p>\n<p>\n  \u201cBu q\u0259d\u0259r qurum olan bir \u00f6lk\u0259d\u0259 biz niy\u0259 insanlar\u0131n m\u0259rh\u0259m\u0259tin\u0259 m\u00f6htac qalmal\u0131y\u0131q? Yaxud dil\u0259n\u00e7i v\u0259ziyy\u0259tin\u0259 sal\u0131nmal\u0131y\u0131q? Haz\u0131rda bac\u0131m\u0131n qana ehtiyac\u0131 var v\u0259 biz bunun \u00fc\u00e7\u00fcn yen\u0259 xeyirxah isanlara m\u00fcraci\u0259t edirik. Xahi\u015f edir\u0259m, bizim x\u0259st\u0259mizi ixtisasl\u0131 bir x\u0259st\u0259xanaya k\u00f6\u00e7\u00fcr\u00fcn, onu laz\u0131m olan qanla t\u0259min edin\u201d.\n<\/p>\n<p>\n  Akademik Mirqas\u0131mov ad\u0131na Respublika Klinik X\u0259st\u0259xanas\u0131n\u0131n reanimasiya \u015f\u00f6b\u0259sind\u0259n Meydan TV-y\u0259 x\u0259st\u0259nin v\u0259ziyy\u0259tinin kritik a\u011f\u0131r oldu\u011funu deyibl\u0259r:\n<\/p>\n<p>\n  \u201cBurada n\u0259 bizim, n\u0259 d\u0259 qaraciy\u0259r k\u00f6\u00e7\u00fcr\u0259n h\u0259kimin g\u00fcnah\u0131 var. Bu x\u0259st\u0259d\u0259 qaraciy\u0259r serrozu olub v\u0259 orqan k\u00f6\u00e7\u00fcr\u00fclm\u0259 \u0259m\u0259liyyat\u0131 edilib. Zamanla yeni k\u00f6\u00e7\u00fcr\u00fcl\u0259n orqanda da eyni x\u0259st\u0259lik yaran\u0131b. Y\u0259ni bu insanda x\u0259st\u0259lik irsidir v\u0259 zamanla yarana bil\u0259r. Biz \u0259limizd\u0259n g\u0259l\u0259ni edirik, amma v\u0259ziyy\u0259ti \u00e7ox a\u011f\u0131rd\u0131r. Ar\u0131qlay\u0131b, s\u00fcm\u00fckl\u0259ri funksiyas\u0131n\u0131 itirib. Amma h\u0259qiq\u0259t\u0259n n\u0259 laz\u0131md\u0131r edirik, etmi\u015fik\u201d.\n<\/p>\n<p>\n  \u00dclviyy\u0259 Sad\u0131qovan\u0131n haz\u0131rki h\u0259kimi Xalid\u0259 \u0130smay\u0131lova da v\u0259ziyy\u0259tinin a\u011f\u0131r oldu\u011funu deyib: \u201cBura g\u0259l\u0259nd\u0259 d\u0259 a\u011f\u0131r v\u0259ziyy\u0259td\u0259dir, biz d\u0259 \u0259limizd\u0259n g\u0259l\u0259ni edirik. Ancaq dediyim kimi, durumu ciddidir\u201d.\n<\/p>\n<p>\n  X\u0259st\u0259ni 2014-c\u00fc ild\u0259 \u0259m\u0259liyyat ed\u0259n h\u0259kim Mirc\u0259lal Kaz\u0131mi is\u0259 Meydan TV-y\u0259 deyib ki, bir x\u0259st\u0259ni uzun ill\u0259r \u00f6nc\u0259 \u0259m\u0259liyyat edibs\u0259, bu, o dem\u0259k deyil ki, ona ba\u015fqa h\u0259kim baxa bilm\u0259z. \u018fg\u0259r v\u0259ziyy\u0259ti pisl\u0259\u015fibs\u0259, x\u0259st\u0259xanaya, h\u0259kim\u0259 m\u00fcraci\u0259t etsin.<\/p>\n","protected":false},"excerpt":{"rendered":"<p>Xahi\u015f edirl\u0259r ki, 35 ya\u015fl\u0131 \u00dclviyy\u0259 Sad\u0131qovan\u0131n m\u00fcalic\u0259sinin ona uy\u011fun, ixtisasl\u0131 x\u0259st\u0259xanada davam etm\u0259si \u00fc\u00e7\u00fcn g\u00f6st\u0259ri\u015f verilsin:<\/p>\n","protected":false},"author":11,"featured_media":146695,"comment_status":"closed","ping_status":"open","sticky":false,"template":"","format":"standard","meta":{"_acf_changed":false,"_sitemap_exclude":false,"_sitemap_priority":"","_sitemap_frequency":"","footnotes":""},"categories":[60],"tags":[],"class_list":["post-202115","post","type-post","status-publish","format-standard","has-post-thumbnail","hentry","category-bolge","infinite-scroll-item","generate-columns","tablet-grid-50","mobile-grid-100","grid-parent","grid-33","no-featured-image-padding"],"acf":[],"yoast_head":"<!-- This site is optimized with the Yoast SEO plugin v27.5 - https:\/\/yoast.com\/product\/yoast-seo-wordpress\/ -->\n<title>\u201cH\u0259kim Mirc\u0259lal Kaz\u0131mi s\u00f6z verdi ki, sa\u011falacaq, amma \u2026&quot; - MEYDAN.TV<\/title>\n<meta name=\"robots\" content=\"index, follow, max-snippet:-1, max-image-preview:large, max-video-preview:-1\" \/>\n<link rel=\"canonical\" href=\"https:\/\/www.meydan.tv\/az\/article\/hekim-mircelal-kazimi-soz-verdi-ki-sagalacaq-amma\/\" \/>\n<meta property=\"og:locale\" content=\"az_AZ\" \/>\n<meta property=\"og:type\" content=\"article\" \/>\n<meta property=\"og:title\" content=\"\u201cH\u0259kim Mirc\u0259lal Kaz\u0131mi s\u00f6z verdi ki, sa\u011falacaq, amma \u2026&quot; - MEYDAN.TV\" \/>\n<meta property=\"og:description\" content=\"Xahi\u015f edirl\u0259r ki, 35 ya\u015fl\u0131 \u00dclviyy\u0259 Sad\u0131qovan\u0131n m\u00fcalic\u0259sinin ona uy\u011fun, ixtisasl\u0131 x\u0259st\u0259xanada davam etm\u0259si \u00fc\u00e7\u00fcn g\u00f6st\u0259ri\u015f verilsin:\" \/>\n<meta property=\"og:url\" content=\"https:\/\/www.meydan.tv\/az\/article\/hekim-mircelal-kazimi-soz-verdi-ki-sagalacaq-amma\/\" \/>\n<meta property=\"og:site_name\" content=\"MEYDAN.TV\" \/>\n<meta property=\"article:published_time\" content=\"2020-08-25T13:46:12+00:00\" \/>\n<meta property=\"og:image\" content=\"https:\/\/www.meydan.tv\/wp-content\/uploads\/image_from_ios_t2wlilz-scaled.jpg\" \/>\n\t<meta property=\"og:image:width\" content=\"2560\" \/>\n\t<meta property=\"og:image:height\" content=\"1920\" \/>\n\t<meta property=\"og:image:type\" content=\"image\/jpeg\" \/>\n<meta name=\"author\" content=\"user-manager\" \/>\n<meta name=\"twitter:card\" content=\"summary_large_image\" \/>\n<script type=\"application\/ld+json\" class=\"yoast-schema-graph\">{\"@context\":\"https:\\\/\\\/schema.org\",\"@graph\":[{\"@type\":\"Article\",\"@id\":\"https:\\\/\\\/www.meydan.tv\\\/az\\\/article\\\/hekim-mircelal-kazimi-soz-verdi-ki-sagalacaq-amma\\\/#article\",\"isPartOf\":{\"@id\":\"https:\\\/\\\/www.meydan.tv\\\/az\\\/article\\\/hekim-mircelal-kazimi-soz-verdi-ki-sagalacaq-amma\\\/\"},\"author\":{\"name\":\"user-manager\",\"@id\":\"https:\\\/\\\/www.meydan.tv\\\/az\\\/#\\\/schema\\\/person\\\/10d11eccf6da3662cf5fdab9806ea91a\"},\"headline\":\"\u201cH\u0259kim Mirc\u0259lal Kaz\u0131mi s\u00f6z verdi ki, sa\u011falacaq, amma \u2026&#8221;\",\"datePublished\":\"2020-08-25T13:46:12+00:00\",\"mainEntityOfPage\":{\"@id\":\"https:\\\/\\\/www.meydan.tv\\\/az\\\/article\\\/hekim-mircelal-kazimi-soz-verdi-ki-sagalacaq-amma\\\/\"},\"wordCount\":1389,\"publisher\":{\"@id\":\"https:\\\/\\\/www.meydan.tv\\\/az\\\/#organization\"},\"image\":{\"@id\":\"https:\\\/\\\/www.meydan.tv\\\/az\\\/article\\\/hekim-mircelal-kazimi-soz-verdi-ki-sagalacaq-amma\\\/#primaryimage\"},\"thumbnailUrl\":\"https:\\\/\\\/www.meydan.tv\\\/wp-content\\\/uploads\\\/image_from_ios_t2wlilz-scaled.jpg\",\"articleSection\":[\"B\u00f6lg\u0259\"],\"inLanguage\":\"az\"},{\"@type\":\"WebPage\",\"@id\":\"https:\\\/\\\/www.meydan.tv\\\/az\\\/article\\\/hekim-mircelal-kazimi-soz-verdi-ki-sagalacaq-amma\\\/\",\"url\":\"https:\\\/\\\/www.meydan.tv\\\/az\\\/article\\\/hekim-mircelal-kazimi-soz-verdi-ki-sagalacaq-amma\\\/\",\"name\":\"\u201cH\u0259kim Mirc\u0259lal Kaz\u0131mi s\u00f6z verdi ki, sa\u011falacaq, amma \u2026\\\" - MEYDAN.TV\",\"isPartOf\":{\"@id\":\"https:\\\/\\\/www.meydan.tv\\\/az\\\/#website\"},\"primaryImageOfPage\":{\"@id\":\"https:\\\/\\\/www.meydan.tv\\\/az\\\/article\\\/hekim-mircelal-kazimi-soz-verdi-ki-sagalacaq-amma\\\/#primaryimage\"},\"image\":{\"@id\":\"https:\\\/\\\/www.meydan.tv\\\/az\\\/article\\\/hekim-mircelal-kazimi-soz-verdi-ki-sagalacaq-amma\\\/#primaryimage\"},\"thumbnailUrl\":\"https:\\\/\\\/www.meydan.tv\\\/wp-content\\\/uploads\\\/image_from_ios_t2wlilz-scaled.jpg\",\"datePublished\":\"2020-08-25T13:46:12+00:00\",\"breadcrumb\":{\"@id\":\"https:\\\/\\\/www.meydan.tv\\\/az\\\/article\\\/hekim-mircelal-kazimi-soz-verdi-ki-sagalacaq-amma\\\/#breadcrumb\"},\"inLanguage\":\"az\",\"potentialAction\":[{\"@type\":\"ReadAction\",\"target\":[\"https:\\\/\\\/www.meydan.tv\\\/az\\\/article\\\/hekim-mircelal-kazimi-soz-verdi-ki-sagalacaq-amma\\\/\"]}]},{\"@type\":\"ImageObject\",\"inLanguage\":\"az\",\"@id\":\"https:\\\/\\\/www.meydan.tv\\\/az\\\/article\\\/hekim-mircelal-kazimi-soz-verdi-ki-sagalacaq-amma\\\/#primaryimage\",\"url\":\"https:\\\/\\\/www.meydan.tv\\\/wp-content\\\/uploads\\\/image_from_ios_t2wlilz-scaled.jpg\",\"contentUrl\":\"https:\\\/\\\/www.meydan.tv\\\/wp-content\\\/uploads\\\/image_from_ios_t2wlilz-scaled.jpg\",\"width\":2560,\"height\":1920,\"caption\":\"Source: Specify Source\"},{\"@type\":\"BreadcrumbList\",\"@id\":\"https:\\\/\\\/www.meydan.tv\\\/az\\\/article\\\/hekim-mircelal-kazimi-soz-verdi-ki-sagalacaq-amma\\\/#breadcrumb\",\"itemListElement\":[{\"@type\":\"ListItem\",\"position\":1,\"name\":\"Ana s\u0259hif\u0259\",\"item\":\"https:\\\/\\\/www.meydan.tv\\\/az\\\/\"},{\"@type\":\"ListItem\",\"position\":2,\"name\":\"B\u00f6lg\u0259\",\"item\":\"https:\\\/\\\/www.meydan.tv\\\/az\\\/section\\\/bolge\\\/\"},{\"@type\":\"ListItem\",\"position\":3,\"name\":\"\u201cH\u0259kim Mirc\u0259lal Kaz\u0131mi s\u00f6z verdi ki, sa\u011falacaq, amma \u2026&#8221;\"}]},{\"@type\":\"WebSite\",\"@id\":\"https:\\\/\\\/www.meydan.tv\\\/az\\\/#website\",\"url\":\"https:\\\/\\\/www.meydan.tv\\\/az\\\/\",\"name\":\"MEYDAN.TV\",\"description\":\"Meydan TV Az\u0259rbaycan\u0131n media m\u0259kan\u0131ndak\u0131 alternativ s\u0259sidir\",\"publisher\":{\"@id\":\"https:\\\/\\\/www.meydan.tv\\\/az\\\/#organization\"},\"potentialAction\":[{\"@type\":\"SearchAction\",\"target\":{\"@type\":\"EntryPoint\",\"urlTemplate\":\"https:\\\/\\\/www.meydan.tv\\\/az\\\/?s={search_term_string}\"},\"query-input\":{\"@type\":\"PropertyValueSpecification\",\"valueRequired\":true,\"valueName\":\"search_term_string\"}}],\"inLanguage\":\"az\"},{\"@type\":\"Organization\",\"@id\":\"https:\\\/\\\/www.meydan.tv\\\/az\\\/#organization\",\"name\":\"Meydan TV\",\"url\":\"https:\\\/\\\/www.meydan.tv\\\/az\\\/\",\"logo\":{\"@type\":\"ImageObject\",\"inLanguage\":\"az\",\"@id\":\"https:\\\/\\\/www.meydan.tv\\\/az\\\/#\\\/schema\\\/logo\\\/image\\\/\",\"url\":\"https:\\\/\\\/www.meydan.tv\\\/wp-content\\\/uploads\\\/2021\\\/07\\\/meydan-logo.svg\",\"contentUrl\":\"https:\\\/\\\/www.meydan.tv\\\/wp-content\\\/uploads\\\/2021\\\/07\\\/meydan-logo.svg\",\"width\":195,\"height\":46,\"caption\":\"Meydan TV\"},\"image\":{\"@id\":\"https:\\\/\\\/www.meydan.tv\\\/az\\\/#\\\/schema\\\/logo\\\/image\\\/\"}},{\"@type\":\"Person\",\"@id\":\"https:\\\/\\\/www.meydan.tv\\\/az\\\/#\\\/schema\\\/person\\\/10d11eccf6da3662cf5fdab9806ea91a\",\"name\":\"user-manager\"}]}<\/script>\n<!-- \/ Yoast SEO plugin. -->","yoast_head_json":{"title":"\u201cH\u0259kim Mirc\u0259lal Kaz\u0131mi s\u00f6z verdi ki, sa\u011falacaq, amma \u2026\" - MEYDAN.TV","robots":{"index":"index","follow":"follow","max-snippet":"max-snippet:-1","max-image-preview":"max-image-preview:large","max-video-preview":"max-video-preview:-1"},"canonical":"https:\/\/www.meydan.tv\/az\/article\/hekim-mircelal-kazimi-soz-verdi-ki-sagalacaq-amma\/","og_locale":"az_AZ","og_type":"article","og_title":"\u201cH\u0259kim Mirc\u0259lal Kaz\u0131mi s\u00f6z verdi ki, sa\u011falacaq, amma \u2026\" - MEYDAN.TV","og_description":"Xahi\u015f edirl\u0259r ki, 35 ya\u015fl\u0131 \u00dclviyy\u0259 Sad\u0131qovan\u0131n m\u00fcalic\u0259sinin ona uy\u011fun, ixtisasl\u0131 x\u0259st\u0259xanada davam etm\u0259si \u00fc\u00e7\u00fcn g\u00f6st\u0259ri\u015f verilsin:","og_url":"https:\/\/www.meydan.tv\/az\/article\/hekim-mircelal-kazimi-soz-verdi-ki-sagalacaq-amma\/","og_site_name":"MEYDAN.TV","article_published_time":"2020-08-25T13:46:12+00:00","og_image":[{"width":2560,"height":1920,"url":"https:\/\/www.meydan.tv\/wp-content\/uploads\/image_from_ios_t2wlilz-scaled.jpg","type":"image\/jpeg"}],"author":"user-manager","twitter_card":"summary_large_image","schema":{"@context":"https:\/\/schema.org","@graph":[{"@type":"Article","@id":"https:\/\/www.meydan.tv\/az\/article\/hekim-mircelal-kazimi-soz-verdi-ki-sagalacaq-amma\/#article","isPartOf":{"@id":"https:\/\/www.meydan.tv\/az\/article\/hekim-mircelal-kazimi-soz-verdi-ki-sagalacaq-amma\/"},"author":{"name":"user-manager","@id":"https:\/\/www.meydan.tv\/az\/#\/schema\/person\/10d11eccf6da3662cf5fdab9806ea91a"},"headline":"\u201cH\u0259kim Mirc\u0259lal Kaz\u0131mi s\u00f6z verdi ki, sa\u011falacaq, amma \u2026&#8221;","datePublished":"2020-08-25T13:46:12+00:00","mainEntityOfPage":{"@id":"https:\/\/www.meydan.tv\/az\/article\/hekim-mircelal-kazimi-soz-verdi-ki-sagalacaq-amma\/"},"wordCount":1389,"publisher":{"@id":"https:\/\/www.meydan.tv\/az\/#organization"},"image":{"@id":"https:\/\/www.meydan.tv\/az\/article\/hekim-mircelal-kazimi-soz-verdi-ki-sagalacaq-amma\/#primaryimage"},"thumbnailUrl":"https:\/\/www.meydan.tv\/wp-content\/uploads\/image_from_ios_t2wlilz-scaled.jpg","articleSection":["B\u00f6lg\u0259"],"inLanguage":"az"},{"@type":"WebPage","@id":"https:\/\/www.meydan.tv\/az\/article\/hekim-mircelal-kazimi-soz-verdi-ki-sagalacaq-amma\/","url":"https:\/\/www.meydan.tv\/az\/article\/hekim-mircelal-kazimi-soz-verdi-ki-sagalacaq-amma\/","name":"\u201cH\u0259kim Mirc\u0259lal Kaz\u0131mi s\u00f6z verdi ki, sa\u011falacaq, amma \u2026\" - MEYDAN.TV","isPartOf":{"@id":"https:\/\/www.meydan.tv\/az\/#website"},"primaryImageOfPage":{"@id":"https:\/\/www.meydan.tv\/az\/article\/hekim-mircelal-kazimi-soz-verdi-ki-sagalacaq-amma\/#primaryimage"},"image":{"@id":"https:\/\/www.meydan.tv\/az\/article\/hekim-mircelal-kazimi-soz-verdi-ki-sagalacaq-amma\/#primaryimage"},"thumbnailUrl":"https:\/\/www.meydan.tv\/wp-content\/uploads\/image_from_ios_t2wlilz-scaled.jpg","datePublished":"2020-08-25T13:46:12+00:00","breadcrumb":{"@id":"https:\/\/www.meydan.tv\/az\/article\/hekim-mircelal-kazimi-soz-verdi-ki-sagalacaq-amma\/#breadcrumb"},"inLanguage":"az","potentialAction":[{"@type":"ReadAction","target":["https:\/\/www.meydan.tv\/az\/article\/hekim-mircelal-kazimi-soz-verdi-ki-sagalacaq-amma\/"]}]},{"@type":"ImageObject","inLanguage":"az","@id":"https:\/\/www.meydan.tv\/az\/article\/hekim-mircelal-kazimi-soz-verdi-ki-sagalacaq-amma\/#primaryimage","url":"https:\/\/www.meydan.tv\/wp-content\/uploads\/image_from_ios_t2wlilz-scaled.jpg","contentUrl":"https:\/\/www.meydan.tv\/wp-content\/uploads\/image_from_ios_t2wlilz-scaled.jpg","width":2560,"height":1920,"caption":"Source: Specify Source"},{"@type":"BreadcrumbList","@id":"https:\/\/www.meydan.tv\/az\/article\/hekim-mircelal-kazimi-soz-verdi-ki-sagalacaq-amma\/#breadcrumb","itemListElement":[{"@type":"ListItem","position":1,"name":"Ana s\u0259hif\u0259","item":"https:\/\/www.meydan.tv\/az\/"},{"@type":"ListItem","position":2,"name":"B\u00f6lg\u0259","item":"https:\/\/www.meydan.tv\/az\/section\/bolge\/"},{"@type":"ListItem","position":3,"name":"\u201cH\u0259kim Mirc\u0259lal Kaz\u0131mi s\u00f6z verdi ki, sa\u011falacaq, amma \u2026&#8221;"}]},{"@type":"WebSite","@id":"https:\/\/www.meydan.tv\/az\/#website","url":"https:\/\/www.meydan.tv\/az\/","name":"MEYDAN.TV","description":"Meydan TV Az\u0259rbaycan\u0131n media m\u0259kan\u0131ndak\u0131 alternativ s\u0259sidir","publisher":{"@id":"https:\/\/www.meydan.tv\/az\/#organization"},"potentialAction":[{"@type":"SearchAction","target":{"@type":"EntryPoint","urlTemplate":"https:\/\/www.meydan.tv\/az\/?s={search_term_string}"},"query-input":{"@type":"PropertyValueSpecification","valueRequired":true,"valueName":"search_term_string"}}],"inLanguage":"az"},{"@type":"Organization","@id":"https:\/\/www.meydan.tv\/az\/#organization","name":"Meydan TV","url":"https:\/\/www.meydan.tv\/az\/","logo":{"@type":"ImageObject","inLanguage":"az","@id":"https:\/\/www.meydan.tv\/az\/#\/schema\/logo\/image\/","url":"https:\/\/www.meydan.tv\/wp-content\/uploads\/2021\/07\/meydan-logo.svg","contentUrl":"https:\/\/www.meydan.tv\/wp-content\/uploads\/2021\/07\/meydan-logo.svg","width":195,"height":46,"caption":"Meydan TV"},"image":{"@id":"https:\/\/www.meydan.tv\/az\/#\/schema\/logo\/image\/"}},{"@type":"Person","@id":"https:\/\/www.meydan.tv\/az\/#\/schema\/person\/10d11eccf6da3662cf5fdab9806ea91a","name":"user-manager"}]}},"_links":{"self":[{"href":"https:\/\/www.meydan.tv\/az\/wp-json\/wp\/v2\/posts\/202115","targetHints":{"allow":["GET"]}}],"collection":[{"href":"https:\/\/www.meydan.tv\/az\/wp-json\/wp\/v2\/posts"}],"about":[{"href":"https:\/\/www.meydan.tv\/az\/wp-json\/wp\/v2\/types\/post"}],"author":[{"embeddable":true,"href":"https:\/\/www.meydan.tv\/az\/wp-json\/wp\/v2\/users\/11"}],"replies":[{"embeddable":true,"href":"https:\/\/www.meydan.tv\/az\/wp-json\/wp\/v2\/comments?post=202115"}],"version-history":[{"count":0,"href":"https:\/\/www.meydan.tv\/az\/wp-json\/wp\/v2\/posts\/202115\/revisions"}],"wp:featuredmedia":[{"embeddable":true,"href":"https:\/\/www.meydan.tv\/az\/wp-json\/wp\/v2\/media\/146695"}],"wp:attachment":[{"href":"https:\/\/www.meydan.tv\/az\/wp-json\/wp\/v2\/media?parent=202115"}],"wp:term":[{"taxonomy":"category","embeddable":true,"href":"https:\/\/www.meydan.tv\/az\/wp-json\/wp\/v2\/categories?post=202115"},{"taxonomy":"post_tag","embeddable":true,"href":"https:\/\/www.meydan.tv\/az\/wp-json\/wp\/v2\/tags?post=202115"}],"curies":[{"name":"wp","href":"https:\/\/api.w.org\/{rel}","templated":true}]}}