{"id":202114,"date":"2020-08-25T13:45:02","date_gmt":"2020-08-25T13:45:02","guid":{"rendered":"https:\/\/www.meydan.tv\/article\/zaqatala-sakini-fovqelade-hallar-nazirliyi-evime-ayrilan-pulu-mene-demir\/"},"modified":"2020-08-25T13:45:02","modified_gmt":"2020-08-25T13:45:02","slug":"zaqatala-sakini-fovqelade-hallar-nazirliyi-evime-ayrilan-pulu-mene-demir","status":"publish","type":"post","link":"https:\/\/www.meydan.tv\/az\/article\/zaqatala-sakini-fovqelade-hallar-nazirliyi-evime-ayrilan-pulu-mene-demir\/","title":{"rendered":"Zaqatala sakini: F\u00f6vq\u0259lad\u0259 Hallar Nazirliyi evim\u0259 ayr\u0131lan pulu m\u0259n\u0259 demir"},"content":{"rendered":"<p>\n  <i><br \/>\n    \u201cBel\u0259 \u00e7\u0131x\u0131r ki, m\u0259nim evimi \u00f6z\u00fcmd\u0259n gizlin tikibl\u0259r\u201d<br \/>\n  <\/i>\n<\/p>\n<p>\n  Zaqatala rayonunun \u00c7obankol k\u0259ndind\u0259 Eldar Atayev\u0259 m\u0259xsus ev son s\u0259kkiz ild\u0259 iki d\u0259f\u0259 yerl\u0259-yeksan olub. Birinci d\u0259f\u0259 2012-ci ild\u0259 z\u0259lz\u0259l\u0259d\u0259n, ikinci d\u0259f\u0259 d\u0259 2019-cu ilin 27 iyulunda yan\u011f\u0131ndan&#8230;\n<\/p>\n<p>\n  Eldar Atayev Meydan TV-y\u0259 dan\u0131\u015f\u0131r ki, ikim\u0259rt\u0259b\u0259li, be\u015fotaql\u0131 bu ev atas\u0131ndan qal\u0131b:\n<\/p>\n<p>\n  \u201cEv r\u0259hm\u0259tlik atamdan qalsa da, sonradan \u00f6z\u00fcm xeyli \u0259l g\u0259zdirmi\u015fdim. Dem\u0259k olar ki, yenid\u0259n tikmi\u015fdim. 2012-ci ilin may\u0131nda Zaqatalada z\u0259lz\u0259l\u0259 olanda bizim evin divarlar\u0131 da bir ne\u00e7\u0259 yerd\u0259n \u0259m\u0259lli-ba\u015fl\u0131 partlad\u0131. H\u00f6kum\u0259t n\u00fcmay\u0259nd\u0259l\u0259ri g\u0259ldi, yoxlad\u0131lar. S\u00fcbut olundu ki, ev q\u0259zal\u0131 v\u0259ziyy\u0259td\u0259dir, bu bar\u0259d\u0259 r\u0259y verdil\u0259r. Sonra o evi yenid\u0259n tikib biz\u0259 verdil\u0259r. Ke\u00e7\u0259n il iyulun 27-d\u0259 yan\u0131b k\u00fcl oldu&#8230;\u201d\n<\/p>\n<p>\n  <b><br \/>\n    \u201cE\u015fitdiyim\u0259 g\u00f6r\u0259, \u00fc\u00e7otaql\u0131 ev\u0259 140-150 min pul yaz\u0131l\u0131b\u201d<br \/>\n  <\/b>\n<\/p>\n<p>\n  Ev sahibinin s\u00f6zl\u0259rin\u0259 g\u00f6r\u0259, m\u00fclk\u00fc icbari qaydada s\u0131\u011fortalanm\u0131\u015fd\u0131. Ona g\u00f6r\u0259 d\u0259 yan\u011f\u0131ndan sonra s\u0131\u011forta \u015firk\u0259tin\u0259 \u00fcz tutub. Amma t\u0259klif olunan m\u0259bl\u0259\u011f onu qane etm\u0259yib. Deyir ki, s\u0131\u011forta \u015firk\u0259ti ona \u00e7ox a\u015fa\u011f\u0131 m\u0259bl\u0259\u011f verm\u0259k ist\u0259yir. E.Atayev \u0259mlak\u0131n\u0131n d\u0259y\u0259rini s\u00fcbut etm\u0259k \u00fc\u00e7\u00fcn F\u00f6vq\u0259lad\u0259 Hallar Nazirliyin\u0259 \u00fcz tutub ki, evin\u0259 x\u0259rcl\u0259nmi\u015f v\u0259sait v\u0259 podrat\u00e7\u0131 \u015firk\u0259t haqda m\u0259lumat\u0131 al\u0131b, s\u0131\u011forta \u015firk\u0259tin\u0259 t\u0259qdim ed\u0259 bilsin:\n<\/p>\n<p>\n  \u201cF\u00f6vq\u0259lad\u0259 Hallar\u0131n r\u0259yi v\u0259 ba\u015fqa s\u0259n\u0259dl\u0259rin ham\u0131s\u0131 bizd\u0259dir. Onlar\u0131 s\u0131\u011forta \u015firk\u0259tin\u0259 t\u0259qdim el\u0259mi\u015fik. Amma o s\u0259n\u0259dl\u0259rd\u0259 evin tikintisin\u0259 n\u0259 q\u0259d\u0259r pul x\u0259rcl\u0259ndiyi yoxdur. Ev yan\u0131b k\u00fcl olub. S\u00fcbut el\u0259y\u0259 d\u0259 bilmirik ki, ne\u00e7\u0259y\u0259 ba\u015fa g\u0259lib. M\u0259n d\u0259 smetan\u0131 bilmir\u0259m. E\u015fitdiyim\u0259 g\u00f6r\u0259, \u00fc\u00e7otaql\u0131 ev\u0259 140-150 min pul yaz\u0131l\u0131b. Yen\u0259 deyir\u0259m, e\u015fitdiyimdir, d\u0259qiq bilmir\u0259m. Pulu s\u0131\u011forta \u015firk\u0259tind\u0259n t\u0259l\u0259b etm\u0259k \u00fc\u00e7\u00fcn tikintinin smetas\u0131n\u0131 m\u00fc\u0259yy\u0259nl\u0259\u015fdirm\u0259liyik ki, ne\u00e7\u0259y\u0259 ba\u015fa g\u0259lmi\u015fdi&#8230;\u201d\n<\/p>\n<figure class=\"wp-block-image size-large\">\n  <img decoding=\"async\" src=\"https:\/\/www.meydan.tv\/az\/image_from_ios-1-jpg-143\/\" alt=\"image_from_ios (1).jpg\" class=\"wp-image-146722\"\/><figcaption>\n    \u201cEv r\u0259hm\u0259tlik atamdan qalsa da, sonradan \u00f6z\u00fcm xeyli \u0259l g\u0259zdirmi\u015fdim&#8221;.<br \/>\n  <\/figcaption><\/figure>\n<p>\n  <b><br \/>\n    \u201c\u00d6z evim\u0259 x\u0259rcl\u0259n\u0259n pulu m\u0259n\u0259 demirl\u0259r\u201d<br \/>\n  <\/b>\n<\/p>\n<p>\n  E.Atayev deyir ki, \u00f6z\u00fc d\u0259, v\u0259kili d\u0259 d\u0259f\u0259l\u0259rl\u0259 FHN-n\u0259 sor\u011fu g\u00f6nd\u0259rib, m\u0259ktublar yaz\u0131b. Amma onun evinin tikintisin\u0259 x\u0259rcl\u0259n\u0259n m\u0259bl\u0259\u011f bar\u0259d\u0259 m\u0259lumat almaq c\u0259hdl\u0259ri u\u011fursuz olub. Nazirlik bir ne\u00e7\u0259 sor\u011fuya \u00fcmumiyy\u0259tl\u0259, cavab verm\u0259yib. Cavab verdikl\u0259rind\u0259 d\u0259 yaz\u0131l\u0131b ki, bu bar\u0259d\u0259 m\u0259lumat m\u0259xfidir, daxili istifad\u0259 \u00fc\u00e7\u00fcn n\u0259z\u0259rd\u0259 tutulub, a\u00e7\u0131qlana bilm\u0259z: \u201cBirincisi, d\u00f6vl\u0259t b\u00fcdc\u0259sind\u0259n ayr\u0131lan v\u0259saitin x\u0259rcl\u0259nm\u0259sind\u0259n s\u00f6hb\u0259t gedir, bu m\u0259s\u0259l\u0259d\u0259 \u015f\u0259ffafl\u0131q olmal\u0131d\u0131r. \u0130kincisi, \u00f6z evimin smetas\u0131n\u0131 ist\u0259yir\u0259m, ba\u015fqas\u0131na aid m\u0259lumat\u0131 ist\u0259mir\u0259m ki. Anlaya bilmir\u0259m ki, \u00f6z evim\u0259 aid m\u0259lumat\u0131 niy\u0259 verm\u0259k ist\u0259mirl\u0259r? H\u0259tta m\u0259xfi olsa bel\u0259, \u015f\u0259xsin \u00f6z\u00fcn\u0259 verilm\u0259lidir\u201d.\n<\/p>\n<p>\n  Ev sahibinin fikrinc\u0259, m\u0259lumat\u0131n gizl\u0259dilm\u0259si \u015f\u00fcbh\u0259l\u0259r\u0259 yol a\u00e7\u0131r. Onun versiyalar\u0131ndan biri budur ki, ola bilsin, s\u0259n\u0259dl\u0259rd\u0259 x\u0259rcl\u0259n\u0259n v\u0259saitin m\u0259bl\u0259\u011fi \u015fi\u015firdilib, daha \u00e7ox g\u00f6st\u0259rilib. Bu \u00fczd\u0259n r\u0259q\u0259ml\u0259ri a\u00e7\u0131qlamaq ist\u0259mirl\u0259r.\n<\/p>\n<p>\n  <b><br \/>\n    \u201cT\u0259\u0259ss\u00fcf ki, Ombudsman s\u0259lahiyy\u0259tind\u0259n istifad\u0259 etmir\u201d<br \/>\n  <\/b>\n<\/p>\n<p>\n  FHN-d\u0259n m\u00fcsb\u0259t cavab ala bilm\u0259y\u0259n E.Babayev yard\u0131m \u00fc\u00e7\u00fcn Ombudsmana \u00fcz tutub: \u201cOmbudsman\u0131n s\u0259lahiyy\u0259ti var ki, informasiyan\u0131n verilm\u0259sini t\u0259l\u0259b etsin. Ona g\u00f6r\u0259 v\u0259kilim vasit\u0259sil\u0259 Ombudsmana m\u0259ktub yaz\u0131b xahi\u015f etdik ki, evim\u0259 x\u0259rcl\u0259n pulun m\u0259bl\u0259\u011fi v\u0259 podrat\u00e7\u0131 t\u0259\u015fkilat haqq\u0131nda m\u0259lumat\u0131 alma\u011f\u0131ma yard\u0131m\u00e7\u0131 olsun. Amma bu c\u0259hdimiz d\u0259 h\u0259l\u0259 n\u0259tic\u0259siz qal\u0131b. T\u0259\u0259ss\u00fcf ki, Ombudsman bu c\u00fcr m\u0259s\u0259l\u0259l\u0259rd\u0259 \u00f6z s\u0259lahiyy\u0259tind\u0259n istifad\u0259 etmir\u201d.\n<\/p>\n<figure class=\"wp-block-image size-large\">\n  <img decoding=\"async\" src=\"https:\/\/www.meydan.tv\/az\/copy_of_untitled9-png-9\/\" alt=\"copy_of_untitled9.png\" class=\"wp-image-146734\"\/><figcaption>\n    Eldar Atayev<br \/>\n  <\/figcaption><\/figure>\n<p>\n  <b><br \/>\n    F\u00f6vq\u0259lad\u0259 Hallar Komissiyas\u0131n\u0131n s\u0259dri: \u201cTikintini nazirlik apar\u0131b\u201d<br \/>\n  <\/b>\n<\/p>\n<p>\n  E.Atayev evin\u0259 aid m\u0259lumatlar\u0131 almaq \u00fc\u00e7\u00fcn Zaqatala Rayon \u0130cra Hakimiyy\u0259tin\u0259 d\u0259 m\u00fcraci\u0259t edib. \u00c7\u00fcnki icra ba\u015f\u00e7\u0131s\u0131n\u0131n birinci m\u00fcavini h\u0259m d\u0259 rayonda F\u00f6vq\u0259lad\u0259 Hallar Komissiyas\u0131n\u0131n s\u0259dridir.\n<\/p>\n<p>\n  \u201cZaqatala rayonunda z\u0259lz\u0259l\u0259d\u0259n sonra q\u0259zal\u0131 v\u0259ziyy\u0259t\u0259 d\u00fc\u015fm\u00fc\u015f f\u0259rdi ya\u015fay\u0131\u015f evl\u0259rinin tikintisi F\u00f6vq\u0259lad\u0259 Hallar Nazirliyi t\u0259r\u0259find\u0259n apar\u0131ld\u0131\u011f\u0131ndan ist\u0259nil\u0259n m\u0259lumatlar\u0131 almaq \u00fc\u00e7\u00fcn bu quruma m\u00fcraci\u0259t etm\u0259k t\u00f6vsiy\u0259 olunur\u201d, &#8211; icra ba\u015f\u00e7\u0131s\u0131n\u0131n birinci m\u00fcavini, komissiyan\u0131n s\u0259dri Tofiq \u018fhm\u0259dovun imzas\u0131yla E.Atayev\u0259 g\u0259l\u0259n cavab m\u0259ktubunda bel\u0259 yaz\u0131l\u0131b.\n<\/p>\n<p>\n  Zaqatala Rayon \u0130cra Hakimiyy\u0259tind\u0259n Meydan TV-y\u0259 bildirilib ki, bu m\u0259s\u0259l\u0259l\u0259rl\u0259 FHN m\u0259\u015f\u011ful oldu\u011fundan onlarda m\u0259lumat yoxdur. FHN-d\u0259n is\u0259 m\u00fcnasib\u0259t \u00f6yr\u0259nm\u0259k m\u00fcmk\u00fcn olmay\u0131b.\n<\/p>\n<p>\n  E.Atayev haz\u0131rda m\u0259hk\u0259m\u0259d\u0259 s\u0131\u011forta \u015firk\u0259til\u0259 \u00e7\u0259ki\u015fir. Amma yax\u0131n g\u00fcnl\u0259rd\u0259 FHN-n\u0259 qar\u015f\u0131 da ayr\u0131ca iddia qald\u0131rmaq niyy\u0259tind\u0259dir: \u201cBel\u0259 \u00e7\u0131x\u0131r ki, m\u0259nim evimi m\u0259nd\u0259n gizli tikibl\u0259r&#8230;\u201d.\n<\/p>\n<figure class=\"wp-block-image size-large\">\n  <img decoding=\"async\" src=\"https:\/\/www.meydan.tv\/az\/image_from_ios-jpg-187\/\" alt=\"image_from_ios.jpg\" class=\"wp-image-146719\"\/><figcaption>\n    &#8220;Anlaya bilmir\u0259m ki, \u00f6z evim\u0259 aid m\u0259lumat\u0131 niy\u0259 verm\u0259k ist\u0259mirl\u0259r?&#8221;<br \/>\n  <\/figcaption><\/figure>\n<figure class=\"wp-block-image size-large\">\n  <img decoding=\"async\" src=\"https:\/\/www.meydan.tv\/az\/image_from_ios_3_rydj1so\/\" alt=\"image_from_ios_3_rydj1so\" class=\"wp-image-146725\"\/><figcaption>\n    \u0130cra Hakimiyy\u0259tinin cavab m\u0259ktubu<br \/>\n  <\/figcaption><\/figure>\n","protected":false},"excerpt":{"rendered":"<p>\u201cOmbudsman\u0131n s\u0259lahiyy\u0259ti var ki, informasiyan\u0131n verilm\u0259sini t\u0259l\u0259b etsin&#8221;.<\/p>\n","protected":false},"author":11,"featured_media":146731,"comment_status":"closed","ping_status":"open","sticky":false,"template":"","format":"standard","meta":{"_acf_changed":false,"_sitemap_exclude":false,"_sitemap_priority":"","_sitemap_frequency":"","footnotes":""},"categories":[60],"tags":[],"class_list":["post-202114","post","type-post","status-publish","format-standard","has-post-thumbnail","hentry","category-bolge","infinite-scroll-item","generate-columns","tablet-grid-50","mobile-grid-100","grid-parent","grid-33","no-featured-image-padding"],"acf":[],"yoast_head":"<!-- This site is optimized with the Yoast SEO plugin v27.5 - https:\/\/yoast.com\/product\/yoast-seo-wordpress\/ -->\n<title>Zaqatala sakini: F\u00f6vq\u0259lad\u0259 Hallar Nazirliyi evim\u0259 ayr\u0131lan pulu m\u0259n\u0259 demir - MEYDAN.TV<\/title>\n<meta name=\"robots\" content=\"index, follow, max-snippet:-1, max-image-preview:large, max-video-preview:-1\" \/>\n<link rel=\"canonical\" href=\"https:\/\/www.meydan.tv\/az\/article\/zaqatala-sakini-fovqelade-hallar-nazirliyi-evime-ayrilan-pulu-mene-demir\/\" \/>\n<meta property=\"og:locale\" content=\"az_AZ\" \/>\n<meta property=\"og:type\" content=\"article\" \/>\n<meta property=\"og:title\" content=\"Zaqatala sakini: F\u00f6vq\u0259lad\u0259 Hallar Nazirliyi evim\u0259 ayr\u0131lan pulu m\u0259n\u0259 demir - MEYDAN.TV\" \/>\n<meta property=\"og:description\" content=\"\u201cOmbudsman\u0131n s\u0259lahiyy\u0259ti var ki, informasiyan\u0131n verilm\u0259sini t\u0259l\u0259b etsin&quot;.\" \/>\n<meta property=\"og:url\" content=\"https:\/\/www.meydan.tv\/az\/article\/zaqatala-sakini-fovqelade-hallar-nazirliyi-evime-ayrilan-pulu-mene-demir\/\" \/>\n<meta property=\"og:site_name\" content=\"MEYDAN.TV\" \/>\n<meta property=\"article:published_time\" content=\"2020-08-25T13:45:02+00:00\" \/>\n<meta property=\"og:image\" content=\"https:\/\/www.meydan.tv\/wp-content\/uploads\/unnamed_scqqzy7.jpg\" \/>\n\t<meta property=\"og:image:width\" content=\"645\" \/>\n\t<meta property=\"og:image:height\" content=\"484\" \/>\n\t<meta property=\"og:image:type\" content=\"image\/jpeg\" \/>\n<meta name=\"author\" content=\"user-manager\" \/>\n<meta name=\"twitter:card\" content=\"summary_large_image\" \/>\n<script type=\"application\/ld+json\" class=\"yoast-schema-graph\">{\"@context\":\"https:\\\/\\\/schema.org\",\"@graph\":[{\"@type\":\"Article\",\"@id\":\"https:\\\/\\\/www.meydan.tv\\\/az\\\/article\\\/zaqatala-sakini-fovqelade-hallar-nazirliyi-evime-ayrilan-pulu-mene-demir\\\/#article\",\"isPartOf\":{\"@id\":\"https:\\\/\\\/www.meydan.tv\\\/az\\\/article\\\/zaqatala-sakini-fovqelade-hallar-nazirliyi-evime-ayrilan-pulu-mene-demir\\\/\"},\"author\":{\"name\":\"user-manager\",\"@id\":\"https:\\\/\\\/www.meydan.tv\\\/az\\\/#\\\/schema\\\/person\\\/10d11eccf6da3662cf5fdab9806ea91a\"},\"headline\":\"Zaqatala sakini: F\u00f6vq\u0259lad\u0259 Hallar Nazirliyi evim\u0259 ayr\u0131lan pulu m\u0259n\u0259 demir\",\"datePublished\":\"2020-08-25T13:45:02+00:00\",\"mainEntityOfPage\":{\"@id\":\"https:\\\/\\\/www.meydan.tv\\\/az\\\/article\\\/zaqatala-sakini-fovqelade-hallar-nazirliyi-evime-ayrilan-pulu-mene-demir\\\/\"},\"wordCount\":994,\"publisher\":{\"@id\":\"https:\\\/\\\/www.meydan.tv\\\/az\\\/#organization\"},\"image\":{\"@id\":\"https:\\\/\\\/www.meydan.tv\\\/az\\\/article\\\/zaqatala-sakini-fovqelade-hallar-nazirliyi-evime-ayrilan-pulu-mene-demir\\\/#primaryimage\"},\"thumbnailUrl\":\"https:\\\/\\\/www.meydan.tv\\\/wp-content\\\/uploads\\\/unnamed_scqqzy7.jpg\",\"articleSection\":[\"B\u00f6lg\u0259\"],\"inLanguage\":\"az\"},{\"@type\":\"WebPage\",\"@id\":\"https:\\\/\\\/www.meydan.tv\\\/az\\\/article\\\/zaqatala-sakini-fovqelade-hallar-nazirliyi-evime-ayrilan-pulu-mene-demir\\\/\",\"url\":\"https:\\\/\\\/www.meydan.tv\\\/az\\\/article\\\/zaqatala-sakini-fovqelade-hallar-nazirliyi-evime-ayrilan-pulu-mene-demir\\\/\",\"name\":\"Zaqatala sakini: F\u00f6vq\u0259lad\u0259 Hallar Nazirliyi evim\u0259 ayr\u0131lan pulu m\u0259n\u0259 demir - MEYDAN.TV\",\"isPartOf\":{\"@id\":\"https:\\\/\\\/www.meydan.tv\\\/az\\\/#website\"},\"primaryImageOfPage\":{\"@id\":\"https:\\\/\\\/www.meydan.tv\\\/az\\\/article\\\/zaqatala-sakini-fovqelade-hallar-nazirliyi-evime-ayrilan-pulu-mene-demir\\\/#primaryimage\"},\"image\":{\"@id\":\"https:\\\/\\\/www.meydan.tv\\\/az\\\/article\\\/zaqatala-sakini-fovqelade-hallar-nazirliyi-evime-ayrilan-pulu-mene-demir\\\/#primaryimage\"},\"thumbnailUrl\":\"https:\\\/\\\/www.meydan.tv\\\/wp-content\\\/uploads\\\/unnamed_scqqzy7.jpg\",\"datePublished\":\"2020-08-25T13:45:02+00:00\",\"breadcrumb\":{\"@id\":\"https:\\\/\\\/www.meydan.tv\\\/az\\\/article\\\/zaqatala-sakini-fovqelade-hallar-nazirliyi-evime-ayrilan-pulu-mene-demir\\\/#breadcrumb\"},\"inLanguage\":\"az\",\"potentialAction\":[{\"@type\":\"ReadAction\",\"target\":[\"https:\\\/\\\/www.meydan.tv\\\/az\\\/article\\\/zaqatala-sakini-fovqelade-hallar-nazirliyi-evime-ayrilan-pulu-mene-demir\\\/\"]}]},{\"@type\":\"ImageObject\",\"inLanguage\":\"az\",\"@id\":\"https:\\\/\\\/www.meydan.tv\\\/az\\\/article\\\/zaqatala-sakini-fovqelade-hallar-nazirliyi-evime-ayrilan-pulu-mene-demir\\\/#primaryimage\",\"url\":\"https:\\\/\\\/www.meydan.tv\\\/wp-content\\\/uploads\\\/unnamed_scqqzy7.jpg\",\"contentUrl\":\"https:\\\/\\\/www.meydan.tv\\\/wp-content\\\/uploads\\\/unnamed_scqqzy7.jpg\",\"width\":645,\"height\":484,\"caption\":\"Source: Specify Source\"},{\"@type\":\"BreadcrumbList\",\"@id\":\"https:\\\/\\\/www.meydan.tv\\\/az\\\/article\\\/zaqatala-sakini-fovqelade-hallar-nazirliyi-evime-ayrilan-pulu-mene-demir\\\/#breadcrumb\",\"itemListElement\":[{\"@type\":\"ListItem\",\"position\":1,\"name\":\"Ana s\u0259hif\u0259\",\"item\":\"https:\\\/\\\/www.meydan.tv\\\/az\\\/\"},{\"@type\":\"ListItem\",\"position\":2,\"name\":\"B\u00f6lg\u0259\",\"item\":\"https:\\\/\\\/www.meydan.tv\\\/az\\\/section\\\/bolge\\\/\"},{\"@type\":\"ListItem\",\"position\":3,\"name\":\"Zaqatala sakini: F\u00f6vq\u0259lad\u0259 Hallar Nazirliyi evim\u0259 ayr\u0131lan pulu m\u0259n\u0259 demir\"}]},{\"@type\":\"WebSite\",\"@id\":\"https:\\\/\\\/www.meydan.tv\\\/az\\\/#website\",\"url\":\"https:\\\/\\\/www.meydan.tv\\\/az\\\/\",\"name\":\"MEYDAN.TV\",\"description\":\"Meydan TV Az\u0259rbaycan\u0131n media m\u0259kan\u0131ndak\u0131 alternativ s\u0259sidir\",\"publisher\":{\"@id\":\"https:\\\/\\\/www.meydan.tv\\\/az\\\/#organization\"},\"potentialAction\":[{\"@type\":\"SearchAction\",\"target\":{\"@type\":\"EntryPoint\",\"urlTemplate\":\"https:\\\/\\\/www.meydan.tv\\\/az\\\/?s={search_term_string}\"},\"query-input\":{\"@type\":\"PropertyValueSpecification\",\"valueRequired\":true,\"valueName\":\"search_term_string\"}}],\"inLanguage\":\"az\"},{\"@type\":\"Organization\",\"@id\":\"https:\\\/\\\/www.meydan.tv\\\/az\\\/#organization\",\"name\":\"Meydan TV\",\"url\":\"https:\\\/\\\/www.meydan.tv\\\/az\\\/\",\"logo\":{\"@type\":\"ImageObject\",\"inLanguage\":\"az\",\"@id\":\"https:\\\/\\\/www.meydan.tv\\\/az\\\/#\\\/schema\\\/logo\\\/image\\\/\",\"url\":\"https:\\\/\\\/www.meydan.tv\\\/wp-content\\\/uploads\\\/2021\\\/07\\\/meydan-logo.svg\",\"contentUrl\":\"https:\\\/\\\/www.meydan.tv\\\/wp-content\\\/uploads\\\/2021\\\/07\\\/meydan-logo.svg\",\"width\":195,\"height\":46,\"caption\":\"Meydan TV\"},\"image\":{\"@id\":\"https:\\\/\\\/www.meydan.tv\\\/az\\\/#\\\/schema\\\/logo\\\/image\\\/\"}},{\"@type\":\"Person\",\"@id\":\"https:\\\/\\\/www.meydan.tv\\\/az\\\/#\\\/schema\\\/person\\\/10d11eccf6da3662cf5fdab9806ea91a\",\"name\":\"user-manager\"}]}<\/script>\n<!-- \/ Yoast SEO plugin. -->","yoast_head_json":{"title":"Zaqatala sakini: F\u00f6vq\u0259lad\u0259 Hallar Nazirliyi evim\u0259 ayr\u0131lan pulu m\u0259n\u0259 demir - MEYDAN.TV","robots":{"index":"index","follow":"follow","max-snippet":"max-snippet:-1","max-image-preview":"max-image-preview:large","max-video-preview":"max-video-preview:-1"},"canonical":"https:\/\/www.meydan.tv\/az\/article\/zaqatala-sakini-fovqelade-hallar-nazirliyi-evime-ayrilan-pulu-mene-demir\/","og_locale":"az_AZ","og_type":"article","og_title":"Zaqatala sakini: F\u00f6vq\u0259lad\u0259 Hallar Nazirliyi evim\u0259 ayr\u0131lan pulu m\u0259n\u0259 demir - MEYDAN.TV","og_description":"\u201cOmbudsman\u0131n s\u0259lahiyy\u0259ti var ki, informasiyan\u0131n verilm\u0259sini t\u0259l\u0259b etsin\".","og_url":"https:\/\/www.meydan.tv\/az\/article\/zaqatala-sakini-fovqelade-hallar-nazirliyi-evime-ayrilan-pulu-mene-demir\/","og_site_name":"MEYDAN.TV","article_published_time":"2020-08-25T13:45:02+00:00","og_image":[{"width":645,"height":484,"url":"https:\/\/www.meydan.tv\/wp-content\/uploads\/unnamed_scqqzy7.jpg","type":"image\/jpeg"}],"author":"user-manager","twitter_card":"summary_large_image","schema":{"@context":"https:\/\/schema.org","@graph":[{"@type":"Article","@id":"https:\/\/www.meydan.tv\/az\/article\/zaqatala-sakini-fovqelade-hallar-nazirliyi-evime-ayrilan-pulu-mene-demir\/#article","isPartOf":{"@id":"https:\/\/www.meydan.tv\/az\/article\/zaqatala-sakini-fovqelade-hallar-nazirliyi-evime-ayrilan-pulu-mene-demir\/"},"author":{"name":"user-manager","@id":"https:\/\/www.meydan.tv\/az\/#\/schema\/person\/10d11eccf6da3662cf5fdab9806ea91a"},"headline":"Zaqatala sakini: F\u00f6vq\u0259lad\u0259 Hallar Nazirliyi evim\u0259 ayr\u0131lan pulu m\u0259n\u0259 demir","datePublished":"2020-08-25T13:45:02+00:00","mainEntityOfPage":{"@id":"https:\/\/www.meydan.tv\/az\/article\/zaqatala-sakini-fovqelade-hallar-nazirliyi-evime-ayrilan-pulu-mene-demir\/"},"wordCount":994,"publisher":{"@id":"https:\/\/www.meydan.tv\/az\/#organization"},"image":{"@id":"https:\/\/www.meydan.tv\/az\/article\/zaqatala-sakini-fovqelade-hallar-nazirliyi-evime-ayrilan-pulu-mene-demir\/#primaryimage"},"thumbnailUrl":"https:\/\/www.meydan.tv\/wp-content\/uploads\/unnamed_scqqzy7.jpg","articleSection":["B\u00f6lg\u0259"],"inLanguage":"az"},{"@type":"WebPage","@id":"https:\/\/www.meydan.tv\/az\/article\/zaqatala-sakini-fovqelade-hallar-nazirliyi-evime-ayrilan-pulu-mene-demir\/","url":"https:\/\/www.meydan.tv\/az\/article\/zaqatala-sakini-fovqelade-hallar-nazirliyi-evime-ayrilan-pulu-mene-demir\/","name":"Zaqatala sakini: F\u00f6vq\u0259lad\u0259 Hallar Nazirliyi evim\u0259 ayr\u0131lan pulu m\u0259n\u0259 demir - MEYDAN.TV","isPartOf":{"@id":"https:\/\/www.meydan.tv\/az\/#website"},"primaryImageOfPage":{"@id":"https:\/\/www.meydan.tv\/az\/article\/zaqatala-sakini-fovqelade-hallar-nazirliyi-evime-ayrilan-pulu-mene-demir\/#primaryimage"},"image":{"@id":"https:\/\/www.meydan.tv\/az\/article\/zaqatala-sakini-fovqelade-hallar-nazirliyi-evime-ayrilan-pulu-mene-demir\/#primaryimage"},"thumbnailUrl":"https:\/\/www.meydan.tv\/wp-content\/uploads\/unnamed_scqqzy7.jpg","datePublished":"2020-08-25T13:45:02+00:00","breadcrumb":{"@id":"https:\/\/www.meydan.tv\/az\/article\/zaqatala-sakini-fovqelade-hallar-nazirliyi-evime-ayrilan-pulu-mene-demir\/#breadcrumb"},"inLanguage":"az","potentialAction":[{"@type":"ReadAction","target":["https:\/\/www.meydan.tv\/az\/article\/zaqatala-sakini-fovqelade-hallar-nazirliyi-evime-ayrilan-pulu-mene-demir\/"]}]},{"@type":"ImageObject","inLanguage":"az","@id":"https:\/\/www.meydan.tv\/az\/article\/zaqatala-sakini-fovqelade-hallar-nazirliyi-evime-ayrilan-pulu-mene-demir\/#primaryimage","url":"https:\/\/www.meydan.tv\/wp-content\/uploads\/unnamed_scqqzy7.jpg","contentUrl":"https:\/\/www.meydan.tv\/wp-content\/uploads\/unnamed_scqqzy7.jpg","width":645,"height":484,"caption":"Source: Specify Source"},{"@type":"BreadcrumbList","@id":"https:\/\/www.meydan.tv\/az\/article\/zaqatala-sakini-fovqelade-hallar-nazirliyi-evime-ayrilan-pulu-mene-demir\/#breadcrumb","itemListElement":[{"@type":"ListItem","position":1,"name":"Ana s\u0259hif\u0259","item":"https:\/\/www.meydan.tv\/az\/"},{"@type":"ListItem","position":2,"name":"B\u00f6lg\u0259","item":"https:\/\/www.meydan.tv\/az\/section\/bolge\/"},{"@type":"ListItem","position":3,"name":"Zaqatala sakini: F\u00f6vq\u0259lad\u0259 Hallar Nazirliyi evim\u0259 ayr\u0131lan pulu m\u0259n\u0259 demir"}]},{"@type":"WebSite","@id":"https:\/\/www.meydan.tv\/az\/#website","url":"https:\/\/www.meydan.tv\/az\/","name":"MEYDAN.TV","description":"Meydan TV Az\u0259rbaycan\u0131n media m\u0259kan\u0131ndak\u0131 alternativ s\u0259sidir","publisher":{"@id":"https:\/\/www.meydan.tv\/az\/#organization"},"potentialAction":[{"@type":"SearchAction","target":{"@type":"EntryPoint","urlTemplate":"https:\/\/www.meydan.tv\/az\/?s={search_term_string}"},"query-input":{"@type":"PropertyValueSpecification","valueRequired":true,"valueName":"search_term_string"}}],"inLanguage":"az"},{"@type":"Organization","@id":"https:\/\/www.meydan.tv\/az\/#organization","name":"Meydan TV","url":"https:\/\/www.meydan.tv\/az\/","logo":{"@type":"ImageObject","inLanguage":"az","@id":"https:\/\/www.meydan.tv\/az\/#\/schema\/logo\/image\/","url":"https:\/\/www.meydan.tv\/wp-content\/uploads\/2021\/07\/meydan-logo.svg","contentUrl":"https:\/\/www.meydan.tv\/wp-content\/uploads\/2021\/07\/meydan-logo.svg","width":195,"height":46,"caption":"Meydan TV"},"image":{"@id":"https:\/\/www.meydan.tv\/az\/#\/schema\/logo\/image\/"}},{"@type":"Person","@id":"https:\/\/www.meydan.tv\/az\/#\/schema\/person\/10d11eccf6da3662cf5fdab9806ea91a","name":"user-manager"}]}},"_links":{"self":[{"href":"https:\/\/www.meydan.tv\/az\/wp-json\/wp\/v2\/posts\/202114","targetHints":{"allow":["GET"]}}],"collection":[{"href":"https:\/\/www.meydan.tv\/az\/wp-json\/wp\/v2\/posts"}],"about":[{"href":"https:\/\/www.meydan.tv\/az\/wp-json\/wp\/v2\/types\/post"}],"author":[{"embeddable":true,"href":"https:\/\/www.meydan.tv\/az\/wp-json\/wp\/v2\/users\/11"}],"replies":[{"embeddable":true,"href":"https:\/\/www.meydan.tv\/az\/wp-json\/wp\/v2\/comments?post=202114"}],"version-history":[{"count":0,"href":"https:\/\/www.meydan.tv\/az\/wp-json\/wp\/v2\/posts\/202114\/revisions"}],"wp:featuredmedia":[{"embeddable":true,"href":"https:\/\/www.meydan.tv\/az\/wp-json\/wp\/v2\/media\/146731"}],"wp:attachment":[{"href":"https:\/\/www.meydan.tv\/az\/wp-json\/wp\/v2\/media?parent=202114"}],"wp:term":[{"taxonomy":"category","embeddable":true,"href":"https:\/\/www.meydan.tv\/az\/wp-json\/wp\/v2\/categories?post=202114"},{"taxonomy":"post_tag","embeddable":true,"href":"https:\/\/www.meydan.tv\/az\/wp-json\/wp\/v2\/tags?post=202114"}],"curies":[{"name":"wp","href":"https:\/\/api.w.org\/{rel}","templated":true}]}}