{"id":202094,"date":"2020-08-24T12:47:48","date_gmt":"2020-08-24T12:47:48","guid":{"rendered":"https:\/\/www.meydan.tv\/article\/gencede-saxlanilanlara-qarsi-ittiham-ireli-surulub\/"},"modified":"2020-08-24T12:47:48","modified_gmt":"2020-08-24T12:47:48","slug":"gencede-saxlanilanlara-qarsi-ittiham-ireli-surulub","status":"publish","type":"post","link":"https:\/\/www.meydan.tv\/az\/article\/gencede-saxlanilanlara-qarsi-ittiham-ireli-surulub\/","title":{"rendered":"G\u0259nc\u0259d\u0259 saxlan\u0131lanlara qar\u015f\u0131 ittiham ir\u0259li s\u00fcr\u00fcl\u00fcb"},"content":{"rendered":"<p>\n  <i><br \/>\n    Sabiq m\u0259murlarla ba\u011fl\u0131 t\u0259qdimata Bin\u0259q\u0259di Rayon M\u0259hk\u0259m\u0259sind\u0259 bax\u0131lacaq<br \/>\n  <\/i>\n<\/p>\n<p>\n  Ba\u015f prokuror yan\u0131nda Korrupsiyaya Qar\u015f\u0131 M\u00fcbariz\u0259 \u0130dar\u0259sinin G\u0259nc\u0259d\u0259 ke\u00e7irdiyi \u0259m\u0259liyyat n\u0259tic\u0259sind\u0259 saxlan\u0131lanlar var. Bunlar G\u0259nc\u0259 \u015e\u0259h\u0259r Memarl\u0131q v\u0259 \u015e\u0259h\u0259rsalma \u0130dar\u0259sinin r\u0259isi v\u0259zif\u0259sind\u0259 \u00e7al\u0131\u015fm\u0131\u015f \u018fli R\u00fcst\u0259mov v\u0259 G\u0259nc\u0259nin Nizami rayonun ke\u00e7mi\u015f icra ba\u015f\u00e7\u0131s\u0131 M\u0259har\u0259t Mustafayevdir. M.Mustafayev h\u0259m d\u0259 G\u0259nc\u0259 \u015e\u0259h\u0259r \u0130cra Hakimiyy\u0259ti ba\u015f\u00e7\u0131s\u0131 Aparat\u0131n\u0131n Memarl\u0131q v\u0259 tikinti \u015f\u00f6b\u0259sinin m\u00fcdiri olub.\n<\/p>\n<p>\n  \u201cSaxlan\u0131lan \u015f\u0259xsl\u0259r Bak\u0131ya \u2013 Korrupsiyaya Qar\u015f\u0131 M\u00fcbariz\u0259 \u0130dar\u0259sin\u0259 g\u0259tirilib. Onlara qar\u015f\u0131 Cinay\u0259t M\u0259c\u0259ll\u0259sinin 178 (d\u0259l\u0259duzluq), 308 (v\u0259zif\u0259 s\u0259lahiyy\u0259tl\u0259rind\u0259n sui-istifad\u0259 etm\u0259), 311 (r\u00fc\u015fv\u0259t verm\u0259), 34.312 (r\u00fc\u015fv\u0259t verm\u0259y\u0259 t\u0259hrik) v\u0259 314-2.1 (qanunla m\u00fc\u0259yy\u0259n olunmu\u015f qaydalar\u0131 pozmaqla torpaq sah\u0259l\u0259ri ay\u0131rma, tikinti v\u0259 ya qura\u015fd\u0131rma i\u015fl\u0259rinin apar\u0131lmas\u0131na icaz\u0259 verm\u0259) madd\u0259l\u0259ri il\u0259 ittiham ir\u0259li s\u00fcr\u00fcl\u00fcb. H\u0259r ikisinin istintaq d\u00f6vr\u00fcnd\u0259 h\u0259bsd\u0259 qalmas\u0131na q\u0259rar verilm\u0259si \u00fc\u00e7\u00fcn m\u0259hk\u0259m\u0259y\u0259 t\u0259qdimat verilib\u201d, &#8211; Meydan TV-y\u0259 bildirilib.\n<\/p>\n<p>\n  Sabiq m\u0259murlar haqq\u0131nda h\u0259bs-q\u0259timkan t\u0259dbirinin se\u00e7ilm\u0259si \u00fc\u00e7\u00fcn prokurorlu\u011fun t\u0259qdimat\u0131na avqustun 24-d\u0259 Bin\u0259q\u0259di Rayon M\u0259hk\u0259m\u0259sind\u0259 bax\u0131lacaq. Amma onlar\u0131n i\u015fin\u0259 ayr\u0131-ayr\u0131l\u0131qda bax\u0131l\u0131b q\u0259rar veril\u0259c\u0259k. M\u0259hk\u0259m\u0259 i\u015fl\u0259rind\u0259n birin\u0259 hakim F\u0259rid \u018fmir\u0259liyev, dig\u0259rin\u0259 is\u0259 V\u00fcqar M\u0259mm\u0259dov s\u0259drlik ed\u0259c\u0259k.\n<\/p>\n<p>\n  D\u00f6rd g\u00fcn \u0259vv\u0259l Korrupsiyaya Qar\u015f\u0131 M\u00fcbariz\u0259 \u0130dar\u0259si K\u00fcrd\u0259mird\u0259 d\u0259 \u0259m\u0259liyyat ke\u00e7irib. \u018fm\u0259liyyat n\u0259tic\u0259sind\u0259 rayonun icra ba\u015f\u00e7\u0131s\u0131, onun birinci m\u00fcavini v\u0259 icra hakimiyy\u0259tinin \u015f\u00f6b\u0259 m\u00fcdiri h\u0259bs olunub.<\/p>\n","protected":false},"excerpt":{"rendered":"<p>D\u00f6rd g\u00fcn \u0259vv\u0259l Korrupsiyaya Qar\u015f\u0131 M\u00fcbariz\u0259 \u0130dar\u0259si K\u00fcrd\u0259mird\u0259 d\u0259 \u0259m\u0259liyyat ke\u00e7irib.<\/p>\n","protected":false},"author":11,"featured_media":146683,"comment_status":"closed","ping_status":"open","sticky":false,"template":"","format":"standard","meta":{"_acf_changed":false,"_sitemap_exclude":false,"_sitemap_priority":"","_sitemap_frequency":"","footnotes":""},"categories":[60],"tags":[],"class_list":["post-202094","post","type-post","status-publish","format-standard","has-post-thumbnail","hentry","category-bolge","infinite-scroll-item","generate-columns","tablet-grid-50","mobile-grid-100","grid-parent","grid-33","no-featured-image-padding"],"acf":[],"yoast_head":"<!-- This site is optimized with the Yoast SEO plugin v27.5 - https:\/\/yoast.com\/product\/yoast-seo-wordpress\/ -->\n<title>G\u0259nc\u0259d\u0259 saxlan\u0131lanlara qar\u015f\u0131 ittiham ir\u0259li s\u00fcr\u00fcl\u00fcb - MEYDAN.TV<\/title>\n<meta name=\"robots\" content=\"index, follow, max-snippet:-1, max-image-preview:large, max-video-preview:-1\" \/>\n<link rel=\"canonical\" href=\"https:\/\/www.meydan.tv\/az\/article\/gencede-saxlanilanlara-qarsi-ittiham-ireli-surulub\/\" \/>\n<meta property=\"og:locale\" content=\"az_AZ\" \/>\n<meta property=\"og:type\" content=\"article\" \/>\n<meta property=\"og:title\" content=\"G\u0259nc\u0259d\u0259 saxlan\u0131lanlara qar\u015f\u0131 ittiham ir\u0259li s\u00fcr\u00fcl\u00fcb - MEYDAN.TV\" \/>\n<meta property=\"og:description\" content=\"D\u00f6rd g\u00fcn \u0259vv\u0259l Korrupsiyaya Qar\u015f\u0131 M\u00fcbariz\u0259 \u0130dar\u0259si K\u00fcrd\u0259mird\u0259 d\u0259 \u0259m\u0259liyyat ke\u00e7irib.\" \/>\n<meta property=\"og:url\" content=\"https:\/\/www.meydan.tv\/az\/article\/gencede-saxlanilanlara-qarsi-ittiham-ireli-surulub\/\" \/>\n<meta property=\"og:site_name\" content=\"MEYDAN.TV\" \/>\n<meta property=\"article:published_time\" content=\"2020-08-24T12:47:48+00:00\" \/>\n<meta property=\"og:image\" content=\"https:\/\/www.meydan.tv\/wp-content\/uploads\/unnamed_gzwgj2a.jpg\" \/>\n\t<meta property=\"og:image:width\" content=\"720\" \/>\n\t<meta property=\"og:image:height\" content=\"480\" \/>\n\t<meta property=\"og:image:type\" content=\"image\/jpeg\" \/>\n<meta name=\"author\" content=\"user-manager\" \/>\n<meta name=\"twitter:card\" content=\"summary_large_image\" \/>\n<script type=\"application\/ld+json\" class=\"yoast-schema-graph\">{\"@context\":\"https:\\\/\\\/schema.org\",\"@graph\":[{\"@type\":\"Article\",\"@id\":\"https:\\\/\\\/www.meydan.tv\\\/az\\\/article\\\/gencede-saxlanilanlara-qarsi-ittiham-ireli-surulub\\\/#article\",\"isPartOf\":{\"@id\":\"https:\\\/\\\/www.meydan.tv\\\/az\\\/article\\\/gencede-saxlanilanlara-qarsi-ittiham-ireli-surulub\\\/\"},\"author\":{\"name\":\"user-manager\",\"@id\":\"https:\\\/\\\/www.meydan.tv\\\/az\\\/#\\\/schema\\\/person\\\/10d11eccf6da3662cf5fdab9806ea91a\"},\"headline\":\"G\u0259nc\u0259d\u0259 saxlan\u0131lanlara qar\u015f\u0131 ittiham ir\u0259li s\u00fcr\u00fcl\u00fcb\",\"datePublished\":\"2020-08-24T12:47:48+00:00\",\"mainEntityOfPage\":{\"@id\":\"https:\\\/\\\/www.meydan.tv\\\/az\\\/article\\\/gencede-saxlanilanlara-qarsi-ittiham-ireli-surulub\\\/\"},\"wordCount\":346,\"publisher\":{\"@id\":\"https:\\\/\\\/www.meydan.tv\\\/az\\\/#organization\"},\"image\":{\"@id\":\"https:\\\/\\\/www.meydan.tv\\\/az\\\/article\\\/gencede-saxlanilanlara-qarsi-ittiham-ireli-surulub\\\/#primaryimage\"},\"thumbnailUrl\":\"https:\\\/\\\/www.meydan.tv\\\/wp-content\\\/uploads\\\/unnamed_gzwgj2a.jpg\",\"articleSection\":[\"B\u00f6lg\u0259\"],\"inLanguage\":\"az\"},{\"@type\":\"WebPage\",\"@id\":\"https:\\\/\\\/www.meydan.tv\\\/az\\\/article\\\/gencede-saxlanilanlara-qarsi-ittiham-ireli-surulub\\\/\",\"url\":\"https:\\\/\\\/www.meydan.tv\\\/az\\\/article\\\/gencede-saxlanilanlara-qarsi-ittiham-ireli-surulub\\\/\",\"name\":\"G\u0259nc\u0259d\u0259 saxlan\u0131lanlara qar\u015f\u0131 ittiham ir\u0259li s\u00fcr\u00fcl\u00fcb - MEYDAN.TV\",\"isPartOf\":{\"@id\":\"https:\\\/\\\/www.meydan.tv\\\/az\\\/#website\"},\"primaryImageOfPage\":{\"@id\":\"https:\\\/\\\/www.meydan.tv\\\/az\\\/article\\\/gencede-saxlanilanlara-qarsi-ittiham-ireli-surulub\\\/#primaryimage\"},\"image\":{\"@id\":\"https:\\\/\\\/www.meydan.tv\\\/az\\\/article\\\/gencede-saxlanilanlara-qarsi-ittiham-ireli-surulub\\\/#primaryimage\"},\"thumbnailUrl\":\"https:\\\/\\\/www.meydan.tv\\\/wp-content\\\/uploads\\\/unnamed_gzwgj2a.jpg\",\"datePublished\":\"2020-08-24T12:47:48+00:00\",\"breadcrumb\":{\"@id\":\"https:\\\/\\\/www.meydan.tv\\\/az\\\/article\\\/gencede-saxlanilanlara-qarsi-ittiham-ireli-surulub\\\/#breadcrumb\"},\"inLanguage\":\"az\",\"potentialAction\":[{\"@type\":\"ReadAction\",\"target\":[\"https:\\\/\\\/www.meydan.tv\\\/az\\\/article\\\/gencede-saxlanilanlara-qarsi-ittiham-ireli-surulub\\\/\"]}]},{\"@type\":\"ImageObject\",\"inLanguage\":\"az\",\"@id\":\"https:\\\/\\\/www.meydan.tv\\\/az\\\/article\\\/gencede-saxlanilanlara-qarsi-ittiham-ireli-surulub\\\/#primaryimage\",\"url\":\"https:\\\/\\\/www.meydan.tv\\\/wp-content\\\/uploads\\\/unnamed_gzwgj2a.jpg\",\"contentUrl\":\"https:\\\/\\\/www.meydan.tv\\\/wp-content\\\/uploads\\\/unnamed_gzwgj2a.jpg\",\"width\":720,\"height\":480,\"caption\":\"Source: google.az\"},{\"@type\":\"BreadcrumbList\",\"@id\":\"https:\\\/\\\/www.meydan.tv\\\/az\\\/article\\\/gencede-saxlanilanlara-qarsi-ittiham-ireli-surulub\\\/#breadcrumb\",\"itemListElement\":[{\"@type\":\"ListItem\",\"position\":1,\"name\":\"Ana s\u0259hif\u0259\",\"item\":\"https:\\\/\\\/www.meydan.tv\\\/az\\\/\"},{\"@type\":\"ListItem\",\"position\":2,\"name\":\"B\u00f6lg\u0259\",\"item\":\"https:\\\/\\\/www.meydan.tv\\\/az\\\/section\\\/bolge\\\/\"},{\"@type\":\"ListItem\",\"position\":3,\"name\":\"G\u0259nc\u0259d\u0259 saxlan\u0131lanlara qar\u015f\u0131 ittiham ir\u0259li s\u00fcr\u00fcl\u00fcb\"}]},{\"@type\":\"WebSite\",\"@id\":\"https:\\\/\\\/www.meydan.tv\\\/az\\\/#website\",\"url\":\"https:\\\/\\\/www.meydan.tv\\\/az\\\/\",\"name\":\"MEYDAN.TV\",\"description\":\"Meydan TV Az\u0259rbaycan\u0131n media m\u0259kan\u0131ndak\u0131 alternativ s\u0259sidir\",\"publisher\":{\"@id\":\"https:\\\/\\\/www.meydan.tv\\\/az\\\/#organization\"},\"potentialAction\":[{\"@type\":\"SearchAction\",\"target\":{\"@type\":\"EntryPoint\",\"urlTemplate\":\"https:\\\/\\\/www.meydan.tv\\\/az\\\/?s={search_term_string}\"},\"query-input\":{\"@type\":\"PropertyValueSpecification\",\"valueRequired\":true,\"valueName\":\"search_term_string\"}}],\"inLanguage\":\"az\"},{\"@type\":\"Organization\",\"@id\":\"https:\\\/\\\/www.meydan.tv\\\/az\\\/#organization\",\"name\":\"Meydan TV\",\"url\":\"https:\\\/\\\/www.meydan.tv\\\/az\\\/\",\"logo\":{\"@type\":\"ImageObject\",\"inLanguage\":\"az\",\"@id\":\"https:\\\/\\\/www.meydan.tv\\\/az\\\/#\\\/schema\\\/logo\\\/image\\\/\",\"url\":\"https:\\\/\\\/www.meydan.tv\\\/wp-content\\\/uploads\\\/2021\\\/07\\\/meydan-logo.svg\",\"contentUrl\":\"https:\\\/\\\/www.meydan.tv\\\/wp-content\\\/uploads\\\/2021\\\/07\\\/meydan-logo.svg\",\"width\":195,\"height\":46,\"caption\":\"Meydan TV\"},\"image\":{\"@id\":\"https:\\\/\\\/www.meydan.tv\\\/az\\\/#\\\/schema\\\/logo\\\/image\\\/\"}},{\"@type\":\"Person\",\"@id\":\"https:\\\/\\\/www.meydan.tv\\\/az\\\/#\\\/schema\\\/person\\\/10d11eccf6da3662cf5fdab9806ea91a\",\"name\":\"user-manager\"}]}<\/script>\n<!-- \/ Yoast SEO plugin. -->","yoast_head_json":{"title":"G\u0259nc\u0259d\u0259 saxlan\u0131lanlara qar\u015f\u0131 ittiham ir\u0259li s\u00fcr\u00fcl\u00fcb - MEYDAN.TV","robots":{"index":"index","follow":"follow","max-snippet":"max-snippet:-1","max-image-preview":"max-image-preview:large","max-video-preview":"max-video-preview:-1"},"canonical":"https:\/\/www.meydan.tv\/az\/article\/gencede-saxlanilanlara-qarsi-ittiham-ireli-surulub\/","og_locale":"az_AZ","og_type":"article","og_title":"G\u0259nc\u0259d\u0259 saxlan\u0131lanlara qar\u015f\u0131 ittiham ir\u0259li s\u00fcr\u00fcl\u00fcb - MEYDAN.TV","og_description":"D\u00f6rd g\u00fcn \u0259vv\u0259l Korrupsiyaya Qar\u015f\u0131 M\u00fcbariz\u0259 \u0130dar\u0259si K\u00fcrd\u0259mird\u0259 d\u0259 \u0259m\u0259liyyat ke\u00e7irib.","og_url":"https:\/\/www.meydan.tv\/az\/article\/gencede-saxlanilanlara-qarsi-ittiham-ireli-surulub\/","og_site_name":"MEYDAN.TV","article_published_time":"2020-08-24T12:47:48+00:00","og_image":[{"width":720,"height":480,"url":"https:\/\/www.meydan.tv\/wp-content\/uploads\/unnamed_gzwgj2a.jpg","type":"image\/jpeg"}],"author":"user-manager","twitter_card":"summary_large_image","schema":{"@context":"https:\/\/schema.org","@graph":[{"@type":"Article","@id":"https:\/\/www.meydan.tv\/az\/article\/gencede-saxlanilanlara-qarsi-ittiham-ireli-surulub\/#article","isPartOf":{"@id":"https:\/\/www.meydan.tv\/az\/article\/gencede-saxlanilanlara-qarsi-ittiham-ireli-surulub\/"},"author":{"name":"user-manager","@id":"https:\/\/www.meydan.tv\/az\/#\/schema\/person\/10d11eccf6da3662cf5fdab9806ea91a"},"headline":"G\u0259nc\u0259d\u0259 saxlan\u0131lanlara qar\u015f\u0131 ittiham ir\u0259li s\u00fcr\u00fcl\u00fcb","datePublished":"2020-08-24T12:47:48+00:00","mainEntityOfPage":{"@id":"https:\/\/www.meydan.tv\/az\/article\/gencede-saxlanilanlara-qarsi-ittiham-ireli-surulub\/"},"wordCount":346,"publisher":{"@id":"https:\/\/www.meydan.tv\/az\/#organization"},"image":{"@id":"https:\/\/www.meydan.tv\/az\/article\/gencede-saxlanilanlara-qarsi-ittiham-ireli-surulub\/#primaryimage"},"thumbnailUrl":"https:\/\/www.meydan.tv\/wp-content\/uploads\/unnamed_gzwgj2a.jpg","articleSection":["B\u00f6lg\u0259"],"inLanguage":"az"},{"@type":"WebPage","@id":"https:\/\/www.meydan.tv\/az\/article\/gencede-saxlanilanlara-qarsi-ittiham-ireli-surulub\/","url":"https:\/\/www.meydan.tv\/az\/article\/gencede-saxlanilanlara-qarsi-ittiham-ireli-surulub\/","name":"G\u0259nc\u0259d\u0259 saxlan\u0131lanlara qar\u015f\u0131 ittiham ir\u0259li s\u00fcr\u00fcl\u00fcb - MEYDAN.TV","isPartOf":{"@id":"https:\/\/www.meydan.tv\/az\/#website"},"primaryImageOfPage":{"@id":"https:\/\/www.meydan.tv\/az\/article\/gencede-saxlanilanlara-qarsi-ittiham-ireli-surulub\/#primaryimage"},"image":{"@id":"https:\/\/www.meydan.tv\/az\/article\/gencede-saxlanilanlara-qarsi-ittiham-ireli-surulub\/#primaryimage"},"thumbnailUrl":"https:\/\/www.meydan.tv\/wp-content\/uploads\/unnamed_gzwgj2a.jpg","datePublished":"2020-08-24T12:47:48+00:00","breadcrumb":{"@id":"https:\/\/www.meydan.tv\/az\/article\/gencede-saxlanilanlara-qarsi-ittiham-ireli-surulub\/#breadcrumb"},"inLanguage":"az","potentialAction":[{"@type":"ReadAction","target":["https:\/\/www.meydan.tv\/az\/article\/gencede-saxlanilanlara-qarsi-ittiham-ireli-surulub\/"]}]},{"@type":"ImageObject","inLanguage":"az","@id":"https:\/\/www.meydan.tv\/az\/article\/gencede-saxlanilanlara-qarsi-ittiham-ireli-surulub\/#primaryimage","url":"https:\/\/www.meydan.tv\/wp-content\/uploads\/unnamed_gzwgj2a.jpg","contentUrl":"https:\/\/www.meydan.tv\/wp-content\/uploads\/unnamed_gzwgj2a.jpg","width":720,"height":480,"caption":"Source: google.az"},{"@type":"BreadcrumbList","@id":"https:\/\/www.meydan.tv\/az\/article\/gencede-saxlanilanlara-qarsi-ittiham-ireli-surulub\/#breadcrumb","itemListElement":[{"@type":"ListItem","position":1,"name":"Ana s\u0259hif\u0259","item":"https:\/\/www.meydan.tv\/az\/"},{"@type":"ListItem","position":2,"name":"B\u00f6lg\u0259","item":"https:\/\/www.meydan.tv\/az\/section\/bolge\/"},{"@type":"ListItem","position":3,"name":"G\u0259nc\u0259d\u0259 saxlan\u0131lanlara qar\u015f\u0131 ittiham ir\u0259li s\u00fcr\u00fcl\u00fcb"}]},{"@type":"WebSite","@id":"https:\/\/www.meydan.tv\/az\/#website","url":"https:\/\/www.meydan.tv\/az\/","name":"MEYDAN.TV","description":"Meydan TV Az\u0259rbaycan\u0131n media m\u0259kan\u0131ndak\u0131 alternativ s\u0259sidir","publisher":{"@id":"https:\/\/www.meydan.tv\/az\/#organization"},"potentialAction":[{"@type":"SearchAction","target":{"@type":"EntryPoint","urlTemplate":"https:\/\/www.meydan.tv\/az\/?s={search_term_string}"},"query-input":{"@type":"PropertyValueSpecification","valueRequired":true,"valueName":"search_term_string"}}],"inLanguage":"az"},{"@type":"Organization","@id":"https:\/\/www.meydan.tv\/az\/#organization","name":"Meydan TV","url":"https:\/\/www.meydan.tv\/az\/","logo":{"@type":"ImageObject","inLanguage":"az","@id":"https:\/\/www.meydan.tv\/az\/#\/schema\/logo\/image\/","url":"https:\/\/www.meydan.tv\/wp-content\/uploads\/2021\/07\/meydan-logo.svg","contentUrl":"https:\/\/www.meydan.tv\/wp-content\/uploads\/2021\/07\/meydan-logo.svg","width":195,"height":46,"caption":"Meydan TV"},"image":{"@id":"https:\/\/www.meydan.tv\/az\/#\/schema\/logo\/image\/"}},{"@type":"Person","@id":"https:\/\/www.meydan.tv\/az\/#\/schema\/person\/10d11eccf6da3662cf5fdab9806ea91a","name":"user-manager"}]}},"_links":{"self":[{"href":"https:\/\/www.meydan.tv\/az\/wp-json\/wp\/v2\/posts\/202094","targetHints":{"allow":["GET"]}}],"collection":[{"href":"https:\/\/www.meydan.tv\/az\/wp-json\/wp\/v2\/posts"}],"about":[{"href":"https:\/\/www.meydan.tv\/az\/wp-json\/wp\/v2\/types\/post"}],"author":[{"embeddable":true,"href":"https:\/\/www.meydan.tv\/az\/wp-json\/wp\/v2\/users\/11"}],"replies":[{"embeddable":true,"href":"https:\/\/www.meydan.tv\/az\/wp-json\/wp\/v2\/comments?post=202094"}],"version-history":[{"count":0,"href":"https:\/\/www.meydan.tv\/az\/wp-json\/wp\/v2\/posts\/202094\/revisions"}],"wp:featuredmedia":[{"embeddable":true,"href":"https:\/\/www.meydan.tv\/az\/wp-json\/wp\/v2\/media\/146683"}],"wp:attachment":[{"href":"https:\/\/www.meydan.tv\/az\/wp-json\/wp\/v2\/media?parent=202094"}],"wp:term":[{"taxonomy":"category","embeddable":true,"href":"https:\/\/www.meydan.tv\/az\/wp-json\/wp\/v2\/categories?post=202094"},{"taxonomy":"post_tag","embeddable":true,"href":"https:\/\/www.meydan.tv\/az\/wp-json\/wp\/v2\/tags?post=202094"}],"curies":[{"name":"wp","href":"https:\/\/api.w.org\/{rel}","templated":true}]}}