{"id":202093,"date":"2020-08-24T12:43:57","date_gmt":"2020-08-24T12:43:57","guid":{"rendered":"https:\/\/www.meydan.tv\/article\/dovlet-terefinden-teyin-olunan-190-manati-ala-bilmedim\/"},"modified":"2020-08-24T12:43:57","modified_gmt":"2020-08-24T12:43:57","slug":"dovlet-terefinden-teyin-olunan-190-manati-ala-bilmedim","status":"publish","type":"post","link":"https:\/\/www.meydan.tv\/az\/article\/dovlet-terefinden-teyin-olunan-190-manati-ala-bilmedim\/","title":{"rendered":"\u201cD\u00f6vl\u0259t t\u0259r\u0259find\u0259n t\u0259yin olunan 190 manat\u0131 ala bilm\u0259dim\u201d"},"content":{"rendered":"<p>\n  <i><br \/>\n    G\u00f6y\u00e7ay sakini: \u201cQurumlara gedir\u0259m, gah haqq\u0131mda sistemd\u0259 m\u0259lumat \u00e7\u0131xm\u0131r, gah da deyirl\u0259r ki, aprel ay\u0131nda siz pulu alm\u0131s\u0131n\u0131z\u201d<br \/>\n  <\/i>\n<\/p>\n<p>\n  \u201c\u0130ki ayd\u0131r ki, d\u00f6vl\u0259t t\u0259r\u0259find\u0259n m\u0259n\u0259 t\u0259yin olunan 190 manat bird\u0259f\u0259lik \u00f6d\u0259m\u0259ni ala bilmir\u0259m. Aidiyy\u0259tli qurumlar m\u00fcxt\u0259lif b\u0259han\u0259l\u0259r g\u0259tirib, pulumu verm\u0259dil\u0259r\u201d.\n<\/p>\n<p>\n  Bunu Meydan TV-y\u0259 G\u00f6y\u00e7ay \u015f\u0259h\u0259r sakini, M\u0259h\u0259mm\u0259d\u0259min R\u0259sulzad\u0259 k\u00fc\u00e7\u0259si, ev 44 \u00fcnvan\u0131nda ya\u015fayan Aqil M\u0259mm\u0259dov Ramiz o\u011flu deyir. S\u00f6yl\u0259yir ki, m\u00f6vcud pandemiya il\u0259 \u0259laq\u0259dar i\u015fsiz qald\u0131\u011f\u0131 \u00fc\u00e7\u00fcn bu ilin mart\u0131nda 190 manat birf\u0259d\u0259flik \u00f6d\u0259m\u0259 almaq m\u0259qs\u0259dil\u0259 \u201cwww.e-sosial.az\u201d portal\u0131ndan qeydiyyatdan ke\u00e7ib v\u0259 m\u00fcsb\u0259t cavab al\u0131b. Birinci d\u0259f\u0259 ona pul aprel ay\u0131nda t\u0259yin olunub:\n<\/p>\n<p>\n  \u201cPandemiya il\u0259 \u0259laq\u0259dar bir \u00e7oxu kimi m\u0259n d\u0259 i\u015fsiz qalm\u0131\u015fam. \u018fvv\u0259ll\u0259r Bak\u0131da restoran v\u0259 kafel\u0259rd\u0259 ofisiant i\u015fl\u0259yirdim. Karantind\u0259n sonra ia\u015f\u0259 obyektl\u0259ri ba\u011fland\u0131\u011f\u00fc \u00fc\u00e7\u00fcn m\u0259cbur olub rayona qay\u0131td\u0131m. Rayonda da i\u015f olmad\u0131\u011f\u0131na g\u00f6r\u0259 haz\u0131rda i\u015fsiz\u0259m. D\u00f6vl\u0259t t\u0259r\u0259find\u0259n 190 manat bird\u0259f\u0259lik \u00f6d\u0259m\u0259 il\u0259 ba\u011fl\u0131 q\u0259rar veril\u0259nd\u0259n sonra m\u0259n d\u0259 onlayn m\u00fcraci\u0259t etdim, m\u00fcsb\u0259t cavab ald\u0131m. M\u0259n\u0259 \u201c<br \/>\n  <a href=\"https:\/\/e-sosial.az\/#\/index\"><br \/>\n    www.e-sosial.az<br \/>\n  <\/a><br \/>\n  \u201ddan mesaj g\u0259ldi ki, \u201cAz\u0259rpo\u00e7t\u201dun po\u00e7t \u015f\u00f6b\u0259l\u0259rin\u0259 yax\u0131nla\u015f\u0131b 190 manat\u0131 al\u0131m\u201d.\n<\/p>\n<p>\n  Aqil M\u0259mm\u0259dov deyir ki, karantin m\u00fcdd\u0259tinin bu q\u0259d\u0259r uzanaca\u011f\u0131n\u0131 he\u00e7 a\u011fl\u0131na g\u0259tirm\u0259yib. Mart\u0131n 13-d\u0259 G\u00f6y\u00e7aya, ail\u0259sinin yan\u0131na ged\u0259nd\u0259 d\u0259 \u0259\u015fyalar\u0131n\u0131, h\u0259m\u00e7inin \u015f\u0259xsiyy\u0259t v\u0259siq\u0259sini Bak\u0131da kiray\u0259 qald\u0131\u011f\u0131 evd\u0259 qoyub:\n<\/p>\n<p>\n  \u201cYollar ba\u011flanm\u0131\u015fd\u0131, Bak\u0131ya gedi\u015f-g\u0259li\u015f \u00e7\u0259tinl\u0259\u015fmi\u015fdi. G\u00f6y\u00e7ay Rayon M\u0259rk\u0259zi Po\u00e7tuna yax\u0131nla\u015f\u0131b, s\u0259n\u0259din \u015f\u0259klini t\u0259qdim etdim. Pulu verm\u0259dil\u0259r, dedil\u0259r ki, \u015f\u0259xsiyy\u0259t v\u0259siq\u0259sinin \u00f6z\u00fc olmal\u0131d\u0131r. Bir aya yax\u0131n g\u00f6zl\u0259dim, sonra v\u0259siq\u0259m g\u0259ldi. T\u0259krar m\u0259rk\u0259zi po\u00e7ta getdim, orada m\u0259n\u0259 m\u00fcxt\u0259lif b\u0259han\u0259l\u0259r g\u0259tirdil\u0259r. \u018fvv\u0259lc\u0259 dedil\u0259r ki, sizin ad\u0131n\u0131za pul k\u00f6\u00e7\u00fcr\u00fcrlm\u0259yib. Daha sonra da dedil\u0259r ki, siz art\u0131q pulu alm\u0131s\u0131n\u0131z. N\u0259 q\u0259d\u0259r \u00e7al\u0131\u015fsam da, n\u0259tic\u0259siz qald\u0131, pulu ala bilm\u0259dim. \u018fm\u0259k v\u0259 \u018fhalinin Sosial M\u00fcdafi\u0259si Nazirliyinin 142 &#8211; \u201c\u00c7a\u011fr\u0131 m\u0259rk\u0259zi\u201dn\u0259 z\u0259ng vurdum. Problemimi bildirdim, dedil\u0259r ki, m\u0259s\u0259l\u0259ni ara\u015fd\u0131r\u0131b, 15 g\u00fcn \u0259rzind\u0259 siz\u0259 m\u0259lumat ver\u0259c\u0259yik. T\u0259\u0259ss\u00fcf ki, \u00e7ox g\u00f6zl\u0259y\u0259si oldum, m\u0259n\u0259 he\u00e7 bir m\u0259lumat verilm\u0259di. D\u0259f\u0259l\u0259rl\u0259 y\u0131\u011fd\u0131m, x\u0259tt m\u0259\u015f\u011ful oldu, dan\u0131\u015fa bilm\u0259dim. Bununla da aprel ay\u0131 \u00fc\u00e7\u00fcn d\u00f6vl\u0259t t\u0259r\u0259find\u0259n m\u0259n\u0259 t\u0259yin olunan 190 manat\u0131 ala bilm\u0259dim\u201d.\n<\/p>\n<p>\n  Aqil M\u0259mm\u0259dova \u201c<br \/>\n  <a href=\"https:\/\/e-sosial.az\/#\/index\"><br \/>\n    www.e-sosial.az<br \/>\n  <\/a><br \/>\n  \u201ddan ikinci d\u0259f\u0259 mesaj may\u0131n \u0259vv\u0259lind\u0259 g\u0259lib. V\u0259t\u0259nda\u015fa bu d\u0259f\u0259 t\u0259yin olunmu\u015f bird\u0259f\u0259lik \u00f6d\u0259m\u0259ni almaq \u00fc\u00e7\u00fcn \u201cKapital Bank\u201d\u0131n filial\u0131na yax\u0131nla\u015fmaq t\u00f6vsiy\u0259 olunub:\n<\/p>\n<p>\n  \u201cKart\u0131 almaq \u00fc\u00e7\u00fcn \u201cKapital Bank\u201d\u0131n rayon \u00fczr\u0259 filial\u0131na yax\u0131nla\u015fd\u0131m. Bankda \u0259vv\u0259lc\u0259 dedil\u0259r ki, sizinl\u0259 ba\u011fl\u0131 sistemd\u0259 m\u0259lumat yoxdur. Daha sonra is\u0259 dedil\u0259r ki, pul art\u0131q g\u00f6t\u00fcr\u00fcl\u00fcb. Halbuki, m\u0259n indiy\u0259d\u0259k bir manat pul almam\u0131\u015fd\u0131m. Yenid\u0259n m\u0259rk\u0259zi po\u00e7ta yax\u0131nla\u015fd\u0131m ki, b\u0259lk\u0259 birinci ay\u0131n pulunu ala bilim. Orada da dedil\u0259r ki, sistemd\u0259 ad\u0131n\u0131z yoxdur, silinib v\u0259 yaxud pul g\u00f6t\u00fcr\u00fcl\u00fcb. Tam d\u0259qiq m\u0259lumat verm\u0259dil\u0259r. Bundan sonra G\u00f6y\u00e7ay Rayon M\u0259\u015f\u011fulluq Xidm\u0259tin\u0259 yax\u0131nla\u015fd\u0131m ki, b\u0259lk\u0259 problemimi onlar h\u0259ll ed\u0259rl\u0259r. Sistemd\u0259 yoxlay\u0131b, dedil\u0259r ki, 600 min i\u00e7\u0259risind\u0259 ad-soyad\u0131n\u0131z yoxdur. Bu, n\u0259 dem\u0259kdir, anlam\u0131ram. M\u0259n\u0259 h\u0259m aprel, h\u0259m d\u0259 may ay\u0131 \u00fc\u00e7\u00fcn \u201cwww.e-sosial.az\u201ddan mesaj g\u0259lib ki, pulu al\u0131n. Amma aidiyy\u0259tli qurumlara gedir\u0259m, gah haqq\u0131mda sistemd\u0259 m\u0259lumat \u00e7\u0131xm\u0131r, gah da deyirl\u0259r ki, aprel ay\u0131nda siz pulu alm\u0131s\u0131n\u0131z\u201d.\n<\/p>\n<p>\n  Haz\u0131rda i\u015fsiz olan Aqil M\u0259mm\u0259dov deyir ki, \u201cKapital Bank\u201dla \u018fm\u0259k v\u0259 \u018fhalinin Sosial M\u00fcdafi\u0259si Nazirliyinin 142 &#8211; \u201c\u00c7a\u011fr\u0131 m\u0259rk\u0259zi\u201dnd\u0259 problemini h\u0259ll etmirl\u0259r:\n<\/p>\n<p>\n  \u201cPulu niy\u0259 verm\u0259dikl\u0259ri il\u0259 ba\u011fl\u0131 he\u00e7 bir s\u0259b\u0259b g\u00f6st\u0259rm\u0259dil\u0259r. B\u0259s yax\u015f\u0131, telefonuma pulu almaqla ba\u011fl\u0131 niy\u0259 mesaj g\u0259lib? Bel\u0259 haqs\u0131zl\u0131q olmaz. Ail\u0259d\u0259 d\u00f6rd n\u0259f\u0259rik. Atam 2006-c\u0131 ild\u0259 v\u0259fat edib. Haz\u0131rda \u0259mimin himay\u0259sind\u0259 ya\u015fay\u0131r\u0131q. M\u0259n i\u015fsiz\u0259m, b\u00f6y\u00fck qarda\u015f\u0131m da i\u015f olandan-olana i\u015fl\u0259yir. Ki\u00e7ik qarda\u015f\u0131m marketd\u0259 sat\u0131c\u0131 i\u015fl\u0259yir, ayda 200 manat pul al\u0131r. Anam da i\u015fl\u0259mir. Bu m\u00fcdd\u0259t \u0259rzind\u0259 kimd\u0259ns\u0259 borc almaqla dolan\u0131ram\u201d.\n<\/p>\n<p>\n  G\u00f6y\u00e7ay Rayon M\u0259rk\u0259zi Po\u00e7tunadan m\u0259s\u0259l\u0259y\u0259 m\u00fcnasib\u0259t \u00f6yr\u0259nm\u0259k m\u00fcmk\u00fcn olmay\u0131b.\n<\/p>\n<p>\n  \u201cKapital Bank\u201d\u0131n m\u0259tbuat xidm\u0259tind\u0259n Meydan TV-y\u0259 bildirilib ki, aprel ay\u0131 \u00fc\u00e7\u00fcn ilkin \u00f6d\u0259m\u0259d\u0259 Aqil M\u0259mm\u0259dovun ad\u0131 olub. Lakin n\u00f6vb\u0259ti d\u0259f\u0259, may ay\u0131nda is\u0259 onun ad\u0131 \u018fm\u0259k v\u0259 \u018fhalinin Sosial M\u00fcdafi\u0259si Nazirliyi yan\u0131nda D\u00f6vl\u0259t Sosial M\u00fcdafi\u0259 Fondundan banka g\u00f6nd\u0259ril\u0259n imtina siyah\u0131s\u0131nda olub.\n<\/p>\n<p>\n  D\u00f6vl\u0259t M\u0259\u015f\u011fulluq Xidm\u0259tind\u0259n m\u0259s\u0259l\u0259y\u0259 ayd\u0131nl\u0131q g\u0259tiril\u0259rk\u0259n Meydan TV-y\u0259 bildirilib ki, h\u0259min v\u0259t\u0259nda\u015f aprel ay\u0131 \u00fc\u00e7\u00fcn n\u0259z\u0259rd\u0259 tutulan 190 manat \u00f6d\u0259ni\u015fini al\u0131b. May ay\u0131 \u00fczr\u0259 yoxlama apar\u0131lan zaman Aqil M\u0259mm\u0259dovun ad\u0131na avtomobil oldu\u011fu a\u015fkarland\u0131\u011f\u0131 \u00fc\u00e7\u00fcn imtina verilib.\n<\/p>\n<p>\n  Aqil M\u0259mm\u0259dov Meydan TV \u0259m\u0259kda\u015f\u0131 il\u0259 s\u00f6hb\u0259tind\u0259 deyib ki, aprel ay\u0131 \u00fc\u00e7\u00fcn ona pul verilm\u0259yib. \u018flav\u0259 edib ki, \u015f\u0259xsi avtomobili yoxdur. Mart\u0131n \u0259vv\u0259ll\u0259rind\u0259 ona yaln\u0131z s\u00fcrm\u0259k, y\u0259ni avtomobil\u0259 dair s\u0259r\u0259ncam h\u00fcququnu istisna ed\u0259n etibarnam\u0259 verilib:\n<\/p>\n<p>\n  \u201cH\u0259l\u0259 onda pandemiya s\u00f6hb\u0259ti yox idi. Yax\u0131n bir adam m\u0259n ma\u015f\u0131n\u0131 idar\u0259 etm\u0259k \u00fc\u00e7\u00fcn etbarnam\u0259 verib. Ma\u015f\u0131n m\u0259nim ad\u0131ma olmay\u0131b. \u018fg\u0259r el\u0259dirs\u0259, onda g\u0259r\u0259k m\u0259n\u0259 birinci ay \u00fc\u00e7\u00fcn d\u0259 pul t\u0259yin edilm\u0259y\u0259ydi\u201d.\n<\/p>\n<p>\n  \u018fm\u0259k v\u0259 \u018fhalinin Sosial M\u00fcdafi\u0259si Nazirliyinin sayt\u0131nda bildirilir ki, bird\u0259f\u0259lik \u00f6d\u0259m\u0259 d\u00f6rd ay \u0259rzind\u0259 i\u015fsiz v\u0259 x\u00fcsusi karantin rejimind\u0259 g\u0259lirini itir\u0259n qeyri-formal i\u015fl\u0259y\u0259n azt\u0259minatl\u0131 \u015f\u0259xsl\u0259r\u0259 verilib.\n<\/p>\n<p>\n  Pandemiya d\u00f6vr\u00fcnd\u0259 190 manat bird\u0259f\u0259lik \u00f6d\u0259m\u0259 v\u0259saitin \u00fcmumi h\u0259cmi 333 milyon manat olub.\n<\/p>\n<figure class=\"wp-block-image size-large\">\n  <img decoding=\"async\" src=\"https:\/\/www.meydan.tv\/az\/img-20200817-wa0011-jpg\/\" alt=\"img-20200817-wa0011.jpg\" class=\"wp-image-146674\"\/><figcaption>\n    Kapitalbank<br \/>\n  <\/figcaption><\/figure>\n","protected":false},"excerpt":{"rendered":"<p>Aqil M\u0259mm\u0259dov deyir ki, karantin m\u00fcdd\u0259tinin bu q\u0259d\u0259r uzanaca\u011f\u0131n\u0131 he\u00e7 a\u011fl\u0131na g\u0259tirm\u0259yib.<\/p>\n","protected":false},"author":11,"featured_media":146677,"comment_status":"closed","ping_status":"open","sticky":false,"template":"","format":"standard","meta":{"_acf_changed":false,"_sitemap_exclude":false,"_sitemap_priority":"","_sitemap_frequency":"","footnotes":""},"categories":[60],"tags":[],"class_list":["post-202093","post","type-post","status-publish","format-standard","has-post-thumbnail","hentry","category-bolge","infinite-scroll-item","generate-columns","tablet-grid-50","mobile-grid-100","grid-parent","grid-33","no-featured-image-padding"],"acf":[],"yoast_head":"<!-- This site is optimized with the Yoast SEO plugin v27.5 - https:\/\/yoast.com\/product\/yoast-seo-wordpress\/ -->\n<title>\u201cD\u00f6vl\u0259t t\u0259r\u0259find\u0259n t\u0259yin olunan 190 manat\u0131 ala bilm\u0259dim\u201d - MEYDAN.TV<\/title>\n<meta name=\"robots\" content=\"index, follow, max-snippet:-1, max-image-preview:large, max-video-preview:-1\" \/>\n<link rel=\"canonical\" href=\"https:\/\/www.meydan.tv\/az\/article\/dovlet-terefinden-teyin-olunan-190-manati-ala-bilmedim\/\" \/>\n<meta property=\"og:locale\" content=\"az_AZ\" \/>\n<meta property=\"og:type\" content=\"article\" \/>\n<meta property=\"og:title\" content=\"\u201cD\u00f6vl\u0259t t\u0259r\u0259find\u0259n t\u0259yin olunan 190 manat\u0131 ala bilm\u0259dim\u201d - MEYDAN.TV\" \/>\n<meta property=\"og:description\" content=\"Aqil M\u0259mm\u0259dov deyir ki, karantin m\u00fcdd\u0259tinin bu q\u0259d\u0259r uzanaca\u011f\u0131n\u0131 he\u00e7 a\u011fl\u0131na g\u0259tirm\u0259yib.\" \/>\n<meta property=\"og:url\" content=\"https:\/\/www.meydan.tv\/az\/article\/dovlet-terefinden-teyin-olunan-190-manati-ala-bilmedim\/\" \/>\n<meta property=\"og:site_name\" content=\"MEYDAN.TV\" \/>\n<meta property=\"article:published_time\" content=\"2020-08-24T12:43:57+00:00\" \/>\n<meta property=\"og:image\" content=\"https:\/\/www.meydan.tv\/wp-content\/uploads\/copy_of_untitled9_yzsrjgx.png\" \/>\n\t<meta property=\"og:image:width\" content=\"1000\" \/>\n\t<meta property=\"og:image:height\" content=\"555\" \/>\n\t<meta property=\"og:image:type\" content=\"image\/png\" \/>\n<meta name=\"author\" content=\"user-manager\" \/>\n<meta name=\"twitter:card\" content=\"summary_large_image\" \/>\n<script type=\"application\/ld+json\" class=\"yoast-schema-graph\">{\"@context\":\"https:\\\/\\\/schema.org\",\"@graph\":[{\"@type\":\"Article\",\"@id\":\"https:\\\/\\\/www.meydan.tv\\\/az\\\/article\\\/dovlet-terefinden-teyin-olunan-190-manati-ala-bilmedim\\\/#article\",\"isPartOf\":{\"@id\":\"https:\\\/\\\/www.meydan.tv\\\/az\\\/article\\\/dovlet-terefinden-teyin-olunan-190-manati-ala-bilmedim\\\/\"},\"author\":{\"name\":\"user-manager\",\"@id\":\"https:\\\/\\\/www.meydan.tv\\\/az\\\/#\\\/schema\\\/person\\\/10d11eccf6da3662cf5fdab9806ea91a\"},\"headline\":\"\u201cD\u00f6vl\u0259t t\u0259r\u0259find\u0259n t\u0259yin olunan 190 manat\u0131 ala bilm\u0259dim\u201d\",\"datePublished\":\"2020-08-24T12:43:57+00:00\",\"mainEntityOfPage\":{\"@id\":\"https:\\\/\\\/www.meydan.tv\\\/az\\\/article\\\/dovlet-terefinden-teyin-olunan-190-manati-ala-bilmedim\\\/\"},\"wordCount\":1253,\"publisher\":{\"@id\":\"https:\\\/\\\/www.meydan.tv\\\/az\\\/#organization\"},\"image\":{\"@id\":\"https:\\\/\\\/www.meydan.tv\\\/az\\\/article\\\/dovlet-terefinden-teyin-olunan-190-manati-ala-bilmedim\\\/#primaryimage\"},\"thumbnailUrl\":\"https:\\\/\\\/www.meydan.tv\\\/wp-content\\\/uploads\\\/copy_of_untitled9_yzsrjgx.png\",\"articleSection\":[\"B\u00f6lg\u0259\"],\"inLanguage\":\"az\"},{\"@type\":\"WebPage\",\"@id\":\"https:\\\/\\\/www.meydan.tv\\\/az\\\/article\\\/dovlet-terefinden-teyin-olunan-190-manati-ala-bilmedim\\\/\",\"url\":\"https:\\\/\\\/www.meydan.tv\\\/az\\\/article\\\/dovlet-terefinden-teyin-olunan-190-manati-ala-bilmedim\\\/\",\"name\":\"\u201cD\u00f6vl\u0259t t\u0259r\u0259find\u0259n t\u0259yin olunan 190 manat\u0131 ala bilm\u0259dim\u201d - MEYDAN.TV\",\"isPartOf\":{\"@id\":\"https:\\\/\\\/www.meydan.tv\\\/az\\\/#website\"},\"primaryImageOfPage\":{\"@id\":\"https:\\\/\\\/www.meydan.tv\\\/az\\\/article\\\/dovlet-terefinden-teyin-olunan-190-manati-ala-bilmedim\\\/#primaryimage\"},\"image\":{\"@id\":\"https:\\\/\\\/www.meydan.tv\\\/az\\\/article\\\/dovlet-terefinden-teyin-olunan-190-manati-ala-bilmedim\\\/#primaryimage\"},\"thumbnailUrl\":\"https:\\\/\\\/www.meydan.tv\\\/wp-content\\\/uploads\\\/copy_of_untitled9_yzsrjgx.png\",\"datePublished\":\"2020-08-24T12:43:57+00:00\",\"breadcrumb\":{\"@id\":\"https:\\\/\\\/www.meydan.tv\\\/az\\\/article\\\/dovlet-terefinden-teyin-olunan-190-manati-ala-bilmedim\\\/#breadcrumb\"},\"inLanguage\":\"az\",\"potentialAction\":[{\"@type\":\"ReadAction\",\"target\":[\"https:\\\/\\\/www.meydan.tv\\\/az\\\/article\\\/dovlet-terefinden-teyin-olunan-190-manati-ala-bilmedim\\\/\"]}]},{\"@type\":\"ImageObject\",\"inLanguage\":\"az\",\"@id\":\"https:\\\/\\\/www.meydan.tv\\\/az\\\/article\\\/dovlet-terefinden-teyin-olunan-190-manati-ala-bilmedim\\\/#primaryimage\",\"url\":\"https:\\\/\\\/www.meydan.tv\\\/wp-content\\\/uploads\\\/copy_of_untitled9_yzsrjgx.png\",\"contentUrl\":\"https:\\\/\\\/www.meydan.tv\\\/wp-content\\\/uploads\\\/copy_of_untitled9_yzsrjgx.png\",\"width\":1000,\"height\":555,\"caption\":\"Source: Specify Source\"},{\"@type\":\"BreadcrumbList\",\"@id\":\"https:\\\/\\\/www.meydan.tv\\\/az\\\/article\\\/dovlet-terefinden-teyin-olunan-190-manati-ala-bilmedim\\\/#breadcrumb\",\"itemListElement\":[{\"@type\":\"ListItem\",\"position\":1,\"name\":\"Ana s\u0259hif\u0259\",\"item\":\"https:\\\/\\\/www.meydan.tv\\\/az\\\/\"},{\"@type\":\"ListItem\",\"position\":2,\"name\":\"B\u00f6lg\u0259\",\"item\":\"https:\\\/\\\/www.meydan.tv\\\/az\\\/section\\\/bolge\\\/\"},{\"@type\":\"ListItem\",\"position\":3,\"name\":\"\u201cD\u00f6vl\u0259t t\u0259r\u0259find\u0259n t\u0259yin olunan 190 manat\u0131 ala bilm\u0259dim\u201d\"}]},{\"@type\":\"WebSite\",\"@id\":\"https:\\\/\\\/www.meydan.tv\\\/az\\\/#website\",\"url\":\"https:\\\/\\\/www.meydan.tv\\\/az\\\/\",\"name\":\"MEYDAN.TV\",\"description\":\"Meydan TV Az\u0259rbaycan\u0131n media m\u0259kan\u0131ndak\u0131 alternativ s\u0259sidir\",\"publisher\":{\"@id\":\"https:\\\/\\\/www.meydan.tv\\\/az\\\/#organization\"},\"potentialAction\":[{\"@type\":\"SearchAction\",\"target\":{\"@type\":\"EntryPoint\",\"urlTemplate\":\"https:\\\/\\\/www.meydan.tv\\\/az\\\/?s={search_term_string}\"},\"query-input\":{\"@type\":\"PropertyValueSpecification\",\"valueRequired\":true,\"valueName\":\"search_term_string\"}}],\"inLanguage\":\"az\"},{\"@type\":\"Organization\",\"@id\":\"https:\\\/\\\/www.meydan.tv\\\/az\\\/#organization\",\"name\":\"Meydan TV\",\"url\":\"https:\\\/\\\/www.meydan.tv\\\/az\\\/\",\"logo\":{\"@type\":\"ImageObject\",\"inLanguage\":\"az\",\"@id\":\"https:\\\/\\\/www.meydan.tv\\\/az\\\/#\\\/schema\\\/logo\\\/image\\\/\",\"url\":\"https:\\\/\\\/www.meydan.tv\\\/wp-content\\\/uploads\\\/2021\\\/07\\\/meydan-logo.svg\",\"contentUrl\":\"https:\\\/\\\/www.meydan.tv\\\/wp-content\\\/uploads\\\/2021\\\/07\\\/meydan-logo.svg\",\"width\":195,\"height\":46,\"caption\":\"Meydan TV\"},\"image\":{\"@id\":\"https:\\\/\\\/www.meydan.tv\\\/az\\\/#\\\/schema\\\/logo\\\/image\\\/\"}},{\"@type\":\"Person\",\"@id\":\"https:\\\/\\\/www.meydan.tv\\\/az\\\/#\\\/schema\\\/person\\\/10d11eccf6da3662cf5fdab9806ea91a\",\"name\":\"user-manager\"}]}<\/script>\n<!-- \/ Yoast SEO plugin. -->","yoast_head_json":{"title":"\u201cD\u00f6vl\u0259t t\u0259r\u0259find\u0259n t\u0259yin olunan 190 manat\u0131 ala bilm\u0259dim\u201d - MEYDAN.TV","robots":{"index":"index","follow":"follow","max-snippet":"max-snippet:-1","max-image-preview":"max-image-preview:large","max-video-preview":"max-video-preview:-1"},"canonical":"https:\/\/www.meydan.tv\/az\/article\/dovlet-terefinden-teyin-olunan-190-manati-ala-bilmedim\/","og_locale":"az_AZ","og_type":"article","og_title":"\u201cD\u00f6vl\u0259t t\u0259r\u0259find\u0259n t\u0259yin olunan 190 manat\u0131 ala bilm\u0259dim\u201d - MEYDAN.TV","og_description":"Aqil M\u0259mm\u0259dov deyir ki, karantin m\u00fcdd\u0259tinin bu q\u0259d\u0259r uzanaca\u011f\u0131n\u0131 he\u00e7 a\u011fl\u0131na g\u0259tirm\u0259yib.","og_url":"https:\/\/www.meydan.tv\/az\/article\/dovlet-terefinden-teyin-olunan-190-manati-ala-bilmedim\/","og_site_name":"MEYDAN.TV","article_published_time":"2020-08-24T12:43:57+00:00","og_image":[{"width":1000,"height":555,"url":"https:\/\/www.meydan.tv\/wp-content\/uploads\/copy_of_untitled9_yzsrjgx.png","type":"image\/png"}],"author":"user-manager","twitter_card":"summary_large_image","schema":{"@context":"https:\/\/schema.org","@graph":[{"@type":"Article","@id":"https:\/\/www.meydan.tv\/az\/article\/dovlet-terefinden-teyin-olunan-190-manati-ala-bilmedim\/#article","isPartOf":{"@id":"https:\/\/www.meydan.tv\/az\/article\/dovlet-terefinden-teyin-olunan-190-manati-ala-bilmedim\/"},"author":{"name":"user-manager","@id":"https:\/\/www.meydan.tv\/az\/#\/schema\/person\/10d11eccf6da3662cf5fdab9806ea91a"},"headline":"\u201cD\u00f6vl\u0259t t\u0259r\u0259find\u0259n t\u0259yin olunan 190 manat\u0131 ala bilm\u0259dim\u201d","datePublished":"2020-08-24T12:43:57+00:00","mainEntityOfPage":{"@id":"https:\/\/www.meydan.tv\/az\/article\/dovlet-terefinden-teyin-olunan-190-manati-ala-bilmedim\/"},"wordCount":1253,"publisher":{"@id":"https:\/\/www.meydan.tv\/az\/#organization"},"image":{"@id":"https:\/\/www.meydan.tv\/az\/article\/dovlet-terefinden-teyin-olunan-190-manati-ala-bilmedim\/#primaryimage"},"thumbnailUrl":"https:\/\/www.meydan.tv\/wp-content\/uploads\/copy_of_untitled9_yzsrjgx.png","articleSection":["B\u00f6lg\u0259"],"inLanguage":"az"},{"@type":"WebPage","@id":"https:\/\/www.meydan.tv\/az\/article\/dovlet-terefinden-teyin-olunan-190-manati-ala-bilmedim\/","url":"https:\/\/www.meydan.tv\/az\/article\/dovlet-terefinden-teyin-olunan-190-manati-ala-bilmedim\/","name":"\u201cD\u00f6vl\u0259t t\u0259r\u0259find\u0259n t\u0259yin olunan 190 manat\u0131 ala bilm\u0259dim\u201d - MEYDAN.TV","isPartOf":{"@id":"https:\/\/www.meydan.tv\/az\/#website"},"primaryImageOfPage":{"@id":"https:\/\/www.meydan.tv\/az\/article\/dovlet-terefinden-teyin-olunan-190-manati-ala-bilmedim\/#primaryimage"},"image":{"@id":"https:\/\/www.meydan.tv\/az\/article\/dovlet-terefinden-teyin-olunan-190-manati-ala-bilmedim\/#primaryimage"},"thumbnailUrl":"https:\/\/www.meydan.tv\/wp-content\/uploads\/copy_of_untitled9_yzsrjgx.png","datePublished":"2020-08-24T12:43:57+00:00","breadcrumb":{"@id":"https:\/\/www.meydan.tv\/az\/article\/dovlet-terefinden-teyin-olunan-190-manati-ala-bilmedim\/#breadcrumb"},"inLanguage":"az","potentialAction":[{"@type":"ReadAction","target":["https:\/\/www.meydan.tv\/az\/article\/dovlet-terefinden-teyin-olunan-190-manati-ala-bilmedim\/"]}]},{"@type":"ImageObject","inLanguage":"az","@id":"https:\/\/www.meydan.tv\/az\/article\/dovlet-terefinden-teyin-olunan-190-manati-ala-bilmedim\/#primaryimage","url":"https:\/\/www.meydan.tv\/wp-content\/uploads\/copy_of_untitled9_yzsrjgx.png","contentUrl":"https:\/\/www.meydan.tv\/wp-content\/uploads\/copy_of_untitled9_yzsrjgx.png","width":1000,"height":555,"caption":"Source: Specify Source"},{"@type":"BreadcrumbList","@id":"https:\/\/www.meydan.tv\/az\/article\/dovlet-terefinden-teyin-olunan-190-manati-ala-bilmedim\/#breadcrumb","itemListElement":[{"@type":"ListItem","position":1,"name":"Ana s\u0259hif\u0259","item":"https:\/\/www.meydan.tv\/az\/"},{"@type":"ListItem","position":2,"name":"B\u00f6lg\u0259","item":"https:\/\/www.meydan.tv\/az\/section\/bolge\/"},{"@type":"ListItem","position":3,"name":"\u201cD\u00f6vl\u0259t t\u0259r\u0259find\u0259n t\u0259yin olunan 190 manat\u0131 ala bilm\u0259dim\u201d"}]},{"@type":"WebSite","@id":"https:\/\/www.meydan.tv\/az\/#website","url":"https:\/\/www.meydan.tv\/az\/","name":"MEYDAN.TV","description":"Meydan TV Az\u0259rbaycan\u0131n media m\u0259kan\u0131ndak\u0131 alternativ s\u0259sidir","publisher":{"@id":"https:\/\/www.meydan.tv\/az\/#organization"},"potentialAction":[{"@type":"SearchAction","target":{"@type":"EntryPoint","urlTemplate":"https:\/\/www.meydan.tv\/az\/?s={search_term_string}"},"query-input":{"@type":"PropertyValueSpecification","valueRequired":true,"valueName":"search_term_string"}}],"inLanguage":"az"},{"@type":"Organization","@id":"https:\/\/www.meydan.tv\/az\/#organization","name":"Meydan TV","url":"https:\/\/www.meydan.tv\/az\/","logo":{"@type":"ImageObject","inLanguage":"az","@id":"https:\/\/www.meydan.tv\/az\/#\/schema\/logo\/image\/","url":"https:\/\/www.meydan.tv\/wp-content\/uploads\/2021\/07\/meydan-logo.svg","contentUrl":"https:\/\/www.meydan.tv\/wp-content\/uploads\/2021\/07\/meydan-logo.svg","width":195,"height":46,"caption":"Meydan TV"},"image":{"@id":"https:\/\/www.meydan.tv\/az\/#\/schema\/logo\/image\/"}},{"@type":"Person","@id":"https:\/\/www.meydan.tv\/az\/#\/schema\/person\/10d11eccf6da3662cf5fdab9806ea91a","name":"user-manager"}]}},"_links":{"self":[{"href":"https:\/\/www.meydan.tv\/az\/wp-json\/wp\/v2\/posts\/202093","targetHints":{"allow":["GET"]}}],"collection":[{"href":"https:\/\/www.meydan.tv\/az\/wp-json\/wp\/v2\/posts"}],"about":[{"href":"https:\/\/www.meydan.tv\/az\/wp-json\/wp\/v2\/types\/post"}],"author":[{"embeddable":true,"href":"https:\/\/www.meydan.tv\/az\/wp-json\/wp\/v2\/users\/11"}],"replies":[{"embeddable":true,"href":"https:\/\/www.meydan.tv\/az\/wp-json\/wp\/v2\/comments?post=202093"}],"version-history":[{"count":0,"href":"https:\/\/www.meydan.tv\/az\/wp-json\/wp\/v2\/posts\/202093\/revisions"}],"wp:featuredmedia":[{"embeddable":true,"href":"https:\/\/www.meydan.tv\/az\/wp-json\/wp\/v2\/media\/146677"}],"wp:attachment":[{"href":"https:\/\/www.meydan.tv\/az\/wp-json\/wp\/v2\/media?parent=202093"}],"wp:term":[{"taxonomy":"category","embeddable":true,"href":"https:\/\/www.meydan.tv\/az\/wp-json\/wp\/v2\/categories?post=202093"},{"taxonomy":"post_tag","embeddable":true,"href":"https:\/\/www.meydan.tv\/az\/wp-json\/wp\/v2\/tags?post=202093"}],"curies":[{"name":"wp","href":"https:\/\/api.w.org\/{rel}","templated":true}]}}