{"id":202090,"date":"2020-08-24T09:11:03","date_gmt":"2020-08-24T09:11:03","guid":{"rendered":"https:\/\/www.meydan.tv\/article\/qarabag-elili-qonsular-yemek-getirir-yeyirik\/"},"modified":"2020-08-24T09:11:03","modified_gmt":"2020-08-24T09:11:03","slug":"qarabag-elili-qonsular-yemek-getirir-yeyirik","status":"publish","type":"post","link":"https:\/\/www.meydan.tv\/az\/article\/qarabag-elili-qonsular-yemek-getirir-yeyirik\/","title":{"rendered":"Qaraba\u011f \u0259lili: Qon\u015fular yem\u0259k g\u0259tirir, yeyirik"},"content":{"rendered":"<p>\n  <i><br \/>\n    \u201cVaxt\u0131nda g\u0259ls\u0259ydil\u0259r, xilas etm\u0259k olard\u0131\u201d<br \/>\n  <\/i>\n<\/p>\n<p>\n  G\u00f6y\u00e7ay\u0131n L\u0259k\u00e7\u0131plaq k\u0259ndind\u0259 ya\u015fayan Qaraba\u011f \u0259lili Valeh Qarayevin evi yan\u0131b. Hadis\u0259 zaman\u0131 onun anas\u0131 \u00fcr\u0259k tutmas\u0131ndan v\u0259fat edib.\n<\/p>\n<p>\n  <b><br \/>\n    \u201cYan\u011f\u0131ns\u00f6nd\u00fcr\u0259nl\u0259r gec g\u0259ldi\u201d<br \/>\n  <\/b>\n<\/p>\n<p>\n  Yan\u011f\u0131n iyulun 31-d\u0259 ba\u015f verib. Valeh Qarayev h\u0259yat yolda\u015f\u0131n\u0131n Al\u0131k\u0259ndd\u0259ki ata yurduna Qurban bayram\u0131 m\u00fcnasib\u0259til\u0259 ba\u015f \u00e7\u0259k\u0259nd\u0259 \u00f6z\u00fcn\u00fcn L\u0259k\u00e7\u0131plaqdak\u0131 evi od tutub. Qaraba\u011f \u0259lili bunun q\u0131saqapanmadan ba\u015f verdiyini deyir.\n<\/p>\n<p>\n  \u201c1985-ci ild\u0259 tikilmi\u015f evi idi. \u00c7ox k\u00f6hn\u0259 deyildi. El\u0259 yan\u0131rd\u0131 ki, yax\u0131na ged\u0259 bilm\u0259dik. Camaat kimi durub baxd\u0131q. T\u0259s\u0259vv\u00fcr olunmayacaq s\u0259viyy\u0259d\u0259 alovlanm\u0131\u015fd\u0131. Yan\u011f\u0131ns\u00f6nd\u00fcr\u0259nl\u0259r gec g\u0259ldi, t\u0259xmin\u0259n 25-30 d\u0259qiq\u0259y\u0259. Halbuki, \u015f\u0259h\u0259r m\u0259rk\u0259zind\u0259n c\u0259mi 9 kilometr m\u0259saf\u0259d\u0259yik. M\u0259n x\u0259st\u0259 aparanda bu yolu 8 d\u0259qiq\u0259y\u0259 gedir\u0259m. Vaxt\u0131nda g\u0259ls\u0259ydil\u0259r, n\u0259s\u0259 xilas etm\u0259k olard\u0131. \u0130kit\u0259r\u0259fli yolu var buran\u0131n. Y\u0259ni yolu b\u0259han\u0259 el\u0259y\u0259 bilm\u0259zl\u0259r\u201d.\n<\/p>\n<p>\n  Valeh Qarayevin 79 ya\u015fl\u0131 anas\u0131 Malik\u0259 Qarayeva evd\u0259 t\u0259k olub. Evi s\u00f6nd\u00fcrm\u0259y\u0259 c\u0259hd edib.\n<\/p>\n<p>\n  \u201cG\u00f6r\u00fcb yan\u0131r, bir az yax\u0131na g\u0259lib, ayaqlar\u0131 tutulub. Xurma a\u011fac\u0131n\u0131n yan\u0131ndaca qalm\u0131\u015fd\u0131. Dili tutulmu\u015fdu. M\u0259n g\u0259l\u0259nd\u0259n bir az sonra ke\u00e7indi. X\u0259st\u0259 insan idi. \u0130ki d\u0259f\u0259 infarkt ke\u00e7irmi\u015fdi\u201d, &#8211; qad\u0131n\u0131n o\u011flu dan\u0131\u015f\u0131r.\n<\/p>\n<p>\n  Evd\u0259 b\u00fct\u00fcn \u0259\u015fyalar yan\u0131b. Qal\u0131qlar da bundan x\u0259b\u0259r verir. Valeh Qarayev deyir ki, b\u00fct\u00fcn geyim, m\u0259i\u015f\u0259t, zin\u0259t \u0259\u015fyalar\u0131, s\u0259n\u0259dl\u0259r, \u00fcst\u0259lik, 15 min manat pul da yan\u0131b.\n<\/p>\n<figure class=\"wp-block-image size-large\">\n  <img decoding=\"async\" src=\"https:\/\/www.meydan.tv\/az\/unnamed-4-jpg-3\/\" alt=\"unnamed (4).jpg\" class=\"wp-image-146638\"\/><figcaption>\n    Valeh Qarayev deyir ki, b\u00fct\u00fcn geyim, m\u0259i\u015f\u0259t, zin\u0259t \u0259\u015fyalar\u0131, s\u0259n\u0259dl\u0259r, \u00fcst\u0259lik, 15 min manat pul da yan\u0131b<br \/>\n  <\/figcaption><\/figure>\n<p>\n  \u201cHe\u00e7 kibrit \u00e7\u00f6p\u00fc d\u0259 \u00e7\u0131xara bilm\u0259dik. 15 metrd\u0259n ir\u0259li getm\u0259k olmurdu\u201d, &#8211; ev sahibi yan\u011f\u0131n\u0131 bel\u0259 xat\u0131rlay\u0131r.\n<\/p>\n<p>\n  <b><br \/>\n    \u201cU\u015faqlar\u0131m betonun \u00fcst\u00fcnd\u0259 yat\u0131r\u201d<br \/>\n  <\/b>\n<\/p>\n<p>\n  \u0130ndi ail\u0259nin ya\u015fama\u011fa yeri yoxdur. D\u00f6rd n\u0259f\u0259rlik ail\u0259 h\u0259y\u0259td\u0259ki t\u0259ndir yerind\u0259 m\u0259skunla\u015f\u0131b.\n<\/p>\n<p>\n  \u201cAlt\u0131nc\u0131 sinifd\u0259 oxuyandan i\u015fl\u0259m\u0259y\u0259 ba\u015flam\u0131\u015fam. Sonra Qaraba\u011f m\u00fcharib\u0259si&#8230; \u0130ndi bu v\u0259ziyy\u0259t\u0259 qalm\u0131\u015f\u0131q. \u0130nan\u0131n, u\u015faqlar\u0131m betonun \u00fcst\u00fcnd\u0259 yat\u0131r. He\u00e7 n\u0259yimiz yoxdur. Qon\u015fular yem\u0259k g\u0259tirir, yeyirik. Qohumlar da el\u0259c\u0259. \u00c7ay, yem\u0259k g\u0259tirirl\u0259r. T\u0259ndir yeri var h\u0259y\u0259td\u0259, orada betonun \u00fcst\u00fcnd\u0259 yat\u0131r\u0131q. H\u0259r iki u\u015fa\u011f\u0131m buna g\u00f6r\u0259 x\u0259st\u0259l\u0259nib. Qon\u015fulardan bi\u015firm\u0259y\u0259 bal\u0131q, kartof, so\u011fan, h\u0259tta istifad\u0259 \u00fc\u00e7\u00fcn yor\u011fan g\u0259tir\u0259n olur\u201d, &#8211; Valeh Qarayev dan\u0131\u015f\u0131r.\n<\/p>\n<p>\n  Qaraba\u011f \u0259lilind\u0259 \u00fc\u00e7\u00fcnc\u00fc d\u0259r\u0259c\u0259li kontuziya qeyd\u0259 al\u0131n\u0131b. Belind\u0259n a\u011f\u0131r travma al\u0131b. C\u0259rrahiyy\u0259 \u0259m\u0259liyyat\u0131 ke\u00e7irm\u0259li olub, belin\u0259 implant qoyulub: \u201cEv\u0259 m\u0259n\u0259 veril\u0259n 130 manatdan ba\u015fqa pul g\u0259lmir. Ba\u015fqa he\u00e7 yerd\u0259n pul g\u0259lmir evimiz\u0259. Atamdan bir k\u00f6hn\u0259 traktor qal\u0131b. Aya\u011f\u0131n\u0131 tutursan, ba\u015f\u0131 gedir. S\u00fcr\u00fcb i\u015f dal\u0131nca gedir\u0259m, s\u0131n\u0131b qal\u0131r. G\u0259tirdiyi qazanc x\u0259rcini \u00f6d\u0259mir. Ehtiyat hiss\u0259l\u0259ri ma\u011fazas\u0131na n\u0259 q\u0259d\u0259r borcum var\u201d.\n<\/p>\n<figure class=\"wp-block-image size-large\">\n  <img decoding=\"async\" src=\"https:\/\/www.meydan.tv\/az\/unnamed-3-jpg-5\/\" alt=\"unnamed (3).jpg\" class=\"wp-image-146641\"\/><figcaption>\n    &#8220;T\u0259ndir yeri var h\u0259y\u0259td\u0259, orada betonun \u00fcst\u00fcnd\u0259 yat\u0131r\u0131q&#8221;<br \/>\n  <\/figcaption><\/figure>\n<p>\n  <b><br \/>\n    \u201cKi\u00e7ik m\u0259murlar biz\u0259 d\u00fc\u015fm\u0259n kimi bax\u0131rlar\u201d<br \/>\n  <\/b>\n<\/p>\n<p>\n  Valeh Qarayev deyir ki, n\u0259 sosial yard\u0131m ala bilibl\u0259r, n\u0259 d\u0259 pandemiya d\u00f6vr\u00fcnd\u0259 veril\u0259n 190 manat\u0131. Qaraba\u011f d\u00f6y\u00fc\u015f\u00e7\u00fcs\u00fcn\u00fcn \u0259vv\u0259ll\u0259r k\u00f6hn\u0259 \u201cJiquli\u201dsi olub, sonra sat\u0131b. Dediyin\u0259 g\u00f6r\u0259, m\u0259hz bunu b\u0259han\u0259 ed\u0259r\u0259k, ail\u0259sin\u0259 yard\u0131mdan imtina olunub: \u201cXiyar-pomidor \u0259kib ac\u0131ndan \u00f6lm\u0259m\u0259k \u00fc\u00e7\u00fcn m\u00fcbariz\u0259 apar\u0131r\u0131q. He\u00e7 bir yer i\u015fl\u0259mir. Xiyar\u0131n kilosunu he\u00e7 20 q\u0259piy\u0259 sata bilmirik. Bununla nec\u0259 ail\u0259 saxlay\u0131m m\u0259n?!\u201d\n<\/p>\n<p>\n  Yan\u011f\u0131ndan sonra L\u0259k\u00e7\u0131plaqdak\u0131 icra n\u00fcmay\u0259nd\u0259si hadis\u0259 yerin\u0259 g\u0259lib. Valeh Qarayevin s\u00f6zl\u0259rin\u0259 g\u00f6r\u0259, icra n\u00fcmay\u0259nd\u0259si k\u00f6m\u0259k etm\u0259k \u00fc\u00e7\u00fcn laz\u0131mi v\u0259saitin olmad\u0131\u011f\u0131n\u0131 bildirib: \u201cBirc\u0259 k\u00fcr\u00fcy\u00fcb q\u0131ra\u011fa t\u00f6km\u0259y\u0259 texnika ver\u0259c\u0259kl\u0259r. \u0130cra Hakimiyy\u0259tinin h\u0259r \u015feyd\u0259n x\u0259b\u0259ri var. M\u0259ktub da yazm\u0131\u015fd\u0131m. Hadis\u0259 olan kimi Heyd\u0259r \u018fliyev Fonduna, M\u00fcdafi\u0259 Nazirliyin\u0259 yazd\u0131m. H\u0259l\u0259 bir x\u0259b\u0259r yoxdu\u201d.\n<\/p>\n<figure class=\"wp-block-image size-large\">\n  <img decoding=\"async\" src=\"https:\/\/www.meydan.tv\/az\/unnamed-1-jpg-10\/\" alt=\"unnamed (1).jpg\" class=\"wp-image-146632\"\/><figcaption>\n    &#8220;\u0130cra Hakimiyy\u0259tinin h\u0259r \u015feyd\u0259n x\u0259b\u0259ri var&#8221;<br \/>\n  <\/figcaption><\/figure>\n<p>\n  Yaz\u0131 haz\u0131r olanda Valeh Qarayev z\u0259ng vurub x\u0259b\u0259r verdi ki, G\u00f6y\u00e7ay Rayon \u0130cra Hakimiyy\u0259tind\u0259 onunla onlayn qaydada g\u00f6r\u00fc\u015f ke\u00e7iribl\u0259r. Amma h\u0259r hans\u0131 k\u00f6m\u0259k ed\u0259 bilm\u0259y\u0259c\u0259kl\u0259rini deyibl\u0259r.\n<\/p>\n<p>\n  \u201cKi\u00e7ik m\u0259murlar Qaraba\u011f \u0259lili g\u00f6r\u0259nd\u0259 h\u0259mi\u015f\u0259 kobud dan\u0131\u015f\u0131rlar. D\u00fc\u015fm\u0259n kimi bax\u0131rlar biz\u0259&#8230;.\u201d, &#8211; Qaraba\u011f \u0259lili deyib.\n<\/p>\n<p>\n  G\u00f6y\u00e7ay Rayon \u0130cra Hakimiyy\u0259tind\u0259n Meydan Tv-y\u0259 deyibl\u0259r ki, qurumda v\u0259t\u0259nda\u015flar\u0131n sosial probleml\u0259rini h\u0259ll etm\u0259k \u00fc\u00e7\u00fcn v\u0259sait yoxdur.\n<\/p>\n<figure class=\"wp-block-image size-large\">\n  <img decoding=\"async\" src=\"https:\/\/www.meydan.tv\/az\/unnamed-jpg-35\/\" alt=\"unnamed.jpg\" class=\"wp-image-146626\"\/><figcaption>\n    \u0130cra hakimiyy\u0259tind\u0259n h\u0259r hans\u0131 k\u00f6m\u0259k ed\u0259 bilm\u0259y\u0259c\u0259kl\u0259rini deyibl\u0259r.<br \/>\n  <\/figcaption><\/figure>\n","protected":false},"excerpt":{"rendered":"<p>&#8220;D\u00fc\u015fm\u0259n kimi bax\u0131rlar biz\u0259&#8230;.\u201d, &#8211; Qaraba\u011f \u0259lili deyib.<\/p>\n","protected":false},"author":11,"featured_media":146635,"comment_status":"closed","ping_status":"open","sticky":false,"template":"","format":"standard","meta":{"_acf_changed":false,"_sitemap_exclude":false,"_sitemap_priority":"","_sitemap_frequency":"","footnotes":""},"categories":[60],"tags":[],"class_list":["post-202090","post","type-post","status-publish","format-standard","has-post-thumbnail","hentry","category-bolge","infinite-scroll-item","generate-columns","tablet-grid-50","mobile-grid-100","grid-parent","grid-33","no-featured-image-padding"],"acf":[],"yoast_head":"<!-- This site is optimized with the Yoast SEO plugin v27.5 - https:\/\/yoast.com\/product\/yoast-seo-wordpress\/ -->\n<title>Qaraba\u011f \u0259lili: Qon\u015fular yem\u0259k g\u0259tirir, yeyirik - MEYDAN.TV<\/title>\n<meta name=\"robots\" content=\"index, follow, max-snippet:-1, max-image-preview:large, max-video-preview:-1\" \/>\n<link rel=\"canonical\" href=\"https:\/\/www.meydan.tv\/az\/article\/qarabag-elili-qonsular-yemek-getirir-yeyirik\/\" \/>\n<meta property=\"og:locale\" content=\"az_AZ\" \/>\n<meta property=\"og:type\" content=\"article\" \/>\n<meta property=\"og:title\" content=\"Qaraba\u011f \u0259lili: Qon\u015fular yem\u0259k g\u0259tirir, yeyirik - MEYDAN.TV\" \/>\n<meta property=\"og:description\" content=\"&quot;D\u00fc\u015fm\u0259n kimi bax\u0131rlar biz\u0259....\u201d, - Qaraba\u011f \u0259lili deyib.\" \/>\n<meta property=\"og:url\" content=\"https:\/\/www.meydan.tv\/az\/article\/qarabag-elili-qonsular-yemek-getirir-yeyirik\/\" \/>\n<meta property=\"og:site_name\" content=\"MEYDAN.TV\" \/>\n<meta property=\"article:published_time\" content=\"2020-08-24T09:11:03+00:00\" \/>\n<meta property=\"og:image\" content=\"https:\/\/www.meydan.tv\/wp-content\/uploads\/unnamed_2_hnluzed.jpg\" \/>\n\t<meta property=\"og:image:width\" content=\"1000\" \/>\n\t<meta property=\"og:image:height\" content=\"750\" \/>\n\t<meta property=\"og:image:type\" content=\"image\/jpeg\" \/>\n<meta name=\"author\" content=\"user-manager\" \/>\n<meta name=\"twitter:card\" content=\"summary_large_image\" \/>\n<script type=\"application\/ld+json\" class=\"yoast-schema-graph\">{\"@context\":\"https:\\\/\\\/schema.org\",\"@graph\":[{\"@type\":\"Article\",\"@id\":\"https:\\\/\\\/www.meydan.tv\\\/az\\\/article\\\/qarabag-elili-qonsular-yemek-getirir-yeyirik\\\/#article\",\"isPartOf\":{\"@id\":\"https:\\\/\\\/www.meydan.tv\\\/az\\\/article\\\/qarabag-elili-qonsular-yemek-getirir-yeyirik\\\/\"},\"author\":{\"name\":\"user-manager\",\"@id\":\"https:\\\/\\\/www.meydan.tv\\\/az\\\/#\\\/schema\\\/person\\\/10d11eccf6da3662cf5fdab9806ea91a\"},\"headline\":\"Qaraba\u011f \u0259lili: Qon\u015fular yem\u0259k g\u0259tirir, yeyirik\",\"datePublished\":\"2020-08-24T09:11:03+00:00\",\"mainEntityOfPage\":{\"@id\":\"https:\\\/\\\/www.meydan.tv\\\/az\\\/article\\\/qarabag-elili-qonsular-yemek-getirir-yeyirik\\\/\"},\"wordCount\":935,\"publisher\":{\"@id\":\"https:\\\/\\\/www.meydan.tv\\\/az\\\/#organization\"},\"image\":{\"@id\":\"https:\\\/\\\/www.meydan.tv\\\/az\\\/article\\\/qarabag-elili-qonsular-yemek-getirir-yeyirik\\\/#primaryimage\"},\"thumbnailUrl\":\"https:\\\/\\\/www.meydan.tv\\\/wp-content\\\/uploads\\\/unnamed_2_hnluzed.jpg\",\"articleSection\":[\"B\u00f6lg\u0259\"],\"inLanguage\":\"az\"},{\"@type\":\"WebPage\",\"@id\":\"https:\\\/\\\/www.meydan.tv\\\/az\\\/article\\\/qarabag-elili-qonsular-yemek-getirir-yeyirik\\\/\",\"url\":\"https:\\\/\\\/www.meydan.tv\\\/az\\\/article\\\/qarabag-elili-qonsular-yemek-getirir-yeyirik\\\/\",\"name\":\"Qaraba\u011f \u0259lili: Qon\u015fular yem\u0259k g\u0259tirir, yeyirik - MEYDAN.TV\",\"isPartOf\":{\"@id\":\"https:\\\/\\\/www.meydan.tv\\\/az\\\/#website\"},\"primaryImageOfPage\":{\"@id\":\"https:\\\/\\\/www.meydan.tv\\\/az\\\/article\\\/qarabag-elili-qonsular-yemek-getirir-yeyirik\\\/#primaryimage\"},\"image\":{\"@id\":\"https:\\\/\\\/www.meydan.tv\\\/az\\\/article\\\/qarabag-elili-qonsular-yemek-getirir-yeyirik\\\/#primaryimage\"},\"thumbnailUrl\":\"https:\\\/\\\/www.meydan.tv\\\/wp-content\\\/uploads\\\/unnamed_2_hnluzed.jpg\",\"datePublished\":\"2020-08-24T09:11:03+00:00\",\"breadcrumb\":{\"@id\":\"https:\\\/\\\/www.meydan.tv\\\/az\\\/article\\\/qarabag-elili-qonsular-yemek-getirir-yeyirik\\\/#breadcrumb\"},\"inLanguage\":\"az\",\"potentialAction\":[{\"@type\":\"ReadAction\",\"target\":[\"https:\\\/\\\/www.meydan.tv\\\/az\\\/article\\\/qarabag-elili-qonsular-yemek-getirir-yeyirik\\\/\"]}]},{\"@type\":\"ImageObject\",\"inLanguage\":\"az\",\"@id\":\"https:\\\/\\\/www.meydan.tv\\\/az\\\/article\\\/qarabag-elili-qonsular-yemek-getirir-yeyirik\\\/#primaryimage\",\"url\":\"https:\\\/\\\/www.meydan.tv\\\/wp-content\\\/uploads\\\/unnamed_2_hnluzed.jpg\",\"contentUrl\":\"https:\\\/\\\/www.meydan.tv\\\/wp-content\\\/uploads\\\/unnamed_2_hnluzed.jpg\",\"width\":1000,\"height\":750,\"caption\":\"Source: Specify Source\"},{\"@type\":\"BreadcrumbList\",\"@id\":\"https:\\\/\\\/www.meydan.tv\\\/az\\\/article\\\/qarabag-elili-qonsular-yemek-getirir-yeyirik\\\/#breadcrumb\",\"itemListElement\":[{\"@type\":\"ListItem\",\"position\":1,\"name\":\"Ana s\u0259hif\u0259\",\"item\":\"https:\\\/\\\/www.meydan.tv\\\/az\\\/\"},{\"@type\":\"ListItem\",\"position\":2,\"name\":\"B\u00f6lg\u0259\",\"item\":\"https:\\\/\\\/www.meydan.tv\\\/az\\\/section\\\/bolge\\\/\"},{\"@type\":\"ListItem\",\"position\":3,\"name\":\"Qaraba\u011f \u0259lili: Qon\u015fular yem\u0259k g\u0259tirir, yeyirik\"}]},{\"@type\":\"WebSite\",\"@id\":\"https:\\\/\\\/www.meydan.tv\\\/az\\\/#website\",\"url\":\"https:\\\/\\\/www.meydan.tv\\\/az\\\/\",\"name\":\"MEYDAN.TV\",\"description\":\"Meydan TV Az\u0259rbaycan\u0131n media m\u0259kan\u0131ndak\u0131 alternativ s\u0259sidir\",\"publisher\":{\"@id\":\"https:\\\/\\\/www.meydan.tv\\\/az\\\/#organization\"},\"potentialAction\":[{\"@type\":\"SearchAction\",\"target\":{\"@type\":\"EntryPoint\",\"urlTemplate\":\"https:\\\/\\\/www.meydan.tv\\\/az\\\/?s={search_term_string}\"},\"query-input\":{\"@type\":\"PropertyValueSpecification\",\"valueRequired\":true,\"valueName\":\"search_term_string\"}}],\"inLanguage\":\"az\"},{\"@type\":\"Organization\",\"@id\":\"https:\\\/\\\/www.meydan.tv\\\/az\\\/#organization\",\"name\":\"Meydan TV\",\"url\":\"https:\\\/\\\/www.meydan.tv\\\/az\\\/\",\"logo\":{\"@type\":\"ImageObject\",\"inLanguage\":\"az\",\"@id\":\"https:\\\/\\\/www.meydan.tv\\\/az\\\/#\\\/schema\\\/logo\\\/image\\\/\",\"url\":\"https:\\\/\\\/www.meydan.tv\\\/wp-content\\\/uploads\\\/2021\\\/07\\\/meydan-logo.svg\",\"contentUrl\":\"https:\\\/\\\/www.meydan.tv\\\/wp-content\\\/uploads\\\/2021\\\/07\\\/meydan-logo.svg\",\"width\":195,\"height\":46,\"caption\":\"Meydan TV\"},\"image\":{\"@id\":\"https:\\\/\\\/www.meydan.tv\\\/az\\\/#\\\/schema\\\/logo\\\/image\\\/\"}},{\"@type\":\"Person\",\"@id\":\"https:\\\/\\\/www.meydan.tv\\\/az\\\/#\\\/schema\\\/person\\\/10d11eccf6da3662cf5fdab9806ea91a\",\"name\":\"user-manager\"}]}<\/script>\n<!-- \/ Yoast SEO plugin. -->","yoast_head_json":{"title":"Qaraba\u011f \u0259lili: Qon\u015fular yem\u0259k g\u0259tirir, yeyirik - MEYDAN.TV","robots":{"index":"index","follow":"follow","max-snippet":"max-snippet:-1","max-image-preview":"max-image-preview:large","max-video-preview":"max-video-preview:-1"},"canonical":"https:\/\/www.meydan.tv\/az\/article\/qarabag-elili-qonsular-yemek-getirir-yeyirik\/","og_locale":"az_AZ","og_type":"article","og_title":"Qaraba\u011f \u0259lili: Qon\u015fular yem\u0259k g\u0259tirir, yeyirik - MEYDAN.TV","og_description":"\"D\u00fc\u015fm\u0259n kimi bax\u0131rlar biz\u0259....\u201d, - Qaraba\u011f \u0259lili deyib.","og_url":"https:\/\/www.meydan.tv\/az\/article\/qarabag-elili-qonsular-yemek-getirir-yeyirik\/","og_site_name":"MEYDAN.TV","article_published_time":"2020-08-24T09:11:03+00:00","og_image":[{"width":1000,"height":750,"url":"https:\/\/www.meydan.tv\/wp-content\/uploads\/unnamed_2_hnluzed.jpg","type":"image\/jpeg"}],"author":"user-manager","twitter_card":"summary_large_image","schema":{"@context":"https:\/\/schema.org","@graph":[{"@type":"Article","@id":"https:\/\/www.meydan.tv\/az\/article\/qarabag-elili-qonsular-yemek-getirir-yeyirik\/#article","isPartOf":{"@id":"https:\/\/www.meydan.tv\/az\/article\/qarabag-elili-qonsular-yemek-getirir-yeyirik\/"},"author":{"name":"user-manager","@id":"https:\/\/www.meydan.tv\/az\/#\/schema\/person\/10d11eccf6da3662cf5fdab9806ea91a"},"headline":"Qaraba\u011f \u0259lili: Qon\u015fular yem\u0259k g\u0259tirir, yeyirik","datePublished":"2020-08-24T09:11:03+00:00","mainEntityOfPage":{"@id":"https:\/\/www.meydan.tv\/az\/article\/qarabag-elili-qonsular-yemek-getirir-yeyirik\/"},"wordCount":935,"publisher":{"@id":"https:\/\/www.meydan.tv\/az\/#organization"},"image":{"@id":"https:\/\/www.meydan.tv\/az\/article\/qarabag-elili-qonsular-yemek-getirir-yeyirik\/#primaryimage"},"thumbnailUrl":"https:\/\/www.meydan.tv\/wp-content\/uploads\/unnamed_2_hnluzed.jpg","articleSection":["B\u00f6lg\u0259"],"inLanguage":"az"},{"@type":"WebPage","@id":"https:\/\/www.meydan.tv\/az\/article\/qarabag-elili-qonsular-yemek-getirir-yeyirik\/","url":"https:\/\/www.meydan.tv\/az\/article\/qarabag-elili-qonsular-yemek-getirir-yeyirik\/","name":"Qaraba\u011f \u0259lili: Qon\u015fular yem\u0259k g\u0259tirir, yeyirik - MEYDAN.TV","isPartOf":{"@id":"https:\/\/www.meydan.tv\/az\/#website"},"primaryImageOfPage":{"@id":"https:\/\/www.meydan.tv\/az\/article\/qarabag-elili-qonsular-yemek-getirir-yeyirik\/#primaryimage"},"image":{"@id":"https:\/\/www.meydan.tv\/az\/article\/qarabag-elili-qonsular-yemek-getirir-yeyirik\/#primaryimage"},"thumbnailUrl":"https:\/\/www.meydan.tv\/wp-content\/uploads\/unnamed_2_hnluzed.jpg","datePublished":"2020-08-24T09:11:03+00:00","breadcrumb":{"@id":"https:\/\/www.meydan.tv\/az\/article\/qarabag-elili-qonsular-yemek-getirir-yeyirik\/#breadcrumb"},"inLanguage":"az","potentialAction":[{"@type":"ReadAction","target":["https:\/\/www.meydan.tv\/az\/article\/qarabag-elili-qonsular-yemek-getirir-yeyirik\/"]}]},{"@type":"ImageObject","inLanguage":"az","@id":"https:\/\/www.meydan.tv\/az\/article\/qarabag-elili-qonsular-yemek-getirir-yeyirik\/#primaryimage","url":"https:\/\/www.meydan.tv\/wp-content\/uploads\/unnamed_2_hnluzed.jpg","contentUrl":"https:\/\/www.meydan.tv\/wp-content\/uploads\/unnamed_2_hnluzed.jpg","width":1000,"height":750,"caption":"Source: Specify Source"},{"@type":"BreadcrumbList","@id":"https:\/\/www.meydan.tv\/az\/article\/qarabag-elili-qonsular-yemek-getirir-yeyirik\/#breadcrumb","itemListElement":[{"@type":"ListItem","position":1,"name":"Ana s\u0259hif\u0259","item":"https:\/\/www.meydan.tv\/az\/"},{"@type":"ListItem","position":2,"name":"B\u00f6lg\u0259","item":"https:\/\/www.meydan.tv\/az\/section\/bolge\/"},{"@type":"ListItem","position":3,"name":"Qaraba\u011f \u0259lili: Qon\u015fular yem\u0259k g\u0259tirir, yeyirik"}]},{"@type":"WebSite","@id":"https:\/\/www.meydan.tv\/az\/#website","url":"https:\/\/www.meydan.tv\/az\/","name":"MEYDAN.TV","description":"Meydan TV Az\u0259rbaycan\u0131n media m\u0259kan\u0131ndak\u0131 alternativ s\u0259sidir","publisher":{"@id":"https:\/\/www.meydan.tv\/az\/#organization"},"potentialAction":[{"@type":"SearchAction","target":{"@type":"EntryPoint","urlTemplate":"https:\/\/www.meydan.tv\/az\/?s={search_term_string}"},"query-input":{"@type":"PropertyValueSpecification","valueRequired":true,"valueName":"search_term_string"}}],"inLanguage":"az"},{"@type":"Organization","@id":"https:\/\/www.meydan.tv\/az\/#organization","name":"Meydan TV","url":"https:\/\/www.meydan.tv\/az\/","logo":{"@type":"ImageObject","inLanguage":"az","@id":"https:\/\/www.meydan.tv\/az\/#\/schema\/logo\/image\/","url":"https:\/\/www.meydan.tv\/wp-content\/uploads\/2021\/07\/meydan-logo.svg","contentUrl":"https:\/\/www.meydan.tv\/wp-content\/uploads\/2021\/07\/meydan-logo.svg","width":195,"height":46,"caption":"Meydan TV"},"image":{"@id":"https:\/\/www.meydan.tv\/az\/#\/schema\/logo\/image\/"}},{"@type":"Person","@id":"https:\/\/www.meydan.tv\/az\/#\/schema\/person\/10d11eccf6da3662cf5fdab9806ea91a","name":"user-manager"}]}},"_links":{"self":[{"href":"https:\/\/www.meydan.tv\/az\/wp-json\/wp\/v2\/posts\/202090","targetHints":{"allow":["GET"]}}],"collection":[{"href":"https:\/\/www.meydan.tv\/az\/wp-json\/wp\/v2\/posts"}],"about":[{"href":"https:\/\/www.meydan.tv\/az\/wp-json\/wp\/v2\/types\/post"}],"author":[{"embeddable":true,"href":"https:\/\/www.meydan.tv\/az\/wp-json\/wp\/v2\/users\/11"}],"replies":[{"embeddable":true,"href":"https:\/\/www.meydan.tv\/az\/wp-json\/wp\/v2\/comments?post=202090"}],"version-history":[{"count":0,"href":"https:\/\/www.meydan.tv\/az\/wp-json\/wp\/v2\/posts\/202090\/revisions"}],"wp:featuredmedia":[{"embeddable":true,"href":"https:\/\/www.meydan.tv\/az\/wp-json\/wp\/v2\/media\/146635"}],"wp:attachment":[{"href":"https:\/\/www.meydan.tv\/az\/wp-json\/wp\/v2\/media?parent=202090"}],"wp:term":[{"taxonomy":"category","embeddable":true,"href":"https:\/\/www.meydan.tv\/az\/wp-json\/wp\/v2\/categories?post=202090"},{"taxonomy":"post_tag","embeddable":true,"href":"https:\/\/www.meydan.tv\/az\/wp-json\/wp\/v2\/tags?post=202090"}],"curies":[{"name":"wp","href":"https:\/\/api.w.org\/{rel}","templated":true}]}}