{"id":202069,"date":"2020-08-22T10:05:03","date_gmt":"2020-08-22T10:05:03","guid":{"rendered":"https:\/\/www.meydan.tv\/article\/bileceriden-o-terefe-futbolcu-gondere-bilmeyenlerin-futbolu\/"},"modified":"2020-08-22T10:05:03","modified_gmt":"2020-08-22T10:05:03","slug":"bileceriden-o-terefe-futbolcu-gondere-bilmeyenlerin-futbolu","status":"publish","type":"post","link":"https:\/\/www.meydan.tv\/az\/article\/bileceriden-o-terefe-futbolcu-gondere-bilmeyenlerin-futbolu\/","title":{"rendered":"Bil\u0259c\u0259rid\u0259n o t\u0259r\u0259f\u0259 futbol\u00e7u g\u00f6nd\u0259r\u0259 bilm\u0259y\u0259nl\u0259rin futbolu"},"content":{"rendered":"<p>\n  <i><br \/>\n    \u201c\u0130mi\u015flid\u0259 Heyd\u0259r \u018fliyevin ad\u0131n\u0131 da\u015f\u0131yan m\u00fcasir stadion bo\u015f qal\u0131b, icra ba\u015f\u00e7\u0131lar\u0131n\u0131n yast\u0131qlar\u0131n\u0131n alt\u0131ndan is\u0259 milyonlar \u00e7\u0131x\u0131r\u201d<br \/>\n  <\/i>\n<\/p>\n<p>\n  Bir ne\u00e7\u0259 g\u00fcn \u0259vv\u0259l AFFA \u00f6z r\u0259smi sayt\u0131 vasit\u0259sil\u0259 bir m\u0259lumat payla\u015fm\u0131\u015fd\u0131. M\u0259lumatda bunlar yaz\u0131lm\u0131\u015fd\u0131:\n<\/p>\n<p>\n  \u201cAz\u0259rbaycan milli komandas\u0131n\u0131n \u00fczv\u00fc Araz Abdullayevin haz\u0131rda he\u00e7 bir klubla m\u00fcqavil\u0259si m\u00f6vcud deyil. Millinin ba\u015f m\u0259\u015fq\u00e7isi Canni De Byazi bununla \u0259laq\u0259dar Araz Abdullayevl\u0259 g\u00f6r\u00fc\u015f\u00fcb v\u0259 futbol\u00e7u milli komandan\u0131n m\u0259\u015fq\u00e7i hey\u0259tinin n\u0259zar\u0259ti il\u0259 f\u0259rdi m\u0259\u015fql\u0259r\u0259 ba\u015flay\u0131b\u201d.\n<\/p>\n<p>\n  Bu, h\u0259min Araz Abdullayevdir ki, 4-5 il \u0259vv\u0259l\u0259 kimi az\u0259rbaycanl\u0131 idman yazarlar\u0131, azarke\u015fl\u0259r onu t\u0259rifl\u0259m\u0259kd\u0259n yorulmur, b\u00f6y\u00fck perspektivi oldu\u011funu deyirdil\u0259r. \u00d6lk\u0259nin futbol adamlar\u0131n\u0131n \u015f\u0259nin\u0259 t\u0259rif dem\u0259kd\u0259n yorulmad\u0131\u011f\u0131 Araz \u0259vv\u0259lc\u0259 \u0130ngilt\u0259r\u0259nin \u201cEverton\u201d, ard\u0131nca Yunan\u0131stan\u0131n \u201cPanionios\u201d, daha sonra Kiprin \u201cAnortosis\u201d klublar\u0131na legioner h\u0259yat\u0131 ya\u015fama\u011fa yollansa da, he\u00e7 birind\u0259 uzun m\u00fcdd\u0259t duru\u015f g\u0259tir\u0259 bilm\u0259di, bir az kobud ifad\u0259 ets\u0259k, yar\u0131tmad\u0131. \u201cQaraba\u011f\u201d xarici klublardan \u0259li \u0259t\u0259yind\u0259n uzun qay\u0131dan 28 ya\u015fl\u0131 futbol\u00e7uya \u015fans verib, hey\u0259tin\u0259 qatsa da, Abdullayev A\u011fdam klubunda da \u00f6z\u00fcn\u00fc g\u00f6st\u0259r\u0259 bilm\u0259di. N\u0259tic\u0259d\u0259, milli komandan\u0131n da \u00fczv\u00fc olan futbol\u00e7u haz\u0131rda klubsuzdur, v\u0259ziyy\u0259t o h\u0259dd\u0259 \u00e7at\u0131b ki, AFFA Araza m\u0259\u015fq etm\u0259si \u00fc\u00e7\u00fcn \u015f\u0259rait yaratmal\u0131 olub.\n<\/p>\n<figure class=\"wp-block-image size-large\">\n  <img decoding=\"async\" src=\"https:\/\/www.meydan.tv\/az\/download-jpg-35\/\" alt=\"download.jpg\" class=\"wp-image-146571\"\/><figcaption>\n    Araz Abdullayev<br \/>\n  <\/figcaption><\/figure>\n<p>\n  Araz Abdullayev az\u0259rbaycanl\u0131 futbol\u00e7ular aras\u0131nda u\u011fursuz legioner h\u0259yat\u0131 ya\u015fayan ilk n\u00fcmun\u0259 deyil. Ondan \u0259vv\u0259l d\u0259 onlarla futbol\u00e7u xaric\u0259 \u00fcz tutub, dem\u0259k olar ki, ham\u0131s\u0131n\u0131n aqib\u0259ti Abdullayev kimi olub. B\u0259s s\u0259b\u0259b n\u0259dir? Niy\u0259 qon\u015fular\u0131m\u0131z\u0131n &#8211; G\u00fcrc\u00fcstan\u0131n, Erm\u0259nistan\u0131n futbol\u00e7ular\u0131 Avropan\u0131n tan\u0131nm\u0131\u015f klublar\u0131nda \u00f6zl\u0259rini g\u00f6st\u0259r\u0259, u\u011furlu karyera qura bilirl\u0259r, bizimkil\u0259r yox? Bu suallarla ke\u00e7mi\u015f F\u0130FA referisi, \u201cNeft\u00e7i\u201d klubunun sabiq vitse-prezidenti Tahir S\u00fcleymanova m\u00fcraci\u0259t etdik.\n<\/p>\n<p>\n  <b><br \/>\n    \u201cAlmaniya, Rusiya y\u0131\u011fmalar\u0131nda az\u0259rbaycanl\u0131 oynaya bilir, Az\u0259rbaycan\u0131n \u00f6z\u00fcnd\u0259 futbol\u00e7u yeti\u015f\u0259 bilmir?\u201d<br \/>\n  <\/b>\n<\/p>\n<p>\n  S\u00fcleymanov deyir ki, futbol ba\u015fbil\u0259nl\u0259rimiz xaricd\u0259 oynayan istedadl\u0131 futbol\u00e7ular\u0131m\u0131z\u0131 da Az\u0259rbaycana g\u0259tirib, burda onlar\u0131 m\u0259hv edirl\u0259r:\n<\/p>\n<p>\n  \u201cAc\u0131nacaql\u0131 durumdur. F\u0259rdi olaraq bir futbol\u00e7unun \u00fcz\u0259rind\u0259 dayan\u0131lmas\u0131, m\u00fczakir\u0259si do\u011fru olmaz. H\u0259r zaman x\u00fcsusi vur\u011fulay\u0131ram, Az\u0259rbaycanda futbol t\u0259hlili problemi m\u00f6vcuddur. V\u0259ziyy\u0259tin bel\u0259 h\u0259dd\u0259 \u00e7atmas\u0131 kompleks olaraq ara\u015fd\u0131r\u0131lmal\u0131, s\u0259b\u0259bl\u0259r m\u00fc\u0259yy\u0259n edilm\u0259lidir. \u0130lk olaraq, biirm\u0259nal\u0131 vur\u011fulay\u0131m, istedad m\u0259s\u0259l\u0259si deyil. \u00d6lk\u0259d\u0259 keyfiyy\u0259tli futbol\u00e7ular, daha do\u011frusu, \u201cxam mal\u201d h\u0259r zaman olub. N\u0259 q\u0259d\u0259r futbol da\u011f\u0131d\u0131lsa da, bu g\u00fcn d\u0259 var. SSR\u0130 kimi y\u0131\u011fman\u0131n t\u0259rkibind\u0259 futbol\u00e7ular\u0131m\u0131z \u00e7\u0131x\u0131\u015f edib, olimpiya, yeniyetm\u0259l\u0259r aras\u0131nda Avropa, d\u00fcnya \u00e7empionlu\u011fu qazan\u0131l\u0131b, Bani\u015fevskili y\u0131\u011fma d\u00fcnya \u00fc\u00e7\u00fcnc\u00fcs\u00fc olub. Sistem var idi. T\u0259\u0259ss\u00fcf ki, m\u00fcst\u0259qillik ill\u0259rimizd\u0259 bir \u00e7ox sah\u0259d\u0259 oldu\u011fu kimi, futbolda da yarad\u0131c\u0131 deyil, da\u011f\u0131d\u0131c\u0131 m\u00fchit formala\u015fd\u0131. Son ill\u0259r is\u0259 d\u00f6z\u00fclm\u0259z durum pik h\u0259dd\u0259 \u00e7at\u0131b. 100 milyonlar\u0131n x\u0259rcl\u0259nilm\u0259sin\u0259 baxmayaraq, na\u015f\u0131, h\u0259v\u0259skar futbol idar\u0259\u00e7iliyi, \u015f\u0259xsi maraqlar, u\u011fursuz, dill\u0259r \u0259zb\u0259ri olan Berlin, top \u00e7il\u0259m\u0259, \u0259cn\u0259bil\u0259rin k\u00fctl\u0259vi klublara yeridilm\u0259si layih\u0259l\u0259ri, ya\u015f qruplar\u0131 \u00fczr\u0259 y\u0131\u011fmalardan tutmu\u015f \u0259sas milliy\u0259 kimi k\u00fctl\u0259vi millil\u0259\u015fdirilm\u0259l\u0259r fiasko il\u0259 n\u0259tic\u0259l\u0259nib. Bu siyah\u0131n\u0131 geni\u015fl\u0259ndirm\u0259k d\u0259 olar. D\u00fcnya futbolunda onlarla istedad\u0131 n\u00fcmun\u0259 g\u00f6st\u0259rm\u0259k olar. Parlay\u0131blar, \u00fcmid veribl\u0259r, m\u00fcxt\u0259lif s\u0259b\u0259bl\u0259rd\u0259n tez d\u0259 s\u00f6n\u00fcbl\u0259r. He\u00e7 kim d\u0259 onlar\u0131n arxas\u0131nca qa\u00e7may\u0131b. \u00c7\u00fcnki Braziliya, Argentina, biz\u0259 uy\u011fun Uruqvay, Xorvatiya, Serbiya v\u0259 dig\u0259r \u00f6lk\u0259l\u0259rd\u0259 futbol\u00e7ular konveyer kimi yeti\u015fir. Okean\u0131n o tay\u0131nda, qeyd etdiyim Avropa \u00f6lk\u0259l\u0259rind\u0259 18-21 ya\u015fl\u0131 futbol\u00e7ular\u0131n \u00e7amadanlar\u0131 yanlar\u0131nda olur, ist\u0259nil\u0259n t\u0259klif\u0259 d\u0259rhal reaksiya verib, \u00f6lk\u0259ni t\u0259rk edirl\u0259r. T\u0259k maliyy\u0259 m\u0259s\u0259l\u0259sin\u0259 g\u00f6r\u0259 yox, getm\u0259s\u0259l\u0259r, sistem \u00e7al\u0131\u015f\u0131r, istedadlar\u0131n ard\u0131 g\u0259lir, 2-3 ild\u0259n sonra he\u00e7 kim\u0259 laz\u0131m olmayacaqlar. \u018fn yax\u015f\u0131 halda, el\u0259 Az\u0259rbaycan, Vyetnam kimi \u00f6lk\u0259l\u0259r\u0259 \u00fcz tutacaqlar. 10 il \u00f6nc\u0259 18 ya\u015f\u0131nda olmu\u015f Araz Abdullayev v\u0259 dig\u0259rl\u0259ri m\u00fczakir\u0259 olunmamal\u0131d\u0131r. M\u00fczakir\u0259y\u0259 10 il qabaq 10 ya\u015f\u0131nda olmu\u015f v\u0259 bu g\u00fcn 20 ya\u015f\u0131n i\u00e7ind\u0259 olan, qeydiyyatdan ke\u00e7\u0259n 200 min futbol\u00e7u \u00e7\u0131xar\u0131lmal\u0131d\u0131r. Haradad\u0131r onlar? Ka\u011f\u0131z \u00fcz\u0259rind\u0259, \u0259n yax\u015f\u0131 halda h\u0259v\u0259skar s\u0259viyy\u0259d\u0259 qal\u0131blar. Onlarla bacar\u0131ql\u0131 futbol\u00e7ular \u00fcz\u0259 \u00e7\u0131xmadan m\u0259hv edilib. Do\u011fru futbol sistemi vahid mexanizm kimi \u00e7al\u0131\u015fsayd\u0131, bu g\u00fcn n\u0259 futbol\u00e7u q\u0131tl\u0131\u011f\u0131 ya\u015fanard\u0131, n\u0259 d\u0259 indiki futbol\u00e7ular bel\u0259 arxay\u0131n olmazd\u0131lar. R\u0259qab\u0259t olmayan yerd\u0259 inki\u015faf ola bilm\u0259z! Almaniyada, Rusiyada az\u0259rbaycanl\u0131 u\u015faqlar yeti\u015fir, d\u00f6z\u00fclm\u0259z r\u0259qab\u0259td\u0259n ke\u00e7ib ya\u015f qruplar\u0131 \u00fczr\u0259 y\u0131\u011fmalara kimi gedib \u00e7\u0131xa bilirl\u0259r. Futbol ba\u015fbil\u0259nl\u0259rimiz onlar\u0131n arxas\u0131nca ova \u00e7\u0131x\u0131b, b\u00f6y\u00fck pullar qar\u015f\u0131l\u0131\u011f\u0131nda beyinl\u0259rini \u0259ll\u0259rind\u0259n al\u0131rlar, Ramil \u015eeydayev kimi, Az\u0259rbaycana g\u0259lib istedadlar\u0131n\u0131 m\u0259hv edirl\u0259r. Almaniya, Rusiya y\u0131\u011fmalar\u0131nda az\u0259rbaycanl\u0131 oynaya bilir, Az\u0259rbaycan\u0131n \u00f6z\u00fcnd\u0259 futbol\u00e7u yeti\u015f\u0259 bilmir? \u0130randa \u0259li daeil\u0259r &quot;Bavariya&quot;ya kimi gedib \u00e7\u0131xa bilir, \u00f6lk\u0259d\u0259 istedadlar qeyb\u0259 \u00e7\u0259kilir?\u201d\n<\/p>\n<p>\n  <b><br \/>\n    \u201cUEFA-dan u\u015faq futbolu \u00fc\u00e7\u00fcn klublara g\u00f6nd\u0259ril\u0259n milyonlar\u0131n aqib\u0259ti nec\u0259 oldu?\u201d<br \/>\n  <\/b>\n<\/p>\n<p>\n  Ke\u00e7mi\u015f F\u0130FA referisinin fikrinc\u0259, Az\u0259rbaycan futbolundak\u0131 probleml\u0259rin \u0259sas s\u0259b\u0259bi yana\u015fmada, sistemsizlikd\u0259dir:\n<\/p>\n<p>\n  \u201cProblem futbola yana\u015fmada, sistemsizlikd\u0259, futbol beyinl\u0259rind\u0259dir. Uzun fasil\u0259d\u0259n sonra &quot;Bak\u0131 birinciliyi&quot; start g\u00f6t\u00fcr\u0259c\u0259k. G\u0259nc\u0259, L\u0259nk\u0259ran, Nax\u00e7\u0131van, Yevlax, Tovuz, Zaqatala stadionlar\u0131 yen\u0259 d\u0259 b\u00f6y\u00fck futbolsuz qalacaq. \u0130mi\u015flid\u0259 Heyd\u0259r \u018fliyevin ad\u0131n\u0131 da\u015f\u0131yan m\u00fcasir stadion bo\u015f qal\u0131b, icra ba\u015f\u00e7\u0131lar\u0131n\u0131n yast\u0131qlar\u0131n\u0131n alt\u0131ndan is\u0259 milyonlar \u00e7\u0131x\u0131r. \u0130dman-futbol da bir m\u0259d\u0259niyy\u0259tdir. M\u0259d\u0259niyy\u0259t kabinetl\u0259rind\u0259n &quot;pa\u00e7ka&quot;larla pul \u00e7\u0131x\u0131r. Futbolda da xalq\u0131n, d\u00f6vl\u0259tin v\u0259saiti x\u0259rcl\u0259nir v\u0259 hesabatlarda ill\u0259rdir 3-5 milyon qeyri x\u0259rcl\u0259r qeyd olunur. Milyonlarla \u00fcnvans\u0131z x\u0259rc olar? Bu q\u0259d\u0259r stadionlar in\u015fa edilmi\u015fdi. N\u0259y\u0259 g\u00f6r\u0259? \u0130ndi bax\u0131ms\u0131z hala d\u00fc\u015fm\u0259si \u00fc\u00e7\u00fcn? &quot;Bak\u0131&quot;n\u0131n da\u011f\u0131d\u0131lan, yerl\u0259 bir edil\u0259n 30(!) milyonluq ke\u00e7mi\u015f stadion-bazas\u0131 g\u00f6z da\u011f\u0131d\u0131r. Qeyd olunan qur\u011fular\u0131n a\u00e7\u0131l\u0131\u015f\u0131nda \u00f6lk\u0259 ba\u015f\u00e7\u0131s\u0131 \u015f\u0259xs\u0259n i\u015ftirak edib. Bel\u0259 m\u00fcnasib\u0259tl\u0259 \u00f6lk\u0259d\u0259 futbol olar, futbol\u00e7u yeti\u015f\u0259r? Bu, futbol ideoloqlar\u0131n\u0131n \u00f6lk\u0259 futbolu il\u0259 yana\u015f\u0131 d\u00f6vl\u0259t\u0259, xalqa qar\u015f\u0131 sabotaj\u0131, t\u0259xribat\u0131 deyilmi?! Dill\u0259r \u0259zb\u0259ri olub: &quot;U\u015faq m\u0259\u015fq\u00e7il\u0259ri futbol\u00e7u haz\u0131rlaya bilmirl\u0259r&quot;. Bu g\u00fcn\u0259 kimi pis-yax\u015f\u0131 futbol\u00e7ular\u0131 b\u0259s kiml\u0259r haz\u0131rlay\u0131b, yoxsa lippertl\u0259r, klublarda \u0259lc\u0259k kimi d\u0259yi\u015fdiril\u0259n \u0259cn\u0259bi direktorlar\u0131n havadarlar\u0131 il\u0259 birg\u0259 t\u0259tbiq etdikl\u0259ri &quot;sistem&quot; yeti\u015fdirib? Bir \u0259cn\u0259biy\u0259 \u00f6d\u0259nil\u0259n pullar\u0131 u\u015faq m\u0259\u015fq\u00e7il\u0259ri toplam il \u0259rzind\u0259 ala bilmirl\u0259r, q\u0259pik-quru\u015fa \u00e7al\u0131\u015f\u0131rlar. Problemin k\u00f6k\u00fc onlarda deyil, ilk \u00f6nc\u0259 \u015f\u0259raitin yarad\u0131lmamas\u0131ndad\u0131r. Olmayan &quot;Bak\u0131&quot;n\u0131n onlarla futbol\u00e7ular\u0131 klublarda \u00e7\u0131x\u0131\u015f edirl\u0259r. &quot;Q\u0259b\u0259l\u0259&quot;y\u0259 minn\u0259tl\u0259 1-2 milyon v\u0259sait verilir. Olmaz ki, futbol m\u0259ntiqi il\u0259, maliyy\u0259 infrastruktura, u\u015faq futboluna, y\u0131\u011fmalara futbol\u00e7ular haz\u0131rlad\u0131\u011f\u0131na g\u00f6r\u0259 layiqli v\u0259 davaml\u0131 olaraq idman prinsipl\u0259rin\u0259 uy\u011fun \u00f6d\u0259m\u0259l\u0259r qanunil\u0259\u015fdirilsin?! Dig\u0259r klublara da n\u00fcmun\u0259 olar, r\u0259qab\u0259t yaranar. Auditl\u0259 &quot;qorxudulur&quot;. UEFA-dan u\u015faq futbolu \u00fc\u00e7\u00fcn klublara g\u00f6nd\u0259ril\u0259n milyonlar\u0131n aqib\u0259ti nec\u0259 oldu? &quot;Partiya&quot; komandalar\u0131 transferl\u0259rl\u0259 ba\u011fl\u0131 \u201cofsayd\u201da d\u00fc\u015f\u00fcb, \u015f\u0259ffafl\u0131q s\u0259rf etmir? Klublar\u0131n t\u0259lim-m\u0259\u015fq toplan\u0131\u015f\u0131 \u00fc\u00e7\u00fcn yarad\u0131lan \u015f\u0259rait\u0259, infrastruktura g\u00f6r\u0259 yoxlama yox, Q\u0259b\u0259l\u0259 klubuna d\u00f6vl\u0259t s\u0259viyy\u0259sind\u0259 t\u0259\u015f\u0259kk\u00fcrnam\u0259 d\u00fc\u015f\u00fcr. AFFA is\u0259 d\u00f6vl\u0259tin ay\u0131rd\u0131\u011f\u0131 v\u0259saiti bel\u0259, &quot;federasiya pul ay\u0131r\u0131r&quot; ad\u0131yla mill\u0259t\u0259 s\u0131r\u0131y\u0131r\u201d.\n<\/p>\n<p>\n  <b><br \/>\n    \u201cAz\u0259rbaycanda \u00e7al\u0131\u015fm\u0131\u015f bir \u0259cn\u0259bi m\u0259\u015fq\u00e7i h\u0259l\u0259 dem\u0259yib ki, tabe\u00e7iliyimd\u0259 olan yerli futbol\u00e7ular futbol oynaya bilmirdil\u0259r\u201d<br \/>\n  <\/b>\n<\/p>\n<p>\n  Tahir S\u00fcleymanov hesab edir ki, az\u0259rbaycanl\u0131 futbol\u00e7ular\u0131n xaricd\u0259 u\u011fur qazana bilm\u0259m\u0259sind\u0259 ail\u0259y\u0259 ba\u011fl\u0131l\u0131q, d\u00f6z\u00fcms\u00fczl\u00fck, intizams\u0131zl\u0131q da rol oynay\u0131r:\n<\/p>\n<figure class=\"wp-block-image size-large\">\n  <img decoding=\"async\" src=\"https:\/\/www.meydan.tv\/az\/tahir_suleymanov-jpg\/\" alt=\"tahir_suleymanov.jpg\" class=\"wp-image-146574\"\/><figcaption>\n    Tahir S\u00fcleymanov<br \/>\n  <\/figcaption><\/figure>\n<p>\n  \u201cF\u0259rdi olaraq hans\u0131sa futbol\u00e7unun Avropaya \u00fcz tutmamas\u0131 yana\u015fmas\u0131 yanl\u0131\u015f olar. 8 ildir klublar\u0131m\u0131z davaml\u0131 qruplarda \u00e7\u0131x\u0131\u015f edir, n\u0259h\u0259ng klublarla qar\u015f\u0131la\u015f\u0131rlar. Art\u0131q \u0259ks\u0259r futbol\u00e7ular\u0131m\u0131z tan\u0131n\u0131r. Buna baxmayaraq, biri d\u0259 Avropaya transfer olunmay\u0131b. Dig\u0259r t\u0259r\u0259fd\u0259n, syominl\u0259r, d\u0259nizlil\u0259r, to\u015faklar, starkovlar, hac\u0131yevskil\u0259r, qriqor\u00e7uklar, tsxadadzel\u0259r Az\u0259rbaycanda m\u0259\u015fq\u00e7ilik etdikd\u0259n sonra m\u00fcxt\u0259lif \u00f6lk\u0259l\u0259rd\u0259, klublarda \u00e7al\u0131\u015f\u0131blar, \u00e7al\u0131\u015f\u0131rlar. Onlara menecerl\u0259rin fikirl\u0259ri \u00f6n\u0259mli olmamal\u0131d\u0131r. G\u00f6zl\u0259rinin \u00f6n\u00fcnd\u0259, r\u0259hb\u0259rlikl\u0259ri alt\u0131nda onlarla az\u0259rbaycanl\u0131 futbol\u00e7ular \u00e7\u0131x\u0131\u015f edibl\u0259r. Burada oynam\u0131\u015f legionerl\u0259ri apar\u0131rlar, yerlil\u0259r is\u0259 k\u0259narda qal\u0131r. M\u00fc\u0259yy\u0259n s\u00f6z-s\u00f6hb\u0259tl\u0259r olsa da, konkret add\u0131mlar at\u0131lm\u0131r. Vaxtil\u0259 To\u015fak tan\u0131nmayan t\u00fcrkiy\u0259li futbol\u00e7u Nihat\u0131 \u0130spaniyaya t\u0259klif etdi, apard\u0131. Az\u0259rbaycan futbolu ad\u0131na faci\u0259dir v\u0259 t\u0259kc\u0259 istedads\u0131zl\u0131q, milli mentall\u0131qla olan m\u0259s\u0259l\u0259 deyil. Az\u0259rbaycanda \u00e7al\u0131\u015fm\u0131\u015f bir \u0259cn\u0259bi m\u0259\u015fq\u00e7i h\u0259l\u0259 dem\u0259yib ki, tabe\u00e7iliyimd\u0259 olan yerli futbol\u00e7ular futbol oynaya bilmirdil\u0259r. Futbol ad\u0131na \u00e7ox ciddi ara\u015fd\u0131rma m\u00f6vzusudur. T\u0259\u0259ss\u00fcf ki, ail\u0259y\u0259 ba\u011fl\u0131l\u0131q, d\u00f6z\u00fcms\u00fczl\u00fck, intizams\u0131zl\u0131q da \u00f6z t\u0259sirini g\u00f6st\u0259rir. Bunlar daha \u00e7ox f\u0259rdi\u00e7iliy\u0259 ba\u011fl\u0131 m\u0259qamlard\u0131r v\u0259 son onillikl\u0259rd\u0259 maliyy\u0259 il\u0259 yana\u015f\u0131, c\u0259miyy\u0259t aras\u0131nda \u00fcst\u00fcnl\u00fck t\u0259\u015fkil ed\u0259n qeyri-ciddilik, \u00fczd\u0259nyana\u015fmalar\u0131n, h\u0259yat t\u0259rzinin n\u0259tic\u0259sidir. 15-20 il \u00f6nc\u0259 ancaq Ukraynada 10-a yax\u0131n futbol\u00e7umuz \u00e7\u0131x\u0131\u015f edirdi, \u0130randa say\u0131-hesab\u0131 bilinmirdi. Deyil\u0259 bil\u0259r ki, futbolsuzluqdan qa\u00e7m\u0131\u015fd\u0131lar. N\u0259 q\u0259d\u0259r olsa da, faktd\u0131r. \u0130ndi b\u0259la ondad\u0131r ki, futbol yenid\u0259n yox hal\u0131na g\u0259tirilib, Ab\u015ferona m\u00f6htac edilib. O vaxt futbol yox idi, futbol\u00e7u var idi, indi futbolla yana\u015f\u0131, futbol\u00e7u da \u0259vv\u0259lki kimi yeti\u015fmir. Ona g\u00f6r\u0259 yox ki, t\u00fck\u0259nib. Ona g\u00f6r\u0259 ki, futbolun n\u0259f\u0259sini k\u0259sibl\u0259r.\n<\/p>\n<p>\n  Araz Abdullayev\u0259 g\u0259ldikd\u0259, vaxtil\u0259 &quot;Panionis&quot;d\u0259 &quot;Neft\u00e7i&quot;d\u0259ki q\u0259d\u0259r maa\u015f al\u0131rd\u0131 &#8211; 5000. Cavid \u0130manverdiyev, Mirh\u00fcseyn Seyidov, Elvin Yunuszad\u0259 v\u0259 \u0259sas hey\u0259td\u0259 forma geyin\u0259n dig\u0259r g\u0259ncl\u0259r qruplarda \u00e7\u0131x\u0131\u015f ed\u0259-ed\u0259 3000-5000 aras\u0131 ayl\u0131q maa\u015f al\u0131rd\u0131lar. N\u0259 yaz\u0131q ki, klublar futbol\u00e7ulara h\u0259ddind\u0259n art\u0131q, \u00f6zl\u0259rini t\u0259sd\u0131q etm\u0259d\u0259n b\u00f6y\u00fck pullar \u00f6d\u0259di. H\u0259tta AFFA-n\u0131n g\u0259ncl\u0259rl\u0259 ba\u011fl\u0131 m\u0259lum, s\u00fcni m\u0259vacib q\u0259rar\u0131 da effekt verm\u0259di, ka\u011f\u0131z \u00fcz\u0259rind\u0259 qald\u0131. Yuxar\u0131da qeyd etdiyim kimi, davaml\u0131 futbol\u00e7u yeti\u015fs\u0259ydi, konveyer kimi \u00e7al\u0131\u015fsayd\u0131, \u00f6nd\u0259kil\u0259r xaric\u0259 getm\u0259y\u0259 m\u0259cbur olacaqd\u0131, yeni g\u0259l\u0259n istedadlar is\u0259 onlar\u0131n yerini tutacaqd\u0131lar. Do\u011fru-d\u00fcr\u00fcst q\u0259rarlar \u0259v\u0259zin\u0259, son onilliyin \u0259n u\u011furlu layih\u0259si olan \u0259v\u0259zedicil\u0259rin yar\u0131\u015f\u0131 da divizion bataql\u0131\u011f\u0131na qurban verildi. &quot;Q\u0259b\u0259l\u0259&quot; kimi akademiyas\u0131 olan klubun \u0259v\u0259zedicil\u0259ri yoxdur, haz\u0131rda da b\u0259zi klublar bu add\u0131m\u0131 atmaq ist\u0259yir. AFFA bel\u0259 \u00e7al\u0131\u015f\u0131r, t\u0259klifl\u0259ri bel\u0259 d\u0259y\u0259rl\u0259ndirir, \u0130craiyy\u0259 Komit\u0259si bel\u0259 m\u0259hvedici q\u0259rarlar q\u0259bul edir.\n<\/p>\n<p>\n  Futbolda k\u00f6kl\u00fc islahatlar apar\u0131lmal\u0131, ilk olaraq futbol t\u0259f\u0259kk\u00fcr\u00fc d\u0259yi\u015fm\u0259lidir. \u0130stedadlar \u0259sas\u0259n b\u00f6lg\u0259l\u0259rd\u0259dir, klublar da \u00e7oxdan da\u011f\u0131l\u0131b. Futbolda d\u0259yi\u015f\u0259n top x\u0259tti \u00fczr\u0259 yeni, q\u0259ti add\u0131mlar at\u0131lmal\u0131d\u0131r. Onda futbol da dir\u00e7\u0259l\u0259c\u0259k, futbol\u00e7ular\u0131m\u0131z da Avropaya \u00fcz tutacaq\u201d.<\/p>\n","protected":false},"excerpt":{"rendered":"<p>\u201cF\u0259rdi olaraq hans\u0131sa futbol\u00e7unun Avropaya \u00fcz tutmamas\u0131 yana\u015fmas\u0131 yanl\u0131\u015f olar&#8221;.<\/p>\n","protected":false},"author":11,"featured_media":73788,"comment_status":"closed","ping_status":"open","sticky":false,"template":"","format":"standard","meta":{"_acf_changed":false,"_sitemap_exclude":false,"_sitemap_priority":"","_sitemap_frequency":"","footnotes":""},"categories":[51],"tags":[],"class_list":["post-202069","post","type-post","status-publish","format-standard","has-post-thumbnail","hentry","category-analitika","infinite-scroll-item","generate-columns","tablet-grid-50","mobile-grid-100","grid-parent","grid-33","no-featured-image-padding"],"acf":[],"yoast_head":"<!-- This site is optimized with the Yoast SEO plugin v27.4 - https:\/\/yoast.com\/product\/yoast-seo-wordpress\/ -->\n<title>Bil\u0259c\u0259rid\u0259n o t\u0259r\u0259f\u0259 futbol\u00e7u g\u00f6nd\u0259r\u0259 bilm\u0259y\u0259nl\u0259rin futbolu - MEYDAN.TV<\/title>\n<meta name=\"robots\" content=\"index, follow, max-snippet:-1, max-image-preview:large, max-video-preview:-1\" \/>\n<link rel=\"canonical\" href=\"https:\/\/www.meydan.tv\/az\/article\/bileceriden-o-terefe-futbolcu-gondere-bilmeyenlerin-futbolu\/\" \/>\n<meta property=\"og:locale\" content=\"az_AZ\" \/>\n<meta property=\"og:type\" content=\"article\" \/>\n<meta property=\"og:title\" content=\"Bil\u0259c\u0259rid\u0259n o t\u0259r\u0259f\u0259 futbol\u00e7u g\u00f6nd\u0259r\u0259 bilm\u0259y\u0259nl\u0259rin futbolu - MEYDAN.TV\" \/>\n<meta property=\"og:description\" content=\"\u201cF\u0259rdi olaraq hans\u0131sa futbol\u00e7unun Avropaya \u00fcz tutmamas\u0131 yana\u015fmas\u0131 yanl\u0131\u015f olar&quot;.\" \/>\n<meta property=\"og:url\" content=\"https:\/\/www.meydan.tv\/az\/article\/bileceriden-o-terefe-futbolcu-gondere-bilmeyenlerin-futbolu\/\" \/>\n<meta property=\"og:site_name\" content=\"MEYDAN.TV\" \/>\n<meta property=\"article:published_time\" content=\"2020-08-22T10:05:03+00:00\" \/>\n<meta property=\"og:image\" content=\"https:\/\/www.meydan.tv\/wp-content\/uploads\/28478.jpg\" \/>\n\t<meta property=\"og:image:width\" content=\"609\" \/>\n\t<meta property=\"og:image:height\" content=\"400\" \/>\n\t<meta property=\"og:image:type\" content=\"image\/jpeg\" \/>\n<meta name=\"author\" content=\"user-manager\" \/>\n<meta name=\"twitter:card\" content=\"summary_large_image\" \/>\n<script type=\"application\/ld+json\" class=\"yoast-schema-graph\">{\"@context\":\"https:\\\/\\\/schema.org\",\"@graph\":[{\"@type\":\"Article\",\"@id\":\"https:\\\/\\\/www.meydan.tv\\\/az\\\/article\\\/bileceriden-o-terefe-futbolcu-gondere-bilmeyenlerin-futbolu\\\/#article\",\"isPartOf\":{\"@id\":\"https:\\\/\\\/www.meydan.tv\\\/az\\\/article\\\/bileceriden-o-terefe-futbolcu-gondere-bilmeyenlerin-futbolu\\\/\"},\"author\":{\"name\":\"user-manager\",\"@id\":\"https:\\\/\\\/www.meydan.tv\\\/az\\\/#\\\/schema\\\/person\\\/10d11eccf6da3662cf5fdab9806ea91a\"},\"headline\":\"Bil\u0259c\u0259rid\u0259n o t\u0259r\u0259f\u0259 futbol\u00e7u g\u00f6nd\u0259r\u0259 bilm\u0259y\u0259nl\u0259rin futbolu\",\"datePublished\":\"2020-08-22T10:05:03+00:00\",\"mainEntityOfPage\":{\"@id\":\"https:\\\/\\\/www.meydan.tv\\\/az\\\/article\\\/bileceriden-o-terefe-futbolcu-gondere-bilmeyenlerin-futbolu\\\/\"},\"wordCount\":2269,\"publisher\":{\"@id\":\"https:\\\/\\\/www.meydan.tv\\\/az\\\/#organization\"},\"image\":{\"@id\":\"https:\\\/\\\/www.meydan.tv\\\/az\\\/article\\\/bileceriden-o-terefe-futbolcu-gondere-bilmeyenlerin-futbolu\\\/#primaryimage\"},\"thumbnailUrl\":\"https:\\\/\\\/www.meydan.tv\\\/wp-content\\\/uploads\\\/28478.jpg\",\"articleSection\":[\"Analitika\"],\"inLanguage\":\"az\"},{\"@type\":\"WebPage\",\"@id\":\"https:\\\/\\\/www.meydan.tv\\\/az\\\/article\\\/bileceriden-o-terefe-futbolcu-gondere-bilmeyenlerin-futbolu\\\/\",\"url\":\"https:\\\/\\\/www.meydan.tv\\\/az\\\/article\\\/bileceriden-o-terefe-futbolcu-gondere-bilmeyenlerin-futbolu\\\/\",\"name\":\"Bil\u0259c\u0259rid\u0259n o t\u0259r\u0259f\u0259 futbol\u00e7u g\u00f6nd\u0259r\u0259 bilm\u0259y\u0259nl\u0259rin futbolu - MEYDAN.TV\",\"isPartOf\":{\"@id\":\"https:\\\/\\\/www.meydan.tv\\\/az\\\/#website\"},\"primaryImageOfPage\":{\"@id\":\"https:\\\/\\\/www.meydan.tv\\\/az\\\/article\\\/bileceriden-o-terefe-futbolcu-gondere-bilmeyenlerin-futbolu\\\/#primaryimage\"},\"image\":{\"@id\":\"https:\\\/\\\/www.meydan.tv\\\/az\\\/article\\\/bileceriden-o-terefe-futbolcu-gondere-bilmeyenlerin-futbolu\\\/#primaryimage\"},\"thumbnailUrl\":\"https:\\\/\\\/www.meydan.tv\\\/wp-content\\\/uploads\\\/28478.jpg\",\"datePublished\":\"2020-08-22T10:05:03+00:00\",\"breadcrumb\":{\"@id\":\"https:\\\/\\\/www.meydan.tv\\\/az\\\/article\\\/bileceriden-o-terefe-futbolcu-gondere-bilmeyenlerin-futbolu\\\/#breadcrumb\"},\"inLanguage\":\"az\",\"potentialAction\":[{\"@type\":\"ReadAction\",\"target\":[\"https:\\\/\\\/www.meydan.tv\\\/az\\\/article\\\/bileceriden-o-terefe-futbolcu-gondere-bilmeyenlerin-futbolu\\\/\"]}]},{\"@type\":\"ImageObject\",\"inLanguage\":\"az\",\"@id\":\"https:\\\/\\\/www.meydan.tv\\\/az\\\/article\\\/bileceriden-o-terefe-futbolcu-gondere-bilmeyenlerin-futbolu\\\/#primaryimage\",\"url\":\"https:\\\/\\\/www.meydan.tv\\\/wp-content\\\/uploads\\\/28478.jpg\",\"contentUrl\":\"https:\\\/\\\/www.meydan.tv\\\/wp-content\\\/uploads\\\/28478.jpg\",\"width\":609,\"height\":400,\"caption\":\"Source:\"},{\"@type\":\"BreadcrumbList\",\"@id\":\"https:\\\/\\\/www.meydan.tv\\\/az\\\/article\\\/bileceriden-o-terefe-futbolcu-gondere-bilmeyenlerin-futbolu\\\/#breadcrumb\",\"itemListElement\":[{\"@type\":\"ListItem\",\"position\":1,\"name\":\"Ana s\u0259hif\u0259\",\"item\":\"https:\\\/\\\/www.meydan.tv\\\/az\\\/\"},{\"@type\":\"ListItem\",\"position\":2,\"name\":\"Analitika\",\"item\":\"https:\\\/\\\/www.meydan.tv\\\/az\\\/section\\\/analitika\\\/\"},{\"@type\":\"ListItem\",\"position\":3,\"name\":\"Bil\u0259c\u0259rid\u0259n o t\u0259r\u0259f\u0259 futbol\u00e7u g\u00f6nd\u0259r\u0259 bilm\u0259y\u0259nl\u0259rin futbolu\"}]},{\"@type\":\"WebSite\",\"@id\":\"https:\\\/\\\/www.meydan.tv\\\/az\\\/#website\",\"url\":\"https:\\\/\\\/www.meydan.tv\\\/az\\\/\",\"name\":\"MEYDAN.TV\",\"description\":\"Meydan TV Az\u0259rbaycan\u0131n media m\u0259kan\u0131ndak\u0131 alternativ s\u0259sidir\",\"publisher\":{\"@id\":\"https:\\\/\\\/www.meydan.tv\\\/az\\\/#organization\"},\"potentialAction\":[{\"@type\":\"SearchAction\",\"target\":{\"@type\":\"EntryPoint\",\"urlTemplate\":\"https:\\\/\\\/www.meydan.tv\\\/az\\\/?s={search_term_string}\"},\"query-input\":{\"@type\":\"PropertyValueSpecification\",\"valueRequired\":true,\"valueName\":\"search_term_string\"}}],\"inLanguage\":\"az\"},{\"@type\":\"Organization\",\"@id\":\"https:\\\/\\\/www.meydan.tv\\\/az\\\/#organization\",\"name\":\"Meydan TV\",\"url\":\"https:\\\/\\\/www.meydan.tv\\\/az\\\/\",\"logo\":{\"@type\":\"ImageObject\",\"inLanguage\":\"az\",\"@id\":\"https:\\\/\\\/www.meydan.tv\\\/az\\\/#\\\/schema\\\/logo\\\/image\\\/\",\"url\":\"https:\\\/\\\/www.meydan.tv\\\/wp-content\\\/uploads\\\/2021\\\/07\\\/meydan-logo.svg\",\"contentUrl\":\"https:\\\/\\\/www.meydan.tv\\\/wp-content\\\/uploads\\\/2021\\\/07\\\/meydan-logo.svg\",\"width\":195,\"height\":46,\"caption\":\"Meydan TV\"},\"image\":{\"@id\":\"https:\\\/\\\/www.meydan.tv\\\/az\\\/#\\\/schema\\\/logo\\\/image\\\/\"}},{\"@type\":\"Person\",\"@id\":\"https:\\\/\\\/www.meydan.tv\\\/az\\\/#\\\/schema\\\/person\\\/10d11eccf6da3662cf5fdab9806ea91a\",\"name\":\"user-manager\"}]}<\/script>\n<!-- \/ Yoast SEO plugin. -->","yoast_head_json":{"title":"Bil\u0259c\u0259rid\u0259n o t\u0259r\u0259f\u0259 futbol\u00e7u g\u00f6nd\u0259r\u0259 bilm\u0259y\u0259nl\u0259rin futbolu - MEYDAN.TV","robots":{"index":"index","follow":"follow","max-snippet":"max-snippet:-1","max-image-preview":"max-image-preview:large","max-video-preview":"max-video-preview:-1"},"canonical":"https:\/\/www.meydan.tv\/az\/article\/bileceriden-o-terefe-futbolcu-gondere-bilmeyenlerin-futbolu\/","og_locale":"az_AZ","og_type":"article","og_title":"Bil\u0259c\u0259rid\u0259n o t\u0259r\u0259f\u0259 futbol\u00e7u g\u00f6nd\u0259r\u0259 bilm\u0259y\u0259nl\u0259rin futbolu - MEYDAN.TV","og_description":"\u201cF\u0259rdi olaraq hans\u0131sa futbol\u00e7unun Avropaya \u00fcz tutmamas\u0131 yana\u015fmas\u0131 yanl\u0131\u015f olar\".","og_url":"https:\/\/www.meydan.tv\/az\/article\/bileceriden-o-terefe-futbolcu-gondere-bilmeyenlerin-futbolu\/","og_site_name":"MEYDAN.TV","article_published_time":"2020-08-22T10:05:03+00:00","og_image":[{"width":609,"height":400,"url":"https:\/\/www.meydan.tv\/wp-content\/uploads\/28478.jpg","type":"image\/jpeg"}],"author":"user-manager","twitter_card":"summary_large_image","schema":{"@context":"https:\/\/schema.org","@graph":[{"@type":"Article","@id":"https:\/\/www.meydan.tv\/az\/article\/bileceriden-o-terefe-futbolcu-gondere-bilmeyenlerin-futbolu\/#article","isPartOf":{"@id":"https:\/\/www.meydan.tv\/az\/article\/bileceriden-o-terefe-futbolcu-gondere-bilmeyenlerin-futbolu\/"},"author":{"name":"user-manager","@id":"https:\/\/www.meydan.tv\/az\/#\/schema\/person\/10d11eccf6da3662cf5fdab9806ea91a"},"headline":"Bil\u0259c\u0259rid\u0259n o t\u0259r\u0259f\u0259 futbol\u00e7u g\u00f6nd\u0259r\u0259 bilm\u0259y\u0259nl\u0259rin futbolu","datePublished":"2020-08-22T10:05:03+00:00","mainEntityOfPage":{"@id":"https:\/\/www.meydan.tv\/az\/article\/bileceriden-o-terefe-futbolcu-gondere-bilmeyenlerin-futbolu\/"},"wordCount":2269,"publisher":{"@id":"https:\/\/www.meydan.tv\/az\/#organization"},"image":{"@id":"https:\/\/www.meydan.tv\/az\/article\/bileceriden-o-terefe-futbolcu-gondere-bilmeyenlerin-futbolu\/#primaryimage"},"thumbnailUrl":"https:\/\/www.meydan.tv\/wp-content\/uploads\/28478.jpg","articleSection":["Analitika"],"inLanguage":"az"},{"@type":"WebPage","@id":"https:\/\/www.meydan.tv\/az\/article\/bileceriden-o-terefe-futbolcu-gondere-bilmeyenlerin-futbolu\/","url":"https:\/\/www.meydan.tv\/az\/article\/bileceriden-o-terefe-futbolcu-gondere-bilmeyenlerin-futbolu\/","name":"Bil\u0259c\u0259rid\u0259n o t\u0259r\u0259f\u0259 futbol\u00e7u g\u00f6nd\u0259r\u0259 bilm\u0259y\u0259nl\u0259rin futbolu - MEYDAN.TV","isPartOf":{"@id":"https:\/\/www.meydan.tv\/az\/#website"},"primaryImageOfPage":{"@id":"https:\/\/www.meydan.tv\/az\/article\/bileceriden-o-terefe-futbolcu-gondere-bilmeyenlerin-futbolu\/#primaryimage"},"image":{"@id":"https:\/\/www.meydan.tv\/az\/article\/bileceriden-o-terefe-futbolcu-gondere-bilmeyenlerin-futbolu\/#primaryimage"},"thumbnailUrl":"https:\/\/www.meydan.tv\/wp-content\/uploads\/28478.jpg","datePublished":"2020-08-22T10:05:03+00:00","breadcrumb":{"@id":"https:\/\/www.meydan.tv\/az\/article\/bileceriden-o-terefe-futbolcu-gondere-bilmeyenlerin-futbolu\/#breadcrumb"},"inLanguage":"az","potentialAction":[{"@type":"ReadAction","target":["https:\/\/www.meydan.tv\/az\/article\/bileceriden-o-terefe-futbolcu-gondere-bilmeyenlerin-futbolu\/"]}]},{"@type":"ImageObject","inLanguage":"az","@id":"https:\/\/www.meydan.tv\/az\/article\/bileceriden-o-terefe-futbolcu-gondere-bilmeyenlerin-futbolu\/#primaryimage","url":"https:\/\/www.meydan.tv\/wp-content\/uploads\/28478.jpg","contentUrl":"https:\/\/www.meydan.tv\/wp-content\/uploads\/28478.jpg","width":609,"height":400,"caption":"Source:"},{"@type":"BreadcrumbList","@id":"https:\/\/www.meydan.tv\/az\/article\/bileceriden-o-terefe-futbolcu-gondere-bilmeyenlerin-futbolu\/#breadcrumb","itemListElement":[{"@type":"ListItem","position":1,"name":"Ana s\u0259hif\u0259","item":"https:\/\/www.meydan.tv\/az\/"},{"@type":"ListItem","position":2,"name":"Analitika","item":"https:\/\/www.meydan.tv\/az\/section\/analitika\/"},{"@type":"ListItem","position":3,"name":"Bil\u0259c\u0259rid\u0259n o t\u0259r\u0259f\u0259 futbol\u00e7u g\u00f6nd\u0259r\u0259 bilm\u0259y\u0259nl\u0259rin futbolu"}]},{"@type":"WebSite","@id":"https:\/\/www.meydan.tv\/az\/#website","url":"https:\/\/www.meydan.tv\/az\/","name":"MEYDAN.TV","description":"Meydan TV Az\u0259rbaycan\u0131n media m\u0259kan\u0131ndak\u0131 alternativ s\u0259sidir","publisher":{"@id":"https:\/\/www.meydan.tv\/az\/#organization"},"potentialAction":[{"@type":"SearchAction","target":{"@type":"EntryPoint","urlTemplate":"https:\/\/www.meydan.tv\/az\/?s={search_term_string}"},"query-input":{"@type":"PropertyValueSpecification","valueRequired":true,"valueName":"search_term_string"}}],"inLanguage":"az"},{"@type":"Organization","@id":"https:\/\/www.meydan.tv\/az\/#organization","name":"Meydan TV","url":"https:\/\/www.meydan.tv\/az\/","logo":{"@type":"ImageObject","inLanguage":"az","@id":"https:\/\/www.meydan.tv\/az\/#\/schema\/logo\/image\/","url":"https:\/\/www.meydan.tv\/wp-content\/uploads\/2021\/07\/meydan-logo.svg","contentUrl":"https:\/\/www.meydan.tv\/wp-content\/uploads\/2021\/07\/meydan-logo.svg","width":195,"height":46,"caption":"Meydan TV"},"image":{"@id":"https:\/\/www.meydan.tv\/az\/#\/schema\/logo\/image\/"}},{"@type":"Person","@id":"https:\/\/www.meydan.tv\/az\/#\/schema\/person\/10d11eccf6da3662cf5fdab9806ea91a","name":"user-manager"}]}},"_links":{"self":[{"href":"https:\/\/www.meydan.tv\/az\/wp-json\/wp\/v2\/posts\/202069","targetHints":{"allow":["GET"]}}],"collection":[{"href":"https:\/\/www.meydan.tv\/az\/wp-json\/wp\/v2\/posts"}],"about":[{"href":"https:\/\/www.meydan.tv\/az\/wp-json\/wp\/v2\/types\/post"}],"author":[{"embeddable":true,"href":"https:\/\/www.meydan.tv\/az\/wp-json\/wp\/v2\/users\/11"}],"replies":[{"embeddable":true,"href":"https:\/\/www.meydan.tv\/az\/wp-json\/wp\/v2\/comments?post=202069"}],"version-history":[{"count":0,"href":"https:\/\/www.meydan.tv\/az\/wp-json\/wp\/v2\/posts\/202069\/revisions"}],"wp:featuredmedia":[{"embeddable":true,"href":"https:\/\/www.meydan.tv\/az\/wp-json\/wp\/v2\/media\/73788"}],"wp:attachment":[{"href":"https:\/\/www.meydan.tv\/az\/wp-json\/wp\/v2\/media?parent=202069"}],"wp:term":[{"taxonomy":"category","embeddable":true,"href":"https:\/\/www.meydan.tv\/az\/wp-json\/wp\/v2\/categories?post=202069"},{"taxonomy":"post_tag","embeddable":true,"href":"https:\/\/www.meydan.tv\/az\/wp-json\/wp\/v2\/tags?post=202069"}],"curies":[{"name":"wp","href":"https:\/\/api.w.org\/{rel}","templated":true}]}}