{"id":202051,"date":"2020-08-21T09:59:25","date_gmt":"2020-08-21T09:59:25","guid":{"rendered":"https:\/\/www.meydan.tv\/article\/azerbaycanli-rejissor-sarayevo-film-festivalinin-qalibi-oldu\/"},"modified":"2020-08-21T09:59:25","modified_gmt":"2020-08-21T09:59:25","slug":"azerbaycanli-rejissor-sarayevo-film-festivalinin-qalibi-oldu","status":"publish","type":"post","link":"https:\/\/www.meydan.tv\/az\/article\/azerbaycanli-rejissor-sarayevo-film-festivalinin-qalibi-oldu\/","title":{"rendered":"Az\u0259rbaycanl\u0131 rejissor Sarayevo Film Festival\u0131n\u0131n qalibi oldu"},"content":{"rendered":"<p>\n  <i><br \/>\n    \u201cDaxild\u0259ki ada\u201d filminin ssenari m\u00fc\u0259llifi d\u0259 R\u00fcf\u0259t H\u0259s\u0259novdur<br \/>\n  <\/i>\n<\/p>\n<p>\n  Az\u0259rbaycanl\u0131 rejissor R\u00fcf\u04d9t H\u04d9s\u04d9nov (Ru Hasanov) Sarayevo Film Festival\u0131nda \u201c\u0259n yax\u015f\u0131 rejissor\u201d nominasiyas\u0131 \u00fczr\u0259 qalib olub.\n<\/p>\n<p>\n  R\u00fcf\u0259t H\u0259s\u0259nov film festival\u0131na &quot;Daxild\u04d9ki ada&quot; filmi il\u0259 qat\u0131lm\u0131\u015fd\u0131.\n<\/p>\n<p>\n  R\u00fcf\u0259t H\u0259s\u0259nov h\u0259m d\u0259 filmin ssenari m\u00fc\u0259llifidir. Filmin operatoru Orxan Abbasov, qurulu\u015fcu r\u0259ssam Elturan M\u0259mm\u0259dov, h\u0259mprod\u00fcsserl\u0259ri Guillaume De Seille, Kamran Aydinov, prod\u00fcsserl\u0259ri R\u00fcf\u0259t H\u0259s\u0259nov v\u0259 M\u00fc\u015ffiq H\u0259t\u0259movdur.\n<\/p>\n<p>\n  Filmd\u0259 ba\u015f rollar\u0131 Orxan Tar\u0131verdizad\u0259, Vidadi H\u0259s\u0259nov, Qurban \u0130smay\u0131lov, Rafiq \u018fzimov ifa edir.\n<\/p>\n<p>\n  Filmin ba\u015f q\u0259hr\u0259man\u0131, \u015fahmat\u00e7\u0131 g\u0259nc m\u0259n\u0259vi v\u0259 fiziki t\u0259zyiql\u0259rd\u0259n ba\u015f\u0131n\u0131 g\u00f6t\u00fcr\u00fcb v\u0259h\u015fi atlar ya\u015fayan v\u0259 bir sakini olan adaya qa\u00e7\u0131r.\n<\/p>\n<p>\n  \u00d6t\u0259n il is\u0259 Az\u0259rbaycanl\u0131 rejissor Hilal Baydarovun \u201cXurmalar Yeti\u015f\u0259n Vaxt\u201d filmi d\u0259 Sarayevo Film Festival\u0131n\u0131n \u0259n yax\u015f\u0131 s\u0259n\u0259dli film \u00fczr\u0259 &quot;Heart of Sarajevo&quot; m\u00fckafat\u0131na layiq g\u00f6r\u00fclm\u00fc\u015fd\u00fc.\n<\/p>\n<p>\n  \u201cXurmalar Yeti\u015f\u0259n Vaxt\u201d filmind\u0259 k\u0259nd h\u0259yat\u0131n\u0131n poetik t\u0259sviri il\u0259 g\u00fccl\u00fc ana portreti \u0259ks olunub.\n<\/p>\n<p>\n  Sarayevo Film Festival\u0131 1995-ci ild\u0259n ke\u00e7irilir. \u0130lk festival Bosniya v\u0259 Herseqovinada m\u00fcharib\u0259 ged\u0259n d\u00f6vr, Sarayevonun m\u00fchasir\u0259y\u0259 al\u0131nd\u0131\u011f\u0131 bir vaxtda ke\u00e7irilib. O vaxtdan h\u0259r il avqust ay\u0131nda ke\u00e7irilir. C\u0259nub-\u015e\u0259rqi Avropa b\u00f6lg\u0259sinin \u0259n \u00f6nd\u0259 ged\u0259n festivallar\u0131ndan olan Sarayevo Film Festival\u0131n\u0131 h\u0259r il 100 mind\u0259n art\u0131q insan izl\u0259yir.\n<\/p>\n<p>\n  2004-c\u00fc ild\u0259n b\u0259ri festival &quot;Heart of Sarajevo&quot; ad\u0131 alt\u0131nda \u0259n yax\u015f\u0131 film, \u0259n yax\u015f\u0131 q\u0131sametrajl\u0131 film, \u0259n yax\u015f\u0131 s\u0259n\u0259dli film, \u0259n yax\u015f\u0131 aktrisa v\u0259 \u0259n yax\u015f\u0131 aktyor m\u00fckafat\u0131 verir.<\/p>\n","protected":false},"excerpt":{"rendered":"<p>Filmd\u0259 ba\u015f rollar\u0131 Orxan Tar\u0131verdizad\u0259, Vidadi H\u0259s\u0259nov, Qurban \u0130smay\u0131lov, Rafiq \u018fzimov ifa edir.<\/p>\n","protected":false},"author":11,"featured_media":146526,"comment_status":"closed","ping_status":"open","sticky":false,"template":"","format":"standard","meta":{"_acf_changed":false,"_sitemap_exclude":false,"_sitemap_priority":"","_sitemap_frequency":"","footnotes":""},"categories":[52],"tags":[],"class_list":["post-202051","post","type-post","status-publish","format-standard","has-post-thumbnail","hentry","category-medeniyyet","infinite-scroll-item","generate-columns","tablet-grid-50","mobile-grid-100","grid-parent","grid-33","no-featured-image-padding"],"acf":[],"yoast_head":"<!-- This site is optimized with the Yoast SEO plugin v27.4 - https:\/\/yoast.com\/product\/yoast-seo-wordpress\/ -->\n<title>Az\u0259rbaycanl\u0131 rejissor Sarayevo Film Festival\u0131n\u0131n qalibi oldu - MEYDAN.TV<\/title>\n<meta name=\"robots\" content=\"index, follow, max-snippet:-1, max-image-preview:large, max-video-preview:-1\" \/>\n<link rel=\"canonical\" href=\"https:\/\/www.meydan.tv\/az\/article\/azerbaycanli-rejissor-sarayevo-film-festivalinin-qalibi-oldu\/\" \/>\n<meta property=\"og:locale\" content=\"az_AZ\" \/>\n<meta property=\"og:type\" content=\"article\" \/>\n<meta property=\"og:title\" content=\"Az\u0259rbaycanl\u0131 rejissor Sarayevo Film Festival\u0131n\u0131n qalibi oldu - MEYDAN.TV\" \/>\n<meta property=\"og:description\" content=\"Filmd\u0259 ba\u015f rollar\u0131 Orxan Tar\u0131verdizad\u0259, Vidadi H\u0259s\u0259nov, Qurban \u0130smay\u0131lov, Rafiq \u018fzimov ifa edir.\" \/>\n<meta property=\"og:url\" content=\"https:\/\/www.meydan.tv\/az\/article\/azerbaycanli-rejissor-sarayevo-film-festivalinin-qalibi-oldu\/\" \/>\n<meta property=\"og:site_name\" content=\"MEYDAN.TV\" \/>\n<meta property=\"article:published_time\" content=\"2020-08-21T09:59:25+00:00\" \/>\n<meta property=\"og:image\" content=\"https:\/\/www.meydan.tv\/wp-content\/uploads\/869ccb75-95c0-4615-a856-10c3a3acd10a.jpg\" \/>\n\t<meta property=\"og:image:width\" content=\"1920\" \/>\n\t<meta property=\"og:image:height\" content=\"1080\" \/>\n\t<meta property=\"og:image:type\" content=\"image\/jpeg\" \/>\n<meta name=\"author\" content=\"user-manager\" \/>\n<meta name=\"twitter:card\" content=\"summary_large_image\" \/>\n<script type=\"application\/ld+json\" class=\"yoast-schema-graph\">{\"@context\":\"https:\\\/\\\/schema.org\",\"@graph\":[{\"@type\":\"Article\",\"@id\":\"https:\\\/\\\/www.meydan.tv\\\/az\\\/article\\\/azerbaycanli-rejissor-sarayevo-film-festivalinin-qalibi-oldu\\\/#article\",\"isPartOf\":{\"@id\":\"https:\\\/\\\/www.meydan.tv\\\/az\\\/article\\\/azerbaycanli-rejissor-sarayevo-film-festivalinin-qalibi-oldu\\\/\"},\"author\":{\"name\":\"user-manager\",\"@id\":\"https:\\\/\\\/www.meydan.tv\\\/az\\\/#\\\/schema\\\/person\\\/10d11eccf6da3662cf5fdab9806ea91a\"},\"headline\":\"Az\u0259rbaycanl\u0131 rejissor Sarayevo Film Festival\u0131n\u0131n qalibi oldu\",\"datePublished\":\"2020-08-21T09:59:25+00:00\",\"mainEntityOfPage\":{\"@id\":\"https:\\\/\\\/www.meydan.tv\\\/az\\\/article\\\/azerbaycanli-rejissor-sarayevo-film-festivalinin-qalibi-oldu\\\/\"},\"wordCount\":333,\"publisher\":{\"@id\":\"https:\\\/\\\/www.meydan.tv\\\/az\\\/#organization\"},\"image\":{\"@id\":\"https:\\\/\\\/www.meydan.tv\\\/az\\\/article\\\/azerbaycanli-rejissor-sarayevo-film-festivalinin-qalibi-oldu\\\/#primaryimage\"},\"thumbnailUrl\":\"https:\\\/\\\/www.meydan.tv\\\/wp-content\\\/uploads\\\/869ccb75-95c0-4615-a856-10c3a3acd10a.jpg\",\"articleSection\":[\"M\u0259d\u0259niyy\u0259t\"],\"inLanguage\":\"az\"},{\"@type\":\"WebPage\",\"@id\":\"https:\\\/\\\/www.meydan.tv\\\/az\\\/article\\\/azerbaycanli-rejissor-sarayevo-film-festivalinin-qalibi-oldu\\\/\",\"url\":\"https:\\\/\\\/www.meydan.tv\\\/az\\\/article\\\/azerbaycanli-rejissor-sarayevo-film-festivalinin-qalibi-oldu\\\/\",\"name\":\"Az\u0259rbaycanl\u0131 rejissor Sarayevo Film Festival\u0131n\u0131n qalibi oldu - MEYDAN.TV\",\"isPartOf\":{\"@id\":\"https:\\\/\\\/www.meydan.tv\\\/az\\\/#website\"},\"primaryImageOfPage\":{\"@id\":\"https:\\\/\\\/www.meydan.tv\\\/az\\\/article\\\/azerbaycanli-rejissor-sarayevo-film-festivalinin-qalibi-oldu\\\/#primaryimage\"},\"image\":{\"@id\":\"https:\\\/\\\/www.meydan.tv\\\/az\\\/article\\\/azerbaycanli-rejissor-sarayevo-film-festivalinin-qalibi-oldu\\\/#primaryimage\"},\"thumbnailUrl\":\"https:\\\/\\\/www.meydan.tv\\\/wp-content\\\/uploads\\\/869ccb75-95c0-4615-a856-10c3a3acd10a.jpg\",\"datePublished\":\"2020-08-21T09:59:25+00:00\",\"breadcrumb\":{\"@id\":\"https:\\\/\\\/www.meydan.tv\\\/az\\\/article\\\/azerbaycanli-rejissor-sarayevo-film-festivalinin-qalibi-oldu\\\/#breadcrumb\"},\"inLanguage\":\"az\",\"potentialAction\":[{\"@type\":\"ReadAction\",\"target\":[\"https:\\\/\\\/www.meydan.tv\\\/az\\\/article\\\/azerbaycanli-rejissor-sarayevo-film-festivalinin-qalibi-oldu\\\/\"]}]},{\"@type\":\"ImageObject\",\"inLanguage\":\"az\",\"@id\":\"https:\\\/\\\/www.meydan.tv\\\/az\\\/article\\\/azerbaycanli-rejissor-sarayevo-film-festivalinin-qalibi-oldu\\\/#primaryimage\",\"url\":\"https:\\\/\\\/www.meydan.tv\\\/wp-content\\\/uploads\\\/869ccb75-95c0-4615-a856-10c3a3acd10a.jpg\",\"contentUrl\":\"https:\\\/\\\/www.meydan.tv\\\/wp-content\\\/uploads\\\/869ccb75-95c0-4615-a856-10c3a3acd10a.jpg\",\"width\":1920,\"height\":1080,\"caption\":\"Source: Specify Source\"},{\"@type\":\"BreadcrumbList\",\"@id\":\"https:\\\/\\\/www.meydan.tv\\\/az\\\/article\\\/azerbaycanli-rejissor-sarayevo-film-festivalinin-qalibi-oldu\\\/#breadcrumb\",\"itemListElement\":[{\"@type\":\"ListItem\",\"position\":1,\"name\":\"Ana s\u0259hif\u0259\",\"item\":\"https:\\\/\\\/www.meydan.tv\\\/az\\\/\"},{\"@type\":\"ListItem\",\"position\":2,\"name\":\"M\u0259d\u0259niyy\u0259t\",\"item\":\"https:\\\/\\\/www.meydan.tv\\\/az\\\/section\\\/medeniyyet\\\/\"},{\"@type\":\"ListItem\",\"position\":3,\"name\":\"Az\u0259rbaycanl\u0131 rejissor Sarayevo Film Festival\u0131n\u0131n qalibi oldu\"}]},{\"@type\":\"WebSite\",\"@id\":\"https:\\\/\\\/www.meydan.tv\\\/az\\\/#website\",\"url\":\"https:\\\/\\\/www.meydan.tv\\\/az\\\/\",\"name\":\"MEYDAN.TV\",\"description\":\"Meydan TV Az\u0259rbaycan\u0131n media m\u0259kan\u0131ndak\u0131 alternativ s\u0259sidir\",\"publisher\":{\"@id\":\"https:\\\/\\\/www.meydan.tv\\\/az\\\/#organization\"},\"potentialAction\":[{\"@type\":\"SearchAction\",\"target\":{\"@type\":\"EntryPoint\",\"urlTemplate\":\"https:\\\/\\\/www.meydan.tv\\\/az\\\/?s={search_term_string}\"},\"query-input\":{\"@type\":\"PropertyValueSpecification\",\"valueRequired\":true,\"valueName\":\"search_term_string\"}}],\"inLanguage\":\"az\"},{\"@type\":\"Organization\",\"@id\":\"https:\\\/\\\/www.meydan.tv\\\/az\\\/#organization\",\"name\":\"Meydan TV\",\"url\":\"https:\\\/\\\/www.meydan.tv\\\/az\\\/\",\"logo\":{\"@type\":\"ImageObject\",\"inLanguage\":\"az\",\"@id\":\"https:\\\/\\\/www.meydan.tv\\\/az\\\/#\\\/schema\\\/logo\\\/image\\\/\",\"url\":\"https:\\\/\\\/www.meydan.tv\\\/wp-content\\\/uploads\\\/2021\\\/07\\\/meydan-logo.svg\",\"contentUrl\":\"https:\\\/\\\/www.meydan.tv\\\/wp-content\\\/uploads\\\/2021\\\/07\\\/meydan-logo.svg\",\"width\":195,\"height\":46,\"caption\":\"Meydan TV\"},\"image\":{\"@id\":\"https:\\\/\\\/www.meydan.tv\\\/az\\\/#\\\/schema\\\/logo\\\/image\\\/\"}},{\"@type\":\"Person\",\"@id\":\"https:\\\/\\\/www.meydan.tv\\\/az\\\/#\\\/schema\\\/person\\\/10d11eccf6da3662cf5fdab9806ea91a\",\"name\":\"user-manager\"}]}<\/script>\n<!-- \/ Yoast SEO plugin. -->","yoast_head_json":{"title":"Az\u0259rbaycanl\u0131 rejissor Sarayevo Film Festival\u0131n\u0131n qalibi oldu - MEYDAN.TV","robots":{"index":"index","follow":"follow","max-snippet":"max-snippet:-1","max-image-preview":"max-image-preview:large","max-video-preview":"max-video-preview:-1"},"canonical":"https:\/\/www.meydan.tv\/az\/article\/azerbaycanli-rejissor-sarayevo-film-festivalinin-qalibi-oldu\/","og_locale":"az_AZ","og_type":"article","og_title":"Az\u0259rbaycanl\u0131 rejissor Sarayevo Film Festival\u0131n\u0131n qalibi oldu - MEYDAN.TV","og_description":"Filmd\u0259 ba\u015f rollar\u0131 Orxan Tar\u0131verdizad\u0259, Vidadi H\u0259s\u0259nov, Qurban \u0130smay\u0131lov, Rafiq \u018fzimov ifa edir.","og_url":"https:\/\/www.meydan.tv\/az\/article\/azerbaycanli-rejissor-sarayevo-film-festivalinin-qalibi-oldu\/","og_site_name":"MEYDAN.TV","article_published_time":"2020-08-21T09:59:25+00:00","og_image":[{"width":1920,"height":1080,"url":"https:\/\/www.meydan.tv\/wp-content\/uploads\/869ccb75-95c0-4615-a856-10c3a3acd10a.jpg","type":"image\/jpeg"}],"author":"user-manager","twitter_card":"summary_large_image","schema":{"@context":"https:\/\/schema.org","@graph":[{"@type":"Article","@id":"https:\/\/www.meydan.tv\/az\/article\/azerbaycanli-rejissor-sarayevo-film-festivalinin-qalibi-oldu\/#article","isPartOf":{"@id":"https:\/\/www.meydan.tv\/az\/article\/azerbaycanli-rejissor-sarayevo-film-festivalinin-qalibi-oldu\/"},"author":{"name":"user-manager","@id":"https:\/\/www.meydan.tv\/az\/#\/schema\/person\/10d11eccf6da3662cf5fdab9806ea91a"},"headline":"Az\u0259rbaycanl\u0131 rejissor Sarayevo Film Festival\u0131n\u0131n qalibi oldu","datePublished":"2020-08-21T09:59:25+00:00","mainEntityOfPage":{"@id":"https:\/\/www.meydan.tv\/az\/article\/azerbaycanli-rejissor-sarayevo-film-festivalinin-qalibi-oldu\/"},"wordCount":333,"publisher":{"@id":"https:\/\/www.meydan.tv\/az\/#organization"},"image":{"@id":"https:\/\/www.meydan.tv\/az\/article\/azerbaycanli-rejissor-sarayevo-film-festivalinin-qalibi-oldu\/#primaryimage"},"thumbnailUrl":"https:\/\/www.meydan.tv\/wp-content\/uploads\/869ccb75-95c0-4615-a856-10c3a3acd10a.jpg","articleSection":["M\u0259d\u0259niyy\u0259t"],"inLanguage":"az"},{"@type":"WebPage","@id":"https:\/\/www.meydan.tv\/az\/article\/azerbaycanli-rejissor-sarayevo-film-festivalinin-qalibi-oldu\/","url":"https:\/\/www.meydan.tv\/az\/article\/azerbaycanli-rejissor-sarayevo-film-festivalinin-qalibi-oldu\/","name":"Az\u0259rbaycanl\u0131 rejissor Sarayevo Film Festival\u0131n\u0131n qalibi oldu - MEYDAN.TV","isPartOf":{"@id":"https:\/\/www.meydan.tv\/az\/#website"},"primaryImageOfPage":{"@id":"https:\/\/www.meydan.tv\/az\/article\/azerbaycanli-rejissor-sarayevo-film-festivalinin-qalibi-oldu\/#primaryimage"},"image":{"@id":"https:\/\/www.meydan.tv\/az\/article\/azerbaycanli-rejissor-sarayevo-film-festivalinin-qalibi-oldu\/#primaryimage"},"thumbnailUrl":"https:\/\/www.meydan.tv\/wp-content\/uploads\/869ccb75-95c0-4615-a856-10c3a3acd10a.jpg","datePublished":"2020-08-21T09:59:25+00:00","breadcrumb":{"@id":"https:\/\/www.meydan.tv\/az\/article\/azerbaycanli-rejissor-sarayevo-film-festivalinin-qalibi-oldu\/#breadcrumb"},"inLanguage":"az","potentialAction":[{"@type":"ReadAction","target":["https:\/\/www.meydan.tv\/az\/article\/azerbaycanli-rejissor-sarayevo-film-festivalinin-qalibi-oldu\/"]}]},{"@type":"ImageObject","inLanguage":"az","@id":"https:\/\/www.meydan.tv\/az\/article\/azerbaycanli-rejissor-sarayevo-film-festivalinin-qalibi-oldu\/#primaryimage","url":"https:\/\/www.meydan.tv\/wp-content\/uploads\/869ccb75-95c0-4615-a856-10c3a3acd10a.jpg","contentUrl":"https:\/\/www.meydan.tv\/wp-content\/uploads\/869ccb75-95c0-4615-a856-10c3a3acd10a.jpg","width":1920,"height":1080,"caption":"Source: Specify Source"},{"@type":"BreadcrumbList","@id":"https:\/\/www.meydan.tv\/az\/article\/azerbaycanli-rejissor-sarayevo-film-festivalinin-qalibi-oldu\/#breadcrumb","itemListElement":[{"@type":"ListItem","position":1,"name":"Ana s\u0259hif\u0259","item":"https:\/\/www.meydan.tv\/az\/"},{"@type":"ListItem","position":2,"name":"M\u0259d\u0259niyy\u0259t","item":"https:\/\/www.meydan.tv\/az\/section\/medeniyyet\/"},{"@type":"ListItem","position":3,"name":"Az\u0259rbaycanl\u0131 rejissor Sarayevo Film Festival\u0131n\u0131n qalibi oldu"}]},{"@type":"WebSite","@id":"https:\/\/www.meydan.tv\/az\/#website","url":"https:\/\/www.meydan.tv\/az\/","name":"MEYDAN.TV","description":"Meydan TV Az\u0259rbaycan\u0131n media m\u0259kan\u0131ndak\u0131 alternativ s\u0259sidir","publisher":{"@id":"https:\/\/www.meydan.tv\/az\/#organization"},"potentialAction":[{"@type":"SearchAction","target":{"@type":"EntryPoint","urlTemplate":"https:\/\/www.meydan.tv\/az\/?s={search_term_string}"},"query-input":{"@type":"PropertyValueSpecification","valueRequired":true,"valueName":"search_term_string"}}],"inLanguage":"az"},{"@type":"Organization","@id":"https:\/\/www.meydan.tv\/az\/#organization","name":"Meydan TV","url":"https:\/\/www.meydan.tv\/az\/","logo":{"@type":"ImageObject","inLanguage":"az","@id":"https:\/\/www.meydan.tv\/az\/#\/schema\/logo\/image\/","url":"https:\/\/www.meydan.tv\/wp-content\/uploads\/2021\/07\/meydan-logo.svg","contentUrl":"https:\/\/www.meydan.tv\/wp-content\/uploads\/2021\/07\/meydan-logo.svg","width":195,"height":46,"caption":"Meydan TV"},"image":{"@id":"https:\/\/www.meydan.tv\/az\/#\/schema\/logo\/image\/"}},{"@type":"Person","@id":"https:\/\/www.meydan.tv\/az\/#\/schema\/person\/10d11eccf6da3662cf5fdab9806ea91a","name":"user-manager"}]}},"_links":{"self":[{"href":"https:\/\/www.meydan.tv\/az\/wp-json\/wp\/v2\/posts\/202051","targetHints":{"allow":["GET"]}}],"collection":[{"href":"https:\/\/www.meydan.tv\/az\/wp-json\/wp\/v2\/posts"}],"about":[{"href":"https:\/\/www.meydan.tv\/az\/wp-json\/wp\/v2\/types\/post"}],"author":[{"embeddable":true,"href":"https:\/\/www.meydan.tv\/az\/wp-json\/wp\/v2\/users\/11"}],"replies":[{"embeddable":true,"href":"https:\/\/www.meydan.tv\/az\/wp-json\/wp\/v2\/comments?post=202051"}],"version-history":[{"count":0,"href":"https:\/\/www.meydan.tv\/az\/wp-json\/wp\/v2\/posts\/202051\/revisions"}],"wp:featuredmedia":[{"embeddable":true,"href":"https:\/\/www.meydan.tv\/az\/wp-json\/wp\/v2\/media\/146526"}],"wp:attachment":[{"href":"https:\/\/www.meydan.tv\/az\/wp-json\/wp\/v2\/media?parent=202051"}],"wp:term":[{"taxonomy":"category","embeddable":true,"href":"https:\/\/www.meydan.tv\/az\/wp-json\/wp\/v2\/categories?post=202051"},{"taxonomy":"post_tag","embeddable":true,"href":"https:\/\/www.meydan.tv\/az\/wp-json\/wp\/v2\/tags?post=202051"}],"curies":[{"name":"wp","href":"https:\/\/api.w.org\/{rel}","templated":true}]}}