{"id":202046,"date":"2020-08-20T16:12:00","date_gmt":"2020-08-20T16:12:00","guid":{"rendered":"https:\/\/www.meydan.tv\/article\/adnali-sakini-seher-yuxudan-oyanmaq-istemirem\/"},"modified":"2020-08-20T16:12:00","modified_gmt":"2020-08-20T16:12:00","slug":"adnali-sakini-seher-yuxudan-oyanmaq-istemirem","status":"publish","type":"post","link":"https:\/\/www.meydan.tv\/az\/article\/adnali-sakini-seher-yuxudan-oyanmaq-istemirem\/","title":{"rendered":"Adnal\u0131 sakini: S\u0259h\u0259r yuxudan oyanmaq ist\u0259mir\u0259m"},"content":{"rendered":"<p>\n  <i><br \/>\n    \u0130\u015fsiz Seyf\u0259ddin A\u011fayev d\u00f6rd u\u015fa\u011f\u0131 nec\u0259 b\u00f6y\u00fcd\u0259c\u0259yini bilmir<br \/>\n  <\/i>\n<\/p>\n<p>\n  \u201cV\u0259t\u0259nda\u015f\u0131 bu q\u0259d\u0259r s\u0131x\u0131\u015fd\u0131rmaq, \u0259zm\u0259k olmaz ax\u0131&#8230; \u00d6lk\u0259ni idar\u0259 el\u0259y\u0259nl\u0259r d\u00fc\u015f\u00fcnm\u00fcr ki, bu v\u0259t\u0259nda\u015f d\u00f6rd u\u015fa\u011fa n\u0259 yedirtsin, n\u0259 geyindirsin?\u201d\n<\/p>\n<p>\n  C\u0259lilabad\u0131n Adnal\u0131 k\u0259nd sakini Seyf\u0259ddin A\u011fayev Meydan TV-y\u0259 ba\u015f\u00e7\u0131s\u0131 oldu\u011fu ail\u0259nin v\u0259ziyy\u0259tind\u0259n dan\u0131\u015f\u0131r.\n<\/p>\n<p>\n  Seyf\u0259ddin A\u011fayev ail\u0259sini g\u00fcn\u0259muzd f\u0259hl\u0259likl\u0259 doland\u0131ran adamd\u0131r. \u00d6lk\u0259d\u0259 COV\u0130D-19 virusu il\u0259 \u0259laq\u0259dar ba\u015flanm\u0131\u015f karantind\u0259n sonra o i\u015fl\u0259ri d\u0259 tapmaqda \u00e7\u0259tinlik \u00e7\u0259kir. N\u0259tic\u0259d\u0259 ail\u0259sinin ac-yalavac qald\u0131\u011f\u0131n\u0131 deyir:\n<\/p>\n<p>\n  \u201cSosial yard\u0131m alm\u0131r\u0131q, u\u015faq pulu yoxdur&#8230; Onsuz da g\u00fcn\u00fc-g\u00fcn\u0259 zorla calay\u0131b ya\u015fay\u0131rd\u0131q. Bir g\u00fcn i\u015f olanda, be\u015f g\u00fcn olmurdu. S\u0259h\u0259rd\u0259n ax\u015famad\u0259k onun-bunun t\u0259s\u0259rr\u00fcfat\u0131nda q\u0259pik-quru\u015fa \u0259n a\u011f\u0131r i\u015fl\u0259rd\u0259 i\u015fl\u0259yirdim ki, u\u015faqlara yavan \u00e7\u00f6r\u0259k d\u0259 olsa, al\u0131b g\u0259tirim. Karantin yerli-dibli m\u0259hv el\u0259di bizi&#8230; D\u00f6vl\u0259td\u0259n he\u00e7 bir d\u0259st\u0259k alm\u0131r\u0131q, i\u015f yoxdur&#8230; S\u0259h\u0259r a\u00e7\u0131l\u0131r, u\u015faqlar yuxudan oyan\u0131r, inan\u0131n ki, m\u0259n oyanmaq ist\u0259mir\u0259m. Ail\u0259d\u0259 alt\u0131 n\u0259f\u0259rik, d\u00f6rd\u00fc azya\u015fl\u0131d\u0131r. Ya\u015fay\u0131\u015f \u015f\u0259raitimiz pisdir, evimiz toyuq dam\u0131na b\u0259nz\u0259yir. U\u015faqlar x\u0259st\u0259dir, n\u0259 meyv\u0259nin, n\u0259 \u0259tin dad\u0131n\u0131 bilirl\u0259r. Yay bitdi, balalar\u0131m n\u0259 gilas, n\u0259 al\u00e7a yedi, dey\u0259-dey\u0259 qald\u0131lar\u201d.\n<\/p>\n<p>\n  <b><br \/>\n    \u201c\u018fn a\u011f\u0131r i\u015fl\u0259rd\u0259 d\u0259 \u00e7al\u0131\u015faram\u201d<br \/>\n  <\/b>\n<\/p>\n<p>\n  Seyf\u0259ddin A\u011fayevin \u0259n b\u00f6y\u00fck problemi i\u015fsizlikdir. \u018flind\u0259 g\u00fcn\u0259muzd qazancl\u0131 i\u015fi olsa, nec\u0259 dey\u0259rl\u0259r, \u201c\u00e7ulunu sudan \u00e7\u0131xarar\u201d. Rayonda is\u0259 i\u015fsizlik h\u00f6km s\u00fcr\u00fcr:\n<\/p>\n<p>\n  \u201c\u0130\u015f \u00fc\u00e7\u00fcn h\u0259r yer\u0259 m\u00fcraci\u0259t etmi\u015f\u0259m. Gedib xahi\u015f el\u0259mi\u015f\u0259m ki, biz\u0259 heyvan verin, saxlayaq, \u00e7oxaldaq, h\u0259m d\u00f6vl\u0259t\u0259 xeyrimiz d\u0259ysin, h\u0259m d\u0259 ba\u015f\u0131m\u0131z\u0131 doland\u0131raq. Yalvarm\u0131\u015fam ki, m\u0259n\u0259 f\u0259hl\u0259 i\u015fi verin, m\u0259n\u0259 \u0259kin sah\u0259sind\u0259 i\u015f verin, insan o\u011flunun g\u00f6r\u0259 bil\u0259c\u0259yi \u0259n a\u011f\u0131r i\u015fl\u0259ri d\u0259 ist\u0259mi\u015f\u0259m, yoxdur. \u0130\u015f yerl\u0259rini \u00f6z \u0259traflar\u0131ndak\u0131 insanlar\u0131n aras\u0131nda b\u00f6l\u00fc\u015fd\u00fcr\u00fcrl\u0259r el\u0259 bil&#8230; M\u0259n bu boyda rayonda g\u00fcnd\u0259liyi 3-5 manata i\u015f tapa bilmir\u0259m. Ordan-burdan e\u015fid\u0259nd\u0259 ki, guya C\u0259lilabadda y\u00fczl\u0259rl\u0259 i\u015f yerl\u0259ri a\u00e7\u0131l\u0131b, adam\u0131n ba\u015f\u0131ndan el\u0259 bil isti su t\u00f6k\u00fcrl\u0259r\u201d.\n<\/p>\n<figure class=\"wp-block-image size-large\">\n  <img decoding=\"async\" src=\"https:\/\/www.meydan.tv\/az\/image_from_ios-jpg-184\/\" alt=\"image_from_ios.jpg\" class=\"wp-image-146508\"\/><figcaption>\n    &#8220;Ya\u015fay\u0131\u015f \u015f\u0259raitimiz pisdir, evimiz toyuq dam\u0131na b\u0259nz\u0259yir&#8221;<br \/>\n  <\/figcaption><\/figure>\n<p>\n  <b><br \/>\n    \u201cG\u0259lib i\u015f\u0131\u011f\u0131 k\u0259s\u0259c\u0259kl\u0259r\u201d<br \/>\n  <\/b>\n<\/p>\n<p>\n  Seyf\u0259ddin A\u011fayev bu aralar yen\u0259 i\u015f\u0131qs\u0131z qalacaqlar\u0131ndan da narahatd\u0131r. Dem\u0259sin\u0259 g\u00f6r\u0259, bir ne\u00e7\u0259 il \u0259vv\u0259l pal\u00e7\u0131q evi h\u00f6r\u0259nd\u0259n sonra yerli i\u015f\u0131q idar\u0259sind\u0259n i\u015f\u0131q x\u0259tti \u00e7\u0259kilm\u0259sini xahi\u015f ets\u0259 d\u0259, idar\u0259 x\u0259tt \u00e7\u0259km\u0259yib. O da \u00f6zba\u015f\u0131na \u00e7\u0259km\u0259li olub. N\u0259tic\u0259d\u0259, c\u0259rim\u0259l\u0259nib:\n<\/p>\n<p>\n  \u201cPal\u00e7\u0131qdan daxma d\u00fcz\u0259ltmi\u015fik, o vaxt dedik, g\u0259lin bu daxmaya i\u015f\u0131q \u00e7\u0259kin, k\u00f6rp\u0259 u\u015faqlar \u015fam i\u015f\u0131\u011f\u0131nda ya\u015fay\u0131rlar. D\u00f6rd k\u00f6rp\u0259 u\u015faq olan evd\u0259 i\u015f\u0131qs\u0131z, qazs\u0131z nec\u0259 ya\u015famaq olar? G\u00f6rd\u00fcm, d\u00f6vl\u0259tin vecin\u0259 deyil, m\u0259cbur oldum, \u00f6z\u00fcm i\u015f\u0131q x\u0259tti \u00e7\u0259kdim. Ondan bir m\u00fcdd\u0259t sonra qa\u00e7a-qa\u00e7a g\u0259ldil\u0259r, 200 manat c\u0259rim\u0259ni yap\u0131\u015fd\u0131rd\u0131lar belim\u0259&#8230; Dedim, sizin g\u00fcnah\u0131n\u0131z \u00fcz\u00fcnd\u0259ndir ki, m\u0259n say\u011facs\u0131z i\u015f\u0131q i\u015fl\u0259dir\u0259m. G\u00f6r\u00fcrs\u00fcz ki, ya\u015fama\u011fa hal\u0131m\u0131z qalmay\u0131b, u\u015faqlar ordan-burdan quru \u00e7\u00f6r\u0259k tap\u0131b yeyir, m\u0259nd\u0259 200 manat n\u0259 g\u0259zir ki, siz\u0259 \u00f6d\u0259y\u0259m? Ondan sonra g\u0259tirib say\u011fac qura\u015fd\u0131rd\u0131lar. C\u0259rim\u0259y\u0259 g\u00f6r\u0259 is\u0259 dedil\u0259r ki, \u00f6ls\u0259n d\u0259, bu c\u0259rim\u0259 s\u0259ninl\u0259 gora ged\u0259c\u0259k, \u00f6d\u0259m\u0259lis\u0259n, v\u0259ssalam. Bu g\u00fcn yen\u0259 249 manat borca g\u00f6r\u0259 bildiri\u015f g\u0259lib. Bunun 200 manat\u0131 c\u0259rim\u0259dir. \u00d6d\u0259m\u0259s\u0259m, g\u0259lib i\u015f\u0131\u011f\u0131 k\u0259s\u0259c\u0259kl\u0259r, bu tifill\u0259r yen\u0259 qaranl\u0131qda qalacaq\u201d.\n<\/p>\n<p>\n  M\u0259kt\u0259bl\u0259r a\u00e7\u0131lsa, u\u015faqlar\u0131 m\u0259kt\u0259b\u0259 g\u00f6nd\u0259r\u0259 bilm\u0259y\u0259c\u0259k. \u00c7\u00fcnki n\u0259 geyiml\u0259ri, n\u0259 ayaqqab\u0131lar\u0131, n\u0259 d\u0259 m\u0259kt\u0259b l\u0259vazimatlar\u0131 var.\n<\/p>\n<p>\n  <b><br \/>\n    R\u0259smi qurumlar deyir ki&#8230;<br \/>\n  <\/b>\n<\/p>\n<p>\n  C\u0259lilabad Rayon \u0130cra Hakimiyy\u0259tind\u0259n Meydan TV-y\u0259 deyibl\u0259r ki, v\u0259t\u0259nda\u015f\u0131 sosial probleml\u0259rin m\u0259ng\u0259n\u0259sind\u0259n \u00e7\u0131xarmaq imkanlar\u0131 yoxdur. Bunun \u00fc\u00e7\u00fcn b\u00fcdc\u0259 n\u0259z\u0259rd\u0259 tutulmay\u0131b. Seyf\u0259ddin A\u011fayev sosial durumu il\u0259 ba\u011fl\u0131 aidiyy\u0259ti \u00fczr\u0259 \u018fm\u0259k v\u0259 \u018fhalinin Sosial M\u00fcdafi\u0259si Nazirliyin\u0259, say\u011faca yaz\u0131lm\u0131\u015f c\u0259rim\u0259y\u0259 g\u00f6r\u0259 \u201cAz\u0259ri\u015f\u0131q\u201d ASC-y\u0259, i\u015fsizlik probleminin h\u0259llin\u0259 g\u00f6r\u0259 C\u0259lilabad Rayon M\u0259\u015f\u011fulluq M\u0259rk\u0259zin\u0259 r\u0259smi m\u00fcraci\u0259t etm\u0259lidir.\n<\/p>\n<p>\n  Rayonun M\u0259\u015f\u011fulluq M\u0259rk\u0259zind\u0259n bildirilib ki, Seyf\u0259ddin A\u011fayev i\u015fsiz kimi qeydiyyata al\u0131nmas\u0131 \u00fc\u00e7\u00fcn onlara m\u00fcraci\u0259t ets\u0259, ara\u015fd\u0131r\u0131lar, i\u015fsizliy\u0259 g\u00f6r\u0259 d\u00f6vl\u0259t t\u0259r\u0259find\u0259n h\u0259yata ke\u00e7iril\u0259n sosial layih\u0259l\u0259r\u0259 c\u0259lb oluna bil\u0259r.\n<\/p>\n<p>\n  C\u0259lilabad Elektrik \u015e\u0259b\u0259k\u0259sind\u0259n is\u0259 deyilib ki, Seyf\u0259ddin A\u011fayevin c\u0259rim\u0259yl\u0259 ba\u011fl\u0131 iddialar\u0131n\u0131 ara\u015fd\u0131rma\u011fa haz\u0131rd\u0131r. Yet\u0259r ki, v\u0259t\u0259nda\u015f bununla ba\u011fl\u0131 quruma r\u0259smi m\u00fcraci\u0259t etsin.\n<\/p>\n<figure class=\"wp-block-image size-large\">\n  <img decoding=\"async\" src=\"https:\/\/www.meydan.tv\/az\/image_from_ios_censored-jpg\/\" alt=\"image_from_ios_censored.jpg\" class=\"wp-image-146514\"\/><figcaption>\n    &#8220;U\u015faqlar x\u0259st\u0259dir, n\u0259 meyv\u0259nin, n\u0259 \u0259tin dad\u0131n\u0131 bilirl\u0259r&#8221;<br \/>\n  <\/figcaption><\/figure>\n","protected":false},"excerpt":{"rendered":"<p>&#8220;U\u015faqlar x\u0259st\u0259dir, n\u0259 meyv\u0259nin, n\u0259 \u0259tin dad\u0131n\u0131 bilirl\u0259r&#8221;<\/p>\n","protected":false},"author":11,"featured_media":146511,"comment_status":"closed","ping_status":"open","sticky":false,"template":"","format":"standard","meta":{"_acf_changed":false,"_sitemap_exclude":false,"_sitemap_priority":"","_sitemap_frequency":"","footnotes":""},"categories":[60],"tags":[],"class_list":["post-202046","post","type-post","status-publish","format-standard","has-post-thumbnail","hentry","category-bolge","infinite-scroll-item","generate-columns","tablet-grid-50","mobile-grid-100","grid-parent","grid-33","no-featured-image-padding"],"acf":[],"yoast_head":"<!-- This site is optimized with the Yoast SEO plugin v27.5 - https:\/\/yoast.com\/product\/yoast-seo-wordpress\/ -->\n<title>Adnal\u0131 sakini: S\u0259h\u0259r yuxudan oyanmaq ist\u0259mir\u0259m - MEYDAN.TV<\/title>\n<meta name=\"robots\" content=\"index, follow, max-snippet:-1, max-image-preview:large, max-video-preview:-1\" \/>\n<link rel=\"canonical\" href=\"https:\/\/www.meydan.tv\/az\/article\/adnali-sakini-seher-yuxudan-oyanmaq-istemirem\/\" \/>\n<meta property=\"og:locale\" content=\"az_AZ\" \/>\n<meta property=\"og:type\" content=\"article\" \/>\n<meta property=\"og:title\" content=\"Adnal\u0131 sakini: S\u0259h\u0259r yuxudan oyanmaq ist\u0259mir\u0259m - MEYDAN.TV\" \/>\n<meta property=\"og:description\" content=\"&quot;U\u015faqlar x\u0259st\u0259dir, n\u0259 meyv\u0259nin, n\u0259 \u0259tin dad\u0131n\u0131 bilirl\u0259r&quot;\" \/>\n<meta property=\"og:url\" content=\"https:\/\/www.meydan.tv\/az\/article\/adnali-sakini-seher-yuxudan-oyanmaq-istemirem\/\" \/>\n<meta property=\"og:site_name\" content=\"MEYDAN.TV\" \/>\n<meta property=\"article:published_time\" content=\"2020-08-20T16:12:00+00:00\" \/>\n<meta property=\"og:image\" content=\"https:\/\/www.meydan.tv\/wp-content\/uploads\/image_from_ios_2_glntana.jpg\" \/>\n\t<meta property=\"og:image:width\" content=\"1280\" \/>\n\t<meta property=\"og:image:height\" content=\"590\" \/>\n\t<meta property=\"og:image:type\" content=\"image\/jpeg\" \/>\n<meta name=\"author\" content=\"user-manager\" \/>\n<meta name=\"twitter:card\" content=\"summary_large_image\" \/>\n<script type=\"application\/ld+json\" class=\"yoast-schema-graph\">{\"@context\":\"https:\\\/\\\/schema.org\",\"@graph\":[{\"@type\":\"Article\",\"@id\":\"https:\\\/\\\/www.meydan.tv\\\/az\\\/article\\\/adnali-sakini-seher-yuxudan-oyanmaq-istemirem\\\/#article\",\"isPartOf\":{\"@id\":\"https:\\\/\\\/www.meydan.tv\\\/az\\\/article\\\/adnali-sakini-seher-yuxudan-oyanmaq-istemirem\\\/\"},\"author\":{\"name\":\"user-manager\",\"@id\":\"https:\\\/\\\/www.meydan.tv\\\/az\\\/#\\\/schema\\\/person\\\/10d11eccf6da3662cf5fdab9806ea91a\"},\"headline\":\"Adnal\u0131 sakini: S\u0259h\u0259r yuxudan oyanmaq ist\u0259mir\u0259m\",\"datePublished\":\"2020-08-20T16:12:00+00:00\",\"mainEntityOfPage\":{\"@id\":\"https:\\\/\\\/www.meydan.tv\\\/az\\\/article\\\/adnali-sakini-seher-yuxudan-oyanmaq-istemirem\\\/\"},\"wordCount\":1008,\"publisher\":{\"@id\":\"https:\\\/\\\/www.meydan.tv\\\/az\\\/#organization\"},\"image\":{\"@id\":\"https:\\\/\\\/www.meydan.tv\\\/az\\\/article\\\/adnali-sakini-seher-yuxudan-oyanmaq-istemirem\\\/#primaryimage\"},\"thumbnailUrl\":\"https:\\\/\\\/www.meydan.tv\\\/wp-content\\\/uploads\\\/image_from_ios_2_glntana.jpg\",\"articleSection\":[\"B\u00f6lg\u0259\"],\"inLanguage\":\"az\"},{\"@type\":\"WebPage\",\"@id\":\"https:\\\/\\\/www.meydan.tv\\\/az\\\/article\\\/adnali-sakini-seher-yuxudan-oyanmaq-istemirem\\\/\",\"url\":\"https:\\\/\\\/www.meydan.tv\\\/az\\\/article\\\/adnali-sakini-seher-yuxudan-oyanmaq-istemirem\\\/\",\"name\":\"Adnal\u0131 sakini: S\u0259h\u0259r yuxudan oyanmaq ist\u0259mir\u0259m - MEYDAN.TV\",\"isPartOf\":{\"@id\":\"https:\\\/\\\/www.meydan.tv\\\/az\\\/#website\"},\"primaryImageOfPage\":{\"@id\":\"https:\\\/\\\/www.meydan.tv\\\/az\\\/article\\\/adnali-sakini-seher-yuxudan-oyanmaq-istemirem\\\/#primaryimage\"},\"image\":{\"@id\":\"https:\\\/\\\/www.meydan.tv\\\/az\\\/article\\\/adnali-sakini-seher-yuxudan-oyanmaq-istemirem\\\/#primaryimage\"},\"thumbnailUrl\":\"https:\\\/\\\/www.meydan.tv\\\/wp-content\\\/uploads\\\/image_from_ios_2_glntana.jpg\",\"datePublished\":\"2020-08-20T16:12:00+00:00\",\"breadcrumb\":{\"@id\":\"https:\\\/\\\/www.meydan.tv\\\/az\\\/article\\\/adnali-sakini-seher-yuxudan-oyanmaq-istemirem\\\/#breadcrumb\"},\"inLanguage\":\"az\",\"potentialAction\":[{\"@type\":\"ReadAction\",\"target\":[\"https:\\\/\\\/www.meydan.tv\\\/az\\\/article\\\/adnali-sakini-seher-yuxudan-oyanmaq-istemirem\\\/\"]}]},{\"@type\":\"ImageObject\",\"inLanguage\":\"az\",\"@id\":\"https:\\\/\\\/www.meydan.tv\\\/az\\\/article\\\/adnali-sakini-seher-yuxudan-oyanmaq-istemirem\\\/#primaryimage\",\"url\":\"https:\\\/\\\/www.meydan.tv\\\/wp-content\\\/uploads\\\/image_from_ios_2_glntana.jpg\",\"contentUrl\":\"https:\\\/\\\/www.meydan.tv\\\/wp-content\\\/uploads\\\/image_from_ios_2_glntana.jpg\",\"width\":1280,\"height\":590,\"caption\":\"Source: Specify Source\"},{\"@type\":\"BreadcrumbList\",\"@id\":\"https:\\\/\\\/www.meydan.tv\\\/az\\\/article\\\/adnali-sakini-seher-yuxudan-oyanmaq-istemirem\\\/#breadcrumb\",\"itemListElement\":[{\"@type\":\"ListItem\",\"position\":1,\"name\":\"Ana s\u0259hif\u0259\",\"item\":\"https:\\\/\\\/www.meydan.tv\\\/az\\\/\"},{\"@type\":\"ListItem\",\"position\":2,\"name\":\"B\u00f6lg\u0259\",\"item\":\"https:\\\/\\\/www.meydan.tv\\\/az\\\/section\\\/bolge\\\/\"},{\"@type\":\"ListItem\",\"position\":3,\"name\":\"Adnal\u0131 sakini: S\u0259h\u0259r yuxudan oyanmaq ist\u0259mir\u0259m\"}]},{\"@type\":\"WebSite\",\"@id\":\"https:\\\/\\\/www.meydan.tv\\\/az\\\/#website\",\"url\":\"https:\\\/\\\/www.meydan.tv\\\/az\\\/\",\"name\":\"MEYDAN.TV\",\"description\":\"Meydan TV Az\u0259rbaycan\u0131n media m\u0259kan\u0131ndak\u0131 alternativ s\u0259sidir\",\"publisher\":{\"@id\":\"https:\\\/\\\/www.meydan.tv\\\/az\\\/#organization\"},\"potentialAction\":[{\"@type\":\"SearchAction\",\"target\":{\"@type\":\"EntryPoint\",\"urlTemplate\":\"https:\\\/\\\/www.meydan.tv\\\/az\\\/?s={search_term_string}\"},\"query-input\":{\"@type\":\"PropertyValueSpecification\",\"valueRequired\":true,\"valueName\":\"search_term_string\"}}],\"inLanguage\":\"az\"},{\"@type\":\"Organization\",\"@id\":\"https:\\\/\\\/www.meydan.tv\\\/az\\\/#organization\",\"name\":\"Meydan TV\",\"url\":\"https:\\\/\\\/www.meydan.tv\\\/az\\\/\",\"logo\":{\"@type\":\"ImageObject\",\"inLanguage\":\"az\",\"@id\":\"https:\\\/\\\/www.meydan.tv\\\/az\\\/#\\\/schema\\\/logo\\\/image\\\/\",\"url\":\"https:\\\/\\\/www.meydan.tv\\\/wp-content\\\/uploads\\\/2021\\\/07\\\/meydan-logo.svg\",\"contentUrl\":\"https:\\\/\\\/www.meydan.tv\\\/wp-content\\\/uploads\\\/2021\\\/07\\\/meydan-logo.svg\",\"width\":195,\"height\":46,\"caption\":\"Meydan TV\"},\"image\":{\"@id\":\"https:\\\/\\\/www.meydan.tv\\\/az\\\/#\\\/schema\\\/logo\\\/image\\\/\"}},{\"@type\":\"Person\",\"@id\":\"https:\\\/\\\/www.meydan.tv\\\/az\\\/#\\\/schema\\\/person\\\/10d11eccf6da3662cf5fdab9806ea91a\",\"name\":\"user-manager\"}]}<\/script>\n<!-- \/ Yoast SEO plugin. -->","yoast_head_json":{"title":"Adnal\u0131 sakini: S\u0259h\u0259r yuxudan oyanmaq ist\u0259mir\u0259m - MEYDAN.TV","robots":{"index":"index","follow":"follow","max-snippet":"max-snippet:-1","max-image-preview":"max-image-preview:large","max-video-preview":"max-video-preview:-1"},"canonical":"https:\/\/www.meydan.tv\/az\/article\/adnali-sakini-seher-yuxudan-oyanmaq-istemirem\/","og_locale":"az_AZ","og_type":"article","og_title":"Adnal\u0131 sakini: S\u0259h\u0259r yuxudan oyanmaq ist\u0259mir\u0259m - MEYDAN.TV","og_description":"\"U\u015faqlar x\u0259st\u0259dir, n\u0259 meyv\u0259nin, n\u0259 \u0259tin dad\u0131n\u0131 bilirl\u0259r\"","og_url":"https:\/\/www.meydan.tv\/az\/article\/adnali-sakini-seher-yuxudan-oyanmaq-istemirem\/","og_site_name":"MEYDAN.TV","article_published_time":"2020-08-20T16:12:00+00:00","og_image":[{"width":1280,"height":590,"url":"https:\/\/www.meydan.tv\/wp-content\/uploads\/image_from_ios_2_glntana.jpg","type":"image\/jpeg"}],"author":"user-manager","twitter_card":"summary_large_image","schema":{"@context":"https:\/\/schema.org","@graph":[{"@type":"Article","@id":"https:\/\/www.meydan.tv\/az\/article\/adnali-sakini-seher-yuxudan-oyanmaq-istemirem\/#article","isPartOf":{"@id":"https:\/\/www.meydan.tv\/az\/article\/adnali-sakini-seher-yuxudan-oyanmaq-istemirem\/"},"author":{"name":"user-manager","@id":"https:\/\/www.meydan.tv\/az\/#\/schema\/person\/10d11eccf6da3662cf5fdab9806ea91a"},"headline":"Adnal\u0131 sakini: S\u0259h\u0259r yuxudan oyanmaq ist\u0259mir\u0259m","datePublished":"2020-08-20T16:12:00+00:00","mainEntityOfPage":{"@id":"https:\/\/www.meydan.tv\/az\/article\/adnali-sakini-seher-yuxudan-oyanmaq-istemirem\/"},"wordCount":1008,"publisher":{"@id":"https:\/\/www.meydan.tv\/az\/#organization"},"image":{"@id":"https:\/\/www.meydan.tv\/az\/article\/adnali-sakini-seher-yuxudan-oyanmaq-istemirem\/#primaryimage"},"thumbnailUrl":"https:\/\/www.meydan.tv\/wp-content\/uploads\/image_from_ios_2_glntana.jpg","articleSection":["B\u00f6lg\u0259"],"inLanguage":"az"},{"@type":"WebPage","@id":"https:\/\/www.meydan.tv\/az\/article\/adnali-sakini-seher-yuxudan-oyanmaq-istemirem\/","url":"https:\/\/www.meydan.tv\/az\/article\/adnali-sakini-seher-yuxudan-oyanmaq-istemirem\/","name":"Adnal\u0131 sakini: S\u0259h\u0259r yuxudan oyanmaq ist\u0259mir\u0259m - MEYDAN.TV","isPartOf":{"@id":"https:\/\/www.meydan.tv\/az\/#website"},"primaryImageOfPage":{"@id":"https:\/\/www.meydan.tv\/az\/article\/adnali-sakini-seher-yuxudan-oyanmaq-istemirem\/#primaryimage"},"image":{"@id":"https:\/\/www.meydan.tv\/az\/article\/adnali-sakini-seher-yuxudan-oyanmaq-istemirem\/#primaryimage"},"thumbnailUrl":"https:\/\/www.meydan.tv\/wp-content\/uploads\/image_from_ios_2_glntana.jpg","datePublished":"2020-08-20T16:12:00+00:00","breadcrumb":{"@id":"https:\/\/www.meydan.tv\/az\/article\/adnali-sakini-seher-yuxudan-oyanmaq-istemirem\/#breadcrumb"},"inLanguage":"az","potentialAction":[{"@type":"ReadAction","target":["https:\/\/www.meydan.tv\/az\/article\/adnali-sakini-seher-yuxudan-oyanmaq-istemirem\/"]}]},{"@type":"ImageObject","inLanguage":"az","@id":"https:\/\/www.meydan.tv\/az\/article\/adnali-sakini-seher-yuxudan-oyanmaq-istemirem\/#primaryimage","url":"https:\/\/www.meydan.tv\/wp-content\/uploads\/image_from_ios_2_glntana.jpg","contentUrl":"https:\/\/www.meydan.tv\/wp-content\/uploads\/image_from_ios_2_glntana.jpg","width":1280,"height":590,"caption":"Source: Specify Source"},{"@type":"BreadcrumbList","@id":"https:\/\/www.meydan.tv\/az\/article\/adnali-sakini-seher-yuxudan-oyanmaq-istemirem\/#breadcrumb","itemListElement":[{"@type":"ListItem","position":1,"name":"Ana s\u0259hif\u0259","item":"https:\/\/www.meydan.tv\/az\/"},{"@type":"ListItem","position":2,"name":"B\u00f6lg\u0259","item":"https:\/\/www.meydan.tv\/az\/section\/bolge\/"},{"@type":"ListItem","position":3,"name":"Adnal\u0131 sakini: S\u0259h\u0259r yuxudan oyanmaq ist\u0259mir\u0259m"}]},{"@type":"WebSite","@id":"https:\/\/www.meydan.tv\/az\/#website","url":"https:\/\/www.meydan.tv\/az\/","name":"MEYDAN.TV","description":"Meydan TV Az\u0259rbaycan\u0131n media m\u0259kan\u0131ndak\u0131 alternativ s\u0259sidir","publisher":{"@id":"https:\/\/www.meydan.tv\/az\/#organization"},"potentialAction":[{"@type":"SearchAction","target":{"@type":"EntryPoint","urlTemplate":"https:\/\/www.meydan.tv\/az\/?s={search_term_string}"},"query-input":{"@type":"PropertyValueSpecification","valueRequired":true,"valueName":"search_term_string"}}],"inLanguage":"az"},{"@type":"Organization","@id":"https:\/\/www.meydan.tv\/az\/#organization","name":"Meydan TV","url":"https:\/\/www.meydan.tv\/az\/","logo":{"@type":"ImageObject","inLanguage":"az","@id":"https:\/\/www.meydan.tv\/az\/#\/schema\/logo\/image\/","url":"https:\/\/www.meydan.tv\/wp-content\/uploads\/2021\/07\/meydan-logo.svg","contentUrl":"https:\/\/www.meydan.tv\/wp-content\/uploads\/2021\/07\/meydan-logo.svg","width":195,"height":46,"caption":"Meydan TV"},"image":{"@id":"https:\/\/www.meydan.tv\/az\/#\/schema\/logo\/image\/"}},{"@type":"Person","@id":"https:\/\/www.meydan.tv\/az\/#\/schema\/person\/10d11eccf6da3662cf5fdab9806ea91a","name":"user-manager"}]}},"_links":{"self":[{"href":"https:\/\/www.meydan.tv\/az\/wp-json\/wp\/v2\/posts\/202046","targetHints":{"allow":["GET"]}}],"collection":[{"href":"https:\/\/www.meydan.tv\/az\/wp-json\/wp\/v2\/posts"}],"about":[{"href":"https:\/\/www.meydan.tv\/az\/wp-json\/wp\/v2\/types\/post"}],"author":[{"embeddable":true,"href":"https:\/\/www.meydan.tv\/az\/wp-json\/wp\/v2\/users\/11"}],"replies":[{"embeddable":true,"href":"https:\/\/www.meydan.tv\/az\/wp-json\/wp\/v2\/comments?post=202046"}],"version-history":[{"count":0,"href":"https:\/\/www.meydan.tv\/az\/wp-json\/wp\/v2\/posts\/202046\/revisions"}],"wp:featuredmedia":[{"embeddable":true,"href":"https:\/\/www.meydan.tv\/az\/wp-json\/wp\/v2\/media\/146511"}],"wp:attachment":[{"href":"https:\/\/www.meydan.tv\/az\/wp-json\/wp\/v2\/media?parent=202046"}],"wp:term":[{"taxonomy":"category","embeddable":true,"href":"https:\/\/www.meydan.tv\/az\/wp-json\/wp\/v2\/categories?post=202046"},{"taxonomy":"post_tag","embeddable":true,"href":"https:\/\/www.meydan.tv\/az\/wp-json\/wp\/v2\/tags?post=202046"}],"curies":[{"name":"wp","href":"https:\/\/api.w.org\/{rel}","templated":true}]}}