{"id":202022,"date":"2020-08-19T14:23:52","date_gmt":"2020-08-19T14:23:52","guid":{"rendered":"https:\/\/www.meydan.tv\/article\/adami-eziyyetle-yaratdigim-istirahet-merkezini-3-ildir-ki-mohurleyibler\/"},"modified":"2020-08-19T14:23:52","modified_gmt":"2020-08-19T14:23:52","slug":"adami-eziyyetle-yaratdigim-istirahet-merkezini-3-ildir-ki-mohurleyibler","status":"publish","type":"post","link":"https:\/\/www.meydan.tv\/az\/article\/adami-eziyyetle-yaratdigim-istirahet-merkezini-3-ildir-ki-mohurleyibler\/","title":{"rendered":"\u0130\u015f adam\u0131: \u018fziyy\u0259tl\u0259 yaratd\u0131\u011f\u0131m istirah\u0259t m\u0259rk\u0259zini 3 ildir ki, m\u00f6h\u00fcrl\u0259yibl\u0259r"},"content":{"rendered":"<p>\n  <i><br \/>\n    \u0130lqar \u0130mamyarov m\u0259hk\u0259m\u0259 yollar\u0131nda qald\u0131\u011f\u0131n\u0131, m\u0259hk\u0259m\u0259l\u0259rins\u0259 \u0259dal\u0259tsiz q\u0259rarlar \u00e7\u0131xard\u0131\u011f\u0131n\u0131 deyir<br \/>\n  <\/i>\n<\/p>\n<p>\n  \u201cHalal pulumla torpaq sah\u0259si al\u0131b, \u0259ziyy\u0259tl\u0259 \u00fcz\u0259rind\u0259 obyekt tikmi\u015fdim. 3 il \u0259vv\u0259l icra m\u0259murlar\u0131 g\u0259lib kottecl\u0259ri m\u00f6h\u00fcrl\u0259dil\u0259r. 3 ildir ki, obyekt\u0259 yax\u0131n ged\u0259 bilmir\u0259m, m\u0259hk\u0259m\u0259 yollar\u0131nda qalm\u0131\u015fam\u201d.\n<\/p>\n<p>\n  Masall\u0131 rayonu, Q\u0259ribl\u0259r k\u0259ndinin sakini \u0130lqar \u0130mamyarov iddia edir ki, ona m\u0259xsus olan v\u0259 el\u0259 h\u0259min k\u0259ndin \u0259razisind\u0259 f\u0259aliyy\u0259t g\u00f6st\u0259r\u0259n istirah\u0259t m\u0259rk\u0259zi \u0259lind\u0259n al\u0131n\u0131b.\n<\/p>\n<p>\n  <b><br \/>\n    \u201c\u018frazid\u0259 300 min manatl\u0131q \u0259mlak tikmi\u015fdim\u201d<br \/>\n  <\/b>\n<\/p>\n<p>\n  \u0130lqar \u0130mamyarov deyir, 2007-ci ild\u0259 yax\u0131n qohumlar\u0131 olan \u0130ld\u0131r\u0131m Allahyarov v\u0259 Xudayar \u0130mamyarov ona me\u015f\u0259 zola\u011f\u0131nda 87 min manata 1 hektar torpaq sah\u0259si sat\u0131b. O da h\u0259min torpaq sah\u0259sind\u0259 y\u00fcng\u00fcl konstruksiyal\u0131 evl\u0259rd\u0259n, ofisd\u0259n v\u0259 m\u0259tb\u0259xd\u0259n ibar\u0259t istirah\u0259t m\u0259rk\u0259zi yarad\u0131b. 2017-ci ild\u0259n obyekt\u0259 yax\u0131n d\u00fc\u015f\u0259 bilmir. Meydan TV-y\u0259 s\u0259b\u0259bl\u0259rind\u0259n \u00f6z\u00fc dan\u0131\u015f\u0131r:\n<\/p>\n<p>\n  \u201cO vaxt m\u0259n\u0259 m\u00fcv\u0259qq\u0259ti olaraq alq\u0131-satq\u0131 m\u00fcqavil\u0259si verdil\u0259r, notarial qaydada t\u0259sdiql\u0259nmi\u015f m\u00fcqavil\u0259&#8230; Dedil\u0259r ki, torpaq sah\u0259si bankda girovdad\u0131r, kredit \u00e7\u0259kmi\u015fik, 6 aydan sonra krediti ba\u011flay\u0131b torpa\u011f\u0131 girovdan \u00e7\u0131xaraca\u011f\u0131q. Onda torpaq s\u0259nin ad\u0131na ke\u00e7\u0259c\u0259k. 6 ay \u00f6td\u00fc, vaxt\u0131n tamam\u0131nda s\u0259n\u0259di t\u0259l\u0259b ed\u0259nd\u0259, s\u0259n\u0259d t\u0259qdim ed\u0259 bilm\u0259dil\u0259r. El\u0259 h\u0259min vaxt m\u0259n\u0259 ayd\u0131n oldu ki, torpaq sah\u0259si onlar\u0131n \u015f\u0259xsi m\u00fclkiyy\u0259ti olmay\u0131b, m\u0259ni aldad\u0131blar, sah\u0259 Ekologiya v\u0259 T\u0259bii S\u0259rv\u0259tl\u0259r Nazirliyinin balans\u0131ndad\u0131r. Masall\u0131n\u0131n Me\u015f\u0259 \u0130dar\u0259sinin m\u00fcdiri il\u0259 dan\u0131\u015fd\u0131lar ki, m\u0259n\u0259 h\u0259min \u0259razi \u00fc\u00e7\u00fcn s\u0259n\u0259d versin. O da m\u0259n\u0259 h\u0259min \u0259raziy\u0259 g\u00f6r\u0259 Masall\u0131 Rayon Me\u015f\u0259 \u0130dar\u0259sinin ad\u0131ndan m\u00fcqavil\u0259 verdi. H\u0259min s\u0259n\u0259dd\u0259n sonra h\u0259r il Ekologiya v\u0259 T\u0259bii S\u0259rv\u0259tl\u0259r Nazirliyi il\u0259 m\u00fcqavil\u0259ni t\u0259z\u0259l\u0259yirdim. \u018frazid\u0259 300 min manatl\u0131q \u0259mlak tikdim, ail\u0259vi istirah\u0259t m\u0259rk\u0259zi yaratd\u0131m, 10 il\u0259 yax\u0131n istifad\u0259 etdim. 83 n\u0259f\u0259rin imzas\u0131 il\u0259 akt da var ki, o kottecl\u0259ri orada m\u0259n tikdirmi\u015f\u0259m v\u0259 istifad\u0259 etmi\u015f\u0259m. H\u0259min imzalar aras\u0131nda \u0259razinin b\u0259l\u0259diyy\u0259 s\u0259drinin, rayonun A\u011fsaqqallar \u015euras\u0131n\u0131n s\u0259drinin d\u0259 imzas\u0131 var\u201d.\n<\/p>\n<p>\n  <b><br \/>\n    \u201cHakim k\u00f6k\u00fc olmayan saxta s\u0259n\u0259dl\u0259r\u0259 \u0259sasland\u0131\u201d<br \/>\n  <\/b>\n<\/p>\n<p>\n  \u0130lqar \u0130mamyarovun s\u00f6zl\u0259rin\u0259 g\u00f6r\u0259, obyektin yax\u0131nl\u0131\u011f\u0131nda f\u0259aliyy\u0259t g\u00f6st\u0259r\u0259n \u201cMasall\u0131 \u0130stisu Fatimeyi Z\u0259hra \u015e\u0259fa Sanatoriyas\u0131\u201dn\u0131n sahibi \u0130ld\u0131r\u0131m Allahyarov (torpa\u011f\u0131 ona satan \u015f\u0259xs) 2017-ci ild\u0259 Masall\u0131 Rayon M\u0259hk\u0259m\u0259sin\u0259 m\u00fcraci\u0259t edib:\n<\/p>\n<p>\n  \u201cBu torpa\u011f\u0131 m\u0259n\u0259 satan yax\u0131n qohumum \u0130ld\u0131r\u0131m Allahyarovun istirah\u0259t m\u0259rk\u0259zi h\u0259min torpa\u011f\u0131n qon\u015fulu\u011funda yerl\u0259\u015fir Ekologiya v\u0259 T\u0259bii S\u0259rv\u0259tl\u0259r Nazirliyi m\u0259n\u0259 sah\u0259nin cizgil\u0259rini \u00e7\u0259kib s\u0259n\u0259d \u015f\u0259klind\u0259 vermi\u015fdi v\u0259 bildirmi\u015fdi ki, bu \u0259razinin \u201c\u0130stisu Fatimeyi Z\u0259hra \u015e\u0259fa Sanatoriyas\u0131\u201dna aidiyy\u0259ti yoxdur. Bu \u0259razi s\u0259nin istifad\u0259n\u0259 verilib v\u0259 he\u00e7 kim bu \u0259raziy\u0259 iddia ed\u0259 bilm\u0259z. M\u0259n qurdu\u011fum istirah\u0259t m\u0259rk\u0259zini 10 il i\u015fl\u0259tdikd\u0259n sonra torpa\u011fa iddia etm\u0259y\u0259 ba\u015flad\u0131. M\u0259ni m\u0259hk\u0259m\u0259y\u0259 verdi, iddia qald\u0131rd\u0131 ki, guya bu \u0259razi ona m\u0259xsusdur, \u0259razinin m\u0259nd\u0259n al\u0131naraq ona qaytar\u0131lmas\u0131 t\u0259l\u0259bini qoydu. Halbuki, hakim d\u0259 g\u00f6r\u00fcrd\u00fc ki, Ekologiya v\u0259 T\u0259bii S\u0259rv\u0259tl\u0259r Nazirliyi il\u0259 ilb\u0259il m\u00fcqavil\u0259ni t\u0259z\u0259l\u0259mi\u015f\u0259m, m\u00fcqavil\u0259l\u0259r \u00fczr\u0259 \u00f6d\u0259ni\u015fl\u0259r etmi\u015f\u0259m. Torpa\u011f\u0131 m\u0259n\u0259 2007-ci ild\u0259 satan \u0130ld\u0131r\u0131m Allahyarov bundan 4 il sonra &#8211; 2011-ci ild\u0259 h\u0259min torpa\u011fa g\u00f6r\u0259 saxta \u00c7\u0131xar\u0131\u015f \u0259ld\u0259 etmi\u015fdi. S\u0259n\u0259din saxta oldu\u011fu g\u00f6z qaba\u011f\u0131nda idi, t\u0259qdim etdiyi he\u00e7 bir s\u0259n\u0259din k\u00f6k\u00fc yoxdur, buna baxmayaraq hakim g\u00f6z\u00fcn\u00fc kor, qula\u011f\u0131n\u0131 kar el\u0259yib onun xeyrin\u0259 q\u0259rar \u00e7\u0131xartd\u0131. 2017-ci ilin may\u0131nda icra m\u0259murlar\u0131 g\u0259lib obyektimi m\u00f6h\u00fcrl\u0259di, o vaxtdan istifad\u0259 ed\u0259 bilmir\u0259m\u201d.\n<\/p>\n<p>\n  <b><br \/>\n    M\u0259hk\u0259m\u0259 yollar\u0131nda&#8230;<br \/>\n  <\/b>\n<\/p>\n<p>\n  3 il \u0259vv\u0259l \u201cMasall\u0131 \u0130stisu Fatimeyi Z\u0259hra \u015e\u0259fa Sanatoriyas\u0131\u201d MMC Masall\u0131 Rayon M\u0259hk\u0259m\u0259sind\u0259 \u0130lqar \u0130mamyarovun m\u0259hdud m\u0259suliyy\u0259tli c\u0259miyy\u0259tin\u0259 m\u0259xsus istirah\u0259t evl\u0259rini z\u0259bt etm\u0259sin\u0259 dair iddia qald\u0131r\u0131b. \u0130ddia t\u0259min olunub. \u0130lqar \u0130mamyarovun m\u0259hk\u0259m\u0259 q\u0259tnam\u0259sdinin l\u0259\u011fv edilm\u0259si \u00fc\u00e7\u00fcn apelyasiya \u015fikay\u0259ti verib, t\u0259min olunmay\u0131b.\n<\/p>\n<figure class=\"wp-block-image size-large\">\n  <img decoding=\"async\" src=\"https:\/\/www.meydan.tv\/az\/masalli-jpg\/\" alt=\"masalli.jpg\" class=\"wp-image-146415\"\/><figcaption>\n    Sahibkar\u0131n obyekti<br \/>\n  <\/figcaption><\/figure>\n<p>\n  \u00d6t\u0259n il is\u0259 \u0130lqar \u0130mamyarov \u015eirvan \u0130nzibati-\u0130qtisadi M\u0259hk\u0259m\u0259sind\u0259 \u018fmlak M\u0259s\u0259l\u0259l\u0259ri D\u00f6vl\u0259t Komit\u0259sinin Yan\u0131nda Da\u015f\u0131nmaz \u018fmlak\u0131n D\u00f6vl\u0259t Reyestri Xidm\u0259tinin 8 sayl\u0131 C\u0259lilabad \u018frazi \u0130dar\u0259sin\u0259 qar\u015f\u0131 iddia qald\u0131r\u0131b. \u0130dar\u0259 t\u0259r\u0259find\u0259n \u201cMasall\u0131 \u0130stisu Fatimeyi Z\u0259hra \u015e\u0259fa Sanatoriyas\u0131\u201d MMC-nin ad\u0131na Da\u015f\u0131nmaz \u018fmlak\u0131n D\u00f6vl\u0259t Reyestrind\u0259 apar\u0131lm\u0131\u015f qeydiyyat\u0131n l\u0259\u011fv edilm\u0259sini t\u0259l\u0259b edib. Lakin bu iddia da t\u0259min olunmay\u0131b.\n<\/p>\n<p>\n  <b><br \/>\n    \u201c\u018fmlak\u0131m\u0131 da\u011f\u0131d\u0131blar, xeyli insan\u0131 i\u015fsiz qoyublar\u201d<br \/>\n  <\/b>\n<\/p>\n<p>\n  \u0130lqar \u0130mamyarov deyir, \u0259razid\u0259n istifad\u0259 etm\u0259diyin\u0259 g\u00f6r\u0259, \u0259razid\u0259ki \u0259mlak da s\u0131radan \u00e7\u0131x\u0131b:\n<\/p>\n<p>\n  \u201cM\u0259n o istitar\u0259ht m\u0259rk\u0259zini yaratmaq \u00fc\u00e7\u00fcn atam\u0131n ma\u015f\u0131n\u0131n\u0131 satm\u0131\u015fd\u0131m, Bak\u0131dak\u0131 \u0259mlak\u0131m\u0131 satm\u0131\u015fd\u0131m&#8230; T\u0259z\u0259 i\u015f\u0131q transfotmatoruna bir \u0259t\u0259k pul vermi\u015fdim, bax\u0131ms\u0131zl\u0131qdan s\u0131radan \u00e7\u0131x\u0131r, kottecl\u0259r da\u011f\u0131l\u0131r, prezident sahibkarlara d\u0259st\u0259k \u00fc\u00e7\u00fcn h\u0259r c\u00fcr imkan yarad\u0131r, ancaq m\u0259hk\u0259m\u0259l\u0259r k\u00f6k\u00fc olmayan, saxta s\u0259n\u0259dl\u0259r\u0259 \u0259saslan\u0131b \u00e7\u0131xard\u0131qlar\u0131 q\u0259tnam\u0259l\u0259rl\u0259 sahibkar\u0131n \u0259lini-qolunu q\u0131r\u0131r. Bu istirah\u0259t m\u0259rk\u0259zind\u0259n xeyli insan evin\u0259 \u00e7\u00f6r\u0259k apar\u0131rd\u0131, o insanlar da 3 ildir i\u015fsiz qal\u0131b. 3 ild\u0259 \u0259ld\u0259n \u00e7\u0131xan m\u0259nf\u0259\u0259t, \u0259mlaklar\u0131ma d\u0259y\u0259n z\u0259r\u0259r y\u00fcz minl\u0259rl\u0259 manatd\u0131r. Bunu m\u0259n\u0259 kim \u00f6d\u0259y\u0259c\u0259k? \u018fziyy\u0259tl\u0259 i\u015f qur, xeyli insana i\u015f yeri a\u00e7, \u00e7\u00f6r\u0259k ver, ax\u0131rda g\u0259lib s\u0259n\u0259 el\u0259 bir z\u0259rb\u0259 vursunlar ki, aya\u011fa qalxa bilm\u0259y\u0259s\u0259n&#8230;\u201d\n<\/p>\n<p>\n  M\u0259hk\u0259m\u0259 \u00e7\u0259ki\u015fm\u0259l\u0259ri davam edir&#8230;\n<\/p>\n<p>\n  Masall\u0131 Rayon \u0130cra Hakimiyy\u0259tind\u0259n, o c\u00fcml\u0259d\u0259n, 1 sayl\u0131 Regional Ekologiya v\u0259 T\u0259bii S\u0259rv\u0259tl\u0259r \u0130dar\u0259sind\u0259n iki v\u0259t\u0259nda\u015f aras\u0131nda m\u00fcbahis\u0259li predmet kimi t\u0259qdim olunan torpaq sah\u0259sinin d\u00f6vl\u0259t m\u00fclkiyy\u0259ti oldu\u011fu bildirilib. M\u0259hk\u0259m\u0259l\u0259r davam etdiyi \u00fc\u00e7\u00fcn r\u0259smi qurumlar \u0259lav\u0259 m\u0259lumat verm\u0259yib v\u0259 m\u0259hk\u0259m\u0259l\u0259rin n\u0259tic\u0259sini g\u00f6zl\u0259m\u0259yi m\u0259sl\u0259h\u0259t g\u00f6r\u00fcb.\n<\/p>\n<p>\n  \u201cMasall\u0131 \u0130stisu Fatimeyi Z\u0259hra \u015e\u0259fa Sanatoriyas\u0131\u201d MMC il\u0259 \u0259laq\u0259 saxlamaq m\u00fcmk\u00fcn olmasa da, m\u0259hk\u0259m\u0259 s\u0259n\u0259dl\u0259rind\u0259ki t\u0259l\u0259bl\u0259rind\u0259n g\u00f6r\u00fcn\u00fcr ki, MMC torpaq sah\u0259sinin \u0130lqar \u0130mamyarov t\u0259r\u0259find\u0259n z\u0259bt olundu\u011funu idda edib. MMC-nin direktoru Taleh Allahyarov m\u0259hk\u0259m\u0259y\u0259 verdiyi iddias\u0131nda m\u00fcbahis\u0259li \u0259razinin MMC-y\u0259 aid olmas\u0131n\u0131 bildirm\u0259kl\u0259 yana\u015f\u0131, \u0130lqar \u0130mamyarovdan \u0259razid\u0259n qanunsuz tikintil\u0259r apar\u0131b ill\u0259rl\u0259 istifad\u0259 etdiyini s\u0259b\u0259b g\u0259tir\u0259r\u0259k t\u0259zminat da t\u0259l\u0259b edib. M\u0259hk\u0259m\u0259 iddian\u0131n t\u0259zminat hiss\u0259sini t\u0259min etm\u0259yib, \u0259razi il\u0259 ba\u011fl\u0131 t\u0259l\u0259bi is\u0259 t\u0259min edib. \u0130lqar \u0130mamyarun Masall\u0131 Rayon M\u0259hk\u0259m\u0259sinin Q\u0259tnam\u0259sind\u0259n apelyasiya \u015fikay\u0259ti verib. Yax\u0131n vaxtlarda \u015fikay\u0259t\u0259 \u015eirvan Apelyasiya M\u0259hk\u0259m\u0259sind\u0259 bax\u0131lacaq.\n<\/p>\n<figure class=\"wp-block-image size-large\">\n  <img decoding=\"async\" src=\"https:\/\/www.meydan.tv\/az\/qetname-jpg\/\" alt=\"qetname.jpg\" class=\"wp-image-146418\"\/><figcaption>\n    M\u0259hk\u0259m\u0259 q\u0259tnam\u0259si<br \/>\n  <\/figcaption><\/figure>\n","protected":false},"excerpt":{"rendered":"<p>\u201c\u018fmlak\u0131m\u0131 da\u011f\u0131d\u0131blar, xeyli insan\u0131 i\u015fsiz qoyublar\u201d<\/p>\n","protected":false},"author":11,"featured_media":146412,"comment_status":"closed","ping_status":"open","sticky":false,"template":"","format":"standard","meta":{"_acf_changed":false,"_sitemap_exclude":false,"_sitemap_priority":"","_sitemap_frequency":"","footnotes":""},"categories":[60],"tags":[],"class_list":["post-202022","post","type-post","status-publish","format-standard","has-post-thumbnail","hentry","category-bolge","infinite-scroll-item","generate-columns","tablet-grid-50","mobile-grid-100","grid-parent","grid-33","no-featured-image-padding"],"acf":[],"yoast_head":"<!-- This site is optimized with the Yoast SEO plugin v27.5 - https:\/\/yoast.com\/product\/yoast-seo-wordpress\/ -->\n<title>\u0130\u015f adam\u0131: \u018fziyy\u0259tl\u0259 yaratd\u0131\u011f\u0131m istirah\u0259t m\u0259rk\u0259zini 3 ildir ki, m\u00f6h\u00fcrl\u0259yibl\u0259r - MEYDAN.TV<\/title>\n<meta name=\"robots\" content=\"index, follow, max-snippet:-1, max-image-preview:large, max-video-preview:-1\" \/>\n<link rel=\"canonical\" href=\"https:\/\/www.meydan.tv\/az\/article\/adami-eziyyetle-yaratdigim-istirahet-merkezini-3-ildir-ki-mohurleyibler\/\" \/>\n<meta property=\"og:locale\" content=\"az_AZ\" \/>\n<meta property=\"og:type\" content=\"article\" \/>\n<meta property=\"og:title\" content=\"\u0130\u015f adam\u0131: \u018fziyy\u0259tl\u0259 yaratd\u0131\u011f\u0131m istirah\u0259t m\u0259rk\u0259zini 3 ildir ki, m\u00f6h\u00fcrl\u0259yibl\u0259r - MEYDAN.TV\" \/>\n<meta property=\"og:description\" content=\"\u201c\u018fmlak\u0131m\u0131 da\u011f\u0131d\u0131blar, xeyli insan\u0131 i\u015fsiz qoyublar\u201d\" \/>\n<meta property=\"og:url\" content=\"https:\/\/www.meydan.tv\/az\/article\/adami-eziyyetle-yaratdigim-istirahet-merkezini-3-ildir-ki-mohurleyibler\/\" \/>\n<meta property=\"og:site_name\" content=\"MEYDAN.TV\" \/>\n<meta property=\"article:published_time\" content=\"2020-08-19T14:23:52+00:00\" \/>\n<meta property=\"og:image\" content=\"https:\/\/www.meydan.tv\/wp-content\/uploads\/copy_of_untitled9_rsb2wbv.png\" \/>\n\t<meta property=\"og:image:width\" content=\"1000\" \/>\n\t<meta property=\"og:image:height\" content=\"555\" \/>\n\t<meta property=\"og:image:type\" content=\"image\/png\" \/>\n<meta name=\"author\" content=\"user-manager\" \/>\n<meta name=\"twitter:card\" content=\"summary_large_image\" \/>\n<script type=\"application\/ld+json\" class=\"yoast-schema-graph\">{\"@context\":\"https:\\\/\\\/schema.org\",\"@graph\":[{\"@type\":\"Article\",\"@id\":\"https:\\\/\\\/www.meydan.tv\\\/az\\\/article\\\/adami-eziyyetle-yaratdigim-istirahet-merkezini-3-ildir-ki-mohurleyibler\\\/#article\",\"isPartOf\":{\"@id\":\"https:\\\/\\\/www.meydan.tv\\\/az\\\/article\\\/adami-eziyyetle-yaratdigim-istirahet-merkezini-3-ildir-ki-mohurleyibler\\\/\"},\"author\":{\"name\":\"user-manager\",\"@id\":\"https:\\\/\\\/www.meydan.tv\\\/az\\\/#\\\/schema\\\/person\\\/10d11eccf6da3662cf5fdab9806ea91a\"},\"headline\":\"\u0130\u015f adam\u0131: \u018fziyy\u0259tl\u0259 yaratd\u0131\u011f\u0131m istirah\u0259t m\u0259rk\u0259zini 3 ildir ki, m\u00f6h\u00fcrl\u0259yibl\u0259r\",\"datePublished\":\"2020-08-19T14:23:52+00:00\",\"mainEntityOfPage\":{\"@id\":\"https:\\\/\\\/www.meydan.tv\\\/az\\\/article\\\/adami-eziyyetle-yaratdigim-istirahet-merkezini-3-ildir-ki-mohurleyibler\\\/\"},\"wordCount\":1385,\"publisher\":{\"@id\":\"https:\\\/\\\/www.meydan.tv\\\/az\\\/#organization\"},\"image\":{\"@id\":\"https:\\\/\\\/www.meydan.tv\\\/az\\\/article\\\/adami-eziyyetle-yaratdigim-istirahet-merkezini-3-ildir-ki-mohurleyibler\\\/#primaryimage\"},\"thumbnailUrl\":\"https:\\\/\\\/www.meydan.tv\\\/wp-content\\\/uploads\\\/copy_of_untitled9_rsb2wbv.png\",\"articleSection\":[\"B\u00f6lg\u0259\"],\"inLanguage\":\"az\"},{\"@type\":\"WebPage\",\"@id\":\"https:\\\/\\\/www.meydan.tv\\\/az\\\/article\\\/adami-eziyyetle-yaratdigim-istirahet-merkezini-3-ildir-ki-mohurleyibler\\\/\",\"url\":\"https:\\\/\\\/www.meydan.tv\\\/az\\\/article\\\/adami-eziyyetle-yaratdigim-istirahet-merkezini-3-ildir-ki-mohurleyibler\\\/\",\"name\":\"\u0130\u015f adam\u0131: \u018fziyy\u0259tl\u0259 yaratd\u0131\u011f\u0131m istirah\u0259t m\u0259rk\u0259zini 3 ildir ki, m\u00f6h\u00fcrl\u0259yibl\u0259r - MEYDAN.TV\",\"isPartOf\":{\"@id\":\"https:\\\/\\\/www.meydan.tv\\\/az\\\/#website\"},\"primaryImageOfPage\":{\"@id\":\"https:\\\/\\\/www.meydan.tv\\\/az\\\/article\\\/adami-eziyyetle-yaratdigim-istirahet-merkezini-3-ildir-ki-mohurleyibler\\\/#primaryimage\"},\"image\":{\"@id\":\"https:\\\/\\\/www.meydan.tv\\\/az\\\/article\\\/adami-eziyyetle-yaratdigim-istirahet-merkezini-3-ildir-ki-mohurleyibler\\\/#primaryimage\"},\"thumbnailUrl\":\"https:\\\/\\\/www.meydan.tv\\\/wp-content\\\/uploads\\\/copy_of_untitled9_rsb2wbv.png\",\"datePublished\":\"2020-08-19T14:23:52+00:00\",\"breadcrumb\":{\"@id\":\"https:\\\/\\\/www.meydan.tv\\\/az\\\/article\\\/adami-eziyyetle-yaratdigim-istirahet-merkezini-3-ildir-ki-mohurleyibler\\\/#breadcrumb\"},\"inLanguage\":\"az\",\"potentialAction\":[{\"@type\":\"ReadAction\",\"target\":[\"https:\\\/\\\/www.meydan.tv\\\/az\\\/article\\\/adami-eziyyetle-yaratdigim-istirahet-merkezini-3-ildir-ki-mohurleyibler\\\/\"]}]},{\"@type\":\"ImageObject\",\"inLanguage\":\"az\",\"@id\":\"https:\\\/\\\/www.meydan.tv\\\/az\\\/article\\\/adami-eziyyetle-yaratdigim-istirahet-merkezini-3-ildir-ki-mohurleyibler\\\/#primaryimage\",\"url\":\"https:\\\/\\\/www.meydan.tv\\\/wp-content\\\/uploads\\\/copy_of_untitled9_rsb2wbv.png\",\"contentUrl\":\"https:\\\/\\\/www.meydan.tv\\\/wp-content\\\/uploads\\\/copy_of_untitled9_rsb2wbv.png\",\"width\":1000,\"height\":555,\"caption\":\"Source: Specify Source\"},{\"@type\":\"BreadcrumbList\",\"@id\":\"https:\\\/\\\/www.meydan.tv\\\/az\\\/article\\\/adami-eziyyetle-yaratdigim-istirahet-merkezini-3-ildir-ki-mohurleyibler\\\/#breadcrumb\",\"itemListElement\":[{\"@type\":\"ListItem\",\"position\":1,\"name\":\"Ana s\u0259hif\u0259\",\"item\":\"https:\\\/\\\/www.meydan.tv\\\/az\\\/\"},{\"@type\":\"ListItem\",\"position\":2,\"name\":\"B\u00f6lg\u0259\",\"item\":\"https:\\\/\\\/www.meydan.tv\\\/az\\\/section\\\/bolge\\\/\"},{\"@type\":\"ListItem\",\"position\":3,\"name\":\"\u0130\u015f adam\u0131: \u018fziyy\u0259tl\u0259 yaratd\u0131\u011f\u0131m istirah\u0259t m\u0259rk\u0259zini 3 ildir ki, m\u00f6h\u00fcrl\u0259yibl\u0259r\"}]},{\"@type\":\"WebSite\",\"@id\":\"https:\\\/\\\/www.meydan.tv\\\/az\\\/#website\",\"url\":\"https:\\\/\\\/www.meydan.tv\\\/az\\\/\",\"name\":\"MEYDAN.TV\",\"description\":\"Meydan TV Az\u0259rbaycan\u0131n media m\u0259kan\u0131ndak\u0131 alternativ s\u0259sidir\",\"publisher\":{\"@id\":\"https:\\\/\\\/www.meydan.tv\\\/az\\\/#organization\"},\"potentialAction\":[{\"@type\":\"SearchAction\",\"target\":{\"@type\":\"EntryPoint\",\"urlTemplate\":\"https:\\\/\\\/www.meydan.tv\\\/az\\\/?s={search_term_string}\"},\"query-input\":{\"@type\":\"PropertyValueSpecification\",\"valueRequired\":true,\"valueName\":\"search_term_string\"}}],\"inLanguage\":\"az\"},{\"@type\":\"Organization\",\"@id\":\"https:\\\/\\\/www.meydan.tv\\\/az\\\/#organization\",\"name\":\"Meydan TV\",\"url\":\"https:\\\/\\\/www.meydan.tv\\\/az\\\/\",\"logo\":{\"@type\":\"ImageObject\",\"inLanguage\":\"az\",\"@id\":\"https:\\\/\\\/www.meydan.tv\\\/az\\\/#\\\/schema\\\/logo\\\/image\\\/\",\"url\":\"https:\\\/\\\/www.meydan.tv\\\/wp-content\\\/uploads\\\/2021\\\/07\\\/meydan-logo.svg\",\"contentUrl\":\"https:\\\/\\\/www.meydan.tv\\\/wp-content\\\/uploads\\\/2021\\\/07\\\/meydan-logo.svg\",\"width\":195,\"height\":46,\"caption\":\"Meydan TV\"},\"image\":{\"@id\":\"https:\\\/\\\/www.meydan.tv\\\/az\\\/#\\\/schema\\\/logo\\\/image\\\/\"}},{\"@type\":\"Person\",\"@id\":\"https:\\\/\\\/www.meydan.tv\\\/az\\\/#\\\/schema\\\/person\\\/10d11eccf6da3662cf5fdab9806ea91a\",\"name\":\"user-manager\"}]}<\/script>\n<!-- \/ Yoast SEO plugin. -->","yoast_head_json":{"title":"\u0130\u015f adam\u0131: \u018fziyy\u0259tl\u0259 yaratd\u0131\u011f\u0131m istirah\u0259t m\u0259rk\u0259zini 3 ildir ki, m\u00f6h\u00fcrl\u0259yibl\u0259r - MEYDAN.TV","robots":{"index":"index","follow":"follow","max-snippet":"max-snippet:-1","max-image-preview":"max-image-preview:large","max-video-preview":"max-video-preview:-1"},"canonical":"https:\/\/www.meydan.tv\/az\/article\/adami-eziyyetle-yaratdigim-istirahet-merkezini-3-ildir-ki-mohurleyibler\/","og_locale":"az_AZ","og_type":"article","og_title":"\u0130\u015f adam\u0131: \u018fziyy\u0259tl\u0259 yaratd\u0131\u011f\u0131m istirah\u0259t m\u0259rk\u0259zini 3 ildir ki, m\u00f6h\u00fcrl\u0259yibl\u0259r - MEYDAN.TV","og_description":"\u201c\u018fmlak\u0131m\u0131 da\u011f\u0131d\u0131blar, xeyli insan\u0131 i\u015fsiz qoyublar\u201d","og_url":"https:\/\/www.meydan.tv\/az\/article\/adami-eziyyetle-yaratdigim-istirahet-merkezini-3-ildir-ki-mohurleyibler\/","og_site_name":"MEYDAN.TV","article_published_time":"2020-08-19T14:23:52+00:00","og_image":[{"width":1000,"height":555,"url":"https:\/\/www.meydan.tv\/wp-content\/uploads\/copy_of_untitled9_rsb2wbv.png","type":"image\/png"}],"author":"user-manager","twitter_card":"summary_large_image","schema":{"@context":"https:\/\/schema.org","@graph":[{"@type":"Article","@id":"https:\/\/www.meydan.tv\/az\/article\/adami-eziyyetle-yaratdigim-istirahet-merkezini-3-ildir-ki-mohurleyibler\/#article","isPartOf":{"@id":"https:\/\/www.meydan.tv\/az\/article\/adami-eziyyetle-yaratdigim-istirahet-merkezini-3-ildir-ki-mohurleyibler\/"},"author":{"name":"user-manager","@id":"https:\/\/www.meydan.tv\/az\/#\/schema\/person\/10d11eccf6da3662cf5fdab9806ea91a"},"headline":"\u0130\u015f adam\u0131: \u018fziyy\u0259tl\u0259 yaratd\u0131\u011f\u0131m istirah\u0259t m\u0259rk\u0259zini 3 ildir ki, m\u00f6h\u00fcrl\u0259yibl\u0259r","datePublished":"2020-08-19T14:23:52+00:00","mainEntityOfPage":{"@id":"https:\/\/www.meydan.tv\/az\/article\/adami-eziyyetle-yaratdigim-istirahet-merkezini-3-ildir-ki-mohurleyibler\/"},"wordCount":1385,"publisher":{"@id":"https:\/\/www.meydan.tv\/az\/#organization"},"image":{"@id":"https:\/\/www.meydan.tv\/az\/article\/adami-eziyyetle-yaratdigim-istirahet-merkezini-3-ildir-ki-mohurleyibler\/#primaryimage"},"thumbnailUrl":"https:\/\/www.meydan.tv\/wp-content\/uploads\/copy_of_untitled9_rsb2wbv.png","articleSection":["B\u00f6lg\u0259"],"inLanguage":"az"},{"@type":"WebPage","@id":"https:\/\/www.meydan.tv\/az\/article\/adami-eziyyetle-yaratdigim-istirahet-merkezini-3-ildir-ki-mohurleyibler\/","url":"https:\/\/www.meydan.tv\/az\/article\/adami-eziyyetle-yaratdigim-istirahet-merkezini-3-ildir-ki-mohurleyibler\/","name":"\u0130\u015f adam\u0131: \u018fziyy\u0259tl\u0259 yaratd\u0131\u011f\u0131m istirah\u0259t m\u0259rk\u0259zini 3 ildir ki, m\u00f6h\u00fcrl\u0259yibl\u0259r - MEYDAN.TV","isPartOf":{"@id":"https:\/\/www.meydan.tv\/az\/#website"},"primaryImageOfPage":{"@id":"https:\/\/www.meydan.tv\/az\/article\/adami-eziyyetle-yaratdigim-istirahet-merkezini-3-ildir-ki-mohurleyibler\/#primaryimage"},"image":{"@id":"https:\/\/www.meydan.tv\/az\/article\/adami-eziyyetle-yaratdigim-istirahet-merkezini-3-ildir-ki-mohurleyibler\/#primaryimage"},"thumbnailUrl":"https:\/\/www.meydan.tv\/wp-content\/uploads\/copy_of_untitled9_rsb2wbv.png","datePublished":"2020-08-19T14:23:52+00:00","breadcrumb":{"@id":"https:\/\/www.meydan.tv\/az\/article\/adami-eziyyetle-yaratdigim-istirahet-merkezini-3-ildir-ki-mohurleyibler\/#breadcrumb"},"inLanguage":"az","potentialAction":[{"@type":"ReadAction","target":["https:\/\/www.meydan.tv\/az\/article\/adami-eziyyetle-yaratdigim-istirahet-merkezini-3-ildir-ki-mohurleyibler\/"]}]},{"@type":"ImageObject","inLanguage":"az","@id":"https:\/\/www.meydan.tv\/az\/article\/adami-eziyyetle-yaratdigim-istirahet-merkezini-3-ildir-ki-mohurleyibler\/#primaryimage","url":"https:\/\/www.meydan.tv\/wp-content\/uploads\/copy_of_untitled9_rsb2wbv.png","contentUrl":"https:\/\/www.meydan.tv\/wp-content\/uploads\/copy_of_untitled9_rsb2wbv.png","width":1000,"height":555,"caption":"Source: Specify Source"},{"@type":"BreadcrumbList","@id":"https:\/\/www.meydan.tv\/az\/article\/adami-eziyyetle-yaratdigim-istirahet-merkezini-3-ildir-ki-mohurleyibler\/#breadcrumb","itemListElement":[{"@type":"ListItem","position":1,"name":"Ana s\u0259hif\u0259","item":"https:\/\/www.meydan.tv\/az\/"},{"@type":"ListItem","position":2,"name":"B\u00f6lg\u0259","item":"https:\/\/www.meydan.tv\/az\/section\/bolge\/"},{"@type":"ListItem","position":3,"name":"\u0130\u015f adam\u0131: \u018fziyy\u0259tl\u0259 yaratd\u0131\u011f\u0131m istirah\u0259t m\u0259rk\u0259zini 3 ildir ki, m\u00f6h\u00fcrl\u0259yibl\u0259r"}]},{"@type":"WebSite","@id":"https:\/\/www.meydan.tv\/az\/#website","url":"https:\/\/www.meydan.tv\/az\/","name":"MEYDAN.TV","description":"Meydan TV Az\u0259rbaycan\u0131n media m\u0259kan\u0131ndak\u0131 alternativ s\u0259sidir","publisher":{"@id":"https:\/\/www.meydan.tv\/az\/#organization"},"potentialAction":[{"@type":"SearchAction","target":{"@type":"EntryPoint","urlTemplate":"https:\/\/www.meydan.tv\/az\/?s={search_term_string}"},"query-input":{"@type":"PropertyValueSpecification","valueRequired":true,"valueName":"search_term_string"}}],"inLanguage":"az"},{"@type":"Organization","@id":"https:\/\/www.meydan.tv\/az\/#organization","name":"Meydan TV","url":"https:\/\/www.meydan.tv\/az\/","logo":{"@type":"ImageObject","inLanguage":"az","@id":"https:\/\/www.meydan.tv\/az\/#\/schema\/logo\/image\/","url":"https:\/\/www.meydan.tv\/wp-content\/uploads\/2021\/07\/meydan-logo.svg","contentUrl":"https:\/\/www.meydan.tv\/wp-content\/uploads\/2021\/07\/meydan-logo.svg","width":195,"height":46,"caption":"Meydan TV"},"image":{"@id":"https:\/\/www.meydan.tv\/az\/#\/schema\/logo\/image\/"}},{"@type":"Person","@id":"https:\/\/www.meydan.tv\/az\/#\/schema\/person\/10d11eccf6da3662cf5fdab9806ea91a","name":"user-manager"}]}},"_links":{"self":[{"href":"https:\/\/www.meydan.tv\/az\/wp-json\/wp\/v2\/posts\/202022","targetHints":{"allow":["GET"]}}],"collection":[{"href":"https:\/\/www.meydan.tv\/az\/wp-json\/wp\/v2\/posts"}],"about":[{"href":"https:\/\/www.meydan.tv\/az\/wp-json\/wp\/v2\/types\/post"}],"author":[{"embeddable":true,"href":"https:\/\/www.meydan.tv\/az\/wp-json\/wp\/v2\/users\/11"}],"replies":[{"embeddable":true,"href":"https:\/\/www.meydan.tv\/az\/wp-json\/wp\/v2\/comments?post=202022"}],"version-history":[{"count":0,"href":"https:\/\/www.meydan.tv\/az\/wp-json\/wp\/v2\/posts\/202022\/revisions"}],"wp:featuredmedia":[{"embeddable":true,"href":"https:\/\/www.meydan.tv\/az\/wp-json\/wp\/v2\/media\/146412"}],"wp:attachment":[{"href":"https:\/\/www.meydan.tv\/az\/wp-json\/wp\/v2\/media?parent=202022"}],"wp:term":[{"taxonomy":"category","embeddable":true,"href":"https:\/\/www.meydan.tv\/az\/wp-json\/wp\/v2\/categories?post=202022"},{"taxonomy":"post_tag","embeddable":true,"href":"https:\/\/www.meydan.tv\/az\/wp-json\/wp\/v2\/tags?post=202022"}],"curies":[{"name":"wp","href":"https:\/\/api.w.org\/{rel}","templated":true}]}}