{"id":202019,"date":"2020-08-19T13:35:41","date_gmt":"2020-08-19T13:35:41","guid":{"rendered":"https:\/\/www.meydan.tv\/article\/murad-kohneqalanin-da-saxlanildigi-bildirilir\/"},"modified":"2020-08-19T13:35:41","modified_gmt":"2020-08-19T13:35:41","slug":"murad-kohneqalanin-da-saxlanildigi-bildirilir","status":"publish","type":"post","link":"https:\/\/www.meydan.tv\/az\/article\/murad-kohneqalanin-da-saxlanildigi-bildirilir\/","title":{"rendered":"Murad K\u00f6hn\u0259qalan\u0131n da saxlan\u0131ld\u0131\u011f\u0131 bildirilir"},"content":{"rendered":"<p>\n  <i><br \/>\n    Xan\u0131m\u0131: \u201c\u0130ndi sosial \u015f\u0259b\u0259k\u0259l\u0259rd\u0259 a\u011fz\u0131na g\u0259l\u0259ni yazanlar i\u015fin \u0259slini bilmirl\u0259r\u201d<br \/>\n  <\/i>\n<\/p>\n<p>\n  \u015eair Murad K\u00f6hn\u0259qalan\u0131n saxlan\u0131ld\u0131\u011f\u0131 deyilir. \u201cArqument.az\u201d \u015fairin h\u0259yat yolda\u015f\u0131 \u015e\u0259lal\u0259 G\u00f6yt\u00fcrk\u0259 istinad\u0259n yaz\u0131r ki, o, d\u00fcn\u0259n g\u00fcnorta saatlar\u0131ndan yoxdur. H\u0259yat yolda\u015f\u0131n\u0131n s\u00f6zl\u0259rin\u0259 g\u00f6r\u0259, Murad K\u00f6hn\u0259qalan\u0131 28-ci polis b\u00f6lm\u0259sind\u0259 g\u00f6r\u00fcbl\u0259r:\n<\/p>\n<p>\n  &quot;D\u00fcn\u0259n dan\u0131\u015fd\u0131m, \u015f\u0259h\u0259rd\u0259 idi. G\u00fcnortadan sonra \u0259laq\u0259 saxlamaq m\u00fcmk\u00fcn olmad\u0131. Murad ay\u0131n 16-17-d\u0259 K\u0259ram\u0259tl\u0259 qal\u0131b. K\u0259ram\u0259t canl\u0131 yay\u0131ma \u00e7\u0131xanda valideynl\u0259ri z\u0259ng edib ondan xahi\u015f edibl\u0259r ki, K\u0259ram\u0259ti dayand\u0131rs\u0131n. K\u0259ram\u0259tl\u0259 aralar\u0131nda m\u00fcbahis\u0259 yaran\u0131b, K\u0259ram\u0259t s\u00f6y\u00fcb Murad\u0131. Murad da onun evini t\u0259rk edib. \u0130ndi sosial \u015f\u0259b\u0259k\u0259l\u0259rd\u0259 a\u011fz\u0131na g\u0259l\u0259ni yazanlar i\u015fin \u0259slini bilmirl\u0259r\u201d.\n<\/p>\n<p>\n  Daxili \u0130\u015fl\u0259r Nazirliyi v\u0259 Bak\u0131 Ba\u015f Polis \u0130dar\u0259sinin m\u0259tbuat xidm\u0259tl\u0259ri Murad K\u00f6hn\u0259qalan\u0131n saxlan\u0131lmas\u0131ndan m\u0259lumats\u0131z olduqlar\u0131n\u0131 deyibl\u0259r.\n<\/p>\n<p>\n  Avqustun 18-d\u0259 yaz\u0131\u00e7\u0131 K\u0259ram\u0259t B\u00f6y\u00fck\u00e7\u00f6l saxlan\u0131l\u0131b. Hadis\u0259 zaman\u0131 yaz\u0131\u00e7\u0131 canl\u0131 yay\u0131ma \u00e7\u0131x\u0131b v\u0259 onun evin\u0259 biri m\u00fclki geyimd\u0259 olmaqla 3 polis \u0259m\u0259kda\u015f\u0131n\u0131n g\u0259ldiyi b\u0259lli olub. Polis canl\u0131 yay\u0131m zaman\u0131 qon\u015fular\u0131n \u015fikay\u0259ti \u0259sas\u0131nda g\u0259ldikl\u0259rini deyib. Onlar yaz\u0131\u00e7\u0131ya saxlan\u0131lmas\u0131 \u00fc\u00e7\u00fcn r\u0259smi s\u0259n\u0259d t\u0259qdim etm\u0259yibl\u0259r. G\u00f6r\u00fcnt\u00fc zaman\u0131 m\u00fclki geyimli \u015f\u0259xsin K\u0259ram\u0259t B\u00f6y\u00fck\u00e7\u00f6l\u0259 t\u0259zyiq etdiyi, canl\u0131 yay\u0131m\u0131n qapad\u0131ld\u0131\u011f\u0131 g\u00f6r\u00fcn\u00fcr.\n<\/p>\n<p>\n  Ba\u015f vermi\u015f hadis\u0259d\u0259n \u0259vv\u0259l 2 g\u00fcn yaz\u0131\u00e7\u0131 \u00f6z \u201eFacebook\u201c s\u0259hif\u0259sind\u0259 canl\u0131 yay\u0131m a\u00e7araq hakimiyy\u0259ti t\u0259nqid edib.\n<\/p>\n<p>\n  Daxili \u0130\u015fl\u0259r Nazirliyinin M\u0259tbuat Xidm\u0259tinin r\u0259isi Ehsan Zahidovun m\u0259tbuata verdiyi a\u00e7\u0131qlamaya g\u00f6r\u0259, yaz\u0131\u00e7\u0131n\u0131n saxlan\u0131lmas\u0131n\u0131n s\u0259b\u0259bi h\u0259m d\u0259 onun sa\u011flaml\u0131\u011f\u0131n\u0131 qorumaq \u00fc\u00e7\u00fcnd\u00fcr:\n<\/p>\n<p>\n  &quot;K\u0259ram\u0259t B\u00f6y\u00fck\u00e7\u00f6l\u00fcn saxlan\u0131lmas\u0131 h\u0259m d\u0259 onun \u015f\u0259xsi t\u0259hl\u00fck\u0259sizliyinin v\u0259 sa\u011flaml\u0131\u011f\u0131n\u0131n qorunmas\u0131 m\u0259qs\u0259di da\u015f\u0131y\u0131r. Bel\u0259 ki, son g\u00fcnl\u0259r K\u0259ram\u0259t B\u00f6y\u00fck\u00e7\u00f6l\u00fcn sosial \u015f\u0259b\u0259k\u0259l\u0259rd\u0259 s\u0259rxo\u015f v\u0259ziyy\u0259td\u0259 \u00f6z\u00fcn\u00fc aparmas\u0131 izl\u0259yicil\u0259ri v\u0259 yax\u0131n \u0259traf\u0131nda onun sonda intihar ed\u0259c\u0259yi fikri yarad\u0131b. Sosial \u015f\u0259b\u0259k\u0259l\u0259rd\u0259 bununla ba\u011fl\u0131 \u015f\u0259rhl\u0259r\u0259 d\u0259 rast g\u0259lm\u0259k m\u00fcmk\u00fcnd\u00fcr. Dostlar\u0131 v\u0259 izl\u0259yicil\u0259ri onun intihar ed\u0259c\u0259yi il\u0259 ba\u011fl\u0131 h\u0259y\u0259can t\u0259bili \u00e7al\u0131rd\u0131. Ona k\u00f6m\u0259k edilm\u0259si il\u0259 ba\u011fl\u0131 \u00e7a\u011f\u0131r\u0131\u015flar edilirdi. Bu bax\u0131mdan K\u0259ram\u0259t B\u00f6y\u00fck\u00e7\u00f6l\u00fcn saxlan\u0131lmas\u0131n\u0131n s\u0259b\u0259bi, haqq\u0131nda olunan \u015fikay\u0259tl\u0259rd\u0259n ba\u015fqa, h\u0259m d\u0259 onun \u015f\u0259xsi t\u0259hl\u00fck\u0259sizliyinin v\u0259 sa\u011flaml\u0131\u011f\u0131n\u0131n qorunmas\u0131 m\u0259qs\u0259di da\u015f\u0131y\u0131r&quot;.<\/p>\n","protected":false},"excerpt":{"rendered":"<p>Daxili \u0130\u015fl\u0259r Nazirliyi v\u0259 Bak\u0131 Ba\u015f Polis \u0130dar\u0259sinin m\u0259tbuat xidm\u0259tl\u0259ri Murad K\u00f6hn\u0259qalan\u0131n saxlan\u0131lmas\u0131ndan m\u0259lumats\u0131z olduqlar\u0131n\u0131 deyibl\u0259r.<\/p>\n","protected":false},"author":11,"featured_media":125418,"comment_status":"closed","ping_status":"open","sticky":false,"template":"","format":"standard","meta":{"_acf_changed":false,"_sitemap_exclude":false,"_sitemap_priority":"","_sitemap_frequency":"","footnotes":""},"categories":[52],"tags":[],"class_list":["post-202019","post","type-post","status-publish","format-standard","has-post-thumbnail","hentry","category-medeniyyet","infinite-scroll-item","generate-columns","tablet-grid-50","mobile-grid-100","grid-parent","grid-33","no-featured-image-padding"],"acf":[],"yoast_head":"<!-- This site is optimized with the Yoast SEO plugin v27.4 - https:\/\/yoast.com\/product\/yoast-seo-wordpress\/ -->\n<title>Murad K\u00f6hn\u0259qalan\u0131n da saxlan\u0131ld\u0131\u011f\u0131 bildirilir - MEYDAN.TV<\/title>\n<meta name=\"robots\" content=\"index, follow, max-snippet:-1, max-image-preview:large, max-video-preview:-1\" \/>\n<link rel=\"canonical\" href=\"https:\/\/www.meydan.tv\/az\/article\/murad-kohneqalanin-da-saxlanildigi-bildirilir\/\" \/>\n<meta property=\"og:locale\" content=\"az_AZ\" \/>\n<meta property=\"og:type\" content=\"article\" \/>\n<meta property=\"og:title\" content=\"Murad K\u00f6hn\u0259qalan\u0131n da saxlan\u0131ld\u0131\u011f\u0131 bildirilir - MEYDAN.TV\" \/>\n<meta property=\"og:description\" content=\"Daxili \u0130\u015fl\u0259r Nazirliyi v\u0259 Bak\u0131 Ba\u015f Polis \u0130dar\u0259sinin m\u0259tbuat xidm\u0259tl\u0259ri Murad K\u00f6hn\u0259qalan\u0131n saxlan\u0131lmas\u0131ndan m\u0259lumats\u0131z olduqlar\u0131n\u0131 deyibl\u0259r.\" \/>\n<meta property=\"og:url\" content=\"https:\/\/www.meydan.tv\/az\/article\/murad-kohneqalanin-da-saxlanildigi-bildirilir\/\" \/>\n<meta property=\"og:site_name\" content=\"MEYDAN.TV\" \/>\n<meta property=\"article:published_time\" content=\"2020-08-19T13:35:41+00:00\" \/>\n<meta property=\"og:image\" content=\"https:\/\/www.meydan.tv\/wp-content\/uploads\/resizer.jpg\" \/>\n\t<meta property=\"og:image:width\" content=\"900\" \/>\n\t<meta property=\"og:image:height\" content=\"480\" \/>\n\t<meta property=\"og:image:type\" content=\"image\/jpeg\" \/>\n<meta name=\"author\" content=\"user-manager\" \/>\n<meta name=\"twitter:card\" content=\"summary_large_image\" \/>\n<script type=\"application\/ld+json\" class=\"yoast-schema-graph\">{\"@context\":\"https:\\\/\\\/schema.org\",\"@graph\":[{\"@type\":\"Article\",\"@id\":\"https:\\\/\\\/www.meydan.tv\\\/az\\\/article\\\/murad-kohneqalanin-da-saxlanildigi-bildirilir\\\/#article\",\"isPartOf\":{\"@id\":\"https:\\\/\\\/www.meydan.tv\\\/az\\\/article\\\/murad-kohneqalanin-da-saxlanildigi-bildirilir\\\/\"},\"author\":{\"name\":\"user-manager\",\"@id\":\"https:\\\/\\\/www.meydan.tv\\\/az\\\/#\\\/schema\\\/person\\\/10d11eccf6da3662cf5fdab9806ea91a\"},\"headline\":\"Murad K\u00f6hn\u0259qalan\u0131n da saxlan\u0131ld\u0131\u011f\u0131 bildirilir\",\"datePublished\":\"2020-08-19T13:35:41+00:00\",\"mainEntityOfPage\":{\"@id\":\"https:\\\/\\\/www.meydan.tv\\\/az\\\/article\\\/murad-kohneqalanin-da-saxlanildigi-bildirilir\\\/\"},\"wordCount\":548,\"publisher\":{\"@id\":\"https:\\\/\\\/www.meydan.tv\\\/az\\\/#organization\"},\"image\":{\"@id\":\"https:\\\/\\\/www.meydan.tv\\\/az\\\/article\\\/murad-kohneqalanin-da-saxlanildigi-bildirilir\\\/#primaryimage\"},\"thumbnailUrl\":\"https:\\\/\\\/www.meydan.tv\\\/wp-content\\\/uploads\\\/resizer.jpg\",\"articleSection\":[\"M\u0259d\u0259niyy\u0259t\"],\"inLanguage\":\"az\"},{\"@type\":\"WebPage\",\"@id\":\"https:\\\/\\\/www.meydan.tv\\\/az\\\/article\\\/murad-kohneqalanin-da-saxlanildigi-bildirilir\\\/\",\"url\":\"https:\\\/\\\/www.meydan.tv\\\/az\\\/article\\\/murad-kohneqalanin-da-saxlanildigi-bildirilir\\\/\",\"name\":\"Murad K\u00f6hn\u0259qalan\u0131n da saxlan\u0131ld\u0131\u011f\u0131 bildirilir - MEYDAN.TV\",\"isPartOf\":{\"@id\":\"https:\\\/\\\/www.meydan.tv\\\/az\\\/#website\"},\"primaryImageOfPage\":{\"@id\":\"https:\\\/\\\/www.meydan.tv\\\/az\\\/article\\\/murad-kohneqalanin-da-saxlanildigi-bildirilir\\\/#primaryimage\"},\"image\":{\"@id\":\"https:\\\/\\\/www.meydan.tv\\\/az\\\/article\\\/murad-kohneqalanin-da-saxlanildigi-bildirilir\\\/#primaryimage\"},\"thumbnailUrl\":\"https:\\\/\\\/www.meydan.tv\\\/wp-content\\\/uploads\\\/resizer.jpg\",\"datePublished\":\"2020-08-19T13:35:41+00:00\",\"breadcrumb\":{\"@id\":\"https:\\\/\\\/www.meydan.tv\\\/az\\\/article\\\/murad-kohneqalanin-da-saxlanildigi-bildirilir\\\/#breadcrumb\"},\"inLanguage\":\"az\",\"potentialAction\":[{\"@type\":\"ReadAction\",\"target\":[\"https:\\\/\\\/www.meydan.tv\\\/az\\\/article\\\/murad-kohneqalanin-da-saxlanildigi-bildirilir\\\/\"]}]},{\"@type\":\"ImageObject\",\"inLanguage\":\"az\",\"@id\":\"https:\\\/\\\/www.meydan.tv\\\/az\\\/article\\\/murad-kohneqalanin-da-saxlanildigi-bildirilir\\\/#primaryimage\",\"url\":\"https:\\\/\\\/www.meydan.tv\\\/wp-content\\\/uploads\\\/resizer.jpg\",\"contentUrl\":\"https:\\\/\\\/www.meydan.tv\\\/wp-content\\\/uploads\\\/resizer.jpg\",\"width\":900,\"height\":480,\"caption\":\"Source: google.az\"},{\"@type\":\"BreadcrumbList\",\"@id\":\"https:\\\/\\\/www.meydan.tv\\\/az\\\/article\\\/murad-kohneqalanin-da-saxlanildigi-bildirilir\\\/#breadcrumb\",\"itemListElement\":[{\"@type\":\"ListItem\",\"position\":1,\"name\":\"Ana s\u0259hif\u0259\",\"item\":\"https:\\\/\\\/www.meydan.tv\\\/az\\\/\"},{\"@type\":\"ListItem\",\"position\":2,\"name\":\"M\u0259d\u0259niyy\u0259t\",\"item\":\"https:\\\/\\\/www.meydan.tv\\\/az\\\/section\\\/medeniyyet\\\/\"},{\"@type\":\"ListItem\",\"position\":3,\"name\":\"Murad K\u00f6hn\u0259qalan\u0131n da saxlan\u0131ld\u0131\u011f\u0131 bildirilir\"}]},{\"@type\":\"WebSite\",\"@id\":\"https:\\\/\\\/www.meydan.tv\\\/az\\\/#website\",\"url\":\"https:\\\/\\\/www.meydan.tv\\\/az\\\/\",\"name\":\"MEYDAN.TV\",\"description\":\"Meydan TV Az\u0259rbaycan\u0131n media m\u0259kan\u0131ndak\u0131 alternativ s\u0259sidir\",\"publisher\":{\"@id\":\"https:\\\/\\\/www.meydan.tv\\\/az\\\/#organization\"},\"potentialAction\":[{\"@type\":\"SearchAction\",\"target\":{\"@type\":\"EntryPoint\",\"urlTemplate\":\"https:\\\/\\\/www.meydan.tv\\\/az\\\/?s={search_term_string}\"},\"query-input\":{\"@type\":\"PropertyValueSpecification\",\"valueRequired\":true,\"valueName\":\"search_term_string\"}}],\"inLanguage\":\"az\"},{\"@type\":\"Organization\",\"@id\":\"https:\\\/\\\/www.meydan.tv\\\/az\\\/#organization\",\"name\":\"Meydan TV\",\"url\":\"https:\\\/\\\/www.meydan.tv\\\/az\\\/\",\"logo\":{\"@type\":\"ImageObject\",\"inLanguage\":\"az\",\"@id\":\"https:\\\/\\\/www.meydan.tv\\\/az\\\/#\\\/schema\\\/logo\\\/image\\\/\",\"url\":\"https:\\\/\\\/www.meydan.tv\\\/wp-content\\\/uploads\\\/2021\\\/07\\\/meydan-logo.svg\",\"contentUrl\":\"https:\\\/\\\/www.meydan.tv\\\/wp-content\\\/uploads\\\/2021\\\/07\\\/meydan-logo.svg\",\"width\":195,\"height\":46,\"caption\":\"Meydan TV\"},\"image\":{\"@id\":\"https:\\\/\\\/www.meydan.tv\\\/az\\\/#\\\/schema\\\/logo\\\/image\\\/\"}},{\"@type\":\"Person\",\"@id\":\"https:\\\/\\\/www.meydan.tv\\\/az\\\/#\\\/schema\\\/person\\\/10d11eccf6da3662cf5fdab9806ea91a\",\"name\":\"user-manager\"}]}<\/script>\n<!-- \/ Yoast SEO plugin. -->","yoast_head_json":{"title":"Murad K\u00f6hn\u0259qalan\u0131n da saxlan\u0131ld\u0131\u011f\u0131 bildirilir - MEYDAN.TV","robots":{"index":"index","follow":"follow","max-snippet":"max-snippet:-1","max-image-preview":"max-image-preview:large","max-video-preview":"max-video-preview:-1"},"canonical":"https:\/\/www.meydan.tv\/az\/article\/murad-kohneqalanin-da-saxlanildigi-bildirilir\/","og_locale":"az_AZ","og_type":"article","og_title":"Murad K\u00f6hn\u0259qalan\u0131n da saxlan\u0131ld\u0131\u011f\u0131 bildirilir - MEYDAN.TV","og_description":"Daxili \u0130\u015fl\u0259r Nazirliyi v\u0259 Bak\u0131 Ba\u015f Polis \u0130dar\u0259sinin m\u0259tbuat xidm\u0259tl\u0259ri Murad K\u00f6hn\u0259qalan\u0131n saxlan\u0131lmas\u0131ndan m\u0259lumats\u0131z olduqlar\u0131n\u0131 deyibl\u0259r.","og_url":"https:\/\/www.meydan.tv\/az\/article\/murad-kohneqalanin-da-saxlanildigi-bildirilir\/","og_site_name":"MEYDAN.TV","article_published_time":"2020-08-19T13:35:41+00:00","og_image":[{"width":900,"height":480,"url":"https:\/\/www.meydan.tv\/wp-content\/uploads\/resizer.jpg","type":"image\/jpeg"}],"author":"user-manager","twitter_card":"summary_large_image","schema":{"@context":"https:\/\/schema.org","@graph":[{"@type":"Article","@id":"https:\/\/www.meydan.tv\/az\/article\/murad-kohneqalanin-da-saxlanildigi-bildirilir\/#article","isPartOf":{"@id":"https:\/\/www.meydan.tv\/az\/article\/murad-kohneqalanin-da-saxlanildigi-bildirilir\/"},"author":{"name":"user-manager","@id":"https:\/\/www.meydan.tv\/az\/#\/schema\/person\/10d11eccf6da3662cf5fdab9806ea91a"},"headline":"Murad K\u00f6hn\u0259qalan\u0131n da saxlan\u0131ld\u0131\u011f\u0131 bildirilir","datePublished":"2020-08-19T13:35:41+00:00","mainEntityOfPage":{"@id":"https:\/\/www.meydan.tv\/az\/article\/murad-kohneqalanin-da-saxlanildigi-bildirilir\/"},"wordCount":548,"publisher":{"@id":"https:\/\/www.meydan.tv\/az\/#organization"},"image":{"@id":"https:\/\/www.meydan.tv\/az\/article\/murad-kohneqalanin-da-saxlanildigi-bildirilir\/#primaryimage"},"thumbnailUrl":"https:\/\/www.meydan.tv\/wp-content\/uploads\/resizer.jpg","articleSection":["M\u0259d\u0259niyy\u0259t"],"inLanguage":"az"},{"@type":"WebPage","@id":"https:\/\/www.meydan.tv\/az\/article\/murad-kohneqalanin-da-saxlanildigi-bildirilir\/","url":"https:\/\/www.meydan.tv\/az\/article\/murad-kohneqalanin-da-saxlanildigi-bildirilir\/","name":"Murad K\u00f6hn\u0259qalan\u0131n da saxlan\u0131ld\u0131\u011f\u0131 bildirilir - MEYDAN.TV","isPartOf":{"@id":"https:\/\/www.meydan.tv\/az\/#website"},"primaryImageOfPage":{"@id":"https:\/\/www.meydan.tv\/az\/article\/murad-kohneqalanin-da-saxlanildigi-bildirilir\/#primaryimage"},"image":{"@id":"https:\/\/www.meydan.tv\/az\/article\/murad-kohneqalanin-da-saxlanildigi-bildirilir\/#primaryimage"},"thumbnailUrl":"https:\/\/www.meydan.tv\/wp-content\/uploads\/resizer.jpg","datePublished":"2020-08-19T13:35:41+00:00","breadcrumb":{"@id":"https:\/\/www.meydan.tv\/az\/article\/murad-kohneqalanin-da-saxlanildigi-bildirilir\/#breadcrumb"},"inLanguage":"az","potentialAction":[{"@type":"ReadAction","target":["https:\/\/www.meydan.tv\/az\/article\/murad-kohneqalanin-da-saxlanildigi-bildirilir\/"]}]},{"@type":"ImageObject","inLanguage":"az","@id":"https:\/\/www.meydan.tv\/az\/article\/murad-kohneqalanin-da-saxlanildigi-bildirilir\/#primaryimage","url":"https:\/\/www.meydan.tv\/wp-content\/uploads\/resizer.jpg","contentUrl":"https:\/\/www.meydan.tv\/wp-content\/uploads\/resizer.jpg","width":900,"height":480,"caption":"Source: google.az"},{"@type":"BreadcrumbList","@id":"https:\/\/www.meydan.tv\/az\/article\/murad-kohneqalanin-da-saxlanildigi-bildirilir\/#breadcrumb","itemListElement":[{"@type":"ListItem","position":1,"name":"Ana s\u0259hif\u0259","item":"https:\/\/www.meydan.tv\/az\/"},{"@type":"ListItem","position":2,"name":"M\u0259d\u0259niyy\u0259t","item":"https:\/\/www.meydan.tv\/az\/section\/medeniyyet\/"},{"@type":"ListItem","position":3,"name":"Murad K\u00f6hn\u0259qalan\u0131n da saxlan\u0131ld\u0131\u011f\u0131 bildirilir"}]},{"@type":"WebSite","@id":"https:\/\/www.meydan.tv\/az\/#website","url":"https:\/\/www.meydan.tv\/az\/","name":"MEYDAN.TV","description":"Meydan TV Az\u0259rbaycan\u0131n media m\u0259kan\u0131ndak\u0131 alternativ s\u0259sidir","publisher":{"@id":"https:\/\/www.meydan.tv\/az\/#organization"},"potentialAction":[{"@type":"SearchAction","target":{"@type":"EntryPoint","urlTemplate":"https:\/\/www.meydan.tv\/az\/?s={search_term_string}"},"query-input":{"@type":"PropertyValueSpecification","valueRequired":true,"valueName":"search_term_string"}}],"inLanguage":"az"},{"@type":"Organization","@id":"https:\/\/www.meydan.tv\/az\/#organization","name":"Meydan TV","url":"https:\/\/www.meydan.tv\/az\/","logo":{"@type":"ImageObject","inLanguage":"az","@id":"https:\/\/www.meydan.tv\/az\/#\/schema\/logo\/image\/","url":"https:\/\/www.meydan.tv\/wp-content\/uploads\/2021\/07\/meydan-logo.svg","contentUrl":"https:\/\/www.meydan.tv\/wp-content\/uploads\/2021\/07\/meydan-logo.svg","width":195,"height":46,"caption":"Meydan TV"},"image":{"@id":"https:\/\/www.meydan.tv\/az\/#\/schema\/logo\/image\/"}},{"@type":"Person","@id":"https:\/\/www.meydan.tv\/az\/#\/schema\/person\/10d11eccf6da3662cf5fdab9806ea91a","name":"user-manager"}]}},"_links":{"self":[{"href":"https:\/\/www.meydan.tv\/az\/wp-json\/wp\/v2\/posts\/202019","targetHints":{"allow":["GET"]}}],"collection":[{"href":"https:\/\/www.meydan.tv\/az\/wp-json\/wp\/v2\/posts"}],"about":[{"href":"https:\/\/www.meydan.tv\/az\/wp-json\/wp\/v2\/types\/post"}],"author":[{"embeddable":true,"href":"https:\/\/www.meydan.tv\/az\/wp-json\/wp\/v2\/users\/11"}],"replies":[{"embeddable":true,"href":"https:\/\/www.meydan.tv\/az\/wp-json\/wp\/v2\/comments?post=202019"}],"version-history":[{"count":0,"href":"https:\/\/www.meydan.tv\/az\/wp-json\/wp\/v2\/posts\/202019\/revisions"}],"wp:featuredmedia":[{"embeddable":true,"href":"https:\/\/www.meydan.tv\/az\/wp-json\/wp\/v2\/media\/125418"}],"wp:attachment":[{"href":"https:\/\/www.meydan.tv\/az\/wp-json\/wp\/v2\/media?parent=202019"}],"wp:term":[{"taxonomy":"category","embeddable":true,"href":"https:\/\/www.meydan.tv\/az\/wp-json\/wp\/v2\/categories?post=202019"},{"taxonomy":"post_tag","embeddable":true,"href":"https:\/\/www.meydan.tv\/az\/wp-json\/wp\/v2\/tags?post=202019"}],"curies":[{"name":"wp","href":"https:\/\/api.w.org\/{rel}","templated":true}]}}