{"id":201997,"date":"2020-08-18T16:07:15","date_gmt":"2020-08-18T16:07:15","guid":{"rendered":"https:\/\/www.meydan.tv\/article\/yazici-keramet-boyukcol-saxlanilib\/"},"modified":"2020-08-18T16:07:15","modified_gmt":"2020-08-18T16:07:15","slug":"yazici-keramet-boyukcol-saxlanilib","status":"publish","type":"post","link":"https:\/\/www.meydan.tv\/az\/article\/yazici-keramet-boyukcol-saxlanilib\/","title":{"rendered":"Yaz\u0131\u00e7\u0131 K\u0259ram\u0259t B\u00f6y\u00fck\u00e7\u00f6l saxlan\u0131l\u0131b (yenil\u0259nib)"},"content":{"rendered":"<p>\n  ***\n<\/p>\n<p>\n  <i><br \/>\n    Daxili \u0130\u015fl\u0259r Nazirliyi (D\u0130N) yaz\u0131\u00e7\u0131 K\u0259ram\u0259t B\u00f6y\u00fck\u00e7\u00f6l\u00fcn saxlan\u0131lmas\u0131 haqda a\u00e7\u0131qlama yay\u0131b.<br \/>\n  <\/i>\n<\/p>\n<p>\n  <i><br \/>\n    D\u0130N K\u0259ram\u0259t B\u00f6y\u00fck\u00e7\u00f6l\u00fcn kiray\u0259d\u0259 ya\u015fad\u0131\u011f\u0131 binan\u0131n sakinl\u0259ri v\u0259 evin sahibinin \u0259razi \u00fczr\u0259 polis b\u00f6lm\u0259sin\u0259 m\u00fcraci\u0259t etdiyini bildirib.<br \/>\n  <\/i>\n<\/p>\n<p>\n  <i><br \/>\n    Bu bar\u0259d\u0259 nazirlik APA-nin sor\u011fusuna cavab\u0131nda qeyd edib.<br \/>\n  <\/i>\n<\/p>\n<p>\n  <i><br \/>\n    \u201c\u0130ki g\u00fcnd\u00fcr h\u0259min m\u0259nzild\u0259n s\u0259s-k\u00fcy g\u0259ldiyini v\u0259 bu hal\u0131n qon\u015fular\u0131 ciddi narahat etdiyini bildiribl\u0259r. H\u0259tta qon\u015fulardan biri bir d\u0259f\u0259 qap\u0131n\u0131 d\u00f6y\u0259r\u0259k onlar\u0131 sakitliy\u0259 riay\u0259t etm\u0259y\u0259 \u00e7a\u011f\u0131r\u0131b. Bu zaman K\u0259ram\u0259t B\u00f6y\u00fck\u00e7\u00f6l h\u0259min qon\u015funu t\u0259hqir ed\u0259r\u0259k onunla dala\u015f\u0131b. Bu g\u00fcn \u0259razi \u00fczr\u0259 polis b\u00f6lm\u0259sinin \u0259m\u0259kda\u015flar\u0131 daxil olan \u015fikay\u0259t \u0259sas\u0131nda h\u0259min \u00fcnvana gedib. S\u0259rxo\u015f v\u0259ziyy\u0259td\u0259 olan K\u0259ram\u0259t B\u00f6y\u00fck\u00e7\u00f6l saxlan\u0131l\u0131b. Haz\u0131rda ara\u015fd\u0131rma apar\u0131l\u0131r\u201d,-dey\u0259 D\u0130N m\u0259tbuat xidm\u0259ti bildirib.<br \/>\n  <\/i>\n<\/p>\n<p>\n  ***\n<\/p>\n<p>\n  <i><br \/>\n    Ondan qon\u015fular\u0131n \u015fikay\u0259t etdiyi deyilir<br \/>\n  <\/i>\n<\/p>\n<p>\n  Yaz\u0131\u00e7\u0131 K\u0259ram\u0259t B\u00f6y\u00fck\u00e7\u00f6l avqustun 18-d\u0259 g\u00fcn\u00fcn ikinci yar\u0131s\u0131nda saxlan\u0131l\u0131b. Polisl\u0259r onun ya\u015fad\u0131\u011f\u0131 ev\u0259 g\u0259l\u0259r\u0259k qon\u015fular\u0131n \u015fikay\u0259t etdiyini deyibl\u0259r.\n<\/p>\n<p>\n  Polisl\u0259rin ev\u0259 g\u0259lm\u0259sini canl\u0131 yay\u0131m ed\u0259n yaz\u0131\u00e7\u0131 onlardan m\u0259hk\u0259m\u0259 q\u0259rar\u0131n\u0131 v\u0259 qon\u015fulardan kimin \u015fikay\u0259t etdiyini sual ets\u0259 d\u0259, cavab almay\u0131b v\u0259 yay\u0131m k\u0259silib. Canl\u0131 yay\u0131mda yaz\u0131\u00e7\u0131n\u0131n zorla apar\u0131ld\u0131\u011f\u0131 g\u00f6r\u00fcn\u00fcr.\n<\/p>\n<p>\n  K\u0259ram\u0259t B\u00f6y\u00fck\u00e7\u00f6l bir ne\u00e7\u0259 g\u00fcnd\u00fcr \u201cFacebook\u201d s\u0259hif\u0259sind\u0259 hakimiyy\u0259ti s\u0259rt t\u0259nqid ed\u0259n canl\u0131 yay\u0131mlar edir v\u0259 statuslar yaz\u0131r.\n<\/p>\n<p>\n  Daxili \u0130\u015fl\u0259r Nazirliyi K\u0259ram\u0259t B\u00f6y\u00fck\u00e7\u00f6l\u00fcn saxlan\u0131lmas\u0131 haqq\u0131nda m\u0259lumat yaymay\u0131b.<\/p>\n","protected":false},"excerpt":{"rendered":"<p>Daxili \u0130\u015fl\u0259r Nazirliyi K\u0259ram\u0259t B\u00f6y\u00fck\u00e7\u00f6l\u00fcn saxlan\u0131lmas\u0131 haqq\u0131nda m\u0259lumat yaymay\u0131b.<\/p>\n","protected":false},"author":11,"featured_media":146298,"comment_status":"closed","ping_status":"open","sticky":false,"template":"","format":"standard","meta":{"_acf_changed":false,"_sitemap_exclude":false,"_sitemap_priority":"","_sitemap_frequency":"","footnotes":""},"categories":[52],"tags":[],"class_list":["post-201997","post","type-post","status-publish","format-standard","has-post-thumbnail","hentry","category-medeniyyet","infinite-scroll-item","generate-columns","tablet-grid-50","mobile-grid-100","grid-parent","grid-33","no-featured-image-padding"],"acf":[],"yoast_head":"<!-- This site is optimized with the Yoast SEO plugin v27.4 - https:\/\/yoast.com\/product\/yoast-seo-wordpress\/ -->\n<title>Yaz\u0131\u00e7\u0131 K\u0259ram\u0259t B\u00f6y\u00fck\u00e7\u00f6l saxlan\u0131l\u0131b (yenil\u0259nib) - MEYDAN.TV<\/title>\n<meta name=\"robots\" content=\"index, follow, max-snippet:-1, max-image-preview:large, max-video-preview:-1\" \/>\n<link rel=\"canonical\" href=\"https:\/\/www.meydan.tv\/az\/article\/yazici-keramet-boyukcol-saxlanilib\/\" \/>\n<meta property=\"og:locale\" content=\"az_AZ\" \/>\n<meta property=\"og:type\" content=\"article\" \/>\n<meta property=\"og:title\" content=\"Yaz\u0131\u00e7\u0131 K\u0259ram\u0259t B\u00f6y\u00fck\u00e7\u00f6l saxlan\u0131l\u0131b (yenil\u0259nib) - MEYDAN.TV\" \/>\n<meta property=\"og:description\" content=\"Daxili \u0130\u015fl\u0259r Nazirliyi K\u0259ram\u0259t B\u00f6y\u00fck\u00e7\u00f6l\u00fcn saxlan\u0131lmas\u0131 haqq\u0131nda m\u0259lumat yaymay\u0131b.\" \/>\n<meta property=\"og:url\" content=\"https:\/\/www.meydan.tv\/az\/article\/yazici-keramet-boyukcol-saxlanilib\/\" \/>\n<meta property=\"og:site_name\" content=\"MEYDAN.TV\" \/>\n<meta property=\"article:published_time\" content=\"2020-08-18T16:07:15+00:00\" \/>\n<meta property=\"og:image\" content=\"https:\/\/www.meydan.tv\/wp-content\/uploads\/copy_of_untitled9_1_m0jw9ca.png\" \/>\n\t<meta property=\"og:image:width\" content=\"1000\" \/>\n\t<meta property=\"og:image:height\" content=\"555\" \/>\n\t<meta property=\"og:image:type\" content=\"image\/png\" \/>\n<meta name=\"author\" content=\"user-manager\" \/>\n<meta name=\"twitter:card\" content=\"summary_large_image\" \/>\n<script type=\"application\/ld+json\" class=\"yoast-schema-graph\">{\"@context\":\"https:\\\/\\\/schema.org\",\"@graph\":[{\"@type\":\"Article\",\"@id\":\"https:\\\/\\\/www.meydan.tv\\\/az\\\/article\\\/yazici-keramet-boyukcol-saxlanilib\\\/#article\",\"isPartOf\":{\"@id\":\"https:\\\/\\\/www.meydan.tv\\\/az\\\/article\\\/yazici-keramet-boyukcol-saxlanilib\\\/\"},\"author\":{\"name\":\"user-manager\",\"@id\":\"https:\\\/\\\/www.meydan.tv\\\/az\\\/#\\\/schema\\\/person\\\/10d11eccf6da3662cf5fdab9806ea91a\"},\"headline\":\"Yaz\u0131\u00e7\u0131 K\u0259ram\u0259t B\u00f6y\u00fck\u00e7\u00f6l saxlan\u0131l\u0131b (yenil\u0259nib)\",\"datePublished\":\"2020-08-18T16:07:15+00:00\",\"mainEntityOfPage\":{\"@id\":\"https:\\\/\\\/www.meydan.tv\\\/az\\\/article\\\/yazici-keramet-boyukcol-saxlanilib\\\/\"},\"wordCount\":349,\"publisher\":{\"@id\":\"https:\\\/\\\/www.meydan.tv\\\/az\\\/#organization\"},\"image\":{\"@id\":\"https:\\\/\\\/www.meydan.tv\\\/az\\\/article\\\/yazici-keramet-boyukcol-saxlanilib\\\/#primaryimage\"},\"thumbnailUrl\":\"https:\\\/\\\/www.meydan.tv\\\/wp-content\\\/uploads\\\/copy_of_untitled9_1_m0jw9ca.png\",\"articleSection\":[\"M\u0259d\u0259niyy\u0259t\"],\"inLanguage\":\"az\"},{\"@type\":\"WebPage\",\"@id\":\"https:\\\/\\\/www.meydan.tv\\\/az\\\/article\\\/yazici-keramet-boyukcol-saxlanilib\\\/\",\"url\":\"https:\\\/\\\/www.meydan.tv\\\/az\\\/article\\\/yazici-keramet-boyukcol-saxlanilib\\\/\",\"name\":\"Yaz\u0131\u00e7\u0131 K\u0259ram\u0259t B\u00f6y\u00fck\u00e7\u00f6l saxlan\u0131l\u0131b (yenil\u0259nib) - MEYDAN.TV\",\"isPartOf\":{\"@id\":\"https:\\\/\\\/www.meydan.tv\\\/az\\\/#website\"},\"primaryImageOfPage\":{\"@id\":\"https:\\\/\\\/www.meydan.tv\\\/az\\\/article\\\/yazici-keramet-boyukcol-saxlanilib\\\/#primaryimage\"},\"image\":{\"@id\":\"https:\\\/\\\/www.meydan.tv\\\/az\\\/article\\\/yazici-keramet-boyukcol-saxlanilib\\\/#primaryimage\"},\"thumbnailUrl\":\"https:\\\/\\\/www.meydan.tv\\\/wp-content\\\/uploads\\\/copy_of_untitled9_1_m0jw9ca.png\",\"datePublished\":\"2020-08-18T16:07:15+00:00\",\"breadcrumb\":{\"@id\":\"https:\\\/\\\/www.meydan.tv\\\/az\\\/article\\\/yazici-keramet-boyukcol-saxlanilib\\\/#breadcrumb\"},\"inLanguage\":\"az\",\"potentialAction\":[{\"@type\":\"ReadAction\",\"target\":[\"https:\\\/\\\/www.meydan.tv\\\/az\\\/article\\\/yazici-keramet-boyukcol-saxlanilib\\\/\"]}]},{\"@type\":\"ImageObject\",\"inLanguage\":\"az\",\"@id\":\"https:\\\/\\\/www.meydan.tv\\\/az\\\/article\\\/yazici-keramet-boyukcol-saxlanilib\\\/#primaryimage\",\"url\":\"https:\\\/\\\/www.meydan.tv\\\/wp-content\\\/uploads\\\/copy_of_untitled9_1_m0jw9ca.png\",\"contentUrl\":\"https:\\\/\\\/www.meydan.tv\\\/wp-content\\\/uploads\\\/copy_of_untitled9_1_m0jw9ca.png\",\"width\":1000,\"height\":555,\"caption\":\"Source: Facebook\"},{\"@type\":\"BreadcrumbList\",\"@id\":\"https:\\\/\\\/www.meydan.tv\\\/az\\\/article\\\/yazici-keramet-boyukcol-saxlanilib\\\/#breadcrumb\",\"itemListElement\":[{\"@type\":\"ListItem\",\"position\":1,\"name\":\"Ana s\u0259hif\u0259\",\"item\":\"https:\\\/\\\/www.meydan.tv\\\/az\\\/\"},{\"@type\":\"ListItem\",\"position\":2,\"name\":\"M\u0259d\u0259niyy\u0259t\",\"item\":\"https:\\\/\\\/www.meydan.tv\\\/az\\\/section\\\/medeniyyet\\\/\"},{\"@type\":\"ListItem\",\"position\":3,\"name\":\"Yaz\u0131\u00e7\u0131 K\u0259ram\u0259t B\u00f6y\u00fck\u00e7\u00f6l saxlan\u0131l\u0131b (yenil\u0259nib)\"}]},{\"@type\":\"WebSite\",\"@id\":\"https:\\\/\\\/www.meydan.tv\\\/az\\\/#website\",\"url\":\"https:\\\/\\\/www.meydan.tv\\\/az\\\/\",\"name\":\"MEYDAN.TV\",\"description\":\"Meydan TV Az\u0259rbaycan\u0131n media m\u0259kan\u0131ndak\u0131 alternativ s\u0259sidir\",\"publisher\":{\"@id\":\"https:\\\/\\\/www.meydan.tv\\\/az\\\/#organization\"},\"potentialAction\":[{\"@type\":\"SearchAction\",\"target\":{\"@type\":\"EntryPoint\",\"urlTemplate\":\"https:\\\/\\\/www.meydan.tv\\\/az\\\/?s={search_term_string}\"},\"query-input\":{\"@type\":\"PropertyValueSpecification\",\"valueRequired\":true,\"valueName\":\"search_term_string\"}}],\"inLanguage\":\"az\"},{\"@type\":\"Organization\",\"@id\":\"https:\\\/\\\/www.meydan.tv\\\/az\\\/#organization\",\"name\":\"Meydan TV\",\"url\":\"https:\\\/\\\/www.meydan.tv\\\/az\\\/\",\"logo\":{\"@type\":\"ImageObject\",\"inLanguage\":\"az\",\"@id\":\"https:\\\/\\\/www.meydan.tv\\\/az\\\/#\\\/schema\\\/logo\\\/image\\\/\",\"url\":\"https:\\\/\\\/www.meydan.tv\\\/wp-content\\\/uploads\\\/2021\\\/07\\\/meydan-logo.svg\",\"contentUrl\":\"https:\\\/\\\/www.meydan.tv\\\/wp-content\\\/uploads\\\/2021\\\/07\\\/meydan-logo.svg\",\"width\":195,\"height\":46,\"caption\":\"Meydan TV\"},\"image\":{\"@id\":\"https:\\\/\\\/www.meydan.tv\\\/az\\\/#\\\/schema\\\/logo\\\/image\\\/\"}},{\"@type\":\"Person\",\"@id\":\"https:\\\/\\\/www.meydan.tv\\\/az\\\/#\\\/schema\\\/person\\\/10d11eccf6da3662cf5fdab9806ea91a\",\"name\":\"user-manager\"}]}<\/script>\n<!-- \/ Yoast SEO plugin. -->","yoast_head_json":{"title":"Yaz\u0131\u00e7\u0131 K\u0259ram\u0259t B\u00f6y\u00fck\u00e7\u00f6l saxlan\u0131l\u0131b (yenil\u0259nib) - MEYDAN.TV","robots":{"index":"index","follow":"follow","max-snippet":"max-snippet:-1","max-image-preview":"max-image-preview:large","max-video-preview":"max-video-preview:-1"},"canonical":"https:\/\/www.meydan.tv\/az\/article\/yazici-keramet-boyukcol-saxlanilib\/","og_locale":"az_AZ","og_type":"article","og_title":"Yaz\u0131\u00e7\u0131 K\u0259ram\u0259t B\u00f6y\u00fck\u00e7\u00f6l saxlan\u0131l\u0131b (yenil\u0259nib) - MEYDAN.TV","og_description":"Daxili \u0130\u015fl\u0259r Nazirliyi K\u0259ram\u0259t B\u00f6y\u00fck\u00e7\u00f6l\u00fcn saxlan\u0131lmas\u0131 haqq\u0131nda m\u0259lumat yaymay\u0131b.","og_url":"https:\/\/www.meydan.tv\/az\/article\/yazici-keramet-boyukcol-saxlanilib\/","og_site_name":"MEYDAN.TV","article_published_time":"2020-08-18T16:07:15+00:00","og_image":[{"width":1000,"height":555,"url":"https:\/\/www.meydan.tv\/wp-content\/uploads\/copy_of_untitled9_1_m0jw9ca.png","type":"image\/png"}],"author":"user-manager","twitter_card":"summary_large_image","schema":{"@context":"https:\/\/schema.org","@graph":[{"@type":"Article","@id":"https:\/\/www.meydan.tv\/az\/article\/yazici-keramet-boyukcol-saxlanilib\/#article","isPartOf":{"@id":"https:\/\/www.meydan.tv\/az\/article\/yazici-keramet-boyukcol-saxlanilib\/"},"author":{"name":"user-manager","@id":"https:\/\/www.meydan.tv\/az\/#\/schema\/person\/10d11eccf6da3662cf5fdab9806ea91a"},"headline":"Yaz\u0131\u00e7\u0131 K\u0259ram\u0259t B\u00f6y\u00fck\u00e7\u00f6l saxlan\u0131l\u0131b (yenil\u0259nib)","datePublished":"2020-08-18T16:07:15+00:00","mainEntityOfPage":{"@id":"https:\/\/www.meydan.tv\/az\/article\/yazici-keramet-boyukcol-saxlanilib\/"},"wordCount":349,"publisher":{"@id":"https:\/\/www.meydan.tv\/az\/#organization"},"image":{"@id":"https:\/\/www.meydan.tv\/az\/article\/yazici-keramet-boyukcol-saxlanilib\/#primaryimage"},"thumbnailUrl":"https:\/\/www.meydan.tv\/wp-content\/uploads\/copy_of_untitled9_1_m0jw9ca.png","articleSection":["M\u0259d\u0259niyy\u0259t"],"inLanguage":"az"},{"@type":"WebPage","@id":"https:\/\/www.meydan.tv\/az\/article\/yazici-keramet-boyukcol-saxlanilib\/","url":"https:\/\/www.meydan.tv\/az\/article\/yazici-keramet-boyukcol-saxlanilib\/","name":"Yaz\u0131\u00e7\u0131 K\u0259ram\u0259t B\u00f6y\u00fck\u00e7\u00f6l saxlan\u0131l\u0131b (yenil\u0259nib) - MEYDAN.TV","isPartOf":{"@id":"https:\/\/www.meydan.tv\/az\/#website"},"primaryImageOfPage":{"@id":"https:\/\/www.meydan.tv\/az\/article\/yazici-keramet-boyukcol-saxlanilib\/#primaryimage"},"image":{"@id":"https:\/\/www.meydan.tv\/az\/article\/yazici-keramet-boyukcol-saxlanilib\/#primaryimage"},"thumbnailUrl":"https:\/\/www.meydan.tv\/wp-content\/uploads\/copy_of_untitled9_1_m0jw9ca.png","datePublished":"2020-08-18T16:07:15+00:00","breadcrumb":{"@id":"https:\/\/www.meydan.tv\/az\/article\/yazici-keramet-boyukcol-saxlanilib\/#breadcrumb"},"inLanguage":"az","potentialAction":[{"@type":"ReadAction","target":["https:\/\/www.meydan.tv\/az\/article\/yazici-keramet-boyukcol-saxlanilib\/"]}]},{"@type":"ImageObject","inLanguage":"az","@id":"https:\/\/www.meydan.tv\/az\/article\/yazici-keramet-boyukcol-saxlanilib\/#primaryimage","url":"https:\/\/www.meydan.tv\/wp-content\/uploads\/copy_of_untitled9_1_m0jw9ca.png","contentUrl":"https:\/\/www.meydan.tv\/wp-content\/uploads\/copy_of_untitled9_1_m0jw9ca.png","width":1000,"height":555,"caption":"Source: Facebook"},{"@type":"BreadcrumbList","@id":"https:\/\/www.meydan.tv\/az\/article\/yazici-keramet-boyukcol-saxlanilib\/#breadcrumb","itemListElement":[{"@type":"ListItem","position":1,"name":"Ana s\u0259hif\u0259","item":"https:\/\/www.meydan.tv\/az\/"},{"@type":"ListItem","position":2,"name":"M\u0259d\u0259niyy\u0259t","item":"https:\/\/www.meydan.tv\/az\/section\/medeniyyet\/"},{"@type":"ListItem","position":3,"name":"Yaz\u0131\u00e7\u0131 K\u0259ram\u0259t B\u00f6y\u00fck\u00e7\u00f6l saxlan\u0131l\u0131b (yenil\u0259nib)"}]},{"@type":"WebSite","@id":"https:\/\/www.meydan.tv\/az\/#website","url":"https:\/\/www.meydan.tv\/az\/","name":"MEYDAN.TV","description":"Meydan TV Az\u0259rbaycan\u0131n media m\u0259kan\u0131ndak\u0131 alternativ s\u0259sidir","publisher":{"@id":"https:\/\/www.meydan.tv\/az\/#organization"},"potentialAction":[{"@type":"SearchAction","target":{"@type":"EntryPoint","urlTemplate":"https:\/\/www.meydan.tv\/az\/?s={search_term_string}"},"query-input":{"@type":"PropertyValueSpecification","valueRequired":true,"valueName":"search_term_string"}}],"inLanguage":"az"},{"@type":"Organization","@id":"https:\/\/www.meydan.tv\/az\/#organization","name":"Meydan TV","url":"https:\/\/www.meydan.tv\/az\/","logo":{"@type":"ImageObject","inLanguage":"az","@id":"https:\/\/www.meydan.tv\/az\/#\/schema\/logo\/image\/","url":"https:\/\/www.meydan.tv\/wp-content\/uploads\/2021\/07\/meydan-logo.svg","contentUrl":"https:\/\/www.meydan.tv\/wp-content\/uploads\/2021\/07\/meydan-logo.svg","width":195,"height":46,"caption":"Meydan TV"},"image":{"@id":"https:\/\/www.meydan.tv\/az\/#\/schema\/logo\/image\/"}},{"@type":"Person","@id":"https:\/\/www.meydan.tv\/az\/#\/schema\/person\/10d11eccf6da3662cf5fdab9806ea91a","name":"user-manager"}]}},"_links":{"self":[{"href":"https:\/\/www.meydan.tv\/az\/wp-json\/wp\/v2\/posts\/201997","targetHints":{"allow":["GET"]}}],"collection":[{"href":"https:\/\/www.meydan.tv\/az\/wp-json\/wp\/v2\/posts"}],"about":[{"href":"https:\/\/www.meydan.tv\/az\/wp-json\/wp\/v2\/types\/post"}],"author":[{"embeddable":true,"href":"https:\/\/www.meydan.tv\/az\/wp-json\/wp\/v2\/users\/11"}],"replies":[{"embeddable":true,"href":"https:\/\/www.meydan.tv\/az\/wp-json\/wp\/v2\/comments?post=201997"}],"version-history":[{"count":0,"href":"https:\/\/www.meydan.tv\/az\/wp-json\/wp\/v2\/posts\/201997\/revisions"}],"wp:featuredmedia":[{"embeddable":true,"href":"https:\/\/www.meydan.tv\/az\/wp-json\/wp\/v2\/media\/146298"}],"wp:attachment":[{"href":"https:\/\/www.meydan.tv\/az\/wp-json\/wp\/v2\/media?parent=201997"}],"wp:term":[{"taxonomy":"category","embeddable":true,"href":"https:\/\/www.meydan.tv\/az\/wp-json\/wp\/v2\/categories?post=201997"},{"taxonomy":"post_tag","embeddable":true,"href":"https:\/\/www.meydan.tv\/az\/wp-json\/wp\/v2\/tags?post=201997"}],"curies":[{"name":"wp","href":"https:\/\/api.w.org\/{rel}","templated":true}]}}