{"id":201986,"date":"2020-08-17T16:44:45","date_gmt":"2020-08-17T16:44:45","guid":{"rendered":"https:\/\/www.meydan.tv\/article\/sabran-bazarinda-pistaxtalarimiz-bosalib\/"},"modified":"2020-08-17T16:44:45","modified_gmt":"2020-08-17T16:44:45","slug":"sabran-bazarinda-pistaxtalarimiz-bosalib","status":"publish","type":"post","link":"https:\/\/www.meydan.tv\/az\/article\/sabran-bazarinda-pistaxtalarimiz-bosalib\/","title":{"rendered":"\u015eabran bazar\u0131nda: Pi\u015ftaxtalar\u0131m\u0131z bo\u015fal\u0131b"},"content":{"rendered":"<p>\n  <i><br \/>\n    \u201cBa\u015fqalar\u0131na bax\u0131b hal\u0131m\u0131za \u015f\u00fck\u00fcr edirik\u201d<br \/>\n  <\/i>\n<\/p>\n<p>\n  \u201cKoronavirus s\u0259b\u0259bind\u0259n alverimiz \u00f6l\u00fcb. G\u00fcn \u0259rzind\u0259 3-4 manatl\u0131q alver ed\u0259nd\u0259 sevinirik. Rayon camaat\u0131nda n\u0259 pul var ki? \u018fks\u0259riyy\u0259t g\u00fcnd\u0259lik \u00e7\u00f6r\u0259yini g\u00fccl\u0259 al\u0131r\u201d,-bunu \u015eabran bazar\u0131nda alver ed\u0259n Anar M\u0259mm\u0259dov deyib.\n<\/p>\n<p>\n  COV\u0130D -19 infeksiyas\u0131 yay\u0131landan sonra \u015eabranda bir \u00e7oxu g\u00fcnd\u0259lik muzdla \u00e7al\u0131\u015fd\u0131qlar\u0131 i\u015f yerl\u0259rini itirib. Rayondak\u0131 bazarda da sat\u0131c\u0131lar naraz\u0131d\u0131rlar. Bazar g\u00fcnortaya q\u0259d\u0259r i\u015fl\u0259yir. Aylard\u0131r bazardak\u0131 geyim, ayaqqab\u0131 sat\u0131lan \u015f\u00f6b\u0259l\u0259r ba\u011flanm\u0131\u015fd\u0131, yaln\u0131z meyv\u0259-t\u0259r\u0259v\u0259z sat\u0131l\u0131rd\u0131. Sat\u0131c\u0131lar alverin z\u0259ifl\u0259m\u0259sind\u0259n \u015fikay\u0259tl\u0259nirl\u0259r.\n<\/p>\n<p>\n  Onlar\u0131n s\u00f6zl\u0259rin\u0259 g\u00f6r\u0259, uzun m\u00fcdd\u0259t \u201cS\u0259d\u0259r\u0259k\u201d v\u0259 \u201cBin\u0259\u201d ticar\u0259t m\u0259rk\u0259zl\u0259rinin, o c\u00fcml\u0259d\u0259n paytaxta giri\u015f-\u00e7\u0131x\u0131\u015f\u0131n ba\u011fl\u0131 olmas\u0131 v\u0259ziyy\u0259ti \u00e7\u0259tinl\u0259\u015fdirib: \u201cT\u0259z\u0259 mal g\u0259tir\u0259 bilmirik, yollar, topdansat\u0131\u015f yerl\u0259ri ba\u011fl\u0131d\u0131r. \u018flimizd\u0259 olan-qalan mallar\u0131 da sat\u0131b qurtarm\u0131\u015f\u0131q, pi\u015ftaxtalar\u0131m\u0131z bo\u015fal\u0131b. Bir q\u0259pik qazanc\u0131m\u0131z yoxdur, bo\u015f yer\u0259 icar\u0259 pulu verm\u0259kd\u0259ns\u0259, ma\u011fazan\u0131 ba\u011flay\u0131ram\u201d,- ad\u0131n\u0131 s\u00f6yl\u0259m\u0259k ist\u0259m\u0259y\u0259n sat\u0131c\u0131lardan biri bildirib.\n<\/p>\n<p>\n  Bazardak\u0131 meyv\u0259-t\u0259r\u0259v\u0259z k\u00f6\u015fkl\u0259rinin \u0259ks\u0259riyy\u0259ti bo\u015fald\u0131l\u0131b. Sat\u0131c\u0131lar m\u00fc\u015ft\u0259ri q\u0131tl\u0131\u011f\u0131ndan \u0259ziyy\u0259t \u00e7\u0259kdikl\u0259rini bildirirl\u0259r.\n<\/p>\n<figure class=\"wp-block-image size-large\">\n  <img decoding=\"async\" src=\"https:\/\/www.meydan.tv\/az\/unnamed-2-jpg-5\/\" alt=\"unnamed (2).jpg\" class=\"wp-image-146253\"\/><figcaption>\n    &#8220;Bir q\u0259pik qazanc\u0131m\u0131z yoxdur&#8221;<br \/>\n  <\/figcaption><\/figure>\n<p>\n  \u201cG\u00fcnorta saatlar\u0131nda dem\u0259k olar ki, bazara al\u0131c\u0131 g\u0259lmir. S\u0259h\u0259r saat 11-d\u0259k n\u0259 alver etdik, q\u0259nim\u0259t bilirik. Bak\u0131 il\u0259 yollar\u0131n ba\u011flanmas\u0131 h\u0259rt\u0259r\u0259fli t\u0259sir etdi. D\u0259rdimizi kim\u0259 dey\u0259k, bilmirik\u201d,-Anar deyib.\n<\/p>\n<p>\n  \u015eabran sakinl\u0259ri bir yandan pandemiyan\u0131n g\u0259tirdiyi yoxsulluq, dig\u0259r t\u0259r\u0259fd\u0259n d\u0259 q\u0131tl\u0131qdan \u0259ziyy\u0259t \u00e7\u0259kirl\u0259r. Onlar aylard\u0131r geyim v\u0259 dig\u0259r z\u0259ruri mallar\u0131 ala bilm\u0259dikl\u0259rini bildirirl\u0259r.\n<\/p>\n<p>\n  Rayon sakini \u018fmin\u0259 A\u011fayeva deyir ki, u\u015faqlar\u0131na uy\u011fun geyim tapa bilmir:\n<\/p>\n<p>\n  \u201cO\u011flumun 13 ya\u015f\u0131 var, m\u0259n n\u0259 bu bazardan, n\u0259 d\u0259 yax\u0131nl\u0131qdak\u0131 yegan\u0259 univermaqdan ona geyim tapa bildim. M\u0259cbur\u0259n atas\u0131n\u0131n \u015falvar\u0131n\u0131 d\u0259rziy\u0259 verib u\u015fa\u011f\u0131n \u00f6l\u00e7\u00fcs\u00fcn\u0259 uy\u011funla\u015fd\u0131rd\u0131m. \u00d6t\u0259nilki balaca g\u0259l\u0259n geyiml\u0259rini is\u0259 qon\u015fulara paylam\u0131\u015fam. \u00c7\u00fcnki ham\u0131da v\u0259ziyy\u0259t bizd\u0259ki kimidir\u201d.\n<\/p>\n<figure class=\"wp-block-image size-large\">\n  <img decoding=\"async\" src=\"https:\/\/www.meydan.tv\/az\/unnamed-5-jpg\/\" alt=\"unnamed (5).jpg\" class=\"wp-image-146262\"\/><figcaption>\n    \u201cG\u00fcnorta saatlar\u0131nda dem\u0259k olar ki, bazara al\u0131c\u0131 g\u0259lmir&#8221;<br \/>\n  <\/figcaption><\/figure>\n<p>\n  Rayon sakini, 47 ya\u015fl\u0131 G\u00fcll\u0259r M\u0259mm\u0259dova is\u0259 bildirib ki, h\u0259l\u0259 \u00e7oxu \u00f6z h\u0259y\u0259tind\u0259 meyv\u0259-t\u0259r\u0259v\u0259z \u0259kib. Yoxsa v\u0259ziyy\u0259t \u00e7ox \u00e7\u0259tin olard\u0131. 6 n\u0259f\u0259rlik ail\u0259d\u0259 yaln\u0131z yolda\u015f\u0131 i\u015fl\u0259yir, o da c\u0259mi 300 manat pul al\u0131r:\n<\/p>\n<p>\n  \u201cToyuq-c\u00fcc\u0259 saxlay\u0131ram, meyv\u0259-t\u0259r\u0259v\u0259z yeti\u015fdirir\u0259m. Yen\u0259 d\u0259 \u00e7atm\u0131r, bunun unu, \u00e7ay\u0131, q\u0259ndi var. U\u015faqlar b\u00f6y\u00fcy\u00fcb, ehtiyaclar\u0131 da art\u0131b. Bir yandan da d\u0259rmanpulu insanlar\u0131 \u00e7\u00f6kd\u00fcr\u00fcr. O\u011flum Bak\u0131da f\u0259hl\u0259lik edirdi, yen\u0259 \u00f6z\u00fcn\u00fc doland\u0131r\u0131rd\u0131. Aylard\u0131r rayonda m\u00fcv\u0259qq\u0259ti i\u015f tapa bilmir, Ancaq ba\u015fqalar\u0131na bax\u0131b hal\u0131m\u0131za \u015f\u00fck\u00fcr edirik\u201d.\n<\/p>\n<p>\n  \u018frzaq ma\u011fazalar\u0131nda is\u0259 bolluqdur, sat\u0131c\u0131lar bildiribl\u0259r ki, az da olsa alver gedir.\n<\/p>\n<figure class=\"wp-block-image size-large\">\n  <img decoding=\"async\" src=\"https:\/\/www.meydan.tv\/az\/unnamed-1-jpg-9\/\" alt=\"unnamed (1).jpg\" class=\"wp-image-146250\"\/><figcaption>\n    Sat\u0131c\u0131lar m\u00fc\u015ft\u0259ri q\u0131tl\u0131\u011f\u0131ndan \u0259ziyy\u0259t \u00e7\u0259kdikl\u0259rini bildirirl\u0259r.<br \/>\n  <\/figcaption><\/figure>\n<figure class=\"wp-block-image size-large\">\n  <img decoding=\"async\" src=\"https:\/\/www.meydan.tv\/az\/unnamed-7-jpg\/\" alt=\"unnamed (7).jpg\" class=\"wp-image-146268\"\/><figcaption>\n    \u015eabran bazar\u0131<br \/>\n  <\/figcaption><\/figure>\n<figure class=\"wp-block-image size-large\">\n  <img decoding=\"async\" src=\"https:\/\/www.meydan.tv\/az\/unnamed-jpg-34\/\" alt=\"unnamed.jpg\" class=\"wp-image-146238\"\/><figcaption>\n    \u015eabran bazar\u0131<br \/>\n  <\/figcaption><\/figure>\n","protected":false},"excerpt":{"rendered":"<p>&#8220;\u018flimizd\u0259 olan-qalan mallar\u0131 da sat\u0131b qurtarm\u0131\u015f\u0131q, pi\u015ftaxtalar\u0131m\u0131z bo\u015fal\u0131b&#8221;<\/p>\n","protected":false},"author":11,"featured_media":146265,"comment_status":"closed","ping_status":"open","sticky":false,"template":"","format":"standard","meta":{"_acf_changed":false,"_sitemap_exclude":false,"_sitemap_priority":"","_sitemap_frequency":"","footnotes":""},"categories":[60],"tags":[],"class_list":["post-201986","post","type-post","status-publish","format-standard","has-post-thumbnail","hentry","category-bolge","infinite-scroll-item","generate-columns","tablet-grid-50","mobile-grid-100","grid-parent","grid-33","no-featured-image-padding"],"acf":[],"yoast_head":"<!-- This site is optimized with the Yoast SEO plugin v27.5 - https:\/\/yoast.com\/product\/yoast-seo-wordpress\/ -->\n<title>\u015eabran bazar\u0131nda: Pi\u015ftaxtalar\u0131m\u0131z bo\u015fal\u0131b - MEYDAN.TV<\/title>\n<meta name=\"robots\" content=\"index, follow, max-snippet:-1, max-image-preview:large, max-video-preview:-1\" \/>\n<link rel=\"canonical\" href=\"https:\/\/www.meydan.tv\/az\/article\/sabran-bazarinda-pistaxtalarimiz-bosalib\/\" \/>\n<meta property=\"og:locale\" content=\"az_AZ\" \/>\n<meta property=\"og:type\" content=\"article\" \/>\n<meta property=\"og:title\" content=\"\u015eabran bazar\u0131nda: Pi\u015ftaxtalar\u0131m\u0131z bo\u015fal\u0131b - MEYDAN.TV\" \/>\n<meta property=\"og:description\" content=\"&quot;\u018flimizd\u0259 olan-qalan mallar\u0131 da sat\u0131b qurtarm\u0131\u015f\u0131q, pi\u015ftaxtalar\u0131m\u0131z bo\u015fal\u0131b&quot;\" \/>\n<meta property=\"og:url\" content=\"https:\/\/www.meydan.tv\/az\/article\/sabran-bazarinda-pistaxtalarimiz-bosalib\/\" \/>\n<meta property=\"og:site_name\" content=\"MEYDAN.TV\" \/>\n<meta property=\"article:published_time\" content=\"2020-08-17T16:44:45+00:00\" \/>\n<meta property=\"og:image\" content=\"https:\/\/www.meydan.tv\/wp-content\/uploads\/unnamed_6.jpg\" \/>\n\t<meta property=\"og:image:width\" content=\"960\" \/>\n\t<meta property=\"og:image:height\" content=\"720\" \/>\n\t<meta property=\"og:image:type\" content=\"image\/jpeg\" \/>\n<meta name=\"author\" content=\"user-manager\" \/>\n<meta name=\"twitter:card\" content=\"summary_large_image\" \/>\n<script type=\"application\/ld+json\" class=\"yoast-schema-graph\">{\"@context\":\"https:\\\/\\\/schema.org\",\"@graph\":[{\"@type\":\"Article\",\"@id\":\"https:\\\/\\\/www.meydan.tv\\\/az\\\/article\\\/sabran-bazarinda-pistaxtalarimiz-bosalib\\\/#article\",\"isPartOf\":{\"@id\":\"https:\\\/\\\/www.meydan.tv\\\/az\\\/article\\\/sabran-bazarinda-pistaxtalarimiz-bosalib\\\/\"},\"author\":{\"name\":\"user-manager\",\"@id\":\"https:\\\/\\\/www.meydan.tv\\\/az\\\/#\\\/schema\\\/person\\\/10d11eccf6da3662cf5fdab9806ea91a\"},\"headline\":\"\u015eabran bazar\u0131nda: Pi\u015ftaxtalar\u0131m\u0131z bo\u015fal\u0131b\",\"datePublished\":\"2020-08-17T16:44:45+00:00\",\"mainEntityOfPage\":{\"@id\":\"https:\\\/\\\/www.meydan.tv\\\/az\\\/article\\\/sabran-bazarinda-pistaxtalarimiz-bosalib\\\/\"},\"wordCount\":632,\"publisher\":{\"@id\":\"https:\\\/\\\/www.meydan.tv\\\/az\\\/#organization\"},\"image\":{\"@id\":\"https:\\\/\\\/www.meydan.tv\\\/az\\\/article\\\/sabran-bazarinda-pistaxtalarimiz-bosalib\\\/#primaryimage\"},\"thumbnailUrl\":\"https:\\\/\\\/www.meydan.tv\\\/wp-content\\\/uploads\\\/unnamed_6.jpg\",\"articleSection\":[\"B\u00f6lg\u0259\"],\"inLanguage\":\"az\"},{\"@type\":\"WebPage\",\"@id\":\"https:\\\/\\\/www.meydan.tv\\\/az\\\/article\\\/sabran-bazarinda-pistaxtalarimiz-bosalib\\\/\",\"url\":\"https:\\\/\\\/www.meydan.tv\\\/az\\\/article\\\/sabran-bazarinda-pistaxtalarimiz-bosalib\\\/\",\"name\":\"\u015eabran bazar\u0131nda: Pi\u015ftaxtalar\u0131m\u0131z bo\u015fal\u0131b - MEYDAN.TV\",\"isPartOf\":{\"@id\":\"https:\\\/\\\/www.meydan.tv\\\/az\\\/#website\"},\"primaryImageOfPage\":{\"@id\":\"https:\\\/\\\/www.meydan.tv\\\/az\\\/article\\\/sabran-bazarinda-pistaxtalarimiz-bosalib\\\/#primaryimage\"},\"image\":{\"@id\":\"https:\\\/\\\/www.meydan.tv\\\/az\\\/article\\\/sabran-bazarinda-pistaxtalarimiz-bosalib\\\/#primaryimage\"},\"thumbnailUrl\":\"https:\\\/\\\/www.meydan.tv\\\/wp-content\\\/uploads\\\/unnamed_6.jpg\",\"datePublished\":\"2020-08-17T16:44:45+00:00\",\"breadcrumb\":{\"@id\":\"https:\\\/\\\/www.meydan.tv\\\/az\\\/article\\\/sabran-bazarinda-pistaxtalarimiz-bosalib\\\/#breadcrumb\"},\"inLanguage\":\"az\",\"potentialAction\":[{\"@type\":\"ReadAction\",\"target\":[\"https:\\\/\\\/www.meydan.tv\\\/az\\\/article\\\/sabran-bazarinda-pistaxtalarimiz-bosalib\\\/\"]}]},{\"@type\":\"ImageObject\",\"inLanguage\":\"az\",\"@id\":\"https:\\\/\\\/www.meydan.tv\\\/az\\\/article\\\/sabran-bazarinda-pistaxtalarimiz-bosalib\\\/#primaryimage\",\"url\":\"https:\\\/\\\/www.meydan.tv\\\/wp-content\\\/uploads\\\/unnamed_6.jpg\",\"contentUrl\":\"https:\\\/\\\/www.meydan.tv\\\/wp-content\\\/uploads\\\/unnamed_6.jpg\",\"width\":960,\"height\":720,\"caption\":\"Source: Specify Source\"},{\"@type\":\"BreadcrumbList\",\"@id\":\"https:\\\/\\\/www.meydan.tv\\\/az\\\/article\\\/sabran-bazarinda-pistaxtalarimiz-bosalib\\\/#breadcrumb\",\"itemListElement\":[{\"@type\":\"ListItem\",\"position\":1,\"name\":\"Ana s\u0259hif\u0259\",\"item\":\"https:\\\/\\\/www.meydan.tv\\\/az\\\/\"},{\"@type\":\"ListItem\",\"position\":2,\"name\":\"B\u00f6lg\u0259\",\"item\":\"https:\\\/\\\/www.meydan.tv\\\/az\\\/section\\\/bolge\\\/\"},{\"@type\":\"ListItem\",\"position\":3,\"name\":\"\u015eabran bazar\u0131nda: Pi\u015ftaxtalar\u0131m\u0131z bo\u015fal\u0131b\"}]},{\"@type\":\"WebSite\",\"@id\":\"https:\\\/\\\/www.meydan.tv\\\/az\\\/#website\",\"url\":\"https:\\\/\\\/www.meydan.tv\\\/az\\\/\",\"name\":\"MEYDAN.TV\",\"description\":\"Meydan TV Az\u0259rbaycan\u0131n media m\u0259kan\u0131ndak\u0131 alternativ s\u0259sidir\",\"publisher\":{\"@id\":\"https:\\\/\\\/www.meydan.tv\\\/az\\\/#organization\"},\"potentialAction\":[{\"@type\":\"SearchAction\",\"target\":{\"@type\":\"EntryPoint\",\"urlTemplate\":\"https:\\\/\\\/www.meydan.tv\\\/az\\\/?s={search_term_string}\"},\"query-input\":{\"@type\":\"PropertyValueSpecification\",\"valueRequired\":true,\"valueName\":\"search_term_string\"}}],\"inLanguage\":\"az\"},{\"@type\":\"Organization\",\"@id\":\"https:\\\/\\\/www.meydan.tv\\\/az\\\/#organization\",\"name\":\"Meydan TV\",\"url\":\"https:\\\/\\\/www.meydan.tv\\\/az\\\/\",\"logo\":{\"@type\":\"ImageObject\",\"inLanguage\":\"az\",\"@id\":\"https:\\\/\\\/www.meydan.tv\\\/az\\\/#\\\/schema\\\/logo\\\/image\\\/\",\"url\":\"https:\\\/\\\/www.meydan.tv\\\/wp-content\\\/uploads\\\/2021\\\/07\\\/meydan-logo.svg\",\"contentUrl\":\"https:\\\/\\\/www.meydan.tv\\\/wp-content\\\/uploads\\\/2021\\\/07\\\/meydan-logo.svg\",\"width\":195,\"height\":46,\"caption\":\"Meydan TV\"},\"image\":{\"@id\":\"https:\\\/\\\/www.meydan.tv\\\/az\\\/#\\\/schema\\\/logo\\\/image\\\/\"}},{\"@type\":\"Person\",\"@id\":\"https:\\\/\\\/www.meydan.tv\\\/az\\\/#\\\/schema\\\/person\\\/10d11eccf6da3662cf5fdab9806ea91a\",\"name\":\"user-manager\"}]}<\/script>\n<!-- \/ Yoast SEO plugin. -->","yoast_head_json":{"title":"\u015eabran bazar\u0131nda: Pi\u015ftaxtalar\u0131m\u0131z bo\u015fal\u0131b - MEYDAN.TV","robots":{"index":"index","follow":"follow","max-snippet":"max-snippet:-1","max-image-preview":"max-image-preview:large","max-video-preview":"max-video-preview:-1"},"canonical":"https:\/\/www.meydan.tv\/az\/article\/sabran-bazarinda-pistaxtalarimiz-bosalib\/","og_locale":"az_AZ","og_type":"article","og_title":"\u015eabran bazar\u0131nda: Pi\u015ftaxtalar\u0131m\u0131z bo\u015fal\u0131b - MEYDAN.TV","og_description":"\"\u018flimizd\u0259 olan-qalan mallar\u0131 da sat\u0131b qurtarm\u0131\u015f\u0131q, pi\u015ftaxtalar\u0131m\u0131z bo\u015fal\u0131b\"","og_url":"https:\/\/www.meydan.tv\/az\/article\/sabran-bazarinda-pistaxtalarimiz-bosalib\/","og_site_name":"MEYDAN.TV","article_published_time":"2020-08-17T16:44:45+00:00","og_image":[{"width":960,"height":720,"url":"https:\/\/www.meydan.tv\/wp-content\/uploads\/unnamed_6.jpg","type":"image\/jpeg"}],"author":"user-manager","twitter_card":"summary_large_image","schema":{"@context":"https:\/\/schema.org","@graph":[{"@type":"Article","@id":"https:\/\/www.meydan.tv\/az\/article\/sabran-bazarinda-pistaxtalarimiz-bosalib\/#article","isPartOf":{"@id":"https:\/\/www.meydan.tv\/az\/article\/sabran-bazarinda-pistaxtalarimiz-bosalib\/"},"author":{"name":"user-manager","@id":"https:\/\/www.meydan.tv\/az\/#\/schema\/person\/10d11eccf6da3662cf5fdab9806ea91a"},"headline":"\u015eabran bazar\u0131nda: Pi\u015ftaxtalar\u0131m\u0131z bo\u015fal\u0131b","datePublished":"2020-08-17T16:44:45+00:00","mainEntityOfPage":{"@id":"https:\/\/www.meydan.tv\/az\/article\/sabran-bazarinda-pistaxtalarimiz-bosalib\/"},"wordCount":632,"publisher":{"@id":"https:\/\/www.meydan.tv\/az\/#organization"},"image":{"@id":"https:\/\/www.meydan.tv\/az\/article\/sabran-bazarinda-pistaxtalarimiz-bosalib\/#primaryimage"},"thumbnailUrl":"https:\/\/www.meydan.tv\/wp-content\/uploads\/unnamed_6.jpg","articleSection":["B\u00f6lg\u0259"],"inLanguage":"az"},{"@type":"WebPage","@id":"https:\/\/www.meydan.tv\/az\/article\/sabran-bazarinda-pistaxtalarimiz-bosalib\/","url":"https:\/\/www.meydan.tv\/az\/article\/sabran-bazarinda-pistaxtalarimiz-bosalib\/","name":"\u015eabran bazar\u0131nda: Pi\u015ftaxtalar\u0131m\u0131z bo\u015fal\u0131b - MEYDAN.TV","isPartOf":{"@id":"https:\/\/www.meydan.tv\/az\/#website"},"primaryImageOfPage":{"@id":"https:\/\/www.meydan.tv\/az\/article\/sabran-bazarinda-pistaxtalarimiz-bosalib\/#primaryimage"},"image":{"@id":"https:\/\/www.meydan.tv\/az\/article\/sabran-bazarinda-pistaxtalarimiz-bosalib\/#primaryimage"},"thumbnailUrl":"https:\/\/www.meydan.tv\/wp-content\/uploads\/unnamed_6.jpg","datePublished":"2020-08-17T16:44:45+00:00","breadcrumb":{"@id":"https:\/\/www.meydan.tv\/az\/article\/sabran-bazarinda-pistaxtalarimiz-bosalib\/#breadcrumb"},"inLanguage":"az","potentialAction":[{"@type":"ReadAction","target":["https:\/\/www.meydan.tv\/az\/article\/sabran-bazarinda-pistaxtalarimiz-bosalib\/"]}]},{"@type":"ImageObject","inLanguage":"az","@id":"https:\/\/www.meydan.tv\/az\/article\/sabran-bazarinda-pistaxtalarimiz-bosalib\/#primaryimage","url":"https:\/\/www.meydan.tv\/wp-content\/uploads\/unnamed_6.jpg","contentUrl":"https:\/\/www.meydan.tv\/wp-content\/uploads\/unnamed_6.jpg","width":960,"height":720,"caption":"Source: Specify Source"},{"@type":"BreadcrumbList","@id":"https:\/\/www.meydan.tv\/az\/article\/sabran-bazarinda-pistaxtalarimiz-bosalib\/#breadcrumb","itemListElement":[{"@type":"ListItem","position":1,"name":"Ana s\u0259hif\u0259","item":"https:\/\/www.meydan.tv\/az\/"},{"@type":"ListItem","position":2,"name":"B\u00f6lg\u0259","item":"https:\/\/www.meydan.tv\/az\/section\/bolge\/"},{"@type":"ListItem","position":3,"name":"\u015eabran bazar\u0131nda: Pi\u015ftaxtalar\u0131m\u0131z bo\u015fal\u0131b"}]},{"@type":"WebSite","@id":"https:\/\/www.meydan.tv\/az\/#website","url":"https:\/\/www.meydan.tv\/az\/","name":"MEYDAN.TV","description":"Meydan TV Az\u0259rbaycan\u0131n media m\u0259kan\u0131ndak\u0131 alternativ s\u0259sidir","publisher":{"@id":"https:\/\/www.meydan.tv\/az\/#organization"},"potentialAction":[{"@type":"SearchAction","target":{"@type":"EntryPoint","urlTemplate":"https:\/\/www.meydan.tv\/az\/?s={search_term_string}"},"query-input":{"@type":"PropertyValueSpecification","valueRequired":true,"valueName":"search_term_string"}}],"inLanguage":"az"},{"@type":"Organization","@id":"https:\/\/www.meydan.tv\/az\/#organization","name":"Meydan TV","url":"https:\/\/www.meydan.tv\/az\/","logo":{"@type":"ImageObject","inLanguage":"az","@id":"https:\/\/www.meydan.tv\/az\/#\/schema\/logo\/image\/","url":"https:\/\/www.meydan.tv\/wp-content\/uploads\/2021\/07\/meydan-logo.svg","contentUrl":"https:\/\/www.meydan.tv\/wp-content\/uploads\/2021\/07\/meydan-logo.svg","width":195,"height":46,"caption":"Meydan TV"},"image":{"@id":"https:\/\/www.meydan.tv\/az\/#\/schema\/logo\/image\/"}},{"@type":"Person","@id":"https:\/\/www.meydan.tv\/az\/#\/schema\/person\/10d11eccf6da3662cf5fdab9806ea91a","name":"user-manager"}]}},"_links":{"self":[{"href":"https:\/\/www.meydan.tv\/az\/wp-json\/wp\/v2\/posts\/201986","targetHints":{"allow":["GET"]}}],"collection":[{"href":"https:\/\/www.meydan.tv\/az\/wp-json\/wp\/v2\/posts"}],"about":[{"href":"https:\/\/www.meydan.tv\/az\/wp-json\/wp\/v2\/types\/post"}],"author":[{"embeddable":true,"href":"https:\/\/www.meydan.tv\/az\/wp-json\/wp\/v2\/users\/11"}],"replies":[{"embeddable":true,"href":"https:\/\/www.meydan.tv\/az\/wp-json\/wp\/v2\/comments?post=201986"}],"version-history":[{"count":0,"href":"https:\/\/www.meydan.tv\/az\/wp-json\/wp\/v2\/posts\/201986\/revisions"}],"wp:featuredmedia":[{"embeddable":true,"href":"https:\/\/www.meydan.tv\/az\/wp-json\/wp\/v2\/media\/146265"}],"wp:attachment":[{"href":"https:\/\/www.meydan.tv\/az\/wp-json\/wp\/v2\/media?parent=201986"}],"wp:term":[{"taxonomy":"category","embeddable":true,"href":"https:\/\/www.meydan.tv\/az\/wp-json\/wp\/v2\/categories?post=201986"},{"taxonomy":"post_tag","embeddable":true,"href":"https:\/\/www.meydan.tv\/az\/wp-json\/wp\/v2\/tags?post=201986"}],"curies":[{"name":"wp","href":"https:\/\/api.w.org\/{rel}","templated":true}]}}