{"id":201898,"date":"2020-08-11T13:22:37","date_gmt":"2020-08-11T13:22:37","guid":{"rendered":"https:\/\/www.meydan.tv\/article\/icra-bascisinin-hebs-etdirmek-istediyi-huquqsunas-fikirlesdim-ki-ay-allah-men-hara-dusmusem\/"},"modified":"2020-08-11T13:22:37","modified_gmt":"2020-08-11T13:22:37","slug":"icra-bascisinin-hebs-etdirmek-istediyi-huquqsunas-fikirlesdim-ki-ay-allah-men-hara-dusmusem","status":"publish","type":"post","link":"https:\/\/www.meydan.tv\/az\/article\/icra-bascisinin-hebs-etdirmek-istediyi-huquqsunas-fikirlesdim-ki-ay-allah-men-hara-dusmusem\/","title":{"rendered":"\u0130cra ba\u015f\u00e7\u0131s\u0131n\u0131n h\u0259bs etdirm\u0259k ist\u0259diyi h\u00fcquq\u015f\u00fcnas: Fikirl\u0259\u015fdim ki, ay Allah, m\u0259n hara d\u00fc\u015fm\u00fc\u015f\u0259m?"},"content":{"rendered":"<p>\n  <i><br \/>\n    H\u00fcquq\u015f\u00fcnas polis \u015f\u00f6b\u0259sind\u0259 t\u0259hqir olundu\u011funu, telefonuna girib ad\u0131ndan \u201cFacebook\u201dda payla\u015f\u0131m edildiyini deyir<br \/>\n  <\/i>\n<\/p>\n<p>\n  Balak\u0259n Rayon \u0130cra Hakimiyy\u0259tinin ba\u015f\u00e7\u0131s\u0131 \u0130slam Rzayev onun var-d\u00f6vl\u0259ti, h\u0259yat t\u0259rzi, rayonda yeyintil\u0259r, \u0259halinin su problemi, torpaqlar\u0131n z\u0259bt olunmas\u0131 v\u0259 s. haqda sosial mediada yazan h\u00fcquq\u015f\u00fcnas F\u0259rid Q\u0259ribovu h\u0259bs etdirm\u0259k ist\u0259yir. \u0130cra ba\u015f\u00e7\u0131s\u0131 F.Q\u0259ribovun cinay\u0259t m\u0259suliyy\u0259tin\u0259 c\u0259lb olunmas\u0131 \u00fc\u00e7\u00fcn m\u0259hk\u0259m\u0259d\u0259 x\u00fcsusi ittiham qaydas\u0131nda iddia qald\u0131r\u0131b. Balak\u0259n Rayon M\u0259hk\u0259m\u0259sind\u0259 hakim Zamin Tal\u0131bov bu i\u015f\u0259 baxacaq.\n<\/p>\n<p>\n  \u0130cra ba\u015f\u00e7\u0131s\u0131 iddia edir ki, F\u0259rid Q\u0259ribov ona b\u00f6htan at\u0131b, \u015f\u0259r\u0259f v\u0259 l\u0259yaq\u0259tini l\u0259k\u0259l\u0259yib. Ona g\u00f6r\u0259 d\u0259 Cinay\u0259t M\u0259c\u0259ll\u0259sinin 147.2 (a\u011f\u0131r cinay\u0259td\u0259 ittiham etm\u0259kl\u0259 b\u00f6htan atma) v\u0259 148-ci (t\u0259hqir) madd\u0259l\u0259ril\u0259 c\u0259zaland\u0131r\u0131lmas\u0131n\u0131 t\u0259l\u0259b edir.\n<\/p>\n<p>\n  Balak\u0259n \u015f\u0259h\u0259rinin sakini olan 1989-cu il t\u0259v\u0259ll\u00fcdl\u00fc F\u0259rid Q\u0259ribov is\u0259 bildirir ki, o, icra ba\u015f\u00e7\u0131s\u0131n\u0131 n\u0259 t\u0259hqir edib, n\u0259 d\u0259 b\u00f6htan at\u0131b, onun Balak\u0259nin icra ba\u015f\u00e7\u0131s\u0131 oldu\u011fu 9 il \u0259rzind\u0259ki f\u0259aliyy\u0259tini t\u0259hlil edib:\n<\/p>\n<p>\n  \u201cBalak\u0259nd\u0259 ba\u015f\u00e7\u0131n\u0131n f\u0259aliyy\u0259ti d\u0259, adamlar\u0131n ac\u0131nacaql\u0131 v\u0259ziyy\u0259ti d\u0259 g\u00f6z \u00f6n\u00fcnd\u0259dir. M\u0259nim m\u0259hk\u0259m\u0259d\u0259 iddia qald\u0131rmas\u0131ndan x\u0259b\u0259rim yox idi. \u018friz\u0259d\u0259n g\u00f6r\u00fcn\u00fcr ki, iyulun 27-d\u0259 m\u0259hk\u0259m\u0259y\u0259 \u015fikay\u0259t olunub, m\u0259n\u0259 is\u0259 bunu avqustun 11-d\u0259 x\u0259b\u0259r verdil\u0259r\u201d.\n<\/p>\n<p>\n  F\u0259rid Q\u0259ribovun Meydan TV-y\u0259 bildirdiyin\u0259 g\u00f6r\u0259, iyulun 24-d\u0259 \u201cFacebook\u201d hesab\u0131nda icra ba\u015f\u00e7\u0131s\u0131 haqq\u0131nda yazd\u0131\u011f\u0131 fikirl\u0259rd\u0259n sonra h\u0259m \u00f6z\u00fc, h\u0259m d\u0259 ail\u0259 \u00fczvl\u0259ri m\u00fcxt\u0259lif formada t\u0259zyiql\u0259r\u0259 m\u0259ruz qal\u0131b. Onun s\u00f6zl\u0259rin\u0259 g\u00f6r\u0259, \u00f6z\u00fc Balak\u0259n Rayon Polis \u015e\u00f6b\u0259sin\u0259 \u00e7a\u011fr\u0131laraq, orada kobud r\u0259ftarla \u00fczl\u0259\u015fib, telefonuna m\u00fcdaxil\u0259 edilib, atas\u0131n\u0131 i\u015fd\u0259n \u00e7\u0131xar\u0131blar.\n<\/p>\n<p>\n  F\u0259rid Q\u0259ribov istirah\u0259t m\u0259rk\u0259zind\u0259 i\u015fl\u0259yir. Onun s\u00f6zl\u0259rin\u0259 g\u00f6r\u0259, icra ba\u015f\u00e7\u0131s\u0131 haqq\u0131nda payla\u015f\u0131m\u0131ndan sonra i\u015f yerin\u0259 m\u00fclki geyimli polisl\u0259r g\u0259lib, onu polis \u015f\u00f6b\u0259sin\u0259 apar\u0131blar: \u201cM\u00fclki geyimlil\u0259rd\u0259n birini tan\u0131y\u0131rd\u0131m dey\u0259, \u00e7a\u011f\u0131r\u0131\u015f v\u0259r\u0259q\u0259si ist\u0259m\u0259dim, onlarla getdim. Dedil\u0259r ki, r\u0259is m\u0259ni g\u00f6rm\u0259k ist\u0259yir, s\u00f6z\u00fc var. D\u00fcz\u00fc, he\u00e7 a\u011fl\u0131na g\u0259lm\u0259zdi ki, icra ba\u015f\u00e7\u0131s\u0131 haqda yazd\u0131qlar\u0131ma g\u00f6r\u0259 ola bil\u0259r. \u00c7\u00fcnki icra ba\u015f\u00e7\u0131s\u0131 v\u0259zif\u0259li \u015f\u0259xsdir, onun \u015fikay\u0259tin\u0259 prokurorluq orqanlar\u0131 baxa bil\u0259r. \u015e\u00f6b\u0259d\u0259 n\u00f6vb\u0259t\u00e7i hiss\u0259d\u0259 telefonumu ald\u0131lar, kod verdil\u0259r. \u00dc\u00e7\u00fcnc\u00fc m\u0259rt\u0259b\u0259d\u0259 Orxan adl\u0131 ba\u015f leytenant\u0131n ota\u011f\u0131na apard\u0131lar. D\u0259rhal kobudlu\u011fa ba\u015flad\u0131 ki, \u201cs\u0259n m\u00fcxalif\u0259t\u00e7is\u0259n, bel\u0259s\u0259n, el\u0259s\u0259n\u201d. Ba\u015fa salm\u0131r ki, s\u00f6hb\u0259t n\u0259d\u0259n gedir. \u00d6z\u00fcm d\u0259 anlam\u0131ram. Ax\u0131 polis haqq\u0131nda he\u00e7 n\u0259 yazmam\u0131\u015fd\u0131m. Sonra Anar adl\u0131 r\u0259is m\u00fcavininin ota\u011f\u0131na g\u0259tirdil\u0259r. Onun ifad\u0259 t\u0259rzini, davran\u0131\u015f\u0131 g\u00f6r\u0259nd\u0259 fikirl\u0259\u015fdim ki, ay Allah, m\u0259n hara d\u00fc\u015fm\u00fc\u015f\u0259m? Ota\u011fa daxil olmu\u015fam, m\u0259n\u0259 deyir, d\u00fcz dayan. Deyir\u0259m, ax\u0131 d\u00fcz dayanm\u0131\u015fam. Qay\u0131td\u0131 ki, \u201cs\u0259n\u0259 deyir\u0259m, d\u00fcz dayan, d\u00fcd\u00fck. S\u0259n m\u00fcxalif\u0259t\u00e7is\u0259n? Bezmi\u015fik bel\u0259 i\u015fl\u0259rin \u0259lind\u0259n\u201d. Dedim ki, n\u0259 m\u00fcxalif\u0259t\u00e7i? M\u0259n Yeni Az\u0259rbaycan Partiyas\u0131n\u0131n \u00fczv\u00fcy\u0259m. \u0130kincisi, m\u00fcxalif\u0259t\u00e7i d\u0259 olsam, insan deyilik? M\u0259ni niy\u0259 t\u0259hqir edirsiz? Neyl\u0259mi\u015f\u0259m? Dedi ki, \u201cicra ba\u015f\u00e7\u0131s\u0131n\u0131 t\u0259hqir el\u0259mis\u0259n\u201d. Dedim, t\u0259hqir yox, t\u0259nqid el\u0259mi\u015f\u0259m. Bir az orada g\u00f6zl\u0259dib, sonra polis r\u0259isinin ota\u011f\u0131na apard\u0131lar. Orada da dedi ki, \u201cOrduxanlardan bezmi\u015fdik, indi sizinl\u0259 m\u0259\u015f\u011ful olmal\u0131y\u0131q?\u201d Orada g\u00f6rd\u00fcm ki, icra ba\u015f\u00e7\u0131s\u0131yla m\u00fct\u0259madi \u0259laq\u0259d\u0259dil\u0259r\u201d.\n<\/p>\n<figure class=\"wp-block-image size-large\">\n  <img decoding=\"async\" src=\"https:\/\/www.meydan.tv\/az\/unnamed-jpg-32\/\" alt=\"unnamed.jpg\" class=\"wp-image-145989\"\/><figcaption>\n    Balak\u0259n Rayon \u0130cra Hakimiyy\u0259tinin ba\u015f\u00e7\u0131s\u0131 \u0130slam Rzayev<br \/>\n  <\/figcaption><\/figure>\n<p>\n  F\u0259rid Q\u0259ribovun s\u00f6zl\u0259rin\u0259 g\u00f6r\u0259, onu yen\u0259 r\u0259is m\u00fcavininin kabinetin\u0259 qaytar\u0131blar. N\u00f6vb\u0259t\u00e7i hiss\u0259d\u0259n telefonunu da al\u0131b g\u0259tiribl\u0259r: \u201cM\u0259nim telefonumda kod yoxdur. G\u00f6rd\u00fcm ki, telefonuma m\u00fcdaxil\u0259 edirl\u0259r. Deyir\u0259m, orada m\u0259nim \u015f\u0259xsi fotolar\u0131m, yaz\u0131\u015fmalar\u0131m, ail\u0259m\u0259 aid m\u0259lumatlar var. Siz\u0259 kim ixtiyar verib m\u0259nim telefonuma girm\u0259y\u0259? Telefonumda \u201cFacebook\u201d hesab\u0131ma daxil olub, ham\u0131s\u0131n\u0131 sildil\u0259r. Yazd\u0131lar ki, guya ba\u015f\u00e7\u0131 il\u0259 g\u00f6r\u00fc\u015fd\u00fck, ba\u015f\u00e7\u0131 \u00e7ox yax\u015f\u0131 adamd\u0131. M\u0259n polis \u015f\u00f6b\u0259sinin i\u00e7ind\u0259 ola-ola yaz\u0131blar ki, ba\u015f\u00e7\u0131 il\u0259 g\u00f6r\u00fc\u015fd\u00fcm. \u00c7\u0131xan kimi o statusu sildim\u201d.\n<\/p>\n<p>\n  F\u0259rid Q\u0259ribov bildirir ki, bunun ard\u0131nca da atas\u0131n\u0131 42 il \u00e7al\u0131\u015fd\u0131\u011f\u0131 i\u015find\u0259n uzaqla\u015fd\u0131r\u0131blar. Onun s\u00f6zl\u0259rin\u0259 g\u00f6r\u0259, atas\u0131 Qaraba\u011f m\u00fcharib\u0259sinin i\u015ftirak\u00e7\u0131s\u0131 olub. N\u0259 bunu, n\u0259 pandemiya d\u00f6vr\u00fcn\u00fc, n\u0259 d\u0259 t\u0259qa\u00fcd\u0259 \u00e7\u0131xmas\u0131na c\u0259mi 11 ay qalmas\u0131n\u0131 n\u0259z\u0259r\u0259 almadan, atas\u0131n\u0131 \u0259riz\u0259 yazma\u011fa m\u0259cbur edib, i\u015fd\u0259n \u00e7\u0131xar\u0131blar: \u201c\u018fm\u0259k v\u0259 \u018fhalinin Sosial M\u00fcdafi\u0259si Nazirliyin\u0259 \u00e7a\u011f\u0131r\u0131b, i\u015fd\u0259n \u00e7\u0131xar\u0131blar. Atam orada N\u0259rmin\u0259 xan\u0131m var, ona deyib ki, 11 ay\u0131m qal\u0131b, 42 il bu d\u00f6vl\u0259t\u0259 xidm\u0259t el\u0259mi\u015f\u0259m. O da qay\u0131d\u0131b ki, \u201csiz bilirsiz n\u0259l\u0259r el\u0259yirsiz orada\u201d. Atam Prezident Administrasiyas\u0131na, \u018fm\u0259k v\u0259 \u0259halinin sosial m\u00fcdafi\u0259 nazirin\u0259 v\u0259 dig\u0259r d\u00f6vl\u0259t orqanlar\u0131na \u015fikay\u0259t edib\u201d.\n<\/p>\n<p>\n  F\u0259rid Q\u0259ribov \u0259lav\u0259 edib ki, rayonda icra ba\u015f\u00e7\u0131s\u0131ndan naraz\u0131l\u0131qlar \u00e7oxdur. O da m\u00fcxt\u0259lif t\u0259zyiq vasit\u0259l\u0259ri il\u0259 onlar\u0131n naraz\u0131l\u0131qlar\u0131n\u0131 bo\u011fma\u011fa \u00e7al\u0131\u015f\u0131r: \u201cM\u0259ni m\u00fcxalif\u0259t\u00e7i \u00e7\u0131xara bilm\u0259dil\u0259r, \u00e7\u00fcnki YAP-\u0131n \u00fczv\u00fcy\u0259m. Bu hadis\u0259l\u0259r ba\u015f ver\u0259nd\u0259 Prezidentin rayona s\u0259f\u0259ri \u0259r\u0259f\u0259si idi. Polisl\u0259r\u0259 \u015f\u0259kill\u0259rimi paylam\u0131\u015fd\u0131lar ki, harda g\u00f6rs\u0259l\u0259r, m\u0259ni saxlas\u0131nlar\u201d.\n<\/p>\n<p>\n  Daxili \u0130\u015fl\u0259r Nazirliyinin (D\u0130N) M\u0259tbuat Xidm\u0259tinin r\u0259isi Ehsan Zahidov Meydan TV-y\u0259 deyib ki, polis he\u00e7 kimi t\u0259hqir etmir:\n<\/p>\n<p>\n  \u201c\u018fg\u0259r v\u0259t\u0259nda\u015f icra ba\u015f\u00e7\u0131s\u0131n\u0131 t\u0259nqid edibs\u0259, icra ba\u015f\u00e7\u0131s\u0131 da h\u00fcquqi yolla cavab\u0131n\u0131 verm\u0259lidir. Polis h\u0259mi\u015f\u0259 v\u0259t\u0259nda\u015flar\u0131n h\u00fcququnu, asayi\u015fi qoruyur. He\u00e7 vaxt kimis\u0259 t\u0259hqir etmir\u201d.\n<\/p>\n<figure class=\"wp-block-image size-large\">\n  <img decoding=\"async\" src=\"https:\/\/www.meydan.tv\/az\/file-jpg\/\" alt=\"file.jpg\" class=\"wp-image-145986\"\/><figcaption>\n    iddia \u0259riz\u0259si<br \/>\n  <\/figcaption><\/figure>\n","protected":false},"excerpt":{"rendered":"<p>F\u0259rid Q\u0259ribovun s\u00f6zl\u0259rin\u0259 g\u00f6r\u0259, onu yen\u0259 r\u0259is m\u00fcavininin kabinetin\u0259 qaytar\u0131blar.<\/p>\n","protected":false},"author":11,"featured_media":145983,"comment_status":"closed","ping_status":"open","sticky":false,"template":"","format":"standard","meta":{"_acf_changed":false,"_sitemap_exclude":false,"_sitemap_priority":"","_sitemap_frequency":"","footnotes":""},"categories":[60],"tags":[],"class_list":["post-201898","post","type-post","status-publish","format-standard","has-post-thumbnail","hentry","category-bolge","infinite-scroll-item","generate-columns","tablet-grid-50","mobile-grid-100","grid-parent","grid-33","no-featured-image-padding"],"acf":[],"yoast_head":"<!-- This site is optimized with the Yoast SEO plugin v27.5 - https:\/\/yoast.com\/product\/yoast-seo-wordpress\/ -->\n<title>\u0130cra ba\u015f\u00e7\u0131s\u0131n\u0131n h\u0259bs etdirm\u0259k ist\u0259diyi h\u00fcquq\u015f\u00fcnas: Fikirl\u0259\u015fdim ki, ay Allah, m\u0259n hara d\u00fc\u015fm\u00fc\u015f\u0259m? - MEYDAN.TV<\/title>\n<meta name=\"robots\" content=\"index, follow, max-snippet:-1, max-image-preview:large, max-video-preview:-1\" \/>\n<link rel=\"canonical\" href=\"https:\/\/www.meydan.tv\/az\/article\/icra-bascisinin-hebs-etdirmek-istediyi-huquqsunas-fikirlesdim-ki-ay-allah-men-hara-dusmusem\/\" \/>\n<meta property=\"og:locale\" content=\"az_AZ\" \/>\n<meta property=\"og:type\" content=\"article\" \/>\n<meta property=\"og:title\" content=\"\u0130cra ba\u015f\u00e7\u0131s\u0131n\u0131n h\u0259bs etdirm\u0259k ist\u0259diyi h\u00fcquq\u015f\u00fcnas: Fikirl\u0259\u015fdim ki, ay Allah, m\u0259n hara d\u00fc\u015fm\u00fc\u015f\u0259m? - MEYDAN.TV\" \/>\n<meta property=\"og:description\" content=\"F\u0259rid Q\u0259ribovun s\u00f6zl\u0259rin\u0259 g\u00f6r\u0259, onu yen\u0259 r\u0259is m\u00fcavininin kabinetin\u0259 qaytar\u0131blar.\" \/>\n<meta property=\"og:url\" content=\"https:\/\/www.meydan.tv\/az\/article\/icra-bascisinin-hebs-etdirmek-istediyi-huquqsunas-fikirlesdim-ki-ay-allah-men-hara-dusmusem\/\" \/>\n<meta property=\"og:site_name\" content=\"MEYDAN.TV\" \/>\n<meta property=\"article:published_time\" content=\"2020-08-11T13:22:37+00:00\" \/>\n<meta property=\"og:image\" content=\"https:\/\/www.meydan.tv\/wp-content\/uploads\/copy_of_copy_of_untitled9.png\" \/>\n\t<meta property=\"og:image:width\" content=\"1000\" \/>\n\t<meta property=\"og:image:height\" content=\"555\" \/>\n\t<meta property=\"og:image:type\" content=\"image\/png\" \/>\n<meta name=\"author\" content=\"user-manager\" \/>\n<meta name=\"twitter:card\" content=\"summary_large_image\" \/>\n<script type=\"application\/ld+json\" class=\"yoast-schema-graph\">{\"@context\":\"https:\\\/\\\/schema.org\",\"@graph\":[{\"@type\":\"Article\",\"@id\":\"https:\\\/\\\/www.meydan.tv\\\/az\\\/article\\\/icra-bascisinin-hebs-etdirmek-istediyi-huquqsunas-fikirlesdim-ki-ay-allah-men-hara-dusmusem\\\/#article\",\"isPartOf\":{\"@id\":\"https:\\\/\\\/www.meydan.tv\\\/az\\\/article\\\/icra-bascisinin-hebs-etdirmek-istediyi-huquqsunas-fikirlesdim-ki-ay-allah-men-hara-dusmusem\\\/\"},\"author\":{\"name\":\"user-manager\",\"@id\":\"https:\\\/\\\/www.meydan.tv\\\/az\\\/#\\\/schema\\\/person\\\/10d11eccf6da3662cf5fdab9806ea91a\"},\"headline\":\"\u0130cra ba\u015f\u00e7\u0131s\u0131n\u0131n h\u0259bs etdirm\u0259k ist\u0259diyi h\u00fcquq\u015f\u00fcnas: Fikirl\u0259\u015fdim ki, ay Allah, m\u0259n hara d\u00fc\u015fm\u00fc\u015f\u0259m?\",\"datePublished\":\"2020-08-11T13:22:37+00:00\",\"mainEntityOfPage\":{\"@id\":\"https:\\\/\\\/www.meydan.tv\\\/az\\\/article\\\/icra-bascisinin-hebs-etdirmek-istediyi-huquqsunas-fikirlesdim-ki-ay-allah-men-hara-dusmusem\\\/\"},\"wordCount\":1193,\"publisher\":{\"@id\":\"https:\\\/\\\/www.meydan.tv\\\/az\\\/#organization\"},\"image\":{\"@id\":\"https:\\\/\\\/www.meydan.tv\\\/az\\\/article\\\/icra-bascisinin-hebs-etdirmek-istediyi-huquqsunas-fikirlesdim-ki-ay-allah-men-hara-dusmusem\\\/#primaryimage\"},\"thumbnailUrl\":\"https:\\\/\\\/www.meydan.tv\\\/wp-content\\\/uploads\\\/copy_of_copy_of_untitled9.png\",\"articleSection\":[\"B\u00f6lg\u0259\"],\"inLanguage\":\"az\"},{\"@type\":\"WebPage\",\"@id\":\"https:\\\/\\\/www.meydan.tv\\\/az\\\/article\\\/icra-bascisinin-hebs-etdirmek-istediyi-huquqsunas-fikirlesdim-ki-ay-allah-men-hara-dusmusem\\\/\",\"url\":\"https:\\\/\\\/www.meydan.tv\\\/az\\\/article\\\/icra-bascisinin-hebs-etdirmek-istediyi-huquqsunas-fikirlesdim-ki-ay-allah-men-hara-dusmusem\\\/\",\"name\":\"\u0130cra ba\u015f\u00e7\u0131s\u0131n\u0131n h\u0259bs etdirm\u0259k ist\u0259diyi h\u00fcquq\u015f\u00fcnas: Fikirl\u0259\u015fdim ki, ay Allah, m\u0259n hara d\u00fc\u015fm\u00fc\u015f\u0259m? - MEYDAN.TV\",\"isPartOf\":{\"@id\":\"https:\\\/\\\/www.meydan.tv\\\/az\\\/#website\"},\"primaryImageOfPage\":{\"@id\":\"https:\\\/\\\/www.meydan.tv\\\/az\\\/article\\\/icra-bascisinin-hebs-etdirmek-istediyi-huquqsunas-fikirlesdim-ki-ay-allah-men-hara-dusmusem\\\/#primaryimage\"},\"image\":{\"@id\":\"https:\\\/\\\/www.meydan.tv\\\/az\\\/article\\\/icra-bascisinin-hebs-etdirmek-istediyi-huquqsunas-fikirlesdim-ki-ay-allah-men-hara-dusmusem\\\/#primaryimage\"},\"thumbnailUrl\":\"https:\\\/\\\/www.meydan.tv\\\/wp-content\\\/uploads\\\/copy_of_copy_of_untitled9.png\",\"datePublished\":\"2020-08-11T13:22:37+00:00\",\"breadcrumb\":{\"@id\":\"https:\\\/\\\/www.meydan.tv\\\/az\\\/article\\\/icra-bascisinin-hebs-etdirmek-istediyi-huquqsunas-fikirlesdim-ki-ay-allah-men-hara-dusmusem\\\/#breadcrumb\"},\"inLanguage\":\"az\",\"potentialAction\":[{\"@type\":\"ReadAction\",\"target\":[\"https:\\\/\\\/www.meydan.tv\\\/az\\\/article\\\/icra-bascisinin-hebs-etdirmek-istediyi-huquqsunas-fikirlesdim-ki-ay-allah-men-hara-dusmusem\\\/\"]}]},{\"@type\":\"ImageObject\",\"inLanguage\":\"az\",\"@id\":\"https:\\\/\\\/www.meydan.tv\\\/az\\\/article\\\/icra-bascisinin-hebs-etdirmek-istediyi-huquqsunas-fikirlesdim-ki-ay-allah-men-hara-dusmusem\\\/#primaryimage\",\"url\":\"https:\\\/\\\/www.meydan.tv\\\/wp-content\\\/uploads\\\/copy_of_copy_of_untitled9.png\",\"contentUrl\":\"https:\\\/\\\/www.meydan.tv\\\/wp-content\\\/uploads\\\/copy_of_copy_of_untitled9.png\",\"width\":1000,\"height\":555,\"caption\":\"Source: Specify Source\"},{\"@type\":\"BreadcrumbList\",\"@id\":\"https:\\\/\\\/www.meydan.tv\\\/az\\\/article\\\/icra-bascisinin-hebs-etdirmek-istediyi-huquqsunas-fikirlesdim-ki-ay-allah-men-hara-dusmusem\\\/#breadcrumb\",\"itemListElement\":[{\"@type\":\"ListItem\",\"position\":1,\"name\":\"Ana s\u0259hif\u0259\",\"item\":\"https:\\\/\\\/www.meydan.tv\\\/az\\\/\"},{\"@type\":\"ListItem\",\"position\":2,\"name\":\"B\u00f6lg\u0259\",\"item\":\"https:\\\/\\\/www.meydan.tv\\\/az\\\/section\\\/bolge\\\/\"},{\"@type\":\"ListItem\",\"position\":3,\"name\":\"\u0130cra ba\u015f\u00e7\u0131s\u0131n\u0131n h\u0259bs etdirm\u0259k ist\u0259diyi h\u00fcquq\u015f\u00fcnas: Fikirl\u0259\u015fdim ki, ay Allah, m\u0259n hara d\u00fc\u015fm\u00fc\u015f\u0259m?\"}]},{\"@type\":\"WebSite\",\"@id\":\"https:\\\/\\\/www.meydan.tv\\\/az\\\/#website\",\"url\":\"https:\\\/\\\/www.meydan.tv\\\/az\\\/\",\"name\":\"MEYDAN.TV\",\"description\":\"Meydan TV Az\u0259rbaycan\u0131n media m\u0259kan\u0131ndak\u0131 alternativ s\u0259sidir\",\"publisher\":{\"@id\":\"https:\\\/\\\/www.meydan.tv\\\/az\\\/#organization\"},\"potentialAction\":[{\"@type\":\"SearchAction\",\"target\":{\"@type\":\"EntryPoint\",\"urlTemplate\":\"https:\\\/\\\/www.meydan.tv\\\/az\\\/?s={search_term_string}\"},\"query-input\":{\"@type\":\"PropertyValueSpecification\",\"valueRequired\":true,\"valueName\":\"search_term_string\"}}],\"inLanguage\":\"az\"},{\"@type\":\"Organization\",\"@id\":\"https:\\\/\\\/www.meydan.tv\\\/az\\\/#organization\",\"name\":\"Meydan TV\",\"url\":\"https:\\\/\\\/www.meydan.tv\\\/az\\\/\",\"logo\":{\"@type\":\"ImageObject\",\"inLanguage\":\"az\",\"@id\":\"https:\\\/\\\/www.meydan.tv\\\/az\\\/#\\\/schema\\\/logo\\\/image\\\/\",\"url\":\"https:\\\/\\\/www.meydan.tv\\\/wp-content\\\/uploads\\\/2021\\\/07\\\/meydan-logo.svg\",\"contentUrl\":\"https:\\\/\\\/www.meydan.tv\\\/wp-content\\\/uploads\\\/2021\\\/07\\\/meydan-logo.svg\",\"width\":195,\"height\":46,\"caption\":\"Meydan TV\"},\"image\":{\"@id\":\"https:\\\/\\\/www.meydan.tv\\\/az\\\/#\\\/schema\\\/logo\\\/image\\\/\"}},{\"@type\":\"Person\",\"@id\":\"https:\\\/\\\/www.meydan.tv\\\/az\\\/#\\\/schema\\\/person\\\/10d11eccf6da3662cf5fdab9806ea91a\",\"name\":\"user-manager\"}]}<\/script>\n<!-- \/ Yoast SEO plugin. -->","yoast_head_json":{"title":"\u0130cra ba\u015f\u00e7\u0131s\u0131n\u0131n h\u0259bs etdirm\u0259k ist\u0259diyi h\u00fcquq\u015f\u00fcnas: Fikirl\u0259\u015fdim ki, ay Allah, m\u0259n hara d\u00fc\u015fm\u00fc\u015f\u0259m? - MEYDAN.TV","robots":{"index":"index","follow":"follow","max-snippet":"max-snippet:-1","max-image-preview":"max-image-preview:large","max-video-preview":"max-video-preview:-1"},"canonical":"https:\/\/www.meydan.tv\/az\/article\/icra-bascisinin-hebs-etdirmek-istediyi-huquqsunas-fikirlesdim-ki-ay-allah-men-hara-dusmusem\/","og_locale":"az_AZ","og_type":"article","og_title":"\u0130cra ba\u015f\u00e7\u0131s\u0131n\u0131n h\u0259bs etdirm\u0259k ist\u0259diyi h\u00fcquq\u015f\u00fcnas: Fikirl\u0259\u015fdim ki, ay Allah, m\u0259n hara d\u00fc\u015fm\u00fc\u015f\u0259m? - MEYDAN.TV","og_description":"F\u0259rid Q\u0259ribovun s\u00f6zl\u0259rin\u0259 g\u00f6r\u0259, onu yen\u0259 r\u0259is m\u00fcavininin kabinetin\u0259 qaytar\u0131blar.","og_url":"https:\/\/www.meydan.tv\/az\/article\/icra-bascisinin-hebs-etdirmek-istediyi-huquqsunas-fikirlesdim-ki-ay-allah-men-hara-dusmusem\/","og_site_name":"MEYDAN.TV","article_published_time":"2020-08-11T13:22:37+00:00","og_image":[{"width":1000,"height":555,"url":"https:\/\/www.meydan.tv\/wp-content\/uploads\/copy_of_copy_of_untitled9.png","type":"image\/png"}],"author":"user-manager","twitter_card":"summary_large_image","schema":{"@context":"https:\/\/schema.org","@graph":[{"@type":"Article","@id":"https:\/\/www.meydan.tv\/az\/article\/icra-bascisinin-hebs-etdirmek-istediyi-huquqsunas-fikirlesdim-ki-ay-allah-men-hara-dusmusem\/#article","isPartOf":{"@id":"https:\/\/www.meydan.tv\/az\/article\/icra-bascisinin-hebs-etdirmek-istediyi-huquqsunas-fikirlesdim-ki-ay-allah-men-hara-dusmusem\/"},"author":{"name":"user-manager","@id":"https:\/\/www.meydan.tv\/az\/#\/schema\/person\/10d11eccf6da3662cf5fdab9806ea91a"},"headline":"\u0130cra ba\u015f\u00e7\u0131s\u0131n\u0131n h\u0259bs etdirm\u0259k ist\u0259diyi h\u00fcquq\u015f\u00fcnas: Fikirl\u0259\u015fdim ki, ay Allah, m\u0259n hara d\u00fc\u015fm\u00fc\u015f\u0259m?","datePublished":"2020-08-11T13:22:37+00:00","mainEntityOfPage":{"@id":"https:\/\/www.meydan.tv\/az\/article\/icra-bascisinin-hebs-etdirmek-istediyi-huquqsunas-fikirlesdim-ki-ay-allah-men-hara-dusmusem\/"},"wordCount":1193,"publisher":{"@id":"https:\/\/www.meydan.tv\/az\/#organization"},"image":{"@id":"https:\/\/www.meydan.tv\/az\/article\/icra-bascisinin-hebs-etdirmek-istediyi-huquqsunas-fikirlesdim-ki-ay-allah-men-hara-dusmusem\/#primaryimage"},"thumbnailUrl":"https:\/\/www.meydan.tv\/wp-content\/uploads\/copy_of_copy_of_untitled9.png","articleSection":["B\u00f6lg\u0259"],"inLanguage":"az"},{"@type":"WebPage","@id":"https:\/\/www.meydan.tv\/az\/article\/icra-bascisinin-hebs-etdirmek-istediyi-huquqsunas-fikirlesdim-ki-ay-allah-men-hara-dusmusem\/","url":"https:\/\/www.meydan.tv\/az\/article\/icra-bascisinin-hebs-etdirmek-istediyi-huquqsunas-fikirlesdim-ki-ay-allah-men-hara-dusmusem\/","name":"\u0130cra ba\u015f\u00e7\u0131s\u0131n\u0131n h\u0259bs etdirm\u0259k ist\u0259diyi h\u00fcquq\u015f\u00fcnas: Fikirl\u0259\u015fdim ki, ay Allah, m\u0259n hara d\u00fc\u015fm\u00fc\u015f\u0259m? - MEYDAN.TV","isPartOf":{"@id":"https:\/\/www.meydan.tv\/az\/#website"},"primaryImageOfPage":{"@id":"https:\/\/www.meydan.tv\/az\/article\/icra-bascisinin-hebs-etdirmek-istediyi-huquqsunas-fikirlesdim-ki-ay-allah-men-hara-dusmusem\/#primaryimage"},"image":{"@id":"https:\/\/www.meydan.tv\/az\/article\/icra-bascisinin-hebs-etdirmek-istediyi-huquqsunas-fikirlesdim-ki-ay-allah-men-hara-dusmusem\/#primaryimage"},"thumbnailUrl":"https:\/\/www.meydan.tv\/wp-content\/uploads\/copy_of_copy_of_untitled9.png","datePublished":"2020-08-11T13:22:37+00:00","breadcrumb":{"@id":"https:\/\/www.meydan.tv\/az\/article\/icra-bascisinin-hebs-etdirmek-istediyi-huquqsunas-fikirlesdim-ki-ay-allah-men-hara-dusmusem\/#breadcrumb"},"inLanguage":"az","potentialAction":[{"@type":"ReadAction","target":["https:\/\/www.meydan.tv\/az\/article\/icra-bascisinin-hebs-etdirmek-istediyi-huquqsunas-fikirlesdim-ki-ay-allah-men-hara-dusmusem\/"]}]},{"@type":"ImageObject","inLanguage":"az","@id":"https:\/\/www.meydan.tv\/az\/article\/icra-bascisinin-hebs-etdirmek-istediyi-huquqsunas-fikirlesdim-ki-ay-allah-men-hara-dusmusem\/#primaryimage","url":"https:\/\/www.meydan.tv\/wp-content\/uploads\/copy_of_copy_of_untitled9.png","contentUrl":"https:\/\/www.meydan.tv\/wp-content\/uploads\/copy_of_copy_of_untitled9.png","width":1000,"height":555,"caption":"Source: Specify Source"},{"@type":"BreadcrumbList","@id":"https:\/\/www.meydan.tv\/az\/article\/icra-bascisinin-hebs-etdirmek-istediyi-huquqsunas-fikirlesdim-ki-ay-allah-men-hara-dusmusem\/#breadcrumb","itemListElement":[{"@type":"ListItem","position":1,"name":"Ana s\u0259hif\u0259","item":"https:\/\/www.meydan.tv\/az\/"},{"@type":"ListItem","position":2,"name":"B\u00f6lg\u0259","item":"https:\/\/www.meydan.tv\/az\/section\/bolge\/"},{"@type":"ListItem","position":3,"name":"\u0130cra ba\u015f\u00e7\u0131s\u0131n\u0131n h\u0259bs etdirm\u0259k ist\u0259diyi h\u00fcquq\u015f\u00fcnas: Fikirl\u0259\u015fdim ki, ay Allah, m\u0259n hara d\u00fc\u015fm\u00fc\u015f\u0259m?"}]},{"@type":"WebSite","@id":"https:\/\/www.meydan.tv\/az\/#website","url":"https:\/\/www.meydan.tv\/az\/","name":"MEYDAN.TV","description":"Meydan TV Az\u0259rbaycan\u0131n media m\u0259kan\u0131ndak\u0131 alternativ s\u0259sidir","publisher":{"@id":"https:\/\/www.meydan.tv\/az\/#organization"},"potentialAction":[{"@type":"SearchAction","target":{"@type":"EntryPoint","urlTemplate":"https:\/\/www.meydan.tv\/az\/?s={search_term_string}"},"query-input":{"@type":"PropertyValueSpecification","valueRequired":true,"valueName":"search_term_string"}}],"inLanguage":"az"},{"@type":"Organization","@id":"https:\/\/www.meydan.tv\/az\/#organization","name":"Meydan TV","url":"https:\/\/www.meydan.tv\/az\/","logo":{"@type":"ImageObject","inLanguage":"az","@id":"https:\/\/www.meydan.tv\/az\/#\/schema\/logo\/image\/","url":"https:\/\/www.meydan.tv\/wp-content\/uploads\/2021\/07\/meydan-logo.svg","contentUrl":"https:\/\/www.meydan.tv\/wp-content\/uploads\/2021\/07\/meydan-logo.svg","width":195,"height":46,"caption":"Meydan TV"},"image":{"@id":"https:\/\/www.meydan.tv\/az\/#\/schema\/logo\/image\/"}},{"@type":"Person","@id":"https:\/\/www.meydan.tv\/az\/#\/schema\/person\/10d11eccf6da3662cf5fdab9806ea91a","name":"user-manager"}]}},"_links":{"self":[{"href":"https:\/\/www.meydan.tv\/az\/wp-json\/wp\/v2\/posts\/201898","targetHints":{"allow":["GET"]}}],"collection":[{"href":"https:\/\/www.meydan.tv\/az\/wp-json\/wp\/v2\/posts"}],"about":[{"href":"https:\/\/www.meydan.tv\/az\/wp-json\/wp\/v2\/types\/post"}],"author":[{"embeddable":true,"href":"https:\/\/www.meydan.tv\/az\/wp-json\/wp\/v2\/users\/11"}],"replies":[{"embeddable":true,"href":"https:\/\/www.meydan.tv\/az\/wp-json\/wp\/v2\/comments?post=201898"}],"version-history":[{"count":0,"href":"https:\/\/www.meydan.tv\/az\/wp-json\/wp\/v2\/posts\/201898\/revisions"}],"wp:featuredmedia":[{"embeddable":true,"href":"https:\/\/www.meydan.tv\/az\/wp-json\/wp\/v2\/media\/145983"}],"wp:attachment":[{"href":"https:\/\/www.meydan.tv\/az\/wp-json\/wp\/v2\/media?parent=201898"}],"wp:term":[{"taxonomy":"category","embeddable":true,"href":"https:\/\/www.meydan.tv\/az\/wp-json\/wp\/v2\/categories?post=201898"},{"taxonomy":"post_tag","embeddable":true,"href":"https:\/\/www.meydan.tv\/az\/wp-json\/wp\/v2\/tags?post=201898"}],"curies":[{"name":"wp","href":"https:\/\/api.w.org\/{rel}","templated":true}]}}