{"id":201896,"date":"2020-08-10T21:47:51","date_gmt":"2020-08-10T21:47:51","guid":{"rendered":"https:\/\/www.meydan.tv\/article\/dediler-ki-senin-heyetine-su-ceke-bilmerik-prezidentimiz-icaze-vermir\/"},"modified":"2020-08-10T21:47:51","modified_gmt":"2020-08-10T21:47:51","slug":"dediler-ki-senin-heyetine-su-ceke-bilmerik-prezidentimiz-icaze-vermir","status":"publish","type":"post","link":"https:\/\/www.meydan.tv\/az\/article\/dediler-ki-senin-heyetine-su-ceke-bilmerik-prezidentimiz-icaze-vermir\/","title":{"rendered":"\u201cDedil\u0259r ki, s\u0259nin h\u0259y\u0259tin\u0259 su \u00e7\u0259k\u0259 bilm\u0259rik, prezidentimiz icaz\u0259 vermir\u201d"},"content":{"rendered":"<p>\n  <i><br \/>\n    Tovuz sakini susuzluqdan \u0259ziyy\u0259t \u00e7\u0259kdiyini deyir<br \/>\n  <\/i>\n<\/p>\n<p>\n  Tovuz rayonunun K\u00f6hn\u0259qala k\u0259nd sakini Sevinc M\u00fcrs\u0259lova i\u00e7m\u0259li su \u00fcz\u00fcn\u0259 h\u0259sr\u0259t qald\u0131\u011f\u0131n\u0131 deyir. \u015eikay\u0259t\u00e7i Meydan TV-y\u0259 dan\u0131\u015f\u0131r ki, ill\u0259rdir Tovuzun 6 k\u0259ndind\u0259 &#8211; K\u00f6hn\u0259qala, Alakol, Aran Yan\u0131ql\u0131, Dondar Qu\u015f\u00e7u, Bayraml\u0131 v\u0259 Azafl\u0131 k\u0259ndl\u0259rind\u0259 i\u00e7m\u0259li su problemi ya\u015fan\u0131r. \u00c7aylar quruyur, artezian quyular\u0131 is\u0259 yoxdur. N\u0259tic\u0259d\u0259 \u0259hali m\u00fcxt\u0259lif yerl\u0259rd\u0259n su da\u015f\u0131maq m\u0259cburiyy\u0259tind\u0259 qal\u0131r. Sevinc M\u00fcrs\u0259lova deyir ki, qon\u015fular\u0131n\u0131n ham\u0131s\u0131n\u0131n h\u0259y\u0259tind\u0259 su x\u0259tti var, bir t\u0259k ondan ba\u015fqa. S\u00f6yl\u0259yir ki, i\u00e7m\u0259li su x\u0259tti evind\u0259n xeyli aral\u0131da yerl\u0259\u015fdiyi \u00fc\u00e7\u00fcn aidiyy\u0259tli qurumlar ona h\u0259y\u0259tin\u0259 su \u00e7\u0259km\u0259y\u0259 icaz\u0259 vermir:\n<\/p>\n<p>\n  \u201cB\u00fct\u00fcn qon\u015fular \u00f6zl\u0259rin\u0259 su \u00e7\u0259kdirib. Amma m\u0259nim h\u0259y\u0259timd\u0259 suyum yoxdur. Su m\u0259nb\u0259yi evimd\u0259n 600 metr aral\u0131dad\u0131r. H\u0259y\u0259tim\u0259 su \u00e7\u0259kdirm\u0259y\u0259 imkan\u0131m olmad\u0131\u011f\u0131 \u00fc\u00e7\u00fcn mill\u0259t v\u0259kill\u0259ri Q\u0259nir\u0259 Pa\u015fayeva il\u0259 Arzu Na\u011f\u0131yev\u0259 v\u0259 Birinci vitse-prezident Mehriban \u018fliyevaya m\u0259ktub yazd\u0131m. Bir m\u00fcdd\u0259t sonra cavab g\u0259ldi ki, m\u0259ktubunuz Tovuz Rayon \u0130cra Hakimiyy\u0259tin\u0259 y\u00f6nl\u0259ndirilib, probleminiz h\u0259ll olunacaq. \u0130cra hakimiyy\u0259tind\u0259n \u0259vv\u0259lc\u0259 h\u0259y\u0259tim\u0259 su x\u0259tti \u00e7\u0259k\u0259c\u0259kl\u0259rini v\u0259d vers\u0259l\u0259r d\u0259, sonradan imtina etdil\u0259r. Dedil\u0259r ki, s\u0259nin h\u0259y\u0259tin\u0259 su \u00e7\u0259k\u0259 bilm\u0259rik, prezidentimiz icaz\u0259 vermir. 30 metrd\u0259n art\u0131q m\u0259saf\u0259y\u0259 su x\u0259tti \u00e7\u0259km\u0259k qada\u011fand\u0131r\u201d.\n<\/p>\n<figure class=\"wp-block-image size-large\">\n  <img decoding=\"async\" src=\"https:\/\/www.meydan.tv\/az\/img_20200810_112846_081-jpg\/\" alt=\"img_20200810_112846_081.jpg\" class=\"wp-image-145908\"\/><figcaption>\n    Deputat\u0131n \u0130cra Hakimiyy\u0259ti ba\u015f\u00e7\u0131s\u0131na m\u00fcraci\u0259ti<br \/>\n  <\/figcaption><\/figure>\n<p>\n  Sevinc M\u00fcrs\u0259lova bildirir ki, \u015fikay\u0259tin\u0259 t\u0259krar bax\u0131lmas\u0131 \u00fc\u00e7\u00fcn d\u0259f\u0259l\u0259rl\u0259 icra hakimiyy\u0259tin\u0259 gedib. Lakin he\u00e7 bir faydas\u0131 olmay\u0131b:\n<\/p>\n<p>\n  \u201c\u0130cra Hakimiyy\u0259tind\u0259 m\u0259ni q\u0259bul etm\u0259dil\u0259r. Ba\u015f\u00e7\u0131n\u0131n birinci m\u00fcavini R\u0259\u015fad Zeynalov dedi ki, bizlik deyil. B\u0259s yax\u015f\u0131, m\u0259n dul qad\u0131n, x\u0259st\u0259 u\u015faqla susuz nec\u0259 ya\u015fay\u0131m? Qon\u015fular\u0131n ham\u0131s\u0131nda su kran\u0131 var. Ham\u0131 asanl\u0131qla x\u0259tt \u00e7\u0259kdirib, m\u0259nd\u0259n ba\u015fqa. D\u0259rdimi kim\u0259 deyim? Su m\u0259nb\u0259yin\u0259 600 metr m\u0259saf\u0259 var, burada da yaln\u0131z m\u0259n ya\u015fay\u0131ram. Deyirl\u0259r ki, bir ev oldu\u011fu \u00fc\u00e7\u00fcn ora su \u00e7\u0259km\u0259k olmaz. Prezidentd\u0259n k\u00f6m\u0259k ist\u0259yir\u0259m. Suyu \u0259liml\u0259 da\u015f\u0131y\u0131ram, z\u00fclm \u00e7\u0259kir\u0259m. Havalar da istidir, yayda suya daha \u00e7ox t\u0259l\u0259bat yaran\u0131r. \u00d6z\u00fcm d\u0259 x\u0259st\u0259y\u0259m, o\u011flum da. U\u015faq ikinci d\u0259r\u0259c\u0259li skaliozdur. \u0130kinci o\u011fluma g\u00f6r\u0259 d\u0259 \u201cyetimpulu\u201d al\u0131ram. Onunla dolan\u0131r\u0131q. \u0130mkans\u0131z oldu\u011fum \u00fc\u00e7\u00fcn \u015fikay\u0259timiz\u0259 bax\u0131lm\u0131r\u201d.\n<\/p>\n<p>\n  Sevinc M\u00fcrs\u0259lovan\u0131n h\u0259yat yolda\u015f\u0131n\u0131 bir ne\u00e7\u0259 il \u00f6nc\u0259 avtomobil vuraraq \u00f6ld\u00fcr\u00fcb. Deyir ki, onun v\u0259fat\u0131ndan sonra maddi durumlar\u0131 a\u011f\u0131rla\u015fma\u011fa ba\u015flay\u0131b:\n<\/p>\n<p>\n  \u201c\u00dc\u00e7 \u00f6vlad\u0131m, iki o\u011flum, bir q\u0131z\u0131m var. X\u0259st\u0259 olan o\u011flum 17 ya\u015f\u0131ndad\u0131r. Bel s\u00fcm\u00fcy\u00fcnd\u0259 v\u0259 ombas\u0131nda da \u0259yrilik var. Bak\u0131 U\u015faq B\u0259rpa M\u0259rk\u0259zind\u0259 qeydiyyatdad\u0131r. \u0130mkans\u0131zl\u0131qdan, h\u0259m d\u0259 pandemiya d\u00f6vr\u00fc oldu\u011funa g\u00f6r\u0259 m\u00fcalic\u0259y\u0259 apara bilmir\u0259m. Vaxt\u0131nda m\u00fcalic\u0259 getm\u0259diyi \u00fc\u00e7\u00fcn u\u015fa\u011f\u0131n \u0259s\u0259bl\u0259ri daha da oyan\u0131b. \u0130ndi d\u0259 s\u0259hh\u0259tind\u0259 a\u011f\u0131rla\u015fma ba\u015f verir. G\u0259z\u0259nd\u0259, g\u00f6r\u00fcrs\u0259n ki, belind\u0259 \u0259yilm\u0259 daha da art\u0131b. Sa\u011flam do\u011fulmu\u015fdu. \u0130kinci sinifd\u0259 oxuyurdu, g\u00f6rd\u00fck ki, belind\u0259 \u0259yrilik yaran\u0131b. H\u0259yat yolda\u015f\u0131m sa\u011f idi. Bak\u0131ya tez-tez h\u0259kiml\u0259r\u0259 apar\u0131rd\u0131q. O, \u00f6l\u0259nd\u0259n sonra imkan\u0131m olmad\u0131 ki, u\u015fa\u011f\u0131 vaxtl\u0131-vaxt\u0131nda h\u0259kim\u0259 apar\u0131m\u201d.\n<\/p>\n<figure class=\"wp-block-image size-large\">\n  <img decoding=\"async\" src=\"https:\/\/www.meydan.tv\/az\/img_20200810_112900_610-jpg\/\" alt=\"img_20200810_112900_610.jpg\" class=\"wp-image-145902\"\/><figcaption>\n    Sevinc M\u00fcrs\u0259lova deyir ki, qon\u015fular\u0131n\u0131n ham\u0131s\u0131n\u0131n h\u0259y\u0259tind\u0259 su x\u0259tti var, bir t\u0259k ondan ba\u015fqa.<br \/>\n  <\/figcaption><\/figure>\n<p>\n  \u015eikay\u0259t\u00e7inin s\u00f6zl\u0259rin\u0259 g\u00f6r\u0259, o\u011flunun s\u0259hh\u0259tind\u0259 daha ciddi problem yaran\u0131b. \u018fg\u0259r t\u0259cili \u0259m\u0259liyyat olunmasa, v\u0259ziyy\u0259ti a\u011f\u0131rla\u015fa bil\u0259r:\n<\/p>\n<p>\n  \u201cBir m\u00fcdd\u0259t \u00f6nc\u0259 o\u011flumu h\u0259rbi xidm\u0259t\u0259 \u00e7a\u011f\u0131rd\u0131lar. Dedim ki, bu u\u015faq x\u0259st\u0259dir, \u0259sg\u0259r ged\u0259 bilm\u0259z. H\u0259rbi h\u0259kim ekspertizas\u0131n\u0131n yoxlan\u0131\u015f\u0131ndan sonra h\u0259kim m\u0259n\u0259 dedi ki, bu u\u015fa\u011f\u0131 t\u0259cili \u0259m\u0259liyyat etm\u0259k laz\u0131md\u0131r. Bildirdi ki, damar\u0131nda geni\u015fl\u0259nm\u0259 ba\u015f verib, xayas\u0131nda \u015fi\u015f var. Gecikdirm\u0259k olmaz, m\u00fctl\u0259q \u0259m\u0259liyyat olunmal\u0131d\u0131r. Bu s\u00f6hb\u0259t t\u0259xmin\u0259n iki ay \u0259vv\u0259l olub. M\u0259nim h\u0259l\u0259 d\u0259 maddi imkan\u0131m \u00e7atm\u0131r ki, u\u015fa\u011f\u0131m\u0131 \u0259m\u0259liyyat etdirim. O\u011flum indi a\u011f\u0131r n\u0259s\u0259 g\u00f6t\u00fcr\u0259n kimi a\u011fr\u0131 verir. Birt\u0259h\u0259r pul toplay\u0131b, g\u0259l\u0259n ay u\u015fa\u011f\u0131 yenid\u0259n h\u0259kim\u0259 aparmal\u0131yam. Dul qad\u0131nam, imkan\u0131m yoxdur. Pis v\u0259ziyy\u0259td\u0259 qalm\u0131\u015fam. Bir yandan su problemi lap k\u0259l\u0259yimizi k\u0259sib\u201d.\n<\/p>\n<p>\n  Tovuzun Alakol \u0259razi \u00fczr\u0259 icra n\u00fcmay\u0259nd\u0259si Akif \u018fsg\u0259rov Meydan TV-y\u0259 bildirib ki, haz\u0131rda Z\u0259y\u0259m \u00e7ay\u0131 qurudu\u011fu \u00fc\u00e7\u00fcn \u0259traf k\u0259ndl\u0259rd\u0259 quraql\u0131qd\u0131r:\n<\/p>\n<p>\n  \u201cK\u0259ndd\u0259 iki artezian quyusu qaz\u0131l\u0131b, lakin k\u0259nd\u0259 azl\u0131q edir. Sevinc M\u00fcrs\u0259lovaya g\u0259linc\u0259, o, bir ay \u00f6nc\u0259 biz\u0259 m\u00fcraci\u0259t etdi. Biz d\u0259 h\u0259y\u0259tyan\u0131 torpaq sah\u0259si v\u0259 evinin olmas\u0131 il\u0259 ba\u011fl\u0131 aray\u0131\u015f t\u0259qdim edib, onu ASAN Xidm\u0259t\u0259 y\u00f6nl\u0259ndirdik. G\u00fcman ki, yax\u0131n zamanlarda layih\u0259 \u00e7\u0259kil\u0259r\u201d.\n<\/p>\n<figure class=\"wp-block-image size-large\">\n  <img decoding=\"async\" src=\"https:\/\/www.meydan.tv\/az\/img_20200810_112832_905-jpg\/\" alt=\"img_20200810_112832_905.jpg\" class=\"wp-image-145911\"\/><figcaption>\n    Deputat\u0131n &#8220;Az\u0259rsu&#8221; ASC s\u0259drin\u0259 m\u00fcraci\u0259ti<br \/>\n  <\/figcaption><\/figure>\n<p>\n  Meydan TV su problemin\u0259 cavabdeh olan \u201cAz\u0259rsu\u201d A\u00e7\u0131q S\u0259hmdar C\u0259miyy\u0259tinin m\u00f6vqeyini \u00f6yr\u0259nm\u0259k ist\u0259s\u0259 d\u0259, m\u0259tbuat xidm\u0259tind\u0259n z\u0259ngl\u0259r\u0259 cavab verilm\u0259yib.\n<\/p>\n<p>\n  Prezident \u0130lham \u018fliyev 2018-ci ild\u0259 \u201c\u018fhalinin i\u00e7m\u0259li su il\u0259 t\u0259minat\u0131n\u0131n yax\u015f\u0131la\u015fd\u0131r\u0131lmas\u0131na dair \u0259lav\u0259 t\u0259dbirl\u0259r haqq\u0131nda\u201d s\u0259r\u0259ncam imzalay\u0131b. S\u0259r\u0259ncama \u0259sas\u0259n, d\u00f6vl\u0259t b\u00fcdc\u0259sind\u0259n \u201cAz\u0259rsu\u201d ASC-y\u0259 respublikan\u0131n 13 rayonunun \u00fcmumilikd\u0259 45 min n\u0259f\u0259r \u0259halisi olan 30 ya\u015fay\u0131\u015f m\u0259nt\u0259q\u0259sind\u0259 i\u00e7m\u0259li su il\u0259 t\u0259minat\u0131n\u0131n yax\u015f\u0131la\u015fd\u0131r\u0131lmas\u0131 m\u0259qs\u0259dil\u0259 12,5 milyon (on iki milyon be\u015f y\u00fcz min) manat ayr\u0131l\u0131b.\n<\/p>\n<p>\n  \u201cAz\u0259rsu\u201d-nun r\u0259smi sayt\u0131nda qeyd olunub ki, d\u00f6vl\u0259t investisiya proqram\u0131 \u00e7\u0259r\u00e7iv\u0259sind\u0259 2018-ci ild\u0259 19 rayonun 41 ya\u015fay\u0131\u015f m\u0259nt\u0259q\u0259sind\u0259 su layih\u0259l\u0259ri icra edilib. Bu layih\u0259l\u0259r 58 mind\u0259n \u00e7ox sakinin i\u00e7m\u0259li su t\u0259chizat\u0131n\u0131n yax\u015f\u0131la\u015fd\u0131r\u0131lmas\u0131na hesablan\u0131b. Saytda o da bildirilir ki, Tovuzun 5 k\u0259ndind\u0259 i\u00e7m\u0259li su problemi h\u0259ll olunub.\n<\/p>\n<p>\n  Bu ilin iyununda Tovuz rayonunun bir ne\u00e7\u0259 k\u0259ndind\u0259 su problemi il\u0259 ba\u011fl\u0131 aksiya<br \/>\n  <a href=\"https:\/\/d9mc3ts4czbpr.cloudfront.net\/az\/article\/tovuzda-su-aksiyasi-qarsidurmaya-sebeb-olub\/?utm_medium=social-media&amp;utm_campaign=news&amp;utm_source=article\"><br \/>\n    ke\u00e7irilmi\u015fdi<br \/>\n  <\/a><br \/>\n  . Sakinl\u0259r artezianlar\u0131n sat\u0131ld\u0131\u011f\u0131n\u0131, i\u00e7m\u0259li suyun olmad\u0131\u011f\u0131n\u0131 bildirmi\u015fdil\u0259r. Bu zaman polisl\u0259r sakinl\u0259r aras\u0131nda qar\u015f\u0131durma olmu\u015fdu.\n<\/p>\n<figure class=\"wp-block-image size-large\">\n  <img decoding=\"async\" src=\"https:\/\/www.meydan.tv\/az\/img_20200810_112907_027-jpg\/\" alt=\"img_20200810_112907_027.jpg\" class=\"wp-image-145899\"\/><figcaption>\n    &#8220;Su m\u0259nb\u0259yin\u0259 600 metr m\u0259saf\u0259 var, burada da yaln\u0131z m\u0259n ya\u015fay\u0131ram&#8221;<br \/>\n  <\/figcaption><\/figure>\n","protected":false},"excerpt":{"rendered":"<p>&#8220;Bir yandan su problemi lap k\u0259l\u0259yimizi k\u0259sib&#8221;<\/p>\n","protected":false},"author":11,"featured_media":145896,"comment_status":"closed","ping_status":"open","sticky":false,"template":"","format":"standard","meta":{"_acf_changed":false,"_sitemap_exclude":false,"_sitemap_priority":"","_sitemap_frequency":"","footnotes":""},"categories":[60],"tags":[],"class_list":["post-201896","post","type-post","status-publish","format-standard","has-post-thumbnail","hentry","category-bolge","infinite-scroll-item","generate-columns","tablet-grid-50","mobile-grid-100","grid-parent","grid-33","no-featured-image-padding"],"acf":[],"yoast_head":"<!-- This site is optimized with the Yoast SEO plugin v27.5 - https:\/\/yoast.com\/product\/yoast-seo-wordpress\/ -->\n<title>\u201cDedil\u0259r ki, s\u0259nin h\u0259y\u0259tin\u0259 su \u00e7\u0259k\u0259 bilm\u0259rik, prezidentimiz icaz\u0259 vermir\u201d - MEYDAN.TV<\/title>\n<meta name=\"robots\" content=\"index, follow, max-snippet:-1, max-image-preview:large, max-video-preview:-1\" \/>\n<link rel=\"canonical\" href=\"https:\/\/www.meydan.tv\/az\/article\/dediler-ki-senin-heyetine-su-ceke-bilmerik-prezidentimiz-icaze-vermir\/\" \/>\n<meta property=\"og:locale\" content=\"az_AZ\" \/>\n<meta property=\"og:type\" content=\"article\" \/>\n<meta property=\"og:title\" content=\"\u201cDedil\u0259r ki, s\u0259nin h\u0259y\u0259tin\u0259 su \u00e7\u0259k\u0259 bilm\u0259rik, prezidentimiz icaz\u0259 vermir\u201d - MEYDAN.TV\" \/>\n<meta property=\"og:description\" content=\"&quot;Bir yandan su problemi lap k\u0259l\u0259yimizi k\u0259sib&quot;\" \/>\n<meta property=\"og:url\" content=\"https:\/\/www.meydan.tv\/az\/article\/dediler-ki-senin-heyetine-su-ceke-bilmerik-prezidentimiz-icaze-vermir\/\" \/>\n<meta property=\"og:site_name\" content=\"MEYDAN.TV\" \/>\n<meta property=\"article:published_time\" content=\"2020-08-10T21:47:51+00:00\" \/>\n<meta property=\"og:image\" content=\"https:\/\/www.meydan.tv\/wp-content\/uploads\/img_20200810_112854_475.jpg\" \/>\n\t<meta property=\"og:image:width\" content=\"1280\" \/>\n\t<meta property=\"og:image:height\" content=\"960\" \/>\n\t<meta property=\"og:image:type\" content=\"image\/jpeg\" \/>\n<meta name=\"author\" content=\"user-manager\" \/>\n<meta name=\"twitter:card\" content=\"summary_large_image\" \/>\n<script type=\"application\/ld+json\" class=\"yoast-schema-graph\">{\"@context\":\"https:\\\/\\\/schema.org\",\"@graph\":[{\"@type\":\"Article\",\"@id\":\"https:\\\/\\\/www.meydan.tv\\\/az\\\/article\\\/dediler-ki-senin-heyetine-su-ceke-bilmerik-prezidentimiz-icaze-vermir\\\/#article\",\"isPartOf\":{\"@id\":\"https:\\\/\\\/www.meydan.tv\\\/az\\\/article\\\/dediler-ki-senin-heyetine-su-ceke-bilmerik-prezidentimiz-icaze-vermir\\\/\"},\"author\":{\"name\":\"user-manager\",\"@id\":\"https:\\\/\\\/www.meydan.tv\\\/az\\\/#\\\/schema\\\/person\\\/10d11eccf6da3662cf5fdab9806ea91a\"},\"headline\":\"\u201cDedil\u0259r ki, s\u0259nin h\u0259y\u0259tin\u0259 su \u00e7\u0259k\u0259 bilm\u0259rik, prezidentimiz icaz\u0259 vermir\u201d\",\"datePublished\":\"2020-08-10T21:47:51+00:00\",\"mainEntityOfPage\":{\"@id\":\"https:\\\/\\\/www.meydan.tv\\\/az\\\/article\\\/dediler-ki-senin-heyetine-su-ceke-bilmerik-prezidentimiz-icaze-vermir\\\/\"},\"wordCount\":1278,\"publisher\":{\"@id\":\"https:\\\/\\\/www.meydan.tv\\\/az\\\/#organization\"},\"image\":{\"@id\":\"https:\\\/\\\/www.meydan.tv\\\/az\\\/article\\\/dediler-ki-senin-heyetine-su-ceke-bilmerik-prezidentimiz-icaze-vermir\\\/#primaryimage\"},\"thumbnailUrl\":\"https:\\\/\\\/www.meydan.tv\\\/wp-content\\\/uploads\\\/img_20200810_112854_475.jpg\",\"articleSection\":[\"B\u00f6lg\u0259\"],\"inLanguage\":\"az\"},{\"@type\":\"WebPage\",\"@id\":\"https:\\\/\\\/www.meydan.tv\\\/az\\\/article\\\/dediler-ki-senin-heyetine-su-ceke-bilmerik-prezidentimiz-icaze-vermir\\\/\",\"url\":\"https:\\\/\\\/www.meydan.tv\\\/az\\\/article\\\/dediler-ki-senin-heyetine-su-ceke-bilmerik-prezidentimiz-icaze-vermir\\\/\",\"name\":\"\u201cDedil\u0259r ki, s\u0259nin h\u0259y\u0259tin\u0259 su \u00e7\u0259k\u0259 bilm\u0259rik, prezidentimiz icaz\u0259 vermir\u201d - MEYDAN.TV\",\"isPartOf\":{\"@id\":\"https:\\\/\\\/www.meydan.tv\\\/az\\\/#website\"},\"primaryImageOfPage\":{\"@id\":\"https:\\\/\\\/www.meydan.tv\\\/az\\\/article\\\/dediler-ki-senin-heyetine-su-ceke-bilmerik-prezidentimiz-icaze-vermir\\\/#primaryimage\"},\"image\":{\"@id\":\"https:\\\/\\\/www.meydan.tv\\\/az\\\/article\\\/dediler-ki-senin-heyetine-su-ceke-bilmerik-prezidentimiz-icaze-vermir\\\/#primaryimage\"},\"thumbnailUrl\":\"https:\\\/\\\/www.meydan.tv\\\/wp-content\\\/uploads\\\/img_20200810_112854_475.jpg\",\"datePublished\":\"2020-08-10T21:47:51+00:00\",\"breadcrumb\":{\"@id\":\"https:\\\/\\\/www.meydan.tv\\\/az\\\/article\\\/dediler-ki-senin-heyetine-su-ceke-bilmerik-prezidentimiz-icaze-vermir\\\/#breadcrumb\"},\"inLanguage\":\"az\",\"potentialAction\":[{\"@type\":\"ReadAction\",\"target\":[\"https:\\\/\\\/www.meydan.tv\\\/az\\\/article\\\/dediler-ki-senin-heyetine-su-ceke-bilmerik-prezidentimiz-icaze-vermir\\\/\"]}]},{\"@type\":\"ImageObject\",\"inLanguage\":\"az\",\"@id\":\"https:\\\/\\\/www.meydan.tv\\\/az\\\/article\\\/dediler-ki-senin-heyetine-su-ceke-bilmerik-prezidentimiz-icaze-vermir\\\/#primaryimage\",\"url\":\"https:\\\/\\\/www.meydan.tv\\\/wp-content\\\/uploads\\\/img_20200810_112854_475.jpg\",\"contentUrl\":\"https:\\\/\\\/www.meydan.tv\\\/wp-content\\\/uploads\\\/img_20200810_112854_475.jpg\",\"width\":1280,\"height\":960,\"caption\":\"Source: Specify Source\"},{\"@type\":\"BreadcrumbList\",\"@id\":\"https:\\\/\\\/www.meydan.tv\\\/az\\\/article\\\/dediler-ki-senin-heyetine-su-ceke-bilmerik-prezidentimiz-icaze-vermir\\\/#breadcrumb\",\"itemListElement\":[{\"@type\":\"ListItem\",\"position\":1,\"name\":\"Ana s\u0259hif\u0259\",\"item\":\"https:\\\/\\\/www.meydan.tv\\\/az\\\/\"},{\"@type\":\"ListItem\",\"position\":2,\"name\":\"B\u00f6lg\u0259\",\"item\":\"https:\\\/\\\/www.meydan.tv\\\/az\\\/section\\\/bolge\\\/\"},{\"@type\":\"ListItem\",\"position\":3,\"name\":\"\u201cDedil\u0259r ki, s\u0259nin h\u0259y\u0259tin\u0259 su \u00e7\u0259k\u0259 bilm\u0259rik, prezidentimiz icaz\u0259 vermir\u201d\"}]},{\"@type\":\"WebSite\",\"@id\":\"https:\\\/\\\/www.meydan.tv\\\/az\\\/#website\",\"url\":\"https:\\\/\\\/www.meydan.tv\\\/az\\\/\",\"name\":\"MEYDAN.TV\",\"description\":\"Meydan TV Az\u0259rbaycan\u0131n media m\u0259kan\u0131ndak\u0131 alternativ s\u0259sidir\",\"publisher\":{\"@id\":\"https:\\\/\\\/www.meydan.tv\\\/az\\\/#organization\"},\"potentialAction\":[{\"@type\":\"SearchAction\",\"target\":{\"@type\":\"EntryPoint\",\"urlTemplate\":\"https:\\\/\\\/www.meydan.tv\\\/az\\\/?s={search_term_string}\"},\"query-input\":{\"@type\":\"PropertyValueSpecification\",\"valueRequired\":true,\"valueName\":\"search_term_string\"}}],\"inLanguage\":\"az\"},{\"@type\":\"Organization\",\"@id\":\"https:\\\/\\\/www.meydan.tv\\\/az\\\/#organization\",\"name\":\"Meydan TV\",\"url\":\"https:\\\/\\\/www.meydan.tv\\\/az\\\/\",\"logo\":{\"@type\":\"ImageObject\",\"inLanguage\":\"az\",\"@id\":\"https:\\\/\\\/www.meydan.tv\\\/az\\\/#\\\/schema\\\/logo\\\/image\\\/\",\"url\":\"https:\\\/\\\/www.meydan.tv\\\/wp-content\\\/uploads\\\/2021\\\/07\\\/meydan-logo.svg\",\"contentUrl\":\"https:\\\/\\\/www.meydan.tv\\\/wp-content\\\/uploads\\\/2021\\\/07\\\/meydan-logo.svg\",\"width\":195,\"height\":46,\"caption\":\"Meydan TV\"},\"image\":{\"@id\":\"https:\\\/\\\/www.meydan.tv\\\/az\\\/#\\\/schema\\\/logo\\\/image\\\/\"}},{\"@type\":\"Person\",\"@id\":\"https:\\\/\\\/www.meydan.tv\\\/az\\\/#\\\/schema\\\/person\\\/10d11eccf6da3662cf5fdab9806ea91a\",\"name\":\"user-manager\"}]}<\/script>\n<!-- \/ Yoast SEO plugin. -->","yoast_head_json":{"title":"\u201cDedil\u0259r ki, s\u0259nin h\u0259y\u0259tin\u0259 su \u00e7\u0259k\u0259 bilm\u0259rik, prezidentimiz icaz\u0259 vermir\u201d - MEYDAN.TV","robots":{"index":"index","follow":"follow","max-snippet":"max-snippet:-1","max-image-preview":"max-image-preview:large","max-video-preview":"max-video-preview:-1"},"canonical":"https:\/\/www.meydan.tv\/az\/article\/dediler-ki-senin-heyetine-su-ceke-bilmerik-prezidentimiz-icaze-vermir\/","og_locale":"az_AZ","og_type":"article","og_title":"\u201cDedil\u0259r ki, s\u0259nin h\u0259y\u0259tin\u0259 su \u00e7\u0259k\u0259 bilm\u0259rik, prezidentimiz icaz\u0259 vermir\u201d - MEYDAN.TV","og_description":"\"Bir yandan su problemi lap k\u0259l\u0259yimizi k\u0259sib\"","og_url":"https:\/\/www.meydan.tv\/az\/article\/dediler-ki-senin-heyetine-su-ceke-bilmerik-prezidentimiz-icaze-vermir\/","og_site_name":"MEYDAN.TV","article_published_time":"2020-08-10T21:47:51+00:00","og_image":[{"width":1280,"height":960,"url":"https:\/\/www.meydan.tv\/wp-content\/uploads\/img_20200810_112854_475.jpg","type":"image\/jpeg"}],"author":"user-manager","twitter_card":"summary_large_image","schema":{"@context":"https:\/\/schema.org","@graph":[{"@type":"Article","@id":"https:\/\/www.meydan.tv\/az\/article\/dediler-ki-senin-heyetine-su-ceke-bilmerik-prezidentimiz-icaze-vermir\/#article","isPartOf":{"@id":"https:\/\/www.meydan.tv\/az\/article\/dediler-ki-senin-heyetine-su-ceke-bilmerik-prezidentimiz-icaze-vermir\/"},"author":{"name":"user-manager","@id":"https:\/\/www.meydan.tv\/az\/#\/schema\/person\/10d11eccf6da3662cf5fdab9806ea91a"},"headline":"\u201cDedil\u0259r ki, s\u0259nin h\u0259y\u0259tin\u0259 su \u00e7\u0259k\u0259 bilm\u0259rik, prezidentimiz icaz\u0259 vermir\u201d","datePublished":"2020-08-10T21:47:51+00:00","mainEntityOfPage":{"@id":"https:\/\/www.meydan.tv\/az\/article\/dediler-ki-senin-heyetine-su-ceke-bilmerik-prezidentimiz-icaze-vermir\/"},"wordCount":1278,"publisher":{"@id":"https:\/\/www.meydan.tv\/az\/#organization"},"image":{"@id":"https:\/\/www.meydan.tv\/az\/article\/dediler-ki-senin-heyetine-su-ceke-bilmerik-prezidentimiz-icaze-vermir\/#primaryimage"},"thumbnailUrl":"https:\/\/www.meydan.tv\/wp-content\/uploads\/img_20200810_112854_475.jpg","articleSection":["B\u00f6lg\u0259"],"inLanguage":"az"},{"@type":"WebPage","@id":"https:\/\/www.meydan.tv\/az\/article\/dediler-ki-senin-heyetine-su-ceke-bilmerik-prezidentimiz-icaze-vermir\/","url":"https:\/\/www.meydan.tv\/az\/article\/dediler-ki-senin-heyetine-su-ceke-bilmerik-prezidentimiz-icaze-vermir\/","name":"\u201cDedil\u0259r ki, s\u0259nin h\u0259y\u0259tin\u0259 su \u00e7\u0259k\u0259 bilm\u0259rik, prezidentimiz icaz\u0259 vermir\u201d - MEYDAN.TV","isPartOf":{"@id":"https:\/\/www.meydan.tv\/az\/#website"},"primaryImageOfPage":{"@id":"https:\/\/www.meydan.tv\/az\/article\/dediler-ki-senin-heyetine-su-ceke-bilmerik-prezidentimiz-icaze-vermir\/#primaryimage"},"image":{"@id":"https:\/\/www.meydan.tv\/az\/article\/dediler-ki-senin-heyetine-su-ceke-bilmerik-prezidentimiz-icaze-vermir\/#primaryimage"},"thumbnailUrl":"https:\/\/www.meydan.tv\/wp-content\/uploads\/img_20200810_112854_475.jpg","datePublished":"2020-08-10T21:47:51+00:00","breadcrumb":{"@id":"https:\/\/www.meydan.tv\/az\/article\/dediler-ki-senin-heyetine-su-ceke-bilmerik-prezidentimiz-icaze-vermir\/#breadcrumb"},"inLanguage":"az","potentialAction":[{"@type":"ReadAction","target":["https:\/\/www.meydan.tv\/az\/article\/dediler-ki-senin-heyetine-su-ceke-bilmerik-prezidentimiz-icaze-vermir\/"]}]},{"@type":"ImageObject","inLanguage":"az","@id":"https:\/\/www.meydan.tv\/az\/article\/dediler-ki-senin-heyetine-su-ceke-bilmerik-prezidentimiz-icaze-vermir\/#primaryimage","url":"https:\/\/www.meydan.tv\/wp-content\/uploads\/img_20200810_112854_475.jpg","contentUrl":"https:\/\/www.meydan.tv\/wp-content\/uploads\/img_20200810_112854_475.jpg","width":1280,"height":960,"caption":"Source: Specify Source"},{"@type":"BreadcrumbList","@id":"https:\/\/www.meydan.tv\/az\/article\/dediler-ki-senin-heyetine-su-ceke-bilmerik-prezidentimiz-icaze-vermir\/#breadcrumb","itemListElement":[{"@type":"ListItem","position":1,"name":"Ana s\u0259hif\u0259","item":"https:\/\/www.meydan.tv\/az\/"},{"@type":"ListItem","position":2,"name":"B\u00f6lg\u0259","item":"https:\/\/www.meydan.tv\/az\/section\/bolge\/"},{"@type":"ListItem","position":3,"name":"\u201cDedil\u0259r ki, s\u0259nin h\u0259y\u0259tin\u0259 su \u00e7\u0259k\u0259 bilm\u0259rik, prezidentimiz icaz\u0259 vermir\u201d"}]},{"@type":"WebSite","@id":"https:\/\/www.meydan.tv\/az\/#website","url":"https:\/\/www.meydan.tv\/az\/","name":"MEYDAN.TV","description":"Meydan TV Az\u0259rbaycan\u0131n media m\u0259kan\u0131ndak\u0131 alternativ s\u0259sidir","publisher":{"@id":"https:\/\/www.meydan.tv\/az\/#organization"},"potentialAction":[{"@type":"SearchAction","target":{"@type":"EntryPoint","urlTemplate":"https:\/\/www.meydan.tv\/az\/?s={search_term_string}"},"query-input":{"@type":"PropertyValueSpecification","valueRequired":true,"valueName":"search_term_string"}}],"inLanguage":"az"},{"@type":"Organization","@id":"https:\/\/www.meydan.tv\/az\/#organization","name":"Meydan TV","url":"https:\/\/www.meydan.tv\/az\/","logo":{"@type":"ImageObject","inLanguage":"az","@id":"https:\/\/www.meydan.tv\/az\/#\/schema\/logo\/image\/","url":"https:\/\/www.meydan.tv\/wp-content\/uploads\/2021\/07\/meydan-logo.svg","contentUrl":"https:\/\/www.meydan.tv\/wp-content\/uploads\/2021\/07\/meydan-logo.svg","width":195,"height":46,"caption":"Meydan TV"},"image":{"@id":"https:\/\/www.meydan.tv\/az\/#\/schema\/logo\/image\/"}},{"@type":"Person","@id":"https:\/\/www.meydan.tv\/az\/#\/schema\/person\/10d11eccf6da3662cf5fdab9806ea91a","name":"user-manager"}]}},"_links":{"self":[{"href":"https:\/\/www.meydan.tv\/az\/wp-json\/wp\/v2\/posts\/201896","targetHints":{"allow":["GET"]}}],"collection":[{"href":"https:\/\/www.meydan.tv\/az\/wp-json\/wp\/v2\/posts"}],"about":[{"href":"https:\/\/www.meydan.tv\/az\/wp-json\/wp\/v2\/types\/post"}],"author":[{"embeddable":true,"href":"https:\/\/www.meydan.tv\/az\/wp-json\/wp\/v2\/users\/11"}],"replies":[{"embeddable":true,"href":"https:\/\/www.meydan.tv\/az\/wp-json\/wp\/v2\/comments?post=201896"}],"version-history":[{"count":0,"href":"https:\/\/www.meydan.tv\/az\/wp-json\/wp\/v2\/posts\/201896\/revisions"}],"wp:featuredmedia":[{"embeddable":true,"href":"https:\/\/www.meydan.tv\/az\/wp-json\/wp\/v2\/media\/145896"}],"wp:attachment":[{"href":"https:\/\/www.meydan.tv\/az\/wp-json\/wp\/v2\/media?parent=201896"}],"wp:term":[{"taxonomy":"category","embeddable":true,"href":"https:\/\/www.meydan.tv\/az\/wp-json\/wp\/v2\/categories?post=201896"},{"taxonomy":"post_tag","embeddable":true,"href":"https:\/\/www.meydan.tv\/az\/wp-json\/wp\/v2\/tags?post=201896"}],"curies":[{"name":"wp","href":"https:\/\/api.w.org\/{rel}","templated":true}]}}