{"id":201867,"date":"2020-08-08T12:55:21","date_gmt":"2020-08-08T12:55:21","guid":{"rendered":"https:\/\/www.meydan.tv\/article\/gence-sakini-hebsxana-nezaretcisi-mehkum-oglumu-serleyib\/"},"modified":"2020-08-08T12:55:21","modified_gmt":"2020-08-08T12:55:21","slug":"gence-sakini-hebsxana-nezaretcisi-mehkum-oglumu-serleyib","status":"publish","type":"post","link":"https:\/\/www.meydan.tv\/az\/article\/gence-sakini-hebsxana-nezaretcisi-mehkum-oglumu-serleyib\/","title":{"rendered":"G\u0259nc\u0259 sakini: H\u0259bsxana n\u0259zar\u0259t\u00e7isi m\u0259hkum o\u011flumu \u015f\u0259rl\u0259yib"},"content":{"rendered":"<p>\n  <i><br \/>\n    Ana h\u0259bsxanada ehsan verm\u0259k ist\u0259y\u0259n o\u011flunun \u015f\u0259rl\u0259ndiyini deyir<br \/>\n  <\/i>\n<\/p>\n<p>\n  \u201cO\u011flum d\u00fcnyas\u0131n\u0131 d\u0259yi\u015fmi\u015f \u0259misin\u0259 g\u00f6r\u0259 \u00f6z\u00fcn\u00fcn c\u0259za \u00e7\u0259kdiyi c\u0259za\u00e7\u0259km\u0259 m\u00fc\u0259ssis\u0259sind\u0259 halva ehsan etm\u0259k ist\u0259yib. Bunun qar\u015f\u0131s\u0131n\u0131 almaq ist\u0259y\u0259n n\u0259zar\u0259t\u00e7i il\u0259 m\u00fcbahis\u0259si d\u00fc\u015f\u00fcb. \u015e\u0259rl\u0259yibl\u0259r, m\u0259hk\u0259m\u0259 c\u0259zas\u0131n\u0131n 1 il 6 ay\u0131n\u0131n qapal\u0131 c\u0259za\u00e7\u0259km\u0259 m\u00fc\u0259ssis\u0259sind\u0259 \u00e7\u0259km\u0259sin\u0259 dair h\u00f6km \u00e7\u0131xar\u0131b. Bu, m\u0259hkum o\u011fluma qar\u015f\u0131 \u0259dal\u0259tsizlikdir\u201d.\n<\/p>\n<p>\n  Bunu Meydan TV-y\u0259 G\u0259nc\u0259nin K\u0259p\u0259z rayonunda ya\u015fayan 1-ci qrup \u0259lil Sevinc Rzayeva deyir.\n<\/p>\n<p>\n  <b><br \/>\n    \u201cM\u0259hkum n\u0259zar\u0259t\u00e7ini s\u0259b\u0259b olmadan niy\u0259 s\u00f6ys\u00fcn?\u201d<br \/>\n  <\/b>\n<\/p>\n<p>\n  Sevinc Rzayevan\u0131n 30 ya\u015fl\u0131 o\u011flu R\u0259sul Osanl\u0131 Cinay\u0259t M\u0259c\u0259ll\u0259sinin 29, 120.1 (q\u0259sd\u0259n adam \u00f6ld\u00fcrm\u0259y\u0259 c\u0259hd) madd\u0259si il\u0259 7 il 10 ay 15 g\u00fcn m\u00fcdd\u0259tin\u0259 m\u0259hkum edilib, c\u0259zas\u0131n\u0131 1 sayl\u0131 C\u0259za\u00e7\u0259km\u0259 M\u00fc\u0259ssis\u0259sind\u0259 \u00e7\u0259kir. Anan\u0131n s\u00f6zl\u0259rin\u0259 g\u00f6r\u0259, R\u0259sul Osanl\u0131 c\u0259zas\u0131n\u0131n 3 ilini gerid\u0259 qoyub. Hadis\u0259 bu ilin iyununda ba\u015f verib:\n<\/p>\n<p>\n  \u201cC\u0259za\u00e7\u0259km\u0259 m\u00fc\u0259ssis\u0259sind\u0259 d\u00fcnyas\u0131n\u0131 d\u0259yi\u015f\u0259n m\u0259hbusa g\u00f6r\u0259 ba\u015fqa m\u0259hbuslar\u0131n ehsan da\u011f\u0131tmas\u0131 h\u0259mi\u015f\u0259 olub, indi d\u0259 var v\u0259 burada q\u0259bah\u0259t he\u00e7 n\u0259 yoxdur. Ancaq bilmir\u0259m n\u0259y\u0259 g\u00f6r\u0259 n\u0259zar\u0259t\u00e7i o\u011fluma buna imkan verm\u0259yib, aralar\u0131nda m\u00fcbahis\u0259 yaran\u0131b. O\u011flum 3 ildir ki, h\u0259min m\u00fc\u0259ssis\u0259d\u0259 c\u0259za \u00e7\u0259kir, indiy\u0259d\u0259k he\u00e7 bir n\u0259zar\u0259t\u00e7i il\u0259 i\u015fi olmay\u0131b, \u0259g\u0259r n\u0259zar\u0259t\u00e7ini s\u00f6y\u0259n, d\u00f6y\u0259n olsayd\u0131, el\u0259 3 ild\u0259 ed\u0259rdi bunu&#8230; Deyirl\u0259r, n\u0259zar\u0259t\u00e7ini s\u00f6y\u00fcb, adam\u0131 s\u0259b\u0259b olmadan niy\u0259 s\u00f6ys\u00fcnl\u0259r? Dem\u0259li, n\u0259zar\u0259t\u00e7i bunu s\u00f6y\u00fcb ki, bu da cavab\u0131n\u0131 verib. Nec\u0259 olur ki, n\u0259zar\u0259t\u00e7il\u0259r gec\u0259-g\u00fcnd\u00fcz dustaqla kobud davran\u0131r, s\u00f6y\u00fcr, d\u00f6y\u00fcr, buna g\u00f6r\u0259 he\u00e7 birini c\u0259zaland\u0131rm\u0131rlar, dustaq onu s\u00f6y\u0259n n\u0259zar\u0259t\u00e7i il\u0259 onun \u00f6z dilind\u0259 dan\u0131\u015fanda tez c\u0259za k\u0259sirl\u0259r?..\u201d\n<\/p>\n<p>\n  <b><br \/>\n    M\u0259hkum ba\u015fqa m\u00fc\u0259ssis\u0259nin \u201ckars\u201d\u0131na k\u00f6\u00e7\u00fcr\u00fcl\u00fcb<br \/>\n  <\/b>\n<\/p>\n<p>\n  Sevinc Rzayevan\u0131n s\u00f6zl\u0259rin\u0259 g\u00f6r\u0259, n\u0259zar\u0259t\u00e7i m\u00fc\u0259ssis\u0259nin r\u0259hb\u0259rliyin\u0259 m\u0259hkumdan \u015fikay\u0259t edib. R\u0259is d\u0259 m\u0259s\u0259l\u0259ni ara\u015fd\u0131rmadan iyunun 17-d\u0259 m\u0259hkumu 15 g\u00fcnl\u00fck \u201ckars\u201da sal\u0131b:\n<\/p>\n<p>\n  \u201cBununla da \u00fcr\u0259kl\u0259ri soyumay\u0131b, deyibl\u0259r, qapal\u0131 h\u0259bsxanada \u00f6l\u0259n \u0259misin\u0259 g\u00f6r\u0259 ehsan ver\u0259n o\u011flan el\u0259 gedib h\u0259min qapal\u0131 h\u0259bsxanada c\u0259zas\u0131n\u0131 \u00e7\u0259ksin. O\u011flumun i\u015fi m\u0259hk\u0259m\u0259y\u0259 g\u00f6nd\u0259rilib, n\u0259zar\u0259t\u00e7ini d\u0259 \u00fcz\u00fcn\u0259 qoyublar. N\u0259zar\u0259t\u00e7ini t\u0259hqir etm\u0259sini b\u0259han\u0259 ed\u0259r\u0259k o\u011flumun c\u0259zas\u0131n\u0131n 1 il 6 ay\u0131n\u0131 qapal\u0131 h\u0259bsxanada ke\u00e7irm\u0259si il\u0259 ba\u011fl\u0131 m\u0259hk\u0259m\u0259 h\u00f6km\u00fc \u00e7\u0131xar\u0131l\u0131b. O\u011flum da buna etiraz olaraq \u201ckars\u201dda acl\u0131\u011fa ba\u015flay\u0131b. Bunun qisas\u0131n\u0131 almaq \u00fc\u00e7\u00fcn 15 g\u00fcnl\u00fck \u201ckars\u201d bit\u0259n kimi ona daha 2 ay \u201ckars\u201d verilib v\u0259 1 sayl\u0131 c\u0259za\u00e7\u0259km\u0259 m\u00fc\u0259ssis\u0259sinin \u201ckars\u201d\u0131ndan 15 sayl\u0131 c\u0259za\u00e7\u0259km\u0259 m\u00fc\u0259ssis\u0259sinin \u201ckars\u201d\u0131na k\u00f6\u00e7\u00fcr\u00fcl\u00fcb\u201d.\n<\/p>\n<p>\n  <b><br \/>\n    H\u00fcquq\u015f\u00fcnas: \u201cH\u00f6kmd\u0259n apelyasiya \u015fikay\u0259ti verilm\u0259lidir\u201d<br \/>\n  <\/b>\n<\/p>\n<p>\n  Ana hesab edir ki, o\u011flunun ba\u015f\u0131na g\u0259l\u0259nl\u0259r c\u0259za\u00e7\u0259km\u0259 m\u00fc\u0259ssis\u0259l\u0259rind\u0259 m\u0259hkumlara qar\u015f\u0131 \u0259dal\u0259tsiz davran\u0131\u015fdan qaynaqlan\u0131r. O, o\u011flunun karsdan azad edilm\u0259sini, bar\u0259sind\u0259 \u00e7\u0131xar\u0131lan sonuncu m\u0259hk\u0259m\u0259 h\u00f6km\u00fcn\u00fcn l\u0259\u011fv olunmas\u0131n\u0131 t\u0259l\u0259b edir.\n<\/p>\n<p>\n  Penitensiar Xidm\u0259td\u0259n m\u0259s\u0259l\u0259y\u0259 m\u00fcnasib\u0259t \u00f6yr\u0259nm\u0259k m\u00fcmk\u00fcn olmay\u0131b.\n<\/p>\n<p>\n  H\u00fcquq\u015f\u00fcnas Namiz\u0259d S\u0259f\u0259rov deyir, m\u0259hk\u0259m\u0259 h\u00f6km\u00fc varsa, Penitensiar Xidm\u0259t anan\u0131n t\u0259l\u0259bini yerin\u0259 yetir\u0259 bilm\u0259z. M\u0259hkum h\u00f6kmd\u0259n Bak\u0131 Apelyasiya M\u0259hk\u0259m\u0259sin\u0259 apelyasiya \u015fikay\u0259ti verm\u0259lidir: \u201c\u00c7ox vaxt adamlar bilgisizlikd\u0259n el\u0259c\u0259 \u0259riz\u0259 yazmaqla, t\u0259l\u0259b etm\u0259kl\u0259 kifay\u0259tl\u0259nirl\u0259r, halbuki, bu, vaxt itkisidir. H\u0259min m\u0259hbus vaxt itirm\u0259d\u0259n h\u00f6kmd\u0259n apelyasiya \u015fikay\u0259ti verm\u0259lidir\u201d.<\/p>\n","protected":false},"excerpt":{"rendered":"<p>R\u0259is d\u0259 m\u0259s\u0259l\u0259ni ara\u015fd\u0131rmadan iyunun 17-d\u0259 m\u0259hkumu 15 g\u00fcnl\u00fck \u201ckars\u201da sal\u0131b<\/p>\n","protected":false},"author":11,"featured_media":145851,"comment_status":"closed","ping_status":"open","sticky":false,"template":"","format":"standard","meta":{"_acf_changed":false,"_sitemap_exclude":false,"_sitemap_priority":"","_sitemap_frequency":"","footnotes":""},"categories":[60],"tags":[],"class_list":["post-201867","post","type-post","status-publish","format-standard","has-post-thumbnail","hentry","category-bolge","infinite-scroll-item","generate-columns","tablet-grid-50","mobile-grid-100","grid-parent","grid-33","no-featured-image-padding"],"acf":[],"yoast_head":"<!-- This site is optimized with the Yoast SEO plugin v27.5 - https:\/\/yoast.com\/product\/yoast-seo-wordpress\/ -->\n<title>G\u0259nc\u0259 sakini: H\u0259bsxana n\u0259zar\u0259t\u00e7isi m\u0259hkum o\u011flumu \u015f\u0259rl\u0259yib - MEYDAN.TV<\/title>\n<meta name=\"robots\" content=\"index, follow, max-snippet:-1, max-image-preview:large, max-video-preview:-1\" \/>\n<link rel=\"canonical\" href=\"https:\/\/www.meydan.tv\/az\/article\/gence-sakini-hebsxana-nezaretcisi-mehkum-oglumu-serleyib\/\" \/>\n<meta property=\"og:locale\" content=\"az_AZ\" \/>\n<meta property=\"og:type\" content=\"article\" \/>\n<meta property=\"og:title\" content=\"G\u0259nc\u0259 sakini: H\u0259bsxana n\u0259zar\u0259t\u00e7isi m\u0259hkum o\u011flumu \u015f\u0259rl\u0259yib - MEYDAN.TV\" \/>\n<meta property=\"og:description\" content=\"R\u0259is d\u0259 m\u0259s\u0259l\u0259ni ara\u015fd\u0131rmadan iyunun 17-d\u0259 m\u0259hkumu 15 g\u00fcnl\u00fck \u201ckars\u201da sal\u0131b\" \/>\n<meta property=\"og:url\" content=\"https:\/\/www.meydan.tv\/az\/article\/gence-sakini-hebsxana-nezaretcisi-mehkum-oglumu-serleyib\/\" \/>\n<meta property=\"og:site_name\" content=\"MEYDAN.TV\" \/>\n<meta property=\"article:published_time\" content=\"2020-08-08T12:55:21+00:00\" \/>\n<meta property=\"og:image\" content=\"https:\/\/www.meydan.tv\/wp-content\/uploads\/image_from_ios_7_dysst0g.jpg\" \/>\n\t<meta property=\"og:image:width\" content=\"1152\" \/>\n\t<meta property=\"og:image:height\" content=\"864\" \/>\n\t<meta property=\"og:image:type\" content=\"image\/jpeg\" \/>\n<meta name=\"author\" content=\"user-manager\" \/>\n<meta name=\"twitter:card\" content=\"summary_large_image\" \/>\n<script type=\"application\/ld+json\" class=\"yoast-schema-graph\">{\"@context\":\"https:\\\/\\\/schema.org\",\"@graph\":[{\"@type\":\"Article\",\"@id\":\"https:\\\/\\\/www.meydan.tv\\\/az\\\/article\\\/gence-sakini-hebsxana-nezaretcisi-mehkum-oglumu-serleyib\\\/#article\",\"isPartOf\":{\"@id\":\"https:\\\/\\\/www.meydan.tv\\\/az\\\/article\\\/gence-sakini-hebsxana-nezaretcisi-mehkum-oglumu-serleyib\\\/\"},\"author\":{\"name\":\"user-manager\",\"@id\":\"https:\\\/\\\/www.meydan.tv\\\/az\\\/#\\\/schema\\\/person\\\/10d11eccf6da3662cf5fdab9806ea91a\"},\"headline\":\"G\u0259nc\u0259 sakini: H\u0259bsxana n\u0259zar\u0259t\u00e7isi m\u0259hkum o\u011flumu \u015f\u0259rl\u0259yib\",\"datePublished\":\"2020-08-08T12:55:21+00:00\",\"mainEntityOfPage\":{\"@id\":\"https:\\\/\\\/www.meydan.tv\\\/az\\\/article\\\/gence-sakini-hebsxana-nezaretcisi-mehkum-oglumu-serleyib\\\/\"},\"wordCount\":775,\"publisher\":{\"@id\":\"https:\\\/\\\/www.meydan.tv\\\/az\\\/#organization\"},\"image\":{\"@id\":\"https:\\\/\\\/www.meydan.tv\\\/az\\\/article\\\/gence-sakini-hebsxana-nezaretcisi-mehkum-oglumu-serleyib\\\/#primaryimage\"},\"thumbnailUrl\":\"https:\\\/\\\/www.meydan.tv\\\/wp-content\\\/uploads\\\/image_from_ios_7_dysst0g.jpg\",\"articleSection\":[\"B\u00f6lg\u0259\"],\"inLanguage\":\"az\"},{\"@type\":\"WebPage\",\"@id\":\"https:\\\/\\\/www.meydan.tv\\\/az\\\/article\\\/gence-sakini-hebsxana-nezaretcisi-mehkum-oglumu-serleyib\\\/\",\"url\":\"https:\\\/\\\/www.meydan.tv\\\/az\\\/article\\\/gence-sakini-hebsxana-nezaretcisi-mehkum-oglumu-serleyib\\\/\",\"name\":\"G\u0259nc\u0259 sakini: H\u0259bsxana n\u0259zar\u0259t\u00e7isi m\u0259hkum o\u011flumu \u015f\u0259rl\u0259yib - MEYDAN.TV\",\"isPartOf\":{\"@id\":\"https:\\\/\\\/www.meydan.tv\\\/az\\\/#website\"},\"primaryImageOfPage\":{\"@id\":\"https:\\\/\\\/www.meydan.tv\\\/az\\\/article\\\/gence-sakini-hebsxana-nezaretcisi-mehkum-oglumu-serleyib\\\/#primaryimage\"},\"image\":{\"@id\":\"https:\\\/\\\/www.meydan.tv\\\/az\\\/article\\\/gence-sakini-hebsxana-nezaretcisi-mehkum-oglumu-serleyib\\\/#primaryimage\"},\"thumbnailUrl\":\"https:\\\/\\\/www.meydan.tv\\\/wp-content\\\/uploads\\\/image_from_ios_7_dysst0g.jpg\",\"datePublished\":\"2020-08-08T12:55:21+00:00\",\"breadcrumb\":{\"@id\":\"https:\\\/\\\/www.meydan.tv\\\/az\\\/article\\\/gence-sakini-hebsxana-nezaretcisi-mehkum-oglumu-serleyib\\\/#breadcrumb\"},\"inLanguage\":\"az\",\"potentialAction\":[{\"@type\":\"ReadAction\",\"target\":[\"https:\\\/\\\/www.meydan.tv\\\/az\\\/article\\\/gence-sakini-hebsxana-nezaretcisi-mehkum-oglumu-serleyib\\\/\"]}]},{\"@type\":\"ImageObject\",\"inLanguage\":\"az\",\"@id\":\"https:\\\/\\\/www.meydan.tv\\\/az\\\/article\\\/gence-sakini-hebsxana-nezaretcisi-mehkum-oglumu-serleyib\\\/#primaryimage\",\"url\":\"https:\\\/\\\/www.meydan.tv\\\/wp-content\\\/uploads\\\/image_from_ios_7_dysst0g.jpg\",\"contentUrl\":\"https:\\\/\\\/www.meydan.tv\\\/wp-content\\\/uploads\\\/image_from_ios_7_dysst0g.jpg\",\"width\":1152,\"height\":864,\"caption\":\"Source: Specify Source\"},{\"@type\":\"BreadcrumbList\",\"@id\":\"https:\\\/\\\/www.meydan.tv\\\/az\\\/article\\\/gence-sakini-hebsxana-nezaretcisi-mehkum-oglumu-serleyib\\\/#breadcrumb\",\"itemListElement\":[{\"@type\":\"ListItem\",\"position\":1,\"name\":\"Ana s\u0259hif\u0259\",\"item\":\"https:\\\/\\\/www.meydan.tv\\\/az\\\/\"},{\"@type\":\"ListItem\",\"position\":2,\"name\":\"B\u00f6lg\u0259\",\"item\":\"https:\\\/\\\/www.meydan.tv\\\/az\\\/section\\\/bolge\\\/\"},{\"@type\":\"ListItem\",\"position\":3,\"name\":\"G\u0259nc\u0259 sakini: H\u0259bsxana n\u0259zar\u0259t\u00e7isi m\u0259hkum o\u011flumu \u015f\u0259rl\u0259yib\"}]},{\"@type\":\"WebSite\",\"@id\":\"https:\\\/\\\/www.meydan.tv\\\/az\\\/#website\",\"url\":\"https:\\\/\\\/www.meydan.tv\\\/az\\\/\",\"name\":\"MEYDAN.TV\",\"description\":\"Meydan TV Az\u0259rbaycan\u0131n media m\u0259kan\u0131ndak\u0131 alternativ s\u0259sidir\",\"publisher\":{\"@id\":\"https:\\\/\\\/www.meydan.tv\\\/az\\\/#organization\"},\"potentialAction\":[{\"@type\":\"SearchAction\",\"target\":{\"@type\":\"EntryPoint\",\"urlTemplate\":\"https:\\\/\\\/www.meydan.tv\\\/az\\\/?s={search_term_string}\"},\"query-input\":{\"@type\":\"PropertyValueSpecification\",\"valueRequired\":true,\"valueName\":\"search_term_string\"}}],\"inLanguage\":\"az\"},{\"@type\":\"Organization\",\"@id\":\"https:\\\/\\\/www.meydan.tv\\\/az\\\/#organization\",\"name\":\"Meydan TV\",\"url\":\"https:\\\/\\\/www.meydan.tv\\\/az\\\/\",\"logo\":{\"@type\":\"ImageObject\",\"inLanguage\":\"az\",\"@id\":\"https:\\\/\\\/www.meydan.tv\\\/az\\\/#\\\/schema\\\/logo\\\/image\\\/\",\"url\":\"https:\\\/\\\/www.meydan.tv\\\/wp-content\\\/uploads\\\/2021\\\/07\\\/meydan-logo.svg\",\"contentUrl\":\"https:\\\/\\\/www.meydan.tv\\\/wp-content\\\/uploads\\\/2021\\\/07\\\/meydan-logo.svg\",\"width\":195,\"height\":46,\"caption\":\"Meydan TV\"},\"image\":{\"@id\":\"https:\\\/\\\/www.meydan.tv\\\/az\\\/#\\\/schema\\\/logo\\\/image\\\/\"}},{\"@type\":\"Person\",\"@id\":\"https:\\\/\\\/www.meydan.tv\\\/az\\\/#\\\/schema\\\/person\\\/10d11eccf6da3662cf5fdab9806ea91a\",\"name\":\"user-manager\"}]}<\/script>\n<!-- \/ Yoast SEO plugin. -->","yoast_head_json":{"title":"G\u0259nc\u0259 sakini: H\u0259bsxana n\u0259zar\u0259t\u00e7isi m\u0259hkum o\u011flumu \u015f\u0259rl\u0259yib - MEYDAN.TV","robots":{"index":"index","follow":"follow","max-snippet":"max-snippet:-1","max-image-preview":"max-image-preview:large","max-video-preview":"max-video-preview:-1"},"canonical":"https:\/\/www.meydan.tv\/az\/article\/gence-sakini-hebsxana-nezaretcisi-mehkum-oglumu-serleyib\/","og_locale":"az_AZ","og_type":"article","og_title":"G\u0259nc\u0259 sakini: H\u0259bsxana n\u0259zar\u0259t\u00e7isi m\u0259hkum o\u011flumu \u015f\u0259rl\u0259yib - MEYDAN.TV","og_description":"R\u0259is d\u0259 m\u0259s\u0259l\u0259ni ara\u015fd\u0131rmadan iyunun 17-d\u0259 m\u0259hkumu 15 g\u00fcnl\u00fck \u201ckars\u201da sal\u0131b","og_url":"https:\/\/www.meydan.tv\/az\/article\/gence-sakini-hebsxana-nezaretcisi-mehkum-oglumu-serleyib\/","og_site_name":"MEYDAN.TV","article_published_time":"2020-08-08T12:55:21+00:00","og_image":[{"width":1152,"height":864,"url":"https:\/\/www.meydan.tv\/wp-content\/uploads\/image_from_ios_7_dysst0g.jpg","type":"image\/jpeg"}],"author":"user-manager","twitter_card":"summary_large_image","schema":{"@context":"https:\/\/schema.org","@graph":[{"@type":"Article","@id":"https:\/\/www.meydan.tv\/az\/article\/gence-sakini-hebsxana-nezaretcisi-mehkum-oglumu-serleyib\/#article","isPartOf":{"@id":"https:\/\/www.meydan.tv\/az\/article\/gence-sakini-hebsxana-nezaretcisi-mehkum-oglumu-serleyib\/"},"author":{"name":"user-manager","@id":"https:\/\/www.meydan.tv\/az\/#\/schema\/person\/10d11eccf6da3662cf5fdab9806ea91a"},"headline":"G\u0259nc\u0259 sakini: H\u0259bsxana n\u0259zar\u0259t\u00e7isi m\u0259hkum o\u011flumu \u015f\u0259rl\u0259yib","datePublished":"2020-08-08T12:55:21+00:00","mainEntityOfPage":{"@id":"https:\/\/www.meydan.tv\/az\/article\/gence-sakini-hebsxana-nezaretcisi-mehkum-oglumu-serleyib\/"},"wordCount":775,"publisher":{"@id":"https:\/\/www.meydan.tv\/az\/#organization"},"image":{"@id":"https:\/\/www.meydan.tv\/az\/article\/gence-sakini-hebsxana-nezaretcisi-mehkum-oglumu-serleyib\/#primaryimage"},"thumbnailUrl":"https:\/\/www.meydan.tv\/wp-content\/uploads\/image_from_ios_7_dysst0g.jpg","articleSection":["B\u00f6lg\u0259"],"inLanguage":"az"},{"@type":"WebPage","@id":"https:\/\/www.meydan.tv\/az\/article\/gence-sakini-hebsxana-nezaretcisi-mehkum-oglumu-serleyib\/","url":"https:\/\/www.meydan.tv\/az\/article\/gence-sakini-hebsxana-nezaretcisi-mehkum-oglumu-serleyib\/","name":"G\u0259nc\u0259 sakini: H\u0259bsxana n\u0259zar\u0259t\u00e7isi m\u0259hkum o\u011flumu \u015f\u0259rl\u0259yib - MEYDAN.TV","isPartOf":{"@id":"https:\/\/www.meydan.tv\/az\/#website"},"primaryImageOfPage":{"@id":"https:\/\/www.meydan.tv\/az\/article\/gence-sakini-hebsxana-nezaretcisi-mehkum-oglumu-serleyib\/#primaryimage"},"image":{"@id":"https:\/\/www.meydan.tv\/az\/article\/gence-sakini-hebsxana-nezaretcisi-mehkum-oglumu-serleyib\/#primaryimage"},"thumbnailUrl":"https:\/\/www.meydan.tv\/wp-content\/uploads\/image_from_ios_7_dysst0g.jpg","datePublished":"2020-08-08T12:55:21+00:00","breadcrumb":{"@id":"https:\/\/www.meydan.tv\/az\/article\/gence-sakini-hebsxana-nezaretcisi-mehkum-oglumu-serleyib\/#breadcrumb"},"inLanguage":"az","potentialAction":[{"@type":"ReadAction","target":["https:\/\/www.meydan.tv\/az\/article\/gence-sakini-hebsxana-nezaretcisi-mehkum-oglumu-serleyib\/"]}]},{"@type":"ImageObject","inLanguage":"az","@id":"https:\/\/www.meydan.tv\/az\/article\/gence-sakini-hebsxana-nezaretcisi-mehkum-oglumu-serleyib\/#primaryimage","url":"https:\/\/www.meydan.tv\/wp-content\/uploads\/image_from_ios_7_dysst0g.jpg","contentUrl":"https:\/\/www.meydan.tv\/wp-content\/uploads\/image_from_ios_7_dysst0g.jpg","width":1152,"height":864,"caption":"Source: Specify Source"},{"@type":"BreadcrumbList","@id":"https:\/\/www.meydan.tv\/az\/article\/gence-sakini-hebsxana-nezaretcisi-mehkum-oglumu-serleyib\/#breadcrumb","itemListElement":[{"@type":"ListItem","position":1,"name":"Ana s\u0259hif\u0259","item":"https:\/\/www.meydan.tv\/az\/"},{"@type":"ListItem","position":2,"name":"B\u00f6lg\u0259","item":"https:\/\/www.meydan.tv\/az\/section\/bolge\/"},{"@type":"ListItem","position":3,"name":"G\u0259nc\u0259 sakini: H\u0259bsxana n\u0259zar\u0259t\u00e7isi m\u0259hkum o\u011flumu \u015f\u0259rl\u0259yib"}]},{"@type":"WebSite","@id":"https:\/\/www.meydan.tv\/az\/#website","url":"https:\/\/www.meydan.tv\/az\/","name":"MEYDAN.TV","description":"Meydan TV Az\u0259rbaycan\u0131n media m\u0259kan\u0131ndak\u0131 alternativ s\u0259sidir","publisher":{"@id":"https:\/\/www.meydan.tv\/az\/#organization"},"potentialAction":[{"@type":"SearchAction","target":{"@type":"EntryPoint","urlTemplate":"https:\/\/www.meydan.tv\/az\/?s={search_term_string}"},"query-input":{"@type":"PropertyValueSpecification","valueRequired":true,"valueName":"search_term_string"}}],"inLanguage":"az"},{"@type":"Organization","@id":"https:\/\/www.meydan.tv\/az\/#organization","name":"Meydan TV","url":"https:\/\/www.meydan.tv\/az\/","logo":{"@type":"ImageObject","inLanguage":"az","@id":"https:\/\/www.meydan.tv\/az\/#\/schema\/logo\/image\/","url":"https:\/\/www.meydan.tv\/wp-content\/uploads\/2021\/07\/meydan-logo.svg","contentUrl":"https:\/\/www.meydan.tv\/wp-content\/uploads\/2021\/07\/meydan-logo.svg","width":195,"height":46,"caption":"Meydan TV"},"image":{"@id":"https:\/\/www.meydan.tv\/az\/#\/schema\/logo\/image\/"}},{"@type":"Person","@id":"https:\/\/www.meydan.tv\/az\/#\/schema\/person\/10d11eccf6da3662cf5fdab9806ea91a","name":"user-manager"}]}},"_links":{"self":[{"href":"https:\/\/www.meydan.tv\/az\/wp-json\/wp\/v2\/posts\/201867","targetHints":{"allow":["GET"]}}],"collection":[{"href":"https:\/\/www.meydan.tv\/az\/wp-json\/wp\/v2\/posts"}],"about":[{"href":"https:\/\/www.meydan.tv\/az\/wp-json\/wp\/v2\/types\/post"}],"author":[{"embeddable":true,"href":"https:\/\/www.meydan.tv\/az\/wp-json\/wp\/v2\/users\/11"}],"replies":[{"embeddable":true,"href":"https:\/\/www.meydan.tv\/az\/wp-json\/wp\/v2\/comments?post=201867"}],"version-history":[{"count":0,"href":"https:\/\/www.meydan.tv\/az\/wp-json\/wp\/v2\/posts\/201867\/revisions"}],"wp:featuredmedia":[{"embeddable":true,"href":"https:\/\/www.meydan.tv\/az\/wp-json\/wp\/v2\/media\/145851"}],"wp:attachment":[{"href":"https:\/\/www.meydan.tv\/az\/wp-json\/wp\/v2\/media?parent=201867"}],"wp:term":[{"taxonomy":"category","embeddable":true,"href":"https:\/\/www.meydan.tv\/az\/wp-json\/wp\/v2\/categories?post=201867"},{"taxonomy":"post_tag","embeddable":true,"href":"https:\/\/www.meydan.tv\/az\/wp-json\/wp\/v2\/tags?post=201867"}],"curies":[{"name":"wp","href":"https:\/\/api.w.org\/{rel}","templated":true}]}}