{"id":201860,"date":"2020-08-07T20:07:34","date_gmt":"2020-08-07T20:07:34","guid":{"rendered":"https:\/\/www.meydan.tv\/article\/tebib-azerbaycan-sehiyyesini-sagalda-bildimi\/"},"modified":"2020-08-07T20:07:34","modified_gmt":"2020-08-07T20:07:34","slug":"tebib-azerbaycan-sehiyyesini-sagalda-bildimi","status":"publish","type":"post","link":"https:\/\/www.meydan.tv\/az\/article\/tebib-azerbaycan-sehiyyesini-sagalda-bildimi\/","title":{"rendered":"T\u018fB\u0130B Az\u0259rbaycan s\u0259hiyy\u0259sini sa\u011falda bildimi?"},"content":{"rendered":"<figure class=\"wp-block-embed is-type-video is-provider-youtube wp-block-embed-youtube wp-embed-aspect-16-9 wp-has-aspect-ratio\">\n<div class=\"wp-block-embed__wrapper\">\n    <iframe\ttitle=\"T\u018fB\u0130B Az\u0259rbaycan s\u0259hiyy\u0259sini sa\u011falda bildimi?\" width=\"1200\" height=\"675\" data-src=\"https:\/\/www.youtube.com\/embed\/FT1IVz3q1SE\"\tframeborder=\"0\"\tallow=\"accelerometer; autoplay; clipboard-write; encrypted-media; gyroscope; picture-in-picture\" allowfullscreen src=\"data:image\/svg+xml;base64,PHN2ZyB3aWR0aD0iMSIgaGVpZ2h0PSIxIiB4bWxucz0iaHR0cDovL3d3dy53My5vcmcvMjAwMC9zdmciPjwvc3ZnPg==\" class=\"lazyload\" data-load-mode=\"1\"><\/iframe>\n  <\/div><figcaption>\n    T\u018fB\u0130B Az\u0259rbaycan s\u0259hiyy\u0259sini sa\u011falda bildimi?<br \/>\n  <\/figcaption><\/figure>\n<p>\n  Az\u0259rbaycan art\u0131q 5 ayd\u0131r ki, pandemiyaya g\u00f6r\u0259 karantin rejimind\u0259dir. D\u00fcnyada \u0259n uzunm\u00fcdd\u0259tli s\u0259rt karantin rejiminin t\u0259tbiq olundu\u011fu \u00f6lk\u0259d\u0259 t\u0259kc\u0259 iqtisadi geril\u0259m\u0259 olmad\u0131, ictimai-siyasi v\u0259ziyy\u0259t g\u0259rginl\u0259\u015fdi. Karantin rejimind\u0259 siyasi f\u0259allar h\u0259bs olundu, c\u0259rim\u0259l\u0259ndi. G\u00fcnd\u0259min \u0259sas h\u0259d\u0259fi is\u0259 Tibbi \u018frazi B\u00f6lm\u0259l\u0259rini \u0130dar\u0259etm\u0259 Birliyi, q\u0131sa des\u0259k, T\u018fB\u0130B oldu. F\u0259aliyy\u0259t\u0259 ba\u015flad\u0131\u011f\u0131 vaxtdan 2 ay sonra pandemiya il\u0259 \u00fczl\u0259\u015f\u0259n T\u018fB\u0130B nec\u0259 i\u015fl\u0259di? \u00dcmumiyy\u0259tl\u0259, Az\u0259rbaycan s\u0259hiyy\u0259si virusun \u00f6hd\u0259sind\u0259n g\u0259l\u0259 bildimi?Az\u0259rbaycan karantin rejimind\u0259 nec\u0259 idar\u0259 olundu? B\u00fct\u00fcn suallar\u0131n cavab\u0131 ara\u015fd\u0131rmada&#8230;<\/p>\n","protected":false},"excerpt":{"rendered":"<p>F\u0259aliyy\u0259t\u0259 ba\u015flad\u0131\u011f\u0131 vaxtdan 2 ay sonra pandemiya il\u0259 \u00fczl\u0259\u015f\u0259n T\u018fB\u0130B nec\u0259 i\u015fl\u0259di?<\/p>\n","protected":false},"author":11,"featured_media":145848,"comment_status":"closed","ping_status":"open","sticky":false,"template":"","format":"standard","meta":{"_acf_changed":false,"_sitemap_exclude":false,"_sitemap_priority":"","_sitemap_frequency":"","footnotes":""},"categories":[63],"tags":[],"class_list":["post-201860","post","type-post","status-publish","format-standard","has-post-thumbnail","hentry","category-video-2","infinite-scroll-item","generate-columns","tablet-grid-50","mobile-grid-100","grid-parent","grid-33","no-featured-image-padding"],"acf":[],"yoast_head":"<!-- This site is optimized with the Yoast SEO plugin v27.4 - https:\/\/yoast.com\/product\/yoast-seo-wordpress\/ -->\n<title>T\u018fB\u0130B Az\u0259rbaycan s\u0259hiyy\u0259sini sa\u011falda bildimi? - MEYDAN.TV<\/title>\n<meta name=\"robots\" content=\"index, follow, max-snippet:-1, max-image-preview:large, max-video-preview:-1\" \/>\n<link rel=\"canonical\" href=\"https:\/\/www.meydan.tv\/az\/article\/tebib-azerbaycan-sehiyyesini-sagalda-bildimi\/\" \/>\n<meta property=\"og:locale\" content=\"az_AZ\" \/>\n<meta property=\"og:type\" content=\"article\" \/>\n<meta property=\"og:title\" content=\"T\u018fB\u0130B Az\u0259rbaycan s\u0259hiyy\u0259sini sa\u011falda bildimi? - MEYDAN.TV\" \/>\n<meta property=\"og:description\" content=\"F\u0259aliyy\u0259t\u0259 ba\u015flad\u0131\u011f\u0131 vaxtdan 2 ay sonra pandemiya il\u0259 \u00fczl\u0259\u015f\u0259n T\u018fB\u0130B nec\u0259 i\u015fl\u0259di?\" \/>\n<meta property=\"og:url\" content=\"https:\/\/www.meydan.tv\/az\/article\/tebib-azerbaycan-sehiyyesini-sagalda-bildimi\/\" \/>\n<meta property=\"og:site_name\" content=\"MEYDAN.TV\" \/>\n<meta property=\"article:published_time\" content=\"2020-08-07T20:07:34+00:00\" \/>\n<meta property=\"og:image\" content=\"https:\/\/www.meydan.tv\/wp-content\/uploads\/screenshot_86.png\" \/>\n\t<meta property=\"og:image:width\" content=\"1258\" \/>\n\t<meta property=\"og:image:height\" content=\"705\" \/>\n\t<meta property=\"og:image:type\" content=\"image\/png\" \/>\n<meta name=\"author\" content=\"user-manager\" \/>\n<meta name=\"twitter:card\" content=\"summary_large_image\" \/>\n<script type=\"application\/ld+json\" class=\"yoast-schema-graph\">{\"@context\":\"https:\\\/\\\/schema.org\",\"@graph\":[{\"@type\":\"Article\",\"@id\":\"https:\\\/\\\/www.meydan.tv\\\/az\\\/article\\\/tebib-azerbaycan-sehiyyesini-sagalda-bildimi\\\/#article\",\"isPartOf\":{\"@id\":\"https:\\\/\\\/www.meydan.tv\\\/az\\\/article\\\/tebib-azerbaycan-sehiyyesini-sagalda-bildimi\\\/\"},\"author\":{\"name\":\"user-manager\",\"@id\":\"https:\\\/\\\/www.meydan.tv\\\/az\\\/#\\\/schema\\\/person\\\/10d11eccf6da3662cf5fdab9806ea91a\"},\"headline\":\"T\u018fB\u0130B Az\u0259rbaycan s\u0259hiyy\u0259sini sa\u011falda bildimi?\",\"datePublished\":\"2020-08-07T20:07:34+00:00\",\"mainEntityOfPage\":{\"@id\":\"https:\\\/\\\/www.meydan.tv\\\/az\\\/article\\\/tebib-azerbaycan-sehiyyesini-sagalda-bildimi\\\/\"},\"wordCount\":150,\"publisher\":{\"@id\":\"https:\\\/\\\/www.meydan.tv\\\/az\\\/#organization\"},\"image\":{\"@id\":\"https:\\\/\\\/www.meydan.tv\\\/az\\\/article\\\/tebib-azerbaycan-sehiyyesini-sagalda-bildimi\\\/#primaryimage\"},\"thumbnailUrl\":\"https:\\\/\\\/www.meydan.tv\\\/wp-content\\\/uploads\\\/screenshot_86.png\",\"articleSection\":[\"Video\"],\"inLanguage\":\"az\"},{\"@type\":\"WebPage\",\"@id\":\"https:\\\/\\\/www.meydan.tv\\\/az\\\/article\\\/tebib-azerbaycan-sehiyyesini-sagalda-bildimi\\\/\",\"url\":\"https:\\\/\\\/www.meydan.tv\\\/az\\\/article\\\/tebib-azerbaycan-sehiyyesini-sagalda-bildimi\\\/\",\"name\":\"T\u018fB\u0130B Az\u0259rbaycan s\u0259hiyy\u0259sini sa\u011falda bildimi? - MEYDAN.TV\",\"isPartOf\":{\"@id\":\"https:\\\/\\\/www.meydan.tv\\\/az\\\/#website\"},\"primaryImageOfPage\":{\"@id\":\"https:\\\/\\\/www.meydan.tv\\\/az\\\/article\\\/tebib-azerbaycan-sehiyyesini-sagalda-bildimi\\\/#primaryimage\"},\"image\":{\"@id\":\"https:\\\/\\\/www.meydan.tv\\\/az\\\/article\\\/tebib-azerbaycan-sehiyyesini-sagalda-bildimi\\\/#primaryimage\"},\"thumbnailUrl\":\"https:\\\/\\\/www.meydan.tv\\\/wp-content\\\/uploads\\\/screenshot_86.png\",\"datePublished\":\"2020-08-07T20:07:34+00:00\",\"breadcrumb\":{\"@id\":\"https:\\\/\\\/www.meydan.tv\\\/az\\\/article\\\/tebib-azerbaycan-sehiyyesini-sagalda-bildimi\\\/#breadcrumb\"},\"inLanguage\":\"az\",\"potentialAction\":[{\"@type\":\"ReadAction\",\"target\":[\"https:\\\/\\\/www.meydan.tv\\\/az\\\/article\\\/tebib-azerbaycan-sehiyyesini-sagalda-bildimi\\\/\"]}]},{\"@type\":\"ImageObject\",\"inLanguage\":\"az\",\"@id\":\"https:\\\/\\\/www.meydan.tv\\\/az\\\/article\\\/tebib-azerbaycan-sehiyyesini-sagalda-bildimi\\\/#primaryimage\",\"url\":\"https:\\\/\\\/www.meydan.tv\\\/wp-content\\\/uploads\\\/screenshot_86.png\",\"contentUrl\":\"https:\\\/\\\/www.meydan.tv\\\/wp-content\\\/uploads\\\/screenshot_86.png\",\"width\":1258,\"height\":705,\"caption\":\"Source: Meydan TV\"},{\"@type\":\"BreadcrumbList\",\"@id\":\"https:\\\/\\\/www.meydan.tv\\\/az\\\/article\\\/tebib-azerbaycan-sehiyyesini-sagalda-bildimi\\\/#breadcrumb\",\"itemListElement\":[{\"@type\":\"ListItem\",\"position\":1,\"name\":\"Ana s\u0259hif\u0259\",\"item\":\"https:\\\/\\\/www.meydan.tv\\\/az\\\/\"},{\"@type\":\"ListItem\",\"position\":2,\"name\":\"Video\",\"item\":\"https:\\\/\\\/www.meydan.tv\\\/az\\\/section\\\/video-2\\\/\"},{\"@type\":\"ListItem\",\"position\":3,\"name\":\"T\u018fB\u0130B Az\u0259rbaycan s\u0259hiyy\u0259sini sa\u011falda bildimi?\"}]},{\"@type\":\"WebSite\",\"@id\":\"https:\\\/\\\/www.meydan.tv\\\/az\\\/#website\",\"url\":\"https:\\\/\\\/www.meydan.tv\\\/az\\\/\",\"name\":\"MEYDAN.TV\",\"description\":\"Meydan TV Az\u0259rbaycan\u0131n media m\u0259kan\u0131ndak\u0131 alternativ s\u0259sidir\",\"publisher\":{\"@id\":\"https:\\\/\\\/www.meydan.tv\\\/az\\\/#organization\"},\"potentialAction\":[{\"@type\":\"SearchAction\",\"target\":{\"@type\":\"EntryPoint\",\"urlTemplate\":\"https:\\\/\\\/www.meydan.tv\\\/az\\\/?s={search_term_string}\"},\"query-input\":{\"@type\":\"PropertyValueSpecification\",\"valueRequired\":true,\"valueName\":\"search_term_string\"}}],\"inLanguage\":\"az\"},{\"@type\":\"Organization\",\"@id\":\"https:\\\/\\\/www.meydan.tv\\\/az\\\/#organization\",\"name\":\"Meydan TV\",\"url\":\"https:\\\/\\\/www.meydan.tv\\\/az\\\/\",\"logo\":{\"@type\":\"ImageObject\",\"inLanguage\":\"az\",\"@id\":\"https:\\\/\\\/www.meydan.tv\\\/az\\\/#\\\/schema\\\/logo\\\/image\\\/\",\"url\":\"https:\\\/\\\/www.meydan.tv\\\/wp-content\\\/uploads\\\/2021\\\/07\\\/meydan-logo.svg\",\"contentUrl\":\"https:\\\/\\\/www.meydan.tv\\\/wp-content\\\/uploads\\\/2021\\\/07\\\/meydan-logo.svg\",\"width\":195,\"height\":46,\"caption\":\"Meydan TV\"},\"image\":{\"@id\":\"https:\\\/\\\/www.meydan.tv\\\/az\\\/#\\\/schema\\\/logo\\\/image\\\/\"}},{\"@type\":\"Person\",\"@id\":\"https:\\\/\\\/www.meydan.tv\\\/az\\\/#\\\/schema\\\/person\\\/10d11eccf6da3662cf5fdab9806ea91a\",\"name\":\"user-manager\"}]}<\/script>\n<!-- \/ Yoast SEO plugin. -->","yoast_head_json":{"title":"T\u018fB\u0130B Az\u0259rbaycan s\u0259hiyy\u0259sini sa\u011falda bildimi? - MEYDAN.TV","robots":{"index":"index","follow":"follow","max-snippet":"max-snippet:-1","max-image-preview":"max-image-preview:large","max-video-preview":"max-video-preview:-1"},"canonical":"https:\/\/www.meydan.tv\/az\/article\/tebib-azerbaycan-sehiyyesini-sagalda-bildimi\/","og_locale":"az_AZ","og_type":"article","og_title":"T\u018fB\u0130B Az\u0259rbaycan s\u0259hiyy\u0259sini sa\u011falda bildimi? - MEYDAN.TV","og_description":"F\u0259aliyy\u0259t\u0259 ba\u015flad\u0131\u011f\u0131 vaxtdan 2 ay sonra pandemiya il\u0259 \u00fczl\u0259\u015f\u0259n T\u018fB\u0130B nec\u0259 i\u015fl\u0259di?","og_url":"https:\/\/www.meydan.tv\/az\/article\/tebib-azerbaycan-sehiyyesini-sagalda-bildimi\/","og_site_name":"MEYDAN.TV","article_published_time":"2020-08-07T20:07:34+00:00","og_image":[{"width":1258,"height":705,"url":"https:\/\/www.meydan.tv\/wp-content\/uploads\/screenshot_86.png","type":"image\/png"}],"author":"user-manager","twitter_card":"summary_large_image","schema":{"@context":"https:\/\/schema.org","@graph":[{"@type":"Article","@id":"https:\/\/www.meydan.tv\/az\/article\/tebib-azerbaycan-sehiyyesini-sagalda-bildimi\/#article","isPartOf":{"@id":"https:\/\/www.meydan.tv\/az\/article\/tebib-azerbaycan-sehiyyesini-sagalda-bildimi\/"},"author":{"name":"user-manager","@id":"https:\/\/www.meydan.tv\/az\/#\/schema\/person\/10d11eccf6da3662cf5fdab9806ea91a"},"headline":"T\u018fB\u0130B Az\u0259rbaycan s\u0259hiyy\u0259sini sa\u011falda bildimi?","datePublished":"2020-08-07T20:07:34+00:00","mainEntityOfPage":{"@id":"https:\/\/www.meydan.tv\/az\/article\/tebib-azerbaycan-sehiyyesini-sagalda-bildimi\/"},"wordCount":150,"publisher":{"@id":"https:\/\/www.meydan.tv\/az\/#organization"},"image":{"@id":"https:\/\/www.meydan.tv\/az\/article\/tebib-azerbaycan-sehiyyesini-sagalda-bildimi\/#primaryimage"},"thumbnailUrl":"https:\/\/www.meydan.tv\/wp-content\/uploads\/screenshot_86.png","articleSection":["Video"],"inLanguage":"az"},{"@type":"WebPage","@id":"https:\/\/www.meydan.tv\/az\/article\/tebib-azerbaycan-sehiyyesini-sagalda-bildimi\/","url":"https:\/\/www.meydan.tv\/az\/article\/tebib-azerbaycan-sehiyyesini-sagalda-bildimi\/","name":"T\u018fB\u0130B Az\u0259rbaycan s\u0259hiyy\u0259sini sa\u011falda bildimi? - MEYDAN.TV","isPartOf":{"@id":"https:\/\/www.meydan.tv\/az\/#website"},"primaryImageOfPage":{"@id":"https:\/\/www.meydan.tv\/az\/article\/tebib-azerbaycan-sehiyyesini-sagalda-bildimi\/#primaryimage"},"image":{"@id":"https:\/\/www.meydan.tv\/az\/article\/tebib-azerbaycan-sehiyyesini-sagalda-bildimi\/#primaryimage"},"thumbnailUrl":"https:\/\/www.meydan.tv\/wp-content\/uploads\/screenshot_86.png","datePublished":"2020-08-07T20:07:34+00:00","breadcrumb":{"@id":"https:\/\/www.meydan.tv\/az\/article\/tebib-azerbaycan-sehiyyesini-sagalda-bildimi\/#breadcrumb"},"inLanguage":"az","potentialAction":[{"@type":"ReadAction","target":["https:\/\/www.meydan.tv\/az\/article\/tebib-azerbaycan-sehiyyesini-sagalda-bildimi\/"]}]},{"@type":"ImageObject","inLanguage":"az","@id":"https:\/\/www.meydan.tv\/az\/article\/tebib-azerbaycan-sehiyyesini-sagalda-bildimi\/#primaryimage","url":"https:\/\/www.meydan.tv\/wp-content\/uploads\/screenshot_86.png","contentUrl":"https:\/\/www.meydan.tv\/wp-content\/uploads\/screenshot_86.png","width":1258,"height":705,"caption":"Source: Meydan TV"},{"@type":"BreadcrumbList","@id":"https:\/\/www.meydan.tv\/az\/article\/tebib-azerbaycan-sehiyyesini-sagalda-bildimi\/#breadcrumb","itemListElement":[{"@type":"ListItem","position":1,"name":"Ana s\u0259hif\u0259","item":"https:\/\/www.meydan.tv\/az\/"},{"@type":"ListItem","position":2,"name":"Video","item":"https:\/\/www.meydan.tv\/az\/section\/video-2\/"},{"@type":"ListItem","position":3,"name":"T\u018fB\u0130B Az\u0259rbaycan s\u0259hiyy\u0259sini sa\u011falda bildimi?"}]},{"@type":"WebSite","@id":"https:\/\/www.meydan.tv\/az\/#website","url":"https:\/\/www.meydan.tv\/az\/","name":"MEYDAN.TV","description":"Meydan TV Az\u0259rbaycan\u0131n media m\u0259kan\u0131ndak\u0131 alternativ s\u0259sidir","publisher":{"@id":"https:\/\/www.meydan.tv\/az\/#organization"},"potentialAction":[{"@type":"SearchAction","target":{"@type":"EntryPoint","urlTemplate":"https:\/\/www.meydan.tv\/az\/?s={search_term_string}"},"query-input":{"@type":"PropertyValueSpecification","valueRequired":true,"valueName":"search_term_string"}}],"inLanguage":"az"},{"@type":"Organization","@id":"https:\/\/www.meydan.tv\/az\/#organization","name":"Meydan TV","url":"https:\/\/www.meydan.tv\/az\/","logo":{"@type":"ImageObject","inLanguage":"az","@id":"https:\/\/www.meydan.tv\/az\/#\/schema\/logo\/image\/","url":"https:\/\/www.meydan.tv\/wp-content\/uploads\/2021\/07\/meydan-logo.svg","contentUrl":"https:\/\/www.meydan.tv\/wp-content\/uploads\/2021\/07\/meydan-logo.svg","width":195,"height":46,"caption":"Meydan TV"},"image":{"@id":"https:\/\/www.meydan.tv\/az\/#\/schema\/logo\/image\/"}},{"@type":"Person","@id":"https:\/\/www.meydan.tv\/az\/#\/schema\/person\/10d11eccf6da3662cf5fdab9806ea91a","name":"user-manager"}]}},"_links":{"self":[{"href":"https:\/\/www.meydan.tv\/az\/wp-json\/wp\/v2\/posts\/201860","targetHints":{"allow":["GET"]}}],"collection":[{"href":"https:\/\/www.meydan.tv\/az\/wp-json\/wp\/v2\/posts"}],"about":[{"href":"https:\/\/www.meydan.tv\/az\/wp-json\/wp\/v2\/types\/post"}],"author":[{"embeddable":true,"href":"https:\/\/www.meydan.tv\/az\/wp-json\/wp\/v2\/users\/11"}],"replies":[{"embeddable":true,"href":"https:\/\/www.meydan.tv\/az\/wp-json\/wp\/v2\/comments?post=201860"}],"version-history":[{"count":0,"href":"https:\/\/www.meydan.tv\/az\/wp-json\/wp\/v2\/posts\/201860\/revisions"}],"wp:featuredmedia":[{"embeddable":true,"href":"https:\/\/www.meydan.tv\/az\/wp-json\/wp\/v2\/media\/145848"}],"wp:attachment":[{"href":"https:\/\/www.meydan.tv\/az\/wp-json\/wp\/v2\/media?parent=201860"}],"wp:term":[{"taxonomy":"category","embeddable":true,"href":"https:\/\/www.meydan.tv\/az\/wp-json\/wp\/v2\/categories?post=201860"},{"taxonomy":"post_tag","embeddable":true,"href":"https:\/\/www.meydan.tv\/az\/wp-json\/wp\/v2\/tags?post=201860"}],"curies":[{"name":"wp","href":"https:\/\/api.w.org\/{rel}","templated":true}]}}