{"id":201849,"date":"2020-08-07T14:49:17","date_gmt":"2020-08-07T14:49:17","guid":{"rendered":"https:\/\/www.meydan.tv\/article\/ev-tikmemek-ucun-behaneler-uydururlar\/"},"modified":"2020-08-07T14:49:17","modified_gmt":"2020-08-07T14:49:17","slug":"ev-tikmemek-ucun-behaneler-uydururlar","status":"publish","type":"post","link":"https:\/\/www.meydan.tv\/az\/article\/ev-tikmemek-ucun-behaneler-uydururlar\/","title":{"rendered":"\u201cEv tikm\u0259m\u0259k \u00fc\u00e7\u00fcn b\u0259han\u0259l\u0259r uydururlar\u201d"},"content":{"rendered":"<p>\n  <i><br \/>\n    Meys\u0259ri sakini deyir, z\u0259lz\u0259l\u0259d\u0259n q\u0259zal\u0131 v\u0259ziyy\u0259t\u0259 d\u00fc\u015fm\u00fc\u015f evin h\u0259r an ba\u015flar\u0131na u\u00e7maq t\u0259hl\u00fck\u0259si var<br \/>\n  <\/i>\n<\/p>\n<p>\n  \u201cN\u0259v\u0259l\u0259rim, n\u0259tic\u0259l\u0259rim \u2013 ham\u0131m\u0131z bu dam\u0131n alt\u0131nda ya\u015fay\u0131r\u0131q. Bir g\u00fcn da\u011f\u0131lacaq, alt\u0131nda qalaca\u011f\u0131q\u201d.\n<\/p>\n<p>\n  Bunu Meydan TV-y\u0259 \u015eamax\u0131n\u0131n Meys\u0259ri k\u0259ndinin sakini, 83 ya\u015fl\u0131 \u018fkb\u0259r \u015eirinov deyir. Onun s\u00f6zl\u0259rin\u0259 g\u00f6r\u0259, haz\u0131rda q\u0259zal\u0131 v\u0259ziyy\u0259td\u0259 olan evin divarlar\u0131 1960-c\u0131 ill\u0259rd\u0259 \u00e7ay da\u015flar\u0131ndan v\u0259 pal\u00e7\u0131qdan h\u00f6r\u00fcl\u00fcb. Vaxta\u015f\u0131r\u0131 ba\u015f ver\u0259n t\u0259kanlardan, z\u0259rz\u0259l\u0259l\u0259rd\u0259n yarars\u0131z v\u0259ziyy\u0259t\u0259 d\u00fc\u015f\u00fcb. 2019-cu ilin fevral\u0131ndak\u0131 z\u0259lz\u0259l\u0259d\u0259n sonra is\u0259 bu evd\u0259 ya\u015famaq m\u00fcmk\u00fcn deyil. \u018fkb\u0259r \u015eirinov deyir, getm\u0259y\u0259 yeri olmayan b\u00f6y\u00fck bir ail\u0259 nec\u0259 dey\u0259rl\u0259r, \u00f6l\u00fcml\u0259 bir yerd\u0259 ya\u015fama\u011fa m\u0259hkumdur.\n<\/p>\n<p>\n  <b><br \/>\n    \u201cYar\u0131qlardan evin \u00e7\u00f6l\u00fc g\u00f6r\u00fcn\u00fcr\u201d<br \/>\n  <\/b>\n<\/p>\n<p>\n  \u201c9 n\u0259f\u0259r da\u015flar\u0131n alt\u0131nda qalaca\u011f\u0131 g\u00fcn\u00fc g\u00f6zl\u0259y\u00fcr. \u00d6z\u00fcm d\u0259, ail\u0259 \u00fczvl\u0259rim d\u0259 x\u0259st\u0259dir, evi d\u00fcz\u0259ltm\u0259y\u0259, ba\u015fqa yerd\u0259 ev tikm\u0259y\u0259 imkan\u0131m\u0131z yoxdur. \u0130\u015f oras\u0131ndad\u0131r, bu ev he\u00e7 d\u00fcz\u0259l\u0259si d\u0259 deyil. Divardak\u0131 yar\u0131qlardan evin \u00e7\u00f6l t\u0259r\u0259fi g\u00f6r\u00fcn\u00fcr. Q\u0131\u015fda o yar\u0131qlar\u0131n aras\u0131n\u0131 \u0259ski par\u00e7alar\u0131 il\u0259 ba\u011flay\u0131r\u0131q. Yayda yar\u0131qlardan ev\u0259 ilan, qurd-qu\u015f girir\u201d, &#8211; \u015fikay\u0259t\u00e7i deyir.\n<\/p>\n<p>\n  \u018fkb\u0259r \u015eirinovun s\u00f6zl\u0259rin\u0259 g\u00f6r\u0259, 2019-cu ilin fevral\u0131nda ba\u015f vermi\u015f z\u0259lz\u0259l\u0259d\u0259n sonra ev\u0259 d\u0259f\u0259l\u0259rl\u0259 bax\u0131\u015f ke\u00e7irils\u0259 d\u0259, he\u00e7 bir t\u0259dbir g\u00f6r\u00fclm\u0259yib:\n<\/p>\n<p>\n  \u201c\u018fvv\u0259l dedil\u0259r, evi t\u0259mir-b\u0259rpa etm\u0259k laz\u0131md\u0131r. Biz d\u0259 dedik, \u00e7ay da\u015f\u0131ndan, pal\u00e7\u0131qdan h\u00f6r\u00fcl\u0259n, \u00f6z\u00fcl\u00fc olmayan evin hans\u0131 b\u0259rpas\u0131ndan s\u00f6hb\u0259t ged\u0259 bil\u0259r? Sonra ikinci b\u0259han\u0259ni g\u0259tirdil\u0259r ki, \u00f6z\u00fcn\u00fcz ev\u0259 m\u00fcdaxil\u0259 etmisiz, biz daha he\u00e7 n\u0259 ed\u0259 bilm\u0259rik. Biz ev\u0259 t\u0259krar bax\u0131\u015f ke\u00e7irilm\u0259sini t\u0259l\u0259b etdik. Bax\u0131\u015f ke\u00e7irildi v\u0259 t\u0259sdiql\u0259ndi ki, ev\u0259 he\u00e7 bir m\u00fcdaxil\u0259 olunmay\u0131b. Bir s\u00f6zl\u0259, 1 il 6 ayd\u0131r ki, ev tikm\u0259m\u0259k \u00fc\u00e7\u00fcn a\u011f\u0131la g\u0259l\u0259n v\u0259 g\u0259lm\u0259y\u0259n h\u0259r c\u00fcr b\u0259han\u0259ni uydururlar. Halbuki, bu z\u0259lz\u0259l\u0259d\u0259n z\u0259r\u0259r \u00e7\u0259kmi\u015f evl\u0259rin yerind\u0259 yenisinin tikilm\u0259si \u00fc\u00e7\u00fcn d\u00f6vl\u0259t b\u00fcdc\u0259sind\u0259n milyonlarla manat ayr\u0131l\u0131b. Bildiyimiz\u0259 g\u00f6r\u0259, bu m\u0259s\u0259l\u0259 Prezidentin n\u0259zar\u0259tind\u0259dir, h\u0259tta \u0130lham \u018fliyev buna g\u00f6r\u0259 bir ne\u00e7\u0259 d\u0259f\u0259 \u015eamax\u0131da da olub. Buradan Prezident\u0259 s\u0259sl\u0259nirik, Meys\u0259rid\u0259 ikim\u0259rt\u0259b\u0259li evi olan v\u0259 he\u00e7 bir z\u0259r\u0259r \u00e7\u0259km\u0259y\u0259n adamlar var ki, onlara \u015eamax\u0131 \u015f\u0259h\u0259rind\u0259 tikilmi\u015f binalardan m\u0259nzill\u0259r verilib. Ancaq bizim kimi k\u00f6m\u0259ksiz insanlar ortal\u0131qda qal\u0131b\u201d.\n<\/p>\n<figure class=\"wp-block-image size-large\">\n  <img decoding=\"async\" src=\"https:\/\/www.meydan.tv\/az\/untitled_design__73_-png\/\" alt=\"untitled_design__73_.png\" class=\"wp-image-145830\"\/><figcaption>\n    &#8220;Biz ev\u0259 t\u0259krar bax\u0131\u015f  ke\u00e7irilm\u0259sini t\u0259l\u0259b etdik&#8221;.<br \/>\n  <\/figcaption><\/figure>\n<p>\n  <b><br \/>\n    \u201c\u0130cra hakimiyy\u0259tinin qap\u0131s\u0131ndan qovuluruq\u201d<br \/>\n  <\/b>\n<\/p>\n<p>\n  \u018fkb\u0259r \u015eirinovun s\u00f6zl\u0259rin\u0259 g\u00f6r\u0259, h\u0259m o, h\u0259m d\u0259 dig\u0259r ail\u0259 \u00fczvl\u0259ri m\u0259s\u0259l\u0259 il\u0259 ba\u011fl\u0131 d\u0259f\u0259l\u0259rl\u0259 \u015eamax\u0131 Rayon \u0130cra Hakimiyy\u0259tind\u0259 olublar. Ancaq h\u0259r d\u0259f\u0259 onlara bildirilib ki, bu m\u0259s\u0259l\u0259 il\u0259 m\u0259\u015f\u011ful olmaq qurumun v\u0259zif\u0259si deyil:\n<\/p>\n<p>\n  \u201c\u0130ki g\u00fcn \u0259vv\u0259l ail\u0259 \u00fczvl\u0259rim yen\u0259 icra hakimiyy\u0259tin\u0259 getmi\u015fdi. H\u0259mi\u015f\u0259ki kimi, yen\u0259 d\u0259 qap\u0131dan geri g\u00f6nd\u0259ribl\u0259r. Yen\u0259 deyibl\u0259r ki, bu i\u015f bizlik deyil. Ola bilsin ki, bu i\u015f onlarl\u0131q olmas\u0131n. Ancaq b\u00fct\u00fcn hallarda bizi geri qaytarmamal\u0131d\u0131rlar. \u0130cra hakimiyy\u0259ti h\u0259yat\u0131 t\u0259hl\u00fck\u0259d\u0259 olan sakinl\u0259rin problemini aidiyy\u0259ti qurumlara \u00e7atd\u0131rmal\u0131d\u0131r. V\u0259t\u0259nda\u015f yax\u0131nla\u015f\u0131r icra hakimiyy\u0259tin\u0259, 9 n\u0259f\u0259rin h\u0259yat\u0131 t\u0259hl\u00fck\u0259d\u0259dir deyir, icra hakimiyy\u0259ti \u201cm\u0259nlik deyil\u201d deyib, qap\u0131dan qovur. \u0130cra hakimiyy\u0259ti v\u0259t\u0259nda\u015f\u0131 qap\u0131dan qovmamal\u0131d\u0131r, \u00f6lk\u0259 ba\u015f\u00e7\u0131s\u0131 ona inan\u0131b, ba\u015f\u0131m\u0131z\u0131n \u00fcst\u00fcn\u0259 t\u0259yin edib. \u018fn az\u0131, aidiyy\u0259ti quruma m\u00fcraci\u0259t m\u0259ktub g\u00f6nd\u0259rsin, t\u0259l\u0259b etsin ki, \u0259razimd\u0259ki ail\u0259nin h\u0259yat\u0131 t\u0259hl\u00fck\u0259d\u0259dir, g\u0259l, v\u0259zif\u0259n\u0259 d\u00fc\u015f\u0259ni et. Bizim icra hakimiyy\u0259tl\u0259rind\u0259 \u201cm\u0259nlik deyil\u201d dem\u0259kl\u0259, sanki y\u00fckd\u0259n azad olurlar\u201d.\n<\/p>\n<p>\n  <b><br \/>\n    \u201cYeni binalardan m\u0259nzil t\u0259l\u0259b edirl\u0259r\u201d<br \/>\n  <\/b>\n<\/p>\n<p>\n  \u015eamax\u0131 Rayon \u0130cra Hakimiyy\u0259tind\u0259n Meydan TV-y\u0259 bildirilib ki, F\u00f6vq\u0259lad\u0259 Hallar Nazirliyinin m\u00fcvafiq komissiyas\u0131 \u018fkb\u0259r \u015eirinova evin \u0259sasl\u0131 t\u0259mir-b\u0259rpas\u0131n\u0131 t\u0259klif ets\u0259 d\u0259, o, raz\u0131la\u015fmay\u0131b. \u015eamax\u0131 \u015f\u0259h\u0259rind\u0259 tikilmi\u015f binalardan m\u0259nzil verilm\u0259sini ist\u0259yib. V\u0259t\u0259nda\u015fa bildirilib ki, h\u0259min binalar \u015eamax\u0131n\u0131n k\u0259ndl\u0259rind\u0259ki yox, rayon m\u0259rk\u0259zind\u0259ki da\u011f\u0131lm\u0131\u015f evl\u0259rin \u0259v\u0259zi kimi tikil\u0259r\u0259k istifad\u0259y\u0259 verilib. H\u0259r d\u0259f\u0259 eyni t\u0259l\u0259bl\u0259 quruma m\u00fcraci\u0259t ed\u0259n \u015eirinovlar ail\u0259si d\u0259f\u0259l\u0259rl\u0259 F\u00f6vq\u0259lad\u0259 Hallar Komissiyas\u0131na y\u00f6nl\u0259ndirilib.\n<\/p>\n<p>\n  \u00d6t\u0259n il fevral\u0131n 5-d\u0259 Pirqulu stansiyas\u0131ndan 7 km c\u0259nubda, A\u011fsu \u0259razisind\u0259 4,4 bal g\u00fcc\u00fcnd\u0259 z\u0259lz\u0259l\u0259 qeyd\u0259 al\u0131n\u0131b. H\u0259min z\u0259lz\u0259l\u0259 episentrd\u0259 5 bala yax\u0131n, \u0259traf rayonlarda 4,3 bala q\u0259d\u0259r hiss olunub. H\u0259min g\u00fcn Pirqulu stansiyas\u0131ndan 9 km c\u0259nub-q\u0259rbd\u0259, \u0130smay\u0131ll\u0131 \u0259razisind\u0259 z\u0259lz\u0259l\u0259 qeyd\u0259 al\u0131n\u0131b. Fevral\u0131n 9-da v\u0259 11-d\u0259 d\u0259 Pirqulu stansiyas\u0131ndan 8 v\u0259 9 km c\u0259nub-q\u0259rbd\u0259 v\u0259 q\u0259rbd\u0259 yeralt\u0131 t\u0259kanlar ba\u015f verib. Z\u0259lz\u0259l\u0259 zaman\u0131 \u015eamax\u0131, A\u011fsu v\u0259 \u0130smay\u0131ll\u0131da da\u011f\u0131nt\u0131lar qeyd\u0259 al\u0131n\u0131b. \u018fn \u00e7ox z\u0259r\u0259r is\u0259 \u015eamax\u0131 \u015f\u0259h\u0259rind\u0259ki evl\u0259r\u0259 d\u0259yib.\n<\/p>\n<p>\n  2019-cu ilin fevral\u0131nda \u015eamax\u0131da ba\u015f vermi\u015f z\u0259lz\u0259l\u0259d\u0259n sonra Prezident \u0130lham \u018fliyev v\u0259 Birinci vitse-prezident Mehriban \u018fliyeva bir ne\u00e7\u0259 d\u0259f\u0259 \u015eamax\u0131ya s\u0259f\u0259r edibl\u0259r. Z\u0259lz\u0259l\u0259d\u0259n z\u0259r\u0259r \u00e7\u0259kmi\u015f sakinl\u0259rl\u0259 g\u00f6r\u00fc\u015f\u00fcbl\u0259r, onlara evl\u0259rinin b\u0259rpa edil\u0259c\u0259yini, b\u0259rpas\u0131 m\u00fcmk\u00fcn olmayan evl\u0259rin is\u0259 yenid\u0259n tikil\u0259c\u0259yini bildiribl\u0259r. Buna g\u00f6r\u0259 d\u00f6vl\u0259t b\u00fcdc\u0259sind\u0259n milyonlarla pul v\u0259saiti ayr\u0131l\u0131b, binalar tikilib. Ancaq \u015eamax\u0131n\u0131n k\u0259ndl\u0259rind\u0259 ya\u015fayanlar z\u0259lz\u0259l\u0259d\u0259n q\u0259zal\u0131 v\u0259ziyy\u0259t\u0259 d\u00fc\u015fm\u00fc\u015f y\u00fczl\u0259rl\u0259 evin h\u0259l\u0259 d\u0259 t\u0259mir-b\u0259rpa olunmad\u0131\u011f\u0131n\u0131, tamamil\u0259 b\u0259rbar v\u0259ziyy\u0259t\u0259 d\u00fc\u015fm\u00fc\u015f xeyli evin yerind\u0259 h\u0259l\u0259 d\u0259 yenil\u0259rinin tikilm\u0259diyini bildirirl\u0259r.<\/p>\n","protected":false},"excerpt":{"rendered":"<p>&#8220;H\u0259mi\u015f\u0259ki kimi, yen\u0259 d\u0259 qap\u0131dan geri g\u00f6nd\u0259ribl\u0259r&#8221;<\/p>\n","protected":false},"author":11,"featured_media":145836,"comment_status":"closed","ping_status":"open","sticky":false,"template":"","format":"standard","meta":{"_acf_changed":false,"_sitemap_exclude":false,"_sitemap_priority":"","_sitemap_frequency":"","footnotes":""},"categories":[60],"tags":[],"class_list":["post-201849","post","type-post","status-publish","format-standard","has-post-thumbnail","hentry","category-bolge","infinite-scroll-item","generate-columns","tablet-grid-50","mobile-grid-100","grid-parent","grid-33","no-featured-image-padding"],"acf":[],"yoast_head":"<!-- This site is optimized with the Yoast SEO plugin v27.5 - https:\/\/yoast.com\/product\/yoast-seo-wordpress\/ -->\n<title>\u201cEv tikm\u0259m\u0259k \u00fc\u00e7\u00fcn b\u0259han\u0259l\u0259r uydururlar\u201d - MEYDAN.TV<\/title>\n<meta name=\"robots\" content=\"index, follow, max-snippet:-1, max-image-preview:large, max-video-preview:-1\" \/>\n<link rel=\"canonical\" href=\"https:\/\/www.meydan.tv\/az\/article\/ev-tikmemek-ucun-behaneler-uydururlar\/\" \/>\n<meta property=\"og:locale\" content=\"az_AZ\" \/>\n<meta property=\"og:type\" content=\"article\" \/>\n<meta property=\"og:title\" content=\"\u201cEv tikm\u0259m\u0259k \u00fc\u00e7\u00fcn b\u0259han\u0259l\u0259r uydururlar\u201d - MEYDAN.TV\" \/>\n<meta property=\"og:description\" content=\"&quot;H\u0259mi\u015f\u0259ki kimi, yen\u0259 d\u0259 qap\u0131dan geri g\u00f6nd\u0259ribl\u0259r&quot;\" \/>\n<meta property=\"og:url\" content=\"https:\/\/www.meydan.tv\/az\/article\/ev-tikmemek-ucun-behaneler-uydururlar\/\" \/>\n<meta property=\"og:site_name\" content=\"MEYDAN.TV\" \/>\n<meta property=\"article:published_time\" content=\"2020-08-07T14:49:17+00:00\" \/>\n<meta property=\"og:image\" content=\"https:\/\/www.meydan.tv\/wp-content\/uploads\/untitled_design__74_.png\" \/>\n\t<meta property=\"og:image:width\" content=\"1280\" \/>\n\t<meta property=\"og:image:height\" content=\"720\" \/>\n\t<meta property=\"og:image:type\" content=\"image\/png\" \/>\n<meta name=\"author\" content=\"user-manager\" \/>\n<meta name=\"twitter:card\" content=\"summary_large_image\" \/>\n<script type=\"application\/ld+json\" class=\"yoast-schema-graph\">{\"@context\":\"https:\\\/\\\/schema.org\",\"@graph\":[{\"@type\":\"Article\",\"@id\":\"https:\\\/\\\/www.meydan.tv\\\/az\\\/article\\\/ev-tikmemek-ucun-behaneler-uydururlar\\\/#article\",\"isPartOf\":{\"@id\":\"https:\\\/\\\/www.meydan.tv\\\/az\\\/article\\\/ev-tikmemek-ucun-behaneler-uydururlar\\\/\"},\"author\":{\"name\":\"user-manager\",\"@id\":\"https:\\\/\\\/www.meydan.tv\\\/az\\\/#\\\/schema\\\/person\\\/10d11eccf6da3662cf5fdab9806ea91a\"},\"headline\":\"\u201cEv tikm\u0259m\u0259k \u00fc\u00e7\u00fcn b\u0259han\u0259l\u0259r uydururlar\u201d\",\"datePublished\":\"2020-08-07T14:49:17+00:00\",\"mainEntityOfPage\":{\"@id\":\"https:\\\/\\\/www.meydan.tv\\\/az\\\/article\\\/ev-tikmemek-ucun-behaneler-uydururlar\\\/\"},\"wordCount\":1181,\"publisher\":{\"@id\":\"https:\\\/\\\/www.meydan.tv\\\/az\\\/#organization\"},\"image\":{\"@id\":\"https:\\\/\\\/www.meydan.tv\\\/az\\\/article\\\/ev-tikmemek-ucun-behaneler-uydururlar\\\/#primaryimage\"},\"thumbnailUrl\":\"https:\\\/\\\/www.meydan.tv\\\/wp-content\\\/uploads\\\/untitled_design__74_.png\",\"articleSection\":[\"B\u00f6lg\u0259\"],\"inLanguage\":\"az\"},{\"@type\":\"WebPage\",\"@id\":\"https:\\\/\\\/www.meydan.tv\\\/az\\\/article\\\/ev-tikmemek-ucun-behaneler-uydururlar\\\/\",\"url\":\"https:\\\/\\\/www.meydan.tv\\\/az\\\/article\\\/ev-tikmemek-ucun-behaneler-uydururlar\\\/\",\"name\":\"\u201cEv tikm\u0259m\u0259k \u00fc\u00e7\u00fcn b\u0259han\u0259l\u0259r uydururlar\u201d - MEYDAN.TV\",\"isPartOf\":{\"@id\":\"https:\\\/\\\/www.meydan.tv\\\/az\\\/#website\"},\"primaryImageOfPage\":{\"@id\":\"https:\\\/\\\/www.meydan.tv\\\/az\\\/article\\\/ev-tikmemek-ucun-behaneler-uydururlar\\\/#primaryimage\"},\"image\":{\"@id\":\"https:\\\/\\\/www.meydan.tv\\\/az\\\/article\\\/ev-tikmemek-ucun-behaneler-uydururlar\\\/#primaryimage\"},\"thumbnailUrl\":\"https:\\\/\\\/www.meydan.tv\\\/wp-content\\\/uploads\\\/untitled_design__74_.png\",\"datePublished\":\"2020-08-07T14:49:17+00:00\",\"breadcrumb\":{\"@id\":\"https:\\\/\\\/www.meydan.tv\\\/az\\\/article\\\/ev-tikmemek-ucun-behaneler-uydururlar\\\/#breadcrumb\"},\"inLanguage\":\"az\",\"potentialAction\":[{\"@type\":\"ReadAction\",\"target\":[\"https:\\\/\\\/www.meydan.tv\\\/az\\\/article\\\/ev-tikmemek-ucun-behaneler-uydururlar\\\/\"]}]},{\"@type\":\"ImageObject\",\"inLanguage\":\"az\",\"@id\":\"https:\\\/\\\/www.meydan.tv\\\/az\\\/article\\\/ev-tikmemek-ucun-behaneler-uydururlar\\\/#primaryimage\",\"url\":\"https:\\\/\\\/www.meydan.tv\\\/wp-content\\\/uploads\\\/untitled_design__74_.png\",\"contentUrl\":\"https:\\\/\\\/www.meydan.tv\\\/wp-content\\\/uploads\\\/untitled_design__74_.png\",\"width\":1280,\"height\":720,\"caption\":\"Source: Specify Source\"},{\"@type\":\"BreadcrumbList\",\"@id\":\"https:\\\/\\\/www.meydan.tv\\\/az\\\/article\\\/ev-tikmemek-ucun-behaneler-uydururlar\\\/#breadcrumb\",\"itemListElement\":[{\"@type\":\"ListItem\",\"position\":1,\"name\":\"Ana s\u0259hif\u0259\",\"item\":\"https:\\\/\\\/www.meydan.tv\\\/az\\\/\"},{\"@type\":\"ListItem\",\"position\":2,\"name\":\"B\u00f6lg\u0259\",\"item\":\"https:\\\/\\\/www.meydan.tv\\\/az\\\/section\\\/bolge\\\/\"},{\"@type\":\"ListItem\",\"position\":3,\"name\":\"\u201cEv tikm\u0259m\u0259k \u00fc\u00e7\u00fcn b\u0259han\u0259l\u0259r uydururlar\u201d\"}]},{\"@type\":\"WebSite\",\"@id\":\"https:\\\/\\\/www.meydan.tv\\\/az\\\/#website\",\"url\":\"https:\\\/\\\/www.meydan.tv\\\/az\\\/\",\"name\":\"MEYDAN.TV\",\"description\":\"Meydan TV Az\u0259rbaycan\u0131n media m\u0259kan\u0131ndak\u0131 alternativ s\u0259sidir\",\"publisher\":{\"@id\":\"https:\\\/\\\/www.meydan.tv\\\/az\\\/#organization\"},\"potentialAction\":[{\"@type\":\"SearchAction\",\"target\":{\"@type\":\"EntryPoint\",\"urlTemplate\":\"https:\\\/\\\/www.meydan.tv\\\/az\\\/?s={search_term_string}\"},\"query-input\":{\"@type\":\"PropertyValueSpecification\",\"valueRequired\":true,\"valueName\":\"search_term_string\"}}],\"inLanguage\":\"az\"},{\"@type\":\"Organization\",\"@id\":\"https:\\\/\\\/www.meydan.tv\\\/az\\\/#organization\",\"name\":\"Meydan TV\",\"url\":\"https:\\\/\\\/www.meydan.tv\\\/az\\\/\",\"logo\":{\"@type\":\"ImageObject\",\"inLanguage\":\"az\",\"@id\":\"https:\\\/\\\/www.meydan.tv\\\/az\\\/#\\\/schema\\\/logo\\\/image\\\/\",\"url\":\"https:\\\/\\\/www.meydan.tv\\\/wp-content\\\/uploads\\\/2021\\\/07\\\/meydan-logo.svg\",\"contentUrl\":\"https:\\\/\\\/www.meydan.tv\\\/wp-content\\\/uploads\\\/2021\\\/07\\\/meydan-logo.svg\",\"width\":195,\"height\":46,\"caption\":\"Meydan TV\"},\"image\":{\"@id\":\"https:\\\/\\\/www.meydan.tv\\\/az\\\/#\\\/schema\\\/logo\\\/image\\\/\"}},{\"@type\":\"Person\",\"@id\":\"https:\\\/\\\/www.meydan.tv\\\/az\\\/#\\\/schema\\\/person\\\/10d11eccf6da3662cf5fdab9806ea91a\",\"name\":\"user-manager\"}]}<\/script>\n<!-- \/ Yoast SEO plugin. -->","yoast_head_json":{"title":"\u201cEv tikm\u0259m\u0259k \u00fc\u00e7\u00fcn b\u0259han\u0259l\u0259r uydururlar\u201d - MEYDAN.TV","robots":{"index":"index","follow":"follow","max-snippet":"max-snippet:-1","max-image-preview":"max-image-preview:large","max-video-preview":"max-video-preview:-1"},"canonical":"https:\/\/www.meydan.tv\/az\/article\/ev-tikmemek-ucun-behaneler-uydururlar\/","og_locale":"az_AZ","og_type":"article","og_title":"\u201cEv tikm\u0259m\u0259k \u00fc\u00e7\u00fcn b\u0259han\u0259l\u0259r uydururlar\u201d - MEYDAN.TV","og_description":"\"H\u0259mi\u015f\u0259ki kimi, yen\u0259 d\u0259 qap\u0131dan geri g\u00f6nd\u0259ribl\u0259r\"","og_url":"https:\/\/www.meydan.tv\/az\/article\/ev-tikmemek-ucun-behaneler-uydururlar\/","og_site_name":"MEYDAN.TV","article_published_time":"2020-08-07T14:49:17+00:00","og_image":[{"width":1280,"height":720,"url":"https:\/\/www.meydan.tv\/wp-content\/uploads\/untitled_design__74_.png","type":"image\/png"}],"author":"user-manager","twitter_card":"summary_large_image","schema":{"@context":"https:\/\/schema.org","@graph":[{"@type":"Article","@id":"https:\/\/www.meydan.tv\/az\/article\/ev-tikmemek-ucun-behaneler-uydururlar\/#article","isPartOf":{"@id":"https:\/\/www.meydan.tv\/az\/article\/ev-tikmemek-ucun-behaneler-uydururlar\/"},"author":{"name":"user-manager","@id":"https:\/\/www.meydan.tv\/az\/#\/schema\/person\/10d11eccf6da3662cf5fdab9806ea91a"},"headline":"\u201cEv tikm\u0259m\u0259k \u00fc\u00e7\u00fcn b\u0259han\u0259l\u0259r uydururlar\u201d","datePublished":"2020-08-07T14:49:17+00:00","mainEntityOfPage":{"@id":"https:\/\/www.meydan.tv\/az\/article\/ev-tikmemek-ucun-behaneler-uydururlar\/"},"wordCount":1181,"publisher":{"@id":"https:\/\/www.meydan.tv\/az\/#organization"},"image":{"@id":"https:\/\/www.meydan.tv\/az\/article\/ev-tikmemek-ucun-behaneler-uydururlar\/#primaryimage"},"thumbnailUrl":"https:\/\/www.meydan.tv\/wp-content\/uploads\/untitled_design__74_.png","articleSection":["B\u00f6lg\u0259"],"inLanguage":"az"},{"@type":"WebPage","@id":"https:\/\/www.meydan.tv\/az\/article\/ev-tikmemek-ucun-behaneler-uydururlar\/","url":"https:\/\/www.meydan.tv\/az\/article\/ev-tikmemek-ucun-behaneler-uydururlar\/","name":"\u201cEv tikm\u0259m\u0259k \u00fc\u00e7\u00fcn b\u0259han\u0259l\u0259r uydururlar\u201d - MEYDAN.TV","isPartOf":{"@id":"https:\/\/www.meydan.tv\/az\/#website"},"primaryImageOfPage":{"@id":"https:\/\/www.meydan.tv\/az\/article\/ev-tikmemek-ucun-behaneler-uydururlar\/#primaryimage"},"image":{"@id":"https:\/\/www.meydan.tv\/az\/article\/ev-tikmemek-ucun-behaneler-uydururlar\/#primaryimage"},"thumbnailUrl":"https:\/\/www.meydan.tv\/wp-content\/uploads\/untitled_design__74_.png","datePublished":"2020-08-07T14:49:17+00:00","breadcrumb":{"@id":"https:\/\/www.meydan.tv\/az\/article\/ev-tikmemek-ucun-behaneler-uydururlar\/#breadcrumb"},"inLanguage":"az","potentialAction":[{"@type":"ReadAction","target":["https:\/\/www.meydan.tv\/az\/article\/ev-tikmemek-ucun-behaneler-uydururlar\/"]}]},{"@type":"ImageObject","inLanguage":"az","@id":"https:\/\/www.meydan.tv\/az\/article\/ev-tikmemek-ucun-behaneler-uydururlar\/#primaryimage","url":"https:\/\/www.meydan.tv\/wp-content\/uploads\/untitled_design__74_.png","contentUrl":"https:\/\/www.meydan.tv\/wp-content\/uploads\/untitled_design__74_.png","width":1280,"height":720,"caption":"Source: Specify Source"},{"@type":"BreadcrumbList","@id":"https:\/\/www.meydan.tv\/az\/article\/ev-tikmemek-ucun-behaneler-uydururlar\/#breadcrumb","itemListElement":[{"@type":"ListItem","position":1,"name":"Ana s\u0259hif\u0259","item":"https:\/\/www.meydan.tv\/az\/"},{"@type":"ListItem","position":2,"name":"B\u00f6lg\u0259","item":"https:\/\/www.meydan.tv\/az\/section\/bolge\/"},{"@type":"ListItem","position":3,"name":"\u201cEv tikm\u0259m\u0259k \u00fc\u00e7\u00fcn b\u0259han\u0259l\u0259r uydururlar\u201d"}]},{"@type":"WebSite","@id":"https:\/\/www.meydan.tv\/az\/#website","url":"https:\/\/www.meydan.tv\/az\/","name":"MEYDAN.TV","description":"Meydan TV Az\u0259rbaycan\u0131n media m\u0259kan\u0131ndak\u0131 alternativ s\u0259sidir","publisher":{"@id":"https:\/\/www.meydan.tv\/az\/#organization"},"potentialAction":[{"@type":"SearchAction","target":{"@type":"EntryPoint","urlTemplate":"https:\/\/www.meydan.tv\/az\/?s={search_term_string}"},"query-input":{"@type":"PropertyValueSpecification","valueRequired":true,"valueName":"search_term_string"}}],"inLanguage":"az"},{"@type":"Organization","@id":"https:\/\/www.meydan.tv\/az\/#organization","name":"Meydan TV","url":"https:\/\/www.meydan.tv\/az\/","logo":{"@type":"ImageObject","inLanguage":"az","@id":"https:\/\/www.meydan.tv\/az\/#\/schema\/logo\/image\/","url":"https:\/\/www.meydan.tv\/wp-content\/uploads\/2021\/07\/meydan-logo.svg","contentUrl":"https:\/\/www.meydan.tv\/wp-content\/uploads\/2021\/07\/meydan-logo.svg","width":195,"height":46,"caption":"Meydan TV"},"image":{"@id":"https:\/\/www.meydan.tv\/az\/#\/schema\/logo\/image\/"}},{"@type":"Person","@id":"https:\/\/www.meydan.tv\/az\/#\/schema\/person\/10d11eccf6da3662cf5fdab9806ea91a","name":"user-manager"}]}},"_links":{"self":[{"href":"https:\/\/www.meydan.tv\/az\/wp-json\/wp\/v2\/posts\/201849","targetHints":{"allow":["GET"]}}],"collection":[{"href":"https:\/\/www.meydan.tv\/az\/wp-json\/wp\/v2\/posts"}],"about":[{"href":"https:\/\/www.meydan.tv\/az\/wp-json\/wp\/v2\/types\/post"}],"author":[{"embeddable":true,"href":"https:\/\/www.meydan.tv\/az\/wp-json\/wp\/v2\/users\/11"}],"replies":[{"embeddable":true,"href":"https:\/\/www.meydan.tv\/az\/wp-json\/wp\/v2\/comments?post=201849"}],"version-history":[{"count":0,"href":"https:\/\/www.meydan.tv\/az\/wp-json\/wp\/v2\/posts\/201849\/revisions"}],"wp:featuredmedia":[{"embeddable":true,"href":"https:\/\/www.meydan.tv\/az\/wp-json\/wp\/v2\/media\/145836"}],"wp:attachment":[{"href":"https:\/\/www.meydan.tv\/az\/wp-json\/wp\/v2\/media?parent=201849"}],"wp:term":[{"taxonomy":"category","embeddable":true,"href":"https:\/\/www.meydan.tv\/az\/wp-json\/wp\/v2\/categories?post=201849"},{"taxonomy":"post_tag","embeddable":true,"href":"https:\/\/www.meydan.tv\/az\/wp-json\/wp\/v2\/tags?post=201849"}],"curies":[{"name":"wp","href":"https:\/\/api.w.org\/{rel}","templated":true}]}}