{"id":201838,"date":"2020-08-07T10:28:40","date_gmt":"2020-08-07T10:28:40","guid":{"rendered":"https:\/\/www.meydan.tv\/article\/cicililer-umid-edirik-usaqlarimiz-yeni-tedris-ilinde-kohne-mehkebe-getmeyecek\/"},"modified":"2020-08-07T10:28:40","modified_gmt":"2020-08-07T10:28:40","slug":"cicililer-umid-edirik-usaqlarimiz-yeni-tedris-ilinde-kohne-mehkebe-getmeyecek","status":"publish","type":"post","link":"https:\/\/www.meydan.tv\/az\/article\/cicililer-umid-edirik-usaqlarimiz-yeni-tedris-ilinde-kohne-mehkebe-getmeyecek\/","title":{"rendered":"\u00c7i\u00e7ilil\u0259r: \u00dcmid edirik u\u015faqlar\u0131m\u0131z yeni t\u0259dris ilind\u0259 k\u00f6hn\u0259 m\u0259kt\u0259b\u0259 getm\u0259y\u0259c\u0259k"},"content":{"rendered":"<p>\n  \u201c<br \/>\n  <i><br \/>\n    Bizim m\u0259kt\u0259bin binas\u0131 m\u00fcst\u0259qil Az\u0259rbaycan\u0131m\u0131za yara\u015fm\u0131r\u201d<br \/>\n  <\/i>\n<\/p>\n<p>\n  Quban\u0131n \u00c7i\u00e7i k\u0259ndind\u0259ki m\u0259kt\u0259b 1983-c\u00fc ild\u0259 tikilib. Haz\u0131rda is\u0259 q\u0259zal\u0131 v\u0259ziyy\u0259td\u0259dir. H\u0259l\u0259lik, yeni m\u0259kt\u0259b binas\u0131n\u0131n tikintisi bar\u0259d\u0259 d\u0259qiq n\u0259s\u0259 dey\u0259n yoxdur. Valideynl\u0259r deyirl\u0259r ki, yeni t\u0259dris ilind\u0259 \u00f6vladlar\u0131n\u0131n h\u0259min k\u00f6hn\u0259, \u015f\u0259raitsiz, q\u0259zal\u0131 m\u0259kt\u0259b binas\u0131nda t\u0259hsil almalar\u0131n\u0131 ist\u0259mirl\u0259r.\n<\/p>\n<p>\n  Meydan TV-y\u0259 dan\u0131\u015fan k\u0259nd sakinl\u0259ri bildirirl\u0259r ki, h\u0259r il d\u00f6vl\u0259t b\u00f6lg\u0259l\u0259rd\u0259 yeni m\u0259kt\u0259b binalar\u0131 tikir, bunu televiziyalarda g\u00f6st\u0259rir. H\u0259min m\u0259kt\u0259b binas\u0131n\u0131n biri d\u0259 onlar\u0131n k\u0259ndind\u0259 tikils\u0259, \u00e7ox yax\u015f\u0131 olar:\n<\/p>\n<p>\n  \u201c\u00d6vladlar\u0131m\u0131z n\u0259 q\u0259d\u0259r k\u00f6hn\u0259, daman, tavan\u0131-d\u00f6\u015f\u0259m\u0259si da\u011f\u0131lm\u0131\u015f bir binada t\u0259hsil alacaqlar? Q\u0131\u015fda p\u0259nc\u0259r\u0259l\u0259rd\u0259n, qap\u0131lardan k\u00fcl\u0259k girir. N\u0259 q\u0259d\u0259r odun yand\u0131rsalar, ota\u011f\u0131 isits\u0259l\u0259r d\u0259, xeyri olmur. D\u00fczd\u00fcr, dondurucu soyuq olmasa da, u\u015faqlar\u0131n \u00fcst\u00fcnd\u0259n daim his iyi g\u0259lir. Halbuki otaqlarda radiatorlar olsa yax\u015f\u0131 olmazm\u0131? Bu da k\u00f6hn\u0259 m\u0259kt\u0259b binas\u0131nda m\u00fcmk\u00fcn deyil\u201d.\n<\/p>\n<p>\n  Valideynl\u0259rd\u0259n G\u00fcnay M\u0259mm\u0259dova bildirir ki, soyuq havalarda \u00f6vlad\u0131n\u0131 m\u0259kt\u0259b\u0259 g\u00f6nd\u0259r\u0259nd\u0259 az qala 5-6 d\u0259f\u0259 g\u00f6t\u00fcr-qoy edir:\n<\/p>\n<p>\n  \u201cVallah, n\u0259 q\u0259d\u0259r odun yand\u0131r\u0131lsa da, x\u0259st\u0259l\u0259nirl\u0259r. Ya g\u0259r\u0259k soban\u0131n yan\u0131nda oturub d\u0259rs ke\u00e7\u0259l\u0259r, o da m\u00fcmk\u00fcn deyil, u\u015faqlar\u0131n fikri yay\u0131n\u0131r, ya da d\u0259rsd\u0259 \u00fcst geyiml\u0259ri il\u0259 \u0259yl\u0259\u015f\u0259l\u0259r. H\u0259min \u00fcst geyiml\u0259ri il\u0259 d\u0259 yaz\u0131 yazmaq \u00e7\u0259tinl\u0259\u015fir. Bundan \u0259lav\u0259, m\u0259kt\u0259bin binas\u0131 q\u0259zal\u0131d\u0131r. Adam\u0131n a\u011fl\u0131na min fikir g\u0259lir. Bird\u0259n u\u00e7ar, n\u0259 bilim u\u015faqlar\u0131n ba\u015f\u0131na n\u0259s\u0259 d\u00fc\u015f\u0259r v\u0259 s. U\u015faq m\u0259kt\u0259bd\u0259n g\u0259l\u0259n\u0259d\u0259k fikirl\u0259\u015f\u0259-fikirl\u0259\u015f\u0259 qal\u0131rsan\u201d.\n<\/p>\n<figure class=\"wp-block-image size-large\">\n  <img decoding=\"async\" src=\"https:\/\/www.meydan.tv\/az\/image_from_ios-7-jpg-57\/\" alt=\"image_from_ios (7).jpg\" class=\"wp-image-145668\"\/><figcaption>\n    &#8221;Vallah, n\u0259 q\u0259d\u0259r odun yand\u0131r\u0131lsa da, x\u0259st\u0259l\u0259nirl\u0259r&#8221;.<br \/>\n  <\/figcaption><\/figure>\n<p>\n  Valideynl\u0259r bildirirl\u0259r ki, h\u0259m d\u0259 m\u0259kt\u0259bin h\u0259y\u0259tind\u0259 sovetd\u0259nqalma, q\u0259zal\u0131 v\u0259ziyy\u0259td\u0259 olan k\u00f6hn\u0259 qazanxana borusu var. Boru \u0259yilib v\u0259 h\u0259r an a\u015fa bil\u0259r. Valideynl\u0259r bundan da narahatd\u0131rlar, deyirl\u0259r, h\u0259min boru t\u0259n\u0259ff\u00fcs vaxt\u0131 a\u015fsa, u\u015faqlar\u0131n \u00fcst\u00fcn\u0259 d\u00fc\u015f\u0259r:\n<\/p>\n<p>\n  \u201cKifay\u0259t q\u0259d\u0259r b\u00f6y\u00fck borudur v\u0259 \u00e7ox pis faci\u0259 il\u0259 n\u0259tic\u0259l\u0259n\u0259r. Bu q\u0259d\u0259r laqeyd olmaq olmaz. Bir ild\u0259n art\u0131qd\u0131r ki, az qala h\u0259r g\u00fcn F\u00f6vq\u0259lad\u0259 Hallar Nazirliyinin \u201cqaynar x\u0259tti\u201dn\u0259, T\u0259hsil Nazirliyin\u0259, Quba Rayon \u0130cra Hakimiyyin\u0259 bu bar\u0259d\u0259 deyirik, yaz\u0131r\u0131q. Ancaq h\u0259l\u0259lik, bir t\u0259dbir g\u00f6r\u00fclm\u00fcr. H\u0259m o boru, el\u0259 h\u0259m d\u0259 q\u0259zal\u0131 durumda olan m\u0259kt\u0259bl\u0259 ba\u011fl\u0131 bir t\u0259dbir g\u00f6r\u00fclm\u0259lidir. \u00dcmid edirik ki, yeni t\u0259dris ilind\u0259 d\u0259 \u00f6vladlar\u0131m\u0131z h\u0259min t\u0259hl\u00fck\u0259li \u015f\u0259raitd\u0259 t\u0259hsil almaq m\u0259cburiyy\u0259tind\u0259 qalmazlar\u201d.\n<\/p>\n<p>\n  M\u0259kt\u0259bin direktoru M\u00fcbariz Aslanov Meydan TV-y\u0259 fakt\u0131 t\u0259sdiql\u0259yib. Deyib ki, b\u0259li, m\u0259kt\u0259bin binas\u0131 u\u00e7ub-t\u00f6k\u00fcl\u00fcr v\u0259 bura t\u0259mir yox, yeni m\u0259kt\u0259b laz\u0131md\u0131r:\n<\/p>\n<p>\n  \u201cBel\u0259 bax\u0131ram ki, t\u0259mir daha \u00e7ox pul aparar, n\u0259inki yeni m\u0259kt\u0259b binas\u0131 tikm\u0259k. \u018fslind\u0259 bina o q\u0259d\u0259r d\u0259 k\u00f6hn\u0259d\u0259n qalmay\u0131b. 1983-c\u00fc ild\u0259 tikilib v\u0259 istifad\u0259y\u0259 verilib. Sad\u0259c\u0259 t\u0259hvil alan fikir verm\u0259yib. Y\u0259ni suvaqs\u0131z olub, yax\u015f\u0131 tikilm\u0259yib, buna baxmay\u0131blar. N\u0259tic\u0259d\u0259 m\u00fc\u0259yy\u0259n d\u00f6vrd\u0259n sonra divarlar t\u00f6k\u00fclm\u0259y\u0259 ba\u015flay\u0131b\u201d.\n<\/p>\n<p>\n  M\u00fcbariz Aslanov 1993-c\u00fc ild\u0259, y\u0259ni m\u0259kt\u0259b istifad\u0259y\u0259 veril\u0259nd\u0259n 10 il sonra m\u0259kt\u0259b\u0259 direktor t\u0259yin edilib. Deyir, bir-iki d\u0259f\u0259 strateji yerl\u0259ri, m\u0259s\u0259l\u0259n, dam\u0131, p\u0259nc\u0259r\u0259ni \u00f6z hesab\u0131na t\u0259mir d\u0259 edib. Ancaq 1-2 ay \u00e7\u0259kib, sonra yen\u0259 h\u0259min hala d\u00fc\u015f\u00fcb. B\u0259z\u0259n tavandan su dam\u0131r, d\u00f6\u015f\u0259m\u0259 da\u011f\u0131l\u0131b, suvaq is\u0259 he\u00e7 olmay\u0131b:\n<\/p>\n<figure class=\"wp-block-image size-large\">\n  <img decoding=\"async\" src=\"https:\/\/www.meydan.tv\/az\/image_from_ios-3-jpg-130\/\" alt=\"image_from_ios (3).jpg\" class=\"wp-image-145656\"\/><figcaption>\n    &#8220;Onlar yeni t\u0259dris ilind\u0259 \u00f6vladlar\u0131n\u0131n h\u0259min k\u00f6hn\u0259, \u015f\u0259raitsiz, q\u0259zal\u0131 m\u0259kt\u0259b binas\u0131nda t\u0259hsil almalar\u0131n\u0131 ist\u0259mirl\u0259r&#8221;<br \/>\n  <\/figcaption><\/figure>\n<p>\n  \u201cYollar\u0131 da normal deyil. U\u015faqlar q\u0131\u015fda m\u0259kt\u0259b\u0259 g\u0259l\u0259nd\u0259 ayaqlar\u0131 pal\u00e7\u0131\u011fa bulan\u0131r. Ancaq istiliy\u0259 fikir veririk. D\u00fczd\u00fcr, \u00e7ox yax\u015f\u0131 olard\u0131 ki, m\u0259kt\u0259bd\u0259 mavi yanacaq olsun, odun yand\u0131rma\u011fa g\u0259r\u0259k olmas\u0131n. Y\u0259qin yeni bina tikils\u0259, bu, n\u0259z\u0259r\u0259 al\u0131nar. Amma indiki halda soyuq havalarda odun yand\u0131rmaq m\u0259cburiyy\u0259tind\u0259 qal\u0131r\u0131q. Valideynl\u0259r d\u0259 dey\u0259 bil\u0259rl\u0259r, m\u0259kt\u0259b q\u0131\u015f aylar\u0131nda o q\u0259d\u0259r soyuq olmur. Mart\u0131n sonunacan, Novruz t\u0259tilin\u0259c\u0259n m\u0259kt\u0259bd\u0259 istilik olur\u201d.\n<\/p>\n<p>\n  M\u00fcbariz Aslanov deyir ki, m\u0259kt\u0259bin yarars\u0131z halda olmas\u0131ndan aidiyyat\u0131 qurumlar\u0131n x\u0259b\u0259ri var. H\u0259tta d\u0259f\u0259l\u0259rl\u0259 Quba Rayon \u0130cra Hakimiyy\u0259tind\u0259n, F\u00f6vq\u0259lad\u0259 Hallar Nazirliyinin yerli idar\u0259sind\u0259n g\u0259lib bax\u0131blar:\n<\/p>\n<p>\n  \u201cOnlar da t\u0259sdiql\u0259yibl\u0259r ki, bu m\u0259kt\u0259b yenid\u0259n qurulmal\u0131d\u0131r. Y\u0259ni s\u00f6k\u00fcl\u00fcb, yerind\u0259 yeni m\u0259kt\u0259b tikilm\u0259lidir. Yen\u0259 deyir\u0259m, 1 milyon da qoysalar, t\u0259mir i\u015f\u0259 yaramayacaq. Pandemiya da d\u00fc\u015fd\u00fc ortaya. \u00dcmid edir\u0259m, m\u0259kt\u0259bl\u0259r n\u0259 zaman a\u00e7\u0131lsa, onda n\u0259z\u0259r\u0259 alacaqlar. Bizim \u015fagirdl\u0259r yeni t\u0259dris ilini yeni m\u0259kt\u0259bd\u0259 qar\u015f\u0131layacaqlar\u201d.\n<\/p>\n<p>\n  M\u00fcbariz Aslanov deyir ki, yeni v\u0259 \u015f\u0259raitli m\u0259kt\u0259b h\u0259m m\u00fc\u0259lliml\u0259rd\u0259, h\u0259m d\u0259 \u015fagirdl\u0259rd\u0259 b\u00f6y\u00fck ruh y\u00fcks\u0259kliyi yaradar:\n<\/p>\n<figure class=\"wp-block-image size-large\">\n  <img decoding=\"async\" src=\"https:\/\/www.meydan.tv\/az\/image_from_ios-5-jpg-115\/\" alt=\"image_from_ios (5).jpg\" class=\"wp-image-145665\"\/><figcaption>\n    &#8220;U\u015faqlar q\u0131\u015fda m\u0259kt\u0259b\u0259 g\u0259l\u0259nd\u0259 ayaqlar\u0131 pal\u00e7\u0131\u011fa bulan\u0131r&#8221;<br \/>\n  <\/figcaption><\/figure>\n<p>\n  \u201cEl\u0259 m\u0259nim \u00f6z\u00fcmd\u0259 d\u0259. G\u00f6z\u0259l, t\u0259mirli, s\u0259liq\u0259li, \u015f\u0259raitli binada kim i\u015fl\u0259m\u0259k ist\u0259m\u0259z ki? Baxmayaraq ki, biz \u015f\u0259raitsiz binada da \u00e7ox yax\u015f\u0131, savadl\u0131 \u015fagirdl\u0259r yeti\u015fdiririk. Ancaq ist\u0259nil\u0259n halda bizim m\u0259kt\u0259bin binas\u0131 m\u00fcst\u0259qil Az\u0259rbaycan\u0131m\u0131za yara\u015fm\u0131r. \u00dcmid edir\u0259m ki, d\u00f6vl\u0259timiz bunu n\u0259z\u0259r\u0259 alar\u201d.\n<\/p>\n<p>\n  Quba Rayon \u0130cra Hakimiyy\u0259tind\u0259n is\u0259 bildiribl\u0259r ki, q\u0259zal\u0131, t\u0259mir\u0259 ehtiyac\u0131 olan m\u0259kt\u0259b binalar\u0131n\u0131n siyah\u0131s\u0131 h\u0259r il tutulur v\u0259 T\u0259hsil Nazirliyin\u0259 g\u00f6nd\u0259rilir. Daha sonra d\u00f6vl\u0259t b\u00fcdc\u0259sind\u0259n h\u0259min m\u0259kt\u0259bin t\u0259miri, yenid\u0259n qurulmas\u0131, yaxud yeni m\u0259kt\u0259b binas\u0131n\u0131n tikilm\u0259si \u00fc\u00e7\u00fcn v\u0259sait ayr\u0131l\u0131r:\n<\/p>\n<p>\n  \u201cSad\u0259c\u0259 bu il pandemiya \u00e7\u0131xd\u0131 ortal\u0131\u011fa. Ola bilsin prosesl\u0259rd\u0259 bir az l\u0259ngim\u0259 oldu. Ancaq b\u00fct\u00fcn q\u0259zal\u0131 m\u0259kt\u0259b binalar\u0131 t\u0259mir edilir v\u0259 h\u0259mi\u015f\u0259 d\u0259 edil\u0259c\u0259k. Sad\u0259c\u0259 s\u0259brli olmaq laz\u0131md\u0131r\u201d.\n<\/p>\n<figure class=\"wp-block-image size-large\">\n  <img decoding=\"async\" src=\"https:\/\/www.meydan.tv\/az\/image_from_ios-4-jpg-154\/\" alt=\"image_from_ios (4).jpg\" class=\"wp-image-145659\"\/><figcaption>\n    M\u0259kt\u0259b istifad\u0259y\u0259 veril\u0259nd\u0259n 10 il sonra m\u0259kt\u0259b\u0259 direktor t\u0259yin edilib.<br \/>\n  <\/figcaption><\/figure>\n","protected":false},"excerpt":{"rendered":"<p>M\u0259kt\u0259b istifad\u0259y\u0259 veril\u0259nd\u0259n 10 il sonra m\u0259kt\u0259b\u0259 direktor t\u0259yin edilib.<\/p>\n","protected":false},"author":11,"featured_media":145662,"comment_status":"closed","ping_status":"open","sticky":false,"template":"","format":"standard","meta":{"_acf_changed":false,"_sitemap_exclude":false,"_sitemap_priority":"","_sitemap_frequency":"","footnotes":""},"categories":[60],"tags":[],"class_list":["post-201838","post","type-post","status-publish","format-standard","has-post-thumbnail","hentry","category-bolge","infinite-scroll-item","generate-columns","tablet-grid-50","mobile-grid-100","grid-parent","grid-33","no-featured-image-padding"],"acf":[],"yoast_head":"<!-- This site is optimized with the Yoast SEO plugin v27.5 - https:\/\/yoast.com\/product\/yoast-seo-wordpress\/ -->\n<title>\u00c7i\u00e7ilil\u0259r: \u00dcmid edirik u\u015faqlar\u0131m\u0131z yeni t\u0259dris ilind\u0259 k\u00f6hn\u0259 m\u0259kt\u0259b\u0259 getm\u0259y\u0259c\u0259k - MEYDAN.TV<\/title>\n<meta name=\"robots\" content=\"index, follow, max-snippet:-1, max-image-preview:large, max-video-preview:-1\" \/>\n<link rel=\"canonical\" href=\"https:\/\/www.meydan.tv\/az\/article\/cicililer-umid-edirik-usaqlarimiz-yeni-tedris-ilinde-kohne-mehkebe-getmeyecek\/\" \/>\n<meta property=\"og:locale\" content=\"az_AZ\" \/>\n<meta property=\"og:type\" content=\"article\" \/>\n<meta property=\"og:title\" content=\"\u00c7i\u00e7ilil\u0259r: \u00dcmid edirik u\u015faqlar\u0131m\u0131z yeni t\u0259dris ilind\u0259 k\u00f6hn\u0259 m\u0259kt\u0259b\u0259 getm\u0259y\u0259c\u0259k - MEYDAN.TV\" \/>\n<meta property=\"og:description\" content=\"M\u0259kt\u0259b istifad\u0259y\u0259 veril\u0259nd\u0259n 10 il sonra m\u0259kt\u0259b\u0259 direktor t\u0259yin edilib.\" \/>\n<meta property=\"og:url\" content=\"https:\/\/www.meydan.tv\/az\/article\/cicililer-umid-edirik-usaqlarimiz-yeni-tedris-ilinde-kohne-mehkebe-getmeyecek\/\" \/>\n<meta property=\"og:site_name\" content=\"MEYDAN.TV\" \/>\n<meta property=\"article:published_time\" content=\"2020-08-07T10:28:40+00:00\" \/>\n<meta property=\"og:image\" content=\"https:\/\/www.meydan.tv\/wp-content\/uploads\/image_from_ios_6_mokvlm9-scaled.jpg\" \/>\n\t<meta property=\"og:image:width\" content=\"2560\" \/>\n\t<meta property=\"og:image:height\" content=\"1920\" \/>\n\t<meta property=\"og:image:type\" content=\"image\/jpeg\" \/>\n<meta name=\"author\" content=\"user-manager\" \/>\n<meta name=\"twitter:card\" content=\"summary_large_image\" \/>\n<script type=\"application\/ld+json\" class=\"yoast-schema-graph\">{\"@context\":\"https:\\\/\\\/schema.org\",\"@graph\":[{\"@type\":\"Article\",\"@id\":\"https:\\\/\\\/www.meydan.tv\\\/az\\\/article\\\/cicililer-umid-edirik-usaqlarimiz-yeni-tedris-ilinde-kohne-mehkebe-getmeyecek\\\/#article\",\"isPartOf\":{\"@id\":\"https:\\\/\\\/www.meydan.tv\\\/az\\\/article\\\/cicililer-umid-edirik-usaqlarimiz-yeni-tedris-ilinde-kohne-mehkebe-getmeyecek\\\/\"},\"author\":{\"name\":\"user-manager\",\"@id\":\"https:\\\/\\\/www.meydan.tv\\\/az\\\/#\\\/schema\\\/person\\\/10d11eccf6da3662cf5fdab9806ea91a\"},\"headline\":\"\u00c7i\u00e7ilil\u0259r: \u00dcmid edirik u\u015faqlar\u0131m\u0131z yeni t\u0259dris ilind\u0259 k\u00f6hn\u0259 m\u0259kt\u0259b\u0259 getm\u0259y\u0259c\u0259k\",\"datePublished\":\"2020-08-07T10:28:40+00:00\",\"mainEntityOfPage\":{\"@id\":\"https:\\\/\\\/www.meydan.tv\\\/az\\\/article\\\/cicililer-umid-edirik-usaqlarimiz-yeni-tedris-ilinde-kohne-mehkebe-getmeyecek\\\/\"},\"wordCount\":1272,\"publisher\":{\"@id\":\"https:\\\/\\\/www.meydan.tv\\\/az\\\/#organization\"},\"image\":{\"@id\":\"https:\\\/\\\/www.meydan.tv\\\/az\\\/article\\\/cicililer-umid-edirik-usaqlarimiz-yeni-tedris-ilinde-kohne-mehkebe-getmeyecek\\\/#primaryimage\"},\"thumbnailUrl\":\"https:\\\/\\\/www.meydan.tv\\\/wp-content\\\/uploads\\\/image_from_ios_6_mokvlm9-scaled.jpg\",\"articleSection\":[\"B\u00f6lg\u0259\"],\"inLanguage\":\"az\"},{\"@type\":\"WebPage\",\"@id\":\"https:\\\/\\\/www.meydan.tv\\\/az\\\/article\\\/cicililer-umid-edirik-usaqlarimiz-yeni-tedris-ilinde-kohne-mehkebe-getmeyecek\\\/\",\"url\":\"https:\\\/\\\/www.meydan.tv\\\/az\\\/article\\\/cicililer-umid-edirik-usaqlarimiz-yeni-tedris-ilinde-kohne-mehkebe-getmeyecek\\\/\",\"name\":\"\u00c7i\u00e7ilil\u0259r: \u00dcmid edirik u\u015faqlar\u0131m\u0131z yeni t\u0259dris ilind\u0259 k\u00f6hn\u0259 m\u0259kt\u0259b\u0259 getm\u0259y\u0259c\u0259k - MEYDAN.TV\",\"isPartOf\":{\"@id\":\"https:\\\/\\\/www.meydan.tv\\\/az\\\/#website\"},\"primaryImageOfPage\":{\"@id\":\"https:\\\/\\\/www.meydan.tv\\\/az\\\/article\\\/cicililer-umid-edirik-usaqlarimiz-yeni-tedris-ilinde-kohne-mehkebe-getmeyecek\\\/#primaryimage\"},\"image\":{\"@id\":\"https:\\\/\\\/www.meydan.tv\\\/az\\\/article\\\/cicililer-umid-edirik-usaqlarimiz-yeni-tedris-ilinde-kohne-mehkebe-getmeyecek\\\/#primaryimage\"},\"thumbnailUrl\":\"https:\\\/\\\/www.meydan.tv\\\/wp-content\\\/uploads\\\/image_from_ios_6_mokvlm9-scaled.jpg\",\"datePublished\":\"2020-08-07T10:28:40+00:00\",\"breadcrumb\":{\"@id\":\"https:\\\/\\\/www.meydan.tv\\\/az\\\/article\\\/cicililer-umid-edirik-usaqlarimiz-yeni-tedris-ilinde-kohne-mehkebe-getmeyecek\\\/#breadcrumb\"},\"inLanguage\":\"az\",\"potentialAction\":[{\"@type\":\"ReadAction\",\"target\":[\"https:\\\/\\\/www.meydan.tv\\\/az\\\/article\\\/cicililer-umid-edirik-usaqlarimiz-yeni-tedris-ilinde-kohne-mehkebe-getmeyecek\\\/\"]}]},{\"@type\":\"ImageObject\",\"inLanguage\":\"az\",\"@id\":\"https:\\\/\\\/www.meydan.tv\\\/az\\\/article\\\/cicililer-umid-edirik-usaqlarimiz-yeni-tedris-ilinde-kohne-mehkebe-getmeyecek\\\/#primaryimage\",\"url\":\"https:\\\/\\\/www.meydan.tv\\\/wp-content\\\/uploads\\\/image_from_ios_6_mokvlm9-scaled.jpg\",\"contentUrl\":\"https:\\\/\\\/www.meydan.tv\\\/wp-content\\\/uploads\\\/image_from_ios_6_mokvlm9-scaled.jpg\",\"width\":2560,\"height\":1920,\"caption\":\"Source: Specify Source\"},{\"@type\":\"BreadcrumbList\",\"@id\":\"https:\\\/\\\/www.meydan.tv\\\/az\\\/article\\\/cicililer-umid-edirik-usaqlarimiz-yeni-tedris-ilinde-kohne-mehkebe-getmeyecek\\\/#breadcrumb\",\"itemListElement\":[{\"@type\":\"ListItem\",\"position\":1,\"name\":\"Ana s\u0259hif\u0259\",\"item\":\"https:\\\/\\\/www.meydan.tv\\\/az\\\/\"},{\"@type\":\"ListItem\",\"position\":2,\"name\":\"B\u00f6lg\u0259\",\"item\":\"https:\\\/\\\/www.meydan.tv\\\/az\\\/section\\\/bolge\\\/\"},{\"@type\":\"ListItem\",\"position\":3,\"name\":\"\u00c7i\u00e7ilil\u0259r: \u00dcmid edirik u\u015faqlar\u0131m\u0131z yeni t\u0259dris ilind\u0259 k\u00f6hn\u0259 m\u0259kt\u0259b\u0259 getm\u0259y\u0259c\u0259k\"}]},{\"@type\":\"WebSite\",\"@id\":\"https:\\\/\\\/www.meydan.tv\\\/az\\\/#website\",\"url\":\"https:\\\/\\\/www.meydan.tv\\\/az\\\/\",\"name\":\"MEYDAN.TV\",\"description\":\"Meydan TV Az\u0259rbaycan\u0131n media m\u0259kan\u0131ndak\u0131 alternativ s\u0259sidir\",\"publisher\":{\"@id\":\"https:\\\/\\\/www.meydan.tv\\\/az\\\/#organization\"},\"potentialAction\":[{\"@type\":\"SearchAction\",\"target\":{\"@type\":\"EntryPoint\",\"urlTemplate\":\"https:\\\/\\\/www.meydan.tv\\\/az\\\/?s={search_term_string}\"},\"query-input\":{\"@type\":\"PropertyValueSpecification\",\"valueRequired\":true,\"valueName\":\"search_term_string\"}}],\"inLanguage\":\"az\"},{\"@type\":\"Organization\",\"@id\":\"https:\\\/\\\/www.meydan.tv\\\/az\\\/#organization\",\"name\":\"Meydan TV\",\"url\":\"https:\\\/\\\/www.meydan.tv\\\/az\\\/\",\"logo\":{\"@type\":\"ImageObject\",\"inLanguage\":\"az\",\"@id\":\"https:\\\/\\\/www.meydan.tv\\\/az\\\/#\\\/schema\\\/logo\\\/image\\\/\",\"url\":\"https:\\\/\\\/www.meydan.tv\\\/wp-content\\\/uploads\\\/2021\\\/07\\\/meydan-logo.svg\",\"contentUrl\":\"https:\\\/\\\/www.meydan.tv\\\/wp-content\\\/uploads\\\/2021\\\/07\\\/meydan-logo.svg\",\"width\":195,\"height\":46,\"caption\":\"Meydan TV\"},\"image\":{\"@id\":\"https:\\\/\\\/www.meydan.tv\\\/az\\\/#\\\/schema\\\/logo\\\/image\\\/\"}},{\"@type\":\"Person\",\"@id\":\"https:\\\/\\\/www.meydan.tv\\\/az\\\/#\\\/schema\\\/person\\\/10d11eccf6da3662cf5fdab9806ea91a\",\"name\":\"user-manager\"}]}<\/script>\n<!-- \/ Yoast SEO plugin. -->","yoast_head_json":{"title":"\u00c7i\u00e7ilil\u0259r: \u00dcmid edirik u\u015faqlar\u0131m\u0131z yeni t\u0259dris ilind\u0259 k\u00f6hn\u0259 m\u0259kt\u0259b\u0259 getm\u0259y\u0259c\u0259k - MEYDAN.TV","robots":{"index":"index","follow":"follow","max-snippet":"max-snippet:-1","max-image-preview":"max-image-preview:large","max-video-preview":"max-video-preview:-1"},"canonical":"https:\/\/www.meydan.tv\/az\/article\/cicililer-umid-edirik-usaqlarimiz-yeni-tedris-ilinde-kohne-mehkebe-getmeyecek\/","og_locale":"az_AZ","og_type":"article","og_title":"\u00c7i\u00e7ilil\u0259r: \u00dcmid edirik u\u015faqlar\u0131m\u0131z yeni t\u0259dris ilind\u0259 k\u00f6hn\u0259 m\u0259kt\u0259b\u0259 getm\u0259y\u0259c\u0259k - MEYDAN.TV","og_description":"M\u0259kt\u0259b istifad\u0259y\u0259 veril\u0259nd\u0259n 10 il sonra m\u0259kt\u0259b\u0259 direktor t\u0259yin edilib.","og_url":"https:\/\/www.meydan.tv\/az\/article\/cicililer-umid-edirik-usaqlarimiz-yeni-tedris-ilinde-kohne-mehkebe-getmeyecek\/","og_site_name":"MEYDAN.TV","article_published_time":"2020-08-07T10:28:40+00:00","og_image":[{"width":2560,"height":1920,"url":"https:\/\/www.meydan.tv\/wp-content\/uploads\/image_from_ios_6_mokvlm9-scaled.jpg","type":"image\/jpeg"}],"author":"user-manager","twitter_card":"summary_large_image","schema":{"@context":"https:\/\/schema.org","@graph":[{"@type":"Article","@id":"https:\/\/www.meydan.tv\/az\/article\/cicililer-umid-edirik-usaqlarimiz-yeni-tedris-ilinde-kohne-mehkebe-getmeyecek\/#article","isPartOf":{"@id":"https:\/\/www.meydan.tv\/az\/article\/cicililer-umid-edirik-usaqlarimiz-yeni-tedris-ilinde-kohne-mehkebe-getmeyecek\/"},"author":{"name":"user-manager","@id":"https:\/\/www.meydan.tv\/az\/#\/schema\/person\/10d11eccf6da3662cf5fdab9806ea91a"},"headline":"\u00c7i\u00e7ilil\u0259r: \u00dcmid edirik u\u015faqlar\u0131m\u0131z yeni t\u0259dris ilind\u0259 k\u00f6hn\u0259 m\u0259kt\u0259b\u0259 getm\u0259y\u0259c\u0259k","datePublished":"2020-08-07T10:28:40+00:00","mainEntityOfPage":{"@id":"https:\/\/www.meydan.tv\/az\/article\/cicililer-umid-edirik-usaqlarimiz-yeni-tedris-ilinde-kohne-mehkebe-getmeyecek\/"},"wordCount":1272,"publisher":{"@id":"https:\/\/www.meydan.tv\/az\/#organization"},"image":{"@id":"https:\/\/www.meydan.tv\/az\/article\/cicililer-umid-edirik-usaqlarimiz-yeni-tedris-ilinde-kohne-mehkebe-getmeyecek\/#primaryimage"},"thumbnailUrl":"https:\/\/www.meydan.tv\/wp-content\/uploads\/image_from_ios_6_mokvlm9-scaled.jpg","articleSection":["B\u00f6lg\u0259"],"inLanguage":"az"},{"@type":"WebPage","@id":"https:\/\/www.meydan.tv\/az\/article\/cicililer-umid-edirik-usaqlarimiz-yeni-tedris-ilinde-kohne-mehkebe-getmeyecek\/","url":"https:\/\/www.meydan.tv\/az\/article\/cicililer-umid-edirik-usaqlarimiz-yeni-tedris-ilinde-kohne-mehkebe-getmeyecek\/","name":"\u00c7i\u00e7ilil\u0259r: \u00dcmid edirik u\u015faqlar\u0131m\u0131z yeni t\u0259dris ilind\u0259 k\u00f6hn\u0259 m\u0259kt\u0259b\u0259 getm\u0259y\u0259c\u0259k - MEYDAN.TV","isPartOf":{"@id":"https:\/\/www.meydan.tv\/az\/#website"},"primaryImageOfPage":{"@id":"https:\/\/www.meydan.tv\/az\/article\/cicililer-umid-edirik-usaqlarimiz-yeni-tedris-ilinde-kohne-mehkebe-getmeyecek\/#primaryimage"},"image":{"@id":"https:\/\/www.meydan.tv\/az\/article\/cicililer-umid-edirik-usaqlarimiz-yeni-tedris-ilinde-kohne-mehkebe-getmeyecek\/#primaryimage"},"thumbnailUrl":"https:\/\/www.meydan.tv\/wp-content\/uploads\/image_from_ios_6_mokvlm9-scaled.jpg","datePublished":"2020-08-07T10:28:40+00:00","breadcrumb":{"@id":"https:\/\/www.meydan.tv\/az\/article\/cicililer-umid-edirik-usaqlarimiz-yeni-tedris-ilinde-kohne-mehkebe-getmeyecek\/#breadcrumb"},"inLanguage":"az","potentialAction":[{"@type":"ReadAction","target":["https:\/\/www.meydan.tv\/az\/article\/cicililer-umid-edirik-usaqlarimiz-yeni-tedris-ilinde-kohne-mehkebe-getmeyecek\/"]}]},{"@type":"ImageObject","inLanguage":"az","@id":"https:\/\/www.meydan.tv\/az\/article\/cicililer-umid-edirik-usaqlarimiz-yeni-tedris-ilinde-kohne-mehkebe-getmeyecek\/#primaryimage","url":"https:\/\/www.meydan.tv\/wp-content\/uploads\/image_from_ios_6_mokvlm9-scaled.jpg","contentUrl":"https:\/\/www.meydan.tv\/wp-content\/uploads\/image_from_ios_6_mokvlm9-scaled.jpg","width":2560,"height":1920,"caption":"Source: Specify Source"},{"@type":"BreadcrumbList","@id":"https:\/\/www.meydan.tv\/az\/article\/cicililer-umid-edirik-usaqlarimiz-yeni-tedris-ilinde-kohne-mehkebe-getmeyecek\/#breadcrumb","itemListElement":[{"@type":"ListItem","position":1,"name":"Ana s\u0259hif\u0259","item":"https:\/\/www.meydan.tv\/az\/"},{"@type":"ListItem","position":2,"name":"B\u00f6lg\u0259","item":"https:\/\/www.meydan.tv\/az\/section\/bolge\/"},{"@type":"ListItem","position":3,"name":"\u00c7i\u00e7ilil\u0259r: \u00dcmid edirik u\u015faqlar\u0131m\u0131z yeni t\u0259dris ilind\u0259 k\u00f6hn\u0259 m\u0259kt\u0259b\u0259 getm\u0259y\u0259c\u0259k"}]},{"@type":"WebSite","@id":"https:\/\/www.meydan.tv\/az\/#website","url":"https:\/\/www.meydan.tv\/az\/","name":"MEYDAN.TV","description":"Meydan TV Az\u0259rbaycan\u0131n media m\u0259kan\u0131ndak\u0131 alternativ s\u0259sidir","publisher":{"@id":"https:\/\/www.meydan.tv\/az\/#organization"},"potentialAction":[{"@type":"SearchAction","target":{"@type":"EntryPoint","urlTemplate":"https:\/\/www.meydan.tv\/az\/?s={search_term_string}"},"query-input":{"@type":"PropertyValueSpecification","valueRequired":true,"valueName":"search_term_string"}}],"inLanguage":"az"},{"@type":"Organization","@id":"https:\/\/www.meydan.tv\/az\/#organization","name":"Meydan TV","url":"https:\/\/www.meydan.tv\/az\/","logo":{"@type":"ImageObject","inLanguage":"az","@id":"https:\/\/www.meydan.tv\/az\/#\/schema\/logo\/image\/","url":"https:\/\/www.meydan.tv\/wp-content\/uploads\/2021\/07\/meydan-logo.svg","contentUrl":"https:\/\/www.meydan.tv\/wp-content\/uploads\/2021\/07\/meydan-logo.svg","width":195,"height":46,"caption":"Meydan TV"},"image":{"@id":"https:\/\/www.meydan.tv\/az\/#\/schema\/logo\/image\/"}},{"@type":"Person","@id":"https:\/\/www.meydan.tv\/az\/#\/schema\/person\/10d11eccf6da3662cf5fdab9806ea91a","name":"user-manager"}]}},"_links":{"self":[{"href":"https:\/\/www.meydan.tv\/az\/wp-json\/wp\/v2\/posts\/201838","targetHints":{"allow":["GET"]}}],"collection":[{"href":"https:\/\/www.meydan.tv\/az\/wp-json\/wp\/v2\/posts"}],"about":[{"href":"https:\/\/www.meydan.tv\/az\/wp-json\/wp\/v2\/types\/post"}],"author":[{"embeddable":true,"href":"https:\/\/www.meydan.tv\/az\/wp-json\/wp\/v2\/users\/11"}],"replies":[{"embeddable":true,"href":"https:\/\/www.meydan.tv\/az\/wp-json\/wp\/v2\/comments?post=201838"}],"version-history":[{"count":0,"href":"https:\/\/www.meydan.tv\/az\/wp-json\/wp\/v2\/posts\/201838\/revisions"}],"wp:featuredmedia":[{"embeddable":true,"href":"https:\/\/www.meydan.tv\/az\/wp-json\/wp\/v2\/media\/145662"}],"wp:attachment":[{"href":"https:\/\/www.meydan.tv\/az\/wp-json\/wp\/v2\/media?parent=201838"}],"wp:term":[{"taxonomy":"category","embeddable":true,"href":"https:\/\/www.meydan.tv\/az\/wp-json\/wp\/v2\/categories?post=201838"},{"taxonomy":"post_tag","embeddable":true,"href":"https:\/\/www.meydan.tv\/az\/wp-json\/wp\/v2\/tags?post=201838"}],"curies":[{"name":"wp","href":"https:\/\/api.w.org\/{rel}","templated":true}]}}