{"id":201784,"date":"2020-08-04T12:24:46","date_gmt":"2020-08-04T12:24:46","guid":{"rendered":"https:\/\/www.meydan.tv\/article\/icra-bascisi-mehkeme-qerari-olmadan-agsu-dolaylarindaki-kafeleri-sokdurur\/"},"modified":"2020-08-04T12:24:46","modified_gmt":"2020-08-04T12:24:46","slug":"icra-bascisi-mehkeme-qerari-olmadan-agsu-dolaylarindaki-kafeleri-sokdurur","status":"publish","type":"post","link":"https:\/\/www.meydan.tv\/az\/article\/icra-bascisi-mehkeme-qerari-olmadan-agsu-dolaylarindaki-kafeleri-sokdurur\/","title":{"rendered":"\u201c\u0130cra ba\u015f\u00e7\u0131s\u0131 m\u0259hk\u0259m\u0259 q\u0259rar\u0131 olmadan A\u011fsu dolaylar\u0131ndak\u0131 kafel\u0259ri s\u00f6kd\u00fcr\u00fcr\u201d"},"content":{"rendered":"<p>\n  <i><br \/>\n    Asif C\u0259f\u0259rov: \u201cVahid Ta\u011f\u0131yev qar\u015f\u0131s\u0131na \u00e7\u0131xana deyir ki, m\u0259n MTN-d\u0259n g\u0259lmi\u015f\u0259m\u201d<br \/>\n  <\/i>\n<\/p>\n<p>\n  \u201cBu il aprelin 28-d\u0259 icra ba\u015f\u00e7\u0131s\u0131 Vahid Ta\u011f\u0131yevin g\u00f6st\u0259ri\u015fi il\u0259 A\u011fsu dolaylar\u0131nda olan kafe v\u0259 restoranlar\u0131n \u0259ks\u0259riyy\u0259tini m\u0259hk\u0259m\u0259 q\u0259rar\u0131 olmadan s\u00f6kd\u00fcl\u0259r. Pandemiyaya g\u00f6r\u0259 rayonda SMS icaz\u0259 il\u0259 h\u0259r\u0259k\u0259t etdiyimiz \u00fc\u00e7\u00fcn proses\u0259 mane ola bilm\u0259dik. Haz\u0131rda dolaylarda yerl\u0259\u015f\u0259n 20-d\u0259n \u00e7ox obyekt tam, ya da qism\u0259n s\u00f6k\u00fcl\u00fcb\u201d.\n<\/p>\n<p>\n  Bunu Meydan TV-y\u0259 A\u011fsu rayon sakini Asif C\u0259f\u0259rov \u018flisa o\u011flu deyir. Z\u0259r\u0259r\u00e7\u0259k\u0259n bildirir ki, ail\u0259sin\u0259 m\u0259xsus, daha d\u0259qiq N\u00fc\u015fab\u0259 \u018flisa q\u0131z\u0131 C\u0259f\u0259rovan\u0131n ad\u0131na r\u0259smil\u0259\u015fdiril\u0259n \u201cOrxan\u201d ia\u015f\u0259 obyekti qanunsuz olaraq s\u00f6k\u00fcl\u00fcb:\n<\/p>\n<p>\n  \u201cH\u0259min g\u00fcn Ya\u015f\u0131lla\u015fd\u0131rma T\u0259s\u0259rr\u00fcfat\u0131 Birliyinin i\u015f\u00e7il\u0259ri \u0259razid\u0259 olan obyektl\u0259ri s\u00f6km\u0259y\u0259 ba\u015flad\u0131. M\u0259nim obyektimi s\u00f6km\u0259k ist\u0259y\u0259nd\u0259 etiraz etdim, dedim ki, rus ordusu Az\u0259rbaycan\u0131 aprelin 28-d\u0259 i\u015f\u011fal etmi\u015fdi. Vahid Ta\u011f\u0131yev d\u0259 \u0259n\u0259n\u0259y\u0259 sadiq x\u0259tl\u0259 eyni tarixd\u0259 A\u011fsunu z\u0259bt edir. M\u0259n bel\u0259 dey\u0259nd\u0259n sonra s\u00f6k\u00fcnt\u00fc i\u015fl\u0259rini saxlad\u0131lar. Lakin bir g\u00fcn sonra aprelin 29-da birliyin i\u015f\u00e7il\u0259ri g\u0259lib ail\u0259m\u0259 m\u0259xsus kafeni s\u00f6k\u00fcb, yerl\u0259-yeksan etdil\u0259r. Yaln\u0131z estakada qald\u0131. Mebel, stol-stul kassa aparat\u0131, n\u0259yimiz vard\u0131sa, ham\u0131s\u0131 s\u00f6k\u00fcnt\u00fcn\u00fcn alt\u0131nda qald\u0131. Onlara dedim ki, pandemiya d\u00f6vr\u00fcnd\u0259 xalq\u0131 hakimiyy\u0259t\u0259 qar\u015f\u0131 \u00fcsyana \u00e7a\u011f\u0131r\u0131rs\u0131n\u0131z? Birliyin m\u00fcdiri Namiq M\u00fcrs\u0259lov dedi ki, r\u0259hb\u0259rlik g\u00f6st\u0259ri\u015f verib s\u00f6k\u00fcls\u00fcn, m\u0259n d\u0259 s\u00f6k\u00fcr\u0259m\u201d.\n<\/p>\n<figure class=\"wp-block-image size-large\">\n  <img decoding=\"async\" src=\"https:\/\/www.meydan.tv\/az\/image_from_ios-12-jpg-14\/\" alt=\"image_from_ios (12).jpg\" class=\"wp-image-145512\"\/><figcaption>\n    Asif C\u0259f\u0259rovun obyekti<br \/>\n  <\/figcaption><\/figure>\n<p>\n  \u0130a\u015f\u0259 obyektl\u0259rinin s\u00f6k\u00fclm\u0259sin\u0259 s\u0259b\u0259b kimi qanunsuz tikili olduqlar\u0131 g\u00f6st\u0259rilib. \u015eikay\u0259t\u00e7i is\u0259 bununla raz\u0131la\u015fm\u0131r, deyir ki, onlara m\u0259xsus m\u0259kan\u0131n s\u0259n\u0259dl\u0259ri qaydas\u0131nda olub:\n<\/p>\n<p>\n  \u201cBiz\u0259 m\u0259xsus olan \u0259razi 1998-ci ild\u0259 al\u0131n\u0131b v\u0259 yem\u0259kxana tikilib. 2005-c\u00fc ild\u0259 dedil\u0259r ki, buradak\u0131 obyektl\u0259r yola yax\u0131nd\u0131r. Biz d\u0259 obyekti s\u00f6k\u00fcb, \u00f6zl\u0259rinin verdiyi layih\u0259 il\u0259 yoldan 40 metr k\u0259narda yenid\u0259n tikdik. Heyd\u0259r \u018fliyevin hakimiyy\u0259ti d\u00f6vr\u00fcnd\u0259 m\u00f6vcud olan qanunlar bu g\u00fcn d\u0259 i\u015fl\u0259yirs\u0259, 2005-ci ild\u0259 biz\u0259 veril\u0259n layih\u0259 \u0259sas\u0131nda tikilib s\u0259n\u0259dl\u0259\u015fdiril\u0259n binan\u0131 n\u0259y\u0259 \u0259sas\u0259n s\u00f6k\u00fcrl\u0259r? Bu i\u015fl\u0259 m\u0259\u015f\u011ful olan h\u0259r hans\u0131 bir qurum ara\u015fd\u0131rs\u0131n, biz\u0259 bir s\u0259b\u0259b desin. A\u011fsu dolaylar\u0131nda s\u0259n\u0259di qaydas\u0131nda olan iki-\u00fc\u00e7 obyektl\u0259rd\u0259n biri d\u0259 bizimkidir. Pandemiyadan z\u0259r\u0259r\u00e7\u0259kmi\u015f sahibkarlara d\u00f6vl\u0259t t\u0259r\u0259find\u0259n maliyy\u0259 d\u0259st\u0259yi g\u00f6st\u0259rildi. Bac\u0131ma v\u0259 qarda\u015f\u0131ma ayr\u0131-ayr\u0131l\u0131qda 250 manat pul verildi. \u018fg\u0259r bu tikili qanunsuzdursa, niy\u0259 onlara pul verildi?\u201d\n<\/p>\n<figure class=\"wp-block-image size-large\">\n  <img decoding=\"async\" src=\"https:\/\/www.meydan.tv\/az\/image_from_ios-5-jpg-114\/\" alt=\"image_from_ios (5).jpg\" class=\"wp-image-145500\"\/><figcaption>\n    Obyekin \u015e\u0259had\u0259tnam\u0259si<br \/>\n  <\/figcaption><\/figure>\n<p>\n  Asif C\u0259f\u0259rov m\u0259s\u0259l\u0259 il\u0259 ba\u011fl\u0131 icra ba\u015f\u00e7\u0131s\u0131 il\u0259 dan\u0131\u015fd\u0131\u011f\u0131n\u0131 s\u00f6yl\u0259yir. Deyir ki, v\u0259ziyy\u0259ti Vahid Ta\u011f\u0131yev\u0259 izah edib, lakin ald\u0131\u011f\u0131 cavab q\u0259na\u0259tb\u0259x\u015f olmay\u0131b:\n<\/p>\n<p>\n  \u201c\u0130cra ba\u015f\u00e7\u0131s\u0131na dedim ki, bu, m\u00f6hk\u0259m binad\u0131r, b\u00fcn\u00f6vr\u0259si sa\u011flamd\u0131r, d\u0259mir konstruksiyal\u0131d\u0131r. O da cavab\u0131nda dedi ki, s\u00f6k\u00fcl\u0259c\u0259k, v\u0259ssalam. Ona dedim ki, s\u0259n kims\u0259n, \u015fahsan? M\u0259n\u0259 bir s\u0259n\u0259d t\u0259qdim et ki, bilim, haql\u0131san. \u0130cra ba\u015f\u00e7\u0131s\u0131 ke\u00e7mi\u015f Milli T\u0259hl\u00fck\u0259sizlik, daha sonra D\u00f6vl\u0259t T\u0259hl\u00fck\u0259sizlik Xidm\u0259tind\u0259 i\u015fl\u0259yib. Bizim rayona icra ba\u015f\u00e7\u0131s\u0131 t\u0259yin edibl\u0259r, amma bu adam\u0131n \u0259hali il\u0259 davran\u0131\u015f qaydalar\u0131ndan anlay\u0131\u015f\u0131 yoxdur. Qar\u015f\u0131s\u0131na \u00e7\u0131xana deyir ki, bilirs\u0259n d\u0259, m\u0259n MTN-d\u0259n g\u0259lmi\u015f\u0259m. MTN-d\u0259n g\u0259lmis\u0259n dey\u0259 m\u0259ni casus kimi g\u00f6rm\u0259lis\u0259n?\u201d\n<\/p>\n<p>\n  \u201cH\u0259l\u0259 \u0259vv\u0259ld\u0259n obyekt sahibl\u0259rini \u0259razid\u0259n \u00e7\u0131xarmaq \u00fc\u00e7\u00fcn \u00e7ox vasit\u0259l\u0259r\u0259 \u0259l atd\u0131lar. H\u0259tta A\u011fsu dolaylar\u0131nda me\u015f\u0259ni yand\u0131rd\u0131lar ki, y\u0259ni buradan r\u0259dd olub gedin\u201d, &#8211; \u015fikay\u0259t\u00e7i deyir:\n<\/p>\n<p>\n  \u201cH\u0259min dolaylarda f\u0259aliyy\u0259t g\u00f6st\u0259r\u0259n obyektl\u0259rin rayon camaat\u0131na \u00e7ox k\u00f6m\u0259yi var idi. \u0130nsanlar i\u015fl\u0259yirdi, evin\u0259 \u00e7\u00f6r\u0259kpulu apar\u0131rd\u0131. Ham\u0131s\u0131n\u0131 m\u0259hv etdil\u0259r. Dig\u0259r obyekt sahibl\u0259rin\u0259 h\u0259d\u0259-qorxu g\u0259ldil\u0259r. H\u0259tta bir n\u0259f\u0259r\u0259 70 min manat ziyan vurdular. Adam obyekti s\u00f6kd\u00fc, yenid\u0259n tikdirdi, xeyli x\u0259rc \u00e7\u0259k\u0259nd\u0259n sonra oran\u0131 18 min manata satd\u0131. \u0130cra ba\u015f\u00e7\u0131s\u0131 obyekt sahibl\u0259rini bir-bir kabinetin\u0259 \u00e7a\u011f\u0131r\u0131rd\u0131. H\u0259min adamlar sonra \u00f6zl\u0259ri obyektl\u0259rini s\u00f6km\u0259y\u0259 ba\u015flad\u0131. \u0130ndi onlar\u0131n \u00e7oxu pe\u015fman olub. Ba\u015f\u00e7\u0131 birini qorxudur, s\u0259n\u0259dl\u0259rini \u0259lind\u0259n al\u0131b, ba\u015fqas\u0131na sat\u0131r. \u018fg\u0259r bu layih\u0259dirs\u0259, obyekti ba\u015fqas\u0131na nec\u0259 sat\u0131rsan? Haz\u0131rda ba\u015fqa bir adam\u0131n vasit\u0259sil\u0259 \u00f6z\u00fcn\u0259 obyekt tikdirir. \u018flimd\u0259 fakt yoxdur, amma bilir\u0259m ki, h\u0259min obyektd\u0259 ad\u0131 hallanan adam\u0131n orada he\u00e7 n\u0259yi yoxdur. B\u00fct\u00fcn A\u011fsunu h\u0259min adam\u0131n ad\u0131na al\u0131blar. Y\u0259ni bu kimi qanunsuz i\u015fl\u0259r g\u00f6r\u00fcrl\u0259r. S\u00f6k\u00fcl\u0259n obyekt sahibl\u0259rin\u0259 deyirl\u0259r ki, yeni layih\u0259 veririk, yenid\u0259n tik. T\u0259qdim olunan layih\u0259d\u0259 b\u00fcn\u00f6vr\u0259 80 santimetrdir. M\u0259nim tikdiyim obyektin b\u00fcn\u00f6vr\u0259si is\u0259 3 metr d\u0259rinliyind\u0259 idi. \u018fg\u0259r bunu tik\u0259c\u0259kdims\u0259, yax\u015f\u0131n\u0131 niy\u0259 s\u00f6k\u00fcrd\u00fcn? M\u0259n\u0259 ziyan vurma\u011fa g\u00f6r\u0259?\u201d\n<\/p>\n<figure class=\"wp-block-image size-large\">\n  <img decoding=\"async\" src=\"https:\/\/www.meydan.tv\/az\/image_from_ios-4-jpg-153\/\" alt=\"image_from_ios (4).jpg\" class=\"wp-image-145497\"\/><figcaption>\n    Asif C\u0259f\u0259rov<br \/>\n  <\/figcaption><\/figure>\n<p>\n  Bak\u0131-\u015eamax\u0131-Yevlax magistral yolunun 144-158-ci kilometrini t\u0259\u015fkil ed\u0259n A\u011fsu dolaylar\u0131nda yerl\u0259\u015f\u0259n 36 ia\u015f\u0259 obyektinin 20-d\u0259n \u00e7oxu s\u00f6k\u00fcld\u00fcy\u00fc deyilir. Sahibkarlar bununla ba\u011fl\u0131 bir \u00e7ox qurumlara m\u00fcraci\u0259t edib:\n<\/p>\n<p>\n  \u201cOmbudsman Aparat\u0131na, Prezident \u0130lham \u018fliyev\u0259 mill\u0259t v\u0259kill\u0259ri Zahid Oruca, Tahir K\u0259rimliy\u0259, Ba\u015f Prokurorlu\u011fa m\u00fcraci\u0259t etmi\u015f\u0259m. Hans\u0131 quruma m\u0259ktub yazm\u0131\u015fam, A\u011fsu Rayon \u0130cra Hakimiyy\u0259tin\u0259 g\u00f6nd\u0259rirl\u0259r. Bel\u0259 olan halda problemimiz nec\u0259 h\u0259ll edil\u0259c\u0259k? \u00dcst\u00fcm\u0259 yeddi-s\u0259kkiz d\u0259f\u0259 m\u0259ktub g\u00f6nd\u0259rib ki, sizin obyekti s\u00f6km\u0259mi\u015f\u0259m. Deyir ki, A\u011fsu rayon Ya\u015f\u0131lla\u015fd\u0131rma T\u0259s\u0259rr\u00fcfat\u0131 Birliyi s\u00f6k\u00fcb. Birlik s\u0259n\u0259 tabe olan qurumdur, \u00f6zba\u015f\u0131na deyil. S\u00f6k\u0259nd\u0259 dedi ki, tap\u015f\u0131r\u0131\u011f\u0131 icra ba\u015f\u00e7\u0131s\u0131 verib. Adama dey\u0259n g\u0259r\u0259k, pandemiya d\u00f6vr\u00fcnd\u0259 s\u0259nin prezidentin onlayn \u00e7\u0131x\u0131\u015flar edir, nazirl\u0259r\u0259 tap\u015f\u0131r\u0131q verir. S\u0259n Banqlade\u015fin prezidentinin qanunlar\u0131na tabe olursan, yoxsa Az\u0259rbaycan\u0131n? G\u00f6r\u00fcn, kiml\u0259r\u0259 tabe olmu\u015fuq, bizi kiml\u0259r idar\u0259 edir?\u201d.\n<\/p>\n<figure class=\"wp-block-image size-large\">\n  <img decoding=\"async\" src=\"https:\/\/www.meydan.tv\/az\/image_from_ios-6-jpg-92\/\" alt=\"image_from_ios (6).jpg\" class=\"wp-image-145503\"\/><figcaption>\n    \u0130cra Hakimiyy\u0259tinin s\u0259r\u0259ncam\u0131<br \/>\n  <\/figcaption><\/figure>\n<p>\n  Meydan TV m\u0259s\u0259l\u0259 il\u0259 ba\u011fl\u0131 A\u011fsu Rayon \u0130cra Hakimiyy\u0259ti il\u0259 \u0259laq\u0259 saxlay\u0131b. Qurumun \u0130nformasiya t\u0259minat\u0131 v\u0259 t\u0259hlil sektorunun apar\u0131c\u0131 m\u0259sl\u0259h\u0259t\u00e7isi Ceyhun Has\u0131lov bildirib ki, Bak\u0131-\u015eamax\u0131-Yevlax magistral yolunun 144-158-ci kilometrini t\u0259\u015fkil ed\u0259n A\u011fsu dolaylar\u0131nda sahibkarl\u0131q obyektl\u0259rinin yenid\u0259n qurulmas\u0131 t\u0259hl\u00fck\u0259sizlik bax\u0131m\u0131ndan z\u0259ruridir:\n<\/p>\n<p>\n  \u201c14 kilometrlik dolaylarda 17 s\u00fcr\u00fc\u015fm\u0259 zonas\u0131 var v\u0259 h\u0259tta 147-149-cu kilometrl\u0259rd\u0259 yolda v\u0259 \u0259razinin iki yerind\u0259 s\u00fcr\u00fc\u015fm\u0259 ikit\u0259r\u0259flidir. 36 sahibkarl\u0131q obyektinin 17-si m\u0259hz s\u00fcr\u00fc\u015fm\u0259 zonas\u0131ndad\u0131r v\u0259 bu da k\u00f6hn\u0259 tikilil\u0259r \u00fc\u00e7\u00fcn \u00e7ox t\u0259hl\u00fck\u0259li idi. Bunun \u00fc\u00e7\u00fcn d\u0259 R\u0130H t\u0259r\u0259find\u0259n yeni layih\u0259 haz\u0131rlanaraq obyekt sahibl\u0259rin\u0259 t\u0259qdim edilib. Onlara t\u00f6vsiy\u0259 olunub ki, ia\u015f\u0259 obyektl\u0259ri d\u0259yi\u015fdirilsin v\u0259 m\u00fcasir standartlara uy\u011fun olsun. Sahibkarlardan m\u0259s\u0259l\u0259y\u0259 naraz\u0131l\u0131q ed\u0259n olmay\u0131b. Yaln\u0131z bir v\u0259t\u0259nda\u015f Asif C\u0259f\u0259rov \u018flisa o\u011flu bir ne\u00e7\u0259 d\u0259f\u0259 m\u0259s\u0259l\u0259 il\u0259 ba\u011fl\u0131 m\u00fcraci\u0259t edib. Onun obyektinin s\u00f6k\u00fclm\u0259si, yaxud kim t\u0259r\u0259find\u0259n s\u00f6k\u00fclm\u0259si il\u0259 ba\u011fl\u0131 m\u0259lumat yoxdur. H\u0259min avtomobil-magistral yolu boyunca olan b\u00fct\u00fcn ia\u015f\u0259 obyektl\u0259ri turizm kontekstin\u0259 uy\u011fun olaraq yenil\u0259n\u0259c\u0259k\u201d.\n<\/p>\n<figure class=\"wp-block-image size-large\">\n  <img decoding=\"async\" src=\"https:\/\/www.meydan.tv\/az\/image_from_ios-8-jpg-41\/\" alt=\"image_from_ios (8).jpg\" class=\"wp-image-145506\"\/><figcaption>\n    Z\u0259r\u0259r\u00e7\u0259k\u0259n bildirir ki, ail\u0259sin\u0259 m\u0259xsus, daha d\u0259qiq N\u00fc\u015fab\u0259 \u018flisa q\u0131z\u0131 C\u0259f\u0259rovan\u0131n ad\u0131na r\u0259smil\u0259\u015fdiril\u0259n \u201cOrxan\u201d ia\u015f\u0259 obyekti qanunsuz olaraq s\u00f6k\u00fcl\u00fcb<br \/>\n  <\/figcaption><\/figure>\n<figure class=\"wp-block-image size-large\">\n  <img decoding=\"async\" src=\"https:\/\/www.meydan.tv\/az\/image_from_ios-11-jpg-20\/\" alt=\"image_from_ios (11).jpg\" class=\"wp-image-145513\"\/><figcaption>\n    &#8220;H\u0259tta A\u011fsu dolaylar\u0131nda me\u015f\u0259ni yand\u0131rd\u0131lar ki, y\u0259ni buradan r\u0259dd olub gedin\u201d<br \/>\n  <\/figcaption><\/figure>\n<figure class=\"wp-block-image size-large\">\n  <img decoding=\"async\" src=\"https:\/\/www.meydan.tv\/az\/image_from_ios-10-jpg-22\/\" alt=\"image_from_ios (10).jpg\" class=\"wp-image-145509\"\/><figcaption>\n    &#8220;\u0130cra ba\u015f\u00e7\u0131s\u0131 obyekt sahibl\u0259rini bir-bir kabinetin\u0259 \u00e7a\u011f\u0131r\u0131rd\u0131&#8221;<br \/>\n  <\/figcaption><\/figure>\n","protected":false},"excerpt":{"rendered":"<p>&#8220;\u0130cra ba\u015f\u00e7\u0131s\u0131 obyekt sahibl\u0259rini bir-bir kabinetin\u0259 \u00e7a\u011f\u0131r\u0131rd\u0131&#8221;<\/p>\n","protected":false},"author":11,"featured_media":145521,"comment_status":"closed","ping_status":"open","sticky":false,"template":"","format":"standard","meta":{"_acf_changed":false,"_sitemap_exclude":false,"_sitemap_priority":"","_sitemap_frequency":"","footnotes":""},"categories":[60],"tags":[],"class_list":["post-201784","post","type-post","status-publish","format-standard","has-post-thumbnail","hentry","category-bolge","infinite-scroll-item","generate-columns","tablet-grid-50","mobile-grid-100","grid-parent","grid-33","no-featured-image-padding"],"acf":[],"yoast_head":"<!-- This site is optimized with the Yoast SEO plugin v27.5 - https:\/\/yoast.com\/product\/yoast-seo-wordpress\/ -->\n<title>\u201c\u0130cra ba\u015f\u00e7\u0131s\u0131 m\u0259hk\u0259m\u0259 q\u0259rar\u0131 olmadan A\u011fsu dolaylar\u0131ndak\u0131 kafel\u0259ri s\u00f6kd\u00fcr\u00fcr\u201d - MEYDAN.TV<\/title>\n<meta name=\"robots\" content=\"index, follow, max-snippet:-1, max-image-preview:large, max-video-preview:-1\" \/>\n<link rel=\"canonical\" href=\"https:\/\/www.meydan.tv\/az\/article\/icra-bascisi-mehkeme-qerari-olmadan-agsu-dolaylarindaki-kafeleri-sokdurur\/\" \/>\n<meta property=\"og:locale\" content=\"az_AZ\" \/>\n<meta property=\"og:type\" content=\"article\" \/>\n<meta property=\"og:title\" content=\"\u201c\u0130cra ba\u015f\u00e7\u0131s\u0131 m\u0259hk\u0259m\u0259 q\u0259rar\u0131 olmadan A\u011fsu dolaylar\u0131ndak\u0131 kafel\u0259ri s\u00f6kd\u00fcr\u00fcr\u201d - MEYDAN.TV\" \/>\n<meta property=\"og:description\" content=\"&quot;\u0130cra ba\u015f\u00e7\u0131s\u0131 obyekt sahibl\u0259rini bir-bir kabinetin\u0259 \u00e7a\u011f\u0131r\u0131rd\u0131&quot;\" \/>\n<meta property=\"og:url\" content=\"https:\/\/www.meydan.tv\/az\/article\/icra-bascisi-mehkeme-qerari-olmadan-agsu-dolaylarindaki-kafeleri-sokdurur\/\" \/>\n<meta property=\"og:site_name\" content=\"MEYDAN.TV\" \/>\n<meta property=\"article:published_time\" content=\"2020-08-04T12:24:46+00:00\" \/>\n<meta property=\"og:image\" content=\"https:\/\/www.meydan.tv\/wp-content\/uploads\/unnamed_itzsixo.jpg\" \/>\n\t<meta property=\"og:image:width\" content=\"722\" \/>\n\t<meta property=\"og:image:height\" content=\"480\" \/>\n\t<meta property=\"og:image:type\" content=\"image\/jpeg\" \/>\n<meta name=\"author\" content=\"user-manager\" \/>\n<meta name=\"twitter:card\" content=\"summary_large_image\" \/>\n<script type=\"application\/ld+json\" class=\"yoast-schema-graph\">{\"@context\":\"https:\\\/\\\/schema.org\",\"@graph\":[{\"@type\":\"Article\",\"@id\":\"https:\\\/\\\/www.meydan.tv\\\/az\\\/article\\\/icra-bascisi-mehkeme-qerari-olmadan-agsu-dolaylarindaki-kafeleri-sokdurur\\\/#article\",\"isPartOf\":{\"@id\":\"https:\\\/\\\/www.meydan.tv\\\/az\\\/article\\\/icra-bascisi-mehkeme-qerari-olmadan-agsu-dolaylarindaki-kafeleri-sokdurur\\\/\"},\"author\":{\"name\":\"user-manager\",\"@id\":\"https:\\\/\\\/www.meydan.tv\\\/az\\\/#\\\/schema\\\/person\\\/10d11eccf6da3662cf5fdab9806ea91a\"},\"headline\":\"\u201c\u0130cra ba\u015f\u00e7\u0131s\u0131 m\u0259hk\u0259m\u0259 q\u0259rar\u0131 olmadan A\u011fsu dolaylar\u0131ndak\u0131 kafel\u0259ri s\u00f6kd\u00fcr\u00fcr\u201d\",\"datePublished\":\"2020-08-04T12:24:46+00:00\",\"mainEntityOfPage\":{\"@id\":\"https:\\\/\\\/www.meydan.tv\\\/az\\\/article\\\/icra-bascisi-mehkeme-qerari-olmadan-agsu-dolaylarindaki-kafeleri-sokdurur\\\/\"},\"wordCount\":1528,\"publisher\":{\"@id\":\"https:\\\/\\\/www.meydan.tv\\\/az\\\/#organization\"},\"image\":{\"@id\":\"https:\\\/\\\/www.meydan.tv\\\/az\\\/article\\\/icra-bascisi-mehkeme-qerari-olmadan-agsu-dolaylarindaki-kafeleri-sokdurur\\\/#primaryimage\"},\"thumbnailUrl\":\"https:\\\/\\\/www.meydan.tv\\\/wp-content\\\/uploads\\\/unnamed_itzsixo.jpg\",\"articleSection\":[\"B\u00f6lg\u0259\"],\"inLanguage\":\"az\"},{\"@type\":\"WebPage\",\"@id\":\"https:\\\/\\\/www.meydan.tv\\\/az\\\/article\\\/icra-bascisi-mehkeme-qerari-olmadan-agsu-dolaylarindaki-kafeleri-sokdurur\\\/\",\"url\":\"https:\\\/\\\/www.meydan.tv\\\/az\\\/article\\\/icra-bascisi-mehkeme-qerari-olmadan-agsu-dolaylarindaki-kafeleri-sokdurur\\\/\",\"name\":\"\u201c\u0130cra ba\u015f\u00e7\u0131s\u0131 m\u0259hk\u0259m\u0259 q\u0259rar\u0131 olmadan A\u011fsu dolaylar\u0131ndak\u0131 kafel\u0259ri s\u00f6kd\u00fcr\u00fcr\u201d - MEYDAN.TV\",\"isPartOf\":{\"@id\":\"https:\\\/\\\/www.meydan.tv\\\/az\\\/#website\"},\"primaryImageOfPage\":{\"@id\":\"https:\\\/\\\/www.meydan.tv\\\/az\\\/article\\\/icra-bascisi-mehkeme-qerari-olmadan-agsu-dolaylarindaki-kafeleri-sokdurur\\\/#primaryimage\"},\"image\":{\"@id\":\"https:\\\/\\\/www.meydan.tv\\\/az\\\/article\\\/icra-bascisi-mehkeme-qerari-olmadan-agsu-dolaylarindaki-kafeleri-sokdurur\\\/#primaryimage\"},\"thumbnailUrl\":\"https:\\\/\\\/www.meydan.tv\\\/wp-content\\\/uploads\\\/unnamed_itzsixo.jpg\",\"datePublished\":\"2020-08-04T12:24:46+00:00\",\"breadcrumb\":{\"@id\":\"https:\\\/\\\/www.meydan.tv\\\/az\\\/article\\\/icra-bascisi-mehkeme-qerari-olmadan-agsu-dolaylarindaki-kafeleri-sokdurur\\\/#breadcrumb\"},\"inLanguage\":\"az\",\"potentialAction\":[{\"@type\":\"ReadAction\",\"target\":[\"https:\\\/\\\/www.meydan.tv\\\/az\\\/article\\\/icra-bascisi-mehkeme-qerari-olmadan-agsu-dolaylarindaki-kafeleri-sokdurur\\\/\"]}]},{\"@type\":\"ImageObject\",\"inLanguage\":\"az\",\"@id\":\"https:\\\/\\\/www.meydan.tv\\\/az\\\/article\\\/icra-bascisi-mehkeme-qerari-olmadan-agsu-dolaylarindaki-kafeleri-sokdurur\\\/#primaryimage\",\"url\":\"https:\\\/\\\/www.meydan.tv\\\/wp-content\\\/uploads\\\/unnamed_itzsixo.jpg\",\"contentUrl\":\"https:\\\/\\\/www.meydan.tv\\\/wp-content\\\/uploads\\\/unnamed_itzsixo.jpg\",\"width\":722,\"height\":480,\"caption\":\"Source: http:\\\/\\\/agsu-ih.gov.az\\\/\"},{\"@type\":\"BreadcrumbList\",\"@id\":\"https:\\\/\\\/www.meydan.tv\\\/az\\\/article\\\/icra-bascisi-mehkeme-qerari-olmadan-agsu-dolaylarindaki-kafeleri-sokdurur\\\/#breadcrumb\",\"itemListElement\":[{\"@type\":\"ListItem\",\"position\":1,\"name\":\"Ana s\u0259hif\u0259\",\"item\":\"https:\\\/\\\/www.meydan.tv\\\/az\\\/\"},{\"@type\":\"ListItem\",\"position\":2,\"name\":\"B\u00f6lg\u0259\",\"item\":\"https:\\\/\\\/www.meydan.tv\\\/az\\\/section\\\/bolge\\\/\"},{\"@type\":\"ListItem\",\"position\":3,\"name\":\"\u201c\u0130cra ba\u015f\u00e7\u0131s\u0131 m\u0259hk\u0259m\u0259 q\u0259rar\u0131 olmadan A\u011fsu dolaylar\u0131ndak\u0131 kafel\u0259ri s\u00f6kd\u00fcr\u00fcr\u201d\"}]},{\"@type\":\"WebSite\",\"@id\":\"https:\\\/\\\/www.meydan.tv\\\/az\\\/#website\",\"url\":\"https:\\\/\\\/www.meydan.tv\\\/az\\\/\",\"name\":\"MEYDAN.TV\",\"description\":\"Meydan TV Az\u0259rbaycan\u0131n media m\u0259kan\u0131ndak\u0131 alternativ s\u0259sidir\",\"publisher\":{\"@id\":\"https:\\\/\\\/www.meydan.tv\\\/az\\\/#organization\"},\"potentialAction\":[{\"@type\":\"SearchAction\",\"target\":{\"@type\":\"EntryPoint\",\"urlTemplate\":\"https:\\\/\\\/www.meydan.tv\\\/az\\\/?s={search_term_string}\"},\"query-input\":{\"@type\":\"PropertyValueSpecification\",\"valueRequired\":true,\"valueName\":\"search_term_string\"}}],\"inLanguage\":\"az\"},{\"@type\":\"Organization\",\"@id\":\"https:\\\/\\\/www.meydan.tv\\\/az\\\/#organization\",\"name\":\"Meydan TV\",\"url\":\"https:\\\/\\\/www.meydan.tv\\\/az\\\/\",\"logo\":{\"@type\":\"ImageObject\",\"inLanguage\":\"az\",\"@id\":\"https:\\\/\\\/www.meydan.tv\\\/az\\\/#\\\/schema\\\/logo\\\/image\\\/\",\"url\":\"https:\\\/\\\/www.meydan.tv\\\/wp-content\\\/uploads\\\/2021\\\/07\\\/meydan-logo.svg\",\"contentUrl\":\"https:\\\/\\\/www.meydan.tv\\\/wp-content\\\/uploads\\\/2021\\\/07\\\/meydan-logo.svg\",\"width\":195,\"height\":46,\"caption\":\"Meydan TV\"},\"image\":{\"@id\":\"https:\\\/\\\/www.meydan.tv\\\/az\\\/#\\\/schema\\\/logo\\\/image\\\/\"}},{\"@type\":\"Person\",\"@id\":\"https:\\\/\\\/www.meydan.tv\\\/az\\\/#\\\/schema\\\/person\\\/10d11eccf6da3662cf5fdab9806ea91a\",\"name\":\"user-manager\"}]}<\/script>\n<!-- \/ Yoast SEO plugin. -->","yoast_head_json":{"title":"\u201c\u0130cra ba\u015f\u00e7\u0131s\u0131 m\u0259hk\u0259m\u0259 q\u0259rar\u0131 olmadan A\u011fsu dolaylar\u0131ndak\u0131 kafel\u0259ri s\u00f6kd\u00fcr\u00fcr\u201d - MEYDAN.TV","robots":{"index":"index","follow":"follow","max-snippet":"max-snippet:-1","max-image-preview":"max-image-preview:large","max-video-preview":"max-video-preview:-1"},"canonical":"https:\/\/www.meydan.tv\/az\/article\/icra-bascisi-mehkeme-qerari-olmadan-agsu-dolaylarindaki-kafeleri-sokdurur\/","og_locale":"az_AZ","og_type":"article","og_title":"\u201c\u0130cra ba\u015f\u00e7\u0131s\u0131 m\u0259hk\u0259m\u0259 q\u0259rar\u0131 olmadan A\u011fsu dolaylar\u0131ndak\u0131 kafel\u0259ri s\u00f6kd\u00fcr\u00fcr\u201d - MEYDAN.TV","og_description":"\"\u0130cra ba\u015f\u00e7\u0131s\u0131 obyekt sahibl\u0259rini bir-bir kabinetin\u0259 \u00e7a\u011f\u0131r\u0131rd\u0131\"","og_url":"https:\/\/www.meydan.tv\/az\/article\/icra-bascisi-mehkeme-qerari-olmadan-agsu-dolaylarindaki-kafeleri-sokdurur\/","og_site_name":"MEYDAN.TV","article_published_time":"2020-08-04T12:24:46+00:00","og_image":[{"width":722,"height":480,"url":"https:\/\/www.meydan.tv\/wp-content\/uploads\/unnamed_itzsixo.jpg","type":"image\/jpeg"}],"author":"user-manager","twitter_card":"summary_large_image","schema":{"@context":"https:\/\/schema.org","@graph":[{"@type":"Article","@id":"https:\/\/www.meydan.tv\/az\/article\/icra-bascisi-mehkeme-qerari-olmadan-agsu-dolaylarindaki-kafeleri-sokdurur\/#article","isPartOf":{"@id":"https:\/\/www.meydan.tv\/az\/article\/icra-bascisi-mehkeme-qerari-olmadan-agsu-dolaylarindaki-kafeleri-sokdurur\/"},"author":{"name":"user-manager","@id":"https:\/\/www.meydan.tv\/az\/#\/schema\/person\/10d11eccf6da3662cf5fdab9806ea91a"},"headline":"\u201c\u0130cra ba\u015f\u00e7\u0131s\u0131 m\u0259hk\u0259m\u0259 q\u0259rar\u0131 olmadan A\u011fsu dolaylar\u0131ndak\u0131 kafel\u0259ri s\u00f6kd\u00fcr\u00fcr\u201d","datePublished":"2020-08-04T12:24:46+00:00","mainEntityOfPage":{"@id":"https:\/\/www.meydan.tv\/az\/article\/icra-bascisi-mehkeme-qerari-olmadan-agsu-dolaylarindaki-kafeleri-sokdurur\/"},"wordCount":1528,"publisher":{"@id":"https:\/\/www.meydan.tv\/az\/#organization"},"image":{"@id":"https:\/\/www.meydan.tv\/az\/article\/icra-bascisi-mehkeme-qerari-olmadan-agsu-dolaylarindaki-kafeleri-sokdurur\/#primaryimage"},"thumbnailUrl":"https:\/\/www.meydan.tv\/wp-content\/uploads\/unnamed_itzsixo.jpg","articleSection":["B\u00f6lg\u0259"],"inLanguage":"az"},{"@type":"WebPage","@id":"https:\/\/www.meydan.tv\/az\/article\/icra-bascisi-mehkeme-qerari-olmadan-agsu-dolaylarindaki-kafeleri-sokdurur\/","url":"https:\/\/www.meydan.tv\/az\/article\/icra-bascisi-mehkeme-qerari-olmadan-agsu-dolaylarindaki-kafeleri-sokdurur\/","name":"\u201c\u0130cra ba\u015f\u00e7\u0131s\u0131 m\u0259hk\u0259m\u0259 q\u0259rar\u0131 olmadan A\u011fsu dolaylar\u0131ndak\u0131 kafel\u0259ri s\u00f6kd\u00fcr\u00fcr\u201d - MEYDAN.TV","isPartOf":{"@id":"https:\/\/www.meydan.tv\/az\/#website"},"primaryImageOfPage":{"@id":"https:\/\/www.meydan.tv\/az\/article\/icra-bascisi-mehkeme-qerari-olmadan-agsu-dolaylarindaki-kafeleri-sokdurur\/#primaryimage"},"image":{"@id":"https:\/\/www.meydan.tv\/az\/article\/icra-bascisi-mehkeme-qerari-olmadan-agsu-dolaylarindaki-kafeleri-sokdurur\/#primaryimage"},"thumbnailUrl":"https:\/\/www.meydan.tv\/wp-content\/uploads\/unnamed_itzsixo.jpg","datePublished":"2020-08-04T12:24:46+00:00","breadcrumb":{"@id":"https:\/\/www.meydan.tv\/az\/article\/icra-bascisi-mehkeme-qerari-olmadan-agsu-dolaylarindaki-kafeleri-sokdurur\/#breadcrumb"},"inLanguage":"az","potentialAction":[{"@type":"ReadAction","target":["https:\/\/www.meydan.tv\/az\/article\/icra-bascisi-mehkeme-qerari-olmadan-agsu-dolaylarindaki-kafeleri-sokdurur\/"]}]},{"@type":"ImageObject","inLanguage":"az","@id":"https:\/\/www.meydan.tv\/az\/article\/icra-bascisi-mehkeme-qerari-olmadan-agsu-dolaylarindaki-kafeleri-sokdurur\/#primaryimage","url":"https:\/\/www.meydan.tv\/wp-content\/uploads\/unnamed_itzsixo.jpg","contentUrl":"https:\/\/www.meydan.tv\/wp-content\/uploads\/unnamed_itzsixo.jpg","width":722,"height":480,"caption":"Source: http:\/\/agsu-ih.gov.az\/"},{"@type":"BreadcrumbList","@id":"https:\/\/www.meydan.tv\/az\/article\/icra-bascisi-mehkeme-qerari-olmadan-agsu-dolaylarindaki-kafeleri-sokdurur\/#breadcrumb","itemListElement":[{"@type":"ListItem","position":1,"name":"Ana s\u0259hif\u0259","item":"https:\/\/www.meydan.tv\/az\/"},{"@type":"ListItem","position":2,"name":"B\u00f6lg\u0259","item":"https:\/\/www.meydan.tv\/az\/section\/bolge\/"},{"@type":"ListItem","position":3,"name":"\u201c\u0130cra ba\u015f\u00e7\u0131s\u0131 m\u0259hk\u0259m\u0259 q\u0259rar\u0131 olmadan A\u011fsu dolaylar\u0131ndak\u0131 kafel\u0259ri s\u00f6kd\u00fcr\u00fcr\u201d"}]},{"@type":"WebSite","@id":"https:\/\/www.meydan.tv\/az\/#website","url":"https:\/\/www.meydan.tv\/az\/","name":"MEYDAN.TV","description":"Meydan TV Az\u0259rbaycan\u0131n media m\u0259kan\u0131ndak\u0131 alternativ s\u0259sidir","publisher":{"@id":"https:\/\/www.meydan.tv\/az\/#organization"},"potentialAction":[{"@type":"SearchAction","target":{"@type":"EntryPoint","urlTemplate":"https:\/\/www.meydan.tv\/az\/?s={search_term_string}"},"query-input":{"@type":"PropertyValueSpecification","valueRequired":true,"valueName":"search_term_string"}}],"inLanguage":"az"},{"@type":"Organization","@id":"https:\/\/www.meydan.tv\/az\/#organization","name":"Meydan TV","url":"https:\/\/www.meydan.tv\/az\/","logo":{"@type":"ImageObject","inLanguage":"az","@id":"https:\/\/www.meydan.tv\/az\/#\/schema\/logo\/image\/","url":"https:\/\/www.meydan.tv\/wp-content\/uploads\/2021\/07\/meydan-logo.svg","contentUrl":"https:\/\/www.meydan.tv\/wp-content\/uploads\/2021\/07\/meydan-logo.svg","width":195,"height":46,"caption":"Meydan TV"},"image":{"@id":"https:\/\/www.meydan.tv\/az\/#\/schema\/logo\/image\/"}},{"@type":"Person","@id":"https:\/\/www.meydan.tv\/az\/#\/schema\/person\/10d11eccf6da3662cf5fdab9806ea91a","name":"user-manager"}]}},"_links":{"self":[{"href":"https:\/\/www.meydan.tv\/az\/wp-json\/wp\/v2\/posts\/201784","targetHints":{"allow":["GET"]}}],"collection":[{"href":"https:\/\/www.meydan.tv\/az\/wp-json\/wp\/v2\/posts"}],"about":[{"href":"https:\/\/www.meydan.tv\/az\/wp-json\/wp\/v2\/types\/post"}],"author":[{"embeddable":true,"href":"https:\/\/www.meydan.tv\/az\/wp-json\/wp\/v2\/users\/11"}],"replies":[{"embeddable":true,"href":"https:\/\/www.meydan.tv\/az\/wp-json\/wp\/v2\/comments?post=201784"}],"version-history":[{"count":0,"href":"https:\/\/www.meydan.tv\/az\/wp-json\/wp\/v2\/posts\/201784\/revisions"}],"wp:featuredmedia":[{"embeddable":true,"href":"https:\/\/www.meydan.tv\/az\/wp-json\/wp\/v2\/media\/145521"}],"wp:attachment":[{"href":"https:\/\/www.meydan.tv\/az\/wp-json\/wp\/v2\/media?parent=201784"}],"wp:term":[{"taxonomy":"category","embeddable":true,"href":"https:\/\/www.meydan.tv\/az\/wp-json\/wp\/v2\/categories?post=201784"},{"taxonomy":"post_tag","embeddable":true,"href":"https:\/\/www.meydan.tv\/az\/wp-json\/wp\/v2\/tags?post=201784"}],"curies":[{"name":"wp","href":"https:\/\/api.w.org\/{rel}","templated":true}]}}