{"id":201750,"date":"2020-07-31T20:28:34","date_gmt":"2020-07-31T20:28:34","guid":{"rendered":"https:\/\/www.meydan.tv\/article\/anaya-ev-islerinde-komek-ucun-qacirilan-mektebli-qiz\/"},"modified":"2020-07-31T20:28:34","modified_gmt":"2020-07-31T20:28:34","slug":"anaya-ev-islerinde-komek-ucun-qacirilan-mektebli-qiz","status":"publish","type":"post","link":"https:\/\/www.meydan.tv\/az\/article\/anaya-ev-islerinde-komek-ucun-qacirilan-mektebli-qiz\/","title":{"rendered":"Anaya ev i\u015fl\u0259rind\u0259 k\u00f6m\u0259k \u00fc\u00e7\u00fcn qa\u00e7\u0131r\u0131lan m\u0259kt\u0259bli q\u0131z&#8230;"},"content":{"rendered":"<p>\n  <i><br \/>\n    Azya\u015fl\u0131n\u0131 qa\u00e7\u0131ran \u015f\u0259xs: \u201cM\u0259nim bu m\u0259s\u0259l\u0259l\u0259rl\u0259 ba\u011fl\u0131 d\u00fcnyaya bax\u0131\u015f\u0131m f\u0259rqlidir\u201d<br \/>\n  <\/i>\n<\/p>\n<p>\n  Saatl\u0131 rayon sakinl\u0259ri olan P\u0259rviz v\u0259 Sahil Ba\u011f\u0131rov qarda\u015flar\u0131n\u0131n ikisi d\u0259 h\u0259bsd\u0259dir. 31 ya\u015fl\u0131 P\u0259rviz Ba\u011f\u0131rov 12 il, 29 ya\u015fl\u0131 qarda\u015f\u0131 is\u0259 10 il azadl\u0131qdan m\u0259hrum edilib.\n<\/p>\n<p>\n  Qarda\u015flar Saatl\u0131n\u0131n Mirc\u0259lal k\u0259ndind\u0259 (ke\u00e7mi\u015f Kirovk\u0259nd) do\u011fulublar, sonradan ba\u015fqa k\u0259nd\u0259 k\u00f6\u00e7\u00fcbl\u0259r. P\u0259rviz Mirc\u0259lal k\u0259nd orta m\u0259kt\u0259bind\u0259 u\u015faq birliyinin r\u0259hb\u0259ri i\u015fl\u0259yib. Qarda\u015flar h\u0259min m\u0259kt\u0259bin \u015fagirdl\u0259rind\u0259n birini o\u011furlamaqda t\u0259qsirl\u0259ndiril\u0259r\u0259k c\u0259zaland\u0131r\u0131l\u0131blar. S\u00f6hb\u0259t yetkinlik ya\u015f\u0131na \u00e7atmam\u0131\u015f q\u0131z u\u015fa\u011f\u0131ndan gedir.\n<\/p>\n<p>\n  <b><br \/>\n    M\u0259kt\u0259bd\u0259n \u00e7\u0131x\u0131b ev\u0259 ged\u0259nd\u0259 qa\u00e7\u0131r\u0131lan \u015fagird<br \/>\n  <\/b>\n<\/p>\n<p>\n  \u00d6t\u0259n ilin may\u0131nda hadis\u0259 ba\u015f ver\u0259n g\u00fcn 10-cu sinif \u015fagirdi olan q\u0131z (ad v\u0259 soyad\u0131 b\u0259llidir, etik s\u0259b\u0259bl\u0259rd\u0259n a\u00e7\u0131qlanm\u0131r-red.) g\u00fcnorta m\u0259kt\u0259bd\u0259n \u00e7\u0131x\u0131b ba\u015fqa bir sinif yolda\u015f\u0131yla ev\u0259 gedirmi\u015f. Bu zaman P\u0259rviz v\u0259 Sahil Ba\u011f\u0131rovlar atalar\u0131n\u0131n \u201cVAZ-2106\u201d ma\u015f\u0131n\u0131yla ordan ke\u00e7ib. P\u0259rviz Ba\u011f\u0131rov ma\u015f\u0131ndan d\u00fc\u015f\u0259r\u0259k, q\u0131zlardan birini zorla ma\u015f\u0131na mindirib. Q\u0131z a\u011flay\u0131b-q\u0131\u015fq\u0131rsa da, xeyri olmay\u0131b, onu qa\u00e7\u0131r\u0131b evl\u0259rin\u0259 g\u0259tiribl\u0259r.\n<\/p>\n<p>\n  Ba\u015f ver\u0259nl\u0259rd\u0259n x\u0259b\u0259r tutan valideynl\u0259ri v\u0259 ba\u015fqa qohumlar\u0131 az sonra qarda\u015flar\u0131n ya\u015fad\u0131\u011f\u0131 Soltanabad k\u0259ndin\u0259 g\u0259l\u0259r\u0259k, q\u0131z\u0131 geri qaytar\u0131blar.\n<\/p>\n<p>\n  Bu hadis\u0259d\u0259 diqq\u0259t \u00e7\u0259k\u0259n m\u0259qamlardan biri q\u0131z\u0131n qa\u00e7\u0131r\u0131lma s\u0259b\u0259bidir.\n<\/p>\n<p>\n  <b><br \/>\n    \u201cAil\u0259 \u00f6m\u00fcr boyu \u00f6hd\u0259likdir, m\u0259n is\u0259 s\u0259rb\u0259st ya\u015famaq ist\u0259yir\u0259m\u201d<br \/>\n  <\/b>\n<\/p>\n<p>\n  Cinay\u0259t i\u015finin materiallar\u0131nda iddia olunur ki, P\u0259rviz Ba\u011f\u0131rov q\u0131z\u0131 evl\u0259nm\u0259k m\u0259qs\u0259dil\u0259 zorla qa\u00e7\u0131r\u0131b. Amma \u00f6z\u00fc bu bar\u0259d\u0259 deyil\u0259nl\u0259rl\u0259 raz\u0131la\u015fm\u0131r. M\u0259hk\u0259m\u0259d\u0259 d\u0259 deyib ki, n\u0259 hans\u0131sa q\u0131z\u0131 sevib, n\u0259 d\u0259 kiminl\u0259s\u0259 ail\u0259 qurmaq ist\u0259yib:\n<\/p>\n<p>\n  \u201cM\u0259nim bu m\u0259s\u0259l\u0259l\u0259rl\u0259 ba\u011fl\u0131 d\u00fcnyaya bax\u0131\u015f\u0131m f\u0259rqlidir. \u00c7oxlu\u011fun q\u0259bul etdiyi ail\u0259 h\u0259yat\u0131 qurmaq, \u00f6vlad sahibi olmaq ist\u0259yim yoxdur. Bel\u0259 bir h\u0259yat\u0131 da \u00f6m\u00fcr boyu \u00f6hd\u0259lik g\u00f6t\u00fcr\u00fcb, a\u011f\u0131r m\u0259suliyy\u0259t alt\u0131nda ya\u015famaq hesab edir\u0259m. M\u0259n s\u0259rb\u0259st ya\u015famaq ist\u0259yir\u0259m. Avropa \u00f6lk\u0259l\u0259rinin \u0259ks\u0259riyy\u0259tind\u0259 bir \u00e7ox insan da bu c\u00fcr ya\u015fay\u0131r&#8230;\u201d\n<\/p>\n<p>\n  <b><br \/>\n    \u201cDedi ki, anama ev i\u015fl\u0259rind\u0259 k\u00f6m\u0259k \u00fc\u00e7\u00fcn qa\u00e7\u0131r\u0131ram\u201d<br \/>\n  <\/b>\n<\/p>\n<p>\n  Dig\u0259r qarda\u015f Sahil Ba\u011f\u0131rov \u00f6z\u00fcn\u00fc t\u0259qsirli bilmir. Ba\u015f ver\u0259nl\u0259r\u0259 g\u00f6r\u0259 qarda\u015f\u0131n\u0131 g\u00fcnahland\u0131r\u0131r. Hadis\u0259ni is\u0259 bel\u0259 t\u0259svir edir:\n<\/p>\n<p>\n  \u201cG\u00fcnorta saat 1-d\u0259 atam\u0131n ma\u015f\u0131n\u0131yla qarda\u015f\u0131mla birlikd\u0259 \u00e7\u00f6ld\u0259ki torpaq sah\u0259sin\u0259 sliter d\u0259rman\u0131 vurma\u011fa getdik. Ma\u015f\u0131n\u0131 m\u0259n s\u00fcr\u00fcrd\u00fcm, qarda\u015f\u0131m da yan\u0131mda idi. Qay\u0131danda P\u0259rviz dedi ki, Mirc\u0259lal k\u0259ndind\u0259ki t\u0259z\u0259 tikil\u0259n m\u0259scidin yan\u0131nda olan d\u00fckana s\u00fcr\u00fcm, g\u00fcnorta yem\u0259yi \u00fc\u00e7\u00fcn kolbasa als\u0131n. M\u0259n d\u0259 siqaret almaq ist\u0259yirdim. O t\u0259r\u0259f\u0259 ged\u0259nd\u0259 iki q\u0131z u\u015fa\u011f\u0131 yolda gedirdi. P\u0259rviz dedi ki, ma\u015f\u0131n\u0131 saxla. Saxlad\u0131m. P\u0259rviz ma\u015f\u0131ndan d\u00fc\u015f\u00fcb q\u0131zlardan birinin qolundan tutub, ma\u015f\u0131n\u0131n arxa oturaca\u011f\u0131na zorla oturtdu. \u00d6z\u00fc d\u0259 q\u0131z\u0131n yan\u0131nda oturub dedi, xalamgil\u0259 s\u00fcr\u00fcm&#8230;\u201d\n<\/p>\n<p>\n  Sahil Ba\u011f\u0131rovun dediyin\u0259 g\u00f6r\u0259, q\u0131z\u0131 xalas\u0131 Sevdagil\u0259 apar\u0131blar. Xalas\u0131 bu q\u0131z\u0131n kim oldu\u011funu, niy\u0259 g\u0259tirdikl\u0259rini soru\u015fub. P\u0259rviz cavab verib ki, \u201canama ev i\u015fl\u0259rind\u0259 k\u00f6m\u0259k \u00fc\u00e7\u00fcn apar\u0131ram\u201d.\n<\/p>\n<p>\n  Xalas\u0131 onlar\u0131 q\u0259bul etm\u0259yib.\n<\/p>\n<p>\n  <b><br \/>\n    \u201cAl, s\u0259n\u0259 i\u015fg\u00f6r\u0259n q\u0131z&#8230;\u201d<br \/>\n  <\/b>\n<\/p>\n<p>\n  \u201cXalam dedi ki, \u201c\u00e7\u0131x get\u201d. P\u0259rviz dedi ki, \u201cev\u0259 s\u00fcr\u201d. Ev\u0259 \u00e7atanda anam soru\u015fdu ki, bu q\u0131z kimdi, niy\u0259 g\u0259tirmisiz? P\u0259rviz cavab verdi ki, deyinirdin, deyirdin ki, i\u015f g\u00f6rm\u0259y\u0259 bir q\u0131z olsun, al, s\u0259n\u0259 i\u015f g\u00f6r\u0259n q\u0131z&#8230; Az sonra q\u0131z\u0131n qohum-\u0259qr\u0259bas\u0131 g\u0259ldi. H\u0259min vaxt atam evin arxas\u0131nda i\u015f g\u00f6r\u00fcrd\u00fc, ba\u015f ver\u0259nl\u0259rd\u0259n x\u0259b\u0259ri yox idi. S\u0259s-k\u00fcy\u0259 g\u0259ldi. M\u0259s\u0259l\u0259ni bil\u0259n kimi dedi ki, q\u0131z\u0131 qohumlar\u0131na verin. Q\u0131z\u0131n atas\u0131 t\u00fcf\u0259ngl\u0259 g\u0259lmi\u015fdi. Sah\u0259 m\u00fcv\u0259kkili t\u00fcf\u0259ngi onun \u0259lind\u0259n ald\u0131&#8230;\u201d, &#8211; Sahil Ba\u011f\u0131rov deyir\n<\/p>\n<p>\n  Ba\u011f\u0131rov qarda\u015flar\u0131 haqq\u0131nda h\u00f6km\u00fc L\u0259nk\u0259ran A\u011f\u0131r Cinay\u0259tl\u0259r M\u0259hk\u0259m\u0259si \u00e7\u0131xar\u0131b. Onlar\u0131n h\u0259r ikisi h\u00f6kmd\u0259n naraz\u0131 qal\u0131b, apelyasiya \u015fikay\u0259ti verib. Onlara Cinay\u0259t M\u0259c\u0259ll\u0259sinin 144.3 (yetkinlik ya\u015f\u0131na \u00e7atmayan \u015f\u0259xs\u0259 qar\u015f\u0131 adam o\u011furlu\u011fu) madd\u0259sil\u0259 veril\u0259n ittiham\u0131n 144-1.2 (insan alveri) madd\u0259sin\u0259 t\u00f6vsif olunmas\u0131n\u0131 ist\u0259yibl\u0259r. \u0130ddia edirl\u0259r ki, q\u0131z analar\u0131na k\u00f6m\u0259k \u00fc\u00e7\u00fcn, y\u0259ni \u0259m\u0259yin istismar\u0131 m\u0259qs\u0259dil\u0259 qa\u00e7\u0131r\u0131l\u0131b. Bu madd\u0259d\u0259 8 ild\u0259n 12 il\u0259 q\u0259d\u0259r h\u0259bs c\u0259zas\u0131 n\u0259z\u0259rd\u0259 tutulub.\n<\/p>\n<p>\n  P\u0259rviz Ba\u011f\u0131rovun v\u0259kili ona sanksiyan\u0131n a\u015fa\u011f\u0131 h\u0259ddind\u0259, y\u0259ni 8 il c\u0259za verilm\u0259sini ist\u0259yib.\n<\/p>\n<p>\n  Sahil Ba\u011f\u0131rov is\u0259 t\u0259qsirsiz oldu\u011funu vur\u011fulayaraq, \u015f\u0259rti d\u0259 olsa, azadl\u0131\u011fa burax\u0131lmas\u0131n\u0131 ist\u0259yib.\n<\/p>\n<p>\n  Q\u0131z\u0131n atas\u0131 is\u0259 onlar\u0131n c\u0259zas\u0131n\u0131n d\u0259yi\u015fm\u0259sin\u0259 etiraz edib. Apelyasiya M\u0259hk\u0259m\u0259si d\u0259 on\u0131ar haqq\u0131nda q\u0259rar\u0131 d\u0259yi\u015fm\u0259yib, q\u00fcvv\u0259d\u0259 saxlay\u0131b.\n<\/p>\n<p>\n  Ba\u011f\u0131rov qarda\u015flar\u0131 Ali M\u0259hk\u0259m\u0259y\u0259 \u015fikay\u0259t ed\u0259c\u0259k&#8230;<\/p>\n","protected":false},"excerpt":{"rendered":"<p>Bu hadis\u0259d\u0259 diqq\u0259t \u00e7\u0259k\u0259n m\u0259qamlardan biri q\u0131z\u0131n qa\u00e7\u0131r\u0131lma s\u0259b\u0259bidir.<\/p>\n","protected":false},"author":11,"featured_media":145452,"comment_status":"closed","ping_status":"open","sticky":false,"template":"","format":"standard","meta":{"_acf_changed":false,"_sitemap_exclude":false,"_sitemap_priority":"","_sitemap_frequency":"","footnotes":""},"categories":[60],"tags":[],"class_list":["post-201750","post","type-post","status-publish","format-standard","has-post-thumbnail","hentry","category-bolge","infinite-scroll-item","generate-columns","tablet-grid-50","mobile-grid-100","grid-parent","grid-33","no-featured-image-padding"],"acf":[],"yoast_head":"<!-- This site is optimized with the Yoast SEO plugin v27.5 - https:\/\/yoast.com\/product\/yoast-seo-wordpress\/ -->\n<title>Anaya ev i\u015fl\u0259rind\u0259 k\u00f6m\u0259k \u00fc\u00e7\u00fcn qa\u00e7\u0131r\u0131lan m\u0259kt\u0259bli q\u0131z... - MEYDAN.TV<\/title>\n<meta name=\"robots\" content=\"index, follow, max-snippet:-1, max-image-preview:large, max-video-preview:-1\" \/>\n<link rel=\"canonical\" href=\"https:\/\/www.meydan.tv\/az\/article\/anaya-ev-islerinde-komek-ucun-qacirilan-mektebli-qiz\/\" \/>\n<meta property=\"og:locale\" content=\"az_AZ\" \/>\n<meta property=\"og:type\" content=\"article\" \/>\n<meta property=\"og:title\" content=\"Anaya ev i\u015fl\u0259rind\u0259 k\u00f6m\u0259k \u00fc\u00e7\u00fcn qa\u00e7\u0131r\u0131lan m\u0259kt\u0259bli q\u0131z... - MEYDAN.TV\" \/>\n<meta property=\"og:description\" content=\"Bu hadis\u0259d\u0259 diqq\u0259t \u00e7\u0259k\u0259n m\u0259qamlardan biri q\u0131z\u0131n qa\u00e7\u0131r\u0131lma s\u0259b\u0259bidir.\" \/>\n<meta property=\"og:url\" content=\"https:\/\/www.meydan.tv\/az\/article\/anaya-ev-islerinde-komek-ucun-qacirilan-mektebli-qiz\/\" \/>\n<meta property=\"og:site_name\" content=\"MEYDAN.TV\" \/>\n<meta property=\"article:published_time\" content=\"2020-07-31T20:28:34+00:00\" \/>\n<meta property=\"og:image\" content=\"https:\/\/www.meydan.tv\/wp-content\/uploads\/15937867541092113059_1000x669.jpg\" \/>\n\t<meta property=\"og:image:width\" content=\"973\" \/>\n\t<meta property=\"og:image:height\" content=\"669\" \/>\n\t<meta property=\"og:image:type\" content=\"image\/jpeg\" \/>\n<meta name=\"author\" content=\"user-manager\" \/>\n<meta name=\"twitter:card\" content=\"summary_large_image\" \/>\n<script type=\"application\/ld+json\" class=\"yoast-schema-graph\">{\"@context\":\"https:\\\/\\\/schema.org\",\"@graph\":[{\"@type\":\"Article\",\"@id\":\"https:\\\/\\\/www.meydan.tv\\\/az\\\/article\\\/anaya-ev-islerinde-komek-ucun-qacirilan-mektebli-qiz\\\/#article\",\"isPartOf\":{\"@id\":\"https:\\\/\\\/www.meydan.tv\\\/az\\\/article\\\/anaya-ev-islerinde-komek-ucun-qacirilan-mektebli-qiz\\\/\"},\"author\":{\"name\":\"user-manager\",\"@id\":\"https:\\\/\\\/www.meydan.tv\\\/az\\\/#\\\/schema\\\/person\\\/10d11eccf6da3662cf5fdab9806ea91a\"},\"headline\":\"Anaya ev i\u015fl\u0259rind\u0259 k\u00f6m\u0259k \u00fc\u00e7\u00fcn qa\u00e7\u0131r\u0131lan m\u0259kt\u0259bli q\u0131z&#8230;\",\"datePublished\":\"2020-07-31T20:28:34+00:00\",\"mainEntityOfPage\":{\"@id\":\"https:\\\/\\\/www.meydan.tv\\\/az\\\/article\\\/anaya-ev-islerinde-komek-ucun-qacirilan-mektebli-qiz\\\/\"},\"wordCount\":1045,\"publisher\":{\"@id\":\"https:\\\/\\\/www.meydan.tv\\\/az\\\/#organization\"},\"image\":{\"@id\":\"https:\\\/\\\/www.meydan.tv\\\/az\\\/article\\\/anaya-ev-islerinde-komek-ucun-qacirilan-mektebli-qiz\\\/#primaryimage\"},\"thumbnailUrl\":\"https:\\\/\\\/www.meydan.tv\\\/wp-content\\\/uploads\\\/15937867541092113059_1000x669.jpg\",\"articleSection\":[\"B\u00f6lg\u0259\"],\"inLanguage\":\"az\"},{\"@type\":\"WebPage\",\"@id\":\"https:\\\/\\\/www.meydan.tv\\\/az\\\/article\\\/anaya-ev-islerinde-komek-ucun-qacirilan-mektebli-qiz\\\/\",\"url\":\"https:\\\/\\\/www.meydan.tv\\\/az\\\/article\\\/anaya-ev-islerinde-komek-ucun-qacirilan-mektebli-qiz\\\/\",\"name\":\"Anaya ev i\u015fl\u0259rind\u0259 k\u00f6m\u0259k \u00fc\u00e7\u00fcn qa\u00e7\u0131r\u0131lan m\u0259kt\u0259bli q\u0131z... - MEYDAN.TV\",\"isPartOf\":{\"@id\":\"https:\\\/\\\/www.meydan.tv\\\/az\\\/#website\"},\"primaryImageOfPage\":{\"@id\":\"https:\\\/\\\/www.meydan.tv\\\/az\\\/article\\\/anaya-ev-islerinde-komek-ucun-qacirilan-mektebli-qiz\\\/#primaryimage\"},\"image\":{\"@id\":\"https:\\\/\\\/www.meydan.tv\\\/az\\\/article\\\/anaya-ev-islerinde-komek-ucun-qacirilan-mektebli-qiz\\\/#primaryimage\"},\"thumbnailUrl\":\"https:\\\/\\\/www.meydan.tv\\\/wp-content\\\/uploads\\\/15937867541092113059_1000x669.jpg\",\"datePublished\":\"2020-07-31T20:28:34+00:00\",\"breadcrumb\":{\"@id\":\"https:\\\/\\\/www.meydan.tv\\\/az\\\/article\\\/anaya-ev-islerinde-komek-ucun-qacirilan-mektebli-qiz\\\/#breadcrumb\"},\"inLanguage\":\"az\",\"potentialAction\":[{\"@type\":\"ReadAction\",\"target\":[\"https:\\\/\\\/www.meydan.tv\\\/az\\\/article\\\/anaya-ev-islerinde-komek-ucun-qacirilan-mektebli-qiz\\\/\"]}]},{\"@type\":\"ImageObject\",\"inLanguage\":\"az\",\"@id\":\"https:\\\/\\\/www.meydan.tv\\\/az\\\/article\\\/anaya-ev-islerinde-komek-ucun-qacirilan-mektebli-qiz\\\/#primaryimage\",\"url\":\"https:\\\/\\\/www.meydan.tv\\\/wp-content\\\/uploads\\\/15937867541092113059_1000x669.jpg\",\"contentUrl\":\"https:\\\/\\\/www.meydan.tv\\\/wp-content\\\/uploads\\\/15937867541092113059_1000x669.jpg\",\"width\":973,\"height\":669,\"caption\":\"Source: Specify Source\"},{\"@type\":\"BreadcrumbList\",\"@id\":\"https:\\\/\\\/www.meydan.tv\\\/az\\\/article\\\/anaya-ev-islerinde-komek-ucun-qacirilan-mektebli-qiz\\\/#breadcrumb\",\"itemListElement\":[{\"@type\":\"ListItem\",\"position\":1,\"name\":\"Ana s\u0259hif\u0259\",\"item\":\"https:\\\/\\\/www.meydan.tv\\\/az\\\/\"},{\"@type\":\"ListItem\",\"position\":2,\"name\":\"B\u00f6lg\u0259\",\"item\":\"https:\\\/\\\/www.meydan.tv\\\/az\\\/section\\\/bolge\\\/\"},{\"@type\":\"ListItem\",\"position\":3,\"name\":\"Anaya ev i\u015fl\u0259rind\u0259 k\u00f6m\u0259k \u00fc\u00e7\u00fcn qa\u00e7\u0131r\u0131lan m\u0259kt\u0259bli q\u0131z&#8230;\"}]},{\"@type\":\"WebSite\",\"@id\":\"https:\\\/\\\/www.meydan.tv\\\/az\\\/#website\",\"url\":\"https:\\\/\\\/www.meydan.tv\\\/az\\\/\",\"name\":\"MEYDAN.TV\",\"description\":\"Meydan TV Az\u0259rbaycan\u0131n media m\u0259kan\u0131ndak\u0131 alternativ s\u0259sidir\",\"publisher\":{\"@id\":\"https:\\\/\\\/www.meydan.tv\\\/az\\\/#organization\"},\"potentialAction\":[{\"@type\":\"SearchAction\",\"target\":{\"@type\":\"EntryPoint\",\"urlTemplate\":\"https:\\\/\\\/www.meydan.tv\\\/az\\\/?s={search_term_string}\"},\"query-input\":{\"@type\":\"PropertyValueSpecification\",\"valueRequired\":true,\"valueName\":\"search_term_string\"}}],\"inLanguage\":\"az\"},{\"@type\":\"Organization\",\"@id\":\"https:\\\/\\\/www.meydan.tv\\\/az\\\/#organization\",\"name\":\"Meydan TV\",\"url\":\"https:\\\/\\\/www.meydan.tv\\\/az\\\/\",\"logo\":{\"@type\":\"ImageObject\",\"inLanguage\":\"az\",\"@id\":\"https:\\\/\\\/www.meydan.tv\\\/az\\\/#\\\/schema\\\/logo\\\/image\\\/\",\"url\":\"https:\\\/\\\/www.meydan.tv\\\/wp-content\\\/uploads\\\/2021\\\/07\\\/meydan-logo.svg\",\"contentUrl\":\"https:\\\/\\\/www.meydan.tv\\\/wp-content\\\/uploads\\\/2021\\\/07\\\/meydan-logo.svg\",\"width\":195,\"height\":46,\"caption\":\"Meydan TV\"},\"image\":{\"@id\":\"https:\\\/\\\/www.meydan.tv\\\/az\\\/#\\\/schema\\\/logo\\\/image\\\/\"}},{\"@type\":\"Person\",\"@id\":\"https:\\\/\\\/www.meydan.tv\\\/az\\\/#\\\/schema\\\/person\\\/10d11eccf6da3662cf5fdab9806ea91a\",\"name\":\"user-manager\"}]}<\/script>\n<!-- \/ Yoast SEO plugin. -->","yoast_head_json":{"title":"Anaya ev i\u015fl\u0259rind\u0259 k\u00f6m\u0259k \u00fc\u00e7\u00fcn qa\u00e7\u0131r\u0131lan m\u0259kt\u0259bli q\u0131z... - MEYDAN.TV","robots":{"index":"index","follow":"follow","max-snippet":"max-snippet:-1","max-image-preview":"max-image-preview:large","max-video-preview":"max-video-preview:-1"},"canonical":"https:\/\/www.meydan.tv\/az\/article\/anaya-ev-islerinde-komek-ucun-qacirilan-mektebli-qiz\/","og_locale":"az_AZ","og_type":"article","og_title":"Anaya ev i\u015fl\u0259rind\u0259 k\u00f6m\u0259k \u00fc\u00e7\u00fcn qa\u00e7\u0131r\u0131lan m\u0259kt\u0259bli q\u0131z... - MEYDAN.TV","og_description":"Bu hadis\u0259d\u0259 diqq\u0259t \u00e7\u0259k\u0259n m\u0259qamlardan biri q\u0131z\u0131n qa\u00e7\u0131r\u0131lma s\u0259b\u0259bidir.","og_url":"https:\/\/www.meydan.tv\/az\/article\/anaya-ev-islerinde-komek-ucun-qacirilan-mektebli-qiz\/","og_site_name":"MEYDAN.TV","article_published_time":"2020-07-31T20:28:34+00:00","og_image":[{"width":973,"height":669,"url":"https:\/\/www.meydan.tv\/wp-content\/uploads\/15937867541092113059_1000x669.jpg","type":"image\/jpeg"}],"author":"user-manager","twitter_card":"summary_large_image","schema":{"@context":"https:\/\/schema.org","@graph":[{"@type":"Article","@id":"https:\/\/www.meydan.tv\/az\/article\/anaya-ev-islerinde-komek-ucun-qacirilan-mektebli-qiz\/#article","isPartOf":{"@id":"https:\/\/www.meydan.tv\/az\/article\/anaya-ev-islerinde-komek-ucun-qacirilan-mektebli-qiz\/"},"author":{"name":"user-manager","@id":"https:\/\/www.meydan.tv\/az\/#\/schema\/person\/10d11eccf6da3662cf5fdab9806ea91a"},"headline":"Anaya ev i\u015fl\u0259rind\u0259 k\u00f6m\u0259k \u00fc\u00e7\u00fcn qa\u00e7\u0131r\u0131lan m\u0259kt\u0259bli q\u0131z&#8230;","datePublished":"2020-07-31T20:28:34+00:00","mainEntityOfPage":{"@id":"https:\/\/www.meydan.tv\/az\/article\/anaya-ev-islerinde-komek-ucun-qacirilan-mektebli-qiz\/"},"wordCount":1045,"publisher":{"@id":"https:\/\/www.meydan.tv\/az\/#organization"},"image":{"@id":"https:\/\/www.meydan.tv\/az\/article\/anaya-ev-islerinde-komek-ucun-qacirilan-mektebli-qiz\/#primaryimage"},"thumbnailUrl":"https:\/\/www.meydan.tv\/wp-content\/uploads\/15937867541092113059_1000x669.jpg","articleSection":["B\u00f6lg\u0259"],"inLanguage":"az"},{"@type":"WebPage","@id":"https:\/\/www.meydan.tv\/az\/article\/anaya-ev-islerinde-komek-ucun-qacirilan-mektebli-qiz\/","url":"https:\/\/www.meydan.tv\/az\/article\/anaya-ev-islerinde-komek-ucun-qacirilan-mektebli-qiz\/","name":"Anaya ev i\u015fl\u0259rind\u0259 k\u00f6m\u0259k \u00fc\u00e7\u00fcn qa\u00e7\u0131r\u0131lan m\u0259kt\u0259bli q\u0131z... - MEYDAN.TV","isPartOf":{"@id":"https:\/\/www.meydan.tv\/az\/#website"},"primaryImageOfPage":{"@id":"https:\/\/www.meydan.tv\/az\/article\/anaya-ev-islerinde-komek-ucun-qacirilan-mektebli-qiz\/#primaryimage"},"image":{"@id":"https:\/\/www.meydan.tv\/az\/article\/anaya-ev-islerinde-komek-ucun-qacirilan-mektebli-qiz\/#primaryimage"},"thumbnailUrl":"https:\/\/www.meydan.tv\/wp-content\/uploads\/15937867541092113059_1000x669.jpg","datePublished":"2020-07-31T20:28:34+00:00","breadcrumb":{"@id":"https:\/\/www.meydan.tv\/az\/article\/anaya-ev-islerinde-komek-ucun-qacirilan-mektebli-qiz\/#breadcrumb"},"inLanguage":"az","potentialAction":[{"@type":"ReadAction","target":["https:\/\/www.meydan.tv\/az\/article\/anaya-ev-islerinde-komek-ucun-qacirilan-mektebli-qiz\/"]}]},{"@type":"ImageObject","inLanguage":"az","@id":"https:\/\/www.meydan.tv\/az\/article\/anaya-ev-islerinde-komek-ucun-qacirilan-mektebli-qiz\/#primaryimage","url":"https:\/\/www.meydan.tv\/wp-content\/uploads\/15937867541092113059_1000x669.jpg","contentUrl":"https:\/\/www.meydan.tv\/wp-content\/uploads\/15937867541092113059_1000x669.jpg","width":973,"height":669,"caption":"Source: Specify Source"},{"@type":"BreadcrumbList","@id":"https:\/\/www.meydan.tv\/az\/article\/anaya-ev-islerinde-komek-ucun-qacirilan-mektebli-qiz\/#breadcrumb","itemListElement":[{"@type":"ListItem","position":1,"name":"Ana s\u0259hif\u0259","item":"https:\/\/www.meydan.tv\/az\/"},{"@type":"ListItem","position":2,"name":"B\u00f6lg\u0259","item":"https:\/\/www.meydan.tv\/az\/section\/bolge\/"},{"@type":"ListItem","position":3,"name":"Anaya ev i\u015fl\u0259rind\u0259 k\u00f6m\u0259k \u00fc\u00e7\u00fcn qa\u00e7\u0131r\u0131lan m\u0259kt\u0259bli q\u0131z&#8230;"}]},{"@type":"WebSite","@id":"https:\/\/www.meydan.tv\/az\/#website","url":"https:\/\/www.meydan.tv\/az\/","name":"MEYDAN.TV","description":"Meydan TV Az\u0259rbaycan\u0131n media m\u0259kan\u0131ndak\u0131 alternativ s\u0259sidir","publisher":{"@id":"https:\/\/www.meydan.tv\/az\/#organization"},"potentialAction":[{"@type":"SearchAction","target":{"@type":"EntryPoint","urlTemplate":"https:\/\/www.meydan.tv\/az\/?s={search_term_string}"},"query-input":{"@type":"PropertyValueSpecification","valueRequired":true,"valueName":"search_term_string"}}],"inLanguage":"az"},{"@type":"Organization","@id":"https:\/\/www.meydan.tv\/az\/#organization","name":"Meydan TV","url":"https:\/\/www.meydan.tv\/az\/","logo":{"@type":"ImageObject","inLanguage":"az","@id":"https:\/\/www.meydan.tv\/az\/#\/schema\/logo\/image\/","url":"https:\/\/www.meydan.tv\/wp-content\/uploads\/2021\/07\/meydan-logo.svg","contentUrl":"https:\/\/www.meydan.tv\/wp-content\/uploads\/2021\/07\/meydan-logo.svg","width":195,"height":46,"caption":"Meydan TV"},"image":{"@id":"https:\/\/www.meydan.tv\/az\/#\/schema\/logo\/image\/"}},{"@type":"Person","@id":"https:\/\/www.meydan.tv\/az\/#\/schema\/person\/10d11eccf6da3662cf5fdab9806ea91a","name":"user-manager"}]}},"_links":{"self":[{"href":"https:\/\/www.meydan.tv\/az\/wp-json\/wp\/v2\/posts\/201750","targetHints":{"allow":["GET"]}}],"collection":[{"href":"https:\/\/www.meydan.tv\/az\/wp-json\/wp\/v2\/posts"}],"about":[{"href":"https:\/\/www.meydan.tv\/az\/wp-json\/wp\/v2\/types\/post"}],"author":[{"embeddable":true,"href":"https:\/\/www.meydan.tv\/az\/wp-json\/wp\/v2\/users\/11"}],"replies":[{"embeddable":true,"href":"https:\/\/www.meydan.tv\/az\/wp-json\/wp\/v2\/comments?post=201750"}],"version-history":[{"count":0,"href":"https:\/\/www.meydan.tv\/az\/wp-json\/wp\/v2\/posts\/201750\/revisions"}],"wp:featuredmedia":[{"embeddable":true,"href":"https:\/\/www.meydan.tv\/az\/wp-json\/wp\/v2\/media\/145452"}],"wp:attachment":[{"href":"https:\/\/www.meydan.tv\/az\/wp-json\/wp\/v2\/media?parent=201750"}],"wp:term":[{"taxonomy":"category","embeddable":true,"href":"https:\/\/www.meydan.tv\/az\/wp-json\/wp\/v2\/categories?post=201750"},{"taxonomy":"post_tag","embeddable":true,"href":"https:\/\/www.meydan.tv\/az\/wp-json\/wp\/v2\/tags?post=201750"}],"curies":[{"name":"wp","href":"https:\/\/api.w.org\/{rel}","templated":true}]}}