{"id":201741,"date":"2020-07-31T12:38:39","date_gmt":"2020-07-31T12:38:39","guid":{"rendered":"https:\/\/www.meydan.tv\/article\/goycaydaki-kollecden-yene-sikayet-var\/"},"modified":"2020-07-31T12:38:39","modified_gmt":"2020-07-31T12:38:39","slug":"goycaydaki-kollecden-yene-sikayet-var","status":"publish","type":"post","link":"https:\/\/www.meydan.tv\/az\/article\/goycaydaki-kollecden-yene-sikayet-var\/","title":{"rendered":"G\u00f6y\u00e7aydak\u0131 kollecd\u0259n yen\u0259 \u015fikay\u0259t var"},"content":{"rendered":"<p>\n  <i><br \/>\n    \u201cA\u00e7\u0131q \u015f\u0259kild\u0259 t\u0259l\u0259b\u0259y\u0259 deyirl\u0259r ki, imtahana az qal\u0131b, bu q\u0259d\u0259r g\u0259tir, qiym\u0259tini yazaq\u201d<br \/>\n  <\/i>\n<\/p>\n<p>\n  \u201cKollecd\u0259 \u00f6zba\u015f\u0131nal\u0131q ba\u015f al\u0131b gedir. T\u0259dris hiss\u0259sinin m\u00fcdiri \u015eahin \u018fliyev, \u0259yani \u015f\u00f6b\u0259nin m\u00fcdiri Kamil\u0259 H\u0259midova, qiyabi \u015f\u00f6b\u0259nin m\u00fcdiri G\u00fcll\u00fcb\u0259yim H\u0259s\u0259nova m\u0259kt\u0259bi az qala \u015f\u0259xsi m\u00fclkiyy\u0259tl\u0259rin\u0259 \u00e7eviribl\u0259r. R\u00fc\u015fv\u0259t bu m\u00fc\u0259lliml\u0259rin vasit\u0259sil\u0259 y\u0131\u011f\u0131l\u0131r, gedir m\u0259kt\u0259bin direktoruna&#8230;\u201d\n<\/p>\n<p>\n  Bunu Meydan TV-y\u0259 \u00f6vladlar\u0131 G\u00f6y\u00e7ay D\u00f6vl\u0259t \u0130dar\u0259etm\u0259 v\u0259 Texnologiya Kollecind\u0259 t\u0259hsil alan bir qrup G\u00f6y\u00e7ay sakini deyir. Eyni m\u0259zmunlu \u015fikay\u0259tl\u0259 valideyn v\u0259 t\u0259l\u0259b\u0259l\u0259r bu ilin fevral\u0131nda da<br \/>\n  <a href=\"http:\/\/aws-www.meydan.tv\/az\/article\/goycayda-kollecde-pul-yigmaq-ucun-butun-telebeleri-imtahandan-kesirler\/?ref=search\"><br \/>\n    Meydan TV<br \/>\n  <\/a><br \/>\n  -y\u0259 m\u00fcraci\u0259t etmi\u015fdi.\n<\/p>\n<p>\n  \u015eikay\u0259t\u00e7il\u0259r deyirl\u0259r ki, \u00f6t\u0259n m\u00fcdd\u0259t \u0259rzind\u0259 he\u00e7 n\u0259 d\u0259yi\u015fm\u0259yib. Baxmayaraq ki, karantin rejimi il\u0259 \u0259laq\u0259dar d\u0259rsl\u0259r t\u0259xir\u0259 d\u00fc\u015f\u00fcb.\n<\/p>\n<p>\n  Valideynl\u0259rin s\u00f6zl\u0259rin\u0259 g\u00f6r\u0259, h\u0259r d\u0259f\u0259 imtahan vaxt\u0131 t\u0259l\u0259b\u0259l\u0259rd\u0259n 400-500 manatad\u0259k r\u00fc\u015fv\u0259t al\u0131n\u0131r v\u0259 qiym\u0259t yaz\u0131l\u0131r.\n<\/p>\n<p>\n  <b><br \/>\n    &quot;\u0130mtahanlarda 400-700 manat r\u00fc\u015fv\u0259t al\u0131n\u0131r\u201d<br \/>\n  <\/b>\n<\/p>\n<p>\n  \u0130ddiaya \u0259sas\u0259n, m\u0259kt\u0259bd\u0259 r\u00fc\u015fv\u0259tin y\u0131\u011f\u0131lmas\u0131 t\u0259dris hiss\u0259sinin m\u00fcdiri \u015eahin \u018fliyev, \u0259yani \u015f\u00f6b\u0259nin m\u00fcdiri Kamil\u0259 H\u0259midova, qiyabi \u015f\u00f6b\u0259nin m\u00fcdiri G\u00fcll\u00fcb\u0259yim H\u0259s\u0259nova bax\u0131r:\n<\/p>\n<p>\n  \u201cA\u00e7\u0131q \u015f\u0259kild\u0259 t\u0259l\u0259b\u0259y\u0259 deyirl\u0259r ki, imtahana az qal\u0131b, bu q\u0259d\u0259r g\u0259tir, qiym\u0259tini yazaq. El\u0259 yanvarda semestr imtahan\u0131nda t\u0259l\u0259b\u0259l\u0259r\u0259 pulsuz qiym\u0259t yaz\u0131lmad\u0131. Pulu olmayan\u0131 da bir b\u0259han\u0259 tap\u0131b m\u0259kt\u0259bd\u0259n qovurlar\u201d.\n<\/p>\n<p>\n  Valideynl\u0259r deyir, direktor \u0130r\u015fad Abbasova barama verilib, o da m\u00fc\u0259lliml\u0259rd\u0259n h\u0259min baramaya g\u00f6r\u0259 m\u0259cburi 50 manatdan pul y\u0131\u011f\u0131b:\n<\/p>\n<p>\n  \u201cH\u0259tta buna g\u00f6r\u0259 direktor b\u00f6y\u00fck iclas da ke\u00e7irib. \u0130clasda elan edib ki, baramaya g\u00f6r\u0259 50 manatdan y\u0131\u011f\u0131l\u0131r. M\u00fc\u0259lliml\u0259r aya\u011fa qalxd\u0131, etiraz etdi, m\u0259s\u0259l\u0259ni ictimail\u0259\u015fdirdi, ondan sonra direktor dedi, pul y\u0131\u011f\u0131m\u0131 m\u0259cburi deyil, kim ist\u0259mirs\u0259, verm\u0259sin. M\u00fc\u0259lliml\u0259rin bir qismi pul verdi, bir qismi yox&#8230;\u201d\n<\/p>\n<p>\n  <b><br \/>\n    Karantind\u0259 iclas<br \/>\n  <\/b>\n<\/p>\n<p>\n  Daha bir \u015fikay\u0259ts\u0259 m\u0259kt\u0259b direktorunun karantin vaxt\u0131 geni\u015f t\u0259rkibd\u0259 iclas ke\u00e7ir\u0259si il\u0259 ba\u011fl\u0131d\u0131r. Valideynl\u0259rin iddias\u0131na g\u00f6r\u0259, direktor virusla m\u00fcbariz\u0259 m\u0259qs\u0259dil\u0259 qoyulmu\u015f qaydalar\u0131 v\u0259 qanunu pozaraq bu yax\u0131nlarda geni\u015f t\u0259rkibd\u0259 m\u00fc\u0259lliml\u0259rin i\u015ftirak\u0131 il\u0259 iclas ke\u00e7irib:\n<\/p>\n<p>\n  \u201cDirektor T\u0259hsil Nazirliyind\u0259 \u00dcmumi v\u0259 m\u0259kt\u0259b\u0259q\u0259d\u0259r t\u0259hsil \u015f\u00f6b\u0259sinin m\u00fcdir m\u00fcavini i\u015fl\u0259y\u0259n o\u011flu Orxan Abbasova arxay\u0131nd\u0131r. Bilir ki, nazirliy\u0259 ged\u0259n \u015fikay\u0259tl\u0259ri o\u011flu yerind\u0259c\u0259 \u201cyoxa\u201d \u00e7\u0131xar\u0131r. Ancaq fikirl\u0259\u015firik ki, art\u0131q yeni nazir t\u0259yin olunub v\u0259 art\u0131q ondan \u015fikay\u0259t m\u0259ktubu gizl\u0259tm\u0259k m\u00fcmk\u00fcn olmayacaq. Nazird\u0259n ist\u0259yimiz odur ki, kollecd\u0259 yoxlama, ara\u015fd\u0131rma apar\u0131ls\u0131n, t\u0259l\u0259b\u0259l\u0259r, validenyl\u0259r, m\u00fc\u0259lliml\u0259r dan\u0131\u015fd\u0131r\u0131ls\u0131n, t\u0259dbir g\u00f6r\u00fcls\u00fcn\u201d.\n<\/p>\n<p>\n  <b><br \/>\n    Direktor: \u201cDavamiyy\u0259ti d\u00fcz\u0259ltmi\u015f\u0259m, elm\u0259 mara\u011f\u0131 art\u0131rm\u0131\u015fam\u201d<br \/>\n  <\/b>\n<\/p>\n<p>\n  G\u00f6y\u00e7ay D\u00f6vl\u0259t \u0130dar\u0259etm\u0259 v\u0259 Texnologiya Kollecin direktoru \u0130r\u015fad Abbasov deyil\u0259nl\u0259ri t\u0259kzib edib:\n<\/p>\n<p>\n  \u201c\u018fvv\u0259la, o \u015fikay\u0259ti kim yaz\u0131b, yax\u015f\u0131 bilir\u0259m, m\u0259niml\u0259 q\u0259r\u0259zi olan bir n\u0259f\u0259rdir. \u0130kincisi, nec\u0259 y\u0259ni m\u0259kt\u0259bi G\u00fcll\u00fcb\u0259yim m\u00fc\u0259llim\u0259, Kamil\u0259 m\u00fc\u0259llim\u0259, \u015eahin m\u00fc\u0259llim idar\u0259 edir? M\u0259n \u00f6lm\u00fc\u015f\u0259m ki, m\u0259kt\u0259bi kims\u0259 idar\u0259 etsin? Deyirsiz, nazirliy\u0259 \u015fikay\u0259tl\u0259r gedir, qar\u015f\u0131s\u0131 al\u0131n\u0131r, halbuki, bu m\u0259kt\u0259bd\u0259 n\u0259 m\u00fc\u0259lliml\u0259rd\u0259n, n\u0259 t\u0259l\u0259b\u0259l\u0259rd\u0259n, n\u0259 d\u0259 valideynl\u0259rd\u0259n birc\u0259 d\u0259f\u0259 naraz\u0131l\u0131q e\u015fitm\u0259mi\u015f\u0259m ki, h\u0259l\u0259 bir nazirliy\u0259 d\u0259 \u015fikay\u0259t g\u00f6nd\u0259rsinl\u0259r. N\u0259 r\u00fc\u015fv\u0259t, n\u0259 qiym\u0259t? Ham\u0131s\u0131 yaland\u0131r. \u018fg\u0259r r\u00fc\u015fv\u0259t yanvarda al\u0131nm\u0131\u015fd\u0131sa, niy\u0259 vaxt\u0131nda m\u00fcracic\u0259t etmirdil\u0259r? Bu \u00f6lk\u0259nin h\u00fcquq-m\u00fchafiz\u0259 orqanlar\u0131 var, niy\u0259 q\u0131\u015fda olan\u0131 yayda deyirl\u0259r? \u018fg\u0259r olubsa, t\u0259bii&#8230;\u201d\n<\/p>\n<p>\n  Direktor m\u00fc\u0259lliml\u0259rd\u0259n baramaya g\u00f6r\u0259 m\u0259cburi pul y\u0131\u011f\u0131m\u0131na da m\u00fcnasib\u0259t bildirib:\n<\/p>\n<p>\n  \u201cBarama m\u0259s\u0259l\u0259sin\u0259 g\u0259linc\u0259, karantin vaxt\u0131 insanlar maddi v\u0259ziyy\u0259tl\u0259rini d\u00fcz\u0259ltm\u0259k \u00fc\u00e7\u00fcn \u00f6zl\u0259ri barama g\u00f6t\u00fcr\u00fcb evl\u0259rind\u0259 saxlay\u0131rlar. Bunun m\u0259kt\u0259b\u0259 aidiyy\u0259ti yoxdur. Baraman\u0131 t\u0259l\u0259f ed\u0259nl\u0259r d\u0259 t\u0259bii ki, onun pulunu \u00f6d\u0259yir, bu i\u015fl\u0259rin m\u0259niml\u0259 he\u00e7 bir \u0259laq\u0259si yoxdur, bu, t\u0259l\u0259b\u0259nin d\u0259, m\u00fc\u0259llimin d\u0259 \u015f\u0259xsi i\u015fidir\u201d.\n<\/p>\n<p>\n  Direktor deyir, m\u00fc\u0259lliml\u0259rl\u0259 iclas ke\u00e7irm\u0259y\u0259 g\u0259linc\u0259, komissiya m\u00fcdirl\u0259rinin say\u0131 7 n\u0259f\u0259rdir. Onlarla imtahanlarla ba\u011fl\u0131 10-15 g\u00fcnd\u0259n bir iclas ke\u00e7irilib: \u201cKarantin elan olunandan m\u0259kt\u0259bimizd\u0259 geni\u015f iclas ke\u00e7irilm\u0259yib\u201d.\n<\/p>\n<p>\n  \u0130r\u015fad Abbasov kollec\u0259 t\u0259yin olundu\u011fu 2 il \u0259rzind\u0259 m\u0259kt\u0259bd\u0259 xeyli i\u015f g\u00f6rd\u00fcy\u00fcn\u00fc d\u0259 deyib:\n<\/p>\n<p>\n  \u201cKe\u00e7mi\u015f direktora ayl\u0131q verib evd\u0259 oturan t\u0259l\u0259b\u0259l\u0259ri m\u0259kt\u0259b\u0259 c\u0259lb etmi\u015f\u0259m, davamiyy\u0259t 100 faiz t\u0259min olunub. Konfrans zal\u0131 d\u00fcz\u0259ltmi\u015f\u0259m, elmi konfranslar\u0131n ke\u00e7irilm\u0259sini t\u0259\u015fkil etmi\u015f\u0259m. M\u0259nd\u0259n \u0259vv\u0259l bu m\u0259kt\u0259bd\u0259 t\u0259hsil, davamiyy\u0259t yox idi, t\u0259l\u0259b\u0259l\u0259rin elm\u0259, biliy\u0259 h\u0259v\u0259sinin art\u0131r\u0131lmas\u0131n\u0131 t\u0259min etmi\u015f\u0259m. H\u0259mi\u015f\u0259 m\u00fc\u0259llim\u0259 d\u0259, t\u0259l\u0259b\u0259y\u0259 d\u0259 deyir\u0259m, kimin n\u0259 \u015fikay\u0259ti var, g\u0259lsin a\u00e7\u0131q \u015f\u0259kild\u0259 \u00f6z\u00fcm\u0259 desin\u201d.<\/p>\n","protected":false},"excerpt":{"rendered":"<p>Direktor m\u00fc\u0259lliml\u0259rd\u0259n baramaya g\u00f6r\u0259 m\u0259cburi pul y\u0131\u011f\u0131m\u0131na da m\u00fcnasib\u0259t bildirib<\/p>\n","protected":false},"author":11,"featured_media":145434,"comment_status":"closed","ping_status":"open","sticky":false,"template":"","format":"standard","meta":{"_acf_changed":false,"_sitemap_exclude":false,"_sitemap_priority":"","_sitemap_frequency":"","footnotes":""},"categories":[60],"tags":[],"class_list":["post-201741","post","type-post","status-publish","format-standard","has-post-thumbnail","hentry","category-bolge","infinite-scroll-item","generate-columns","tablet-grid-50","mobile-grid-100","grid-parent","grid-33","no-featured-image-padding"],"acf":[],"yoast_head":"<!-- This site is optimized with the Yoast SEO plugin v27.5 - https:\/\/yoast.com\/product\/yoast-seo-wordpress\/ -->\n<title>G\u00f6y\u00e7aydak\u0131 kollecd\u0259n yen\u0259 \u015fikay\u0259t var - MEYDAN.TV<\/title>\n<meta name=\"robots\" content=\"index, follow, max-snippet:-1, max-image-preview:large, max-video-preview:-1\" \/>\n<link rel=\"canonical\" href=\"https:\/\/www.meydan.tv\/az\/article\/goycaydaki-kollecden-yene-sikayet-var\/\" \/>\n<meta property=\"og:locale\" content=\"az_AZ\" \/>\n<meta property=\"og:type\" content=\"article\" \/>\n<meta property=\"og:title\" content=\"G\u00f6y\u00e7aydak\u0131 kollecd\u0259n yen\u0259 \u015fikay\u0259t var - MEYDAN.TV\" \/>\n<meta property=\"og:description\" content=\"Direktor m\u00fc\u0259lliml\u0259rd\u0259n baramaya g\u00f6r\u0259 m\u0259cburi pul y\u0131\u011f\u0131m\u0131na da m\u00fcnasib\u0259t bildirib\" \/>\n<meta property=\"og:url\" content=\"https:\/\/www.meydan.tv\/az\/article\/goycaydaki-kollecden-yene-sikayet-var\/\" \/>\n<meta property=\"og:site_name\" content=\"MEYDAN.TV\" \/>\n<meta property=\"article:published_time\" content=\"2020-07-31T12:38:39+00:00\" \/>\n<meta property=\"og:image\" content=\"https:\/\/www.meydan.tv\/wp-content\/uploads\/413315821.jpg\" \/>\n\t<meta property=\"og:image:width\" content=\"1000\" \/>\n\t<meta property=\"og:image:height\" content=\"541\" \/>\n\t<meta property=\"og:image:type\" content=\"image\/jpeg\" \/>\n<meta name=\"author\" content=\"user-manager\" \/>\n<meta name=\"twitter:card\" content=\"summary_large_image\" \/>\n<script type=\"application\/ld+json\" class=\"yoast-schema-graph\">{\"@context\":\"https:\\\/\\\/schema.org\",\"@graph\":[{\"@type\":\"Article\",\"@id\":\"https:\\\/\\\/www.meydan.tv\\\/az\\\/article\\\/goycaydaki-kollecden-yene-sikayet-var\\\/#article\",\"isPartOf\":{\"@id\":\"https:\\\/\\\/www.meydan.tv\\\/az\\\/article\\\/goycaydaki-kollecden-yene-sikayet-var\\\/\"},\"author\":{\"name\":\"user-manager\",\"@id\":\"https:\\\/\\\/www.meydan.tv\\\/az\\\/#\\\/schema\\\/person\\\/10d11eccf6da3662cf5fdab9806ea91a\"},\"headline\":\"G\u00f6y\u00e7aydak\u0131 kollecd\u0259n yen\u0259 \u015fikay\u0259t var\",\"datePublished\":\"2020-07-31T12:38:39+00:00\",\"mainEntityOfPage\":{\"@id\":\"https:\\\/\\\/www.meydan.tv\\\/az\\\/article\\\/goycaydaki-kollecden-yene-sikayet-var\\\/\"},\"wordCount\":1017,\"publisher\":{\"@id\":\"https:\\\/\\\/www.meydan.tv\\\/az\\\/#organization\"},\"image\":{\"@id\":\"https:\\\/\\\/www.meydan.tv\\\/az\\\/article\\\/goycaydaki-kollecden-yene-sikayet-var\\\/#primaryimage\"},\"thumbnailUrl\":\"https:\\\/\\\/www.meydan.tv\\\/wp-content\\\/uploads\\\/413315821.jpg\",\"articleSection\":[\"B\u00f6lg\u0259\"],\"inLanguage\":\"az\"},{\"@type\":\"WebPage\",\"@id\":\"https:\\\/\\\/www.meydan.tv\\\/az\\\/article\\\/goycaydaki-kollecden-yene-sikayet-var\\\/\",\"url\":\"https:\\\/\\\/www.meydan.tv\\\/az\\\/article\\\/goycaydaki-kollecden-yene-sikayet-var\\\/\",\"name\":\"G\u00f6y\u00e7aydak\u0131 kollecd\u0259n yen\u0259 \u015fikay\u0259t var - MEYDAN.TV\",\"isPartOf\":{\"@id\":\"https:\\\/\\\/www.meydan.tv\\\/az\\\/#website\"},\"primaryImageOfPage\":{\"@id\":\"https:\\\/\\\/www.meydan.tv\\\/az\\\/article\\\/goycaydaki-kollecden-yene-sikayet-var\\\/#primaryimage\"},\"image\":{\"@id\":\"https:\\\/\\\/www.meydan.tv\\\/az\\\/article\\\/goycaydaki-kollecden-yene-sikayet-var\\\/#primaryimage\"},\"thumbnailUrl\":\"https:\\\/\\\/www.meydan.tv\\\/wp-content\\\/uploads\\\/413315821.jpg\",\"datePublished\":\"2020-07-31T12:38:39+00:00\",\"breadcrumb\":{\"@id\":\"https:\\\/\\\/www.meydan.tv\\\/az\\\/article\\\/goycaydaki-kollecden-yene-sikayet-var\\\/#breadcrumb\"},\"inLanguage\":\"az\",\"potentialAction\":[{\"@type\":\"ReadAction\",\"target\":[\"https:\\\/\\\/www.meydan.tv\\\/az\\\/article\\\/goycaydaki-kollecden-yene-sikayet-var\\\/\"]}]},{\"@type\":\"ImageObject\",\"inLanguage\":\"az\",\"@id\":\"https:\\\/\\\/www.meydan.tv\\\/az\\\/article\\\/goycaydaki-kollecden-yene-sikayet-var\\\/#primaryimage\",\"url\":\"https:\\\/\\\/www.meydan.tv\\\/wp-content\\\/uploads\\\/413315821.jpg\",\"contentUrl\":\"https:\\\/\\\/www.meydan.tv\\\/wp-content\\\/uploads\\\/413315821.jpg\",\"width\":1000,\"height\":541,\"caption\":\"M\u0259nb\u0259: G\u00f6y\u00e7ay Rayon \u0130cra Hakimiyy\u0259ti\"},{\"@type\":\"BreadcrumbList\",\"@id\":\"https:\\\/\\\/www.meydan.tv\\\/az\\\/article\\\/goycaydaki-kollecden-yene-sikayet-var\\\/#breadcrumb\",\"itemListElement\":[{\"@type\":\"ListItem\",\"position\":1,\"name\":\"Ana s\u0259hif\u0259\",\"item\":\"https:\\\/\\\/www.meydan.tv\\\/az\\\/\"},{\"@type\":\"ListItem\",\"position\":2,\"name\":\"B\u00f6lg\u0259\",\"item\":\"https:\\\/\\\/www.meydan.tv\\\/az\\\/section\\\/bolge\\\/\"},{\"@type\":\"ListItem\",\"position\":3,\"name\":\"G\u00f6y\u00e7aydak\u0131 kollecd\u0259n yen\u0259 \u015fikay\u0259t var\"}]},{\"@type\":\"WebSite\",\"@id\":\"https:\\\/\\\/www.meydan.tv\\\/az\\\/#website\",\"url\":\"https:\\\/\\\/www.meydan.tv\\\/az\\\/\",\"name\":\"MEYDAN.TV\",\"description\":\"Meydan TV Az\u0259rbaycan\u0131n media m\u0259kan\u0131ndak\u0131 alternativ s\u0259sidir\",\"publisher\":{\"@id\":\"https:\\\/\\\/www.meydan.tv\\\/az\\\/#organization\"},\"potentialAction\":[{\"@type\":\"SearchAction\",\"target\":{\"@type\":\"EntryPoint\",\"urlTemplate\":\"https:\\\/\\\/www.meydan.tv\\\/az\\\/?s={search_term_string}\"},\"query-input\":{\"@type\":\"PropertyValueSpecification\",\"valueRequired\":true,\"valueName\":\"search_term_string\"}}],\"inLanguage\":\"az\"},{\"@type\":\"Organization\",\"@id\":\"https:\\\/\\\/www.meydan.tv\\\/az\\\/#organization\",\"name\":\"Meydan TV\",\"url\":\"https:\\\/\\\/www.meydan.tv\\\/az\\\/\",\"logo\":{\"@type\":\"ImageObject\",\"inLanguage\":\"az\",\"@id\":\"https:\\\/\\\/www.meydan.tv\\\/az\\\/#\\\/schema\\\/logo\\\/image\\\/\",\"url\":\"https:\\\/\\\/www.meydan.tv\\\/wp-content\\\/uploads\\\/2021\\\/07\\\/meydan-logo.svg\",\"contentUrl\":\"https:\\\/\\\/www.meydan.tv\\\/wp-content\\\/uploads\\\/2021\\\/07\\\/meydan-logo.svg\",\"width\":195,\"height\":46,\"caption\":\"Meydan TV\"},\"image\":{\"@id\":\"https:\\\/\\\/www.meydan.tv\\\/az\\\/#\\\/schema\\\/logo\\\/image\\\/\"}},{\"@type\":\"Person\",\"@id\":\"https:\\\/\\\/www.meydan.tv\\\/az\\\/#\\\/schema\\\/person\\\/10d11eccf6da3662cf5fdab9806ea91a\",\"name\":\"user-manager\"}]}<\/script>\n<!-- \/ Yoast SEO plugin. -->","yoast_head_json":{"title":"G\u00f6y\u00e7aydak\u0131 kollecd\u0259n yen\u0259 \u015fikay\u0259t var - MEYDAN.TV","robots":{"index":"index","follow":"follow","max-snippet":"max-snippet:-1","max-image-preview":"max-image-preview:large","max-video-preview":"max-video-preview:-1"},"canonical":"https:\/\/www.meydan.tv\/az\/article\/goycaydaki-kollecden-yene-sikayet-var\/","og_locale":"az_AZ","og_type":"article","og_title":"G\u00f6y\u00e7aydak\u0131 kollecd\u0259n yen\u0259 \u015fikay\u0259t var - MEYDAN.TV","og_description":"Direktor m\u00fc\u0259lliml\u0259rd\u0259n baramaya g\u00f6r\u0259 m\u0259cburi pul y\u0131\u011f\u0131m\u0131na da m\u00fcnasib\u0259t bildirib","og_url":"https:\/\/www.meydan.tv\/az\/article\/goycaydaki-kollecden-yene-sikayet-var\/","og_site_name":"MEYDAN.TV","article_published_time":"2020-07-31T12:38:39+00:00","og_image":[{"width":1000,"height":541,"url":"https:\/\/www.meydan.tv\/wp-content\/uploads\/413315821.jpg","type":"image\/jpeg"}],"author":"user-manager","twitter_card":"summary_large_image","schema":{"@context":"https:\/\/schema.org","@graph":[{"@type":"Article","@id":"https:\/\/www.meydan.tv\/az\/article\/goycaydaki-kollecden-yene-sikayet-var\/#article","isPartOf":{"@id":"https:\/\/www.meydan.tv\/az\/article\/goycaydaki-kollecden-yene-sikayet-var\/"},"author":{"name":"user-manager","@id":"https:\/\/www.meydan.tv\/az\/#\/schema\/person\/10d11eccf6da3662cf5fdab9806ea91a"},"headline":"G\u00f6y\u00e7aydak\u0131 kollecd\u0259n yen\u0259 \u015fikay\u0259t var","datePublished":"2020-07-31T12:38:39+00:00","mainEntityOfPage":{"@id":"https:\/\/www.meydan.tv\/az\/article\/goycaydaki-kollecden-yene-sikayet-var\/"},"wordCount":1017,"publisher":{"@id":"https:\/\/www.meydan.tv\/az\/#organization"},"image":{"@id":"https:\/\/www.meydan.tv\/az\/article\/goycaydaki-kollecden-yene-sikayet-var\/#primaryimage"},"thumbnailUrl":"https:\/\/www.meydan.tv\/wp-content\/uploads\/413315821.jpg","articleSection":["B\u00f6lg\u0259"],"inLanguage":"az"},{"@type":"WebPage","@id":"https:\/\/www.meydan.tv\/az\/article\/goycaydaki-kollecden-yene-sikayet-var\/","url":"https:\/\/www.meydan.tv\/az\/article\/goycaydaki-kollecden-yene-sikayet-var\/","name":"G\u00f6y\u00e7aydak\u0131 kollecd\u0259n yen\u0259 \u015fikay\u0259t var - MEYDAN.TV","isPartOf":{"@id":"https:\/\/www.meydan.tv\/az\/#website"},"primaryImageOfPage":{"@id":"https:\/\/www.meydan.tv\/az\/article\/goycaydaki-kollecden-yene-sikayet-var\/#primaryimage"},"image":{"@id":"https:\/\/www.meydan.tv\/az\/article\/goycaydaki-kollecden-yene-sikayet-var\/#primaryimage"},"thumbnailUrl":"https:\/\/www.meydan.tv\/wp-content\/uploads\/413315821.jpg","datePublished":"2020-07-31T12:38:39+00:00","breadcrumb":{"@id":"https:\/\/www.meydan.tv\/az\/article\/goycaydaki-kollecden-yene-sikayet-var\/#breadcrumb"},"inLanguage":"az","potentialAction":[{"@type":"ReadAction","target":["https:\/\/www.meydan.tv\/az\/article\/goycaydaki-kollecden-yene-sikayet-var\/"]}]},{"@type":"ImageObject","inLanguage":"az","@id":"https:\/\/www.meydan.tv\/az\/article\/goycaydaki-kollecden-yene-sikayet-var\/#primaryimage","url":"https:\/\/www.meydan.tv\/wp-content\/uploads\/413315821.jpg","contentUrl":"https:\/\/www.meydan.tv\/wp-content\/uploads\/413315821.jpg","width":1000,"height":541,"caption":"M\u0259nb\u0259: G\u00f6y\u00e7ay Rayon \u0130cra Hakimiyy\u0259ti"},{"@type":"BreadcrumbList","@id":"https:\/\/www.meydan.tv\/az\/article\/goycaydaki-kollecden-yene-sikayet-var\/#breadcrumb","itemListElement":[{"@type":"ListItem","position":1,"name":"Ana s\u0259hif\u0259","item":"https:\/\/www.meydan.tv\/az\/"},{"@type":"ListItem","position":2,"name":"B\u00f6lg\u0259","item":"https:\/\/www.meydan.tv\/az\/section\/bolge\/"},{"@type":"ListItem","position":3,"name":"G\u00f6y\u00e7aydak\u0131 kollecd\u0259n yen\u0259 \u015fikay\u0259t var"}]},{"@type":"WebSite","@id":"https:\/\/www.meydan.tv\/az\/#website","url":"https:\/\/www.meydan.tv\/az\/","name":"MEYDAN.TV","description":"Meydan TV Az\u0259rbaycan\u0131n media m\u0259kan\u0131ndak\u0131 alternativ s\u0259sidir","publisher":{"@id":"https:\/\/www.meydan.tv\/az\/#organization"},"potentialAction":[{"@type":"SearchAction","target":{"@type":"EntryPoint","urlTemplate":"https:\/\/www.meydan.tv\/az\/?s={search_term_string}"},"query-input":{"@type":"PropertyValueSpecification","valueRequired":true,"valueName":"search_term_string"}}],"inLanguage":"az"},{"@type":"Organization","@id":"https:\/\/www.meydan.tv\/az\/#organization","name":"Meydan TV","url":"https:\/\/www.meydan.tv\/az\/","logo":{"@type":"ImageObject","inLanguage":"az","@id":"https:\/\/www.meydan.tv\/az\/#\/schema\/logo\/image\/","url":"https:\/\/www.meydan.tv\/wp-content\/uploads\/2021\/07\/meydan-logo.svg","contentUrl":"https:\/\/www.meydan.tv\/wp-content\/uploads\/2021\/07\/meydan-logo.svg","width":195,"height":46,"caption":"Meydan TV"},"image":{"@id":"https:\/\/www.meydan.tv\/az\/#\/schema\/logo\/image\/"}},{"@type":"Person","@id":"https:\/\/www.meydan.tv\/az\/#\/schema\/person\/10d11eccf6da3662cf5fdab9806ea91a","name":"user-manager"}]}},"_links":{"self":[{"href":"https:\/\/www.meydan.tv\/az\/wp-json\/wp\/v2\/posts\/201741","targetHints":{"allow":["GET"]}}],"collection":[{"href":"https:\/\/www.meydan.tv\/az\/wp-json\/wp\/v2\/posts"}],"about":[{"href":"https:\/\/www.meydan.tv\/az\/wp-json\/wp\/v2\/types\/post"}],"author":[{"embeddable":true,"href":"https:\/\/www.meydan.tv\/az\/wp-json\/wp\/v2\/users\/11"}],"replies":[{"embeddable":true,"href":"https:\/\/www.meydan.tv\/az\/wp-json\/wp\/v2\/comments?post=201741"}],"version-history":[{"count":0,"href":"https:\/\/www.meydan.tv\/az\/wp-json\/wp\/v2\/posts\/201741\/revisions"}],"wp:featuredmedia":[{"embeddable":true,"href":"https:\/\/www.meydan.tv\/az\/wp-json\/wp\/v2\/media\/145434"}],"wp:attachment":[{"href":"https:\/\/www.meydan.tv\/az\/wp-json\/wp\/v2\/media?parent=201741"}],"wp:term":[{"taxonomy":"category","embeddable":true,"href":"https:\/\/www.meydan.tv\/az\/wp-json\/wp\/v2\/categories?post=201741"},{"taxonomy":"post_tag","embeddable":true,"href":"https:\/\/www.meydan.tv\/az\/wp-json\/wp\/v2\/tags?post=201741"}],"curies":[{"name":"wp","href":"https:\/\/api.w.org\/{rel}","templated":true}]}}