{"id":201728,"date":"2020-07-30T15:13:27","date_gmt":"2020-07-30T15:13:27","guid":{"rendered":"https:\/\/www.meydan.tv\/article\/terter-sakini-cenab-prezident-qara-maskalilari-biz-terefe-de-gonderin\/"},"modified":"2020-07-30T15:13:27","modified_gmt":"2020-07-30T15:13:27","slug":"terter-sakini-cenab-prezident-qara-maskalilari-biz-terefe-de-gonderin","status":"publish","type":"post","link":"https:\/\/www.meydan.tv\/az\/article\/terter-sakini-cenab-prezident-qara-maskalilari-biz-terefe-de-gonderin\/","title":{"rendered":"T\u0259rt\u0259r sakini: C\u0259nab Prezident, qara maskal\u0131lar\u0131 biz t\u0259r\u0259f\u0259 d\u0259 g\u00f6nd\u0259rin"},"content":{"rendered":"<p>\n  <i><br \/>\n    V\u0259t\u0259nda\u015f icra ba\u015f\u00e7\u0131s\u0131n\u0131n onun torpa\u011f\u0131n\u0131 m\u0259nims\u0259diyini deyir<br \/>\n  <\/i>\n<\/p>\n<p>\n  \u201cGedir\u0259m Prezident Administrasiyas\u0131na, girir\u0259m Zeynal Na\u011fd\u0259liyevin q\u0259buluna, s\u0259n\u0259dl\u0259rim\u0259 bax\u0131r, deyir: \u201cBu, n\u0259 \u00f6zba\u015f\u0131nal\u0131qd\u0131r?\u201d D\u0259st\u0259yi g\u00f6t\u00fcr\u00fcb ba\u015f\u00e7\u0131ya z\u0259ng vurur, deyir: \u201cCamaat\u0131n torpa\u011f\u0131n\u0131 qaytar \u00f6z\u00fcn\u0259\u201d. Ba\u015f\u00e7\u0131 da x\u0259ttin o ba\u015f\u0131ndan deyir \u201cba\u015f \u00fcst\u0259\u201d&#8230; Rayona qay\u0131d\u0131b gedir\u0259m ba\u015f\u00e7\u0131n\u0131n yan\u0131na, deyir: \u201cS\u0259n kims\u0259n ki, gedib m\u0259n\u0259 oralardan z\u0259ng etdirirs\u0259n? M\u0259nim he\u00e7 kimd\u0259n qorxum, \u00e7\u0259kin\u0259c\u0259yim yoxdur, \u00f6z\u00fcn\u0259 \u0259ziyy\u0259t verib gedib oralardan z\u0259ng etdirm\u0259, n\u0259 q\u0259d\u0259r ki, bu rayondayam, o torpaq m\u0259nimdir\u201d\u201d.\n<\/p>\n<p>\n  Bunu Meydan TV-y\u0259 T\u0259rt\u0259r rayonunun Hac\u0131q\u0259rv\u0259nd k\u0259nd sakini Nazd\u0131 Mehdiyeva deyir.\n<\/p>\n<p>\n  Nazd\u0131 Mehdiyeva 2013-c\u00fc ild\u0259 t\u0259s\u0259rr\u00fcfat\u0131n\u0131 geni\u015fl\u0259ndirm\u0259k \u00fc\u00e7\u00fcn T\u0259rt\u0259r Rayon \u0130cra Hakimiyy\u0259tinin ke\u00e7mi\u015f ba\u015f\u00e7\u0131s\u0131 Ceyhun C\u0259f\u0259rovla icar\u0259 m\u00fcqavil\u0259si ba\u011flayaraq \u201cboz ir\u0259m\u0259\u201d adlanan \u0259razid\u0259n 265 hektar \u0259kin\u0259 yarars\u0131z torpa\u011f\u0131 25 illik icar\u0259y\u0259 g\u00f6t\u00fcr\u00fcb. H\u0259min sah\u0259d\u0259 heyvandarl\u0131q t\u0259s\u0259rr\u00fcfat\u0131 qurub v\u0259 20 ail\u0259ni bu t\u0259s\u0259rr\u00fcfata c\u0259lb edib. Ancaq dem\u0259sin\u0259 g\u00f6r\u0259, insanlar bu t\u0259s\u0259rr\u00fcfatdan c\u0259mi \u00fc\u00e7 il dolana bilibl\u0259r. Bel\u0259 ki, Ceyhun S\u0259f\u0259rovdan sonra icra hakimiyy\u0259tin\u0259 ba\u015f\u00e7\u0131 t\u0259yin olunan (2014-c\u00fc il) M\u00fcst\u0259qim M\u0259mm\u0259dov 2016-c\u0131 ild\u0259 heyvandarl\u0131q t\u0259s\u0259rr\u00fcfat\u0131na \u0259l qoyub.\n<\/p>\n<p>\n  <b><br \/>\n    \u201c4 ildir ki, 20 ail\u0259 ac qal\u0131b\u201d<br \/>\n  <\/b>\n<\/p>\n<p>\n  Nazd\u0131 Mehdiyeva dan\u0131\u015f\u0131r:\n<\/p>\n<p>\n  \u201c\u0130car\u0259y\u0259 g\u00f6t\u00fcrd\u00fcy\u00fcm torpa\u011f\u0131n vergisini vaxt\u0131nda \u00f6d\u0259yirdim, b\u00fct\u00fcn qanun-qaydalar \u00e7\u0259r\u00e7iv\u0259sind\u0259 h\u0259r\u0259k\u0259t edirdim. O t\u0259s\u0259rr\u00fcfatdan dolanan ail\u0259l\u0259r \u015f\u0259hid, m\u00fcharib\u0259 \u0259lili, m\u00fcharib\u0259 veteran\u0131 ail\u0259l\u0259ri idi. M\u0259nim \u00f6z\u00fcm\u00fcn iki qarda\u015f\u0131m v\u0259 dig\u0259r yax\u0131n qohumlar\u0131m \u015f\u0259hid olub. 20 ail\u0259 o torpaqda \u00f6z i\u015fl\u0259rini qurub, \u00e7\u00f6r\u0259yini qazan\u0131rd\u0131. Ba\u015f\u00e7\u0131 ham\u0131m\u0131z\u0131 o torpaqdan uzaqla\u015fd\u0131rd\u0131. 4 ildir ki, m\u0259n d\u0259 daxil olmaqla o 20 ail\u0259 ac qal\u0131b. Torpa\u011fa yax\u0131n ged\u0259n kimi ba\u015f\u00e7\u0131 polisl\u0259ri ora t\u00f6k\u00fcb bizi d\u00f6yd\u00fcr\u00fcr\u201d.\n<\/p>\n<figure class=\"wp-block-image size-large\">\n  <img decoding=\"async\" src=\"https:\/\/www.meydan.tv\/az\/image_from_ios-4-jpg-152\/\" alt=\"image_from_ios (4).jpg\" class=\"wp-image-145401\"\/><figcaption>\n    Torpaq sah\u0259sinin icar\u0259y\u0259 verilm\u0259si m\u00fcqavil\u0259si<br \/>\n  <\/figcaption><\/figure>\n<p>\n  Nazd\u0131 xan\u0131m deyir, ba\u015f\u00e7\u0131 \u0259razini ayr\u0131-ayr\u0131 adamlara qanunsuz icar\u0259y\u0259 verib:\n<\/p>\n<p>\n  \u201cBiz orada min \u0259ziyy\u0259tl\u0259 heyvan yataqlar\u0131, \u00e7obanlar \u00fc\u00e7\u00fcn daldalanacaq otaqlar d\u00fcz\u0259ltmi\u015fdik. 4 ildir ki, ba\u015f\u00e7\u0131 bizim \u0259izyy\u0259tl\u0259 qurub-yaratd\u0131qlar\u0131m\u0131z\u0131 halal mal\u0131 kimi icar\u0259y\u0259 verir, pul qazan\u0131r. \u018fkin\u0259 yarars\u0131z yeri \u201cPatron\u201d \u015firk\u0259tin\u0259 illiyi 10 min manata icar\u0259y\u0259 vermi\u015fdi. O \u015firk\u0259t d\u0259 \u0259kdi, he\u00e7 n\u0259 bitm\u0259di, n\u00f6vb\u0259ti il daha icar\u0259 m\u00fcqavil\u0259si ba\u011flamad\u0131. \u00c7ox gec anlad\u0131lar ki, o torpaq sah\u0259l\u0259ri yaln\u0131z heyvandarl\u0131\u011fa yaray\u0131r, \u0259kin\u0259 yarars\u0131zd\u0131r\u201d.\n<\/p>\n<p>\n  <b><br \/>\n    \u201cAdam n\u0259 Prezidenti, n\u0259 d\u0259 vitse-prezidenti say\u0131r\u201d<br \/>\n  <\/b>\n<\/p>\n<p>\n  Nazd\u0131 Mehdiyevan\u0131n icar\u0259 m\u00fcqavil\u0259sinin bitm\u0259sin\u0259 18 il qal\u0131b. Aidiyy\u0259ti qurumlara m\u00fcraci\u0259t etm\u0259sin\u0259 baxmayaraq, torpa\u011f\u0131 h\u0259l\u0259 d\u0259 \u00f6z\u00fcn\u0259 qaytar\u0131lmay\u0131b v\u0259 t\u0259s\u0259rr\u00fcfat\u0131n\u0131 b\u0259rpa ed\u0259 bilm\u0259yib:\n<\/p>\n<p>\n  \u201cBu adam n\u0259inki Prezident Administrasiyas\u0131n\u0131, he\u00e7 Prezidenti, Birinci vitse-prezidenti d\u0259 saym\u0131r. Birinci vitse-prezident Mehriban \u018fliyevan\u0131n q\u0259bulunda olmu\u015fam, \u00f6z\u00fc q\u0259bul etm\u0259yib, m\u00fcavini q\u0259bul edib, dinl\u0259yib, deyib, t\u0259s\u0259rr\u00fcfat\u0131n\u0131z \u00f6z\u00fcn\u00fcz\u0259 qaytar\u0131lacaq. Prezident\u0259 d\u0259f\u0259l\u0259rl\u0259 yazm\u0131\u015fam. Prezidentin \u0259razi-t\u0259\u015fkilat\u0131 m\u0259s\u0259l\u0259l\u0259r \u00fczr\u0259 k\u00f6m\u0259k\u00e7isi Zeynal Na\u011fd\u0259liyevin q\u0259bulunda olmu\u015fam. Ki\u015fi s\u0259n\u0259dl\u0259rim\u0259 baxd\u0131, d\u0259st\u0259yi g\u00f6t\u00fcr\u00fcb ba\u015f\u00e7\u0131ya z\u0259ng vurdu, dedi, adamlar\u0131n t\u0259s\u0259rr\u00fcfat\u0131n\u0131 \u00f6z\u00fcn\u0259 qaytar, o da o t\u0259r\u0259fd\u0259n \u201cba\u015f \u00fcst\u0259\u201d, dedi. Ancaq rayona qay\u0131dandan sonra q\u0259z\u0259bini m\u0259nim \u00fcst\u00fcm\u0259 t\u00f6kd\u00fc, dedi, n\u0259 var m\u0259nd\u0259n Bak\u0131ya \u015fikay\u0259t\u0259 gedirs\u0259n? Onsuz da xeyri yoxdur, n\u0259 q\u0259d\u0259r ki, m\u0259n bu rayondayam, o torpa\u011fa yax\u0131n ged\u0259 bilm\u0259y\u0259c\u0259ks\u0259n. Hara gets\u0259n d\u0259, buran\u0131n xan\u0131 m\u0259n\u0259m. \u0130nan\u0131n ki, hans\u0131 qap\u0131lara gedir\u0259m, haralardan bu adama z\u0259ng vururlar, bu adam he\u00e7 kimi saym\u0131r\u201d.\n<\/p>\n<figure class=\"wp-block-image size-large\">\n  <img decoding=\"async\" src=\"https:\/\/www.meydan.tv\/az\/image_from_ios-5-jpg-113\/\" alt=\"image_from_ios (5).jpg\" class=\"wp-image-145407\"\/><figcaption>\n    Q\u0259rar<br \/>\n  <\/figcaption><\/figure>\n<p>\n  <b><br \/>\n    \u201cC\u0259nab Prezident, maskal\u0131lar\u0131 biz t\u0259r\u0259f\u0259 g\u00f6nd\u0259rin\u201d<br \/>\n  <\/b>\n<\/p>\n<p>\n  Nazd\u0131 xan\u0131m sonda \u00fcz\u00fcn\u00fc \u00f6lk\u0259nin ba\u015f\u00e7\u0131s\u0131na tutur. O, \u0130lham \u018fliyevd\u0259n h\u0259m d\u0259 ba\u015f\u00e7\u0131n\u0131n f\u0259aliyy\u0259tinin ara\u015fd\u0131r\u0131lmas\u0131n\u0131 ist\u0259yir:\n<\/p>\n<p>\n  \u201cC\u0259nab Prezident, T\u0259rt\u0259r c\u0259bh\u0259 b\u00f6lg\u0259sidir. 30 ildir ki, erm\u0259ni i\u015f\u011fa\u0131l\u0131\u00e7ar\u0131 bu rayonu z\u0259bt ed\u0259 bilmir. Ancaq g\u00f6rd\u00fcy\u00fcn\u00fcz ki, M\u00fcst\u0259qim M\u0259mm\u0259dov rayonu t\u0259kba\u015f\u0131na z\u0259bt edib. T\u0259rt\u0259rd\u0259 YAP binas\u0131n\u0131n milyonlarla d\u0259y\u0259ri olan \u0259mlak\u0131n\u0131 \u00f6z\u0259ll\u0259\u015fdirib, \u00f6z\u00fcn\u0259 \u015f\u0259xsi villa edib. \u015e\u0259h\u0259rd\u0259 ticar\u0259t obyektl\u0259ri, aptekl\u0259ri, bahal\u0131 \u015f\u0259xsi ma\u015f\u0131nlar\u0131, G\u00f6yg\u00f6ld\u0259 v\u0259 ba\u015fqa rayonlarda d\u0259y\u0259ri mlyonlara g\u0259lm\u0259y\u0259n m\u00fclkl\u0259ri, el\u0259 m\u0259nim icar\u0259md\u0259 olan torpa\u011f\u0131n \u00fcst hiss\u0259sind\u0259 qaynanas\u0131n\u0131n 250 hektar sah\u0259si var. Adam o n\u0259 q\u0259d\u0259r acg\u00f6z olmal\u0131d\u0131r ki, \u015f\u0259hidin, m\u00fcharib\u0259 \u0259lilinin ail\u0259sinin heyvandarl\u0131q t\u0259s\u0259rr\u00fcfat\u0131na da \u0259l qoya&#8230; Biz t\u0259k erm\u0259ninin basq\u0131s\u0131 alt\u0131nda deyilik, biizm erm\u0259nid\u0259n daha qorxulu yerimiz var \u2013 icra ba\u015f\u00e7\u0131m\u0131z&#8230; Sizd\u0259n t\u0259k ist\u0259yimiz odur ki, o qara maskal\u0131 DTX \u0259m\u0259liyyat\u00e7\u0131lar\u0131n\u0131 biz t\u0259r\u0259f\u0259 d\u0259 g\u00f6nd\u0259rin. Ba\u015f\u00e7\u0131n\u0131n ota\u011f\u0131nda kamera qura\u015fd\u0131rs\u0131nlar, sonra oturun, o kamera g\u00f6r\u00fcnt\u00fcl\u0259rin\u0259 bax\u0131n, g\u00f6r\u00fcn bizim rayonun ba\u015f\u00e7\u0131s\u0131 v\u0259t\u0259nda\u015fla nec\u0259 davran\u0131r \u2013 k\u00fc\u00e7\u0259 s\u00f6y\u00fc\u015fl\u0259riyl\u0259 qar\u015f\u0131s\u0131ndak\u0131 v\u0259t\u0259nda\u015f\u0131 nec\u0259 a\u015fa\u011f\u0131lay\u0131r. Dey\u0259nd\u0259 ki, m\u0259n \u015f\u0259hid ail\u0259siy\u0259m, deyir, qarda\u015flar\u0131n m\u0259n\u0259 g\u00f6r\u0259 \u00f6lm\u0259yib ki&#8230; Siz\u0259 \u00fcmidimizi ba\u011flay\u0131b m\u00fcraci\u0259t etdik. H\u0259r zaman \u00f6z\u00fcn\u00fcz \u00e7\u0131x\u0131\u015flar\u0131n\u0131zda deyirsiz ki, v\u0259t\u0259nda\u015flar m\u0259n\u0259 m\u00fcraci\u0259t etsin, buyurun. Biz 20 ail\u0259 \u00fcmid edirik ki, tezlikl\u0259 ba\u015f\u00e7\u0131 il\u0259 ba\u011fl\u0131 laz\u0131mi t\u0259dbirl\u0259r g\u00f6r\u00fcl\u0259c\u0259k, 20 ail\u0259 heyvandarl\u0131q t\u0259s\u0259rr\u00fcfat\u0131na \u2013 \u00e7\u00f6r\u0259yin\u0259, ruzusuna, i\u015fin\u0259 d\u00f6n\u0259c\u0259k\u201d.\n<\/p>\n<p>\n  Meydan TV m\u00fcxbiri T\u0259rt\u0259rin \u0130cra Hakimiyy\u0259ti il\u0259 \u0259laq\u0259 saxlay\u0131b. Qurumdan bildirilib ki, suallar\u0131 yaln\u0131z icra ba\u015f\u00e7\u0131s\u0131 cavabland\u0131ra bil\u0259r. Lakin M\u00fcst\u0259qim M\u0259mm\u0259dovla dan\u0131\u015fmaq m\u00fcmk\u00fcn olmay\u0131b.<\/p>\n","protected":false},"excerpt":{"rendered":"<p>&#8220;Adam o n\u0259 q\u0259d\u0259r acg\u00f6z olmal\u0131d\u0131r ki, \u015f\u0259hidin, m\u00fcharib\u0259 \u0259lilinin ail\u0259sinin heyvandarl\u0131q t\u0259s\u0259rr\u00fcfat\u0131na da \u0259l qoya&#8230;&#8221;<\/p>\n","protected":false},"author":11,"featured_media":145404,"comment_status":"closed","ping_status":"open","sticky":false,"template":"","format":"standard","meta":{"_acf_changed":false,"_sitemap_exclude":false,"_sitemap_priority":"","_sitemap_frequency":"","footnotes":""},"categories":[60],"tags":[],"class_list":["post-201728","post","type-post","status-publish","format-standard","has-post-thumbnail","hentry","category-bolge","infinite-scroll-item","generate-columns","tablet-grid-50","mobile-grid-100","grid-parent","grid-33","no-featured-image-padding"],"acf":[],"yoast_head":"<!-- This site is optimized with the Yoast SEO plugin v27.5 - https:\/\/yoast.com\/product\/yoast-seo-wordpress\/ -->\n<title>T\u0259rt\u0259r sakini: C\u0259nab Prezident, qara maskal\u0131lar\u0131 biz t\u0259r\u0259f\u0259 d\u0259 g\u00f6nd\u0259rin - MEYDAN.TV<\/title>\n<meta name=\"robots\" content=\"index, follow, max-snippet:-1, max-image-preview:large, max-video-preview:-1\" \/>\n<link rel=\"canonical\" href=\"https:\/\/www.meydan.tv\/az\/article\/terter-sakini-cenab-prezident-qara-maskalilari-biz-terefe-de-gonderin\/\" \/>\n<meta property=\"og:locale\" content=\"az_AZ\" \/>\n<meta property=\"og:type\" content=\"article\" \/>\n<meta property=\"og:title\" content=\"T\u0259rt\u0259r sakini: C\u0259nab Prezident, qara maskal\u0131lar\u0131 biz t\u0259r\u0259f\u0259 d\u0259 g\u00f6nd\u0259rin - MEYDAN.TV\" \/>\n<meta property=\"og:description\" content=\"&quot;Adam o n\u0259 q\u0259d\u0259r acg\u00f6z olmal\u0131d\u0131r ki, \u015f\u0259hidin, m\u00fcharib\u0259 \u0259lilinin ail\u0259sinin heyvandarl\u0131q t\u0259s\u0259rr\u00fcfat\u0131na da \u0259l qoya...&quot;\" \/>\n<meta property=\"og:url\" content=\"https:\/\/www.meydan.tv\/az\/article\/terter-sakini-cenab-prezident-qara-maskalilari-biz-terefe-de-gonderin\/\" \/>\n<meta property=\"og:site_name\" content=\"MEYDAN.TV\" \/>\n<meta property=\"article:published_time\" content=\"2020-07-30T15:13:27+00:00\" \/>\n<meta property=\"og:image\" content=\"https:\/\/www.meydan.tv\/wp-content\/uploads\/screenshot_2020-07-30_at_15.05.49.png\" \/>\n\t<meta property=\"og:image:width\" content=\"1474\" \/>\n\t<meta property=\"og:image:height\" content=\"980\" \/>\n\t<meta property=\"og:image:type\" content=\"image\/png\" \/>\n<meta name=\"author\" content=\"user-manager\" \/>\n<meta name=\"twitter:card\" content=\"summary_large_image\" \/>\n<script type=\"application\/ld+json\" class=\"yoast-schema-graph\">{\"@context\":\"https:\\\/\\\/schema.org\",\"@graph\":[{\"@type\":\"Article\",\"@id\":\"https:\\\/\\\/www.meydan.tv\\\/az\\\/article\\\/terter-sakini-cenab-prezident-qara-maskalilari-biz-terefe-de-gonderin\\\/#article\",\"isPartOf\":{\"@id\":\"https:\\\/\\\/www.meydan.tv\\\/az\\\/article\\\/terter-sakini-cenab-prezident-qara-maskalilari-biz-terefe-de-gonderin\\\/\"},\"author\":{\"name\":\"user-manager\",\"@id\":\"https:\\\/\\\/www.meydan.tv\\\/az\\\/#\\\/schema\\\/person\\\/10d11eccf6da3662cf5fdab9806ea91a\"},\"headline\":\"T\u0259rt\u0259r sakini: C\u0259nab Prezident, qara maskal\u0131lar\u0131 biz t\u0259r\u0259f\u0259 d\u0259 g\u00f6nd\u0259rin\",\"datePublished\":\"2020-07-30T15:13:27+00:00\",\"mainEntityOfPage\":{\"@id\":\"https:\\\/\\\/www.meydan.tv\\\/az\\\/article\\\/terter-sakini-cenab-prezident-qara-maskalilari-biz-terefe-de-gonderin\\\/\"},\"wordCount\":1183,\"publisher\":{\"@id\":\"https:\\\/\\\/www.meydan.tv\\\/az\\\/#organization\"},\"image\":{\"@id\":\"https:\\\/\\\/www.meydan.tv\\\/az\\\/article\\\/terter-sakini-cenab-prezident-qara-maskalilari-biz-terefe-de-gonderin\\\/#primaryimage\"},\"thumbnailUrl\":\"https:\\\/\\\/www.meydan.tv\\\/wp-content\\\/uploads\\\/screenshot_2020-07-30_at_15.05.49.png\",\"articleSection\":[\"B\u00f6lg\u0259\"],\"inLanguage\":\"az\"},{\"@type\":\"WebPage\",\"@id\":\"https:\\\/\\\/www.meydan.tv\\\/az\\\/article\\\/terter-sakini-cenab-prezident-qara-maskalilari-biz-terefe-de-gonderin\\\/\",\"url\":\"https:\\\/\\\/www.meydan.tv\\\/az\\\/article\\\/terter-sakini-cenab-prezident-qara-maskalilari-biz-terefe-de-gonderin\\\/\",\"name\":\"T\u0259rt\u0259r sakini: C\u0259nab Prezident, qara maskal\u0131lar\u0131 biz t\u0259r\u0259f\u0259 d\u0259 g\u00f6nd\u0259rin - MEYDAN.TV\",\"isPartOf\":{\"@id\":\"https:\\\/\\\/www.meydan.tv\\\/az\\\/#website\"},\"primaryImageOfPage\":{\"@id\":\"https:\\\/\\\/www.meydan.tv\\\/az\\\/article\\\/terter-sakini-cenab-prezident-qara-maskalilari-biz-terefe-de-gonderin\\\/#primaryimage\"},\"image\":{\"@id\":\"https:\\\/\\\/www.meydan.tv\\\/az\\\/article\\\/terter-sakini-cenab-prezident-qara-maskalilari-biz-terefe-de-gonderin\\\/#primaryimage\"},\"thumbnailUrl\":\"https:\\\/\\\/www.meydan.tv\\\/wp-content\\\/uploads\\\/screenshot_2020-07-30_at_15.05.49.png\",\"datePublished\":\"2020-07-30T15:13:27+00:00\",\"breadcrumb\":{\"@id\":\"https:\\\/\\\/www.meydan.tv\\\/az\\\/article\\\/terter-sakini-cenab-prezident-qara-maskalilari-biz-terefe-de-gonderin\\\/#breadcrumb\"},\"inLanguage\":\"az\",\"potentialAction\":[{\"@type\":\"ReadAction\",\"target\":[\"https:\\\/\\\/www.meydan.tv\\\/az\\\/article\\\/terter-sakini-cenab-prezident-qara-maskalilari-biz-terefe-de-gonderin\\\/\"]}]},{\"@type\":\"ImageObject\",\"inLanguage\":\"az\",\"@id\":\"https:\\\/\\\/www.meydan.tv\\\/az\\\/article\\\/terter-sakini-cenab-prezident-qara-maskalilari-biz-terefe-de-gonderin\\\/#primaryimage\",\"url\":\"https:\\\/\\\/www.meydan.tv\\\/wp-content\\\/uploads\\\/screenshot_2020-07-30_at_15.05.49.png\",\"contentUrl\":\"https:\\\/\\\/www.meydan.tv\\\/wp-content\\\/uploads\\\/screenshot_2020-07-30_at_15.05.49.png\",\"width\":1474,\"height\":980,\"caption\":\"Source: Specify Source\"},{\"@type\":\"BreadcrumbList\",\"@id\":\"https:\\\/\\\/www.meydan.tv\\\/az\\\/article\\\/terter-sakini-cenab-prezident-qara-maskalilari-biz-terefe-de-gonderin\\\/#breadcrumb\",\"itemListElement\":[{\"@type\":\"ListItem\",\"position\":1,\"name\":\"Ana s\u0259hif\u0259\",\"item\":\"https:\\\/\\\/www.meydan.tv\\\/az\\\/\"},{\"@type\":\"ListItem\",\"position\":2,\"name\":\"B\u00f6lg\u0259\",\"item\":\"https:\\\/\\\/www.meydan.tv\\\/az\\\/section\\\/bolge\\\/\"},{\"@type\":\"ListItem\",\"position\":3,\"name\":\"T\u0259rt\u0259r sakini: C\u0259nab Prezident, qara maskal\u0131lar\u0131 biz t\u0259r\u0259f\u0259 d\u0259 g\u00f6nd\u0259rin\"}]},{\"@type\":\"WebSite\",\"@id\":\"https:\\\/\\\/www.meydan.tv\\\/az\\\/#website\",\"url\":\"https:\\\/\\\/www.meydan.tv\\\/az\\\/\",\"name\":\"MEYDAN.TV\",\"description\":\"Meydan TV Az\u0259rbaycan\u0131n media m\u0259kan\u0131ndak\u0131 alternativ s\u0259sidir\",\"publisher\":{\"@id\":\"https:\\\/\\\/www.meydan.tv\\\/az\\\/#organization\"},\"potentialAction\":[{\"@type\":\"SearchAction\",\"target\":{\"@type\":\"EntryPoint\",\"urlTemplate\":\"https:\\\/\\\/www.meydan.tv\\\/az\\\/?s={search_term_string}\"},\"query-input\":{\"@type\":\"PropertyValueSpecification\",\"valueRequired\":true,\"valueName\":\"search_term_string\"}}],\"inLanguage\":\"az\"},{\"@type\":\"Organization\",\"@id\":\"https:\\\/\\\/www.meydan.tv\\\/az\\\/#organization\",\"name\":\"Meydan TV\",\"url\":\"https:\\\/\\\/www.meydan.tv\\\/az\\\/\",\"logo\":{\"@type\":\"ImageObject\",\"inLanguage\":\"az\",\"@id\":\"https:\\\/\\\/www.meydan.tv\\\/az\\\/#\\\/schema\\\/logo\\\/image\\\/\",\"url\":\"https:\\\/\\\/www.meydan.tv\\\/wp-content\\\/uploads\\\/2021\\\/07\\\/meydan-logo.svg\",\"contentUrl\":\"https:\\\/\\\/www.meydan.tv\\\/wp-content\\\/uploads\\\/2021\\\/07\\\/meydan-logo.svg\",\"width\":195,\"height\":46,\"caption\":\"Meydan TV\"},\"image\":{\"@id\":\"https:\\\/\\\/www.meydan.tv\\\/az\\\/#\\\/schema\\\/logo\\\/image\\\/\"}},{\"@type\":\"Person\",\"@id\":\"https:\\\/\\\/www.meydan.tv\\\/az\\\/#\\\/schema\\\/person\\\/10d11eccf6da3662cf5fdab9806ea91a\",\"name\":\"user-manager\"}]}<\/script>\n<!-- \/ Yoast SEO plugin. -->","yoast_head_json":{"title":"T\u0259rt\u0259r sakini: C\u0259nab Prezident, qara maskal\u0131lar\u0131 biz t\u0259r\u0259f\u0259 d\u0259 g\u00f6nd\u0259rin - MEYDAN.TV","robots":{"index":"index","follow":"follow","max-snippet":"max-snippet:-1","max-image-preview":"max-image-preview:large","max-video-preview":"max-video-preview:-1"},"canonical":"https:\/\/www.meydan.tv\/az\/article\/terter-sakini-cenab-prezident-qara-maskalilari-biz-terefe-de-gonderin\/","og_locale":"az_AZ","og_type":"article","og_title":"T\u0259rt\u0259r sakini: C\u0259nab Prezident, qara maskal\u0131lar\u0131 biz t\u0259r\u0259f\u0259 d\u0259 g\u00f6nd\u0259rin - MEYDAN.TV","og_description":"\"Adam o n\u0259 q\u0259d\u0259r acg\u00f6z olmal\u0131d\u0131r ki, \u015f\u0259hidin, m\u00fcharib\u0259 \u0259lilinin ail\u0259sinin heyvandarl\u0131q t\u0259s\u0259rr\u00fcfat\u0131na da \u0259l qoya...\"","og_url":"https:\/\/www.meydan.tv\/az\/article\/terter-sakini-cenab-prezident-qara-maskalilari-biz-terefe-de-gonderin\/","og_site_name":"MEYDAN.TV","article_published_time":"2020-07-30T15:13:27+00:00","og_image":[{"width":1474,"height":980,"url":"https:\/\/www.meydan.tv\/wp-content\/uploads\/screenshot_2020-07-30_at_15.05.49.png","type":"image\/png"}],"author":"user-manager","twitter_card":"summary_large_image","schema":{"@context":"https:\/\/schema.org","@graph":[{"@type":"Article","@id":"https:\/\/www.meydan.tv\/az\/article\/terter-sakini-cenab-prezident-qara-maskalilari-biz-terefe-de-gonderin\/#article","isPartOf":{"@id":"https:\/\/www.meydan.tv\/az\/article\/terter-sakini-cenab-prezident-qara-maskalilari-biz-terefe-de-gonderin\/"},"author":{"name":"user-manager","@id":"https:\/\/www.meydan.tv\/az\/#\/schema\/person\/10d11eccf6da3662cf5fdab9806ea91a"},"headline":"T\u0259rt\u0259r sakini: C\u0259nab Prezident, qara maskal\u0131lar\u0131 biz t\u0259r\u0259f\u0259 d\u0259 g\u00f6nd\u0259rin","datePublished":"2020-07-30T15:13:27+00:00","mainEntityOfPage":{"@id":"https:\/\/www.meydan.tv\/az\/article\/terter-sakini-cenab-prezident-qara-maskalilari-biz-terefe-de-gonderin\/"},"wordCount":1183,"publisher":{"@id":"https:\/\/www.meydan.tv\/az\/#organization"},"image":{"@id":"https:\/\/www.meydan.tv\/az\/article\/terter-sakini-cenab-prezident-qara-maskalilari-biz-terefe-de-gonderin\/#primaryimage"},"thumbnailUrl":"https:\/\/www.meydan.tv\/wp-content\/uploads\/screenshot_2020-07-30_at_15.05.49.png","articleSection":["B\u00f6lg\u0259"],"inLanguage":"az"},{"@type":"WebPage","@id":"https:\/\/www.meydan.tv\/az\/article\/terter-sakini-cenab-prezident-qara-maskalilari-biz-terefe-de-gonderin\/","url":"https:\/\/www.meydan.tv\/az\/article\/terter-sakini-cenab-prezident-qara-maskalilari-biz-terefe-de-gonderin\/","name":"T\u0259rt\u0259r sakini: C\u0259nab Prezident, qara maskal\u0131lar\u0131 biz t\u0259r\u0259f\u0259 d\u0259 g\u00f6nd\u0259rin - MEYDAN.TV","isPartOf":{"@id":"https:\/\/www.meydan.tv\/az\/#website"},"primaryImageOfPage":{"@id":"https:\/\/www.meydan.tv\/az\/article\/terter-sakini-cenab-prezident-qara-maskalilari-biz-terefe-de-gonderin\/#primaryimage"},"image":{"@id":"https:\/\/www.meydan.tv\/az\/article\/terter-sakini-cenab-prezident-qara-maskalilari-biz-terefe-de-gonderin\/#primaryimage"},"thumbnailUrl":"https:\/\/www.meydan.tv\/wp-content\/uploads\/screenshot_2020-07-30_at_15.05.49.png","datePublished":"2020-07-30T15:13:27+00:00","breadcrumb":{"@id":"https:\/\/www.meydan.tv\/az\/article\/terter-sakini-cenab-prezident-qara-maskalilari-biz-terefe-de-gonderin\/#breadcrumb"},"inLanguage":"az","potentialAction":[{"@type":"ReadAction","target":["https:\/\/www.meydan.tv\/az\/article\/terter-sakini-cenab-prezident-qara-maskalilari-biz-terefe-de-gonderin\/"]}]},{"@type":"ImageObject","inLanguage":"az","@id":"https:\/\/www.meydan.tv\/az\/article\/terter-sakini-cenab-prezident-qara-maskalilari-biz-terefe-de-gonderin\/#primaryimage","url":"https:\/\/www.meydan.tv\/wp-content\/uploads\/screenshot_2020-07-30_at_15.05.49.png","contentUrl":"https:\/\/www.meydan.tv\/wp-content\/uploads\/screenshot_2020-07-30_at_15.05.49.png","width":1474,"height":980,"caption":"Source: Specify Source"},{"@type":"BreadcrumbList","@id":"https:\/\/www.meydan.tv\/az\/article\/terter-sakini-cenab-prezident-qara-maskalilari-biz-terefe-de-gonderin\/#breadcrumb","itemListElement":[{"@type":"ListItem","position":1,"name":"Ana s\u0259hif\u0259","item":"https:\/\/www.meydan.tv\/az\/"},{"@type":"ListItem","position":2,"name":"B\u00f6lg\u0259","item":"https:\/\/www.meydan.tv\/az\/section\/bolge\/"},{"@type":"ListItem","position":3,"name":"T\u0259rt\u0259r sakini: C\u0259nab Prezident, qara maskal\u0131lar\u0131 biz t\u0259r\u0259f\u0259 d\u0259 g\u00f6nd\u0259rin"}]},{"@type":"WebSite","@id":"https:\/\/www.meydan.tv\/az\/#website","url":"https:\/\/www.meydan.tv\/az\/","name":"MEYDAN.TV","description":"Meydan TV Az\u0259rbaycan\u0131n media m\u0259kan\u0131ndak\u0131 alternativ s\u0259sidir","publisher":{"@id":"https:\/\/www.meydan.tv\/az\/#organization"},"potentialAction":[{"@type":"SearchAction","target":{"@type":"EntryPoint","urlTemplate":"https:\/\/www.meydan.tv\/az\/?s={search_term_string}"},"query-input":{"@type":"PropertyValueSpecification","valueRequired":true,"valueName":"search_term_string"}}],"inLanguage":"az"},{"@type":"Organization","@id":"https:\/\/www.meydan.tv\/az\/#organization","name":"Meydan TV","url":"https:\/\/www.meydan.tv\/az\/","logo":{"@type":"ImageObject","inLanguage":"az","@id":"https:\/\/www.meydan.tv\/az\/#\/schema\/logo\/image\/","url":"https:\/\/www.meydan.tv\/wp-content\/uploads\/2021\/07\/meydan-logo.svg","contentUrl":"https:\/\/www.meydan.tv\/wp-content\/uploads\/2021\/07\/meydan-logo.svg","width":195,"height":46,"caption":"Meydan TV"},"image":{"@id":"https:\/\/www.meydan.tv\/az\/#\/schema\/logo\/image\/"}},{"@type":"Person","@id":"https:\/\/www.meydan.tv\/az\/#\/schema\/person\/10d11eccf6da3662cf5fdab9806ea91a","name":"user-manager"}]}},"_links":{"self":[{"href":"https:\/\/www.meydan.tv\/az\/wp-json\/wp\/v2\/posts\/201728","targetHints":{"allow":["GET"]}}],"collection":[{"href":"https:\/\/www.meydan.tv\/az\/wp-json\/wp\/v2\/posts"}],"about":[{"href":"https:\/\/www.meydan.tv\/az\/wp-json\/wp\/v2\/types\/post"}],"author":[{"embeddable":true,"href":"https:\/\/www.meydan.tv\/az\/wp-json\/wp\/v2\/users\/11"}],"replies":[{"embeddable":true,"href":"https:\/\/www.meydan.tv\/az\/wp-json\/wp\/v2\/comments?post=201728"}],"version-history":[{"count":0,"href":"https:\/\/www.meydan.tv\/az\/wp-json\/wp\/v2\/posts\/201728\/revisions"}],"wp:featuredmedia":[{"embeddable":true,"href":"https:\/\/www.meydan.tv\/az\/wp-json\/wp\/v2\/media\/145404"}],"wp:attachment":[{"href":"https:\/\/www.meydan.tv\/az\/wp-json\/wp\/v2\/media?parent=201728"}],"wp:term":[{"taxonomy":"category","embeddable":true,"href":"https:\/\/www.meydan.tv\/az\/wp-json\/wp\/v2\/categories?post=201728"},{"taxonomy":"post_tag","embeddable":true,"href":"https:\/\/www.meydan.tv\/az\/wp-json\/wp\/v2\/tags?post=201728"}],"curies":[{"name":"wp","href":"https:\/\/api.w.org\/{rel}","templated":true}]}}