{"id":201725,"date":"2020-07-30T14:47:34","date_gmt":"2020-07-30T14:47:34","guid":{"rendered":"https:\/\/www.meydan.tv\/article\/samaxi-sakini-bizi-issizlikle-acliqla-stresle-mehv-edirler\/"},"modified":"2020-07-30T14:47:34","modified_gmt":"2020-07-30T14:47:34","slug":"samaxi-sakini-bizi-issizlikle-acliqla-stresle-mehv-edirler","status":"publish","type":"post","link":"https:\/\/www.meydan.tv\/az\/article\/samaxi-sakini-bizi-issizlikle-acliqla-stresle-mehv-edirler\/","title":{"rendered":"\u015eamax\u0131 sakini: Bizi i\u015fsizlikl\u0259, acl\u0131qla, stresl\u0259 m\u0259hv edirl\u0259r"},"content":{"rendered":"<p>\n  <i><br \/>\n    \u201cAra\u015fd\u0131rsalar, g\u00f6r\u0259rl\u0259r ki, i\u015f\u00e7i kimi m\u00fcqavil\u0259 ba\u011flad\u0131qlar\u0131 adamlar\u0131n \u00e7oxu he\u00e7 rayonda yoxdur\u201d<br \/>\n  <\/i>\n<\/p>\n<p>\n  \u201c\u0130ki ildir ki, bir MMC yarad\u0131blar, guya bu yolla i\u015fsizliyi aradan qald\u0131racaqd\u0131lar, \u015f\u0259xs\u0259n i\u015fsiz v\u0259t\u0259nda\u015f kimi o MMC m\u0259n\u0259 uzun-uzad\u0131 m\u00fcraci\u0259tl\u0259rimd\u0259n sonra bu ilin aprelind\u0259 iki ayl\u0131q dezinfeksiya i\u015fl\u0259ri g\u00f6rm\u0259kd\u0259n ba\u015fqa normal bir i\u015f t\u0259klif etm\u0259di. Ancaq i\u015f\u0259 ehtiyac\u0131 olmayan xeyli adam\u0131n ad\u0131na m\u00fcqavil\u0259l\u0259r d\u00fcz\u0259ldib, maa\u015f kartlar\u0131 a\u00e7\u0131b b\u00fcdc\u0259d\u0259n pul o\u011furlamaqla m\u0259\u015f\u011fuldular\u201d.\n<\/p>\n<p>\n  Bunu Meydan TV-y\u0259 \u015eamax\u0131 sakini Dada\u015f Dada\u015fov deyir.\n<\/p>\n<p>\n  Dada\u015f Dada\u015fov h\u0259m traktor\u00e7udur, h\u0259m d\u0259 4-c\u00fc d\u0259r\u0259c\u0259li elektrik ustas\u0131d\u0131r. \u0130ll\u0259rdir ki, pe\u015f\u0259sin\u0259 uy\u011fun i\u015fl\u0259 t\u0259min olunmaq \u00fc\u00e7\u00fcn \u015eamax\u0131 rayon M\u0259\u015f\u011fulluq M\u0259rk\u0259zin\u0259 m\u00fcraci\u0259t edir. Ancaq ona uy\u011fun i\u015f verilmir. \u0130ki il \u0259vv\u0259l sosial layih\u0259 \u00e7\u0259r\u00e7iv\u0259sind\u0259 DOST \u0130\u015f M\u0259rk\u0259zi yarananda o da s\u0259n\u0259dl\u0259rini rayondak\u0131 M\u0259\u015f\u011fulluq M\u0259rk\u0259zin\u0259 n\u00f6vb\u0259ti d\u0259f\u0259 t\u0259qdim edib. Ancaq dem\u0259sin\u0259 g\u00f6r\u0259, ona k\u00fc\u00e7\u0259ni s\u00fcp\u00fcrm\u0259k t\u0259klif olunub.\n<\/p>\n<p>\n  <b><br \/>\n    \u201cPe\u015f\u0259kar i\u015fsiz, pe\u015f\u0259si olmayan is\u0259 i\u015f ba\u015f\u0131nda&#8230;\u201d<br \/>\n  <\/b>\n<\/p>\n<p>\n  \u201cH\u0259r d\u0259f\u0259 m\u0259nd\u0259n pe\u015f\u0259m\u0259 dair s\u0259n\u0259dl\u0259rimi ist\u0259yibl\u0259r, ancaq s\u00fcp\u00fcrg\u0259\u00e7i i\u015fi veribl\u0259r. H\u0259r d\u0259f\u0259 d\u0259 s\u00f6z veribl\u0259r ki, m\u00fcv\u0259qq\u0259ti s\u00fcp\u00fcrg\u0259\u00e7ilik et, \u00f6z pe\u015f\u0259n\u0259 uy\u011fun i\u015f d\u0259 olacaq. M\u0259cburiyy\u0259td\u0259n t\u0259klif etdikl\u0259ri i\u015fl\u0259r\u0259 raz\u0131l\u0131q verib i\u015fl\u0259mi\u015f\u0259m. Bu ilin aprelind\u0259 is\u0259 iki ayl\u0131q dezinfeksiya i\u015fl\u0259rin\u0259 qo\u015fdular. Binalarda dezinfeksiya i\u015fl\u0259ri g\u00f6rd\u00fcm. O iki ay ba\u015fa \u00e7atandan b\u0259ri yen\u0259 i\u015fsiz\u0259m. Halbuki, virus h\u0259l\u0259 d\u0259 t\u00fc\u011fyan edir v\u0259 dezinfeksiya i\u015fl\u0259rin\u0259 ehtiyac var, ancaq biziml\u0259 dezinfeksiya i\u015fl\u0259rini g\u00f6rm\u0259k \u00fc\u00e7\u00fcn m\u00fcqavil\u0259ni uzatmad\u0131lar. \u018flind\u0259 s\u0259n\u0259ti, pe\u015f\u0259si olmayan adamlar var ki, \u015eamax\u0131 Elektrik \u015e\u0259b\u0259k\u0259sind\u0259, Qaz \u0130dar\u0259sind\u0259 normal i\u015fl\u0259 t\u0259min olunublar. Bel\u0259 i\u015fl\u0259r\u0259 yaln\u0131z \u00f6z qohumlar\u0131n\u0131, dostlar\u0131n\u0131 y\u00f6nl\u0259ndirirl\u0259r. \u0130\u015fl\u0259ri \u00f6z \u0259traflar\u0131ndak\u0131 adamlar\u0131n aras\u0131nda payla\u015fd\u0131r\u0131rlar\u201d, &#8211; \u015fikay\u0259t\u00e7i deyir.\n<\/p>\n<p>\n  <b><br \/>\n    \u201cAdlar\u0131na m\u00fcqavil\u0259l\u0259r t\u0259rtib olunur, maa\u015f kartlar\u0131 a\u00e7\u0131l\u0131r\u201d<br \/>\n  <\/b>\n<\/p>\n<p>\n  Dada\u015f Dada\u015fov deyir, \u015eamax\u0131da DOST \u0130\u015f M\u0259rk\u0259zi t\u0259r\u0259find\u0259n az\u0131 500 n\u0259f\u0259rl\u0259 m\u00fcqavil\u0259 ba\u011flan\u0131b, ancaq onlardan he\u00e7 100 n\u0259f\u0259ri real i\u015f\u00e7i deyil:\n<\/p>\n<p>\n  \u201cAra\u015fd\u0131rsalar, g\u00f6r\u0259rl\u0259r ki, i\u015f\u00e7i kimi m\u00fcqavil\u0259 ba\u011flad\u0131qlar\u0131 adamlar\u0131n \u00e7oxu he\u00e7 rayonda yoxdur. Ancaq adlar\u0131na m\u00fcqavil\u0259l\u0259r ba\u011flan\u0131b, maa\u015f kartlar\u0131 a\u00e7\u0131l\u0131b, h\u0259r ay da o kartlara maa\u015f vurulur, o maa\u015f\u0131 da \u00f6zl\u0259ri g\u00f6t\u00fcr\u00fcr. H\u0259qiq\u0259t\u0259n ehtiyac\u0131 olanlara is\u0259 i\u015f verilmir. Prezident \u00e7\u0131x\u0131\u015f\u0131nda deyir ki, d\u00f6vl\u0259t xalq\u0131nd\u0131r, ancaq el\u0259 deyil. Bu d\u00f6vl\u0259t xalq\u0131n olsa, xalq da bu d\u00f6vl\u0259tin \u00e7\u00f6r\u0259yini yey\u0259r. M\u0259murlar kas\u0131b z\u00fcmr\u0259y\u0259 z\u00fclm edirl\u0259r, acl\u0131q, stress insanlar\u0131n \u00f6mr\u00fcn\u00fc yar\u0131da qoyur\u201d.\n<\/p>\n<p>\n  <b><br \/>\n    \u201cX\u0259st\u0259m var, m\u00fcalic\u0259 ala bilmir\u201d<br \/>\n  <\/b>\n<\/p>\n<p>\n  Dada\u015f Dada\u015fovun h\u0259yat yolda\u015f\u0131 x\u0259st\u0259likd\u0259n \u0259ziyy\u0259t \u00e7\u0259kir. Deyir ki, maddi imkans\u0131zl\u0131qdan m\u00fcalic\u0259si il\u0259 m\u0259\u015f\u011ful ola bilmir:\n<\/p>\n<p>\n  \u201cDolan\u0131\u015f\u0131\u011f\u0131m\u0131z olduqca a\u011f\u0131rd\u0131r. Yolda\u015f\u0131m\u0131 he\u00e7 m\u00fcayin\u0259d\u0259n ke\u00e7irm\u0259y\u0259 bel\u0259 maddi imkan\u0131m\u0131z yoxdur, m\u00fcalic\u0259l\u0259rd\u0259ns\u0259 dan\u0131\u015fma\u011fa d\u0259ym\u0259z. Kommunal borclar \u00fcst-\u00fcst\u0259 y\u0131\u011f\u0131l\u0131b, \u00f6d\u0259y\u0259 bilmirik, h\u0259r g\u00fcn i\u015f\u0131q, qaz idar\u0259sinin i\u015f\u00e7il\u0259ri g\u0259l\u0259r\u0259k qaz\u0131, i\u015f\u0131\u011f\u0131 k\u0259s\u0259c\u0259kl\u0259ri il\u0259 h\u0259d\u0259l\u0259yirl\u0259r. Bu da biz\u0259 \u0259lav\u0259 stress ya\u015fad\u0131r\u201d.\n<\/p>\n<p>\n  <b><br \/>\n    M\u0259\u015f\u011fulluq M\u0259rk\u0259zi iddialar\u0131 q\u0259bul etmir<br \/>\n  <\/b>\n<\/p>\n<p>\n  \u015eamax\u0131n\u0131n M\u0259\u015f\u011fulluq M\u0259rk\u0259zind\u0259n bildirilib ki, \u201cDOST \u0130\u015f M\u0259rk\u0259zi\u201d MMC he\u00e7 bir pe\u015f\u0259 haz\u0131rl\u0131\u011f\u0131 v\u0259 ixtisas t\u0259l\u0259b olunmayan i\u015fsizl\u0259ri c\u0259lb edir. Bu i\u015fl\u0259r\u0259 sosial xidm\u0259tl\u0259rin g\u00f6st\u0259rilm\u0259si, t\u0259mir, abadla\u015fd\u0131rma, \u0259razil\u0259rin ekoloji sa\u011flamla\u015fd\u0131r\u0131lmas\u0131, ya\u015f\u0131lla\u015fd\u0131rma i\u015fl\u0259ri, parklara, ictimai yerl\u0259r\u0259 qulluq v\u0259 sair daxildir. M\u0259rk\u0259z Dada\u015f Dada\u015fova da \u00f6d\u0259ni\u015fli ictimai i\u015fl\u0259rd\u0259 \u00e7al\u0131\u015fma\u011f\u0131 t\u0259klif edib, o, bu i\u015fl\u0259rd\u0259 i\u015fl\u0259yib. M\u00fcraci\u0259t ets\u0259, \u00f6d\u0259ni\u015fli ictimai i\u015f yerl\u0259ri yarand\u0131qca, yen\u0259 i\u015fl\u0259 t\u0259min olunar. M\u0259\u015f\u011fulluq M\u0259rk\u0259zi Dada\u015f Dada\u015fovun \u201cad\u0131 i\u015fd\u0259, \u00f6z\u00fc rayondan k\u0259narda\u201d iddias\u0131n\u0131 da q\u0259bul etmir. M\u0259rk\u0259zd\u0259n o da bildirilib ki, pandemiya il\u0259 \u0259laq\u0259dar Prezident \u0130lham \u018fliyevin tap\u015f\u0131r\u0131\u011f\u0131 il\u0259 \u00f6d\u0259ni\u015fli ictimai i\u015f yerl\u0259rinin say\u0131 art\u0131r\u0131l\u0131b. Yeni yarad\u0131lan ictimai i\u015f yerl\u0259ri \u0259sas\u0259n dezinfeksiya i\u015fl\u0259rinin apar\u0131lmas\u0131, t\u0259nha ya\u015fl\u0131lara v\u0259 \u0259lilliyi olan \u015f\u0259xsl\u0259r\u0259 sosial xidm\u0259tl\u0259rin g\u00f6st\u0259rilm\u0259si, el\u0259c\u0259 d\u0259 abadla\u015fd\u0131rma, ya\u015f\u0131lla\u015fd\u0131rma, parklara qulluq v\u0259 sair kimi sah\u0259l\u0259ri \u0259hat\u0259 edir.\n<\/p>\n<p>\n  \u201cDOST\u201d \u0130\u015f M\u0259rk\u0259zi MMC 2 il \u0259vv\u0259l \u018fm\u0259k v\u0259 \u018fhalinin Sosial M\u00fcdafi\u0259si Nazirliyinin tabeliyind\u0259 yarad\u0131l\u0131b. M\u0259rk\u0259z \u0259halinin m\u0259\u015f\u011fullu\u011funun t\u0259min edilm\u0259si m\u0259qs\u0259dil\u0259 haqq\u0131 \u00f6d\u0259nil\u0259n ictimai i\u015fl\u0259r t\u0259\u015fkil etm\u0259lidir. Ancaq indiy\u0259d\u0259k Meydan TV-y\u0259 m\u00fcraci\u0259t ed\u0259n xeyli v\u0259t\u0259nda\u015f h\u0259min m\u0259rk\u0259zin f\u0259aliyy\u0259tind\u0259n naraz\u0131l\u0131\u011f\u0131n\u0131 bildirib. Naraz\u0131l\u0131\u011fa s\u0259b\u0259bs\u0259 t\u0259klif olunan i\u015fl\u0259rin \u0259sas\u0259n k\u00fc\u00e7\u0259 t\u0259mizliyind\u0259n ibar\u0259t olmas\u0131na g\u00f6r\u0259dir.<\/p>\n","protected":false},"excerpt":{"rendered":"<p>&#8220;Prezident \u00e7\u0131x\u0131\u015f\u0131nda deyir ki, d\u00f6vl\u0259t xalq\u0131nd\u0131r, ancaq el\u0259 deyil&#8221;<\/p>\n","protected":false},"author":11,"featured_media":145398,"comment_status":"closed","ping_status":"open","sticky":false,"template":"","format":"standard","meta":{"_acf_changed":false,"_sitemap_exclude":false,"_sitemap_priority":"","_sitemap_frequency":"","footnotes":""},"categories":[60],"tags":[],"class_list":["post-201725","post","type-post","status-publish","format-standard","has-post-thumbnail","hentry","category-bolge","infinite-scroll-item","generate-columns","tablet-grid-50","mobile-grid-100","grid-parent","grid-33","no-featured-image-padding"],"acf":[],"yoast_head":"<!-- This site is optimized with the Yoast SEO plugin v27.5 - https:\/\/yoast.com\/product\/yoast-seo-wordpress\/ -->\n<title>\u015eamax\u0131 sakini: Bizi i\u015fsizlikl\u0259, acl\u0131qla, stresl\u0259 m\u0259hv edirl\u0259r - MEYDAN.TV<\/title>\n<meta name=\"robots\" content=\"index, follow, max-snippet:-1, max-image-preview:large, max-video-preview:-1\" \/>\n<link rel=\"canonical\" href=\"https:\/\/www.meydan.tv\/az\/article\/samaxi-sakini-bizi-issizlikle-acliqla-stresle-mehv-edirler\/\" \/>\n<meta property=\"og:locale\" content=\"az_AZ\" \/>\n<meta property=\"og:type\" content=\"article\" \/>\n<meta property=\"og:title\" content=\"\u015eamax\u0131 sakini: Bizi i\u015fsizlikl\u0259, acl\u0131qla, stresl\u0259 m\u0259hv edirl\u0259r - MEYDAN.TV\" \/>\n<meta property=\"og:description\" content=\"&quot;Prezident \u00e7\u0131x\u0131\u015f\u0131nda deyir ki, d\u00f6vl\u0259t xalq\u0131nd\u0131r, ancaq el\u0259 deyil&quot;\" \/>\n<meta property=\"og:url\" content=\"https:\/\/www.meydan.tv\/az\/article\/samaxi-sakini-bizi-issizlikle-acliqla-stresle-mehv-edirler\/\" \/>\n<meta property=\"og:site_name\" content=\"MEYDAN.TV\" \/>\n<meta property=\"article:published_time\" content=\"2020-07-30T14:47:34+00:00\" \/>\n<meta property=\"og:image\" content=\"https:\/\/www.meydan.tv\/wp-content\/uploads\/untitled9_qzk7p62.png\" \/>\n\t<meta property=\"og:image:width\" content=\"1000\" \/>\n\t<meta property=\"og:image:height\" content=\"555\" \/>\n\t<meta property=\"og:image:type\" content=\"image\/png\" \/>\n<meta name=\"author\" content=\"user-manager\" \/>\n<meta name=\"twitter:card\" content=\"summary_large_image\" \/>\n<script type=\"application\/ld+json\" class=\"yoast-schema-graph\">{\"@context\":\"https:\\\/\\\/schema.org\",\"@graph\":[{\"@type\":\"Article\",\"@id\":\"https:\\\/\\\/www.meydan.tv\\\/az\\\/article\\\/samaxi-sakini-bizi-issizlikle-acliqla-stresle-mehv-edirler\\\/#article\",\"isPartOf\":{\"@id\":\"https:\\\/\\\/www.meydan.tv\\\/az\\\/article\\\/samaxi-sakini-bizi-issizlikle-acliqla-stresle-mehv-edirler\\\/\"},\"author\":{\"name\":\"user-manager\",\"@id\":\"https:\\\/\\\/www.meydan.tv\\\/az\\\/#\\\/schema\\\/person\\\/10d11eccf6da3662cf5fdab9806ea91a\"},\"headline\":\"\u015eamax\u0131 sakini: Bizi i\u015fsizlikl\u0259, acl\u0131qla, stresl\u0259 m\u0259hv edirl\u0259r\",\"datePublished\":\"2020-07-30T14:47:34+00:00\",\"mainEntityOfPage\":{\"@id\":\"https:\\\/\\\/www.meydan.tv\\\/az\\\/article\\\/samaxi-sakini-bizi-issizlikle-acliqla-stresle-mehv-edirler\\\/\"},\"wordCount\":1041,\"publisher\":{\"@id\":\"https:\\\/\\\/www.meydan.tv\\\/az\\\/#organization\"},\"image\":{\"@id\":\"https:\\\/\\\/www.meydan.tv\\\/az\\\/article\\\/samaxi-sakini-bizi-issizlikle-acliqla-stresle-mehv-edirler\\\/#primaryimage\"},\"thumbnailUrl\":\"https:\\\/\\\/www.meydan.tv\\\/wp-content\\\/uploads\\\/untitled9_qzk7p62.png\",\"articleSection\":[\"B\u00f6lg\u0259\"],\"inLanguage\":\"az\"},{\"@type\":\"WebPage\",\"@id\":\"https:\\\/\\\/www.meydan.tv\\\/az\\\/article\\\/samaxi-sakini-bizi-issizlikle-acliqla-stresle-mehv-edirler\\\/\",\"url\":\"https:\\\/\\\/www.meydan.tv\\\/az\\\/article\\\/samaxi-sakini-bizi-issizlikle-acliqla-stresle-mehv-edirler\\\/\",\"name\":\"\u015eamax\u0131 sakini: Bizi i\u015fsizlikl\u0259, acl\u0131qla, stresl\u0259 m\u0259hv edirl\u0259r - MEYDAN.TV\",\"isPartOf\":{\"@id\":\"https:\\\/\\\/www.meydan.tv\\\/az\\\/#website\"},\"primaryImageOfPage\":{\"@id\":\"https:\\\/\\\/www.meydan.tv\\\/az\\\/article\\\/samaxi-sakini-bizi-issizlikle-acliqla-stresle-mehv-edirler\\\/#primaryimage\"},\"image\":{\"@id\":\"https:\\\/\\\/www.meydan.tv\\\/az\\\/article\\\/samaxi-sakini-bizi-issizlikle-acliqla-stresle-mehv-edirler\\\/#primaryimage\"},\"thumbnailUrl\":\"https:\\\/\\\/www.meydan.tv\\\/wp-content\\\/uploads\\\/untitled9_qzk7p62.png\",\"datePublished\":\"2020-07-30T14:47:34+00:00\",\"breadcrumb\":{\"@id\":\"https:\\\/\\\/www.meydan.tv\\\/az\\\/article\\\/samaxi-sakini-bizi-issizlikle-acliqla-stresle-mehv-edirler\\\/#breadcrumb\"},\"inLanguage\":\"az\",\"potentialAction\":[{\"@type\":\"ReadAction\",\"target\":[\"https:\\\/\\\/www.meydan.tv\\\/az\\\/article\\\/samaxi-sakini-bizi-issizlikle-acliqla-stresle-mehv-edirler\\\/\"]}]},{\"@type\":\"ImageObject\",\"inLanguage\":\"az\",\"@id\":\"https:\\\/\\\/www.meydan.tv\\\/az\\\/article\\\/samaxi-sakini-bizi-issizlikle-acliqla-stresle-mehv-edirler\\\/#primaryimage\",\"url\":\"https:\\\/\\\/www.meydan.tv\\\/wp-content\\\/uploads\\\/untitled9_qzk7p62.png\",\"contentUrl\":\"https:\\\/\\\/www.meydan.tv\\\/wp-content\\\/uploads\\\/untitled9_qzk7p62.png\",\"width\":1000,\"height\":555,\"caption\":\"Source: Meydan.TV\"},{\"@type\":\"BreadcrumbList\",\"@id\":\"https:\\\/\\\/www.meydan.tv\\\/az\\\/article\\\/samaxi-sakini-bizi-issizlikle-acliqla-stresle-mehv-edirler\\\/#breadcrumb\",\"itemListElement\":[{\"@type\":\"ListItem\",\"position\":1,\"name\":\"Ana s\u0259hif\u0259\",\"item\":\"https:\\\/\\\/www.meydan.tv\\\/az\\\/\"},{\"@type\":\"ListItem\",\"position\":2,\"name\":\"B\u00f6lg\u0259\",\"item\":\"https:\\\/\\\/www.meydan.tv\\\/az\\\/section\\\/bolge\\\/\"},{\"@type\":\"ListItem\",\"position\":3,\"name\":\"\u015eamax\u0131 sakini: Bizi i\u015fsizlikl\u0259, acl\u0131qla, stresl\u0259 m\u0259hv edirl\u0259r\"}]},{\"@type\":\"WebSite\",\"@id\":\"https:\\\/\\\/www.meydan.tv\\\/az\\\/#website\",\"url\":\"https:\\\/\\\/www.meydan.tv\\\/az\\\/\",\"name\":\"MEYDAN.TV\",\"description\":\"Meydan TV Az\u0259rbaycan\u0131n media m\u0259kan\u0131ndak\u0131 alternativ s\u0259sidir\",\"publisher\":{\"@id\":\"https:\\\/\\\/www.meydan.tv\\\/az\\\/#organization\"},\"potentialAction\":[{\"@type\":\"SearchAction\",\"target\":{\"@type\":\"EntryPoint\",\"urlTemplate\":\"https:\\\/\\\/www.meydan.tv\\\/az\\\/?s={search_term_string}\"},\"query-input\":{\"@type\":\"PropertyValueSpecification\",\"valueRequired\":true,\"valueName\":\"search_term_string\"}}],\"inLanguage\":\"az\"},{\"@type\":\"Organization\",\"@id\":\"https:\\\/\\\/www.meydan.tv\\\/az\\\/#organization\",\"name\":\"Meydan TV\",\"url\":\"https:\\\/\\\/www.meydan.tv\\\/az\\\/\",\"logo\":{\"@type\":\"ImageObject\",\"inLanguage\":\"az\",\"@id\":\"https:\\\/\\\/www.meydan.tv\\\/az\\\/#\\\/schema\\\/logo\\\/image\\\/\",\"url\":\"https:\\\/\\\/www.meydan.tv\\\/wp-content\\\/uploads\\\/2021\\\/07\\\/meydan-logo.svg\",\"contentUrl\":\"https:\\\/\\\/www.meydan.tv\\\/wp-content\\\/uploads\\\/2021\\\/07\\\/meydan-logo.svg\",\"width\":195,\"height\":46,\"caption\":\"Meydan TV\"},\"image\":{\"@id\":\"https:\\\/\\\/www.meydan.tv\\\/az\\\/#\\\/schema\\\/logo\\\/image\\\/\"}},{\"@type\":\"Person\",\"@id\":\"https:\\\/\\\/www.meydan.tv\\\/az\\\/#\\\/schema\\\/person\\\/10d11eccf6da3662cf5fdab9806ea91a\",\"name\":\"user-manager\"}]}<\/script>\n<!-- \/ Yoast SEO plugin. -->","yoast_head_json":{"title":"\u015eamax\u0131 sakini: Bizi i\u015fsizlikl\u0259, acl\u0131qla, stresl\u0259 m\u0259hv edirl\u0259r - MEYDAN.TV","robots":{"index":"index","follow":"follow","max-snippet":"max-snippet:-1","max-image-preview":"max-image-preview:large","max-video-preview":"max-video-preview:-1"},"canonical":"https:\/\/www.meydan.tv\/az\/article\/samaxi-sakini-bizi-issizlikle-acliqla-stresle-mehv-edirler\/","og_locale":"az_AZ","og_type":"article","og_title":"\u015eamax\u0131 sakini: Bizi i\u015fsizlikl\u0259, acl\u0131qla, stresl\u0259 m\u0259hv edirl\u0259r - MEYDAN.TV","og_description":"\"Prezident \u00e7\u0131x\u0131\u015f\u0131nda deyir ki, d\u00f6vl\u0259t xalq\u0131nd\u0131r, ancaq el\u0259 deyil\"","og_url":"https:\/\/www.meydan.tv\/az\/article\/samaxi-sakini-bizi-issizlikle-acliqla-stresle-mehv-edirler\/","og_site_name":"MEYDAN.TV","article_published_time":"2020-07-30T14:47:34+00:00","og_image":[{"width":1000,"height":555,"url":"https:\/\/www.meydan.tv\/wp-content\/uploads\/untitled9_qzk7p62.png","type":"image\/png"}],"author":"user-manager","twitter_card":"summary_large_image","schema":{"@context":"https:\/\/schema.org","@graph":[{"@type":"Article","@id":"https:\/\/www.meydan.tv\/az\/article\/samaxi-sakini-bizi-issizlikle-acliqla-stresle-mehv-edirler\/#article","isPartOf":{"@id":"https:\/\/www.meydan.tv\/az\/article\/samaxi-sakini-bizi-issizlikle-acliqla-stresle-mehv-edirler\/"},"author":{"name":"user-manager","@id":"https:\/\/www.meydan.tv\/az\/#\/schema\/person\/10d11eccf6da3662cf5fdab9806ea91a"},"headline":"\u015eamax\u0131 sakini: Bizi i\u015fsizlikl\u0259, acl\u0131qla, stresl\u0259 m\u0259hv edirl\u0259r","datePublished":"2020-07-30T14:47:34+00:00","mainEntityOfPage":{"@id":"https:\/\/www.meydan.tv\/az\/article\/samaxi-sakini-bizi-issizlikle-acliqla-stresle-mehv-edirler\/"},"wordCount":1041,"publisher":{"@id":"https:\/\/www.meydan.tv\/az\/#organization"},"image":{"@id":"https:\/\/www.meydan.tv\/az\/article\/samaxi-sakini-bizi-issizlikle-acliqla-stresle-mehv-edirler\/#primaryimage"},"thumbnailUrl":"https:\/\/www.meydan.tv\/wp-content\/uploads\/untitled9_qzk7p62.png","articleSection":["B\u00f6lg\u0259"],"inLanguage":"az"},{"@type":"WebPage","@id":"https:\/\/www.meydan.tv\/az\/article\/samaxi-sakini-bizi-issizlikle-acliqla-stresle-mehv-edirler\/","url":"https:\/\/www.meydan.tv\/az\/article\/samaxi-sakini-bizi-issizlikle-acliqla-stresle-mehv-edirler\/","name":"\u015eamax\u0131 sakini: Bizi i\u015fsizlikl\u0259, acl\u0131qla, stresl\u0259 m\u0259hv edirl\u0259r - MEYDAN.TV","isPartOf":{"@id":"https:\/\/www.meydan.tv\/az\/#website"},"primaryImageOfPage":{"@id":"https:\/\/www.meydan.tv\/az\/article\/samaxi-sakini-bizi-issizlikle-acliqla-stresle-mehv-edirler\/#primaryimage"},"image":{"@id":"https:\/\/www.meydan.tv\/az\/article\/samaxi-sakini-bizi-issizlikle-acliqla-stresle-mehv-edirler\/#primaryimage"},"thumbnailUrl":"https:\/\/www.meydan.tv\/wp-content\/uploads\/untitled9_qzk7p62.png","datePublished":"2020-07-30T14:47:34+00:00","breadcrumb":{"@id":"https:\/\/www.meydan.tv\/az\/article\/samaxi-sakini-bizi-issizlikle-acliqla-stresle-mehv-edirler\/#breadcrumb"},"inLanguage":"az","potentialAction":[{"@type":"ReadAction","target":["https:\/\/www.meydan.tv\/az\/article\/samaxi-sakini-bizi-issizlikle-acliqla-stresle-mehv-edirler\/"]}]},{"@type":"ImageObject","inLanguage":"az","@id":"https:\/\/www.meydan.tv\/az\/article\/samaxi-sakini-bizi-issizlikle-acliqla-stresle-mehv-edirler\/#primaryimage","url":"https:\/\/www.meydan.tv\/wp-content\/uploads\/untitled9_qzk7p62.png","contentUrl":"https:\/\/www.meydan.tv\/wp-content\/uploads\/untitled9_qzk7p62.png","width":1000,"height":555,"caption":"Source: Meydan.TV"},{"@type":"BreadcrumbList","@id":"https:\/\/www.meydan.tv\/az\/article\/samaxi-sakini-bizi-issizlikle-acliqla-stresle-mehv-edirler\/#breadcrumb","itemListElement":[{"@type":"ListItem","position":1,"name":"Ana s\u0259hif\u0259","item":"https:\/\/www.meydan.tv\/az\/"},{"@type":"ListItem","position":2,"name":"B\u00f6lg\u0259","item":"https:\/\/www.meydan.tv\/az\/section\/bolge\/"},{"@type":"ListItem","position":3,"name":"\u015eamax\u0131 sakini: Bizi i\u015fsizlikl\u0259, acl\u0131qla, stresl\u0259 m\u0259hv edirl\u0259r"}]},{"@type":"WebSite","@id":"https:\/\/www.meydan.tv\/az\/#website","url":"https:\/\/www.meydan.tv\/az\/","name":"MEYDAN.TV","description":"Meydan TV Az\u0259rbaycan\u0131n media m\u0259kan\u0131ndak\u0131 alternativ s\u0259sidir","publisher":{"@id":"https:\/\/www.meydan.tv\/az\/#organization"},"potentialAction":[{"@type":"SearchAction","target":{"@type":"EntryPoint","urlTemplate":"https:\/\/www.meydan.tv\/az\/?s={search_term_string}"},"query-input":{"@type":"PropertyValueSpecification","valueRequired":true,"valueName":"search_term_string"}}],"inLanguage":"az"},{"@type":"Organization","@id":"https:\/\/www.meydan.tv\/az\/#organization","name":"Meydan TV","url":"https:\/\/www.meydan.tv\/az\/","logo":{"@type":"ImageObject","inLanguage":"az","@id":"https:\/\/www.meydan.tv\/az\/#\/schema\/logo\/image\/","url":"https:\/\/www.meydan.tv\/wp-content\/uploads\/2021\/07\/meydan-logo.svg","contentUrl":"https:\/\/www.meydan.tv\/wp-content\/uploads\/2021\/07\/meydan-logo.svg","width":195,"height":46,"caption":"Meydan TV"},"image":{"@id":"https:\/\/www.meydan.tv\/az\/#\/schema\/logo\/image\/"}},{"@type":"Person","@id":"https:\/\/www.meydan.tv\/az\/#\/schema\/person\/10d11eccf6da3662cf5fdab9806ea91a","name":"user-manager"}]}},"_links":{"self":[{"href":"https:\/\/www.meydan.tv\/az\/wp-json\/wp\/v2\/posts\/201725","targetHints":{"allow":["GET"]}}],"collection":[{"href":"https:\/\/www.meydan.tv\/az\/wp-json\/wp\/v2\/posts"}],"about":[{"href":"https:\/\/www.meydan.tv\/az\/wp-json\/wp\/v2\/types\/post"}],"author":[{"embeddable":true,"href":"https:\/\/www.meydan.tv\/az\/wp-json\/wp\/v2\/users\/11"}],"replies":[{"embeddable":true,"href":"https:\/\/www.meydan.tv\/az\/wp-json\/wp\/v2\/comments?post=201725"}],"version-history":[{"count":0,"href":"https:\/\/www.meydan.tv\/az\/wp-json\/wp\/v2\/posts\/201725\/revisions"}],"wp:featuredmedia":[{"embeddable":true,"href":"https:\/\/www.meydan.tv\/az\/wp-json\/wp\/v2\/media\/145398"}],"wp:attachment":[{"href":"https:\/\/www.meydan.tv\/az\/wp-json\/wp\/v2\/media?parent=201725"}],"wp:term":[{"taxonomy":"category","embeddable":true,"href":"https:\/\/www.meydan.tv\/az\/wp-json\/wp\/v2\/categories?post=201725"},{"taxonomy":"post_tag","embeddable":true,"href":"https:\/\/www.meydan.tv\/az\/wp-json\/wp\/v2\/tags?post=201725"}],"curies":[{"name":"wp","href":"https:\/\/api.w.org\/{rel}","templated":true}]}}