{"id":201711,"date":"2020-07-29T17:12:43","date_gmt":"2020-07-29T17:12:43","guid":{"rendered":"https:\/\/www.meydan.tv\/article\/imisli-sakini-vilyam-haciyev-vezife-vereceyini-ved-edib-50-min-manatimi-aldi\/"},"modified":"2020-07-29T17:12:43","modified_gmt":"2020-07-29T17:12:43","slug":"imisli-sakini-vilyam-haciyev-vezife-vereceyini-ved-edib-50-min-manatimi-aldi","status":"publish","type":"post","link":"https:\/\/www.meydan.tv\/az\/article\/imisli-sakini-vilyam-haciyev-vezife-vereceyini-ved-edib-50-min-manatimi-aldi\/","title":{"rendered":"\u0130mi\u015fli sakini: Vilyam Hac\u0131yev v\u0259zif\u0259 ver\u0259c\u0259yini v\u0259d edib, 50 min manat\u0131m\u0131 ald\u0131"},"content":{"rendered":"<p>\n  <i><br \/>\n    \u201cPrezident \u0130lham \u018fliyevd\u0259n, Birinci vitse-prezident Mehriban \u018fliyevadan, Daxili i\u015fl\u0259r naziri Vilay\u0259t Eyvazovdan xahi\u015f edir\u0259m&#8230;\u201d<br \/>\n  <\/i>\n<\/p>\n<p>\n  \u201c\u0130ll\u0259rdir Vilyam Hac\u0131yevl\u0259 ba\u011fl\u0131 \u015fikay\u0259t etm\u0259diyim qurum qalmam\u0131\u015fd\u0131. Bu adam\u0131n r\u00fc\u015fv\u0259txor oldu\u011funu d\u0259f\u0259l\u0259rl\u0259 demi\u015fdim. H\u0259tta onun say\u0259sind\u0259 \u015f\u0259rl\u0259nib, ill\u0259rl\u0259 h\u0259bs d\u0259 yatm\u0131\u015fam. Ax\u0131rda onun qanunsuz \u0259m\u0259ll\u0259ri \u00fcz\u0259 \u00e7\u0131xd\u0131. Dem\u0259li, m\u0259ni m\u0259hk\u0259m\u0259y\u0259 verdiyi kimi bar\u0259sind\u0259 dedikl\u0259rim he\u00e7 d\u0259 \u015f\u0259r-b\u00f6htan deyildi. M\u0259n onun \u015f\u0259r\u0259f v\u0259 l\u0259yaq\u0259tini al\u00e7altmam\u0131\u015fd\u0131m. Ancaq n\u0259 olsun? Aldadaraq m\u0259nd\u0259n ald\u0131\u011f\u0131 pullar\u0131m\u0131 h\u0259l\u0259 d\u0259 geri ala bilmir\u0259m\u201d.\n<\/p>\n<p>\n  \u0130mi\u015flinin A\u011fc\u00fcy\u00fcr k\u0259ndinin sakini M\u00fcr\u015f\u00fcd Mirz\u0259yev bel\u0259 deyir. Bildirir ki, ill\u0259r \u00f6nc\u0259 Vilyam Hac\u0131yev ona v\u0259zif\u0259 ver\u0259c\u0259yi ad\u0131 il\u0259 51 min 500 manat\u0131n\u0131 al\u0131b. N\u0259 v\u0259zif\u0259 verib, n\u0259 d\u0259 bu g\u00fcn\u0259d\u0259k pulunu qatar\u0131b:\n<\/p>\n<p>\n  \u201cYazmad\u0131\u011f\u0131m, m\u00fcraci\u0259t etm\u0259diyim yer qalmay\u0131b. \u015eikay\u0259tl\u0259rim\u0259 g\u00f6r\u0259 d\u0259 ax\u0131rda m\u0259ni yalan\u00e7\u0131 \u00e7\u0131xar\u0131b, \u015f\u0259r\u0259f v\u0259 l\u0259yaq\u0259tini al\u00e7altmaqda ittiham ed\u0259r\u0259k m\u0259hk\u0259m\u0259y\u0259 vermi\u015fdi. Ax\u0131rda onun nec\u0259 bir insan oldu\u011fu, m\u0259nim yalan dan\u0131\u015fmad\u0131\u011f\u0131m ortaya \u00e7\u0131xd\u0131. Bilirsiniz, o el\u0259 bir adam idi ki, insanlar\u0131 s\u00f6zl\u0259ri il\u0259 t\u0259sir alt\u0131na salma\u011f\u0131 bacar\u0131rd\u0131. M\u0259ni d\u0259 inand\u0131rd\u0131 ki, indi he\u00e7 bir v\u0259zif\u0259, i\u015f pulsuz olmur. Bunu ham\u0131 verir, ham\u0131 da bilir. M\u0259n d\u0259 \u0259limd\u0259 olan m\u00fclkl\u0259rimi satd\u0131m, bankdan ail\u0259 \u00fczvl\u0259rimin ad\u0131na kredit g\u00f6t\u00fcrd\u00fcm v\u0259 dost-tan\u0131\u015fdan borc al\u0131b ona verdim. Ax\u0131rda da dedi ki, s\u0259ni tan\u0131m\u0131ram. Yazd\u0131\u011f\u0131m \u015fikay\u0259t m\u0259ktublar\u0131, m\u00fcraci\u0259tl\u0259rimin d\u0259 xeyri olmad\u0131. G\u00f6rd\u00fc \u00e7ox yaz\u0131ram, m\u00fcraci\u0259t edir\u0259m, rayondan 1-2 n\u0259f\u0259ri \u00f6yr\u0259tdi, \u00fcz\u00fcm\u0259 durdular, m\u0259ni d\u0259l\u0259duzluq madd\u0259si il\u0259 atd\u0131lar i\u00e7\u0259ri. N\u0259 az, n\u0259 \u00e7ox, d\u00fcz 4 il i\u00e7\u0259rid\u0259 yatd\u0131m. \u00c7\u0131xandan sonra da haqq\u0131m\u0131 t\u0259l\u0259b etdim, yen\u0259 dinl\u0259y\u0259n olmad\u0131. Yen\u0259 deyir\u0259m, m\u0259n varl\u0131 biri deyil\u0259m. O 51 min 500 manat\u0131n borc hiss\u0259sini \u00e7ox b\u00f6y\u00fck z\u00fclml\u0259r v\u0259 m\u0259hrumiyy\u0259tl\u0259rl\u0259 qaytarm\u0131\u015fam. M\u0259nim pulumu versinl\u0259r. Fakt ona qar\u015f\u0131 cinay\u0259t i\u015fi a\u00e7\u0131blar, bunu da ora \u0259lav\u0259 etsinl\u0259r\u201d.\n<\/p>\n<p>\n  M\u00fcr\u015f\u00fcd Mirz\u0259yev Prezident \u0130lham \u018fliyev\u0259, Birinci vitse-prezident Mehriban \u018fliyevaya, Daxili i\u015fl\u0259r naziri Vilay\u0259t Eyvazova d\u0259f\u0259l\u0259rl\u0259 m\u0259ktubla m\u00fcraci\u0259t edib. \u0130ndi ictimai m\u00fcraci\u0259t ed\u0259r\u0259k, pulunu geri almaqda k\u00f6m\u0259k ist\u0259yir:\n<\/p>\n<p>\n  \u201c\u0130ndi m\u0259nim dedikl\u0259rim bir daha t\u0259sdiql\u0259ndi. Bu insan\u0131n r\u00fc\u015fv\u0259txor biri oldu\u011fu, insanlar\u0131n sosial yard\u0131m pullar\u0131na bel\u0259 g\u00f6z dikdiyi ayd\u0131nla\u015fd\u0131. \u0130ll\u0259rdir h\u0259r yer\u0259 yazm\u0131\u015fam. M\u0259ktublar\u0131n s\u00fcr\u0259ti m\u0259nd\u0259 var. M\u0259n yalan demir\u0259m, ara\u015fd\u0131r\u0131ls\u0131n. Bu insan m\u0259ni aldadaraq pulumu al\u0131b, indi onu geri verm\u0259sini t\u0259l\u0259b edir\u0259m. M\u0259n\u0259 el\u0259 g\u0259lir ki, bu, onun \u00fc\u00e7\u00fcn el\u0259 d\u0259 \u00e7\u0259tin olmaz\u201d.\n<\/p>\n<p>\n  M\u00fcr\u015f\u00fcd Mirz\u0259yev Vilyam Hac\u0131yevl\u0259 tan\u0131\u015fl\u0131\u011f\u0131n\u0131 da xat\u0131rlay\u0131r. Deyir, Vilyam Hac\u0131yev 2012-ci ilin mart\u0131nda \u0130mi\u015fliy\u0259 icra ba\u015f\u00e7\u0131s\u0131 t\u0259yin edilmi\u015fdi:\n<\/p>\n<p>\n  \u201cM\u0259n o vaxt Bak\u0131da idim. Maddi v\u0259ziyy\u0259timin yax\u015f\u0131 olan vaxt\u0131 idi. G\u0259nc\u0259d\u0259n bir dostum m\u0259n\u0259 z\u0259ng etdi. Dedi ki, \u0130mi\u015fliy\u0259 bir dostumuzu ba\u015f\u00e7\u0131 qoydular, s\u0259n\u0259 z\u0259ng ed\u0259c\u0259k, n\u0259 k\u00f6m\u0259k laz\u0131md\u0131r et. El\u0259 \u00fcst\u00fcnd\u0259n 4-5 d\u0259qiq\u0259 ke\u00e7\u0259nd\u0259n sonra Vilyam Hac\u0131yev m\u0259n\u0259 z\u0259ng etdi. Ona q\u0259d\u0259r bir-iki d\u0259f\u0259 m\u0259clisl\u0259rd\u0259 g\u00f6rm\u00fc\u015fd\u00fcm, amma \u015f\u0259xsi tan\u0131\u015fl\u0131\u011f\u0131m yox idi. M\u0259n\u0259 dedi ki, b\u0259s g\u0259l\u0259nd\u0259 g\u00f6r\u00fc\u015f\u0259k, dan\u0131\u015faq. El\u0259 h\u0259min g\u00fcn g\u0259ldim ev\u0259, haz\u0131rla\u015fd\u0131m getdim icra hakimiyy\u0259tin\u0259. Getdim ki, onu icra hakimiyy\u0259ti \u0259m\u0259kda\u015flar\u0131na t\u0259qdim edirl\u0259r. H\u0259min vaxt birinci m\u00fcavinin ota\u011f\u0131nda oturmu\u015fdu. Ke\u00e7mi\u015f ba\u015f\u00e7\u0131n\u0131n ota\u011f\u0131nda is\u0259 t\u0259mir i\u015fl\u0259ri gedirdi. G\u00f6r\u00fc\u015fd\u00fcm. M\u0259n\u0259 dedi ki, m\u0259niml\u0259 i\u015fl\u0259m\u0259yini ist\u0259yir\u0259m. Raz\u0131la\u015fd\u0131m. 3 g\u00fcn sonra \u00e7a\u011f\u0131rd\u0131 ki, g\u0259l icra hakimiyy\u0259tind\u0259 h\u00fcquq\u015f\u00fcnas i\u015fl\u0259. \u0130xtisas\u0131m\u0131n biri d\u0259 h\u00fcquqdur m\u0259nim. Yax\u015f\u0131, dedim. Ba\u015flad\u0131m onunla i\u015fl\u0259m\u0259y\u0259. T\u0259xmin\u0259n bir il i\u015fl\u0259dim. \u0130\u015fl\u0259y\u0259nd\u0259n 7 ay sonra m\u0259n\u0259 dedi ki, s\u0259n\u0259 v\u0259zif\u0259 ver\u0259c\u0259y\u0259m. Soru\u015fdum ki, n\u0259 v\u0259zif\u0259si? Qeyd etdim ki, ixtisas\u0131ma uy\u011fun olmayan i\u015fi g\u00f6r\u0259 bilm\u0259r\u0259m. O da m\u0259n\u0259 dedi ki, g\u0259l s\u0259ni Qa\u00e7q\u0131n v\u0259 M\u0259cburi K\u00f6\u00e7k\u00fcnl\u0259rin \u0130\u015fl\u0259ri \u00fczr\u0259 D\u00f6vl\u0259t Komit\u0259sinin \u0130mi\u015fli \u00fczr\u0259 s\u0259dri t\u0259yin edim, yaxud sosial m\u00fcdafi\u0259 sah\u0259sind\u0259 i\u015fl\u0259. \u0130xtisas\u0131ma uy\u011fun olmad\u0131\u011f\u0131 \u00fc\u00e7\u00fcn raz\u0131la\u015fmad\u0131m. \u00dcst\u00fcnd\u0259n 3 g\u00fcn ke\u00e7\u0259nd\u0259n sonra z\u0259ng etdi ki, b\u0259s bir d\u0259f\u0259 m\u0259d\u0259niyy\u0259t ad\u0131 \u00e7\u0259kmi\u015fdin m\u0259nim yan\u0131mda. \u0130st\u0259yirs\u0259ns\u0259 s\u0259ni M\u0259d\u0259niyy\u0259t Evin\u0259 m\u00fcdir qoyum. Dedim, h\u0259, nolar ki. H\u0259qiq\u0259t\u0259n d\u0259 h\u0259min g\u00fcn M\u0259d\u0259niyy\u0259t Evinin m\u00fcdirini \u00e7\u0131xard\u0131. Hasil Ta\u011f\u0131yev adl\u0131 bir n\u0259f\u0259r idi\u201d.\n<\/p>\n<p>\n  M\u00fcr\u015f\u00fcd Mirz\u0259yev deyir ki, h\u0259r \u015fey d\u0259 el\u0259 bundan sonra ba\u015flay\u0131b. V\u0259zif\u0259 qar\u015f\u0131l\u0131\u011f\u0131nda ondan m\u00fc\u0259yy\u0259n q\u0259d\u0259r pul ist\u0259nilib:\n<\/p>\n<p>\n  \u201cVallah, m\u0259nim bel\u0259 \u015feyl\u0259rd\u0259n ba\u015f\u0131m \u00e7\u0131xm\u0131r. Dedi, h\u0259r yerd\u0259 bel\u0259dir. Pulsuz i\u015f, v\u0259zif\u0259 olmur. H\u0259l\u0259 m\u0259nd\u0259n guya \u0259n a\u015fa\u011f\u0131s\u0131n\u0131 ist\u0259mi\u015fdi. Dedi: \u201cGet, pul g\u0259tir\u201d. Soru\u015fdum n\u0259 q\u0259d\u0259r? 50 min ist\u0259di. H\u0259min vaxt m\u0259n d\u0259 u\u015faqlar\u0131ma, \u00f6z\u00fcm\u0259 ma\u015f\u0131n alm\u0131\u015fd\u0131m yeni. Ham\u0131s\u0131n\u0131 satd\u0131m. Bankdan \u00f6z\u00fcm\u00fcn, yolda\u015f\u0131m\u0131n anas\u0131n\u0131n, dostlar\u0131m\u0131n ad\u0131na kredit g\u00f6t\u00fcrd\u00fcm. \u018fvv\u0259lc\u0259 30, sonra 8, sonra 10, bel\u0259c\u0259 q\u0131r\u0131q-q\u0131r\u0131q 51 min 500 manat pul verdim ona. H\u0259l\u0259 bir az da art\u0131q verdim. B\u00fct\u00fcn bu pullar\u0131 10 g\u00fcn m\u00fcdd\u0259tin\u0259 verdim. 3 ay m\u0259d\u0259niyy\u0259tin m\u00fcdiri v\u0259zif\u0259sinin yeri bo\u015f qald\u0131. M\u0259n d\u0259 narahatam, \u00e7\u00fcnki o pullar\u0131n b\u00f6y\u00fck \u0259ks\u0259riyy\u0259tini borc alm\u0131\u015fam. Bir g\u00fcn e\u015fitdim ki, S\u00fcleyman Ta\u011f\u0131yev adl\u0131 bir n\u0259f\u0259ri m\u0259d\u0259niyy\u0259t\u0259 m\u00fcdir qoyublar. Getdim Vilyam m\u00fc\u0259llimin yan\u0131na. Dedim ki, b\u0259s n\u0259 olub, olub, can\u0131n sa\u011f olsun, m\u0259nim pullar\u0131m\u0131 qaytar, borclar\u0131m\u0131 verim. Dedi, yox, s\u0259n\u0259 v\u0259zif\u0259 ver\u0259c\u0259y\u0259m. 1-2 h\u0259ft\u0259 d\u0259 bel\u0259 g\u00f6zl\u0259dim. Sonra ba\u015flad\u0131m Respublika Prokurorlu\u011funa, Prezident Administrasiyas\u0131na v\u0259 dig\u0259r aidiyyat\u0131 qurumlara m\u0259ktubla m\u00fcraci\u0259t etm\u0259y\u0259. Bel\u0259, y\u0259ni b\u00fct\u00fcn ba\u015f\u0131ma g\u0259l\u0259nl\u0259r budur\u201d.\n<\/p>\n<p>\n  M\u00fcr\u015f\u00fcd Mirz\u0259yev deyir ki, bundan sonra h\u0259bs edilib. O vaxt kims\u0259 onun dedikl\u0259rin\u0259 inanmay\u0131b. \u0130ndi is\u0259 Vilyam Hac\u0131yevd\u0259 onun dedikl\u0259rini ed\u0259c\u0259k potensial\u0131n oldu\u011funa he\u00e7 kimd\u0259 \u015f\u00fcbh\u0259 qalmaz. H\u0259r \u015feyi s\u00fcbut da ed\u0259 bil\u0259r:\n<\/p>\n<p>\n  \u201cPrezident \u0130lham \u018fliyevd\u0259n, Birinci vitse-prezident Mehriban \u018fliyevadan, Daxili i\u015fl\u0259r naziri Vilay\u0259t Eyvazovdan xahi\u015f edir\u0259m, m\u0259nim \u015fikay\u0259timin ara\u015fd\u0131r\u0131lmas\u0131na g\u00f6st\u0259ri\u015f versinl\u0259r. Pulumun geri qaytar\u0131lmas\u0131na k\u00f6m\u0259k etsinl\u0259r\u201d.\n<\/p>\n<p>\n  Meydan TV deyil\u0259nl\u0259rl\u0259 ba\u011fl\u0131 Vilyam Hac\u0131yevin yax\u0131nlar\u0131ndan v\u0259 ya v\u0259kill\u0259rind\u0259n m\u00fcnasib\u0259t \u00f6yr\u0259n\u0259 bilm\u0259yib.\n<\/p>\n<figure class=\"wp-block-image size-large\">\n  <img decoding=\"async\" src=\"https:\/\/www.meydan.tv\/az\/image-from-ios-144-jpg\/\" alt=\"Image from iOS (144).jpg\" class=\"wp-image-145362\"\/><figcaption>\n    S\u0259n\u0259d<br \/>\n  <\/figcaption><\/figure>\n<figure class=\"wp-block-image size-large\">\n  <img decoding=\"async\" src=\"https:\/\/www.meydan.tv\/az\/image-from-ios-145-jpg\/\" alt=\"Image from iOS (145).jpg\" class=\"wp-image-145365\"\/><figcaption>\n    S\u0259n\u0259d<br \/>\n  <\/figcaption><\/figure>\n<figure class=\"wp-block-image size-large\">\n  <img decoding=\"async\" src=\"https:\/\/www.meydan.tv\/az\/image-from-ios-146-jpg\/\" alt=\"Image from iOS (146).jpg\" class=\"wp-image-145368\"\/><figcaption>\n    S\u0259n\u0259d<br \/>\n  <\/figcaption><\/figure>\n","protected":false},"excerpt":{"rendered":"<p>\u201cPrezident \u0130lham \u018fliyevd\u0259n, Birinci vitse-prezident Mehriban \u018fliyevadan, Daxili i\u015fl\u0259r naziri Vilay\u0259t Eyvazovdan xahi\u015f edir\u0259m&#8230;\u201d<\/p>\n","protected":false},"author":11,"featured_media":145350,"comment_status":"closed","ping_status":"open","sticky":false,"template":"","format":"standard","meta":{"_acf_changed":false,"_sitemap_exclude":false,"_sitemap_priority":"","_sitemap_frequency":"","footnotes":""},"categories":[60],"tags":[],"class_list":["post-201711","post","type-post","status-publish","format-standard","has-post-thumbnail","hentry","category-bolge","infinite-scroll-item","generate-columns","tablet-grid-50","mobile-grid-100","grid-parent","grid-33","no-featured-image-padding"],"acf":[],"yoast_head":"<!-- This site is optimized with the Yoast SEO plugin v27.5 - https:\/\/yoast.com\/product\/yoast-seo-wordpress\/ -->\n<title>\u0130mi\u015fli sakini: Vilyam Hac\u0131yev v\u0259zif\u0259 ver\u0259c\u0259yini v\u0259d edib, 50 min manat\u0131m\u0131 ald\u0131 - MEYDAN.TV<\/title>\n<meta name=\"robots\" content=\"index, follow, max-snippet:-1, max-image-preview:large, max-video-preview:-1\" \/>\n<link rel=\"canonical\" href=\"https:\/\/www.meydan.tv\/az\/article\/imisli-sakini-vilyam-haciyev-vezife-vereceyini-ved-edib-50-min-manatimi-aldi\/\" \/>\n<meta property=\"og:locale\" content=\"az_AZ\" \/>\n<meta property=\"og:type\" content=\"article\" \/>\n<meta property=\"og:title\" content=\"\u0130mi\u015fli sakini: Vilyam Hac\u0131yev v\u0259zif\u0259 ver\u0259c\u0259yini v\u0259d edib, 50 min manat\u0131m\u0131 ald\u0131 - MEYDAN.TV\" \/>\n<meta property=\"og:description\" content=\"\u201cPrezident \u0130lham \u018fliyevd\u0259n, Birinci vitse-prezident Mehriban \u018fliyevadan, Daxili i\u015fl\u0259r naziri Vilay\u0259t Eyvazovdan xahi\u015f edir\u0259m...\u201d\" \/>\n<meta property=\"og:url\" content=\"https:\/\/www.meydan.tv\/az\/article\/imisli-sakini-vilyam-haciyev-vezife-vereceyini-ved-edib-50-min-manatimi-aldi\/\" \/>\n<meta property=\"og:site_name\" content=\"MEYDAN.TV\" \/>\n<meta property=\"article:published_time\" content=\"2020-07-29T17:12:43+00:00\" \/>\n<meta property=\"og:image\" content=\"https:\/\/www.meydan.tv\/wp-content\/uploads\/untitled_design_69.png\" \/>\n\t<meta property=\"og:image:width\" content=\"1280\" \/>\n\t<meta property=\"og:image:height\" content=\"720\" \/>\n\t<meta property=\"og:image:type\" content=\"image\/png\" \/>\n<meta name=\"author\" content=\"user-manager\" \/>\n<meta name=\"twitter:card\" content=\"summary_large_image\" \/>\n<script type=\"application\/ld+json\" class=\"yoast-schema-graph\">{\"@context\":\"https:\\\/\\\/schema.org\",\"@graph\":[{\"@type\":\"Article\",\"@id\":\"https:\\\/\\\/www.meydan.tv\\\/az\\\/article\\\/imisli-sakini-vilyam-haciyev-vezife-vereceyini-ved-edib-50-min-manatimi-aldi\\\/#article\",\"isPartOf\":{\"@id\":\"https:\\\/\\\/www.meydan.tv\\\/az\\\/article\\\/imisli-sakini-vilyam-haciyev-vezife-vereceyini-ved-edib-50-min-manatimi-aldi\\\/\"},\"author\":{\"name\":\"user-manager\",\"@id\":\"https:\\\/\\\/www.meydan.tv\\\/az\\\/#\\\/schema\\\/person\\\/10d11eccf6da3662cf5fdab9806ea91a\"},\"headline\":\"\u0130mi\u015fli sakini: Vilyam Hac\u0131yev v\u0259zif\u0259 ver\u0259c\u0259yini v\u0259d edib, 50 min manat\u0131m\u0131 ald\u0131\",\"datePublished\":\"2020-07-29T17:12:43+00:00\",\"mainEntityOfPage\":{\"@id\":\"https:\\\/\\\/www.meydan.tv\\\/az\\\/article\\\/imisli-sakini-vilyam-haciyev-vezife-vereceyini-ved-edib-50-min-manatimi-aldi\\\/\"},\"wordCount\":1413,\"publisher\":{\"@id\":\"https:\\\/\\\/www.meydan.tv\\\/az\\\/#organization\"},\"image\":{\"@id\":\"https:\\\/\\\/www.meydan.tv\\\/az\\\/article\\\/imisli-sakini-vilyam-haciyev-vezife-vereceyini-ved-edib-50-min-manatimi-aldi\\\/#primaryimage\"},\"thumbnailUrl\":\"https:\\\/\\\/www.meydan.tv\\\/wp-content\\\/uploads\\\/untitled_design_69.png\",\"articleSection\":[\"B\u00f6lg\u0259\"],\"inLanguage\":\"az\"},{\"@type\":\"WebPage\",\"@id\":\"https:\\\/\\\/www.meydan.tv\\\/az\\\/article\\\/imisli-sakini-vilyam-haciyev-vezife-vereceyini-ved-edib-50-min-manatimi-aldi\\\/\",\"url\":\"https:\\\/\\\/www.meydan.tv\\\/az\\\/article\\\/imisli-sakini-vilyam-haciyev-vezife-vereceyini-ved-edib-50-min-manatimi-aldi\\\/\",\"name\":\"\u0130mi\u015fli sakini: Vilyam Hac\u0131yev v\u0259zif\u0259 ver\u0259c\u0259yini v\u0259d edib, 50 min manat\u0131m\u0131 ald\u0131 - MEYDAN.TV\",\"isPartOf\":{\"@id\":\"https:\\\/\\\/www.meydan.tv\\\/az\\\/#website\"},\"primaryImageOfPage\":{\"@id\":\"https:\\\/\\\/www.meydan.tv\\\/az\\\/article\\\/imisli-sakini-vilyam-haciyev-vezife-vereceyini-ved-edib-50-min-manatimi-aldi\\\/#primaryimage\"},\"image\":{\"@id\":\"https:\\\/\\\/www.meydan.tv\\\/az\\\/article\\\/imisli-sakini-vilyam-haciyev-vezife-vereceyini-ved-edib-50-min-manatimi-aldi\\\/#primaryimage\"},\"thumbnailUrl\":\"https:\\\/\\\/www.meydan.tv\\\/wp-content\\\/uploads\\\/untitled_design_69.png\",\"datePublished\":\"2020-07-29T17:12:43+00:00\",\"breadcrumb\":{\"@id\":\"https:\\\/\\\/www.meydan.tv\\\/az\\\/article\\\/imisli-sakini-vilyam-haciyev-vezife-vereceyini-ved-edib-50-min-manatimi-aldi\\\/#breadcrumb\"},\"inLanguage\":\"az\",\"potentialAction\":[{\"@type\":\"ReadAction\",\"target\":[\"https:\\\/\\\/www.meydan.tv\\\/az\\\/article\\\/imisli-sakini-vilyam-haciyev-vezife-vereceyini-ved-edib-50-min-manatimi-aldi\\\/\"]}]},{\"@type\":\"ImageObject\",\"inLanguage\":\"az\",\"@id\":\"https:\\\/\\\/www.meydan.tv\\\/az\\\/article\\\/imisli-sakini-vilyam-haciyev-vezife-vereceyini-ved-edib-50-min-manatimi-aldi\\\/#primaryimage\",\"url\":\"https:\\\/\\\/www.meydan.tv\\\/wp-content\\\/uploads\\\/untitled_design_69.png\",\"contentUrl\":\"https:\\\/\\\/www.meydan.tv\\\/wp-content\\\/uploads\\\/untitled_design_69.png\",\"width\":1280,\"height\":720,\"caption\":\"Source: Meydan TV\"},{\"@type\":\"BreadcrumbList\",\"@id\":\"https:\\\/\\\/www.meydan.tv\\\/az\\\/article\\\/imisli-sakini-vilyam-haciyev-vezife-vereceyini-ved-edib-50-min-manatimi-aldi\\\/#breadcrumb\",\"itemListElement\":[{\"@type\":\"ListItem\",\"position\":1,\"name\":\"Ana s\u0259hif\u0259\",\"item\":\"https:\\\/\\\/www.meydan.tv\\\/az\\\/\"},{\"@type\":\"ListItem\",\"position\":2,\"name\":\"B\u00f6lg\u0259\",\"item\":\"https:\\\/\\\/www.meydan.tv\\\/az\\\/section\\\/bolge\\\/\"},{\"@type\":\"ListItem\",\"position\":3,\"name\":\"\u0130mi\u015fli sakini: Vilyam Hac\u0131yev v\u0259zif\u0259 ver\u0259c\u0259yini v\u0259d edib, 50 min manat\u0131m\u0131 ald\u0131\"}]},{\"@type\":\"WebSite\",\"@id\":\"https:\\\/\\\/www.meydan.tv\\\/az\\\/#website\",\"url\":\"https:\\\/\\\/www.meydan.tv\\\/az\\\/\",\"name\":\"MEYDAN.TV\",\"description\":\"Meydan TV Az\u0259rbaycan\u0131n media m\u0259kan\u0131ndak\u0131 alternativ s\u0259sidir\",\"publisher\":{\"@id\":\"https:\\\/\\\/www.meydan.tv\\\/az\\\/#organization\"},\"potentialAction\":[{\"@type\":\"SearchAction\",\"target\":{\"@type\":\"EntryPoint\",\"urlTemplate\":\"https:\\\/\\\/www.meydan.tv\\\/az\\\/?s={search_term_string}\"},\"query-input\":{\"@type\":\"PropertyValueSpecification\",\"valueRequired\":true,\"valueName\":\"search_term_string\"}}],\"inLanguage\":\"az\"},{\"@type\":\"Organization\",\"@id\":\"https:\\\/\\\/www.meydan.tv\\\/az\\\/#organization\",\"name\":\"Meydan TV\",\"url\":\"https:\\\/\\\/www.meydan.tv\\\/az\\\/\",\"logo\":{\"@type\":\"ImageObject\",\"inLanguage\":\"az\",\"@id\":\"https:\\\/\\\/www.meydan.tv\\\/az\\\/#\\\/schema\\\/logo\\\/image\\\/\",\"url\":\"https:\\\/\\\/www.meydan.tv\\\/wp-content\\\/uploads\\\/2021\\\/07\\\/meydan-logo.svg\",\"contentUrl\":\"https:\\\/\\\/www.meydan.tv\\\/wp-content\\\/uploads\\\/2021\\\/07\\\/meydan-logo.svg\",\"width\":195,\"height\":46,\"caption\":\"Meydan TV\"},\"image\":{\"@id\":\"https:\\\/\\\/www.meydan.tv\\\/az\\\/#\\\/schema\\\/logo\\\/image\\\/\"}},{\"@type\":\"Person\",\"@id\":\"https:\\\/\\\/www.meydan.tv\\\/az\\\/#\\\/schema\\\/person\\\/10d11eccf6da3662cf5fdab9806ea91a\",\"name\":\"user-manager\"}]}<\/script>\n<!-- \/ Yoast SEO plugin. -->","yoast_head_json":{"title":"\u0130mi\u015fli sakini: Vilyam Hac\u0131yev v\u0259zif\u0259 ver\u0259c\u0259yini v\u0259d edib, 50 min manat\u0131m\u0131 ald\u0131 - MEYDAN.TV","robots":{"index":"index","follow":"follow","max-snippet":"max-snippet:-1","max-image-preview":"max-image-preview:large","max-video-preview":"max-video-preview:-1"},"canonical":"https:\/\/www.meydan.tv\/az\/article\/imisli-sakini-vilyam-haciyev-vezife-vereceyini-ved-edib-50-min-manatimi-aldi\/","og_locale":"az_AZ","og_type":"article","og_title":"\u0130mi\u015fli sakini: Vilyam Hac\u0131yev v\u0259zif\u0259 ver\u0259c\u0259yini v\u0259d edib, 50 min manat\u0131m\u0131 ald\u0131 - MEYDAN.TV","og_description":"\u201cPrezident \u0130lham \u018fliyevd\u0259n, Birinci vitse-prezident Mehriban \u018fliyevadan, Daxili i\u015fl\u0259r naziri Vilay\u0259t Eyvazovdan xahi\u015f edir\u0259m...\u201d","og_url":"https:\/\/www.meydan.tv\/az\/article\/imisli-sakini-vilyam-haciyev-vezife-vereceyini-ved-edib-50-min-manatimi-aldi\/","og_site_name":"MEYDAN.TV","article_published_time":"2020-07-29T17:12:43+00:00","og_image":[{"width":1280,"height":720,"url":"https:\/\/www.meydan.tv\/wp-content\/uploads\/untitled_design_69.png","type":"image\/png"}],"author":"user-manager","twitter_card":"summary_large_image","schema":{"@context":"https:\/\/schema.org","@graph":[{"@type":"Article","@id":"https:\/\/www.meydan.tv\/az\/article\/imisli-sakini-vilyam-haciyev-vezife-vereceyini-ved-edib-50-min-manatimi-aldi\/#article","isPartOf":{"@id":"https:\/\/www.meydan.tv\/az\/article\/imisli-sakini-vilyam-haciyev-vezife-vereceyini-ved-edib-50-min-manatimi-aldi\/"},"author":{"name":"user-manager","@id":"https:\/\/www.meydan.tv\/az\/#\/schema\/person\/10d11eccf6da3662cf5fdab9806ea91a"},"headline":"\u0130mi\u015fli sakini: Vilyam Hac\u0131yev v\u0259zif\u0259 ver\u0259c\u0259yini v\u0259d edib, 50 min manat\u0131m\u0131 ald\u0131","datePublished":"2020-07-29T17:12:43+00:00","mainEntityOfPage":{"@id":"https:\/\/www.meydan.tv\/az\/article\/imisli-sakini-vilyam-haciyev-vezife-vereceyini-ved-edib-50-min-manatimi-aldi\/"},"wordCount":1413,"publisher":{"@id":"https:\/\/www.meydan.tv\/az\/#organization"},"image":{"@id":"https:\/\/www.meydan.tv\/az\/article\/imisli-sakini-vilyam-haciyev-vezife-vereceyini-ved-edib-50-min-manatimi-aldi\/#primaryimage"},"thumbnailUrl":"https:\/\/www.meydan.tv\/wp-content\/uploads\/untitled_design_69.png","articleSection":["B\u00f6lg\u0259"],"inLanguage":"az"},{"@type":"WebPage","@id":"https:\/\/www.meydan.tv\/az\/article\/imisli-sakini-vilyam-haciyev-vezife-vereceyini-ved-edib-50-min-manatimi-aldi\/","url":"https:\/\/www.meydan.tv\/az\/article\/imisli-sakini-vilyam-haciyev-vezife-vereceyini-ved-edib-50-min-manatimi-aldi\/","name":"\u0130mi\u015fli sakini: Vilyam Hac\u0131yev v\u0259zif\u0259 ver\u0259c\u0259yini v\u0259d edib, 50 min manat\u0131m\u0131 ald\u0131 - MEYDAN.TV","isPartOf":{"@id":"https:\/\/www.meydan.tv\/az\/#website"},"primaryImageOfPage":{"@id":"https:\/\/www.meydan.tv\/az\/article\/imisli-sakini-vilyam-haciyev-vezife-vereceyini-ved-edib-50-min-manatimi-aldi\/#primaryimage"},"image":{"@id":"https:\/\/www.meydan.tv\/az\/article\/imisli-sakini-vilyam-haciyev-vezife-vereceyini-ved-edib-50-min-manatimi-aldi\/#primaryimage"},"thumbnailUrl":"https:\/\/www.meydan.tv\/wp-content\/uploads\/untitled_design_69.png","datePublished":"2020-07-29T17:12:43+00:00","breadcrumb":{"@id":"https:\/\/www.meydan.tv\/az\/article\/imisli-sakini-vilyam-haciyev-vezife-vereceyini-ved-edib-50-min-manatimi-aldi\/#breadcrumb"},"inLanguage":"az","potentialAction":[{"@type":"ReadAction","target":["https:\/\/www.meydan.tv\/az\/article\/imisli-sakini-vilyam-haciyev-vezife-vereceyini-ved-edib-50-min-manatimi-aldi\/"]}]},{"@type":"ImageObject","inLanguage":"az","@id":"https:\/\/www.meydan.tv\/az\/article\/imisli-sakini-vilyam-haciyev-vezife-vereceyini-ved-edib-50-min-manatimi-aldi\/#primaryimage","url":"https:\/\/www.meydan.tv\/wp-content\/uploads\/untitled_design_69.png","contentUrl":"https:\/\/www.meydan.tv\/wp-content\/uploads\/untitled_design_69.png","width":1280,"height":720,"caption":"Source: Meydan TV"},{"@type":"BreadcrumbList","@id":"https:\/\/www.meydan.tv\/az\/article\/imisli-sakini-vilyam-haciyev-vezife-vereceyini-ved-edib-50-min-manatimi-aldi\/#breadcrumb","itemListElement":[{"@type":"ListItem","position":1,"name":"Ana s\u0259hif\u0259","item":"https:\/\/www.meydan.tv\/az\/"},{"@type":"ListItem","position":2,"name":"B\u00f6lg\u0259","item":"https:\/\/www.meydan.tv\/az\/section\/bolge\/"},{"@type":"ListItem","position":3,"name":"\u0130mi\u015fli sakini: Vilyam Hac\u0131yev v\u0259zif\u0259 ver\u0259c\u0259yini v\u0259d edib, 50 min manat\u0131m\u0131 ald\u0131"}]},{"@type":"WebSite","@id":"https:\/\/www.meydan.tv\/az\/#website","url":"https:\/\/www.meydan.tv\/az\/","name":"MEYDAN.TV","description":"Meydan TV Az\u0259rbaycan\u0131n media m\u0259kan\u0131ndak\u0131 alternativ s\u0259sidir","publisher":{"@id":"https:\/\/www.meydan.tv\/az\/#organization"},"potentialAction":[{"@type":"SearchAction","target":{"@type":"EntryPoint","urlTemplate":"https:\/\/www.meydan.tv\/az\/?s={search_term_string}"},"query-input":{"@type":"PropertyValueSpecification","valueRequired":true,"valueName":"search_term_string"}}],"inLanguage":"az"},{"@type":"Organization","@id":"https:\/\/www.meydan.tv\/az\/#organization","name":"Meydan TV","url":"https:\/\/www.meydan.tv\/az\/","logo":{"@type":"ImageObject","inLanguage":"az","@id":"https:\/\/www.meydan.tv\/az\/#\/schema\/logo\/image\/","url":"https:\/\/www.meydan.tv\/wp-content\/uploads\/2021\/07\/meydan-logo.svg","contentUrl":"https:\/\/www.meydan.tv\/wp-content\/uploads\/2021\/07\/meydan-logo.svg","width":195,"height":46,"caption":"Meydan TV"},"image":{"@id":"https:\/\/www.meydan.tv\/az\/#\/schema\/logo\/image\/"}},{"@type":"Person","@id":"https:\/\/www.meydan.tv\/az\/#\/schema\/person\/10d11eccf6da3662cf5fdab9806ea91a","name":"user-manager"}]}},"_links":{"self":[{"href":"https:\/\/www.meydan.tv\/az\/wp-json\/wp\/v2\/posts\/201711","targetHints":{"allow":["GET"]}}],"collection":[{"href":"https:\/\/www.meydan.tv\/az\/wp-json\/wp\/v2\/posts"}],"about":[{"href":"https:\/\/www.meydan.tv\/az\/wp-json\/wp\/v2\/types\/post"}],"author":[{"embeddable":true,"href":"https:\/\/www.meydan.tv\/az\/wp-json\/wp\/v2\/users\/11"}],"replies":[{"embeddable":true,"href":"https:\/\/www.meydan.tv\/az\/wp-json\/wp\/v2\/comments?post=201711"}],"version-history":[{"count":0,"href":"https:\/\/www.meydan.tv\/az\/wp-json\/wp\/v2\/posts\/201711\/revisions"}],"wp:featuredmedia":[{"embeddable":true,"href":"https:\/\/www.meydan.tv\/az\/wp-json\/wp\/v2\/media\/145350"}],"wp:attachment":[{"href":"https:\/\/www.meydan.tv\/az\/wp-json\/wp\/v2\/media?parent=201711"}],"wp:term":[{"taxonomy":"category","embeddable":true,"href":"https:\/\/www.meydan.tv\/az\/wp-json\/wp\/v2\/categories?post=201711"},{"taxonomy":"post_tag","embeddable":true,"href":"https:\/\/www.meydan.tv\/az\/wp-json\/wp\/v2\/tags?post=201711"}],"curies":[{"name":"wp","href":"https:\/\/api.w.org\/{rel}","templated":true}]}}