{"id":201689,"date":"2020-07-29T09:12:10","date_gmt":"2020-07-29T09:12:10","guid":{"rendered":"https:\/\/www.meydan.tv\/article\/birinci-qrup-elil-emeliyyat-ucun-kredite-girdik\/"},"modified":"2020-07-29T09:12:10","modified_gmt":"2020-07-29T09:12:10","slug":"birinci-qrup-elil-emeliyyat-ucun-kredite-girdik","status":"publish","type":"post","link":"https:\/\/www.meydan.tv\/az\/article\/birinci-qrup-elil-emeliyyat-ucun-kredite-girdik\/","title":{"rendered":"Birinci qrup \u0259lil: \u018fm\u0259liyyat \u00fc\u00e7\u00fcn kredit\u0259 girdik"},"content":{"rendered":"<p>\n  <i><br \/>\n    \u201cQarda\u015f qarda\u015f\u0131n \u00fcst\u00fcn\u0259 borca gedir, yoxdu dey\u0259 utan\u0131r\u201d<br \/>\n  <\/i>\n<\/p>\n<p>\n  Q\u0259b\u0259l\u0259nin Zara\u011fan k\u0259ndind\u0259 ya\u015fayan B\u0259\u015fir Zeynalov birinci qrup \u0259lildir. S\u0259kkiz il \u0259vv\u0259l avtomobil q\u0259zas\u0131nda ciddi x\u0259sar\u0259t alan 47 ya\u015fl\u0131 s\u00fcr\u00fcc\u00fc i\u015f qabiliyy\u0259tini itirib.\n<\/p>\n<p>\n  <b><br \/>\n    \u201cStulda otura bilmir\u0259m\u201d<br \/>\n  <\/b>\n<\/p>\n<p>\n  2012-ci ild\u0259 ba\u015f ver\u0259n hadis\u0259 B\u0259\u015fir Zeynalovun h\u0259yat\u0131n\u0131 tam d\u0259yi\u015fib. Q\u0259zada \u00fc\u00e7 onur\u011fa f\u0259q\u0259r\u0259si z\u0259d\u0259l\u0259nib. O vaxt Bak\u0131da \u0259m\u0259liyyat olunub, f\u0259q\u0259r\u0259l\u0259rd\u0259n birin\u0259 t\u0259nzim cihaz\u0131 qoyulub.\n<\/p>\n<p>\n  \u201cH\u0259min g\u00fcnd\u0259n a\u011fr\u0131 bir saniy\u0259 d\u0259 dayanmay\u0131b. Qolumda, k\u00fcr\u0259yimd\u0259ki a\u011fr\u0131lar \u00e7ox \u0259ziyy\u0259t verir. Yuxusuzluq olur, s\u0259h\u0259r\u0259 q\u0259d\u0259r ba\u015fa\u011fr\u0131s\u0131 verir. M\u0259nd\u0259 ilik \u0259zilmi\u015fdi. H\u0259kim deyirdi ki, b\u0259d\u0259n m\u00fcqavim\u0259tin\u0259 uy\u011fun b\u0259rpa olunmal\u0131d\u0131. H\u0259m axsay\u0131ram, h\u0259m t\u0259ngn\u0259f\u0259s oluram. \u00c7ox \u00e7\u0259tinlikl\u0259 h\u0259r\u0259k\u0259t el\u0259yir\u0259m. Be\u015f metr ged\u0259nd\u0259n sonra dizl\u0259rim \u00fcst\u00fcnd\u0259 dinc\u0259lm\u0259li oluram. El\u0259 vaxt olur ki, \u0259z\u0259l\u0259 bo\u015fal\u0131r, aya\u011f\u0131m getmir. Stulda, \u00fcmumiyy\u0259tl\u0259, otura bilmir\u0259m\u201d.\n<\/p>\n<p>\n  B\u0259\u015fir Zeynalov bu ill\u0259r \u0259rzind\u0259 imkan\u0131 \u00e7atd\u0131\u011f\u0131 q\u0259d\u0259r m\u00fcalic\u0259 olunma\u011fa \u00e7al\u0131\u015f\u0131b. \u0130ki d\u0259f\u0259 Bak\u0131 B\u0259rpa M\u0259rk\u0259zind\u0259 olub: \u201cSonra \u00e7a\u011f\u0131rmad\u0131lar. Bir az da imkana ba\u011fl\u0131 olan m\u0259s\u0259l\u0259di. Karantin d\u0259 d\u00fc\u015f\u00fcb, he\u00e7 m\u00fcalic\u0259 oluna bilmir\u0259m. Bu d\u0259qiq\u0259 \u00e7ox ehtiyac var\u201d.\n<\/p>\n<p>\n  B\u0259\u015fir Zeynalov bu yerd\u0259 xat\u0131rlay\u0131r ki, 8 il \u0259vv\u0259l \u0259m\u0259liyyat olunanda kredit g\u00f6t\u00fcrm\u0259k m\u0259cburiyy\u0259tind\u0259 qalm\u0131\u015fd\u0131lar: \u201cSonra birt\u0259h\u0259r \u00f6d\u0259yib qurtard\u0131q\u201d.\n<\/p>\n<p>\n  <b><br \/>\n    \u201cEv\u0259 \u0259sas pul g\u0259tir\u0259n m\u0259n idim\u201d<br \/>\n  <\/b>\n<\/p>\n<p>\n  Q\u0259zaya q\u0259d\u0259r \u201cKamaz\u201d s\u00fcrm\u0259k B\u0259\u015fir Zeynalovun ail\u0259sini doland\u0131rma\u011fa \u00e7ox k\u00f6m\u0259k edirmi\u015f. Dediyin\u0259 g\u00f6r\u0259, h\u0259tta b\u00f6y\u00fck y\u00fck\u00fcn \u00f6hd\u0259sind\u0259n g\u0259l\u0259 bilirmi\u015f.\n<\/p>\n<p>\n  \u201cAnamd\u0131, qarda\u015f\u0131m\u0131n ail\u0259sidi, m\u0259nim ail\u0259mdi &#8211; ham\u0131m\u0131z bu k\u00f6hn\u0259 evd\u0259 ya\u015fay\u0131r\u0131q. Anam\u0131n, m\u0259nim pensiyam\u0131n hesab\u0131na dolanma\u011fa \u00e7al\u0131\u015f\u0131r\u0131q. Ail\u0259y\u0259 ba\u015fqa pul g\u0259lmir. \u00dcmumilikd\u0259 9 n\u0259f\u0259rik. M\u0259n bu v\u0259ziyy\u0259td\u0259, \u00fcst\u0259lik, qarda\u015f\u0131m\u0131n \u00f6vladlar\u0131ndan biri d\u0259 x\u0259st\u0259di. Dolan\u0131\u015f\u0131q problemi var. \u018fvv\u0259ll\u0259r bel\u0259 deyildi. Ev\u0259 \u0259sas pul g\u0259tir\u0259n m\u0259n idim. B\u00f6y\u00fck qarda\u015f\u0131m var, h\u0259tta onlara da \u0259l tuturdum\u201d.\n<\/p>\n<figure class=\"wp-block-image size-large\">\n  <img decoding=\"async\" src=\"https:\/\/www.meydan.tv\/az\/image_from_ios-6-jpg-91\/\" alt=\"image_from_ios (6).jpg\" class=\"wp-image-145326\"\/><figcaption>\n    B\u0259\u015fir Zeynalov<br \/>\n  <\/figcaption><\/figure>\n<p>\n  B\u0259\u015fir Zeynalov maddi s\u0131x\u0131nt\u0131lar\u0131 \u00e7ox dil\u0259 g\u0259tirm\u0259k ist\u0259mir. Utanaraq deyir ki, i\u015f\u0131\u011fa, qaza g\u00f6r\u0259 borc y\u0131\u011f\u0131l\u0131b: \u201c200 manat i\u015f\u0131\u011fad\u0131, 150 manat civar\u0131nda qaza. Qaz \u00fc\u00e7\u00fcn g\u0259tirib smart say\u011fac qura\u015fd\u0131r\u0131blar. N\u0259 pul qoyuramsa, yar\u0131s\u0131 borca \u00e7\u0131x\u0131l\u0131r\u201d.\n<\/p>\n<p>\n  \u0130\u015f qabiliyy\u0259tini itir\u0259n s\u00fcr\u00fcc\u00fc pandemiya d\u00f6vr\u00fcnd\u0259 i\u015fsizl\u0259r\u0259 veril\u0259n 190 manat\u0131 ala bilm\u0259yib. \u018flilliy\u0259 g\u00f6r\u0259 t\u0259qa\u00fcd almas\u0131n\u0131 imtinaya \u0259sas g\u00f6st\u0259ribl\u0259r:\n<\/p>\n<p>\n  \u201cSosial yard\u0131ma \u00fc\u00e7 d\u0259f\u0259 m\u00fcraci\u0259t el\u0259mi\u015f\u0259m. Deyirl\u0259r ki, ad\u0131na torpaq var. Halbuki, ad\u0131ma he\u00e7 n\u0259 yoxdu. El\u0259 suallar verirdil\u0259r ki&#8230; M\u0259s\u0259l\u0259n, soru\u015furdular ki, ayda n\u0259 q\u0259d\u0259r kontur i\u015fl\u0259dirs\u0259n? Bel\u0259 m\u0259ntiqsiz \u015feyl\u0259r. \u00c7ox uzad\u0131rlar\u201d.\n<\/p>\n<p>\n  <b><br \/>\n    \u201cMa\u011fazadan \u0259rza\u011f\u0131 nisy\u0259 g\u00f6t\u00fcr\u00fcr\u00fck\u201d<br \/>\n  <\/b>\n<\/p>\n<p>\n  B\u00f6y\u00fck bir ail\u0259nin ya\u015fad\u0131\u011f\u0131 ev \u00e7ox yarars\u0131z g\u00f6r\u00fcn\u00fcr. Evin d\u00f6\u015f\u0259m\u0259si, tavan\u0131 h\u0259r \u015feyd\u0259n x\u0259b\u0259r verir. B\u0259\u015fir Zeynalov bu problemi d\u0259 h\u0259ll etm\u0259y\u0259 \u00e7al\u0131\u015f\u0131b.\n<\/p>\n<p>\n  \u201cBir d\u0259f\u0259 icra hakimiyy\u0259tin\u0259 m\u00fcraci\u0259t el\u0259dim, ist\u0259yirdim ki, yax\u0131nl\u0131qdak\u0131 h\u0259rbi \u015f\u0259h\u0259rcikd\u0259n ev versinl\u0259r m\u0259n\u0259. Aram\u0131zda 150-200 manat m\u0259saf\u0259 var. Cavab g\u0259ldi ki, M\u00fcdafi\u0259 Nazirliyinin n\u0259zdind\u0259di, yaln\u0131z h\u0259rb\u00e7il\u0259r\u0259 ev veril\u0259 bil\u0259r. Halbuki, k\u0259ndd\u0259 \u00e7ox adi adamlara ev verilib\u201d.\n<\/p>\n<figure class=\"wp-block-image size-large\">\n  <img decoding=\"async\" src=\"https:\/\/www.meydan.tv\/az\/image_from_ios-4-jpg-151\/\" alt=\"image_from_ios (4).jpg\" class=\"wp-image-145320\"\/><figcaption>\n    \u201cSosial yard\u0131ma \u00fc\u00e7 d\u0259f\u0259 m\u00fcraci\u0259t el\u0259mi\u015f\u0259m&#8221;<br \/>\n  <\/figcaption><\/figure>\n<p>\n  B\u0259\u015fir Zeynalov ev almaq ist\u0259rk\u0259n Q\u0259b\u0259l\u0259d\u0259 aeroport yolu layih\u0259si zaman\u0131 torpa\u011f\u0131n\u0131n bir hiss\u0259sini itirib. Yol k\u0259nar\u0131ndak\u0131 evl\u0259r\u0259 hasar \u00e7\u0259kilib, bu zaman k\u0259nd sakininin \u0259razisinin 2.5 sotu k\u0259narda qal\u0131b: \u201cHasar\u0131 g\u00f6z\u0259yar\u0131 \u00e7\u0259kibl\u0259r. \u0130ndi o yer havada qal\u0131b. M\u0259n onda x\u0259st\u0259xanada olmu\u015fam. \u0130ndi torpa\u011f\u0131n \u00f6z\u0259ll\u0259\u015fdirm\u0259 ka\u011f\u0131z\u0131nda daha az \u0259razi yaz\u0131l\u0131b\u201d.\n<\/p>\n<p>\n  S\u00f6hb\u0259t zaman\u0131 m\u0259lum olur ki, ail\u0259 ma\u011fzadan \u0259rza\u011f\u0131 nisy\u0259 g\u00f6t\u00fcr\u00fcr. Amma \u0259lil t\u0259qa\u00fcd\u00fc borcu bird\u0259f\u0259lik ba\u011flama\u011fa imkan vermir: \u201cPensiya alanda gedib yar\u0131s\u0131n\u0131 \u00f6d\u0259yir\u0259m. Sonra yen\u0259 \u00fcst\u00fcn\u0259 borc y\u0131\u011f\u0131l\u0131r\u201d.\n<\/p>\n<p>\n  B\u0259\u015fir Zeynalov dan\u0131\u015f\u0131r ki, qohum-\u0259qr\u0259badan he\u00e7 n\u0259 ummur. \u00c7\u00fcnki he\u00e7 kimin sosial v\u0259ziyy\u0259ti sabit deyil:\n<\/p>\n<p>\n  \u201c\u00d6z\u00fcm\u00fcz\u0259 baxanda bilir\u0259m. Q\u0131nama\u011f\u0131n yeri yoxdu. Qarda\u015f qarda\u015f\u0131n \u00fcst\u00fcn\u0259 borca gedir, yoxdu dey\u0259 utan\u0131r\u201d.\n<\/p>\n<p>\n  Onunla sa\u011folla\u015fanda \u0259m\u0259liyyatdan sonrak\u0131 bir epizodu xat\u0131rlay\u0131r. Birinci qrup \u0259lillik alanda ona araba verm\u0259k ist\u0259yibl\u0259r, g\u00f6t\u00fcrm\u0259yib: \u201cDedim, kimin daha \u00e7ox ehtiyac\u0131 varsa, ona verin&#8230;\u201d\n<\/p>\n<figure class=\"wp-block-image size-large\">\n  <img decoding=\"async\" src=\"https:\/\/www.meydan.tv\/az\/image_from_ios-5-jpg-112\/\" alt=\"image_from_ios (5).jpg\" class=\"wp-image-145323\"\/><figcaption>\n    B\u0259\u015fir Zeynalov ev almaq ist\u0259rk\u0259n Q\u0259b\u0259l\u0259d\u0259 aeroport yolu layih\u0259si zaman\u0131 torpa\u011f\u0131n\u0131n bir hiss\u0259sini itirib<br \/>\n  <\/figcaption><\/figure>\n","protected":false},"excerpt":{"rendered":"<p>&#8220;El\u0259 vaxt olur ki, \u0259z\u0259l\u0259 bo\u015fal\u0131r, aya\u011f\u0131m getmir&#8221;.<\/p>\n","protected":false},"author":11,"featured_media":145317,"comment_status":"closed","ping_status":"open","sticky":false,"template":"","format":"standard","meta":{"_acf_changed":false,"_sitemap_exclude":false,"_sitemap_priority":"","_sitemap_frequency":"","footnotes":""},"categories":[60],"tags":[],"class_list":["post-201689","post","type-post","status-publish","format-standard","has-post-thumbnail","hentry","category-bolge","infinite-scroll-item","generate-columns","tablet-grid-50","mobile-grid-100","grid-parent","grid-33","no-featured-image-padding"],"acf":[],"yoast_head":"<!-- This site is optimized with the Yoast SEO plugin v27.5 - https:\/\/yoast.com\/product\/yoast-seo-wordpress\/ -->\n<title>Birinci qrup \u0259lil: \u018fm\u0259liyyat \u00fc\u00e7\u00fcn kredit\u0259 girdik - MEYDAN.TV<\/title>\n<meta name=\"robots\" content=\"index, follow, max-snippet:-1, max-image-preview:large, max-video-preview:-1\" \/>\n<link rel=\"canonical\" href=\"https:\/\/www.meydan.tv\/az\/article\/birinci-qrup-elil-emeliyyat-ucun-kredite-girdik\/\" \/>\n<meta property=\"og:locale\" content=\"az_AZ\" \/>\n<meta property=\"og:type\" content=\"article\" \/>\n<meta property=\"og:title\" content=\"Birinci qrup \u0259lil: \u018fm\u0259liyyat \u00fc\u00e7\u00fcn kredit\u0259 girdik - MEYDAN.TV\" \/>\n<meta property=\"og:description\" content=\"&quot;El\u0259 vaxt olur ki, \u0259z\u0259l\u0259 bo\u015fal\u0131r, aya\u011f\u0131m getmir&quot;.\" \/>\n<meta property=\"og:url\" content=\"https:\/\/www.meydan.tv\/az\/article\/birinci-qrup-elil-emeliyyat-ucun-kredite-girdik\/\" \/>\n<meta property=\"og:site_name\" content=\"MEYDAN.TV\" \/>\n<meta property=\"article:published_time\" content=\"2020-07-29T09:12:10+00:00\" \/>\n<meta property=\"og:image\" content=\"https:\/\/www.meydan.tv\/wp-content\/uploads\/image_from_ios_3_8jtntki.jpg\" \/>\n\t<meta property=\"og:image:width\" content=\"739\" \/>\n\t<meta property=\"og:image:height\" content=\"551\" \/>\n\t<meta property=\"og:image:type\" content=\"image\/jpeg\" \/>\n<meta name=\"author\" content=\"user-manager\" \/>\n<meta name=\"twitter:card\" content=\"summary_large_image\" \/>\n<script type=\"application\/ld+json\" class=\"yoast-schema-graph\">{\"@context\":\"https:\\\/\\\/schema.org\",\"@graph\":[{\"@type\":\"Article\",\"@id\":\"https:\\\/\\\/www.meydan.tv\\\/az\\\/article\\\/birinci-qrup-elil-emeliyyat-ucun-kredite-girdik\\\/#article\",\"isPartOf\":{\"@id\":\"https:\\\/\\\/www.meydan.tv\\\/az\\\/article\\\/birinci-qrup-elil-emeliyyat-ucun-kredite-girdik\\\/\"},\"author\":{\"name\":\"user-manager\",\"@id\":\"https:\\\/\\\/www.meydan.tv\\\/az\\\/#\\\/schema\\\/person\\\/10d11eccf6da3662cf5fdab9806ea91a\"},\"headline\":\"Birinci qrup \u0259lil: \u018fm\u0259liyyat \u00fc\u00e7\u00fcn kredit\u0259 girdik\",\"datePublished\":\"2020-07-29T09:12:10+00:00\",\"mainEntityOfPage\":{\"@id\":\"https:\\\/\\\/www.meydan.tv\\\/az\\\/article\\\/birinci-qrup-elil-emeliyyat-ucun-kredite-girdik\\\/\"},\"wordCount\":949,\"publisher\":{\"@id\":\"https:\\\/\\\/www.meydan.tv\\\/az\\\/#organization\"},\"image\":{\"@id\":\"https:\\\/\\\/www.meydan.tv\\\/az\\\/article\\\/birinci-qrup-elil-emeliyyat-ucun-kredite-girdik\\\/#primaryimage\"},\"thumbnailUrl\":\"https:\\\/\\\/www.meydan.tv\\\/wp-content\\\/uploads\\\/image_from_ios_3_8jtntki.jpg\",\"articleSection\":[\"B\u00f6lg\u0259\"],\"inLanguage\":\"az\"},{\"@type\":\"WebPage\",\"@id\":\"https:\\\/\\\/www.meydan.tv\\\/az\\\/article\\\/birinci-qrup-elil-emeliyyat-ucun-kredite-girdik\\\/\",\"url\":\"https:\\\/\\\/www.meydan.tv\\\/az\\\/article\\\/birinci-qrup-elil-emeliyyat-ucun-kredite-girdik\\\/\",\"name\":\"Birinci qrup \u0259lil: \u018fm\u0259liyyat \u00fc\u00e7\u00fcn kredit\u0259 girdik - MEYDAN.TV\",\"isPartOf\":{\"@id\":\"https:\\\/\\\/www.meydan.tv\\\/az\\\/#website\"},\"primaryImageOfPage\":{\"@id\":\"https:\\\/\\\/www.meydan.tv\\\/az\\\/article\\\/birinci-qrup-elil-emeliyyat-ucun-kredite-girdik\\\/#primaryimage\"},\"image\":{\"@id\":\"https:\\\/\\\/www.meydan.tv\\\/az\\\/article\\\/birinci-qrup-elil-emeliyyat-ucun-kredite-girdik\\\/#primaryimage\"},\"thumbnailUrl\":\"https:\\\/\\\/www.meydan.tv\\\/wp-content\\\/uploads\\\/image_from_ios_3_8jtntki.jpg\",\"datePublished\":\"2020-07-29T09:12:10+00:00\",\"breadcrumb\":{\"@id\":\"https:\\\/\\\/www.meydan.tv\\\/az\\\/article\\\/birinci-qrup-elil-emeliyyat-ucun-kredite-girdik\\\/#breadcrumb\"},\"inLanguage\":\"az\",\"potentialAction\":[{\"@type\":\"ReadAction\",\"target\":[\"https:\\\/\\\/www.meydan.tv\\\/az\\\/article\\\/birinci-qrup-elil-emeliyyat-ucun-kredite-girdik\\\/\"]}]},{\"@type\":\"ImageObject\",\"inLanguage\":\"az\",\"@id\":\"https:\\\/\\\/www.meydan.tv\\\/az\\\/article\\\/birinci-qrup-elil-emeliyyat-ucun-kredite-girdik\\\/#primaryimage\",\"url\":\"https:\\\/\\\/www.meydan.tv\\\/wp-content\\\/uploads\\\/image_from_ios_3_8jtntki.jpg\",\"contentUrl\":\"https:\\\/\\\/www.meydan.tv\\\/wp-content\\\/uploads\\\/image_from_ios_3_8jtntki.jpg\",\"width\":739,\"height\":551,\"caption\":\"Source: Specify Source\"},{\"@type\":\"BreadcrumbList\",\"@id\":\"https:\\\/\\\/www.meydan.tv\\\/az\\\/article\\\/birinci-qrup-elil-emeliyyat-ucun-kredite-girdik\\\/#breadcrumb\",\"itemListElement\":[{\"@type\":\"ListItem\",\"position\":1,\"name\":\"Ana s\u0259hif\u0259\",\"item\":\"https:\\\/\\\/www.meydan.tv\\\/az\\\/\"},{\"@type\":\"ListItem\",\"position\":2,\"name\":\"B\u00f6lg\u0259\",\"item\":\"https:\\\/\\\/www.meydan.tv\\\/az\\\/section\\\/bolge\\\/\"},{\"@type\":\"ListItem\",\"position\":3,\"name\":\"Birinci qrup \u0259lil: \u018fm\u0259liyyat \u00fc\u00e7\u00fcn kredit\u0259 girdik\"}]},{\"@type\":\"WebSite\",\"@id\":\"https:\\\/\\\/www.meydan.tv\\\/az\\\/#website\",\"url\":\"https:\\\/\\\/www.meydan.tv\\\/az\\\/\",\"name\":\"MEYDAN.TV\",\"description\":\"Meydan TV Az\u0259rbaycan\u0131n media m\u0259kan\u0131ndak\u0131 alternativ s\u0259sidir\",\"publisher\":{\"@id\":\"https:\\\/\\\/www.meydan.tv\\\/az\\\/#organization\"},\"potentialAction\":[{\"@type\":\"SearchAction\",\"target\":{\"@type\":\"EntryPoint\",\"urlTemplate\":\"https:\\\/\\\/www.meydan.tv\\\/az\\\/?s={search_term_string}\"},\"query-input\":{\"@type\":\"PropertyValueSpecification\",\"valueRequired\":true,\"valueName\":\"search_term_string\"}}],\"inLanguage\":\"az\"},{\"@type\":\"Organization\",\"@id\":\"https:\\\/\\\/www.meydan.tv\\\/az\\\/#organization\",\"name\":\"Meydan TV\",\"url\":\"https:\\\/\\\/www.meydan.tv\\\/az\\\/\",\"logo\":{\"@type\":\"ImageObject\",\"inLanguage\":\"az\",\"@id\":\"https:\\\/\\\/www.meydan.tv\\\/az\\\/#\\\/schema\\\/logo\\\/image\\\/\",\"url\":\"https:\\\/\\\/www.meydan.tv\\\/wp-content\\\/uploads\\\/2021\\\/07\\\/meydan-logo.svg\",\"contentUrl\":\"https:\\\/\\\/www.meydan.tv\\\/wp-content\\\/uploads\\\/2021\\\/07\\\/meydan-logo.svg\",\"width\":195,\"height\":46,\"caption\":\"Meydan TV\"},\"image\":{\"@id\":\"https:\\\/\\\/www.meydan.tv\\\/az\\\/#\\\/schema\\\/logo\\\/image\\\/\"}},{\"@type\":\"Person\",\"@id\":\"https:\\\/\\\/www.meydan.tv\\\/az\\\/#\\\/schema\\\/person\\\/10d11eccf6da3662cf5fdab9806ea91a\",\"name\":\"user-manager\"}]}<\/script>\n<!-- \/ Yoast SEO plugin. -->","yoast_head_json":{"title":"Birinci qrup \u0259lil: \u018fm\u0259liyyat \u00fc\u00e7\u00fcn kredit\u0259 girdik - MEYDAN.TV","robots":{"index":"index","follow":"follow","max-snippet":"max-snippet:-1","max-image-preview":"max-image-preview:large","max-video-preview":"max-video-preview:-1"},"canonical":"https:\/\/www.meydan.tv\/az\/article\/birinci-qrup-elil-emeliyyat-ucun-kredite-girdik\/","og_locale":"az_AZ","og_type":"article","og_title":"Birinci qrup \u0259lil: \u018fm\u0259liyyat \u00fc\u00e7\u00fcn kredit\u0259 girdik - MEYDAN.TV","og_description":"\"El\u0259 vaxt olur ki, \u0259z\u0259l\u0259 bo\u015fal\u0131r, aya\u011f\u0131m getmir\".","og_url":"https:\/\/www.meydan.tv\/az\/article\/birinci-qrup-elil-emeliyyat-ucun-kredite-girdik\/","og_site_name":"MEYDAN.TV","article_published_time":"2020-07-29T09:12:10+00:00","og_image":[{"width":739,"height":551,"url":"https:\/\/www.meydan.tv\/wp-content\/uploads\/image_from_ios_3_8jtntki.jpg","type":"image\/jpeg"}],"author":"user-manager","twitter_card":"summary_large_image","schema":{"@context":"https:\/\/schema.org","@graph":[{"@type":"Article","@id":"https:\/\/www.meydan.tv\/az\/article\/birinci-qrup-elil-emeliyyat-ucun-kredite-girdik\/#article","isPartOf":{"@id":"https:\/\/www.meydan.tv\/az\/article\/birinci-qrup-elil-emeliyyat-ucun-kredite-girdik\/"},"author":{"name":"user-manager","@id":"https:\/\/www.meydan.tv\/az\/#\/schema\/person\/10d11eccf6da3662cf5fdab9806ea91a"},"headline":"Birinci qrup \u0259lil: \u018fm\u0259liyyat \u00fc\u00e7\u00fcn kredit\u0259 girdik","datePublished":"2020-07-29T09:12:10+00:00","mainEntityOfPage":{"@id":"https:\/\/www.meydan.tv\/az\/article\/birinci-qrup-elil-emeliyyat-ucun-kredite-girdik\/"},"wordCount":949,"publisher":{"@id":"https:\/\/www.meydan.tv\/az\/#organization"},"image":{"@id":"https:\/\/www.meydan.tv\/az\/article\/birinci-qrup-elil-emeliyyat-ucun-kredite-girdik\/#primaryimage"},"thumbnailUrl":"https:\/\/www.meydan.tv\/wp-content\/uploads\/image_from_ios_3_8jtntki.jpg","articleSection":["B\u00f6lg\u0259"],"inLanguage":"az"},{"@type":"WebPage","@id":"https:\/\/www.meydan.tv\/az\/article\/birinci-qrup-elil-emeliyyat-ucun-kredite-girdik\/","url":"https:\/\/www.meydan.tv\/az\/article\/birinci-qrup-elil-emeliyyat-ucun-kredite-girdik\/","name":"Birinci qrup \u0259lil: \u018fm\u0259liyyat \u00fc\u00e7\u00fcn kredit\u0259 girdik - MEYDAN.TV","isPartOf":{"@id":"https:\/\/www.meydan.tv\/az\/#website"},"primaryImageOfPage":{"@id":"https:\/\/www.meydan.tv\/az\/article\/birinci-qrup-elil-emeliyyat-ucun-kredite-girdik\/#primaryimage"},"image":{"@id":"https:\/\/www.meydan.tv\/az\/article\/birinci-qrup-elil-emeliyyat-ucun-kredite-girdik\/#primaryimage"},"thumbnailUrl":"https:\/\/www.meydan.tv\/wp-content\/uploads\/image_from_ios_3_8jtntki.jpg","datePublished":"2020-07-29T09:12:10+00:00","breadcrumb":{"@id":"https:\/\/www.meydan.tv\/az\/article\/birinci-qrup-elil-emeliyyat-ucun-kredite-girdik\/#breadcrumb"},"inLanguage":"az","potentialAction":[{"@type":"ReadAction","target":["https:\/\/www.meydan.tv\/az\/article\/birinci-qrup-elil-emeliyyat-ucun-kredite-girdik\/"]}]},{"@type":"ImageObject","inLanguage":"az","@id":"https:\/\/www.meydan.tv\/az\/article\/birinci-qrup-elil-emeliyyat-ucun-kredite-girdik\/#primaryimage","url":"https:\/\/www.meydan.tv\/wp-content\/uploads\/image_from_ios_3_8jtntki.jpg","contentUrl":"https:\/\/www.meydan.tv\/wp-content\/uploads\/image_from_ios_3_8jtntki.jpg","width":739,"height":551,"caption":"Source: Specify Source"},{"@type":"BreadcrumbList","@id":"https:\/\/www.meydan.tv\/az\/article\/birinci-qrup-elil-emeliyyat-ucun-kredite-girdik\/#breadcrumb","itemListElement":[{"@type":"ListItem","position":1,"name":"Ana s\u0259hif\u0259","item":"https:\/\/www.meydan.tv\/az\/"},{"@type":"ListItem","position":2,"name":"B\u00f6lg\u0259","item":"https:\/\/www.meydan.tv\/az\/section\/bolge\/"},{"@type":"ListItem","position":3,"name":"Birinci qrup \u0259lil: \u018fm\u0259liyyat \u00fc\u00e7\u00fcn kredit\u0259 girdik"}]},{"@type":"WebSite","@id":"https:\/\/www.meydan.tv\/az\/#website","url":"https:\/\/www.meydan.tv\/az\/","name":"MEYDAN.TV","description":"Meydan TV Az\u0259rbaycan\u0131n media m\u0259kan\u0131ndak\u0131 alternativ s\u0259sidir","publisher":{"@id":"https:\/\/www.meydan.tv\/az\/#organization"},"potentialAction":[{"@type":"SearchAction","target":{"@type":"EntryPoint","urlTemplate":"https:\/\/www.meydan.tv\/az\/?s={search_term_string}"},"query-input":{"@type":"PropertyValueSpecification","valueRequired":true,"valueName":"search_term_string"}}],"inLanguage":"az"},{"@type":"Organization","@id":"https:\/\/www.meydan.tv\/az\/#organization","name":"Meydan TV","url":"https:\/\/www.meydan.tv\/az\/","logo":{"@type":"ImageObject","inLanguage":"az","@id":"https:\/\/www.meydan.tv\/az\/#\/schema\/logo\/image\/","url":"https:\/\/www.meydan.tv\/wp-content\/uploads\/2021\/07\/meydan-logo.svg","contentUrl":"https:\/\/www.meydan.tv\/wp-content\/uploads\/2021\/07\/meydan-logo.svg","width":195,"height":46,"caption":"Meydan TV"},"image":{"@id":"https:\/\/www.meydan.tv\/az\/#\/schema\/logo\/image\/"}},{"@type":"Person","@id":"https:\/\/www.meydan.tv\/az\/#\/schema\/person\/10d11eccf6da3662cf5fdab9806ea91a","name":"user-manager"}]}},"_links":{"self":[{"href":"https:\/\/www.meydan.tv\/az\/wp-json\/wp\/v2\/posts\/201689","targetHints":{"allow":["GET"]}}],"collection":[{"href":"https:\/\/www.meydan.tv\/az\/wp-json\/wp\/v2\/posts"}],"about":[{"href":"https:\/\/www.meydan.tv\/az\/wp-json\/wp\/v2\/types\/post"}],"author":[{"embeddable":true,"href":"https:\/\/www.meydan.tv\/az\/wp-json\/wp\/v2\/users\/11"}],"replies":[{"embeddable":true,"href":"https:\/\/www.meydan.tv\/az\/wp-json\/wp\/v2\/comments?post=201689"}],"version-history":[{"count":0,"href":"https:\/\/www.meydan.tv\/az\/wp-json\/wp\/v2\/posts\/201689\/revisions"}],"wp:featuredmedia":[{"embeddable":true,"href":"https:\/\/www.meydan.tv\/az\/wp-json\/wp\/v2\/media\/145317"}],"wp:attachment":[{"href":"https:\/\/www.meydan.tv\/az\/wp-json\/wp\/v2\/media?parent=201689"}],"wp:term":[{"taxonomy":"category","embeddable":true,"href":"https:\/\/www.meydan.tv\/az\/wp-json\/wp\/v2\/categories?post=201689"},{"taxonomy":"post_tag","embeddable":true,"href":"https:\/\/www.meydan.tv\/az\/wp-json\/wp\/v2\/tags?post=201689"}],"curies":[{"name":"wp","href":"https:\/\/api.w.org\/{rel}","templated":true}]}}