{"id":201685,"date":"2020-07-28T16:46:22","date_gmt":"2020-07-28T16:46:22","guid":{"rendered":"https:\/\/www.meydan.tv\/article\/baqqalda-mese-erazisi-mehv-edilir\/"},"modified":"2020-07-28T16:46:22","modified_gmt":"2020-07-28T16:46:22","slug":"baqqalda-mese-erazisi-mehv-edilir","status":"publish","type":"post","link":"https:\/\/www.meydan.tv\/az\/article\/baqqalda-mese-erazisi-mehv-edilir\/","title":{"rendered":"\u201cBaqqalda me\u015f\u0259 \u0259razisi m\u0259hv edilir\u201d"},"content":{"rendered":"<p>\n  <i><br \/>\n    \u015e\u0259kilil\u0259r me\u015f\u0259nin m\u0259hv edilm\u0259sind\u0259n narahatd\u0131lar<br \/>\n  <\/i>\n<\/p>\n<p>\n  \u201cK\u0259ndimizin yax\u0131nl\u0131\u011f\u0131ndak\u0131 me\u015f\u0259 \u0259razisini m\u0259hv edirl\u0259r. Kims\u0259 burada istirah\u0259t m\u0259rk\u0259zimi, yoxsa f\u0131nd\u0131q ba\u011f\u0131m\u0131 salmaq ist\u0259yir. Onlara bu v\u0259h\u015filiyi t\u00f6r\u0259tm\u0259kd\u0259 icaz\u0259ni kim verib, bilmirik\u201d.\n<\/p>\n<p>\n  \u015e\u0259kinin Baqqal k\u0259ndinin sakinl\u0259ri bel\u0259 deyir. Onlar bildirirl\u0259r ki, yax\u0131nl\u0131qlar\u0131ndak\u0131 me\u015f\u0259 \u0259razisi, el\u0259c\u0259 d\u0259 oradak\u0131 \u00f6r\u00fc\u015f sah\u0259si buldozerin a\u011fz\u0131na verilib. Ancaq h\u0259l\u0259 he\u00e7 kim onlara normal bir a\u00e7\u0131qlama verm\u0259yib. Burada n\u0259 i\u015f g\u00f6r\u00fcld\u00fcy\u00fcn\u00fc demirl\u0259r.\n<\/p>\n<p>\n  K\u0259nd sakinl\u0259ri bununla ba\u011fl\u0131 etiraz olaraq aidiyyat\u0131 qurumlara, Me\u015f\u0259 \u0130dar\u0259sin\u0259, \u015e\u0259ki \u015e\u0259h\u0259r \u0130cra Hakimiyy\u0259tin\u0259, el\u0259c\u0259 d\u0259 Ekologiya v\u0259 T\u0259bii S\u0259rv\u0259tl\u0259r Nazirliyin\u0259 m\u00fcraci\u0259t edib. Ancaq me\u015f\u0259l\u0259rin k\u00fcr\u00fcnm\u0259sinin qar\u015f\u0131s\u0131 al\u0131nmay\u0131b.\n<\/p>\n<p>\n  K\u0259nd sakinl\u0259rind\u0259n Nicat Hac\u0131yev deyir ki, dey\u0259s\u0259n me\u015f\u0259nin ax\u0131r\u0131na \u00e7\u0131xana q\u0259d\u0259r \u0259l \u00e7\u0259km\u0259y\u0259c\u0259kl\u0259r:\n<\/p>\n<p>\n  \u201cHaz\u0131rda i\u015fi m\u00fcv\u0259qq\u0259ti dayand\u0131r\u0131blar. Lakin bu, sakinl\u0259rin naraz\u0131l\u0131\u011f\u0131, \u015fikay\u0259ti, yaxud s\u0259hvl\u0259rini anlad\u0131qlar\u0131 \u00fc\u00e7\u00fcn deyil, havalar isti ke\u00e7ir, ona g\u00f6r\u0259dir. Ya da bu aralar koronavirusun yay\u0131lmas\u0131na g\u00f6r\u0259 elan olunan karantin k\u0259sib \u00f6nl\u0259rini, bilmir\u0259m. Amma d\u0259qiq bilir\u0259m ki, burada i\u015fi biryolluq dayand\u0131rmay\u0131blar, davam ed\u0259c\u0259k. H\u0259min \u0259razi me\u015f\u0259 zola\u011f\u0131d\u0131r, orada b\u00f6y\u00fck a\u011faclar var. He\u00e7 d\u0259 kolluqdan ibar\u0259t deyil. B\u0259z\u0259n g\u00f6rd\u00fckl\u0259ri i\u015fin n\u0259 q\u0259d\u0259r pis oldu\u011funu \u00f6rt-basd\u0131r etm\u0259k \u00fc\u00e7\u00fcn \u201cme\u015f\u0259 deyil, kolluqdur\u201d, &#8211; deyirl\u0259r. Ancaq bu, do\u011fru deyil. \u018frazid\u0259 \u00e7oxillik a\u011faclar v\u0259 bir ne\u00e7\u0259 k\u0259ndin d\u0259d\u0259-babadan istifad\u0259 etdiyi \u00f6r\u00fc\u015f sah\u0259l\u0259ri var\u201d.\n<\/p>\n<figure class=\"wp-block-image size-large\">\n  <img decoding=\"async\" src=\"https:\/\/www.meydan.tv\/az\/____ki_me____l__ri_4-jpg\/\" alt=\"____ki_me____l__ri_4.jpg\" class=\"wp-image-145296\"\/><figcaption>\n    \u201cHaz\u0131rda i\u015fi m\u00fcv\u0259qq\u0259ti dayand\u0131r\u0131blar&#8221;<br \/>\n  <\/figcaption><\/figure>\n<p>\n  Nicat Hac\u0131yev deyir ki, onun \u0259sas etiraz\u0131 me\u015f\u0259 zola\u011f\u0131n\u0131n m\u0259hv edilm\u0259sin\u0259dir. T\u0259bi\u0259tin korlanmas\u0131na qar\u015f\u0131d\u0131r. El\u0259c\u0259 d\u0259 k\u0259nd sakinl\u0259ri d\u0259 onun kimi d\u00fc\u015f\u00fcn\u00fcrl\u0259r:\n<\/p>\n<p>\n  \u201cMe\u015f\u0259 ana t\u0259bi\u0259tin ciy\u0259rl\u0259ridir. Onu m\u0259hv etm\u0259k olmaz. T\u0259miz hava, oksigen m\u0259nb\u0259yidir. Bundan sonra lap orda a\u011facl\u0131q da salsalar, o, ne\u00e7\u0259 il\u0259 b\u00f6y\u00fcy\u0259c\u0259k, ne\u00e7\u0259 il\u0259 \u00f6z\u00fcn\u0259 g\u0259l\u0259c\u0259k? Haz\u0131r me\u015f\u0259dir d\u0259, niy\u0259 m\u0259hv edirl\u0259r, anlam\u0131ram\u201d.\n<\/p>\n<p>\n  K\u0259nd sakinl\u0259rind\u0259n Ayd\u0131n A\u011fayev is\u0259 bildirir ki, buradak\u0131 \u0259ks\u0259r insanlar heyvandarl\u0131qlar dolan\u0131r. Bunun \u00fc\u00e7\u00fcn d\u0259 \u00f6r\u00fc\u015f sah\u0259l\u0259ri vacibdir:\n<\/p>\n<p>\n  \u201cM\u0259hv edil\u0259n me\u015f\u0259 zola\u011f\u0131n\u0131n \u0259traf\u0131 \u00f6r\u00fc\u015f sah\u0259l\u0259ridir. \u0130ndi orada n\u0259 ed\u0259c\u0259kl\u0259r, ba\u011f salacaqlar, restoran, otel tik\u0259c\u0259kl\u0259r, bilinmir. H\u0259r n\u0259dir, biz \u00f6r\u00fc\u015f sah\u0259l\u0259rimizd\u0259n d\u0259 olaca\u011f\u0131q. Bizim v\u0259 \u0259traf k\u0259ndin sakinl\u0259ri heyvandarl\u0131qla qazan\u0131r h\u0259yat\u0131n\u0131. H\u0259min \u00f6r\u00fc\u015f sah\u0259l\u0259ri \u0259limizd\u0259n \u00e7\u0131xs\u0131n ist\u0259mirik. Odur ki, aidiyyat\u0131 qurumlardan xahi\u015f edirik, i\u015f\u0259 bigan\u0259 qalmas\u0131nlar. H\u0259min me\u015f\u0259 v\u0259 \u0259trafdak\u0131 \u00f6r\u00fc\u015f sah\u0259l\u0259rinin m\u0259hv edilm\u0259si h\u0259rt\u0259r\u0259fli ziyanl\u0131 bir \u015feydir. H\u0259m t\u0259bi\u0259t\u0259, h\u0259m d\u0259 k\u0259nd t\u0259s\u0259rr\u00fcfat\u0131na\u201d.\n<\/p>\n<p>\n  Sakinl\u0259r bildirirl\u0259r ki, haz\u0131rda i\u015fi m\u00fcv\u0259qq\u0259ti dayand\u0131r\u0131blar. Ancaq onlar ist\u0259yirl\u0259r ki, aidiyyat\u0131 qurumlar bu m\u00fcdd\u0259t \u0259rzind\u0259 bir i\u015f g\u00f6rs\u00fcnl\u0259r, i\u015f tamamil\u0259 dayand\u0131r\u0131ls\u0131n. He\u00e7 olmasa, qalan \u0259raziy\u0259 toxunulmas\u0131n:\n<\/p>\n<figure class=\"wp-block-image size-large\">\n  <img decoding=\"async\" src=\"https:\/\/www.meydan.tv\/az\/____ki_me____l__ri_3-jpg\/\" alt=\"____ki_me____l__ri_3.jpg\" class=\"wp-image-145293\"\/><figcaption>\n    \u201cM\u0259hv edil\u0259n me\u015f\u0259 zola\u011f\u0131n\u0131n \u0259traf\u0131 \u00f6r\u00fc\u015f sah\u0259l\u0259ridir&#8221;<br \/>\n  <\/figcaption><\/figure>\n<p>\n  \u201c\u0130\u015f dayan\u0131b, ancaq yen\u0259 d\u0259 \u0259raziy\u0259 g\u0259lib-ged\u0259nl\u0259r var v\u0259 i\u015fin davam ed\u0259c\u0259yini s\u00f6yl\u0259yirl\u0259r. \u018frazid\u0259 m\u00fchafiz\u0259\u00e7il\u0259r var v\u0259 bu da o dem\u0259kdir ki, bura al\u0131n\u0131b, yaxud icar\u0259y\u0259 verilib. Bir s\u00f6zl\u0259, onlar\u0131nd\u0131r v\u0259 davam ed\u0259c\u0259kl\u0259r. Biz buradan \u00fcz\u00fcm\u00fcz\u00fc tuturuq Prezident \u0130lham \u018fliyev\u0259, Birinci vitse -rezident Mehriban \u018fliyevaya, xahi\u015f edirik, \u00f6lk\u0259mizin me\u015f\u0259l\u0259rini, s\u0259rv\u0259tini talamalar\u0131na imkan verm\u0259yin. Me\u015f\u0259 \u00f6rt\u00fcy\u00fcn\u00fcn m\u0259hv edilm\u0259sinin qar\u015f\u0131s\u0131n\u0131n al\u0131nmas\u0131 il\u0259 ba\u011fl\u0131 g\u00f6st\u0259ri\u015f verin\u201d.\n<\/p>\n<p>\n  Me\u015f\u0259 zola\u011f\u0131 t\u0259kc\u0259 Baqqal k\u0259ndi yax\u0131nl\u0131\u011f\u0131nda k\u00fcr\u00fcnm\u0259yib. Daha \u00f6nc\u0259 \u015e\u0259kinin Bideyiz, Ba\u015f lay\u0131sq\u0131, Cunud v\u0259 K\u00f6b\u0259r Z\u0259yzit k\u0259ndl\u0259ri \u0259traf\u0131ndak\u0131 me\u015f\u0259l\u0259r d\u0259 k\u00fcr\u00fcn\u00fcb v\u0259 yerind\u0259 ba\u011f sal\u0131naca\u011f\u0131 bildirilib. H\u0259min \u0259razid\u0259 500-1000 hektara yax\u0131n me\u015f\u0259 \u00f6rt\u00fcy\u00fc tamamil\u0259 k\u00fcr\u00fcn\u00fcb. \u018frazinin geni\u015fl\u0259nm\u0259 potensial\u0131 \u00e7oxdur.\n<\/p>\n<p>\n  Sakinl\u0259r deyirl\u0259r ki, \u0259razid\u0259 i\u015f g\u00f6r\u0259n \u015firk\u0259tin ad\u0131 \u201cMonte Forre\u201d MMC-dir. H\u0259min me\u015f\u0259l\u0259rd\u0259ki a\u011faclar is\u0259 \u0259sas\u0259n, qoz, f\u0131sd\u0131q, pal\u0131d, armud, sara\u011fan a\u011faclar\u0131d\u0131r.\n<\/p>\n<p>\n  M\u00fcxt\u0259lif sah\u0259l\u0259rd\u0259 f\u0259aliyy\u0259t g\u00f6st\u0259r\u0259n \u015firk\u0259tl\u0259ri \u00f6z\u00fcnd\u0259 birl\u0259\u015fdir\u0259n \u201cAGA Group\u201d 1994-c\u00fc ild\u0259 t\u0259sis edilib.\n<\/p>\n<p>\n  \u201cCaspian Plaza\u201d, \u201cCaspian Business Center\u201d, \u201cDemirchi Tower\u201d, \u201cAGA \u0130\u015f M\u0259rk\u0259zi\u201d, \u201cAriana Business Park\u201d \u015firk\u0259t\u0259 m\u0259xsusdur.\n<\/p>\n<p>\n  \u015eirk\u0259tin r\u0259smi sayt\u0131nda deyir ki, zaman\u0131n, iqtisadi g\u00f6st\u0259ricil\u0259rin v\u0259 istehlak\u00e7\u0131n\u0131n t\u0259l\u0259bl\u0259rin\u0259 uy\u011fun olaraq, \u201cAGA Group\u201d h\u0259m d\u0259 maliyy\u0259, k\u0259nd t\u0259s\u0259rr\u00fcfat\u0131, informasiya texnologiyalar\u0131, turizm v\u0259 otel\u00e7ilik sah\u0259l\u0259rini d\u0259 f\u0259aliyy\u0259t miqyas\u0131na daxil edib.\n<\/p>\n<p>\n  \u201cMonte Ferro Aqropark\u0131\u201d buna g\u00f6r\u0259 2016-ci ild\u0259 t\u0259sis olunub v\u0259 \u015eimal Q\u0259rb regionunda \u0259razil\u0259rind\u0259 geni\u015f sah\u0259ni \u0259hat\u0259 ed\u0259n f\u0131nd\u0131q ba\u011f\u0131n\u0131n sal\u0131nmas\u0131 layih\u0259sini h\u0259yata ke\u00e7irir. Bunun \u00fc\u00e7\u00fcn 3000 ha torpaq sah\u0259si \u0259ld\u0259 edib:\n<\/p>\n<p>\n  \u201cHaz\u0131rda kims\u0259nin istifad\u0259 etm\u0259diyi, \u0259kin\u0259 v\u0259 ba\u011f\u00e7\u0131l\u0131\u011fa yaras\u0131z 1485 ha sah\u0259d\u0259 yeni f\u0131nd\u0131q ba\u011flar\u0131 sal\u0131n\u0131b v\u0259 i\u015f davam edir. 2022-ci il\u0259 kimi f\u0131nd\u0131q ba\u011flar\u0131n\u0131n \u00fcmumi sah\u0259sinin 5000 hektara \u00e7atd\u0131r\u0131lmas\u0131 planla\u015fd\u0131r\u0131l\u0131r\u201d.\n<\/p>\n<p>\n  \u201cAGA Group\u201d \u015firk\u0259tind\u0259n daha \u00f6nc\u0259 Meydan TV-y\u0259 \u201cMonte Ferro Aqropark\u0131\u201dn\u0131n h\u0259qiq\u0259t\u0259n d\u0259 onlar\u0131n \u015fimal- q\u0259rb b\u00f6lg\u0259sind\u0259ki t\u0259msil\u00e7isi oldu\u011funu t\u0259sdiql\u0259yibl\u0259r. Ancaq b\u00f6lg\u0259d\u0259 hans\u0131 i\u015fl\u0259rin g\u00f6r\u00fcld\u00fcy\u00fcnd\u0259n x\u0259b\u0259rsiz olduqlar\u0131n\u0131 s\u00f6yl\u0259yibl\u0259r.\n<\/p>\n<figure class=\"wp-block-image size-large\">\n  <img decoding=\"async\" src=\"https:\/\/www.meydan.tv\/az\/xeriteden_cixarish_meshebeyi-jpg\/\" alt=\"xeriteden_cixarish_meshebeyi.jpg\" class=\"wp-image-145305\"\/><figcaption>\n    \u201cHaz\u0131rda kims\u0259nin istifad\u0259 etm\u0259diyi, \u0259kin\u0259 v\u0259 ba\u011f\u00e7\u0131l\u0131\u011fa yaras\u0131z 1485 ha sah\u0259d\u0259 yeni f\u0131nd\u0131q ba\u011flar\u0131 sal\u0131n\u0131b v\u0259 i\u015f davam edir&#8221;<br \/>\n  <\/figcaption><\/figure>\n<p>\n  Az\u0259rbaycan Respublikas\u0131 Nazirl\u0259r Kabinetinin 1998-ci il 17 oktyabr tarixli 214 n\u00f6mr\u0259li q\u0259rar\u0131 il\u0259 t\u0259sdiql\u0259n\u0259n \u201cMe\u015f\u0259 fondu torpaqlar\u0131n\u0131n icar\u0259y\u0259 verilm\u0259si\u201d Qaydalar\u0131 var. H\u0259min qaydalarda deyilir ki, me\u015f\u0259 bitkil\u0259ri il\u0259 (a\u011fac, kol, yar\u0131m kol) \u00f6rt\u00fcl\u00fc olmayan \u0259razil\u0259r, ancaq me\u015f\u0259 b\u0259rpas\u0131 m\u0259qs\u0259di il\u0259 icar\u0259y\u0259 veril\u0259 bil\u0259r v\u0259 proses yerli icman\u0131n maraqlar\u0131 n\u0259z\u0259r\u0259 al\u0131nmaqla, imtiyazl\u0131 \u015f\u0259xsl\u0259r\u0259 \u00fcst\u00fcnl\u00fck verm\u0259kl\u0259 ancaq a\u015fkarl\u0131q \u015f\u0259raitind\u0259 ba\u015f tutmal\u0131d\u0131r.\n<\/p>\n<p>\n  \u015e\u0259ki \u015e\u0259h\u0259r \u0130cra Hakimiyy\u0259tind\u0259n bildirilib ki, b\u0259li, \u015e\u0259kinin b\u0259zi k\u0259ndl\u0259rind\u0259ki me\u015f\u0259 zolaqlar\u0131 uzunm\u00fcdd\u0259tli icar\u0259y\u0259 verilib. Ancaq bu, onlar\u0131n s\u0259lahiyy\u0259tind\u0259 deyil:\n<\/p>\n<p>\n  \u201cBak\u0131 il\u0259, nazirlikl\u0259 \u0259laq\u0259 saxlay\u0131n. H\u0259mi me\u015f\u0259 sah\u0259l\u0259rini icar\u0259y\u0259 biz verm\u0259mi\u015fik, bizim s\u0259lahiyy\u0259timizd\u0259 deyil. Sakinl\u0259r d\u0259 m\u00fcraci\u0259t edir, onlara da eyni cavab\u0131 veririk\u201d.\n<\/p>\n<p>\n  Ekologiya v\u0259 T\u0259bii S\u0259rv\u0259tl\u0259r Nazirliyind\u0259n Meydan TV-y\u0259 deyibl\u0259r ki, me\u015f\u0259 fondunun a\u00e7\u0131q sah\u0259l\u0259rinin potensial\u0131ndan s\u0259m\u0259r\u0259li istifad\u0259 etm\u0259k m\u0259qs\u0259dil\u0259 Zaqatala, Qax, \u015e\u0259ki, O\u011fuz v\u0259 bir s\u0131ra rayonlar\u0131n \u0259razisind\u0259 olan a\u00e7\u0131q me\u015f\u0259 sah\u0259l\u0259ri aqroba\u011flar\u0131n sal\u0131nmas\u0131 \u00fc\u00e7\u00fcn uzunm\u00fcdd\u0259tli icar\u0259y\u0259 verilib:\n<\/p>\n<p>\n  \u201cBu da me\u015f\u0259 \u00f6rt\u00fcy\u00fcn\u00fcn art\u0131r\u0131lmas\u0131, yeni i\u015f yerl\u0259rinin a\u00e7\u0131lmas\u0131, meyv\u0259 bollu\u011funun t\u0259min olunmas\u0131, h\u0259m\u00e7inin \u0259halinin sosial-iqtisadi v\u0259ziyy\u0259tinin yax\u015f\u0131la\u015fd\u0131r\u0131lmas\u0131 m\u0259qs\u0259di da\u015f\u0131y\u0131r\u201d, &#8211; bunu is\u0259 a\u00e7\u0131qlamas\u0131nda ETSN-nin Me\u015f\u0259l\u0259rin \u0130nki\u015faf\u0131 Departamentinin direktoru A\u011faqarda\u015f Qara\u015fov bildirib.\n<\/p>\n<p>\n  \u201cYeni sal\u0131nacaq ba\u011f sah\u0259l\u0259ri m\u00fcasir damc\u0131l\u0131 suvarma sisteml\u0259ri il\u0259 t\u0259min olunur. Ekologiya v\u0259 T\u0259bii S\u0259rv\u0259tl\u0259r Nazirliyi t\u0259r\u0259find\u0259n me\u015f\u0259 fondunun a\u00e7\u0131q sah\u0259l\u0259rinin bundan sonra da uzunm\u00fcdd\u0259tli icar\u0259y\u0259 verilm\u0259si davam etdiril\u0259c\u0259k\u201d.\n<\/p>\n<figure class=\"wp-block-image size-large\">\n  <img decoding=\"async\" src=\"https:\/\/www.meydan.tv\/az\/etsn_meselerin_inkisai_depertamenti_cavab-jpg\/\" alt=\"etsn_meselerin_inkisai_depertamenti_cavab.jpg\" class=\"wp-image-145308\"\/><figcaption>\n    &#8220;Ekologiya v\u0259 T\u0259bii S\u0259rv\u0259tl\u0259r Nazirliyi t\u0259r\u0259find\u0259n me\u015f\u0259 fondunun a\u00e7\u0131q sah\u0259l\u0259rinin bundan sonra da uzunm\u00fcdd\u0259tli icar\u0259y\u0259 verilm\u0259si davam etdiril\u0259c\u0259k\u201d.<br \/>\n  <\/figcaption><\/figure>\n","protected":false},"excerpt":{"rendered":"<p>&#8220;B\u0259z\u0259n g\u00f6rd\u00fckl\u0259ri i\u015fin n\u0259 q\u0259d\u0259r pis oldu\u011funu \u00f6rt-basd\u0131r etm\u0259k \u00fc\u00e7\u00fcn \u201cme\u015f\u0259 deyil, kolluqdur\u201d, &#8211; deyirl\u0259r.<\/p>\n","protected":false},"author":11,"featured_media":145299,"comment_status":"closed","ping_status":"open","sticky":false,"template":"","format":"standard","meta":{"_acf_changed":false,"_sitemap_exclude":false,"_sitemap_priority":"","_sitemap_frequency":"","footnotes":""},"categories":[60],"tags":[],"class_list":["post-201685","post","type-post","status-publish","format-standard","has-post-thumbnail","hentry","category-bolge","infinite-scroll-item","generate-columns","tablet-grid-50","mobile-grid-100","grid-parent","grid-33","no-featured-image-padding"],"acf":[],"yoast_head":"<!-- This site is optimized with the Yoast SEO plugin v27.5 - https:\/\/yoast.com\/product\/yoast-seo-wordpress\/ -->\n<title>\u201cBaqqalda me\u015f\u0259 \u0259razisi m\u0259hv edilir\u201d - MEYDAN.TV<\/title>\n<meta name=\"robots\" content=\"index, follow, max-snippet:-1, max-image-preview:large, max-video-preview:-1\" \/>\n<link rel=\"canonical\" href=\"https:\/\/www.meydan.tv\/az\/article\/baqqalda-mese-erazisi-mehv-edilir\/\" \/>\n<meta property=\"og:locale\" content=\"az_AZ\" \/>\n<meta property=\"og:type\" content=\"article\" \/>\n<meta property=\"og:title\" content=\"\u201cBaqqalda me\u015f\u0259 \u0259razisi m\u0259hv edilir\u201d - MEYDAN.TV\" \/>\n<meta property=\"og:description\" content=\"&quot;B\u0259z\u0259n g\u00f6rd\u00fckl\u0259ri i\u015fin n\u0259 q\u0259d\u0259r pis oldu\u011funu \u00f6rt-basd\u0131r etm\u0259k \u00fc\u00e7\u00fcn \u201cme\u015f\u0259 deyil, kolluqdur\u201d, - deyirl\u0259r.\" \/>\n<meta property=\"og:url\" content=\"https:\/\/www.meydan.tv\/az\/article\/baqqalda-mese-erazisi-mehv-edilir\/\" \/>\n<meta property=\"og:site_name\" content=\"MEYDAN.TV\" \/>\n<meta property=\"article:published_time\" content=\"2020-07-28T16:46:22+00:00\" \/>\n<meta property=\"og:image\" content=\"https:\/\/www.meydan.tv\/wp-content\/uploads\/74693547_2672061622849994_3112522637172015104_n.jpg\" \/>\n\t<meta property=\"og:image:width\" content=\"2048\" \/>\n\t<meta property=\"og:image:height\" content=\"1536\" \/>\n\t<meta property=\"og:image:type\" content=\"image\/jpeg\" \/>\n<meta name=\"author\" content=\"user-manager\" \/>\n<meta name=\"twitter:card\" content=\"summary_large_image\" \/>\n<script type=\"application\/ld+json\" class=\"yoast-schema-graph\">{\"@context\":\"https:\\\/\\\/schema.org\",\"@graph\":[{\"@type\":\"Article\",\"@id\":\"https:\\\/\\\/www.meydan.tv\\\/az\\\/article\\\/baqqalda-mese-erazisi-mehv-edilir\\\/#article\",\"isPartOf\":{\"@id\":\"https:\\\/\\\/www.meydan.tv\\\/az\\\/article\\\/baqqalda-mese-erazisi-mehv-edilir\\\/\"},\"author\":{\"name\":\"user-manager\",\"@id\":\"https:\\\/\\\/www.meydan.tv\\\/az\\\/#\\\/schema\\\/person\\\/10d11eccf6da3662cf5fdab9806ea91a\"},\"headline\":\"\u201cBaqqalda me\u015f\u0259 \u0259razisi m\u0259hv edilir\u201d\",\"datePublished\":\"2020-07-28T16:46:22+00:00\",\"mainEntityOfPage\":{\"@id\":\"https:\\\/\\\/www.meydan.tv\\\/az\\\/article\\\/baqqalda-mese-erazisi-mehv-edilir\\\/\"},\"wordCount\":1513,\"publisher\":{\"@id\":\"https:\\\/\\\/www.meydan.tv\\\/az\\\/#organization\"},\"image\":{\"@id\":\"https:\\\/\\\/www.meydan.tv\\\/az\\\/article\\\/baqqalda-mese-erazisi-mehv-edilir\\\/#primaryimage\"},\"thumbnailUrl\":\"https:\\\/\\\/www.meydan.tv\\\/wp-content\\\/uploads\\\/74693547_2672061622849994_3112522637172015104_n.jpg\",\"articleSection\":[\"B\u00f6lg\u0259\"],\"inLanguage\":\"az\"},{\"@type\":\"WebPage\",\"@id\":\"https:\\\/\\\/www.meydan.tv\\\/az\\\/article\\\/baqqalda-mese-erazisi-mehv-edilir\\\/\",\"url\":\"https:\\\/\\\/www.meydan.tv\\\/az\\\/article\\\/baqqalda-mese-erazisi-mehv-edilir\\\/\",\"name\":\"\u201cBaqqalda me\u015f\u0259 \u0259razisi m\u0259hv edilir\u201d - MEYDAN.TV\",\"isPartOf\":{\"@id\":\"https:\\\/\\\/www.meydan.tv\\\/az\\\/#website\"},\"primaryImageOfPage\":{\"@id\":\"https:\\\/\\\/www.meydan.tv\\\/az\\\/article\\\/baqqalda-mese-erazisi-mehv-edilir\\\/#primaryimage\"},\"image\":{\"@id\":\"https:\\\/\\\/www.meydan.tv\\\/az\\\/article\\\/baqqalda-mese-erazisi-mehv-edilir\\\/#primaryimage\"},\"thumbnailUrl\":\"https:\\\/\\\/www.meydan.tv\\\/wp-content\\\/uploads\\\/74693547_2672061622849994_3112522637172015104_n.jpg\",\"datePublished\":\"2020-07-28T16:46:22+00:00\",\"breadcrumb\":{\"@id\":\"https:\\\/\\\/www.meydan.tv\\\/az\\\/article\\\/baqqalda-mese-erazisi-mehv-edilir\\\/#breadcrumb\"},\"inLanguage\":\"az\",\"potentialAction\":[{\"@type\":\"ReadAction\",\"target\":[\"https:\\\/\\\/www.meydan.tv\\\/az\\\/article\\\/baqqalda-mese-erazisi-mehv-edilir\\\/\"]}]},{\"@type\":\"ImageObject\",\"inLanguage\":\"az\",\"@id\":\"https:\\\/\\\/www.meydan.tv\\\/az\\\/article\\\/baqqalda-mese-erazisi-mehv-edilir\\\/#primaryimage\",\"url\":\"https:\\\/\\\/www.meydan.tv\\\/wp-content\\\/uploads\\\/74693547_2672061622849994_3112522637172015104_n.jpg\",\"contentUrl\":\"https:\\\/\\\/www.meydan.tv\\\/wp-content\\\/uploads\\\/74693547_2672061622849994_3112522637172015104_n.jpg\",\"width\":2048,\"height\":1536,\"caption\":\"Source: Specify Source\"},{\"@type\":\"BreadcrumbList\",\"@id\":\"https:\\\/\\\/www.meydan.tv\\\/az\\\/article\\\/baqqalda-mese-erazisi-mehv-edilir\\\/#breadcrumb\",\"itemListElement\":[{\"@type\":\"ListItem\",\"position\":1,\"name\":\"Ana s\u0259hif\u0259\",\"item\":\"https:\\\/\\\/www.meydan.tv\\\/az\\\/\"},{\"@type\":\"ListItem\",\"position\":2,\"name\":\"B\u00f6lg\u0259\",\"item\":\"https:\\\/\\\/www.meydan.tv\\\/az\\\/section\\\/bolge\\\/\"},{\"@type\":\"ListItem\",\"position\":3,\"name\":\"\u201cBaqqalda me\u015f\u0259 \u0259razisi m\u0259hv edilir\u201d\"}]},{\"@type\":\"WebSite\",\"@id\":\"https:\\\/\\\/www.meydan.tv\\\/az\\\/#website\",\"url\":\"https:\\\/\\\/www.meydan.tv\\\/az\\\/\",\"name\":\"MEYDAN.TV\",\"description\":\"Meydan TV Az\u0259rbaycan\u0131n media m\u0259kan\u0131ndak\u0131 alternativ s\u0259sidir\",\"publisher\":{\"@id\":\"https:\\\/\\\/www.meydan.tv\\\/az\\\/#organization\"},\"potentialAction\":[{\"@type\":\"SearchAction\",\"target\":{\"@type\":\"EntryPoint\",\"urlTemplate\":\"https:\\\/\\\/www.meydan.tv\\\/az\\\/?s={search_term_string}\"},\"query-input\":{\"@type\":\"PropertyValueSpecification\",\"valueRequired\":true,\"valueName\":\"search_term_string\"}}],\"inLanguage\":\"az\"},{\"@type\":\"Organization\",\"@id\":\"https:\\\/\\\/www.meydan.tv\\\/az\\\/#organization\",\"name\":\"Meydan TV\",\"url\":\"https:\\\/\\\/www.meydan.tv\\\/az\\\/\",\"logo\":{\"@type\":\"ImageObject\",\"inLanguage\":\"az\",\"@id\":\"https:\\\/\\\/www.meydan.tv\\\/az\\\/#\\\/schema\\\/logo\\\/image\\\/\",\"url\":\"https:\\\/\\\/www.meydan.tv\\\/wp-content\\\/uploads\\\/2021\\\/07\\\/meydan-logo.svg\",\"contentUrl\":\"https:\\\/\\\/www.meydan.tv\\\/wp-content\\\/uploads\\\/2021\\\/07\\\/meydan-logo.svg\",\"width\":195,\"height\":46,\"caption\":\"Meydan TV\"},\"image\":{\"@id\":\"https:\\\/\\\/www.meydan.tv\\\/az\\\/#\\\/schema\\\/logo\\\/image\\\/\"}},{\"@type\":\"Person\",\"@id\":\"https:\\\/\\\/www.meydan.tv\\\/az\\\/#\\\/schema\\\/person\\\/10d11eccf6da3662cf5fdab9806ea91a\",\"name\":\"user-manager\"}]}<\/script>\n<!-- \/ Yoast SEO plugin. -->","yoast_head_json":{"title":"\u201cBaqqalda me\u015f\u0259 \u0259razisi m\u0259hv edilir\u201d - MEYDAN.TV","robots":{"index":"index","follow":"follow","max-snippet":"max-snippet:-1","max-image-preview":"max-image-preview:large","max-video-preview":"max-video-preview:-1"},"canonical":"https:\/\/www.meydan.tv\/az\/article\/baqqalda-mese-erazisi-mehv-edilir\/","og_locale":"az_AZ","og_type":"article","og_title":"\u201cBaqqalda me\u015f\u0259 \u0259razisi m\u0259hv edilir\u201d - MEYDAN.TV","og_description":"\"B\u0259z\u0259n g\u00f6rd\u00fckl\u0259ri i\u015fin n\u0259 q\u0259d\u0259r pis oldu\u011funu \u00f6rt-basd\u0131r etm\u0259k \u00fc\u00e7\u00fcn \u201cme\u015f\u0259 deyil, kolluqdur\u201d, - deyirl\u0259r.","og_url":"https:\/\/www.meydan.tv\/az\/article\/baqqalda-mese-erazisi-mehv-edilir\/","og_site_name":"MEYDAN.TV","article_published_time":"2020-07-28T16:46:22+00:00","og_image":[{"width":2048,"height":1536,"url":"https:\/\/www.meydan.tv\/wp-content\/uploads\/74693547_2672061622849994_3112522637172015104_n.jpg","type":"image\/jpeg"}],"author":"user-manager","twitter_card":"summary_large_image","schema":{"@context":"https:\/\/schema.org","@graph":[{"@type":"Article","@id":"https:\/\/www.meydan.tv\/az\/article\/baqqalda-mese-erazisi-mehv-edilir\/#article","isPartOf":{"@id":"https:\/\/www.meydan.tv\/az\/article\/baqqalda-mese-erazisi-mehv-edilir\/"},"author":{"name":"user-manager","@id":"https:\/\/www.meydan.tv\/az\/#\/schema\/person\/10d11eccf6da3662cf5fdab9806ea91a"},"headline":"\u201cBaqqalda me\u015f\u0259 \u0259razisi m\u0259hv edilir\u201d","datePublished":"2020-07-28T16:46:22+00:00","mainEntityOfPage":{"@id":"https:\/\/www.meydan.tv\/az\/article\/baqqalda-mese-erazisi-mehv-edilir\/"},"wordCount":1513,"publisher":{"@id":"https:\/\/www.meydan.tv\/az\/#organization"},"image":{"@id":"https:\/\/www.meydan.tv\/az\/article\/baqqalda-mese-erazisi-mehv-edilir\/#primaryimage"},"thumbnailUrl":"https:\/\/www.meydan.tv\/wp-content\/uploads\/74693547_2672061622849994_3112522637172015104_n.jpg","articleSection":["B\u00f6lg\u0259"],"inLanguage":"az"},{"@type":"WebPage","@id":"https:\/\/www.meydan.tv\/az\/article\/baqqalda-mese-erazisi-mehv-edilir\/","url":"https:\/\/www.meydan.tv\/az\/article\/baqqalda-mese-erazisi-mehv-edilir\/","name":"\u201cBaqqalda me\u015f\u0259 \u0259razisi m\u0259hv edilir\u201d - MEYDAN.TV","isPartOf":{"@id":"https:\/\/www.meydan.tv\/az\/#website"},"primaryImageOfPage":{"@id":"https:\/\/www.meydan.tv\/az\/article\/baqqalda-mese-erazisi-mehv-edilir\/#primaryimage"},"image":{"@id":"https:\/\/www.meydan.tv\/az\/article\/baqqalda-mese-erazisi-mehv-edilir\/#primaryimage"},"thumbnailUrl":"https:\/\/www.meydan.tv\/wp-content\/uploads\/74693547_2672061622849994_3112522637172015104_n.jpg","datePublished":"2020-07-28T16:46:22+00:00","breadcrumb":{"@id":"https:\/\/www.meydan.tv\/az\/article\/baqqalda-mese-erazisi-mehv-edilir\/#breadcrumb"},"inLanguage":"az","potentialAction":[{"@type":"ReadAction","target":["https:\/\/www.meydan.tv\/az\/article\/baqqalda-mese-erazisi-mehv-edilir\/"]}]},{"@type":"ImageObject","inLanguage":"az","@id":"https:\/\/www.meydan.tv\/az\/article\/baqqalda-mese-erazisi-mehv-edilir\/#primaryimage","url":"https:\/\/www.meydan.tv\/wp-content\/uploads\/74693547_2672061622849994_3112522637172015104_n.jpg","contentUrl":"https:\/\/www.meydan.tv\/wp-content\/uploads\/74693547_2672061622849994_3112522637172015104_n.jpg","width":2048,"height":1536,"caption":"Source: Specify Source"},{"@type":"BreadcrumbList","@id":"https:\/\/www.meydan.tv\/az\/article\/baqqalda-mese-erazisi-mehv-edilir\/#breadcrumb","itemListElement":[{"@type":"ListItem","position":1,"name":"Ana s\u0259hif\u0259","item":"https:\/\/www.meydan.tv\/az\/"},{"@type":"ListItem","position":2,"name":"B\u00f6lg\u0259","item":"https:\/\/www.meydan.tv\/az\/section\/bolge\/"},{"@type":"ListItem","position":3,"name":"\u201cBaqqalda me\u015f\u0259 \u0259razisi m\u0259hv edilir\u201d"}]},{"@type":"WebSite","@id":"https:\/\/www.meydan.tv\/az\/#website","url":"https:\/\/www.meydan.tv\/az\/","name":"MEYDAN.TV","description":"Meydan TV Az\u0259rbaycan\u0131n media m\u0259kan\u0131ndak\u0131 alternativ s\u0259sidir","publisher":{"@id":"https:\/\/www.meydan.tv\/az\/#organization"},"potentialAction":[{"@type":"SearchAction","target":{"@type":"EntryPoint","urlTemplate":"https:\/\/www.meydan.tv\/az\/?s={search_term_string}"},"query-input":{"@type":"PropertyValueSpecification","valueRequired":true,"valueName":"search_term_string"}}],"inLanguage":"az"},{"@type":"Organization","@id":"https:\/\/www.meydan.tv\/az\/#organization","name":"Meydan TV","url":"https:\/\/www.meydan.tv\/az\/","logo":{"@type":"ImageObject","inLanguage":"az","@id":"https:\/\/www.meydan.tv\/az\/#\/schema\/logo\/image\/","url":"https:\/\/www.meydan.tv\/wp-content\/uploads\/2021\/07\/meydan-logo.svg","contentUrl":"https:\/\/www.meydan.tv\/wp-content\/uploads\/2021\/07\/meydan-logo.svg","width":195,"height":46,"caption":"Meydan TV"},"image":{"@id":"https:\/\/www.meydan.tv\/az\/#\/schema\/logo\/image\/"}},{"@type":"Person","@id":"https:\/\/www.meydan.tv\/az\/#\/schema\/person\/10d11eccf6da3662cf5fdab9806ea91a","name":"user-manager"}]}},"_links":{"self":[{"href":"https:\/\/www.meydan.tv\/az\/wp-json\/wp\/v2\/posts\/201685","targetHints":{"allow":["GET"]}}],"collection":[{"href":"https:\/\/www.meydan.tv\/az\/wp-json\/wp\/v2\/posts"}],"about":[{"href":"https:\/\/www.meydan.tv\/az\/wp-json\/wp\/v2\/types\/post"}],"author":[{"embeddable":true,"href":"https:\/\/www.meydan.tv\/az\/wp-json\/wp\/v2\/users\/11"}],"replies":[{"embeddable":true,"href":"https:\/\/www.meydan.tv\/az\/wp-json\/wp\/v2\/comments?post=201685"}],"version-history":[{"count":0,"href":"https:\/\/www.meydan.tv\/az\/wp-json\/wp\/v2\/posts\/201685\/revisions"}],"wp:featuredmedia":[{"embeddable":true,"href":"https:\/\/www.meydan.tv\/az\/wp-json\/wp\/v2\/media\/145299"}],"wp:attachment":[{"href":"https:\/\/www.meydan.tv\/az\/wp-json\/wp\/v2\/media?parent=201685"}],"wp:term":[{"taxonomy":"category","embeddable":true,"href":"https:\/\/www.meydan.tv\/az\/wp-json\/wp\/v2\/categories?post=201685"},{"taxonomy":"post_tag","embeddable":true,"href":"https:\/\/www.meydan.tv\/az\/wp-json\/wp\/v2\/tags?post=201685"}],"curies":[{"name":"wp","href":"https:\/\/api.w.org\/{rel}","templated":true}]}}