{"id":201682,"date":"2020-07-28T14:23:00","date_gmt":"2020-07-28T14:23:00","guid":{"rendered":"https:\/\/www.meydan.tv\/article\/agsu-sakini-icra-bascisi-ustume-qisqirdi-ki\/"},"modified":"2020-07-28T14:23:00","modified_gmt":"2020-07-28T14:23:00","slug":"agsu-sakini-icra-bascisi-ustume-qisqirdi-ki","status":"publish","type":"post","link":"https:\/\/www.meydan.tv\/az\/article\/agsu-sakini-icra-bascisi-ustume-qisqirdi-ki\/","title":{"rendered":"A\u011fsu sakini: \u0130cra ba\u015f\u00e7\u0131s\u0131 \u00fcst\u00fcm\u0259 q\u0131\u015fq\u0131rd\u0131 ki&#8230;"},"content":{"rendered":"<p>\n  <i><br \/>\n    \u201cKims\u0259siz v\u0259 savads\u0131z oldu\u011fuma g\u00f6r\u0259 m\u00fcraci\u0259tim\u0259 m\u0259h\u0259l qoyan yoxdur\u201d<br \/>\n  <\/i>\n<\/p>\n<p>\n  A\u011fsu rayonu, \u00dclg\u00fcc k\u0259nd sakini \u018fziz\u0259 Kaz\u0131mova yerli icra hakimiyy\u0259ti t\u0259r\u0259find\u0259n aldad\u0131ld\u0131\u011f\u0131n\u0131 deyir.\n<\/p>\n<p>\n  O, Meydan TV-y\u0259 a\u00e7\u0131qlamas\u0131nda iddia edib ki, 2019-cu ilin fevral\u0131nda A\u011fsu rayonu \u0259razisind\u0259 ba\u015f ver\u0259n z\u0259lz\u0259l\u0259d\u0259n sonra aidiyyat\u0131 quruma evin\u0259 bax\u0131\u015f ke\u00e7irilim\u0259si il\u0259 ba\u011fl\u0131 m\u00fcraci\u0259t edib. M\u00fcraci\u0259tinin n\u0259tic\u0259siz qald\u0131\u011f\u0131n\u0131 g\u00f6r\u0259n \u015fikay\u0259t\u00e7i Birinci vitse-prezident Mehriban \u018fliyevaya m\u0259ktub yaz\u0131b. A\u011fsu Rayon \u0130cra Hakimiyy\u0259tin\u0259 y\u00f6nl\u0259ndiril\u0259n m\u0259ktuba cavab olaraq bildirilib ki, f\u0259rdi m\u0259nzil\u0259 art\u0131q bax\u0131\u015f ke\u00e7iril\u0259r\u0259k yenid\u0259n b\u0259rpa edilib. \u018fziz\u0259 Kaz\u0131mova bel\u0259 deyir:\n<\/p>\n<p>\n  \u201cH\u0259l\u0259 z\u0259lz\u0259l\u0259d\u0259n \u0259vv\u0259l d\u0259f\u0259l\u0259rl\u0259 icra hakimiyy\u0259tin\u0259 gedirdim ki, k\u00f6hn\u0259 u\u00e7ub-da\u011f\u0131lan evim\u0259 bir \u0259ncam \u00e7\u0259ksinl\u0259r. Valideynl\u0259rim v\u0259fat edib, evd\u0259 t\u0259k ya\u015fay\u0131ram. Kims\u0259siz v\u0259 savads\u0131z oldu\u011fuma g\u00f6r\u0259 m\u00fcraci\u0259tim\u0259 m\u0259h\u0259l qoyan yoxdur. \u00d6t\u0259n il z\u0259lz\u0259l\u0259d\u0259n sonra da ora getdim, may\u0131n 28-d\u0259 evimi qeydiyyata al\u0131blar. \u0130ndi m\u0259n\u0259 m\u0259ktub g\u0259lib ki, eviniz\u0259 bax\u0131\u015f ke\u00e7irib, t\u0259mir etmi\u015fik. Halbuki, m\u0259nim evim nec\u0259 var, el\u0259 d\u0259 qal\u0131b. \u0130cra Hakimiyy\u0259tind\u0259 Orxan adl\u0131 bir n\u0259f\u0259r (Memarl\u0131q v\u0259 Tikinti \u015f\u00f6b\u0259sind\u0259 apar\u0131c\u0131 m\u0259sl\u0259h\u0259t\u00e7i, m\u00fch\u0259ndis Orxan Z\u00fclf\u00fcqarov-red) var, ona dedim ki, ax\u0131 evimi d\u00fcz\u0259ltm\u0259misiniz. O da dedi ki, siz qeydiyyatdan ke\u00e7misiniz, siyah\u0131da ad\u0131n\u0131z var, amma karantindir, indi i\u015f yoxdur. Bundan sonra tikinti olmayacaq, qurtard\u0131. Qalm\u0131\u015fam pis v\u0259ziyy\u0259td\u0259. Evin ikinci m\u0259rt\u0259b\u0259si q\u0259zal\u0131 v\u0259ziyy\u0259td\u0259dir, yuxar\u0131 \u00e7\u0131xa bilmir\u0259m. Qalm\u0131\u015fam torpaq evd\u0259. Ya\u011f\u0131\u015f ya\u011fanda suyun i\u00e7ind\u0259 qal\u0131ram. Qorxuram, yataram, ev \u00fcst\u00fcm\u0259 a\u015far, alt\u0131nda qalaram. Ev\u0259 baxmay\u0131blar, lakin m\u0259ktubda yaz\u0131blar ki, bax\u0131\u015f ke\u00e7irmi\u015fik\u201d.\n<\/p>\n<figure class=\"wp-block-image size-large\">\n  <img decoding=\"async\" src=\"https:\/\/www.meydan.tv\/az\/20181223_154845_720-jpg\/\" alt=\"20181223_154845_720.jpg\" class=\"wp-image-145290\"\/><figcaption>\n    &#8220;Qalm\u0131\u015fam torpaq evd\u0259&#8221;<br \/>\n  <\/figcaption><\/figure>\n<p>\n  \u201c\u0130cra ba\u015f\u00e7\u0131s\u0131 \u015fikay\u0259tl\u0259rim\u0259 m\u0259h\u0259l qoymur. \u018fkins\u0259, q\u0259buluna ged\u0259nd\u0259, kobudluq edir&quot;, &#8211; dey\u0259 \u015fikay\u0259t\u00e7i s\u00f6yl\u0259yir:\n<\/p>\n<p>\n  \u201cM\u0259nd\u0259n \u00e7ox A\u011fsu Rayon \u0130cra Hakimiyy\u0259tin\u0259 ged\u0259n yoxdur. G\u00fcnd\u0259 gedirdim, h\u0259r d\u0259f\u0259 icra ba\u015f\u00e7\u0131s\u0131 Vahid Ta\u011f\u0131yevin q\u0259buluna girirdim, d\u0259rdimi deyirdim. Bir d\u0259f\u0259 m\u0259n\u0259 bir g\u00fcn qoydu ki, g\u0259l g\u00f6r\u0259s\u0259n, \u00fcst\u00fcm\u0259 q\u0131\u015fq\u0131rd\u0131. Dedi ki, s\u0259n evi s\u0131\u011fortalamam\u0131san. \u00c7\u0131x get, s\u0259nin evin d\u00fcz\u0259lm\u0259y\u0259c\u0259k. Ona dedim ki, g\u0259lin, m\u0259nim ya\u015fad\u0131\u011f\u0131m ev\u0259, v\u0259ziyy\u0259tim\u0259 bax\u0131n. Ged\u0259nd\u0259 h\u0259r d\u0259f\u0259 ba\u015flay\u0131r, \u00fcst\u00fcm\u0259 q\u0131\u015fq\u0131rma\u011fa ki, ay xan\u0131m, yen\u0259 g\u0259lmis\u0259n? Sonuncu d\u0259f\u0259 dedi ki, m\u0259n ev tikintisi i\u015fin\u0259 baxm\u0131ram. Dedim ki, m\u00fc\u0259llim, siz bu rayonun b\u00f6y\u00fcy\u00fcs\u00fcn\u00fcz. D\u0259rdimi kim\u0259 dem\u0259liy\u0259m? Siz\u0259 m\u00fcraci\u0259t etm\u0259liy\u0259m. Kim\u0259 m\u00fcraci\u0259t etm\u0259liy\u0259m? D\u0259rdimi kim\u0259 deyim? He\u00e7 kim m\u0259n\u0259 k\u00f6m\u0259klik etmir. Yenid\u0259n Mehriban \u018fliyevaya m\u0259ktub yazm\u0131\u015fam. Vallah, bizim k\u0259ndd\u0259 el\u0259 evl\u0259ri d\u00fcz\u0259ldibl\u0259r, adam m\u0259\u0259tt\u0259l qal\u0131r. Normal evi s\u00f6k\u00fcb, da\u015fdan yenid\u0259n tikibl\u0259r. \u0130\u015f buras\u0131ndad\u0131r ki, imkanl\u0131 adamlar\u0131n evini tikirl\u0259r. Amma m\u0259nim kimi yetim-yesir\u0259 baxan yoxdur. B\u0259lk\u0259 d\u0259 imkanl\u0131 adamlar r\u00fc\u015fv\u0259t verir, bilmir\u0259m. M\u0259n he\u00e7 kim\u0259 r\u00fc\u015fv\u0259t ver\u0259c\u0259k halda deyil\u0259m. Pulum olsa, el\u0259 evimi d\u00fcz\u0259ld\u0259r\u0259m. Daha gedib kim\u0259s\u0259 a\u011f\u0131z a\u00e7maram. \u0130\u015fl\u0259mir\u0259m, x\u0259st\u0259y\u0259m. Bir az g\u0259z\u0259n kimi, ayaqlar\u0131m tutulur. Pulum da yoxdur ki, h\u0259kim\u0259 gedim. K\u0259nd camaat\u0131 m\u0259n\u0259 3-5 manat n\u0259zir verir. Onu da i\u015f\u0131\u011fa vururam. Pul olmayanda qaranl\u0131qda qal\u0131ram\u201d.\n<\/p>\n<figure class=\"wp-block-image size-large\">\n  <img decoding=\"async\" src=\"https:\/\/www.meydan.tv\/az\/20181223_154753-jpg\/\" alt=\"20181223_154753.jpg\" class=\"wp-image-145281\"\/><figcaption>\n    &#8220;Pul olmayanda qaranl\u0131qda qal\u0131ram&#8221;<br \/>\n  <\/figcaption><\/figure>\n<p>\n  A\u011fsu Rayonu \u0130cra Hakimiyy\u0259ti Memarl\u0131q v\u0259 Tikinti \u015f\u00f6b\u0259sinin m\u00fch\u0259ndisi Orxan Z\u00fclf\u00fcqarov Meydan TV-y\u0259 a\u00e7\u0131qlamas\u0131nda deyib ki, \u018fziz\u0259 Kaz\u0131movan\u0131n ad\u0131 siyah\u0131yaalma bit\u0259nd\u0259n sonra m\u00fcraci\u0259t ed\u0259n v\u0259t\u0259nda\u015flar\u0131n siyah\u0131s\u0131ndad\u0131r:\n<\/p>\n<p>\n  \u201cT\u0259\u0259ss\u00fcf ki, F\u00f6vq\u0259lad\u0259 Hallar Nazirliyi siyah\u0131yaalma bit\u0259nd\u0259n sonra edil\u0259n m\u00fcraci\u0259tl\u0259r\u0259 bax\u0131\u015f ke\u00e7irm\u0259di. H\u0259min komissiya burada be\u015f ay f\u0259aliyy\u0259t g\u00f6st\u0259rib, bu m\u00fcdd\u0259t \u0259rzind\u0259 m\u00fcraci\u0259t ed\u0259n v\u0259t\u0259nda\u015flar\u0131n f\u0259rdi m\u0259nzill\u0259rin\u0259 FHN-nin \u0259m\u0259kda\u015flar\u0131 baxd\u0131lar. V\u0259t\u0259nda\u015f \u018fziz\u0259 Kaz\u0131mova gec m\u00fcraci\u0259t etdiyi \u00fc\u00e7\u00fcn qeydiyyata d\u00fc\u015fm\u0259yib. H\u0259min v\u0259t\u0259nda\u015f icra hakimiyy\u0259tin\u0259 tez-tez g\u0259lir. Onun evin\u0259 bax\u0131lmad\u0131\u011f\u0131 halda bel\u0259 bir s\u00f6hb\u0259t uydurub. Onun evin\u0259 bax\u0131\u015f ke\u00e7irib, r\u0259y verilm\u0259yibs\u0259, nec\u0259 tik\u0259 bil\u0259rl\u0259r? Sad\u0259c\u0259, ev siyah\u0131ya al\u0131n\u0131b v\u0259 bildirilib ki, \u0259g\u0259r yenid\u0259n bax\u0131\u015f ke\u00e7irils\u0259, sizin ev\u0259 bax\u0131lacaq\u201d.\n<\/p>\n<p>\n  \u018fziz\u0259 Kaz\u0131mova h\u0259l\u0259 2019-cu ilin yanvar\u0131ndan A\u011fsu Rayon \u0130cra Hakimiyy\u0259tin\u0259 evinin q\u0259zal\u0131 olmas\u0131 il\u0259 ba\u011fl\u0131 m\u00fcraci\u0259t edib. \u015eikay\u0259t\u00e7i qurumdan m\u00fcsb\u0259t cavab almad\u0131\u011f\u0131 \u00fc\u00e7\u00fcn d\u0259rdini Meydan TV-y\u0259<br \/>\n  <a href=\"https:\/\/d9mc3ts4czbpr.cloudfront.net\/ru\/article\/agsu-sakini-geceler-qorxu-sekseke-icinde-yatiram-ki-ev-basima-ucacaq\/\"><br \/>\n    dan\u0131\u015f\u0131b<br \/>\n  <\/a><br \/>\n  .\n<\/p>\n<p>\n  Orxan Z\u00fclf\u00fcqarov is\u0259 Meydan TV \u0259m\u0259kda\u015f\u0131 il\u0259 s\u00f6hb\u0259tind\u0259 v\u0259t\u0259nda\u015f\u0131n icra hakimiyy\u0259tin\u0259 n\u0259 zaman m\u00fcraci\u0259t etm\u0259sin\u0259 dair d\u0259qiq tarix s\u00f6yl\u0259m\u0259yib.\n<\/p>\n<p>\n  2019-cu ilin fevral\u0131n 5-d\u0259 Pirqulu stansiyas\u0131ndan 7 km c\u0259nubda, A\u011fsu \u0259razisind\u0259 4,4 bal g\u00fcc\u00fcnd\u0259 z\u0259lz\u0259l\u0259 qeyd\u0259 al\u0131n\u0131b. H\u0259min z\u0259lz\u0259l\u0259 episentrd\u0259 5 bala yax\u0131n, \u0259traf rayonlarda 4,3 bala q\u0259d\u0259r hiss olunub. H\u0259min g\u00fcn Pirqulu stansiyas\u0131ndan 9 km c\u0259nub-q\u0259rbd\u0259 \u0130smay\u0131ll\u0131 \u0259razisind\u0259 z\u0259lz\u0259l\u0259 qeyd\u0259 al\u0131n\u0131b. Fevral\u0131n 9-da v\u0259 11-d\u0259 d\u0259 Pirqulu stansiyas\u0131ndan 8 v\u0259 9 km c\u0259nub-q\u0259rbd\u0259 v\u0259 q\u0259rbd\u0259 yeralt\u0131 t\u0259kanlar ba\u015f verib.\n<\/p>\n<figure class=\"wp-block-image size-large\">\n  <img decoding=\"async\" src=\"https:\/\/www.meydan.tv\/az\/116457132_2662155030771540_1141230350630949049_n-jpg\/\" alt=\"116457132_2662155030771540_1141230350630949049_n.jpg\" class=\"wp-image-145278\"\/><figcaption>\n    \u018fziz\u0259 Kaz\u0131mova<br \/>\n  <\/figcaption><\/figure>\n<p>\n  Z\u0259lz\u0259l\u0259 n\u0259tic\u0259sind\u0259 \u015eamax\u0131, \u0130smay\u0131ll\u0131 v\u0259 A\u011fsu rayonlar\u0131nda bir \u00e7ox f\u0259rdi v\u0259 \u00e7oxm\u0259nzilli ya\u015fay\u0131\u015f evl\u0259rin\u0259 ziyan d\u0259yib.\n<\/p>\n<p>\n  Prezident \u0130lham \u018fliyevin s\u0259r\u0259ncam\u0131na \u0259sas\u0259n, indiy\u0259d\u0259k d\u00f6vl\u0259t b\u00fcdc\u0259sind\u0259n t\u0259bii f\u0259lak\u0259td\u0259n z\u0259r\u0259r g\u00f6rm\u00fc\u015f h\u0259r \u00fc\u00e7 rayona \u00fcmumilikd\u0259 7 milyon manat ayr\u0131l\u0131b.\n<\/p>\n<p>\n  2019-cu ilin fevral\u0131n 5-d\u0259 Pirqulu stansiyas\u0131ndan 7 km c\u0259nubda, A\u011fsu \u0259razisind\u0259 4,4 bal g\u00fcc\u00fcnd\u0259 z\u0259lz\u0259l\u0259 qeyd\u0259 al\u0131n\u0131b. H\u0259min z\u0259lz\u0259l\u0259 episentrd\u0259 5 bala yax\u0131n, \u0259traf rayonlarda 4,3 bala q\u0259d\u0259r hiss olunub. H\u0259min g\u00fcn Pirqulu stansiyas\u0131ndan 9 km c\u0259nub-q\u0259rbd\u0259 \u0130smay\u0131ll\u0131 \u0259razisind\u0259 z\u0259lz\u0259l\u0259 qeyd\u0259 al\u0131n\u0131b. Fevral\u0131n 9-da v\u0259 11-d\u0259 d\u0259 Pirqulu stansiyas\u0131ndan 8 v\u0259 9 km c\u0259nub-q\u0259rbd\u0259 v\u0259 q\u0259rbd\u0259 yeralt\u0131 t\u0259kanlar ba\u015f verib.\n<\/p>\n<p>\n  Z\u0259lz\u0259l\u0259 n\u0259tic\u0259sind\u0259 \u015eamax\u0131, \u0130smay\u0131ll\u0131 v\u0259 A\u011fsu rayonlar\u0131nda bir \u00e7ox f\u0259rdi v\u0259 \u00e7oxm\u0259nzilli ya\u015fay\u0131\u015f evl\u0259rin\u0259 ziyan d\u0259yib.\n<\/p>\n<p>\n  Prezident \u0130lham \u018fliyevin s\u0259r\u0259ncam\u0131na \u0259sas\u0259n, indiy\u0259d\u0259k d\u00f6vl\u0259t b\u00fcdc\u0259sind\u0259n t\u0259bii f\u0259lak\u0259td\u0259n z\u0259r\u0259r g\u00f6rm\u00fc\u015f h\u0259r \u00fc\u00e7 rayona \u00fcmumilikd\u0259 7 milyon manat ayr\u0131l\u0131b.\n<\/p>\n<p>\n  FHN-nin \u00f6t\u0259nilki hesabat\u0131nda bildirilir ki, h\u0259r \u00fc\u00e7 rayon \u00fczr\u0259 10 min 137 m\u00fcraci\u0259t daxil olub, onlardan 10 min 87-n\u0259 bax\u0131l\u0131b.\n<\/p>\n<p>\n  Komissiya t\u0259r\u0259find\u0259n bu evl\u0259rd\u0259n 830-u q\u0259zal\u0131, 2190-\u0131 is\u0259 b\u0259rpa-g\u00fccl\u0259ndirm\u0259y\u0259 ehtiyac\u0131 olan ya\u015fay\u0131\u015f binalar\u0131 hesab edilib. \u0130ndiy\u0259d\u0259k 120 evin in\u015fas\u0131 ba\u015fa \u00e7at\u0131b, 112 evd\u0259 is\u0259 tamamlama i\u015fl\u0259ri apar\u0131l\u0131r.\n<\/p>\n<figure class=\"wp-block-image size-large\">\n  <img decoding=\"async\" src=\"https:\/\/www.meydan.tv\/az\/116428541_2662156127438097_7698479729582418395_n-jpg\/\" alt=\"116428541_2662156127438097_7698479729582418395_n.jpg\" class=\"wp-image-145284\"\/><figcaption>\n    &#8220;Normal evi s\u00f6k\u00fcb, da\u015fdan yenid\u0259n tikibl\u0259r&#8221;.<br \/>\n  <\/figcaption><\/figure>\n<figure class=\"wp-block-image size-large\">\n  <img decoding=\"async\" src=\"https:\/\/www.meydan.tv\/az\/116584307_2662154934104883_2385704395220849526_n-jpg\/\" alt=\"116584307_2662154934104883_2385704395220849526_n.jpg\" class=\"wp-image-145287\"\/><figcaption>\n    &#8220;He\u00e7 kim m\u0259n\u0259 k\u00f6m\u0259klik etmir&#8221;<br \/>\n  <\/figcaption><\/figure>\n","protected":false},"excerpt":{"rendered":"<p>&#8220;Ya\u011f\u0131\u015f ya\u011fanda suyun i\u00e7ind\u0259 qal\u0131ram&#8221;<\/p>\n","protected":false},"author":11,"featured_media":145272,"comment_status":"closed","ping_status":"open","sticky":false,"template":"","format":"standard","meta":{"_acf_changed":false,"_sitemap_exclude":false,"_sitemap_priority":"","_sitemap_frequency":"","footnotes":""},"categories":[60],"tags":[],"class_list":["post-201682","post","type-post","status-publish","format-standard","has-post-thumbnail","hentry","category-bolge","infinite-scroll-item","generate-columns","tablet-grid-50","mobile-grid-100","grid-parent","grid-33","no-featured-image-padding"],"acf":[],"yoast_head":"<!-- This site is optimized with the Yoast SEO plugin v27.5 - https:\/\/yoast.com\/product\/yoast-seo-wordpress\/ -->\n<title>A\u011fsu sakini: \u0130cra ba\u015f\u00e7\u0131s\u0131 \u00fcst\u00fcm\u0259 q\u0131\u015fq\u0131rd\u0131 ki... - MEYDAN.TV<\/title>\n<meta name=\"robots\" content=\"index, follow, max-snippet:-1, max-image-preview:large, max-video-preview:-1\" \/>\n<link rel=\"canonical\" href=\"https:\/\/www.meydan.tv\/az\/article\/agsu-sakini-icra-bascisi-ustume-qisqirdi-ki\/\" \/>\n<meta property=\"og:locale\" content=\"az_AZ\" \/>\n<meta property=\"og:type\" content=\"article\" \/>\n<meta property=\"og:title\" content=\"A\u011fsu sakini: \u0130cra ba\u015f\u00e7\u0131s\u0131 \u00fcst\u00fcm\u0259 q\u0131\u015fq\u0131rd\u0131 ki... - MEYDAN.TV\" \/>\n<meta property=\"og:description\" content=\"&quot;Ya\u011f\u0131\u015f ya\u011fanda suyun i\u00e7ind\u0259 qal\u0131ram&quot;\" \/>\n<meta property=\"og:url\" content=\"https:\/\/www.meydan.tv\/az\/article\/agsu-sakini-icra-bascisi-ustume-qisqirdi-ki\/\" \/>\n<meta property=\"og:site_name\" content=\"MEYDAN.TV\" \/>\n<meta property=\"article:published_time\" content=\"2020-07-28T14:23:00+00:00\" \/>\n<meta property=\"og:image\" content=\"https:\/\/www.meydan.tv\/wp-content\/uploads\/20181223_155418-scaled.jpg\" \/>\n\t<meta property=\"og:image:width\" content=\"2560\" \/>\n\t<meta property=\"og:image:height\" content=\"1920\" \/>\n\t<meta property=\"og:image:type\" content=\"image\/jpeg\" \/>\n<meta name=\"author\" content=\"user-manager\" \/>\n<meta name=\"twitter:card\" content=\"summary_large_image\" \/>\n<script type=\"application\/ld+json\" class=\"yoast-schema-graph\">{\"@context\":\"https:\\\/\\\/schema.org\",\"@graph\":[{\"@type\":\"Article\",\"@id\":\"https:\\\/\\\/www.meydan.tv\\\/az\\\/article\\\/agsu-sakini-icra-bascisi-ustume-qisqirdi-ki\\\/#article\",\"isPartOf\":{\"@id\":\"https:\\\/\\\/www.meydan.tv\\\/az\\\/article\\\/agsu-sakini-icra-bascisi-ustume-qisqirdi-ki\\\/\"},\"author\":{\"name\":\"user-manager\",\"@id\":\"https:\\\/\\\/www.meydan.tv\\\/az\\\/#\\\/schema\\\/person\\\/10d11eccf6da3662cf5fdab9806ea91a\"},\"headline\":\"A\u011fsu sakini: \u0130cra ba\u015f\u00e7\u0131s\u0131 \u00fcst\u00fcm\u0259 q\u0131\u015fq\u0131rd\u0131 ki&#8230;\",\"datePublished\":\"2020-07-28T14:23:00+00:00\",\"mainEntityOfPage\":{\"@id\":\"https:\\\/\\\/www.meydan.tv\\\/az\\\/article\\\/agsu-sakini-icra-bascisi-ustume-qisqirdi-ki\\\/\"},\"wordCount\":1374,\"publisher\":{\"@id\":\"https:\\\/\\\/www.meydan.tv\\\/az\\\/#organization\"},\"image\":{\"@id\":\"https:\\\/\\\/www.meydan.tv\\\/az\\\/article\\\/agsu-sakini-icra-bascisi-ustume-qisqirdi-ki\\\/#primaryimage\"},\"thumbnailUrl\":\"https:\\\/\\\/www.meydan.tv\\\/wp-content\\\/uploads\\\/20181223_155418-scaled.jpg\",\"articleSection\":[\"B\u00f6lg\u0259\"],\"inLanguage\":\"az\"},{\"@type\":\"WebPage\",\"@id\":\"https:\\\/\\\/www.meydan.tv\\\/az\\\/article\\\/agsu-sakini-icra-bascisi-ustume-qisqirdi-ki\\\/\",\"url\":\"https:\\\/\\\/www.meydan.tv\\\/az\\\/article\\\/agsu-sakini-icra-bascisi-ustume-qisqirdi-ki\\\/\",\"name\":\"A\u011fsu sakini: \u0130cra ba\u015f\u00e7\u0131s\u0131 \u00fcst\u00fcm\u0259 q\u0131\u015fq\u0131rd\u0131 ki... - MEYDAN.TV\",\"isPartOf\":{\"@id\":\"https:\\\/\\\/www.meydan.tv\\\/az\\\/#website\"},\"primaryImageOfPage\":{\"@id\":\"https:\\\/\\\/www.meydan.tv\\\/az\\\/article\\\/agsu-sakini-icra-bascisi-ustume-qisqirdi-ki\\\/#primaryimage\"},\"image\":{\"@id\":\"https:\\\/\\\/www.meydan.tv\\\/az\\\/article\\\/agsu-sakini-icra-bascisi-ustume-qisqirdi-ki\\\/#primaryimage\"},\"thumbnailUrl\":\"https:\\\/\\\/www.meydan.tv\\\/wp-content\\\/uploads\\\/20181223_155418-scaled.jpg\",\"datePublished\":\"2020-07-28T14:23:00+00:00\",\"breadcrumb\":{\"@id\":\"https:\\\/\\\/www.meydan.tv\\\/az\\\/article\\\/agsu-sakini-icra-bascisi-ustume-qisqirdi-ki\\\/#breadcrumb\"},\"inLanguage\":\"az\",\"potentialAction\":[{\"@type\":\"ReadAction\",\"target\":[\"https:\\\/\\\/www.meydan.tv\\\/az\\\/article\\\/agsu-sakini-icra-bascisi-ustume-qisqirdi-ki\\\/\"]}]},{\"@type\":\"ImageObject\",\"inLanguage\":\"az\",\"@id\":\"https:\\\/\\\/www.meydan.tv\\\/az\\\/article\\\/agsu-sakini-icra-bascisi-ustume-qisqirdi-ki\\\/#primaryimage\",\"url\":\"https:\\\/\\\/www.meydan.tv\\\/wp-content\\\/uploads\\\/20181223_155418-scaled.jpg\",\"contentUrl\":\"https:\\\/\\\/www.meydan.tv\\\/wp-content\\\/uploads\\\/20181223_155418-scaled.jpg\",\"width\":2560,\"height\":1920,\"caption\":\"Source: Specify Source\"},{\"@type\":\"BreadcrumbList\",\"@id\":\"https:\\\/\\\/www.meydan.tv\\\/az\\\/article\\\/agsu-sakini-icra-bascisi-ustume-qisqirdi-ki\\\/#breadcrumb\",\"itemListElement\":[{\"@type\":\"ListItem\",\"position\":1,\"name\":\"Ana s\u0259hif\u0259\",\"item\":\"https:\\\/\\\/www.meydan.tv\\\/az\\\/\"},{\"@type\":\"ListItem\",\"position\":2,\"name\":\"B\u00f6lg\u0259\",\"item\":\"https:\\\/\\\/www.meydan.tv\\\/az\\\/section\\\/bolge\\\/\"},{\"@type\":\"ListItem\",\"position\":3,\"name\":\"A\u011fsu sakini: \u0130cra ba\u015f\u00e7\u0131s\u0131 \u00fcst\u00fcm\u0259 q\u0131\u015fq\u0131rd\u0131 ki&#8230;\"}]},{\"@type\":\"WebSite\",\"@id\":\"https:\\\/\\\/www.meydan.tv\\\/az\\\/#website\",\"url\":\"https:\\\/\\\/www.meydan.tv\\\/az\\\/\",\"name\":\"MEYDAN.TV\",\"description\":\"Meydan TV Az\u0259rbaycan\u0131n media m\u0259kan\u0131ndak\u0131 alternativ s\u0259sidir\",\"publisher\":{\"@id\":\"https:\\\/\\\/www.meydan.tv\\\/az\\\/#organization\"},\"potentialAction\":[{\"@type\":\"SearchAction\",\"target\":{\"@type\":\"EntryPoint\",\"urlTemplate\":\"https:\\\/\\\/www.meydan.tv\\\/az\\\/?s={search_term_string}\"},\"query-input\":{\"@type\":\"PropertyValueSpecification\",\"valueRequired\":true,\"valueName\":\"search_term_string\"}}],\"inLanguage\":\"az\"},{\"@type\":\"Organization\",\"@id\":\"https:\\\/\\\/www.meydan.tv\\\/az\\\/#organization\",\"name\":\"Meydan TV\",\"url\":\"https:\\\/\\\/www.meydan.tv\\\/az\\\/\",\"logo\":{\"@type\":\"ImageObject\",\"inLanguage\":\"az\",\"@id\":\"https:\\\/\\\/www.meydan.tv\\\/az\\\/#\\\/schema\\\/logo\\\/image\\\/\",\"url\":\"https:\\\/\\\/www.meydan.tv\\\/wp-content\\\/uploads\\\/2021\\\/07\\\/meydan-logo.svg\",\"contentUrl\":\"https:\\\/\\\/www.meydan.tv\\\/wp-content\\\/uploads\\\/2021\\\/07\\\/meydan-logo.svg\",\"width\":195,\"height\":46,\"caption\":\"Meydan TV\"},\"image\":{\"@id\":\"https:\\\/\\\/www.meydan.tv\\\/az\\\/#\\\/schema\\\/logo\\\/image\\\/\"}},{\"@type\":\"Person\",\"@id\":\"https:\\\/\\\/www.meydan.tv\\\/az\\\/#\\\/schema\\\/person\\\/10d11eccf6da3662cf5fdab9806ea91a\",\"name\":\"user-manager\"}]}<\/script>\n<!-- \/ Yoast SEO plugin. -->","yoast_head_json":{"title":"A\u011fsu sakini: \u0130cra ba\u015f\u00e7\u0131s\u0131 \u00fcst\u00fcm\u0259 q\u0131\u015fq\u0131rd\u0131 ki... - MEYDAN.TV","robots":{"index":"index","follow":"follow","max-snippet":"max-snippet:-1","max-image-preview":"max-image-preview:large","max-video-preview":"max-video-preview:-1"},"canonical":"https:\/\/www.meydan.tv\/az\/article\/agsu-sakini-icra-bascisi-ustume-qisqirdi-ki\/","og_locale":"az_AZ","og_type":"article","og_title":"A\u011fsu sakini: \u0130cra ba\u015f\u00e7\u0131s\u0131 \u00fcst\u00fcm\u0259 q\u0131\u015fq\u0131rd\u0131 ki... - MEYDAN.TV","og_description":"\"Ya\u011f\u0131\u015f ya\u011fanda suyun i\u00e7ind\u0259 qal\u0131ram\"","og_url":"https:\/\/www.meydan.tv\/az\/article\/agsu-sakini-icra-bascisi-ustume-qisqirdi-ki\/","og_site_name":"MEYDAN.TV","article_published_time":"2020-07-28T14:23:00+00:00","og_image":[{"width":2560,"height":1920,"url":"https:\/\/www.meydan.tv\/wp-content\/uploads\/20181223_155418-scaled.jpg","type":"image\/jpeg"}],"author":"user-manager","twitter_card":"summary_large_image","schema":{"@context":"https:\/\/schema.org","@graph":[{"@type":"Article","@id":"https:\/\/www.meydan.tv\/az\/article\/agsu-sakini-icra-bascisi-ustume-qisqirdi-ki\/#article","isPartOf":{"@id":"https:\/\/www.meydan.tv\/az\/article\/agsu-sakini-icra-bascisi-ustume-qisqirdi-ki\/"},"author":{"name":"user-manager","@id":"https:\/\/www.meydan.tv\/az\/#\/schema\/person\/10d11eccf6da3662cf5fdab9806ea91a"},"headline":"A\u011fsu sakini: \u0130cra ba\u015f\u00e7\u0131s\u0131 \u00fcst\u00fcm\u0259 q\u0131\u015fq\u0131rd\u0131 ki&#8230;","datePublished":"2020-07-28T14:23:00+00:00","mainEntityOfPage":{"@id":"https:\/\/www.meydan.tv\/az\/article\/agsu-sakini-icra-bascisi-ustume-qisqirdi-ki\/"},"wordCount":1374,"publisher":{"@id":"https:\/\/www.meydan.tv\/az\/#organization"},"image":{"@id":"https:\/\/www.meydan.tv\/az\/article\/agsu-sakini-icra-bascisi-ustume-qisqirdi-ki\/#primaryimage"},"thumbnailUrl":"https:\/\/www.meydan.tv\/wp-content\/uploads\/20181223_155418-scaled.jpg","articleSection":["B\u00f6lg\u0259"],"inLanguage":"az"},{"@type":"WebPage","@id":"https:\/\/www.meydan.tv\/az\/article\/agsu-sakini-icra-bascisi-ustume-qisqirdi-ki\/","url":"https:\/\/www.meydan.tv\/az\/article\/agsu-sakini-icra-bascisi-ustume-qisqirdi-ki\/","name":"A\u011fsu sakini: \u0130cra ba\u015f\u00e7\u0131s\u0131 \u00fcst\u00fcm\u0259 q\u0131\u015fq\u0131rd\u0131 ki... - MEYDAN.TV","isPartOf":{"@id":"https:\/\/www.meydan.tv\/az\/#website"},"primaryImageOfPage":{"@id":"https:\/\/www.meydan.tv\/az\/article\/agsu-sakini-icra-bascisi-ustume-qisqirdi-ki\/#primaryimage"},"image":{"@id":"https:\/\/www.meydan.tv\/az\/article\/agsu-sakini-icra-bascisi-ustume-qisqirdi-ki\/#primaryimage"},"thumbnailUrl":"https:\/\/www.meydan.tv\/wp-content\/uploads\/20181223_155418-scaled.jpg","datePublished":"2020-07-28T14:23:00+00:00","breadcrumb":{"@id":"https:\/\/www.meydan.tv\/az\/article\/agsu-sakini-icra-bascisi-ustume-qisqirdi-ki\/#breadcrumb"},"inLanguage":"az","potentialAction":[{"@type":"ReadAction","target":["https:\/\/www.meydan.tv\/az\/article\/agsu-sakini-icra-bascisi-ustume-qisqirdi-ki\/"]}]},{"@type":"ImageObject","inLanguage":"az","@id":"https:\/\/www.meydan.tv\/az\/article\/agsu-sakini-icra-bascisi-ustume-qisqirdi-ki\/#primaryimage","url":"https:\/\/www.meydan.tv\/wp-content\/uploads\/20181223_155418-scaled.jpg","contentUrl":"https:\/\/www.meydan.tv\/wp-content\/uploads\/20181223_155418-scaled.jpg","width":2560,"height":1920,"caption":"Source: Specify Source"},{"@type":"BreadcrumbList","@id":"https:\/\/www.meydan.tv\/az\/article\/agsu-sakini-icra-bascisi-ustume-qisqirdi-ki\/#breadcrumb","itemListElement":[{"@type":"ListItem","position":1,"name":"Ana s\u0259hif\u0259","item":"https:\/\/www.meydan.tv\/az\/"},{"@type":"ListItem","position":2,"name":"B\u00f6lg\u0259","item":"https:\/\/www.meydan.tv\/az\/section\/bolge\/"},{"@type":"ListItem","position":3,"name":"A\u011fsu sakini: \u0130cra ba\u015f\u00e7\u0131s\u0131 \u00fcst\u00fcm\u0259 q\u0131\u015fq\u0131rd\u0131 ki&#8230;"}]},{"@type":"WebSite","@id":"https:\/\/www.meydan.tv\/az\/#website","url":"https:\/\/www.meydan.tv\/az\/","name":"MEYDAN.TV","description":"Meydan TV Az\u0259rbaycan\u0131n media m\u0259kan\u0131ndak\u0131 alternativ s\u0259sidir","publisher":{"@id":"https:\/\/www.meydan.tv\/az\/#organization"},"potentialAction":[{"@type":"SearchAction","target":{"@type":"EntryPoint","urlTemplate":"https:\/\/www.meydan.tv\/az\/?s={search_term_string}"},"query-input":{"@type":"PropertyValueSpecification","valueRequired":true,"valueName":"search_term_string"}}],"inLanguage":"az"},{"@type":"Organization","@id":"https:\/\/www.meydan.tv\/az\/#organization","name":"Meydan TV","url":"https:\/\/www.meydan.tv\/az\/","logo":{"@type":"ImageObject","inLanguage":"az","@id":"https:\/\/www.meydan.tv\/az\/#\/schema\/logo\/image\/","url":"https:\/\/www.meydan.tv\/wp-content\/uploads\/2021\/07\/meydan-logo.svg","contentUrl":"https:\/\/www.meydan.tv\/wp-content\/uploads\/2021\/07\/meydan-logo.svg","width":195,"height":46,"caption":"Meydan TV"},"image":{"@id":"https:\/\/www.meydan.tv\/az\/#\/schema\/logo\/image\/"}},{"@type":"Person","@id":"https:\/\/www.meydan.tv\/az\/#\/schema\/person\/10d11eccf6da3662cf5fdab9806ea91a","name":"user-manager"}]}},"_links":{"self":[{"href":"https:\/\/www.meydan.tv\/az\/wp-json\/wp\/v2\/posts\/201682","targetHints":{"allow":["GET"]}}],"collection":[{"href":"https:\/\/www.meydan.tv\/az\/wp-json\/wp\/v2\/posts"}],"about":[{"href":"https:\/\/www.meydan.tv\/az\/wp-json\/wp\/v2\/types\/post"}],"author":[{"embeddable":true,"href":"https:\/\/www.meydan.tv\/az\/wp-json\/wp\/v2\/users\/11"}],"replies":[{"embeddable":true,"href":"https:\/\/www.meydan.tv\/az\/wp-json\/wp\/v2\/comments?post=201682"}],"version-history":[{"count":0,"href":"https:\/\/www.meydan.tv\/az\/wp-json\/wp\/v2\/posts\/201682\/revisions"}],"wp:featuredmedia":[{"embeddable":true,"href":"https:\/\/www.meydan.tv\/az\/wp-json\/wp\/v2\/media\/145272"}],"wp:attachment":[{"href":"https:\/\/www.meydan.tv\/az\/wp-json\/wp\/v2\/media?parent=201682"}],"wp:term":[{"taxonomy":"category","embeddable":true,"href":"https:\/\/www.meydan.tv\/az\/wp-json\/wp\/v2\/categories?post=201682"},{"taxonomy":"post_tag","embeddable":true,"href":"https:\/\/www.meydan.tv\/az\/wp-json\/wp\/v2\/tags?post=201682"}],"curies":[{"name":"wp","href":"https:\/\/api.w.org\/{rel}","templated":true}]}}