{"id":201661,"date":"2020-07-27T13:50:39","date_gmt":"2020-07-27T13:50:39","guid":{"rendered":"https:\/\/www.meydan.tv\/article\/saatlida-su-problemi-hell-edilmese-durum-daha-da-agirlasacaq\/"},"modified":"2020-07-27T13:50:39","modified_gmt":"2020-07-27T13:50:39","slug":"saatlida-su-problemi-hell-edilmese-durum-daha-da-agirlasacaq","status":"publish","type":"post","link":"https:\/\/www.meydan.tv\/az\/article\/saatlida-su-problemi-hell-edilmese-durum-daha-da-agirlasacaq\/","title":{"rendered":"Saatl\u0131da: Su problemi h\u0259ll edilm\u0259s\u0259, durum daha da a\u011f\u0131rla\u015facaq"},"content":{"rendered":"<p>\n  <i><br \/>\n    \u201cArt\u0131q s\u0259br kasam\u0131z dolub, biz torpaqdan, \u0259kin-bi\u00e7ind\u0259n dolanan insanlar\u0131q\u201d<br \/>\n  <\/i>\n<\/p>\n<p>\n  Saatl\u0131n\u0131n Mirc\u0259lal, Azadk\u0259nd, \u00c7olpuk\u0259nd, Nabatk\u0259nd, F\u0259t\u0259lik\u0259nd, Qaranur, Qarayevk\u0259nd, \u015eirinb\u0259yin k\u0259ndl\u0259rinin su problemi var. Bu bar\u0259d\u0259 Meydan TV-y\u0259 h\u0259min k\u0259ndl\u0259rd\u0259 ya\u015fayan sakinl\u0259r m\u0259lumat veribl\u0259r. Onlar n\u0259inki i\u00e7m\u0259li su, suvarma suyu il\u0259 ba\u011fl\u0131 da b\u00f6y\u00fck probleml\u0259r ya\u015fad\u0131qlar\u0131n\u0131 s\u00f6yl\u0259yirl\u0259r:\n<\/p>\n<p>\n  \u201cBu k\u0259ndl\u0259rin h\u0259r biri pamb\u0131q \u0259kir, bununla dolan\u0131r. \u0130ndi pamb\u0131\u011f\u0131n sulanma d\u00f6vr\u00fcd\u00fcr. Ancaq biz su tapm\u0131r\u0131q. Y\u0259ni, art\u0131q v\u0259ziyy\u0259t o h\u0259dd\u0259 g\u0259lib \u00e7at\u0131b ki, insanlar m\u0259hsuldan \u0259ll\u0259rini \u00fcz\u00fcbl\u0259r. Bir t\u0259r\u0259fd\u0259n yay\u0131lan koronavirus, bir t\u0259r\u0259fd\u0259n d\u0259 su q\u0131tl\u0131\u011f\u0131 bizi q\u0131r\u0131b bat\u0131r\u0131r. Xahi\u015f edirik, aidiyyat\u0131 qurumlar buna bir t\u0259dbir g\u00f6rs\u00fcnl\u0259r\u201d.\n<\/p>\n<p>\n  \u015eikay\u0259t\u00e7il\u0259rd\u0259n R\u00f6v\u015f\u0259n \u018fliyev deyir ki, 2 h\u0259ft\u0259 \u0259vv\u0259l\u0259d\u0259k, v\u0259ziyy\u0259t daha da a\u011f\u0131r olub. \u0130ndi az da olsa, n\u00f6vb\u0259li \u015f\u0259kild\u0259 suvarma var. Ancaq veril\u0259n su h\u0259m azd\u0131r, h\u0259m d\u0259 gecikir:\n<\/p>\n<p>\n  \u201cM\u0259s\u0259l\u0259n, \u00e7oxumuz sah\u0259l\u0259rimizi suvarmam\u0131\u015f\u0131q. Bu, o dem\u0259kdir ki, m\u0259hsul olmayacaq. \u00c7\u00fcnki gecikirik. Problemin n\u0259 oldu\u011funu is\u0259 tam a\u00e7\u0131qlam\u0131rlar. Hara gedirik, deyirl\u0259r, \u201cs\u0259br edin, d\u00fcz\u0259l\u0259c\u0259k\u201d. Art\u0131q s\u0259br kasam\u0131z dolub, biz torpaqdan, \u0259kin-bi\u00e7ind\u0259n dolanan insanlar\u0131q. Su olmasa, \u0259kin d\u0259 olmur, m\u0259hsul da. Biz n\u0259 ed\u0259k? Ham\u0131 bilir ki, k\u0259nd yerl\u0259rind\u0259 i\u015f yerl\u0259ri d\u0259 olmur. Camaat t\u0259s\u0259rr\u00fcfatla, \u00e7\u0259tinlikl\u0259 dolan\u0131r. \u018fkin\u00e7ilik, heyvandarl\u0131qla. \u0130\u015f oras\u0131ndad\u0131r ki, heyvanlara verm\u0259y\u0259 d\u0259 su tapa bilmirik\u201d.\n<\/p>\n<p>\n  R\u00f6v\u015f\u0259n \u018fliyev \u0259lav\u0259 edir ki, su problemind\u0259n t\u0259kc\u0259 t\u0259s\u0259rr\u00fcfat sah\u0259sind\u0259 deyil, g\u00fcnd\u0259lik h\u0259yatlar\u0131nda da \u0259ziyy\u0259t \u00e7\u0259kirl\u0259r. \u0130\u00e7m\u0259y\u0259, i\u015fl\u0259tm\u0259y\u0259 d\u0259 su tapa bilmirl\u0259r:\n<\/p>\n<figure class=\"wp-block-image size-large\">\n  <img decoding=\"async\" src=\"https:\/\/www.meydan.tv\/az\/image_from_ios-png-27\/\" alt=\"image_from_ios.png\" class=\"wp-image-145164\"\/><figcaption>\n    \u201c\u018fkin sah\u0259l\u0259ri, heyvanlar susuzdur&#8221;<br \/>\n  <\/figcaption><\/figure>\n<p>\n  \u201c\u018fkin sah\u0259l\u0259ri, heyvanlar susuzdur. Bu, bir d\u0259rddir. Dig\u0259r problem is\u0259 i\u00e7m\u0259li, i\u015fl\u0259tm\u0259li suyun olmamas\u0131d\u0131r. Yay\u0131n g\u00fcn\u00fcd\u00fcr, inan\u0131n, yuyunma\u011fa su tap\u0131lm\u0131r. Televizorda h\u0259r g\u00fcn ba\u011f\u0131r\u0131rlar ki, \u0259ll\u0259rinizi yuyun, \u015f\u0259xsi t\u0259mizliyiniz\u0259 fikir verin. Nec\u0259 ver\u0259k? Bu g\u00fcnl\u0259rd\u0259 d\u0259 bizim su problemimiz h\u0259ll edilm\u0259s\u0259, durum daha da a\u011f\u0131rla\u015facaq\u201d.\n<\/p>\n<p>\n  Sakinl\u0259r bildirirl\u0259r ki, k\u0259ndl\u0259r\u0259 ma\u015f\u0131nlarla su g\u0259tirilir. \u018fhaliy\u0259 paylan\u0131r. Ancaq bu su onlar\u0131n g\u00fcnd\u0259lik t\u0259l\u0259batlar\u0131na yetmir.\n<\/p>\n<p>\n  Regional Sukanal \u0130dar\u0259sinin Saatl\u0131 Sukanal Sah\u0259sind\u0259n bildiribl\u0259r ki, problem rayona daxil olan su k\u00fctl\u0259sinin azalmas\u0131ndad\u0131r. Bundan \u0259lav\u0259, \u0259kinl\u0259rin sulanma d\u00f6vr\u00fc oldu\u011fundan ham\u0131 istifad\u0259 edir v\u0259 bu zaman da suya t\u0259l\u0259bat art\u0131r:\n<\/p>\n<p>\n  \u201cProblemin h\u0259ll edilm\u0259si \u00fc\u00e7\u00fcn \u0259limizd\u0259n g\u0259l\u0259ni edirik\u201d.\n<\/p>\n<p>\n  Saatl\u0131 Rayon \u0130cra Hakimiyy\u0259tind\u0259n d\u0259 problemin qism\u0259n d\u0259 olsa, h\u0259ll edildiyini s\u00f6yl\u0259yibl\u0259r:\n<\/p>\n<p>\n  \u201cX\u0259b\u0259rimiz var. Bir ne\u00e7\u0259 g\u00fcn \u00f6nc\u0259 v\u0259ziyy\u0259t daha da pis idi. Ancaq indi xeyli adam sah\u0259sini suvar\u0131b. Tezlikl\u0259 problem tam h\u0259ll edil\u0259c\u0259k\u201d.\n<\/p>\n<p>\n  Meliorasiya v\u0259 Su T\u0259s\u0259rr\u00fcfat\u0131 ASC-nin m\u0259tbuat xidm\u0259tinin s\u00f6z\u00e7\u00fcs\u00fc Dilq\u0259m \u015e\u0259rifov \u201cBBC News Az\u0259rbaycanca\u201dya yaranm\u0131\u015f problemi &quot;son zamanlar Araz \u00e7ay\u0131nda suyun s\u0259rfinin azalmas\u0131\u201d il\u0259 izah edib.\n<\/p>\n<figure class=\"wp-block-image size-large\">\n  <img decoding=\"async\" src=\"https:\/\/www.meydan.tv\/az\/image_from_ios__1_-png-3\/\" alt=\"image_from_ios__1_.png\" class=\"wp-image-145167\"\/><figcaption>\n    &#8220;Dig\u0259r problem is\u0259 i\u00e7m\u0259li, i\u015fl\u0259tm\u0259li suyun olmamas\u0131d\u0131r&#8221;<br \/>\n  <\/figcaption><\/figure>\n<p>\n  O bildirib ki, haz\u0131rda &quot;xidm\u0259t etdiyi \u0259kin sah\u0259l\u0259ri n\u0259z\u0259r\u0259 al\u0131naraq rayonlararas\u0131 su b\u00f6lg\u00fc limitl\u0259ri haz\u0131rlan\u0131b v\u0259 suyun miqdar\u0131 n\u0259z\u0259r\u0259 al\u0131naraq, b\u00f6lg\u00fc t\u0259sdiq edilmi\u015f limit daxilind\u0259 h\u0259yata ke\u00e7irildiyi&quot; \u00fc\u00e7\u00fcn bir s\u0131ra k\u0259ndl\u0259rd\u0259 su t\u0259minat\u0131nda &quot;\u00e7\u0259tinlik yaran\u0131b&quot;.\n<\/p>\n<p>\n  &quot;Son vaxtlar yaranm\u0131\u015f \u00e7\u0259tinlikl\u0259r n\u0259z\u0259r\u0259 al\u0131naraq, \u0130ranla birg\u0259 istismar olunan Araz su anbar\u0131ndan burax\u0131lan suyun h\u0259cmi art\u0131r\u0131l\u0131b. N\u00f6vb\u0259ti h\u0259ft\u0259nin 1-ci g\u00fcn\u00fc ax\u015fama rayona t\u0259l\u0259bata uy\u011fun suyun verilm\u0259si t\u0259min edil\u0259c\u0259k&quot;, qurum s\u00f6z\u00e7\u00fcs\u00fc bildirib. Prezident \u0130lham \u018fliyev d\u0259 iyulun 23-d\u0259 ke\u00e7irdiyi m\u00fc\u015favir\u0259d\u0259 b\u00f6lg\u0259l\u0259rd\u0259 yaranan su q\u0131tl\u0131\u011f\u0131na, quraql\u0131l\u011fa toxunub. O, h\u0259r g\u00fcn b\u00f6lg\u0259l\u0259rd\u0259n su q\u0131tl\u0131\u011f\u0131, quraql\u0131qla ba\u011fl\u0131 \u015fikay\u0259t m\u0259ktublar\u0131 ald\u0131\u011f\u0131n\u0131 s\u00f6yl\u0259yib:\n<\/p>\n<p>\n  \u201cYerl\u0259rd\u0259 aidiyy\u0259ti qurumlar\u0131n laqeyd m\u00fcnasib\u0259tin\u0259 g\u00f6r\u0259 ciddi probleml\u0259r yaran\u0131b. Daha \u00e7ox fermerl\u0259r, sahibkarlar yaz\u0131rlar. Su il\u0259 ba\u011fl\u0131 rayonlardan h\u0259r g\u00fcn 10-dan \u00e7ox m\u0259ktub g\u0259lir\u201d.\n<\/p>\n<p>\n  \u0130lham \u018fliyev vur\u011fulay\u0131b ki, bu siqnallar n\u0259zar\u0259td\u0259dir v\u0259 problem operativ qaydada h\u0259ll olunur:\n<\/p>\n<figure class=\"wp-block-image size-large\">\n  <img decoding=\"async\" src=\"https:\/\/www.meydan.tv\/az\/image_from_ios_720-jpg-7\/\" alt=\"image_from_ios_720.jpg\" class=\"wp-image-145158\"\/><figcaption>\n    \u201cM\u0259s\u0259l\u0259n, \u00e7oxumuz sah\u0259l\u0259rimizi suvarmam\u0131\u015f\u0131q&#8221;.<br \/>\n  <\/figcaption><\/figure>\n<p>\n  \u201cAncaq bu m\u0259s\u0259l\u0259l\u0259r kompleks \u015f\u0259kild\u0259 h\u0259ll etm\u0259lidir. Ke\u00e7\u0259n il ya\u015fanan quraql\u0131q onu g\u00f6st\u0259rdi ki, biz bu b\u00f6hranl\u0131 v\u0259ziyy\u0259t\u0259 haz\u0131r deyilik. B\u00f6hranl\u0131 v\u0259ziyy\u0259td\u0259 n\u0259 etm\u0259yin laz\u0131m oldu\u011funu aidiyy\u0259ti qurumlar d\u00fczg\u00fcn m\u00fc\u0259yy\u0259n ed\u0259 bilm\u0259yibl\u0259r. Ona g\u00f6r\u0259 ke\u00e7\u0259n il biz vaxt itirmi\u015fik\u201d.\n<\/p>\n<p>\n  Prezident \u0259lav\u0259 edib ki, \u0259g\u0259r aidiyy\u0259ti qurumlar ke\u00e7\u0259n il f\u0259al i\u015fl\u0259s\u0259ydil\u0259r, g\u00fcnah\u0131 bir-birinin \u00fcst\u00fcn\u0259 y\u0131xmasayd\u0131lar v\u0259 t\u0259xir\u0259sal\u0131nmaz t\u0259dbirl\u0259r g\u00f6rs\u0259ydil\u0259r, bu g\u00fcn Az\u0259rbaycan yenid\u0259n bu probleml\u0259rl\u0259 \u00fczl\u0259\u015fm\u0259y\u0259c\u0259kdi.\n<\/p>\n<p>\n  M\u00fc\u015favir\u0259d\u0259 i\u015ftirak ed\u0259n Ba\u015f nazirin m\u00fcavini \u015eahin Mustafayev is\u0259 deyib ki, haz\u0131rda \u0259sas su anbarlar\u0131nda 20,5 milyard kubmetr tutuma qar\u015f\u0131 \u0259vv\u0259lki ill\u0259rd\u0259n k\u0259skin a\u015fa\u011f\u0131 s\u0259viyy\u0259d\u0259 &#8211; c\u0259mi 11,1 milyard kubmetr su var:\n<\/p>\n<p>\n  \u201cBunun da 8,6 milyard kubmetri \u00f6l\u00fc h\u0259cmdir. M\u00fcqayis\u0259 \u00fc\u00e7\u00fcn qeyd edim ki, \u0259sas su anbarlar\u0131nda suyun h\u0259cmi 2019-cu ild\u0259 12,9 milyard, 2018-ci ild\u0259 14,1 milyard, 2017-ci ild\u0259 14,2 milyard, 2016-c\u0131 ild\u0259 is\u0259 16,5 milyard kubmetr olub\u201d.\n<\/p>\n<figure class=\"wp-block-image size-large\">\n  <img decoding=\"async\" src=\"https:\/\/www.meydan.tv\/az\/sss_g0jequ8\/\" alt=\"sss_g0jequ8\" class=\"wp-image-145176\"\/><figcaption>\n    &#8220;Bu g\u00fcnl\u0259rd\u0259 d\u0259 bizim su problemimiz h\u0259ll edilm\u0259s\u0259, durum daha da a\u011f\u0131rla\u015facaq\u201d.<br \/>\n  <\/figcaption><\/figure>\n","protected":false},"excerpt":{"rendered":"<p>&#8220;Ancaq bu su onlar\u0131n g\u00fcnd\u0259lik t\u0259l\u0259batlar\u0131na yetmir&#8221;.<\/p>\n","protected":false},"author":11,"featured_media":145170,"comment_status":"closed","ping_status":"open","sticky":false,"template":"","format":"standard","meta":{"_acf_changed":false,"_sitemap_exclude":false,"_sitemap_priority":"","_sitemap_frequency":"","footnotes":""},"categories":[60],"tags":[],"class_list":["post-201661","post","type-post","status-publish","format-standard","has-post-thumbnail","hentry","category-bolge","infinite-scroll-item","generate-columns","tablet-grid-50","mobile-grid-100","grid-parent","grid-33","no-featured-image-padding"],"acf":[],"yoast_head":"<!-- This site is optimized with the Yoast SEO plugin v27.5 - https:\/\/yoast.com\/product\/yoast-seo-wordpress\/ -->\n<title>Saatl\u0131da: Su problemi h\u0259ll edilm\u0259s\u0259, durum daha da a\u011f\u0131rla\u015facaq - MEYDAN.TV<\/title>\n<meta name=\"robots\" content=\"index, follow, max-snippet:-1, max-image-preview:large, max-video-preview:-1\" \/>\n<link rel=\"canonical\" href=\"https:\/\/www.meydan.tv\/az\/article\/saatlida-su-problemi-hell-edilmese-durum-daha-da-agirlasacaq\/\" \/>\n<meta property=\"og:locale\" content=\"az_AZ\" \/>\n<meta property=\"og:type\" content=\"article\" \/>\n<meta property=\"og:title\" content=\"Saatl\u0131da: Su problemi h\u0259ll edilm\u0259s\u0259, durum daha da a\u011f\u0131rla\u015facaq - MEYDAN.TV\" \/>\n<meta property=\"og:description\" content=\"&quot;Ancaq bu su onlar\u0131n g\u00fcnd\u0259lik t\u0259l\u0259batlar\u0131na yetmir&quot;.\" \/>\n<meta property=\"og:url\" content=\"https:\/\/www.meydan.tv\/az\/article\/saatlida-su-problemi-hell-edilmese-durum-daha-da-agirlasacaq\/\" \/>\n<meta property=\"og:site_name\" content=\"MEYDAN.TV\" \/>\n<meta property=\"article:published_time\" content=\"2020-07-27T13:50:39+00:00\" \/>\n<meta property=\"og:image\" content=\"https:\/\/www.meydan.tv\/wp-content\/uploads\/image_from_ios__2__ky0iejc.png\" \/>\n\t<meta property=\"og:image:width\" content=\"1048\" \/>\n\t<meta property=\"og:image:height\" content=\"786\" \/>\n\t<meta property=\"og:image:type\" content=\"image\/png\" \/>\n<meta name=\"author\" content=\"user-manager\" \/>\n<meta name=\"twitter:card\" content=\"summary_large_image\" \/>\n<script type=\"application\/ld+json\" class=\"yoast-schema-graph\">{\"@context\":\"https:\\\/\\\/schema.org\",\"@graph\":[{\"@type\":\"Article\",\"@id\":\"https:\\\/\\\/www.meydan.tv\\\/az\\\/article\\\/saatlida-su-problemi-hell-edilmese-durum-daha-da-agirlasacaq\\\/#article\",\"isPartOf\":{\"@id\":\"https:\\\/\\\/www.meydan.tv\\\/az\\\/article\\\/saatlida-su-problemi-hell-edilmese-durum-daha-da-agirlasacaq\\\/\"},\"author\":{\"name\":\"user-manager\",\"@id\":\"https:\\\/\\\/www.meydan.tv\\\/az\\\/#\\\/schema\\\/person\\\/10d11eccf6da3662cf5fdab9806ea91a\"},\"headline\":\"Saatl\u0131da: Su problemi h\u0259ll edilm\u0259s\u0259, durum daha da a\u011f\u0131rla\u015facaq\",\"datePublished\":\"2020-07-27T13:50:39+00:00\",\"mainEntityOfPage\":{\"@id\":\"https:\\\/\\\/www.meydan.tv\\\/az\\\/article\\\/saatlida-su-problemi-hell-edilmese-durum-daha-da-agirlasacaq\\\/\"},\"wordCount\":1111,\"publisher\":{\"@id\":\"https:\\\/\\\/www.meydan.tv\\\/az\\\/#organization\"},\"image\":{\"@id\":\"https:\\\/\\\/www.meydan.tv\\\/az\\\/article\\\/saatlida-su-problemi-hell-edilmese-durum-daha-da-agirlasacaq\\\/#primaryimage\"},\"thumbnailUrl\":\"https:\\\/\\\/www.meydan.tv\\\/wp-content\\\/uploads\\\/image_from_ios__2__ky0iejc.png\",\"articleSection\":[\"B\u00f6lg\u0259\"],\"inLanguage\":\"az\"},{\"@type\":\"WebPage\",\"@id\":\"https:\\\/\\\/www.meydan.tv\\\/az\\\/article\\\/saatlida-su-problemi-hell-edilmese-durum-daha-da-agirlasacaq\\\/\",\"url\":\"https:\\\/\\\/www.meydan.tv\\\/az\\\/article\\\/saatlida-su-problemi-hell-edilmese-durum-daha-da-agirlasacaq\\\/\",\"name\":\"Saatl\u0131da: Su problemi h\u0259ll edilm\u0259s\u0259, durum daha da a\u011f\u0131rla\u015facaq - MEYDAN.TV\",\"isPartOf\":{\"@id\":\"https:\\\/\\\/www.meydan.tv\\\/az\\\/#website\"},\"primaryImageOfPage\":{\"@id\":\"https:\\\/\\\/www.meydan.tv\\\/az\\\/article\\\/saatlida-su-problemi-hell-edilmese-durum-daha-da-agirlasacaq\\\/#primaryimage\"},\"image\":{\"@id\":\"https:\\\/\\\/www.meydan.tv\\\/az\\\/article\\\/saatlida-su-problemi-hell-edilmese-durum-daha-da-agirlasacaq\\\/#primaryimage\"},\"thumbnailUrl\":\"https:\\\/\\\/www.meydan.tv\\\/wp-content\\\/uploads\\\/image_from_ios__2__ky0iejc.png\",\"datePublished\":\"2020-07-27T13:50:39+00:00\",\"breadcrumb\":{\"@id\":\"https:\\\/\\\/www.meydan.tv\\\/az\\\/article\\\/saatlida-su-problemi-hell-edilmese-durum-daha-da-agirlasacaq\\\/#breadcrumb\"},\"inLanguage\":\"az\",\"potentialAction\":[{\"@type\":\"ReadAction\",\"target\":[\"https:\\\/\\\/www.meydan.tv\\\/az\\\/article\\\/saatlida-su-problemi-hell-edilmese-durum-daha-da-agirlasacaq\\\/\"]}]},{\"@type\":\"ImageObject\",\"inLanguage\":\"az\",\"@id\":\"https:\\\/\\\/www.meydan.tv\\\/az\\\/article\\\/saatlida-su-problemi-hell-edilmese-durum-daha-da-agirlasacaq\\\/#primaryimage\",\"url\":\"https:\\\/\\\/www.meydan.tv\\\/wp-content\\\/uploads\\\/image_from_ios__2__ky0iejc.png\",\"contentUrl\":\"https:\\\/\\\/www.meydan.tv\\\/wp-content\\\/uploads\\\/image_from_ios__2__ky0iejc.png\",\"width\":1048,\"height\":786,\"caption\":\"Source: Specify Source\"},{\"@type\":\"BreadcrumbList\",\"@id\":\"https:\\\/\\\/www.meydan.tv\\\/az\\\/article\\\/saatlida-su-problemi-hell-edilmese-durum-daha-da-agirlasacaq\\\/#breadcrumb\",\"itemListElement\":[{\"@type\":\"ListItem\",\"position\":1,\"name\":\"Ana s\u0259hif\u0259\",\"item\":\"https:\\\/\\\/www.meydan.tv\\\/az\\\/\"},{\"@type\":\"ListItem\",\"position\":2,\"name\":\"B\u00f6lg\u0259\",\"item\":\"https:\\\/\\\/www.meydan.tv\\\/az\\\/section\\\/bolge\\\/\"},{\"@type\":\"ListItem\",\"position\":3,\"name\":\"Saatl\u0131da: Su problemi h\u0259ll edilm\u0259s\u0259, durum daha da a\u011f\u0131rla\u015facaq\"}]},{\"@type\":\"WebSite\",\"@id\":\"https:\\\/\\\/www.meydan.tv\\\/az\\\/#website\",\"url\":\"https:\\\/\\\/www.meydan.tv\\\/az\\\/\",\"name\":\"MEYDAN.TV\",\"description\":\"Meydan TV Az\u0259rbaycan\u0131n media m\u0259kan\u0131ndak\u0131 alternativ s\u0259sidir\",\"publisher\":{\"@id\":\"https:\\\/\\\/www.meydan.tv\\\/az\\\/#organization\"},\"potentialAction\":[{\"@type\":\"SearchAction\",\"target\":{\"@type\":\"EntryPoint\",\"urlTemplate\":\"https:\\\/\\\/www.meydan.tv\\\/az\\\/?s={search_term_string}\"},\"query-input\":{\"@type\":\"PropertyValueSpecification\",\"valueRequired\":true,\"valueName\":\"search_term_string\"}}],\"inLanguage\":\"az\"},{\"@type\":\"Organization\",\"@id\":\"https:\\\/\\\/www.meydan.tv\\\/az\\\/#organization\",\"name\":\"Meydan TV\",\"url\":\"https:\\\/\\\/www.meydan.tv\\\/az\\\/\",\"logo\":{\"@type\":\"ImageObject\",\"inLanguage\":\"az\",\"@id\":\"https:\\\/\\\/www.meydan.tv\\\/az\\\/#\\\/schema\\\/logo\\\/image\\\/\",\"url\":\"https:\\\/\\\/www.meydan.tv\\\/wp-content\\\/uploads\\\/2021\\\/07\\\/meydan-logo.svg\",\"contentUrl\":\"https:\\\/\\\/www.meydan.tv\\\/wp-content\\\/uploads\\\/2021\\\/07\\\/meydan-logo.svg\",\"width\":195,\"height\":46,\"caption\":\"Meydan TV\"},\"image\":{\"@id\":\"https:\\\/\\\/www.meydan.tv\\\/az\\\/#\\\/schema\\\/logo\\\/image\\\/\"}},{\"@type\":\"Person\",\"@id\":\"https:\\\/\\\/www.meydan.tv\\\/az\\\/#\\\/schema\\\/person\\\/10d11eccf6da3662cf5fdab9806ea91a\",\"name\":\"user-manager\"}]}<\/script>\n<!-- \/ Yoast SEO plugin. -->","yoast_head_json":{"title":"Saatl\u0131da: Su problemi h\u0259ll edilm\u0259s\u0259, durum daha da a\u011f\u0131rla\u015facaq - MEYDAN.TV","robots":{"index":"index","follow":"follow","max-snippet":"max-snippet:-1","max-image-preview":"max-image-preview:large","max-video-preview":"max-video-preview:-1"},"canonical":"https:\/\/www.meydan.tv\/az\/article\/saatlida-su-problemi-hell-edilmese-durum-daha-da-agirlasacaq\/","og_locale":"az_AZ","og_type":"article","og_title":"Saatl\u0131da: Su problemi h\u0259ll edilm\u0259s\u0259, durum daha da a\u011f\u0131rla\u015facaq - MEYDAN.TV","og_description":"\"Ancaq bu su onlar\u0131n g\u00fcnd\u0259lik t\u0259l\u0259batlar\u0131na yetmir\".","og_url":"https:\/\/www.meydan.tv\/az\/article\/saatlida-su-problemi-hell-edilmese-durum-daha-da-agirlasacaq\/","og_site_name":"MEYDAN.TV","article_published_time":"2020-07-27T13:50:39+00:00","og_image":[{"width":1048,"height":786,"url":"https:\/\/www.meydan.tv\/wp-content\/uploads\/image_from_ios__2__ky0iejc.png","type":"image\/png"}],"author":"user-manager","twitter_card":"summary_large_image","schema":{"@context":"https:\/\/schema.org","@graph":[{"@type":"Article","@id":"https:\/\/www.meydan.tv\/az\/article\/saatlida-su-problemi-hell-edilmese-durum-daha-da-agirlasacaq\/#article","isPartOf":{"@id":"https:\/\/www.meydan.tv\/az\/article\/saatlida-su-problemi-hell-edilmese-durum-daha-da-agirlasacaq\/"},"author":{"name":"user-manager","@id":"https:\/\/www.meydan.tv\/az\/#\/schema\/person\/10d11eccf6da3662cf5fdab9806ea91a"},"headline":"Saatl\u0131da: Su problemi h\u0259ll edilm\u0259s\u0259, durum daha da a\u011f\u0131rla\u015facaq","datePublished":"2020-07-27T13:50:39+00:00","mainEntityOfPage":{"@id":"https:\/\/www.meydan.tv\/az\/article\/saatlida-su-problemi-hell-edilmese-durum-daha-da-agirlasacaq\/"},"wordCount":1111,"publisher":{"@id":"https:\/\/www.meydan.tv\/az\/#organization"},"image":{"@id":"https:\/\/www.meydan.tv\/az\/article\/saatlida-su-problemi-hell-edilmese-durum-daha-da-agirlasacaq\/#primaryimage"},"thumbnailUrl":"https:\/\/www.meydan.tv\/wp-content\/uploads\/image_from_ios__2__ky0iejc.png","articleSection":["B\u00f6lg\u0259"],"inLanguage":"az"},{"@type":"WebPage","@id":"https:\/\/www.meydan.tv\/az\/article\/saatlida-su-problemi-hell-edilmese-durum-daha-da-agirlasacaq\/","url":"https:\/\/www.meydan.tv\/az\/article\/saatlida-su-problemi-hell-edilmese-durum-daha-da-agirlasacaq\/","name":"Saatl\u0131da: Su problemi h\u0259ll edilm\u0259s\u0259, durum daha da a\u011f\u0131rla\u015facaq - MEYDAN.TV","isPartOf":{"@id":"https:\/\/www.meydan.tv\/az\/#website"},"primaryImageOfPage":{"@id":"https:\/\/www.meydan.tv\/az\/article\/saatlida-su-problemi-hell-edilmese-durum-daha-da-agirlasacaq\/#primaryimage"},"image":{"@id":"https:\/\/www.meydan.tv\/az\/article\/saatlida-su-problemi-hell-edilmese-durum-daha-da-agirlasacaq\/#primaryimage"},"thumbnailUrl":"https:\/\/www.meydan.tv\/wp-content\/uploads\/image_from_ios__2__ky0iejc.png","datePublished":"2020-07-27T13:50:39+00:00","breadcrumb":{"@id":"https:\/\/www.meydan.tv\/az\/article\/saatlida-su-problemi-hell-edilmese-durum-daha-da-agirlasacaq\/#breadcrumb"},"inLanguage":"az","potentialAction":[{"@type":"ReadAction","target":["https:\/\/www.meydan.tv\/az\/article\/saatlida-su-problemi-hell-edilmese-durum-daha-da-agirlasacaq\/"]}]},{"@type":"ImageObject","inLanguage":"az","@id":"https:\/\/www.meydan.tv\/az\/article\/saatlida-su-problemi-hell-edilmese-durum-daha-da-agirlasacaq\/#primaryimage","url":"https:\/\/www.meydan.tv\/wp-content\/uploads\/image_from_ios__2__ky0iejc.png","contentUrl":"https:\/\/www.meydan.tv\/wp-content\/uploads\/image_from_ios__2__ky0iejc.png","width":1048,"height":786,"caption":"Source: Specify Source"},{"@type":"BreadcrumbList","@id":"https:\/\/www.meydan.tv\/az\/article\/saatlida-su-problemi-hell-edilmese-durum-daha-da-agirlasacaq\/#breadcrumb","itemListElement":[{"@type":"ListItem","position":1,"name":"Ana s\u0259hif\u0259","item":"https:\/\/www.meydan.tv\/az\/"},{"@type":"ListItem","position":2,"name":"B\u00f6lg\u0259","item":"https:\/\/www.meydan.tv\/az\/section\/bolge\/"},{"@type":"ListItem","position":3,"name":"Saatl\u0131da: Su problemi h\u0259ll edilm\u0259s\u0259, durum daha da a\u011f\u0131rla\u015facaq"}]},{"@type":"WebSite","@id":"https:\/\/www.meydan.tv\/az\/#website","url":"https:\/\/www.meydan.tv\/az\/","name":"MEYDAN.TV","description":"Meydan TV Az\u0259rbaycan\u0131n media m\u0259kan\u0131ndak\u0131 alternativ s\u0259sidir","publisher":{"@id":"https:\/\/www.meydan.tv\/az\/#organization"},"potentialAction":[{"@type":"SearchAction","target":{"@type":"EntryPoint","urlTemplate":"https:\/\/www.meydan.tv\/az\/?s={search_term_string}"},"query-input":{"@type":"PropertyValueSpecification","valueRequired":true,"valueName":"search_term_string"}}],"inLanguage":"az"},{"@type":"Organization","@id":"https:\/\/www.meydan.tv\/az\/#organization","name":"Meydan TV","url":"https:\/\/www.meydan.tv\/az\/","logo":{"@type":"ImageObject","inLanguage":"az","@id":"https:\/\/www.meydan.tv\/az\/#\/schema\/logo\/image\/","url":"https:\/\/www.meydan.tv\/wp-content\/uploads\/2021\/07\/meydan-logo.svg","contentUrl":"https:\/\/www.meydan.tv\/wp-content\/uploads\/2021\/07\/meydan-logo.svg","width":195,"height":46,"caption":"Meydan TV"},"image":{"@id":"https:\/\/www.meydan.tv\/az\/#\/schema\/logo\/image\/"}},{"@type":"Person","@id":"https:\/\/www.meydan.tv\/az\/#\/schema\/person\/10d11eccf6da3662cf5fdab9806ea91a","name":"user-manager"}]}},"_links":{"self":[{"href":"https:\/\/www.meydan.tv\/az\/wp-json\/wp\/v2\/posts\/201661","targetHints":{"allow":["GET"]}}],"collection":[{"href":"https:\/\/www.meydan.tv\/az\/wp-json\/wp\/v2\/posts"}],"about":[{"href":"https:\/\/www.meydan.tv\/az\/wp-json\/wp\/v2\/types\/post"}],"author":[{"embeddable":true,"href":"https:\/\/www.meydan.tv\/az\/wp-json\/wp\/v2\/users\/11"}],"replies":[{"embeddable":true,"href":"https:\/\/www.meydan.tv\/az\/wp-json\/wp\/v2\/comments?post=201661"}],"version-history":[{"count":0,"href":"https:\/\/www.meydan.tv\/az\/wp-json\/wp\/v2\/posts\/201661\/revisions"}],"wp:featuredmedia":[{"embeddable":true,"href":"https:\/\/www.meydan.tv\/az\/wp-json\/wp\/v2\/media\/145170"}],"wp:attachment":[{"href":"https:\/\/www.meydan.tv\/az\/wp-json\/wp\/v2\/media?parent=201661"}],"wp:term":[{"taxonomy":"category","embeddable":true,"href":"https:\/\/www.meydan.tv\/az\/wp-json\/wp\/v2\/categories?post=201661"},{"taxonomy":"post_tag","embeddable":true,"href":"https:\/\/www.meydan.tv\/az\/wp-json\/wp\/v2\/tags?post=201661"}],"curies":[{"name":"wp","href":"https:\/\/api.w.org\/{rel}","templated":true}]}}