{"id":201631,"date":"2020-07-24T16:45:32","date_gmt":"2020-07-24T16:45:32","guid":{"rendered":"https:\/\/www.meydan.tv\/article\/brusselde-doyulen-azerbaycanli-4-neferin-ustune-50-nefer-ermeni-geldi\/"},"modified":"2020-07-24T16:45:32","modified_gmt":"2020-07-24T16:45:32","slug":"brusselde-doyulen-azerbaycanli-4-neferin-ustune-50-nefer-ermeni-geldi","status":"publish","type":"post","link":"https:\/\/www.meydan.tv\/az\/article\/brusselde-doyulen-azerbaycanli-4-neferin-ustune-50-nefer-ermeni-geldi\/","title":{"rendered":"Br\u00fcsseld\u0259 d\u00f6y\u00fcl\u0259n az\u0259rbaycanl\u0131: 4 n\u0259f\u0259rin \u00fcst\u00fcn\u0259 50 n\u0259f\u0259r erm\u0259ni g\u0259ldi"},"content":{"rendered":"<p>\n  Az\u0259rbaycanl\u0131larla erm\u0259nil\u0259r aras\u0131nda m\u00fcnaqi\u015f\u0259 niy\u0259 xarici \u00f6lk\u0259l\u0259r\u0259 da\u015f\u0131n\u0131r?\n<\/p>\n<p>\n  \u201cBiz\u0259 h\u00fccum s\u0259firliyin \u00f6n\u00fcnd\u0259ki parkda oldu. \u018fvv\u0259lc\u0259 onlar 10, biz 4 n\u0259f\u0259r idik. Hadis\u0259d\u0259n bir ne\u00e7\u0259 d\u0259qiq\u0259 \u0259vv\u0259l yax\u0131n qohumum Tariyel Zahidovun ma\u015f\u0131n\u0131n\u0131 yarars\u0131z hala sal\u0131b, bayra\u011f\u0131m\u0131z\u0131 da yand\u0131rm\u0131\u015fd\u0131lar. Bu hadis\u0259 biz\u0259 toxunmu\u015fdu. Parkda 4 n\u0259f\u0259rl\u0259 onlara cavab verirdik. Amma bir d\u0259 g\u00f6rd\u00fck ki, 50-y\u0259 yax\u0131n adam g\u0259lir\u201d.\n<\/p>\n<p>\n  Bu s\u00f6zl\u0259ri Meydan TV-y\u0259 a\u00e7\u0131qlamas\u0131nda Az\u0259rbaycan\u0131n Br\u00fcsseld\u0259ki s\u0259firliyinin yax\u0131nl\u0131\u011f\u0131nda parkda erm\u0259nil\u0259r t\u0259r\u0259find\u0259n d\u00f6y\u00fcl\u0259n Cahandar Zahidov deyib.\n<\/p>\n<p>\n  Cahandar Zahidov bildirib ki, iyulun 23-d\u0259 g\u00fcn\u00fcn ikinci yar\u0131s\u0131nda onlar Br\u00fcsseld\u0259ki s\u0259firlik qar\u015f\u0131s\u0131nda Az\u0259rbaycan ordusuna d\u0259st\u0259k aksiyas\u0131 ke\u00e7irm\u0259yi planla\u015fd\u0131r\u0131blar v\u0259 bu zaman h\u00fccuma m\u0259ruz qal\u0131blar:\n<\/p>\n<p>\n  \u201cOnlar\u0131n \u00e7\u0259kili\u015f aparatlar\u0131 oldu\u011fu \u00fc\u00e7\u00fcn qar\u015f\u0131lar\u0131ndan qa\u00e7mad\u0131q, \u00e7\u00fcnki sabah az\u0259rbaycanl\u0131lar\u0131n qorxudan qa\u00e7d\u0131\u011f\u0131n\u0131 yayacaqd\u0131lar. T\u0259s\u0259vv\u00fcr edin ki, biz 4 n\u0259f\u0259r, onlar 50. Adama 10 n\u0259f\u0259r d\u00fc\u015f\u00fcrd\u00fc. B\u00fct\u00fcn v\u0259h\u015filikl\u0259rini \u00e7\u0259kdil\u0259r\u201d.\n<\/p>\n<p>\n  AB\u015e-\u0131n Los Anceles \u015f\u0259h\u0259rind\u0259 v\u0259 Bel\u00e7ikan\u0131n paytaxt\u0131 Br\u00fcsseld\u0259 ya\u015fayan az\u0259rbaycanl\u0131lar\u0131n erm\u0259nil\u0259r t\u0259r\u0259find\u0259n h\u00fccuma m\u0259ruz qalmalar\u0131 ictimai-siyasi g\u00fcnd\u0259min \u0259sas m\u00fczakir\u0259 m\u00f6vzusuna \u00e7evrilib.\n<\/p>\n<p>\n  <b><br \/>\n    Ticar\u0259t m\u0259rk\u0259zind\u0259n ba\u015flayan naraz\u0131l\u0131q<br \/>\n  <\/b>\n<\/p>\n<p>\n  Dig\u0259r \u00f6lk\u0259l\u0259rd\u0259 ya\u015fayan az\u0259rbaycanl\u0131 v\u0259 erm\u0259nil\u0259r aras\u0131nda ba\u015f ver\u0259n hadis\u0259l\u0259rin g\u00f6zl\u0259nilm\u0259d\u0259n aqressiv axara y\u00f6n\u0259lm\u0259si \u00e7oxlu sual yarad\u0131b. Xarici \u00f6lk\u0259l\u0259rd\u0259, ilk n\u00f6vb\u0259d\u0259 Rusiyada iki xalq\u0131n n\u00fcmay\u0259nd\u0259l\u0259ri aras\u0131nda naraz\u0131l\u0131q ticar\u0259t m\u0259rk\u0259zl\u0259rind\u0259n ba\u015flay\u0131b. Az\u0259rbaycandan olan biznesmenl\u0259r Qod Nisanovla Zarax \u0130liyev\u0259 m\u0259xsus \u201cFood City\u201d Ticar\u0259t M\u0259rk\u0259zi Erm\u0259nistandan g\u0259tiril\u0259n \u0259rikl\u0259ri q\u0259bul etm\u0259yib. Bir ne\u00e7\u0259 g\u00fcn \u00f6nc\u0259 is\u0259 Erm\u0259nistan\u0131n Rusiyadak\u0131 s\u0259firi Vardan Toqonyan Rusiyan\u0131n \u201cRBK\u201d kanal\u0131na Araz A\u011falarova m\u0259xsus \u201cS\u0259nin evin\u201d Ticar\u0259t M\u0259rk\u0259zind\u0259n erm\u0259ni m\u0259hsullar\u0131n\u0131n \u201cyoxa \u00e7\u0131xd\u0131\u011f\u0131n\u0131\u201d bildirib. S\u0259fir erm\u0259ni m\u0259hsullar\u0131 olan i\u00e7ki, mineral sular, konserv m\u0259hsullar\u0131n\u0131n yerini Az\u0259rbaycandan g\u0259tiril\u0259n mallar\u0131n tutdu\u011funu deyib. Ticar\u0259t M\u0259rk\u0259zi kanal\u0131n bu bar\u0259d\u0259 sor\u011fusuna \u015f\u0259rh verm\u0259yib.\n<\/p>\n<p>\n  M\u0259tbuat\u0131n yazd\u0131\u011f\u0131na g\u00f6r\u0259, m\u0259s\u0259l\u0259 o h\u0259dd\u0259 \u00e7at\u0131b ki, Rusiyan\u0131n Xarici i\u015fl\u0259r naziri Sergey Lavrov Qod Nisanovu q\u0259bul edib v\u0259 onunla dan\u0131\u015f\u0131qlar apar\u0131b.\n<\/p>\n<p>\n  \u201cNovaya qazeta\u201d m\u00fcst\u0259qil Rusiya n\u0259\u015frinin yazd\u0131\u011f\u0131na g\u00f6r\u0259, erm\u0259ni furlar\u0131 il\u0259 ba\u015f vermi\u015f olay\u0131n ert\u0259si g\u00fcn\u00fc Moskva Ticar\u0259t v\u0259 Xidm\u0259t Departamentinin r\u0259hb\u0259ri Aleksey Nemerok b\u0259yan edib ki, \u201cFood Citi\u201dd\u0259 erm\u0259ni mallar\u0131n\u0131n sat\u0131\u015f\u0131 il\u0259 ba\u011fl\u0131 art\u0131q he\u00e7 bir problem yoxdur.\n<\/p>\n<figure class=\"wp-block-image size-large\">\n  <img decoding=\"async\" src=\"https:\/\/www.meydan.tv\/az\/xfud_sity_1-jpg-pagespeed-ic-mrw7xhdpxf-jpg\/\" alt=\"xfud_sity_1.jpg.pagespeed.ic.MRW7xHdPxF.jpg\" class=\"wp-image-145013\"\/><figcaption>\n    \u201cFood Siti\u201d<br \/>\n  <\/figcaption><\/figure>\n<p>\n  <b><br \/>\n    \u201cBr\u00fcsseld\u0259 15 n\u0259f\u0259r erm\u0259ni saxlan\u0131l\u0131b\u201d<br \/>\n  <\/b>\n<\/p>\n<p>\n  AB\u015e-da is\u0259 Los Anceles \u015f\u0259h\u0259rind\u0259 az\u0259rbaycanl\u0131lar erm\u0259nil\u0259rin h\u00fccumuna m\u0259ruz qal\u0131b. Az\u0259rbaycan Konsullu\u011fu qar\u015f\u0131s\u0131nda 50-y\u0259 yax\u0131n az\u0259rbaycanl\u0131 orduya d\u0259st\u0259k n\u00fcmayi\u015fi ke\u00e7ir\u0259n zaman y\u00fczl\u0259rl\u0259 erm\u0259ni onlara h\u00fccum edib. \u0130kincil\u0259r az\u0259rbaycanl\u0131lar\u0131 d\u00f6y\u00fcb, bayraqlar\u0131, fotolar\u0131, \u015f\u00fcarlar\u0131 alaraq c\u0131r\u0131blar. Ox\u015far hadis\u0259 Az\u0259rbaycan\u0131n Br\u00fcsseld\u0259ki s\u0259firliyi yax\u0131nl\u0131\u011f\u0131nda da olub. D\u00f6rd az\u0259rbaycanl\u0131 50 erm\u0259ni t\u0259r\u0259find\u0259n d\u00f6y\u00fcl\u00fcb. Hadis\u0259l\u0259rin video g\u00f6r\u00fcnt\u00fcl\u0259rini erm\u0259nil\u0259r sosial \u015f\u0259b\u0259k\u0259l\u0259rd\u0259 yay\u0131blar.\n<\/p>\n<p>\n  Cahandar Zahidovla birg\u0259 d\u00f6y\u00fcl\u0259n Tariyel Zahidov Meydan TV-y\u0259 deyib ki, ma\u015f\u0131n\u0131n\u0131n yarars\u0131z hala sal\u0131nmas\u0131 n\u0259tic\u0259sind\u0259 4 min avro z\u0259r\u0259r\u0259 d\u00fc\u015f\u00fcb.\n<\/p>\n<p>\n  Cahandar Zahidov yerli h\u00fcquq-m\u00fchafiz\u0259 orqanlar\u0131na \u015fikay\u0259t etm\u0259dikl\u0259rini, bu i\u015fl\u0259 s\u0259firliyin m\u0259\u015f\u011ful oldu\u011funu bildirib:\n<\/p>\n<p>\n  \u201cM\u0259lumat\u0131m\u0131za g\u00f6r\u0259, 15 n\u0259f\u0259r saxlan\u0131l\u0131b. Biz onsuz da ill\u0259rdir onlar\u0131n haqs\u0131zl\u0131\u011f\u0131na v\u0259 \u00f6zba\u015f\u0131nal\u0131\u011f\u0131na d\u00f6z\u00fcr\u00fck\u201d.\n<\/p>\n<p>\n  Cahandar Zahidov Br\u00fcsseld\u0259ki Az\u0259rbaycan s\u0259firliyinin onlarla maraqland\u0131\u011f\u0131n\u0131 deyib:\n<\/p>\n<p>\n  \u201cS\u0259firlik v\u0259 burada olan az\u0259rbaycanl\u0131lar biziml\u0259 \u0259laq\u0259 saxlad\u0131lar, x\u0259st\u0259xana x\u0259rcl\u0259rini \u00f6d\u0259m\u0259y\u0259 haz\u0131r olduqlar\u0131n\u0131 s\u00f6yl\u0259dil\u0259r. Onlar \u00fcz\u0259ril\u0259rin\u0259 d\u00fc\u015f\u0259n b\u00fct\u00fcn v\u0259zif\u0259l\u0259ri yerin\u0259 yetirdil\u0259r\u201d.\n<\/p>\n<p>\n  Az\u0259rbaycanl\u0131lara h\u00fccuma r\u0259hb\u0259rlik ed\u0259nl\u0259r aras\u0131nda \u015f\u00fcbh\u0259li bilin\u0259n Eduard Baqramyan is\u0259 sosial \u015f\u0259b\u0259k\u0259d\u0259 video m\u00fcraci\u0259t yayaraq hadis\u0259d\u0259 i\u015ftirak\u00e7\u0131 olmad\u0131\u011f\u0131n\u0131 iddia edib. O, haqq\u0131nda yay\u0131lan m\u0259lumatlar\u0131 t\u0259kzib edib.\n<\/p>\n<figure class=\"wp-block-image size-large\">\n  <img decoding=\"async\" src=\"https:\/\/www.meydan.tv\/az\/112720096_1966860460111626_4748724826414236240_o-jpg\/\" alt=\"112720096_1966860460111626_4748724826414236240_o.jpg\" class=\"wp-image-144986\"\/><figcaption>\n    Cahandar Zahidov v\u0259 Tariyel Zahidov<br \/>\n  <\/figcaption><\/figure>\n<p>\n  <b><br \/>\n    \u201cErm\u0259nil\u0259r t\u0259r\u0259find\u0259n edilmi\u015f h\u00fccuma b\u0259ra\u0259t qazand\u0131rmaq m\u00fcmk\u00fcns\u00fczd\u00fcr\u201d<br \/>\n  <\/b>\n<\/p>\n<p>\n  Los Ancelesd\u0259ki olaylarla ba\u011fl\u0131 AB\u015e-\u0131n Az\u0259rbaycank\u0131 s\u0259firi \u00d6rl Litzenberqer iyulun 24-d\u0259 Xarici \u0130\u015fl\u0259r Nazirliyin\u0259 \u00e7a\u011f\u0131r\u0131l\u0131b v\u0259 Xarici i\u015fl\u0259r nazirinin m\u00fcavini X\u0259l\u0259f X\u0259l\u0259fovla g\u00f6r\u00fc\u015f\u00fcb.\n<\/p>\n<p>\n  X\u0130N-in yayd\u0131\u011f\u0131 m\u0259lumata g\u00f6r\u0259, X\u0259l\u0259f X\u0259l\u0259fov xat\u0131rlad\u0131b ki, bel\u0259 t\u0259xribatlardan bir ne\u00e7\u0259si m\u0259hz AB\u015e-da h\u0259yata ke\u00e7irilib. \u0130yulun 21-d\u0259 Az\u0259rbaycan\u0131n Va\u015finqtonda yerl\u0259\u015f\u0259n s\u0259firliyinin giri\u015f darvazas\u0131na nam\u0259lum \u015f\u0259xsl\u0259r t\u0259r\u0259find\u0259n \u00fcz\u0259rind\u0259 Az\u0259rbaycan \u0259leyhin\u0259 yaz\u0131lar\u0131 \u0259ks etdir\u0259n baner ba\u011flan\u0131b v\u0259 erm\u0259ni media, m\u0259tbuat vasit\u0259l\u0259rind\u0259 n\u00fcmayi\u015f etdirilib.\n<\/p>\n<p>\n  Nazir m\u00fcavini erm\u0259nil\u0259rin Los Anceles \u015f\u0259h\u0259rind\u0259ki Ba\u015f Konsullu\u011funun yerl\u0259\u015fdiyi binan\u0131 \u0259hat\u0259y\u0259 alaraq, Az\u0259rbaycana qar\u015f\u0131 aqressiv formada t\u0259xribat\u00e7\u0131 \u015f\u00fcarlarla m\u00fc\u015fayi\u0259t olunan etiraz aksiyas\u0131 ke\u00e7irdiyini bildirib. Aqressiv erm\u0259ni n\u00fcmayi\u015f\u00e7il\u0259rinin Ba\u015f Konsullu\u011fun \u00f6n\u00fcnd\u0259 dinc aksiya ke\u00e7ir\u0259n v\u0259 sayca onlardan qat-qat az olan Az\u0259rbaycan icmas\u0131 \u00fczvl\u0259rin\u0259 h\u00fccum etdiyi v\u0259 biri qad\u0131n olmaqla yeddi n\u0259f\u0259r Az\u0259rbaycanl\u0131n\u0131n m\u00fcxt\u0259lif d\u0259r\u0259c\u0259li b\u0259d\u0259n x\u0259sar\u0259tl\u0259ri ald\u0131\u011f\u0131 qeyd olunub.\n<\/p>\n<figure class=\"wp-block-image size-large\">\n  <img decoding=\"async\" src=\"https:\/\/www.meydan.tv\/az\/image-1-png-3\/\" alt=\"image (1).png\" class=\"wp-image-145001\"\/><figcaption>\n    Los Anceles<br \/>\n  <\/figcaption><\/figure>\n<p>\n  S\u0259fir \u00d6rl Litzenberqer qeyd edil\u0259n m\u0259s\u0259l\u0259l\u0259rl\u0259 ba\u011fl\u0131 m\u0259lumatl\u0131 oldu\u011funu, ba\u015f ver\u0259n hadis\u0259l\u0259rd\u0259n d\u0259rin t\u0259\u0259ss\u00fcf hissi ke\u00e7irdiyini bildirib.\n<\/p>\n<p>\n  Diplomat Los Anceles t\u0259xribat\u0131n\u0131 bilavasit\u0259 aqressiv erm\u0259ni n\u00fcmayi\u015f\u00e7il\u0259r t\u0259r\u0259find\u0259n h\u0259yata ke\u00e7irildiyin\u0259 dair t\u0259kzibedilm\u0259z s\u00fcbutlar\u0131n m\u00f6vcud oldu\u011funu bildirib.\n<\/p>\n<p>\n  O, az\u0259rbaycanl\u0131lara qar\u015f\u0131 sayca daha \u00e7ox olan erm\u0259nil\u0259r t\u0259r\u0259find\u0259n edilmi\u015f h\u00fccuma b\u0259ra\u0259t qazand\u0131rma\u011f\u0131n m\u00fcmk\u00fcns\u00fczl\u00fcy\u00fcn\u00fc diqq\u0259t\u0259 \u00e7atd\u0131r\u0131b. \u00d6rl Litzenberqer \u00f6lk\u0259sind\u0259 dinc \u015f\u0259kild\u0259 s\u00f6z azadl\u0131\u011f\u0131 h\u00fcququnun d\u0259st\u0259kl\u0259ndiyini, lakin erm\u0259nil\u0259rin Los Ancelesd\u0259 h\u0259yata ke\u00e7irdiyi aksiyan\u0131n qaraguruhdan ibar\u0259t oldu\u011funu qeyd edib. S\u0259fir, bunun q\u0259buledilm\u0259z v\u0259 AB\u015e \u0259razisind\u0259 ba\u015f verm\u0259m\u0259li bir hal oldu\u011funu ifad\u0259 edib.\n<\/p>\n<p>\n  Diplomat Los Ancelesin yerli h\u00fcquq-m\u00fchafiz\u0259 orqanlar\u0131 r\u0259hb\u0259rliyinin ba\u015f vermi\u015f erm\u0259ni t\u0259xribat\u0131 v\u0259 onun qar\u015f\u0131s\u0131n\u0131n al\u0131na bilm\u0259m\u0259sind\u0259n dolay\u0131 \u00fczrxahl\u0131q etdiyini, m\u0259s\u0259l\u0259 il\u0259 ba\u011fl\u0131 ara\u015fd\u0131rmalar\u0131n apar\u0131laca\u011f\u0131n\u0131 v\u0259 m\u00fcvafiq t\u0259dbirl\u0259rin g\u00f6r\u00fcl\u0259c\u0259yini qeyd edib.\n<\/p>\n<figure class=\"wp-block-image size-large\">\n  <img decoding=\"async\" src=\"https:\/\/www.meydan.tv\/az\/91xmh2r-jpg\/\" alt=\"91XMH2R.jpg\" class=\"wp-image-134313\"\/><figcaption>\n    \u00d6rl Litzenberqer<br \/>\n  <\/figcaption><\/figure>\n<p>\n  <b><br \/>\n    Erm\u0259nistan X\u0130N b\u0259yanat verdi<br \/>\n  <\/b>\n<\/p>\n<p>\n  Erm\u0259nistan Xarici \u0130\u015fl\u0259r Nazirliyi is\u0259 iyulun 24-d\u0259 b\u0259yanat yay\u0131b. B\u0259yanatda bildirilir:\n<\/p>\n<p>\n  \u201cErm\u0259nistan v\u0259t\u0259nda\u015flar\u0131 v\u0259 erm\u0259ni icmas\u0131n\u0131n n\u00fcmay\u0259nd\u0259l\u0259rin\u0259 qar\u015f\u0131 zorak\u0131l\u0131q hallar\u0131 son zamanlar d\u00fcnyan\u0131n m\u00fcxt\u0259lif \u00f6lk\u0259l\u0259rind\u0259 m\u00fc\u015fahid\u0259 olunur\u201d.\n<\/p>\n<p>\n  B\u0259yanatda h\u0259m d\u0259 qeyd edirlir ki, Erm\u0259nistan\u0131n m\u00fcxt\u0259lif \u00f6lk\u0259l\u0259rl\u0259 ticar\u0259t v\u0259 iqtisadi \u0259laq\u0259l\u0259rinin pozulmas\u0131 \u00fc\u00e7\u00fcn \u201cirqi xarakterli add\u0131mlar at\u0131l\u0131r\u201d.\n<\/p>\n<p>\n  Qeyd olunur ki, Az\u0259rbaycan\u0131n r\u0259smi \u015f\u0259xsl\u0259ri t\u0259r\u0259find\u0259n bu add\u0131mlar\u0131n co\u011frafiyas\u0131n\u0131n geni\u015fl\u0259ndirilm\u0259si h\u0259min h\u0259r\u0259k\u0259tl\u0259rin Az\u0259rbaycan\u0131n d\u00f6vl\u0259t qurumlar\u0131 t\u0259r\u0259find\u0259n idar\u0259 olundu\u011funa d\u0259lal\u0259t edir.\n<\/p>\n<p>\n  \u00d6z b\u0259y\u0259nat\u0131nda Erm\u0259nistan X\u0130N h\u0259mv\u0259t\u0259nl\u0259rini ay\u0131q olma\u011fa, t\u0259xribata uymama\u011fa v\u0259 h\u0259r hans\u0131 xo\u015fa\u011f\u0259lm\u0259z hadis\u0259 ba\u015f ver\u0259rs\u0259, yerli h\u00fcquq-m\u00fchafiz\u0259 orqanlar\u0131na, erm\u0259ni icmas\u0131 qurumlar\u0131na v\u0259 Erm\u0259nistan\u0131n diplomatik n\u00fcmay\u0259nd\u0259l\u0259rin\u0259 m\u00fcraci\u0259t etm\u0259y\u0259 \u00e7a\u011f\u0131r\u0131r.\n<\/p>\n<figure class=\"wp-block-image size-large\">\n  <img decoding=\"async\" src=\"https:\/\/www.meydan.tv\/az\/15542175891217-jpeg\/\" alt=\"15542175891217.jpeg\" class=\"wp-image-145019\"\/><figcaption>\n    Erm\u0259nistan Xarici \u0130\u015fl\u0259r Nazirliyi<br \/>\n  <\/figcaption><\/figure>\n<p>\n  <b><br \/>\n    \u201cXaricd\u0259 ya\u015fayan az\u0259rbaycanl\u0131lar soyuqqanl\u0131 olmal\u0131, t\u0259xribatlara uymamal\u0131d\u0131rlar\u201d<br \/>\n  <\/b>\n<\/p>\n<p>\n  Helsinki V\u0259t\u0259nda\u015f Assambleyas\u0131n\u0131n Az\u0259rbaycan Milli Komit\u0259sinin r\u0259hb\u0259ri, h\u00fcquq m\u00fcdafi\u0259\u00e7isi Arzu Abdullayeva m\u00f6vcud durumun 12 iyulda Rusiyan\u0131n t\u0259xribat\u0131 n\u0259tic\u0259sind\u0259 Tovuz istiqam\u0259tind\u0259 at\u0259\u015fk\u0259sin pozulmas\u0131ndan qaynaqland\u0131\u011f\u0131 q\u0259na\u0259tind\u0259dir:\n<\/p>\n<p>\n  \u201cTovuz hadis\u0259si t\u0259xribat idi v\u0259 bu d\u0259f\u0259 at\u0259\u015fk\u0259sin pozulmas\u0131nda \u00fc\u00e7\u00fcnc\u00fc \u00f6lk\u0259l\u0259rin mara\u011f\u0131 var idi. \u018fsas\u0259n Rusiyan\u0131n neft v\u0259 qaz siyas\u0259ti, o c\u00fcml\u0259d\u0259n, siyasi t\u0259zyiql\u0259ri rol oynay\u0131b. Onsuz da 30 ildir davam ed\u0259n m\u00fcnaqi\u015f\u0259d\u0259 Rusiyan\u0131n rolu dan\u0131lmazd\u0131r. Erm\u0259nistan v\u0259 Az\u0259rbaycan regionda b\u00f6y\u00fck oyun\u00e7u deyill\u0259r ki, Moskvan\u0131n t\u0259xribatlar\u0131na qar\u015f\u0131 dayana bilsinl\u0259r. T\u0259\u0259ss\u00fcf ki, Moskva probleml\u0259rin h\u0259llind\u0259 silaha \u00fcst\u00fcnl\u00fck verir, n\u0259inki \u201cyum\u015faq siyas\u0259t\u201d\u0259\u201d.\n<\/p>\n<p>\n  Xarici \u00f6lk\u0259l\u0259rd\u0259 erm\u0259ni v\u0259 az\u0259rbaycanl\u0131lar aras\u0131nda qar\u015f\u0131durmalara g\u0259linc\u0259, Arzu Abdullayeva qeyd edib ki, toqqu\u015fmalar olmasa da, g\u0259rginlik h\u0259mi\u015f\u0259 olub. Onun fikrinc\u0259, bu, diaspora t\u0259\u015fkilalar\u0131n\u0131n f\u0259aliyy\u0259tind\u0259 \u00f6z\u00fcn\u00fc g\u00f6st\u0259rir.\n<\/p>\n<p>\n  Arzu Abdllayeva hesab edir ki, Br\u00fcssel v\u0259 Los Anceles olaylar\u0131 erm\u0259nil\u0259r \u00fc\u00e7\u00fcn yax\u015f\u0131 indikator deyil:\n<\/p>\n<p>\n  \u201cG\u00fcman ki, erm\u0259nil\u0259r 12 iyulda ist\u0259dikl\u0259rin\u0259 nail olmad\u0131qlar\u0131ndan panikaya d\u00fc\u015f\u00fcbl\u0259r. Y\u0259qin ki, erm\u0259nil\u0259r d\u00fcnyan\u0131n Az\u0259rbaycan\u0131n Da\u011fl\u0131q Qaraba\u011f m\u0259s\u0259l\u0259sind\u0259 haql\u0131 t\u0259r\u0259f sayd\u0131qlar\u0131ndan narahatd\u0131rlar. Fakt budur ki, n\u0259 Tovuzda at\u0259\u015fk\u0259sin pozlmas\u0131nda, n\u0259 d\u0259 Br\u00fcssel v\u0259 Los Ancelesd\u0259ki hadis\u0259l\u0259rd\u0259 Az\u0259rbaycan\u0131 su\u00e7lamaq \u00fc\u00e7\u00fcn \u0259sas yoxdur. \u00c7\u00fcnki s\u0259rh\u0259dimiz pozuldu v\u0259 bir general daxil olmaqla 12 v\u0259t\u0259nda\u015f\u0131m\u0131z\u0131 itirdik. Onlardan biri m\u00fclki \u015f\u0259xs idi\u201d.\n<\/p>\n<figure class=\"wp-block-image size-large\">\n  <img decoding=\"async\" src=\"https:\/\/www.meydan.tv\/az\/maxresdefault-jpg-43\/\" alt=\"maxresdefault.jpg\" class=\"wp-image-145034\"\/><figcaption>\n    Arzu Abdullayeva<br \/>\n  <\/figcaption><\/figure>\n<p>\n  Arzu Abdullayeva bildirib ki, indiki v\u0259ziyy\u0259td\u0259 xaricd\u0259 ya\u015fayan az\u0259rbaycanl\u0131lar soyuqqanl\u0131 olmal\u0131, t\u0259xribatlara uymamal\u0131d\u0131rlar:\n<\/p>\n<p>\n  \u201cAqressiv v\u0259ziyy\u0259td\u0259 insan \u00f6z h\u0259ddini a\u015f\u0131r v\u0259 bu, qar\u015f\u0131 t\u0259r\u0259f \u00fc\u00e7\u00fcn biz\u0259 qar\u015f\u0131 bayraq olur. Ona g\u00f6r\u0259 emosiyalar\u0131 cilovlamaq v\u0259 t\u0259\u015fkilatlanmaq laz\u0131md\u0131r. Az\u0259rbaycan Diaspora Komit\u0259si v\u0259 Xarici \u0130\u015fl\u0259r Nazirliyi s\u0259firlikl\u0259r vasit\u0259sil\u0259 indiki h\u0259ssas durumda g\u00fccl\u00fc i\u015f qurmal\u0131d\u0131r. Xarici m\u0259tbuatla i\u015fl\u0259y\u0259 bil\u0259n komanda qurulmas\u0131 vacibdir. Onsuz da onlar mediada yalan v\u0259 t\u0259xribat yayan \u00e7\u0131x\u0131\u015flar edirl\u0259r. Rusiya telekanallar\u0131n\u0131 g\u00f6st\u0259rm\u0259k yet\u0259r. Aqressiv olsaq, d\u00fcnyada r\u0259\u011fb\u0259t qazana bilm\u0259y\u0259c\u0259yik v\u0259 erm\u0259nil\u0259rin \u0259lin\u0259 b\u0259han\u0259 ver\u0259c\u0259yik. T\u0259\u015fkilatlanma olmasa, elm sah\u0259sind\u0259 olan \u015f\u0259xsl\u0259ri \u00f6n\u0259 verm\u0259s\u0259k, u\u011furlar\u0131m\u0131z da olmayacaq\u201d.\n<\/p>\n<p>\n  <b><br \/>\n    \u201c\u00d6z milli maraqlar\u0131m\u0131z namin\u0259 bunu dayand\u0131rmal\u0131y\u0131q\u201d<br \/>\n  <\/b>\n<\/p>\n<p>\n  \u201cPresklub.az\u201d portal\u0131n\u0131n ba\u015f redaktoru Arif \u018fliyev son hadis\u0259l\u0259rin ba\u015f verm\u0259sind\u0259 bir ne\u00e7\u0259 amilin rol oynad\u0131\u011f\u0131n\u0131 d\u00fc\u015f\u00fcn\u00fcr. O hesab edir ki, h\u0259r iki t\u0259r\u0259fd\u0259 toplanan g\u0259rginlik n\u0259 vaxtsa \u00fcz\u0259 \u00e7\u0131xmal\u0131yd\u0131 v\u0259 2016-c\u0131 ild\u0259n sonra g\u0259rginlik art\u0131rd\u0131:\n<\/p>\n<p>\n  \u201cAmma \u00fcmidl\u0259r d\u0259 vard\u0131 ki, Erm\u0259nistanda hakimiyy\u0259t d\u0259yi\u015fikliyind\u0259n sonra n\u0259l\u0259rs\u0259 ba\u015f ver\u0259c\u0259k. \u00dcmid q\u0131r\u0131ql\u0131\u011f\u0131 h\u0259min g\u0259rginliyi h\u0259dd\u0259n art\u0131q y\u00fcks\u0259k s\u0259viyy\u0259y\u0259 \u00e7atd\u0131rd\u0131. \u0130kinci amil odur ki, g\u0259rginliyin faktiki olaraq qo\u015funlar\u0131n t\u0259mas x\u0259ttind\u0259n s\u0259rh\u0259d\u0259 k\u00f6\u00e7\u00fcr\u00fclm\u0259si \u00e7ox ciddi prosesl\u0259rd\u0259n x\u0259b\u0259r verirdi. \u00dc\u00e7\u00fcnc\u00fc, xarici v\u0259 yerli medialar\u0131n g\u0259rginliyin artmas\u0131nda da rolu oldu. \u201cFake\u201d texnologiyas\u0131 3-4 ild\u0259 bel\u0259 inki\u015faf etm\u0259mi\u015fdi. Son bir ne\u00e7\u0259 ild\u0259 \u201cfake\u201d x\u0259b\u0259rl\u0259r art\u0131r v\u0259 c\u0259miyy\u0259tl\u0259rin \u0259hval-ruhiyy\u0259sin\u0259 t\u0259sirini g\u00f6st\u0259rir. Sadalananlar indiki m\u0259nz\u0259r\u0259ni yaratd\u0131\u201d.\n<\/p>\n<p>\n  Arif \u018fliyev n\u0259tic\u0259siz dan\u0131\u015f\u0131qlar\u0131n h\u0259dd\u0259n art\u0131q uzanmas\u0131n\u0131 da \u00e7ox t\u0259hl\u00fck\u0259li amil say\u0131r:\n<\/p>\n<figure class=\"wp-block-image size-large\">\n  <img decoding=\"async\" src=\"https:\/\/www.meydan.tv\/az\/arif-eliyev\/\" alt=\"Arif \u018fliyev\" class=\"wp-image-55224\"\/><figcaption>\n    Arif \u018fliyev<br \/>\n  <\/figcaption><\/figure>\n<p>\n  \u201cFaktiki olaraq, c\u0259bh\u0259 x\u0259tti Qafqazdan k\u0259nara \u00e7\u0131xaraq Avropa v\u0259 AB\u015e-a y\u00f6n\u0259lib. Be\u015f ild\u0259n sonra indiki v\u0259ziyy\u0259t hans\u0131 forman\u0131 alacaq sual\u0131 yaran\u0131r. Allah etm\u0259sin, terror formas\u0131n\u0131 da ala bil\u0259r. G\u0259rginlik, problem m\u00f6vcuddur v\u0259 h\u0259ll olunmur, ictimai orqanizmin hans\u0131 hiss\u0259l\u0259rini z\u0259d\u0259l\u0259c\u0259yini d\u0259 bilmirik. Ona g\u00f6r\u0259 d\u0259 beyn\u0259lxalq t\u0259\u015fkilatlar, Minsk Qrupu problemi \u201cg\u00f6z alt\u0131na\u201d almal\u0131d\u0131rlar. Ba\u015fa d\u00fc\u015fm\u0259lidirl\u0259r ki, m\u00fcharib\u0259 uzaq Qafqazda getmir. Onun t\u00f6r\u0259m\u0259l\u0259ri Avropaya v\u0259 Amerikaya \u00e7\u0131x\u0131b\u201d.\n<\/p>\n<p>\n  Arif \u018fliyev problemin \u0259razi m\u00fcnaqi\u015f\u0259sind\u0259n milli m\u00fcnaqi\u015f\u0259y\u0259 \u00e7evril\u0259r\u0259k t\u0259hl\u00fck\u0259li hal almas\u0131ndan narahatl\u0131\u011f\u0131n\u0131 ifad\u0259 edib:\n<\/p>\n<p>\n  \u201cBiz \u00f6z milli maraqlar\u0131m\u0131z namin\u0259 bunu dayand\u0131rmal\u0131y\u0131q. Hardasa erm\u0259ni bel\u0259 aqressiv h\u0259r\u0259k\u0259t edibs\u0259, bu, qisas t\u0259dbirin\u0259 s\u0259b\u0259b olmamal\u0131d\u0131r. X\u00fcsusil\u0259 buna \u00e7a\u011f\u0131r\u0131\u015flar\u0131 dayand\u0131rmaq laz\u0131md\u0131r. Onsuz da erm\u0259nil\u0259rin bir ne\u00e7\u0259 h\u0259r\u0259k\u0259t\u0259 yol verm\u0259si onlar\u0131n d\u00fcnyadak\u0131 ictimai n\u00fcfuzuna ciddi z\u0259rb\u0259ydi. M\u0259s\u0259l\u0259n, Bel\u00e7ikada az\u0259rbaycanl\u0131lara qar\u015f\u0131 h\u00fccumda i\u015ftiraka g\u00f6r\u0259 15 n\u0259f\u0259rin h\u0259bsi oldu. \u0130ndi biz onu \u00f6z\u00fcm\u00fcz\u0259 qar\u015f\u0131 \u00e7evirm\u0259m\u0259liyik. Toplanm\u0131\u015f q\u0259z\u0259bi, hirsi v\u0259 g\u00fcc\u00fc tamamil\u0259 ba\u015fqa istiqam\u0259t\u0259 y\u00f6n\u0259ltm\u0259k laz\u0131md\u0131r. \u018fg\u0259r bu ba\u015f ver\u0259rs\u0259, h\u0259mi\u015f\u0259 uduzdu\u011fumuz c\u0259bh\u0259l\u0259rd\u0259, informasiya, diasporalar\u0131n qar\u015f\u0131durmas\u0131nda \u00fcst\u00fcnl\u00fckl\u0259r \u0259ld\u0259 ed\u0259rik. Bax, o x\u0259tti qorumal\u0131y\u0131q. Biz qeyri-insani h\u0259r\u0259k\u0259tl\u0259rd\u0259n qa\u00e7mal\u0131y\u0131q\u201d.\n<\/p>\n<p>\n  Arif \u018fliyev \u201cGallup\u0131n Global Emotions\u201d t\u0259\u015fkilat\u0131n\u0131n 2019-cu ild\u0259 apard\u0131\u011f\u0131 sor\u011fuda Erm\u0259nistan\u0131n d\u00fcnyan\u0131n \u0259n ac\u0131ql\u0131 \u00f6lk\u0259 kimi birinci yer\u0259 \u00e7\u0131xmas\u0131n\u0131n son olaylarda t\u0259siredici amil olmas\u0131 bar\u0259d\u0259 suala bel\u0259 cavab verib:\n<\/p>\n<p>\n  \u201c\u0130nsan niy\u0259 ac\u0131ql\u0131 olur? \u00d6mr\u00fc boyu basq\u0131n\u0131n v\u0259 qorxunun alt\u0131nda ya\u015fay\u0131rsa. Bu, yax\u0131n\u0131n\u0131 itirm\u0259k, acl\u0131q, sabahk\u0131 g\u00fcn\u0259 \u0259min olmamaq qorxusudur. Yoxsa \u00f6z-\u00f6zl\u00fcy\u00fcnd\u0259 ham\u0131dan ac\u0131ql\u0131 v\u0259 yaxud m\u00fclayim xalq yoxdur. \u0130st\u0259nil\u0259n xalq\u0131 a\u011f\u0131r \u015f\u0259raitd\u0259 ya\u015fad\u0131b aqressiv topluma \u00e7evirm\u0259k olar. \u0130st\u0259nil\u0259n xalqa rahat insani h\u0259yat b\u0259x\u015f edib onu xo\u015fb\u0259xt d\u0259 etm\u0259k m\u00fcmk\u00fcnd\u00fcr. Tarix g\u00f6st\u0259rib ki, bir \u0259srd\u0259 nec\u0259 aqressiv olub d\u00fcnyan\u0131 b\u0259rbad g\u00fcn\u0259 qoyan xalqlar, sonradan xo\u015fb\u0259xst h\u0259yat qurublar. \u00c7ox t\u0259\u0259ss\u00fcf ki, Erm\u0259nistan\u0131n r\u0259hb\u0259rl\u0259ri \u00f6z xalq\u0131n\u0131 hara apard\u0131qlar\u0131n\u0131 g\u00f6rm\u00fcrl\u0259r. 10-15 il d\u0259 bel\u0259 davam ets\u0259, hans\u0131 m\u0259nz\u0259r\u0259nin ya\u015fanaca\u011f\u0131n\u0131 he\u00e7 kim bilmir\u201d.\n<\/p>\n<p>\n  <b><br \/>\n    \u201cErm\u0259ni diasporas\u0131 Az\u0259rbaycan diasporas\u0131n\u0131 qorxutmaq x\u0259ttini g\u00f6t\u00fcr\u00fcb\u201d<br \/>\n  <\/b>\n<\/p>\n<p>\n  Humanitar T\u0259dqiqatlar C\u0259miyy\u0259tinin s\u0259dri, konfliktoloq \u018fv\u0259z H\u0259s\u0259nov bildirib ki, d\u00f6y\u00fc\u015f b\u00f6lg\u0259sind\u0259 m\u00fcharib\u0259ni \u00e7ox uzatmaq h\u0259m Erm\u0259nistan, h\u0259m d\u0259 Az\u0259rbaycan t\u0259r\u0259fi \u00fc\u00e7\u00fcn m\u00fcmk\u00fcn olmur. Onun fikrinc\u0259, s\u0259b\u0259b beyn\u0259lxalq ictimaiyy\u0259tin t\u0259r\u0259fl\u0259ri s\u00fclh\u0259 \u00e7a\u011f\u0131r\u0131\u015f\u0131d\u0131r:\n<\/p>\n<p>\n  \u201cFaktiki olaraq, m\u00fcharib\u0259ni qar\u015f\u0131 t\u0259r\u0259f ba\u015flam\u0131\u015fd\u0131. Ona g\u00f6r\u0259 Erm\u0259nistan t\u0259r\u0259fi m\u00fcnaqi\u015f\u0259 eyforiyas\u0131n\u0131n uzun m\u00fcdd\u0259t davam etm\u0259sind\u0259 maraql\u0131yd\u0131 v\u0259 erm\u0259ni diasporas\u0131 da buna qo\u015fuldu. N\u0259z\u0259r\u0259 al\u0131n ki, diaspora Erm\u0259nistan hakimiyy\u0259tin\u0259 t\u0259sir imkanlar\u0131ndan bir az m\u0259hrum olub. \u00c7\u00fcnki diasporan\u0131n \u0259sas \u00f6z\u0259yini Da\u015fnakstyun Partiyas\u0131 t\u0259\u015fkil edir. Son ill\u0259rd\u0259 K\u00f6\u00e7\u0259ryan v\u0259 Sarkisyan t\u0259r\u0259fdarlar\u0131 da diasporaya qo\u015fulublar\u201d.\n<\/p>\n<figure class=\"wp-block-image size-large\">\n  <img decoding=\"async\" src=\"https:\/\/www.meydan.tv\/az\/avaz_gasanov-jpg\/\" alt=\"avaz_gasanov.jpg\" class=\"wp-image-121545\"\/><figcaption>\n    \u018fv\u0259z H\u0259s\u0259nov<br \/>\n  <\/figcaption><\/figure>\n<p>\n  \u018fv\u0259z H\u0259s\u0259nov hesab edir ki, diaspora prosesi q\u0131z\u0131\u015fd\u0131rmaqla iki m\u0259qs\u0259d\u0259 nail ola bil\u0259r:\n<\/p>\n<p>\n  \u201cBirinci, diaspora Da\u011fl\u0131q Qaraba\u011f m\u0259s\u0259l\u0259sind\u0259 d\u00fcnya ictimaiyy\u0259tin\u0259 v\u0259 Az\u0259rbaycana g\u00fcc\u00fcn\u00fc g\u00f6st\u0259rir. Bununla onlar Az\u0259rbaycan diasporas\u0131n\u0131 qorxutmaq x\u0259ttini g\u00f6t\u00fcr\u00fcbl\u0259r. Onlar maliyy\u0259 v\u0259 intelektual resurs bax\u0131m\u0131ndan \u00f6zl\u0259rini g\u00fccl\u00fc say\u0131rlar. Az\u0259rbaycan diasporas\u0131 is\u0259 yeni-yeni formala\u015f\u0131r v\u0259 onlar q\u0259d\u0259r g\u00fccl\u00fc deyil. \u0130kinci, erm\u0259ni diasporas\u0131 haz\u0131rk\u0131 Erm\u0259nistan hakimiyy\u0259tin\u0259 \u00f6zl\u0259rinin g\u00fcc v\u0259 q\u00fcvv\u0259 olduqlar\u0131 mesaj\u0131n\u0131 verirl\u0259r. Diaspora bu c\u00fcr t\u0259dbirl\u0259rl\u0259 Erm\u0259nistanda ba\u015f ver\u0259nl\u0259r\u0259 ist\u0259nil\u0259n an t\u0259sir ed\u0259 bil\u0259r v\u0259 r\u0259smi Yerevan diasporan\u0131n m\u00f6vqeyini n\u0259z\u0259r\u0259 almal\u0131d\u0131r\u201d.\n<\/p>\n<p>\n  Konfliktoloqun fikrinc\u0259, \u00e7ox q\u0259rib\u0259 hald\u0131r ki, bu hadis\u0259l\u0259r AT\u018fT-in Minsk Qrupuna h\u0259ms\u0259drlik ed\u0259n d\u00f6vl\u0259tl\u0259rd\u0259 ba\u015f verir, AB\u015e-da, Avropa Birliyinin paytaxt\u0131 Br\u00fcsseld\u0259 v\u0259 Moskvada. Ona g\u00f6r\u0259 d\u0259 Az\u0259rbaycan\u0131n h\u0259ms\u0259drl\u0259rl\u0259 t\u0259masda olan r\u0259smil\u0259ri a\u00e7\u0131q \u015f\u0259kild\u0259 dem\u0259lidirl\u0259r ki, Az\u0259rbaycan s\u0259friliyi 5 min erm\u0259ninin qar\u015f\u0131s\u0131na 50 n\u0259f\u0259r \u00e7\u0131xartm\u0131\u015fd\u0131. Y\u0259ni Az\u0259rbaycan\u0131n aksiyada g\u00fcc t\u0259tbiqi plan\u0131 v\u0259 imkan\u0131 olmay\u0131b:\n<\/p>\n<p>\n  \u201cOnlara deyilm\u0259lidir ki, indi g\u00f6r\u00fcn sizin \u00f6lk\u0259l\u0259rinizd\u0259 bizim dinc aksiyalara nec\u0259 m\u00fcnasib\u0259t var. Siz bu problemi h\u0259ll ed\u0259 bilm\u0259d\u0259n bizim m\u00fcnaqi\u015f\u0259ni h\u0259ll ed\u0259 bilm\u0259zsiniz. Az\u0259rbaycan s\u0259frilikl\u0259ri, AT\u018fT-in Parlament Assambleyas\u0131nda ola n\u00fcmay\u0259nd\u0259miz brifinq ke\u00e7irib elan etm\u0259lidir ki, az\u0259rbaycanl\u0131lar\u0131 h\u0259ms\u0259drl\u0259rin \u00f6lk\u0259sind\u0259 d\u00f6y\u00fcrl\u0259r. Operativ i\u015f apar\u0131lmal\u0131d\u0131r, sakit, seyr\u00e7i qalmaqla he\u00e7 n\u0259y\u0259 nail ola bilm\u0259y\u0259c\u0259yik\u201d.\n<\/p>\n<p>\n  <b><br \/>\n    \u201cBu c\u00fcr k\u00fc\u00e7\u0259 davalar\u0131 he\u00e7 kim\u0259 ba\u015fucal\u0131\u011f\u0131 g\u0259tirmir\u201d<br \/>\n  <\/b>\n<\/p>\n<p>\n  Erm\u0259nistanda f\u0259aliyy\u0259t g\u00f6st\u0259r\u0259n jurnalist-konfliktoloq Mark Qriqoryan is\u0259 Meydan TV-y\u0259 deyib ki, t\u0259r\u0259fl\u0259r aras\u0131nda m\u00fcnaqi\u015f\u0259nin q\u0131z\u0131\u015fmas\u0131na s\u0259b\u0259b sosial \u015f\u0259b\u0259k\u0259l\u0259rd\u0259 apar\u0131lan m\u00fczakir\u0259l\u0259rdir:\n<\/p>\n<p>\n  \u201cY\u0259qin orijinal olmayan bir fikir s\u0259sl\u0259ndir\u0259c\u0259m ki, \u0259sas g\u00fcnahkar az\u0259rbaycanl\u0131larla erm\u0259nil\u0259r aras\u0131nda sosial \u015f\u0259b\u0259k\u0259l\u0259rd\u0259 ged\u0259n \u00e7ox vaxt m\u0259nas\u0131z, amma q\u0131z\u011f\u0131n m\u00fcbahis\u0259l\u0259rdir. N\u0259z\u0259r\u0259 al\u0131n ki, m\u0259n sosial \u015f\u0259b\u0259k\u0259l\u0259ri deyil, m\u0259hz m\u00fcbahis\u0259l\u0259ri g\u00fcnahland\u0131r\u0131ram, hans\u0131lar ki, dem\u0259k olar d\u0259rhal s\u00f6y\u00fc\u015fl\u0259r\u0259 ke\u00e7ir. Bu insanlar ad\u0259t\u0259n bir-biril\u0259rini e\u015fitmir. \u0130ndiki z\u0259man\u0259d\u0259 sosial \u015f\u0259b\u0259k\u0259l\u0259rd\u0259 ba\u015f ver\u0259n \u201chadis\u0259l\u0259r\u201d ad\u0259t\u0259n k\u00fc\u00e7\u0259l\u0259r\u0259 ke\u00e7ir. Bu d\u0259f\u0259 d\u0259 bel\u0259 oldu&#8230; Fikrimc\u0259, daha bir s\u0259b\u0259b yalan\u00e7\u0131 d\u0259y\u0259rl\u0259r oldu, \u00e7\u00fcnki \u201cd\u00fc\u015fm\u0259n\u201d mill\u0259td\u0259n olan insanlar\u0131 f\u0259rq qoymadan d\u00f6ym\u0259k tamamil\u0259 yalan\u00e7\u0131 d\u0259y\u0259rdir. Amma bir \u00e7ox n\u00fcmun\u0259l\u0259rd\u0259 g\u00f6rd\u00fcy\u00fcm\u00fcz kimi t\u0259\u0259ss\u00fcf ki, yalan\u00e7\u0131 d\u0259y\u0259rl\u0259r ad\u0259t\u0259n insanlar\u0131 yoluxdurur\u201d.\n<\/p>\n<figure class=\"wp-block-image size-large\">\n  <img decoding=\"async\" src=\"https:\/\/www.meydan.tv\/az\/80759183_2548570085191974_1155424598662053888_o-jpg\/\" alt=\"80759183_2548570085191974_1155424598662053888_o.jpg\" class=\"wp-image-145025\"\/><figcaption>\n    Mark Qriqoryan<br \/>\n  <\/figcaption><\/figure>\n<p>\n  Mark Qriqoryan\u0131n fikrinc\u0259, potensial olaraq bu prosesl\u0259rd\u0259n yax\u015f\u0131 he\u00e7 n\u0259 g\u00f6zl\u0259m\u0259y\u0259 d\u0259ym\u0259z:\n<\/p>\n<p>\n  \u201cBu, \u00e7ox t\u0259hl\u00fck\u0259li prosesl\u0259rdir. \u0130st\u0259rdim ki, ya\u015fl\u0131 n\u0259slin n\u00fcmay\u0259nd\u0259l\u0259ri m\u0259s\u0259l\u0259y\u0259 m\u00fcdaxil\u0259 edib bu ba\u015f\u0131 alovlu insanlar\u0131 \u00f6z\u00fcn\u0259 g\u0259tirsin. 11 il B\u00f6y\u00fck Britaniyada ya\u015fam\u0131\u015fam v\u0259 burada daima az\u0259rbaycanl\u0131larla \u00fcnsiyy\u0259td\u0259 olmu\u015fam. M\u00fcxt\u0259lif xalqlara m\u0259nsub oldu\u011fumuz \u00fc\u00e7\u00fcn m\u00fcnaqi\u015f\u0259 el\u0259m\u0259k a\u011fl\u0131m\u0131z\u0131n ucundan bel\u0259 ke\u00e7mirdi. Biz m\u00fcbahis\u0259 ed\u0259 bil\u0259rdik, bir-birimizl\u0259 raz\u0131la\u015fmaya bil\u0259rdik, amma he\u00e7 vaxt a\u00e7\u0131q m\u00fcnaqi\u015f\u0259y\u0259 getm\u0259yi d\u00fc\u015f\u00fcnm\u0259mi\u015fik. Bu, sad\u0259c\u0259 m\u00fcmk\u00fcns\u00fcz idi. Bu c\u00fcr k\u00fc\u00e7\u0259 davalar\u0131 he\u00e7 kim\u0259 ba\u015fucal\u0131\u011f\u0131 g\u0259tirmir \u2013 onlar\u0131 dayand\u0131rmaq laz\u0131md\u0131r. Hadis\u0259l\u0259rin ba\u015fqa c\u00fcr gedi\u015fat\u0131 m\u0259nim \u00fc\u00e7\u00fcn sad\u0259c\u0259 yolverilm\u0259zdir\u201d.\n<\/p>\n<p>\n  <b><br \/>\n    \u201cN\u0259hay\u0259t, dan\u0131\u015f\u0131qlara ba\u015flay\u0131n!\u201d<br \/>\n  <\/b>\n<\/p>\n<p>\n  \u201cBiz mill\u0259t\u00e7i skinhedl\u0259rin f\u0259alla\u015fd\u0131\u011f\u0131n\u0131 m\u00fc\u015fahid\u0259 edirik, \u00f6z\u00fc d\u0259 erm\u0259ni v\u0259 az\u0259rbaycanl\u0131 mill\u0259tl\u0259rind\u0259n olan qruplar paralel h\u0259r\u0259k\u0259t edir\u201d, &#8211; Qafqaz S\u00fclhm\u0259raml\u0131 T\u0259\u015f\u0259bb\u00fcsl\u0259r M\u0259rk\u0259zinin r\u0259hb\u0259ri Georgi Vanyan Meydan TV-y\u0259 a\u00e7\u0131qlamas\u0131nda bel\u0259 deyib.\n<\/p>\n<p>\n  \u201cH\u0259r bir ayr\u0131ca hadis\u0259d\u0259 aqressor v\u0259 qurban oldu\u011fu halda, \u00fcmumi m\u0259nz\u0259r\u0259d\u0259 ikit\u0259r\u0259fli mesaj verilir: bir n\u0259f\u0259r d\u0259 olsun erm\u0259ni v\u0259 bir n\u0259f\u0259r d\u0259 olsun az\u0259rbaycanl\u0131 \u00f6z\u00fcn\u00fc t\u0259hl\u00fck\u0259siz hiss etm\u0259m\u0259lidir. Bu proses\u0259 kim r\u0259hb\u0259rlik edir? C\u0259miyy\u0259t, b\u00fct\u00fcn v\u0259t\u0259nda\u015flar, b\u00fct\u00fcn d\u00fcnya bu suala a\u00e7\u0131q cavab ala bils\u0259ydi, problem \u00f6z\u00fc-\u00f6z\u00fcn\u0259 h\u0259ll olunard\u0131. \u0130ndi \u00fczd\u0259 ancaq icra\u00e7\u0131lard\u0131r v\u0259 onlar q\u0259dim qladiatorlardan f\u0259rqli olaraq, \u00f6zl\u0259ri d\u0259 bilmir ki, sahibl\u0259ri kimdir. \u00c7ox \u00e7\u0259tin, sa\u011flam d\u00fc\u015f\u00fcn\u0259n insanlar \u00fc\u00e7\u00fcn d\u00f6z\u00fclm\u0259z v\u0259ziyy\u0259t yaran\u0131b. \u018fsas problem\u0259 ill\u0259rdir s\u00fcr\u0259n etinas\u0131zl\u0131q bu yer\u0259 g\u0259tirib \u00e7\u0131xard\u0131. Qaraba\u011f m\u00fcnaqi\u015f\u0259si bizi, ayr\u0131l\u0131qda h\u0259r birimizi insana layiq h\u0259yat h\u00fcququndan m\u0259hrum edir. Skinhedl\u0259rin m\u00fcharib\u0259si ist\u0259nil\u0259n an dayana bil\u0259r, b\u0259lk\u0259 d\u0259 art\u0131q dayan\u0131b&#8230; El\u0259 c\u0259bh\u0259d\u0259ki at\u0131\u015fmalar kimi. Bizi geni\u015fmiqyasl\u0131 m\u00fcharib\u0259y\u0259 haz\u0131rlay\u0131rlar v\u0259 ya sad\u0259c\u0259 \u00fcmumil\u0259\u015fdirilmi\u015f erm\u0259ni\/az\u0259rbaycanl\u0131 obraz\u0131na yeni \u015ftrixl\u0259r \u0259lav\u0259 edirl\u0259r?\n<\/p>\n<figure class=\"wp-block-image size-large\">\n  <img decoding=\"async\" src=\"https:\/\/www.meydan.tv\/az\/13323812_10154469524743322_7256569313785629401_o-jpg\/\" alt=\"13323812_10154469524743322_7256569313785629401_o.jpg\" class=\"wp-image-145028\"\/><figcaption>\n    Georgi Vanyan<br \/>\n  <\/figcaption><\/figure>\n<p>\n  <b><br \/>\n    Bunu zaman g\u00f6st\u0259r\u0259c\u0259k\u201d.<br \/>\n  <\/b>\n<\/p>\n<p>\n  H\u00fcquq m\u00fcdafi\u0259\u00e7isi dan\u0131\u015f\u0131qlara ba\u015flama\u011f\u0131n vacib oldu\u011funu deyir:\n<\/p>\n<p>\n  \u201c\u018fclaflar h\u0259r yerd\u0259 var. Bu sakitl\u0259\u015fdirici ifad\u0259 kifay\u0259t el\u0259mir. Aqressiyadan imtina da kifay\u0259t el\u0259mir. N\u0259hay\u0259t, dan\u0131\u015f\u0131qlara ba\u015flay\u0131n! N\u0259yi g\u00fcz\u0259\u015ft\u0259 getm\u0259y\u0259 haz\u0131r oldu\u011funuzu, h\u0259r birinizin hans\u0131 g\u00fcz\u0259\u015ftl\u0259rl\u0259 raz\u0131la\u015faca\u011f\u0131n\u0131z\u0131 deyin. \u015e\u0259xsi rifah\u0131n\u0131zdan imtina etm\u0259y\u0259 v\u0259 \u00f6z \u015f\u0259xsi ki\u00e7ik d\u00fcnyan\u0131z\u0131 m\u00fcdafi\u0259 etm\u0259kd\u0259n imtina el\u0259m\u0259y\u0259, \u201c\u00f6z\u00fcn\u00fcz\u00fcnk\u00fcl\u0259r\u0259 qar\u015f\u0131\u201d \u00e7\u0131xma\u011fa haz\u0131rs\u0131z? V\u0259 bu c\u00fcr insanlar ne\u00e7\u0259 n\u0259f\u0259rdir? Qaraba\u011f m\u00fcnaqi\u015f\u0259sind\u0259 status-kvonu d\u0259yi\u015f\u0259c\u0259k plan\u0131n ger\u00e7\u0259kl\u0259\u015fm\u0259sind\u0259 \u015f\u0259xs\u0259n haz\u0131r oldu\u011funu dey\u0259nl\u0259r.\n<\/p>\n<p>\n  B\u00f6y\u00fck Rusiya varvar\u0131n\u0131n \u00e7\u0259km\u0259sinin alt\u0131ndan birc\u0259 \u00e7\u0131x\u0131\u015f yolu var. Erm\u0259nistanla Az\u0259rbaycan aras\u0131nda birba\u015fa dan\u0131\u015f\u0131qlar. \u018fks halda \u00f6z bayraqlar\u0131m\u0131z\u0131n olmas\u0131na v\u0259 bir-birinizi yer \u00fcz\u00fcnd\u0259n silm\u0259k prespektivin\u0259 s\u0259feh kimi sevin\u0259r\u0259k, siyasi t\u0259kam\u00fcl\u00fcn \u0259n a\u015fa\u011f\u0131 pill\u0259sind\u0259 qalaca\u011f\u0131q\u201d.\n<\/p>\n<p>\n  <b><br \/>\n    Xat\u0131rlatma<br \/>\n  <\/b>\n<\/p>\n<p>\n  Da\u011fl\u0131q Qaraba\u011f m\u00fcnaqi\u015f\u0259sinin m\u00fcasir m\u0259rh\u0259l\u0259si 1988-ci ild\u0259 Erm\u0259nistan SSR-in Az\u0259rbaycan SSR-\u0259 qar\u015f\u0131 \u0259razi iddialar\u0131 \u0259sas\u0131nda ba\u015flay\u0131b. 1991-1994-c\u00fc ill\u0259rd\u0259 Az\u0259rbaycan\u0131n Da\u011fl\u0131q Qaraba\u011f \u0259razisi u\u011frunda Erm\u0259nistanla Az\u0259rbaycan aras\u0131nda m\u00fcharib\u0259 ba\u015f verib. N\u0259tic\u0259d\u0259 Az\u0259rbaycan \u0259razil\u0259rinin 20 faizi &#8211; Da\u011fl\u0131q Qaraba\u011f v\u0259 \u0259traf 7 inzibati rayon (La\u00e7\u0131n, K\u0259lb\u0259c\u0259r, A\u011fdam, F\u00fczuli, C\u0259bray\u0131l, Qubadl\u0131, Z\u0259ngilan) Erm\u0259nistan Silahl\u0131 Q\u00fcvv\u0259l\u0259ri t\u0259r\u0259find\u0259n i\u015f\u011fal olunub, 1 milyondan art\u0131q insan qa\u00e7q\u0131n v\u0259 m\u0259cburi k\u00f6\u00e7k\u00fcn v\u0259ziyy\u0259tin\u0259 d\u00fc\u015f\u00fcb. H\u0259rbi \u0259m\u0259liyyatlar 1994-c\u00fc ilin may ay\u0131nda Bi\u015fkekd\u0259 Az\u0259rbaycan v\u0259 Erm\u0259nistan aras\u0131nda imzalanm\u0131\u015f at\u0259\u015fk\u0259s sazi\u015fi il\u0259 ba\u015fa \u00e7at\u0131b.\n<\/p>\n<p>\n  Da\u011fl\u0131q Qaraba\u011f m\u00fcnaqi\u015f\u0259sinin h\u0259lli il\u0259 AT\u018fT-in Minsk Qrupu v\u0259 Rusiya, AB\u015e, Fransadan ibar\u0259t h\u0259ms\u0259drl\u0259ri m\u0259\u015f\u011ful olur. Dan\u0131\u015f\u0131qlar Az\u0259rbaycan v\u0259 Erm\u0259nistan aras\u0131nda apar\u0131l\u0131r. At\u0259\u015fk\u0259s d\u00f6vr\u00fcnd\u0259 h\u0259r iki t\u0259r\u0259fd\u0259n xeyli sayda itki var.<\/p>\n","protected":false},"excerpt":{"rendered":"<p>H\u00fcquq m\u00fcdafi\u0259\u00e7isi dan\u0131\u015f\u0131qlara ba\u015flama\u011f\u0131n vacib oldu\u011funu deyir<\/p>\n","protected":false},"author":11,"featured_media":144995,"comment_status":"closed","ping_status":"open","sticky":false,"template":"","format":"standard","meta":{"_acf_changed":false,"_sitemap_exclude":false,"_sitemap_priority":"","_sitemap_frequency":"","footnotes":""},"categories":[59],"tags":[],"class_list":["post-201631","post","type-post","status-publish","format-standard","has-post-thumbnail","hentry","category-siyaset","infinite-scroll-item","generate-columns","tablet-grid-50","mobile-grid-100","grid-parent","grid-33","no-featured-image-padding"],"acf":[],"yoast_head":"<!-- This site is optimized with the Yoast SEO plugin v27.5 - https:\/\/yoast.com\/product\/yoast-seo-wordpress\/ -->\n<title>Br\u00fcsseld\u0259 d\u00f6y\u00fcl\u0259n az\u0259rbaycanl\u0131: 4 n\u0259f\u0259rin \u00fcst\u00fcn\u0259 50 n\u0259f\u0259r erm\u0259ni g\u0259ldi - MEYDAN.TV<\/title>\n<meta name=\"robots\" content=\"index, follow, max-snippet:-1, max-image-preview:large, max-video-preview:-1\" \/>\n<link rel=\"canonical\" href=\"https:\/\/www.meydan.tv\/az\/article\/brusselde-doyulen-azerbaycanli-4-neferin-ustune-50-nefer-ermeni-geldi\/\" \/>\n<meta property=\"og:locale\" content=\"az_AZ\" \/>\n<meta property=\"og:type\" content=\"article\" \/>\n<meta property=\"og:title\" content=\"Br\u00fcsseld\u0259 d\u00f6y\u00fcl\u0259n az\u0259rbaycanl\u0131: 4 n\u0259f\u0259rin \u00fcst\u00fcn\u0259 50 n\u0259f\u0259r erm\u0259ni g\u0259ldi - MEYDAN.TV\" \/>\n<meta property=\"og:description\" content=\"H\u00fcquq m\u00fcdafi\u0259\u00e7isi dan\u0131\u015f\u0131qlara ba\u015flama\u011f\u0131n vacib oldu\u011funu deyir\" \/>\n<meta property=\"og:url\" content=\"https:\/\/www.meydan.tv\/az\/article\/brusselde-doyulen-azerbaycanli-4-neferin-ustune-50-nefer-ermeni-geldi\/\" \/>\n<meta property=\"og:site_name\" content=\"MEYDAN.TV\" \/>\n<meta property=\"article:published_time\" content=\"2020-07-24T16:45:32+00:00\" \/>\n<meta property=\"og:image\" content=\"https:\/\/www.meydan.tv\/wp-content\/uploads\/image_uqanzjz-1200x552.png\" \/>\n\t<meta property=\"og:image:width\" content=\"1200\" \/>\n\t<meta property=\"og:image:height\" content=\"552\" \/>\n\t<meta property=\"og:image:type\" content=\"image\/png\" \/>\n<meta name=\"author\" content=\"user-manager\" \/>\n<meta name=\"twitter:card\" content=\"summary_large_image\" \/>\n<script type=\"application\/ld+json\" class=\"yoast-schema-graph\">{\"@context\":\"https:\\\/\\\/schema.org\",\"@graph\":[{\"@type\":\"Article\",\"@id\":\"https:\\\/\\\/www.meydan.tv\\\/az\\\/article\\\/brusselde-doyulen-azerbaycanli-4-neferin-ustune-50-nefer-ermeni-geldi\\\/#article\",\"isPartOf\":{\"@id\":\"https:\\\/\\\/www.meydan.tv\\\/az\\\/article\\\/brusselde-doyulen-azerbaycanli-4-neferin-ustune-50-nefer-ermeni-geldi\\\/\"},\"author\":{\"name\":\"user-manager\",\"@id\":\"https:\\\/\\\/www.meydan.tv\\\/az\\\/#\\\/schema\\\/person\\\/10d11eccf6da3662cf5fdab9806ea91a\"},\"headline\":\"Br\u00fcsseld\u0259 d\u00f6y\u00fcl\u0259n az\u0259rbaycanl\u0131: 4 n\u0259f\u0259rin \u00fcst\u00fcn\u0259 50 n\u0259f\u0259r erm\u0259ni g\u0259ldi\",\"datePublished\":\"2020-07-24T16:45:32+00:00\",\"mainEntityOfPage\":{\"@id\":\"https:\\\/\\\/www.meydan.tv\\\/az\\\/article\\\/brusselde-doyulen-azerbaycanli-4-neferin-ustune-50-nefer-ermeni-geldi\\\/\"},\"wordCount\":4330,\"publisher\":{\"@id\":\"https:\\\/\\\/www.meydan.tv\\\/az\\\/#organization\"},\"image\":{\"@id\":\"https:\\\/\\\/www.meydan.tv\\\/az\\\/article\\\/brusselde-doyulen-azerbaycanli-4-neferin-ustune-50-nefer-ermeni-geldi\\\/#primaryimage\"},\"thumbnailUrl\":\"https:\\\/\\\/www.meydan.tv\\\/wp-content\\\/uploads\\\/image_uqanzjz.png\",\"articleSection\":[\"Siyas\u0259t\"],\"inLanguage\":\"az\"},{\"@type\":\"WebPage\",\"@id\":\"https:\\\/\\\/www.meydan.tv\\\/az\\\/article\\\/brusselde-doyulen-azerbaycanli-4-neferin-ustune-50-nefer-ermeni-geldi\\\/\",\"url\":\"https:\\\/\\\/www.meydan.tv\\\/az\\\/article\\\/brusselde-doyulen-azerbaycanli-4-neferin-ustune-50-nefer-ermeni-geldi\\\/\",\"name\":\"Br\u00fcsseld\u0259 d\u00f6y\u00fcl\u0259n az\u0259rbaycanl\u0131: 4 n\u0259f\u0259rin \u00fcst\u00fcn\u0259 50 n\u0259f\u0259r erm\u0259ni g\u0259ldi - MEYDAN.TV\",\"isPartOf\":{\"@id\":\"https:\\\/\\\/www.meydan.tv\\\/az\\\/#website\"},\"primaryImageOfPage\":{\"@id\":\"https:\\\/\\\/www.meydan.tv\\\/az\\\/article\\\/brusselde-doyulen-azerbaycanli-4-neferin-ustune-50-nefer-ermeni-geldi\\\/#primaryimage\"},\"image\":{\"@id\":\"https:\\\/\\\/www.meydan.tv\\\/az\\\/article\\\/brusselde-doyulen-azerbaycanli-4-neferin-ustune-50-nefer-ermeni-geldi\\\/#primaryimage\"},\"thumbnailUrl\":\"https:\\\/\\\/www.meydan.tv\\\/wp-content\\\/uploads\\\/image_uqanzjz.png\",\"datePublished\":\"2020-07-24T16:45:32+00:00\",\"breadcrumb\":{\"@id\":\"https:\\\/\\\/www.meydan.tv\\\/az\\\/article\\\/brusselde-doyulen-azerbaycanli-4-neferin-ustune-50-nefer-ermeni-geldi\\\/#breadcrumb\"},\"inLanguage\":\"az\",\"potentialAction\":[{\"@type\":\"ReadAction\",\"target\":[\"https:\\\/\\\/www.meydan.tv\\\/az\\\/article\\\/brusselde-doyulen-azerbaycanli-4-neferin-ustune-50-nefer-ermeni-geldi\\\/\"]}]},{\"@type\":\"ImageObject\",\"inLanguage\":\"az\",\"@id\":\"https:\\\/\\\/www.meydan.tv\\\/az\\\/article\\\/brusselde-doyulen-azerbaycanli-4-neferin-ustune-50-nefer-ermeni-geldi\\\/#primaryimage\",\"url\":\"https:\\\/\\\/www.meydan.tv\\\/wp-content\\\/uploads\\\/image_uqanzjz.png\",\"contentUrl\":\"https:\\\/\\\/www.meydan.tv\\\/wp-content\\\/uploads\\\/image_uqanzjz.png\",\"width\":1840,\"height\":846,\"caption\":\"Source: Specify Source\"},{\"@type\":\"BreadcrumbList\",\"@id\":\"https:\\\/\\\/www.meydan.tv\\\/az\\\/article\\\/brusselde-doyulen-azerbaycanli-4-neferin-ustune-50-nefer-ermeni-geldi\\\/#breadcrumb\",\"itemListElement\":[{\"@type\":\"ListItem\",\"position\":1,\"name\":\"Ana s\u0259hif\u0259\",\"item\":\"https:\\\/\\\/www.meydan.tv\\\/az\\\/\"},{\"@type\":\"ListItem\",\"position\":2,\"name\":\"Siyas\u0259t\",\"item\":\"https:\\\/\\\/www.meydan.tv\\\/az\\\/section\\\/siyaset\\\/\"},{\"@type\":\"ListItem\",\"position\":3,\"name\":\"Br\u00fcsseld\u0259 d\u00f6y\u00fcl\u0259n az\u0259rbaycanl\u0131: 4 n\u0259f\u0259rin \u00fcst\u00fcn\u0259 50 n\u0259f\u0259r erm\u0259ni g\u0259ldi\"}]},{\"@type\":\"WebSite\",\"@id\":\"https:\\\/\\\/www.meydan.tv\\\/az\\\/#website\",\"url\":\"https:\\\/\\\/www.meydan.tv\\\/az\\\/\",\"name\":\"MEYDAN.TV\",\"description\":\"Meydan TV Az\u0259rbaycan\u0131n media m\u0259kan\u0131ndak\u0131 alternativ s\u0259sidir\",\"publisher\":{\"@id\":\"https:\\\/\\\/www.meydan.tv\\\/az\\\/#organization\"},\"potentialAction\":[{\"@type\":\"SearchAction\",\"target\":{\"@type\":\"EntryPoint\",\"urlTemplate\":\"https:\\\/\\\/www.meydan.tv\\\/az\\\/?s={search_term_string}\"},\"query-input\":{\"@type\":\"PropertyValueSpecification\",\"valueRequired\":true,\"valueName\":\"search_term_string\"}}],\"inLanguage\":\"az\"},{\"@type\":\"Organization\",\"@id\":\"https:\\\/\\\/www.meydan.tv\\\/az\\\/#organization\",\"name\":\"Meydan TV\",\"url\":\"https:\\\/\\\/www.meydan.tv\\\/az\\\/\",\"logo\":{\"@type\":\"ImageObject\",\"inLanguage\":\"az\",\"@id\":\"https:\\\/\\\/www.meydan.tv\\\/az\\\/#\\\/schema\\\/logo\\\/image\\\/\",\"url\":\"https:\\\/\\\/www.meydan.tv\\\/wp-content\\\/uploads\\\/2021\\\/07\\\/meydan-logo.svg\",\"contentUrl\":\"https:\\\/\\\/www.meydan.tv\\\/wp-content\\\/uploads\\\/2021\\\/07\\\/meydan-logo.svg\",\"width\":195,\"height\":46,\"caption\":\"Meydan TV\"},\"image\":{\"@id\":\"https:\\\/\\\/www.meydan.tv\\\/az\\\/#\\\/schema\\\/logo\\\/image\\\/\"}},{\"@type\":\"Person\",\"@id\":\"https:\\\/\\\/www.meydan.tv\\\/az\\\/#\\\/schema\\\/person\\\/10d11eccf6da3662cf5fdab9806ea91a\",\"name\":\"user-manager\"}]}<\/script>\n<!-- \/ Yoast SEO plugin. -->","yoast_head_json":{"title":"Br\u00fcsseld\u0259 d\u00f6y\u00fcl\u0259n az\u0259rbaycanl\u0131: 4 n\u0259f\u0259rin \u00fcst\u00fcn\u0259 50 n\u0259f\u0259r erm\u0259ni g\u0259ldi - MEYDAN.TV","robots":{"index":"index","follow":"follow","max-snippet":"max-snippet:-1","max-image-preview":"max-image-preview:large","max-video-preview":"max-video-preview:-1"},"canonical":"https:\/\/www.meydan.tv\/az\/article\/brusselde-doyulen-azerbaycanli-4-neferin-ustune-50-nefer-ermeni-geldi\/","og_locale":"az_AZ","og_type":"article","og_title":"Br\u00fcsseld\u0259 d\u00f6y\u00fcl\u0259n az\u0259rbaycanl\u0131: 4 n\u0259f\u0259rin \u00fcst\u00fcn\u0259 50 n\u0259f\u0259r erm\u0259ni g\u0259ldi - MEYDAN.TV","og_description":"H\u00fcquq m\u00fcdafi\u0259\u00e7isi dan\u0131\u015f\u0131qlara ba\u015flama\u011f\u0131n vacib oldu\u011funu deyir","og_url":"https:\/\/www.meydan.tv\/az\/article\/brusselde-doyulen-azerbaycanli-4-neferin-ustune-50-nefer-ermeni-geldi\/","og_site_name":"MEYDAN.TV","article_published_time":"2020-07-24T16:45:32+00:00","og_image":[{"width":1200,"height":552,"url":"https:\/\/www.meydan.tv\/wp-content\/uploads\/image_uqanzjz-1200x552.png","type":"image\/png"}],"author":"user-manager","twitter_card":"summary_large_image","schema":{"@context":"https:\/\/schema.org","@graph":[{"@type":"Article","@id":"https:\/\/www.meydan.tv\/az\/article\/brusselde-doyulen-azerbaycanli-4-neferin-ustune-50-nefer-ermeni-geldi\/#article","isPartOf":{"@id":"https:\/\/www.meydan.tv\/az\/article\/brusselde-doyulen-azerbaycanli-4-neferin-ustune-50-nefer-ermeni-geldi\/"},"author":{"name":"user-manager","@id":"https:\/\/www.meydan.tv\/az\/#\/schema\/person\/10d11eccf6da3662cf5fdab9806ea91a"},"headline":"Br\u00fcsseld\u0259 d\u00f6y\u00fcl\u0259n az\u0259rbaycanl\u0131: 4 n\u0259f\u0259rin \u00fcst\u00fcn\u0259 50 n\u0259f\u0259r erm\u0259ni g\u0259ldi","datePublished":"2020-07-24T16:45:32+00:00","mainEntityOfPage":{"@id":"https:\/\/www.meydan.tv\/az\/article\/brusselde-doyulen-azerbaycanli-4-neferin-ustune-50-nefer-ermeni-geldi\/"},"wordCount":4330,"publisher":{"@id":"https:\/\/www.meydan.tv\/az\/#organization"},"image":{"@id":"https:\/\/www.meydan.tv\/az\/article\/brusselde-doyulen-azerbaycanli-4-neferin-ustune-50-nefer-ermeni-geldi\/#primaryimage"},"thumbnailUrl":"https:\/\/www.meydan.tv\/wp-content\/uploads\/image_uqanzjz.png","articleSection":["Siyas\u0259t"],"inLanguage":"az"},{"@type":"WebPage","@id":"https:\/\/www.meydan.tv\/az\/article\/brusselde-doyulen-azerbaycanli-4-neferin-ustune-50-nefer-ermeni-geldi\/","url":"https:\/\/www.meydan.tv\/az\/article\/brusselde-doyulen-azerbaycanli-4-neferin-ustune-50-nefer-ermeni-geldi\/","name":"Br\u00fcsseld\u0259 d\u00f6y\u00fcl\u0259n az\u0259rbaycanl\u0131: 4 n\u0259f\u0259rin \u00fcst\u00fcn\u0259 50 n\u0259f\u0259r erm\u0259ni g\u0259ldi - MEYDAN.TV","isPartOf":{"@id":"https:\/\/www.meydan.tv\/az\/#website"},"primaryImageOfPage":{"@id":"https:\/\/www.meydan.tv\/az\/article\/brusselde-doyulen-azerbaycanli-4-neferin-ustune-50-nefer-ermeni-geldi\/#primaryimage"},"image":{"@id":"https:\/\/www.meydan.tv\/az\/article\/brusselde-doyulen-azerbaycanli-4-neferin-ustune-50-nefer-ermeni-geldi\/#primaryimage"},"thumbnailUrl":"https:\/\/www.meydan.tv\/wp-content\/uploads\/image_uqanzjz.png","datePublished":"2020-07-24T16:45:32+00:00","breadcrumb":{"@id":"https:\/\/www.meydan.tv\/az\/article\/brusselde-doyulen-azerbaycanli-4-neferin-ustune-50-nefer-ermeni-geldi\/#breadcrumb"},"inLanguage":"az","potentialAction":[{"@type":"ReadAction","target":["https:\/\/www.meydan.tv\/az\/article\/brusselde-doyulen-azerbaycanli-4-neferin-ustune-50-nefer-ermeni-geldi\/"]}]},{"@type":"ImageObject","inLanguage":"az","@id":"https:\/\/www.meydan.tv\/az\/article\/brusselde-doyulen-azerbaycanli-4-neferin-ustune-50-nefer-ermeni-geldi\/#primaryimage","url":"https:\/\/www.meydan.tv\/wp-content\/uploads\/image_uqanzjz.png","contentUrl":"https:\/\/www.meydan.tv\/wp-content\/uploads\/image_uqanzjz.png","width":1840,"height":846,"caption":"Source: Specify Source"},{"@type":"BreadcrumbList","@id":"https:\/\/www.meydan.tv\/az\/article\/brusselde-doyulen-azerbaycanli-4-neferin-ustune-50-nefer-ermeni-geldi\/#breadcrumb","itemListElement":[{"@type":"ListItem","position":1,"name":"Ana s\u0259hif\u0259","item":"https:\/\/www.meydan.tv\/az\/"},{"@type":"ListItem","position":2,"name":"Siyas\u0259t","item":"https:\/\/www.meydan.tv\/az\/section\/siyaset\/"},{"@type":"ListItem","position":3,"name":"Br\u00fcsseld\u0259 d\u00f6y\u00fcl\u0259n az\u0259rbaycanl\u0131: 4 n\u0259f\u0259rin \u00fcst\u00fcn\u0259 50 n\u0259f\u0259r erm\u0259ni g\u0259ldi"}]},{"@type":"WebSite","@id":"https:\/\/www.meydan.tv\/az\/#website","url":"https:\/\/www.meydan.tv\/az\/","name":"MEYDAN.TV","description":"Meydan TV Az\u0259rbaycan\u0131n media m\u0259kan\u0131ndak\u0131 alternativ s\u0259sidir","publisher":{"@id":"https:\/\/www.meydan.tv\/az\/#organization"},"potentialAction":[{"@type":"SearchAction","target":{"@type":"EntryPoint","urlTemplate":"https:\/\/www.meydan.tv\/az\/?s={search_term_string}"},"query-input":{"@type":"PropertyValueSpecification","valueRequired":true,"valueName":"search_term_string"}}],"inLanguage":"az"},{"@type":"Organization","@id":"https:\/\/www.meydan.tv\/az\/#organization","name":"Meydan TV","url":"https:\/\/www.meydan.tv\/az\/","logo":{"@type":"ImageObject","inLanguage":"az","@id":"https:\/\/www.meydan.tv\/az\/#\/schema\/logo\/image\/","url":"https:\/\/www.meydan.tv\/wp-content\/uploads\/2021\/07\/meydan-logo.svg","contentUrl":"https:\/\/www.meydan.tv\/wp-content\/uploads\/2021\/07\/meydan-logo.svg","width":195,"height":46,"caption":"Meydan TV"},"image":{"@id":"https:\/\/www.meydan.tv\/az\/#\/schema\/logo\/image\/"}},{"@type":"Person","@id":"https:\/\/www.meydan.tv\/az\/#\/schema\/person\/10d11eccf6da3662cf5fdab9806ea91a","name":"user-manager"}]}},"_links":{"self":[{"href":"https:\/\/www.meydan.tv\/az\/wp-json\/wp\/v2\/posts\/201631","targetHints":{"allow":["GET"]}}],"collection":[{"href":"https:\/\/www.meydan.tv\/az\/wp-json\/wp\/v2\/posts"}],"about":[{"href":"https:\/\/www.meydan.tv\/az\/wp-json\/wp\/v2\/types\/post"}],"author":[{"embeddable":true,"href":"https:\/\/www.meydan.tv\/az\/wp-json\/wp\/v2\/users\/11"}],"replies":[{"embeddable":true,"href":"https:\/\/www.meydan.tv\/az\/wp-json\/wp\/v2\/comments?post=201631"}],"version-history":[{"count":0,"href":"https:\/\/www.meydan.tv\/az\/wp-json\/wp\/v2\/posts\/201631\/revisions"}],"wp:featuredmedia":[{"embeddable":true,"href":"https:\/\/www.meydan.tv\/az\/wp-json\/wp\/v2\/media\/144995"}],"wp:attachment":[{"href":"https:\/\/www.meydan.tv\/az\/wp-json\/wp\/v2\/media?parent=201631"}],"wp:term":[{"taxonomy":"category","embeddable":true,"href":"https:\/\/www.meydan.tv\/az\/wp-json\/wp\/v2\/categories?post=201631"},{"taxonomy":"post_tag","embeddable":true,"href":"https:\/\/www.meydan.tv\/az\/wp-json\/wp\/v2\/tags?post=201631"}],"curies":[{"name":"wp","href":"https:\/\/api.w.org\/{rel}","templated":true}]}}