{"id":201624,"date":"2020-07-24T16:33:05","date_gmt":"2020-07-24T16:33:05","guid":{"rendered":"https:\/\/www.meydan.tv\/article\/yolsuzluq-kendimizi-iflic-veziyyete-salib\/"},"modified":"2020-07-24T16:33:05","modified_gmt":"2020-07-24T16:33:05","slug":"yolsuzluq-kendimizi-iflic-veziyyete-salib","status":"publish","type":"post","link":"https:\/\/www.meydan.tv\/az\/article\/yolsuzluq-kendimizi-iflic-veziyyete-salib\/","title":{"rendered":"\u201cYolsuzluq k\u0259ndimizi iflic v\u0259ziyy\u0259t\u0259 sal\u0131b\u201d"},"content":{"rendered":"<p>\n  <i><br \/>\n    Mollag\u00fcll\u0259r, Qara\u011fac\u0131, Mirc\u0259f\u0259rli k\u0259ndl\u0259rinin sakinl\u0259ri h\u00f6kum\u0259td\u0259n yollar\u0131n t\u0259mirini t\u0259l\u0259b edir<br \/>\n  <\/i>\n<\/p>\n<p>\n  \u201c160 n\u0259f\u0259r k\u0259nd sakinin ad\u0131ndan aidiyy\u0259ti qurumlara y\u00fczl\u0259rl\u0259 m\u0259ktub yazm\u0131\u015f\u0131q, teleqram vurmu\u015fuq. \u018fld\u0259 etdiyimiz yaln\u0131z bu olub ki, g\u0259tirib yola \u00e7\u0131nq\u0131l t\u00f6k\u00fcb gedibl\u0259r. Ancaq icra ba\u015f\u00e7\u0131m\u0131z hesabatda yollar\u0131m\u0131z\u0131n \u0259sasl\u0131 t\u0259mir olundu\u011funu, asfalt d\u00f6\u015f\u0259ndiyini qeyd etdi\u201d.\n<\/p>\n<p>\n  B\u0259rd\u0259nin Qara\u011fac\u0131, Mirc\u0259f\u0259rli, Mollag\u00fcll\u0259r k\u0259ndl\u0259rinin yollar\u0131 ill\u0259rdir t\u0259mir edilmir. Sakinl\u0259r deyir ki, yayda toz, q\u0131\u015fda is\u0259 pal\u00e7\u0131q \u0259lind\u0259n \u00e7ar\u0259sizdirl\u0259r.\n<\/p>\n<p>\n  <b><br \/>\n    \u201cYolsuzlu\u011fun \u0259lind\u0259 \u0259sir\u0259 \u00e7evrilmi\u015fik\u201d<br \/>\n  <\/b>\n<\/p>\n<p>\n  T\u0259kc\u0259 Mollag\u00fcll\u0259r k\u0259ndinin 5 mind\u0259n \u00e7ox \u0259halisi var. Uzun ill\u0259rdir ki, az\u0131 5 min insan yolsuzlu\u011fun \u0259lind\u0259 \u0259sir\u0259 \u00e7evrilib. \u018fhalinin \u0259sas m\u0259\u015f\u011fuliyy\u0259ti \u0259kin\u00e7ilik, heyvandarl\u0131qd\u0131r. Kimi tax\u0131l, kimi d\u0259 pamb\u0131q \u0259kir. Ancaq deyirl\u0259r ki, k\u0259nd yollar\u0131 b\u0259rbad oldu\u011fundan m\u0259hsulun dal\u0131nca g\u0259l\u0259n olmur. Yolsuzlu\u011fun vurdu\u011fu z\u0259r\u0259r t\u0259kc\u0259 bundan ibar\u0259t deyil. K\u0259nd sakini Ba\u011fban \u0130smay\u0131lov deyir, yolsuzluq onlar\u0131n k\u0259nd t\u0259s\u0259rr\u00fcfat\u0131ndan \u0259lav\u0259, insanlar\u0131n t\u0259hsil almas\u0131na, tibbi yard\u0131mla t\u0259min olunmas\u0131na da \u0259ng\u0259l yarad\u0131r:\n<\/p>\n<p>\n  \u201c\u018fsas \u00e7\u0259tinliyimiz ya\u011f\u0131\u015flar ba\u015flayanda ortaya \u00e7\u0131x\u0131r. Yollar diz\u0259c\u0259n pal\u00e7\u0131q olur. K\u0259ndd\u0259 tibb m\u0259nt\u0259q\u0259si 1990-c\u0131 ill\u0259rd\u0259 tikilmi\u015f u\u015faq ba\u011f\u00e7as\u0131n\u0131n binas\u0131nda yerl\u0259\u015fir. O bina da b\u0259rbad v\u0259ziyy\u0259td\u0259dir, k\u0259ndd\u0259 tibbi xidm\u0259t yox s\u0259viyy\u0259d\u0259dir. A\u011fr\u0131 \u00e7\u0259k\u0259n insan g\u00f6z\u00fcm\u00fcz\u00fcn qar\u015f\u0131s\u0131nda can\u0131n\u0131 tap\u015f\u0131r\u0131r, t\u0259cili yard\u0131m ma\u015f\u0131n\u0131 g\u0259lib \u00e7\u0131xm\u0131r, \u0259limiz he\u00e7 yer\u0259 \u00e7atm\u0131r, b\u0259z\u0259n \u0259n \u0259ziz adam\u0131m\u0131z\u0131 bel\u0259c\u0259 itiririk\u201d.\n<\/p>\n<p>\n  <b><br \/>\n    \u201cNormal yolu olan k\u0259ndd\u0259 problem qalmaz\u201d<br \/>\n  <\/b>\n<\/p>\n<p>\n  Ba\u011fban \u0130smay\u0131lovun s\u00f6zl\u0259rin\u0259 g\u00f6r\u0259, yolsuzluq ba\u015fqa sah\u0259l\u0259rd\u0259 d\u0259 inki\u015fafa \u0259ng\u0259l olur:\n<\/p>\n<p>\n  \u201cBilirsiz ki, t\u0259hsil m\u00f6vs\u00fcm\u00fc \u0259sas\u0259n q\u0131\u015f aylar\u0131na d\u00fc\u015f\u00fcr. U\u015faqlar\u0131 m\u0259kt\u0259b\u0259 g\u00f6nd\u0259r\u0259 bilmirik, U\u015faq da bir m\u00fcdd\u0259t m\u0259kt\u0259b\u0259 getm\u0259dis\u0259, sonra h\u0259v\u0259sd\u0259n d\u00fc\u015f\u00fcr, oxumur, ona \u00e7ox \u00e7\u0259tin olur. Bu da yolsuzlu\u011fun t\u0259hsilimiz\u0259 vurdu\u011fu z\u0259rb\u0259&#8230; Adam bilmir hans\u0131n\u0131 desin. \u0130st\u0259nil\u0259n yerin inki\u015faf\u0131 yoldan ba\u015flay\u0131r, bunu ham\u0131 bilir. Normal yol olsa, o k\u0259ndd\u0259ki sosial probleml\u0259rin t\u0259n yar\u0131s\u0131 h\u0259llini tapm\u0131\u015f olar. Bir k\u0259ndd\u0259 ki, ya\u011f\u0131\u015f ba\u015flayanda diz\u0259 q\u0259d\u0259r pal\u00e7\u0131\u011fa bula\u015fmamaq \u00fc\u00e7\u00fcn he\u00e7 kim h\u0259y\u0259tind\u0259n \u00e7\u00f6l\u0259 \u00e7\u0131xa bilmir, k\u0259ndd\u0259ki t\u0259s\u0259rr\u00fcfat iflic v\u0259ziyy\u0259t\u0259 d\u00fc\u015f\u00fcr, insanlar i\u015f\u0259, m\u0259kt\u0259b\u0259 ged\u0259 bilmir, o k\u0259ndd\u0259 hans\u0131 inki\u015fafdan s\u00f6hb\u0259t ged\u0259 bil\u0259r?\u201d\n<\/p>\n<p>\n  <b><br \/>\n    Saleh M\u0259mm\u0259dovun q\u0259bulunda olublar<br \/>\n  <\/b>\n<\/p>\n<p>\n  \u00d6t\u0259n ilin may\u0131nda bir-birinin qon\u015fulu\u011fundak\u0131 \u00fc\u00e7 k\u0259ndin &#8211; Qara\u011fac\u0131, Mirc\u0259f\u0259rli, Mollag\u00fcll\u0259rin v\u0259 daha bir ne\u00e7\u0259 k\u0259ndin sakinl\u0259ri aidiyy\u0259ti qurumlara bir ne\u00e7\u0259 d\u0259f\u0259 m\u0259ktub v\u0259 teleqram g\u00f6nd\u0259ribl\u0259r. H\u0259tta Avtomobil Yollar\u0131 D\u00f6vl\u0259t Agentliyinin r\u0259hb\u0259ri Saleh M\u0259mm\u0259dovun q\u0259bulunda da olublar:\n<\/p>\n<p>\n  \u201cSaleh m\u00fc\u0259llim s\u00f6z verdi ki, yax\u0131n vaxtda yollar t\u0259mir olunacaq. Bir m\u00fcdd\u0259td\u0259n sonra dig\u0259r k\u0259ndl\u0259rd\u0259ki sakinl\u0259rin ist\u0259yi yerin\u0259 yetirildi, yollar\u0131 \u00e7\u0259kildi. Ancaq A\u011fc\u0259b\u0259di-Yevlax yolundan Qara\u011fac\u0131, Mollag\u00fcll\u0259r, Mirc\u0259f\u0259rli k\u0259ndl\u0259rin\u0259 g\u0259l\u0259n 8 kilometrlik \u00fcmumi yoldan yaln\u0131z 1,5 kilometrliyin\u0259 \u00e7\u0131nq\u0131l t\u00f6k\u00fcld\u00fc. He\u00e7 o hiss\u0259y\u0259 d\u0259 asfalt d\u00f6\u015f\u0259nm\u0259di. Biz\u0259 t\u0259sir ed\u0259n odur ki, rayonumuzun icra hakimiyy\u0259tinin ba\u015f\u00e7\u0131s\u0131 sonradan yollar\u0131n t\u0259mir-b\u0259rpas\u0131 il\u0259 ba\u011fl\u0131 \u00f6z hesabat\u0131nda bizim h\u0259min yolun da \u0259sasl\u0131 t\u0259mir olundu\u011funu qeyd edib. Halbuki, bu g\u00fcn\u0259d\u0259k d\u0259 \u00e7\u0131nq\u0131ll\u0131 yollarda \u0259ziyy\u0259t \u00e7\u0259kirik\u201d.\n<\/p>\n<p>\n  <b><br \/>\n    \u201c\u00c7\u0131nq\u0131l t\u00f6k\u00fcl\u00fcb, tezlikl\u0259 asfalt da d\u00f6\u015f\u0259n\u0259c\u0259k\u201d<br \/>\n  <\/b>\n<\/p>\n<p>\n  B\u0259rd\u0259 Rayon \u0130cra Hakimiyy\u0259tind\u0259n Meydan TV-y\u0259 bildirilib ki, rayonda yol infrastrukturunun yenid\u0259n qurulmas\u0131 istiqam\u0259tind\u0259 b\u00f6y\u00fck i\u015fl\u0259r g\u00f6r\u00fcl\u00fcb. Yevlax-Xocal\u0131-La\u00e7\u0131n v\u0259 B\u0259rd\u0259-\u0130stisu avtomobil yollar\u0131n\u0131n B\u0259rd\u0259 rayonu \u0259razil\u0259rind\u0259n ke\u00e7\u0259n hiss\u0259l\u0259ri \u0259sasl\u0131 t\u0259mir edilib. Alpout-Mustafaa\u011fal\u0131-Qarat\u0259p\u0259-Naz\u0131rl\u0131, Mollaisalar-V\u0259liu\u015fa\u011f\u0131-Molla\u0259hm\u0259dli-S\u0259rkarlar, Yeni Da\u015fk\u0259nd-Umudal\u0131lar, Mu\u011fanl\u0131-K\u00f6rp\u00fcs\u0131nd\u0131ran k\u0259ndl\u0259raras\u0131 avtomobil yollar\u0131 yenid\u0259n qurulub. B\u0259rd\u0259 \u015f\u0259h\u0259ri \u0259razisind\u0259 v\u0259 \u018fyric\u0259 k\u0259ndin\u0259 ged\u0259n avtomobil yolunda, T\u0259rt\u0259r \u00e7ay\u0131 \u00fcz\u0259rind\u0259 k\u00f6rp\u00fcl\u0259r tikilib. L\u0259nb\u0259ran-T\u0259hl\u0259, Saatl\u0131, Miras\u0259fli k\u0259ndl\u0259rin\u0259 ged\u0259n 11,7 kilometr yol asfaltlan\u0131b. Qara\u011fac\u0131, Mollag\u00fcll\u0259r, Mirc\u0259f\u0259rli k\u0259ndl\u0259rin\u0259 ged\u0259n \u00fcmumi yollar\u0131n \u00e7\u0131nq\u0131l yata\u011f\u0131 asfalt i\u015fl\u0259ri \u00fc\u00e7\u00fcn haz\u0131rlan\u0131b. Tezlikl\u0259 h\u0259min yollara da asfalt d\u00f6\u015f\u0259n\u0259c\u0259k.<\/p>\n","protected":false},"excerpt":{"rendered":"<p>\u00d6t\u0259n ilin may\u0131nda bir-birinin qon\u015fulu\u011fundak\u0131 \u00fc\u00e7 k\u0259ndin &#8211; Qara\u011fac\u0131, Mirc\u0259f\u0259rli, Mollag\u00fcll\u0259rin v\u0259 daha bir ne\u00e7\u0259 k\u0259ndin sakinl\u0259ri aidiyy\u0259ti qurumlara bir ne\u00e7\u0259 d\u0259f\u0259 m\u0259ktub v\u0259 teleqram g\u00f6nd\u0259ribl\u0259r.<\/p>\n","protected":false},"author":11,"featured_media":145031,"comment_status":"closed","ping_status":"open","sticky":false,"template":"","format":"standard","meta":{"_acf_changed":false,"_sitemap_exclude":false,"_sitemap_priority":"","_sitemap_frequency":"","footnotes":""},"categories":[60],"tags":[],"class_list":["post-201624","post","type-post","status-publish","format-standard","has-post-thumbnail","hentry","category-bolge","infinite-scroll-item","generate-columns","tablet-grid-50","mobile-grid-100","grid-parent","grid-33","no-featured-image-padding"],"acf":[],"yoast_head":"<!-- This site is optimized with the Yoast SEO plugin v27.5 - https:\/\/yoast.com\/product\/yoast-seo-wordpress\/ -->\n<title>\u201cYolsuzluq k\u0259ndimizi iflic v\u0259ziyy\u0259t\u0259 sal\u0131b\u201d - MEYDAN.TV<\/title>\n<meta name=\"robots\" content=\"index, follow, max-snippet:-1, max-image-preview:large, max-video-preview:-1\" \/>\n<link rel=\"canonical\" href=\"https:\/\/www.meydan.tv\/az\/article\/yolsuzluq-kendimizi-iflic-veziyyete-salib\/\" \/>\n<meta property=\"og:locale\" content=\"az_AZ\" \/>\n<meta property=\"og:type\" content=\"article\" \/>\n<meta property=\"og:title\" content=\"\u201cYolsuzluq k\u0259ndimizi iflic v\u0259ziyy\u0259t\u0259 sal\u0131b\u201d - MEYDAN.TV\" \/>\n<meta property=\"og:description\" content=\"\u00d6t\u0259n ilin may\u0131nda bir-birinin qon\u015fulu\u011fundak\u0131 \u00fc\u00e7 k\u0259ndin - Qara\u011fac\u0131, Mirc\u0259f\u0259rli, Mollag\u00fcll\u0259rin v\u0259 daha bir ne\u00e7\u0259 k\u0259ndin sakinl\u0259ri aidiyy\u0259ti qurumlara bir ne\u00e7\u0259 d\u0259f\u0259 m\u0259ktub v\u0259 teleqram g\u00f6nd\u0259ribl\u0259r.\" \/>\n<meta property=\"og:url\" content=\"https:\/\/www.meydan.tv\/az\/article\/yolsuzluq-kendimizi-iflic-veziyyete-salib\/\" \/>\n<meta property=\"og:site_name\" content=\"MEYDAN.TV\" \/>\n<meta property=\"article:published_time\" content=\"2020-07-24T16:33:05+00:00\" \/>\n<meta property=\"og:image\" content=\"https:\/\/www.meydan.tv\/wp-content\/uploads\/untitled_design__5__3td6xoe.png\" \/>\n\t<meta property=\"og:image:width\" content=\"1280\" \/>\n\t<meta property=\"og:image:height\" content=\"720\" \/>\n\t<meta property=\"og:image:type\" content=\"image\/png\" \/>\n<meta name=\"author\" content=\"user-manager\" \/>\n<meta name=\"twitter:card\" content=\"summary_large_image\" \/>\n<script type=\"application\/ld+json\" class=\"yoast-schema-graph\">{\"@context\":\"https:\\\/\\\/schema.org\",\"@graph\":[{\"@type\":\"Article\",\"@id\":\"https:\\\/\\\/www.meydan.tv\\\/az\\\/article\\\/yolsuzluq-kendimizi-iflic-veziyyete-salib\\\/#article\",\"isPartOf\":{\"@id\":\"https:\\\/\\\/www.meydan.tv\\\/az\\\/article\\\/yolsuzluq-kendimizi-iflic-veziyyete-salib\\\/\"},\"author\":{\"name\":\"user-manager\",\"@id\":\"https:\\\/\\\/www.meydan.tv\\\/az\\\/#\\\/schema\\\/person\\\/10d11eccf6da3662cf5fdab9806ea91a\"},\"headline\":\"\u201cYolsuzluq k\u0259ndimizi iflic v\u0259ziyy\u0259t\u0259 sal\u0131b\u201d\",\"datePublished\":\"2020-07-24T16:33:05+00:00\",\"mainEntityOfPage\":{\"@id\":\"https:\\\/\\\/www.meydan.tv\\\/az\\\/article\\\/yolsuzluq-kendimizi-iflic-veziyyete-salib\\\/\"},\"wordCount\":895,\"publisher\":{\"@id\":\"https:\\\/\\\/www.meydan.tv\\\/az\\\/#organization\"},\"image\":{\"@id\":\"https:\\\/\\\/www.meydan.tv\\\/az\\\/article\\\/yolsuzluq-kendimizi-iflic-veziyyete-salib\\\/#primaryimage\"},\"thumbnailUrl\":\"https:\\\/\\\/www.meydan.tv\\\/wp-content\\\/uploads\\\/untitled_design__5__3td6xoe.png\",\"articleSection\":[\"B\u00f6lg\u0259\"],\"inLanguage\":\"az\"},{\"@type\":\"WebPage\",\"@id\":\"https:\\\/\\\/www.meydan.tv\\\/az\\\/article\\\/yolsuzluq-kendimizi-iflic-veziyyete-salib\\\/\",\"url\":\"https:\\\/\\\/www.meydan.tv\\\/az\\\/article\\\/yolsuzluq-kendimizi-iflic-veziyyete-salib\\\/\",\"name\":\"\u201cYolsuzluq k\u0259ndimizi iflic v\u0259ziyy\u0259t\u0259 sal\u0131b\u201d - MEYDAN.TV\",\"isPartOf\":{\"@id\":\"https:\\\/\\\/www.meydan.tv\\\/az\\\/#website\"},\"primaryImageOfPage\":{\"@id\":\"https:\\\/\\\/www.meydan.tv\\\/az\\\/article\\\/yolsuzluq-kendimizi-iflic-veziyyete-salib\\\/#primaryimage\"},\"image\":{\"@id\":\"https:\\\/\\\/www.meydan.tv\\\/az\\\/article\\\/yolsuzluq-kendimizi-iflic-veziyyete-salib\\\/#primaryimage\"},\"thumbnailUrl\":\"https:\\\/\\\/www.meydan.tv\\\/wp-content\\\/uploads\\\/untitled_design__5__3td6xoe.png\",\"datePublished\":\"2020-07-24T16:33:05+00:00\",\"breadcrumb\":{\"@id\":\"https:\\\/\\\/www.meydan.tv\\\/az\\\/article\\\/yolsuzluq-kendimizi-iflic-veziyyete-salib\\\/#breadcrumb\"},\"inLanguage\":\"az\",\"potentialAction\":[{\"@type\":\"ReadAction\",\"target\":[\"https:\\\/\\\/www.meydan.tv\\\/az\\\/article\\\/yolsuzluq-kendimizi-iflic-veziyyete-salib\\\/\"]}]},{\"@type\":\"ImageObject\",\"inLanguage\":\"az\",\"@id\":\"https:\\\/\\\/www.meydan.tv\\\/az\\\/article\\\/yolsuzluq-kendimizi-iflic-veziyyete-salib\\\/#primaryimage\",\"url\":\"https:\\\/\\\/www.meydan.tv\\\/wp-content\\\/uploads\\\/untitled_design__5__3td6xoe.png\",\"contentUrl\":\"https:\\\/\\\/www.meydan.tv\\\/wp-content\\\/uploads\\\/untitled_design__5__3td6xoe.png\",\"width\":1280,\"height\":720,\"caption\":\"Source: Specify Source\"},{\"@type\":\"BreadcrumbList\",\"@id\":\"https:\\\/\\\/www.meydan.tv\\\/az\\\/article\\\/yolsuzluq-kendimizi-iflic-veziyyete-salib\\\/#breadcrumb\",\"itemListElement\":[{\"@type\":\"ListItem\",\"position\":1,\"name\":\"Ana s\u0259hif\u0259\",\"item\":\"https:\\\/\\\/www.meydan.tv\\\/az\\\/\"},{\"@type\":\"ListItem\",\"position\":2,\"name\":\"B\u00f6lg\u0259\",\"item\":\"https:\\\/\\\/www.meydan.tv\\\/az\\\/section\\\/bolge\\\/\"},{\"@type\":\"ListItem\",\"position\":3,\"name\":\"\u201cYolsuzluq k\u0259ndimizi iflic v\u0259ziyy\u0259t\u0259 sal\u0131b\u201d\"}]},{\"@type\":\"WebSite\",\"@id\":\"https:\\\/\\\/www.meydan.tv\\\/az\\\/#website\",\"url\":\"https:\\\/\\\/www.meydan.tv\\\/az\\\/\",\"name\":\"MEYDAN.TV\",\"description\":\"Meydan TV Az\u0259rbaycan\u0131n media m\u0259kan\u0131ndak\u0131 alternativ s\u0259sidir\",\"publisher\":{\"@id\":\"https:\\\/\\\/www.meydan.tv\\\/az\\\/#organization\"},\"potentialAction\":[{\"@type\":\"SearchAction\",\"target\":{\"@type\":\"EntryPoint\",\"urlTemplate\":\"https:\\\/\\\/www.meydan.tv\\\/az\\\/?s={search_term_string}\"},\"query-input\":{\"@type\":\"PropertyValueSpecification\",\"valueRequired\":true,\"valueName\":\"search_term_string\"}}],\"inLanguage\":\"az\"},{\"@type\":\"Organization\",\"@id\":\"https:\\\/\\\/www.meydan.tv\\\/az\\\/#organization\",\"name\":\"Meydan TV\",\"url\":\"https:\\\/\\\/www.meydan.tv\\\/az\\\/\",\"logo\":{\"@type\":\"ImageObject\",\"inLanguage\":\"az\",\"@id\":\"https:\\\/\\\/www.meydan.tv\\\/az\\\/#\\\/schema\\\/logo\\\/image\\\/\",\"url\":\"https:\\\/\\\/www.meydan.tv\\\/wp-content\\\/uploads\\\/2021\\\/07\\\/meydan-logo.svg\",\"contentUrl\":\"https:\\\/\\\/www.meydan.tv\\\/wp-content\\\/uploads\\\/2021\\\/07\\\/meydan-logo.svg\",\"width\":195,\"height\":46,\"caption\":\"Meydan TV\"},\"image\":{\"@id\":\"https:\\\/\\\/www.meydan.tv\\\/az\\\/#\\\/schema\\\/logo\\\/image\\\/\"}},{\"@type\":\"Person\",\"@id\":\"https:\\\/\\\/www.meydan.tv\\\/az\\\/#\\\/schema\\\/person\\\/10d11eccf6da3662cf5fdab9806ea91a\",\"name\":\"user-manager\"}]}<\/script>\n<!-- \/ Yoast SEO plugin. -->","yoast_head_json":{"title":"\u201cYolsuzluq k\u0259ndimizi iflic v\u0259ziyy\u0259t\u0259 sal\u0131b\u201d - MEYDAN.TV","robots":{"index":"index","follow":"follow","max-snippet":"max-snippet:-1","max-image-preview":"max-image-preview:large","max-video-preview":"max-video-preview:-1"},"canonical":"https:\/\/www.meydan.tv\/az\/article\/yolsuzluq-kendimizi-iflic-veziyyete-salib\/","og_locale":"az_AZ","og_type":"article","og_title":"\u201cYolsuzluq k\u0259ndimizi iflic v\u0259ziyy\u0259t\u0259 sal\u0131b\u201d - MEYDAN.TV","og_description":"\u00d6t\u0259n ilin may\u0131nda bir-birinin qon\u015fulu\u011fundak\u0131 \u00fc\u00e7 k\u0259ndin - Qara\u011fac\u0131, Mirc\u0259f\u0259rli, Mollag\u00fcll\u0259rin v\u0259 daha bir ne\u00e7\u0259 k\u0259ndin sakinl\u0259ri aidiyy\u0259ti qurumlara bir ne\u00e7\u0259 d\u0259f\u0259 m\u0259ktub v\u0259 teleqram g\u00f6nd\u0259ribl\u0259r.","og_url":"https:\/\/www.meydan.tv\/az\/article\/yolsuzluq-kendimizi-iflic-veziyyete-salib\/","og_site_name":"MEYDAN.TV","article_published_time":"2020-07-24T16:33:05+00:00","og_image":[{"width":1280,"height":720,"url":"https:\/\/www.meydan.tv\/wp-content\/uploads\/untitled_design__5__3td6xoe.png","type":"image\/png"}],"author":"user-manager","twitter_card":"summary_large_image","schema":{"@context":"https:\/\/schema.org","@graph":[{"@type":"Article","@id":"https:\/\/www.meydan.tv\/az\/article\/yolsuzluq-kendimizi-iflic-veziyyete-salib\/#article","isPartOf":{"@id":"https:\/\/www.meydan.tv\/az\/article\/yolsuzluq-kendimizi-iflic-veziyyete-salib\/"},"author":{"name":"user-manager","@id":"https:\/\/www.meydan.tv\/az\/#\/schema\/person\/10d11eccf6da3662cf5fdab9806ea91a"},"headline":"\u201cYolsuzluq k\u0259ndimizi iflic v\u0259ziyy\u0259t\u0259 sal\u0131b\u201d","datePublished":"2020-07-24T16:33:05+00:00","mainEntityOfPage":{"@id":"https:\/\/www.meydan.tv\/az\/article\/yolsuzluq-kendimizi-iflic-veziyyete-salib\/"},"wordCount":895,"publisher":{"@id":"https:\/\/www.meydan.tv\/az\/#organization"},"image":{"@id":"https:\/\/www.meydan.tv\/az\/article\/yolsuzluq-kendimizi-iflic-veziyyete-salib\/#primaryimage"},"thumbnailUrl":"https:\/\/www.meydan.tv\/wp-content\/uploads\/untitled_design__5__3td6xoe.png","articleSection":["B\u00f6lg\u0259"],"inLanguage":"az"},{"@type":"WebPage","@id":"https:\/\/www.meydan.tv\/az\/article\/yolsuzluq-kendimizi-iflic-veziyyete-salib\/","url":"https:\/\/www.meydan.tv\/az\/article\/yolsuzluq-kendimizi-iflic-veziyyete-salib\/","name":"\u201cYolsuzluq k\u0259ndimizi iflic v\u0259ziyy\u0259t\u0259 sal\u0131b\u201d - MEYDAN.TV","isPartOf":{"@id":"https:\/\/www.meydan.tv\/az\/#website"},"primaryImageOfPage":{"@id":"https:\/\/www.meydan.tv\/az\/article\/yolsuzluq-kendimizi-iflic-veziyyete-salib\/#primaryimage"},"image":{"@id":"https:\/\/www.meydan.tv\/az\/article\/yolsuzluq-kendimizi-iflic-veziyyete-salib\/#primaryimage"},"thumbnailUrl":"https:\/\/www.meydan.tv\/wp-content\/uploads\/untitled_design__5__3td6xoe.png","datePublished":"2020-07-24T16:33:05+00:00","breadcrumb":{"@id":"https:\/\/www.meydan.tv\/az\/article\/yolsuzluq-kendimizi-iflic-veziyyete-salib\/#breadcrumb"},"inLanguage":"az","potentialAction":[{"@type":"ReadAction","target":["https:\/\/www.meydan.tv\/az\/article\/yolsuzluq-kendimizi-iflic-veziyyete-salib\/"]}]},{"@type":"ImageObject","inLanguage":"az","@id":"https:\/\/www.meydan.tv\/az\/article\/yolsuzluq-kendimizi-iflic-veziyyete-salib\/#primaryimage","url":"https:\/\/www.meydan.tv\/wp-content\/uploads\/untitled_design__5__3td6xoe.png","contentUrl":"https:\/\/www.meydan.tv\/wp-content\/uploads\/untitled_design__5__3td6xoe.png","width":1280,"height":720,"caption":"Source: Specify Source"},{"@type":"BreadcrumbList","@id":"https:\/\/www.meydan.tv\/az\/article\/yolsuzluq-kendimizi-iflic-veziyyete-salib\/#breadcrumb","itemListElement":[{"@type":"ListItem","position":1,"name":"Ana s\u0259hif\u0259","item":"https:\/\/www.meydan.tv\/az\/"},{"@type":"ListItem","position":2,"name":"B\u00f6lg\u0259","item":"https:\/\/www.meydan.tv\/az\/section\/bolge\/"},{"@type":"ListItem","position":3,"name":"\u201cYolsuzluq k\u0259ndimizi iflic v\u0259ziyy\u0259t\u0259 sal\u0131b\u201d"}]},{"@type":"WebSite","@id":"https:\/\/www.meydan.tv\/az\/#website","url":"https:\/\/www.meydan.tv\/az\/","name":"MEYDAN.TV","description":"Meydan TV Az\u0259rbaycan\u0131n media m\u0259kan\u0131ndak\u0131 alternativ s\u0259sidir","publisher":{"@id":"https:\/\/www.meydan.tv\/az\/#organization"},"potentialAction":[{"@type":"SearchAction","target":{"@type":"EntryPoint","urlTemplate":"https:\/\/www.meydan.tv\/az\/?s={search_term_string}"},"query-input":{"@type":"PropertyValueSpecification","valueRequired":true,"valueName":"search_term_string"}}],"inLanguage":"az"},{"@type":"Organization","@id":"https:\/\/www.meydan.tv\/az\/#organization","name":"Meydan TV","url":"https:\/\/www.meydan.tv\/az\/","logo":{"@type":"ImageObject","inLanguage":"az","@id":"https:\/\/www.meydan.tv\/az\/#\/schema\/logo\/image\/","url":"https:\/\/www.meydan.tv\/wp-content\/uploads\/2021\/07\/meydan-logo.svg","contentUrl":"https:\/\/www.meydan.tv\/wp-content\/uploads\/2021\/07\/meydan-logo.svg","width":195,"height":46,"caption":"Meydan TV"},"image":{"@id":"https:\/\/www.meydan.tv\/az\/#\/schema\/logo\/image\/"}},{"@type":"Person","@id":"https:\/\/www.meydan.tv\/az\/#\/schema\/person\/10d11eccf6da3662cf5fdab9806ea91a","name":"user-manager"}]}},"_links":{"self":[{"href":"https:\/\/www.meydan.tv\/az\/wp-json\/wp\/v2\/posts\/201624","targetHints":{"allow":["GET"]}}],"collection":[{"href":"https:\/\/www.meydan.tv\/az\/wp-json\/wp\/v2\/posts"}],"about":[{"href":"https:\/\/www.meydan.tv\/az\/wp-json\/wp\/v2\/types\/post"}],"author":[{"embeddable":true,"href":"https:\/\/www.meydan.tv\/az\/wp-json\/wp\/v2\/users\/11"}],"replies":[{"embeddable":true,"href":"https:\/\/www.meydan.tv\/az\/wp-json\/wp\/v2\/comments?post=201624"}],"version-history":[{"count":0,"href":"https:\/\/www.meydan.tv\/az\/wp-json\/wp\/v2\/posts\/201624\/revisions"}],"wp:featuredmedia":[{"embeddable":true,"href":"https:\/\/www.meydan.tv\/az\/wp-json\/wp\/v2\/media\/145031"}],"wp:attachment":[{"href":"https:\/\/www.meydan.tv\/az\/wp-json\/wp\/v2\/media?parent=201624"}],"wp:term":[{"taxonomy":"category","embeddable":true,"href":"https:\/\/www.meydan.tv\/az\/wp-json\/wp\/v2\/categories?post=201624"},{"taxonomy":"post_tag","embeddable":true,"href":"https:\/\/www.meydan.tv\/az\/wp-json\/wp\/v2\/tags?post=201624"}],"curies":[{"name":"wp","href":"https:\/\/api.w.org\/{rel}","templated":true}]}}