{"id":201618,"date":"2020-07-24T13:03:45","date_gmt":"2020-07-24T13:03:45","guid":{"rendered":"https:\/\/www.meydan.tv\/article\/masalli-sakini-bu-agir-veziyyetde-yol-polisi-300-manatimi-aldi\/"},"modified":"2020-07-24T13:03:45","modified_gmt":"2020-07-24T13:03:45","slug":"masalli-sakini-bu-agir-veziyyetde-yol-polisi-300-manatimi-aldi","status":"publish","type":"post","link":"https:\/\/www.meydan.tv\/az\/article\/masalli-sakini-bu-agir-veziyyetde-yol-polisi-300-manatimi-aldi\/","title":{"rendered":"Masall\u0131 sakini: Bu a\u011f\u0131r v\u0259ziyy\u0259td\u0259 yol polisi 300 manat\u0131m\u0131 ald\u0131"},"content":{"rendered":"<p>\n  <i><br \/>\n    \u201cPulu Yasamal Rayon Yol Polisi \u0130dar\u0259sind\u0259 vermi\u015f\u0259m\u201d<br \/>\n  <\/i>\n<\/p>\n<p>\n  Masall\u0131 sakini \u0130lham C\u0259f\u0259rov deyir ki, pandemiya d\u00f6vr\u00fcnd\u0259 onsuz da i\u015fsizlik maddi durumunu pisl\u0259\u015fdirmi\u015fdi. Yol polisinin haqs\u0131zl\u0131\u011f\u0131 n\u0259tic\u0259sind\u0259 v\u0259ziyy\u0259ti daha da a\u011f\u0131rla\u015f\u0131b. \u0130ddia edir ki, yol polisi ondan c\u0259rim\u0259 ad\u0131 il\u0259 300 manat al\u0131b, he\u00e7 bir r\u0259smil\u0259\u015fm\u0259 d\u0259 aparmay\u0131b.\n<\/p>\n<p>\n  \u0130lham C\u0259f\u0259rovun 60 ya\u015f\u0131 var. Dediyin\u0259 g\u00f6r\u0259, \u00f6mr\u00fcn\u00fcn 40 ilini yollarda ke\u00e7irib, y\u00fck ma\u015f\u0131n\u0131 s\u00fcr\u00fcc\u00fcs\u00fcd\u00fcr. \u0130ndi d\u0259 \u201cKamaz\u201d markal\u0131, \u201c44-CB-399\u201d d\u00f6vl\u0259t n\u00f6mr\u0259-ni\u015fanl\u0131 y\u00fck ma\u015f\u0131n\u0131n\u0131 idar\u0259 edir. Onunla benzin da\u015f\u0131y\u0131r.\n<\/p>\n<p>\n  <b><br \/>\n    \u201cBa\u015fa d\u00fc\u015fd\u00fcm ki, r\u00fc\u015fv\u0259t kimi al\u0131blar\u201d<br \/>\n  <\/b>\n<\/p>\n<p>\n  \u201cBenzinda\u015f\u0131yan ma\u015f\u0131nlar \u00fc\u00e7\u00fcn mar\u015frut olur. Onu da biz\u0259 F\u00f6vq\u0259lad\u0259 Hallar Nazirliyi verir. Ba\u015f D\u00f6vl\u0259t Yol Polisi \u0130dar\u0259si d\u0259 onu t\u0259sdiql\u0259yir, m\u00f6h\u00fcr vurur. \u0130yulun 10-dan 11-n\u0259 ke\u00e7\u0259n gec\u0259 m\u00f6h\u00fcr vurdurmaq \u00fc\u00e7\u00fcn Bak\u0131ya g\u0259lirdim. Gec\u0259 saat 1-in yar\u0131s\u0131 olard\u0131. M\u0259ni \u201c20 Yanvar\u201d dair\u0259si yax\u0131nl\u0131\u011f\u0131nda yol polisi saxlad\u0131. Polisl\u0259r\u0259 dedim ki, ne\u00e7\u0259 vaxt pandemiyaya g\u00f6r\u0259 bu ma\u015f\u0131n i\u015fl\u0259mir. \u0130\u015fl\u0259m\u0259k \u00fc\u00e7\u00fcn g\u0259lmi\u015f\u0259m ki, D\u00f6vl\u0259t Yol Polisi \u0130dar\u0259sind\u0259 m\u00f6h\u00fcr vurdurum. G\u0259r\u0259k g\u0259lim ki, m\u00f6h\u00fcr vurulsun, yoxsa m\u0259n nec\u0259 el\u0259yim?\u201d, &#8211; \u0130lham C\u0259f\u0259rov h\u0259min g\u00fcn ba\u015f ver\u0259nl\u0259ri dan\u0131\u015f\u0131r.\n<\/p>\n<p>\n  Dediyin\u0259 g\u00f6r\u0259, yol polisl\u0259ri onun arqumentini q\u0259bul etm\u0259yib. Y\u00fck ma\u015f\u0131n\u0131n\u0131 c\u0259rim\u0259 meydan\u00e7as\u0131na apar\u0131blar. \u0130lham C\u0259f\u0259rovun iddias\u0131na g\u00f6r\u0259, ert\u0259si g\u00fcn s\u0259h\u0259r saat 10 rad\u0259l\u0259rind\u0259 ondan ma\u015f\u0131n\u0131n\u0131 c\u0259rim\u0259 meydan\u00e7as\u0131ndan buraxmaq \u00fc\u00e7\u00fcn 500 manat pul ist\u0259yibl\u0259r: \u201c500 manat ist\u0259dil\u0259r, dan\u0131\u015f\u0131qlardan sonra 300 manata raz\u0131la\u015fd\u0131lar. He\u00e7 n\u0259 yaz\u0131b el\u0259m\u0259dil\u0259r, he\u00e7 bir s\u0259n\u0259d d\u0259 verm\u0259dil\u0259r. Bel\u0259 ba\u015fa d\u00fc\u015fd\u00fcm ki, r\u00fc\u015fv\u0259t kimi al\u0131blar. 10 g\u00fcnd\u0259n \u00e7ox g\u00f6zl\u0259dim ki, b\u0259lk\u0259 hans\u0131sa s\u0259n\u0259d g\u00f6nd\u0259r\u0259rl\u0259r ev\u0259. He\u00e7 n\u0259 g\u0259lm\u0259di. Ba\u015fa d\u00fc\u015fd\u00fcm ki, r\u00fc\u015fv\u0259t kimi al\u0131blar. S\u0259n\u0259dl\u0259rimi Yasamal Rayon Yol Polisi \u0130dar\u0259sin\u0259 vermi\u015fdil\u0259r. Pulu da orada vermi\u015f\u0259m. Adi yol polisi deyildi, b\u00f6y\u00fckl\u0259rind\u0259n idi&#8230;\u201d\n<\/p>\n<figure class=\"wp-block-image size-large\">\n  <img decoding=\"async\" src=\"https:\/\/www.meydan.tv\/az\/image_from_ios-5-jpg-111\/\" alt=\"image_from_ios (5).jpg\" class=\"wp-image-145004\"\/><figcaption>\n    \u0130lham C\u0259f\u0259rov<br \/>\n  <\/figcaption><\/figure>\n<p>\n  <b><br \/>\n    \u201cKameralara baxs\u0131nlar, dedikl\u0259rimi ara\u015fd\u0131rs\u0131nlar\u201d<br \/>\n  <\/b>\n<\/p>\n<p>\n  \u0130lham C\u0259f\u0259rovun s\u00f6zl\u0259rin\u0259 g\u00f6r\u0259, h\u0259l\u0259 d\u0259 mar\u015frutu Ba\u015f D\u00f6vl\u0259t Yol Polisi \u0130dar\u0259sind\u0259n t\u0259sdiql\u0259tdir\u0259 bilm\u0259yib. Ona deyilib ki, \u00f6lk\u0259d\u0259 pandemiya il\u0259 \u0259laq\u0259dar x\u00fcsusi karantin rejimi elan edildiyin\u0259 g\u00f6r\u0259 q\u0259bul da dayand\u0131r\u0131l\u0131b: \u201cB\u00fct\u00fcn bu hadis\u0259l\u0259rin ba\u015f verdiyi d\u00f6vl\u0259t orqanlar\u0131n\u0131n binalar\u0131nda videokameralar, monitorlar da var. Ara\u015fd\u0131rmaq ist\u0259s\u0259l\u0259r, baxa bil\u0259rl\u0259r. G\u00f6r\u0259c\u0259kl\u0259r ki, h\u0259r \u015fey dediyim kimidir. Bu a\u011f\u0131r d\u00f6vrd\u0259 o 300 manat \u00e7ox b\u00f6y\u00fck puldur m\u0259nim \u00fc\u00e7\u00fcn. \u018fvv\u0259l arada i\u015f olurdu, pandemiyaya g\u00f6r\u0259 onlar da dayan\u0131b. L\u0259nk\u0259ran neft bazas\u0131ndan h\u0259rd\u0259n bir i\u015f olurdu, onun \u00fcmidin\u0259 qalm\u0131\u015fam\u201d.\n<\/p>\n<p>\n  Masall\u0131 sakini deyir ki, ma\u015f\u0131n\u0131n s\u0259h\u0259r\u0259 q\u0259d\u0259r c\u0259rim\u0259 meydan\u00e7as\u0131nda qalmas\u0131na g\u00f6r\u0259 10 manat da dayanacaq pulu al\u0131blar: \u201cM\u0259n dayanacaq pulunu 5 manat bilirdim, bunlar 10 manat ald\u0131lar\u201d.\n<\/p>\n<p>\n  \u0130lham C\u0259f\u0259rov vur\u011fulay\u0131r ki, ail\u0259sinin ehtiyac\u0131 oldu\u011fu bir vaxtda onun pulunu alanlar\u0131n c\u0259zaland\u0131r\u0131lmas\u0131n\u0131 ist\u0259yir. Amma pandemiya il\u0259 \u0259laq\u0259dar Bak\u0131ya da g\u0259l\u0259 bilmir ki, m\u0259sul \u015f\u0259xsl\u0259rin q\u0259buluna d\u00fc\u015fs\u00fcn.\n<\/p>\n<p>\n  Ba\u015f D\u00f6vl\u0259t Yol Polisi \u0130dar\u0259sinin ictimaiyy\u0259tl\u0259 \u0259laq\u0259l\u0259r \u015f\u00f6b\u0259sinin r\u0259isi Kamran \u018fliyev Meydan TV-y\u0259 bildirib ki, \u0259g\u0259r v\u0259t\u0259nda\u015f r\u0259smi \u015f\u0259kild\u0259 \u0259riz\u0259 il\u0259 m\u00fcraci\u0259t ets\u0259, onun \u015fikay\u0259ti ara\u015fd\u0131r\u0131lar: \u201cEl\u0259 bir hal varsa, v\u0259t\u0259nda\u015f biz\u0259 m\u00fcraci\u0259t el\u0259sin. R\u0259smi \u015f\u0259kild\u0259 m\u00fcraci\u0259t olmal\u0131d\u0131r ki, o m\u0259s\u0259l\u0259 ara\u015fd\u0131r\u0131ls\u0131n. V\u0259t\u0259nda\u015f deyir ki, ondan 300 manat al\u0131n\u0131b. M\u0259n bununla ba\u011fl\u0131 bir s\u00f6z dey\u0259 bilm\u0259r\u0259m. B\u0259lk\u0259 ona c\u0259rim\u0259 t\u0259tbiq el\u0259yibl\u0259r?\u201d\n<\/p>\n<p>\n  K.\u018fliyev \u0259lav\u0259 edib ki, yol polisind\u0259 d\u0259 kameralar olur v\u0259 \u015fikay\u0259tl\u0259r ara\u015fd\u0131r\u0131lark\u0259n h\u0259min \u00e7\u0259kili\u015fl\u0259rd\u0259n istifad\u0259 edilir.\n<\/p>\n<figure class=\"wp-block-image size-large\">\n  <img decoding=\"async\" src=\"https:\/\/www.meydan.tv\/az\/image_from_ios-4-jpg-150\/\" alt=\"image_from_ios (4).jpg\" class=\"wp-image-144998\"\/><figcaption>\n    &#8220;\u0130\u015fl\u0259m\u0259k \u00fc\u00e7\u00fcn g\u0259lmi\u015f\u0259m ki, D\u00f6vl\u0259t Yol Polisi \u0130dar\u0259sind\u0259 m\u00f6h\u00fcr vurdurum&#8221;<br \/>\n  <\/figcaption><\/figure>\n","protected":false},"excerpt":{"rendered":"<p>&#8220;\u0130\u015fl\u0259m\u0259k \u00fc\u00e7\u00fcn g\u0259lmi\u015f\u0259m ki, D\u00f6vl\u0259t Yol Polisi \u0130dar\u0259sind\u0259 m\u00f6h\u00fcr vurdurum&#8221;<\/p>\n","protected":false},"author":11,"featured_media":144992,"comment_status":"closed","ping_status":"open","sticky":false,"template":"","format":"standard","meta":{"_acf_changed":false,"_sitemap_exclude":false,"_sitemap_priority":"","_sitemap_frequency":"","footnotes":""},"categories":[60],"tags":[],"class_list":["post-201618","post","type-post","status-publish","format-standard","has-post-thumbnail","hentry","category-bolge","infinite-scroll-item","generate-columns","tablet-grid-50","mobile-grid-100","grid-parent","grid-33","no-featured-image-padding"],"acf":[],"yoast_head":"<!-- This site is optimized with the Yoast SEO plugin v27.5 - https:\/\/yoast.com\/product\/yoast-seo-wordpress\/ -->\n<title>Masall\u0131 sakini: Bu a\u011f\u0131r v\u0259ziyy\u0259td\u0259 yol polisi 300 manat\u0131m\u0131 ald\u0131 - MEYDAN.TV<\/title>\n<meta name=\"robots\" content=\"index, follow, max-snippet:-1, max-image-preview:large, max-video-preview:-1\" \/>\n<link rel=\"canonical\" href=\"https:\/\/www.meydan.tv\/az\/article\/masalli-sakini-bu-agir-veziyyetde-yol-polisi-300-manatimi-aldi\/\" \/>\n<meta property=\"og:locale\" content=\"az_AZ\" \/>\n<meta property=\"og:type\" content=\"article\" \/>\n<meta property=\"og:title\" content=\"Masall\u0131 sakini: Bu a\u011f\u0131r v\u0259ziyy\u0259td\u0259 yol polisi 300 manat\u0131m\u0131 ald\u0131 - MEYDAN.TV\" \/>\n<meta property=\"og:description\" content=\"&quot;\u0130\u015fl\u0259m\u0259k \u00fc\u00e7\u00fcn g\u0259lmi\u015f\u0259m ki, D\u00f6vl\u0259t Yol Polisi \u0130dar\u0259sind\u0259 m\u00f6h\u00fcr vurdurum&quot;\" \/>\n<meta property=\"og:url\" content=\"https:\/\/www.meydan.tv\/az\/article\/masalli-sakini-bu-agir-veziyyetde-yol-polisi-300-manatimi-aldi\/\" \/>\n<meta property=\"og:site_name\" content=\"MEYDAN.TV\" \/>\n<meta property=\"article:published_time\" content=\"2020-07-24T13:03:45+00:00\" \/>\n<meta property=\"og:image\" content=\"https:\/\/www.meydan.tv\/wp-content\/uploads\/image_from_ios_3_pfnmfze.jpg\" \/>\n\t<meta property=\"og:image:width\" content=\"1280\" \/>\n\t<meta property=\"og:image:height\" content=\"960\" \/>\n\t<meta property=\"og:image:type\" content=\"image\/jpeg\" \/>\n<meta name=\"author\" content=\"user-manager\" \/>\n<meta name=\"twitter:card\" content=\"summary_large_image\" \/>\n<script type=\"application\/ld+json\" class=\"yoast-schema-graph\">{\"@context\":\"https:\\\/\\\/schema.org\",\"@graph\":[{\"@type\":\"Article\",\"@id\":\"https:\\\/\\\/www.meydan.tv\\\/az\\\/article\\\/masalli-sakini-bu-agir-veziyyetde-yol-polisi-300-manatimi-aldi\\\/#article\",\"isPartOf\":{\"@id\":\"https:\\\/\\\/www.meydan.tv\\\/az\\\/article\\\/masalli-sakini-bu-agir-veziyyetde-yol-polisi-300-manatimi-aldi\\\/\"},\"author\":{\"name\":\"user-manager\",\"@id\":\"https:\\\/\\\/www.meydan.tv\\\/az\\\/#\\\/schema\\\/person\\\/10d11eccf6da3662cf5fdab9806ea91a\"},\"headline\":\"Masall\u0131 sakini: Bu a\u011f\u0131r v\u0259ziyy\u0259td\u0259 yol polisi 300 manat\u0131m\u0131 ald\u0131\",\"datePublished\":\"2020-07-24T13:03:45+00:00\",\"mainEntityOfPage\":{\"@id\":\"https:\\\/\\\/www.meydan.tv\\\/az\\\/article\\\/masalli-sakini-bu-agir-veziyyetde-yol-polisi-300-manatimi-aldi\\\/\"},\"wordCount\":829,\"publisher\":{\"@id\":\"https:\\\/\\\/www.meydan.tv\\\/az\\\/#organization\"},\"image\":{\"@id\":\"https:\\\/\\\/www.meydan.tv\\\/az\\\/article\\\/masalli-sakini-bu-agir-veziyyetde-yol-polisi-300-manatimi-aldi\\\/#primaryimage\"},\"thumbnailUrl\":\"https:\\\/\\\/www.meydan.tv\\\/wp-content\\\/uploads\\\/image_from_ios_3_pfnmfze.jpg\",\"articleSection\":[\"B\u00f6lg\u0259\"],\"inLanguage\":\"az\"},{\"@type\":\"WebPage\",\"@id\":\"https:\\\/\\\/www.meydan.tv\\\/az\\\/article\\\/masalli-sakini-bu-agir-veziyyetde-yol-polisi-300-manatimi-aldi\\\/\",\"url\":\"https:\\\/\\\/www.meydan.tv\\\/az\\\/article\\\/masalli-sakini-bu-agir-veziyyetde-yol-polisi-300-manatimi-aldi\\\/\",\"name\":\"Masall\u0131 sakini: Bu a\u011f\u0131r v\u0259ziyy\u0259td\u0259 yol polisi 300 manat\u0131m\u0131 ald\u0131 - MEYDAN.TV\",\"isPartOf\":{\"@id\":\"https:\\\/\\\/www.meydan.tv\\\/az\\\/#website\"},\"primaryImageOfPage\":{\"@id\":\"https:\\\/\\\/www.meydan.tv\\\/az\\\/article\\\/masalli-sakini-bu-agir-veziyyetde-yol-polisi-300-manatimi-aldi\\\/#primaryimage\"},\"image\":{\"@id\":\"https:\\\/\\\/www.meydan.tv\\\/az\\\/article\\\/masalli-sakini-bu-agir-veziyyetde-yol-polisi-300-manatimi-aldi\\\/#primaryimage\"},\"thumbnailUrl\":\"https:\\\/\\\/www.meydan.tv\\\/wp-content\\\/uploads\\\/image_from_ios_3_pfnmfze.jpg\",\"datePublished\":\"2020-07-24T13:03:45+00:00\",\"breadcrumb\":{\"@id\":\"https:\\\/\\\/www.meydan.tv\\\/az\\\/article\\\/masalli-sakini-bu-agir-veziyyetde-yol-polisi-300-manatimi-aldi\\\/#breadcrumb\"},\"inLanguage\":\"az\",\"potentialAction\":[{\"@type\":\"ReadAction\",\"target\":[\"https:\\\/\\\/www.meydan.tv\\\/az\\\/article\\\/masalli-sakini-bu-agir-veziyyetde-yol-polisi-300-manatimi-aldi\\\/\"]}]},{\"@type\":\"ImageObject\",\"inLanguage\":\"az\",\"@id\":\"https:\\\/\\\/www.meydan.tv\\\/az\\\/article\\\/masalli-sakini-bu-agir-veziyyetde-yol-polisi-300-manatimi-aldi\\\/#primaryimage\",\"url\":\"https:\\\/\\\/www.meydan.tv\\\/wp-content\\\/uploads\\\/image_from_ios_3_pfnmfze.jpg\",\"contentUrl\":\"https:\\\/\\\/www.meydan.tv\\\/wp-content\\\/uploads\\\/image_from_ios_3_pfnmfze.jpg\",\"width\":1280,\"height\":960,\"caption\":\"Source: Specify Source\"},{\"@type\":\"BreadcrumbList\",\"@id\":\"https:\\\/\\\/www.meydan.tv\\\/az\\\/article\\\/masalli-sakini-bu-agir-veziyyetde-yol-polisi-300-manatimi-aldi\\\/#breadcrumb\",\"itemListElement\":[{\"@type\":\"ListItem\",\"position\":1,\"name\":\"Ana s\u0259hif\u0259\",\"item\":\"https:\\\/\\\/www.meydan.tv\\\/az\\\/\"},{\"@type\":\"ListItem\",\"position\":2,\"name\":\"B\u00f6lg\u0259\",\"item\":\"https:\\\/\\\/www.meydan.tv\\\/az\\\/section\\\/bolge\\\/\"},{\"@type\":\"ListItem\",\"position\":3,\"name\":\"Masall\u0131 sakini: Bu a\u011f\u0131r v\u0259ziyy\u0259td\u0259 yol polisi 300 manat\u0131m\u0131 ald\u0131\"}]},{\"@type\":\"WebSite\",\"@id\":\"https:\\\/\\\/www.meydan.tv\\\/az\\\/#website\",\"url\":\"https:\\\/\\\/www.meydan.tv\\\/az\\\/\",\"name\":\"MEYDAN.TV\",\"description\":\"Meydan TV Az\u0259rbaycan\u0131n media m\u0259kan\u0131ndak\u0131 alternativ s\u0259sidir\",\"publisher\":{\"@id\":\"https:\\\/\\\/www.meydan.tv\\\/az\\\/#organization\"},\"potentialAction\":[{\"@type\":\"SearchAction\",\"target\":{\"@type\":\"EntryPoint\",\"urlTemplate\":\"https:\\\/\\\/www.meydan.tv\\\/az\\\/?s={search_term_string}\"},\"query-input\":{\"@type\":\"PropertyValueSpecification\",\"valueRequired\":true,\"valueName\":\"search_term_string\"}}],\"inLanguage\":\"az\"},{\"@type\":\"Organization\",\"@id\":\"https:\\\/\\\/www.meydan.tv\\\/az\\\/#organization\",\"name\":\"Meydan TV\",\"url\":\"https:\\\/\\\/www.meydan.tv\\\/az\\\/\",\"logo\":{\"@type\":\"ImageObject\",\"inLanguage\":\"az\",\"@id\":\"https:\\\/\\\/www.meydan.tv\\\/az\\\/#\\\/schema\\\/logo\\\/image\\\/\",\"url\":\"https:\\\/\\\/www.meydan.tv\\\/wp-content\\\/uploads\\\/2021\\\/07\\\/meydan-logo.svg\",\"contentUrl\":\"https:\\\/\\\/www.meydan.tv\\\/wp-content\\\/uploads\\\/2021\\\/07\\\/meydan-logo.svg\",\"width\":195,\"height\":46,\"caption\":\"Meydan TV\"},\"image\":{\"@id\":\"https:\\\/\\\/www.meydan.tv\\\/az\\\/#\\\/schema\\\/logo\\\/image\\\/\"}},{\"@type\":\"Person\",\"@id\":\"https:\\\/\\\/www.meydan.tv\\\/az\\\/#\\\/schema\\\/person\\\/10d11eccf6da3662cf5fdab9806ea91a\",\"name\":\"user-manager\"}]}<\/script>\n<!-- \/ Yoast SEO plugin. -->","yoast_head_json":{"title":"Masall\u0131 sakini: Bu a\u011f\u0131r v\u0259ziyy\u0259td\u0259 yol polisi 300 manat\u0131m\u0131 ald\u0131 - MEYDAN.TV","robots":{"index":"index","follow":"follow","max-snippet":"max-snippet:-1","max-image-preview":"max-image-preview:large","max-video-preview":"max-video-preview:-1"},"canonical":"https:\/\/www.meydan.tv\/az\/article\/masalli-sakini-bu-agir-veziyyetde-yol-polisi-300-manatimi-aldi\/","og_locale":"az_AZ","og_type":"article","og_title":"Masall\u0131 sakini: Bu a\u011f\u0131r v\u0259ziyy\u0259td\u0259 yol polisi 300 manat\u0131m\u0131 ald\u0131 - MEYDAN.TV","og_description":"\"\u0130\u015fl\u0259m\u0259k \u00fc\u00e7\u00fcn g\u0259lmi\u015f\u0259m ki, D\u00f6vl\u0259t Yol Polisi \u0130dar\u0259sind\u0259 m\u00f6h\u00fcr vurdurum\"","og_url":"https:\/\/www.meydan.tv\/az\/article\/masalli-sakini-bu-agir-veziyyetde-yol-polisi-300-manatimi-aldi\/","og_site_name":"MEYDAN.TV","article_published_time":"2020-07-24T13:03:45+00:00","og_image":[{"width":1280,"height":960,"url":"https:\/\/www.meydan.tv\/wp-content\/uploads\/image_from_ios_3_pfnmfze.jpg","type":"image\/jpeg"}],"author":"user-manager","twitter_card":"summary_large_image","schema":{"@context":"https:\/\/schema.org","@graph":[{"@type":"Article","@id":"https:\/\/www.meydan.tv\/az\/article\/masalli-sakini-bu-agir-veziyyetde-yol-polisi-300-manatimi-aldi\/#article","isPartOf":{"@id":"https:\/\/www.meydan.tv\/az\/article\/masalli-sakini-bu-agir-veziyyetde-yol-polisi-300-manatimi-aldi\/"},"author":{"name":"user-manager","@id":"https:\/\/www.meydan.tv\/az\/#\/schema\/person\/10d11eccf6da3662cf5fdab9806ea91a"},"headline":"Masall\u0131 sakini: Bu a\u011f\u0131r v\u0259ziyy\u0259td\u0259 yol polisi 300 manat\u0131m\u0131 ald\u0131","datePublished":"2020-07-24T13:03:45+00:00","mainEntityOfPage":{"@id":"https:\/\/www.meydan.tv\/az\/article\/masalli-sakini-bu-agir-veziyyetde-yol-polisi-300-manatimi-aldi\/"},"wordCount":829,"publisher":{"@id":"https:\/\/www.meydan.tv\/az\/#organization"},"image":{"@id":"https:\/\/www.meydan.tv\/az\/article\/masalli-sakini-bu-agir-veziyyetde-yol-polisi-300-manatimi-aldi\/#primaryimage"},"thumbnailUrl":"https:\/\/www.meydan.tv\/wp-content\/uploads\/image_from_ios_3_pfnmfze.jpg","articleSection":["B\u00f6lg\u0259"],"inLanguage":"az"},{"@type":"WebPage","@id":"https:\/\/www.meydan.tv\/az\/article\/masalli-sakini-bu-agir-veziyyetde-yol-polisi-300-manatimi-aldi\/","url":"https:\/\/www.meydan.tv\/az\/article\/masalli-sakini-bu-agir-veziyyetde-yol-polisi-300-manatimi-aldi\/","name":"Masall\u0131 sakini: Bu a\u011f\u0131r v\u0259ziyy\u0259td\u0259 yol polisi 300 manat\u0131m\u0131 ald\u0131 - MEYDAN.TV","isPartOf":{"@id":"https:\/\/www.meydan.tv\/az\/#website"},"primaryImageOfPage":{"@id":"https:\/\/www.meydan.tv\/az\/article\/masalli-sakini-bu-agir-veziyyetde-yol-polisi-300-manatimi-aldi\/#primaryimage"},"image":{"@id":"https:\/\/www.meydan.tv\/az\/article\/masalli-sakini-bu-agir-veziyyetde-yol-polisi-300-manatimi-aldi\/#primaryimage"},"thumbnailUrl":"https:\/\/www.meydan.tv\/wp-content\/uploads\/image_from_ios_3_pfnmfze.jpg","datePublished":"2020-07-24T13:03:45+00:00","breadcrumb":{"@id":"https:\/\/www.meydan.tv\/az\/article\/masalli-sakini-bu-agir-veziyyetde-yol-polisi-300-manatimi-aldi\/#breadcrumb"},"inLanguage":"az","potentialAction":[{"@type":"ReadAction","target":["https:\/\/www.meydan.tv\/az\/article\/masalli-sakini-bu-agir-veziyyetde-yol-polisi-300-manatimi-aldi\/"]}]},{"@type":"ImageObject","inLanguage":"az","@id":"https:\/\/www.meydan.tv\/az\/article\/masalli-sakini-bu-agir-veziyyetde-yol-polisi-300-manatimi-aldi\/#primaryimage","url":"https:\/\/www.meydan.tv\/wp-content\/uploads\/image_from_ios_3_pfnmfze.jpg","contentUrl":"https:\/\/www.meydan.tv\/wp-content\/uploads\/image_from_ios_3_pfnmfze.jpg","width":1280,"height":960,"caption":"Source: Specify Source"},{"@type":"BreadcrumbList","@id":"https:\/\/www.meydan.tv\/az\/article\/masalli-sakini-bu-agir-veziyyetde-yol-polisi-300-manatimi-aldi\/#breadcrumb","itemListElement":[{"@type":"ListItem","position":1,"name":"Ana s\u0259hif\u0259","item":"https:\/\/www.meydan.tv\/az\/"},{"@type":"ListItem","position":2,"name":"B\u00f6lg\u0259","item":"https:\/\/www.meydan.tv\/az\/section\/bolge\/"},{"@type":"ListItem","position":3,"name":"Masall\u0131 sakini: Bu a\u011f\u0131r v\u0259ziyy\u0259td\u0259 yol polisi 300 manat\u0131m\u0131 ald\u0131"}]},{"@type":"WebSite","@id":"https:\/\/www.meydan.tv\/az\/#website","url":"https:\/\/www.meydan.tv\/az\/","name":"MEYDAN.TV","description":"Meydan TV Az\u0259rbaycan\u0131n media m\u0259kan\u0131ndak\u0131 alternativ s\u0259sidir","publisher":{"@id":"https:\/\/www.meydan.tv\/az\/#organization"},"potentialAction":[{"@type":"SearchAction","target":{"@type":"EntryPoint","urlTemplate":"https:\/\/www.meydan.tv\/az\/?s={search_term_string}"},"query-input":{"@type":"PropertyValueSpecification","valueRequired":true,"valueName":"search_term_string"}}],"inLanguage":"az"},{"@type":"Organization","@id":"https:\/\/www.meydan.tv\/az\/#organization","name":"Meydan TV","url":"https:\/\/www.meydan.tv\/az\/","logo":{"@type":"ImageObject","inLanguage":"az","@id":"https:\/\/www.meydan.tv\/az\/#\/schema\/logo\/image\/","url":"https:\/\/www.meydan.tv\/wp-content\/uploads\/2021\/07\/meydan-logo.svg","contentUrl":"https:\/\/www.meydan.tv\/wp-content\/uploads\/2021\/07\/meydan-logo.svg","width":195,"height":46,"caption":"Meydan TV"},"image":{"@id":"https:\/\/www.meydan.tv\/az\/#\/schema\/logo\/image\/"}},{"@type":"Person","@id":"https:\/\/www.meydan.tv\/az\/#\/schema\/person\/10d11eccf6da3662cf5fdab9806ea91a","name":"user-manager"}]}},"_links":{"self":[{"href":"https:\/\/www.meydan.tv\/az\/wp-json\/wp\/v2\/posts\/201618","targetHints":{"allow":["GET"]}}],"collection":[{"href":"https:\/\/www.meydan.tv\/az\/wp-json\/wp\/v2\/posts"}],"about":[{"href":"https:\/\/www.meydan.tv\/az\/wp-json\/wp\/v2\/types\/post"}],"author":[{"embeddable":true,"href":"https:\/\/www.meydan.tv\/az\/wp-json\/wp\/v2\/users\/11"}],"replies":[{"embeddable":true,"href":"https:\/\/www.meydan.tv\/az\/wp-json\/wp\/v2\/comments?post=201618"}],"version-history":[{"count":0,"href":"https:\/\/www.meydan.tv\/az\/wp-json\/wp\/v2\/posts\/201618\/revisions"}],"wp:featuredmedia":[{"embeddable":true,"href":"https:\/\/www.meydan.tv\/az\/wp-json\/wp\/v2\/media\/144992"}],"wp:attachment":[{"href":"https:\/\/www.meydan.tv\/az\/wp-json\/wp\/v2\/media?parent=201618"}],"wp:term":[{"taxonomy":"category","embeddable":true,"href":"https:\/\/www.meydan.tv\/az\/wp-json\/wp\/v2\/categories?post=201618"},{"taxonomy":"post_tag","embeddable":true,"href":"https:\/\/www.meydan.tv\/az\/wp-json\/wp\/v2\/tags?post=201618"}],"curies":[{"name":"wp","href":"https:\/\/api.w.org\/{rel}","templated":true}]}}