{"id":201607,"date":"2020-07-23T15:32:39","date_gmt":"2020-07-23T15:32:39","guid":{"rendered":"https:\/\/www.meydan.tv\/article\/kendimizde-kimin-pulu-varsa-guc-de-ondadir\/"},"modified":"2020-07-23T15:32:39","modified_gmt":"2020-07-23T15:32:39","slug":"kendimizde-kimin-pulu-varsa-guc-de-ondadir","status":"publish","type":"post","link":"https:\/\/www.meydan.tv\/az\/article\/kendimizde-kimin-pulu-varsa-guc-de-ondadir\/","title":{"rendered":"\u201cK\u0259ndimizd\u0259 kimin pulu varsa, g\u00fcc d\u0259 ondad\u0131r\u201d"},"content":{"rendered":"<p>\n  <i><br \/>\n    Kovlar sakini k\u0259nd m\u0259kt\u0259binin \u0259razisinin z\u0259bt olunmas\u0131ndan, evin\u0259 ged\u0259n yolun k\u0259silm\u0259sind\u0259n \u015fikay\u0259t\u00e7idir<br \/>\n  <\/i>\n<\/p>\n<p>\n  \u201cRayonda \u00f6zba\u015f\u0131nal\u0131q ba\u015f al\u0131b gedir, v\u0259t\u0259nda\u015f\u0131 yax\u0131n burax\u0131b d\u0259rdini dinl\u0259y\u0259n m\u0259mur yoxdur. Kimin pulu, g\u00fcc\u00fc var, ist\u0259diyini edir. 6 ild\u0259n \u00e7oxdur ki, tikdiyim evd\u0259 rahatl\u0131\u011f\u0131m yoxdur, imkanl\u0131, ham\u0131n\u0131 pulla \u0259l\u0259 alan qon\u015fu evim\u0259 ged\u0259n yolumu k\u0259sib, buna etiraz etdiyim\u0259 g\u00f6r\u0259 \u00f6z\u00fcm\u00fc d\u0259 iki d\u0259f\u0259 d\u00f6y\u00fcbl\u0259r. \u0130ndiy\u0259 kimi m\u0259suliyy\u0259t\u0259 c\u0259lb olunmay\u0131blar\u201d.\n<\/p>\n<p>\n  Bunu Meydan TV-y\u0259 Sabirabad\u0131n Kovlar k\u0259nd sakini Mirc\u0259mil A\u011fayev deyir. Onun s\u00f6zl\u0259rin\u0259 g\u00f6r\u0259, qon\u015fuluqdak\u0131 M\u0259mm\u0259dovlar ail\u0259si 2008-ci ild\u0259n \u0259trafdak\u0131 torpaq sah\u0259l\u0259rini z\u0259bt ed\u0259-ed\u0259 \u00f6z \u0259razil\u0259rini 1 hektar 35 sota \u00e7atd\u0131r\u0131blar. He\u00e7 bir texniki \u015f\u0259rt\u0259 \u0259m\u0259l etm\u0259d\u0259n, ba\u015fqalar\u0131n\u0131n h\u0259yat\u0131n\u0131 t\u0259hl\u00fck\u0259y\u0259 atmaqla i\u015f\u0131q, qaz, su \u00e7\u0259kibl\u0259r. Ancaq rayonun aidiyy\u0259ti qurumlar\u0131 buna g\u00f6z yumur.\n<\/p>\n<p>\n  <b><br \/>\n    \u201cQanundan dan\u0131\u015fana g\u00fcl\u00fcrl\u0259r\u201d<br \/>\n  <\/b>\n<\/p>\n<p>\n  \u201c2008-ci ild\u0259 g\u0259nc ail\u0259 kimi m\u0259n\u0259 d\u0259 torpaq sah\u0259si verildi, ev tikm\u0259y\u0259 ba\u015flad\u0131m. 2014-c\u00fc ild\u0259 ev\u0259 k\u00f6\u00e7d\u00fcm, o g\u00fcn \u2013 bu g\u00fcn rahatl\u0131\u011f\u0131m yoxdur. Qon\u015fu ya\u015fama\u011fa imkan vermir. \u0130cra hakimiyy\u0259tin\u0259, b\u0259l\u0259diyy\u0259y\u0259 pul verib ist\u0259dikl\u0259rini edirl\u0259r. \u201cQanun var, qayda var\u201d dey\u0259nd\u0259 adama g\u00fcl\u00fcrl\u0259r, deyirl\u0259r, qanun da bizik, qayda da bizik, hara ist\u0259yirs\u0259n, \u015fikay\u0259t el\u0259&#8230; \u018fslind\u0259 is\u0259 d\u00fcz deyirl\u0259r, bel\u0259 olmasayd\u0131, ill\u0259rdir etdiyim \u015fikay\u0259tl\u0259r\u0259 bax\u0131lard\u0131, n\u0259tic\u0259si olard\u0131. Rayonun m\u0259murlar\u0131 da, h\u00fcquq-m\u00fchafiz\u0259 orqanlar\u0131 da bu adamlar\u0131n t\u0259r\u0259find\u0259dir, onlar\u0131 qorumaqla m\u0259\u015f\u011fuldur\u201d, &#8211; \u015fikay\u0259t\u00e7i deyir.\n<\/p>\n<p>\n  <b><br \/>\n    \u201c\u00c7\u0259kdikl\u0259ri elektrik naqill\u0259ri insanlar\u0131n h\u0259yat\u0131na t\u0259hl\u00fck\u0259dir\u201d<br \/>\n  <\/b>\n<\/p>\n<p>\n  Mirc\u0259mil A\u011fayev deyir, M\u0259mm\u0259dovlar ail\u0259si Kovlar k\u0259nd m\u0259kt\u0259binin \u0259razisini d\u0259 z\u0259bt edib:\n<\/p>\n<p>\n  \u201cBurada he\u00e7 bir ail\u0259y\u0259 bu boyda torpaq verilm\u0259yib, yegan\u0259 ail\u0259dir ki, bunlara 1 hektar 35 sot torpaq verilib. Daha do\u011frusu, \u00f6zl\u0259rinin dediyin\u0259 g\u00f6r\u0259, pul verib al\u0131blar. H\u0259tta m\u0259kt\u0259bin d\u0259 \u0259razisini z\u0259bt edibl\u0259r. \u0130\u015f\u0131q x\u0259ttini m\u0259kt\u0259bin \u00e7\u0259p\u0259rinin \u00fcst\u00fcyl\u0259 \u00e7\u0259kib apar\u0131blar, hans\u0131 ki, ya\u011f\u0131\u015fl\u0131 havada insanlar\u0131n h\u0259yat\u0131 \u00fc\u00e7\u00fcn birba\u015fa t\u0259hl\u00fck\u0259dir. M\u0259kt\u0259bd\u0259n \u00e7\u0131xan u\u015faqlar\u0131 c\u0259r\u0259yan vura bil\u0259r. D\u0259f\u0259l\u0259rl\u0259 \u015fikay\u0259t etmi\u015fik, g\u0259lib yerind\u0259 ara\u015fd\u0131rma apar\u0131blar, \u00f6zl\u0259ri d\u0259 t\u0259sdiql\u0259yibl\u0259r ki, b\u0259li, m\u0259kt\u0259bin \u0259razisi z\u0259bt olunub, ancaq he\u00e7 bir t\u0259dbir g\u00f6rm\u0259yibl\u0259r. Bunlar azm\u0131\u015f kimi, m\u0259kt\u0259bin \u0259razisind\u0259n istifad\u0259 etm\u0259kl\u0259 \u00f6z \u0259razil\u0259rin\u0259 su kanal\u0131 \u00e7\u0259kibl\u0259r\u201d.\n<\/p>\n<p>\n  <b><br \/>\n    \u201c\u018fl-qolumu ba\u011flay\u0131b, d\u00f6y\u00fcbl\u0259r\u201d<br \/>\n  <\/b>\n<\/p>\n<p>\n  Mirc\u0259mil A\u011fayev deyir, o, b\u00fct\u00fcn bunlarla \u015fikay\u0259t etdikc\u0259, qon\u015fu qolunun g\u00fcc\u00fcn\u00fc g\u00f6st\u0259rib:\n<\/p>\n<p>\n  \u201c\u0130ki d\u0259f\u0259 d\u00f6y\u00fcbl\u0259r m\u0259ni&#8230; Bir d\u0259f\u0259 \u00f6z h\u0259y\u0259timd\u0259 g\u0259lib d\u00f6yd\u00fcl\u0259r, \u015fikay\u0259t etdim, polis\u0259 \u00e7a\u011f\u0131r\u0131b bar\u0131\u015f\u0131q \u0259riz\u0259si yazd\u0131rd\u0131lar. \u0130kinci d\u0259f\u0259 apar\u0131b h\u0259y\u0259tl\u0259rind\u0259 \u0259l-qolumu ba\u011flay\u0131b yen\u0259 d\u00f6yd\u00fcl\u0259r, indiy\u0259 kimi d\u0259 \u015fikay\u0259tim\u0259 baxan yoxdur\u201d.\n<\/p>\n<p>\n  Sabirabad Rayon \u0130cra Hakimiyy\u0259tind\u0259n bildirilib ki, qeyd olunan torpaq sah\u0259si M\u0259mm\u0259dovlara s\u0259n\u0259d \u0259sas\u0131nda verilib. \u018fg\u0259r Mirc\u0259mil A\u011fayevin \u0259lind\u0259 qanunsuzluqla, z\u0259btl\u0259 ba\u011fl\u0131 h\u0259r hans\u0131 fakt varsa, M\u0259mm\u0259dovlara qar\u015f\u0131 m\u0259hk\u0259m\u0259 iddias\u0131 qald\u0131ra bil\u0259r.\n<\/p>\n<p>\n  Sabirabad Rayon Polis \u015e\u00f6b\u0259sind\u0259n is\u0259 bildirilib ki, Mirc\u0259mil A\u011fayev 2 il \u0259vv\u0259l M\u0259mm\u0259dovlarla ba\u011fl\u0131 \u015fikay\u0259t edib. \u018friz\u0259 ara\u015fd\u0131r\u0131lark\u0259n t\u0259r\u0259fl\u0259r aras\u0131nda bar\u0131\u015f\u0131q olub, i\u015f ba\u011flan\u0131b. \u018fg\u0259r yen\u0259 d\u0259 h\u0259r hans\u0131 \u015fikay\u0259ti varsa, \u0259riy\u0259zl\u0259 m\u00fcraci\u0259t etsin, ara\u015fd\u0131r\u0131ls\u0131n. Dig\u0259r m\u00fclki m\u0259s\u0259l\u0259l\u0259rl\u0259 ba\u011fl\u0131 is\u0259 v\u0259t\u0259nda\u015f m\u0259hk\u0259m\u0259y\u0259 v\u0259 aidiyy\u0259ti qurumlara m\u00fcraci\u0259t etm\u0259lidir.\n<\/p>\n<figure class=\"wp-block-image size-large\">\n  <img decoding=\"async\" src=\"https:\/\/www.meydan.tv\/az\/image-from-ios-143-jpg\/\" alt=\"Image from iOS (143).jpg\" class=\"wp-image-144956\"\/><figcaption>\n    Evin v\u0259ziyy\u0259ti<br \/>\n  <\/figcaption><\/figure>\n","protected":false},"excerpt":{"rendered":"<p>Kovlar sakini k\u0259nd m\u0259kt\u0259binin \u0259razisinin z\u0259bt olunmas\u0131ndan, evin\u0259 ged\u0259n yolun k\u0259silm\u0259sind\u0259n \u015fikay\u0259t\u00e7idir<\/p>\n","protected":false},"author":11,"featured_media":144950,"comment_status":"closed","ping_status":"open","sticky":false,"template":"","format":"standard","meta":{"_acf_changed":false,"_sitemap_exclude":false,"_sitemap_priority":"","_sitemap_frequency":"","footnotes":""},"categories":[60],"tags":[],"class_list":["post-201607","post","type-post","status-publish","format-standard","has-post-thumbnail","hentry","category-bolge","infinite-scroll-item","generate-columns","tablet-grid-50","mobile-grid-100","grid-parent","grid-33","no-featured-image-padding"],"acf":[],"yoast_head":"<!-- This site is optimized with the Yoast SEO plugin v27.5 - https:\/\/yoast.com\/product\/yoast-seo-wordpress\/ -->\n<title>\u201cK\u0259ndimizd\u0259 kimin pulu varsa, g\u00fcc d\u0259 ondad\u0131r\u201d - MEYDAN.TV<\/title>\n<meta name=\"robots\" content=\"index, follow, max-snippet:-1, max-image-preview:large, max-video-preview:-1\" \/>\n<link rel=\"canonical\" href=\"https:\/\/www.meydan.tv\/az\/article\/kendimizde-kimin-pulu-varsa-guc-de-ondadir\/\" \/>\n<meta property=\"og:locale\" content=\"az_AZ\" \/>\n<meta property=\"og:type\" content=\"article\" \/>\n<meta property=\"og:title\" content=\"\u201cK\u0259ndimizd\u0259 kimin pulu varsa, g\u00fcc d\u0259 ondad\u0131r\u201d - MEYDAN.TV\" \/>\n<meta property=\"og:description\" content=\"Kovlar sakini k\u0259nd m\u0259kt\u0259binin \u0259razisinin z\u0259bt olunmas\u0131ndan, evin\u0259 ged\u0259n yolun k\u0259silm\u0259sind\u0259n \u015fikay\u0259t\u00e7idir\" \/>\n<meta property=\"og:url\" content=\"https:\/\/www.meydan.tv\/az\/article\/kendimizde-kimin-pulu-varsa-guc-de-ondadir\/\" \/>\n<meta property=\"og:site_name\" content=\"MEYDAN.TV\" \/>\n<meta property=\"article:published_time\" content=\"2020-07-23T15:32:39+00:00\" \/>\n<meta property=\"og:image\" content=\"https:\/\/www.meydan.tv\/wp-content\/uploads\/image_from_ios_142.jpg\" \/>\n\t<meta property=\"og:image:width\" content=\"1280\" \/>\n\t<meta property=\"og:image:height\" content=\"960\" \/>\n\t<meta property=\"og:image:type\" content=\"image\/jpeg\" \/>\n<meta name=\"author\" content=\"user-manager\" \/>\n<meta name=\"twitter:card\" content=\"summary_large_image\" \/>\n<script type=\"application\/ld+json\" class=\"yoast-schema-graph\">{\"@context\":\"https:\\\/\\\/schema.org\",\"@graph\":[{\"@type\":\"Article\",\"@id\":\"https:\\\/\\\/www.meydan.tv\\\/az\\\/article\\\/kendimizde-kimin-pulu-varsa-guc-de-ondadir\\\/#article\",\"isPartOf\":{\"@id\":\"https:\\\/\\\/www.meydan.tv\\\/az\\\/article\\\/kendimizde-kimin-pulu-varsa-guc-de-ondadir\\\/\"},\"author\":{\"name\":\"user-manager\",\"@id\":\"https:\\\/\\\/www.meydan.tv\\\/az\\\/#\\\/schema\\\/person\\\/10d11eccf6da3662cf5fdab9806ea91a\"},\"headline\":\"\u201cK\u0259ndimizd\u0259 kimin pulu varsa, g\u00fcc d\u0259 ondad\u0131r\u201d\",\"datePublished\":\"2020-07-23T15:32:39+00:00\",\"mainEntityOfPage\":{\"@id\":\"https:\\\/\\\/www.meydan.tv\\\/az\\\/article\\\/kendimizde-kimin-pulu-varsa-guc-de-ondadir\\\/\"},\"wordCount\":744,\"publisher\":{\"@id\":\"https:\\\/\\\/www.meydan.tv\\\/az\\\/#organization\"},\"image\":{\"@id\":\"https:\\\/\\\/www.meydan.tv\\\/az\\\/article\\\/kendimizde-kimin-pulu-varsa-guc-de-ondadir\\\/#primaryimage\"},\"thumbnailUrl\":\"https:\\\/\\\/www.meydan.tv\\\/wp-content\\\/uploads\\\/image_from_ios_142.jpg\",\"articleSection\":[\"B\u00f6lg\u0259\"],\"inLanguage\":\"az\"},{\"@type\":\"WebPage\",\"@id\":\"https:\\\/\\\/www.meydan.tv\\\/az\\\/article\\\/kendimizde-kimin-pulu-varsa-guc-de-ondadir\\\/\",\"url\":\"https:\\\/\\\/www.meydan.tv\\\/az\\\/article\\\/kendimizde-kimin-pulu-varsa-guc-de-ondadir\\\/\",\"name\":\"\u201cK\u0259ndimizd\u0259 kimin pulu varsa, g\u00fcc d\u0259 ondad\u0131r\u201d - MEYDAN.TV\",\"isPartOf\":{\"@id\":\"https:\\\/\\\/www.meydan.tv\\\/az\\\/#website\"},\"primaryImageOfPage\":{\"@id\":\"https:\\\/\\\/www.meydan.tv\\\/az\\\/article\\\/kendimizde-kimin-pulu-varsa-guc-de-ondadir\\\/#primaryimage\"},\"image\":{\"@id\":\"https:\\\/\\\/www.meydan.tv\\\/az\\\/article\\\/kendimizde-kimin-pulu-varsa-guc-de-ondadir\\\/#primaryimage\"},\"thumbnailUrl\":\"https:\\\/\\\/www.meydan.tv\\\/wp-content\\\/uploads\\\/image_from_ios_142.jpg\",\"datePublished\":\"2020-07-23T15:32:39+00:00\",\"breadcrumb\":{\"@id\":\"https:\\\/\\\/www.meydan.tv\\\/az\\\/article\\\/kendimizde-kimin-pulu-varsa-guc-de-ondadir\\\/#breadcrumb\"},\"inLanguage\":\"az\",\"potentialAction\":[{\"@type\":\"ReadAction\",\"target\":[\"https:\\\/\\\/www.meydan.tv\\\/az\\\/article\\\/kendimizde-kimin-pulu-varsa-guc-de-ondadir\\\/\"]}]},{\"@type\":\"ImageObject\",\"inLanguage\":\"az\",\"@id\":\"https:\\\/\\\/www.meydan.tv\\\/az\\\/article\\\/kendimizde-kimin-pulu-varsa-guc-de-ondadir\\\/#primaryimage\",\"url\":\"https:\\\/\\\/www.meydan.tv\\\/wp-content\\\/uploads\\\/image_from_ios_142.jpg\",\"contentUrl\":\"https:\\\/\\\/www.meydan.tv\\\/wp-content\\\/uploads\\\/image_from_ios_142.jpg\",\"width\":1280,\"height\":960,\"caption\":\"Source: Meydan TV\"},{\"@type\":\"BreadcrumbList\",\"@id\":\"https:\\\/\\\/www.meydan.tv\\\/az\\\/article\\\/kendimizde-kimin-pulu-varsa-guc-de-ondadir\\\/#breadcrumb\",\"itemListElement\":[{\"@type\":\"ListItem\",\"position\":1,\"name\":\"Ana s\u0259hif\u0259\",\"item\":\"https:\\\/\\\/www.meydan.tv\\\/az\\\/\"},{\"@type\":\"ListItem\",\"position\":2,\"name\":\"B\u00f6lg\u0259\",\"item\":\"https:\\\/\\\/www.meydan.tv\\\/az\\\/section\\\/bolge\\\/\"},{\"@type\":\"ListItem\",\"position\":3,\"name\":\"\u201cK\u0259ndimizd\u0259 kimin pulu varsa, g\u00fcc d\u0259 ondad\u0131r\u201d\"}]},{\"@type\":\"WebSite\",\"@id\":\"https:\\\/\\\/www.meydan.tv\\\/az\\\/#website\",\"url\":\"https:\\\/\\\/www.meydan.tv\\\/az\\\/\",\"name\":\"MEYDAN.TV\",\"description\":\"Meydan TV Az\u0259rbaycan\u0131n media m\u0259kan\u0131ndak\u0131 alternativ s\u0259sidir\",\"publisher\":{\"@id\":\"https:\\\/\\\/www.meydan.tv\\\/az\\\/#organization\"},\"potentialAction\":[{\"@type\":\"SearchAction\",\"target\":{\"@type\":\"EntryPoint\",\"urlTemplate\":\"https:\\\/\\\/www.meydan.tv\\\/az\\\/?s={search_term_string}\"},\"query-input\":{\"@type\":\"PropertyValueSpecification\",\"valueRequired\":true,\"valueName\":\"search_term_string\"}}],\"inLanguage\":\"az\"},{\"@type\":\"Organization\",\"@id\":\"https:\\\/\\\/www.meydan.tv\\\/az\\\/#organization\",\"name\":\"Meydan TV\",\"url\":\"https:\\\/\\\/www.meydan.tv\\\/az\\\/\",\"logo\":{\"@type\":\"ImageObject\",\"inLanguage\":\"az\",\"@id\":\"https:\\\/\\\/www.meydan.tv\\\/az\\\/#\\\/schema\\\/logo\\\/image\\\/\",\"url\":\"https:\\\/\\\/www.meydan.tv\\\/wp-content\\\/uploads\\\/2021\\\/07\\\/meydan-logo.svg\",\"contentUrl\":\"https:\\\/\\\/www.meydan.tv\\\/wp-content\\\/uploads\\\/2021\\\/07\\\/meydan-logo.svg\",\"width\":195,\"height\":46,\"caption\":\"Meydan TV\"},\"image\":{\"@id\":\"https:\\\/\\\/www.meydan.tv\\\/az\\\/#\\\/schema\\\/logo\\\/image\\\/\"}},{\"@type\":\"Person\",\"@id\":\"https:\\\/\\\/www.meydan.tv\\\/az\\\/#\\\/schema\\\/person\\\/10d11eccf6da3662cf5fdab9806ea91a\",\"name\":\"user-manager\"}]}<\/script>\n<!-- \/ Yoast SEO plugin. -->","yoast_head_json":{"title":"\u201cK\u0259ndimizd\u0259 kimin pulu varsa, g\u00fcc d\u0259 ondad\u0131r\u201d - MEYDAN.TV","robots":{"index":"index","follow":"follow","max-snippet":"max-snippet:-1","max-image-preview":"max-image-preview:large","max-video-preview":"max-video-preview:-1"},"canonical":"https:\/\/www.meydan.tv\/az\/article\/kendimizde-kimin-pulu-varsa-guc-de-ondadir\/","og_locale":"az_AZ","og_type":"article","og_title":"\u201cK\u0259ndimizd\u0259 kimin pulu varsa, g\u00fcc d\u0259 ondad\u0131r\u201d - MEYDAN.TV","og_description":"Kovlar sakini k\u0259nd m\u0259kt\u0259binin \u0259razisinin z\u0259bt olunmas\u0131ndan, evin\u0259 ged\u0259n yolun k\u0259silm\u0259sind\u0259n \u015fikay\u0259t\u00e7idir","og_url":"https:\/\/www.meydan.tv\/az\/article\/kendimizde-kimin-pulu-varsa-guc-de-ondadir\/","og_site_name":"MEYDAN.TV","article_published_time":"2020-07-23T15:32:39+00:00","og_image":[{"width":1280,"height":960,"url":"https:\/\/www.meydan.tv\/wp-content\/uploads\/image_from_ios_142.jpg","type":"image\/jpeg"}],"author":"user-manager","twitter_card":"summary_large_image","schema":{"@context":"https:\/\/schema.org","@graph":[{"@type":"Article","@id":"https:\/\/www.meydan.tv\/az\/article\/kendimizde-kimin-pulu-varsa-guc-de-ondadir\/#article","isPartOf":{"@id":"https:\/\/www.meydan.tv\/az\/article\/kendimizde-kimin-pulu-varsa-guc-de-ondadir\/"},"author":{"name":"user-manager","@id":"https:\/\/www.meydan.tv\/az\/#\/schema\/person\/10d11eccf6da3662cf5fdab9806ea91a"},"headline":"\u201cK\u0259ndimizd\u0259 kimin pulu varsa, g\u00fcc d\u0259 ondad\u0131r\u201d","datePublished":"2020-07-23T15:32:39+00:00","mainEntityOfPage":{"@id":"https:\/\/www.meydan.tv\/az\/article\/kendimizde-kimin-pulu-varsa-guc-de-ondadir\/"},"wordCount":744,"publisher":{"@id":"https:\/\/www.meydan.tv\/az\/#organization"},"image":{"@id":"https:\/\/www.meydan.tv\/az\/article\/kendimizde-kimin-pulu-varsa-guc-de-ondadir\/#primaryimage"},"thumbnailUrl":"https:\/\/www.meydan.tv\/wp-content\/uploads\/image_from_ios_142.jpg","articleSection":["B\u00f6lg\u0259"],"inLanguage":"az"},{"@type":"WebPage","@id":"https:\/\/www.meydan.tv\/az\/article\/kendimizde-kimin-pulu-varsa-guc-de-ondadir\/","url":"https:\/\/www.meydan.tv\/az\/article\/kendimizde-kimin-pulu-varsa-guc-de-ondadir\/","name":"\u201cK\u0259ndimizd\u0259 kimin pulu varsa, g\u00fcc d\u0259 ondad\u0131r\u201d - MEYDAN.TV","isPartOf":{"@id":"https:\/\/www.meydan.tv\/az\/#website"},"primaryImageOfPage":{"@id":"https:\/\/www.meydan.tv\/az\/article\/kendimizde-kimin-pulu-varsa-guc-de-ondadir\/#primaryimage"},"image":{"@id":"https:\/\/www.meydan.tv\/az\/article\/kendimizde-kimin-pulu-varsa-guc-de-ondadir\/#primaryimage"},"thumbnailUrl":"https:\/\/www.meydan.tv\/wp-content\/uploads\/image_from_ios_142.jpg","datePublished":"2020-07-23T15:32:39+00:00","breadcrumb":{"@id":"https:\/\/www.meydan.tv\/az\/article\/kendimizde-kimin-pulu-varsa-guc-de-ondadir\/#breadcrumb"},"inLanguage":"az","potentialAction":[{"@type":"ReadAction","target":["https:\/\/www.meydan.tv\/az\/article\/kendimizde-kimin-pulu-varsa-guc-de-ondadir\/"]}]},{"@type":"ImageObject","inLanguage":"az","@id":"https:\/\/www.meydan.tv\/az\/article\/kendimizde-kimin-pulu-varsa-guc-de-ondadir\/#primaryimage","url":"https:\/\/www.meydan.tv\/wp-content\/uploads\/image_from_ios_142.jpg","contentUrl":"https:\/\/www.meydan.tv\/wp-content\/uploads\/image_from_ios_142.jpg","width":1280,"height":960,"caption":"Source: Meydan TV"},{"@type":"BreadcrumbList","@id":"https:\/\/www.meydan.tv\/az\/article\/kendimizde-kimin-pulu-varsa-guc-de-ondadir\/#breadcrumb","itemListElement":[{"@type":"ListItem","position":1,"name":"Ana s\u0259hif\u0259","item":"https:\/\/www.meydan.tv\/az\/"},{"@type":"ListItem","position":2,"name":"B\u00f6lg\u0259","item":"https:\/\/www.meydan.tv\/az\/section\/bolge\/"},{"@type":"ListItem","position":3,"name":"\u201cK\u0259ndimizd\u0259 kimin pulu varsa, g\u00fcc d\u0259 ondad\u0131r\u201d"}]},{"@type":"WebSite","@id":"https:\/\/www.meydan.tv\/az\/#website","url":"https:\/\/www.meydan.tv\/az\/","name":"MEYDAN.TV","description":"Meydan TV Az\u0259rbaycan\u0131n media m\u0259kan\u0131ndak\u0131 alternativ s\u0259sidir","publisher":{"@id":"https:\/\/www.meydan.tv\/az\/#organization"},"potentialAction":[{"@type":"SearchAction","target":{"@type":"EntryPoint","urlTemplate":"https:\/\/www.meydan.tv\/az\/?s={search_term_string}"},"query-input":{"@type":"PropertyValueSpecification","valueRequired":true,"valueName":"search_term_string"}}],"inLanguage":"az"},{"@type":"Organization","@id":"https:\/\/www.meydan.tv\/az\/#organization","name":"Meydan TV","url":"https:\/\/www.meydan.tv\/az\/","logo":{"@type":"ImageObject","inLanguage":"az","@id":"https:\/\/www.meydan.tv\/az\/#\/schema\/logo\/image\/","url":"https:\/\/www.meydan.tv\/wp-content\/uploads\/2021\/07\/meydan-logo.svg","contentUrl":"https:\/\/www.meydan.tv\/wp-content\/uploads\/2021\/07\/meydan-logo.svg","width":195,"height":46,"caption":"Meydan TV"},"image":{"@id":"https:\/\/www.meydan.tv\/az\/#\/schema\/logo\/image\/"}},{"@type":"Person","@id":"https:\/\/www.meydan.tv\/az\/#\/schema\/person\/10d11eccf6da3662cf5fdab9806ea91a","name":"user-manager"}]}},"_links":{"self":[{"href":"https:\/\/www.meydan.tv\/az\/wp-json\/wp\/v2\/posts\/201607","targetHints":{"allow":["GET"]}}],"collection":[{"href":"https:\/\/www.meydan.tv\/az\/wp-json\/wp\/v2\/posts"}],"about":[{"href":"https:\/\/www.meydan.tv\/az\/wp-json\/wp\/v2\/types\/post"}],"author":[{"embeddable":true,"href":"https:\/\/www.meydan.tv\/az\/wp-json\/wp\/v2\/users\/11"}],"replies":[{"embeddable":true,"href":"https:\/\/www.meydan.tv\/az\/wp-json\/wp\/v2\/comments?post=201607"}],"version-history":[{"count":0,"href":"https:\/\/www.meydan.tv\/az\/wp-json\/wp\/v2\/posts\/201607\/revisions"}],"wp:featuredmedia":[{"embeddable":true,"href":"https:\/\/www.meydan.tv\/az\/wp-json\/wp\/v2\/media\/144950"}],"wp:attachment":[{"href":"https:\/\/www.meydan.tv\/az\/wp-json\/wp\/v2\/media?parent=201607"}],"wp:term":[{"taxonomy":"category","embeddable":true,"href":"https:\/\/www.meydan.tv\/az\/wp-json\/wp\/v2\/categories?post=201607"},{"taxonomy":"post_tag","embeddable":true,"href":"https:\/\/www.meydan.tv\/az\/wp-json\/wp\/v2\/tags?post=201607"}],"curies":[{"name":"wp","href":"https:\/\/api.w.org\/{rel}","templated":true}]}}