{"id":201605,"date":"2020-07-23T15:01:53","date_gmt":"2020-07-23T15:01:53","guid":{"rendered":"https:\/\/www.meydan.tv\/article\/imisli-sakini-indiyedek-dovletden-bir-manat-gelirim-olmayib\/"},"modified":"2020-07-23T15:01:53","modified_gmt":"2020-07-23T15:01:53","slug":"imisli-sakini-indiyedek-dovletden-bir-manat-gelirim-olmayib","status":"publish","type":"post","link":"https:\/\/www.meydan.tv\/az\/article\/imisli-sakini-indiyedek-dovletden-bir-manat-gelirim-olmayib\/","title":{"rendered":"\u0130mi\u015fli sakini: \u0130ndiy\u0259d\u0259k d\u00f6vl\u0259td\u0259n bir manat g\u0259lirim olmay\u0131b"},"content":{"rendered":"<p>\n  <i><br \/>\n    \u201cBu d\u00f6vl\u0259t m\u0259n\u0259 n\u0259 verib ki, o\u011flumu da t\u0259l\u0259b ed\u0259?\u201d<br \/>\n  <\/i>\n<\/p>\n<p>\n  \u201cT\u0259rt\u0259rd\u0259 yerl\u0259\u015f\u0259n N sayl\u0131 h\u0259rbi hiss\u0259d\u0259 xidm\u0259t ed\u0259nd\u0259 m\u00f6hk\u0259m soyuqlam\u0131\u015fd\u0131m, sonralar a\u011fciy\u0259rimd\u0259 ciddi problem yarand\u0131. \u018fsg\u0259rlikd\u0259n ev\u0259 qay\u0131dandan sonra s\u0259hh\u0259tim daha da a\u011f\u0131rla\u015fd\u0131\u201c.\n<\/p>\n<p>\n  Bunu Meydan TV-y\u0259 \u0130mi\u015fli rayonu, Xo\u015f\u00e7obanl\u0131 k\u0259nd sakini Zamiq Cahangirov deyir. S\u00f6yl\u0259yir ki, h\u0259rbi xidm\u0259td\u0259n geri d\u00f6n\u0259nd\u0259n sonra s\u0259hh\u0259ti imkan verm\u0259s\u0259 d\u0259, f\u0259hl\u0259 i\u015fl\u0259m\u0259y\u0259 m\u0259cbur olub. N\u0259tic\u0259d\u0259 x\u0259st\u0259liyi daha da a\u011f\u0131rla\u015f\u0131b:\n<\/p>\n<p>\n  \u201c2007-ci ild\u0259 evl\u0259n\u0259nd\u0259n sonra atam\u0131n vaxtil\u0259 \u00e7iy k\u0259rpicd\u0259n tikdiyi i\u00e7-i\u00e7\u0259 olan ikiotqal\u0131 evd\u0259 h\u0259yat yolda\u015f\u0131m v\u0259 iki o\u011flumla ya\u015fay\u0131rd\u0131q. T\u0259bii f\u0259lak\u0259t n\u0259tic\u0259sind\u0259- da\u015fq\u0131nlar zaman\u0131 ev q\u0259zal\u0131 v\u0259ziyy\u0259t\u0259 d\u00fc\u015fd\u00fc. \u0130mi\u015fli Rayon \u0130cra Hakimiyy\u0259tin\u0259 m\u00fcraci\u0259t etdim, g\u0259lib ev\u0259 baxd\u0131lar, pis v\u0259ziyy\u0259td\u0259 oldu\u011funu g\u00f6rs\u0259l\u0259r d\u0259, \u201cyararl\u0131\u201d yazd\u0131lar. \u00dcz\u0259rind\u0259n bir ne\u00e7\u0259 il ke\u00e7di, bu d\u0259f\u0259 k\u0259ndin b\u0259l\u0259diyy\u0259sin\u0259 m\u00fcraci\u0259t etdim. O da sa\u011f olsun, evin \u015f\u0259kill\u0259rini ovaxtk\u0131 icra ba\u015f\u00e7\u0131s\u0131 Vilyam Hac\u0131yev\u0259 t\u0259qdim etdi. T\u0259\u0259ss\u00fcf ki, yen\u0259 d\u0259 m\u00fcraci\u0259tim\u0259 bax\u0131lmad\u0131. Vilyam Hac\u0131yev icra ba\u015f\u00e7\u0131s\u0131 olanda onun q\u0259buluna d\u00fc\u015fm\u0259k \u00e7ox m\u00fc\u015fk\u00fcl m\u0259s\u0259l\u0259 idi. He\u00e7 kimi yax\u0131n buraxm\u0131rd\u0131. Evin v\u0259ziyy\u0259ti il\u0259 ba\u011fl\u0131 Prezident \u0130lham \u018fliyev v\u0259 Birinci vitse-prezident Mehriban \u018fliyevaya m\u0259ktub yazd\u0131m. Cavab g\u0259ldi ki, sizin m\u00fcraci\u0259tiniz\u0259 bax\u0131lacaq, lakin yen\u0259 d\u0259 n\u0259tic\u0259siz qald\u0131\u201c.\n<\/p>\n<p>\n  \u015eikay\u0259t\u00e7i k\u00f6hn\u0259 evinin b\u0259rpa olunaca\u011f\u0131na \u00fcmidini itir\u0259nd\u0259n sonra \u00f6z\u00fc yenisini tikm\u0259k ist\u0259s\u0259 d\u0259, buna nail olmay\u0131b:\n<\/p>\n<p>\n  \u201c\u018fvv\u0259lki ev \u00e7ox ac\u0131nacaql\u0131 v\u0259ziyy\u0259td\u0259 idi. \u0130lanlar\u0131n i\u00e7ind\u0259 ya\u015fay\u0131rd\u0131q. U\u015faqlar \u00e7ox qorxurdu. H\u0259yat yolda\u015f\u0131m u\u015faqlarla birg\u0259 ilanlara g\u00f6r\u0259 qarda\u015f\u0131gil\u0259 k\u00f6\u00e7d\u00fc. M\u0259n d\u0259 evd\u0259 t\u0259k qal\u0131rd\u0131m. Yeni evi tik\u0259nd\u0259, a\u011f\u0131rl\u0131q qald\u0131rd\u0131\u011f\u0131ma g\u00f6r\u0259 v\u0259ziyy\u0259tim pisl\u0259\u015fdi, a\u011fciy\u0259rim\u0259 su g\u0259ldi, i\u015fl\u0259r yar\u0131m\u00e7\u0131q qald\u0131. \u018fslind\u0259, h\u0259kim m\u0259n\u0259 a\u011f\u0131r y\u00fck qald\u0131rma\u011f\u0131 qada\u011fan edib. Amma neyl\u0259yim? \u0130ki \u00f6vlad\u0131m var. M\u0259n\u0259 k\u00f6m\u0259klik ets\u0259ydil\u0259r, bu evi ya\u015fay\u0131\u015f \u00fc\u00e7\u00fcn yararl\u0131 v\u0259ziyy\u0259t\u0259 g\u0259tir\u0259rdim. Sabah-birig\u00fcn \u00f6l\u0259r\u0259m, u\u015faqlar\u0131m pis g\u00fcnd\u0259 ya\u015famas\u0131n\u201d.\n<\/p>\n<p>\n  V\u0259ziyy\u0259ti a\u011f\u0131rla\u015fan \u0130mi\u015fli sakini Bak\u0131ya g\u0259l\u0259r\u0259k, A\u011fciy\u0259r X\u0259st\u0259likl\u0259ri \u0130nstitutunun V\u0259r\u0259m Terapiyas\u0131 \u015e\u00f6b\u0259sind\u0259 m\u00fcalic\u0259 olunub:\n<\/p>\n<p>\n  \u201cD\u00fcz iki ay x\u0259st\u0259xanada yatd\u0131m. Ev\u0259 qay\u0131dandan sonra is\u0259 yataq x\u0259st\u0259si oldum. S\u0259hh\u0259timl\u0259 ba\u011fl\u0131 ciddi probleml\u0259rim yarand\u0131\u011f\u0131 \u00fc\u00e7\u00fcn i\u015fl\u0259m\u0259y\u0259 g\u00fcc\u00fcm olmad\u0131. Dostlar\u0131m, qohum-\u0259qr\u0259ba dava-d\u0259rman alma\u011f\u0131ma k\u00f6m\u0259k etdi. Yeni aya\u011fa qalxm\u0131\u015fam. H\u0259yat yolda\u015f\u0131m evdar qad\u0131nd\u0131r, ail\u0259d\u0259 i\u015fl\u0259y\u0259n m\u0259n\u0259m, o da s\u0259hh\u0259tim imkan ver\u0259nd\u0259. Haz\u0131rda karantin oldu\u011funa g\u00f6r\u0259 i\u015f yoxdur. D\u00fc\u015f\u0259nd\u0259, kimins\u0259 qap\u0131s\u0131nda i\u015fl\u0259yir\u0259m, be\u015f-\u00fc\u00e7 manat qazan\u0131ram. Evin probleml\u0259rin\u0259, q\u0259nd-\u00e7aya veririk. Bundan art\u0131q i\u015fl\u0259m\u0259y\u0259 g\u00fcc\u00fcm \u00e7atm\u0131r. Bu ev\u0259 d\u0259 t\u0259xmin\u0259n alt\u0131 ay \u00f6nc\u0259 k\u00f6\u00e7m\u00fc\u015f\u00fck. H\u0259yat yolda\u015f\u0131m\u0131n ail\u0259si, qohum-\u0259qraban\u0131n say\u0259sind\u0259 evin bir ota\u011f\u0131n\u0131 birt\u0259h\u0259r d\u00fcz\u0259ldib k\u00f6\u00e7d\u00fck. Qaz v\u0259 i\u015f\u0131qpulunu \u00f6d\u0259y\u0259 bilmir\u0259m. D\u00f6vl\u0259td\u0259n he\u00e7 bir g\u0259lirim yoxdur ki, n\u0259s\u0259 d\u0259 verim. Amma iki \u00f6vlad\u0131m var. Bu g\u00fcn-sabah \u0259sg\u0259rlik ya\u015f\u0131 \u00e7atanda g\u0259lib aparacaqlar. Bu d\u00f6vl\u0259t m\u0259n\u0259 n\u0259 verib ki, o\u011flumu da t\u0259l\u0259b ed\u0259? Amma neyl\u0259m\u0259k olar?\u201d\n<\/p>\n<p>\n  \u201cBak\u0131da x\u0259st\u0259xanada yatanda ald\u0131\u011f\u0131m ka\u011f\u0131z\u0131 \u0130mi\u015fli Rayon M\u0259rk\u0259zi X\u0259st\u0259xanas\u0131na t\u0259qdim etdim. S\u0259hh\u0259tim\u0259 g\u00f6r\u0259 \u0259lillik d\u0259rc\u0259si almaq ist\u0259yirdim. Lakin yata\u011fa d\u00fc\u015fd\u00fcy\u00fcm \u00fc\u00e7\u00fcn bu i\u015fi sona \u00e7atd\u0131ra bilm\u0259dim\u201d, &#8211; Zamiq Cahangirov deyir:\n<\/p>\n<p>\n  \u201c\u0130ndi yenid\u0259n gedib h\u0259min x\u0259st\u0259xanada yatmal\u0131, s\u0259n\u0259di t\u0259z\u0259l\u0259m\u0259liy\u0259m. G\u0259tir\u0259m, bura ver\u0259m ki, pensiyam d\u00fcz\u0259lsin. H\u0259kim deyir ki, tez-tez m\u00fcayin\u0259d\u0259n ke\u00e7m\u0259lis\u0259n, d\u0259rmanlar yaz\u0131lmal\u0131d\u0131r. M\u00fcalic\u0259 olunmal\u0131yam ki, a\u011f\u0131rla\u015fmalar ba\u015f verm\u0259sin. Y\u0259ni x\u0259st\u0259lik daim h\u0259kim n\u0259zar\u0259ti alt\u0131nda olmal\u0131d\u0131r. \u00c7ox \u015f\u00fck\u00fcr ki, yolxucu x\u0259st\u0259lik deyil. Amma soyuq v\u0259 a\u011f\u0131r i\u015f olanda q\u0131zd\u0131rma v\u0259 a\u011fr\u0131lar\u0131m olur. \u0130ndiy\u0259d\u0259k d\u00f6vl\u0259td\u0259n bir manat g\u0259lirim olmay\u0131b. 190 manat bird\u0259f\u0259lik \u00f6d\u0259m\u0259 il\u0259 ba\u011fl\u0131 m\u00fcraci\u0259t etdim, 30 sot torpaq sah\u0259m oldu\u011fu \u00fc\u00e7\u00fcn ala bilm\u0259dim. K\u0259ndd\u0259 ya\u015fay\u0131r\u0131qsa, ham\u0131m\u0131z\u0131n ad\u0131na torpaq sah\u0259si ola bil\u0259r\u201d.\n<\/p>\n<p>\n  Meydan TV m\u0259s\u0259l\u0259 il\u0259 ba\u011fl\u0131 \u0130mi\u015fli Rayon \u0130cra Hakimiyy\u0259ti il\u0259 d\u0259f\u0259l\u0259rl\u0259 \u0259laq\u0259 saxlama\u011fa \u00e7al\u0131\u015fsa da, z\u0259ngl\u0259r\u0259 cavab ver\u0259n olmay\u0131b.\n<\/p>\n<p>\n  Az\u0259rbaycanda ilk d\u0259f\u0259 COV\u0130D-19 virusuna yoluxma fakt\u0131 bu ilin 28 fevral\u0131nda qeyd\u0259 al\u0131n\u0131b. Mart\u0131n 24-d\u0259n \u00f6lk\u0259d\u0259 x\u00fcsusi karantin rejimi elan edilib. H\u0259min m\u00fcdd\u0259td\u0259n etibar\u0259n paytaxt Bak\u0131da v\u0259 b\u0259zi rayonlarda i\u015f yerl\u0259ri ba\u011flan\u0131b. D\u00f6vl\u0259t i\u015fsizl\u0259r \u00fc\u00e7\u00fcn 190 manat bird\u0259f\u0259lik m\u00fcavin\u0259t \u00f6d\u0259m\u0259y\u0259 ba\u015flay\u0131b. May v\u0259 iyun ay\u0131 \u00fc\u00e7\u00fcn \u00f6d\u0259m\u0259l\u0259r olub. Lakin v\u0259t\u0259nda\u015flar aras\u0131nda bird\u0259f\u0259lik \u00f6d\u0259m\u0259l\u0259rin verilm\u0259si il\u0259 ba\u011fl\u0131 qeyri-\u015f\u0259ffafl\u0131\u011f\u0131n olmas\u0131na dair naraz\u0131l\u0131qlar var.\n<\/p>\n<p>\n  \u018fm\u0259k v\u0259 \u018fhalinin Sosial M\u00fcdafi\u0259si Nazirliyi is\u0259 bildirir ki, i\u015fsiz \u015f\u0259xsl\u0259rin ail\u0259 v\u0259ziyy\u0259ti haqq\u0131nda m\u0259lumatlar avtomatla\u015fd\u0131r\u0131lm\u0131\u015f rejimd\u0259 Az\u0259rbaycan Respublikas\u0131 \u018fhalisinin D\u00f6vl\u0259t Reyestrind\u0259n yoxlan\u0131laraq h\u0259yata ke\u00e7irilir v\u0259 hans\u0131sa qanun pozuntusundan s\u00f6hb\u0259t ged\u0259 bilm\u0259z.\n<\/p>\n<p>\n  Eyni zamanda, \u00fcnvanl\u0131 d\u00f6vl\u0259t sosial yard\u0131m\u0131 alan ail\u0259l\u0259rin \u00fczvl\u0259rin\u0259, \u0259m\u0259k pensiya\u00e7\u0131lar\u0131na, ayl\u0131q m\u00fcavin\u0259t alanlara, ayl\u0131q t\u0259qa\u00fcd alanlara, \u00f6z\u00fcn\u00fcm\u0259\u015f\u011fullu\u011fun t\u0259\u015fkili proqram\u0131 \u00e7\u0259r\u00e7iv\u0259sind\u0259 \u0259mlak verilmi\u015f \u015f\u0259xsl\u0259r\u0259, i\u015fsizlikd\u0259n s\u0131\u011forta \u00f6d\u0259ni\u015fi alanlara, pe\u015f\u0259 haz\u0131rl\u0131\u011f\u0131na g\u00f6r\u0259 t\u0259qa\u00fcd alanlara, 2020-ci ild\u0259 k\u0259nd t\u0259s\u0259rr\u00fcfat\u0131 \u00fczr\u0259 subsidiya alm\u0131\u015f \u015f\u0259xsl\u0259r\u0259, \u0259ri v\u0259 ya arvad\u0131 sahibkar olanlar (aktiv V\u00d6EN-i olan) v\u0259 ya ME\u0130S-in \u201c\u201d\u018fm\u0259k m\u00fcqavil\u0259si bildiri\u015fi\u201d altsistemind\u0259 aktiv \u0259m\u0259k m\u00fcqavil\u0259si bildiri\u015fi olanlara, \u0259ri v\u0259 ya arvad\u0131 \u00fcnvanl\u0131 d\u00f6vl\u0259t sosial yard\u0131m\u0131 alan v\u0259 ya k\u0259nd t\u0259s\u0259rr\u00fcfat\u0131 \u00fczr\u0259 subsidiya alm\u0131\u015f \u015f\u0259xsl\u0259r\u0259 190 manatl\u0131q bird\u0259f\u0259lik yard\u0131m d\u00fc\u015fm\u00fcr.\n<\/p>\n<figure class=\"wp-block-image size-large\">\n  <img decoding=\"async\" src=\"https:\/\/www.meydan.tv\/az\/untitled-design-2020-07-23t150015-002-jpg\/\" alt=\"Untitled design &#8211; 2020-07-23T150015.002.jpg\" class=\"wp-image-144941\"\/><figcaption>\n    Evin v\u0259ziyy\u0259ti<br \/>\n  <\/figcaption><\/figure>\n<figure class=\"wp-block-image size-large\">\n  <img decoding=\"async\" src=\"https:\/\/www.meydan.tv\/az\/evin-veziyyeti-18\/\" alt=\"Evin v\u0259ziyy\u0259ti\" class=\"wp-image-144947\"\/><figcaption>\n    Evin v\u0259ziyy\u0259ti<br \/>\n  <\/figcaption><\/figure>\n","protected":false},"excerpt":{"rendered":"<p>\u201cBu d\u00f6vl\u0259t m\u0259n\u0259 n\u0259 verib ki, o\u011flumu da t\u0259l\u0259b ed\u0259?\u201d<\/p>\n","protected":false},"author":11,"featured_media":144938,"comment_status":"closed","ping_status":"open","sticky":false,"template":"","format":"standard","meta":{"_acf_changed":false,"_sitemap_exclude":false,"_sitemap_priority":"","_sitemap_frequency":"","footnotes":""},"categories":[60],"tags":[],"class_list":["post-201605","post","type-post","status-publish","format-standard","has-post-thumbnail","hentry","category-bolge","infinite-scroll-item","generate-columns","tablet-grid-50","mobile-grid-100","grid-parent","grid-33","no-featured-image-padding"],"acf":[],"yoast_head":"<!-- This site is optimized with the Yoast SEO plugin v27.5 - https:\/\/yoast.com\/product\/yoast-seo-wordpress\/ -->\n<title>\u0130mi\u015fli sakini: \u0130ndiy\u0259d\u0259k d\u00f6vl\u0259td\u0259n bir manat g\u0259lirim olmay\u0131b - MEYDAN.TV<\/title>\n<meta name=\"robots\" content=\"index, follow, max-snippet:-1, max-image-preview:large, max-video-preview:-1\" \/>\n<link rel=\"canonical\" href=\"https:\/\/www.meydan.tv\/az\/article\/imisli-sakini-indiyedek-dovletden-bir-manat-gelirim-olmayib\/\" \/>\n<meta property=\"og:locale\" content=\"az_AZ\" \/>\n<meta property=\"og:type\" content=\"article\" \/>\n<meta property=\"og:title\" content=\"\u0130mi\u015fli sakini: \u0130ndiy\u0259d\u0259k d\u00f6vl\u0259td\u0259n bir manat g\u0259lirim olmay\u0131b - MEYDAN.TV\" \/>\n<meta property=\"og:description\" content=\"\u201cBu d\u00f6vl\u0259t m\u0259n\u0259 n\u0259 verib ki, o\u011flumu da t\u0259l\u0259b ed\u0259?\u201d\" \/>\n<meta property=\"og:url\" content=\"https:\/\/www.meydan.tv\/az\/article\/imisli-sakini-indiyedek-dovletden-bir-manat-gelirim-olmayib\/\" \/>\n<meta property=\"og:site_name\" content=\"MEYDAN.TV\" \/>\n<meta property=\"article:published_time\" content=\"2020-07-23T15:01:53+00:00\" \/>\n<meta property=\"og:image\" content=\"https:\/\/www.meydan.tv\/wp-content\/uploads\/untitled_design_-_2020-07-23t150028.107.jpg\" \/>\n\t<meta property=\"og:image:width\" content=\"1280\" \/>\n\t<meta property=\"og:image:height\" content=\"720\" \/>\n\t<meta property=\"og:image:type\" content=\"image\/jpeg\" \/>\n<meta name=\"author\" content=\"user-manager\" \/>\n<meta name=\"twitter:card\" content=\"summary_large_image\" \/>\n<script type=\"application\/ld+json\" class=\"yoast-schema-graph\">{\"@context\":\"https:\\\/\\\/schema.org\",\"@graph\":[{\"@type\":\"Article\",\"@id\":\"https:\\\/\\\/www.meydan.tv\\\/az\\\/article\\\/imisli-sakini-indiyedek-dovletden-bir-manat-gelirim-olmayib\\\/#article\",\"isPartOf\":{\"@id\":\"https:\\\/\\\/www.meydan.tv\\\/az\\\/article\\\/imisli-sakini-indiyedek-dovletden-bir-manat-gelirim-olmayib\\\/\"},\"author\":{\"name\":\"user-manager\",\"@id\":\"https:\\\/\\\/www.meydan.tv\\\/az\\\/#\\\/schema\\\/person\\\/10d11eccf6da3662cf5fdab9806ea91a\"},\"headline\":\"\u0130mi\u015fli sakini: \u0130ndiy\u0259d\u0259k d\u00f6vl\u0259td\u0259n bir manat g\u0259lirim olmay\u0131b\",\"datePublished\":\"2020-07-23T15:01:53+00:00\",\"mainEntityOfPage\":{\"@id\":\"https:\\\/\\\/www.meydan.tv\\\/az\\\/article\\\/imisli-sakini-indiyedek-dovletden-bir-manat-gelirim-olmayib\\\/\"},\"wordCount\":1292,\"publisher\":{\"@id\":\"https:\\\/\\\/www.meydan.tv\\\/az\\\/#organization\"},\"image\":{\"@id\":\"https:\\\/\\\/www.meydan.tv\\\/az\\\/article\\\/imisli-sakini-indiyedek-dovletden-bir-manat-gelirim-olmayib\\\/#primaryimage\"},\"thumbnailUrl\":\"https:\\\/\\\/www.meydan.tv\\\/wp-content\\\/uploads\\\/untitled_design_-_2020-07-23t150028.107.jpg\",\"articleSection\":[\"B\u00f6lg\u0259\"],\"inLanguage\":\"az\"},{\"@type\":\"WebPage\",\"@id\":\"https:\\\/\\\/www.meydan.tv\\\/az\\\/article\\\/imisli-sakini-indiyedek-dovletden-bir-manat-gelirim-olmayib\\\/\",\"url\":\"https:\\\/\\\/www.meydan.tv\\\/az\\\/article\\\/imisli-sakini-indiyedek-dovletden-bir-manat-gelirim-olmayib\\\/\",\"name\":\"\u0130mi\u015fli sakini: \u0130ndiy\u0259d\u0259k d\u00f6vl\u0259td\u0259n bir manat g\u0259lirim olmay\u0131b - MEYDAN.TV\",\"isPartOf\":{\"@id\":\"https:\\\/\\\/www.meydan.tv\\\/az\\\/#website\"},\"primaryImageOfPage\":{\"@id\":\"https:\\\/\\\/www.meydan.tv\\\/az\\\/article\\\/imisli-sakini-indiyedek-dovletden-bir-manat-gelirim-olmayib\\\/#primaryimage\"},\"image\":{\"@id\":\"https:\\\/\\\/www.meydan.tv\\\/az\\\/article\\\/imisli-sakini-indiyedek-dovletden-bir-manat-gelirim-olmayib\\\/#primaryimage\"},\"thumbnailUrl\":\"https:\\\/\\\/www.meydan.tv\\\/wp-content\\\/uploads\\\/untitled_design_-_2020-07-23t150028.107.jpg\",\"datePublished\":\"2020-07-23T15:01:53+00:00\",\"breadcrumb\":{\"@id\":\"https:\\\/\\\/www.meydan.tv\\\/az\\\/article\\\/imisli-sakini-indiyedek-dovletden-bir-manat-gelirim-olmayib\\\/#breadcrumb\"},\"inLanguage\":\"az\",\"potentialAction\":[{\"@type\":\"ReadAction\",\"target\":[\"https:\\\/\\\/www.meydan.tv\\\/az\\\/article\\\/imisli-sakini-indiyedek-dovletden-bir-manat-gelirim-olmayib\\\/\"]}]},{\"@type\":\"ImageObject\",\"inLanguage\":\"az\",\"@id\":\"https:\\\/\\\/www.meydan.tv\\\/az\\\/article\\\/imisli-sakini-indiyedek-dovletden-bir-manat-gelirim-olmayib\\\/#primaryimage\",\"url\":\"https:\\\/\\\/www.meydan.tv\\\/wp-content\\\/uploads\\\/untitled_design_-_2020-07-23t150028.107.jpg\",\"contentUrl\":\"https:\\\/\\\/www.meydan.tv\\\/wp-content\\\/uploads\\\/untitled_design_-_2020-07-23t150028.107.jpg\",\"width\":1280,\"height\":720,\"caption\":\"Source: Meydan TV\"},{\"@type\":\"BreadcrumbList\",\"@id\":\"https:\\\/\\\/www.meydan.tv\\\/az\\\/article\\\/imisli-sakini-indiyedek-dovletden-bir-manat-gelirim-olmayib\\\/#breadcrumb\",\"itemListElement\":[{\"@type\":\"ListItem\",\"position\":1,\"name\":\"Ana s\u0259hif\u0259\",\"item\":\"https:\\\/\\\/www.meydan.tv\\\/az\\\/\"},{\"@type\":\"ListItem\",\"position\":2,\"name\":\"B\u00f6lg\u0259\",\"item\":\"https:\\\/\\\/www.meydan.tv\\\/az\\\/section\\\/bolge\\\/\"},{\"@type\":\"ListItem\",\"position\":3,\"name\":\"\u0130mi\u015fli sakini: \u0130ndiy\u0259d\u0259k d\u00f6vl\u0259td\u0259n bir manat g\u0259lirim olmay\u0131b\"}]},{\"@type\":\"WebSite\",\"@id\":\"https:\\\/\\\/www.meydan.tv\\\/az\\\/#website\",\"url\":\"https:\\\/\\\/www.meydan.tv\\\/az\\\/\",\"name\":\"MEYDAN.TV\",\"description\":\"Meydan TV Az\u0259rbaycan\u0131n media m\u0259kan\u0131ndak\u0131 alternativ s\u0259sidir\",\"publisher\":{\"@id\":\"https:\\\/\\\/www.meydan.tv\\\/az\\\/#organization\"},\"potentialAction\":[{\"@type\":\"SearchAction\",\"target\":{\"@type\":\"EntryPoint\",\"urlTemplate\":\"https:\\\/\\\/www.meydan.tv\\\/az\\\/?s={search_term_string}\"},\"query-input\":{\"@type\":\"PropertyValueSpecification\",\"valueRequired\":true,\"valueName\":\"search_term_string\"}}],\"inLanguage\":\"az\"},{\"@type\":\"Organization\",\"@id\":\"https:\\\/\\\/www.meydan.tv\\\/az\\\/#organization\",\"name\":\"Meydan TV\",\"url\":\"https:\\\/\\\/www.meydan.tv\\\/az\\\/\",\"logo\":{\"@type\":\"ImageObject\",\"inLanguage\":\"az\",\"@id\":\"https:\\\/\\\/www.meydan.tv\\\/az\\\/#\\\/schema\\\/logo\\\/image\\\/\",\"url\":\"https:\\\/\\\/www.meydan.tv\\\/wp-content\\\/uploads\\\/2021\\\/07\\\/meydan-logo.svg\",\"contentUrl\":\"https:\\\/\\\/www.meydan.tv\\\/wp-content\\\/uploads\\\/2021\\\/07\\\/meydan-logo.svg\",\"width\":195,\"height\":46,\"caption\":\"Meydan TV\"},\"image\":{\"@id\":\"https:\\\/\\\/www.meydan.tv\\\/az\\\/#\\\/schema\\\/logo\\\/image\\\/\"}},{\"@type\":\"Person\",\"@id\":\"https:\\\/\\\/www.meydan.tv\\\/az\\\/#\\\/schema\\\/person\\\/10d11eccf6da3662cf5fdab9806ea91a\",\"name\":\"user-manager\"}]}<\/script>\n<!-- \/ Yoast SEO plugin. -->","yoast_head_json":{"title":"\u0130mi\u015fli sakini: \u0130ndiy\u0259d\u0259k d\u00f6vl\u0259td\u0259n bir manat g\u0259lirim olmay\u0131b - MEYDAN.TV","robots":{"index":"index","follow":"follow","max-snippet":"max-snippet:-1","max-image-preview":"max-image-preview:large","max-video-preview":"max-video-preview:-1"},"canonical":"https:\/\/www.meydan.tv\/az\/article\/imisli-sakini-indiyedek-dovletden-bir-manat-gelirim-olmayib\/","og_locale":"az_AZ","og_type":"article","og_title":"\u0130mi\u015fli sakini: \u0130ndiy\u0259d\u0259k d\u00f6vl\u0259td\u0259n bir manat g\u0259lirim olmay\u0131b - MEYDAN.TV","og_description":"\u201cBu d\u00f6vl\u0259t m\u0259n\u0259 n\u0259 verib ki, o\u011flumu da t\u0259l\u0259b ed\u0259?\u201d","og_url":"https:\/\/www.meydan.tv\/az\/article\/imisli-sakini-indiyedek-dovletden-bir-manat-gelirim-olmayib\/","og_site_name":"MEYDAN.TV","article_published_time":"2020-07-23T15:01:53+00:00","og_image":[{"width":1280,"height":720,"url":"https:\/\/www.meydan.tv\/wp-content\/uploads\/untitled_design_-_2020-07-23t150028.107.jpg","type":"image\/jpeg"}],"author":"user-manager","twitter_card":"summary_large_image","schema":{"@context":"https:\/\/schema.org","@graph":[{"@type":"Article","@id":"https:\/\/www.meydan.tv\/az\/article\/imisli-sakini-indiyedek-dovletden-bir-manat-gelirim-olmayib\/#article","isPartOf":{"@id":"https:\/\/www.meydan.tv\/az\/article\/imisli-sakini-indiyedek-dovletden-bir-manat-gelirim-olmayib\/"},"author":{"name":"user-manager","@id":"https:\/\/www.meydan.tv\/az\/#\/schema\/person\/10d11eccf6da3662cf5fdab9806ea91a"},"headline":"\u0130mi\u015fli sakini: \u0130ndiy\u0259d\u0259k d\u00f6vl\u0259td\u0259n bir manat g\u0259lirim olmay\u0131b","datePublished":"2020-07-23T15:01:53+00:00","mainEntityOfPage":{"@id":"https:\/\/www.meydan.tv\/az\/article\/imisli-sakini-indiyedek-dovletden-bir-manat-gelirim-olmayib\/"},"wordCount":1292,"publisher":{"@id":"https:\/\/www.meydan.tv\/az\/#organization"},"image":{"@id":"https:\/\/www.meydan.tv\/az\/article\/imisli-sakini-indiyedek-dovletden-bir-manat-gelirim-olmayib\/#primaryimage"},"thumbnailUrl":"https:\/\/www.meydan.tv\/wp-content\/uploads\/untitled_design_-_2020-07-23t150028.107.jpg","articleSection":["B\u00f6lg\u0259"],"inLanguage":"az"},{"@type":"WebPage","@id":"https:\/\/www.meydan.tv\/az\/article\/imisli-sakini-indiyedek-dovletden-bir-manat-gelirim-olmayib\/","url":"https:\/\/www.meydan.tv\/az\/article\/imisli-sakini-indiyedek-dovletden-bir-manat-gelirim-olmayib\/","name":"\u0130mi\u015fli sakini: \u0130ndiy\u0259d\u0259k d\u00f6vl\u0259td\u0259n bir manat g\u0259lirim olmay\u0131b - MEYDAN.TV","isPartOf":{"@id":"https:\/\/www.meydan.tv\/az\/#website"},"primaryImageOfPage":{"@id":"https:\/\/www.meydan.tv\/az\/article\/imisli-sakini-indiyedek-dovletden-bir-manat-gelirim-olmayib\/#primaryimage"},"image":{"@id":"https:\/\/www.meydan.tv\/az\/article\/imisli-sakini-indiyedek-dovletden-bir-manat-gelirim-olmayib\/#primaryimage"},"thumbnailUrl":"https:\/\/www.meydan.tv\/wp-content\/uploads\/untitled_design_-_2020-07-23t150028.107.jpg","datePublished":"2020-07-23T15:01:53+00:00","breadcrumb":{"@id":"https:\/\/www.meydan.tv\/az\/article\/imisli-sakini-indiyedek-dovletden-bir-manat-gelirim-olmayib\/#breadcrumb"},"inLanguage":"az","potentialAction":[{"@type":"ReadAction","target":["https:\/\/www.meydan.tv\/az\/article\/imisli-sakini-indiyedek-dovletden-bir-manat-gelirim-olmayib\/"]}]},{"@type":"ImageObject","inLanguage":"az","@id":"https:\/\/www.meydan.tv\/az\/article\/imisli-sakini-indiyedek-dovletden-bir-manat-gelirim-olmayib\/#primaryimage","url":"https:\/\/www.meydan.tv\/wp-content\/uploads\/untitled_design_-_2020-07-23t150028.107.jpg","contentUrl":"https:\/\/www.meydan.tv\/wp-content\/uploads\/untitled_design_-_2020-07-23t150028.107.jpg","width":1280,"height":720,"caption":"Source: Meydan TV"},{"@type":"BreadcrumbList","@id":"https:\/\/www.meydan.tv\/az\/article\/imisli-sakini-indiyedek-dovletden-bir-manat-gelirim-olmayib\/#breadcrumb","itemListElement":[{"@type":"ListItem","position":1,"name":"Ana s\u0259hif\u0259","item":"https:\/\/www.meydan.tv\/az\/"},{"@type":"ListItem","position":2,"name":"B\u00f6lg\u0259","item":"https:\/\/www.meydan.tv\/az\/section\/bolge\/"},{"@type":"ListItem","position":3,"name":"\u0130mi\u015fli sakini: \u0130ndiy\u0259d\u0259k d\u00f6vl\u0259td\u0259n bir manat g\u0259lirim olmay\u0131b"}]},{"@type":"WebSite","@id":"https:\/\/www.meydan.tv\/az\/#website","url":"https:\/\/www.meydan.tv\/az\/","name":"MEYDAN.TV","description":"Meydan TV Az\u0259rbaycan\u0131n media m\u0259kan\u0131ndak\u0131 alternativ s\u0259sidir","publisher":{"@id":"https:\/\/www.meydan.tv\/az\/#organization"},"potentialAction":[{"@type":"SearchAction","target":{"@type":"EntryPoint","urlTemplate":"https:\/\/www.meydan.tv\/az\/?s={search_term_string}"},"query-input":{"@type":"PropertyValueSpecification","valueRequired":true,"valueName":"search_term_string"}}],"inLanguage":"az"},{"@type":"Organization","@id":"https:\/\/www.meydan.tv\/az\/#organization","name":"Meydan TV","url":"https:\/\/www.meydan.tv\/az\/","logo":{"@type":"ImageObject","inLanguage":"az","@id":"https:\/\/www.meydan.tv\/az\/#\/schema\/logo\/image\/","url":"https:\/\/www.meydan.tv\/wp-content\/uploads\/2021\/07\/meydan-logo.svg","contentUrl":"https:\/\/www.meydan.tv\/wp-content\/uploads\/2021\/07\/meydan-logo.svg","width":195,"height":46,"caption":"Meydan TV"},"image":{"@id":"https:\/\/www.meydan.tv\/az\/#\/schema\/logo\/image\/"}},{"@type":"Person","@id":"https:\/\/www.meydan.tv\/az\/#\/schema\/person\/10d11eccf6da3662cf5fdab9806ea91a","name":"user-manager"}]}},"_links":{"self":[{"href":"https:\/\/www.meydan.tv\/az\/wp-json\/wp\/v2\/posts\/201605","targetHints":{"allow":["GET"]}}],"collection":[{"href":"https:\/\/www.meydan.tv\/az\/wp-json\/wp\/v2\/posts"}],"about":[{"href":"https:\/\/www.meydan.tv\/az\/wp-json\/wp\/v2\/types\/post"}],"author":[{"embeddable":true,"href":"https:\/\/www.meydan.tv\/az\/wp-json\/wp\/v2\/users\/11"}],"replies":[{"embeddable":true,"href":"https:\/\/www.meydan.tv\/az\/wp-json\/wp\/v2\/comments?post=201605"}],"version-history":[{"count":0,"href":"https:\/\/www.meydan.tv\/az\/wp-json\/wp\/v2\/posts\/201605\/revisions"}],"wp:featuredmedia":[{"embeddable":true,"href":"https:\/\/www.meydan.tv\/az\/wp-json\/wp\/v2\/media\/144938"}],"wp:attachment":[{"href":"https:\/\/www.meydan.tv\/az\/wp-json\/wp\/v2\/media?parent=201605"}],"wp:term":[{"taxonomy":"category","embeddable":true,"href":"https:\/\/www.meydan.tv\/az\/wp-json\/wp\/v2\/categories?post=201605"},{"taxonomy":"post_tag","embeddable":true,"href":"https:\/\/www.meydan.tv\/az\/wp-json\/wp\/v2\/tags?post=201605"}],"curies":[{"name":"wp","href":"https:\/\/api.w.org\/{rel}","templated":true}]}}