{"id":201557,"date":"2020-07-21T14:24:52","date_gmt":"2020-07-21T14:24:52","guid":{"rendered":"https:\/\/www.meydan.tv\/article\/bas-hekim-atami-serleyib\/"},"modified":"2020-07-21T14:24:52","modified_gmt":"2020-07-21T14:24:52","slug":"bas-hekim-atami-serleyib","status":"publish","type":"post","link":"https:\/\/www.meydan.tv\/az\/article\/bas-hekim-atami-serleyib\/","title":{"rendered":"\u201cBa\u015f h\u0259kim atam\u0131 \u015f\u0259rl\u0259yib\u201d"},"content":{"rendered":"<p>\n  <i><br \/>\n    Bil\u0259suvar sakini Mahir H\u00fcseynovun ail\u0259si onun azadl\u0131\u011fa burax\u0131lmas\u0131n\u0131 t\u0259l\u0259b edir<br \/>\n  <\/i>\n<\/p>\n<p>\n  \u201cAtam ora bibim o\u011fluna g\u00f6r\u0259 gedib. Ba\u015f h\u0259kim onu \u00f6z i\u015f ota\u011f\u0131nda, ham\u0131n\u0131n g\u00f6z\u00fc qar\u015f\u0131s\u0131nda t\u0259hqir edib, sonra da polis \u00e7a\u011f\u0131r\u0131b, \u015f\u0259rl\u0259yib\u201d.\n<\/p>\n<p>\n  Bunu Meydan TV-y\u0259 Bil\u0259suvar\u0131n A\u011fayr\u0131 k\u0259nd sakini T\u00fcrkan\u0259 H\u00fcseynova deyir. Onun s\u00f6zl\u0259rin\u0259 g\u00f6r\u0259, iyulun 1-d\u0259 Bil\u0259suvar Rayon M\u0259rk\u0259zi X\u0259st\u0259xanas\u0131na ged\u0259n atas\u0131 Mahir H\u00fcseynovla x\u0259st\u0259xanan\u0131n ba\u015f h\u0259kimi aras\u0131nda m\u00fcbahis\u0259 d\u00fc\u015f\u00fcb, ba\u015f h\u0259kim polis\u0259 m\u00fcraci\u0259t edib. Bir ne\u00e7\u0259 g\u00fcn sonra is\u0259 atas\u0131 bar\u0259d\u0259 h\u0259bs-q\u0259timkan t\u0259dbiri se\u00e7ilib.\n<\/p>\n<p>\n  T\u00fcrkan\u0259 H\u00fcseynova dan\u0131\u015f\u0131r ki, atas\u0131 el\u0259 h\u0259min k\u0259ndd\u0259 ki\u00e7ik bir kafe i\u015fl\u0259dir. Kafenin yax\u0131nl\u0131\u011f\u0131nda is\u0259 yax\u0131n qohumu Elvin H\u00fcseynli onun qoyunlar\u0131n\u0131 saxlay\u0131rm\u0131\u015f. H\u0259min g\u00fcn rayon polis \u015f\u00f6b\u0259sinin i\u015f\u00e7il\u0259ri g\u0259l\u0259r\u0259k Elvini \u015f\u00f6b\u0259y\u0259, oradansa m\u0259rk\u0259zi x\u0259st\u0259xanaya apar\u0131blar. Bundan x\u0259b\u0259r tutan Mahir H\u00fcseynov da m\u0259s\u0259l\u0259ni ayd\u0131nla\u015fd\u0131rmaq \u00fc\u00e7\u00fcn x\u0259st\u0259xanaya gedib. Ancaq ba\u015f h\u0259kim Xo\u015fb\u0259xt A\u011fayevan\u0131n i\u015f ota\u011f\u0131nda m\u00fcbahis\u0259 d\u00fc\u015f\u00fcb. Xo\u015fb\u0259xt A\u011fayeva polis\u0259 m\u00fcraci\u0259t ed\u0259r\u0259k v\u0259t\u0259nda\u015f t\u0259r\u0259find\u0259n x\u0259sar\u0259t ald\u0131\u011f\u0131n\u0131 bildirib.\n<\/p>\n<p>\n  <b><br \/>\n    \u201cM\u0259s\u0259l\u0259ni ayd\u0131nla\u015fd\u0131rmaq \u00fc\u00e7\u00fcn x\u0259st\u0259xanaya gedib\u201d<br \/>\n  <\/b>\n<\/p>\n<p>\n  \u201cAtam kafey\u0259 ged\u0259nd\u0259 g\u00f6r\u00fcb ki, bibim o\u011flu Elvin orda yoxdur, ona tap\u015f\u0131r\u0131lan qoyunlar da yoxa \u00e7\u0131x\u0131b. Atama x\u0259b\u0259r g\u0259lib ki, polisl\u0259r Elvini x\u0259st\u0259xanaya g\u00f6t\u00fcr\u00fcbl\u0259r. O da x\u0259st\u0259xanaya yollan\u0131b, g\u00f6r\u00fcb ki, Elvini \u0259li-qolu qandall\u0131, x\u0259st\u0259xanan\u0131n h\u0259y\u0259tind\u0259 skamyada oturdublar. Atama bildiribl\u0259r ki, Elvind\u0259 virus var, ona g\u00f6r\u0259 bura g\u0259tiribl\u0259r. Atam onun qolundak\u0131 qandallara etiraz edib, ba\u015f h\u0259kimin yan\u0131na gedib, soru\u015fub ki, harda g\u00f6r\u00fcl\u00fcb ki, v\u0259t\u0259nda\u015f\u0131n qollar\u0131n\u0131 arxas\u0131na qandallay\u0131b virusunu yoxlama\u011fa g\u0259tirsinl\u0259r? Ba\u015f h\u0259kimin h\u0259yat yolda\u015f\u0131 onun i\u015f ota\u011f\u0131na g\u0259lib \u00e7\u0131x\u0131b, atam\u0131 h\u0259d\u0259l\u0259yib, bel\u0259c\u0259, birl\u0259\u015fib, atam\u0131 \u015f\u0259rl\u0259yibl\u0259r\u201d.\n<\/p>\n<p>\n  <b><br \/>\n    \u201cQollar\u0131m\u0131 arxadan qandallay\u0131b x\u0259st\u0259xanaya apard\u0131lar\u201d<br \/>\n  <\/b>\n<\/p>\n<p>\n  Elvin H\u00fcseynli m\u0259hkumdur, elektron qolbaq vasit\u0259sil\u0259 n\u0259zar\u0259td\u0259 saxlan\u0131l\u0131r. O, \u00f6z\u00fc d\u0259 Meydan TV-y\u0259 dan\u0131\u015f\u0131b:\n<\/p>\n<p>\n  \u201cDay\u0131m\u0131n qoyunlar\u0131n\u0131 otarark\u0259n \u00fc\u00e7 polis i\u015f\u00e7isi yax\u0131nla\u015fd\u0131. Dedil\u0259r, \u015f\u00f6b\u0259y\u0259 gedib, qol \u00e7\u0259kib, qaydacaqsan. Dedim, qoyunlar\u0131 t\u00f6vl\u0259y\u0259 yerl\u0259\u015fdirim, ged\u0259k. \u0130mkan verm\u0259dil\u0259r, qoyunlar\u0131n yar\u0131s\u0131 t\u00f6vl\u0259d\u0259 qald\u0131, yar\u0131s\u0131 \u00e7\u00f6ld\u0259. M\u0259ni \u015f\u00f6b\u0259y\u0259 apard\u0131lar, sonra da t\u0259cili yard\u0131m ma\u015f\u0131n\u0131 \u00e7a\u011f\u0131rd\u0131lar, h\u0259kiml\u0259r q\u0131zd\u0131rmam\u0131 yoxlad\u0131, dedil\u0259r, s\u0259nd\u0259 koronavirus var, apard\u0131lar x\u0259st\u0259xanaya, q\u0131zd\u0131rmam\u0131 \u00f6l\u00e7d\u00fcl\u0259r, 37.5 idi, m\u0259n onlara bildirdim ki, m\u0259nd\u0259 q\u0131zd\u0131rma olmay\u0131b, polisl\u0259r q\u0259fil g\u0259lib m\u0259ni \u015f\u00f6b\u0259y\u0259 apard\u0131lar, qoyun-quzu \u00e7\u00f6ld\u0259 qald\u0131 dey\u0259, h\u0259y\u0259candan h\u0259rar\u0259tim qalxd\u0131. M\u0259ni qollar\u0131 qandall\u0131 orada saxlad\u0131lar, day\u0131m g\u0259ldi, v\u0259ziyy\u0259timi g\u00f6rd\u00fc, dedi, lap bu adam x\u0259st\u0259dirs\u0259, x\u0259st\u0259ni d\u0259 qollar\u0131 arxas\u0131na qandallanm\u0131\u015f v\u0259ziyy\u0259td\u0259 saxlayarlar? \u00c7\u0131xd\u0131 ba\u015f h\u0259kimin ota\u011f\u0131na, sonra n\u0259 ba\u015f verdi, bilmir\u0259m. M\u0259ni x\u0259st\u0259xanadan buraxd\u0131lar dey\u0259, gerisind\u0259n x\u0259b\u0259rim olmad\u0131. X\u0259st\u0259xanadan qay\u0131danda x\u0259b\u0259r tutdum ki, day\u0131m\u0131n m\u0259n\u0259 tap\u015f\u0131rd\u0131\u011f\u0131 qoyunlar polisl\u0259r m\u0259ni apard\u0131\u011f\u0131na g\u00f6r\u0259 \u00e7\u00f6ld\u0259 n\u0259zar\u0259tsiz qal\u0131b v\u0259 o\u011furlan\u0131b\u201d.\n<\/p>\n<p>\n  <b><br \/>\n    H\u0259bs q\u0259timkan t\u0259dbiri se\u00e7ilib<br \/>\n  <\/b>\n<\/p>\n<p>\n  Bil\u0259suvar Polis \u015e\u00f6b\u0259sind\u0259n bildirilib ki, Bil\u0259suvar rayon M\u0259rk\u0259zi X\u0259st\u0259xanas\u0131n\u0131n ba\u015f h\u0259kiminin \u015fikay\u0259ti ara\u015fd\u0131r\u0131l\u0131b v\u0259 Mahir H\u00fcseynov iyulun 11-d\u0259 \u015f\u00fcbh\u0259li \u015f\u0259xs qismind\u0259 saxlan\u0131l\u0131b. \u0130yulun 13-d\u0259 ona ittiham elan olunub v\u0259 Bil\u0259suvar Rayon M\u0259hk\u0259m\u0259si bar\u0259sind\u0259 3 ayl\u0131q h\u0259bs-q\u0259timkan t\u0259dbiri se\u00e7ib. Mahir H\u00fcseynov Cinay\u0259t M\u0259c\u0259ll\u0259sinin 221.3-c\u00fc (silahdan v\u0259 ya silah qismind\u0259 \u0259\u015fyadan istifad\u0259 etm\u0259kl\u0259 xuliqanl\u0131q) madd\u0259si il\u0259 t\u0259qsirl\u0259ndirilir. H\u0259bs-q\u0259timkan t\u0259dbiri bar\u0259d\u0259 q\u0259rarda qeyd olunub ki, Mahir H\u00fcseynov iyulun 1-d\u0259 g\u00fcnorta saat 4 rad\u0259l\u0259rind\u0259 Bil\u0259suvar Rayon M\u0259rk\u0259zi X\u0259st\u0259xanas\u0131n\u0131n ba\u015f h\u0259kimi Xo\u015fb\u0259xt A\u011fayevan\u0131n i\u015f ota\u011f\u0131nda orada olan \u0259m\u0259kda\u015flar\u0131n g\u00f6z\u00fc qar\u015f\u0131s\u0131nda he\u00e7 bir \u0259sasl\u0131 s\u0259b\u0259b olmadan onu t\u0259hqir edib, silah qismind\u0259 istifad\u0259 etdiyi mobil telefonla ba\u015f h\u0259kimin \u00fcz\u00fcn\u0259, ba\u015f\u0131na vuraraq onu yer\u0259 y\u0131x\u0131b.\n<\/p>\n<p>\n  Ail\u0259 \u00fczvl\u0259ri is\u0259 iddia edir ki, Mahir H\u00fcseynova \u015f\u0259r at\u0131l\u0131b v\u0259 \u0259ksin\u0259, ba\u015f h\u0259kiml\u0259 h\u0259yat yolda\u015f\u0131 Mahir H\u00fcseynovu h\u0259d\u0259l\u0259yibl\u0259r.\n<\/p>\n<p>\n  <b><br \/>\n    H\u0259bsd\u0259n \u0259vv\u0259l prezident\u0259 videom\u00fcraci\u0259tl\u0259r edib<br \/>\n  <\/b>\n<\/p>\n<p>\n  Mahir H\u00fcseynov h\u0259l\u0259 iyulun \u0259vv\u0259li \u2013 ay\u0131n 1, 2 v\u0259 3-d\u0259 &#8211; y\u0259ni ba\u015f h\u0259kiml\u0259 aralar\u0131nda ba\u015f vermi\u015f hadis\u0259d\u0259n sonra \u201cYoutube\u201d kanal\u0131 vasit\u0259sil\u0259 Prezident \u0130lham \u018fliyev\u0259 bir ne\u00e7\u0259 d\u0259f\u0259 videom\u00fcraci\u0259t edib. O, h\u0259min m\u00fcraci\u0259tl\u0259rind\u0259 YAP \u00fczv\u00fc oldu\u011funu, prezidenti se\u00e7kil\u0259rd\u0259 d\u0259st\u0259kl\u0259diyini, ancaq Bil\u0259suvarda m\u0259mur \u00f6zba\u015f\u0131nal\u0131\u011f\u0131n\u0131n ba\u015f al\u0131b getdiyini s\u00f6yl\u0259yir, prezidentd\u0259n k\u00f6m\u0259k ist\u0259yir. Mahir H\u00fcseynovun ail\u0259 \u00fczvl\u0259ri deyir, onun h\u0259bsin\u0259 h\u0259m d\u0259 bu videom\u00fcraci\u0259tl\u0259ri s\u0259b\u0259b olub.<\/p>\n","protected":false},"excerpt":{"rendered":"<p>Ail\u0259 \u00fczvl\u0259ri is\u0259 iddia edir ki, Mahir H\u00fcseynova \u015f\u0259r at\u0131l\u0131b v\u0259 \u0259ksin\u0259, ba\u015f h\u0259kiml\u0259 h\u0259yat yolda\u015f\u0131 Mahir H\u00fcseynovu h\u0259d\u0259l\u0259yibl\u0259r.<\/p>\n","protected":false},"author":11,"featured_media":144839,"comment_status":"closed","ping_status":"open","sticky":false,"template":"","format":"standard","meta":{"_acf_changed":false,"_sitemap_exclude":false,"_sitemap_priority":"","_sitemap_frequency":"","footnotes":""},"categories":[60],"tags":[],"class_list":["post-201557","post","type-post","status-publish","format-standard","has-post-thumbnail","hentry","category-bolge","infinite-scroll-item","generate-columns","tablet-grid-50","mobile-grid-100","grid-parent","grid-33","no-featured-image-padding"],"acf":[],"yoast_head":"<!-- This site is optimized with the Yoast SEO plugin v27.5 - https:\/\/yoast.com\/product\/yoast-seo-wordpress\/ -->\n<title>\u201cBa\u015f h\u0259kim atam\u0131 \u015f\u0259rl\u0259yib\u201d - MEYDAN.TV<\/title>\n<meta name=\"robots\" content=\"index, follow, max-snippet:-1, max-image-preview:large, max-video-preview:-1\" \/>\n<link rel=\"canonical\" href=\"https:\/\/www.meydan.tv\/az\/article\/bas-hekim-atami-serleyib\/\" \/>\n<meta property=\"og:locale\" content=\"az_AZ\" \/>\n<meta property=\"og:type\" content=\"article\" \/>\n<meta property=\"og:title\" content=\"\u201cBa\u015f h\u0259kim atam\u0131 \u015f\u0259rl\u0259yib\u201d - MEYDAN.TV\" \/>\n<meta property=\"og:description\" content=\"Ail\u0259 \u00fczvl\u0259ri is\u0259 iddia edir ki, Mahir H\u00fcseynova \u015f\u0259r at\u0131l\u0131b v\u0259 \u0259ksin\u0259, ba\u015f h\u0259kiml\u0259 h\u0259yat yolda\u015f\u0131 Mahir H\u00fcseynovu h\u0259d\u0259l\u0259yibl\u0259r.\" \/>\n<meta property=\"og:url\" content=\"https:\/\/www.meydan.tv\/az\/article\/bas-hekim-atami-serleyib\/\" \/>\n<meta property=\"og:site_name\" content=\"MEYDAN.TV\" \/>\n<meta property=\"article:published_time\" content=\"2020-07-21T14:24:52+00:00\" \/>\n<meta property=\"og:image\" content=\"https:\/\/www.meydan.tv\/wp-content\/uploads\/untitled9_ppq9o6c.png\" \/>\n\t<meta property=\"og:image:width\" content=\"1000\" \/>\n\t<meta property=\"og:image:height\" content=\"555\" \/>\n\t<meta property=\"og:image:type\" content=\"image\/png\" \/>\n<meta name=\"author\" content=\"user-manager\" \/>\n<meta name=\"twitter:card\" content=\"summary_large_image\" \/>\n<script type=\"application\/ld+json\" class=\"yoast-schema-graph\">{\"@context\":\"https:\\\/\\\/schema.org\",\"@graph\":[{\"@type\":\"Article\",\"@id\":\"https:\\\/\\\/www.meydan.tv\\\/az\\\/article\\\/bas-hekim-atami-serleyib\\\/#article\",\"isPartOf\":{\"@id\":\"https:\\\/\\\/www.meydan.tv\\\/az\\\/article\\\/bas-hekim-atami-serleyib\\\/\"},\"author\":{\"name\":\"user-manager\",\"@id\":\"https:\\\/\\\/www.meydan.tv\\\/az\\\/#\\\/schema\\\/person\\\/10d11eccf6da3662cf5fdab9806ea91a\"},\"headline\":\"\u201cBa\u015f h\u0259kim atam\u0131 \u015f\u0259rl\u0259yib\u201d\",\"datePublished\":\"2020-07-21T14:24:52+00:00\",\"mainEntityOfPage\":{\"@id\":\"https:\\\/\\\/www.meydan.tv\\\/az\\\/article\\\/bas-hekim-atami-serleyib\\\/\"},\"wordCount\":1005,\"publisher\":{\"@id\":\"https:\\\/\\\/www.meydan.tv\\\/az\\\/#organization\"},\"image\":{\"@id\":\"https:\\\/\\\/www.meydan.tv\\\/az\\\/article\\\/bas-hekim-atami-serleyib\\\/#primaryimage\"},\"thumbnailUrl\":\"https:\\\/\\\/www.meydan.tv\\\/wp-content\\\/uploads\\\/untitled9_ppq9o6c.png\",\"articleSection\":[\"B\u00f6lg\u0259\"],\"inLanguage\":\"az\"},{\"@type\":\"WebPage\",\"@id\":\"https:\\\/\\\/www.meydan.tv\\\/az\\\/article\\\/bas-hekim-atami-serleyib\\\/\",\"url\":\"https:\\\/\\\/www.meydan.tv\\\/az\\\/article\\\/bas-hekim-atami-serleyib\\\/\",\"name\":\"\u201cBa\u015f h\u0259kim atam\u0131 \u015f\u0259rl\u0259yib\u201d - MEYDAN.TV\",\"isPartOf\":{\"@id\":\"https:\\\/\\\/www.meydan.tv\\\/az\\\/#website\"},\"primaryImageOfPage\":{\"@id\":\"https:\\\/\\\/www.meydan.tv\\\/az\\\/article\\\/bas-hekim-atami-serleyib\\\/#primaryimage\"},\"image\":{\"@id\":\"https:\\\/\\\/www.meydan.tv\\\/az\\\/article\\\/bas-hekim-atami-serleyib\\\/#primaryimage\"},\"thumbnailUrl\":\"https:\\\/\\\/www.meydan.tv\\\/wp-content\\\/uploads\\\/untitled9_ppq9o6c.png\",\"datePublished\":\"2020-07-21T14:24:52+00:00\",\"breadcrumb\":{\"@id\":\"https:\\\/\\\/www.meydan.tv\\\/az\\\/article\\\/bas-hekim-atami-serleyib\\\/#breadcrumb\"},\"inLanguage\":\"az\",\"potentialAction\":[{\"@type\":\"ReadAction\",\"target\":[\"https:\\\/\\\/www.meydan.tv\\\/az\\\/article\\\/bas-hekim-atami-serleyib\\\/\"]}]},{\"@type\":\"ImageObject\",\"inLanguage\":\"az\",\"@id\":\"https:\\\/\\\/www.meydan.tv\\\/az\\\/article\\\/bas-hekim-atami-serleyib\\\/#primaryimage\",\"url\":\"https:\\\/\\\/www.meydan.tv\\\/wp-content\\\/uploads\\\/untitled9_ppq9o6c.png\",\"contentUrl\":\"https:\\\/\\\/www.meydan.tv\\\/wp-content\\\/uploads\\\/untitled9_ppq9o6c.png\",\"width\":1000,\"height\":555,\"caption\":\"Source: Specify Source\"},{\"@type\":\"BreadcrumbList\",\"@id\":\"https:\\\/\\\/www.meydan.tv\\\/az\\\/article\\\/bas-hekim-atami-serleyib\\\/#breadcrumb\",\"itemListElement\":[{\"@type\":\"ListItem\",\"position\":1,\"name\":\"Ana s\u0259hif\u0259\",\"item\":\"https:\\\/\\\/www.meydan.tv\\\/az\\\/\"},{\"@type\":\"ListItem\",\"position\":2,\"name\":\"B\u00f6lg\u0259\",\"item\":\"https:\\\/\\\/www.meydan.tv\\\/az\\\/section\\\/bolge\\\/\"},{\"@type\":\"ListItem\",\"position\":3,\"name\":\"\u201cBa\u015f h\u0259kim atam\u0131 \u015f\u0259rl\u0259yib\u201d\"}]},{\"@type\":\"WebSite\",\"@id\":\"https:\\\/\\\/www.meydan.tv\\\/az\\\/#website\",\"url\":\"https:\\\/\\\/www.meydan.tv\\\/az\\\/\",\"name\":\"MEYDAN.TV\",\"description\":\"Meydan TV Az\u0259rbaycan\u0131n media m\u0259kan\u0131ndak\u0131 alternativ s\u0259sidir\",\"publisher\":{\"@id\":\"https:\\\/\\\/www.meydan.tv\\\/az\\\/#organization\"},\"potentialAction\":[{\"@type\":\"SearchAction\",\"target\":{\"@type\":\"EntryPoint\",\"urlTemplate\":\"https:\\\/\\\/www.meydan.tv\\\/az\\\/?s={search_term_string}\"},\"query-input\":{\"@type\":\"PropertyValueSpecification\",\"valueRequired\":true,\"valueName\":\"search_term_string\"}}],\"inLanguage\":\"az\"},{\"@type\":\"Organization\",\"@id\":\"https:\\\/\\\/www.meydan.tv\\\/az\\\/#organization\",\"name\":\"Meydan TV\",\"url\":\"https:\\\/\\\/www.meydan.tv\\\/az\\\/\",\"logo\":{\"@type\":\"ImageObject\",\"inLanguage\":\"az\",\"@id\":\"https:\\\/\\\/www.meydan.tv\\\/az\\\/#\\\/schema\\\/logo\\\/image\\\/\",\"url\":\"https:\\\/\\\/www.meydan.tv\\\/wp-content\\\/uploads\\\/2021\\\/07\\\/meydan-logo.svg\",\"contentUrl\":\"https:\\\/\\\/www.meydan.tv\\\/wp-content\\\/uploads\\\/2021\\\/07\\\/meydan-logo.svg\",\"width\":195,\"height\":46,\"caption\":\"Meydan TV\"},\"image\":{\"@id\":\"https:\\\/\\\/www.meydan.tv\\\/az\\\/#\\\/schema\\\/logo\\\/image\\\/\"}},{\"@type\":\"Person\",\"@id\":\"https:\\\/\\\/www.meydan.tv\\\/az\\\/#\\\/schema\\\/person\\\/10d11eccf6da3662cf5fdab9806ea91a\",\"name\":\"user-manager\"}]}<\/script>\n<!-- \/ Yoast SEO plugin. -->","yoast_head_json":{"title":"\u201cBa\u015f h\u0259kim atam\u0131 \u015f\u0259rl\u0259yib\u201d - MEYDAN.TV","robots":{"index":"index","follow":"follow","max-snippet":"max-snippet:-1","max-image-preview":"max-image-preview:large","max-video-preview":"max-video-preview:-1"},"canonical":"https:\/\/www.meydan.tv\/az\/article\/bas-hekim-atami-serleyib\/","og_locale":"az_AZ","og_type":"article","og_title":"\u201cBa\u015f h\u0259kim atam\u0131 \u015f\u0259rl\u0259yib\u201d - MEYDAN.TV","og_description":"Ail\u0259 \u00fczvl\u0259ri is\u0259 iddia edir ki, Mahir H\u00fcseynova \u015f\u0259r at\u0131l\u0131b v\u0259 \u0259ksin\u0259, ba\u015f h\u0259kiml\u0259 h\u0259yat yolda\u015f\u0131 Mahir H\u00fcseynovu h\u0259d\u0259l\u0259yibl\u0259r.","og_url":"https:\/\/www.meydan.tv\/az\/article\/bas-hekim-atami-serleyib\/","og_site_name":"MEYDAN.TV","article_published_time":"2020-07-21T14:24:52+00:00","og_image":[{"width":1000,"height":555,"url":"https:\/\/www.meydan.tv\/wp-content\/uploads\/untitled9_ppq9o6c.png","type":"image\/png"}],"author":"user-manager","twitter_card":"summary_large_image","schema":{"@context":"https:\/\/schema.org","@graph":[{"@type":"Article","@id":"https:\/\/www.meydan.tv\/az\/article\/bas-hekim-atami-serleyib\/#article","isPartOf":{"@id":"https:\/\/www.meydan.tv\/az\/article\/bas-hekim-atami-serleyib\/"},"author":{"name":"user-manager","@id":"https:\/\/www.meydan.tv\/az\/#\/schema\/person\/10d11eccf6da3662cf5fdab9806ea91a"},"headline":"\u201cBa\u015f h\u0259kim atam\u0131 \u015f\u0259rl\u0259yib\u201d","datePublished":"2020-07-21T14:24:52+00:00","mainEntityOfPage":{"@id":"https:\/\/www.meydan.tv\/az\/article\/bas-hekim-atami-serleyib\/"},"wordCount":1005,"publisher":{"@id":"https:\/\/www.meydan.tv\/az\/#organization"},"image":{"@id":"https:\/\/www.meydan.tv\/az\/article\/bas-hekim-atami-serleyib\/#primaryimage"},"thumbnailUrl":"https:\/\/www.meydan.tv\/wp-content\/uploads\/untitled9_ppq9o6c.png","articleSection":["B\u00f6lg\u0259"],"inLanguage":"az"},{"@type":"WebPage","@id":"https:\/\/www.meydan.tv\/az\/article\/bas-hekim-atami-serleyib\/","url":"https:\/\/www.meydan.tv\/az\/article\/bas-hekim-atami-serleyib\/","name":"\u201cBa\u015f h\u0259kim atam\u0131 \u015f\u0259rl\u0259yib\u201d - MEYDAN.TV","isPartOf":{"@id":"https:\/\/www.meydan.tv\/az\/#website"},"primaryImageOfPage":{"@id":"https:\/\/www.meydan.tv\/az\/article\/bas-hekim-atami-serleyib\/#primaryimage"},"image":{"@id":"https:\/\/www.meydan.tv\/az\/article\/bas-hekim-atami-serleyib\/#primaryimage"},"thumbnailUrl":"https:\/\/www.meydan.tv\/wp-content\/uploads\/untitled9_ppq9o6c.png","datePublished":"2020-07-21T14:24:52+00:00","breadcrumb":{"@id":"https:\/\/www.meydan.tv\/az\/article\/bas-hekim-atami-serleyib\/#breadcrumb"},"inLanguage":"az","potentialAction":[{"@type":"ReadAction","target":["https:\/\/www.meydan.tv\/az\/article\/bas-hekim-atami-serleyib\/"]}]},{"@type":"ImageObject","inLanguage":"az","@id":"https:\/\/www.meydan.tv\/az\/article\/bas-hekim-atami-serleyib\/#primaryimage","url":"https:\/\/www.meydan.tv\/wp-content\/uploads\/untitled9_ppq9o6c.png","contentUrl":"https:\/\/www.meydan.tv\/wp-content\/uploads\/untitled9_ppq9o6c.png","width":1000,"height":555,"caption":"Source: Specify Source"},{"@type":"BreadcrumbList","@id":"https:\/\/www.meydan.tv\/az\/article\/bas-hekim-atami-serleyib\/#breadcrumb","itemListElement":[{"@type":"ListItem","position":1,"name":"Ana s\u0259hif\u0259","item":"https:\/\/www.meydan.tv\/az\/"},{"@type":"ListItem","position":2,"name":"B\u00f6lg\u0259","item":"https:\/\/www.meydan.tv\/az\/section\/bolge\/"},{"@type":"ListItem","position":3,"name":"\u201cBa\u015f h\u0259kim atam\u0131 \u015f\u0259rl\u0259yib\u201d"}]},{"@type":"WebSite","@id":"https:\/\/www.meydan.tv\/az\/#website","url":"https:\/\/www.meydan.tv\/az\/","name":"MEYDAN.TV","description":"Meydan TV Az\u0259rbaycan\u0131n media m\u0259kan\u0131ndak\u0131 alternativ s\u0259sidir","publisher":{"@id":"https:\/\/www.meydan.tv\/az\/#organization"},"potentialAction":[{"@type":"SearchAction","target":{"@type":"EntryPoint","urlTemplate":"https:\/\/www.meydan.tv\/az\/?s={search_term_string}"},"query-input":{"@type":"PropertyValueSpecification","valueRequired":true,"valueName":"search_term_string"}}],"inLanguage":"az"},{"@type":"Organization","@id":"https:\/\/www.meydan.tv\/az\/#organization","name":"Meydan TV","url":"https:\/\/www.meydan.tv\/az\/","logo":{"@type":"ImageObject","inLanguage":"az","@id":"https:\/\/www.meydan.tv\/az\/#\/schema\/logo\/image\/","url":"https:\/\/www.meydan.tv\/wp-content\/uploads\/2021\/07\/meydan-logo.svg","contentUrl":"https:\/\/www.meydan.tv\/wp-content\/uploads\/2021\/07\/meydan-logo.svg","width":195,"height":46,"caption":"Meydan TV"},"image":{"@id":"https:\/\/www.meydan.tv\/az\/#\/schema\/logo\/image\/"}},{"@type":"Person","@id":"https:\/\/www.meydan.tv\/az\/#\/schema\/person\/10d11eccf6da3662cf5fdab9806ea91a","name":"user-manager"}]}},"_links":{"self":[{"href":"https:\/\/www.meydan.tv\/az\/wp-json\/wp\/v2\/posts\/201557","targetHints":{"allow":["GET"]}}],"collection":[{"href":"https:\/\/www.meydan.tv\/az\/wp-json\/wp\/v2\/posts"}],"about":[{"href":"https:\/\/www.meydan.tv\/az\/wp-json\/wp\/v2\/types\/post"}],"author":[{"embeddable":true,"href":"https:\/\/www.meydan.tv\/az\/wp-json\/wp\/v2\/users\/11"}],"replies":[{"embeddable":true,"href":"https:\/\/www.meydan.tv\/az\/wp-json\/wp\/v2\/comments?post=201557"}],"version-history":[{"count":0,"href":"https:\/\/www.meydan.tv\/az\/wp-json\/wp\/v2\/posts\/201557\/revisions"}],"wp:featuredmedia":[{"embeddable":true,"href":"https:\/\/www.meydan.tv\/az\/wp-json\/wp\/v2\/media\/144839"}],"wp:attachment":[{"href":"https:\/\/www.meydan.tv\/az\/wp-json\/wp\/v2\/media?parent=201557"}],"wp:term":[{"taxonomy":"category","embeddable":true,"href":"https:\/\/www.meydan.tv\/az\/wp-json\/wp\/v2\/categories?post=201557"},{"taxonomy":"post_tag","embeddable":true,"href":"https:\/\/www.meydan.tv\/az\/wp-json\/wp\/v2\/tags?post=201557"}],"curies":[{"name":"wp","href":"https:\/\/api.w.org\/{rel}","templated":true}]}}