{"id":201532,"date":"2020-07-20T13:08:54","date_gmt":"2020-07-20T13:08:54","guid":{"rendered":"https:\/\/www.meydan.tv\/article\/usaga-derman-almaga-pulum-olmadi-geri-qayitdiq\/"},"modified":"2020-07-20T13:08:54","modified_gmt":"2020-07-20T13:08:54","slug":"usaga-derman-almaga-pulum-olmadi-geri-qayitdiq","status":"publish","type":"post","link":"https:\/\/www.meydan.tv\/az\/article\/usaga-derman-almaga-pulum-olmadi-geri-qayitdiq\/","title":{"rendered":"\u201cU\u015fa\u011fa d\u0259rman alma\u011fa pulum olmad\u0131, geri qay\u0131td\u0131q&#8230;\u201d"},"content":{"rendered":"<p>\n  <i><br \/>\n    L\u0259nk\u0259ran sakini: \u201cHe\u00e7 bilmir\u0259m, sosial yard\u0131m\u0131n vaxt\u0131 bit\u0259nd\u0259 neyl\u0259y\u0259c\u0259yik\u201d<br \/>\n  <\/i>\n<\/p>\n<p>\n  Anar R\u0259fiyev 7 n\u0259f\u0259rlik ail\u0259si il\u0259 L\u0259nk\u0259ran\u0131n Gird\u0259ni k\u0259ndind\u0259 kiray\u0259d\u0259 ya\u015fay\u0131r. O, do\u011fma yerl\u0259rd\u0259 ev tikm\u0259y\u0259 \u00e7al\u0131\u015f\u0131b, amma i\u015fi ba\u015fa \u00e7atd\u0131rma\u011fa imkan\u0131 \u00e7atmay\u0131b.\n<\/p>\n<p>\n  <b><br \/>\n    \u201cHamam-tualet \u00fc\u00e7\u00fcn qon\u015fuya gedirik\u201d<br \/>\n  <\/b>\n<\/p>\n<p>\n  Anar R\u0259fiyev dan\u0131\u015f\u0131r ki, uzun ill\u0259rdir evsizdir. Xeyli m\u00fcdd\u0259t Bak\u0131da qal\u0131b, kiray\u0259d\u0259 ya\u015fay\u0131blar. Paytaxtda i\u015f tapsa da, \u00e7ox \u00e7\u0259tin dolan\u0131rlarm\u0131\u015f. Sonra \u015eamax\u0131ya h\u0259yat yolda\u015f\u0131n\u0131n valideynl\u0259rinin evin\u0259 \u00fcz tutub:\n<\/p>\n<p>\n  \u201cOrada da s\u0131x\u0131l\u0131rd\u0131m, utan\u0131rd\u0131m. Qay\u0131nanan\u0131n evind\u0259 n\u0259 q\u0259d\u0259r qalmaq olar?! Q\u0259rara g\u0259ldim ki, do\u011fuldu\u011fum k\u0259nd\u0259 qay\u0131d\u0131m. Kiray\u0259 qala-qala ev tikm\u0259k ist\u0259dim. \u0130ndi \u00f6hd\u0259sind\u0259n g\u0259l\u0259 bilmir\u0259m\u201d.\n<\/p>\n<p>\n  \u0130ndi ail\u0259 Gird\u0259nid\u0259ki k\u00f6hn\u0259 binalar\u0131n birind\u0259 kiray\u0259d\u0259 ya\u015fay\u0131r. Bina \u00e7ox yarars\u0131z v\u0259ziyy\u0259td\u0259dir.\n<\/p>\n<p>\n  \u201c\u00c7ox k\u00f6hn\u0259di. Yay abr\u0131n\u0131n \u00fcst\u00fcn\u00fc \u00f6rt\u00fcr. Havalar soyuyanda ya\u011fan ya\u011f\u0131\u015f evin i\u00e7ind\u0259 olur. Damdak\u0131 b\u00fct\u00fcn \u015fiferl\u0259r q\u0131r\u0131qd\u0131. Pay\u0131z g\u0259l\u0259n kimi suyun i\u00e7ind\u0259 olaca\u011f\u0131q\u201d, &#8211; Gird\u0259ni sakini dan\u0131\u015f\u0131r.\n<\/p>\n<p>\n  Ail\u0259nin ya\u015fad\u0131\u011f\u0131 otaqlar sanki he\u00e7 vaxt t\u0259mir g\u00f6rm\u0259yib. Tavandak\u0131 l\u0259k\u0259l\u0259r Anar R\u0259fiyevin evin dammas\u0131 il\u0259 ba\u011fl\u0131 dedikl\u0259rini t\u0259sdiql\u0259yir: \u201cEvi tikmi\u015fik, yar\u0131m\u00e7\u0131q qal\u0131b. Davam el\u0259tdirm\u0259y\u0259 imkan olmad\u0131. Buradak\u0131 v\u0259ziyy\u0259td\u0259n d\u0259 dan\u0131\u015fma\u011fa d\u0259ym\u0259z. Su yoxdu. H\u0259y\u0259td\u0259 quyu qaz\u0131l\u0131b, ordan vedr\u0259 il\u0259 da\u015f\u0131y\u0131r\u0131q. Hamam-tualet \u00fc\u00e7\u00fcn qon\u015fuya gedirik\u201d.\n<\/p>\n<figure class=\"wp-block-image size-large\">\n  <img decoding=\"async\" src=\"https:\/\/www.meydan.tv\/az\/image_from_ios-4-jpg-149\/\" alt=\"image_from_ios (4).jpg\" class=\"wp-image-144758\"\/><figcaption>\n    Ail\u0259nin ya\u015fad\u0131\u011f\u0131 otaqlar sanki he\u00e7 vaxt t\u0259mir g\u00f6rm\u0259yib<br \/>\n  <\/figcaption><\/figure>\n<p>\n  <b><br \/>\n    \u201cEvi tikm\u0259k \u00fc\u00e7\u00fcn faiz\u0259 pul g\u00f6t\u00fcrm\u00fc\u015fd\u00fcm\u201d<br \/>\n  <\/b>\n<\/p>\n<p>\n  Ail\u0259 Gird\u0259nid\u0259 tikm\u0259y\u0259 ba\u015flad\u0131\u011f\u0131 evi c\u0259mi 12 da\u015f qald\u0131ra bilib. Anar R\u0259fiyevin dediyin\u0259 g\u00f6r\u0259, ev tikm\u0259k \u00fc\u00e7\u00fcn faiz\u0259 pul g\u00f6t\u00fcr\u00fcbm\u00fc\u015f, indi ya\u015f\u0131lla\u015fd\u0131rma idar\u0259sind\u0259n ald\u0131\u011f\u0131 240 manat m\u0259vacibin ham\u0131s\u0131 borca gedir.\n<\/p>\n<p>\n  \u201cT\u0259kc\u0259 sosial yard\u0131m\u0131n \u00fcmidin\u0259 qalm\u0131\u015f\u0131q. Bu pulla h\u0259m kiray\u0259 haqq\u0131 \u00f6d\u0259yirik, h\u0259m kommunal x\u0259rcl\u0259r, h\u0259m d\u0259 ya\u015fama\u011fa \u00e7al\u0131\u015f\u0131r\u0131q. \u0130nan\u0131n, konkret dolanmaq m\u00fcmk\u00fcn deyil. He\u00e7 bilmir\u0259m, sosial yard\u0131m\u0131n vaxt\u0131 bit\u0259nd\u0259 neyl\u0259y\u0259c\u0259yik\u201d, &#8211; k\u0259nd sakini qay\u011f\u0131l\u0131 dan\u0131\u015f\u0131r.\n<\/p>\n<p>\n  Anar b\u0259yin h\u0259yat yolda\u015f\u0131 G\u00fclnar\u0259 R\u0259fiyeva bir m\u00fcdd\u0259t \u0259vv\u0259l sosial \u015f\u0259b\u0259k\u0259l\u0259rd\u0259 insanlardan k\u00f6m\u0259k ist\u0259m\u0259k q\u0259rar\u0131na g\u0259lib. Dediyin\u0259 g\u00f6r\u0259, indiy\u0259 q\u0259d\u0259r he\u00e7 kim reaksiya verm\u0259yib: \u201c\u0130nternetd\u0259 bax\u0131r\u0131q, bilirik ki, camaat\u0131n v\u0259ziyy\u0259ti yax\u015f\u0131 deyil. He\u00e7 kimi q\u0131namaq olmur\u201d.\n<\/p>\n<p>\n  Anar R\u0259fiyev iki d\u0259f\u0259 Birinci vitse-prezident Mehriban \u018fliyevaya m\u00fcraci\u0259t etdiyini bildirir. Daha \u00e7ox evin tikilm\u0259si \u00fc\u00e7\u00fcn yard\u0131m ist\u0259yib: \u201c\u0130cra Hakimiyy\u0259tin\u0259 y\u00f6n\u0259ldilmi\u015fdi. Ordan da dedil\u0259r ki, bizim h\u0259l\u0259 imkan\u0131m\u0131z yoxdu\u201d.\n<\/p>\n<figure class=\"wp-block-image size-large\">\n  <img decoding=\"async\" src=\"https:\/\/www.meydan.tv\/az\/image_from_ios-5-jpg-110\/\" alt=\"image_from_ios (5).jpg\" class=\"wp-image-144755\"\/><figcaption>\n    Ail\u0259 Gird\u0259nid\u0259 tikm\u0259y\u0259 ba\u015flad\u0131\u011f\u0131 evi c\u0259mi 12 da\u015f qald\u0131ra bilib<br \/>\n  <\/figcaption><\/figure>\n<p>\n  <b><br \/>\n    \u201cM\u0259n d\u0259, h\u0259yat yolda\u015f\u0131m da \u00e7ox ac qal\u0131r\u0131q\u201d<br \/>\n  <\/b>\n<\/p>\n<p>\n  R\u0259fiyevl\u0259r ail\u0259sind\u0259 be\u015f u\u015faq b\u00f6y\u00fcy\u00fcr. B\u00f6y\u00fcy\u00fcn\u00fcn 8, ki\u00e7iyinin 1 ya\u015f\u0131 var. Ana, ata h\u0259m d\u0259 u\u015faqlar\u0131 qidaland\u0131rmaq qay\u011f\u0131s\u0131 \u00e7\u0259kir.\n<\/p>\n<p>\n  \u201cEv\u0259 \u0259t alma\u011fa imkan\u0131m olmur. H\u0259rd\u0259n toyuq ala bilir\u0259m. \u0130ndi yayd\u0131, yumurta, pomidor al\u0131b, birt\u0259h\u0259r ke\u00e7inirik. M\u0259n d\u0259, h\u0259yat yolda\u015f\u0131m da \u00e7ox ac qal\u0131r\u0131q. Lap so\u011fan-\u00e7\u00f6r\u0259k d\u0259 yeyirik. Birc\u0259 d\u0259rd u\u015faqlar\u0131n ac qalmamas\u0131d\u0131r. Sa\u011f olsunlar, qon\u015fular da k\u00f6m\u0259k el\u0259yir. \u018fslind\u0259, ham\u0131 \u00e7\u0259tinlik i\u00e7ind\u0259di. Bizim v\u0259ziyy\u0259tin a\u011f\u0131rl\u0131\u011f\u0131n\u0131 g\u00f6r\u00fcb \u00f6z d\u0259rdl\u0259ri d\u0259 yaddan \u00e7\u0131x\u0131r\u201d, &#8211; Anar R\u0259fiyev deyir.\n<\/p>\n<p>\n  Anar R\u0259fiyev nec\u0259 \u0259ziyy\u0259t \u00e7\u0259km\u0259l\u0259rind\u0259n \u00e7ox dan\u0131\u015f\u0131r. Bir \u0259hvalata t\u0259sirl\u0259nm\u0259m\u0259k olmur: \u201c\u00dc\u00e7\u00fcnc\u00fc u\u015faq ba\u011f\u00e7a ya\u015f\u0131ndad\u0131. Amma x\u0259st\u0259di, tutmas\u0131 olur. Bir d\u0259f\u0259 q\u0131zd\u0131rmadan yan\u0131rd\u0131, Gird\u0259nid\u0259n L\u0259nk\u0259rana quca\u011f\u0131mda piyada apard\u0131m onu. L\u0259nk\u0259randa h\u0259kim resept yazd\u0131, aptek\u0259 girdim, d\u0259rmanlara pulum \u00e7atmad\u0131. U\u015fa\u011fa bir az hava d\u0259ydi, \u00f6z\u00fcn\u0259 g\u0259ldi. H\u0259min yolu piyada geri qay\u0131td\u0131q&#8230;\u201d\n<\/p>\n<figure class=\"wp-block-image size-large\">\n  <img decoding=\"async\" src=\"https:\/\/www.meydan.tv\/az\/image_from_ios-6-jpg-90\/\" alt=\"image_from_ios (6).jpg\" class=\"wp-image-144752\"\/><figcaption>\n    &#8220;Davam el\u0259tdirm\u0259y\u0259 imkan olmad\u0131&#8221;<br \/>\n  <\/figcaption><\/figure>\n","protected":false},"excerpt":{"rendered":"<p>&#8220;Hamam-tualet \u00fc\u00e7\u00fcn qon\u015fuya gedirik&#8221;<\/p>\n","protected":false},"author":11,"featured_media":144764,"comment_status":"closed","ping_status":"open","sticky":false,"template":"","format":"standard","meta":{"_acf_changed":false,"_sitemap_exclude":false,"_sitemap_priority":"","_sitemap_frequency":"","footnotes":""},"categories":[60],"tags":[],"class_list":["post-201532","post","type-post","status-publish","format-standard","has-post-thumbnail","hentry","category-bolge","infinite-scroll-item","generate-columns","tablet-grid-50","mobile-grid-100","grid-parent","grid-33","no-featured-image-padding"],"acf":[],"yoast_head":"<!-- This site is optimized with the Yoast SEO plugin v27.5 - https:\/\/yoast.com\/product\/yoast-seo-wordpress\/ -->\n<title>\u201cU\u015fa\u011fa d\u0259rman alma\u011fa pulum olmad\u0131, geri qay\u0131td\u0131q...\u201d - MEYDAN.TV<\/title>\n<meta name=\"robots\" content=\"index, follow, max-snippet:-1, max-image-preview:large, max-video-preview:-1\" \/>\n<link rel=\"canonical\" href=\"https:\/\/www.meydan.tv\/az\/article\/usaga-derman-almaga-pulum-olmadi-geri-qayitdiq\/\" \/>\n<meta property=\"og:locale\" content=\"az_AZ\" \/>\n<meta property=\"og:type\" content=\"article\" \/>\n<meta property=\"og:title\" content=\"\u201cU\u015fa\u011fa d\u0259rman alma\u011fa pulum olmad\u0131, geri qay\u0131td\u0131q...\u201d - MEYDAN.TV\" \/>\n<meta property=\"og:description\" content=\"&quot;Hamam-tualet \u00fc\u00e7\u00fcn qon\u015fuya gedirik&quot;\" \/>\n<meta property=\"og:url\" content=\"https:\/\/www.meydan.tv\/az\/article\/usaga-derman-almaga-pulum-olmadi-geri-qayitdiq\/\" \/>\n<meta property=\"og:site_name\" content=\"MEYDAN.TV\" \/>\n<meta property=\"article:published_time\" content=\"2020-07-20T13:08:54+00:00\" \/>\n<meta property=\"og:image\" content=\"https:\/\/www.meydan.tv\/wp-content\/uploads\/screenshot_2020-07-20_at_13.01.08.png\" \/>\n\t<meta property=\"og:image:width\" content=\"1468\" \/>\n\t<meta property=\"og:image:height\" content=\"714\" \/>\n\t<meta property=\"og:image:type\" content=\"image\/png\" \/>\n<meta name=\"author\" content=\"user-manager\" \/>\n<meta name=\"twitter:card\" content=\"summary_large_image\" \/>\n<script type=\"application\/ld+json\" class=\"yoast-schema-graph\">{\"@context\":\"https:\\\/\\\/schema.org\",\"@graph\":[{\"@type\":\"Article\",\"@id\":\"https:\\\/\\\/www.meydan.tv\\\/az\\\/article\\\/usaga-derman-almaga-pulum-olmadi-geri-qayitdiq\\\/#article\",\"isPartOf\":{\"@id\":\"https:\\\/\\\/www.meydan.tv\\\/az\\\/article\\\/usaga-derman-almaga-pulum-olmadi-geri-qayitdiq\\\/\"},\"author\":{\"name\":\"user-manager\",\"@id\":\"https:\\\/\\\/www.meydan.tv\\\/az\\\/#\\\/schema\\\/person\\\/10d11eccf6da3662cf5fdab9806ea91a\"},\"headline\":\"\u201cU\u015fa\u011fa d\u0259rman alma\u011fa pulum olmad\u0131, geri qay\u0131td\u0131q&#8230;\u201d\",\"datePublished\":\"2020-07-20T13:08:54+00:00\",\"mainEntityOfPage\":{\"@id\":\"https:\\\/\\\/www.meydan.tv\\\/az\\\/article\\\/usaga-derman-almaga-pulum-olmadi-geri-qayitdiq\\\/\"},\"wordCount\":805,\"publisher\":{\"@id\":\"https:\\\/\\\/www.meydan.tv\\\/az\\\/#organization\"},\"image\":{\"@id\":\"https:\\\/\\\/www.meydan.tv\\\/az\\\/article\\\/usaga-derman-almaga-pulum-olmadi-geri-qayitdiq\\\/#primaryimage\"},\"thumbnailUrl\":\"https:\\\/\\\/www.meydan.tv\\\/wp-content\\\/uploads\\\/screenshot_2020-07-20_at_13.01.08.png\",\"articleSection\":[\"B\u00f6lg\u0259\"],\"inLanguage\":\"az\"},{\"@type\":\"WebPage\",\"@id\":\"https:\\\/\\\/www.meydan.tv\\\/az\\\/article\\\/usaga-derman-almaga-pulum-olmadi-geri-qayitdiq\\\/\",\"url\":\"https:\\\/\\\/www.meydan.tv\\\/az\\\/article\\\/usaga-derman-almaga-pulum-olmadi-geri-qayitdiq\\\/\",\"name\":\"\u201cU\u015fa\u011fa d\u0259rman alma\u011fa pulum olmad\u0131, geri qay\u0131td\u0131q...\u201d - MEYDAN.TV\",\"isPartOf\":{\"@id\":\"https:\\\/\\\/www.meydan.tv\\\/az\\\/#website\"},\"primaryImageOfPage\":{\"@id\":\"https:\\\/\\\/www.meydan.tv\\\/az\\\/article\\\/usaga-derman-almaga-pulum-olmadi-geri-qayitdiq\\\/#primaryimage\"},\"image\":{\"@id\":\"https:\\\/\\\/www.meydan.tv\\\/az\\\/article\\\/usaga-derman-almaga-pulum-olmadi-geri-qayitdiq\\\/#primaryimage\"},\"thumbnailUrl\":\"https:\\\/\\\/www.meydan.tv\\\/wp-content\\\/uploads\\\/screenshot_2020-07-20_at_13.01.08.png\",\"datePublished\":\"2020-07-20T13:08:54+00:00\",\"breadcrumb\":{\"@id\":\"https:\\\/\\\/www.meydan.tv\\\/az\\\/article\\\/usaga-derman-almaga-pulum-olmadi-geri-qayitdiq\\\/#breadcrumb\"},\"inLanguage\":\"az\",\"potentialAction\":[{\"@type\":\"ReadAction\",\"target\":[\"https:\\\/\\\/www.meydan.tv\\\/az\\\/article\\\/usaga-derman-almaga-pulum-olmadi-geri-qayitdiq\\\/\"]}]},{\"@type\":\"ImageObject\",\"inLanguage\":\"az\",\"@id\":\"https:\\\/\\\/www.meydan.tv\\\/az\\\/article\\\/usaga-derman-almaga-pulum-olmadi-geri-qayitdiq\\\/#primaryimage\",\"url\":\"https:\\\/\\\/www.meydan.tv\\\/wp-content\\\/uploads\\\/screenshot_2020-07-20_at_13.01.08.png\",\"contentUrl\":\"https:\\\/\\\/www.meydan.tv\\\/wp-content\\\/uploads\\\/screenshot_2020-07-20_at_13.01.08.png\",\"width\":1468,\"height\":714,\"caption\":\"Source: Specify Source\"},{\"@type\":\"BreadcrumbList\",\"@id\":\"https:\\\/\\\/www.meydan.tv\\\/az\\\/article\\\/usaga-derman-almaga-pulum-olmadi-geri-qayitdiq\\\/#breadcrumb\",\"itemListElement\":[{\"@type\":\"ListItem\",\"position\":1,\"name\":\"Ana s\u0259hif\u0259\",\"item\":\"https:\\\/\\\/www.meydan.tv\\\/az\\\/\"},{\"@type\":\"ListItem\",\"position\":2,\"name\":\"B\u00f6lg\u0259\",\"item\":\"https:\\\/\\\/www.meydan.tv\\\/az\\\/section\\\/bolge\\\/\"},{\"@type\":\"ListItem\",\"position\":3,\"name\":\"\u201cU\u015fa\u011fa d\u0259rman alma\u011fa pulum olmad\u0131, geri qay\u0131td\u0131q&#8230;\u201d\"}]},{\"@type\":\"WebSite\",\"@id\":\"https:\\\/\\\/www.meydan.tv\\\/az\\\/#website\",\"url\":\"https:\\\/\\\/www.meydan.tv\\\/az\\\/\",\"name\":\"MEYDAN.TV\",\"description\":\"Meydan TV Az\u0259rbaycan\u0131n media m\u0259kan\u0131ndak\u0131 alternativ s\u0259sidir\",\"publisher\":{\"@id\":\"https:\\\/\\\/www.meydan.tv\\\/az\\\/#organization\"},\"potentialAction\":[{\"@type\":\"SearchAction\",\"target\":{\"@type\":\"EntryPoint\",\"urlTemplate\":\"https:\\\/\\\/www.meydan.tv\\\/az\\\/?s={search_term_string}\"},\"query-input\":{\"@type\":\"PropertyValueSpecification\",\"valueRequired\":true,\"valueName\":\"search_term_string\"}}],\"inLanguage\":\"az\"},{\"@type\":\"Organization\",\"@id\":\"https:\\\/\\\/www.meydan.tv\\\/az\\\/#organization\",\"name\":\"Meydan TV\",\"url\":\"https:\\\/\\\/www.meydan.tv\\\/az\\\/\",\"logo\":{\"@type\":\"ImageObject\",\"inLanguage\":\"az\",\"@id\":\"https:\\\/\\\/www.meydan.tv\\\/az\\\/#\\\/schema\\\/logo\\\/image\\\/\",\"url\":\"https:\\\/\\\/www.meydan.tv\\\/wp-content\\\/uploads\\\/2021\\\/07\\\/meydan-logo.svg\",\"contentUrl\":\"https:\\\/\\\/www.meydan.tv\\\/wp-content\\\/uploads\\\/2021\\\/07\\\/meydan-logo.svg\",\"width\":195,\"height\":46,\"caption\":\"Meydan TV\"},\"image\":{\"@id\":\"https:\\\/\\\/www.meydan.tv\\\/az\\\/#\\\/schema\\\/logo\\\/image\\\/\"}},{\"@type\":\"Person\",\"@id\":\"https:\\\/\\\/www.meydan.tv\\\/az\\\/#\\\/schema\\\/person\\\/10d11eccf6da3662cf5fdab9806ea91a\",\"name\":\"user-manager\"}]}<\/script>\n<!-- \/ Yoast SEO plugin. -->","yoast_head_json":{"title":"\u201cU\u015fa\u011fa d\u0259rman alma\u011fa pulum olmad\u0131, geri qay\u0131td\u0131q...\u201d - MEYDAN.TV","robots":{"index":"index","follow":"follow","max-snippet":"max-snippet:-1","max-image-preview":"max-image-preview:large","max-video-preview":"max-video-preview:-1"},"canonical":"https:\/\/www.meydan.tv\/az\/article\/usaga-derman-almaga-pulum-olmadi-geri-qayitdiq\/","og_locale":"az_AZ","og_type":"article","og_title":"\u201cU\u015fa\u011fa d\u0259rman alma\u011fa pulum olmad\u0131, geri qay\u0131td\u0131q...\u201d - MEYDAN.TV","og_description":"\"Hamam-tualet \u00fc\u00e7\u00fcn qon\u015fuya gedirik\"","og_url":"https:\/\/www.meydan.tv\/az\/article\/usaga-derman-almaga-pulum-olmadi-geri-qayitdiq\/","og_site_name":"MEYDAN.TV","article_published_time":"2020-07-20T13:08:54+00:00","og_image":[{"width":1468,"height":714,"url":"https:\/\/www.meydan.tv\/wp-content\/uploads\/screenshot_2020-07-20_at_13.01.08.png","type":"image\/png"}],"author":"user-manager","twitter_card":"summary_large_image","schema":{"@context":"https:\/\/schema.org","@graph":[{"@type":"Article","@id":"https:\/\/www.meydan.tv\/az\/article\/usaga-derman-almaga-pulum-olmadi-geri-qayitdiq\/#article","isPartOf":{"@id":"https:\/\/www.meydan.tv\/az\/article\/usaga-derman-almaga-pulum-olmadi-geri-qayitdiq\/"},"author":{"name":"user-manager","@id":"https:\/\/www.meydan.tv\/az\/#\/schema\/person\/10d11eccf6da3662cf5fdab9806ea91a"},"headline":"\u201cU\u015fa\u011fa d\u0259rman alma\u011fa pulum olmad\u0131, geri qay\u0131td\u0131q&#8230;\u201d","datePublished":"2020-07-20T13:08:54+00:00","mainEntityOfPage":{"@id":"https:\/\/www.meydan.tv\/az\/article\/usaga-derman-almaga-pulum-olmadi-geri-qayitdiq\/"},"wordCount":805,"publisher":{"@id":"https:\/\/www.meydan.tv\/az\/#organization"},"image":{"@id":"https:\/\/www.meydan.tv\/az\/article\/usaga-derman-almaga-pulum-olmadi-geri-qayitdiq\/#primaryimage"},"thumbnailUrl":"https:\/\/www.meydan.tv\/wp-content\/uploads\/screenshot_2020-07-20_at_13.01.08.png","articleSection":["B\u00f6lg\u0259"],"inLanguage":"az"},{"@type":"WebPage","@id":"https:\/\/www.meydan.tv\/az\/article\/usaga-derman-almaga-pulum-olmadi-geri-qayitdiq\/","url":"https:\/\/www.meydan.tv\/az\/article\/usaga-derman-almaga-pulum-olmadi-geri-qayitdiq\/","name":"\u201cU\u015fa\u011fa d\u0259rman alma\u011fa pulum olmad\u0131, geri qay\u0131td\u0131q...\u201d - MEYDAN.TV","isPartOf":{"@id":"https:\/\/www.meydan.tv\/az\/#website"},"primaryImageOfPage":{"@id":"https:\/\/www.meydan.tv\/az\/article\/usaga-derman-almaga-pulum-olmadi-geri-qayitdiq\/#primaryimage"},"image":{"@id":"https:\/\/www.meydan.tv\/az\/article\/usaga-derman-almaga-pulum-olmadi-geri-qayitdiq\/#primaryimage"},"thumbnailUrl":"https:\/\/www.meydan.tv\/wp-content\/uploads\/screenshot_2020-07-20_at_13.01.08.png","datePublished":"2020-07-20T13:08:54+00:00","breadcrumb":{"@id":"https:\/\/www.meydan.tv\/az\/article\/usaga-derman-almaga-pulum-olmadi-geri-qayitdiq\/#breadcrumb"},"inLanguage":"az","potentialAction":[{"@type":"ReadAction","target":["https:\/\/www.meydan.tv\/az\/article\/usaga-derman-almaga-pulum-olmadi-geri-qayitdiq\/"]}]},{"@type":"ImageObject","inLanguage":"az","@id":"https:\/\/www.meydan.tv\/az\/article\/usaga-derman-almaga-pulum-olmadi-geri-qayitdiq\/#primaryimage","url":"https:\/\/www.meydan.tv\/wp-content\/uploads\/screenshot_2020-07-20_at_13.01.08.png","contentUrl":"https:\/\/www.meydan.tv\/wp-content\/uploads\/screenshot_2020-07-20_at_13.01.08.png","width":1468,"height":714,"caption":"Source: Specify Source"},{"@type":"BreadcrumbList","@id":"https:\/\/www.meydan.tv\/az\/article\/usaga-derman-almaga-pulum-olmadi-geri-qayitdiq\/#breadcrumb","itemListElement":[{"@type":"ListItem","position":1,"name":"Ana s\u0259hif\u0259","item":"https:\/\/www.meydan.tv\/az\/"},{"@type":"ListItem","position":2,"name":"B\u00f6lg\u0259","item":"https:\/\/www.meydan.tv\/az\/section\/bolge\/"},{"@type":"ListItem","position":3,"name":"\u201cU\u015fa\u011fa d\u0259rman alma\u011fa pulum olmad\u0131, geri qay\u0131td\u0131q&#8230;\u201d"}]},{"@type":"WebSite","@id":"https:\/\/www.meydan.tv\/az\/#website","url":"https:\/\/www.meydan.tv\/az\/","name":"MEYDAN.TV","description":"Meydan TV Az\u0259rbaycan\u0131n media m\u0259kan\u0131ndak\u0131 alternativ s\u0259sidir","publisher":{"@id":"https:\/\/www.meydan.tv\/az\/#organization"},"potentialAction":[{"@type":"SearchAction","target":{"@type":"EntryPoint","urlTemplate":"https:\/\/www.meydan.tv\/az\/?s={search_term_string}"},"query-input":{"@type":"PropertyValueSpecification","valueRequired":true,"valueName":"search_term_string"}}],"inLanguage":"az"},{"@type":"Organization","@id":"https:\/\/www.meydan.tv\/az\/#organization","name":"Meydan TV","url":"https:\/\/www.meydan.tv\/az\/","logo":{"@type":"ImageObject","inLanguage":"az","@id":"https:\/\/www.meydan.tv\/az\/#\/schema\/logo\/image\/","url":"https:\/\/www.meydan.tv\/wp-content\/uploads\/2021\/07\/meydan-logo.svg","contentUrl":"https:\/\/www.meydan.tv\/wp-content\/uploads\/2021\/07\/meydan-logo.svg","width":195,"height":46,"caption":"Meydan TV"},"image":{"@id":"https:\/\/www.meydan.tv\/az\/#\/schema\/logo\/image\/"}},{"@type":"Person","@id":"https:\/\/www.meydan.tv\/az\/#\/schema\/person\/10d11eccf6da3662cf5fdab9806ea91a","name":"user-manager"}]}},"_links":{"self":[{"href":"https:\/\/www.meydan.tv\/az\/wp-json\/wp\/v2\/posts\/201532","targetHints":{"allow":["GET"]}}],"collection":[{"href":"https:\/\/www.meydan.tv\/az\/wp-json\/wp\/v2\/posts"}],"about":[{"href":"https:\/\/www.meydan.tv\/az\/wp-json\/wp\/v2\/types\/post"}],"author":[{"embeddable":true,"href":"https:\/\/www.meydan.tv\/az\/wp-json\/wp\/v2\/users\/11"}],"replies":[{"embeddable":true,"href":"https:\/\/www.meydan.tv\/az\/wp-json\/wp\/v2\/comments?post=201532"}],"version-history":[{"count":0,"href":"https:\/\/www.meydan.tv\/az\/wp-json\/wp\/v2\/posts\/201532\/revisions"}],"wp:featuredmedia":[{"embeddable":true,"href":"https:\/\/www.meydan.tv\/az\/wp-json\/wp\/v2\/media\/144764"}],"wp:attachment":[{"href":"https:\/\/www.meydan.tv\/az\/wp-json\/wp\/v2\/media?parent=201532"}],"wp:term":[{"taxonomy":"category","embeddable":true,"href":"https:\/\/www.meydan.tv\/az\/wp-json\/wp\/v2\/categories?post=201532"},{"taxonomy":"post_tag","embeddable":true,"href":"https:\/\/www.meydan.tv\/az\/wp-json\/wp\/v2\/tags?post=201532"}],"curies":[{"name":"wp","href":"https:\/\/api.w.org\/{rel}","templated":true}]}}