{"id":201528,"date":"2020-07-20T11:59:45","date_gmt":"2020-07-20T11:59:45","guid":{"rendered":"https:\/\/www.meydan.tv\/article\/mingecevir-sakini-polis-sobesinde-doyuldum-basima-silah-dayadilar\/"},"modified":"2020-07-20T11:59:45","modified_gmt":"2020-07-20T11:59:45","slug":"mingecevir-sakini-polis-sobesinde-doyuldum-basima-silah-dayadilar","status":"publish","type":"post","link":"https:\/\/www.meydan.tv\/az\/article\/mingecevir-sakini-polis-sobesinde-doyuldum-basima-silah-dayadilar\/","title":{"rendered":"Ming\u0259\u00e7evir sakini:  Polis \u015f\u00f6b\u0259sind\u0259 d\u00f6y\u00fcld\u00fcm, ba\u015f\u0131ma silah dayad\u0131lar"},"content":{"rendered":"<p>\n  <i><br \/>\n    \u201c&#8230;guya m\u0259n polisl\u0259rd\u0259n pul qopartmaq \u00fc\u00e7\u00fcn \u015fantaj m\u0259qs\u0259dil\u0259 bel\u0259 payla\u015f\u0131mlar etmi\u015f\u0259m\u201d<br \/>\n  <\/i>\n<\/p>\n<p>\n  \u201c\u015e\u0259hidl\u0259rimiz var, general\u0131m\u0131z \u00f6ld\u00fcr\u00fcl\u00fcb, m\u0259n d\u0259 haql\u0131 olaraq \u00f6z \u201cFacebook\u201d s\u0259hif\u0259md\u0259 fikrimi bildirmi\u015f\u0259m ki, \u00f6lk\u0259nin bir t\u0259r\u0259find\u0259 \u015f\u0259hid qan\u0131 ax\u0131r, o biri t\u0259r\u0259find\u0259 fahi\u015f\u0259xanalara kef\u0259 g\u0259lirl\u0259r. Buna g\u00f6r\u0259 m\u0259ni Ming\u0259\u00e7evir polisin\u0259 apar\u0131b d\u00f6yd\u00fcl\u0259r, telefonumu \u0259limd\u0259n ald\u0131lar\u201d.\n<\/p>\n<p>\n  Bunu Meydan TV-y\u0259 Ming\u0259\u00e7evir sakini, ikinci qrup \u0259lil Teymur H\u00fcmb\u0259tov deyir. Onun s\u00f6zl\u0259rin\u0259 g\u00f6r\u0259, iyulun 13-d\u0259 polis \u0259m\u0259kda\u015flar\u0131 onu Ming\u0259\u00e7evir \u015e\u0259h\u0259r Polis \u015e\u00f6b\u0259sin\u0259 apararaq doy\u00fcbl\u0259r.\n<\/p>\n<p>\n  <b><br \/>\n    \u201cYazm\u0131\u015fd\u0131m ki, \u201carxa yol\u201ddak\u0131 \u0259xlaqs\u0131zl\u0131q yuvas\u0131 virus yay\u0131r\u201d<br \/>\n  <\/b>\n<\/p>\n<p>\n  \u201cMing\u0259\u00e7evird\u0259 \u201carxa yol\u201d deyil\u0259n yerd\u0259 bir kafe f\u0259aliyy\u0259t g\u00f6st\u0259rir. Daha do\u011frusu, ad\u0131 kafedir, ancaq \u0259xlaqs\u0131zl\u0131q yuvas\u0131 kimi f\u0259aliyy\u0259t g\u00f6st\u0259rir, bunu da Ming\u0259\u00e7evird\u0259 bilm\u0259y\u0259n yoxdur. Ming\u0259\u00e7evird\u0259 b\u00fct\u00fcn kafel\u0259r karantin\u0259 g\u00f6r\u0259 ba\u011fl\u0131d\u0131r, ancaq n\u0259 hikm\u0259tdirs\u0259, bu \u0259xlaqs\u0131zl\u0131q yuvas\u0131 h\u0259mi\u015f\u0259ki qaydada i\u015fini davam etdirir. D\u0259f\u0259l\u0259rl\u0259 o kafey\u0259 gedib karantin vaxt\u0131 i\u015fl\u0259m\u0259l\u0259rin\u0259, virus yaymaqlar\u0131na etiraz\u0131m\u0131 bildirmi\u015f\u0259m. M\u0259n v\u0259t\u0259nda\u015f olaraq buna etiraz bildirs\u0259m d\u0259, Ming\u0259\u00e7evirin icra hakimiyy\u0259ti il\u0259 polisi h\u0259min kafey\u0259 d\u0259yib dola\u015fm\u0131r. \u201cFacebook\u201dda \u201cMing\u0259\u00e7evir Tenka\u201d adl\u0131 s\u0259hif\u0259md\u0259 bu bar\u0259d\u0259 yazm\u0131\u015fam, rayonun icra ba\u015f\u00e7\u0131s\u0131ndan, polisind\u0259n xahi\u015f etmi\u015f\u0259m ki, b\u00fct\u00fcn kafel\u0259rin karantin\u0259 g\u00f6r\u0259 ba\u011fl\u0131 oldu\u011fu bir vaxtda bu kafenin s\u0259rb\u0259st f\u0259aliyy\u0259t g\u00f6st\u0259rm\u0259si, h\u0259m d\u0259 \u0259xlaqs\u0131zl\u0131q yuvas\u0131 kimi \u00e7al\u0131\u015fmas\u0131 virus yay\u0131r, ba\u011flay\u0131n, adamlar virusa yoluxmas\u0131n\u201d.\n<\/p>\n<p>\n  <b><br \/>\n    \u201cDedil\u0259r, cibin\u0259 narkotik, evin\u0259 silah atar\u0131q\u201d<br \/>\n  <\/b>\n<\/p>\n<p>\n  Teymur H\u00fcmb\u0259tov deyir, bu bar\u0259d\u0259 sosial \u015f\u0259b\u0259k\u0259l\u0259rd\u0259 payla\u015f\u0131m etdikd\u0259n sonra Ming\u0259\u00e7evir \u015e\u0259h\u0259r Polis \u015e\u00f6b\u0259sinin i\u015f\u00e7il\u0259ri onun ya\u015fad\u0131\u011f\u0131 yataqxanaya g\u0259libl\u0259r:\n<\/p>\n<p>\n  \u201cQap\u0131n\u0131n qar\u015f\u0131s\u0131na xeyli polis y\u0131\u011f\u0131lm\u0131\u015fd\u0131, qap\u0131n\u0131 yumruqlay\u0131r, t\u0259pikl\u0259yir, s\u00f6y\u00fcrd\u00fcl\u0259r ki, n\u0259 dov\u015fan kimi girmis\u0259n ev\u0259, \u00e7\u0131x qar\u015f\u0131m\u0131za. M\u0259n d\u0259 qap\u0131n\u0131 a\u00e7m\u0131rd\u0131m, D\u0130N 102 Xidm\u0259tini y\u0131\u011fd\u0131m, Ba\u015f prokurorlu\u011fun qaynar x\u0259ttin\u0259 z\u0259ng vurdum, m\u0259lumat verdim. Deyirdim, gedin, r\u0259smi bildiri\u015f g\u00f6nd\u0259rin, g\u0259lim. Deyirdil\u0259r, n\u0259 bildiri\u015f, bu d\u0259qiq\u0259 qap\u0131n\u0131 s\u0131nd\u0131r\u0131b qollar\u0131n\u0131 burub aparaca\u011f\u0131q, bizi buna m\u0259cbur el\u0259m\u0259. R\u0259is m\u00fcavini z\u0259ng vurdu, t\u0259l\u0259b el\u0259di ki, dal\u0131nca adam g\u00f6nd\u0259rmi\u015fik, qap\u0131n\u0131 a\u00e7, dedim, bura m\u0259nim \u015f\u0259xsi evimdir, he\u00e7 kim evimin qap\u0131s\u0131n\u0131 s\u0131nd\u0131ra bilm\u0259z. Dedi, g\u0259l, s\u00fcbut el\u0259 ki, bar\u0259sind\u0259 yazd\u0131\u011f\u0131n kafe bu d\u0259qiq\u0259 i\u015fl\u0259yir. S\u00fcbut el\u0259s\u0259n, buraxaca\u011f\u0131q, s\u00fcbut el\u0259y\u0259 bilm\u0259s\u0259n, cavab ver\u0259c\u0259ks\u0259n. H\u0259min g\u00fcn \u00e7\u0131x\u0131b getdil\u0259r, ancaq sabah\u0131 g\u00fcn \u2013 y\u0259ni iyulun 13-d\u0259 g\u00fcnorta saat 3-d\u0259 evin yax\u0131nl\u0131\u011f\u0131ndak\u0131 \u00e7ay evind\u0259 tutdular. Polis r\u0259isi g\u0259lmi\u015fdi, yan\u0131nda da Daxili Qo\u015funlar\u0131n \u0259sg\u0259rl\u0259ri vard\u0131. M\u0259ni zorla polis \u015f\u00f6b\u0259sin\u0259 apard\u0131lar. El\u0259 bil qat\u0131 cinay\u0259tkar tutmu\u015fdular, x\u00fcsusi \u0259m\u0259liyyata g\u0259lmi\u015fdil\u0259r. Dedil\u0259r, r\u0259is s\u0259ni \u00e7a\u011f\u0131r\u0131r, ma\u015f\u0131na bas\u0131b apard\u0131lar. \u015e\u00f6b\u0259y\u0259 \u00e7atanda dedim, m\u0259ni yox, ilin-g\u00fcn\u00fcn bu karantin vaxt\u0131nda virus yayan \u0259xlaqs\u0131zl\u0131q yuvas\u0131n\u0131n sahibini, \u00fcst\u00fcnd\u0259ki \u201ckr\u0131\u015fas\u0131n\u0131\u201d tutub bura g\u0259tirm\u0259k laz\u0131m idi. Dedil\u0259r, burnunu h\u0259r yer\u0259 soxma, s\u0259hif\u0259nd\u0259 yazd\u0131qlar\u0131n\u0131 da sil. Ayaqyoluna ist\u0259dim, ayaqyoluna gir\u0259n kimi dostlara z\u0259ng vurub astaca polis \u015f\u00f6b\u0259sin\u0259 g\u0259tirildiyimi x\u0259b\u0259r etdim. Bundan x\u0259b\u0259r tutan polis i\u015f\u00e7il\u0259ri m\u0259ni o ki var \u00e7\u0131rpd\u0131lar, telefonu da \u0259limd\u0259n ald\u0131lar\u201d.\n<\/p>\n<figure class=\"wp-block-image size-large\">\n  <img decoding=\"async\" src=\"https:\/\/www.meydan.tv\/az\/image_from_ios-5-jpg-109\/\" alt=\"image_from_ios (5).jpg\" class=\"wp-image-144743\"\/><figcaption>\n    &#8220;\u201cFacebook\u201dda \u201cMing\u0259\u00e7evir Tenka\u201d adl\u0131 s\u0259hif\u0259md\u0259 bu bar\u0259d\u0259 yazm\u0131\u015fam&#8221;<br \/>\n  <\/figcaption><\/figure>\n<p>\n  <b><br \/>\n    \u201cBa\u015f\u0131ma silah dayad\u0131lar\u201d<br \/>\n  <\/b>\n<\/p>\n<p>\n  Teymur H\u00fcmb\u0259tovun s\u00f6zl\u0259rin\u0259 g\u00f6r\u0259, onu m\u0259cbur edibl\u0259r ki, vatsapda qarda\u015f\u0131na payla\u015f\u0131m\u0131 \u015fantaj m\u0259qs\u0259dil\u0259 etdiyini etiraf etsin:\n<\/p>\n<p>\n  \u201cBa\u015f\u0131ma silah dir\u0259dil\u0259r, d\u00f6y\u0259-d\u00f6y\u0259 m\u0259cbur el\u0259dil\u0259r ki, qarda\u015f\u0131ma s\u0259s g\u00f6nd\u0259rim, guya m\u0259n polisl\u0259rd\u0259n pul qopartmaq \u00fc\u00e7\u00fcn \u015fantaj m\u0259qs\u0259dil\u0259 bel\u0259 payla\u015f\u0131mlar etmi\u015f\u0259m. Sonra da telefonu \u00f6zl\u0259rind\u0259 saxlad\u0131lar ki, \u00f6z\u00fcn\u00fc yax\u015f\u0131 aparmasan, bu s\u0259sind\u0259n \u00f6z\u00fcn\u0259 qar\u015f\u0131 istifad\u0259 ed\u0259c\u0259yik. Gec\u0259 saat 12-d\u0259 m\u0259ni \u015f\u00f6b\u0259d\u0259n buraxd\u0131lar. H\u0259l\u0259 d\u0259 telefonum onlardad\u0131r.\n<\/p>\n<p>\n  Bu g\u00fcn\u0259 q\u0259d\u0259r d\u0259 telefonumu \u00f6z\u00fcm\u0259 qaytarmay\u0131blar. S\u0259b\u0259b d\u0259 odur ki, m\u0259ni d\u00f6y\u0259-d\u00f6y\u0259 dedil\u0259r, boynuna al, de ki, \u015f\u0259r\u0259fsiz\u0259m, al\u00e7a\u011fam. Sonra da bir ne\u00e7\u0259 adama vatsap vasit\u0259sil\u0259 s\u0259s g\u00f6nd\u0259rm\u0259y\u0259 m\u0259cbur etdil\u0259r. H\u0259min s\u0259sd\u0259 qarda\u015f\u0131ma dedim ki, neyl\u0259mi\u015f\u0259m, s\u0259hv el\u0259mi\u015f\u0259m. Bu s\u00f6z\u00fc m\u0259n\u0259 zorla dedirtdil\u0259r, sonra da telefonu \u0259limd\u0259n ald\u0131lar. Dedil\u0259r, indi get, telefonun \u0259limizd\u0259, s\u0259sin \u0259limizd\u0259, \u00f6z\u00fcn\u00fc yax\u015f\u0131 aparmasan, \u00f6z\u00fcn\u0259 qar\u015f\u0131 istifad\u0259 ed\u0259rik, evin\u0259 silah atar\u0131q, cibin\u0259 narkotik atar\u0131q, \u00fcz\u00fcn\u0259 adamlar qoyacar\u0131q, get, bir d\u0259 sosial \u015f\u0259b\u0259k\u0259l\u0259rd\u0259 a\u011fz\u0131na g\u0259l\u0259ni yazma, a\u011f\u0131ll\u0131 ol\u201d.\n<\/p>\n<p>\n  Ming\u0259\u00e7evir \u015e\u0259h\u0259r Polis \u015e\u00f6b\u0259sind\u0259n is\u0259 bildirilib ki, pandemiya il\u0259 \u0259laq\u0259dar \u00f6lk\u0259 \u0259razisind\u0259 elan olunmu\u015f karantin rejiminin t\u0259tbiqin\u0259 Ming\u0259\u00e7evird\u0259 d\u0259 n\u0259zar\u0259t g\u00fccl\u00fcd\u00fcr. Polis v\u0259zif\u0259sin\u0259 daxil olan sah\u0259l\u0259rd\u0259 g\u00fccl\u0259ndirilmi\u015f i\u015f rejimi il\u0259 \u00e7al\u0131\u015f\u0131r. \u0130a\u015f\u0259 obyektl\u0259ri ba\u011fl\u0131d\u0131r v\u0259 bel\u0259 bir vaxtda Teymur H\u00fcmb\u0259tov sosial \u015f\u0259b\u0259k\u0259l\u0259rd\u0259 \u015f\u0259r-b\u00f6htan xarakterli, q\u0259r\u0259zli m\u0259lumatlar yaymaqla polisin f\u0259aliyy\u0259tini \u015f\u00fcbh\u0259 alt\u0131na al\u0131r. Buna g\u00f6r\u0259 d\u0259 o, polis \u015f\u00f6b\u0259sin\u0259 d\u0259v\u0259t edilib, ondan bel\u0259 fakt varsa, polis\u0259 t\u0259qdim etm\u0259si ist\u0259nilib, ancaq fakt t\u0259qdim ed\u0259 bilm\u0259yib. X\u0259b\u0259rdarl\u0131q olunaraq s\u0259rb\u0259st burax\u0131l\u0131b. Polisd\u0259 d\u00f6y\u00fclm\u0259si, ba\u015f\u0131na silah dayanmas\u0131, h\u0259d\u0259l\u0259nm\u0259si v\u0259 dig\u0259r dedikl\u0259ri is\u0259 h\u0259qiq\u0259t\u0259 uy\u011fun deyil.\n<\/p>\n<p>\n  Teymur H\u00fcmb\u0259tov deyir, telefonu \u0259lind\u0259n al\u0131nandan sonra \u201cFacebook\u201d s\u0259hif\u0259si d\u0259 deaktiv edilib.\n<\/p>\n<figure class=\"wp-block-image size-large\">\n  <img decoding=\"async\" src=\"https:\/\/www.meydan.tv\/az\/image_from_ios-6-jpg-89\/\" alt=\"image_from_ios (6).jpg\" class=\"wp-image-144740\"\/><figcaption>\n    &#8220;Bu s\u00f6z\u00fc m\u0259n\u0259 zorla dedirtdil\u0259r, sonra da telefonu \u0259limd\u0259n ald\u0131lar&#8221;<br \/>\n  <\/figcaption><\/figure>\n","protected":false},"excerpt":{"rendered":"<p>&#8220;Bu s\u00f6z\u00fc m\u0259n\u0259 zorla dedirtdil\u0259r, sonra da telefonu \u0259limd\u0259n ald\u0131lar&#8221;<\/p>\n","protected":false},"author":11,"featured_media":144737,"comment_status":"closed","ping_status":"open","sticky":false,"template":"","format":"standard","meta":{"_acf_changed":false,"_sitemap_exclude":false,"_sitemap_priority":"","_sitemap_frequency":"","footnotes":""},"categories":[60],"tags":[],"class_list":["post-201528","post","type-post","status-publish","format-standard","has-post-thumbnail","hentry","category-bolge","infinite-scroll-item","generate-columns","tablet-grid-50","mobile-grid-100","grid-parent","grid-33","no-featured-image-padding"],"acf":[],"yoast_head":"<!-- This site is optimized with the Yoast SEO plugin v27.5 - https:\/\/yoast.com\/product\/yoast-seo-wordpress\/ -->\n<title>Ming\u0259\u00e7evir sakini: Polis \u015f\u00f6b\u0259sind\u0259 d\u00f6y\u00fcld\u00fcm, ba\u015f\u0131ma silah dayad\u0131lar - MEYDAN.TV<\/title>\n<meta name=\"robots\" content=\"index, follow, max-snippet:-1, max-image-preview:large, max-video-preview:-1\" \/>\n<link rel=\"canonical\" href=\"https:\/\/www.meydan.tv\/az\/article\/mingecevir-sakini-polis-sobesinde-doyuldum-basima-silah-dayadilar\/\" \/>\n<meta property=\"og:locale\" content=\"az_AZ\" \/>\n<meta property=\"og:type\" content=\"article\" \/>\n<meta property=\"og:title\" content=\"Ming\u0259\u00e7evir sakini: Polis \u015f\u00f6b\u0259sind\u0259 d\u00f6y\u00fcld\u00fcm, ba\u015f\u0131ma silah dayad\u0131lar - MEYDAN.TV\" \/>\n<meta property=\"og:description\" content=\"&quot;Bu s\u00f6z\u00fc m\u0259n\u0259 zorla dedirtdil\u0259r, sonra da telefonu \u0259limd\u0259n ald\u0131lar&quot;\" \/>\n<meta property=\"og:url\" content=\"https:\/\/www.meydan.tv\/az\/article\/mingecevir-sakini-polis-sobesinde-doyuldum-basima-silah-dayadilar\/\" \/>\n<meta property=\"og:site_name\" content=\"MEYDAN.TV\" \/>\n<meta property=\"article:published_time\" content=\"2020-07-20T11:59:45+00:00\" \/>\n<meta property=\"og:image\" content=\"https:\/\/www.meydan.tv\/wp-content\/uploads\/image_from_ios_4_mix4roa.jpg\" \/>\n\t<meta property=\"og:image:width\" content=\"1280\" \/>\n\t<meta property=\"og:image:height\" content=\"720\" \/>\n\t<meta property=\"og:image:type\" content=\"image\/jpeg\" \/>\n<meta name=\"author\" content=\"user-manager\" \/>\n<meta name=\"twitter:card\" content=\"summary_large_image\" \/>\n<script type=\"application\/ld+json\" class=\"yoast-schema-graph\">{\"@context\":\"https:\\\/\\\/schema.org\",\"@graph\":[{\"@type\":\"Article\",\"@id\":\"https:\\\/\\\/www.meydan.tv\\\/az\\\/article\\\/mingecevir-sakini-polis-sobesinde-doyuldum-basima-silah-dayadilar\\\/#article\",\"isPartOf\":{\"@id\":\"https:\\\/\\\/www.meydan.tv\\\/az\\\/article\\\/mingecevir-sakini-polis-sobesinde-doyuldum-basima-silah-dayadilar\\\/\"},\"author\":{\"name\":\"user-manager\",\"@id\":\"https:\\\/\\\/www.meydan.tv\\\/az\\\/#\\\/schema\\\/person\\\/10d11eccf6da3662cf5fdab9806ea91a\"},\"headline\":\"Ming\u0259\u00e7evir sakini: Polis \u015f\u00f6b\u0259sind\u0259 d\u00f6y\u00fcld\u00fcm, ba\u015f\u0131ma silah dayad\u0131lar\",\"datePublished\":\"2020-07-20T11:59:45+00:00\",\"mainEntityOfPage\":{\"@id\":\"https:\\\/\\\/www.meydan.tv\\\/az\\\/article\\\/mingecevir-sakini-polis-sobesinde-doyuldum-basima-silah-dayadilar\\\/\"},\"wordCount\":1181,\"publisher\":{\"@id\":\"https:\\\/\\\/www.meydan.tv\\\/az\\\/#organization\"},\"image\":{\"@id\":\"https:\\\/\\\/www.meydan.tv\\\/az\\\/article\\\/mingecevir-sakini-polis-sobesinde-doyuldum-basima-silah-dayadilar\\\/#primaryimage\"},\"thumbnailUrl\":\"https:\\\/\\\/www.meydan.tv\\\/wp-content\\\/uploads\\\/image_from_ios_4_mix4roa.jpg\",\"articleSection\":[\"B\u00f6lg\u0259\"],\"inLanguage\":\"az\"},{\"@type\":\"WebPage\",\"@id\":\"https:\\\/\\\/www.meydan.tv\\\/az\\\/article\\\/mingecevir-sakini-polis-sobesinde-doyuldum-basima-silah-dayadilar\\\/\",\"url\":\"https:\\\/\\\/www.meydan.tv\\\/az\\\/article\\\/mingecevir-sakini-polis-sobesinde-doyuldum-basima-silah-dayadilar\\\/\",\"name\":\"Ming\u0259\u00e7evir sakini: Polis \u015f\u00f6b\u0259sind\u0259 d\u00f6y\u00fcld\u00fcm, ba\u015f\u0131ma silah dayad\u0131lar - MEYDAN.TV\",\"isPartOf\":{\"@id\":\"https:\\\/\\\/www.meydan.tv\\\/az\\\/#website\"},\"primaryImageOfPage\":{\"@id\":\"https:\\\/\\\/www.meydan.tv\\\/az\\\/article\\\/mingecevir-sakini-polis-sobesinde-doyuldum-basima-silah-dayadilar\\\/#primaryimage\"},\"image\":{\"@id\":\"https:\\\/\\\/www.meydan.tv\\\/az\\\/article\\\/mingecevir-sakini-polis-sobesinde-doyuldum-basima-silah-dayadilar\\\/#primaryimage\"},\"thumbnailUrl\":\"https:\\\/\\\/www.meydan.tv\\\/wp-content\\\/uploads\\\/image_from_ios_4_mix4roa.jpg\",\"datePublished\":\"2020-07-20T11:59:45+00:00\",\"breadcrumb\":{\"@id\":\"https:\\\/\\\/www.meydan.tv\\\/az\\\/article\\\/mingecevir-sakini-polis-sobesinde-doyuldum-basima-silah-dayadilar\\\/#breadcrumb\"},\"inLanguage\":\"az\",\"potentialAction\":[{\"@type\":\"ReadAction\",\"target\":[\"https:\\\/\\\/www.meydan.tv\\\/az\\\/article\\\/mingecevir-sakini-polis-sobesinde-doyuldum-basima-silah-dayadilar\\\/\"]}]},{\"@type\":\"ImageObject\",\"inLanguage\":\"az\",\"@id\":\"https:\\\/\\\/www.meydan.tv\\\/az\\\/article\\\/mingecevir-sakini-polis-sobesinde-doyuldum-basima-silah-dayadilar\\\/#primaryimage\",\"url\":\"https:\\\/\\\/www.meydan.tv\\\/wp-content\\\/uploads\\\/image_from_ios_4_mix4roa.jpg\",\"contentUrl\":\"https:\\\/\\\/www.meydan.tv\\\/wp-content\\\/uploads\\\/image_from_ios_4_mix4roa.jpg\",\"width\":1280,\"height\":720,\"caption\":\"Source: Specify Source\"},{\"@type\":\"BreadcrumbList\",\"@id\":\"https:\\\/\\\/www.meydan.tv\\\/az\\\/article\\\/mingecevir-sakini-polis-sobesinde-doyuldum-basima-silah-dayadilar\\\/#breadcrumb\",\"itemListElement\":[{\"@type\":\"ListItem\",\"position\":1,\"name\":\"Ana s\u0259hif\u0259\",\"item\":\"https:\\\/\\\/www.meydan.tv\\\/az\\\/\"},{\"@type\":\"ListItem\",\"position\":2,\"name\":\"B\u00f6lg\u0259\",\"item\":\"https:\\\/\\\/www.meydan.tv\\\/az\\\/section\\\/bolge\\\/\"},{\"@type\":\"ListItem\",\"position\":3,\"name\":\"Ming\u0259\u00e7evir sakini: Polis \u015f\u00f6b\u0259sind\u0259 d\u00f6y\u00fcld\u00fcm, ba\u015f\u0131ma silah dayad\u0131lar\"}]},{\"@type\":\"WebSite\",\"@id\":\"https:\\\/\\\/www.meydan.tv\\\/az\\\/#website\",\"url\":\"https:\\\/\\\/www.meydan.tv\\\/az\\\/\",\"name\":\"MEYDAN.TV\",\"description\":\"Meydan TV Az\u0259rbaycan\u0131n media m\u0259kan\u0131ndak\u0131 alternativ s\u0259sidir\",\"publisher\":{\"@id\":\"https:\\\/\\\/www.meydan.tv\\\/az\\\/#organization\"},\"potentialAction\":[{\"@type\":\"SearchAction\",\"target\":{\"@type\":\"EntryPoint\",\"urlTemplate\":\"https:\\\/\\\/www.meydan.tv\\\/az\\\/?s={search_term_string}\"},\"query-input\":{\"@type\":\"PropertyValueSpecification\",\"valueRequired\":true,\"valueName\":\"search_term_string\"}}],\"inLanguage\":\"az\"},{\"@type\":\"Organization\",\"@id\":\"https:\\\/\\\/www.meydan.tv\\\/az\\\/#organization\",\"name\":\"Meydan TV\",\"url\":\"https:\\\/\\\/www.meydan.tv\\\/az\\\/\",\"logo\":{\"@type\":\"ImageObject\",\"inLanguage\":\"az\",\"@id\":\"https:\\\/\\\/www.meydan.tv\\\/az\\\/#\\\/schema\\\/logo\\\/image\\\/\",\"url\":\"https:\\\/\\\/www.meydan.tv\\\/wp-content\\\/uploads\\\/2021\\\/07\\\/meydan-logo.svg\",\"contentUrl\":\"https:\\\/\\\/www.meydan.tv\\\/wp-content\\\/uploads\\\/2021\\\/07\\\/meydan-logo.svg\",\"width\":195,\"height\":46,\"caption\":\"Meydan TV\"},\"image\":{\"@id\":\"https:\\\/\\\/www.meydan.tv\\\/az\\\/#\\\/schema\\\/logo\\\/image\\\/\"}},{\"@type\":\"Person\",\"@id\":\"https:\\\/\\\/www.meydan.tv\\\/az\\\/#\\\/schema\\\/person\\\/10d11eccf6da3662cf5fdab9806ea91a\",\"name\":\"user-manager\"}]}<\/script>\n<!-- \/ Yoast SEO plugin. -->","yoast_head_json":{"title":"Ming\u0259\u00e7evir sakini: Polis \u015f\u00f6b\u0259sind\u0259 d\u00f6y\u00fcld\u00fcm, ba\u015f\u0131ma silah dayad\u0131lar - MEYDAN.TV","robots":{"index":"index","follow":"follow","max-snippet":"max-snippet:-1","max-image-preview":"max-image-preview:large","max-video-preview":"max-video-preview:-1"},"canonical":"https:\/\/www.meydan.tv\/az\/article\/mingecevir-sakini-polis-sobesinde-doyuldum-basima-silah-dayadilar\/","og_locale":"az_AZ","og_type":"article","og_title":"Ming\u0259\u00e7evir sakini: Polis \u015f\u00f6b\u0259sind\u0259 d\u00f6y\u00fcld\u00fcm, ba\u015f\u0131ma silah dayad\u0131lar - MEYDAN.TV","og_description":"\"Bu s\u00f6z\u00fc m\u0259n\u0259 zorla dedirtdil\u0259r, sonra da telefonu \u0259limd\u0259n ald\u0131lar\"","og_url":"https:\/\/www.meydan.tv\/az\/article\/mingecevir-sakini-polis-sobesinde-doyuldum-basima-silah-dayadilar\/","og_site_name":"MEYDAN.TV","article_published_time":"2020-07-20T11:59:45+00:00","og_image":[{"width":1280,"height":720,"url":"https:\/\/www.meydan.tv\/wp-content\/uploads\/image_from_ios_4_mix4roa.jpg","type":"image\/jpeg"}],"author":"user-manager","twitter_card":"summary_large_image","schema":{"@context":"https:\/\/schema.org","@graph":[{"@type":"Article","@id":"https:\/\/www.meydan.tv\/az\/article\/mingecevir-sakini-polis-sobesinde-doyuldum-basima-silah-dayadilar\/#article","isPartOf":{"@id":"https:\/\/www.meydan.tv\/az\/article\/mingecevir-sakini-polis-sobesinde-doyuldum-basima-silah-dayadilar\/"},"author":{"name":"user-manager","@id":"https:\/\/www.meydan.tv\/az\/#\/schema\/person\/10d11eccf6da3662cf5fdab9806ea91a"},"headline":"Ming\u0259\u00e7evir sakini: Polis \u015f\u00f6b\u0259sind\u0259 d\u00f6y\u00fcld\u00fcm, ba\u015f\u0131ma silah dayad\u0131lar","datePublished":"2020-07-20T11:59:45+00:00","mainEntityOfPage":{"@id":"https:\/\/www.meydan.tv\/az\/article\/mingecevir-sakini-polis-sobesinde-doyuldum-basima-silah-dayadilar\/"},"wordCount":1181,"publisher":{"@id":"https:\/\/www.meydan.tv\/az\/#organization"},"image":{"@id":"https:\/\/www.meydan.tv\/az\/article\/mingecevir-sakini-polis-sobesinde-doyuldum-basima-silah-dayadilar\/#primaryimage"},"thumbnailUrl":"https:\/\/www.meydan.tv\/wp-content\/uploads\/image_from_ios_4_mix4roa.jpg","articleSection":["B\u00f6lg\u0259"],"inLanguage":"az"},{"@type":"WebPage","@id":"https:\/\/www.meydan.tv\/az\/article\/mingecevir-sakini-polis-sobesinde-doyuldum-basima-silah-dayadilar\/","url":"https:\/\/www.meydan.tv\/az\/article\/mingecevir-sakini-polis-sobesinde-doyuldum-basima-silah-dayadilar\/","name":"Ming\u0259\u00e7evir sakini: Polis \u015f\u00f6b\u0259sind\u0259 d\u00f6y\u00fcld\u00fcm, ba\u015f\u0131ma silah dayad\u0131lar - MEYDAN.TV","isPartOf":{"@id":"https:\/\/www.meydan.tv\/az\/#website"},"primaryImageOfPage":{"@id":"https:\/\/www.meydan.tv\/az\/article\/mingecevir-sakini-polis-sobesinde-doyuldum-basima-silah-dayadilar\/#primaryimage"},"image":{"@id":"https:\/\/www.meydan.tv\/az\/article\/mingecevir-sakini-polis-sobesinde-doyuldum-basima-silah-dayadilar\/#primaryimage"},"thumbnailUrl":"https:\/\/www.meydan.tv\/wp-content\/uploads\/image_from_ios_4_mix4roa.jpg","datePublished":"2020-07-20T11:59:45+00:00","breadcrumb":{"@id":"https:\/\/www.meydan.tv\/az\/article\/mingecevir-sakini-polis-sobesinde-doyuldum-basima-silah-dayadilar\/#breadcrumb"},"inLanguage":"az","potentialAction":[{"@type":"ReadAction","target":["https:\/\/www.meydan.tv\/az\/article\/mingecevir-sakini-polis-sobesinde-doyuldum-basima-silah-dayadilar\/"]}]},{"@type":"ImageObject","inLanguage":"az","@id":"https:\/\/www.meydan.tv\/az\/article\/mingecevir-sakini-polis-sobesinde-doyuldum-basima-silah-dayadilar\/#primaryimage","url":"https:\/\/www.meydan.tv\/wp-content\/uploads\/image_from_ios_4_mix4roa.jpg","contentUrl":"https:\/\/www.meydan.tv\/wp-content\/uploads\/image_from_ios_4_mix4roa.jpg","width":1280,"height":720,"caption":"Source: Specify Source"},{"@type":"BreadcrumbList","@id":"https:\/\/www.meydan.tv\/az\/article\/mingecevir-sakini-polis-sobesinde-doyuldum-basima-silah-dayadilar\/#breadcrumb","itemListElement":[{"@type":"ListItem","position":1,"name":"Ana s\u0259hif\u0259","item":"https:\/\/www.meydan.tv\/az\/"},{"@type":"ListItem","position":2,"name":"B\u00f6lg\u0259","item":"https:\/\/www.meydan.tv\/az\/section\/bolge\/"},{"@type":"ListItem","position":3,"name":"Ming\u0259\u00e7evir sakini: Polis \u015f\u00f6b\u0259sind\u0259 d\u00f6y\u00fcld\u00fcm, ba\u015f\u0131ma silah dayad\u0131lar"}]},{"@type":"WebSite","@id":"https:\/\/www.meydan.tv\/az\/#website","url":"https:\/\/www.meydan.tv\/az\/","name":"MEYDAN.TV","description":"Meydan TV Az\u0259rbaycan\u0131n media m\u0259kan\u0131ndak\u0131 alternativ s\u0259sidir","publisher":{"@id":"https:\/\/www.meydan.tv\/az\/#organization"},"potentialAction":[{"@type":"SearchAction","target":{"@type":"EntryPoint","urlTemplate":"https:\/\/www.meydan.tv\/az\/?s={search_term_string}"},"query-input":{"@type":"PropertyValueSpecification","valueRequired":true,"valueName":"search_term_string"}}],"inLanguage":"az"},{"@type":"Organization","@id":"https:\/\/www.meydan.tv\/az\/#organization","name":"Meydan TV","url":"https:\/\/www.meydan.tv\/az\/","logo":{"@type":"ImageObject","inLanguage":"az","@id":"https:\/\/www.meydan.tv\/az\/#\/schema\/logo\/image\/","url":"https:\/\/www.meydan.tv\/wp-content\/uploads\/2021\/07\/meydan-logo.svg","contentUrl":"https:\/\/www.meydan.tv\/wp-content\/uploads\/2021\/07\/meydan-logo.svg","width":195,"height":46,"caption":"Meydan TV"},"image":{"@id":"https:\/\/www.meydan.tv\/az\/#\/schema\/logo\/image\/"}},{"@type":"Person","@id":"https:\/\/www.meydan.tv\/az\/#\/schema\/person\/10d11eccf6da3662cf5fdab9806ea91a","name":"user-manager"}]}},"_links":{"self":[{"href":"https:\/\/www.meydan.tv\/az\/wp-json\/wp\/v2\/posts\/201528","targetHints":{"allow":["GET"]}}],"collection":[{"href":"https:\/\/www.meydan.tv\/az\/wp-json\/wp\/v2\/posts"}],"about":[{"href":"https:\/\/www.meydan.tv\/az\/wp-json\/wp\/v2\/types\/post"}],"author":[{"embeddable":true,"href":"https:\/\/www.meydan.tv\/az\/wp-json\/wp\/v2\/users\/11"}],"replies":[{"embeddable":true,"href":"https:\/\/www.meydan.tv\/az\/wp-json\/wp\/v2\/comments?post=201528"}],"version-history":[{"count":0,"href":"https:\/\/www.meydan.tv\/az\/wp-json\/wp\/v2\/posts\/201528\/revisions"}],"wp:featuredmedia":[{"embeddable":true,"href":"https:\/\/www.meydan.tv\/az\/wp-json\/wp\/v2\/media\/144737"}],"wp:attachment":[{"href":"https:\/\/www.meydan.tv\/az\/wp-json\/wp\/v2\/media?parent=201528"}],"wp:term":[{"taxonomy":"category","embeddable":true,"href":"https:\/\/www.meydan.tv\/az\/wp-json\/wp\/v2\/categories?post=201528"},{"taxonomy":"post_tag","embeddable":true,"href":"https:\/\/www.meydan.tv\/az\/wp-json\/wp\/v2\/tags?post=201528"}],"curies":[{"name":"wp","href":"https:\/\/api.w.org\/{rel}","templated":true}]}}